{"id":11304,"date":"2023-08-30T09:54:33","date_gmt":"2023-08-30T12:54:33","guid":{"rendered":"https:\/\/www.fsfx.com.br\/hospital-marcio-cunha\/?p=11304"},"modified":"2023-08-30T09:58:24","modified_gmt":"2023-08-30T12:58:24","slug":"paciente-da-oncologia-pediatrica-recebe-visita-de-policiais-militares-e-realiza-sonho","status":"publish","type":"post","link":"https:\/\/www.fsfx.com.br\/hospital-marcio-cunha\/paciente-da-oncologia-pediatrica-recebe-visita-de-policiais-militares-e-realiza-sonho\/","title":{"rendered":"Paciente da Oncologia Pedi\u00e1trica recebe visita de policiais militares e realiza sonho"},"content":{"rendered":"<p style=\"text-align: center\"><em>Militares do 14\u00ba Batalh\u00e3o promoveram na \u00faltima semana, o Ch\u00e1 da Ol\u00edvia. O encontro proporcionou a paciente um passeio de viatura com direito ao uso da farda.<\/em><\/p>\n<p>Um momento dedicado \u00e0 realiza\u00e7\u00e3o do sonho da pequena Ol\u00edvia Godoy S\u00e1, de 5 anos, marcou a rotina de trabalho de um grupo de militares do 14\u00ba Batalh\u00e3o da Pol\u00edcia Militar, na \u00faltima semana, em Ipatinga. Ol\u00edvia \u00e9 paciente da oncologia pedi\u00e1trica do Hospital M\u00e1rcio Cunha \u2013 HMC, (Ipatinga\/MG), e desde quando chegou ao Submarino M\u00e1gico (como \u00e9 chamada a ala da oncologia pedi\u00e1trica) para tratamento, em outubro de 2022, a pequena logo expressou para a equipe o desejo de ser policial.<\/p>\n<p>Comovidos com o sonho da paciente, os profissionais da Oncologia Pedi\u00e1trica, empenhados em promover um momento de acolhimento e humaniza\u00e7\u00e3o, intermediaram o encontro, que abriu as portas para o grande sonho da Ol\u00edvia tornar-se realidade.<\/p>\n<div id='gallery-1' class='gallery galleryid-11304 gallery-columns-4 gallery-size-medium'><figure class='gallery-item'>\n\t\t\t<div class='gallery-icon portrait'>\n\t\t\t\t<a href='https:\/\/www.fsfx.com.br\/hospital-marcio-cunha\/paciente-da-oncologia-pediatrica-recebe-visita-de-policiais-militares-e-realiza-sonho\/cha-da-olivia-1\/'><img fetchpriority=\"high\" decoding=\"async\" width=\"225\" height=\"300\" src=\"https:\/\/www.fsfx.com.br\/hospital-marcio-cunha\/wp-content\/uploads\/sites\/9\/2023\/08\/Cha-da-Olivia-1-225x300.jpeg\" class=\"attachment-medium size-medium\" alt=\"\" srcset=\"https:\/\/www.fsfx.com.br\/hospital-marcio-cunha\/wp-content\/uploads\/sites\/9\/2023\/08\/Cha-da-Olivia-1-225x300.jpeg 225w, https:\/\/www.fsfx.com.br\/hospital-marcio-cunha\/wp-content\/uploads\/sites\/9\/2023\/08\/Cha-da-Olivia-1.jpeg 768w\" sizes=\"(max-width: 225px) 100vw, 225px\" \/><\/a>\n\t\t\t<\/div><\/figure><figure class='gallery-item'>\n\t\t\t<div class='gallery-icon portrait'>\n\t\t\t\t<a href='https:\/\/www.fsfx.com.br\/hospital-marcio-cunha\/paciente-da-oncologia-pediatrica-recebe-visita-de-policiais-militares-e-realiza-sonho\/cha-da-olivia-2\/'><img decoding=\"async\" width=\"225\" height=\"300\" src=\"https:\/\/www.fsfx.com.br\/hospital-marcio-cunha\/wp-content\/uploads\/sites\/9\/2023\/08\/Cha-da-Olivia-2-225x300.jpeg\" class=\"attachment-medium size-medium\" alt=\"\" srcset=\"https:\/\/www.fsfx.com.br\/hospital-marcio-cunha\/wp-content\/uploads\/sites\/9\/2023\/08\/Cha-da-Olivia-2-225x300.jpeg 225w, https:\/\/www.fsfx.com.br\/hospital-marcio-cunha\/wp-content\/uploads\/sites\/9\/2023\/08\/Cha-da-Olivia-2.jpeg 768w\" sizes=\"(max-width: 225px) 100vw, 225px\" \/><\/a>\n\t\t\t<\/div><\/figure><figure class='gallery-item'>\n\t\t\t<div class='gallery-icon portrait'>\n\t\t\t\t<a href='https:\/\/www.fsfx.com.br\/hospital-marcio-cunha\/paciente-da-oncologia-pediatrica-recebe-visita-de-policiais-militares-e-realiza-sonho\/cha-da-olivia-3\/'><img decoding=\"async\" width=\"225\" height=\"300\" src=\"https:\/\/www.fsfx.com.br\/hospital-marcio-cunha\/wp-content\/uploads\/sites\/9\/2023\/08\/Cha-da-Olivia-3-225x300.jpeg\" class=\"attachment-medium size-medium\" alt=\"\" srcset=\"https:\/\/www.fsfx.com.br\/hospital-marcio-cunha\/wp-content\/uploads\/sites\/9\/2023\/08\/Cha-da-Olivia-3-225x300.jpeg 225w, https:\/\/www.fsfx.com.br\/hospital-marcio-cunha\/wp-content\/uploads\/sites\/9\/2023\/08\/Cha-da-Olivia-3.jpeg 768w\" sizes=\"(max-width: 225px) 100vw, 225px\" \/><\/a>\n\t\t\t<\/div><\/figure><figure class='gallery-item'>\n\t\t\t<div class='gallery-icon portrait'>\n\t\t\t\t<a href='https:\/\/www.fsfx.com.br\/hospital-marcio-cunha\/paciente-da-oncologia-pediatrica-recebe-visita-de-policiais-militares-e-realiza-sonho\/cha-da-olivia-4\/'><img loading=\"lazy\" decoding=\"async\" width=\"225\" height=\"300\" src=\"https:\/\/www.fsfx.com.br\/hospital-marcio-cunha\/wp-content\/uploads\/sites\/9\/2023\/08\/Cha-da-Olivia-4-225x300.jpeg\" class=\"attachment-medium size-medium\" alt=\"\" srcset=\"https:\/\/www.fsfx.com.br\/hospital-marcio-cunha\/wp-content\/uploads\/sites\/9\/2023\/08\/Cha-da-Olivia-4-225x300.jpeg 225w, https:\/\/www.fsfx.com.br\/hospital-marcio-cunha\/wp-content\/uploads\/sites\/9\/2023\/08\/Cha-da-Olivia-4.jpeg 768w\" sizes=\"(max-width: 225px) 100vw, 225px\" \/><\/a>\n\t\t\t<\/div><\/figure>\n\t\t<\/div>\n\n<p>&nbsp;<\/p>\n<p>Na \u00faltima semana, policiais do 14\u00ba Batalh\u00e3o da Pol\u00edcia Militar promoveram o \u201cCh\u00e1 da Ol\u00edvia\u201d, uma manh\u00e3 especial que contou com a participa\u00e7\u00e3o da irm\u00e3, Helena e das insepar\u00e1veis bonecas. Para os militares, o encontro marcou a convoca\u00e7\u00e3o de uma \u201csoldadinha\u201d muito especial.<\/p>\n<p>\u201cA miss\u00e3o da pol\u00edcia militar \u00e9 servir e proteger. Quando percebemos esse reconhecimento, principalmente por parte das crian\u00e7as, temos o sentimento de que o nosso trabalho alcan\u00e7ou o verdadeiro objetivo. As crian\u00e7as s\u00e3o muito transparentes e quando a Ol\u00edvia nos viu, os olhinhos dela brilharam. Nos sentimos aben\u00e7oados por Deus por podermos desfrutar de um amor inocente\u201d, celebra a Tenente da Pol\u00edcia Militar, Cleidiane Maria de Paula Garcia.<\/p>\n<p>O momento contou ainda com um passeio da paciente na viatura da PM, que teve oportunidade, ainda, de vestir a farda usada pelos militares. Para Daniela S\u00e1, m\u00e3e de Ol\u00edvia, os momentos vividos pela filha durante os seis meses de tratamento na unidade e o encontro com os policiais, tornam mais leves, os momentos desafiadores vividos durante o processo.<\/p>\n<p>\u201cFoi uma manh\u00e3 deliciosa, regada a muito carinho, que emocionou toda a nossa fam\u00edlia. Os militares pensaram em cada detalhe e v\u00edamos amor em cada pedacinho. A Olivia sonha em ser policial para prender os vil\u00f5es, sem saber que o maior vil\u00e3o ela derrotou no Submarino M\u00e1gico, junto a equipe maravilhosa que nos acolheu. Temos muita gratid\u00e3o a Deus pela cura, pelos anjos que ele colocou em nosso caminho\u201d, agradece Daniela.<\/p>\n<p><strong>Hospital M\u00e1rcio Cunha<\/strong><\/p>\n<p>Hospital geral com 58 anos de atua\u00e7\u00e3o, o HMC \u00e9 refer\u00eancia para mais de 840 mil habitantes de 35 munic\u00edpios da regi\u00e3o leste de Minas Gerais. O Hospital M\u00e1rcio Cunha (HMC) constitui-se de tr\u00eas unidades de atendimento, sendo uma delas exclusiva para tratamento oncol\u00f3gico. \u00c9 credenciado para atendimentos de alta complexidade e presta\u00e7\u00e3o de servi\u00e7os nas \u00e1reas de ambulat\u00f3rio, pronto-socorro, medicina diagn\u00f3stica, ensino e pesquisa, terapia intensiva adulta, pedi\u00e1trica e neonatal, urg\u00eancia e emerg\u00eancia, terapia renal substitutiva, alta complexidade cardiovascular, oncologia adulto e infantil, entre outros. O hospital atende a 70% SUS, sendo o 5\u00ba em n\u00fameros de interna\u00e7\u00f5es pelo SUS em Minas.<\/p>\n<p>A evolu\u00e7\u00e3o continuada dos seus processos e a incorpora\u00e7\u00e3o tecnol\u00f3gica s\u00e3o partes indissoci\u00e1veis do HMC, que se tornou a primeira entidade hospitalar do Brasil a obter o certificado de Acredita\u00e7\u00e3o com Excel\u00eancia, concedido pela Institui\u00e7\u00e3o Nacional de Acredita\u00e7\u00e3o (ONA). A partir de 2015, passou a integrar o seleto grupo de hospitais a possuir a certifica\u00e7\u00e3o internacional da Det Norske Veritas International Accreditation Standard (DIAS\/NIAHO), patamar alcan\u00e7ado por apenas seis institui\u00e7\u00f5es brasileiras. Em 2019, tornou-se o primeiro Hospital do Brasil a conquistar o Pr\u00eamio HIMSS Elsevier Digital Healthcare Awards, dedicado a validar a excel\u00eancia no uso de informa\u00e7\u00f5es e tecnologia para melhorar a qualidade da sa\u00fade, o cuidado e a seguran\u00e7a do paciente. Em 2021 a unidade conquistou essa recertifica\u00e7\u00e3o. E est\u00e1 classificado pela revista norte-americana Newsweek entre as melhores unidades hospitalares do Brasil.<\/p>\n","protected":false},"excerpt":{"rendered":"<p>Militares do 14\u00ba Batalh\u00e3o promoveram na \u00faltima semana, o Ch\u00e1 da Ol\u00edvia. O encontro proporcionou a paciente um passeio de viatura com direito ao uso da farda. Um momento dedicado \u00e0 realiza\u00e7\u00e3o do sonho da pequena Ol\u00edvia Godoy S\u00e1, de 5 anos, marcou a rotina de trabalho de um grupo de militares do 14\u00ba Batalh\u00e3o [&hellip;]<\/p>\n","protected":false},"author":6,"featured_media":11313,"comment_status":"open","ping_status":"open","sticky":false,"template":"","format":"standard","meta":{"_acf_changed":false,"site-sidebar-layout":"default","site-content-layout":"","ast-site-content-layout":"default","site-content-style":"default","site-sidebar-style":"default","ast-global-header-display":"","ast-banner-title-visibility":"","ast-main-header-display":"","ast-hfb-above-header-display":"","ast-hfb-below-header-display":"","ast-hfb-mobile-header-display":"","site-post-title":"","ast-breadcrumbs-content":"","ast-featured-img":"","footer-sml-layout":"","theme-transparent-header-meta":"","adv-header-id-meta":"","stick-header-meta":"","header-above-stick-meta":"","header-main-stick-meta":"","header-below-stick-meta":"","astra-migrate-meta-layouts":"default","ast-page-background-enabled":"default","ast-page-background-meta":{"desktop":{"background-color":"var(--ast-global-color-4)","background-image":"","background-repeat":"repeat","background-position":"center center","background-size":"auto","background-attachment":"scroll","background-type":"","background-media":"","overlay-type":"","overlay-color":"","overlay-opacity":"","overlay-gradient":""},"tablet":{"background-color":"","background-image":"","background-repeat":"repeat","background-position":"center center","background-size":"auto","background-attachment":"scroll","background-type":"","background-media":"","overlay-type":"","overlay-color":"","overlay-opacity":"","overlay-gradient":""},"mobile":{"background-color":"","background-image":"","background-repeat":"repeat","background-position":"center center","background-size":"auto","background-attachment":"scroll","background-type":"","background-media":"","overlay-type":"","overlay-color":"","overlay-opacity":"","overlay-gradient":""}},"ast-content-background-meta":{"desktop":{"background-color":"var(--ast-global-color-5)","background-image":"","background-repeat":"repeat","background-position":"center center","background-size":"auto","background-attachment":"scroll","background-type":"","background-media":"","overlay-type":"","overlay-color":"","overlay-opacity":"","overlay-gradient":""},"tablet":{"background-color":"var(--ast-global-color-5)","background-image":"","background-repeat":"repeat","background-position":"center center","background-size":"auto","background-attachment":"scroll","background-type":"","background-media":"","overlay-type":"","overlay-color":"","overlay-opacity":"","overlay-gradient":""},"mobile":{"background-color":"var(--ast-global-color-5)","background-image":"","background-repeat":"repeat","background-position":"center center","background-size":"auto","background-attachment":"scroll","background-type":"","background-media":"","overlay-type":"","overlay-color":"","overlay-opacity":"","overlay-gradient":""}},"footnotes":""},"categories":[23],"tags":[],"class_list":["post-11304","post","type-post","status-publish","format-standard","has-post-thumbnail","hentry","category-noticias"],"acf":[],"yoast_head":"<!-- This site is optimized with the Yoast SEO plugin v26.9 - https:\/\/yoast.com\/product\/yoast-seo-wordpress\/ -->\n<title>Paciente da Oncologia Pedi\u00e1trica recebe visita de policiais militares e realiza sonho - Hospital M\u00e1rcio Cunha<\/title>\n<meta name=\"robots\" content=\"index, follow, max-snippet:-1, max-image-preview:large, max-video-preview:-1\" \/>\n<link rel=\"canonical\" href=\"https:\/\/www.fsfx.com.br\/hospital-marcio-cunha\/paciente-da-oncologia-pediatrica-recebe-visita-de-policiais-militares-e-realiza-sonho\/\" \/>\n<meta property=\"og:locale\" content=\"pt_BR\" \/>\n<meta property=\"og:type\" content=\"article\" \/>\n<meta property=\"og:title\" content=\"Paciente da Oncologia Pedi\u00e1trica recebe visita de policiais militares e realiza sonho - Hospital M\u00e1rcio Cunha\" \/>\n<meta property=\"og:description\" content=\"Militares do 14\u00ba Batalh\u00e3o promoveram na \u00faltima semana, o Ch\u00e1 da Ol\u00edvia. O encontro proporcionou a paciente um passeio de viatura com direito ao uso da farda. Um momento dedicado \u00e0 realiza\u00e7\u00e3o do sonho da pequena Ol\u00edvia Godoy S\u00e1, de 5 anos, marcou a rotina de trabalho de um grupo de militares do 14\u00ba Batalh\u00e3o [&hellip;]\" \/>\n<meta property=\"og:url\" content=\"https:\/\/www.fsfx.com.br\/hospital-marcio-cunha\/paciente-da-oncologia-pediatrica-recebe-visita-de-policiais-militares-e-realiza-sonho\/\" \/>\n<meta property=\"og:site_name\" content=\"Hospital M\u00e1rcio Cunha\" \/>\n<meta property=\"article:published_time\" content=\"2023-08-30T12:54:33+00:00\" \/>\n<meta property=\"article:modified_time\" content=\"2023-08-30T12:58:24+00:00\" \/>\n<meta property=\"og:image\" content=\"https:\/\/www.fsfx.com.br\/hospital-marcio-cunha\/wp-content\/uploads\/sites\/9\/2023\/08\/Cha-da-Olivia-destaque.jpg\" \/>\n\t<meta property=\"og:image:width\" content=\"768\" \/>\n\t<meta property=\"og:image:height\" content=\"576\" \/>\n\t<meta property=\"og:image:type\" content=\"image\/jpeg\" \/>\n<meta name=\"author\" content=\"C\u00e1ssio Santana\" \/>\n<meta name=\"twitter:card\" content=\"summary_large_image\" \/>\n<meta name=\"twitter:label1\" content=\"Escrito por\" \/>\n\t<meta name=\"twitter:data1\" content=\"C\u00e1ssio Santana\" \/>\n\t<meta name=\"twitter:label2\" content=\"Est. tempo de leitura\" \/>\n\t<meta name=\"twitter:data2\" content=\"4 minutos\" \/>\n<script type=\"application\/ld+json\" class=\"yoast-schema-graph\">{\"@context\":\"https:\/\/schema.org\",\"@graph\":[{\"@type\":\"Article\",\"@id\":\"https:\/\/www.fsfx.com.br\/hospital-marcio-cunha\/paciente-da-oncologia-pediatrica-recebe-visita-de-policiais-militares-e-realiza-sonho\/#article\",\"isPartOf\":{\"@id\":\"https:\/\/www.fsfx.com.br\/hospital-marcio-cunha\/paciente-da-oncologia-pediatrica-recebe-visita-de-policiais-militares-e-realiza-sonho\/\"},\"author\":{\"name\":\"C\u00e1ssio Santana\",\"@id\":\"https:\/\/www.fsfx.com.br\/hospital-marcio-cunha\/#\/schema\/person\/6bf2cced2b7a5d5d78f5610fc8f52504\"},\"headline\":\"Paciente da Oncologia Pedi\u00e1trica recebe visita de policiais militares e realiza sonho\",\"datePublished\":\"2023-08-30T12:54:33+00:00\",\"dateModified\":\"2023-08-30T12:58:24+00:00\",\"mainEntityOfPage\":{\"@id\":\"https:\/\/www.fsfx.com.br\/hospital-marcio-cunha\/paciente-da-oncologia-pediatrica-recebe-visita-de-policiais-militares-e-realiza-sonho\/\"},\"wordCount\":697,\"commentCount\":0,\"publisher\":{\"@id\":\"https:\/\/www.fsfx.com.br\/hospital-marcio-cunha\/#organization\"},\"image\":{\"@id\":\"https:\/\/www.fsfx.com.br\/hospital-marcio-cunha\/paciente-da-oncologia-pediatrica-recebe-visita-de-policiais-militares-e-realiza-sonho\/#primaryimage\"},\"thumbnailUrl\":\"https:\/\/www.fsfx.com.br\/hospital-marcio-cunha\/wp-content\/uploads\/sites\/9\/2023\/08\/Cha-da-Olivia-destaque.jpg\",\"articleSection\":[\"Not\u00edcias\"],\"inLanguage\":\"pt-BR\",\"potentialAction\":[{\"@type\":\"CommentAction\",\"name\":\"Comment\",\"target\":[\"https:\/\/www.fsfx.com.br\/hospital-marcio-cunha\/paciente-da-oncologia-pediatrica-recebe-visita-de-policiais-militares-e-realiza-sonho\/#respond\"]}]},{\"@type\":\"WebPage\",\"@id\":\"https:\/\/www.fsfx.com.br\/hospital-marcio-cunha\/paciente-da-oncologia-pediatrica-recebe-visita-de-policiais-militares-e-realiza-sonho\/\",\"url\":\"https:\/\/www.fsfx.com.br\/hospital-marcio-cunha\/paciente-da-oncologia-pediatrica-recebe-visita-de-policiais-militares-e-realiza-sonho\/\",\"name\":\"Paciente da Oncologia Pedi\u00e1trica recebe visita de policiais militares e realiza sonho - Hospital M\u00e1rcio Cunha\",\"isPartOf\":{\"@id\":\"https:\/\/www.fsfx.com.br\/hospital-marcio-cunha\/#website\"},\"primaryImageOfPage\":{\"@id\":\"https:\/\/www.fsfx.com.br\/hospital-marcio-cunha\/paciente-da-oncologia-pediatrica-recebe-visita-de-policiais-militares-e-realiza-sonho\/#primaryimage\"},\"image\":{\"@id\":\"https:\/\/www.fsfx.com.br\/hospital-marcio-cunha\/paciente-da-oncologia-pediatrica-recebe-visita-de-policiais-militares-e-realiza-sonho\/#primaryimage\"},\"thumbnailUrl\":\"https:\/\/www.fsfx.com.br\/hospital-marcio-cunha\/wp-content\/uploads\/sites\/9\/2023\/08\/Cha-da-Olivia-destaque.jpg\",\"datePublished\":\"2023-08-30T12:54:33+00:00\",\"dateModified\":\"2023-08-30T12:58:24+00:00\",\"breadcrumb\":{\"@id\":\"https:\/\/www.fsfx.com.br\/hospital-marcio-cunha\/paciente-da-oncologia-pediatrica-recebe-visita-de-policiais-militares-e-realiza-sonho\/#breadcrumb\"},\"inLanguage\":\"pt-BR\",\"potentialAction\":[{\"@type\":\"ReadAction\",\"target\":[\"https:\/\/www.fsfx.com.br\/hospital-marcio-cunha\/paciente-da-oncologia-pediatrica-recebe-visita-de-policiais-militares-e-realiza-sonho\/\"]}]},{\"@type\":\"ImageObject\",\"inLanguage\":\"pt-BR\",\"@id\":\"https:\/\/www.fsfx.com.br\/hospital-marcio-cunha\/paciente-da-oncologia-pediatrica-recebe-visita-de-policiais-militares-e-realiza-sonho\/#primaryimage\",\"url\":\"https:\/\/www.fsfx.com.br\/hospital-marcio-cunha\/wp-content\/uploads\/sites\/9\/2023\/08\/Cha-da-Olivia-destaque.jpg\",\"contentUrl\":\"https:\/\/www.fsfx.com.br\/hospital-marcio-cunha\/wp-content\/uploads\/sites\/9\/2023\/08\/Cha-da-Olivia-destaque.jpg\",\"width\":768,\"height\":576},{\"@type\":\"BreadcrumbList\",\"@id\":\"https:\/\/www.fsfx.com.br\/hospital-marcio-cunha\/paciente-da-oncologia-pediatrica-recebe-visita-de-policiais-militares-e-realiza-sonho\/#breadcrumb\",\"itemListElement\":[{\"@type\":\"ListItem\",\"position\":1,\"name\":\"In\u00edcio\",\"item\":\"https:\/\/www.fsfx.com.br\/hospital-marcio-cunha\/\"},{\"@type\":\"ListItem\",\"position\":2,\"name\":\"Paciente da Oncologia Pedi\u00e1trica recebe visita de policiais militares e realiza sonho\"}]},{\"@type\":\"WebSite\",\"@id\":\"https:\/\/www.fsfx.com.br\/hospital-marcio-cunha\/#website\",\"url\":\"https:\/\/www.fsfx.com.br\/hospital-marcio-cunha\/\",\"name\":\"Hospital M\u00e1rcio Cunha\",\"description\":\"O Hospital M\u00e1rcio Cunha (HMC) \u00e9 um hospital geral de alta complexidade, com 558 leitos e tr\u00eas unidades, sendo uma unidade exclusiva para o tratamento oncol\u00f3gico.\",\"publisher\":{\"@id\":\"https:\/\/www.fsfx.com.br\/hospital-marcio-cunha\/#organization\"},\"potentialAction\":[{\"@type\":\"SearchAction\",\"target\":{\"@type\":\"EntryPoint\",\"urlTemplate\":\"https:\/\/www.fsfx.com.br\/hospital-marcio-cunha\/?s={search_term_string}\"},\"query-input\":{\"@type\":\"PropertyValueSpecification\",\"valueRequired\":true,\"valueName\":\"search_term_string\"}}],\"inLanguage\":\"pt-BR\"},{\"@type\":\"Organization\",\"@id\":\"https:\/\/www.fsfx.com.br\/hospital-marcio-cunha\/#organization\",\"name\":\"HMC - Hospital M\u00e1rcio Cunha\",\"url\":\"https:\/\/www.fsfx.com.br\/hospital-marcio-cunha\/\",\"logo\":{\"@type\":\"ImageObject\",\"inLanguage\":\"pt-BR\",\"@id\":\"https:\/\/www.fsfx.com.br\/hospital-marcio-cunha\/#\/schema\/logo\/image\/\",\"url\":\"https:\/\/www.fsfx.com.br\/hospital-marcio-cunha\/wp-content\/uploads\/sites\/9\/2022\/04\/logo-hmc-color.png\",\"contentUrl\":\"https:\/\/www.fsfx.com.br\/hospital-marcio-cunha\/wp-content\/uploads\/sites\/9\/2022\/04\/logo-hmc-color.png\",\"width\":264,\"height\":59,\"caption\":\"HMC - Hospital M\u00e1rcio Cunha\"},\"image\":{\"@id\":\"https:\/\/www.fsfx.com.br\/hospital-marcio-cunha\/#\/schema\/logo\/image\/\"}},{\"@type\":\"Person\",\"@id\":\"https:\/\/www.fsfx.com.br\/hospital-marcio-cunha\/#\/schema\/person\/6bf2cced2b7a5d5d78f5610fc8f52504\",\"name\":\"C\u00e1ssio Santana\",\"image\":{\"@type\":\"ImageObject\",\"inLanguage\":\"pt-BR\",\"@id\":\"https:\/\/www.fsfx.com.br\/hospital-marcio-cunha\/#\/schema\/person\/image\/\",\"url\":\"https:\/\/secure.gravatar.com\/avatar\/ef79739de3edd2f5c2e7c4930b0808c62af99fc5520eaadc7899948f8bc6d2e1?s=96&d=mm&r=g\",\"contentUrl\":\"https:\/\/secure.gravatar.com\/avatar\/ef79739de3edd2f5c2e7c4930b0808c62af99fc5520eaadc7899948f8bc6d2e1?s=96&d=mm&r=g\",\"caption\":\"C\u00e1ssio Santana\"},\"url\":\"https:\/\/www.fsfx.com.br\/hospital-marcio-cunha\/author\/cassio\/\"}]}<\/script>\n<!-- \/ Yoast SEO plugin. -->","yoast_head_json":{"title":"Paciente da Oncologia Pedi\u00e1trica recebe visita de policiais militares e realiza sonho - Hospital M\u00e1rcio Cunha","robots":{"index":"index","follow":"follow","max-snippet":"max-snippet:-1","max-image-preview":"max-image-preview:large","max-video-preview":"max-video-preview:-1"},"canonical":"https:\/\/www.fsfx.com.br\/hospital-marcio-cunha\/paciente-da-oncologia-pediatrica-recebe-visita-de-policiais-militares-e-realiza-sonho\/","og_locale":"pt_BR","og_type":"article","og_title":"Paciente da Oncologia Pedi\u00e1trica recebe visita de policiais militares e realiza sonho - Hospital M\u00e1rcio Cunha","og_description":"Militares do 14\u00ba Batalh\u00e3o promoveram na \u00faltima semana, o Ch\u00e1 da Ol\u00edvia. O encontro proporcionou a paciente um passeio de viatura com direito ao uso da farda. Um momento dedicado \u00e0 realiza\u00e7\u00e3o do sonho da pequena Ol\u00edvia Godoy S\u00e1, de 5 anos, marcou a rotina de trabalho de um grupo de militares do 14\u00ba Batalh\u00e3o [&hellip;]","og_url":"https:\/\/www.fsfx.com.br\/hospital-marcio-cunha\/paciente-da-oncologia-pediatrica-recebe-visita-de-policiais-militares-e-realiza-sonho\/","og_site_name":"Hospital M\u00e1rcio Cunha","article_published_time":"2023-08-30T12:54:33+00:00","article_modified_time":"2023-08-30T12:58:24+00:00","og_image":[{"width":768,"height":576,"url":"https:\/\/www.fsfx.com.br\/hospital-marcio-cunha\/wp-content\/uploads\/sites\/9\/2023\/08\/Cha-da-Olivia-destaque.jpg","type":"image\/jpeg"}],"author":"C\u00e1ssio Santana","twitter_card":"summary_large_image","twitter_misc":{"Escrito por":"C\u00e1ssio Santana","Est. tempo de leitura":"4 minutos"},"schema":{"@context":"https:\/\/schema.org","@graph":[{"@type":"Article","@id":"https:\/\/www.fsfx.com.br\/hospital-marcio-cunha\/paciente-da-oncologia-pediatrica-recebe-visita-de-policiais-militares-e-realiza-sonho\/#article","isPartOf":{"@id":"https:\/\/www.fsfx.com.br\/hospital-marcio-cunha\/paciente-da-oncologia-pediatrica-recebe-visita-de-policiais-militares-e-realiza-sonho\/"},"author":{"name":"C\u00e1ssio Santana","@id":"https:\/\/www.fsfx.com.br\/hospital-marcio-cunha\/#\/schema\/person\/6bf2cced2b7a5d5d78f5610fc8f52504"},"headline":"Paciente da Oncologia Pedi\u00e1trica recebe visita de policiais militares e realiza sonho","datePublished":"2023-08-30T12:54:33+00:00","dateModified":"2023-08-30T12:58:24+00:00","mainEntityOfPage":{"@id":"https:\/\/www.fsfx.com.br\/hospital-marcio-cunha\/paciente-da-oncologia-pediatrica-recebe-visita-de-policiais-militares-e-realiza-sonho\/"},"wordCount":697,"commentCount":0,"publisher":{"@id":"https:\/\/www.fsfx.com.br\/hospital-marcio-cunha\/#organization"},"image":{"@id":"https:\/\/www.fsfx.com.br\/hospital-marcio-cunha\/paciente-da-oncologia-pediatrica-recebe-visita-de-policiais-militares-e-realiza-sonho\/#primaryimage"},"thumbnailUrl":"https:\/\/www.fsfx.com.br\/hospital-marcio-cunha\/wp-content\/uploads\/sites\/9\/2023\/08\/Cha-da-Olivia-destaque.jpg","articleSection":["Not\u00edcias"],"inLanguage":"pt-BR","potentialAction":[{"@type":"CommentAction","name":"Comment","target":["https:\/\/www.fsfx.com.br\/hospital-marcio-cunha\/paciente-da-oncologia-pediatrica-recebe-visita-de-policiais-militares-e-realiza-sonho\/#respond"]}]},{"@type":"WebPage","@id":"https:\/\/www.fsfx.com.br\/hospital-marcio-cunha\/paciente-da-oncologia-pediatrica-recebe-visita-de-policiais-militares-e-realiza-sonho\/","url":"https:\/\/www.fsfx.com.br\/hospital-marcio-cunha\/paciente-da-oncologia-pediatrica-recebe-visita-de-policiais-militares-e-realiza-sonho\/","name":"Paciente da Oncologia Pedi\u00e1trica recebe visita de policiais militares e realiza sonho - Hospital M\u00e1rcio Cunha","isPartOf":{"@id":"https:\/\/www.fsfx.com.br\/hospital-marcio-cunha\/#website"},"primaryImageOfPage":{"@id":"https:\/\/www.fsfx.com.br\/hospital-marcio-cunha\/paciente-da-oncologia-pediatrica-recebe-visita-de-policiais-militares-e-realiza-sonho\/#primaryimage"},"image":{"@id":"https:\/\/www.fsfx.com.br\/hospital-marcio-cunha\/paciente-da-oncologia-pediatrica-recebe-visita-de-policiais-militares-e-realiza-sonho\/#primaryimage"},"thumbnailUrl":"https:\/\/www.fsfx.com.br\/hospital-marcio-cunha\/wp-content\/uploads\/sites\/9\/2023\/08\/Cha-da-Olivia-destaque.jpg","datePublished":"2023-08-30T12:54:33+00:00","dateModified":"2023-08-30T12:58:24+00:00","breadcrumb":{"@id":"https:\/\/www.fsfx.com.br\/hospital-marcio-cunha\/paciente-da-oncologia-pediatrica-recebe-visita-de-policiais-militares-e-realiza-sonho\/#breadcrumb"},"inLanguage":"pt-BR","potentialAction":[{"@type":"ReadAction","target":["https:\/\/www.fsfx.com.br\/hospital-marcio-cunha\/paciente-da-oncologia-pediatrica-recebe-visita-de-policiais-militares-e-realiza-sonho\/"]}]},{"@type":"ImageObject","inLanguage":"pt-BR","@id":"https:\/\/www.fsfx.com.br\/hospital-marcio-cunha\/paciente-da-oncologia-pediatrica-recebe-visita-de-policiais-militares-e-realiza-sonho\/#primaryimage","url":"https:\/\/www.fsfx.com.br\/hospital-marcio-cunha\/wp-content\/uploads\/sites\/9\/2023\/08\/Cha-da-Olivia-destaque.jpg","contentUrl":"https:\/\/www.fsfx.com.br\/hospital-marcio-cunha\/wp-content\/uploads\/sites\/9\/2023\/08\/Cha-da-Olivia-destaque.jpg","width":768,"height":576},{"@type":"BreadcrumbList","@id":"https:\/\/www.fsfx.com.br\/hospital-marcio-cunha\/paciente-da-oncologia-pediatrica-recebe-visita-de-policiais-militares-e-realiza-sonho\/#breadcrumb","itemListElement":[{"@type":"ListItem","position":1,"name":"In\u00edcio","item":"https:\/\/www.fsfx.com.br\/hospital-marcio-cunha\/"},{"@type":"ListItem","position":2,"name":"Paciente da Oncologia Pedi\u00e1trica recebe visita de policiais militares e realiza sonho"}]},{"@type":"WebSite","@id":"https:\/\/www.fsfx.com.br\/hospital-marcio-cunha\/#website","url":"https:\/\/www.fsfx.com.br\/hospital-marcio-cunha\/","name":"Hospital M\u00e1rcio Cunha","description":"O Hospital M\u00e1rcio Cunha (HMC) \u00e9 um hospital geral de alta complexidade, com 558 leitos e tr\u00eas unidades, sendo uma unidade exclusiva para o tratamento oncol\u00f3gico.","publisher":{"@id":"https:\/\/www.fsfx.com.br\/hospital-marcio-cunha\/#organization"},"potentialAction":[{"@type":"SearchAction","target":{"@type":"EntryPoint","urlTemplate":"https:\/\/www.fsfx.com.br\/hospital-marcio-cunha\/?s={search_term_string}"},"query-input":{"@type":"PropertyValueSpecification","valueRequired":true,"valueName":"search_term_string"}}],"inLanguage":"pt-BR"},{"@type":"Organization","@id":"https:\/\/www.fsfx.com.br\/hospital-marcio-cunha\/#organization","name":"HMC - Hospital M\u00e1rcio Cunha","url":"https:\/\/www.fsfx.com.br\/hospital-marcio-cunha\/","logo":{"@type":"ImageObject","inLanguage":"pt-BR","@id":"https:\/\/www.fsfx.com.br\/hospital-marcio-cunha\/#\/schema\/logo\/image\/","url":"https:\/\/www.fsfx.com.br\/hospital-marcio-cunha\/wp-content\/uploads\/sites\/9\/2022\/04\/logo-hmc-color.png","contentUrl":"https:\/\/www.fsfx.com.br\/hospital-marcio-cunha\/wp-content\/uploads\/sites\/9\/2022\/04\/logo-hmc-color.png","width":264,"height":59,"caption":"HMC - Hospital M\u00e1rcio Cunha"},"image":{"@id":"https:\/\/www.fsfx.com.br\/hospital-marcio-cunha\/#\/schema\/logo\/image\/"}},{"@type":"Person","@id":"https:\/\/www.fsfx.com.br\/hospital-marcio-cunha\/#\/schema\/person\/6bf2cced2b7a5d5d78f5610fc8f52504","name":"C\u00e1ssio Santana","image":{"@type":"ImageObject","inLanguage":"pt-BR","@id":"https:\/\/www.fsfx.com.br\/hospital-marcio-cunha\/#\/schema\/person\/image\/","url":"https:\/\/secure.gravatar.com\/avatar\/ef79739de3edd2f5c2e7c4930b0808c62af99fc5520eaadc7899948f8bc6d2e1?s=96&d=mm&r=g","contentUrl":"https:\/\/secure.gravatar.com\/avatar\/ef79739de3edd2f5c2e7c4930b0808c62af99fc5520eaadc7899948f8bc6d2e1?s=96&d=mm&r=g","caption":"C\u00e1ssio Santana"},"url":"https:\/\/www.fsfx.com.br\/hospital-marcio-cunha\/author\/cassio\/"}]}},"_links":{"self":[{"href":"https:\/\/www.fsfx.com.br\/hospital-marcio-cunha\/wp-json\/wp\/v2\/posts\/11304","targetHints":{"allow":["GET"]}}],"collection":[{"href":"https:\/\/www.fsfx.com.br\/hospital-marcio-cunha\/wp-json\/wp\/v2\/posts"}],"about":[{"href":"https:\/\/www.fsfx.com.br\/hospital-marcio-cunha\/wp-json\/wp\/v2\/types\/post"}],"author":[{"embeddable":true,"href":"https:\/\/www.fsfx.com.br\/hospital-marcio-cunha\/wp-json\/wp\/v2\/users\/6"}],"replies":[{"embeddable":true,"href":"https:\/\/www.fsfx.com.br\/hospital-marcio-cunha\/wp-json\/wp\/v2\/comments?post=11304"}],"version-history":[{"count":1,"href":"https:\/\/www.fsfx.com.br\/hospital-marcio-cunha\/wp-json\/wp\/v2\/posts\/11304\/revisions"}],"predecessor-version":[{"id":11312,"href":"https:\/\/www.fsfx.com.br\/hospital-marcio-cunha\/wp-json\/wp\/v2\/posts\/11304\/revisions\/11312"}],"wp:featuredmedia":[{"embeddable":true,"href":"https:\/\/www.fsfx.com.br\/hospital-marcio-cunha\/wp-json\/wp\/v2\/media\/11313"}],"wp:attachment":[{"href":"https:\/\/www.fsfx.com.br\/hospital-marcio-cunha\/wp-json\/wp\/v2\/media?parent=11304"}],"wp:term":[{"taxonomy":"category","embeddable":true,"href":"https:\/\/www.fsfx.com.br\/hospital-marcio-cunha\/wp-json\/wp\/v2\/categories?post=11304"},{"taxonomy":"post_tag","embeddable":true,"href":"https:\/\/www.fsfx.com.br\/hospital-marcio-cunha\/wp-json\/wp\/v2\/tags?post=11304"}],"curies":[{"name":"wp","href":"https:\/\/api.w.org\/{rel}","templated":true}]}}