{"id":11628,"date":"2023-12-08T11:39:03","date_gmt":"2023-12-08T14:39:03","guid":{"rendered":"https:\/\/www.fsfx.com.br\/hospital-marcio-cunha\/?p=11628"},"modified":"2023-12-08T11:39:03","modified_gmt":"2023-12-08T14:39:03","slug":"hmc-destaca-atuacao-de-voluntarios-em-apoio-a-saude-e-na-promocao-cultural","status":"publish","type":"post","link":"https:\/\/www.fsfx.com.br\/hospital-marcio-cunha\/hmc-destaca-atuacao-de-voluntarios-em-apoio-a-saude-e-na-promocao-cultural\/","title":{"rendered":"HMC destaca atua\u00e7\u00e3o de volunt\u00e1rios em apoio \u00e0 sa\u00fade e na promo\u00e7\u00e3o cultural"},"content":{"rendered":"<p style=\"text-align: center\"><em>Na semana em que \u00e9 celebrado o Dia Internacional do Volunt\u00e1rio, a atua\u00e7\u00e3o do Coral FSFX, da Pastoral da Sa\u00fade da Apirva e do Programa VOU no HMC soma em representatividade social. <\/em><\/p>\n<p><em>\u00a0<\/em>Ser volunt\u00e1rio \u00e9 agir por vontade pr\u00f3pria, dedicar parte do seu tempo para fazer o bem ao pr\u00f3ximo, promovendo a solidariedade em diversas formas de atividades. No Hospital M\u00e1rcio Cunha, em Ipatinga, v\u00e1rios grupos volunt\u00e1rios atuam dentro e fora da unidade hospitalar oferecendo apoio espiritual, emocional e cultural aos pacientes, familiares e colaboradores. Na semana em que \u00e9 celebrado o Dia Internacional do Volunt\u00e1rio, 05 de dezembro, a Funda\u00e7\u00e3o S\u00e3o Francisco Xavier reconhece o papel vital desempenhado por esses apoiadores t\u00e3o essenciais para a humaniza\u00e7\u00e3o e bem-estar dos envolvidos.<\/p>\n<p><img fetchpriority=\"high\" decoding=\"async\" class=\"size-medium wp-image-14642 alignleft\" src=\"https:\/\/www.fsfx.com.br\/wp-content\/uploads\/2023\/12\/Acao-APIRVA-237x300.jpeg\" alt=\"\" width=\"237\" height=\"300\" \/>No HMC, os membros volunt\u00e1rios da Pastoral da Sa\u00fade atuam com visitas regulares de forma ecum\u00eanica, dedicando aten\u00e7\u00e3o e cuidado para oferecer conforto e assist\u00eancia aos enfermos e familiares, tornando-se uma fonte de esperan\u00e7a e compaix\u00e3o. Em 2023, passado o per\u00edodo da pandemia, o grupo retornou com as atividades de forma integral. Atualmente, cerca de 160 pessoas externas est\u00e3o inscritas na Pastoral da Sa\u00fade do HMC por meio do Servi\u00e7o Social.<\/p>\n<p>Al\u00e9m do acolhimento espiritual, a unidade recebe ainda o trabalho not\u00e1vel desenvolvido pela Associa\u00e7\u00e3o dos Portadores de Insufici\u00eancia Renal do Vale do A\u00e7o &#8211; APIRVA. A entidade p\u00fablica de assist\u00eancia social opera em conjunto com o Centro de Terapia Renal Substitutiva (CTRS) do Hospital M\u00e1rcio Cunha e com o Centro Avan\u00e7ado em Sa\u00fade &#8211; Tim\u00f3teo, na promo\u00e7\u00e3o de atividades como, oficinas artesanais e l\u00fadicas para pacientes da hemodi\u00e1lise. A associa\u00e7\u00e3o acolhe tamb\u00e9m os acompanhantes de pacientes em sua sede, localizada no bairro Bela Vista, em Ipatinga, com a promo\u00e7\u00e3o de atividades de entretenimento, com fornecimento de lanches e cestas b\u00e1sicas, al\u00e9m de ofertarem orienta\u00e7\u00f5es de profissionais da sa\u00fade aos assistidos.<\/p>\n<p><img decoding=\"async\" class=\"size-medium wp-image-14644 alignright\" src=\"https:\/\/www.fsfx.com.br\/wp-content\/uploads\/2023\/12\/Pastoral-da-Saude-no-HMC-235x300.jpeg\" alt=\"\" width=\"235\" height=\"300\" \/>O grupo de volunt\u00e1rios da Usiminas est\u00e1 tamb\u00e9m entre os parceiros do HMC. Por meio de a\u00e7\u00f5es peri\u00f3dicas de mobiliza\u00e7\u00e3o e incentivo \u00e0 pr\u00e1tica de doa\u00e7\u00e3o de sangue, os participantes do Programa VOU \u2013 Volunt\u00e1rios Usiminas doaram 171 bolsas de sangue em 2023, que beneficiaram cerca de 680 pessoas.<\/p>\n<p>Para a supervisora da Equipe Multidisciplinar do HMC, Maria In\u00eas Romano Teixeira, as a\u00e7\u00f5es de acolhimento dos grupos volunt\u00e1rios na unidade hospitalar s\u00e3o um alento para aqueles que enfrentam momentos desafiadores. \u201cOs volunt\u00e1rios desempenham um papel transformador e fundamental ao desenvolverem atividades que fazem a diferen\u00e7a na vida das pessoas. A FSFX abre as portas e permite que esses grupos de for\u00e7a e solidariedade somem diariamente na vida de todos que est\u00e3o integrados nessas a\u00e7\u00f5es\u201d, destaca Maria In\u00eas.<\/p>\n<p>Em atividade desde 2001, a Associa\u00e7\u00e3o Coral Funda\u00e7\u00e3o S\u00e3o Francisco Xavier \u00e9 parte da representatividade social da FSFX. O grupo, tamb\u00e9m de volunt\u00e1rios, \u00e9 formado por 20 colaboradores da Funda\u00e7\u00e3o, apreciadores da m\u00fasica, em especial do canto coral, que realizam diversos projetos musicais na regi\u00e3o.<\/p>\n<p>O coro conta com patroc\u00ednio da Usiminas, apoio da Funda\u00e7\u00e3o S\u00e3o Francisco Xavier e Usisa\u00fade, e incentivo Governo de Minas Gerais, por meio da Lei Estadual de Incentivo \u00e0 Cultura. Entre as atividades externas realizadas, como cantatas e recitais, o coro desempenha um papel fundamental na promo\u00e7\u00e3o cultural de a\u00e7\u00f5es externas e internas em prol dos clientes e colaboradores da Institui\u00e7\u00e3o.<\/p>\n<p><img decoding=\"async\" class=\"size-medium wp-image-14643 alignleft\" src=\"https:\/\/www.fsfx.com.br\/wp-content\/uploads\/2023\/12\/Coral-FSFX-300x112.jpeg\" alt=\"\" width=\"300\" height=\"112\" \/><\/p>\n<p>\u201c\u00c9 encantador ver como uma m\u00fasica leva pessoas para momentos e sentimentos \u00fanicos. S\u00e3o recorda\u00e7\u00f5es marcadas por melodias cantadas por um coro de vozes. A cada apresenta\u00e7\u00e3o do Coral FSFX podemos ver a grandiosidade do nosso trabalho como volunt\u00e1rios e perceber a import\u00e2ncia da m\u00fasica na vida das pessoas\u201d, celebra a presidente do Coral FSFX, K\u00eania Coeli.<\/p>\n","protected":false},"excerpt":{"rendered":"<p>Na semana em que \u00e9 celebrado o Dia Internacional do Volunt\u00e1rio, a atua\u00e7\u00e3o do Coral FSFX, da Pastoral da Sa\u00fade da Apirva e do Programa VOU no HMC soma em representatividade social. \u00a0Ser volunt\u00e1rio \u00e9 agir por vontade pr\u00f3pria, dedicar parte do seu tempo para fazer o bem ao pr\u00f3ximo, promovendo a solidariedade em diversas [&hellip;]<\/p>\n","protected":false},"author":6,"featured_media":11629,"comment_status":"open","ping_status":"open","sticky":false,"template":"","format":"standard","meta":{"_acf_changed":false,"site-sidebar-layout":"default","site-content-layout":"","ast-site-content-layout":"default","site-content-style":"default","site-sidebar-style":"default","ast-global-header-display":"","ast-banner-title-visibility":"","ast-main-header-display":"","ast-hfb-above-header-display":"","ast-hfb-below-header-display":"","ast-hfb-mobile-header-display":"","site-post-title":"","ast-breadcrumbs-content":"","ast-featured-img":"","footer-sml-layout":"","theme-transparent-header-meta":"","adv-header-id-meta":"","stick-header-meta":"","header-above-stick-meta":"","header-main-stick-meta":"","header-below-stick-meta":"","astra-migrate-meta-layouts":"default","ast-page-background-enabled":"default","ast-page-background-meta":{"desktop":{"background-color":"var(--ast-global-color-4)","background-image":"","background-repeat":"repeat","background-position":"center center","background-size":"auto","background-attachment":"scroll","background-type":"","background-media":"","overlay-type":"","overlay-color":"","overlay-opacity":"","overlay-gradient":""},"tablet":{"background-color":"","background-image":"","background-repeat":"repeat","background-position":"center center","background-size":"auto","background-attachment":"scroll","background-type":"","background-media":"","overlay-type":"","overlay-color":"","overlay-opacity":"","overlay-gradient":""},"mobile":{"background-color":"","background-image":"","background-repeat":"repeat","background-position":"center center","background-size":"auto","background-attachment":"scroll","background-type":"","background-media":"","overlay-type":"","overlay-color":"","overlay-opacity":"","overlay-gradient":""}},"ast-content-background-meta":{"desktop":{"background-color":"var(--ast-global-color-5)","background-image":"","background-repeat":"repeat","background-position":"center center","background-size":"auto","background-attachment":"scroll","background-type":"","background-media":"","overlay-type":"","overlay-color":"","overlay-opacity":"","overlay-gradient":""},"tablet":{"background-color":"var(--ast-global-color-5)","background-image":"","background-repeat":"repeat","background-position":"center center","background-size":"auto","background-attachment":"scroll","background-type":"","background-media":"","overlay-type":"","overlay-color":"","overlay-opacity":"","overlay-gradient":""},"mobile":{"background-color":"var(--ast-global-color-5)","background-image":"","background-repeat":"repeat","background-position":"center center","background-size":"auto","background-attachment":"scroll","background-type":"","background-media":"","overlay-type":"","overlay-color":"","overlay-opacity":"","overlay-gradient":""}},"footnotes":""},"categories":[1],"tags":[],"class_list":["post-11628","post","type-post","status-publish","format-standard","has-post-thumbnail","hentry","category-sem-categoria"],"acf":[],"yoast_head":"<!-- This site is optimized with the Yoast SEO plugin v26.9 - https:\/\/yoast.com\/product\/yoast-seo-wordpress\/ -->\n<title>HMC destaca atua\u00e7\u00e3o de volunt\u00e1rios em apoio \u00e0 sa\u00fade e na promo\u00e7\u00e3o cultural - Hospital M\u00e1rcio Cunha<\/title>\n<meta name=\"robots\" content=\"index, follow, max-snippet:-1, max-image-preview:large, max-video-preview:-1\" \/>\n<link rel=\"canonical\" href=\"https:\/\/www.fsfx.com.br\/hospital-marcio-cunha\/hmc-destaca-atuacao-de-voluntarios-em-apoio-a-saude-e-na-promocao-cultural\/\" \/>\n<meta property=\"og:locale\" content=\"pt_BR\" \/>\n<meta property=\"og:type\" content=\"article\" \/>\n<meta property=\"og:title\" content=\"HMC destaca atua\u00e7\u00e3o de volunt\u00e1rios em apoio \u00e0 sa\u00fade e na promo\u00e7\u00e3o cultural - Hospital M\u00e1rcio Cunha\" \/>\n<meta property=\"og:description\" content=\"Na semana em que \u00e9 celebrado o Dia Internacional do Volunt\u00e1rio, a atua\u00e7\u00e3o do Coral FSFX, da Pastoral da Sa\u00fade da Apirva e do Programa VOU no HMC soma em representatividade social. \u00a0Ser volunt\u00e1rio \u00e9 agir por vontade pr\u00f3pria, dedicar parte do seu tempo para fazer o bem ao pr\u00f3ximo, promovendo a solidariedade em diversas [&hellip;]\" \/>\n<meta property=\"og:url\" content=\"https:\/\/www.fsfx.com.br\/hospital-marcio-cunha\/hmc-destaca-atuacao-de-voluntarios-em-apoio-a-saude-e-na-promocao-cultural\/\" \/>\n<meta property=\"og:site_name\" content=\"Hospital M\u00e1rcio Cunha\" \/>\n<meta property=\"article:published_time\" content=\"2023-12-08T14:39:03+00:00\" \/>\n<meta property=\"og:image\" content=\"https:\/\/www.fsfx.com.br\/hospital-marcio-cunha\/wp-content\/uploads\/sites\/9\/2023\/12\/Pastoral-da-Saude-no-HMC.jpeg\" \/>\n\t<meta property=\"og:image:width\" content=\"715\" \/>\n\t<meta property=\"og:image:height\" content=\"912\" \/>\n\t<meta property=\"og:image:type\" content=\"image\/jpeg\" \/>\n<meta name=\"author\" content=\"C\u00e1ssio Santana\" \/>\n<meta name=\"twitter:card\" content=\"summary_large_image\" \/>\n<meta name=\"twitter:label1\" content=\"Escrito por\" \/>\n\t<meta name=\"twitter:data1\" content=\"C\u00e1ssio Santana\" \/>\n\t<meta name=\"twitter:label2\" content=\"Est. tempo de leitura\" \/>\n\t<meta name=\"twitter:data2\" content=\"4 minutos\" \/>\n<script type=\"application\/ld+json\" class=\"yoast-schema-graph\">{\"@context\":\"https:\/\/schema.org\",\"@graph\":[{\"@type\":\"Article\",\"@id\":\"https:\/\/www.fsfx.com.br\/hospital-marcio-cunha\/hmc-destaca-atuacao-de-voluntarios-em-apoio-a-saude-e-na-promocao-cultural\/#article\",\"isPartOf\":{\"@id\":\"https:\/\/www.fsfx.com.br\/hospital-marcio-cunha\/hmc-destaca-atuacao-de-voluntarios-em-apoio-a-saude-e-na-promocao-cultural\/\"},\"author\":{\"name\":\"C\u00e1ssio Santana\",\"@id\":\"https:\/\/www.fsfx.com.br\/hospital-marcio-cunha\/#\/schema\/person\/6bf2cced2b7a5d5d78f5610fc8f52504\"},\"headline\":\"HMC destaca atua\u00e7\u00e3o de volunt\u00e1rios em apoio \u00e0 sa\u00fade e na promo\u00e7\u00e3o cultural\",\"datePublished\":\"2023-12-08T14:39:03+00:00\",\"mainEntityOfPage\":{\"@id\":\"https:\/\/www.fsfx.com.br\/hospital-marcio-cunha\/hmc-destaca-atuacao-de-voluntarios-em-apoio-a-saude-e-na-promocao-cultural\/\"},\"wordCount\":678,\"commentCount\":0,\"publisher\":{\"@id\":\"https:\/\/www.fsfx.com.br\/hospital-marcio-cunha\/#organization\"},\"image\":{\"@id\":\"https:\/\/www.fsfx.com.br\/hospital-marcio-cunha\/hmc-destaca-atuacao-de-voluntarios-em-apoio-a-saude-e-na-promocao-cultural\/#primaryimage\"},\"thumbnailUrl\":\"https:\/\/www.fsfx.com.br\/hospital-marcio-cunha\/wp-content\/uploads\/sites\/9\/2023\/12\/Pastoral-da-Saude-no-HMC.jpeg\",\"inLanguage\":\"pt-BR\",\"potentialAction\":[{\"@type\":\"CommentAction\",\"name\":\"Comment\",\"target\":[\"https:\/\/www.fsfx.com.br\/hospital-marcio-cunha\/hmc-destaca-atuacao-de-voluntarios-em-apoio-a-saude-e-na-promocao-cultural\/#respond\"]}]},{\"@type\":\"WebPage\",\"@id\":\"https:\/\/www.fsfx.com.br\/hospital-marcio-cunha\/hmc-destaca-atuacao-de-voluntarios-em-apoio-a-saude-e-na-promocao-cultural\/\",\"url\":\"https:\/\/www.fsfx.com.br\/hospital-marcio-cunha\/hmc-destaca-atuacao-de-voluntarios-em-apoio-a-saude-e-na-promocao-cultural\/\",\"name\":\"HMC destaca atua\u00e7\u00e3o de volunt\u00e1rios em apoio \u00e0 sa\u00fade e na promo\u00e7\u00e3o cultural - Hospital M\u00e1rcio Cunha\",\"isPartOf\":{\"@id\":\"https:\/\/www.fsfx.com.br\/hospital-marcio-cunha\/#website\"},\"primaryImageOfPage\":{\"@id\":\"https:\/\/www.fsfx.com.br\/hospital-marcio-cunha\/hmc-destaca-atuacao-de-voluntarios-em-apoio-a-saude-e-na-promocao-cultural\/#primaryimage\"},\"image\":{\"@id\":\"https:\/\/www.fsfx.com.br\/hospital-marcio-cunha\/hmc-destaca-atuacao-de-voluntarios-em-apoio-a-saude-e-na-promocao-cultural\/#primaryimage\"},\"thumbnailUrl\":\"https:\/\/www.fsfx.com.br\/hospital-marcio-cunha\/wp-content\/uploads\/sites\/9\/2023\/12\/Pastoral-da-Saude-no-HMC.jpeg\",\"datePublished\":\"2023-12-08T14:39:03+00:00\",\"breadcrumb\":{\"@id\":\"https:\/\/www.fsfx.com.br\/hospital-marcio-cunha\/hmc-destaca-atuacao-de-voluntarios-em-apoio-a-saude-e-na-promocao-cultural\/#breadcrumb\"},\"inLanguage\":\"pt-BR\",\"potentialAction\":[{\"@type\":\"ReadAction\",\"target\":[\"https:\/\/www.fsfx.com.br\/hospital-marcio-cunha\/hmc-destaca-atuacao-de-voluntarios-em-apoio-a-saude-e-na-promocao-cultural\/\"]}]},{\"@type\":\"ImageObject\",\"inLanguage\":\"pt-BR\",\"@id\":\"https:\/\/www.fsfx.com.br\/hospital-marcio-cunha\/hmc-destaca-atuacao-de-voluntarios-em-apoio-a-saude-e-na-promocao-cultural\/#primaryimage\",\"url\":\"https:\/\/www.fsfx.com.br\/hospital-marcio-cunha\/wp-content\/uploads\/sites\/9\/2023\/12\/Pastoral-da-Saude-no-HMC.jpeg\",\"contentUrl\":\"https:\/\/www.fsfx.com.br\/hospital-marcio-cunha\/wp-content\/uploads\/sites\/9\/2023\/12\/Pastoral-da-Saude-no-HMC.jpeg\",\"width\":715,\"height\":912},{\"@type\":\"BreadcrumbList\",\"@id\":\"https:\/\/www.fsfx.com.br\/hospital-marcio-cunha\/hmc-destaca-atuacao-de-voluntarios-em-apoio-a-saude-e-na-promocao-cultural\/#breadcrumb\",\"itemListElement\":[{\"@type\":\"ListItem\",\"position\":1,\"name\":\"In\u00edcio\",\"item\":\"https:\/\/www.fsfx.com.br\/hospital-marcio-cunha\/\"},{\"@type\":\"ListItem\",\"position\":2,\"name\":\"HMC destaca atua\u00e7\u00e3o de volunt\u00e1rios em apoio \u00e0 sa\u00fade e na promo\u00e7\u00e3o cultural\"}]},{\"@type\":\"WebSite\",\"@id\":\"https:\/\/www.fsfx.com.br\/hospital-marcio-cunha\/#website\",\"url\":\"https:\/\/www.fsfx.com.br\/hospital-marcio-cunha\/\",\"name\":\"Hospital M\u00e1rcio Cunha\",\"description\":\"O Hospital M\u00e1rcio Cunha (HMC) \u00e9 um hospital geral de alta complexidade, com 558 leitos e tr\u00eas unidades, sendo uma unidade exclusiva para o tratamento oncol\u00f3gico.\",\"publisher\":{\"@id\":\"https:\/\/www.fsfx.com.br\/hospital-marcio-cunha\/#organization\"},\"potentialAction\":[{\"@type\":\"SearchAction\",\"target\":{\"@type\":\"EntryPoint\",\"urlTemplate\":\"https:\/\/www.fsfx.com.br\/hospital-marcio-cunha\/?s={search_term_string}\"},\"query-input\":{\"@type\":\"PropertyValueSpecification\",\"valueRequired\":true,\"valueName\":\"search_term_string\"}}],\"inLanguage\":\"pt-BR\"},{\"@type\":\"Organization\",\"@id\":\"https:\/\/www.fsfx.com.br\/hospital-marcio-cunha\/#organization\",\"name\":\"HMC - Hospital M\u00e1rcio Cunha\",\"url\":\"https:\/\/www.fsfx.com.br\/hospital-marcio-cunha\/\",\"logo\":{\"@type\":\"ImageObject\",\"inLanguage\":\"pt-BR\",\"@id\":\"https:\/\/www.fsfx.com.br\/hospital-marcio-cunha\/#\/schema\/logo\/image\/\",\"url\":\"https:\/\/www.fsfx.com.br\/hospital-marcio-cunha\/wp-content\/uploads\/sites\/9\/2022\/04\/logo-hmc-color.png\",\"contentUrl\":\"https:\/\/www.fsfx.com.br\/hospital-marcio-cunha\/wp-content\/uploads\/sites\/9\/2022\/04\/logo-hmc-color.png\",\"width\":264,\"height\":59,\"caption\":\"HMC - Hospital M\u00e1rcio Cunha\"},\"image\":{\"@id\":\"https:\/\/www.fsfx.com.br\/hospital-marcio-cunha\/#\/schema\/logo\/image\/\"}},{\"@type\":\"Person\",\"@id\":\"https:\/\/www.fsfx.com.br\/hospital-marcio-cunha\/#\/schema\/person\/6bf2cced2b7a5d5d78f5610fc8f52504\",\"name\":\"C\u00e1ssio Santana\",\"image\":{\"@type\":\"ImageObject\",\"inLanguage\":\"pt-BR\",\"@id\":\"https:\/\/www.fsfx.com.br\/hospital-marcio-cunha\/#\/schema\/person\/image\/\",\"url\":\"https:\/\/secure.gravatar.com\/avatar\/ef79739de3edd2f5c2e7c4930b0808c62af99fc5520eaadc7899948f8bc6d2e1?s=96&d=mm&r=g\",\"contentUrl\":\"https:\/\/secure.gravatar.com\/avatar\/ef79739de3edd2f5c2e7c4930b0808c62af99fc5520eaadc7899948f8bc6d2e1?s=96&d=mm&r=g\",\"caption\":\"C\u00e1ssio Santana\"},\"url\":\"https:\/\/www.fsfx.com.br\/hospital-marcio-cunha\/author\/cassio\/\"}]}<\/script>\n<!-- \/ Yoast SEO plugin. -->","yoast_head_json":{"title":"HMC destaca atua\u00e7\u00e3o de volunt\u00e1rios em apoio \u00e0 sa\u00fade e na promo\u00e7\u00e3o cultural - Hospital M\u00e1rcio Cunha","robots":{"index":"index","follow":"follow","max-snippet":"max-snippet:-1","max-image-preview":"max-image-preview:large","max-video-preview":"max-video-preview:-1"},"canonical":"https:\/\/www.fsfx.com.br\/hospital-marcio-cunha\/hmc-destaca-atuacao-de-voluntarios-em-apoio-a-saude-e-na-promocao-cultural\/","og_locale":"pt_BR","og_type":"article","og_title":"HMC destaca atua\u00e7\u00e3o de volunt\u00e1rios em apoio \u00e0 sa\u00fade e na promo\u00e7\u00e3o cultural - Hospital M\u00e1rcio Cunha","og_description":"Na semana em que \u00e9 celebrado o Dia Internacional do Volunt\u00e1rio, a atua\u00e7\u00e3o do Coral FSFX, da Pastoral da Sa\u00fade da Apirva e do Programa VOU no HMC soma em representatividade social. \u00a0Ser volunt\u00e1rio \u00e9 agir por vontade pr\u00f3pria, dedicar parte do seu tempo para fazer o bem ao pr\u00f3ximo, promovendo a solidariedade em diversas [&hellip;]","og_url":"https:\/\/www.fsfx.com.br\/hospital-marcio-cunha\/hmc-destaca-atuacao-de-voluntarios-em-apoio-a-saude-e-na-promocao-cultural\/","og_site_name":"Hospital M\u00e1rcio Cunha","article_published_time":"2023-12-08T14:39:03+00:00","og_image":[{"width":715,"height":912,"url":"https:\/\/www.fsfx.com.br\/hospital-marcio-cunha\/wp-content\/uploads\/sites\/9\/2023\/12\/Pastoral-da-Saude-no-HMC.jpeg","type":"image\/jpeg"}],"author":"C\u00e1ssio Santana","twitter_card":"summary_large_image","twitter_misc":{"Escrito por":"C\u00e1ssio Santana","Est. tempo de leitura":"4 minutos"},"schema":{"@context":"https:\/\/schema.org","@graph":[{"@type":"Article","@id":"https:\/\/www.fsfx.com.br\/hospital-marcio-cunha\/hmc-destaca-atuacao-de-voluntarios-em-apoio-a-saude-e-na-promocao-cultural\/#article","isPartOf":{"@id":"https:\/\/www.fsfx.com.br\/hospital-marcio-cunha\/hmc-destaca-atuacao-de-voluntarios-em-apoio-a-saude-e-na-promocao-cultural\/"},"author":{"name":"C\u00e1ssio Santana","@id":"https:\/\/www.fsfx.com.br\/hospital-marcio-cunha\/#\/schema\/person\/6bf2cced2b7a5d5d78f5610fc8f52504"},"headline":"HMC destaca atua\u00e7\u00e3o de volunt\u00e1rios em apoio \u00e0 sa\u00fade e na promo\u00e7\u00e3o cultural","datePublished":"2023-12-08T14:39:03+00:00","mainEntityOfPage":{"@id":"https:\/\/www.fsfx.com.br\/hospital-marcio-cunha\/hmc-destaca-atuacao-de-voluntarios-em-apoio-a-saude-e-na-promocao-cultural\/"},"wordCount":678,"commentCount":0,"publisher":{"@id":"https:\/\/www.fsfx.com.br\/hospital-marcio-cunha\/#organization"},"image":{"@id":"https:\/\/www.fsfx.com.br\/hospital-marcio-cunha\/hmc-destaca-atuacao-de-voluntarios-em-apoio-a-saude-e-na-promocao-cultural\/#primaryimage"},"thumbnailUrl":"https:\/\/www.fsfx.com.br\/hospital-marcio-cunha\/wp-content\/uploads\/sites\/9\/2023\/12\/Pastoral-da-Saude-no-HMC.jpeg","inLanguage":"pt-BR","potentialAction":[{"@type":"CommentAction","name":"Comment","target":["https:\/\/www.fsfx.com.br\/hospital-marcio-cunha\/hmc-destaca-atuacao-de-voluntarios-em-apoio-a-saude-e-na-promocao-cultural\/#respond"]}]},{"@type":"WebPage","@id":"https:\/\/www.fsfx.com.br\/hospital-marcio-cunha\/hmc-destaca-atuacao-de-voluntarios-em-apoio-a-saude-e-na-promocao-cultural\/","url":"https:\/\/www.fsfx.com.br\/hospital-marcio-cunha\/hmc-destaca-atuacao-de-voluntarios-em-apoio-a-saude-e-na-promocao-cultural\/","name":"HMC destaca atua\u00e7\u00e3o de volunt\u00e1rios em apoio \u00e0 sa\u00fade e na promo\u00e7\u00e3o cultural - Hospital M\u00e1rcio Cunha","isPartOf":{"@id":"https:\/\/www.fsfx.com.br\/hospital-marcio-cunha\/#website"},"primaryImageOfPage":{"@id":"https:\/\/www.fsfx.com.br\/hospital-marcio-cunha\/hmc-destaca-atuacao-de-voluntarios-em-apoio-a-saude-e-na-promocao-cultural\/#primaryimage"},"image":{"@id":"https:\/\/www.fsfx.com.br\/hospital-marcio-cunha\/hmc-destaca-atuacao-de-voluntarios-em-apoio-a-saude-e-na-promocao-cultural\/#primaryimage"},"thumbnailUrl":"https:\/\/www.fsfx.com.br\/hospital-marcio-cunha\/wp-content\/uploads\/sites\/9\/2023\/12\/Pastoral-da-Saude-no-HMC.jpeg","datePublished":"2023-12-08T14:39:03+00:00","breadcrumb":{"@id":"https:\/\/www.fsfx.com.br\/hospital-marcio-cunha\/hmc-destaca-atuacao-de-voluntarios-em-apoio-a-saude-e-na-promocao-cultural\/#breadcrumb"},"inLanguage":"pt-BR","potentialAction":[{"@type":"ReadAction","target":["https:\/\/www.fsfx.com.br\/hospital-marcio-cunha\/hmc-destaca-atuacao-de-voluntarios-em-apoio-a-saude-e-na-promocao-cultural\/"]}]},{"@type":"ImageObject","inLanguage":"pt-BR","@id":"https:\/\/www.fsfx.com.br\/hospital-marcio-cunha\/hmc-destaca-atuacao-de-voluntarios-em-apoio-a-saude-e-na-promocao-cultural\/#primaryimage","url":"https:\/\/www.fsfx.com.br\/hospital-marcio-cunha\/wp-content\/uploads\/sites\/9\/2023\/12\/Pastoral-da-Saude-no-HMC.jpeg","contentUrl":"https:\/\/www.fsfx.com.br\/hospital-marcio-cunha\/wp-content\/uploads\/sites\/9\/2023\/12\/Pastoral-da-Saude-no-HMC.jpeg","width":715,"height":912},{"@type":"BreadcrumbList","@id":"https:\/\/www.fsfx.com.br\/hospital-marcio-cunha\/hmc-destaca-atuacao-de-voluntarios-em-apoio-a-saude-e-na-promocao-cultural\/#breadcrumb","itemListElement":[{"@type":"ListItem","position":1,"name":"In\u00edcio","item":"https:\/\/www.fsfx.com.br\/hospital-marcio-cunha\/"},{"@type":"ListItem","position":2,"name":"HMC destaca atua\u00e7\u00e3o de volunt\u00e1rios em apoio \u00e0 sa\u00fade e na promo\u00e7\u00e3o cultural"}]},{"@type":"WebSite","@id":"https:\/\/www.fsfx.com.br\/hospital-marcio-cunha\/#website","url":"https:\/\/www.fsfx.com.br\/hospital-marcio-cunha\/","name":"Hospital M\u00e1rcio Cunha","description":"O Hospital M\u00e1rcio Cunha (HMC) \u00e9 um hospital geral de alta complexidade, com 558 leitos e tr\u00eas unidades, sendo uma unidade exclusiva para o tratamento oncol\u00f3gico.","publisher":{"@id":"https:\/\/www.fsfx.com.br\/hospital-marcio-cunha\/#organization"},"potentialAction":[{"@type":"SearchAction","target":{"@type":"EntryPoint","urlTemplate":"https:\/\/www.fsfx.com.br\/hospital-marcio-cunha\/?s={search_term_string}"},"query-input":{"@type":"PropertyValueSpecification","valueRequired":true,"valueName":"search_term_string"}}],"inLanguage":"pt-BR"},{"@type":"Organization","@id":"https:\/\/www.fsfx.com.br\/hospital-marcio-cunha\/#organization","name":"HMC - Hospital M\u00e1rcio Cunha","url":"https:\/\/www.fsfx.com.br\/hospital-marcio-cunha\/","logo":{"@type":"ImageObject","inLanguage":"pt-BR","@id":"https:\/\/www.fsfx.com.br\/hospital-marcio-cunha\/#\/schema\/logo\/image\/","url":"https:\/\/www.fsfx.com.br\/hospital-marcio-cunha\/wp-content\/uploads\/sites\/9\/2022\/04\/logo-hmc-color.png","contentUrl":"https:\/\/www.fsfx.com.br\/hospital-marcio-cunha\/wp-content\/uploads\/sites\/9\/2022\/04\/logo-hmc-color.png","width":264,"height":59,"caption":"HMC - Hospital M\u00e1rcio Cunha"},"image":{"@id":"https:\/\/www.fsfx.com.br\/hospital-marcio-cunha\/#\/schema\/logo\/image\/"}},{"@type":"Person","@id":"https:\/\/www.fsfx.com.br\/hospital-marcio-cunha\/#\/schema\/person\/6bf2cced2b7a5d5d78f5610fc8f52504","name":"C\u00e1ssio Santana","image":{"@type":"ImageObject","inLanguage":"pt-BR","@id":"https:\/\/www.fsfx.com.br\/hospital-marcio-cunha\/#\/schema\/person\/image\/","url":"https:\/\/secure.gravatar.com\/avatar\/ef79739de3edd2f5c2e7c4930b0808c62af99fc5520eaadc7899948f8bc6d2e1?s=96&d=mm&r=g","contentUrl":"https:\/\/secure.gravatar.com\/avatar\/ef79739de3edd2f5c2e7c4930b0808c62af99fc5520eaadc7899948f8bc6d2e1?s=96&d=mm&r=g","caption":"C\u00e1ssio Santana"},"url":"https:\/\/www.fsfx.com.br\/hospital-marcio-cunha\/author\/cassio\/"}]}},"_links":{"self":[{"href":"https:\/\/www.fsfx.com.br\/hospital-marcio-cunha\/wp-json\/wp\/v2\/posts\/11628","targetHints":{"allow":["GET"]}}],"collection":[{"href":"https:\/\/www.fsfx.com.br\/hospital-marcio-cunha\/wp-json\/wp\/v2\/posts"}],"about":[{"href":"https:\/\/www.fsfx.com.br\/hospital-marcio-cunha\/wp-json\/wp\/v2\/types\/post"}],"author":[{"embeddable":true,"href":"https:\/\/www.fsfx.com.br\/hospital-marcio-cunha\/wp-json\/wp\/v2\/users\/6"}],"replies":[{"embeddable":true,"href":"https:\/\/www.fsfx.com.br\/hospital-marcio-cunha\/wp-json\/wp\/v2\/comments?post=11628"}],"version-history":[{"count":1,"href":"https:\/\/www.fsfx.com.br\/hospital-marcio-cunha\/wp-json\/wp\/v2\/posts\/11628\/revisions"}],"predecessor-version":[{"id":11630,"href":"https:\/\/www.fsfx.com.br\/hospital-marcio-cunha\/wp-json\/wp\/v2\/posts\/11628\/revisions\/11630"}],"wp:featuredmedia":[{"embeddable":true,"href":"https:\/\/www.fsfx.com.br\/hospital-marcio-cunha\/wp-json\/wp\/v2\/media\/11629"}],"wp:attachment":[{"href":"https:\/\/www.fsfx.com.br\/hospital-marcio-cunha\/wp-json\/wp\/v2\/media?parent=11628"}],"wp:term":[{"taxonomy":"category","embeddable":true,"href":"https:\/\/www.fsfx.com.br\/hospital-marcio-cunha\/wp-json\/wp\/v2\/categories?post=11628"},{"taxonomy":"post_tag","embeddable":true,"href":"https:\/\/www.fsfx.com.br\/hospital-marcio-cunha\/wp-json\/wp\/v2\/tags?post=11628"}],"curies":[{"name":"wp","href":"https:\/\/api.w.org\/{rel}","templated":true}]}}