{"id":11717,"date":"2024-01-26T12:24:24","date_gmt":"2024-01-26T15:24:24","guid":{"rendered":"https:\/\/www.fsfx.com.br\/hospital-marcio-cunha\/?p=11717"},"modified":"2024-01-26T12:24:24","modified_gmt":"2024-01-26T15:24:24","slug":"chikungunya-a-prevencao-para-evitar-a-fase-cronica-da-doenca","status":"publish","type":"post","link":"https:\/\/www.fsfx.com.br\/hospital-marcio-cunha\/chikungunya-a-prevencao-para-evitar-a-fase-cronica-da-doenca\/","title":{"rendered":"Chikungunya: a preven\u00e7\u00e3o para evitar a fase cr\u00f4nica da doen\u00e7a"},"content":{"rendered":"<p style=\"text-align: center\"><em>Reumatologista do Hospital M\u00e1rcio Cunha orienta sobre os fatores de risco e os sintomas que podem desencadear a cronifica\u00e7\u00e3o da doen\u00e7a, que \u00e9 transmitida pelo mosquito Aedes aegypti.<\/em><\/p>\n<p>Em meio ao panorama crescente do surto de arboviroses (doen\u00e7as causadas por v\u00edrus transmitidos pelo mosquito <em>Aedes aegypti<\/em>), a Secretaria de Sa\u00fade do Estado de Minas Gerais, divulgou no \u00faltimo Boletim Epidemiol\u00f3gico de Monitoramento, emitido no dia 22 de janeiro, o registro de 11.490 casos de dengue, para 3.067 de <em>Chikungunya <\/em>confirmados em todo o estado em 2024. O cen\u00e1rio cr\u00edtico alerta para a import\u00e2ncia do tratamento adequado, que segundo especialistas, \u00e9 fundamental para evitar a evolu\u00e7\u00e3o da patologia, em especial a <em>Chikungunya<\/em>. Os m\u00e9dicos destacam que, se n\u00e3o tratada em tempo h\u00e1bil, a doen\u00e7a pode se tornar cr\u00f4nica, impactando significativamente na qualidade de vida do paciente.<\/p>\n<p><img fetchpriority=\"high\" decoding=\"async\" class=\"size-medium wp-image-15202 alignleft\" src=\"https:\/\/www.fsfx.com.br\/wp-content\/uploads\/2024\/01\/Guilherme-da-Silveira-Campos-medico-reumatologista-do-Hospital-Marcio-Cunha-300x251.jpeg\" alt=\"\" width=\"300\" height=\"251\" \/>Os sintomas da doen\u00e7a s\u00e3o clinicamente semelhantes aos da dengue, febre de in\u00edcio agudo, dores articulares e musculares, cefaleia, n\u00e1usea, fadiga e exantema (manchas avermelhadas no corpo). As dores nas articula\u00e7\u00f5es com edema e incapacita\u00e7\u00e3o s\u00e3o as principais manifesta\u00e7\u00f5es cl\u00ednicas que diferem a <em>Chikungunya <\/em>de outras arboviroses. As autoridades em sa\u00fade classificam a evolu\u00e7\u00e3o da patologia em est\u00e1gios, onde a etapa inicial, que \u00e9 a fase aguda, ocorre nos primeiros 14 dias, podendo evoluir para duas fases sequentes, a subaguda, com dura\u00e7\u00e3o de 14 dias a tr\u00eas meses, e o per\u00edodo cr\u00f4nico, que se estende a tr\u00eas meses de sintomas.<\/p>\n<p>\u201cSe o paciente evolui nos sintomas para al\u00e9m dos tr\u00eas meses, a medicina j\u00e1 considera o caso como <em>Chikungunya <\/em>cr\u00f4nica. Nessa condi\u00e7\u00e3o, a pessoa passa a ter o mesmo tratamento dado aos pacientes com reumatismo de tipos cl\u00e1ssicos como, artrite reumatoide, l\u00fapus, entre outras doen\u00e7as\u201d, alerta Guilherme da Silveira Campos, m\u00e9dico reumatologista do Hospital M\u00e1rcio Cunha, administrado pela Funda\u00e7\u00e3o S\u00e3o Francisco Xavier.<\/p>\n<p>Um estudo realizado pela Funda\u00e7\u00e3o Oswaldo Cruz destaca que, a desconsidera\u00e7\u00e3o ao tratamento na fase inicial da doen\u00e7a, dentre outras condi\u00e7\u00f5es como, pessoas que j\u00e1 apresentam les\u00f5es articulares preexistentes como artrose, pacientes com diabetes, mulheres com idade a partir de 40 anos, s\u00e3o circunst\u00e2ncias que somam como fatores de risco, para a evolu\u00e7\u00e3o da dor articular cr\u00f4nica, ap\u00f3s <em>Chikungunya<\/em>.<\/p>\n<p>Para o m\u00e9dico, o combate ao <em>Aedes aegypti<\/em> desempenha um papel fundamental na minimiza\u00e7\u00e3o dos riscos e evita a propaga\u00e7\u00e3o da doen\u00e7a. Segundo o reumatologista, o primeiro passo \u00e9 cuidar dos ambientes e evitar focos de nascimento de novos mosquitos, aliado ao uso de repelentes t\u00f3picos e eletr\u00f4nicos.<\/p>\n<p>\u201c\u00c9 importante ressaltar que, a pessoa diagnosticada com a <em>Chikungunya <\/em>tamb\u00e9m precisa fazer o uso do repelente, pois a prote\u00e7\u00e3o evita que o mosquito, que ainda n\u00e3o teve contato com o v\u00edrus, se contamine, promovendo a prolifera\u00e7\u00e3o da arbovirose\u201d, alerta o m\u00e9dico.<\/p>\n<p>Em caso de suspeita da doen\u00e7a, a recomenda\u00e7\u00e3o do Minist\u00e9rio da Sa\u00fade \u00e9 procurar um profissional de sa\u00fade para o correto diagn\u00f3stico e prescri\u00e7\u00e3o dos medicamentos, evitando sempre a automedica\u00e7\u00e3o. Os tratamentos tamb\u00e9m s\u00e3o oferecidos de forma integral e gratuita por meio do Sistema \u00danico de Sa\u00fade (SUS).<\/p>\n","protected":false},"excerpt":{"rendered":"<p>Reumatologista do Hospital M\u00e1rcio Cunha orienta sobre os fatores de risco e os sintomas que podem desencadear a cronifica\u00e7\u00e3o da doen\u00e7a, que \u00e9 transmitida pelo mosquito Aedes aegypti. Em meio ao panorama crescente do surto de arboviroses (doen\u00e7as causadas por v\u00edrus transmitidos pelo mosquito Aedes aegypti), a Secretaria de Sa\u00fade do Estado de Minas Gerais, [&hellip;]<\/p>\n","protected":false},"author":6,"featured_media":11718,"comment_status":"open","ping_status":"open","sticky":false,"template":"","format":"standard","meta":{"_acf_changed":false,"site-sidebar-layout":"default","site-content-layout":"","ast-site-content-layout":"default","site-content-style":"default","site-sidebar-style":"default","ast-global-header-display":"","ast-banner-title-visibility":"","ast-main-header-display":"","ast-hfb-above-header-display":"","ast-hfb-below-header-display":"","ast-hfb-mobile-header-display":"","site-post-title":"","ast-breadcrumbs-content":"","ast-featured-img":"","footer-sml-layout":"","theme-transparent-header-meta":"","adv-header-id-meta":"","stick-header-meta":"","header-above-stick-meta":"","header-main-stick-meta":"","header-below-stick-meta":"","astra-migrate-meta-layouts":"default","ast-page-background-enabled":"default","ast-page-background-meta":{"desktop":{"background-color":"var(--ast-global-color-4)","background-image":"","background-repeat":"repeat","background-position":"center center","background-size":"auto","background-attachment":"scroll","background-type":"","background-media":"","overlay-type":"","overlay-color":"","overlay-opacity":"","overlay-gradient":""},"tablet":{"background-color":"","background-image":"","background-repeat":"repeat","background-position":"center center","background-size":"auto","background-attachment":"scroll","background-type":"","background-media":"","overlay-type":"","overlay-color":"","overlay-opacity":"","overlay-gradient":""},"mobile":{"background-color":"","background-image":"","background-repeat":"repeat","background-position":"center center","background-size":"auto","background-attachment":"scroll","background-type":"","background-media":"","overlay-type":"","overlay-color":"","overlay-opacity":"","overlay-gradient":""}},"ast-content-background-meta":{"desktop":{"background-color":"var(--ast-global-color-5)","background-image":"","background-repeat":"repeat","background-position":"center center","background-size":"auto","background-attachment":"scroll","background-type":"","background-media":"","overlay-type":"","overlay-color":"","overlay-opacity":"","overlay-gradient":""},"tablet":{"background-color":"var(--ast-global-color-5)","background-image":"","background-repeat":"repeat","background-position":"center center","background-size":"auto","background-attachment":"scroll","background-type":"","background-media":"","overlay-type":"","overlay-color":"","overlay-opacity":"","overlay-gradient":""},"mobile":{"background-color":"var(--ast-global-color-5)","background-image":"","background-repeat":"repeat","background-position":"center center","background-size":"auto","background-attachment":"scroll","background-type":"","background-media":"","overlay-type":"","overlay-color":"","overlay-opacity":"","overlay-gradient":""}},"footnotes":""},"categories":[24],"tags":[],"class_list":["post-11717","post","type-post","status-publish","format-standard","has-post-thumbnail","hentry","category-saude"],"acf":[],"yoast_head":"<!-- This site is optimized with the Yoast SEO plugin v26.9 - https:\/\/yoast.com\/product\/yoast-seo-wordpress\/ -->\n<title>Chikungunya: a preven\u00e7\u00e3o para evitar a fase cr\u00f4nica da doen\u00e7a - Hospital M\u00e1rcio Cunha<\/title>\n<meta name=\"robots\" content=\"index, follow, max-snippet:-1, max-image-preview:large, max-video-preview:-1\" \/>\n<link rel=\"canonical\" href=\"https:\/\/www.fsfx.com.br\/hospital-marcio-cunha\/chikungunya-a-prevencao-para-evitar-a-fase-cronica-da-doenca\/\" \/>\n<meta property=\"og:locale\" content=\"pt_BR\" \/>\n<meta property=\"og:type\" content=\"article\" \/>\n<meta property=\"og:title\" content=\"Chikungunya: a preven\u00e7\u00e3o para evitar a fase cr\u00f4nica da doen\u00e7a - Hospital M\u00e1rcio Cunha\" \/>\n<meta property=\"og:description\" content=\"Reumatologista do Hospital M\u00e1rcio Cunha orienta sobre os fatores de risco e os sintomas que podem desencadear a cronifica\u00e7\u00e3o da doen\u00e7a, que \u00e9 transmitida pelo mosquito Aedes aegypti. Em meio ao panorama crescente do surto de arboviroses (doen\u00e7as causadas por v\u00edrus transmitidos pelo mosquito Aedes aegypti), a Secretaria de Sa\u00fade do Estado de Minas Gerais, [&hellip;]\" \/>\n<meta property=\"og:url\" content=\"https:\/\/www.fsfx.com.br\/hospital-marcio-cunha\/chikungunya-a-prevencao-para-evitar-a-fase-cronica-da-doenca\/\" \/>\n<meta property=\"og:site_name\" content=\"Hospital M\u00e1rcio Cunha\" \/>\n<meta property=\"article:published_time\" content=\"2024-01-26T15:24:24+00:00\" \/>\n<meta property=\"og:image\" content=\"https:\/\/www.fsfx.com.br\/hospital-marcio-cunha\/wp-content\/uploads\/sites\/9\/2024\/01\/iStock-1602788574.jpg\" \/>\n\t<meta property=\"og:image:width\" content=\"1920\" \/>\n\t<meta property=\"og:image:height\" content=\"1280\" \/>\n\t<meta property=\"og:image:type\" content=\"image\/jpeg\" \/>\n<meta name=\"author\" content=\"C\u00e1ssio Santana\" \/>\n<meta name=\"twitter:card\" content=\"summary_large_image\" \/>\n<meta name=\"twitter:label1\" content=\"Escrito por\" \/>\n\t<meta name=\"twitter:data1\" content=\"C\u00e1ssio Santana\" \/>\n\t<meta name=\"twitter:label2\" content=\"Est. tempo de leitura\" \/>\n\t<meta name=\"twitter:data2\" content=\"3 minutos\" \/>\n<script type=\"application\/ld+json\" class=\"yoast-schema-graph\">{\"@context\":\"https:\/\/schema.org\",\"@graph\":[{\"@type\":\"Article\",\"@id\":\"https:\/\/www.fsfx.com.br\/hospital-marcio-cunha\/chikungunya-a-prevencao-para-evitar-a-fase-cronica-da-doenca\/#article\",\"isPartOf\":{\"@id\":\"https:\/\/www.fsfx.com.br\/hospital-marcio-cunha\/chikungunya-a-prevencao-para-evitar-a-fase-cronica-da-doenca\/\"},\"author\":{\"name\":\"C\u00e1ssio Santana\",\"@id\":\"https:\/\/www.fsfx.com.br\/hospital-marcio-cunha\/#\/schema\/person\/6bf2cced2b7a5d5d78f5610fc8f52504\"},\"headline\":\"Chikungunya: a preven\u00e7\u00e3o para evitar a fase cr\u00f4nica da doen\u00e7a\",\"datePublished\":\"2024-01-26T15:24:24+00:00\",\"mainEntityOfPage\":{\"@id\":\"https:\/\/www.fsfx.com.br\/hospital-marcio-cunha\/chikungunya-a-prevencao-para-evitar-a-fase-cronica-da-doenca\/\"},\"wordCount\":571,\"commentCount\":0,\"publisher\":{\"@id\":\"https:\/\/www.fsfx.com.br\/hospital-marcio-cunha\/#organization\"},\"image\":{\"@id\":\"https:\/\/www.fsfx.com.br\/hospital-marcio-cunha\/chikungunya-a-prevencao-para-evitar-a-fase-cronica-da-doenca\/#primaryimage\"},\"thumbnailUrl\":\"https:\/\/www.fsfx.com.br\/hospital-marcio-cunha\/wp-content\/uploads\/sites\/9\/2024\/01\/iStock-1602788574.jpg\",\"articleSection\":[\"Sa\u00fade\"],\"inLanguage\":\"pt-BR\",\"potentialAction\":[{\"@type\":\"CommentAction\",\"name\":\"Comment\",\"target\":[\"https:\/\/www.fsfx.com.br\/hospital-marcio-cunha\/chikungunya-a-prevencao-para-evitar-a-fase-cronica-da-doenca\/#respond\"]}]},{\"@type\":\"WebPage\",\"@id\":\"https:\/\/www.fsfx.com.br\/hospital-marcio-cunha\/chikungunya-a-prevencao-para-evitar-a-fase-cronica-da-doenca\/\",\"url\":\"https:\/\/www.fsfx.com.br\/hospital-marcio-cunha\/chikungunya-a-prevencao-para-evitar-a-fase-cronica-da-doenca\/\",\"name\":\"Chikungunya: a preven\u00e7\u00e3o para evitar a fase cr\u00f4nica da doen\u00e7a - Hospital M\u00e1rcio Cunha\",\"isPartOf\":{\"@id\":\"https:\/\/www.fsfx.com.br\/hospital-marcio-cunha\/#website\"},\"primaryImageOfPage\":{\"@id\":\"https:\/\/www.fsfx.com.br\/hospital-marcio-cunha\/chikungunya-a-prevencao-para-evitar-a-fase-cronica-da-doenca\/#primaryimage\"},\"image\":{\"@id\":\"https:\/\/www.fsfx.com.br\/hospital-marcio-cunha\/chikungunya-a-prevencao-para-evitar-a-fase-cronica-da-doenca\/#primaryimage\"},\"thumbnailUrl\":\"https:\/\/www.fsfx.com.br\/hospital-marcio-cunha\/wp-content\/uploads\/sites\/9\/2024\/01\/iStock-1602788574.jpg\",\"datePublished\":\"2024-01-26T15:24:24+00:00\",\"breadcrumb\":{\"@id\":\"https:\/\/www.fsfx.com.br\/hospital-marcio-cunha\/chikungunya-a-prevencao-para-evitar-a-fase-cronica-da-doenca\/#breadcrumb\"},\"inLanguage\":\"pt-BR\",\"potentialAction\":[{\"@type\":\"ReadAction\",\"target\":[\"https:\/\/www.fsfx.com.br\/hospital-marcio-cunha\/chikungunya-a-prevencao-para-evitar-a-fase-cronica-da-doenca\/\"]}]},{\"@type\":\"ImageObject\",\"inLanguage\":\"pt-BR\",\"@id\":\"https:\/\/www.fsfx.com.br\/hospital-marcio-cunha\/chikungunya-a-prevencao-para-evitar-a-fase-cronica-da-doenca\/#primaryimage\",\"url\":\"https:\/\/www.fsfx.com.br\/hospital-marcio-cunha\/wp-content\/uploads\/sites\/9\/2024\/01\/iStock-1602788574.jpg\",\"contentUrl\":\"https:\/\/www.fsfx.com.br\/hospital-marcio-cunha\/wp-content\/uploads\/sites\/9\/2024\/01\/iStock-1602788574.jpg\",\"width\":1920,\"height\":1280},{\"@type\":\"BreadcrumbList\",\"@id\":\"https:\/\/www.fsfx.com.br\/hospital-marcio-cunha\/chikungunya-a-prevencao-para-evitar-a-fase-cronica-da-doenca\/#breadcrumb\",\"itemListElement\":[{\"@type\":\"ListItem\",\"position\":1,\"name\":\"In\u00edcio\",\"item\":\"https:\/\/www.fsfx.com.br\/hospital-marcio-cunha\/\"},{\"@type\":\"ListItem\",\"position\":2,\"name\":\"Chikungunya: a preven\u00e7\u00e3o para evitar a fase cr\u00f4nica da doen\u00e7a\"}]},{\"@type\":\"WebSite\",\"@id\":\"https:\/\/www.fsfx.com.br\/hospital-marcio-cunha\/#website\",\"url\":\"https:\/\/www.fsfx.com.br\/hospital-marcio-cunha\/\",\"name\":\"Hospital M\u00e1rcio Cunha\",\"description\":\"O Hospital M\u00e1rcio Cunha (HMC) \u00e9 um hospital geral de alta complexidade, com 558 leitos e tr\u00eas unidades, sendo uma unidade exclusiva para o tratamento oncol\u00f3gico.\",\"publisher\":{\"@id\":\"https:\/\/www.fsfx.com.br\/hospital-marcio-cunha\/#organization\"},\"potentialAction\":[{\"@type\":\"SearchAction\",\"target\":{\"@type\":\"EntryPoint\",\"urlTemplate\":\"https:\/\/www.fsfx.com.br\/hospital-marcio-cunha\/?s={search_term_string}\"},\"query-input\":{\"@type\":\"PropertyValueSpecification\",\"valueRequired\":true,\"valueName\":\"search_term_string\"}}],\"inLanguage\":\"pt-BR\"},{\"@type\":\"Organization\",\"@id\":\"https:\/\/www.fsfx.com.br\/hospital-marcio-cunha\/#organization\",\"name\":\"HMC - Hospital M\u00e1rcio Cunha\",\"url\":\"https:\/\/www.fsfx.com.br\/hospital-marcio-cunha\/\",\"logo\":{\"@type\":\"ImageObject\",\"inLanguage\":\"pt-BR\",\"@id\":\"https:\/\/www.fsfx.com.br\/hospital-marcio-cunha\/#\/schema\/logo\/image\/\",\"url\":\"https:\/\/www.fsfx.com.br\/hospital-marcio-cunha\/wp-content\/uploads\/sites\/9\/2022\/04\/logo-hmc-color.png\",\"contentUrl\":\"https:\/\/www.fsfx.com.br\/hospital-marcio-cunha\/wp-content\/uploads\/sites\/9\/2022\/04\/logo-hmc-color.png\",\"width\":264,\"height\":59,\"caption\":\"HMC - Hospital M\u00e1rcio Cunha\"},\"image\":{\"@id\":\"https:\/\/www.fsfx.com.br\/hospital-marcio-cunha\/#\/schema\/logo\/image\/\"}},{\"@type\":\"Person\",\"@id\":\"https:\/\/www.fsfx.com.br\/hospital-marcio-cunha\/#\/schema\/person\/6bf2cced2b7a5d5d78f5610fc8f52504\",\"name\":\"C\u00e1ssio Santana\",\"image\":{\"@type\":\"ImageObject\",\"inLanguage\":\"pt-BR\",\"@id\":\"https:\/\/www.fsfx.com.br\/hospital-marcio-cunha\/#\/schema\/person\/image\/\",\"url\":\"https:\/\/secure.gravatar.com\/avatar\/ef79739de3edd2f5c2e7c4930b0808c62af99fc5520eaadc7899948f8bc6d2e1?s=96&d=mm&r=g\",\"contentUrl\":\"https:\/\/secure.gravatar.com\/avatar\/ef79739de3edd2f5c2e7c4930b0808c62af99fc5520eaadc7899948f8bc6d2e1?s=96&d=mm&r=g\",\"caption\":\"C\u00e1ssio Santana\"},\"url\":\"https:\/\/www.fsfx.com.br\/hospital-marcio-cunha\/author\/cassio\/\"}]}<\/script>\n<!-- \/ Yoast SEO plugin. -->","yoast_head_json":{"title":"Chikungunya: a preven\u00e7\u00e3o para evitar a fase cr\u00f4nica da doen\u00e7a - Hospital M\u00e1rcio Cunha","robots":{"index":"index","follow":"follow","max-snippet":"max-snippet:-1","max-image-preview":"max-image-preview:large","max-video-preview":"max-video-preview:-1"},"canonical":"https:\/\/www.fsfx.com.br\/hospital-marcio-cunha\/chikungunya-a-prevencao-para-evitar-a-fase-cronica-da-doenca\/","og_locale":"pt_BR","og_type":"article","og_title":"Chikungunya: a preven\u00e7\u00e3o para evitar a fase cr\u00f4nica da doen\u00e7a - Hospital M\u00e1rcio Cunha","og_description":"Reumatologista do Hospital M\u00e1rcio Cunha orienta sobre os fatores de risco e os sintomas que podem desencadear a cronifica\u00e7\u00e3o da doen\u00e7a, que \u00e9 transmitida pelo mosquito Aedes aegypti. Em meio ao panorama crescente do surto de arboviroses (doen\u00e7as causadas por v\u00edrus transmitidos pelo mosquito Aedes aegypti), a Secretaria de Sa\u00fade do Estado de Minas Gerais, [&hellip;]","og_url":"https:\/\/www.fsfx.com.br\/hospital-marcio-cunha\/chikungunya-a-prevencao-para-evitar-a-fase-cronica-da-doenca\/","og_site_name":"Hospital M\u00e1rcio Cunha","article_published_time":"2024-01-26T15:24:24+00:00","og_image":[{"width":1920,"height":1280,"url":"https:\/\/www.fsfx.com.br\/hospital-marcio-cunha\/wp-content\/uploads\/sites\/9\/2024\/01\/iStock-1602788574.jpg","type":"image\/jpeg"}],"author":"C\u00e1ssio Santana","twitter_card":"summary_large_image","twitter_misc":{"Escrito por":"C\u00e1ssio Santana","Est. tempo de leitura":"3 minutos"},"schema":{"@context":"https:\/\/schema.org","@graph":[{"@type":"Article","@id":"https:\/\/www.fsfx.com.br\/hospital-marcio-cunha\/chikungunya-a-prevencao-para-evitar-a-fase-cronica-da-doenca\/#article","isPartOf":{"@id":"https:\/\/www.fsfx.com.br\/hospital-marcio-cunha\/chikungunya-a-prevencao-para-evitar-a-fase-cronica-da-doenca\/"},"author":{"name":"C\u00e1ssio Santana","@id":"https:\/\/www.fsfx.com.br\/hospital-marcio-cunha\/#\/schema\/person\/6bf2cced2b7a5d5d78f5610fc8f52504"},"headline":"Chikungunya: a preven\u00e7\u00e3o para evitar a fase cr\u00f4nica da doen\u00e7a","datePublished":"2024-01-26T15:24:24+00:00","mainEntityOfPage":{"@id":"https:\/\/www.fsfx.com.br\/hospital-marcio-cunha\/chikungunya-a-prevencao-para-evitar-a-fase-cronica-da-doenca\/"},"wordCount":571,"commentCount":0,"publisher":{"@id":"https:\/\/www.fsfx.com.br\/hospital-marcio-cunha\/#organization"},"image":{"@id":"https:\/\/www.fsfx.com.br\/hospital-marcio-cunha\/chikungunya-a-prevencao-para-evitar-a-fase-cronica-da-doenca\/#primaryimage"},"thumbnailUrl":"https:\/\/www.fsfx.com.br\/hospital-marcio-cunha\/wp-content\/uploads\/sites\/9\/2024\/01\/iStock-1602788574.jpg","articleSection":["Sa\u00fade"],"inLanguage":"pt-BR","potentialAction":[{"@type":"CommentAction","name":"Comment","target":["https:\/\/www.fsfx.com.br\/hospital-marcio-cunha\/chikungunya-a-prevencao-para-evitar-a-fase-cronica-da-doenca\/#respond"]}]},{"@type":"WebPage","@id":"https:\/\/www.fsfx.com.br\/hospital-marcio-cunha\/chikungunya-a-prevencao-para-evitar-a-fase-cronica-da-doenca\/","url":"https:\/\/www.fsfx.com.br\/hospital-marcio-cunha\/chikungunya-a-prevencao-para-evitar-a-fase-cronica-da-doenca\/","name":"Chikungunya: a preven\u00e7\u00e3o para evitar a fase cr\u00f4nica da doen\u00e7a - Hospital M\u00e1rcio Cunha","isPartOf":{"@id":"https:\/\/www.fsfx.com.br\/hospital-marcio-cunha\/#website"},"primaryImageOfPage":{"@id":"https:\/\/www.fsfx.com.br\/hospital-marcio-cunha\/chikungunya-a-prevencao-para-evitar-a-fase-cronica-da-doenca\/#primaryimage"},"image":{"@id":"https:\/\/www.fsfx.com.br\/hospital-marcio-cunha\/chikungunya-a-prevencao-para-evitar-a-fase-cronica-da-doenca\/#primaryimage"},"thumbnailUrl":"https:\/\/www.fsfx.com.br\/hospital-marcio-cunha\/wp-content\/uploads\/sites\/9\/2024\/01\/iStock-1602788574.jpg","datePublished":"2024-01-26T15:24:24+00:00","breadcrumb":{"@id":"https:\/\/www.fsfx.com.br\/hospital-marcio-cunha\/chikungunya-a-prevencao-para-evitar-a-fase-cronica-da-doenca\/#breadcrumb"},"inLanguage":"pt-BR","potentialAction":[{"@type":"ReadAction","target":["https:\/\/www.fsfx.com.br\/hospital-marcio-cunha\/chikungunya-a-prevencao-para-evitar-a-fase-cronica-da-doenca\/"]}]},{"@type":"ImageObject","inLanguage":"pt-BR","@id":"https:\/\/www.fsfx.com.br\/hospital-marcio-cunha\/chikungunya-a-prevencao-para-evitar-a-fase-cronica-da-doenca\/#primaryimage","url":"https:\/\/www.fsfx.com.br\/hospital-marcio-cunha\/wp-content\/uploads\/sites\/9\/2024\/01\/iStock-1602788574.jpg","contentUrl":"https:\/\/www.fsfx.com.br\/hospital-marcio-cunha\/wp-content\/uploads\/sites\/9\/2024\/01\/iStock-1602788574.jpg","width":1920,"height":1280},{"@type":"BreadcrumbList","@id":"https:\/\/www.fsfx.com.br\/hospital-marcio-cunha\/chikungunya-a-prevencao-para-evitar-a-fase-cronica-da-doenca\/#breadcrumb","itemListElement":[{"@type":"ListItem","position":1,"name":"In\u00edcio","item":"https:\/\/www.fsfx.com.br\/hospital-marcio-cunha\/"},{"@type":"ListItem","position":2,"name":"Chikungunya: a preven\u00e7\u00e3o para evitar a fase cr\u00f4nica da doen\u00e7a"}]},{"@type":"WebSite","@id":"https:\/\/www.fsfx.com.br\/hospital-marcio-cunha\/#website","url":"https:\/\/www.fsfx.com.br\/hospital-marcio-cunha\/","name":"Hospital M\u00e1rcio Cunha","description":"O Hospital M\u00e1rcio Cunha (HMC) \u00e9 um hospital geral de alta complexidade, com 558 leitos e tr\u00eas unidades, sendo uma unidade exclusiva para o tratamento oncol\u00f3gico.","publisher":{"@id":"https:\/\/www.fsfx.com.br\/hospital-marcio-cunha\/#organization"},"potentialAction":[{"@type":"SearchAction","target":{"@type":"EntryPoint","urlTemplate":"https:\/\/www.fsfx.com.br\/hospital-marcio-cunha\/?s={search_term_string}"},"query-input":{"@type":"PropertyValueSpecification","valueRequired":true,"valueName":"search_term_string"}}],"inLanguage":"pt-BR"},{"@type":"Organization","@id":"https:\/\/www.fsfx.com.br\/hospital-marcio-cunha\/#organization","name":"HMC - Hospital M\u00e1rcio Cunha","url":"https:\/\/www.fsfx.com.br\/hospital-marcio-cunha\/","logo":{"@type":"ImageObject","inLanguage":"pt-BR","@id":"https:\/\/www.fsfx.com.br\/hospital-marcio-cunha\/#\/schema\/logo\/image\/","url":"https:\/\/www.fsfx.com.br\/hospital-marcio-cunha\/wp-content\/uploads\/sites\/9\/2022\/04\/logo-hmc-color.png","contentUrl":"https:\/\/www.fsfx.com.br\/hospital-marcio-cunha\/wp-content\/uploads\/sites\/9\/2022\/04\/logo-hmc-color.png","width":264,"height":59,"caption":"HMC - Hospital M\u00e1rcio Cunha"},"image":{"@id":"https:\/\/www.fsfx.com.br\/hospital-marcio-cunha\/#\/schema\/logo\/image\/"}},{"@type":"Person","@id":"https:\/\/www.fsfx.com.br\/hospital-marcio-cunha\/#\/schema\/person\/6bf2cced2b7a5d5d78f5610fc8f52504","name":"C\u00e1ssio Santana","image":{"@type":"ImageObject","inLanguage":"pt-BR","@id":"https:\/\/www.fsfx.com.br\/hospital-marcio-cunha\/#\/schema\/person\/image\/","url":"https:\/\/secure.gravatar.com\/avatar\/ef79739de3edd2f5c2e7c4930b0808c62af99fc5520eaadc7899948f8bc6d2e1?s=96&d=mm&r=g","contentUrl":"https:\/\/secure.gravatar.com\/avatar\/ef79739de3edd2f5c2e7c4930b0808c62af99fc5520eaadc7899948f8bc6d2e1?s=96&d=mm&r=g","caption":"C\u00e1ssio Santana"},"url":"https:\/\/www.fsfx.com.br\/hospital-marcio-cunha\/author\/cassio\/"}]}},"_links":{"self":[{"href":"https:\/\/www.fsfx.com.br\/hospital-marcio-cunha\/wp-json\/wp\/v2\/posts\/11717","targetHints":{"allow":["GET"]}}],"collection":[{"href":"https:\/\/www.fsfx.com.br\/hospital-marcio-cunha\/wp-json\/wp\/v2\/posts"}],"about":[{"href":"https:\/\/www.fsfx.com.br\/hospital-marcio-cunha\/wp-json\/wp\/v2\/types\/post"}],"author":[{"embeddable":true,"href":"https:\/\/www.fsfx.com.br\/hospital-marcio-cunha\/wp-json\/wp\/v2\/users\/6"}],"replies":[{"embeddable":true,"href":"https:\/\/www.fsfx.com.br\/hospital-marcio-cunha\/wp-json\/wp\/v2\/comments?post=11717"}],"version-history":[{"count":1,"href":"https:\/\/www.fsfx.com.br\/hospital-marcio-cunha\/wp-json\/wp\/v2\/posts\/11717\/revisions"}],"predecessor-version":[{"id":11719,"href":"https:\/\/www.fsfx.com.br\/hospital-marcio-cunha\/wp-json\/wp\/v2\/posts\/11717\/revisions\/11719"}],"wp:featuredmedia":[{"embeddable":true,"href":"https:\/\/www.fsfx.com.br\/hospital-marcio-cunha\/wp-json\/wp\/v2\/media\/11718"}],"wp:attachment":[{"href":"https:\/\/www.fsfx.com.br\/hospital-marcio-cunha\/wp-json\/wp\/v2\/media?parent=11717"}],"wp:term":[{"taxonomy":"category","embeddable":true,"href":"https:\/\/www.fsfx.com.br\/hospital-marcio-cunha\/wp-json\/wp\/v2\/categories?post=11717"},{"taxonomy":"post_tag","embeddable":true,"href":"https:\/\/www.fsfx.com.br\/hospital-marcio-cunha\/wp-json\/wp\/v2\/tags?post=11717"}],"curies":[{"name":"wp","href":"https:\/\/api.w.org\/{rel}","templated":true}]}}