{"id":11831,"date":"2024-02-15T08:34:13","date_gmt":"2024-02-15T11:34:13","guid":{"rendered":"https:\/\/www.fsfx.com.br\/hospital-marcio-cunha\/?p=11831"},"modified":"2024-02-15T08:34:13","modified_gmt":"2024-02-15T11:34:13","slug":"cancer-infantil-oncologista-pediatrico-do-hmc-destaca-importancia-do-diagnostico-precoce-assistencia-especializada-e-humanizacao","status":"publish","type":"post","link":"https:\/\/www.fsfx.com.br\/hospital-marcio-cunha\/cancer-infantil-oncologista-pediatrico-do-hmc-destaca-importancia-do-diagnostico-precoce-assistencia-especializada-e-humanizacao\/","title":{"rendered":"C\u00e2ncer Infantil: oncologista pedi\u00e1trico do HMC destaca import\u00e2ncia do diagn\u00f3stico precoce, assist\u00eancia especializada e humaniza\u00e7\u00e3o"},"content":{"rendered":"<p><em>Unidade \u00e9 <\/em><em>refer\u00eancia para 1,3 milh\u00f5es de habitantes em 67 munic\u00edpios, para tratamentos de diferentes tipos de c\u00e2ncer infantil.<\/em><\/p>\n<p>Na semana em que \u00e9 comemorado o Dia Internacional de Combate ao C\u00e2ncer Infantil (15 de fevereiro), a Funda\u00e7\u00e3o S\u00e3o Francisco Xavier, tendo em seus pilares o compromisso com a promo\u00e7\u00e3o da sa\u00fade, une-se a essa causa para orientar e conscientizar a popula\u00e7\u00e3o sobre a import\u00e2ncia do diagn\u00f3stico precoce e do tratamento das neoplasias em crian\u00e7as e adolescentes, por meio de uma equipe multidisciplinar e acolhimento humanizado na oncologia pedi\u00e1trica.<\/p>\n<p>Segundo dados do Instituto Nacional de C\u00e2ncer (INCA), o c\u00e2ncer pedi\u00e1trico (de 0 a 19 anos de idade) representa 3% do total da doen\u00e7a em adultos. Os tumores mais frequentes na inf\u00e2ncia e na adolesc\u00eancia s\u00e3o as leucemias (que afetam os gl\u00f3bulos brancos), os que atingem o sistema nervoso central e os linfomas (sistema linf\u00e1tico).<\/p>\n<p>Com um espa\u00e7o dedicado e humanizado, instalado nas depend\u00eancias do HMC II, batizado de Submarino M\u00e1gico, a unidade realiza procedimentos como quimioterapia, radioterapia, exames de diagn\u00f3stico por imagem e medicina nuclear, al\u00e9m de consultas e exames ambulatoriais. Em 2023, o n\u00facleo oncol\u00f3gico pedi\u00e1trico do HMC realizou cerca de 1.200 sess\u00f5es de quimioterapia, 900 consultas e 300 interna\u00e7\u00f5es pedi\u00e1tricas.<\/p>\n<p>&nbsp;<\/p>\n<p>Para Lucas Teiichi, oncologista pedi\u00e1trico e respons\u00e1vel t\u00e9cnico da oncologia pedi\u00e1trica do Hospital M\u00e1rcio Cunha, o Submarino M\u00e1gico tem o prop\u00f3sito de oferecer aos pacientes, al\u00e9m de uma assist\u00eancia em sa\u00fade de alta excel\u00eancia, um ambiente humanizado, que visa garantir que os pacientes e seus familiares se sintam acolhidos em cada etapa do tratamento. \u201cO nosso intuito \u00e9 promover tratamentos de qualidade em um ambiente menos traum\u00e1tico e com menos sofrimento para as crian\u00e7as. A ideia de promover a\u00e7\u00f5es l\u00fadicas, desde a estrutura da unidade, at\u00e9 as atividades de humaniza\u00e7\u00e3o, v\u00e3o de encontro a esse objetivo\u201d, afirma.<\/p>\n<p><img fetchpriority=\"high\" decoding=\"async\" class=\"alignnone size-medium wp-image-15305\" src=\"https:\/\/www.fsfx.com.br\/wp-content\/uploads\/2024\/02\/Lucas-Teiichi-oncologista-pediatrico-e-responsavel-tecnico-da-oncologia-pediatrica-do-HMC-1-300x225.jpeg\" alt=\"\" width=\"300\" height=\"225\" \/><\/p>\n<p><em>Foto:Lucas Teiichi, oncologista pedi\u00e1trico da FSFX<\/em><\/p>\n<p>O c\u00e2ncer infantil \u00e9 uma doen\u00e7a cur\u00e1vel, com \u00edndices que chegam at\u00e9 70% de remiss\u00e3o, se descoberto precocemente. \u201cA melhor forma de atuar sobre os tumores nas crian\u00e7as \u00e9 quando a doen\u00e7a ainda est\u00e1 em seus est\u00e1gios iniciais. Assim, h\u00e1 maior chance de sucesso no tratamento, muitas vezes menos agressivo, com melhor progn\u00f3stico para a crian\u00e7a e menor risco de efeitos colaterais\u201d, explica o especialista.<\/p>\n<p>O c\u00e2ncer em crian\u00e7as tem caracter\u00edsticas diferentes dos adultos e, muitas vezes, pode ter sintomas semelhantes a doen\u00e7as comuns na inf\u00e2ncia. Entre os sinais mais comuns est\u00e3o perda de peso, dor nos ossos ou articula\u00e7\u00f5es, v\u00f4mitos, caro\u00e7os que n\u00e3o diminuem (geralmente no pesco\u00e7o, axilas, virilhas e abd\u00f4men), aumento de volume na barriga, manchas roxas na pele, cansa\u00e7o persistente, palidez, entre outros. \u201c\u00c9 importante ressaltar que a informa\u00e7\u00e3o e conscientiza\u00e7\u00e3o s\u00e3o palavras-chave para a preven\u00e7\u00e3o e o controle da doen\u00e7a. Quanto mais precoce o diagn\u00f3stico do c\u00e2ncer infantil, melhores as chances de sucesso do tratamento\u201d, ressalta Dr. Lucas.<\/p>\n<p>&nbsp;<\/p>\n<p><strong>Submarino M\u00e1gico<\/strong><\/p>\n<p>Criado em 2015 para atendimentos do Sistema \u00danico de Sa\u00fade (SUS) e Sa\u00fade Suplementar, o Submarino M\u00e1gico e a unidade de oncologia adulta do HMC s\u00e3o pioneiros na regi\u00e3o leste de Minas Gerais, sendo refer\u00eancia para 1,3 milh\u00f5es de habitantes em 67 munic\u00edpios, para tratamentos de diferentes tipos de c\u00e2ncer, como leucemia aguda, tumores do sistema nervoso central e linfomas. As instala\u00e7\u00f5es da oncologia pedi\u00e1trica foram criadas em formato l\u00fadico, ocupam uma \u00e1rea de 275 m\u00b2, composta por equipamentos inovadores, nove leitos de interna\u00e7\u00e3o, sala de infus\u00e3o com poltronas para quimioterapia, consult\u00f3rios, brinquedoteca, suporte de equipe multiprofissional e \u00e1rea de conviv\u00eancia. Na assist\u00eancia, a oncologia pedi\u00e1trica conta com uma equipe multidisciplinar composta por profissionais da psicologia, enfermagem, pedagogia, fisioterapia, nutri\u00e7\u00e3o e fonoaudiologia.<\/p>\n<p><img decoding=\"async\" class=\"alignnone wp-image-15303 size-large\" src=\"https:\/\/www.fsfx.com.br\/wp-content\/uploads\/2024\/02\/Oncologia-Pediatrica-5-1024x683.jpg\" alt=\"\" width=\"1024\" height=\"683\" \/><\/p>\n<p><em>Foto: Oncologia pedi\u00e1trica do Hospital M\u00e1rcio Cunha, o Submarino M\u00e1gico.<\/em><\/p>\n","protected":false},"excerpt":{"rendered":"<p>Unidade \u00e9 refer\u00eancia para 1,3 milh\u00f5es de habitantes em 67 munic\u00edpios, para tratamentos de diferentes tipos de c\u00e2ncer infantil. Na semana em que \u00e9 comemorado o Dia Internacional de Combate ao C\u00e2ncer Infantil (15 de fevereiro), a Funda\u00e7\u00e3o S\u00e3o Francisco Xavier, tendo em seus pilares o compromisso com a promo\u00e7\u00e3o da sa\u00fade, une-se a essa [&hellip;]<\/p>\n","protected":false},"author":14,"featured_media":11832,"comment_status":"open","ping_status":"open","sticky":false,"template":"","format":"standard","meta":{"_acf_changed":false,"site-sidebar-layout":"default","site-content-layout":"","ast-site-content-layout":"default","site-content-style":"default","site-sidebar-style":"default","ast-global-header-display":"","ast-banner-title-visibility":"","ast-main-header-display":"","ast-hfb-above-header-display":"","ast-hfb-below-header-display":"","ast-hfb-mobile-header-display":"","site-post-title":"","ast-breadcrumbs-content":"","ast-featured-img":"","footer-sml-layout":"","theme-transparent-header-meta":"","adv-header-id-meta":"","stick-header-meta":"","header-above-stick-meta":"","header-main-stick-meta":"","header-below-stick-meta":"","astra-migrate-meta-layouts":"default","ast-page-background-enabled":"default","ast-page-background-meta":{"desktop":{"background-color":"var(--ast-global-color-4)","background-image":"","background-repeat":"repeat","background-position":"center center","background-size":"auto","background-attachment":"scroll","background-type":"","background-media":"","overlay-type":"","overlay-color":"","overlay-opacity":"","overlay-gradient":""},"tablet":{"background-color":"","background-image":"","background-repeat":"repeat","background-position":"center center","background-size":"auto","background-attachment":"scroll","background-type":"","background-media":"","overlay-type":"","overlay-color":"","overlay-opacity":"","overlay-gradient":""},"mobile":{"background-color":"","background-image":"","background-repeat":"repeat","background-position":"center center","background-size":"auto","background-attachment":"scroll","background-type":"","background-media":"","overlay-type":"","overlay-color":"","overlay-opacity":"","overlay-gradient":""}},"ast-content-background-meta":{"desktop":{"background-color":"var(--ast-global-color-5)","background-image":"","background-repeat":"repeat","background-position":"center center","background-size":"auto","background-attachment":"scroll","background-type":"","background-media":"","overlay-type":"","overlay-color":"","overlay-opacity":"","overlay-gradient":""},"tablet":{"background-color":"var(--ast-global-color-5)","background-image":"","background-repeat":"repeat","background-position":"center center","background-size":"auto","background-attachment":"scroll","background-type":"","background-media":"","overlay-type":"","overlay-color":"","overlay-opacity":"","overlay-gradient":""},"mobile":{"background-color":"var(--ast-global-color-5)","background-image":"","background-repeat":"repeat","background-position":"center center","background-size":"auto","background-attachment":"scroll","background-type":"","background-media":"","overlay-type":"","overlay-color":"","overlay-opacity":"","overlay-gradient":""}},"footnotes":""},"categories":[24],"tags":[],"class_list":["post-11831","post","type-post","status-publish","format-standard","has-post-thumbnail","hentry","category-saude"],"acf":[],"yoast_head":"<!-- This site is optimized with the Yoast SEO plugin v26.9 - https:\/\/yoast.com\/product\/yoast-seo-wordpress\/ -->\n<title>C\u00e2ncer Infantil: oncologista pedi\u00e1trico do HMC destaca import\u00e2ncia do diagn\u00f3stico precoce, assist\u00eancia especializada e humaniza\u00e7\u00e3o - Hospital M\u00e1rcio Cunha<\/title>\n<meta name=\"robots\" content=\"index, follow, max-snippet:-1, max-image-preview:large, max-video-preview:-1\" \/>\n<link rel=\"canonical\" href=\"https:\/\/www.fsfx.com.br\/hospital-marcio-cunha\/cancer-infantil-oncologista-pediatrico-do-hmc-destaca-importancia-do-diagnostico-precoce-assistencia-especializada-e-humanizacao\/\" \/>\n<meta property=\"og:locale\" content=\"pt_BR\" \/>\n<meta property=\"og:type\" content=\"article\" \/>\n<meta property=\"og:title\" content=\"C\u00e2ncer Infantil: oncologista pedi\u00e1trico do HMC destaca import\u00e2ncia do diagn\u00f3stico precoce, assist\u00eancia especializada e humaniza\u00e7\u00e3o - Hospital M\u00e1rcio Cunha\" \/>\n<meta property=\"og:description\" content=\"Unidade \u00e9 refer\u00eancia para 1,3 milh\u00f5es de habitantes em 67 munic\u00edpios, para tratamentos de diferentes tipos de c\u00e2ncer infantil. Na semana em que \u00e9 comemorado o Dia Internacional de Combate ao C\u00e2ncer Infantil (15 de fevereiro), a Funda\u00e7\u00e3o S\u00e3o Francisco Xavier, tendo em seus pilares o compromisso com a promo\u00e7\u00e3o da sa\u00fade, une-se a essa [&hellip;]\" \/>\n<meta property=\"og:url\" content=\"https:\/\/www.fsfx.com.br\/hospital-marcio-cunha\/cancer-infantil-oncologista-pediatrico-do-hmc-destaca-importancia-do-diagnostico-precoce-assistencia-especializada-e-humanizacao\/\" \/>\n<meta property=\"og:site_name\" content=\"Hospital M\u00e1rcio Cunha\" \/>\n<meta property=\"article:published_time\" content=\"2024-02-15T11:34:13+00:00\" \/>\n<meta property=\"og:image\" content=\"https:\/\/www.fsfx.com.br\/hospital-marcio-cunha\/wp-content\/uploads\/sites\/9\/2024\/02\/Oncologia-Pediatrica-5.jpg\" \/>\n\t<meta property=\"og:image:width\" content=\"1920\" \/>\n\t<meta property=\"og:image:height\" content=\"1281\" \/>\n\t<meta property=\"og:image:type\" content=\"image\/jpeg\" \/>\n<meta name=\"author\" content=\"jenniferdanielle\" \/>\n<meta name=\"twitter:card\" content=\"summary_large_image\" \/>\n<meta name=\"twitter:label1\" content=\"Escrito por\" \/>\n\t<meta name=\"twitter:data1\" content=\"jenniferdanielle\" \/>\n\t<meta name=\"twitter:label2\" content=\"Est. tempo de leitura\" \/>\n\t<meta name=\"twitter:data2\" content=\"4 minutos\" \/>\n<script type=\"application\/ld+json\" class=\"yoast-schema-graph\">{\"@context\":\"https:\/\/schema.org\",\"@graph\":[{\"@type\":\"Article\",\"@id\":\"https:\/\/www.fsfx.com.br\/hospital-marcio-cunha\/cancer-infantil-oncologista-pediatrico-do-hmc-destaca-importancia-do-diagnostico-precoce-assistencia-especializada-e-humanizacao\/#article\",\"isPartOf\":{\"@id\":\"https:\/\/www.fsfx.com.br\/hospital-marcio-cunha\/cancer-infantil-oncologista-pediatrico-do-hmc-destaca-importancia-do-diagnostico-precoce-assistencia-especializada-e-humanizacao\/\"},\"author\":{\"name\":\"jenniferdanielle\",\"@id\":\"https:\/\/www.fsfx.com.br\/hospital-marcio-cunha\/#\/schema\/person\/b974c3b7fe85bfe827f545fdd231c872\"},\"headline\":\"C\u00e2ncer Infantil: oncologista pedi\u00e1trico do HMC destaca import\u00e2ncia do diagn\u00f3stico precoce, assist\u00eancia especializada e humaniza\u00e7\u00e3o\",\"datePublished\":\"2024-02-15T11:34:13+00:00\",\"mainEntityOfPage\":{\"@id\":\"https:\/\/www.fsfx.com.br\/hospital-marcio-cunha\/cancer-infantil-oncologista-pediatrico-do-hmc-destaca-importancia-do-diagnostico-precoce-assistencia-especializada-e-humanizacao\/\"},\"wordCount\":708,\"commentCount\":0,\"publisher\":{\"@id\":\"https:\/\/www.fsfx.com.br\/hospital-marcio-cunha\/#organization\"},\"image\":{\"@id\":\"https:\/\/www.fsfx.com.br\/hospital-marcio-cunha\/cancer-infantil-oncologista-pediatrico-do-hmc-destaca-importancia-do-diagnostico-precoce-assistencia-especializada-e-humanizacao\/#primaryimage\"},\"thumbnailUrl\":\"https:\/\/www.fsfx.com.br\/hospital-marcio-cunha\/wp-content\/uploads\/sites\/9\/2024\/02\/Oncologia-Pediatrica-5.jpg\",\"articleSection\":[\"Sa\u00fade\"],\"inLanguage\":\"pt-BR\",\"potentialAction\":[{\"@type\":\"CommentAction\",\"name\":\"Comment\",\"target\":[\"https:\/\/www.fsfx.com.br\/hospital-marcio-cunha\/cancer-infantil-oncologista-pediatrico-do-hmc-destaca-importancia-do-diagnostico-precoce-assistencia-especializada-e-humanizacao\/#respond\"]}]},{\"@type\":\"WebPage\",\"@id\":\"https:\/\/www.fsfx.com.br\/hospital-marcio-cunha\/cancer-infantil-oncologista-pediatrico-do-hmc-destaca-importancia-do-diagnostico-precoce-assistencia-especializada-e-humanizacao\/\",\"url\":\"https:\/\/www.fsfx.com.br\/hospital-marcio-cunha\/cancer-infantil-oncologista-pediatrico-do-hmc-destaca-importancia-do-diagnostico-precoce-assistencia-especializada-e-humanizacao\/\",\"name\":\"C\u00e2ncer Infantil: oncologista pedi\u00e1trico do HMC destaca import\u00e2ncia do diagn\u00f3stico precoce, assist\u00eancia especializada e humaniza\u00e7\u00e3o - Hospital M\u00e1rcio Cunha\",\"isPartOf\":{\"@id\":\"https:\/\/www.fsfx.com.br\/hospital-marcio-cunha\/#website\"},\"primaryImageOfPage\":{\"@id\":\"https:\/\/www.fsfx.com.br\/hospital-marcio-cunha\/cancer-infantil-oncologista-pediatrico-do-hmc-destaca-importancia-do-diagnostico-precoce-assistencia-especializada-e-humanizacao\/#primaryimage\"},\"image\":{\"@id\":\"https:\/\/www.fsfx.com.br\/hospital-marcio-cunha\/cancer-infantil-oncologista-pediatrico-do-hmc-destaca-importancia-do-diagnostico-precoce-assistencia-especializada-e-humanizacao\/#primaryimage\"},\"thumbnailUrl\":\"https:\/\/www.fsfx.com.br\/hospital-marcio-cunha\/wp-content\/uploads\/sites\/9\/2024\/02\/Oncologia-Pediatrica-5.jpg\",\"datePublished\":\"2024-02-15T11:34:13+00:00\",\"breadcrumb\":{\"@id\":\"https:\/\/www.fsfx.com.br\/hospital-marcio-cunha\/cancer-infantil-oncologista-pediatrico-do-hmc-destaca-importancia-do-diagnostico-precoce-assistencia-especializada-e-humanizacao\/#breadcrumb\"},\"inLanguage\":\"pt-BR\",\"potentialAction\":[{\"@type\":\"ReadAction\",\"target\":[\"https:\/\/www.fsfx.com.br\/hospital-marcio-cunha\/cancer-infantil-oncologista-pediatrico-do-hmc-destaca-importancia-do-diagnostico-precoce-assistencia-especializada-e-humanizacao\/\"]}]},{\"@type\":\"ImageObject\",\"inLanguage\":\"pt-BR\",\"@id\":\"https:\/\/www.fsfx.com.br\/hospital-marcio-cunha\/cancer-infantil-oncologista-pediatrico-do-hmc-destaca-importancia-do-diagnostico-precoce-assistencia-especializada-e-humanizacao\/#primaryimage\",\"url\":\"https:\/\/www.fsfx.com.br\/hospital-marcio-cunha\/wp-content\/uploads\/sites\/9\/2024\/02\/Oncologia-Pediatrica-5.jpg\",\"contentUrl\":\"https:\/\/www.fsfx.com.br\/hospital-marcio-cunha\/wp-content\/uploads\/sites\/9\/2024\/02\/Oncologia-Pediatrica-5.jpg\",\"width\":1920,\"height\":1281},{\"@type\":\"BreadcrumbList\",\"@id\":\"https:\/\/www.fsfx.com.br\/hospital-marcio-cunha\/cancer-infantil-oncologista-pediatrico-do-hmc-destaca-importancia-do-diagnostico-precoce-assistencia-especializada-e-humanizacao\/#breadcrumb\",\"itemListElement\":[{\"@type\":\"ListItem\",\"position\":1,\"name\":\"In\u00edcio\",\"item\":\"https:\/\/www.fsfx.com.br\/hospital-marcio-cunha\/\"},{\"@type\":\"ListItem\",\"position\":2,\"name\":\"C\u00e2ncer Infantil: oncologista pedi\u00e1trico do HMC destaca import\u00e2ncia do diagn\u00f3stico precoce, assist\u00eancia especializada e humaniza\u00e7\u00e3o\"}]},{\"@type\":\"WebSite\",\"@id\":\"https:\/\/www.fsfx.com.br\/hospital-marcio-cunha\/#website\",\"url\":\"https:\/\/www.fsfx.com.br\/hospital-marcio-cunha\/\",\"name\":\"Hospital M\u00e1rcio Cunha\",\"description\":\"O Hospital M\u00e1rcio Cunha (HMC) \u00e9 um hospital geral de alta complexidade, com 558 leitos e tr\u00eas unidades, sendo uma unidade exclusiva para o tratamento oncol\u00f3gico.\",\"publisher\":{\"@id\":\"https:\/\/www.fsfx.com.br\/hospital-marcio-cunha\/#organization\"},\"potentialAction\":[{\"@type\":\"SearchAction\",\"target\":{\"@type\":\"EntryPoint\",\"urlTemplate\":\"https:\/\/www.fsfx.com.br\/hospital-marcio-cunha\/?s={search_term_string}\"},\"query-input\":{\"@type\":\"PropertyValueSpecification\",\"valueRequired\":true,\"valueName\":\"search_term_string\"}}],\"inLanguage\":\"pt-BR\"},{\"@type\":\"Organization\",\"@id\":\"https:\/\/www.fsfx.com.br\/hospital-marcio-cunha\/#organization\",\"name\":\"HMC - Hospital M\u00e1rcio Cunha\",\"url\":\"https:\/\/www.fsfx.com.br\/hospital-marcio-cunha\/\",\"logo\":{\"@type\":\"ImageObject\",\"inLanguage\":\"pt-BR\",\"@id\":\"https:\/\/www.fsfx.com.br\/hospital-marcio-cunha\/#\/schema\/logo\/image\/\",\"url\":\"https:\/\/www.fsfx.com.br\/hospital-marcio-cunha\/wp-content\/uploads\/sites\/9\/2022\/04\/logo-hmc-color.png\",\"contentUrl\":\"https:\/\/www.fsfx.com.br\/hospital-marcio-cunha\/wp-content\/uploads\/sites\/9\/2022\/04\/logo-hmc-color.png\",\"width\":264,\"height\":59,\"caption\":\"HMC - Hospital M\u00e1rcio Cunha\"},\"image\":{\"@id\":\"https:\/\/www.fsfx.com.br\/hospital-marcio-cunha\/#\/schema\/logo\/image\/\"}},{\"@type\":\"Person\",\"@id\":\"https:\/\/www.fsfx.com.br\/hospital-marcio-cunha\/#\/schema\/person\/b974c3b7fe85bfe827f545fdd231c872\",\"name\":\"jenniferdanielle\",\"image\":{\"@type\":\"ImageObject\",\"inLanguage\":\"pt-BR\",\"@id\":\"https:\/\/www.fsfx.com.br\/hospital-marcio-cunha\/#\/schema\/person\/image\/\",\"url\":\"https:\/\/secure.gravatar.com\/avatar\/abf1c3f7bd86388806d07d5636be1e05dcecaab19fd81f5a54e15738a332b208?s=96&d=mm&r=g\",\"contentUrl\":\"https:\/\/secure.gravatar.com\/avatar\/abf1c3f7bd86388806d07d5636be1e05dcecaab19fd81f5a54e15738a332b208?s=96&d=mm&r=g\",\"caption\":\"jenniferdanielle\"},\"url\":\"https:\/\/www.fsfx.com.br\/hospital-marcio-cunha\/author\/jenniferdanielle\/\"}]}<\/script>\n<!-- \/ Yoast SEO plugin. -->","yoast_head_json":{"title":"C\u00e2ncer Infantil: oncologista pedi\u00e1trico do HMC destaca import\u00e2ncia do diagn\u00f3stico precoce, assist\u00eancia especializada e humaniza\u00e7\u00e3o - Hospital M\u00e1rcio Cunha","robots":{"index":"index","follow":"follow","max-snippet":"max-snippet:-1","max-image-preview":"max-image-preview:large","max-video-preview":"max-video-preview:-1"},"canonical":"https:\/\/www.fsfx.com.br\/hospital-marcio-cunha\/cancer-infantil-oncologista-pediatrico-do-hmc-destaca-importancia-do-diagnostico-precoce-assistencia-especializada-e-humanizacao\/","og_locale":"pt_BR","og_type":"article","og_title":"C\u00e2ncer Infantil: oncologista pedi\u00e1trico do HMC destaca import\u00e2ncia do diagn\u00f3stico precoce, assist\u00eancia especializada e humaniza\u00e7\u00e3o - Hospital M\u00e1rcio Cunha","og_description":"Unidade \u00e9 refer\u00eancia para 1,3 milh\u00f5es de habitantes em 67 munic\u00edpios, para tratamentos de diferentes tipos de c\u00e2ncer infantil. Na semana em que \u00e9 comemorado o Dia Internacional de Combate ao C\u00e2ncer Infantil (15 de fevereiro), a Funda\u00e7\u00e3o S\u00e3o Francisco Xavier, tendo em seus pilares o compromisso com a promo\u00e7\u00e3o da sa\u00fade, une-se a essa [&hellip;]","og_url":"https:\/\/www.fsfx.com.br\/hospital-marcio-cunha\/cancer-infantil-oncologista-pediatrico-do-hmc-destaca-importancia-do-diagnostico-precoce-assistencia-especializada-e-humanizacao\/","og_site_name":"Hospital M\u00e1rcio Cunha","article_published_time":"2024-02-15T11:34:13+00:00","og_image":[{"width":1920,"height":1281,"url":"https:\/\/www.fsfx.com.br\/hospital-marcio-cunha\/wp-content\/uploads\/sites\/9\/2024\/02\/Oncologia-Pediatrica-5.jpg","type":"image\/jpeg"}],"author":"jenniferdanielle","twitter_card":"summary_large_image","twitter_misc":{"Escrito por":"jenniferdanielle","Est. tempo de leitura":"4 minutos"},"schema":{"@context":"https:\/\/schema.org","@graph":[{"@type":"Article","@id":"https:\/\/www.fsfx.com.br\/hospital-marcio-cunha\/cancer-infantil-oncologista-pediatrico-do-hmc-destaca-importancia-do-diagnostico-precoce-assistencia-especializada-e-humanizacao\/#article","isPartOf":{"@id":"https:\/\/www.fsfx.com.br\/hospital-marcio-cunha\/cancer-infantil-oncologista-pediatrico-do-hmc-destaca-importancia-do-diagnostico-precoce-assistencia-especializada-e-humanizacao\/"},"author":{"name":"jenniferdanielle","@id":"https:\/\/www.fsfx.com.br\/hospital-marcio-cunha\/#\/schema\/person\/b974c3b7fe85bfe827f545fdd231c872"},"headline":"C\u00e2ncer Infantil: oncologista pedi\u00e1trico do HMC destaca import\u00e2ncia do diagn\u00f3stico precoce, assist\u00eancia especializada e humaniza\u00e7\u00e3o","datePublished":"2024-02-15T11:34:13+00:00","mainEntityOfPage":{"@id":"https:\/\/www.fsfx.com.br\/hospital-marcio-cunha\/cancer-infantil-oncologista-pediatrico-do-hmc-destaca-importancia-do-diagnostico-precoce-assistencia-especializada-e-humanizacao\/"},"wordCount":708,"commentCount":0,"publisher":{"@id":"https:\/\/www.fsfx.com.br\/hospital-marcio-cunha\/#organization"},"image":{"@id":"https:\/\/www.fsfx.com.br\/hospital-marcio-cunha\/cancer-infantil-oncologista-pediatrico-do-hmc-destaca-importancia-do-diagnostico-precoce-assistencia-especializada-e-humanizacao\/#primaryimage"},"thumbnailUrl":"https:\/\/www.fsfx.com.br\/hospital-marcio-cunha\/wp-content\/uploads\/sites\/9\/2024\/02\/Oncologia-Pediatrica-5.jpg","articleSection":["Sa\u00fade"],"inLanguage":"pt-BR","potentialAction":[{"@type":"CommentAction","name":"Comment","target":["https:\/\/www.fsfx.com.br\/hospital-marcio-cunha\/cancer-infantil-oncologista-pediatrico-do-hmc-destaca-importancia-do-diagnostico-precoce-assistencia-especializada-e-humanizacao\/#respond"]}]},{"@type":"WebPage","@id":"https:\/\/www.fsfx.com.br\/hospital-marcio-cunha\/cancer-infantil-oncologista-pediatrico-do-hmc-destaca-importancia-do-diagnostico-precoce-assistencia-especializada-e-humanizacao\/","url":"https:\/\/www.fsfx.com.br\/hospital-marcio-cunha\/cancer-infantil-oncologista-pediatrico-do-hmc-destaca-importancia-do-diagnostico-precoce-assistencia-especializada-e-humanizacao\/","name":"C\u00e2ncer Infantil: oncologista pedi\u00e1trico do HMC destaca import\u00e2ncia do diagn\u00f3stico precoce, assist\u00eancia especializada e humaniza\u00e7\u00e3o - Hospital M\u00e1rcio Cunha","isPartOf":{"@id":"https:\/\/www.fsfx.com.br\/hospital-marcio-cunha\/#website"},"primaryImageOfPage":{"@id":"https:\/\/www.fsfx.com.br\/hospital-marcio-cunha\/cancer-infantil-oncologista-pediatrico-do-hmc-destaca-importancia-do-diagnostico-precoce-assistencia-especializada-e-humanizacao\/#primaryimage"},"image":{"@id":"https:\/\/www.fsfx.com.br\/hospital-marcio-cunha\/cancer-infantil-oncologista-pediatrico-do-hmc-destaca-importancia-do-diagnostico-precoce-assistencia-especializada-e-humanizacao\/#primaryimage"},"thumbnailUrl":"https:\/\/www.fsfx.com.br\/hospital-marcio-cunha\/wp-content\/uploads\/sites\/9\/2024\/02\/Oncologia-Pediatrica-5.jpg","datePublished":"2024-02-15T11:34:13+00:00","breadcrumb":{"@id":"https:\/\/www.fsfx.com.br\/hospital-marcio-cunha\/cancer-infantil-oncologista-pediatrico-do-hmc-destaca-importancia-do-diagnostico-precoce-assistencia-especializada-e-humanizacao\/#breadcrumb"},"inLanguage":"pt-BR","potentialAction":[{"@type":"ReadAction","target":["https:\/\/www.fsfx.com.br\/hospital-marcio-cunha\/cancer-infantil-oncologista-pediatrico-do-hmc-destaca-importancia-do-diagnostico-precoce-assistencia-especializada-e-humanizacao\/"]}]},{"@type":"ImageObject","inLanguage":"pt-BR","@id":"https:\/\/www.fsfx.com.br\/hospital-marcio-cunha\/cancer-infantil-oncologista-pediatrico-do-hmc-destaca-importancia-do-diagnostico-precoce-assistencia-especializada-e-humanizacao\/#primaryimage","url":"https:\/\/www.fsfx.com.br\/hospital-marcio-cunha\/wp-content\/uploads\/sites\/9\/2024\/02\/Oncologia-Pediatrica-5.jpg","contentUrl":"https:\/\/www.fsfx.com.br\/hospital-marcio-cunha\/wp-content\/uploads\/sites\/9\/2024\/02\/Oncologia-Pediatrica-5.jpg","width":1920,"height":1281},{"@type":"BreadcrumbList","@id":"https:\/\/www.fsfx.com.br\/hospital-marcio-cunha\/cancer-infantil-oncologista-pediatrico-do-hmc-destaca-importancia-do-diagnostico-precoce-assistencia-especializada-e-humanizacao\/#breadcrumb","itemListElement":[{"@type":"ListItem","position":1,"name":"In\u00edcio","item":"https:\/\/www.fsfx.com.br\/hospital-marcio-cunha\/"},{"@type":"ListItem","position":2,"name":"C\u00e2ncer Infantil: oncologista pedi\u00e1trico do HMC destaca import\u00e2ncia do diagn\u00f3stico precoce, assist\u00eancia especializada e humaniza\u00e7\u00e3o"}]},{"@type":"WebSite","@id":"https:\/\/www.fsfx.com.br\/hospital-marcio-cunha\/#website","url":"https:\/\/www.fsfx.com.br\/hospital-marcio-cunha\/","name":"Hospital M\u00e1rcio Cunha","description":"O Hospital M\u00e1rcio Cunha (HMC) \u00e9 um hospital geral de alta complexidade, com 558 leitos e tr\u00eas unidades, sendo uma unidade exclusiva para o tratamento oncol\u00f3gico.","publisher":{"@id":"https:\/\/www.fsfx.com.br\/hospital-marcio-cunha\/#organization"},"potentialAction":[{"@type":"SearchAction","target":{"@type":"EntryPoint","urlTemplate":"https:\/\/www.fsfx.com.br\/hospital-marcio-cunha\/?s={search_term_string}"},"query-input":{"@type":"PropertyValueSpecification","valueRequired":true,"valueName":"search_term_string"}}],"inLanguage":"pt-BR"},{"@type":"Organization","@id":"https:\/\/www.fsfx.com.br\/hospital-marcio-cunha\/#organization","name":"HMC - Hospital M\u00e1rcio Cunha","url":"https:\/\/www.fsfx.com.br\/hospital-marcio-cunha\/","logo":{"@type":"ImageObject","inLanguage":"pt-BR","@id":"https:\/\/www.fsfx.com.br\/hospital-marcio-cunha\/#\/schema\/logo\/image\/","url":"https:\/\/www.fsfx.com.br\/hospital-marcio-cunha\/wp-content\/uploads\/sites\/9\/2022\/04\/logo-hmc-color.png","contentUrl":"https:\/\/www.fsfx.com.br\/hospital-marcio-cunha\/wp-content\/uploads\/sites\/9\/2022\/04\/logo-hmc-color.png","width":264,"height":59,"caption":"HMC - Hospital M\u00e1rcio Cunha"},"image":{"@id":"https:\/\/www.fsfx.com.br\/hospital-marcio-cunha\/#\/schema\/logo\/image\/"}},{"@type":"Person","@id":"https:\/\/www.fsfx.com.br\/hospital-marcio-cunha\/#\/schema\/person\/b974c3b7fe85bfe827f545fdd231c872","name":"jenniferdanielle","image":{"@type":"ImageObject","inLanguage":"pt-BR","@id":"https:\/\/www.fsfx.com.br\/hospital-marcio-cunha\/#\/schema\/person\/image\/","url":"https:\/\/secure.gravatar.com\/avatar\/abf1c3f7bd86388806d07d5636be1e05dcecaab19fd81f5a54e15738a332b208?s=96&d=mm&r=g","contentUrl":"https:\/\/secure.gravatar.com\/avatar\/abf1c3f7bd86388806d07d5636be1e05dcecaab19fd81f5a54e15738a332b208?s=96&d=mm&r=g","caption":"jenniferdanielle"},"url":"https:\/\/www.fsfx.com.br\/hospital-marcio-cunha\/author\/jenniferdanielle\/"}]}},"_links":{"self":[{"href":"https:\/\/www.fsfx.com.br\/hospital-marcio-cunha\/wp-json\/wp\/v2\/posts\/11831","targetHints":{"allow":["GET"]}}],"collection":[{"href":"https:\/\/www.fsfx.com.br\/hospital-marcio-cunha\/wp-json\/wp\/v2\/posts"}],"about":[{"href":"https:\/\/www.fsfx.com.br\/hospital-marcio-cunha\/wp-json\/wp\/v2\/types\/post"}],"author":[{"embeddable":true,"href":"https:\/\/www.fsfx.com.br\/hospital-marcio-cunha\/wp-json\/wp\/v2\/users\/14"}],"replies":[{"embeddable":true,"href":"https:\/\/www.fsfx.com.br\/hospital-marcio-cunha\/wp-json\/wp\/v2\/comments?post=11831"}],"version-history":[{"count":1,"href":"https:\/\/www.fsfx.com.br\/hospital-marcio-cunha\/wp-json\/wp\/v2\/posts\/11831\/revisions"}],"predecessor-version":[{"id":11833,"href":"https:\/\/www.fsfx.com.br\/hospital-marcio-cunha\/wp-json\/wp\/v2\/posts\/11831\/revisions\/11833"}],"wp:featuredmedia":[{"embeddable":true,"href":"https:\/\/www.fsfx.com.br\/hospital-marcio-cunha\/wp-json\/wp\/v2\/media\/11832"}],"wp:attachment":[{"href":"https:\/\/www.fsfx.com.br\/hospital-marcio-cunha\/wp-json\/wp\/v2\/media?parent=11831"}],"wp:term":[{"taxonomy":"category","embeddable":true,"href":"https:\/\/www.fsfx.com.br\/hospital-marcio-cunha\/wp-json\/wp\/v2\/categories?post=11831"},{"taxonomy":"post_tag","embeddable":true,"href":"https:\/\/www.fsfx.com.br\/hospital-marcio-cunha\/wp-json\/wp\/v2\/tags?post=11831"}],"curies":[{"name":"wp","href":"https:\/\/api.w.org\/{rel}","templated":true}]}}