{"id":11865,"date":"2024-03-01T15:21:38","date_gmt":"2024-03-01T18:21:38","guid":{"rendered":"https:\/\/www.fsfx.com.br\/hospital-marcio-cunha\/?p=11865"},"modified":"2024-03-04T08:21:58","modified_gmt":"2024-03-04T11:21:58","slug":"dia-mundial-da-obesidade-especialista-reforca-a-importancia-de-falar-sobre-a-prevencao-os-cuidados-necessarios-e-o-tratamento","status":"publish","type":"post","link":"https:\/\/www.fsfx.com.br\/hospital-marcio-cunha\/dia-mundial-da-obesidade-especialista-reforca-a-importancia-de-falar-sobre-a-prevencao-os-cuidados-necessarios-e-o-tratamento\/","title":{"rendered":"Dia Mundial da Obesidade: especialista refor\u00e7a a import\u00e2ncia de falar sobre a preven\u00e7\u00e3o, os cuidados necess\u00e1rios e o tratamento"},"content":{"rendered":"<p>Caracterizada pelo ac\u00famulo de gordura corporal, a obesidade pode acarretar graves problemas de sa\u00fade e levar at\u00e9 a morte. Segundo dados do IBGE, o Brasil tem cerca de 27 milh\u00f5es de pessoas consideradas obesas. Somando o total de indiv\u00edduos acima do peso, o montante chega a quase 75 milh\u00f5es.<\/p>\n<p>Em alus\u00e3o ao Dia Mundial da Obesidade, celebrado no dia 04 de mar\u00e7o, a Funda\u00e7\u00e3o S\u00e3o Francisco Xavier refor\u00e7a a import\u00e2ncia de falar sobre a preven\u00e7\u00e3o, os cuidados necess\u00e1rios e o tratamento da obesidade, uma doen\u00e7a cr\u00f4nica que leva as pessoas a viverem menos e sem qualidade de vida.<\/p>\n<p><a href=\"https:\/\/usimfsfx.usiminas.su.net\/wp-content\/uploads\/2024\/03\/Dra-Mylian.jpg\"><img fetchpriority=\"high\" decoding=\"async\" class=\"size-medium wp-image-81307 alignright\" src=\"https:\/\/usimfsfx.usiminas.su.net\/wp-content\/uploads\/2024\/03\/Dra-Mylian-250x375.jpg\" alt=\"\" width=\"200\" height=\"300\" \/><\/a>Segundo Milyan Mara Moreira Gomes, m\u00e9dica endocrinologista da Usisa\u00fade, operadora de planos de sa\u00fade da Funda\u00e7\u00e3o S\u00e3o Francisco Xavier, \u00e9 necess\u00e1rio falar sobre essa doen\u00e7a cr\u00f4nica, trazer informa\u00e7\u00f5es seguras, incentivar o tratamento adequado, baseado em evid\u00eancias. \u201c\u00c9 importante que o portador de obesidade saiba que existem estrat\u00e9gias e equipes para acompanhamento e tratamento correto. Que eles n\u00e3o est\u00e3o sozinhos! O tratamento deve ser realizado com acompanhamento de uma equipe multidisciplinar, tem como base uma alimenta\u00e7\u00e3o saud\u00e1vel e atividade f\u00edsica, gerando balan\u00e7o energ\u00e9tico negativo: consumir menos energia do que se gasta. Como outras doen\u00e7as cr\u00f4nicas, a obesidade n\u00e3o tem cura, mas tem controle\u201d.<\/p>\n<p>A obesidade tem causa complexa, mas somente ocorre quando h\u00e1 predisposi\u00e7\u00e3o gen\u00e9tica. Essa vulnerabilidade biol\u00f3gica, que \u00e9 muito comum na popula\u00e7\u00e3o, e o padr\u00e3o alimentar atual da sociedade promovem a epidemia de obesidade. A frequ\u00eancia de obesidade \u00e9 semelhante em homens e mulheres. De acordo com o Atlas Mundial da Obesidade 2023, a incid\u00eancia da obesidade global deve apresentar um crescimento exponencial nos pr\u00f3ximos anos. Apenas no Brasil, a previs\u00e3o \u00e9 de que, at\u00e9 2035, 41% da popula\u00e7\u00e3o adulta conviva com a doen\u00e7a.<\/p>\n<p>\u201c\u00c9 importante alertar que o obeso tem mais propens\u00e3o a desenvolver problemas como hipertens\u00e3o, doen\u00e7as cardiovasculares, diabetes tipo 2, al\u00e9m de problemas f\u00edsicos como artrose, pedra na ves\u00edcula, artrite, cansa\u00e7o, refluxo esof\u00e1gico, tumores de intestino e de ves\u00edcula\u201d, ressalta a m\u00e9dica.<\/p>\n<p>A obesidade causa, ainda, danos psicol\u00f3gicos, acarretando diminui\u00e7\u00e3o da autoestima e depress\u00e3o. \u201cUma curiosidade \u00e9 que est\u00e1 comprovado que relacionamentos sociais e romances s\u00e3o menos frequentes entre obesos, j\u00e1 que eles saem menos de casa devido \u00e0 diminui\u00e7\u00e3o da autoestima. Agora, uma vez existindo, a obesidade pode interferir no relacionamento sexual. Ela est\u00e1 relacionada \u00e0 redu\u00e7\u00e3o da testosterona, o que pode levar a redu\u00e7\u00e3o de libido e a problemas de ere\u00e7\u00e3o nos homens. J\u00e1 nas mulheres, existe uma redu\u00e7\u00e3o dos n\u00edveis de horm\u00f4nio feminino e aumento no n\u00edvel dos masculinizantes. As mulheres podem apresentar aumento de p\u00ealos, irregularidade menstrual e infertilidade. Mas as chances de todos esses problemas se resolverem, com uma perda de peso na ordem de 10%, s\u00e3o bem grandes. Fisicamente, pode ocorrer redu\u00e7\u00e3o do condicionamento, risco de les\u00f5es, altera\u00e7\u00f5es articulares e dores, refor\u00e7a Dra Milyan.<\/p>\n<p>Segundo informa\u00e7\u00f5es publicadas do Minist\u00e9rio da Sa\u00fade, a preven\u00e7\u00e3o geral da obesidade se baseia em manter h\u00e1bitos de vida saud\u00e1veis. Isso inclui, alimenta\u00e7\u00e3o saud\u00e1vel, pr\u00e1tica regular de exerc\u00edcios f\u00edsicos e atividades de lazer que auxiliam na redu\u00e7\u00e3o do estresse e perda de peso. \u201cTer uma alimenta\u00e7\u00e3o saud\u00e1vel, baseada em alimentos in natura; praticar atividades f\u00edsicas; controlar o consumo em excesso de sal e a\u00e7\u00facar; ter um sono adequado, beber pelo menos dois litros de \u00e1gua por dia; evitar o consumo em excesso de bebidas alco\u00f3licas s\u00e3o algumas dicas para a preven\u00e7\u00e3o e controle da obesidade. Vale destacar, ainda, que \u00e9 fundamentar o obeso monitorar a press\u00e3o arterial regularmente, controlar o colesterol e fazer exames preventivos de doen\u00e7as cardiovasculares\u201d, alerta a especialista.<\/p>\n","protected":false},"excerpt":{"rendered":"<p>Caracterizada pelo ac\u00famulo de gordura corporal, a obesidade pode acarretar graves problemas de sa\u00fade e levar at\u00e9 a morte. Segundo dados do IBGE, o Brasil tem cerca de 27 milh\u00f5es de pessoas consideradas obesas. Somando o total de indiv\u00edduos acima do peso, o montante chega a quase 75 milh\u00f5es. Em alus\u00e3o ao Dia Mundial da [&hellip;]<\/p>\n","protected":false},"author":14,"featured_media":11866,"comment_status":"open","ping_status":"open","sticky":false,"template":"","format":"standard","meta":{"_acf_changed":false,"site-sidebar-layout":"default","site-content-layout":"","ast-site-content-layout":"default","site-content-style":"default","site-sidebar-style":"default","ast-global-header-display":"","ast-banner-title-visibility":"","ast-main-header-display":"","ast-hfb-above-header-display":"","ast-hfb-below-header-display":"","ast-hfb-mobile-header-display":"","site-post-title":"","ast-breadcrumbs-content":"","ast-featured-img":"","footer-sml-layout":"","theme-transparent-header-meta":"","adv-header-id-meta":"","stick-header-meta":"","header-above-stick-meta":"","header-main-stick-meta":"","header-below-stick-meta":"","astra-migrate-meta-layouts":"default","ast-page-background-enabled":"default","ast-page-background-meta":{"desktop":{"background-color":"var(--ast-global-color-4)","background-image":"","background-repeat":"repeat","background-position":"center center","background-size":"auto","background-attachment":"scroll","background-type":"","background-media":"","overlay-type":"","overlay-color":"","overlay-opacity":"","overlay-gradient":""},"tablet":{"background-color":"","background-image":"","background-repeat":"repeat","background-position":"center center","background-size":"auto","background-attachment":"scroll","background-type":"","background-media":"","overlay-type":"","overlay-color":"","overlay-opacity":"","overlay-gradient":""},"mobile":{"background-color":"","background-image":"","background-repeat":"repeat","background-position":"center center","background-size":"auto","background-attachment":"scroll","background-type":"","background-media":"","overlay-type":"","overlay-color":"","overlay-opacity":"","overlay-gradient":""}},"ast-content-background-meta":{"desktop":{"background-color":"var(--ast-global-color-5)","background-image":"","background-repeat":"repeat","background-position":"center center","background-size":"auto","background-attachment":"scroll","background-type":"","background-media":"","overlay-type":"","overlay-color":"","overlay-opacity":"","overlay-gradient":""},"tablet":{"background-color":"var(--ast-global-color-5)","background-image":"","background-repeat":"repeat","background-position":"center center","background-size":"auto","background-attachment":"scroll","background-type":"","background-media":"","overlay-type":"","overlay-color":"","overlay-opacity":"","overlay-gradient":""},"mobile":{"background-color":"var(--ast-global-color-5)","background-image":"","background-repeat":"repeat","background-position":"center center","background-size":"auto","background-attachment":"scroll","background-type":"","background-media":"","overlay-type":"","overlay-color":"","overlay-opacity":"","overlay-gradient":""}},"footnotes":""},"categories":[24],"tags":[],"class_list":["post-11865","post","type-post","status-publish","format-standard","has-post-thumbnail","hentry","category-saude"],"acf":[],"yoast_head":"<!-- This site is optimized with the Yoast SEO plugin v26.9 - https:\/\/yoast.com\/product\/yoast-seo-wordpress\/ -->\n<title>Dia Mundial da Obesidade: especialista refor\u00e7a a import\u00e2ncia de falar sobre a preven\u00e7\u00e3o, os cuidados necess\u00e1rios e o tratamento - Hospital M\u00e1rcio Cunha<\/title>\n<meta name=\"robots\" content=\"index, follow, max-snippet:-1, max-image-preview:large, max-video-preview:-1\" \/>\n<link rel=\"canonical\" href=\"https:\/\/www.fsfx.com.br\/hospital-marcio-cunha\/dia-mundial-da-obesidade-especialista-reforca-a-importancia-de-falar-sobre-a-prevencao-os-cuidados-necessarios-e-o-tratamento\/\" \/>\n<meta property=\"og:locale\" content=\"pt_BR\" \/>\n<meta property=\"og:type\" content=\"article\" \/>\n<meta property=\"og:title\" content=\"Dia Mundial da Obesidade: especialista refor\u00e7a a import\u00e2ncia de falar sobre a preven\u00e7\u00e3o, os cuidados necess\u00e1rios e o tratamento - Hospital M\u00e1rcio Cunha\" \/>\n<meta property=\"og:description\" content=\"Caracterizada pelo ac\u00famulo de gordura corporal, a obesidade pode acarretar graves problemas de sa\u00fade e levar at\u00e9 a morte. Segundo dados do IBGE, o Brasil tem cerca de 27 milh\u00f5es de pessoas consideradas obesas. Somando o total de indiv\u00edduos acima do peso, o montante chega a quase 75 milh\u00f5es. Em alus\u00e3o ao Dia Mundial da [&hellip;]\" \/>\n<meta property=\"og:url\" content=\"https:\/\/www.fsfx.com.br\/hospital-marcio-cunha\/dia-mundial-da-obesidade-especialista-reforca-a-importancia-de-falar-sobre-a-prevencao-os-cuidados-necessarios-e-o-tratamento\/\" \/>\n<meta property=\"og:site_name\" content=\"Hospital M\u00e1rcio Cunha\" \/>\n<meta property=\"article:published_time\" content=\"2024-03-01T18:21:38+00:00\" \/>\n<meta property=\"article:modified_time\" content=\"2024-03-04T11:21:58+00:00\" \/>\n<meta property=\"og:image\" content=\"https:\/\/www.fsfx.com.br\/hospital-marcio-cunha\/wp-content\/uploads\/sites\/9\/2024\/03\/Dra-Mylian.jpg\" \/>\n\t<meta property=\"og:image:width\" content=\"1066\" \/>\n\t<meta property=\"og:image:height\" content=\"1600\" \/>\n\t<meta property=\"og:image:type\" content=\"image\/jpeg\" \/>\n<meta name=\"author\" content=\"jenniferdanielle\" \/>\n<meta name=\"twitter:card\" content=\"summary_large_image\" \/>\n<meta name=\"twitter:label1\" content=\"Escrito por\" \/>\n\t<meta name=\"twitter:data1\" content=\"jenniferdanielle\" \/>\n\t<meta name=\"twitter:label2\" content=\"Est. tempo de leitura\" \/>\n\t<meta name=\"twitter:data2\" content=\"4 minutos\" \/>\n<script type=\"application\/ld+json\" class=\"yoast-schema-graph\">{\"@context\":\"https:\/\/schema.org\",\"@graph\":[{\"@type\":\"Article\",\"@id\":\"https:\/\/www.fsfx.com.br\/hospital-marcio-cunha\/dia-mundial-da-obesidade-especialista-reforca-a-importancia-de-falar-sobre-a-prevencao-os-cuidados-necessarios-e-o-tratamento\/#article\",\"isPartOf\":{\"@id\":\"https:\/\/www.fsfx.com.br\/hospital-marcio-cunha\/dia-mundial-da-obesidade-especialista-reforca-a-importancia-de-falar-sobre-a-prevencao-os-cuidados-necessarios-e-o-tratamento\/\"},\"author\":{\"name\":\"jenniferdanielle\",\"@id\":\"https:\/\/www.fsfx.com.br\/hospital-marcio-cunha\/#\/schema\/person\/b974c3b7fe85bfe827f545fdd231c872\"},\"headline\":\"Dia Mundial da Obesidade: especialista refor\u00e7a a import\u00e2ncia de falar sobre a preven\u00e7\u00e3o, os cuidados necess\u00e1rios e o tratamento\",\"datePublished\":\"2024-03-01T18:21:38+00:00\",\"dateModified\":\"2024-03-04T11:21:58+00:00\",\"mainEntityOfPage\":{\"@id\":\"https:\/\/www.fsfx.com.br\/hospital-marcio-cunha\/dia-mundial-da-obesidade-especialista-reforca-a-importancia-de-falar-sobre-a-prevencao-os-cuidados-necessarios-e-o-tratamento\/\"},\"wordCount\":684,\"commentCount\":0,\"publisher\":{\"@id\":\"https:\/\/www.fsfx.com.br\/hospital-marcio-cunha\/#organization\"},\"image\":{\"@id\":\"https:\/\/www.fsfx.com.br\/hospital-marcio-cunha\/dia-mundial-da-obesidade-especialista-reforca-a-importancia-de-falar-sobre-a-prevencao-os-cuidados-necessarios-e-o-tratamento\/#primaryimage\"},\"thumbnailUrl\":\"https:\/\/www.fsfx.com.br\/hospital-marcio-cunha\/wp-content\/uploads\/sites\/9\/2024\/03\/Dra-Mylian.jpg\",\"articleSection\":[\"Sa\u00fade\"],\"inLanguage\":\"pt-BR\",\"potentialAction\":[{\"@type\":\"CommentAction\",\"name\":\"Comment\",\"target\":[\"https:\/\/www.fsfx.com.br\/hospital-marcio-cunha\/dia-mundial-da-obesidade-especialista-reforca-a-importancia-de-falar-sobre-a-prevencao-os-cuidados-necessarios-e-o-tratamento\/#respond\"]}]},{\"@type\":\"WebPage\",\"@id\":\"https:\/\/www.fsfx.com.br\/hospital-marcio-cunha\/dia-mundial-da-obesidade-especialista-reforca-a-importancia-de-falar-sobre-a-prevencao-os-cuidados-necessarios-e-o-tratamento\/\",\"url\":\"https:\/\/www.fsfx.com.br\/hospital-marcio-cunha\/dia-mundial-da-obesidade-especialista-reforca-a-importancia-de-falar-sobre-a-prevencao-os-cuidados-necessarios-e-o-tratamento\/\",\"name\":\"Dia Mundial da Obesidade: especialista refor\u00e7a a import\u00e2ncia de falar sobre a preven\u00e7\u00e3o, os cuidados necess\u00e1rios e o tratamento - Hospital M\u00e1rcio Cunha\",\"isPartOf\":{\"@id\":\"https:\/\/www.fsfx.com.br\/hospital-marcio-cunha\/#website\"},\"primaryImageOfPage\":{\"@id\":\"https:\/\/www.fsfx.com.br\/hospital-marcio-cunha\/dia-mundial-da-obesidade-especialista-reforca-a-importancia-de-falar-sobre-a-prevencao-os-cuidados-necessarios-e-o-tratamento\/#primaryimage\"},\"image\":{\"@id\":\"https:\/\/www.fsfx.com.br\/hospital-marcio-cunha\/dia-mundial-da-obesidade-especialista-reforca-a-importancia-de-falar-sobre-a-prevencao-os-cuidados-necessarios-e-o-tratamento\/#primaryimage\"},\"thumbnailUrl\":\"https:\/\/www.fsfx.com.br\/hospital-marcio-cunha\/wp-content\/uploads\/sites\/9\/2024\/03\/Dra-Mylian.jpg\",\"datePublished\":\"2024-03-01T18:21:38+00:00\",\"dateModified\":\"2024-03-04T11:21:58+00:00\",\"breadcrumb\":{\"@id\":\"https:\/\/www.fsfx.com.br\/hospital-marcio-cunha\/dia-mundial-da-obesidade-especialista-reforca-a-importancia-de-falar-sobre-a-prevencao-os-cuidados-necessarios-e-o-tratamento\/#breadcrumb\"},\"inLanguage\":\"pt-BR\",\"potentialAction\":[{\"@type\":\"ReadAction\",\"target\":[\"https:\/\/www.fsfx.com.br\/hospital-marcio-cunha\/dia-mundial-da-obesidade-especialista-reforca-a-importancia-de-falar-sobre-a-prevencao-os-cuidados-necessarios-e-o-tratamento\/\"]}]},{\"@type\":\"ImageObject\",\"inLanguage\":\"pt-BR\",\"@id\":\"https:\/\/www.fsfx.com.br\/hospital-marcio-cunha\/dia-mundial-da-obesidade-especialista-reforca-a-importancia-de-falar-sobre-a-prevencao-os-cuidados-necessarios-e-o-tratamento\/#primaryimage\",\"url\":\"https:\/\/www.fsfx.com.br\/hospital-marcio-cunha\/wp-content\/uploads\/sites\/9\/2024\/03\/Dra-Mylian.jpg\",\"contentUrl\":\"https:\/\/www.fsfx.com.br\/hospital-marcio-cunha\/wp-content\/uploads\/sites\/9\/2024\/03\/Dra-Mylian.jpg\",\"width\":1066,\"height\":1600},{\"@type\":\"BreadcrumbList\",\"@id\":\"https:\/\/www.fsfx.com.br\/hospital-marcio-cunha\/dia-mundial-da-obesidade-especialista-reforca-a-importancia-de-falar-sobre-a-prevencao-os-cuidados-necessarios-e-o-tratamento\/#breadcrumb\",\"itemListElement\":[{\"@type\":\"ListItem\",\"position\":1,\"name\":\"In\u00edcio\",\"item\":\"https:\/\/www.fsfx.com.br\/hospital-marcio-cunha\/\"},{\"@type\":\"ListItem\",\"position\":2,\"name\":\"Dia Mundial da Obesidade: especialista refor\u00e7a a import\u00e2ncia de falar sobre a preven\u00e7\u00e3o, os cuidados necess\u00e1rios e o tratamento\"}]},{\"@type\":\"WebSite\",\"@id\":\"https:\/\/www.fsfx.com.br\/hospital-marcio-cunha\/#website\",\"url\":\"https:\/\/www.fsfx.com.br\/hospital-marcio-cunha\/\",\"name\":\"Hospital M\u00e1rcio Cunha\",\"description\":\"O Hospital M\u00e1rcio Cunha (HMC) \u00e9 um hospital geral de alta complexidade, com 558 leitos e tr\u00eas unidades, sendo uma unidade exclusiva para o tratamento oncol\u00f3gico.\",\"publisher\":{\"@id\":\"https:\/\/www.fsfx.com.br\/hospital-marcio-cunha\/#organization\"},\"potentialAction\":[{\"@type\":\"SearchAction\",\"target\":{\"@type\":\"EntryPoint\",\"urlTemplate\":\"https:\/\/www.fsfx.com.br\/hospital-marcio-cunha\/?s={search_term_string}\"},\"query-input\":{\"@type\":\"PropertyValueSpecification\",\"valueRequired\":true,\"valueName\":\"search_term_string\"}}],\"inLanguage\":\"pt-BR\"},{\"@type\":\"Organization\",\"@id\":\"https:\/\/www.fsfx.com.br\/hospital-marcio-cunha\/#organization\",\"name\":\"HMC - Hospital M\u00e1rcio Cunha\",\"url\":\"https:\/\/www.fsfx.com.br\/hospital-marcio-cunha\/\",\"logo\":{\"@type\":\"ImageObject\",\"inLanguage\":\"pt-BR\",\"@id\":\"https:\/\/www.fsfx.com.br\/hospital-marcio-cunha\/#\/schema\/logo\/image\/\",\"url\":\"https:\/\/www.fsfx.com.br\/hospital-marcio-cunha\/wp-content\/uploads\/sites\/9\/2022\/04\/logo-hmc-color.png\",\"contentUrl\":\"https:\/\/www.fsfx.com.br\/hospital-marcio-cunha\/wp-content\/uploads\/sites\/9\/2022\/04\/logo-hmc-color.png\",\"width\":264,\"height\":59,\"caption\":\"HMC - Hospital M\u00e1rcio Cunha\"},\"image\":{\"@id\":\"https:\/\/www.fsfx.com.br\/hospital-marcio-cunha\/#\/schema\/logo\/image\/\"}},{\"@type\":\"Person\",\"@id\":\"https:\/\/www.fsfx.com.br\/hospital-marcio-cunha\/#\/schema\/person\/b974c3b7fe85bfe827f545fdd231c872\",\"name\":\"jenniferdanielle\",\"image\":{\"@type\":\"ImageObject\",\"inLanguage\":\"pt-BR\",\"@id\":\"https:\/\/www.fsfx.com.br\/hospital-marcio-cunha\/#\/schema\/person\/image\/\",\"url\":\"https:\/\/secure.gravatar.com\/avatar\/abf1c3f7bd86388806d07d5636be1e05dcecaab19fd81f5a54e15738a332b208?s=96&d=mm&r=g\",\"contentUrl\":\"https:\/\/secure.gravatar.com\/avatar\/abf1c3f7bd86388806d07d5636be1e05dcecaab19fd81f5a54e15738a332b208?s=96&d=mm&r=g\",\"caption\":\"jenniferdanielle\"},\"url\":\"https:\/\/www.fsfx.com.br\/hospital-marcio-cunha\/author\/jenniferdanielle\/\"}]}<\/script>\n<!-- \/ Yoast SEO plugin. -->","yoast_head_json":{"title":"Dia Mundial da Obesidade: especialista refor\u00e7a a import\u00e2ncia de falar sobre a preven\u00e7\u00e3o, os cuidados necess\u00e1rios e o tratamento - Hospital M\u00e1rcio Cunha","robots":{"index":"index","follow":"follow","max-snippet":"max-snippet:-1","max-image-preview":"max-image-preview:large","max-video-preview":"max-video-preview:-1"},"canonical":"https:\/\/www.fsfx.com.br\/hospital-marcio-cunha\/dia-mundial-da-obesidade-especialista-reforca-a-importancia-de-falar-sobre-a-prevencao-os-cuidados-necessarios-e-o-tratamento\/","og_locale":"pt_BR","og_type":"article","og_title":"Dia Mundial da Obesidade: especialista refor\u00e7a a import\u00e2ncia de falar sobre a preven\u00e7\u00e3o, os cuidados necess\u00e1rios e o tratamento - Hospital M\u00e1rcio Cunha","og_description":"Caracterizada pelo ac\u00famulo de gordura corporal, a obesidade pode acarretar graves problemas de sa\u00fade e levar at\u00e9 a morte. Segundo dados do IBGE, o Brasil tem cerca de 27 milh\u00f5es de pessoas consideradas obesas. Somando o total de indiv\u00edduos acima do peso, o montante chega a quase 75 milh\u00f5es. Em alus\u00e3o ao Dia Mundial da [&hellip;]","og_url":"https:\/\/www.fsfx.com.br\/hospital-marcio-cunha\/dia-mundial-da-obesidade-especialista-reforca-a-importancia-de-falar-sobre-a-prevencao-os-cuidados-necessarios-e-o-tratamento\/","og_site_name":"Hospital M\u00e1rcio Cunha","article_published_time":"2024-03-01T18:21:38+00:00","article_modified_time":"2024-03-04T11:21:58+00:00","og_image":[{"width":1066,"height":1600,"url":"https:\/\/www.fsfx.com.br\/hospital-marcio-cunha\/wp-content\/uploads\/sites\/9\/2024\/03\/Dra-Mylian.jpg","type":"image\/jpeg"}],"author":"jenniferdanielle","twitter_card":"summary_large_image","twitter_misc":{"Escrito por":"jenniferdanielle","Est. tempo de leitura":"4 minutos"},"schema":{"@context":"https:\/\/schema.org","@graph":[{"@type":"Article","@id":"https:\/\/www.fsfx.com.br\/hospital-marcio-cunha\/dia-mundial-da-obesidade-especialista-reforca-a-importancia-de-falar-sobre-a-prevencao-os-cuidados-necessarios-e-o-tratamento\/#article","isPartOf":{"@id":"https:\/\/www.fsfx.com.br\/hospital-marcio-cunha\/dia-mundial-da-obesidade-especialista-reforca-a-importancia-de-falar-sobre-a-prevencao-os-cuidados-necessarios-e-o-tratamento\/"},"author":{"name":"jenniferdanielle","@id":"https:\/\/www.fsfx.com.br\/hospital-marcio-cunha\/#\/schema\/person\/b974c3b7fe85bfe827f545fdd231c872"},"headline":"Dia Mundial da Obesidade: especialista refor\u00e7a a import\u00e2ncia de falar sobre a preven\u00e7\u00e3o, os cuidados necess\u00e1rios e o tratamento","datePublished":"2024-03-01T18:21:38+00:00","dateModified":"2024-03-04T11:21:58+00:00","mainEntityOfPage":{"@id":"https:\/\/www.fsfx.com.br\/hospital-marcio-cunha\/dia-mundial-da-obesidade-especialista-reforca-a-importancia-de-falar-sobre-a-prevencao-os-cuidados-necessarios-e-o-tratamento\/"},"wordCount":684,"commentCount":0,"publisher":{"@id":"https:\/\/www.fsfx.com.br\/hospital-marcio-cunha\/#organization"},"image":{"@id":"https:\/\/www.fsfx.com.br\/hospital-marcio-cunha\/dia-mundial-da-obesidade-especialista-reforca-a-importancia-de-falar-sobre-a-prevencao-os-cuidados-necessarios-e-o-tratamento\/#primaryimage"},"thumbnailUrl":"https:\/\/www.fsfx.com.br\/hospital-marcio-cunha\/wp-content\/uploads\/sites\/9\/2024\/03\/Dra-Mylian.jpg","articleSection":["Sa\u00fade"],"inLanguage":"pt-BR","potentialAction":[{"@type":"CommentAction","name":"Comment","target":["https:\/\/www.fsfx.com.br\/hospital-marcio-cunha\/dia-mundial-da-obesidade-especialista-reforca-a-importancia-de-falar-sobre-a-prevencao-os-cuidados-necessarios-e-o-tratamento\/#respond"]}]},{"@type":"WebPage","@id":"https:\/\/www.fsfx.com.br\/hospital-marcio-cunha\/dia-mundial-da-obesidade-especialista-reforca-a-importancia-de-falar-sobre-a-prevencao-os-cuidados-necessarios-e-o-tratamento\/","url":"https:\/\/www.fsfx.com.br\/hospital-marcio-cunha\/dia-mundial-da-obesidade-especialista-reforca-a-importancia-de-falar-sobre-a-prevencao-os-cuidados-necessarios-e-o-tratamento\/","name":"Dia Mundial da Obesidade: especialista refor\u00e7a a import\u00e2ncia de falar sobre a preven\u00e7\u00e3o, os cuidados necess\u00e1rios e o tratamento - Hospital M\u00e1rcio Cunha","isPartOf":{"@id":"https:\/\/www.fsfx.com.br\/hospital-marcio-cunha\/#website"},"primaryImageOfPage":{"@id":"https:\/\/www.fsfx.com.br\/hospital-marcio-cunha\/dia-mundial-da-obesidade-especialista-reforca-a-importancia-de-falar-sobre-a-prevencao-os-cuidados-necessarios-e-o-tratamento\/#primaryimage"},"image":{"@id":"https:\/\/www.fsfx.com.br\/hospital-marcio-cunha\/dia-mundial-da-obesidade-especialista-reforca-a-importancia-de-falar-sobre-a-prevencao-os-cuidados-necessarios-e-o-tratamento\/#primaryimage"},"thumbnailUrl":"https:\/\/www.fsfx.com.br\/hospital-marcio-cunha\/wp-content\/uploads\/sites\/9\/2024\/03\/Dra-Mylian.jpg","datePublished":"2024-03-01T18:21:38+00:00","dateModified":"2024-03-04T11:21:58+00:00","breadcrumb":{"@id":"https:\/\/www.fsfx.com.br\/hospital-marcio-cunha\/dia-mundial-da-obesidade-especialista-reforca-a-importancia-de-falar-sobre-a-prevencao-os-cuidados-necessarios-e-o-tratamento\/#breadcrumb"},"inLanguage":"pt-BR","potentialAction":[{"@type":"ReadAction","target":["https:\/\/www.fsfx.com.br\/hospital-marcio-cunha\/dia-mundial-da-obesidade-especialista-reforca-a-importancia-de-falar-sobre-a-prevencao-os-cuidados-necessarios-e-o-tratamento\/"]}]},{"@type":"ImageObject","inLanguage":"pt-BR","@id":"https:\/\/www.fsfx.com.br\/hospital-marcio-cunha\/dia-mundial-da-obesidade-especialista-reforca-a-importancia-de-falar-sobre-a-prevencao-os-cuidados-necessarios-e-o-tratamento\/#primaryimage","url":"https:\/\/www.fsfx.com.br\/hospital-marcio-cunha\/wp-content\/uploads\/sites\/9\/2024\/03\/Dra-Mylian.jpg","contentUrl":"https:\/\/www.fsfx.com.br\/hospital-marcio-cunha\/wp-content\/uploads\/sites\/9\/2024\/03\/Dra-Mylian.jpg","width":1066,"height":1600},{"@type":"BreadcrumbList","@id":"https:\/\/www.fsfx.com.br\/hospital-marcio-cunha\/dia-mundial-da-obesidade-especialista-reforca-a-importancia-de-falar-sobre-a-prevencao-os-cuidados-necessarios-e-o-tratamento\/#breadcrumb","itemListElement":[{"@type":"ListItem","position":1,"name":"In\u00edcio","item":"https:\/\/www.fsfx.com.br\/hospital-marcio-cunha\/"},{"@type":"ListItem","position":2,"name":"Dia Mundial da Obesidade: especialista refor\u00e7a a import\u00e2ncia de falar sobre a preven\u00e7\u00e3o, os cuidados necess\u00e1rios e o tratamento"}]},{"@type":"WebSite","@id":"https:\/\/www.fsfx.com.br\/hospital-marcio-cunha\/#website","url":"https:\/\/www.fsfx.com.br\/hospital-marcio-cunha\/","name":"Hospital M\u00e1rcio Cunha","description":"O Hospital M\u00e1rcio Cunha (HMC) \u00e9 um hospital geral de alta complexidade, com 558 leitos e tr\u00eas unidades, sendo uma unidade exclusiva para o tratamento oncol\u00f3gico.","publisher":{"@id":"https:\/\/www.fsfx.com.br\/hospital-marcio-cunha\/#organization"},"potentialAction":[{"@type":"SearchAction","target":{"@type":"EntryPoint","urlTemplate":"https:\/\/www.fsfx.com.br\/hospital-marcio-cunha\/?s={search_term_string}"},"query-input":{"@type":"PropertyValueSpecification","valueRequired":true,"valueName":"search_term_string"}}],"inLanguage":"pt-BR"},{"@type":"Organization","@id":"https:\/\/www.fsfx.com.br\/hospital-marcio-cunha\/#organization","name":"HMC - Hospital M\u00e1rcio Cunha","url":"https:\/\/www.fsfx.com.br\/hospital-marcio-cunha\/","logo":{"@type":"ImageObject","inLanguage":"pt-BR","@id":"https:\/\/www.fsfx.com.br\/hospital-marcio-cunha\/#\/schema\/logo\/image\/","url":"https:\/\/www.fsfx.com.br\/hospital-marcio-cunha\/wp-content\/uploads\/sites\/9\/2022\/04\/logo-hmc-color.png","contentUrl":"https:\/\/www.fsfx.com.br\/hospital-marcio-cunha\/wp-content\/uploads\/sites\/9\/2022\/04\/logo-hmc-color.png","width":264,"height":59,"caption":"HMC - Hospital M\u00e1rcio Cunha"},"image":{"@id":"https:\/\/www.fsfx.com.br\/hospital-marcio-cunha\/#\/schema\/logo\/image\/"}},{"@type":"Person","@id":"https:\/\/www.fsfx.com.br\/hospital-marcio-cunha\/#\/schema\/person\/b974c3b7fe85bfe827f545fdd231c872","name":"jenniferdanielle","image":{"@type":"ImageObject","inLanguage":"pt-BR","@id":"https:\/\/www.fsfx.com.br\/hospital-marcio-cunha\/#\/schema\/person\/image\/","url":"https:\/\/secure.gravatar.com\/avatar\/abf1c3f7bd86388806d07d5636be1e05dcecaab19fd81f5a54e15738a332b208?s=96&d=mm&r=g","contentUrl":"https:\/\/secure.gravatar.com\/avatar\/abf1c3f7bd86388806d07d5636be1e05dcecaab19fd81f5a54e15738a332b208?s=96&d=mm&r=g","caption":"jenniferdanielle"},"url":"https:\/\/www.fsfx.com.br\/hospital-marcio-cunha\/author\/jenniferdanielle\/"}]}},"_links":{"self":[{"href":"https:\/\/www.fsfx.com.br\/hospital-marcio-cunha\/wp-json\/wp\/v2\/posts\/11865","targetHints":{"allow":["GET"]}}],"collection":[{"href":"https:\/\/www.fsfx.com.br\/hospital-marcio-cunha\/wp-json\/wp\/v2\/posts"}],"about":[{"href":"https:\/\/www.fsfx.com.br\/hospital-marcio-cunha\/wp-json\/wp\/v2\/types\/post"}],"author":[{"embeddable":true,"href":"https:\/\/www.fsfx.com.br\/hospital-marcio-cunha\/wp-json\/wp\/v2\/users\/14"}],"replies":[{"embeddable":true,"href":"https:\/\/www.fsfx.com.br\/hospital-marcio-cunha\/wp-json\/wp\/v2\/comments?post=11865"}],"version-history":[{"count":1,"href":"https:\/\/www.fsfx.com.br\/hospital-marcio-cunha\/wp-json\/wp\/v2\/posts\/11865\/revisions"}],"predecessor-version":[{"id":11867,"href":"https:\/\/www.fsfx.com.br\/hospital-marcio-cunha\/wp-json\/wp\/v2\/posts\/11865\/revisions\/11867"}],"wp:featuredmedia":[{"embeddable":true,"href":"https:\/\/www.fsfx.com.br\/hospital-marcio-cunha\/wp-json\/wp\/v2\/media\/11866"}],"wp:attachment":[{"href":"https:\/\/www.fsfx.com.br\/hospital-marcio-cunha\/wp-json\/wp\/v2\/media?parent=11865"}],"wp:term":[{"taxonomy":"category","embeddable":true,"href":"https:\/\/www.fsfx.com.br\/hospital-marcio-cunha\/wp-json\/wp\/v2\/categories?post=11865"},{"taxonomy":"post_tag","embeddable":true,"href":"https:\/\/www.fsfx.com.br\/hospital-marcio-cunha\/wp-json\/wp\/v2\/tags?post=11865"}],"curies":[{"name":"wp","href":"https:\/\/api.w.org\/{rel}","templated":true}]}}