{"id":11928,"date":"2024-03-20T11:08:24","date_gmt":"2024-03-20T14:08:24","guid":{"rendered":"https:\/\/www.fsfx.com.br\/hospital-marcio-cunha\/?p=11928"},"modified":"2024-03-20T11:08:24","modified_gmt":"2024-03-20T14:08:24","slug":"saude-bucal-cuidados-com-a-boca-e-os-dentes-sao-fundamentais-para-a-saude-geral","status":"publish","type":"post","link":"https:\/\/www.fsfx.com.br\/hospital-marcio-cunha\/saude-bucal-cuidados-com-a-boca-e-os-dentes-sao-fundamentais-para-a-saude-geral\/","title":{"rendered":"Sa\u00fade bucal: cuidados com a boca e os dentes s\u00e3o fundamentais para a sa\u00fade geral"},"content":{"rendered":"<p>Importante para o bem-estar, para a autoestima e sa\u00fade geral do corpo, a sa\u00fade bucal \u00e9 um tema importante de ser falado, pois compreende o estado em que a pessoa est\u00e1 livre de dores, desconfortos e altera\u00e7\u00f5es na boca e na face, podendo abranger, ainda, infec\u00e7\u00f5es e ulcera\u00e7\u00f5es bucais, entre outras doen\u00e7as e dist\u00farbios que afetam a qualidade de vida.<\/p>\n<p>Em alus\u00e3o ao Dia Mundial de Sa\u00fade Bucal, celebrado em 20 de mar\u00e7o, o Centro de Odontologia Integrado da Funda\u00e7\u00e3o S\u00e3o Francisco Xavier ressalta algumas dicas e cuidados importantes para manter uma boa sa\u00fade bucal e, consequentemente, uma boa qualidade de vida.<\/p>\n<figure id=\"attachment_15990\" aria-describedby=\"caption-attachment-15990\" style=\"width: 379px\" class=\"wp-caption alignleft\"><img fetchpriority=\"high\" decoding=\"async\" class=\"wp-image-15990 \" src=\"https:\/\/www.fsfx.com.br\/wp-content\/uploads\/2024\/03\/Antonio-Jose_Cirurgiao-dentista-276x300.jpg\" alt=\"\" width=\"379\" height=\"412\" \/><figcaption id=\"caption-attachment-15990\" class=\"wp-caption-text\">Ant\u00f4nio Jos\u00e9 &#8211; Cirurgi\u00e3o Dentista do Centro de Odontologia Integrada &#8211; COI<\/figcaption><\/figure>\n<p>A odontologia est\u00e1 intrinsicamente ligada a sa\u00fade sist\u00eamica, pois a sa\u00fade bucal tem impacto direto em todo corpo. De acordo com o cirurgi\u00e3o dentista do Centro de Odontologia Integrada (COI), unidade administrada pela Funda\u00e7\u00e3o S\u00e3o Francisco Xavier, Ant\u00f4nio Jos\u00e9 Freitas de Castro, a higiene bucal \u00e9 fundamental para manter os dentes e a boca saud\u00e1vel, mas tamb\u00e9m est\u00e1 interligada com a sa\u00fade do corpo. \u201cOs cuidados com a boca e os dentes s\u00e3o fundamentais para a sa\u00fade geral. Algumas rela\u00e7\u00f5es importantes que podemos citar, por exemplo, s\u00e3o a gengivite e a periodontite, doen\u00e7as da gengiva que est\u00e3o associadas ao maior risco de doen\u00e7as card\u00edacas, diabetes, derrame e outras condi\u00e7\u00f5es sist\u00eamicas. Estudos sugerem, ainda, que a periodontite pode estar associada ao desenvolvimento de artrite reumatoide e, temos ainda casos de inflama\u00e7\u00e3o nas gengivas que podem desencadear respostas autoimune que afetam as articula\u00e7\u00f5es\u201d, explica o dentista.<\/p>\n<p>Uma boca saud\u00e1vel \u00e9 tamb\u00e9m aquela que proporciona uma boa mastiga\u00e7\u00e3o, o que \u00e9 fundamental para uma boa digest\u00e3o dos alimentos e uma melhora absor\u00e7\u00e3o dos nutrientes.<\/p>\n<p>\u201cManter uma boa higiene bucal e fazer consultas regulares ao dentista s\u00e3o essenciais para prevenir complica\u00e7\u00f5es sist\u00eamicas. Alguns cuidados essenciais v\u00e3o al\u00e9m da escova\u00e7\u00e3o adequada, como tamb\u00e9m o enxague correto, a visita regular ao dentista, a troca da escova a cada tr\u00eas meses, e ainda, uma alimenta\u00e7\u00e3o saud\u00e1vel, que contribui para prevenir e tratar as doen\u00e7as bucais\u201d, refor\u00e7a Ant\u00f4nio.<\/p>\n<p>A sa\u00fade bucal inicia a partir do nascimento do primeiro dente, chamado de dente de leite, sendo indispens\u00e1vel utilizar uma escova de dente pequena, de cerdas macias, com o uso de pequena quantidade (menos de 1 gr\u00e3o de arroz) de creme dental com fl\u00faor. \u201cEnquanto a crian\u00e7a possuir apenas dentes de leite, recomenda-se escov\u00e1-los com creme dental com fl\u00faor, pelo menos 2 vezes ao dia, normalmente ap\u00f3s cada refei\u00e7\u00e3o. Os pais ou cuidadores devem escovar os dentes das crian\u00e7as at\u00e9 que elas aprendam a fazer isto sozinhas, mas devem acompanhar at\u00e9 perceberem que est\u00e3o fazendo a higieniza\u00e7\u00e3o bucal de maneira correta.<\/p>\n<p>\u201cDestaca-se ainda que, em todas as idades, o uso do fio dental, uma alimenta\u00e7\u00e3o equilibrada com pouco a\u00e7\u00facar e amido, que produzem os \u00e1cidos da placa que causam c\u00e1ries, e visitas regulares ao dentista s\u00e3o essenciais para a sa\u00fade bucal\u201d, conclui Ant\u00f4nio.<\/p>\n<p>&nbsp;<\/p>\n<p><strong><u>Centro de Odontologia Integrado<\/u><\/strong><\/p>\n<p>Primeira Institui\u00e7\u00e3o de assist\u00eancia odontol\u00f3gica de Minas Gerais a conquistar a certifica\u00e7\u00e3o ISO 9001, o Centro de Odontologia Integrada mant\u00e9m patamares elevados na presta\u00e7\u00e3o de servi\u00e7os, desde o atendimento nas cl\u00ednicas de promo\u00e7\u00e3o da sa\u00fade aos procedimentos de alta complexidade, como ortodontia, implantodontia e reabilita\u00e7\u00e3o.<\/p>\n","protected":false},"excerpt":{"rendered":"<p>Importante para o bem-estar, para a autoestima e sa\u00fade geral do corpo, a sa\u00fade bucal \u00e9 um tema importante de ser falado, pois compreende o estado em que a pessoa est\u00e1 livre de dores, desconfortos e altera\u00e7\u00f5es na boca e na face, podendo abranger, ainda, infec\u00e7\u00f5es e ulcera\u00e7\u00f5es bucais, entre outras doen\u00e7as e dist\u00farbios que [&hellip;]<\/p>\n","protected":false},"author":6,"featured_media":11929,"comment_status":"open","ping_status":"open","sticky":false,"template":"","format":"standard","meta":{"_acf_changed":false,"site-sidebar-layout":"default","site-content-layout":"","ast-site-content-layout":"default","site-content-style":"default","site-sidebar-style":"default","ast-global-header-display":"","ast-banner-title-visibility":"","ast-main-header-display":"","ast-hfb-above-header-display":"","ast-hfb-below-header-display":"","ast-hfb-mobile-header-display":"","site-post-title":"","ast-breadcrumbs-content":"","ast-featured-img":"","footer-sml-layout":"","theme-transparent-header-meta":"","adv-header-id-meta":"","stick-header-meta":"","header-above-stick-meta":"","header-main-stick-meta":"","header-below-stick-meta":"","astra-migrate-meta-layouts":"default","ast-page-background-enabled":"default","ast-page-background-meta":{"desktop":{"background-color":"var(--ast-global-color-4)","background-image":"","background-repeat":"repeat","background-position":"center center","background-size":"auto","background-attachment":"scroll","background-type":"","background-media":"","overlay-type":"","overlay-color":"","overlay-opacity":"","overlay-gradient":""},"tablet":{"background-color":"","background-image":"","background-repeat":"repeat","background-position":"center center","background-size":"auto","background-attachment":"scroll","background-type":"","background-media":"","overlay-type":"","overlay-color":"","overlay-opacity":"","overlay-gradient":""},"mobile":{"background-color":"","background-image":"","background-repeat":"repeat","background-position":"center center","background-size":"auto","background-attachment":"scroll","background-type":"","background-media":"","overlay-type":"","overlay-color":"","overlay-opacity":"","overlay-gradient":""}},"ast-content-background-meta":{"desktop":{"background-color":"var(--ast-global-color-5)","background-image":"","background-repeat":"repeat","background-position":"center center","background-size":"auto","background-attachment":"scroll","background-type":"","background-media":"","overlay-type":"","overlay-color":"","overlay-opacity":"","overlay-gradient":""},"tablet":{"background-color":"var(--ast-global-color-5)","background-image":"","background-repeat":"repeat","background-position":"center center","background-size":"auto","background-attachment":"scroll","background-type":"","background-media":"","overlay-type":"","overlay-color":"","overlay-opacity":"","overlay-gradient":""},"mobile":{"background-color":"var(--ast-global-color-5)","background-image":"","background-repeat":"repeat","background-position":"center center","background-size":"auto","background-attachment":"scroll","background-type":"","background-media":"","overlay-type":"","overlay-color":"","overlay-opacity":"","overlay-gradient":""}},"footnotes":""},"categories":[24],"tags":[],"class_list":["post-11928","post","type-post","status-publish","format-standard","has-post-thumbnail","hentry","category-saude"],"acf":[],"yoast_head":"<!-- This site is optimized with the Yoast SEO plugin v26.9 - https:\/\/yoast.com\/product\/yoast-seo-wordpress\/ -->\n<title>Sa\u00fade bucal: cuidados com a boca e os dentes s\u00e3o fundamentais para a sa\u00fade geral - Hospital M\u00e1rcio Cunha<\/title>\n<meta name=\"robots\" content=\"index, follow, max-snippet:-1, max-image-preview:large, max-video-preview:-1\" \/>\n<link rel=\"canonical\" href=\"https:\/\/www.fsfx.com.br\/hospital-marcio-cunha\/saude-bucal-cuidados-com-a-boca-e-os-dentes-sao-fundamentais-para-a-saude-geral\/\" \/>\n<meta property=\"og:locale\" content=\"pt_BR\" \/>\n<meta property=\"og:type\" content=\"article\" \/>\n<meta property=\"og:title\" content=\"Sa\u00fade bucal: cuidados com a boca e os dentes s\u00e3o fundamentais para a sa\u00fade geral - Hospital M\u00e1rcio Cunha\" \/>\n<meta property=\"og:description\" content=\"Importante para o bem-estar, para a autoestima e sa\u00fade geral do corpo, a sa\u00fade bucal \u00e9 um tema importante de ser falado, pois compreende o estado em que a pessoa est\u00e1 livre de dores, desconfortos e altera\u00e7\u00f5es na boca e na face, podendo abranger, ainda, infec\u00e7\u00f5es e ulcera\u00e7\u00f5es bucais, entre outras doen\u00e7as e dist\u00farbios que [&hellip;]\" \/>\n<meta property=\"og:url\" content=\"https:\/\/www.fsfx.com.br\/hospital-marcio-cunha\/saude-bucal-cuidados-com-a-boca-e-os-dentes-sao-fundamentais-para-a-saude-geral\/\" \/>\n<meta property=\"og:site_name\" content=\"Hospital M\u00e1rcio Cunha\" \/>\n<meta property=\"article:published_time\" content=\"2024-03-20T14:08:24+00:00\" \/>\n<meta property=\"og:image\" content=\"https:\/\/www.fsfx.com.br\/hospital-marcio-cunha\/wp-content\/uploads\/sites\/9\/2024\/03\/iStock-1149335830.jpg\" \/>\n\t<meta property=\"og:image:width\" content=\"1254\" \/>\n\t<meta property=\"og:image:height\" content=\"836\" \/>\n\t<meta property=\"og:image:type\" content=\"image\/jpeg\" \/>\n<meta name=\"author\" content=\"C\u00e1ssio Santana\" \/>\n<meta name=\"twitter:card\" content=\"summary_large_image\" \/>\n<meta name=\"twitter:label1\" content=\"Escrito por\" \/>\n\t<meta name=\"twitter:data1\" content=\"C\u00e1ssio Santana\" \/>\n\t<meta name=\"twitter:label2\" content=\"Est. tempo de leitura\" \/>\n\t<meta name=\"twitter:data2\" content=\"4 minutos\" \/>\n<script type=\"application\/ld+json\" class=\"yoast-schema-graph\">{\"@context\":\"https:\/\/schema.org\",\"@graph\":[{\"@type\":\"Article\",\"@id\":\"https:\/\/www.fsfx.com.br\/hospital-marcio-cunha\/saude-bucal-cuidados-com-a-boca-e-os-dentes-sao-fundamentais-para-a-saude-geral\/#article\",\"isPartOf\":{\"@id\":\"https:\/\/www.fsfx.com.br\/hospital-marcio-cunha\/saude-bucal-cuidados-com-a-boca-e-os-dentes-sao-fundamentais-para-a-saude-geral\/\"},\"author\":{\"name\":\"C\u00e1ssio Santana\",\"@id\":\"https:\/\/www.fsfx.com.br\/hospital-marcio-cunha\/#\/schema\/person\/6bf2cced2b7a5d5d78f5610fc8f52504\"},\"headline\":\"Sa\u00fade bucal: cuidados com a boca e os dentes s\u00e3o fundamentais para a sa\u00fade geral\",\"datePublished\":\"2024-03-20T14:08:24+00:00\",\"mainEntityOfPage\":{\"@id\":\"https:\/\/www.fsfx.com.br\/hospital-marcio-cunha\/saude-bucal-cuidados-com-a-boca-e-os-dentes-sao-fundamentais-para-a-saude-geral\/\"},\"wordCount\":638,\"commentCount\":0,\"publisher\":{\"@id\":\"https:\/\/www.fsfx.com.br\/hospital-marcio-cunha\/#organization\"},\"image\":{\"@id\":\"https:\/\/www.fsfx.com.br\/hospital-marcio-cunha\/saude-bucal-cuidados-com-a-boca-e-os-dentes-sao-fundamentais-para-a-saude-geral\/#primaryimage\"},\"thumbnailUrl\":\"https:\/\/www.fsfx.com.br\/hospital-marcio-cunha\/wp-content\/uploads\/sites\/9\/2024\/03\/iStock-1149335830.jpg\",\"articleSection\":[\"Sa\u00fade\"],\"inLanguage\":\"pt-BR\",\"potentialAction\":[{\"@type\":\"CommentAction\",\"name\":\"Comment\",\"target\":[\"https:\/\/www.fsfx.com.br\/hospital-marcio-cunha\/saude-bucal-cuidados-com-a-boca-e-os-dentes-sao-fundamentais-para-a-saude-geral\/#respond\"]}]},{\"@type\":\"WebPage\",\"@id\":\"https:\/\/www.fsfx.com.br\/hospital-marcio-cunha\/saude-bucal-cuidados-com-a-boca-e-os-dentes-sao-fundamentais-para-a-saude-geral\/\",\"url\":\"https:\/\/www.fsfx.com.br\/hospital-marcio-cunha\/saude-bucal-cuidados-com-a-boca-e-os-dentes-sao-fundamentais-para-a-saude-geral\/\",\"name\":\"Sa\u00fade bucal: cuidados com a boca e os dentes s\u00e3o fundamentais para a sa\u00fade geral - Hospital M\u00e1rcio Cunha\",\"isPartOf\":{\"@id\":\"https:\/\/www.fsfx.com.br\/hospital-marcio-cunha\/#website\"},\"primaryImageOfPage\":{\"@id\":\"https:\/\/www.fsfx.com.br\/hospital-marcio-cunha\/saude-bucal-cuidados-com-a-boca-e-os-dentes-sao-fundamentais-para-a-saude-geral\/#primaryimage\"},\"image\":{\"@id\":\"https:\/\/www.fsfx.com.br\/hospital-marcio-cunha\/saude-bucal-cuidados-com-a-boca-e-os-dentes-sao-fundamentais-para-a-saude-geral\/#primaryimage\"},\"thumbnailUrl\":\"https:\/\/www.fsfx.com.br\/hospital-marcio-cunha\/wp-content\/uploads\/sites\/9\/2024\/03\/iStock-1149335830.jpg\",\"datePublished\":\"2024-03-20T14:08:24+00:00\",\"breadcrumb\":{\"@id\":\"https:\/\/www.fsfx.com.br\/hospital-marcio-cunha\/saude-bucal-cuidados-com-a-boca-e-os-dentes-sao-fundamentais-para-a-saude-geral\/#breadcrumb\"},\"inLanguage\":\"pt-BR\",\"potentialAction\":[{\"@type\":\"ReadAction\",\"target\":[\"https:\/\/www.fsfx.com.br\/hospital-marcio-cunha\/saude-bucal-cuidados-com-a-boca-e-os-dentes-sao-fundamentais-para-a-saude-geral\/\"]}]},{\"@type\":\"ImageObject\",\"inLanguage\":\"pt-BR\",\"@id\":\"https:\/\/www.fsfx.com.br\/hospital-marcio-cunha\/saude-bucal-cuidados-com-a-boca-e-os-dentes-sao-fundamentais-para-a-saude-geral\/#primaryimage\",\"url\":\"https:\/\/www.fsfx.com.br\/hospital-marcio-cunha\/wp-content\/uploads\/sites\/9\/2024\/03\/iStock-1149335830.jpg\",\"contentUrl\":\"https:\/\/www.fsfx.com.br\/hospital-marcio-cunha\/wp-content\/uploads\/sites\/9\/2024\/03\/iStock-1149335830.jpg\",\"width\":1254,\"height\":836,\"caption\":\"Teenage girl brushing her teeth.\"},{\"@type\":\"BreadcrumbList\",\"@id\":\"https:\/\/www.fsfx.com.br\/hospital-marcio-cunha\/saude-bucal-cuidados-com-a-boca-e-os-dentes-sao-fundamentais-para-a-saude-geral\/#breadcrumb\",\"itemListElement\":[{\"@type\":\"ListItem\",\"position\":1,\"name\":\"In\u00edcio\",\"item\":\"https:\/\/www.fsfx.com.br\/hospital-marcio-cunha\/\"},{\"@type\":\"ListItem\",\"position\":2,\"name\":\"Sa\u00fade bucal: cuidados com a boca e os dentes s\u00e3o fundamentais para a sa\u00fade geral\"}]},{\"@type\":\"WebSite\",\"@id\":\"https:\/\/www.fsfx.com.br\/hospital-marcio-cunha\/#website\",\"url\":\"https:\/\/www.fsfx.com.br\/hospital-marcio-cunha\/\",\"name\":\"Hospital M\u00e1rcio Cunha\",\"description\":\"O Hospital M\u00e1rcio Cunha (HMC) \u00e9 um hospital geral de alta complexidade, com 558 leitos e tr\u00eas unidades, sendo uma unidade exclusiva para o tratamento oncol\u00f3gico.\",\"publisher\":{\"@id\":\"https:\/\/www.fsfx.com.br\/hospital-marcio-cunha\/#organization\"},\"potentialAction\":[{\"@type\":\"SearchAction\",\"target\":{\"@type\":\"EntryPoint\",\"urlTemplate\":\"https:\/\/www.fsfx.com.br\/hospital-marcio-cunha\/?s={search_term_string}\"},\"query-input\":{\"@type\":\"PropertyValueSpecification\",\"valueRequired\":true,\"valueName\":\"search_term_string\"}}],\"inLanguage\":\"pt-BR\"},{\"@type\":\"Organization\",\"@id\":\"https:\/\/www.fsfx.com.br\/hospital-marcio-cunha\/#organization\",\"name\":\"HMC - Hospital M\u00e1rcio Cunha\",\"url\":\"https:\/\/www.fsfx.com.br\/hospital-marcio-cunha\/\",\"logo\":{\"@type\":\"ImageObject\",\"inLanguage\":\"pt-BR\",\"@id\":\"https:\/\/www.fsfx.com.br\/hospital-marcio-cunha\/#\/schema\/logo\/image\/\",\"url\":\"https:\/\/www.fsfx.com.br\/hospital-marcio-cunha\/wp-content\/uploads\/sites\/9\/2022\/04\/logo-hmc-color.png\",\"contentUrl\":\"https:\/\/www.fsfx.com.br\/hospital-marcio-cunha\/wp-content\/uploads\/sites\/9\/2022\/04\/logo-hmc-color.png\",\"width\":264,\"height\":59,\"caption\":\"HMC - Hospital M\u00e1rcio Cunha\"},\"image\":{\"@id\":\"https:\/\/www.fsfx.com.br\/hospital-marcio-cunha\/#\/schema\/logo\/image\/\"}},{\"@type\":\"Person\",\"@id\":\"https:\/\/www.fsfx.com.br\/hospital-marcio-cunha\/#\/schema\/person\/6bf2cced2b7a5d5d78f5610fc8f52504\",\"name\":\"C\u00e1ssio Santana\",\"image\":{\"@type\":\"ImageObject\",\"inLanguage\":\"pt-BR\",\"@id\":\"https:\/\/www.fsfx.com.br\/hospital-marcio-cunha\/#\/schema\/person\/image\/\",\"url\":\"https:\/\/secure.gravatar.com\/avatar\/ef79739de3edd2f5c2e7c4930b0808c62af99fc5520eaadc7899948f8bc6d2e1?s=96&d=mm&r=g\",\"contentUrl\":\"https:\/\/secure.gravatar.com\/avatar\/ef79739de3edd2f5c2e7c4930b0808c62af99fc5520eaadc7899948f8bc6d2e1?s=96&d=mm&r=g\",\"caption\":\"C\u00e1ssio Santana\"},\"url\":\"https:\/\/www.fsfx.com.br\/hospital-marcio-cunha\/author\/cassio\/\"}]}<\/script>\n<!-- \/ Yoast SEO plugin. -->","yoast_head_json":{"title":"Sa\u00fade bucal: cuidados com a boca e os dentes s\u00e3o fundamentais para a sa\u00fade geral - Hospital M\u00e1rcio Cunha","robots":{"index":"index","follow":"follow","max-snippet":"max-snippet:-1","max-image-preview":"max-image-preview:large","max-video-preview":"max-video-preview:-1"},"canonical":"https:\/\/www.fsfx.com.br\/hospital-marcio-cunha\/saude-bucal-cuidados-com-a-boca-e-os-dentes-sao-fundamentais-para-a-saude-geral\/","og_locale":"pt_BR","og_type":"article","og_title":"Sa\u00fade bucal: cuidados com a boca e os dentes s\u00e3o fundamentais para a sa\u00fade geral - Hospital M\u00e1rcio Cunha","og_description":"Importante para o bem-estar, para a autoestima e sa\u00fade geral do corpo, a sa\u00fade bucal \u00e9 um tema importante de ser falado, pois compreende o estado em que a pessoa est\u00e1 livre de dores, desconfortos e altera\u00e7\u00f5es na boca e na face, podendo abranger, ainda, infec\u00e7\u00f5es e ulcera\u00e7\u00f5es bucais, entre outras doen\u00e7as e dist\u00farbios que [&hellip;]","og_url":"https:\/\/www.fsfx.com.br\/hospital-marcio-cunha\/saude-bucal-cuidados-com-a-boca-e-os-dentes-sao-fundamentais-para-a-saude-geral\/","og_site_name":"Hospital M\u00e1rcio Cunha","article_published_time":"2024-03-20T14:08:24+00:00","og_image":[{"width":1254,"height":836,"url":"https:\/\/www.fsfx.com.br\/hospital-marcio-cunha\/wp-content\/uploads\/sites\/9\/2024\/03\/iStock-1149335830.jpg","type":"image\/jpeg"}],"author":"C\u00e1ssio Santana","twitter_card":"summary_large_image","twitter_misc":{"Escrito por":"C\u00e1ssio Santana","Est. tempo de leitura":"4 minutos"},"schema":{"@context":"https:\/\/schema.org","@graph":[{"@type":"Article","@id":"https:\/\/www.fsfx.com.br\/hospital-marcio-cunha\/saude-bucal-cuidados-com-a-boca-e-os-dentes-sao-fundamentais-para-a-saude-geral\/#article","isPartOf":{"@id":"https:\/\/www.fsfx.com.br\/hospital-marcio-cunha\/saude-bucal-cuidados-com-a-boca-e-os-dentes-sao-fundamentais-para-a-saude-geral\/"},"author":{"name":"C\u00e1ssio Santana","@id":"https:\/\/www.fsfx.com.br\/hospital-marcio-cunha\/#\/schema\/person\/6bf2cced2b7a5d5d78f5610fc8f52504"},"headline":"Sa\u00fade bucal: cuidados com a boca e os dentes s\u00e3o fundamentais para a sa\u00fade geral","datePublished":"2024-03-20T14:08:24+00:00","mainEntityOfPage":{"@id":"https:\/\/www.fsfx.com.br\/hospital-marcio-cunha\/saude-bucal-cuidados-com-a-boca-e-os-dentes-sao-fundamentais-para-a-saude-geral\/"},"wordCount":638,"commentCount":0,"publisher":{"@id":"https:\/\/www.fsfx.com.br\/hospital-marcio-cunha\/#organization"},"image":{"@id":"https:\/\/www.fsfx.com.br\/hospital-marcio-cunha\/saude-bucal-cuidados-com-a-boca-e-os-dentes-sao-fundamentais-para-a-saude-geral\/#primaryimage"},"thumbnailUrl":"https:\/\/www.fsfx.com.br\/hospital-marcio-cunha\/wp-content\/uploads\/sites\/9\/2024\/03\/iStock-1149335830.jpg","articleSection":["Sa\u00fade"],"inLanguage":"pt-BR","potentialAction":[{"@type":"CommentAction","name":"Comment","target":["https:\/\/www.fsfx.com.br\/hospital-marcio-cunha\/saude-bucal-cuidados-com-a-boca-e-os-dentes-sao-fundamentais-para-a-saude-geral\/#respond"]}]},{"@type":"WebPage","@id":"https:\/\/www.fsfx.com.br\/hospital-marcio-cunha\/saude-bucal-cuidados-com-a-boca-e-os-dentes-sao-fundamentais-para-a-saude-geral\/","url":"https:\/\/www.fsfx.com.br\/hospital-marcio-cunha\/saude-bucal-cuidados-com-a-boca-e-os-dentes-sao-fundamentais-para-a-saude-geral\/","name":"Sa\u00fade bucal: cuidados com a boca e os dentes s\u00e3o fundamentais para a sa\u00fade geral - Hospital M\u00e1rcio Cunha","isPartOf":{"@id":"https:\/\/www.fsfx.com.br\/hospital-marcio-cunha\/#website"},"primaryImageOfPage":{"@id":"https:\/\/www.fsfx.com.br\/hospital-marcio-cunha\/saude-bucal-cuidados-com-a-boca-e-os-dentes-sao-fundamentais-para-a-saude-geral\/#primaryimage"},"image":{"@id":"https:\/\/www.fsfx.com.br\/hospital-marcio-cunha\/saude-bucal-cuidados-com-a-boca-e-os-dentes-sao-fundamentais-para-a-saude-geral\/#primaryimage"},"thumbnailUrl":"https:\/\/www.fsfx.com.br\/hospital-marcio-cunha\/wp-content\/uploads\/sites\/9\/2024\/03\/iStock-1149335830.jpg","datePublished":"2024-03-20T14:08:24+00:00","breadcrumb":{"@id":"https:\/\/www.fsfx.com.br\/hospital-marcio-cunha\/saude-bucal-cuidados-com-a-boca-e-os-dentes-sao-fundamentais-para-a-saude-geral\/#breadcrumb"},"inLanguage":"pt-BR","potentialAction":[{"@type":"ReadAction","target":["https:\/\/www.fsfx.com.br\/hospital-marcio-cunha\/saude-bucal-cuidados-com-a-boca-e-os-dentes-sao-fundamentais-para-a-saude-geral\/"]}]},{"@type":"ImageObject","inLanguage":"pt-BR","@id":"https:\/\/www.fsfx.com.br\/hospital-marcio-cunha\/saude-bucal-cuidados-com-a-boca-e-os-dentes-sao-fundamentais-para-a-saude-geral\/#primaryimage","url":"https:\/\/www.fsfx.com.br\/hospital-marcio-cunha\/wp-content\/uploads\/sites\/9\/2024\/03\/iStock-1149335830.jpg","contentUrl":"https:\/\/www.fsfx.com.br\/hospital-marcio-cunha\/wp-content\/uploads\/sites\/9\/2024\/03\/iStock-1149335830.jpg","width":1254,"height":836,"caption":"Teenage girl brushing her teeth."},{"@type":"BreadcrumbList","@id":"https:\/\/www.fsfx.com.br\/hospital-marcio-cunha\/saude-bucal-cuidados-com-a-boca-e-os-dentes-sao-fundamentais-para-a-saude-geral\/#breadcrumb","itemListElement":[{"@type":"ListItem","position":1,"name":"In\u00edcio","item":"https:\/\/www.fsfx.com.br\/hospital-marcio-cunha\/"},{"@type":"ListItem","position":2,"name":"Sa\u00fade bucal: cuidados com a boca e os dentes s\u00e3o fundamentais para a sa\u00fade geral"}]},{"@type":"WebSite","@id":"https:\/\/www.fsfx.com.br\/hospital-marcio-cunha\/#website","url":"https:\/\/www.fsfx.com.br\/hospital-marcio-cunha\/","name":"Hospital M\u00e1rcio Cunha","description":"O Hospital M\u00e1rcio Cunha (HMC) \u00e9 um hospital geral de alta complexidade, com 558 leitos e tr\u00eas unidades, sendo uma unidade exclusiva para o tratamento oncol\u00f3gico.","publisher":{"@id":"https:\/\/www.fsfx.com.br\/hospital-marcio-cunha\/#organization"},"potentialAction":[{"@type":"SearchAction","target":{"@type":"EntryPoint","urlTemplate":"https:\/\/www.fsfx.com.br\/hospital-marcio-cunha\/?s={search_term_string}"},"query-input":{"@type":"PropertyValueSpecification","valueRequired":true,"valueName":"search_term_string"}}],"inLanguage":"pt-BR"},{"@type":"Organization","@id":"https:\/\/www.fsfx.com.br\/hospital-marcio-cunha\/#organization","name":"HMC - Hospital M\u00e1rcio Cunha","url":"https:\/\/www.fsfx.com.br\/hospital-marcio-cunha\/","logo":{"@type":"ImageObject","inLanguage":"pt-BR","@id":"https:\/\/www.fsfx.com.br\/hospital-marcio-cunha\/#\/schema\/logo\/image\/","url":"https:\/\/www.fsfx.com.br\/hospital-marcio-cunha\/wp-content\/uploads\/sites\/9\/2022\/04\/logo-hmc-color.png","contentUrl":"https:\/\/www.fsfx.com.br\/hospital-marcio-cunha\/wp-content\/uploads\/sites\/9\/2022\/04\/logo-hmc-color.png","width":264,"height":59,"caption":"HMC - Hospital M\u00e1rcio Cunha"},"image":{"@id":"https:\/\/www.fsfx.com.br\/hospital-marcio-cunha\/#\/schema\/logo\/image\/"}},{"@type":"Person","@id":"https:\/\/www.fsfx.com.br\/hospital-marcio-cunha\/#\/schema\/person\/6bf2cced2b7a5d5d78f5610fc8f52504","name":"C\u00e1ssio Santana","image":{"@type":"ImageObject","inLanguage":"pt-BR","@id":"https:\/\/www.fsfx.com.br\/hospital-marcio-cunha\/#\/schema\/person\/image\/","url":"https:\/\/secure.gravatar.com\/avatar\/ef79739de3edd2f5c2e7c4930b0808c62af99fc5520eaadc7899948f8bc6d2e1?s=96&d=mm&r=g","contentUrl":"https:\/\/secure.gravatar.com\/avatar\/ef79739de3edd2f5c2e7c4930b0808c62af99fc5520eaadc7899948f8bc6d2e1?s=96&d=mm&r=g","caption":"C\u00e1ssio Santana"},"url":"https:\/\/www.fsfx.com.br\/hospital-marcio-cunha\/author\/cassio\/"}]}},"_links":{"self":[{"href":"https:\/\/www.fsfx.com.br\/hospital-marcio-cunha\/wp-json\/wp\/v2\/posts\/11928","targetHints":{"allow":["GET"]}}],"collection":[{"href":"https:\/\/www.fsfx.com.br\/hospital-marcio-cunha\/wp-json\/wp\/v2\/posts"}],"about":[{"href":"https:\/\/www.fsfx.com.br\/hospital-marcio-cunha\/wp-json\/wp\/v2\/types\/post"}],"author":[{"embeddable":true,"href":"https:\/\/www.fsfx.com.br\/hospital-marcio-cunha\/wp-json\/wp\/v2\/users\/6"}],"replies":[{"embeddable":true,"href":"https:\/\/www.fsfx.com.br\/hospital-marcio-cunha\/wp-json\/wp\/v2\/comments?post=11928"}],"version-history":[{"count":1,"href":"https:\/\/www.fsfx.com.br\/hospital-marcio-cunha\/wp-json\/wp\/v2\/posts\/11928\/revisions"}],"predecessor-version":[{"id":11930,"href":"https:\/\/www.fsfx.com.br\/hospital-marcio-cunha\/wp-json\/wp\/v2\/posts\/11928\/revisions\/11930"}],"wp:featuredmedia":[{"embeddable":true,"href":"https:\/\/www.fsfx.com.br\/hospital-marcio-cunha\/wp-json\/wp\/v2\/media\/11929"}],"wp:attachment":[{"href":"https:\/\/www.fsfx.com.br\/hospital-marcio-cunha\/wp-json\/wp\/v2\/media?parent=11928"}],"wp:term":[{"taxonomy":"category","embeddable":true,"href":"https:\/\/www.fsfx.com.br\/hospital-marcio-cunha\/wp-json\/wp\/v2\/categories?post=11928"},{"taxonomy":"post_tag","embeddable":true,"href":"https:\/\/www.fsfx.com.br\/hospital-marcio-cunha\/wp-json\/wp\/v2\/tags?post=11928"}],"curies":[{"name":"wp","href":"https:\/\/api.w.org\/{rel}","templated":true}]}}