{"id":12030,"date":"2024-04-23T12:15:33","date_gmt":"2024-04-23T15:15:33","guid":{"rendered":"https:\/\/www.fsfx.com.br\/hospital-marcio-cunha\/?p=12030"},"modified":"2024-04-23T12:15:33","modified_gmt":"2024-04-23T15:15:33","slug":"semana-da-vacinacao-nas-americas-especialista-da-fsfx-comenta-sobre-a-importancia-da-vacinacao","status":"publish","type":"post","link":"https:\/\/www.fsfx.com.br\/hospital-marcio-cunha\/semana-da-vacinacao-nas-americas-especialista-da-fsfx-comenta-sobre-a-importancia-da-vacinacao\/","title":{"rendered":"Semana da Vacina\u00e7\u00e3o nas Am\u00e9ricas: especialista da FSFX comenta sobre a import\u00e2ncia da vacina\u00e7\u00e3o"},"content":{"rendered":"<p style=\"text-align: center\"><em>Com o tema &#8216;Proteja o Futuro: Vacine-se&#8217;, a semana destaca que a imuniza\u00e7\u00e3o pode evitar o ressurgimento de doen\u00e7as j\u00e1 eliminadas<\/em><\/p>\n<p>Comemorada entre 20 e 27 de abril, a Semana da Vacina\u00e7\u00e3o nas Am\u00e9ricas de 2024, cujo tema \u00e9 &#8220;Proteja o Futuro: Vacine-se&#8221;, busca incentivar as pessoas a se vacinarem, visando melhora da cobertura vacinal do pa\u00eds. Segundo dados do Instituto Brasileiro de Geografia e Estat\u00edstica (IBGE), mais de 60% dos munic\u00edpios brasileiros n\u00e3o atingiram a meta de 95% de cobertura vacinal recomendada pelo Minist\u00e9rio da Sa\u00fade, no ano de 2023.<\/p>\n<p><img fetchpriority=\"high\" decoding=\"async\" class=\" wp-image-16742 alignleft\" src=\"https:\/\/www.fsfx.com.br\/wp-content\/uploads\/2024\/04\/Dra-Maria-do-Socorro-225x300.jpg\" alt=\"\" width=\"318\" height=\"424\" \/>Segundo a pediatra da Funda\u00e7\u00e3o S\u00e3o Francisco Xavier, Maria do Socorro An\u00edcio de Moraes, a vacina\u00e7\u00e3o elimina ou reduz o risco de manifesta\u00e7\u00f5es graves que podem levar \u00e0 interna\u00e7\u00e3o e at\u00e9 mesmo ao \u00f3bito, \u201c\u00e9 importante conscientizar a popula\u00e7\u00e3o que a vacina \u00e9 a forma mais eficaz e segura de adquirir prote\u00e7\u00e3o contra uma doen\u00e7a infecciosa. Ao vacinar, voc\u00ea n\u00e3o protege apenas a si mesmo, mas tamb\u00e9m as pessoas ao seu redor\u201d.<\/p>\n<p>O <strong>Programa Nacional de Imuniza\u00e7\u00f5es<\/strong> \u00e9 respons\u00e1vel por elaborar a pol\u00edtica de vacina\u00e7\u00e3o do Brasil. \u00c9 citado como refer\u00eancia mundial por ter cooperado tecnicamente com pa\u00edses como Estados Unidos, M\u00e9xico e Guiana Francesa. O PNI \u00e9 integrante do Programa da Organiza\u00e7\u00e3o Mundial da Sa\u00fade (OMS) e oferta 45 diferentes imunobiol\u00f3gicos para toda a popula\u00e7\u00e3o brasileira.<\/p>\n<p>O Calend\u00e1rio Nacional de Vacina\u00e7\u00e3o, uma das principais ferramentas do PNI, foi criado para garantir uma cobertura vacinal para toda a popula\u00e7\u00e3o brasileira. O documento estabelece quais vacinas devem ser administradas, especificando faixas et\u00e1rias, frequ\u00eancia de doses e situa\u00e7\u00f5es especiais, como em casos de surtos ou para grupos de risco.<\/p>\n<p>\u201cManter o cart\u00e3o vacinal atualizado \u00e9 importante porque, al\u00e9m da preven\u00e7\u00e3o de doen\u00e7as infecciosas potencialmente graves e fatais, tamb\u00e9m contribui para a prote\u00e7\u00e3o de grupos vulner\u00e1veis, como pessoas imunossuprimidas e pessoas que n\u00e3o podem tomar vacina por alergia\u201d, afirma Dr\u00aa. Maria do Socorro. Segundo ela, manter as vacinas em dia gera uma imuniza\u00e7\u00e3o coletiva, conhecida como imuniza\u00e7\u00e3o de rebanho, \u201cisso \u00e9 muito importante porque controla os surtos das doen\u00e7as infecciosas. Quando a cobertura vacinal diminui, as doen\u00e7as que j\u00e1 foram controladas podem ressurgir e espalhar rapidamente. Ent\u00e3o, a vacina\u00e7\u00e3o completa contribui para que doen\u00e7as que j\u00e1 foram erradicadas n\u00e3o voltem a se manifestar\u201d.<\/p>\n<p>Atualmente, s\u00e3o oferecidas 19 vacinas como parte da rotina de imuniza\u00e7\u00e3o, abrangendo n\u00e3o apenas crian\u00e7as, mas tamb\u00e9m adolescentes, adultos, idosos, gestantes e povos ind\u00edgenas. \u201cVale destacar que as vacinas recebidas nos primeiros anos de vida s\u00e3o fundamentais para proteger a crian\u00e7a contra doen\u00e7as graves como poliomielite, meningite, pneumonia e sarampo\u201d, conclui a pediatra.<\/p>\n<p>&nbsp;<\/p>\n<p><strong>Baixa imuniza\u00e7\u00e3o <\/strong><\/p>\n<p>A partir dos esfor\u00e7os do PNI, houve uma redu\u00e7\u00e3o significativa de casos de \u00f3bito por in\u00fameras doen\u00e7as infecciosas. Doen\u00e7as como o sarampo, rub\u00e9ola e rub\u00e9ola cong\u00eanita foram eliminadas no Brasil e nas Am\u00e9ricas, mas podem voltar pela falta de vacina\u00e7\u00e3o. De acordo com os dados divulgados pelo DataSUS, desde 2020, a cobertura vacinal total da popula\u00e7\u00e3o n\u00e3o chega a 70%.<\/p>\n<p>Desde 1994 o Brasil tinha\u00a0o\u00a0certificado de elimina\u00e7\u00e3o da poliomielite, doen\u00e7a que atingiu 26.827 crian\u00e7as, por\u00e9m, com a queda da cobertura vacinal, em 2021, o pa\u00eds passou a fazer parte do grupo com alto risco de volta da doen\u00e7a,\u00a0segundo informes divulgados pela Organiza\u00e7\u00e3o Pan-Americana de Sa\u00fade (OPAS) ano passado.<\/p>\n<p>Especialistas acreditam que o decl\u00ednio da vacina\u00e7\u00e3o tem rela\u00e7\u00e3o com o aparecimento de not\u00edcias falsas sobre o assunto. Segundo a Organiza\u00e7\u00e3o Mundial da Sa\u00fade, toda vacina licenciada \u00e9 rigorosamente testada em v\u00e1rias fases antes de ser aprovada para uso. Portanto, s\u00e3o seguras e seus benef\u00edcios superam os riscos ou os efeitos colaterais, como febre baixa e dor local.<\/p>\n","protected":false},"excerpt":{"rendered":"<p>Com o tema &#8216;Proteja o Futuro: Vacine-se&#8217;, a semana destaca que a imuniza\u00e7\u00e3o pode evitar o ressurgimento de doen\u00e7as j\u00e1 eliminadas Comemorada entre 20 e 27 de abril, a Semana da Vacina\u00e7\u00e3o nas Am\u00e9ricas de 2024, cujo tema \u00e9 &#8220;Proteja o Futuro: Vacine-se&#8221;, busca incentivar as pessoas a se vacinarem, visando melhora da cobertura vacinal [&hellip;]<\/p>\n","protected":false},"author":6,"featured_media":12031,"comment_status":"closed","ping_status":"closed","sticky":false,"template":"","format":"standard","meta":{"_acf_changed":false,"site-sidebar-layout":"default","site-content-layout":"","ast-site-content-layout":"default","site-content-style":"default","site-sidebar-style":"default","ast-global-header-display":"","ast-banner-title-visibility":"","ast-main-header-display":"","ast-hfb-above-header-display":"","ast-hfb-below-header-display":"","ast-hfb-mobile-header-display":"","site-post-title":"","ast-breadcrumbs-content":"","ast-featured-img":"","footer-sml-layout":"","theme-transparent-header-meta":"","adv-header-id-meta":"","stick-header-meta":"","header-above-stick-meta":"","header-main-stick-meta":"","header-below-stick-meta":"","astra-migrate-meta-layouts":"default","ast-page-background-enabled":"default","ast-page-background-meta":{"desktop":{"background-color":"var(--ast-global-color-4)","background-image":"","background-repeat":"repeat","background-position":"center center","background-size":"auto","background-attachment":"scroll","background-type":"","background-media":"","overlay-type":"","overlay-color":"","overlay-opacity":"","overlay-gradient":""},"tablet":{"background-color":"","background-image":"","background-repeat":"repeat","background-position":"center center","background-size":"auto","background-attachment":"scroll","background-type":"","background-media":"","overlay-type":"","overlay-color":"","overlay-opacity":"","overlay-gradient":""},"mobile":{"background-color":"","background-image":"","background-repeat":"repeat","background-position":"center center","background-size":"auto","background-attachment":"scroll","background-type":"","background-media":"","overlay-type":"","overlay-color":"","overlay-opacity":"","overlay-gradient":""}},"ast-content-background-meta":{"desktop":{"background-color":"var(--ast-global-color-5)","background-image":"","background-repeat":"repeat","background-position":"center center","background-size":"auto","background-attachment":"scroll","background-type":"","background-media":"","overlay-type":"","overlay-color":"","overlay-opacity":"","overlay-gradient":""},"tablet":{"background-color":"var(--ast-global-color-5)","background-image":"","background-repeat":"repeat","background-position":"center center","background-size":"auto","background-attachment":"scroll","background-type":"","background-media":"","overlay-type":"","overlay-color":"","overlay-opacity":"","overlay-gradient":""},"mobile":{"background-color":"var(--ast-global-color-5)","background-image":"","background-repeat":"repeat","background-position":"center center","background-size":"auto","background-attachment":"scroll","background-type":"","background-media":"","overlay-type":"","overlay-color":"","overlay-opacity":"","overlay-gradient":""}},"footnotes":""},"categories":[24],"tags":[],"class_list":["post-12030","post","type-post","status-publish","format-standard","has-post-thumbnail","hentry","category-saude"],"acf":[],"yoast_head":"<!-- This site is optimized with the Yoast SEO plugin v26.9 - https:\/\/yoast.com\/product\/yoast-seo-wordpress\/ -->\n<title>Semana da Vacina\u00e7\u00e3o nas Am\u00e9ricas: especialista da FSFX comenta sobre a import\u00e2ncia da vacina\u00e7\u00e3o - Hospital M\u00e1rcio Cunha<\/title>\n<meta name=\"robots\" content=\"index, follow, max-snippet:-1, max-image-preview:large, max-video-preview:-1\" \/>\n<link rel=\"canonical\" href=\"https:\/\/www.fsfx.com.br\/hospital-marcio-cunha\/semana-da-vacinacao-nas-americas-especialista-da-fsfx-comenta-sobre-a-importancia-da-vacinacao\/\" \/>\n<meta property=\"og:locale\" content=\"pt_BR\" \/>\n<meta property=\"og:type\" content=\"article\" \/>\n<meta property=\"og:title\" content=\"Semana da Vacina\u00e7\u00e3o nas Am\u00e9ricas: especialista da FSFX comenta sobre a import\u00e2ncia da vacina\u00e7\u00e3o - Hospital M\u00e1rcio Cunha\" \/>\n<meta property=\"og:description\" content=\"Com o tema &#8216;Proteja o Futuro: Vacine-se&#8217;, a semana destaca que a imuniza\u00e7\u00e3o pode evitar o ressurgimento de doen\u00e7as j\u00e1 eliminadas Comemorada entre 20 e 27 de abril, a Semana da Vacina\u00e7\u00e3o nas Am\u00e9ricas de 2024, cujo tema \u00e9 &#8220;Proteja o Futuro: Vacine-se&#8221;, busca incentivar as pessoas a se vacinarem, visando melhora da cobertura vacinal [&hellip;]\" \/>\n<meta property=\"og:url\" content=\"https:\/\/www.fsfx.com.br\/hospital-marcio-cunha\/semana-da-vacinacao-nas-americas-especialista-da-fsfx-comenta-sobre-a-importancia-da-vacinacao\/\" \/>\n<meta property=\"og:site_name\" content=\"Hospital M\u00e1rcio Cunha\" \/>\n<meta property=\"article:published_time\" content=\"2024-04-23T15:15:33+00:00\" \/>\n<meta property=\"og:image\" content=\"https:\/\/www.fsfx.com.br\/hospital-marcio-cunha\/wp-content\/uploads\/sites\/9\/2024\/04\/Dra-Maria-do-Socorro.jpg\" \/>\n\t<meta property=\"og:image:width\" content=\"1200\" \/>\n\t<meta property=\"og:image:height\" content=\"1600\" \/>\n\t<meta property=\"og:image:type\" content=\"image\/jpeg\" \/>\n<meta name=\"author\" content=\"C\u00e1ssio Santana\" \/>\n<meta name=\"twitter:card\" content=\"summary_large_image\" \/>\n<meta name=\"twitter:label1\" content=\"Escrito por\" \/>\n\t<meta name=\"twitter:data1\" content=\"C\u00e1ssio Santana\" \/>\n\t<meta name=\"twitter:label2\" content=\"Est. tempo de leitura\" \/>\n\t<meta name=\"twitter:data2\" content=\"4 minutos\" \/>\n<script type=\"application\/ld+json\" class=\"yoast-schema-graph\">{\"@context\":\"https:\/\/schema.org\",\"@graph\":[{\"@type\":\"Article\",\"@id\":\"https:\/\/www.fsfx.com.br\/hospital-marcio-cunha\/semana-da-vacinacao-nas-americas-especialista-da-fsfx-comenta-sobre-a-importancia-da-vacinacao\/#article\",\"isPartOf\":{\"@id\":\"https:\/\/www.fsfx.com.br\/hospital-marcio-cunha\/semana-da-vacinacao-nas-americas-especialista-da-fsfx-comenta-sobre-a-importancia-da-vacinacao\/\"},\"author\":{\"name\":\"C\u00e1ssio Santana\",\"@id\":\"https:\/\/www.fsfx.com.br\/hospital-marcio-cunha\/#\/schema\/person\/6bf2cced2b7a5d5d78f5610fc8f52504\"},\"headline\":\"Semana da Vacina\u00e7\u00e3o nas Am\u00e9ricas: especialista da FSFX comenta sobre a import\u00e2ncia da vacina\u00e7\u00e3o\",\"datePublished\":\"2024-04-23T15:15:33+00:00\",\"mainEntityOfPage\":{\"@id\":\"https:\/\/www.fsfx.com.br\/hospital-marcio-cunha\/semana-da-vacinacao-nas-americas-especialista-da-fsfx-comenta-sobre-a-importancia-da-vacinacao\/\"},\"wordCount\":684,\"publisher\":{\"@id\":\"https:\/\/www.fsfx.com.br\/hospital-marcio-cunha\/#organization\"},\"image\":{\"@id\":\"https:\/\/www.fsfx.com.br\/hospital-marcio-cunha\/semana-da-vacinacao-nas-americas-especialista-da-fsfx-comenta-sobre-a-importancia-da-vacinacao\/#primaryimage\"},\"thumbnailUrl\":\"https:\/\/www.fsfx.com.br\/hospital-marcio-cunha\/wp-content\/uploads\/sites\/9\/2024\/04\/Dra-Maria-do-Socorro.jpg\",\"articleSection\":[\"Sa\u00fade\"],\"inLanguage\":\"pt-BR\"},{\"@type\":\"WebPage\",\"@id\":\"https:\/\/www.fsfx.com.br\/hospital-marcio-cunha\/semana-da-vacinacao-nas-americas-especialista-da-fsfx-comenta-sobre-a-importancia-da-vacinacao\/\",\"url\":\"https:\/\/www.fsfx.com.br\/hospital-marcio-cunha\/semana-da-vacinacao-nas-americas-especialista-da-fsfx-comenta-sobre-a-importancia-da-vacinacao\/\",\"name\":\"Semana da Vacina\u00e7\u00e3o nas Am\u00e9ricas: especialista da FSFX comenta sobre a import\u00e2ncia da vacina\u00e7\u00e3o - Hospital M\u00e1rcio Cunha\",\"isPartOf\":{\"@id\":\"https:\/\/www.fsfx.com.br\/hospital-marcio-cunha\/#website\"},\"primaryImageOfPage\":{\"@id\":\"https:\/\/www.fsfx.com.br\/hospital-marcio-cunha\/semana-da-vacinacao-nas-americas-especialista-da-fsfx-comenta-sobre-a-importancia-da-vacinacao\/#primaryimage\"},\"image\":{\"@id\":\"https:\/\/www.fsfx.com.br\/hospital-marcio-cunha\/semana-da-vacinacao-nas-americas-especialista-da-fsfx-comenta-sobre-a-importancia-da-vacinacao\/#primaryimage\"},\"thumbnailUrl\":\"https:\/\/www.fsfx.com.br\/hospital-marcio-cunha\/wp-content\/uploads\/sites\/9\/2024\/04\/Dra-Maria-do-Socorro.jpg\",\"datePublished\":\"2024-04-23T15:15:33+00:00\",\"breadcrumb\":{\"@id\":\"https:\/\/www.fsfx.com.br\/hospital-marcio-cunha\/semana-da-vacinacao-nas-americas-especialista-da-fsfx-comenta-sobre-a-importancia-da-vacinacao\/#breadcrumb\"},\"inLanguage\":\"pt-BR\",\"potentialAction\":[{\"@type\":\"ReadAction\",\"target\":[\"https:\/\/www.fsfx.com.br\/hospital-marcio-cunha\/semana-da-vacinacao-nas-americas-especialista-da-fsfx-comenta-sobre-a-importancia-da-vacinacao\/\"]}]},{\"@type\":\"ImageObject\",\"inLanguage\":\"pt-BR\",\"@id\":\"https:\/\/www.fsfx.com.br\/hospital-marcio-cunha\/semana-da-vacinacao-nas-americas-especialista-da-fsfx-comenta-sobre-a-importancia-da-vacinacao\/#primaryimage\",\"url\":\"https:\/\/www.fsfx.com.br\/hospital-marcio-cunha\/wp-content\/uploads\/sites\/9\/2024\/04\/Dra-Maria-do-Socorro.jpg\",\"contentUrl\":\"https:\/\/www.fsfx.com.br\/hospital-marcio-cunha\/wp-content\/uploads\/sites\/9\/2024\/04\/Dra-Maria-do-Socorro.jpg\",\"width\":1200,\"height\":1600},{\"@type\":\"BreadcrumbList\",\"@id\":\"https:\/\/www.fsfx.com.br\/hospital-marcio-cunha\/semana-da-vacinacao-nas-americas-especialista-da-fsfx-comenta-sobre-a-importancia-da-vacinacao\/#breadcrumb\",\"itemListElement\":[{\"@type\":\"ListItem\",\"position\":1,\"name\":\"In\u00edcio\",\"item\":\"https:\/\/www.fsfx.com.br\/hospital-marcio-cunha\/\"},{\"@type\":\"ListItem\",\"position\":2,\"name\":\"Semana da Vacina\u00e7\u00e3o nas Am\u00e9ricas: especialista da FSFX comenta sobre a import\u00e2ncia da vacina\u00e7\u00e3o\"}]},{\"@type\":\"WebSite\",\"@id\":\"https:\/\/www.fsfx.com.br\/hospital-marcio-cunha\/#website\",\"url\":\"https:\/\/www.fsfx.com.br\/hospital-marcio-cunha\/\",\"name\":\"Hospital M\u00e1rcio Cunha\",\"description\":\"O Hospital M\u00e1rcio Cunha (HMC) \u00e9 um hospital geral de alta complexidade, com 558 leitos e tr\u00eas unidades, sendo uma unidade exclusiva para o tratamento oncol\u00f3gico.\",\"publisher\":{\"@id\":\"https:\/\/www.fsfx.com.br\/hospital-marcio-cunha\/#organization\"},\"potentialAction\":[{\"@type\":\"SearchAction\",\"target\":{\"@type\":\"EntryPoint\",\"urlTemplate\":\"https:\/\/www.fsfx.com.br\/hospital-marcio-cunha\/?s={search_term_string}\"},\"query-input\":{\"@type\":\"PropertyValueSpecification\",\"valueRequired\":true,\"valueName\":\"search_term_string\"}}],\"inLanguage\":\"pt-BR\"},{\"@type\":\"Organization\",\"@id\":\"https:\/\/www.fsfx.com.br\/hospital-marcio-cunha\/#organization\",\"name\":\"HMC - Hospital M\u00e1rcio Cunha\",\"url\":\"https:\/\/www.fsfx.com.br\/hospital-marcio-cunha\/\",\"logo\":{\"@type\":\"ImageObject\",\"inLanguage\":\"pt-BR\",\"@id\":\"https:\/\/www.fsfx.com.br\/hospital-marcio-cunha\/#\/schema\/logo\/image\/\",\"url\":\"https:\/\/www.fsfx.com.br\/hospital-marcio-cunha\/wp-content\/uploads\/sites\/9\/2022\/04\/logo-hmc-color.png\",\"contentUrl\":\"https:\/\/www.fsfx.com.br\/hospital-marcio-cunha\/wp-content\/uploads\/sites\/9\/2022\/04\/logo-hmc-color.png\",\"width\":264,\"height\":59,\"caption\":\"HMC - Hospital M\u00e1rcio Cunha\"},\"image\":{\"@id\":\"https:\/\/www.fsfx.com.br\/hospital-marcio-cunha\/#\/schema\/logo\/image\/\"}},{\"@type\":\"Person\",\"@id\":\"https:\/\/www.fsfx.com.br\/hospital-marcio-cunha\/#\/schema\/person\/6bf2cced2b7a5d5d78f5610fc8f52504\",\"name\":\"C\u00e1ssio Santana\",\"image\":{\"@type\":\"ImageObject\",\"inLanguage\":\"pt-BR\",\"@id\":\"https:\/\/www.fsfx.com.br\/hospital-marcio-cunha\/#\/schema\/person\/image\/\",\"url\":\"https:\/\/secure.gravatar.com\/avatar\/ef79739de3edd2f5c2e7c4930b0808c62af99fc5520eaadc7899948f8bc6d2e1?s=96&d=mm&r=g\",\"contentUrl\":\"https:\/\/secure.gravatar.com\/avatar\/ef79739de3edd2f5c2e7c4930b0808c62af99fc5520eaadc7899948f8bc6d2e1?s=96&d=mm&r=g\",\"caption\":\"C\u00e1ssio Santana\"},\"url\":\"https:\/\/www.fsfx.com.br\/hospital-marcio-cunha\/author\/cassio\/\"}]}<\/script>\n<!-- \/ Yoast SEO plugin. -->","yoast_head_json":{"title":"Semana da Vacina\u00e7\u00e3o nas Am\u00e9ricas: especialista da FSFX comenta sobre a import\u00e2ncia da vacina\u00e7\u00e3o - Hospital M\u00e1rcio Cunha","robots":{"index":"index","follow":"follow","max-snippet":"max-snippet:-1","max-image-preview":"max-image-preview:large","max-video-preview":"max-video-preview:-1"},"canonical":"https:\/\/www.fsfx.com.br\/hospital-marcio-cunha\/semana-da-vacinacao-nas-americas-especialista-da-fsfx-comenta-sobre-a-importancia-da-vacinacao\/","og_locale":"pt_BR","og_type":"article","og_title":"Semana da Vacina\u00e7\u00e3o nas Am\u00e9ricas: especialista da FSFX comenta sobre a import\u00e2ncia da vacina\u00e7\u00e3o - Hospital M\u00e1rcio Cunha","og_description":"Com o tema &#8216;Proteja o Futuro: Vacine-se&#8217;, a semana destaca que a imuniza\u00e7\u00e3o pode evitar o ressurgimento de doen\u00e7as j\u00e1 eliminadas Comemorada entre 20 e 27 de abril, a Semana da Vacina\u00e7\u00e3o nas Am\u00e9ricas de 2024, cujo tema \u00e9 &#8220;Proteja o Futuro: Vacine-se&#8221;, busca incentivar as pessoas a se vacinarem, visando melhora da cobertura vacinal [&hellip;]","og_url":"https:\/\/www.fsfx.com.br\/hospital-marcio-cunha\/semana-da-vacinacao-nas-americas-especialista-da-fsfx-comenta-sobre-a-importancia-da-vacinacao\/","og_site_name":"Hospital M\u00e1rcio Cunha","article_published_time":"2024-04-23T15:15:33+00:00","og_image":[{"width":1200,"height":1600,"url":"https:\/\/www.fsfx.com.br\/hospital-marcio-cunha\/wp-content\/uploads\/sites\/9\/2024\/04\/Dra-Maria-do-Socorro.jpg","type":"image\/jpeg"}],"author":"C\u00e1ssio Santana","twitter_card":"summary_large_image","twitter_misc":{"Escrito por":"C\u00e1ssio Santana","Est. tempo de leitura":"4 minutos"},"schema":{"@context":"https:\/\/schema.org","@graph":[{"@type":"Article","@id":"https:\/\/www.fsfx.com.br\/hospital-marcio-cunha\/semana-da-vacinacao-nas-americas-especialista-da-fsfx-comenta-sobre-a-importancia-da-vacinacao\/#article","isPartOf":{"@id":"https:\/\/www.fsfx.com.br\/hospital-marcio-cunha\/semana-da-vacinacao-nas-americas-especialista-da-fsfx-comenta-sobre-a-importancia-da-vacinacao\/"},"author":{"name":"C\u00e1ssio Santana","@id":"https:\/\/www.fsfx.com.br\/hospital-marcio-cunha\/#\/schema\/person\/6bf2cced2b7a5d5d78f5610fc8f52504"},"headline":"Semana da Vacina\u00e7\u00e3o nas Am\u00e9ricas: especialista da FSFX comenta sobre a import\u00e2ncia da vacina\u00e7\u00e3o","datePublished":"2024-04-23T15:15:33+00:00","mainEntityOfPage":{"@id":"https:\/\/www.fsfx.com.br\/hospital-marcio-cunha\/semana-da-vacinacao-nas-americas-especialista-da-fsfx-comenta-sobre-a-importancia-da-vacinacao\/"},"wordCount":684,"publisher":{"@id":"https:\/\/www.fsfx.com.br\/hospital-marcio-cunha\/#organization"},"image":{"@id":"https:\/\/www.fsfx.com.br\/hospital-marcio-cunha\/semana-da-vacinacao-nas-americas-especialista-da-fsfx-comenta-sobre-a-importancia-da-vacinacao\/#primaryimage"},"thumbnailUrl":"https:\/\/www.fsfx.com.br\/hospital-marcio-cunha\/wp-content\/uploads\/sites\/9\/2024\/04\/Dra-Maria-do-Socorro.jpg","articleSection":["Sa\u00fade"],"inLanguage":"pt-BR"},{"@type":"WebPage","@id":"https:\/\/www.fsfx.com.br\/hospital-marcio-cunha\/semana-da-vacinacao-nas-americas-especialista-da-fsfx-comenta-sobre-a-importancia-da-vacinacao\/","url":"https:\/\/www.fsfx.com.br\/hospital-marcio-cunha\/semana-da-vacinacao-nas-americas-especialista-da-fsfx-comenta-sobre-a-importancia-da-vacinacao\/","name":"Semana da Vacina\u00e7\u00e3o nas Am\u00e9ricas: especialista da FSFX comenta sobre a import\u00e2ncia da vacina\u00e7\u00e3o - Hospital M\u00e1rcio Cunha","isPartOf":{"@id":"https:\/\/www.fsfx.com.br\/hospital-marcio-cunha\/#website"},"primaryImageOfPage":{"@id":"https:\/\/www.fsfx.com.br\/hospital-marcio-cunha\/semana-da-vacinacao-nas-americas-especialista-da-fsfx-comenta-sobre-a-importancia-da-vacinacao\/#primaryimage"},"image":{"@id":"https:\/\/www.fsfx.com.br\/hospital-marcio-cunha\/semana-da-vacinacao-nas-americas-especialista-da-fsfx-comenta-sobre-a-importancia-da-vacinacao\/#primaryimage"},"thumbnailUrl":"https:\/\/www.fsfx.com.br\/hospital-marcio-cunha\/wp-content\/uploads\/sites\/9\/2024\/04\/Dra-Maria-do-Socorro.jpg","datePublished":"2024-04-23T15:15:33+00:00","breadcrumb":{"@id":"https:\/\/www.fsfx.com.br\/hospital-marcio-cunha\/semana-da-vacinacao-nas-americas-especialista-da-fsfx-comenta-sobre-a-importancia-da-vacinacao\/#breadcrumb"},"inLanguage":"pt-BR","potentialAction":[{"@type":"ReadAction","target":["https:\/\/www.fsfx.com.br\/hospital-marcio-cunha\/semana-da-vacinacao-nas-americas-especialista-da-fsfx-comenta-sobre-a-importancia-da-vacinacao\/"]}]},{"@type":"ImageObject","inLanguage":"pt-BR","@id":"https:\/\/www.fsfx.com.br\/hospital-marcio-cunha\/semana-da-vacinacao-nas-americas-especialista-da-fsfx-comenta-sobre-a-importancia-da-vacinacao\/#primaryimage","url":"https:\/\/www.fsfx.com.br\/hospital-marcio-cunha\/wp-content\/uploads\/sites\/9\/2024\/04\/Dra-Maria-do-Socorro.jpg","contentUrl":"https:\/\/www.fsfx.com.br\/hospital-marcio-cunha\/wp-content\/uploads\/sites\/9\/2024\/04\/Dra-Maria-do-Socorro.jpg","width":1200,"height":1600},{"@type":"BreadcrumbList","@id":"https:\/\/www.fsfx.com.br\/hospital-marcio-cunha\/semana-da-vacinacao-nas-americas-especialista-da-fsfx-comenta-sobre-a-importancia-da-vacinacao\/#breadcrumb","itemListElement":[{"@type":"ListItem","position":1,"name":"In\u00edcio","item":"https:\/\/www.fsfx.com.br\/hospital-marcio-cunha\/"},{"@type":"ListItem","position":2,"name":"Semana da Vacina\u00e7\u00e3o nas Am\u00e9ricas: especialista da FSFX comenta sobre a import\u00e2ncia da vacina\u00e7\u00e3o"}]},{"@type":"WebSite","@id":"https:\/\/www.fsfx.com.br\/hospital-marcio-cunha\/#website","url":"https:\/\/www.fsfx.com.br\/hospital-marcio-cunha\/","name":"Hospital M\u00e1rcio Cunha","description":"O Hospital M\u00e1rcio Cunha (HMC) \u00e9 um hospital geral de alta complexidade, com 558 leitos e tr\u00eas unidades, sendo uma unidade exclusiva para o tratamento oncol\u00f3gico.","publisher":{"@id":"https:\/\/www.fsfx.com.br\/hospital-marcio-cunha\/#organization"},"potentialAction":[{"@type":"SearchAction","target":{"@type":"EntryPoint","urlTemplate":"https:\/\/www.fsfx.com.br\/hospital-marcio-cunha\/?s={search_term_string}"},"query-input":{"@type":"PropertyValueSpecification","valueRequired":true,"valueName":"search_term_string"}}],"inLanguage":"pt-BR"},{"@type":"Organization","@id":"https:\/\/www.fsfx.com.br\/hospital-marcio-cunha\/#organization","name":"HMC - Hospital M\u00e1rcio Cunha","url":"https:\/\/www.fsfx.com.br\/hospital-marcio-cunha\/","logo":{"@type":"ImageObject","inLanguage":"pt-BR","@id":"https:\/\/www.fsfx.com.br\/hospital-marcio-cunha\/#\/schema\/logo\/image\/","url":"https:\/\/www.fsfx.com.br\/hospital-marcio-cunha\/wp-content\/uploads\/sites\/9\/2022\/04\/logo-hmc-color.png","contentUrl":"https:\/\/www.fsfx.com.br\/hospital-marcio-cunha\/wp-content\/uploads\/sites\/9\/2022\/04\/logo-hmc-color.png","width":264,"height":59,"caption":"HMC - Hospital M\u00e1rcio Cunha"},"image":{"@id":"https:\/\/www.fsfx.com.br\/hospital-marcio-cunha\/#\/schema\/logo\/image\/"}},{"@type":"Person","@id":"https:\/\/www.fsfx.com.br\/hospital-marcio-cunha\/#\/schema\/person\/6bf2cced2b7a5d5d78f5610fc8f52504","name":"C\u00e1ssio Santana","image":{"@type":"ImageObject","inLanguage":"pt-BR","@id":"https:\/\/www.fsfx.com.br\/hospital-marcio-cunha\/#\/schema\/person\/image\/","url":"https:\/\/secure.gravatar.com\/avatar\/ef79739de3edd2f5c2e7c4930b0808c62af99fc5520eaadc7899948f8bc6d2e1?s=96&d=mm&r=g","contentUrl":"https:\/\/secure.gravatar.com\/avatar\/ef79739de3edd2f5c2e7c4930b0808c62af99fc5520eaadc7899948f8bc6d2e1?s=96&d=mm&r=g","caption":"C\u00e1ssio Santana"},"url":"https:\/\/www.fsfx.com.br\/hospital-marcio-cunha\/author\/cassio\/"}]}},"_links":{"self":[{"href":"https:\/\/www.fsfx.com.br\/hospital-marcio-cunha\/wp-json\/wp\/v2\/posts\/12030","targetHints":{"allow":["GET"]}}],"collection":[{"href":"https:\/\/www.fsfx.com.br\/hospital-marcio-cunha\/wp-json\/wp\/v2\/posts"}],"about":[{"href":"https:\/\/www.fsfx.com.br\/hospital-marcio-cunha\/wp-json\/wp\/v2\/types\/post"}],"author":[{"embeddable":true,"href":"https:\/\/www.fsfx.com.br\/hospital-marcio-cunha\/wp-json\/wp\/v2\/users\/6"}],"replies":[{"embeddable":true,"href":"https:\/\/www.fsfx.com.br\/hospital-marcio-cunha\/wp-json\/wp\/v2\/comments?post=12030"}],"version-history":[{"count":1,"href":"https:\/\/www.fsfx.com.br\/hospital-marcio-cunha\/wp-json\/wp\/v2\/posts\/12030\/revisions"}],"predecessor-version":[{"id":12032,"href":"https:\/\/www.fsfx.com.br\/hospital-marcio-cunha\/wp-json\/wp\/v2\/posts\/12030\/revisions\/12032"}],"wp:featuredmedia":[{"embeddable":true,"href":"https:\/\/www.fsfx.com.br\/hospital-marcio-cunha\/wp-json\/wp\/v2\/media\/12031"}],"wp:attachment":[{"href":"https:\/\/www.fsfx.com.br\/hospital-marcio-cunha\/wp-json\/wp\/v2\/media?parent=12030"}],"wp:term":[{"taxonomy":"category","embeddable":true,"href":"https:\/\/www.fsfx.com.br\/hospital-marcio-cunha\/wp-json\/wp\/v2\/categories?post=12030"},{"taxonomy":"post_tag","embeddable":true,"href":"https:\/\/www.fsfx.com.br\/hospital-marcio-cunha\/wp-json\/wp\/v2\/tags?post=12030"}],"curies":[{"name":"wp","href":"https:\/\/api.w.org\/{rel}","templated":true}]}}