{"id":12065,"date":"2024-05-10T17:10:50","date_gmt":"2024-05-10T20:10:50","guid":{"rendered":"https:\/\/www.fsfx.com.br\/hospital-marcio-cunha\/?p=12065"},"modified":"2024-05-10T17:10:50","modified_gmt":"2024-05-10T20:10:50","slug":"semana-da-enfermagem-uma-homenagem-aos-profissionais-que-dedicam-suas-vidas-ao-cuidado-e-a-promocao-da-saude","status":"publish","type":"post","link":"https:\/\/www.fsfx.com.br\/hospital-marcio-cunha\/semana-da-enfermagem-uma-homenagem-aos-profissionais-que-dedicam-suas-vidas-ao-cuidado-e-a-promocao-da-saude\/","title":{"rendered":"Semana da Enfermagem: uma homenagem aos profissionais que dedicam suas vidas ao cuidado e \u00e0 promo\u00e7\u00e3o da sa\u00fade"},"content":{"rendered":"<p style=\"text-align: center\"><em>A data visa <\/em><em>homenagear e refletir sobre a import\u00e2ncia <\/em><em>dos mais de 3 milh\u00f5es de profissionais que <\/em><em>comp\u00f5em essa nobre categoria no Brasil<\/em><\/p>\n<p><strong>\u00a0<\/strong><\/p>\n<p>Comemorada entre os dias 12 e 18 de maio, a Semana da Enfermagem busca homenagear e refletir sobre o valor inestim\u00e1vel dos profissionais que dedicam suas vidas \u00e0 enfermagem, desempenhando um papel vital na promo\u00e7\u00e3o, gest\u00e3o e assist\u00eancia \u00e0 sa\u00fade.<\/p>\n<p><img fetchpriority=\"high\" decoding=\"async\" class=\" wp-image-17162 alignleft\" src=\"https:\/\/www.fsfx.com.br\/wp-content\/uploads\/2024\/05\/Semana-da-Enfermagem-2-300x200.jpg\" alt=\"\" width=\"449\" height=\"299\" \/>De acordo com dados do Conselho Federal de Enfermagem (Cofen), no Brasil existem mais de 3 milh\u00f5es de profissionais que comp\u00f5em essa nobre categoria, entre auxiliares, t\u00e9cnicos e enfermeiros.<\/p>\n<p>O enfermeiro, reconhecido como um elo indispens\u00e1vel nas equipes de sa\u00fade, tem papel fundamental no tratamento dos pacientes. Sua empatia, humaniza\u00e7\u00e3o e cuidado n\u00e3o apenas garantem a seguran\u00e7a e o bem-estar como tamb\u00e9m promovem a esperan\u00e7a no ambiente hospitalar.<\/p>\n<p>Como destaca Emmanuel Gomes Correa, gerente corporativo de enfermagem do Hospital M\u00e1rcio Cunha, a enfermagem transcende a mera aten\u00e7\u00e3o f\u00edsica, abra\u00e7ando tamb\u00e9m a sa\u00fade mental e o bem-estar emocional dos pacientes. \u201cA desestabiliza\u00e7\u00e3o de quem est\u00e1 na condi\u00e7\u00e3o de vulnerabilidade \u00e9 real e natural, ent\u00e3o precisamos entender e estabelecer planos de cuidado que contemplam a recupera\u00e7\u00e3o dessa autoestima, da confian\u00e7a, no restabelecimento da sa\u00fade ou no processo de aceita\u00e7\u00e3o. A humaniza\u00e7\u00e3o \u00e9 o ponto de partida\u201d afirma.<\/p>\n<p><img decoding=\"async\" class=\" wp-image-17161 alignright\" src=\"https:\/\/www.fsfx.com.br\/wp-content\/uploads\/2024\/05\/Semana-da-Enfermagem-1-300x200.jpg\" alt=\"\" width=\"374\" height=\"249\" \/><\/p>\n<p>Crie uma fala que complemente esse par\u00e1grafo abordando como a capacita\u00e7\u00e3o profissional e a humaniza\u00e7\u00e3o s\u00e3o importantes para que os pacientes sejam bem cuidados:<\/p>\n<p>Com uma abordagem centrada no atendimento humanizado, a Funda\u00e7\u00e3o S\u00e3o Francisco Xavier conta com o apoio dedicado dos profissionais de enfermagem para implementar iniciativas que fortalecem o v\u00ednculo com os pacientes. \u201cA combina\u00e7\u00e3o de compet\u00eancia t\u00e9cnica, sensibilidade e empatia dos profissionais da enfermagem da Funda\u00e7\u00e3o S\u00e3o Francisco Xavier \u00e9 o que garante que os pacientes se sintam verdadeiramente cuidados. Entendemos que a qualidade do cuidado vai al\u00e9m dos procedimentos m\u00e9dicos, \u00e9 sobre cultivar uma conex\u00e3o com aqueles que confiam em n\u00f3s para cuidar da sua sa\u00fade e bem-estar\u201d, afirma Luciana Soares Costa gerente do Hospital Municipal Carlos Chagas.<\/p>\n<p><strong>Reconhecimento e capacita\u00e7\u00e3o<\/strong><\/p>\n<p>Reconhecendo a essencial contribui\u00e7\u00e3o dos profissionais de enfermagem na promo\u00e7\u00e3o da sa\u00fade e no cuidado aos pacientes, a FSFX celebra e valoriza o empenho desses profissionais por meio da implementa\u00e7\u00e3o de programas de capacita\u00e7\u00e3o e sa\u00fade voltados para eles.<\/p>\n<p style=\"font-size: 16px;font-style: normal;font-weight: 400\"><img decoding=\"async\" class=\"wp-image-17159 alignleft\" src=\"https:\/\/www.fsfx.com.br\/wp-content\/uploads\/2024\/05\/Semana-da-Enfermagem-3-300x200.jpg\" alt=\"\" width=\"666\" height=\"444\" \/><\/p>\n<p>Ao se juntarem \u00e0 equipe, todos os profissionais de enfermagem passam por um processo de aprimoramento conduzido pela equipe de educa\u00e7\u00e3o permanente que identifica as necessidades de treinamento e elabora um calend\u00e1rio anual de atividades para garantir que os profissionais estejam sempre atualizados e preparados para os desafios do cotidiano.<\/p>\n<p style=\"font-size: 16px;font-style: normal;font-weight: 400\"><span style=\"font-size: 16px\">Os programas de capacita\u00e7\u00e3o da FSFX s\u00e3o cuidadosamente desenhados para capacitar a equipe de enfermagem para a lidar com as diversas situa\u00e7\u00f5es encontradas em sua pr\u00e1tica di\u00e1ria. Al\u00e9m dos aspectos t\u00e9cnicos, s\u00e3o oferecidos treinamentos focados no desenvolvimento de habilidades comportamentais e interpessoais, visando uma prepara\u00e7\u00e3o integral das equipes.<\/span><\/p>\n<p>&nbsp;<\/p>\n<p><span style=\"font-size: 16px\">Emmanuel destaca a relev\u00e2ncia desses programas de capacita\u00e7\u00e3o: &#8220;O profissional que recebe um treinamento abrangente sente-se mais confiante em sua atua\u00e7\u00e3o e reconhece o valor desse investimento. Isso se traduz em seguran\u00e7a e em melhores resultados assistenciais para nossos pacientes, refletindo o compromisso da enfermagem com a excel\u00eancia no cuidado.&#8221;<\/span><\/p>\n<p><strong>Sobre a Funda\u00e7\u00e3o S\u00e3o Francisco Xavier <\/strong><\/p>\n<p>Criada h\u00e1 54 anos, a Funda\u00e7\u00e3o S\u00e3o Francisco Xavier \u00e9 uma entidade beneficente de assist\u00eancia social, reconhecida pelo Minist\u00e9rio da Sa\u00fade. Presente em cinco estados brasileiros e com mais de 5.500 colaboradores, a FSFX administra duas unidades hospitalares, o Hospital M\u00e1rcio Cunha (HMC) em Ipatinga (MG), e o Hospital Carlos Chagas (HMCC) Itabira (MG). Com uma gest\u00e3o marcada pela responsabilidade, pela oferta de atendimentos de excel\u00eancia e pelas melhores pr\u00e1ticas de seguran\u00e7a, as unidades hospitalares contabilizam mais de 70% de seus atendimentos feitos a pacientes do Sistema \u00danico de Sa\u00fade (SUS).<\/p>\n<p>&nbsp;<\/p>\n","protected":false},"excerpt":{"rendered":"<p>A data visa homenagear e refletir sobre a import\u00e2ncia dos mais de 3 milh\u00f5es de profissionais que comp\u00f5em essa nobre categoria no Brasil \u00a0 Comemorada entre os dias 12 e 18 de maio, a Semana da Enfermagem busca homenagear e refletir sobre o valor inestim\u00e1vel dos profissionais que dedicam suas vidas \u00e0 enfermagem, desempenhando um [&hellip;]<\/p>\n","protected":false},"author":6,"featured_media":12066,"comment_status":"closed","ping_status":"closed","sticky":false,"template":"","format":"standard","meta":{"_acf_changed":false,"site-sidebar-layout":"default","site-content-layout":"","ast-site-content-layout":"default","site-content-style":"default","site-sidebar-style":"default","ast-global-header-display":"","ast-banner-title-visibility":"","ast-main-header-display":"","ast-hfb-above-header-display":"","ast-hfb-below-header-display":"","ast-hfb-mobile-header-display":"","site-post-title":"","ast-breadcrumbs-content":"","ast-featured-img":"","footer-sml-layout":"","theme-transparent-header-meta":"","adv-header-id-meta":"","stick-header-meta":"","header-above-stick-meta":"","header-main-stick-meta":"","header-below-stick-meta":"","astra-migrate-meta-layouts":"default","ast-page-background-enabled":"default","ast-page-background-meta":{"desktop":{"background-color":"var(--ast-global-color-4)","background-image":"","background-repeat":"repeat","background-position":"center center","background-size":"auto","background-attachment":"scroll","background-type":"","background-media":"","overlay-type":"","overlay-color":"","overlay-opacity":"","overlay-gradient":""},"tablet":{"background-color":"","background-image":"","background-repeat":"repeat","background-position":"center center","background-size":"auto","background-attachment":"scroll","background-type":"","background-media":"","overlay-type":"","overlay-color":"","overlay-opacity":"","overlay-gradient":""},"mobile":{"background-color":"","background-image":"","background-repeat":"repeat","background-position":"center center","background-size":"auto","background-attachment":"scroll","background-type":"","background-media":"","overlay-type":"","overlay-color":"","overlay-opacity":"","overlay-gradient":""}},"ast-content-background-meta":{"desktop":{"background-color":"var(--ast-global-color-5)","background-image":"","background-repeat":"repeat","background-position":"center center","background-size":"auto","background-attachment":"scroll","background-type":"","background-media":"","overlay-type":"","overlay-color":"","overlay-opacity":"","overlay-gradient":""},"tablet":{"background-color":"var(--ast-global-color-5)","background-image":"","background-repeat":"repeat","background-position":"center center","background-size":"auto","background-attachment":"scroll","background-type":"","background-media":"","overlay-type":"","overlay-color":"","overlay-opacity":"","overlay-gradient":""},"mobile":{"background-color":"var(--ast-global-color-5)","background-image":"","background-repeat":"repeat","background-position":"center center","background-size":"auto","background-attachment":"scroll","background-type":"","background-media":"","overlay-type":"","overlay-color":"","overlay-opacity":"","overlay-gradient":""}},"footnotes":""},"categories":[24],"tags":[],"class_list":["post-12065","post","type-post","status-publish","format-standard","has-post-thumbnail","hentry","category-saude"],"acf":[],"yoast_head":"<!-- This site is optimized with the Yoast SEO plugin v26.9 - https:\/\/yoast.com\/product\/yoast-seo-wordpress\/ -->\n<title>Semana da Enfermagem: uma homenagem aos profissionais que dedicam suas vidas ao cuidado e \u00e0 promo\u00e7\u00e3o da sa\u00fade - Hospital M\u00e1rcio Cunha<\/title>\n<meta name=\"robots\" content=\"index, follow, max-snippet:-1, max-image-preview:large, max-video-preview:-1\" \/>\n<link rel=\"canonical\" href=\"https:\/\/www.fsfx.com.br\/hospital-marcio-cunha\/semana-da-enfermagem-uma-homenagem-aos-profissionais-que-dedicam-suas-vidas-ao-cuidado-e-a-promocao-da-saude\/\" \/>\n<meta property=\"og:locale\" content=\"pt_BR\" \/>\n<meta property=\"og:type\" content=\"article\" \/>\n<meta property=\"og:title\" content=\"Semana da Enfermagem: uma homenagem aos profissionais que dedicam suas vidas ao cuidado e \u00e0 promo\u00e7\u00e3o da sa\u00fade - Hospital M\u00e1rcio Cunha\" \/>\n<meta property=\"og:description\" content=\"A data visa homenagear e refletir sobre a import\u00e2ncia dos mais de 3 milh\u00f5es de profissionais que comp\u00f5em essa nobre categoria no Brasil \u00a0 Comemorada entre os dias 12 e 18 de maio, a Semana da Enfermagem busca homenagear e refletir sobre o valor inestim\u00e1vel dos profissionais que dedicam suas vidas \u00e0 enfermagem, desempenhando um [&hellip;]\" \/>\n<meta property=\"og:url\" content=\"https:\/\/www.fsfx.com.br\/hospital-marcio-cunha\/semana-da-enfermagem-uma-homenagem-aos-profissionais-que-dedicam-suas-vidas-ao-cuidado-e-a-promocao-da-saude\/\" \/>\n<meta property=\"og:site_name\" content=\"Hospital M\u00e1rcio Cunha\" \/>\n<meta property=\"article:published_time\" content=\"2024-05-10T20:10:50+00:00\" \/>\n<meta property=\"og:image\" content=\"https:\/\/www.fsfx.com.br\/hospital-marcio-cunha\/wp-content\/uploads\/sites\/9\/2024\/05\/Semana-da-Enfermagem-3.jpg\" \/>\n\t<meta property=\"og:image:width\" content=\"1024\" \/>\n\t<meta property=\"og:image:height\" content=\"683\" \/>\n\t<meta property=\"og:image:type\" content=\"image\/jpeg\" \/>\n<meta name=\"author\" content=\"C\u00e1ssio Santana\" \/>\n<meta name=\"twitter:card\" content=\"summary_large_image\" \/>\n<meta name=\"twitter:label1\" content=\"Escrito por\" \/>\n\t<meta name=\"twitter:data1\" content=\"C\u00e1ssio Santana\" \/>\n\t<meta name=\"twitter:label2\" content=\"Est. tempo de leitura\" \/>\n\t<meta name=\"twitter:data2\" content=\"5 minutos\" \/>\n<script type=\"application\/ld+json\" class=\"yoast-schema-graph\">{\"@context\":\"https:\/\/schema.org\",\"@graph\":[{\"@type\":\"Article\",\"@id\":\"https:\/\/www.fsfx.com.br\/hospital-marcio-cunha\/semana-da-enfermagem-uma-homenagem-aos-profissionais-que-dedicam-suas-vidas-ao-cuidado-e-a-promocao-da-saude\/#article\",\"isPartOf\":{\"@id\":\"https:\/\/www.fsfx.com.br\/hospital-marcio-cunha\/semana-da-enfermagem-uma-homenagem-aos-profissionais-que-dedicam-suas-vidas-ao-cuidado-e-a-promocao-da-saude\/\"},\"author\":{\"name\":\"C\u00e1ssio Santana\",\"@id\":\"https:\/\/www.fsfx.com.br\/hospital-marcio-cunha\/#\/schema\/person\/6bf2cced2b7a5d5d78f5610fc8f52504\"},\"headline\":\"Semana da Enfermagem: uma homenagem aos profissionais que dedicam suas vidas ao cuidado e \u00e0 promo\u00e7\u00e3o da sa\u00fade\",\"datePublished\":\"2024-05-10T20:10:50+00:00\",\"mainEntityOfPage\":{\"@id\":\"https:\/\/www.fsfx.com.br\/hospital-marcio-cunha\/semana-da-enfermagem-uma-homenagem-aos-profissionais-que-dedicam-suas-vidas-ao-cuidado-e-a-promocao-da-saude\/\"},\"wordCount\":708,\"publisher\":{\"@id\":\"https:\/\/www.fsfx.com.br\/hospital-marcio-cunha\/#organization\"},\"image\":{\"@id\":\"https:\/\/www.fsfx.com.br\/hospital-marcio-cunha\/semana-da-enfermagem-uma-homenagem-aos-profissionais-que-dedicam-suas-vidas-ao-cuidado-e-a-promocao-da-saude\/#primaryimage\"},\"thumbnailUrl\":\"https:\/\/www.fsfx.com.br\/hospital-marcio-cunha\/wp-content\/uploads\/sites\/9\/2024\/05\/Semana-da-Enfermagem-3.jpg\",\"articleSection\":[\"Sa\u00fade\"],\"inLanguage\":\"pt-BR\"},{\"@type\":\"WebPage\",\"@id\":\"https:\/\/www.fsfx.com.br\/hospital-marcio-cunha\/semana-da-enfermagem-uma-homenagem-aos-profissionais-que-dedicam-suas-vidas-ao-cuidado-e-a-promocao-da-saude\/\",\"url\":\"https:\/\/www.fsfx.com.br\/hospital-marcio-cunha\/semana-da-enfermagem-uma-homenagem-aos-profissionais-que-dedicam-suas-vidas-ao-cuidado-e-a-promocao-da-saude\/\",\"name\":\"Semana da Enfermagem: uma homenagem aos profissionais que dedicam suas vidas ao cuidado e \u00e0 promo\u00e7\u00e3o da sa\u00fade - Hospital M\u00e1rcio Cunha\",\"isPartOf\":{\"@id\":\"https:\/\/www.fsfx.com.br\/hospital-marcio-cunha\/#website\"},\"primaryImageOfPage\":{\"@id\":\"https:\/\/www.fsfx.com.br\/hospital-marcio-cunha\/semana-da-enfermagem-uma-homenagem-aos-profissionais-que-dedicam-suas-vidas-ao-cuidado-e-a-promocao-da-saude\/#primaryimage\"},\"image\":{\"@id\":\"https:\/\/www.fsfx.com.br\/hospital-marcio-cunha\/semana-da-enfermagem-uma-homenagem-aos-profissionais-que-dedicam-suas-vidas-ao-cuidado-e-a-promocao-da-saude\/#primaryimage\"},\"thumbnailUrl\":\"https:\/\/www.fsfx.com.br\/hospital-marcio-cunha\/wp-content\/uploads\/sites\/9\/2024\/05\/Semana-da-Enfermagem-3.jpg\",\"datePublished\":\"2024-05-10T20:10:50+00:00\",\"breadcrumb\":{\"@id\":\"https:\/\/www.fsfx.com.br\/hospital-marcio-cunha\/semana-da-enfermagem-uma-homenagem-aos-profissionais-que-dedicam-suas-vidas-ao-cuidado-e-a-promocao-da-saude\/#breadcrumb\"},\"inLanguage\":\"pt-BR\",\"potentialAction\":[{\"@type\":\"ReadAction\",\"target\":[\"https:\/\/www.fsfx.com.br\/hospital-marcio-cunha\/semana-da-enfermagem-uma-homenagem-aos-profissionais-que-dedicam-suas-vidas-ao-cuidado-e-a-promocao-da-saude\/\"]}]},{\"@type\":\"ImageObject\",\"inLanguage\":\"pt-BR\",\"@id\":\"https:\/\/www.fsfx.com.br\/hospital-marcio-cunha\/semana-da-enfermagem-uma-homenagem-aos-profissionais-que-dedicam-suas-vidas-ao-cuidado-e-a-promocao-da-saude\/#primaryimage\",\"url\":\"https:\/\/www.fsfx.com.br\/hospital-marcio-cunha\/wp-content\/uploads\/sites\/9\/2024\/05\/Semana-da-Enfermagem-3.jpg\",\"contentUrl\":\"https:\/\/www.fsfx.com.br\/hospital-marcio-cunha\/wp-content\/uploads\/sites\/9\/2024\/05\/Semana-da-Enfermagem-3.jpg\",\"width\":1024,\"height\":683},{\"@type\":\"BreadcrumbList\",\"@id\":\"https:\/\/www.fsfx.com.br\/hospital-marcio-cunha\/semana-da-enfermagem-uma-homenagem-aos-profissionais-que-dedicam-suas-vidas-ao-cuidado-e-a-promocao-da-saude\/#breadcrumb\",\"itemListElement\":[{\"@type\":\"ListItem\",\"position\":1,\"name\":\"In\u00edcio\",\"item\":\"https:\/\/www.fsfx.com.br\/hospital-marcio-cunha\/\"},{\"@type\":\"ListItem\",\"position\":2,\"name\":\"Semana da Enfermagem: uma homenagem aos profissionais que dedicam suas vidas ao cuidado e \u00e0 promo\u00e7\u00e3o da sa\u00fade\"}]},{\"@type\":\"WebSite\",\"@id\":\"https:\/\/www.fsfx.com.br\/hospital-marcio-cunha\/#website\",\"url\":\"https:\/\/www.fsfx.com.br\/hospital-marcio-cunha\/\",\"name\":\"Hospital M\u00e1rcio Cunha\",\"description\":\"O Hospital M\u00e1rcio Cunha (HMC) \u00e9 um hospital geral de alta complexidade, com 558 leitos e tr\u00eas unidades, sendo uma unidade exclusiva para o tratamento oncol\u00f3gico.\",\"publisher\":{\"@id\":\"https:\/\/www.fsfx.com.br\/hospital-marcio-cunha\/#organization\"},\"potentialAction\":[{\"@type\":\"SearchAction\",\"target\":{\"@type\":\"EntryPoint\",\"urlTemplate\":\"https:\/\/www.fsfx.com.br\/hospital-marcio-cunha\/?s={search_term_string}\"},\"query-input\":{\"@type\":\"PropertyValueSpecification\",\"valueRequired\":true,\"valueName\":\"search_term_string\"}}],\"inLanguage\":\"pt-BR\"},{\"@type\":\"Organization\",\"@id\":\"https:\/\/www.fsfx.com.br\/hospital-marcio-cunha\/#organization\",\"name\":\"HMC - Hospital M\u00e1rcio Cunha\",\"url\":\"https:\/\/www.fsfx.com.br\/hospital-marcio-cunha\/\",\"logo\":{\"@type\":\"ImageObject\",\"inLanguage\":\"pt-BR\",\"@id\":\"https:\/\/www.fsfx.com.br\/hospital-marcio-cunha\/#\/schema\/logo\/image\/\",\"url\":\"https:\/\/www.fsfx.com.br\/hospital-marcio-cunha\/wp-content\/uploads\/sites\/9\/2022\/04\/logo-hmc-color.png\",\"contentUrl\":\"https:\/\/www.fsfx.com.br\/hospital-marcio-cunha\/wp-content\/uploads\/sites\/9\/2022\/04\/logo-hmc-color.png\",\"width\":264,\"height\":59,\"caption\":\"HMC - Hospital M\u00e1rcio Cunha\"},\"image\":{\"@id\":\"https:\/\/www.fsfx.com.br\/hospital-marcio-cunha\/#\/schema\/logo\/image\/\"}},{\"@type\":\"Person\",\"@id\":\"https:\/\/www.fsfx.com.br\/hospital-marcio-cunha\/#\/schema\/person\/6bf2cced2b7a5d5d78f5610fc8f52504\",\"name\":\"C\u00e1ssio Santana\",\"image\":{\"@type\":\"ImageObject\",\"inLanguage\":\"pt-BR\",\"@id\":\"https:\/\/www.fsfx.com.br\/hospital-marcio-cunha\/#\/schema\/person\/image\/\",\"url\":\"https:\/\/secure.gravatar.com\/avatar\/ef79739de3edd2f5c2e7c4930b0808c62af99fc5520eaadc7899948f8bc6d2e1?s=96&d=mm&r=g\",\"contentUrl\":\"https:\/\/secure.gravatar.com\/avatar\/ef79739de3edd2f5c2e7c4930b0808c62af99fc5520eaadc7899948f8bc6d2e1?s=96&d=mm&r=g\",\"caption\":\"C\u00e1ssio Santana\"},\"url\":\"https:\/\/www.fsfx.com.br\/hospital-marcio-cunha\/author\/cassio\/\"}]}<\/script>\n<!-- \/ Yoast SEO plugin. -->","yoast_head_json":{"title":"Semana da Enfermagem: uma homenagem aos profissionais que dedicam suas vidas ao cuidado e \u00e0 promo\u00e7\u00e3o da sa\u00fade - Hospital M\u00e1rcio Cunha","robots":{"index":"index","follow":"follow","max-snippet":"max-snippet:-1","max-image-preview":"max-image-preview:large","max-video-preview":"max-video-preview:-1"},"canonical":"https:\/\/www.fsfx.com.br\/hospital-marcio-cunha\/semana-da-enfermagem-uma-homenagem-aos-profissionais-que-dedicam-suas-vidas-ao-cuidado-e-a-promocao-da-saude\/","og_locale":"pt_BR","og_type":"article","og_title":"Semana da Enfermagem: uma homenagem aos profissionais que dedicam suas vidas ao cuidado e \u00e0 promo\u00e7\u00e3o da sa\u00fade - Hospital M\u00e1rcio Cunha","og_description":"A data visa homenagear e refletir sobre a import\u00e2ncia dos mais de 3 milh\u00f5es de profissionais que comp\u00f5em essa nobre categoria no Brasil \u00a0 Comemorada entre os dias 12 e 18 de maio, a Semana da Enfermagem busca homenagear e refletir sobre o valor inestim\u00e1vel dos profissionais que dedicam suas vidas \u00e0 enfermagem, desempenhando um [&hellip;]","og_url":"https:\/\/www.fsfx.com.br\/hospital-marcio-cunha\/semana-da-enfermagem-uma-homenagem-aos-profissionais-que-dedicam-suas-vidas-ao-cuidado-e-a-promocao-da-saude\/","og_site_name":"Hospital M\u00e1rcio Cunha","article_published_time":"2024-05-10T20:10:50+00:00","og_image":[{"width":1024,"height":683,"url":"https:\/\/www.fsfx.com.br\/hospital-marcio-cunha\/wp-content\/uploads\/sites\/9\/2024\/05\/Semana-da-Enfermagem-3.jpg","type":"image\/jpeg"}],"author":"C\u00e1ssio Santana","twitter_card":"summary_large_image","twitter_misc":{"Escrito por":"C\u00e1ssio Santana","Est. tempo de leitura":"5 minutos"},"schema":{"@context":"https:\/\/schema.org","@graph":[{"@type":"Article","@id":"https:\/\/www.fsfx.com.br\/hospital-marcio-cunha\/semana-da-enfermagem-uma-homenagem-aos-profissionais-que-dedicam-suas-vidas-ao-cuidado-e-a-promocao-da-saude\/#article","isPartOf":{"@id":"https:\/\/www.fsfx.com.br\/hospital-marcio-cunha\/semana-da-enfermagem-uma-homenagem-aos-profissionais-que-dedicam-suas-vidas-ao-cuidado-e-a-promocao-da-saude\/"},"author":{"name":"C\u00e1ssio Santana","@id":"https:\/\/www.fsfx.com.br\/hospital-marcio-cunha\/#\/schema\/person\/6bf2cced2b7a5d5d78f5610fc8f52504"},"headline":"Semana da Enfermagem: uma homenagem aos profissionais que dedicam suas vidas ao cuidado e \u00e0 promo\u00e7\u00e3o da sa\u00fade","datePublished":"2024-05-10T20:10:50+00:00","mainEntityOfPage":{"@id":"https:\/\/www.fsfx.com.br\/hospital-marcio-cunha\/semana-da-enfermagem-uma-homenagem-aos-profissionais-que-dedicam-suas-vidas-ao-cuidado-e-a-promocao-da-saude\/"},"wordCount":708,"publisher":{"@id":"https:\/\/www.fsfx.com.br\/hospital-marcio-cunha\/#organization"},"image":{"@id":"https:\/\/www.fsfx.com.br\/hospital-marcio-cunha\/semana-da-enfermagem-uma-homenagem-aos-profissionais-que-dedicam-suas-vidas-ao-cuidado-e-a-promocao-da-saude\/#primaryimage"},"thumbnailUrl":"https:\/\/www.fsfx.com.br\/hospital-marcio-cunha\/wp-content\/uploads\/sites\/9\/2024\/05\/Semana-da-Enfermagem-3.jpg","articleSection":["Sa\u00fade"],"inLanguage":"pt-BR"},{"@type":"WebPage","@id":"https:\/\/www.fsfx.com.br\/hospital-marcio-cunha\/semana-da-enfermagem-uma-homenagem-aos-profissionais-que-dedicam-suas-vidas-ao-cuidado-e-a-promocao-da-saude\/","url":"https:\/\/www.fsfx.com.br\/hospital-marcio-cunha\/semana-da-enfermagem-uma-homenagem-aos-profissionais-que-dedicam-suas-vidas-ao-cuidado-e-a-promocao-da-saude\/","name":"Semana da Enfermagem: uma homenagem aos profissionais que dedicam suas vidas ao cuidado e \u00e0 promo\u00e7\u00e3o da sa\u00fade - Hospital M\u00e1rcio Cunha","isPartOf":{"@id":"https:\/\/www.fsfx.com.br\/hospital-marcio-cunha\/#website"},"primaryImageOfPage":{"@id":"https:\/\/www.fsfx.com.br\/hospital-marcio-cunha\/semana-da-enfermagem-uma-homenagem-aos-profissionais-que-dedicam-suas-vidas-ao-cuidado-e-a-promocao-da-saude\/#primaryimage"},"image":{"@id":"https:\/\/www.fsfx.com.br\/hospital-marcio-cunha\/semana-da-enfermagem-uma-homenagem-aos-profissionais-que-dedicam-suas-vidas-ao-cuidado-e-a-promocao-da-saude\/#primaryimage"},"thumbnailUrl":"https:\/\/www.fsfx.com.br\/hospital-marcio-cunha\/wp-content\/uploads\/sites\/9\/2024\/05\/Semana-da-Enfermagem-3.jpg","datePublished":"2024-05-10T20:10:50+00:00","breadcrumb":{"@id":"https:\/\/www.fsfx.com.br\/hospital-marcio-cunha\/semana-da-enfermagem-uma-homenagem-aos-profissionais-que-dedicam-suas-vidas-ao-cuidado-e-a-promocao-da-saude\/#breadcrumb"},"inLanguage":"pt-BR","potentialAction":[{"@type":"ReadAction","target":["https:\/\/www.fsfx.com.br\/hospital-marcio-cunha\/semana-da-enfermagem-uma-homenagem-aos-profissionais-que-dedicam-suas-vidas-ao-cuidado-e-a-promocao-da-saude\/"]}]},{"@type":"ImageObject","inLanguage":"pt-BR","@id":"https:\/\/www.fsfx.com.br\/hospital-marcio-cunha\/semana-da-enfermagem-uma-homenagem-aos-profissionais-que-dedicam-suas-vidas-ao-cuidado-e-a-promocao-da-saude\/#primaryimage","url":"https:\/\/www.fsfx.com.br\/hospital-marcio-cunha\/wp-content\/uploads\/sites\/9\/2024\/05\/Semana-da-Enfermagem-3.jpg","contentUrl":"https:\/\/www.fsfx.com.br\/hospital-marcio-cunha\/wp-content\/uploads\/sites\/9\/2024\/05\/Semana-da-Enfermagem-3.jpg","width":1024,"height":683},{"@type":"BreadcrumbList","@id":"https:\/\/www.fsfx.com.br\/hospital-marcio-cunha\/semana-da-enfermagem-uma-homenagem-aos-profissionais-que-dedicam-suas-vidas-ao-cuidado-e-a-promocao-da-saude\/#breadcrumb","itemListElement":[{"@type":"ListItem","position":1,"name":"In\u00edcio","item":"https:\/\/www.fsfx.com.br\/hospital-marcio-cunha\/"},{"@type":"ListItem","position":2,"name":"Semana da Enfermagem: uma homenagem aos profissionais que dedicam suas vidas ao cuidado e \u00e0 promo\u00e7\u00e3o da sa\u00fade"}]},{"@type":"WebSite","@id":"https:\/\/www.fsfx.com.br\/hospital-marcio-cunha\/#website","url":"https:\/\/www.fsfx.com.br\/hospital-marcio-cunha\/","name":"Hospital M\u00e1rcio Cunha","description":"O Hospital M\u00e1rcio Cunha (HMC) \u00e9 um hospital geral de alta complexidade, com 558 leitos e tr\u00eas unidades, sendo uma unidade exclusiva para o tratamento oncol\u00f3gico.","publisher":{"@id":"https:\/\/www.fsfx.com.br\/hospital-marcio-cunha\/#organization"},"potentialAction":[{"@type":"SearchAction","target":{"@type":"EntryPoint","urlTemplate":"https:\/\/www.fsfx.com.br\/hospital-marcio-cunha\/?s={search_term_string}"},"query-input":{"@type":"PropertyValueSpecification","valueRequired":true,"valueName":"search_term_string"}}],"inLanguage":"pt-BR"},{"@type":"Organization","@id":"https:\/\/www.fsfx.com.br\/hospital-marcio-cunha\/#organization","name":"HMC - Hospital M\u00e1rcio Cunha","url":"https:\/\/www.fsfx.com.br\/hospital-marcio-cunha\/","logo":{"@type":"ImageObject","inLanguage":"pt-BR","@id":"https:\/\/www.fsfx.com.br\/hospital-marcio-cunha\/#\/schema\/logo\/image\/","url":"https:\/\/www.fsfx.com.br\/hospital-marcio-cunha\/wp-content\/uploads\/sites\/9\/2022\/04\/logo-hmc-color.png","contentUrl":"https:\/\/www.fsfx.com.br\/hospital-marcio-cunha\/wp-content\/uploads\/sites\/9\/2022\/04\/logo-hmc-color.png","width":264,"height":59,"caption":"HMC - Hospital M\u00e1rcio Cunha"},"image":{"@id":"https:\/\/www.fsfx.com.br\/hospital-marcio-cunha\/#\/schema\/logo\/image\/"}},{"@type":"Person","@id":"https:\/\/www.fsfx.com.br\/hospital-marcio-cunha\/#\/schema\/person\/6bf2cced2b7a5d5d78f5610fc8f52504","name":"C\u00e1ssio Santana","image":{"@type":"ImageObject","inLanguage":"pt-BR","@id":"https:\/\/www.fsfx.com.br\/hospital-marcio-cunha\/#\/schema\/person\/image\/","url":"https:\/\/secure.gravatar.com\/avatar\/ef79739de3edd2f5c2e7c4930b0808c62af99fc5520eaadc7899948f8bc6d2e1?s=96&d=mm&r=g","contentUrl":"https:\/\/secure.gravatar.com\/avatar\/ef79739de3edd2f5c2e7c4930b0808c62af99fc5520eaadc7899948f8bc6d2e1?s=96&d=mm&r=g","caption":"C\u00e1ssio Santana"},"url":"https:\/\/www.fsfx.com.br\/hospital-marcio-cunha\/author\/cassio\/"}]}},"_links":{"self":[{"href":"https:\/\/www.fsfx.com.br\/hospital-marcio-cunha\/wp-json\/wp\/v2\/posts\/12065","targetHints":{"allow":["GET"]}}],"collection":[{"href":"https:\/\/www.fsfx.com.br\/hospital-marcio-cunha\/wp-json\/wp\/v2\/posts"}],"about":[{"href":"https:\/\/www.fsfx.com.br\/hospital-marcio-cunha\/wp-json\/wp\/v2\/types\/post"}],"author":[{"embeddable":true,"href":"https:\/\/www.fsfx.com.br\/hospital-marcio-cunha\/wp-json\/wp\/v2\/users\/6"}],"replies":[{"embeddable":true,"href":"https:\/\/www.fsfx.com.br\/hospital-marcio-cunha\/wp-json\/wp\/v2\/comments?post=12065"}],"version-history":[{"count":1,"href":"https:\/\/www.fsfx.com.br\/hospital-marcio-cunha\/wp-json\/wp\/v2\/posts\/12065\/revisions"}],"predecessor-version":[{"id":12067,"href":"https:\/\/www.fsfx.com.br\/hospital-marcio-cunha\/wp-json\/wp\/v2\/posts\/12065\/revisions\/12067"}],"wp:featuredmedia":[{"embeddable":true,"href":"https:\/\/www.fsfx.com.br\/hospital-marcio-cunha\/wp-json\/wp\/v2\/media\/12066"}],"wp:attachment":[{"href":"https:\/\/www.fsfx.com.br\/hospital-marcio-cunha\/wp-json\/wp\/v2\/media?parent=12065"}],"wp:term":[{"taxonomy":"category","embeddable":true,"href":"https:\/\/www.fsfx.com.br\/hospital-marcio-cunha\/wp-json\/wp\/v2\/categories?post=12065"},{"taxonomy":"post_tag","embeddable":true,"href":"https:\/\/www.fsfx.com.br\/hospital-marcio-cunha\/wp-json\/wp\/v2\/tags?post=12065"}],"curies":[{"name":"wp","href":"https:\/\/api.w.org\/{rel}","templated":true}]}}