{"id":12430,"date":"2024-10-11T10:14:13","date_gmt":"2024-10-11T13:14:13","guid":{"rendered":"https:\/\/www.fsfx.com.br\/hospital-marcio-cunha\/?p=12430"},"modified":"2024-10-11T10:14:13","modified_gmt":"2024-10-11T13:14:13","slug":"prevencao-a-obesidade-fatores-de-risco-vao-desde-a-alimentacao-inadequada-a-questoes-emocionais","status":"publish","type":"post","link":"https:\/\/www.fsfx.com.br\/hospital-marcio-cunha\/prevencao-a-obesidade-fatores-de-risco-vao-desde-a-alimentacao-inadequada-a-questoes-emocionais\/","title":{"rendered":"Preven\u00e7\u00e3o \u00e0 obesidade: fatores de risco v\u00e3o desde a alimenta\u00e7\u00e3o inadequada a quest\u00f5es emocionais"},"content":{"rendered":"<p>A obesidade, uma doen\u00e7a multifatorial e cada vez mais prevalente no Brasil, \u00e9 tema de destaque no Dia Nacional de Preven\u00e7\u00e3o \u00e0 Obesidade, celebrado nesta sexta-feira, 11 de outubro. Institu\u00edda em 2008 pelo Governo Federal, a data refor\u00e7a a import\u00e2ncia da conscientiza\u00e7\u00e3o para combater os fatores que levam ao ganho excessivo de peso. Segundo o Minist\u00e9rio da Sa\u00fade, dados da Pesquisa Nacional de Sa\u00fade (PNS\/2019) revelam que 60,3% dos adultos no pa\u00eds est\u00e3o com excesso de peso, o que corresponde a cerca de 96 milh\u00f5es de pessoas. A maior preval\u00eancia est\u00e1 entre as mulheres, com 62,6% afetadas.<\/p>\n<p><img fetchpriority=\"high\" decoding=\"async\" class=\" wp-image-19234 alignleft\" src=\"https:\/\/www.fsfx.com.br\/wp-content\/uploads\/2024\/10\/medico-cirurgiao-bariatrico-do-Hospital-Marcio-Cunha-Dr.-Anderson-Morais-300x225.jpg\" alt=\"\" width=\"564\" height=\"423\" \/>O cirurgi\u00e3o bari\u00e1trico do Hospital M\u00e1rcio Cunha, Dr. Anderson Morais, explica que a obesidade resulta de uma combina\u00e7\u00e3o de fatores, incluindo alimenta\u00e7\u00e3o inadequada, sedentarismo, desequil\u00edbrios hormonais e quest\u00f5es emocionais. \u201cAlimentos ricos em carboidratos, gordura saturada e ultraprocessados contribuem para o aumento de peso. O sedentarismo agrava o problema, criando um desequil\u00edbrio entre a ingest\u00e3o cal\u00f3rica e o gasto energ\u00e9tico. Al\u00e9m disso, fatores hormonais como o desequil\u00edbrio dos horm\u00f4nios que regulam o metabolismo culmina tamb\u00e9m no excesso de peso &#8220;, explica o especialista.<\/p>\n<p>Al\u00e9m da alimenta\u00e7\u00e3o e do metabolismo, o cirurgi\u00e3o explica que os fatores emocionais tamb\u00e9m t\u00eam grande contribui\u00e7\u00e3o para essa doen\u00e7a. \u201cA ansiedade e a depress\u00e3o tamb\u00e9m t\u00eam grande peso no desenvolvimento da obesidade, especialmente em adolescentes e adultos jovens, que podem recorrer \u00e0 comida para lidar com o estresse emocional&#8221;, complementa Dr. Anderson Morais.<\/p>\n<p>De acordo com o m\u00e9dico, a obesidade est\u00e1 intimamente ligada a doen\u00e7as como hipertens\u00e3o, diabetes tipo 2 e problemas no f\u00edgado, al\u00e9m de dores musculoesquel\u00e9ticas, especialmente na coluna, quadris, joelhos e p\u00e9s. \u201cO aumento da press\u00e3o arterial na obesidade est\u00e1 relacionado a um aumento da resist\u00eancia vascular perif\u00e9rica. Isso gera uma dificuldade do sangue circular pelos vasos de menor calibre e o organismo tende a aumentar a press\u00e3o para o sangue conseguir chegar nesses lugares. A gordura em excesso tamb\u00e9m interfere no funcionamento da insulina, o que pode levar ao aumento da glicose no sangue e, consequentemente, ao diabetes. Al\u00e9m disso, tem a quest\u00e3o da esteatose hep\u00e1tica, que nada mais \u00e9 do que o dep\u00f3sito de gordura no f\u00edgado, principal causa de cirrose n\u00e3o alco\u00f3lica&#8221;, alerta o cirurgi\u00e3o.<\/p>\n<p>Para a preven\u00e7\u00e3o, o m\u00e9dico do HMC enfatiza a import\u00e2ncia de uma abordagem equilibrada. &#8220;Uma alimenta\u00e7\u00e3o balanceada, que inclua a propor\u00e7\u00e3o adequada de carboidratos, prote\u00ednas e gorduras, \u00e9 essencial, pois dietas muito restritivas n\u00e3o s\u00e3o sustent\u00e1veis a longo prazo e podem at\u00e9 prejudicar a sa\u00fade. Praticar atividade f\u00edsica regular, com pelo menos 40 minutos de exerc\u00edcios de tr\u00eas a quatro vezes por semana, \u00e9 uma das melhores formas de combater a obesidade. Al\u00e9m disso, t\u00eam atividades simples, como caminhadas ou andar de bicicleta, que fazem bem para pessoas de todas as idades\u201d, orienta.<\/p>\n<p>Em casos que, mesmo com uma alimenta\u00e7\u00e3o saud\u00e1vel e a pr\u00e1tica de exerc\u00edcios, o ganho de peso continue, Dr. Anderson Morais aconselha buscar orienta\u00e7\u00e3o m\u00e9dica. \u201c\u00c9 fundamental procurar um endocrinologista para verificar se h\u00e1 desequil\u00edbrios hormonais que precisam ser ajustados\u201d, destaca.<\/p>\n<p>No que diz respeito \u00e0s dietas, o m\u00e9dico ressalta a import\u00e2ncia de uma orienta\u00e7\u00e3o individualizada. &#8220;Hoje em dia, o h\u00e1bito alimentar saud\u00e1vel vai ser baseado no equil\u00edbrio de propor\u00e7\u00f5es corretas entre a quantidade de carboidratos, de prote\u00ednas e de gorduras. Isso vai ser feito atrav\u00e9s de um card\u00e1pio individualizado. N\u00e3o existe uma regra que serve para todo mundo, deve ser individualizado, feito pelo profissional nutricionista ou pelo profissional nutr\u00f3logo. Atualmente, as dietas restritivas v\u00eam caindo por terra, porque elas t\u00eam um efeito r\u00e1pido de emagrecimento, por\u00e9m pouco duradouro&#8221;, afirma.<\/p>\n<p>Para quem deseja perder peso de forma eficaz e saud\u00e1vel, Dr. Anderson Morais refor\u00e7a a necessidade de disciplina e paci\u00eancia. \u201c\u00c9 preciso entender que o emagrecimento \u00e9 um processo gradual, que exige foco e determina\u00e7\u00e3o. N\u00e3o se ganha peso da noite para o dia, nem se perde. Um plano consistente e sustent\u00e1vel \u00e9 a chave para o sucesso&#8221;, pontua o m\u00e9dico.<\/p>\n<p><img decoding=\"async\" class=\" wp-image-19235 alignright\" src=\"https:\/\/www.fsfx.com.br\/wp-content\/uploads\/2024\/10\/Izaura-Atitude-169x300.jpeg\" alt=\"\" width=\"310\" height=\"550\" \/>E foi pensando em buscar a redu\u00e7\u00e3o do peso por meio de uma dieta saud\u00e1vel, equilibrada e com a mudan\u00e7a em seu estilo de vida, que Izaura Barbosa, de 28 anos, ingressou no Projeto Equilibrar, do Programa +Atitude da Usisa\u00fade. A faturista da FSFX conta que decidiu mudar de vida ao observar que n\u00e3o estava se sentindo bem fisicamente, quanto mentalmente. \u201cPercebi que precisava cuidar de mim e adotar h\u00e1bitos mais saud\u00e1veis. Foi nesse momento que comecei a me exercitar e, em mar\u00e7o de 2024, entrei para o Projeto Equilibrar. Antes do projeto, minha alimenta\u00e7\u00e3o era desregulada e eu n\u00e3o tinha consci\u00eancia da import\u00e2ncia dos alimentos, achava que dieta significava passar fome, cortar tudo e seguir m\u00e9todos mirabolantes que vemos na internet\u201d, conta.<\/p>\n<p>O Projeto Equilibrar \u00e9 um dos programas de promo\u00e7\u00e3o da sa\u00fade do + Atitude que tem como objetivo promover uma alimenta\u00e7\u00e3o saud\u00e1vel nas diversas fases de vida. Durante o projeto, os benefici\u00e1rios da Usisa\u00fade recebem orienta\u00e7\u00f5es e suporte nutricional para que possam desenvolver a autonomia e a mudan\u00e7a de h\u00e1bitos, a longo prazo, e foi assim que Izaura iniciou a mudan\u00e7a em sua rotina de preven\u00e7\u00e3o a obesidade. \u201cCom as orienta\u00e7\u00f5es repassadas durante os encontros do Projeto Equilibrar e nas consultas com a nutricionista aprendi a equilibrar as por\u00e7\u00f5es e a me alimentar melhor sem frescura\u201d, relata.<\/p>\n<p>Ap\u00f3s mudar os seus h\u00e1bitos alimentares e iniciar as atividades f\u00edsicas, Izaura j\u00e1 come\u00e7ou a colher alguns frutos da nova jornada. \u201cEssa mudan\u00e7a teve um impacto significativo na minha vida, pois consegui emagrecer e melhorar minha qualidade de vida. O projeto foi fundamental na minha jornada contra a obesidade, pois aprendi a fazer escolhas saud\u00e1veis sem sofrimento e continuo praticando isso at\u00e9 hoje\u201d, pontua Izaura.<\/p>\n<p>O Programa +Atitude \u00e9 um benef\u00edcio do Usisa\u00fade aos seus benefici\u00e1rios, atuando na promo\u00e7\u00e3o da sa\u00fade e preven\u00e7\u00e3o de doen\u00e7as. O programa conta com uma plataforma que permite aos participantes acesso a diversos conte\u00fados, desafios tem\u00e1ticos e recompensas em forma de pr\u00eamios e experi\u00eancias.<\/p>\n<p>Al\u00e9m do Projeto equilibrar, o + Atitude conta ainda com diversos projetos destinados \u00e0 promo\u00e7\u00e3o da sa\u00fade, que s\u00e3o eles: o Projeto Gerar, o Projeto Compartilhar, o Projeto Cuidar, o Projeto Buscar, o Projeto Inspirar e o Projeto Superar.<\/p>\n","protected":false},"excerpt":{"rendered":"<p>A obesidade, uma doen\u00e7a multifatorial e cada vez mais prevalente no Brasil, \u00e9 tema de destaque no Dia Nacional de Preven\u00e7\u00e3o \u00e0 Obesidade, celebrado nesta sexta-feira, 11 de outubro. Institu\u00edda em 2008 pelo Governo Federal, a data refor\u00e7a a import\u00e2ncia da conscientiza\u00e7\u00e3o para combater os fatores que levam ao ganho excessivo de peso. Segundo o [&hellip;]<\/p>\n","protected":false},"author":6,"featured_media":12431,"comment_status":"closed","ping_status":"closed","sticky":false,"template":"","format":"standard","meta":{"_acf_changed":false,"site-sidebar-layout":"default","site-content-layout":"","ast-site-content-layout":"default","site-content-style":"default","site-sidebar-style":"default","ast-global-header-display":"","ast-banner-title-visibility":"","ast-main-header-display":"","ast-hfb-above-header-display":"","ast-hfb-below-header-display":"","ast-hfb-mobile-header-display":"","site-post-title":"","ast-breadcrumbs-content":"","ast-featured-img":"","footer-sml-layout":"","theme-transparent-header-meta":"","adv-header-id-meta":"","stick-header-meta":"","header-above-stick-meta":"","header-main-stick-meta":"","header-below-stick-meta":"","astra-migrate-meta-layouts":"default","ast-page-background-enabled":"default","ast-page-background-meta":{"desktop":{"background-color":"var(--ast-global-color-4)","background-image":"","background-repeat":"repeat","background-position":"center center","background-size":"auto","background-attachment":"scroll","background-type":"","background-media":"","overlay-type":"","overlay-color":"","overlay-opacity":"","overlay-gradient":""},"tablet":{"background-color":"","background-image":"","background-repeat":"repeat","background-position":"center center","background-size":"auto","background-attachment":"scroll","background-type":"","background-media":"","overlay-type":"","overlay-color":"","overlay-opacity":"","overlay-gradient":""},"mobile":{"background-color":"","background-image":"","background-repeat":"repeat","background-position":"center center","background-size":"auto","background-attachment":"scroll","background-type":"","background-media":"","overlay-type":"","overlay-color":"","overlay-opacity":"","overlay-gradient":""}},"ast-content-background-meta":{"desktop":{"background-color":"var(--ast-global-color-5)","background-image":"","background-repeat":"repeat","background-position":"center center","background-size":"auto","background-attachment":"scroll","background-type":"","background-media":"","overlay-type":"","overlay-color":"","overlay-opacity":"","overlay-gradient":""},"tablet":{"background-color":"var(--ast-global-color-5)","background-image":"","background-repeat":"repeat","background-position":"center center","background-size":"auto","background-attachment":"scroll","background-type":"","background-media":"","overlay-type":"","overlay-color":"","overlay-opacity":"","overlay-gradient":""},"mobile":{"background-color":"var(--ast-global-color-5)","background-image":"","background-repeat":"repeat","background-position":"center center","background-size":"auto","background-attachment":"scroll","background-type":"","background-media":"","overlay-type":"","overlay-color":"","overlay-opacity":"","overlay-gradient":""}},"footnotes":""},"categories":[24],"tags":[],"class_list":["post-12430","post","type-post","status-publish","format-standard","has-post-thumbnail","hentry","category-saude"],"acf":[],"yoast_head":"<!-- This site is optimized with the Yoast SEO plugin v26.9 - https:\/\/yoast.com\/product\/yoast-seo-wordpress\/ -->\n<title>Preven\u00e7\u00e3o \u00e0 obesidade: fatores de risco v\u00e3o desde a alimenta\u00e7\u00e3o inadequada a quest\u00f5es emocionais - Hospital M\u00e1rcio Cunha<\/title>\n<meta name=\"robots\" content=\"index, follow, max-snippet:-1, max-image-preview:large, max-video-preview:-1\" \/>\n<link rel=\"canonical\" href=\"https:\/\/www.fsfx.com.br\/hospital-marcio-cunha\/prevencao-a-obesidade-fatores-de-risco-vao-desde-a-alimentacao-inadequada-a-questoes-emocionais\/\" \/>\n<meta property=\"og:locale\" content=\"pt_BR\" \/>\n<meta property=\"og:type\" content=\"article\" \/>\n<meta property=\"og:title\" content=\"Preven\u00e7\u00e3o \u00e0 obesidade: fatores de risco v\u00e3o desde a alimenta\u00e7\u00e3o inadequada a quest\u00f5es emocionais - Hospital M\u00e1rcio Cunha\" \/>\n<meta property=\"og:description\" content=\"A obesidade, uma doen\u00e7a multifatorial e cada vez mais prevalente no Brasil, \u00e9 tema de destaque no Dia Nacional de Preven\u00e7\u00e3o \u00e0 Obesidade, celebrado nesta sexta-feira, 11 de outubro. Institu\u00edda em 2008 pelo Governo Federal, a data refor\u00e7a a import\u00e2ncia da conscientiza\u00e7\u00e3o para combater os fatores que levam ao ganho excessivo de peso. Segundo o [&hellip;]\" \/>\n<meta property=\"og:url\" content=\"https:\/\/www.fsfx.com.br\/hospital-marcio-cunha\/prevencao-a-obesidade-fatores-de-risco-vao-desde-a-alimentacao-inadequada-a-questoes-emocionais\/\" \/>\n<meta property=\"og:site_name\" content=\"Hospital M\u00e1rcio Cunha\" \/>\n<meta property=\"article:published_time\" content=\"2024-10-11T13:14:13+00:00\" \/>\n<meta property=\"og:image\" content=\"https:\/\/www.fsfx.com.br\/hospital-marcio-cunha\/wp-content\/uploads\/sites\/9\/2024\/10\/medico-cirurgiao-bariatrico-do-Hospital-Marcio-Cunha-Dr.-Anderson-Morais.jpg\" \/>\n\t<meta property=\"og:image:width\" content=\"1920\" \/>\n\t<meta property=\"og:image:height\" content=\"1440\" \/>\n\t<meta property=\"og:image:type\" content=\"image\/jpeg\" \/>\n<meta name=\"author\" content=\"C\u00e1ssio Santana\" \/>\n<meta name=\"twitter:card\" content=\"summary_large_image\" \/>\n<meta name=\"twitter:label1\" content=\"Escrito por\" \/>\n\t<meta name=\"twitter:data1\" content=\"C\u00e1ssio Santana\" \/>\n\t<meta name=\"twitter:label2\" content=\"Est. tempo de leitura\" \/>\n\t<meta name=\"twitter:data2\" content=\"7 minutos\" \/>\n<script type=\"application\/ld+json\" class=\"yoast-schema-graph\">{\"@context\":\"https:\/\/schema.org\",\"@graph\":[{\"@type\":\"Article\",\"@id\":\"https:\/\/www.fsfx.com.br\/hospital-marcio-cunha\/prevencao-a-obesidade-fatores-de-risco-vao-desde-a-alimentacao-inadequada-a-questoes-emocionais\/#article\",\"isPartOf\":{\"@id\":\"https:\/\/www.fsfx.com.br\/hospital-marcio-cunha\/prevencao-a-obesidade-fatores-de-risco-vao-desde-a-alimentacao-inadequada-a-questoes-emocionais\/\"},\"author\":{\"name\":\"C\u00e1ssio Santana\",\"@id\":\"https:\/\/www.fsfx.com.br\/hospital-marcio-cunha\/#\/schema\/person\/6bf2cced2b7a5d5d78f5610fc8f52504\"},\"headline\":\"Preven\u00e7\u00e3o \u00e0 obesidade: fatores de risco v\u00e3o desde a alimenta\u00e7\u00e3o inadequada a quest\u00f5es emocionais\",\"datePublished\":\"2024-10-11T13:14:13+00:00\",\"mainEntityOfPage\":{\"@id\":\"https:\/\/www.fsfx.com.br\/hospital-marcio-cunha\/prevencao-a-obesidade-fatores-de-risco-vao-desde-a-alimentacao-inadequada-a-questoes-emocionais\/\"},\"wordCount\":1155,\"publisher\":{\"@id\":\"https:\/\/www.fsfx.com.br\/hospital-marcio-cunha\/#organization\"},\"image\":{\"@id\":\"https:\/\/www.fsfx.com.br\/hospital-marcio-cunha\/prevencao-a-obesidade-fatores-de-risco-vao-desde-a-alimentacao-inadequada-a-questoes-emocionais\/#primaryimage\"},\"thumbnailUrl\":\"https:\/\/www.fsfx.com.br\/hospital-marcio-cunha\/wp-content\/uploads\/sites\/9\/2024\/10\/medico-cirurgiao-bariatrico-do-Hospital-Marcio-Cunha-Dr.-Anderson-Morais.jpg\",\"articleSection\":[\"Sa\u00fade\"],\"inLanguage\":\"pt-BR\"},{\"@type\":\"WebPage\",\"@id\":\"https:\/\/www.fsfx.com.br\/hospital-marcio-cunha\/prevencao-a-obesidade-fatores-de-risco-vao-desde-a-alimentacao-inadequada-a-questoes-emocionais\/\",\"url\":\"https:\/\/www.fsfx.com.br\/hospital-marcio-cunha\/prevencao-a-obesidade-fatores-de-risco-vao-desde-a-alimentacao-inadequada-a-questoes-emocionais\/\",\"name\":\"Preven\u00e7\u00e3o \u00e0 obesidade: fatores de risco v\u00e3o desde a alimenta\u00e7\u00e3o inadequada a quest\u00f5es emocionais - Hospital M\u00e1rcio Cunha\",\"isPartOf\":{\"@id\":\"https:\/\/www.fsfx.com.br\/hospital-marcio-cunha\/#website\"},\"primaryImageOfPage\":{\"@id\":\"https:\/\/www.fsfx.com.br\/hospital-marcio-cunha\/prevencao-a-obesidade-fatores-de-risco-vao-desde-a-alimentacao-inadequada-a-questoes-emocionais\/#primaryimage\"},\"image\":{\"@id\":\"https:\/\/www.fsfx.com.br\/hospital-marcio-cunha\/prevencao-a-obesidade-fatores-de-risco-vao-desde-a-alimentacao-inadequada-a-questoes-emocionais\/#primaryimage\"},\"thumbnailUrl\":\"https:\/\/www.fsfx.com.br\/hospital-marcio-cunha\/wp-content\/uploads\/sites\/9\/2024\/10\/medico-cirurgiao-bariatrico-do-Hospital-Marcio-Cunha-Dr.-Anderson-Morais.jpg\",\"datePublished\":\"2024-10-11T13:14:13+00:00\",\"breadcrumb\":{\"@id\":\"https:\/\/www.fsfx.com.br\/hospital-marcio-cunha\/prevencao-a-obesidade-fatores-de-risco-vao-desde-a-alimentacao-inadequada-a-questoes-emocionais\/#breadcrumb\"},\"inLanguage\":\"pt-BR\",\"potentialAction\":[{\"@type\":\"ReadAction\",\"target\":[\"https:\/\/www.fsfx.com.br\/hospital-marcio-cunha\/prevencao-a-obesidade-fatores-de-risco-vao-desde-a-alimentacao-inadequada-a-questoes-emocionais\/\"]}]},{\"@type\":\"ImageObject\",\"inLanguage\":\"pt-BR\",\"@id\":\"https:\/\/www.fsfx.com.br\/hospital-marcio-cunha\/prevencao-a-obesidade-fatores-de-risco-vao-desde-a-alimentacao-inadequada-a-questoes-emocionais\/#primaryimage\",\"url\":\"https:\/\/www.fsfx.com.br\/hospital-marcio-cunha\/wp-content\/uploads\/sites\/9\/2024\/10\/medico-cirurgiao-bariatrico-do-Hospital-Marcio-Cunha-Dr.-Anderson-Morais.jpg\",\"contentUrl\":\"https:\/\/www.fsfx.com.br\/hospital-marcio-cunha\/wp-content\/uploads\/sites\/9\/2024\/10\/medico-cirurgiao-bariatrico-do-Hospital-Marcio-Cunha-Dr.-Anderson-Morais.jpg\",\"width\":1920,\"height\":1440},{\"@type\":\"BreadcrumbList\",\"@id\":\"https:\/\/www.fsfx.com.br\/hospital-marcio-cunha\/prevencao-a-obesidade-fatores-de-risco-vao-desde-a-alimentacao-inadequada-a-questoes-emocionais\/#breadcrumb\",\"itemListElement\":[{\"@type\":\"ListItem\",\"position\":1,\"name\":\"In\u00edcio\",\"item\":\"https:\/\/www.fsfx.com.br\/hospital-marcio-cunha\/\"},{\"@type\":\"ListItem\",\"position\":2,\"name\":\"Preven\u00e7\u00e3o \u00e0 obesidade: fatores de risco v\u00e3o desde a alimenta\u00e7\u00e3o inadequada a quest\u00f5es emocionais\"}]},{\"@type\":\"WebSite\",\"@id\":\"https:\/\/www.fsfx.com.br\/hospital-marcio-cunha\/#website\",\"url\":\"https:\/\/www.fsfx.com.br\/hospital-marcio-cunha\/\",\"name\":\"Hospital M\u00e1rcio Cunha\",\"description\":\"O Hospital M\u00e1rcio Cunha (HMC) \u00e9 um hospital geral de alta complexidade, com 558 leitos e tr\u00eas unidades, sendo uma unidade exclusiva para o tratamento oncol\u00f3gico.\",\"publisher\":{\"@id\":\"https:\/\/www.fsfx.com.br\/hospital-marcio-cunha\/#organization\"},\"potentialAction\":[{\"@type\":\"SearchAction\",\"target\":{\"@type\":\"EntryPoint\",\"urlTemplate\":\"https:\/\/www.fsfx.com.br\/hospital-marcio-cunha\/?s={search_term_string}\"},\"query-input\":{\"@type\":\"PropertyValueSpecification\",\"valueRequired\":true,\"valueName\":\"search_term_string\"}}],\"inLanguage\":\"pt-BR\"},{\"@type\":\"Organization\",\"@id\":\"https:\/\/www.fsfx.com.br\/hospital-marcio-cunha\/#organization\",\"name\":\"HMC - Hospital M\u00e1rcio Cunha\",\"url\":\"https:\/\/www.fsfx.com.br\/hospital-marcio-cunha\/\",\"logo\":{\"@type\":\"ImageObject\",\"inLanguage\":\"pt-BR\",\"@id\":\"https:\/\/www.fsfx.com.br\/hospital-marcio-cunha\/#\/schema\/logo\/image\/\",\"url\":\"https:\/\/www.fsfx.com.br\/hospital-marcio-cunha\/wp-content\/uploads\/sites\/9\/2022\/04\/logo-hmc-color.png\",\"contentUrl\":\"https:\/\/www.fsfx.com.br\/hospital-marcio-cunha\/wp-content\/uploads\/sites\/9\/2022\/04\/logo-hmc-color.png\",\"width\":264,\"height\":59,\"caption\":\"HMC - Hospital M\u00e1rcio Cunha\"},\"image\":{\"@id\":\"https:\/\/www.fsfx.com.br\/hospital-marcio-cunha\/#\/schema\/logo\/image\/\"}},{\"@type\":\"Person\",\"@id\":\"https:\/\/www.fsfx.com.br\/hospital-marcio-cunha\/#\/schema\/person\/6bf2cced2b7a5d5d78f5610fc8f52504\",\"name\":\"C\u00e1ssio Santana\",\"image\":{\"@type\":\"ImageObject\",\"inLanguage\":\"pt-BR\",\"@id\":\"https:\/\/www.fsfx.com.br\/hospital-marcio-cunha\/#\/schema\/person\/image\/\",\"url\":\"https:\/\/secure.gravatar.com\/avatar\/ef79739de3edd2f5c2e7c4930b0808c62af99fc5520eaadc7899948f8bc6d2e1?s=96&d=mm&r=g\",\"contentUrl\":\"https:\/\/secure.gravatar.com\/avatar\/ef79739de3edd2f5c2e7c4930b0808c62af99fc5520eaadc7899948f8bc6d2e1?s=96&d=mm&r=g\",\"caption\":\"C\u00e1ssio Santana\"},\"url\":\"https:\/\/www.fsfx.com.br\/hospital-marcio-cunha\/author\/cassio\/\"}]}<\/script>\n<!-- \/ Yoast SEO plugin. -->","yoast_head_json":{"title":"Preven\u00e7\u00e3o \u00e0 obesidade: fatores de risco v\u00e3o desde a alimenta\u00e7\u00e3o inadequada a quest\u00f5es emocionais - Hospital M\u00e1rcio Cunha","robots":{"index":"index","follow":"follow","max-snippet":"max-snippet:-1","max-image-preview":"max-image-preview:large","max-video-preview":"max-video-preview:-1"},"canonical":"https:\/\/www.fsfx.com.br\/hospital-marcio-cunha\/prevencao-a-obesidade-fatores-de-risco-vao-desde-a-alimentacao-inadequada-a-questoes-emocionais\/","og_locale":"pt_BR","og_type":"article","og_title":"Preven\u00e7\u00e3o \u00e0 obesidade: fatores de risco v\u00e3o desde a alimenta\u00e7\u00e3o inadequada a quest\u00f5es emocionais - Hospital M\u00e1rcio Cunha","og_description":"A obesidade, uma doen\u00e7a multifatorial e cada vez mais prevalente no Brasil, \u00e9 tema de destaque no Dia Nacional de Preven\u00e7\u00e3o \u00e0 Obesidade, celebrado nesta sexta-feira, 11 de outubro. Institu\u00edda em 2008 pelo Governo Federal, a data refor\u00e7a a import\u00e2ncia da conscientiza\u00e7\u00e3o para combater os fatores que levam ao ganho excessivo de peso. Segundo o [&hellip;]","og_url":"https:\/\/www.fsfx.com.br\/hospital-marcio-cunha\/prevencao-a-obesidade-fatores-de-risco-vao-desde-a-alimentacao-inadequada-a-questoes-emocionais\/","og_site_name":"Hospital M\u00e1rcio Cunha","article_published_time":"2024-10-11T13:14:13+00:00","og_image":[{"width":1920,"height":1440,"url":"https:\/\/www.fsfx.com.br\/hospital-marcio-cunha\/wp-content\/uploads\/sites\/9\/2024\/10\/medico-cirurgiao-bariatrico-do-Hospital-Marcio-Cunha-Dr.-Anderson-Morais.jpg","type":"image\/jpeg"}],"author":"C\u00e1ssio Santana","twitter_card":"summary_large_image","twitter_misc":{"Escrito por":"C\u00e1ssio Santana","Est. tempo de leitura":"7 minutos"},"schema":{"@context":"https:\/\/schema.org","@graph":[{"@type":"Article","@id":"https:\/\/www.fsfx.com.br\/hospital-marcio-cunha\/prevencao-a-obesidade-fatores-de-risco-vao-desde-a-alimentacao-inadequada-a-questoes-emocionais\/#article","isPartOf":{"@id":"https:\/\/www.fsfx.com.br\/hospital-marcio-cunha\/prevencao-a-obesidade-fatores-de-risco-vao-desde-a-alimentacao-inadequada-a-questoes-emocionais\/"},"author":{"name":"C\u00e1ssio Santana","@id":"https:\/\/www.fsfx.com.br\/hospital-marcio-cunha\/#\/schema\/person\/6bf2cced2b7a5d5d78f5610fc8f52504"},"headline":"Preven\u00e7\u00e3o \u00e0 obesidade: fatores de risco v\u00e3o desde a alimenta\u00e7\u00e3o inadequada a quest\u00f5es emocionais","datePublished":"2024-10-11T13:14:13+00:00","mainEntityOfPage":{"@id":"https:\/\/www.fsfx.com.br\/hospital-marcio-cunha\/prevencao-a-obesidade-fatores-de-risco-vao-desde-a-alimentacao-inadequada-a-questoes-emocionais\/"},"wordCount":1155,"publisher":{"@id":"https:\/\/www.fsfx.com.br\/hospital-marcio-cunha\/#organization"},"image":{"@id":"https:\/\/www.fsfx.com.br\/hospital-marcio-cunha\/prevencao-a-obesidade-fatores-de-risco-vao-desde-a-alimentacao-inadequada-a-questoes-emocionais\/#primaryimage"},"thumbnailUrl":"https:\/\/www.fsfx.com.br\/hospital-marcio-cunha\/wp-content\/uploads\/sites\/9\/2024\/10\/medico-cirurgiao-bariatrico-do-Hospital-Marcio-Cunha-Dr.-Anderson-Morais.jpg","articleSection":["Sa\u00fade"],"inLanguage":"pt-BR"},{"@type":"WebPage","@id":"https:\/\/www.fsfx.com.br\/hospital-marcio-cunha\/prevencao-a-obesidade-fatores-de-risco-vao-desde-a-alimentacao-inadequada-a-questoes-emocionais\/","url":"https:\/\/www.fsfx.com.br\/hospital-marcio-cunha\/prevencao-a-obesidade-fatores-de-risco-vao-desde-a-alimentacao-inadequada-a-questoes-emocionais\/","name":"Preven\u00e7\u00e3o \u00e0 obesidade: fatores de risco v\u00e3o desde a alimenta\u00e7\u00e3o inadequada a quest\u00f5es emocionais - Hospital M\u00e1rcio Cunha","isPartOf":{"@id":"https:\/\/www.fsfx.com.br\/hospital-marcio-cunha\/#website"},"primaryImageOfPage":{"@id":"https:\/\/www.fsfx.com.br\/hospital-marcio-cunha\/prevencao-a-obesidade-fatores-de-risco-vao-desde-a-alimentacao-inadequada-a-questoes-emocionais\/#primaryimage"},"image":{"@id":"https:\/\/www.fsfx.com.br\/hospital-marcio-cunha\/prevencao-a-obesidade-fatores-de-risco-vao-desde-a-alimentacao-inadequada-a-questoes-emocionais\/#primaryimage"},"thumbnailUrl":"https:\/\/www.fsfx.com.br\/hospital-marcio-cunha\/wp-content\/uploads\/sites\/9\/2024\/10\/medico-cirurgiao-bariatrico-do-Hospital-Marcio-Cunha-Dr.-Anderson-Morais.jpg","datePublished":"2024-10-11T13:14:13+00:00","breadcrumb":{"@id":"https:\/\/www.fsfx.com.br\/hospital-marcio-cunha\/prevencao-a-obesidade-fatores-de-risco-vao-desde-a-alimentacao-inadequada-a-questoes-emocionais\/#breadcrumb"},"inLanguage":"pt-BR","potentialAction":[{"@type":"ReadAction","target":["https:\/\/www.fsfx.com.br\/hospital-marcio-cunha\/prevencao-a-obesidade-fatores-de-risco-vao-desde-a-alimentacao-inadequada-a-questoes-emocionais\/"]}]},{"@type":"ImageObject","inLanguage":"pt-BR","@id":"https:\/\/www.fsfx.com.br\/hospital-marcio-cunha\/prevencao-a-obesidade-fatores-de-risco-vao-desde-a-alimentacao-inadequada-a-questoes-emocionais\/#primaryimage","url":"https:\/\/www.fsfx.com.br\/hospital-marcio-cunha\/wp-content\/uploads\/sites\/9\/2024\/10\/medico-cirurgiao-bariatrico-do-Hospital-Marcio-Cunha-Dr.-Anderson-Morais.jpg","contentUrl":"https:\/\/www.fsfx.com.br\/hospital-marcio-cunha\/wp-content\/uploads\/sites\/9\/2024\/10\/medico-cirurgiao-bariatrico-do-Hospital-Marcio-Cunha-Dr.-Anderson-Morais.jpg","width":1920,"height":1440},{"@type":"BreadcrumbList","@id":"https:\/\/www.fsfx.com.br\/hospital-marcio-cunha\/prevencao-a-obesidade-fatores-de-risco-vao-desde-a-alimentacao-inadequada-a-questoes-emocionais\/#breadcrumb","itemListElement":[{"@type":"ListItem","position":1,"name":"In\u00edcio","item":"https:\/\/www.fsfx.com.br\/hospital-marcio-cunha\/"},{"@type":"ListItem","position":2,"name":"Preven\u00e7\u00e3o \u00e0 obesidade: fatores de risco v\u00e3o desde a alimenta\u00e7\u00e3o inadequada a quest\u00f5es emocionais"}]},{"@type":"WebSite","@id":"https:\/\/www.fsfx.com.br\/hospital-marcio-cunha\/#website","url":"https:\/\/www.fsfx.com.br\/hospital-marcio-cunha\/","name":"Hospital M\u00e1rcio Cunha","description":"O Hospital M\u00e1rcio Cunha (HMC) \u00e9 um hospital geral de alta complexidade, com 558 leitos e tr\u00eas unidades, sendo uma unidade exclusiva para o tratamento oncol\u00f3gico.","publisher":{"@id":"https:\/\/www.fsfx.com.br\/hospital-marcio-cunha\/#organization"},"potentialAction":[{"@type":"SearchAction","target":{"@type":"EntryPoint","urlTemplate":"https:\/\/www.fsfx.com.br\/hospital-marcio-cunha\/?s={search_term_string}"},"query-input":{"@type":"PropertyValueSpecification","valueRequired":true,"valueName":"search_term_string"}}],"inLanguage":"pt-BR"},{"@type":"Organization","@id":"https:\/\/www.fsfx.com.br\/hospital-marcio-cunha\/#organization","name":"HMC - Hospital M\u00e1rcio Cunha","url":"https:\/\/www.fsfx.com.br\/hospital-marcio-cunha\/","logo":{"@type":"ImageObject","inLanguage":"pt-BR","@id":"https:\/\/www.fsfx.com.br\/hospital-marcio-cunha\/#\/schema\/logo\/image\/","url":"https:\/\/www.fsfx.com.br\/hospital-marcio-cunha\/wp-content\/uploads\/sites\/9\/2022\/04\/logo-hmc-color.png","contentUrl":"https:\/\/www.fsfx.com.br\/hospital-marcio-cunha\/wp-content\/uploads\/sites\/9\/2022\/04\/logo-hmc-color.png","width":264,"height":59,"caption":"HMC - Hospital M\u00e1rcio Cunha"},"image":{"@id":"https:\/\/www.fsfx.com.br\/hospital-marcio-cunha\/#\/schema\/logo\/image\/"}},{"@type":"Person","@id":"https:\/\/www.fsfx.com.br\/hospital-marcio-cunha\/#\/schema\/person\/6bf2cced2b7a5d5d78f5610fc8f52504","name":"C\u00e1ssio Santana","image":{"@type":"ImageObject","inLanguage":"pt-BR","@id":"https:\/\/www.fsfx.com.br\/hospital-marcio-cunha\/#\/schema\/person\/image\/","url":"https:\/\/secure.gravatar.com\/avatar\/ef79739de3edd2f5c2e7c4930b0808c62af99fc5520eaadc7899948f8bc6d2e1?s=96&d=mm&r=g","contentUrl":"https:\/\/secure.gravatar.com\/avatar\/ef79739de3edd2f5c2e7c4930b0808c62af99fc5520eaadc7899948f8bc6d2e1?s=96&d=mm&r=g","caption":"C\u00e1ssio Santana"},"url":"https:\/\/www.fsfx.com.br\/hospital-marcio-cunha\/author\/cassio\/"}]}},"_links":{"self":[{"href":"https:\/\/www.fsfx.com.br\/hospital-marcio-cunha\/wp-json\/wp\/v2\/posts\/12430","targetHints":{"allow":["GET"]}}],"collection":[{"href":"https:\/\/www.fsfx.com.br\/hospital-marcio-cunha\/wp-json\/wp\/v2\/posts"}],"about":[{"href":"https:\/\/www.fsfx.com.br\/hospital-marcio-cunha\/wp-json\/wp\/v2\/types\/post"}],"author":[{"embeddable":true,"href":"https:\/\/www.fsfx.com.br\/hospital-marcio-cunha\/wp-json\/wp\/v2\/users\/6"}],"replies":[{"embeddable":true,"href":"https:\/\/www.fsfx.com.br\/hospital-marcio-cunha\/wp-json\/wp\/v2\/comments?post=12430"}],"version-history":[{"count":1,"href":"https:\/\/www.fsfx.com.br\/hospital-marcio-cunha\/wp-json\/wp\/v2\/posts\/12430\/revisions"}],"predecessor-version":[{"id":12432,"href":"https:\/\/www.fsfx.com.br\/hospital-marcio-cunha\/wp-json\/wp\/v2\/posts\/12430\/revisions\/12432"}],"wp:featuredmedia":[{"embeddable":true,"href":"https:\/\/www.fsfx.com.br\/hospital-marcio-cunha\/wp-json\/wp\/v2\/media\/12431"}],"wp:attachment":[{"href":"https:\/\/www.fsfx.com.br\/hospital-marcio-cunha\/wp-json\/wp\/v2\/media?parent=12430"}],"wp:term":[{"taxonomy":"category","embeddable":true,"href":"https:\/\/www.fsfx.com.br\/hospital-marcio-cunha\/wp-json\/wp\/v2\/categories?post=12430"},{"taxonomy":"post_tag","embeddable":true,"href":"https:\/\/www.fsfx.com.br\/hospital-marcio-cunha\/wp-json\/wp\/v2\/tags?post=12430"}],"curies":[{"name":"wp","href":"https:\/\/api.w.org\/{rel}","templated":true}]}}