{"id":12524,"date":"2024-11-14T15:25:53","date_gmt":"2024-11-14T18:25:53","guid":{"rendered":"https:\/\/www.fsfx.com.br\/hospital-marcio-cunha\/?p=12524"},"modified":"2024-11-14T15:25:53","modified_gmt":"2024-11-14T18:25:53","slug":"diabetes-uma-doenca-muitas-vezes-silenciosa-que-requer-atencao","status":"publish","type":"post","link":"https:\/\/www.fsfx.com.br\/hospital-marcio-cunha\/diabetes-uma-doenca-muitas-vezes-silenciosa-que-requer-atencao\/","title":{"rendered":"Diabetes: uma doen\u00e7a muitas vezes silenciosa que requer aten\u00e7\u00e3o"},"content":{"rendered":"<p>No dia 14 de novembro celebra-se o Dia Mundial do Diabetes, uma data fundamental para aumentar a conscientiza\u00e7\u00e3o sobre essa doen\u00e7a que afeta milh\u00f5es de brasileiros. Em 2023, o Sistema de Informa\u00e7\u00f5es em Sa\u00fade para a Aten\u00e7\u00e3o B\u00e1sica (Sisab) registrou 17 milh\u00f5es de pacientes atendidos no SUS que convivem com o diabetes, representando cerca de 9,4% dos usu\u00e1rios da rede p\u00fablica de sa\u00fade. Somente em 2022, o Sistema de Informa\u00e7\u00f5es sobre Mortalidade (SIM) apontou que o diabetes foi respons\u00e1vel por 78,8 mil \u00f3bitos no Brasil, evidenciando a gravidade do problema.<\/p>\n<p><img decoding=\"async\" class=\"wp-image-19484 alignleft\" src=\"https:\/\/www.fsfx.com.br\/wp-content\/uploads\/2024\/11\/medica-da-familia-e-comunidade-da-Usifamilia-Dra.-Viviane-Rampinelli-150x150.jpeg\" alt=\"\" width=\"192\" height=\"192\" \/>Para a m\u00e9dica da fam\u00edlia e comunidade da Usifam\u00edlia, Dra. Viviane Rampinelli, o Dia Mundial da Diabetes \u00e9 uma oportunidade crucial para informar a popula\u00e7\u00e3o sobre a import\u00e2ncia da preven\u00e7\u00e3o e do diagn\u00f3stico precoce. \u201cO diabetes, muitas vezes, \u00e9 uma doen\u00e7a silenciosa. A falta de sintomas pode retardar o diagn\u00f3stico e dificultar o controle. Muitos pacientes convivem com a doen\u00e7a sem perceber, at\u00e9 que os sinais se tornam evidentes\u201d, explica a m\u00e9dica.<\/p>\n<p>De acordo com a profissional, \u00e9 preciso estar atento aos sintomas pois o diabetes \u00e9 uma doen\u00e7a causada pela m\u00e1 absor\u00e7\u00e3o ou produ\u00e7\u00e3o insuficiente de insulina, o que pode causar o aumento da glicemia e levar a complica\u00e7\u00f5es em v\u00e1rios \u00f3rg\u00e3os do corpo humano. \u201cSintomas como perda de peso inexplic\u00e1vel, sede e fome excessivas, cansa\u00e7o e aumento do volume urin\u00e1rio s\u00e3o sinais que merecem aten\u00e7\u00e3o e investiga\u00e7\u00e3o m\u00e9dica\u201d, orienta.<\/p>\n<p>O diabetes \u00e9 uma doen\u00e7a multifatorial, cujos fatores de risco incluem o sedentarismo, h\u00e1bitos alimentares inadequados, sobrepeso, hipertens\u00e3o, colesterol alterado, hist\u00f3rico familiar de diabetes e doen\u00e7as renais cr\u00f4nicas. Segundo a Dra. Viviane, conhecer e controlar esses fatores s\u00e3o essenciais para a preven\u00e7\u00e3o. \u201cAtuar sobre os fatores de risco facilita a preven\u00e7\u00e3o da doen\u00e7a e de suas complica\u00e7\u00f5es. \u00c9 preciso refor\u00e7ar que h\u00e1bitos saud\u00e1veis, como alimenta\u00e7\u00e3o balanceada e pr\u00e1tica regular de atividade f\u00edsica, s\u00e3o aliados fundamentais na preven\u00e7\u00e3o do diabetes e no controle glic\u00eamico\u201d, afirma.<\/p>\n<p><strong>A preven\u00e7\u00e3o das complica\u00e7\u00f5es do diabetes<\/strong><\/p>\n<p>O diagn\u00f3stico e o tratamento precoce s\u00e3o essenciais para reduzir complica\u00e7\u00f5es s\u00e9rias, como doen\u00e7as card\u00edacas, problemas de vis\u00e3o, danos renais, neuropatias e at\u00e9 amputa\u00e7\u00f5es. \u201cIniciar o tratamento cedo possibilita um controle eficaz da glicemia, diminuindo o risco de complica\u00e7\u00f5es graves e melhorando a qualidade de vida dos pacientes. A ado\u00e7\u00e3o de medidas como uma dieta saud\u00e1vel, atividade f\u00edsica, controle do peso, redu\u00e7\u00e3o da ingest\u00e3o de sal e acompanhamento m\u00e9dico regular pode ajudar a manter o diabetes sob controle e evitar complica\u00e7\u00f5es\u201d, refor\u00e7a a m\u00e9dica.<\/p>\n<p><img fetchpriority=\"high\" decoding=\"async\" class=\"alignleft wp-image-19485 \" src=\"https:\/\/www.fsfx.com.br\/wp-content\/uploads\/2024\/11\/Jose-Alberto-Kokke-paciente-Usifamilia-150x150.jpeg\" alt=\"\" width=\"250\" height=\"250\" \/>O benefici\u00e1rio da Usisa\u00fade, o aposentado Jos\u00e9 Alberto Kokke, de 75 anos, morador de Ipatinga, descobriu o diabetes h\u00e1 25 anos e \u00e9 um dos pacientes que fazem tratamento na Usifam\u00edlia. \u201cFa\u00e7o acompanhamento desde que fui informado que minha glicemia estava alta. Comecei com medicamentos orais e, hoje, fa\u00e7o a utiliza\u00e7\u00e3o da insulina, com isso o meu diabetes est\u00e1 controlado. Al\u00e9m disso, adotei novos h\u00e1bitos, como uma alimenta\u00e7\u00e3o mais saud\u00e1vel e a pr\u00e1tica de pilates, para melhorar minha qualidade de vida\u201d, conta Kokke.<\/p>\n<p><strong>Avan\u00e7os no tratamento<\/strong><\/p>\n<p>O avan\u00e7o no tratamento da diabetes trouxe op\u00e7\u00f5es inovadoras que facilitam o controle da doen\u00e7a. Desde antidiab\u00e9ticos orais at\u00e9 insulinas de \u00faltima gera\u00e7\u00e3o, o tratamento pode ser personalizado conforme as necessidades de cada paciente. Um destaque s\u00e3o as canetas de insulina, que t\u00eam facilitado a ades\u00e3o ao tratamento por serem pr\u00e1ticas e de f\u00e1cil manuseio. \u201cEssas canetas possibilitam que os pacientes administrem a insulina de forma mais conveniente, com agulhas curtas e finas, garantindo mais conforto e efic\u00e1cia. Por\u00e9m, \u00e9 fundamental que a aplica\u00e7\u00e3o seja feita no tecido subcut\u00e2neo, onde a absor\u00e7\u00e3o \u00e9 mais eficiente\u201d, conta.<\/p>\n<p>O Dia Mundial do Diabetes refor\u00e7a a import\u00e2ncia da educa\u00e7\u00e3o e da conscientiza\u00e7\u00e3o sobre essa doen\u00e7a cr\u00f4nica. A mensagem \u00e9 clara: com informa\u00e7\u00e3o, diagn\u00f3stico precoce e ades\u00e3o ao tratamento, \u00e9 poss\u00edvel conviver com o diabetes e minimizar seus impactos. \u201cO diabetes \u00e9 uma doen\u00e7a que n\u00e3o possui cura. Por isso, \u00e9 preciso fazer a preven\u00e7\u00e3o e o controle, sendo este o principal motivo do diagn\u00f3stico precoce. Descobrindo o diabetes precocemente \u00e9 poss\u00edvel ter suas consequ\u00eancias evitadas, e\/ou retardadas, com medicamentos, atividades f\u00edsicas e alimenta\u00e7\u00e3o saud\u00e1vel, al\u00e9m de exames regulares e tratamento de complica\u00e7\u00f5es. Por isso a mensagem que deixo \u00e9 para que cuide da sua sa\u00fade, ela \u00e9 o que mais importa. Escolha cuidar de voc\u00ea, procure um profissional de sa\u00fade e fa\u00e7a o seu acompanhamento\u201d, pontua Dr. Viviane.<\/p>\n<p>&nbsp;<\/p>\n","protected":false},"excerpt":{"rendered":"<p>No dia 14 de novembro celebra-se o Dia Mundial do Diabetes, uma data fundamental para aumentar a conscientiza\u00e7\u00e3o sobre essa doen\u00e7a que afeta milh\u00f5es de brasileiros. Em 2023, o Sistema de Informa\u00e7\u00f5es em Sa\u00fade para a Aten\u00e7\u00e3o B\u00e1sica (Sisab) registrou 17 milh\u00f5es de pacientes atendidos no SUS que convivem com o diabetes, representando cerca de [&hellip;]<\/p>\n","protected":false},"author":6,"featured_media":12525,"comment_status":"closed","ping_status":"closed","sticky":false,"template":"","format":"standard","meta":{"_acf_changed":false,"site-sidebar-layout":"default","site-content-layout":"","ast-site-content-layout":"default","site-content-style":"default","site-sidebar-style":"default","ast-global-header-display":"","ast-banner-title-visibility":"","ast-main-header-display":"","ast-hfb-above-header-display":"","ast-hfb-below-header-display":"","ast-hfb-mobile-header-display":"","site-post-title":"","ast-breadcrumbs-content":"","ast-featured-img":"","footer-sml-layout":"","theme-transparent-header-meta":"","adv-header-id-meta":"","stick-header-meta":"","header-above-stick-meta":"","header-main-stick-meta":"","header-below-stick-meta":"","astra-migrate-meta-layouts":"default","ast-page-background-enabled":"default","ast-page-background-meta":{"desktop":{"background-color":"var(--ast-global-color-4)","background-image":"","background-repeat":"repeat","background-position":"center center","background-size":"auto","background-attachment":"scroll","background-type":"","background-media":"","overlay-type":"","overlay-color":"","overlay-opacity":"","overlay-gradient":""},"tablet":{"background-color":"","background-image":"","background-repeat":"repeat","background-position":"center center","background-size":"auto","background-attachment":"scroll","background-type":"","background-media":"","overlay-type":"","overlay-color":"","overlay-opacity":"","overlay-gradient":""},"mobile":{"background-color":"","background-image":"","background-repeat":"repeat","background-position":"center center","background-size":"auto","background-attachment":"scroll","background-type":"","background-media":"","overlay-type":"","overlay-color":"","overlay-opacity":"","overlay-gradient":""}},"ast-content-background-meta":{"desktop":{"background-color":"var(--ast-global-color-5)","background-image":"","background-repeat":"repeat","background-position":"center center","background-size":"auto","background-attachment":"scroll","background-type":"","background-media":"","overlay-type":"","overlay-color":"","overlay-opacity":"","overlay-gradient":""},"tablet":{"background-color":"var(--ast-global-color-5)","background-image":"","background-repeat":"repeat","background-position":"center center","background-size":"auto","background-attachment":"scroll","background-type":"","background-media":"","overlay-type":"","overlay-color":"","overlay-opacity":"","overlay-gradient":""},"mobile":{"background-color":"var(--ast-global-color-5)","background-image":"","background-repeat":"repeat","background-position":"center center","background-size":"auto","background-attachment":"scroll","background-type":"","background-media":"","overlay-type":"","overlay-color":"","overlay-opacity":"","overlay-gradient":""}},"footnotes":""},"categories":[24],"tags":[],"class_list":["post-12524","post","type-post","status-publish","format-standard","has-post-thumbnail","hentry","category-saude"],"acf":[],"yoast_head":"<!-- This site is optimized with the Yoast SEO plugin v26.9 - https:\/\/yoast.com\/product\/yoast-seo-wordpress\/ -->\n<title>Diabetes: uma doen\u00e7a muitas vezes silenciosa que requer aten\u00e7\u00e3o - Hospital M\u00e1rcio Cunha<\/title>\n<meta name=\"robots\" content=\"index, follow, max-snippet:-1, max-image-preview:large, max-video-preview:-1\" \/>\n<link rel=\"canonical\" href=\"https:\/\/www.fsfx.com.br\/hospital-marcio-cunha\/diabetes-uma-doenca-muitas-vezes-silenciosa-que-requer-atencao\/\" \/>\n<meta property=\"og:locale\" content=\"pt_BR\" \/>\n<meta property=\"og:type\" content=\"article\" \/>\n<meta property=\"og:title\" content=\"Diabetes: uma doen\u00e7a muitas vezes silenciosa que requer aten\u00e7\u00e3o - Hospital M\u00e1rcio Cunha\" \/>\n<meta property=\"og:description\" content=\"No dia 14 de novembro celebra-se o Dia Mundial do Diabetes, uma data fundamental para aumentar a conscientiza\u00e7\u00e3o sobre essa doen\u00e7a que afeta milh\u00f5es de brasileiros. Em 2023, o Sistema de Informa\u00e7\u00f5es em Sa\u00fade para a Aten\u00e7\u00e3o B\u00e1sica (Sisab) registrou 17 milh\u00f5es de pacientes atendidos no SUS que convivem com o diabetes, representando cerca de [&hellip;]\" \/>\n<meta property=\"og:url\" content=\"https:\/\/www.fsfx.com.br\/hospital-marcio-cunha\/diabetes-uma-doenca-muitas-vezes-silenciosa-que-requer-atencao\/\" \/>\n<meta property=\"og:site_name\" content=\"Hospital M\u00e1rcio Cunha\" \/>\n<meta property=\"article:published_time\" content=\"2024-11-14T18:25:53+00:00\" \/>\n<meta property=\"og:image\" content=\"https:\/\/www.fsfx.com.br\/hospital-marcio-cunha\/wp-content\/uploads\/sites\/9\/2024\/11\/medica-da-familia-e-comunidade-da-Usifamilia-Dra.-Viviane-Rampinelli.jpeg\" \/>\n\t<meta property=\"og:image:width\" content=\"720\" \/>\n\t<meta property=\"og:image:height\" content=\"1280\" \/>\n\t<meta property=\"og:image:type\" content=\"image\/jpeg\" \/>\n<meta name=\"author\" content=\"C\u00e1ssio Santana\" \/>\n<meta name=\"twitter:card\" content=\"summary_large_image\" \/>\n<meta name=\"twitter:label1\" content=\"Escrito por\" \/>\n\t<meta name=\"twitter:data1\" content=\"C\u00e1ssio Santana\" \/>\n\t<meta name=\"twitter:label2\" content=\"Est. tempo de leitura\" \/>\n\t<meta name=\"twitter:data2\" content=\"6 minutos\" \/>\n<script type=\"application\/ld+json\" class=\"yoast-schema-graph\">{\"@context\":\"https:\/\/schema.org\",\"@graph\":[{\"@type\":\"Article\",\"@id\":\"https:\/\/www.fsfx.com.br\/hospital-marcio-cunha\/diabetes-uma-doenca-muitas-vezes-silenciosa-que-requer-atencao\/#article\",\"isPartOf\":{\"@id\":\"https:\/\/www.fsfx.com.br\/hospital-marcio-cunha\/diabetes-uma-doenca-muitas-vezes-silenciosa-que-requer-atencao\/\"},\"author\":{\"name\":\"C\u00e1ssio Santana\",\"@id\":\"https:\/\/www.fsfx.com.br\/hospital-marcio-cunha\/#\/schema\/person\/6bf2cced2b7a5d5d78f5610fc8f52504\"},\"headline\":\"Diabetes: uma doen\u00e7a muitas vezes silenciosa que requer aten\u00e7\u00e3o\",\"datePublished\":\"2024-11-14T18:25:53+00:00\",\"mainEntityOfPage\":{\"@id\":\"https:\/\/www.fsfx.com.br\/hospital-marcio-cunha\/diabetes-uma-doenca-muitas-vezes-silenciosa-que-requer-atencao\/\"},\"wordCount\":833,\"publisher\":{\"@id\":\"https:\/\/www.fsfx.com.br\/hospital-marcio-cunha\/#organization\"},\"image\":{\"@id\":\"https:\/\/www.fsfx.com.br\/hospital-marcio-cunha\/diabetes-uma-doenca-muitas-vezes-silenciosa-que-requer-atencao\/#primaryimage\"},\"thumbnailUrl\":\"https:\/\/www.fsfx.com.br\/hospital-marcio-cunha\/wp-content\/uploads\/sites\/9\/2024\/11\/medica-da-familia-e-comunidade-da-Usifamilia-Dra.-Viviane-Rampinelli.jpeg\",\"articleSection\":[\"Sa\u00fade\"],\"inLanguage\":\"pt-BR\"},{\"@type\":\"WebPage\",\"@id\":\"https:\/\/www.fsfx.com.br\/hospital-marcio-cunha\/diabetes-uma-doenca-muitas-vezes-silenciosa-que-requer-atencao\/\",\"url\":\"https:\/\/www.fsfx.com.br\/hospital-marcio-cunha\/diabetes-uma-doenca-muitas-vezes-silenciosa-que-requer-atencao\/\",\"name\":\"Diabetes: uma doen\u00e7a muitas vezes silenciosa que requer aten\u00e7\u00e3o - Hospital M\u00e1rcio Cunha\",\"isPartOf\":{\"@id\":\"https:\/\/www.fsfx.com.br\/hospital-marcio-cunha\/#website\"},\"primaryImageOfPage\":{\"@id\":\"https:\/\/www.fsfx.com.br\/hospital-marcio-cunha\/diabetes-uma-doenca-muitas-vezes-silenciosa-que-requer-atencao\/#primaryimage\"},\"image\":{\"@id\":\"https:\/\/www.fsfx.com.br\/hospital-marcio-cunha\/diabetes-uma-doenca-muitas-vezes-silenciosa-que-requer-atencao\/#primaryimage\"},\"thumbnailUrl\":\"https:\/\/www.fsfx.com.br\/hospital-marcio-cunha\/wp-content\/uploads\/sites\/9\/2024\/11\/medica-da-familia-e-comunidade-da-Usifamilia-Dra.-Viviane-Rampinelli.jpeg\",\"datePublished\":\"2024-11-14T18:25:53+00:00\",\"breadcrumb\":{\"@id\":\"https:\/\/www.fsfx.com.br\/hospital-marcio-cunha\/diabetes-uma-doenca-muitas-vezes-silenciosa-que-requer-atencao\/#breadcrumb\"},\"inLanguage\":\"pt-BR\",\"potentialAction\":[{\"@type\":\"ReadAction\",\"target\":[\"https:\/\/www.fsfx.com.br\/hospital-marcio-cunha\/diabetes-uma-doenca-muitas-vezes-silenciosa-que-requer-atencao\/\"]}]},{\"@type\":\"ImageObject\",\"inLanguage\":\"pt-BR\",\"@id\":\"https:\/\/www.fsfx.com.br\/hospital-marcio-cunha\/diabetes-uma-doenca-muitas-vezes-silenciosa-que-requer-atencao\/#primaryimage\",\"url\":\"https:\/\/www.fsfx.com.br\/hospital-marcio-cunha\/wp-content\/uploads\/sites\/9\/2024\/11\/medica-da-familia-e-comunidade-da-Usifamilia-Dra.-Viviane-Rampinelli.jpeg\",\"contentUrl\":\"https:\/\/www.fsfx.com.br\/hospital-marcio-cunha\/wp-content\/uploads\/sites\/9\/2024\/11\/medica-da-familia-e-comunidade-da-Usifamilia-Dra.-Viviane-Rampinelli.jpeg\",\"width\":720,\"height\":1280},{\"@type\":\"BreadcrumbList\",\"@id\":\"https:\/\/www.fsfx.com.br\/hospital-marcio-cunha\/diabetes-uma-doenca-muitas-vezes-silenciosa-que-requer-atencao\/#breadcrumb\",\"itemListElement\":[{\"@type\":\"ListItem\",\"position\":1,\"name\":\"In\u00edcio\",\"item\":\"https:\/\/www.fsfx.com.br\/hospital-marcio-cunha\/\"},{\"@type\":\"ListItem\",\"position\":2,\"name\":\"Diabetes: uma doen\u00e7a muitas vezes silenciosa que requer aten\u00e7\u00e3o\"}]},{\"@type\":\"WebSite\",\"@id\":\"https:\/\/www.fsfx.com.br\/hospital-marcio-cunha\/#website\",\"url\":\"https:\/\/www.fsfx.com.br\/hospital-marcio-cunha\/\",\"name\":\"Hospital M\u00e1rcio Cunha\",\"description\":\"O Hospital M\u00e1rcio Cunha (HMC) \u00e9 um hospital geral de alta complexidade, com 558 leitos e tr\u00eas unidades, sendo uma unidade exclusiva para o tratamento oncol\u00f3gico.\",\"publisher\":{\"@id\":\"https:\/\/www.fsfx.com.br\/hospital-marcio-cunha\/#organization\"},\"potentialAction\":[{\"@type\":\"SearchAction\",\"target\":{\"@type\":\"EntryPoint\",\"urlTemplate\":\"https:\/\/www.fsfx.com.br\/hospital-marcio-cunha\/?s={search_term_string}\"},\"query-input\":{\"@type\":\"PropertyValueSpecification\",\"valueRequired\":true,\"valueName\":\"search_term_string\"}}],\"inLanguage\":\"pt-BR\"},{\"@type\":\"Organization\",\"@id\":\"https:\/\/www.fsfx.com.br\/hospital-marcio-cunha\/#organization\",\"name\":\"HMC - Hospital M\u00e1rcio Cunha\",\"url\":\"https:\/\/www.fsfx.com.br\/hospital-marcio-cunha\/\",\"logo\":{\"@type\":\"ImageObject\",\"inLanguage\":\"pt-BR\",\"@id\":\"https:\/\/www.fsfx.com.br\/hospital-marcio-cunha\/#\/schema\/logo\/image\/\",\"url\":\"https:\/\/www.fsfx.com.br\/hospital-marcio-cunha\/wp-content\/uploads\/sites\/9\/2022\/04\/logo-hmc-color.png\",\"contentUrl\":\"https:\/\/www.fsfx.com.br\/hospital-marcio-cunha\/wp-content\/uploads\/sites\/9\/2022\/04\/logo-hmc-color.png\",\"width\":264,\"height\":59,\"caption\":\"HMC - Hospital M\u00e1rcio Cunha\"},\"image\":{\"@id\":\"https:\/\/www.fsfx.com.br\/hospital-marcio-cunha\/#\/schema\/logo\/image\/\"}},{\"@type\":\"Person\",\"@id\":\"https:\/\/www.fsfx.com.br\/hospital-marcio-cunha\/#\/schema\/person\/6bf2cced2b7a5d5d78f5610fc8f52504\",\"name\":\"C\u00e1ssio Santana\",\"image\":{\"@type\":\"ImageObject\",\"inLanguage\":\"pt-BR\",\"@id\":\"https:\/\/www.fsfx.com.br\/hospital-marcio-cunha\/#\/schema\/person\/image\/\",\"url\":\"https:\/\/secure.gravatar.com\/avatar\/ef79739de3edd2f5c2e7c4930b0808c62af99fc5520eaadc7899948f8bc6d2e1?s=96&d=mm&r=g\",\"contentUrl\":\"https:\/\/secure.gravatar.com\/avatar\/ef79739de3edd2f5c2e7c4930b0808c62af99fc5520eaadc7899948f8bc6d2e1?s=96&d=mm&r=g\",\"caption\":\"C\u00e1ssio Santana\"},\"url\":\"https:\/\/www.fsfx.com.br\/hospital-marcio-cunha\/author\/cassio\/\"}]}<\/script>\n<!-- \/ Yoast SEO plugin. -->","yoast_head_json":{"title":"Diabetes: uma doen\u00e7a muitas vezes silenciosa que requer aten\u00e7\u00e3o - Hospital M\u00e1rcio Cunha","robots":{"index":"index","follow":"follow","max-snippet":"max-snippet:-1","max-image-preview":"max-image-preview:large","max-video-preview":"max-video-preview:-1"},"canonical":"https:\/\/www.fsfx.com.br\/hospital-marcio-cunha\/diabetes-uma-doenca-muitas-vezes-silenciosa-que-requer-atencao\/","og_locale":"pt_BR","og_type":"article","og_title":"Diabetes: uma doen\u00e7a muitas vezes silenciosa que requer aten\u00e7\u00e3o - Hospital M\u00e1rcio Cunha","og_description":"No dia 14 de novembro celebra-se o Dia Mundial do Diabetes, uma data fundamental para aumentar a conscientiza\u00e7\u00e3o sobre essa doen\u00e7a que afeta milh\u00f5es de brasileiros. Em 2023, o Sistema de Informa\u00e7\u00f5es em Sa\u00fade para a Aten\u00e7\u00e3o B\u00e1sica (Sisab) registrou 17 milh\u00f5es de pacientes atendidos no SUS que convivem com o diabetes, representando cerca de [&hellip;]","og_url":"https:\/\/www.fsfx.com.br\/hospital-marcio-cunha\/diabetes-uma-doenca-muitas-vezes-silenciosa-que-requer-atencao\/","og_site_name":"Hospital M\u00e1rcio Cunha","article_published_time":"2024-11-14T18:25:53+00:00","og_image":[{"width":720,"height":1280,"url":"https:\/\/www.fsfx.com.br\/hospital-marcio-cunha\/wp-content\/uploads\/sites\/9\/2024\/11\/medica-da-familia-e-comunidade-da-Usifamilia-Dra.-Viviane-Rampinelli.jpeg","type":"image\/jpeg"}],"author":"C\u00e1ssio Santana","twitter_card":"summary_large_image","twitter_misc":{"Escrito por":"C\u00e1ssio Santana","Est. tempo de leitura":"6 minutos"},"schema":{"@context":"https:\/\/schema.org","@graph":[{"@type":"Article","@id":"https:\/\/www.fsfx.com.br\/hospital-marcio-cunha\/diabetes-uma-doenca-muitas-vezes-silenciosa-que-requer-atencao\/#article","isPartOf":{"@id":"https:\/\/www.fsfx.com.br\/hospital-marcio-cunha\/diabetes-uma-doenca-muitas-vezes-silenciosa-que-requer-atencao\/"},"author":{"name":"C\u00e1ssio Santana","@id":"https:\/\/www.fsfx.com.br\/hospital-marcio-cunha\/#\/schema\/person\/6bf2cced2b7a5d5d78f5610fc8f52504"},"headline":"Diabetes: uma doen\u00e7a muitas vezes silenciosa que requer aten\u00e7\u00e3o","datePublished":"2024-11-14T18:25:53+00:00","mainEntityOfPage":{"@id":"https:\/\/www.fsfx.com.br\/hospital-marcio-cunha\/diabetes-uma-doenca-muitas-vezes-silenciosa-que-requer-atencao\/"},"wordCount":833,"publisher":{"@id":"https:\/\/www.fsfx.com.br\/hospital-marcio-cunha\/#organization"},"image":{"@id":"https:\/\/www.fsfx.com.br\/hospital-marcio-cunha\/diabetes-uma-doenca-muitas-vezes-silenciosa-que-requer-atencao\/#primaryimage"},"thumbnailUrl":"https:\/\/www.fsfx.com.br\/hospital-marcio-cunha\/wp-content\/uploads\/sites\/9\/2024\/11\/medica-da-familia-e-comunidade-da-Usifamilia-Dra.-Viviane-Rampinelli.jpeg","articleSection":["Sa\u00fade"],"inLanguage":"pt-BR"},{"@type":"WebPage","@id":"https:\/\/www.fsfx.com.br\/hospital-marcio-cunha\/diabetes-uma-doenca-muitas-vezes-silenciosa-que-requer-atencao\/","url":"https:\/\/www.fsfx.com.br\/hospital-marcio-cunha\/diabetes-uma-doenca-muitas-vezes-silenciosa-que-requer-atencao\/","name":"Diabetes: uma doen\u00e7a muitas vezes silenciosa que requer aten\u00e7\u00e3o - Hospital M\u00e1rcio Cunha","isPartOf":{"@id":"https:\/\/www.fsfx.com.br\/hospital-marcio-cunha\/#website"},"primaryImageOfPage":{"@id":"https:\/\/www.fsfx.com.br\/hospital-marcio-cunha\/diabetes-uma-doenca-muitas-vezes-silenciosa-que-requer-atencao\/#primaryimage"},"image":{"@id":"https:\/\/www.fsfx.com.br\/hospital-marcio-cunha\/diabetes-uma-doenca-muitas-vezes-silenciosa-que-requer-atencao\/#primaryimage"},"thumbnailUrl":"https:\/\/www.fsfx.com.br\/hospital-marcio-cunha\/wp-content\/uploads\/sites\/9\/2024\/11\/medica-da-familia-e-comunidade-da-Usifamilia-Dra.-Viviane-Rampinelli.jpeg","datePublished":"2024-11-14T18:25:53+00:00","breadcrumb":{"@id":"https:\/\/www.fsfx.com.br\/hospital-marcio-cunha\/diabetes-uma-doenca-muitas-vezes-silenciosa-que-requer-atencao\/#breadcrumb"},"inLanguage":"pt-BR","potentialAction":[{"@type":"ReadAction","target":["https:\/\/www.fsfx.com.br\/hospital-marcio-cunha\/diabetes-uma-doenca-muitas-vezes-silenciosa-que-requer-atencao\/"]}]},{"@type":"ImageObject","inLanguage":"pt-BR","@id":"https:\/\/www.fsfx.com.br\/hospital-marcio-cunha\/diabetes-uma-doenca-muitas-vezes-silenciosa-que-requer-atencao\/#primaryimage","url":"https:\/\/www.fsfx.com.br\/hospital-marcio-cunha\/wp-content\/uploads\/sites\/9\/2024\/11\/medica-da-familia-e-comunidade-da-Usifamilia-Dra.-Viviane-Rampinelli.jpeg","contentUrl":"https:\/\/www.fsfx.com.br\/hospital-marcio-cunha\/wp-content\/uploads\/sites\/9\/2024\/11\/medica-da-familia-e-comunidade-da-Usifamilia-Dra.-Viviane-Rampinelli.jpeg","width":720,"height":1280},{"@type":"BreadcrumbList","@id":"https:\/\/www.fsfx.com.br\/hospital-marcio-cunha\/diabetes-uma-doenca-muitas-vezes-silenciosa-que-requer-atencao\/#breadcrumb","itemListElement":[{"@type":"ListItem","position":1,"name":"In\u00edcio","item":"https:\/\/www.fsfx.com.br\/hospital-marcio-cunha\/"},{"@type":"ListItem","position":2,"name":"Diabetes: uma doen\u00e7a muitas vezes silenciosa que requer aten\u00e7\u00e3o"}]},{"@type":"WebSite","@id":"https:\/\/www.fsfx.com.br\/hospital-marcio-cunha\/#website","url":"https:\/\/www.fsfx.com.br\/hospital-marcio-cunha\/","name":"Hospital M\u00e1rcio Cunha","description":"O Hospital M\u00e1rcio Cunha (HMC) \u00e9 um hospital geral de alta complexidade, com 558 leitos e tr\u00eas unidades, sendo uma unidade exclusiva para o tratamento oncol\u00f3gico.","publisher":{"@id":"https:\/\/www.fsfx.com.br\/hospital-marcio-cunha\/#organization"},"potentialAction":[{"@type":"SearchAction","target":{"@type":"EntryPoint","urlTemplate":"https:\/\/www.fsfx.com.br\/hospital-marcio-cunha\/?s={search_term_string}"},"query-input":{"@type":"PropertyValueSpecification","valueRequired":true,"valueName":"search_term_string"}}],"inLanguage":"pt-BR"},{"@type":"Organization","@id":"https:\/\/www.fsfx.com.br\/hospital-marcio-cunha\/#organization","name":"HMC - Hospital M\u00e1rcio Cunha","url":"https:\/\/www.fsfx.com.br\/hospital-marcio-cunha\/","logo":{"@type":"ImageObject","inLanguage":"pt-BR","@id":"https:\/\/www.fsfx.com.br\/hospital-marcio-cunha\/#\/schema\/logo\/image\/","url":"https:\/\/www.fsfx.com.br\/hospital-marcio-cunha\/wp-content\/uploads\/sites\/9\/2022\/04\/logo-hmc-color.png","contentUrl":"https:\/\/www.fsfx.com.br\/hospital-marcio-cunha\/wp-content\/uploads\/sites\/9\/2022\/04\/logo-hmc-color.png","width":264,"height":59,"caption":"HMC - Hospital M\u00e1rcio Cunha"},"image":{"@id":"https:\/\/www.fsfx.com.br\/hospital-marcio-cunha\/#\/schema\/logo\/image\/"}},{"@type":"Person","@id":"https:\/\/www.fsfx.com.br\/hospital-marcio-cunha\/#\/schema\/person\/6bf2cced2b7a5d5d78f5610fc8f52504","name":"C\u00e1ssio Santana","image":{"@type":"ImageObject","inLanguage":"pt-BR","@id":"https:\/\/www.fsfx.com.br\/hospital-marcio-cunha\/#\/schema\/person\/image\/","url":"https:\/\/secure.gravatar.com\/avatar\/ef79739de3edd2f5c2e7c4930b0808c62af99fc5520eaadc7899948f8bc6d2e1?s=96&d=mm&r=g","contentUrl":"https:\/\/secure.gravatar.com\/avatar\/ef79739de3edd2f5c2e7c4930b0808c62af99fc5520eaadc7899948f8bc6d2e1?s=96&d=mm&r=g","caption":"C\u00e1ssio Santana"},"url":"https:\/\/www.fsfx.com.br\/hospital-marcio-cunha\/author\/cassio\/"}]}},"_links":{"self":[{"href":"https:\/\/www.fsfx.com.br\/hospital-marcio-cunha\/wp-json\/wp\/v2\/posts\/12524","targetHints":{"allow":["GET"]}}],"collection":[{"href":"https:\/\/www.fsfx.com.br\/hospital-marcio-cunha\/wp-json\/wp\/v2\/posts"}],"about":[{"href":"https:\/\/www.fsfx.com.br\/hospital-marcio-cunha\/wp-json\/wp\/v2\/types\/post"}],"author":[{"embeddable":true,"href":"https:\/\/www.fsfx.com.br\/hospital-marcio-cunha\/wp-json\/wp\/v2\/users\/6"}],"replies":[{"embeddable":true,"href":"https:\/\/www.fsfx.com.br\/hospital-marcio-cunha\/wp-json\/wp\/v2\/comments?post=12524"}],"version-history":[{"count":1,"href":"https:\/\/www.fsfx.com.br\/hospital-marcio-cunha\/wp-json\/wp\/v2\/posts\/12524\/revisions"}],"predecessor-version":[{"id":12526,"href":"https:\/\/www.fsfx.com.br\/hospital-marcio-cunha\/wp-json\/wp\/v2\/posts\/12524\/revisions\/12526"}],"wp:featuredmedia":[{"embeddable":true,"href":"https:\/\/www.fsfx.com.br\/hospital-marcio-cunha\/wp-json\/wp\/v2\/media\/12525"}],"wp:attachment":[{"href":"https:\/\/www.fsfx.com.br\/hospital-marcio-cunha\/wp-json\/wp\/v2\/media?parent=12524"}],"wp:term":[{"taxonomy":"category","embeddable":true,"href":"https:\/\/www.fsfx.com.br\/hospital-marcio-cunha\/wp-json\/wp\/v2\/categories?post=12524"},{"taxonomy":"post_tag","embeddable":true,"href":"https:\/\/www.fsfx.com.br\/hospital-marcio-cunha\/wp-json\/wp\/v2\/tags?post=12524"}],"curies":[{"name":"wp","href":"https:\/\/api.w.org\/{rel}","templated":true}]}}