{"id":12583,"date":"2024-12-13T17:05:07","date_gmt":"2024-12-13T20:05:07","guid":{"rendered":"https:\/\/www.fsfx.com.br\/hospital-marcio-cunha\/?p=12583"},"modified":"2024-12-13T17:05:07","modified_gmt":"2024-12-13T20:05:07","slug":"proteja-sua-familia-do-aedes-aegypti-e-evite-os-riscos-do-verao","status":"publish","type":"post","link":"https:\/\/www.fsfx.com.br\/hospital-marcio-cunha\/proteja-sua-familia-do-aedes-aegypti-e-evite-os-riscos-do-verao\/","title":{"rendered":"Proteja sua fam\u00edlia do Aedes aegypti e evite os riscos do ver\u00e3o"},"content":{"rendered":"<p>O ver\u00e3o no Brasil, caracterizado pelo aumento das chuvas e das temperaturas, \u00e9 o per\u00edodo mais cr\u00edtico para a prolifera\u00e7\u00e3o do Aedes aegypti, mosquito transmissor de doen\u00e7as como Dengue, Zika e Chikungunya. Essas infec\u00e7\u00f5es virais, chamadas de arboviroses, representam uma amea\u00e7a \u00e0 sa\u00fade p\u00fablica, com impactos graves, especialmente em grupos vulner\u00e1veis.<\/p>\n<p><img fetchpriority=\"high\" decoding=\"async\" class=\"size-medium wp-image-19679 alignleft\" src=\"https:\/\/www.fsfx.com.br\/wp-content\/uploads\/2024\/12\/Dr.-Pedro-Mendes-medico-infectologista-FSFX-300x169.jpg\" alt=\"\" width=\"300\" height=\"169\" \/>Segundo o m\u00e9dico infectologista da Funda\u00e7\u00e3o S\u00e3o Francisco Xavier, Dr. Pedro Mendes, \u00e9 essencial adotar medidas de preven\u00e7\u00e3o para evitar o contato com o mosquito e eliminar poss\u00edveis criadouros. \u201cAs arboviroses t\u00eam apresentado um avan\u00e7o significativo nos \u00faltimos anos devido a fatores como saneamento b\u00e1sico prec\u00e1rio, crescimento urbano desordenado e o aumento das temperaturas m\u00e9dias\u201d, explica.<\/p>\n<p>O ciclo de vida do Aedes aegypti \u00e9 diretamente influenciado pelo clima. O per\u00edodo chuvoso, comum no ver\u00e3o, favorece o ac\u00famulo de \u00e1gua limpa em ambientes urbanos, como pneus, caixas d\u2019\u00e1gua e vasos de plantas, criando condi\u00e7\u00f5es ideais para a reprodu\u00e7\u00e3o do mosquito. \u201cAl\u00e9m disso, o aumento das temperaturas m\u00e9dias acelera a replica\u00e7\u00e3o do vetor, aumentando sua presen\u00e7a em nosso ambiente e, consequentemente, o risco de transmiss\u00e3o das doen\u00e7as. Em 2024, foram mais de 6,6 milh\u00f5es casos suspeitos notificados\u201d, afirma o infectologista.<\/p>\n<p>Segundo o m\u00e9dico, evitar o contato com o mosquito \u00e9 a principal estrat\u00e9gia para prevenir essas doen\u00e7as. \u201cOs repelentes s\u00e3o aliados importantes nesse processo. Produtos \u00e0 base de icaridina, DEET e IR3535, aprovados pela Anvisa, s\u00e3o seguros para uso a partir dos dois anos de idade e para gestantes e lactantes, conforme orienta\u00e7\u00f5es do fabricante. Os repelentes s\u00e3o recomendados para serem aplicados, sobretudo nas \u00e1reas expostas e n\u00e3o cobertas pelas vestimentas. \u00c9 importante destacar tamb\u00e9m que produtos de uso oral e vitaminas n\u00e3o t\u00eam papel estabelecido como repelentes e n\u00e3o s\u00e3o reconhecidos e nem recomendados pela nossa ag\u00eancia de vigil\u00e2ncia sanit\u00e1ria, a Anvisa\u201d, orienta o infectologista.<\/p>\n<p>Al\u00e9m disso, repelentes ambientais, como espirais e aparelhos el\u00e9tricos registrados na Anvisa, podem ser usados para afastar os mosquitos. No entanto, o Dr. Pedro esclarece um mito muito comum. \u201cProdutos naturais \u00e0 base de citronela, andiroba ou cravo, como velas arom\u00e1ticas, n\u00e3o possuem comprova\u00e7\u00e3o de efic\u00e1cia e n\u00e3o s\u00e3o recomendados\u201d, relata.<\/p>\n<p><strong>Vacina\u00e7\u00e3o contra a dengue<\/strong><\/p>\n<p>Uma novidade importante no combate \u00e0 dengue \u00e9 a vacina Qdenga, licenciada pela Anvisa em 2023 e com recomenda\u00e7\u00e3o de bula para uso a partir dos 4 at\u00e9 os 60 anos, e administrada em esquema de duas doses com intervalo de tr\u00eas meses. \u201cO Brasil, numa atitude pioneira, foi o primeiro pa\u00eds do mundo a disponibilizar esta vacina no sistema p\u00fablico de sa\u00fade para o p\u00fablico priorit\u00e1rio. Desde 2024, o Programa Nacional de Imuniza\u00e7\u00e3o disponibilizou essa vacina para crian\u00e7as com idade entre 10 e 14 anos, com o esquema vacinal de duas doses com intervalo de tr\u00eas meses. Por\u00e9m, devido \u00e0 limita\u00e7\u00e3o na oferta do insumo, foram selecionadas algumas cidades priorit\u00e1rias para essa vacina\u00e7\u00e3o. E, infelizmente, ainda n\u00e3o est\u00e1 amplamente dispon\u00edvel, mas j\u00e1 \u00e9 uma atitude importante para evoluirmos para a mudan\u00e7a de cen\u00e1rio da arbovirose nos pr\u00f3ximos anos\u201d, explica o infectologista.<\/p>\n<p><strong>Quando procurar ajuda m\u00e9dica?<\/strong><\/p>\n<p>Embora transmitidas pelo mesmo mosquito, Dengue, Zika e Chikungunya apresentam caracter\u00edsticas cl\u00ednicas distintas. O reconhecimento precoce dos sintomas \u00e9 fundamental:<\/p>\n<ul>\n<li><strong>Dengue:<\/strong> Febre alta (38-40\u00baC), dores musculares, manchas vermelhas no corpo, dor atr\u00e1s dos olhos, v\u00f4mitos, sangramentos e queda de press\u00e3o arterial. Em casos graves, pode levar a complica\u00e7\u00f5es hemorr\u00e1gicas e \u00f3bito.<\/li>\n<li><strong>Zika:<\/strong> Febre baixa (geralmente abaixo de 38\u00baC), erup\u00e7\u00f5es cut\u00e2neas com coceira, conjuntivite n\u00e3o purulenta e incha\u00e7o leve nas articula\u00e7\u00f5es. Em gestantes, pode causar microcefalia no beb\u00ea.<\/li>\n<li><strong>Chikungunya:<\/strong> Febre alta (acima de 38,5\u00baC), dores articulares intensas e inflama\u00e7\u00f5es nas juntas, que podem persistir por meses e, em casos raros, levar a complica\u00e7\u00f5es graves.<\/li>\n<\/ul>\n<p>Grupos como crian\u00e7as, gestantes, idosos e pessoas com doen\u00e7as cr\u00f4nicas (card\u00edacas, renais e hematol\u00f3gicas) s\u00e3o mais propensos a apresentar formas graves dessas doen\u00e7as e devem redobrar os cuidados.<\/p>\n<p>De acordo com o profissional, mesmo com todas as medidas de preven\u00e7\u00e3o, \u00e9 importante saber quando buscar atendimento m\u00e9dico. \u201cOs sinais de alerta incluem: sangramentos nas gengivas ou em outros locais, queda de press\u00e3o arterial, tontura, desmaios, dor abdominal intensa e persistente, e v\u00f4mitos cont\u00ednuos. Esses sintomas indicam formas graves de dengue ou complica\u00e7\u00f5es de outras arboviroses e requerem atendimento imediato\u201d, alerta o profissional da FSFX.<\/p>\n<p>Para o Dr. Pedro Mendes, a luta contra o Aedes aegypti exige um esfor\u00e7o conjunto da popula\u00e7\u00e3o e do poder p\u00fablico. \u201cPrevenir \u00e9 mais simples e eficaz do que tratar as doen\u00e7as e suas complica\u00e7\u00f5es. Com a\u00e7\u00f5es individuais e comunit\u00e1rias, como eliminar criadouros, usar repelentes e aderir \u00e0 vacina\u00e7\u00e3o, \u00e9 poss\u00edvel proteger vidas e reduzir a sobrecarga nos servi\u00e7os de sa\u00fade.\u00a0 Fa\u00e7a sua parte, cuide do seu ambiente, proteja sua fam\u00edlia e compartilhe essas informa\u00e7\u00f5es com sua comunidade. Juntos, podemos vencer a batalha contra as arboviroses\u201d, pontua o m\u00e9dico.<\/p>\n","protected":false},"excerpt":{"rendered":"<p>O ver\u00e3o no Brasil, caracterizado pelo aumento das chuvas e das temperaturas, \u00e9 o per\u00edodo mais cr\u00edtico para a prolifera\u00e7\u00e3o do Aedes aegypti, mosquito transmissor de doen\u00e7as como Dengue, Zika e Chikungunya. Essas infec\u00e7\u00f5es virais, chamadas de arboviroses, representam uma amea\u00e7a \u00e0 sa\u00fade p\u00fablica, com impactos graves, especialmente em grupos vulner\u00e1veis. Segundo o m\u00e9dico infectologista [&hellip;]<\/p>\n","protected":false},"author":6,"featured_media":12584,"comment_status":"closed","ping_status":"closed","sticky":false,"template":"","format":"standard","meta":{"_acf_changed":false,"site-sidebar-layout":"default","site-content-layout":"","ast-site-content-layout":"default","site-content-style":"default","site-sidebar-style":"default","ast-global-header-display":"","ast-banner-title-visibility":"","ast-main-header-display":"","ast-hfb-above-header-display":"","ast-hfb-below-header-display":"","ast-hfb-mobile-header-display":"","site-post-title":"","ast-breadcrumbs-content":"","ast-featured-img":"","footer-sml-layout":"","theme-transparent-header-meta":"","adv-header-id-meta":"","stick-header-meta":"","header-above-stick-meta":"","header-main-stick-meta":"","header-below-stick-meta":"","astra-migrate-meta-layouts":"default","ast-page-background-enabled":"default","ast-page-background-meta":{"desktop":{"background-color":"var(--ast-global-color-4)","background-image":"","background-repeat":"repeat","background-position":"center center","background-size":"auto","background-attachment":"scroll","background-type":"","background-media":"","overlay-type":"","overlay-color":"","overlay-opacity":"","overlay-gradient":""},"tablet":{"background-color":"","background-image":"","background-repeat":"repeat","background-position":"center center","background-size":"auto","background-attachment":"scroll","background-type":"","background-media":"","overlay-type":"","overlay-color":"","overlay-opacity":"","overlay-gradient":""},"mobile":{"background-color":"","background-image":"","background-repeat":"repeat","background-position":"center center","background-size":"auto","background-attachment":"scroll","background-type":"","background-media":"","overlay-type":"","overlay-color":"","overlay-opacity":"","overlay-gradient":""}},"ast-content-background-meta":{"desktop":{"background-color":"var(--ast-global-color-5)","background-image":"","background-repeat":"repeat","background-position":"center center","background-size":"auto","background-attachment":"scroll","background-type":"","background-media":"","overlay-type":"","overlay-color":"","overlay-opacity":"","overlay-gradient":""},"tablet":{"background-color":"var(--ast-global-color-5)","background-image":"","background-repeat":"repeat","background-position":"center center","background-size":"auto","background-attachment":"scroll","background-type":"","background-media":"","overlay-type":"","overlay-color":"","overlay-opacity":"","overlay-gradient":""},"mobile":{"background-color":"var(--ast-global-color-5)","background-image":"","background-repeat":"repeat","background-position":"center center","background-size":"auto","background-attachment":"scroll","background-type":"","background-media":"","overlay-type":"","overlay-color":"","overlay-opacity":"","overlay-gradient":""}},"footnotes":""},"categories":[24],"tags":[],"class_list":["post-12583","post","type-post","status-publish","format-standard","has-post-thumbnail","hentry","category-saude"],"acf":[],"yoast_head":"<!-- This site is optimized with the Yoast SEO plugin v26.9 - https:\/\/yoast.com\/product\/yoast-seo-wordpress\/ -->\n<title>Proteja sua fam\u00edlia do Aedes aegypti e evite os riscos do ver\u00e3o - Hospital M\u00e1rcio Cunha<\/title>\n<meta name=\"robots\" content=\"index, follow, max-snippet:-1, max-image-preview:large, max-video-preview:-1\" \/>\n<link rel=\"canonical\" href=\"https:\/\/www.fsfx.com.br\/hospital-marcio-cunha\/proteja-sua-familia-do-aedes-aegypti-e-evite-os-riscos-do-verao\/\" \/>\n<meta property=\"og:locale\" content=\"pt_BR\" \/>\n<meta property=\"og:type\" content=\"article\" \/>\n<meta property=\"og:title\" content=\"Proteja sua fam\u00edlia do Aedes aegypti e evite os riscos do ver\u00e3o - Hospital M\u00e1rcio Cunha\" \/>\n<meta property=\"og:description\" content=\"O ver\u00e3o no Brasil, caracterizado pelo aumento das chuvas e das temperaturas, \u00e9 o per\u00edodo mais cr\u00edtico para a prolifera\u00e7\u00e3o do Aedes aegypti, mosquito transmissor de doen\u00e7as como Dengue, Zika e Chikungunya. Essas infec\u00e7\u00f5es virais, chamadas de arboviroses, representam uma amea\u00e7a \u00e0 sa\u00fade p\u00fablica, com impactos graves, especialmente em grupos vulner\u00e1veis. Segundo o m\u00e9dico infectologista [&hellip;]\" \/>\n<meta property=\"og:url\" content=\"https:\/\/www.fsfx.com.br\/hospital-marcio-cunha\/proteja-sua-familia-do-aedes-aegypti-e-evite-os-riscos-do-verao\/\" \/>\n<meta property=\"og:site_name\" content=\"Hospital M\u00e1rcio Cunha\" \/>\n<meta property=\"article:published_time\" content=\"2024-12-13T20:05:07+00:00\" \/>\n<meta property=\"og:image\" content=\"https:\/\/www.fsfx.com.br\/hospital-marcio-cunha\/wp-content\/uploads\/sites\/9\/2024\/12\/Dr.-Pedro-Mendes-medico-infectologista-FSFX.jpg\" \/>\n\t<meta property=\"og:image:width\" content=\"1920\" \/>\n\t<meta property=\"og:image:height\" content=\"1080\" \/>\n\t<meta property=\"og:image:type\" content=\"image\/jpeg\" \/>\n<meta name=\"author\" content=\"C\u00e1ssio Santana\" \/>\n<meta name=\"twitter:card\" content=\"summary_large_image\" \/>\n<meta name=\"twitter:label1\" content=\"Escrito por\" \/>\n\t<meta name=\"twitter:data1\" content=\"C\u00e1ssio Santana\" \/>\n\t<meta name=\"twitter:label2\" content=\"Est. tempo de leitura\" \/>\n\t<meta name=\"twitter:data2\" content=\"5 minutos\" \/>\n<script type=\"application\/ld+json\" class=\"yoast-schema-graph\">{\"@context\":\"https:\/\/schema.org\",\"@graph\":[{\"@type\":\"Article\",\"@id\":\"https:\/\/www.fsfx.com.br\/hospital-marcio-cunha\/proteja-sua-familia-do-aedes-aegypti-e-evite-os-riscos-do-verao\/#article\",\"isPartOf\":{\"@id\":\"https:\/\/www.fsfx.com.br\/hospital-marcio-cunha\/proteja-sua-familia-do-aedes-aegypti-e-evite-os-riscos-do-verao\/\"},\"author\":{\"name\":\"C\u00e1ssio Santana\",\"@id\":\"https:\/\/www.fsfx.com.br\/hospital-marcio-cunha\/#\/schema\/person\/6bf2cced2b7a5d5d78f5610fc8f52504\"},\"headline\":\"Proteja sua fam\u00edlia do Aedes aegypti e evite os riscos do ver\u00e3o\",\"datePublished\":\"2024-12-13T20:05:07+00:00\",\"mainEntityOfPage\":{\"@id\":\"https:\/\/www.fsfx.com.br\/hospital-marcio-cunha\/proteja-sua-familia-do-aedes-aegypti-e-evite-os-riscos-do-verao\/\"},\"wordCount\":892,\"publisher\":{\"@id\":\"https:\/\/www.fsfx.com.br\/hospital-marcio-cunha\/#organization\"},\"image\":{\"@id\":\"https:\/\/www.fsfx.com.br\/hospital-marcio-cunha\/proteja-sua-familia-do-aedes-aegypti-e-evite-os-riscos-do-verao\/#primaryimage\"},\"thumbnailUrl\":\"https:\/\/www.fsfx.com.br\/hospital-marcio-cunha\/wp-content\/uploads\/sites\/9\/2024\/12\/Dr.-Pedro-Mendes-medico-infectologista-FSFX.jpg\",\"articleSection\":[\"Sa\u00fade\"],\"inLanguage\":\"pt-BR\"},{\"@type\":\"WebPage\",\"@id\":\"https:\/\/www.fsfx.com.br\/hospital-marcio-cunha\/proteja-sua-familia-do-aedes-aegypti-e-evite-os-riscos-do-verao\/\",\"url\":\"https:\/\/www.fsfx.com.br\/hospital-marcio-cunha\/proteja-sua-familia-do-aedes-aegypti-e-evite-os-riscos-do-verao\/\",\"name\":\"Proteja sua fam\u00edlia do Aedes aegypti e evite os riscos do ver\u00e3o - Hospital M\u00e1rcio Cunha\",\"isPartOf\":{\"@id\":\"https:\/\/www.fsfx.com.br\/hospital-marcio-cunha\/#website\"},\"primaryImageOfPage\":{\"@id\":\"https:\/\/www.fsfx.com.br\/hospital-marcio-cunha\/proteja-sua-familia-do-aedes-aegypti-e-evite-os-riscos-do-verao\/#primaryimage\"},\"image\":{\"@id\":\"https:\/\/www.fsfx.com.br\/hospital-marcio-cunha\/proteja-sua-familia-do-aedes-aegypti-e-evite-os-riscos-do-verao\/#primaryimage\"},\"thumbnailUrl\":\"https:\/\/www.fsfx.com.br\/hospital-marcio-cunha\/wp-content\/uploads\/sites\/9\/2024\/12\/Dr.-Pedro-Mendes-medico-infectologista-FSFX.jpg\",\"datePublished\":\"2024-12-13T20:05:07+00:00\",\"breadcrumb\":{\"@id\":\"https:\/\/www.fsfx.com.br\/hospital-marcio-cunha\/proteja-sua-familia-do-aedes-aegypti-e-evite-os-riscos-do-verao\/#breadcrumb\"},\"inLanguage\":\"pt-BR\",\"potentialAction\":[{\"@type\":\"ReadAction\",\"target\":[\"https:\/\/www.fsfx.com.br\/hospital-marcio-cunha\/proteja-sua-familia-do-aedes-aegypti-e-evite-os-riscos-do-verao\/\"]}]},{\"@type\":\"ImageObject\",\"inLanguage\":\"pt-BR\",\"@id\":\"https:\/\/www.fsfx.com.br\/hospital-marcio-cunha\/proteja-sua-familia-do-aedes-aegypti-e-evite-os-riscos-do-verao\/#primaryimage\",\"url\":\"https:\/\/www.fsfx.com.br\/hospital-marcio-cunha\/wp-content\/uploads\/sites\/9\/2024\/12\/Dr.-Pedro-Mendes-medico-infectologista-FSFX.jpg\",\"contentUrl\":\"https:\/\/www.fsfx.com.br\/hospital-marcio-cunha\/wp-content\/uploads\/sites\/9\/2024\/12\/Dr.-Pedro-Mendes-medico-infectologista-FSFX.jpg\",\"width\":1920,\"height\":1080},{\"@type\":\"BreadcrumbList\",\"@id\":\"https:\/\/www.fsfx.com.br\/hospital-marcio-cunha\/proteja-sua-familia-do-aedes-aegypti-e-evite-os-riscos-do-verao\/#breadcrumb\",\"itemListElement\":[{\"@type\":\"ListItem\",\"position\":1,\"name\":\"In\u00edcio\",\"item\":\"https:\/\/www.fsfx.com.br\/hospital-marcio-cunha\/\"},{\"@type\":\"ListItem\",\"position\":2,\"name\":\"Proteja sua fam\u00edlia do Aedes aegypti e evite os riscos do ver\u00e3o\"}]},{\"@type\":\"WebSite\",\"@id\":\"https:\/\/www.fsfx.com.br\/hospital-marcio-cunha\/#website\",\"url\":\"https:\/\/www.fsfx.com.br\/hospital-marcio-cunha\/\",\"name\":\"Hospital M\u00e1rcio Cunha\",\"description\":\"O Hospital M\u00e1rcio Cunha (HMC) \u00e9 um hospital geral de alta complexidade, com 558 leitos e tr\u00eas unidades, sendo uma unidade exclusiva para o tratamento oncol\u00f3gico.\",\"publisher\":{\"@id\":\"https:\/\/www.fsfx.com.br\/hospital-marcio-cunha\/#organization\"},\"potentialAction\":[{\"@type\":\"SearchAction\",\"target\":{\"@type\":\"EntryPoint\",\"urlTemplate\":\"https:\/\/www.fsfx.com.br\/hospital-marcio-cunha\/?s={search_term_string}\"},\"query-input\":{\"@type\":\"PropertyValueSpecification\",\"valueRequired\":true,\"valueName\":\"search_term_string\"}}],\"inLanguage\":\"pt-BR\"},{\"@type\":\"Organization\",\"@id\":\"https:\/\/www.fsfx.com.br\/hospital-marcio-cunha\/#organization\",\"name\":\"HMC - Hospital M\u00e1rcio Cunha\",\"url\":\"https:\/\/www.fsfx.com.br\/hospital-marcio-cunha\/\",\"logo\":{\"@type\":\"ImageObject\",\"inLanguage\":\"pt-BR\",\"@id\":\"https:\/\/www.fsfx.com.br\/hospital-marcio-cunha\/#\/schema\/logo\/image\/\",\"url\":\"https:\/\/www.fsfx.com.br\/hospital-marcio-cunha\/wp-content\/uploads\/sites\/9\/2022\/04\/logo-hmc-color.png\",\"contentUrl\":\"https:\/\/www.fsfx.com.br\/hospital-marcio-cunha\/wp-content\/uploads\/sites\/9\/2022\/04\/logo-hmc-color.png\",\"width\":264,\"height\":59,\"caption\":\"HMC - Hospital M\u00e1rcio Cunha\"},\"image\":{\"@id\":\"https:\/\/www.fsfx.com.br\/hospital-marcio-cunha\/#\/schema\/logo\/image\/\"}},{\"@type\":\"Person\",\"@id\":\"https:\/\/www.fsfx.com.br\/hospital-marcio-cunha\/#\/schema\/person\/6bf2cced2b7a5d5d78f5610fc8f52504\",\"name\":\"C\u00e1ssio Santana\",\"image\":{\"@type\":\"ImageObject\",\"inLanguage\":\"pt-BR\",\"@id\":\"https:\/\/www.fsfx.com.br\/hospital-marcio-cunha\/#\/schema\/person\/image\/\",\"url\":\"https:\/\/secure.gravatar.com\/avatar\/ef79739de3edd2f5c2e7c4930b0808c62af99fc5520eaadc7899948f8bc6d2e1?s=96&d=mm&r=g\",\"contentUrl\":\"https:\/\/secure.gravatar.com\/avatar\/ef79739de3edd2f5c2e7c4930b0808c62af99fc5520eaadc7899948f8bc6d2e1?s=96&d=mm&r=g\",\"caption\":\"C\u00e1ssio Santana\"},\"url\":\"https:\/\/www.fsfx.com.br\/hospital-marcio-cunha\/author\/cassio\/\"}]}<\/script>\n<!-- \/ Yoast SEO plugin. -->","yoast_head_json":{"title":"Proteja sua fam\u00edlia do Aedes aegypti e evite os riscos do ver\u00e3o - Hospital M\u00e1rcio Cunha","robots":{"index":"index","follow":"follow","max-snippet":"max-snippet:-1","max-image-preview":"max-image-preview:large","max-video-preview":"max-video-preview:-1"},"canonical":"https:\/\/www.fsfx.com.br\/hospital-marcio-cunha\/proteja-sua-familia-do-aedes-aegypti-e-evite-os-riscos-do-verao\/","og_locale":"pt_BR","og_type":"article","og_title":"Proteja sua fam\u00edlia do Aedes aegypti e evite os riscos do ver\u00e3o - Hospital M\u00e1rcio Cunha","og_description":"O ver\u00e3o no Brasil, caracterizado pelo aumento das chuvas e das temperaturas, \u00e9 o per\u00edodo mais cr\u00edtico para a prolifera\u00e7\u00e3o do Aedes aegypti, mosquito transmissor de doen\u00e7as como Dengue, Zika e Chikungunya. Essas infec\u00e7\u00f5es virais, chamadas de arboviroses, representam uma amea\u00e7a \u00e0 sa\u00fade p\u00fablica, com impactos graves, especialmente em grupos vulner\u00e1veis. Segundo o m\u00e9dico infectologista [&hellip;]","og_url":"https:\/\/www.fsfx.com.br\/hospital-marcio-cunha\/proteja-sua-familia-do-aedes-aegypti-e-evite-os-riscos-do-verao\/","og_site_name":"Hospital M\u00e1rcio Cunha","article_published_time":"2024-12-13T20:05:07+00:00","og_image":[{"width":1920,"height":1080,"url":"https:\/\/www.fsfx.com.br\/hospital-marcio-cunha\/wp-content\/uploads\/sites\/9\/2024\/12\/Dr.-Pedro-Mendes-medico-infectologista-FSFX.jpg","type":"image\/jpeg"}],"author":"C\u00e1ssio Santana","twitter_card":"summary_large_image","twitter_misc":{"Escrito por":"C\u00e1ssio Santana","Est. tempo de leitura":"5 minutos"},"schema":{"@context":"https:\/\/schema.org","@graph":[{"@type":"Article","@id":"https:\/\/www.fsfx.com.br\/hospital-marcio-cunha\/proteja-sua-familia-do-aedes-aegypti-e-evite-os-riscos-do-verao\/#article","isPartOf":{"@id":"https:\/\/www.fsfx.com.br\/hospital-marcio-cunha\/proteja-sua-familia-do-aedes-aegypti-e-evite-os-riscos-do-verao\/"},"author":{"name":"C\u00e1ssio Santana","@id":"https:\/\/www.fsfx.com.br\/hospital-marcio-cunha\/#\/schema\/person\/6bf2cced2b7a5d5d78f5610fc8f52504"},"headline":"Proteja sua fam\u00edlia do Aedes aegypti e evite os riscos do ver\u00e3o","datePublished":"2024-12-13T20:05:07+00:00","mainEntityOfPage":{"@id":"https:\/\/www.fsfx.com.br\/hospital-marcio-cunha\/proteja-sua-familia-do-aedes-aegypti-e-evite-os-riscos-do-verao\/"},"wordCount":892,"publisher":{"@id":"https:\/\/www.fsfx.com.br\/hospital-marcio-cunha\/#organization"},"image":{"@id":"https:\/\/www.fsfx.com.br\/hospital-marcio-cunha\/proteja-sua-familia-do-aedes-aegypti-e-evite-os-riscos-do-verao\/#primaryimage"},"thumbnailUrl":"https:\/\/www.fsfx.com.br\/hospital-marcio-cunha\/wp-content\/uploads\/sites\/9\/2024\/12\/Dr.-Pedro-Mendes-medico-infectologista-FSFX.jpg","articleSection":["Sa\u00fade"],"inLanguage":"pt-BR"},{"@type":"WebPage","@id":"https:\/\/www.fsfx.com.br\/hospital-marcio-cunha\/proteja-sua-familia-do-aedes-aegypti-e-evite-os-riscos-do-verao\/","url":"https:\/\/www.fsfx.com.br\/hospital-marcio-cunha\/proteja-sua-familia-do-aedes-aegypti-e-evite-os-riscos-do-verao\/","name":"Proteja sua fam\u00edlia do Aedes aegypti e evite os riscos do ver\u00e3o - Hospital M\u00e1rcio Cunha","isPartOf":{"@id":"https:\/\/www.fsfx.com.br\/hospital-marcio-cunha\/#website"},"primaryImageOfPage":{"@id":"https:\/\/www.fsfx.com.br\/hospital-marcio-cunha\/proteja-sua-familia-do-aedes-aegypti-e-evite-os-riscos-do-verao\/#primaryimage"},"image":{"@id":"https:\/\/www.fsfx.com.br\/hospital-marcio-cunha\/proteja-sua-familia-do-aedes-aegypti-e-evite-os-riscos-do-verao\/#primaryimage"},"thumbnailUrl":"https:\/\/www.fsfx.com.br\/hospital-marcio-cunha\/wp-content\/uploads\/sites\/9\/2024\/12\/Dr.-Pedro-Mendes-medico-infectologista-FSFX.jpg","datePublished":"2024-12-13T20:05:07+00:00","breadcrumb":{"@id":"https:\/\/www.fsfx.com.br\/hospital-marcio-cunha\/proteja-sua-familia-do-aedes-aegypti-e-evite-os-riscos-do-verao\/#breadcrumb"},"inLanguage":"pt-BR","potentialAction":[{"@type":"ReadAction","target":["https:\/\/www.fsfx.com.br\/hospital-marcio-cunha\/proteja-sua-familia-do-aedes-aegypti-e-evite-os-riscos-do-verao\/"]}]},{"@type":"ImageObject","inLanguage":"pt-BR","@id":"https:\/\/www.fsfx.com.br\/hospital-marcio-cunha\/proteja-sua-familia-do-aedes-aegypti-e-evite-os-riscos-do-verao\/#primaryimage","url":"https:\/\/www.fsfx.com.br\/hospital-marcio-cunha\/wp-content\/uploads\/sites\/9\/2024\/12\/Dr.-Pedro-Mendes-medico-infectologista-FSFX.jpg","contentUrl":"https:\/\/www.fsfx.com.br\/hospital-marcio-cunha\/wp-content\/uploads\/sites\/9\/2024\/12\/Dr.-Pedro-Mendes-medico-infectologista-FSFX.jpg","width":1920,"height":1080},{"@type":"BreadcrumbList","@id":"https:\/\/www.fsfx.com.br\/hospital-marcio-cunha\/proteja-sua-familia-do-aedes-aegypti-e-evite-os-riscos-do-verao\/#breadcrumb","itemListElement":[{"@type":"ListItem","position":1,"name":"In\u00edcio","item":"https:\/\/www.fsfx.com.br\/hospital-marcio-cunha\/"},{"@type":"ListItem","position":2,"name":"Proteja sua fam\u00edlia do Aedes aegypti e evite os riscos do ver\u00e3o"}]},{"@type":"WebSite","@id":"https:\/\/www.fsfx.com.br\/hospital-marcio-cunha\/#website","url":"https:\/\/www.fsfx.com.br\/hospital-marcio-cunha\/","name":"Hospital M\u00e1rcio Cunha","description":"O Hospital M\u00e1rcio Cunha (HMC) \u00e9 um hospital geral de alta complexidade, com 558 leitos e tr\u00eas unidades, sendo uma unidade exclusiva para o tratamento oncol\u00f3gico.","publisher":{"@id":"https:\/\/www.fsfx.com.br\/hospital-marcio-cunha\/#organization"},"potentialAction":[{"@type":"SearchAction","target":{"@type":"EntryPoint","urlTemplate":"https:\/\/www.fsfx.com.br\/hospital-marcio-cunha\/?s={search_term_string}"},"query-input":{"@type":"PropertyValueSpecification","valueRequired":true,"valueName":"search_term_string"}}],"inLanguage":"pt-BR"},{"@type":"Organization","@id":"https:\/\/www.fsfx.com.br\/hospital-marcio-cunha\/#organization","name":"HMC - Hospital M\u00e1rcio Cunha","url":"https:\/\/www.fsfx.com.br\/hospital-marcio-cunha\/","logo":{"@type":"ImageObject","inLanguage":"pt-BR","@id":"https:\/\/www.fsfx.com.br\/hospital-marcio-cunha\/#\/schema\/logo\/image\/","url":"https:\/\/www.fsfx.com.br\/hospital-marcio-cunha\/wp-content\/uploads\/sites\/9\/2022\/04\/logo-hmc-color.png","contentUrl":"https:\/\/www.fsfx.com.br\/hospital-marcio-cunha\/wp-content\/uploads\/sites\/9\/2022\/04\/logo-hmc-color.png","width":264,"height":59,"caption":"HMC - Hospital M\u00e1rcio Cunha"},"image":{"@id":"https:\/\/www.fsfx.com.br\/hospital-marcio-cunha\/#\/schema\/logo\/image\/"}},{"@type":"Person","@id":"https:\/\/www.fsfx.com.br\/hospital-marcio-cunha\/#\/schema\/person\/6bf2cced2b7a5d5d78f5610fc8f52504","name":"C\u00e1ssio Santana","image":{"@type":"ImageObject","inLanguage":"pt-BR","@id":"https:\/\/www.fsfx.com.br\/hospital-marcio-cunha\/#\/schema\/person\/image\/","url":"https:\/\/secure.gravatar.com\/avatar\/ef79739de3edd2f5c2e7c4930b0808c62af99fc5520eaadc7899948f8bc6d2e1?s=96&d=mm&r=g","contentUrl":"https:\/\/secure.gravatar.com\/avatar\/ef79739de3edd2f5c2e7c4930b0808c62af99fc5520eaadc7899948f8bc6d2e1?s=96&d=mm&r=g","caption":"C\u00e1ssio Santana"},"url":"https:\/\/www.fsfx.com.br\/hospital-marcio-cunha\/author\/cassio\/"}]}},"_links":{"self":[{"href":"https:\/\/www.fsfx.com.br\/hospital-marcio-cunha\/wp-json\/wp\/v2\/posts\/12583","targetHints":{"allow":["GET"]}}],"collection":[{"href":"https:\/\/www.fsfx.com.br\/hospital-marcio-cunha\/wp-json\/wp\/v2\/posts"}],"about":[{"href":"https:\/\/www.fsfx.com.br\/hospital-marcio-cunha\/wp-json\/wp\/v2\/types\/post"}],"author":[{"embeddable":true,"href":"https:\/\/www.fsfx.com.br\/hospital-marcio-cunha\/wp-json\/wp\/v2\/users\/6"}],"replies":[{"embeddable":true,"href":"https:\/\/www.fsfx.com.br\/hospital-marcio-cunha\/wp-json\/wp\/v2\/comments?post=12583"}],"version-history":[{"count":1,"href":"https:\/\/www.fsfx.com.br\/hospital-marcio-cunha\/wp-json\/wp\/v2\/posts\/12583\/revisions"}],"predecessor-version":[{"id":12585,"href":"https:\/\/www.fsfx.com.br\/hospital-marcio-cunha\/wp-json\/wp\/v2\/posts\/12583\/revisions\/12585"}],"wp:featuredmedia":[{"embeddable":true,"href":"https:\/\/www.fsfx.com.br\/hospital-marcio-cunha\/wp-json\/wp\/v2\/media\/12584"}],"wp:attachment":[{"href":"https:\/\/www.fsfx.com.br\/hospital-marcio-cunha\/wp-json\/wp\/v2\/media?parent=12583"}],"wp:term":[{"taxonomy":"category","embeddable":true,"href":"https:\/\/www.fsfx.com.br\/hospital-marcio-cunha\/wp-json\/wp\/v2\/categories?post=12583"},{"taxonomy":"post_tag","embeddable":true,"href":"https:\/\/www.fsfx.com.br\/hospital-marcio-cunha\/wp-json\/wp\/v2\/tags?post=12583"}],"curies":[{"name":"wp","href":"https:\/\/api.w.org\/{rel}","templated":true}]}}