{"id":12990,"date":"2025-03-28T08:46:48","date_gmt":"2025-03-28T11:46:48","guid":{"rendered":"https:\/\/www.fsfx.com.br\/hospital-marcio-cunha\/?p=12990"},"modified":"2025-03-28T08:46:48","modified_gmt":"2025-03-28T11:46:48","slug":"marco-azul-a-importancia-da-prevencao-do-cancer-de-intestino-uma-doenca-silenciosa-e-letal","status":"publish","type":"post","link":"https:\/\/www.fsfx.com.br\/hospital-marcio-cunha\/marco-azul-a-importancia-da-prevencao-do-cancer-de-intestino-uma-doenca-silenciosa-e-letal\/","title":{"rendered":"Mar\u00e7o Azul: a import\u00e2ncia da preven\u00e7\u00e3o do c\u00e2ncer de intestino, uma doen\u00e7a silenciosa e letal"},"content":{"rendered":"<p class=\"xmsonormal\" style=\"text-align: justify;line-height: 115%\"><span style=\"font-size: 12.0pt;line-height: 115%;font-family: 'Arial',sans-serif\">O m\u00eas de mar\u00e7o \u00e9 marcado pela campanha Mar\u00e7o Azul, movimento que tem como objetivo conscientizar a popula\u00e7\u00e3o sobre o c\u00e2ncer de intestino, uma doen\u00e7a silenciosa e letal que requer aten\u00e7\u00e3o aos seus sinais e fatores de risco.<b> <\/b>Segundo dados da Organiza\u00e7\u00e3o Pan-Americana da Sa\u00fade (OPAS), o c\u00e2ncer de intestino est\u00e1 entre os tr\u00eas tumores que mais matam no Brasil. O m\u00e9dico gastroenterologista e endoscopista, coordenador do servi\u00e7o de gastroenterologia do Hospital M\u00e1rcio Cunha, Rodrigo Lovatti, alerta sobre os riscos, a import\u00e2ncia da preven\u00e7\u00e3o e do diagn\u00f3stico precoce, essenciais para reduzir a mortalidade e aumentar as chances de cura.<\/span><\/p>\n<p class=\"xmsonormal\" style=\"text-align: justify;line-height: 115%\"><span style=\"font-size: 12.0pt;line-height: 115%;font-family: 'Arial',sans-serif\"><img fetchpriority=\"high\" decoding=\"async\" class=\" wp-image-20098 alignleft\" src=\"https:\/\/www.fsfx.com.br\/wp-content\/uploads\/2025\/03\/Dr.-Rodrigo-Lovatti-medico-do-HMC-225x300.jpeg\" alt=\"\" width=\"252\" height=\"336\" \/>O c\u00e2ncer de intestino tem se tornado cada vez mais comum, impulsionado pelo estilo de vida moderno. Embora a doen\u00e7a seja mais prevalente em pessoas idosas, tem sido observado um aumento preocupante de casos em jovens e o principal motivo para essa tend\u00eancia est\u00e1 nos h\u00e1bitos alimentares e no estilo de vida da popula\u00e7\u00e3o. \u201cO consumo excessivo de ultraprocessados, o tabagismo, o sedentarismo e a obesidade t\u00eam elevado os n\u00fameros de diagn\u00f3sticos entre pessoas mais jovens. No Brasil, aproximadamente 65% da popula\u00e7\u00e3o tem sobrepeso ou obesidade, e as proje\u00e7\u00f5es para os pr\u00f3ximos anos n\u00e3o s\u00e3o animadoras\u201d, alerta o m\u00e9dico. Outros fatores importantes s\u00e3o a gen\u00e9tica e a idade avan\u00e7ada que tamb\u00e9m influenciam, tornando a conscientiza\u00e7\u00e3o fundamental para a popula\u00e7\u00e3o.<\/span><\/p>\n<p class=\"xmsonormal\" style=\"text-align: justify;line-height: 115%\"><span style=\"font-size: 12.0pt;line-height: 115%;font-family: 'Arial',sans-serif\">A campanha Mar\u00e7o Azul tem se fortalecido ao longo dos anos, resultando em um aumento significativo no n\u00famero de exames preventivos realizados. \u201cA cada ano, mais pacientes t\u00eam procurado a colonoscopia para preven\u00e7\u00e3o. Esse exame pode reduzir o risco de c\u00e2ncer de intestino entre 60 e 70% e diminuir a mortalidade em cerca de 50%. Isso \u00e9 muito significativo e pode salvar vidas\u201d, refor\u00e7a o especialista.<\/span><\/p>\n<p class=\"xmsonormal\" style=\"text-align: justify;line-height: 115%\"><span style=\"font-size: 12.0pt;line-height: 115%;font-family: 'Arial',sans-serif\">A recomenda\u00e7\u00e3o m\u00e9dica da Sociedade Brasileira de Cirurgia Oncol\u00f3gica (SBCO) \u00e9 que homens e mulheres iniciem a vigil\u00e2ncia do c\u00e2ncer de intestino a partir dos 45 anos de idade, por meio da colonoscopia. Para aqueles que possuem hist\u00f3rico familiar de primeiro grau, como pai, m\u00e3e ou irm\u00e3os, o acompanhamento deve come\u00e7ar ainda mais cedo, cerca de 10 anos antes da idade em que o parente recebeu o diagn\u00f3stico. \u201cSe o seu pai teve c\u00e2ncer de intestino aos 50 anos, por exemplo, voc\u00ea deve iniciar a sua preven\u00e7\u00e3o aos 40 anos\u201d, orienta o Dr. Lovatti. Para esses casos, \u00e9 essencial buscar um profissional especializado, como um gastroenterologista ou coloproctologista.<\/span><\/p>\n<p class=\"xmsonormal\" style=\"text-align: justify;line-height: 115%\"><span style=\"font-size: 12.0pt;line-height: 115%;font-family: 'Arial',sans-serif\">Os sinais de alerta para o c\u00e2ncer de intestino devem ser observados com aten\u00e7\u00e3o. Mudan\u00e7as repentinas no padr\u00e3o intestinal, dificuldade para evacuar, presen\u00e7a de sangue nas fezes e quadros de anemia sem causa aparente s\u00e3o sintomas que n\u00e3o devem ser ignorados, especialmente por pessoas acima dos 45 anos. \u201cOs sintomas costumam aparecer apenas em est\u00e1gios avan\u00e7ados, quando a doen\u00e7a j\u00e1 se espalhou e, pela aus\u00eancia de sintomas, torna a preven\u00e7\u00e3o ainda mais importante. Ao notar qualquer um desses sintomas, \u00e9 fundamental buscar atendimento m\u00e9dico imediatamente\u201d, refor\u00e7a o especialista.\u00a0<\/span><\/p>\n<p class=\"xmsonormal\" style=\"text-align: justify;line-height: 115%\"><span style=\"font-size: 12.0pt;line-height: 115%;font-family: 'Arial',sans-serif\">O Dr. Rodrigo Lovatti refor\u00e7a a import\u00e2ncia da conscientiza\u00e7\u00e3o e do autocuidado. \u201cO Mar\u00e7o Azul levanta a bandeira da preven\u00e7\u00e3o do c\u00e2ncer de intestino. Se voc\u00ea tem 45 anos ou mais, procure um m\u00e9dico para obter mais informa\u00e7\u00f5es. O c\u00e2ncer de intestino pode ser prevenido e o diagn\u00f3stico precoce pode mudar completamente o seu destino. Levante tamb\u00e9m essa bandeira e cuide da sua sa\u00fade\u201d, pontua o m\u00e9dico do Hospital M\u00e1rcio Cunha.<\/span><\/p>\n","protected":false},"excerpt":{"rendered":"<p>O m\u00eas de mar\u00e7o \u00e9 marcado pela campanha Mar\u00e7o Azul, movimento que tem como objetivo conscientizar a popula\u00e7\u00e3o sobre o c\u00e2ncer de intestino, uma doen\u00e7a silenciosa e letal que requer aten\u00e7\u00e3o aos seus sinais e fatores de risco. Segundo dados da Organiza\u00e7\u00e3o Pan-Americana da Sa\u00fade (OPAS), o c\u00e2ncer de intestino est\u00e1 entre os tr\u00eas tumores [&hellip;]<\/p>\n","protected":false},"author":6,"featured_media":12991,"comment_status":"closed","ping_status":"closed","sticky":false,"template":"","format":"standard","meta":{"_acf_changed":false,"site-sidebar-layout":"default","site-content-layout":"","ast-site-content-layout":"default","site-content-style":"default","site-sidebar-style":"default","ast-global-header-display":"","ast-banner-title-visibility":"","ast-main-header-display":"","ast-hfb-above-header-display":"","ast-hfb-below-header-display":"","ast-hfb-mobile-header-display":"","site-post-title":"","ast-breadcrumbs-content":"","ast-featured-img":"","footer-sml-layout":"","theme-transparent-header-meta":"","adv-header-id-meta":"","stick-header-meta":"","header-above-stick-meta":"","header-main-stick-meta":"","header-below-stick-meta":"","astra-migrate-meta-layouts":"default","ast-page-background-enabled":"default","ast-page-background-meta":{"desktop":{"background-color":"var(--ast-global-color-4)","background-image":"","background-repeat":"repeat","background-position":"center center","background-size":"auto","background-attachment":"scroll","background-type":"","background-media":"","overlay-type":"","overlay-color":"","overlay-opacity":"","overlay-gradient":""},"tablet":{"background-color":"","background-image":"","background-repeat":"repeat","background-position":"center center","background-size":"auto","background-attachment":"scroll","background-type":"","background-media":"","overlay-type":"","overlay-color":"","overlay-opacity":"","overlay-gradient":""},"mobile":{"background-color":"","background-image":"","background-repeat":"repeat","background-position":"center center","background-size":"auto","background-attachment":"scroll","background-type":"","background-media":"","overlay-type":"","overlay-color":"","overlay-opacity":"","overlay-gradient":""}},"ast-content-background-meta":{"desktop":{"background-color":"var(--ast-global-color-5)","background-image":"","background-repeat":"repeat","background-position":"center center","background-size":"auto","background-attachment":"scroll","background-type":"","background-media":"","overlay-type":"","overlay-color":"","overlay-opacity":"","overlay-gradient":""},"tablet":{"background-color":"var(--ast-global-color-5)","background-image":"","background-repeat":"repeat","background-position":"center center","background-size":"auto","background-attachment":"scroll","background-type":"","background-media":"","overlay-type":"","overlay-color":"","overlay-opacity":"","overlay-gradient":""},"mobile":{"background-color":"var(--ast-global-color-5)","background-image":"","background-repeat":"repeat","background-position":"center center","background-size":"auto","background-attachment":"scroll","background-type":"","background-media":"","overlay-type":"","overlay-color":"","overlay-opacity":"","overlay-gradient":""}},"footnotes":""},"categories":[24],"tags":[],"class_list":["post-12990","post","type-post","status-publish","format-standard","has-post-thumbnail","hentry","category-saude"],"acf":[],"yoast_head":"<!-- This site is optimized with the Yoast SEO plugin v26.9 - https:\/\/yoast.com\/product\/yoast-seo-wordpress\/ -->\n<title>Mar\u00e7o Azul: a import\u00e2ncia da preven\u00e7\u00e3o do c\u00e2ncer de intestino, uma doen\u00e7a silenciosa e letal - Hospital M\u00e1rcio Cunha<\/title>\n<meta name=\"robots\" content=\"index, follow, max-snippet:-1, max-image-preview:large, max-video-preview:-1\" \/>\n<link rel=\"canonical\" href=\"https:\/\/www.fsfx.com.br\/hospital-marcio-cunha\/marco-azul-a-importancia-da-prevencao-do-cancer-de-intestino-uma-doenca-silenciosa-e-letal\/\" \/>\n<meta property=\"og:locale\" content=\"pt_BR\" \/>\n<meta property=\"og:type\" content=\"article\" \/>\n<meta property=\"og:title\" content=\"Mar\u00e7o Azul: a import\u00e2ncia da preven\u00e7\u00e3o do c\u00e2ncer de intestino, uma doen\u00e7a silenciosa e letal - Hospital M\u00e1rcio Cunha\" \/>\n<meta property=\"og:description\" content=\"O m\u00eas de mar\u00e7o \u00e9 marcado pela campanha Mar\u00e7o Azul, movimento que tem como objetivo conscientizar a popula\u00e7\u00e3o sobre o c\u00e2ncer de intestino, uma doen\u00e7a silenciosa e letal que requer aten\u00e7\u00e3o aos seus sinais e fatores de risco. Segundo dados da Organiza\u00e7\u00e3o Pan-Americana da Sa\u00fade (OPAS), o c\u00e2ncer de intestino est\u00e1 entre os tr\u00eas tumores [&hellip;]\" \/>\n<meta property=\"og:url\" content=\"https:\/\/www.fsfx.com.br\/hospital-marcio-cunha\/marco-azul-a-importancia-da-prevencao-do-cancer-de-intestino-uma-doenca-silenciosa-e-letal\/\" \/>\n<meta property=\"og:site_name\" content=\"Hospital M\u00e1rcio Cunha\" \/>\n<meta property=\"article:published_time\" content=\"2025-03-28T11:46:48+00:00\" \/>\n<meta property=\"og:image\" content=\"https:\/\/www.fsfx.com.br\/hospital-marcio-cunha\/wp-content\/uploads\/sites\/9\/2025\/03\/Dr.-Rodrigo-Lovatti-medico-do-HMC.jpeg\" \/>\n\t<meta property=\"og:image:width\" content=\"1200\" \/>\n\t<meta property=\"og:image:height\" content=\"1599\" \/>\n\t<meta property=\"og:image:type\" content=\"image\/jpeg\" \/>\n<meta name=\"author\" content=\"C\u00e1ssio Santana\" \/>\n<meta name=\"twitter:card\" content=\"summary_large_image\" \/>\n<meta name=\"twitter:label1\" content=\"Escrito por\" \/>\n\t<meta name=\"twitter:data1\" content=\"C\u00e1ssio Santana\" \/>\n\t<meta name=\"twitter:label2\" content=\"Est. tempo de leitura\" \/>\n\t<meta name=\"twitter:data2\" content=\"4 minutos\" \/>\n<script type=\"application\/ld+json\" class=\"yoast-schema-graph\">{\"@context\":\"https:\/\/schema.org\",\"@graph\":[{\"@type\":\"Article\",\"@id\":\"https:\/\/www.fsfx.com.br\/hospital-marcio-cunha\/marco-azul-a-importancia-da-prevencao-do-cancer-de-intestino-uma-doenca-silenciosa-e-letal\/#article\",\"isPartOf\":{\"@id\":\"https:\/\/www.fsfx.com.br\/hospital-marcio-cunha\/marco-azul-a-importancia-da-prevencao-do-cancer-de-intestino-uma-doenca-silenciosa-e-letal\/\"},\"author\":{\"name\":\"C\u00e1ssio Santana\",\"@id\":\"https:\/\/www.fsfx.com.br\/hospital-marcio-cunha\/#\/schema\/person\/6bf2cced2b7a5d5d78f5610fc8f52504\"},\"headline\":\"Mar\u00e7o Azul: a import\u00e2ncia da preven\u00e7\u00e3o do c\u00e2ncer de intestino, uma doen\u00e7a silenciosa e letal\",\"datePublished\":\"2025-03-28T11:46:48+00:00\",\"mainEntityOfPage\":{\"@id\":\"https:\/\/www.fsfx.com.br\/hospital-marcio-cunha\/marco-azul-a-importancia-da-prevencao-do-cancer-de-intestino-uma-doenca-silenciosa-e-letal\/\"},\"wordCount\":639,\"publisher\":{\"@id\":\"https:\/\/www.fsfx.com.br\/hospital-marcio-cunha\/#organization\"},\"image\":{\"@id\":\"https:\/\/www.fsfx.com.br\/hospital-marcio-cunha\/marco-azul-a-importancia-da-prevencao-do-cancer-de-intestino-uma-doenca-silenciosa-e-letal\/#primaryimage\"},\"thumbnailUrl\":\"https:\/\/www.fsfx.com.br\/hospital-marcio-cunha\/wp-content\/uploads\/sites\/9\/2025\/03\/Dr.-Rodrigo-Lovatti-medico-do-HMC.jpeg\",\"articleSection\":[\"Sa\u00fade\"],\"inLanguage\":\"pt-BR\"},{\"@type\":\"WebPage\",\"@id\":\"https:\/\/www.fsfx.com.br\/hospital-marcio-cunha\/marco-azul-a-importancia-da-prevencao-do-cancer-de-intestino-uma-doenca-silenciosa-e-letal\/\",\"url\":\"https:\/\/www.fsfx.com.br\/hospital-marcio-cunha\/marco-azul-a-importancia-da-prevencao-do-cancer-de-intestino-uma-doenca-silenciosa-e-letal\/\",\"name\":\"Mar\u00e7o Azul: a import\u00e2ncia da preven\u00e7\u00e3o do c\u00e2ncer de intestino, uma doen\u00e7a silenciosa e letal - Hospital M\u00e1rcio Cunha\",\"isPartOf\":{\"@id\":\"https:\/\/www.fsfx.com.br\/hospital-marcio-cunha\/#website\"},\"primaryImageOfPage\":{\"@id\":\"https:\/\/www.fsfx.com.br\/hospital-marcio-cunha\/marco-azul-a-importancia-da-prevencao-do-cancer-de-intestino-uma-doenca-silenciosa-e-letal\/#primaryimage\"},\"image\":{\"@id\":\"https:\/\/www.fsfx.com.br\/hospital-marcio-cunha\/marco-azul-a-importancia-da-prevencao-do-cancer-de-intestino-uma-doenca-silenciosa-e-letal\/#primaryimage\"},\"thumbnailUrl\":\"https:\/\/www.fsfx.com.br\/hospital-marcio-cunha\/wp-content\/uploads\/sites\/9\/2025\/03\/Dr.-Rodrigo-Lovatti-medico-do-HMC.jpeg\",\"datePublished\":\"2025-03-28T11:46:48+00:00\",\"breadcrumb\":{\"@id\":\"https:\/\/www.fsfx.com.br\/hospital-marcio-cunha\/marco-azul-a-importancia-da-prevencao-do-cancer-de-intestino-uma-doenca-silenciosa-e-letal\/#breadcrumb\"},\"inLanguage\":\"pt-BR\",\"potentialAction\":[{\"@type\":\"ReadAction\",\"target\":[\"https:\/\/www.fsfx.com.br\/hospital-marcio-cunha\/marco-azul-a-importancia-da-prevencao-do-cancer-de-intestino-uma-doenca-silenciosa-e-letal\/\"]}]},{\"@type\":\"ImageObject\",\"inLanguage\":\"pt-BR\",\"@id\":\"https:\/\/www.fsfx.com.br\/hospital-marcio-cunha\/marco-azul-a-importancia-da-prevencao-do-cancer-de-intestino-uma-doenca-silenciosa-e-letal\/#primaryimage\",\"url\":\"https:\/\/www.fsfx.com.br\/hospital-marcio-cunha\/wp-content\/uploads\/sites\/9\/2025\/03\/Dr.-Rodrigo-Lovatti-medico-do-HMC.jpeg\",\"contentUrl\":\"https:\/\/www.fsfx.com.br\/hospital-marcio-cunha\/wp-content\/uploads\/sites\/9\/2025\/03\/Dr.-Rodrigo-Lovatti-medico-do-HMC.jpeg\",\"width\":1200,\"height\":1599},{\"@type\":\"BreadcrumbList\",\"@id\":\"https:\/\/www.fsfx.com.br\/hospital-marcio-cunha\/marco-azul-a-importancia-da-prevencao-do-cancer-de-intestino-uma-doenca-silenciosa-e-letal\/#breadcrumb\",\"itemListElement\":[{\"@type\":\"ListItem\",\"position\":1,\"name\":\"In\u00edcio\",\"item\":\"https:\/\/www.fsfx.com.br\/hospital-marcio-cunha\/\"},{\"@type\":\"ListItem\",\"position\":2,\"name\":\"Mar\u00e7o Azul: a import\u00e2ncia da preven\u00e7\u00e3o do c\u00e2ncer de intestino, uma doen\u00e7a silenciosa e letal\"}]},{\"@type\":\"WebSite\",\"@id\":\"https:\/\/www.fsfx.com.br\/hospital-marcio-cunha\/#website\",\"url\":\"https:\/\/www.fsfx.com.br\/hospital-marcio-cunha\/\",\"name\":\"Hospital M\u00e1rcio Cunha\",\"description\":\"O Hospital M\u00e1rcio Cunha (HMC) \u00e9 um hospital geral de alta complexidade, com 558 leitos e tr\u00eas unidades, sendo uma unidade exclusiva para o tratamento oncol\u00f3gico.\",\"publisher\":{\"@id\":\"https:\/\/www.fsfx.com.br\/hospital-marcio-cunha\/#organization\"},\"potentialAction\":[{\"@type\":\"SearchAction\",\"target\":{\"@type\":\"EntryPoint\",\"urlTemplate\":\"https:\/\/www.fsfx.com.br\/hospital-marcio-cunha\/?s={search_term_string}\"},\"query-input\":{\"@type\":\"PropertyValueSpecification\",\"valueRequired\":true,\"valueName\":\"search_term_string\"}}],\"inLanguage\":\"pt-BR\"},{\"@type\":\"Organization\",\"@id\":\"https:\/\/www.fsfx.com.br\/hospital-marcio-cunha\/#organization\",\"name\":\"HMC - Hospital M\u00e1rcio Cunha\",\"url\":\"https:\/\/www.fsfx.com.br\/hospital-marcio-cunha\/\",\"logo\":{\"@type\":\"ImageObject\",\"inLanguage\":\"pt-BR\",\"@id\":\"https:\/\/www.fsfx.com.br\/hospital-marcio-cunha\/#\/schema\/logo\/image\/\",\"url\":\"https:\/\/www.fsfx.com.br\/hospital-marcio-cunha\/wp-content\/uploads\/sites\/9\/2022\/04\/logo-hmc-color.png\",\"contentUrl\":\"https:\/\/www.fsfx.com.br\/hospital-marcio-cunha\/wp-content\/uploads\/sites\/9\/2022\/04\/logo-hmc-color.png\",\"width\":264,\"height\":59,\"caption\":\"HMC - Hospital M\u00e1rcio Cunha\"},\"image\":{\"@id\":\"https:\/\/www.fsfx.com.br\/hospital-marcio-cunha\/#\/schema\/logo\/image\/\"}},{\"@type\":\"Person\",\"@id\":\"https:\/\/www.fsfx.com.br\/hospital-marcio-cunha\/#\/schema\/person\/6bf2cced2b7a5d5d78f5610fc8f52504\",\"name\":\"C\u00e1ssio Santana\",\"image\":{\"@type\":\"ImageObject\",\"inLanguage\":\"pt-BR\",\"@id\":\"https:\/\/www.fsfx.com.br\/hospital-marcio-cunha\/#\/schema\/person\/image\/\",\"url\":\"https:\/\/secure.gravatar.com\/avatar\/ef79739de3edd2f5c2e7c4930b0808c62af99fc5520eaadc7899948f8bc6d2e1?s=96&d=mm&r=g\",\"contentUrl\":\"https:\/\/secure.gravatar.com\/avatar\/ef79739de3edd2f5c2e7c4930b0808c62af99fc5520eaadc7899948f8bc6d2e1?s=96&d=mm&r=g\",\"caption\":\"C\u00e1ssio Santana\"},\"url\":\"https:\/\/www.fsfx.com.br\/hospital-marcio-cunha\/author\/cassio\/\"}]}<\/script>\n<!-- \/ Yoast SEO plugin. -->","yoast_head_json":{"title":"Mar\u00e7o Azul: a import\u00e2ncia da preven\u00e7\u00e3o do c\u00e2ncer de intestino, uma doen\u00e7a silenciosa e letal - Hospital M\u00e1rcio Cunha","robots":{"index":"index","follow":"follow","max-snippet":"max-snippet:-1","max-image-preview":"max-image-preview:large","max-video-preview":"max-video-preview:-1"},"canonical":"https:\/\/www.fsfx.com.br\/hospital-marcio-cunha\/marco-azul-a-importancia-da-prevencao-do-cancer-de-intestino-uma-doenca-silenciosa-e-letal\/","og_locale":"pt_BR","og_type":"article","og_title":"Mar\u00e7o Azul: a import\u00e2ncia da preven\u00e7\u00e3o do c\u00e2ncer de intestino, uma doen\u00e7a silenciosa e letal - Hospital M\u00e1rcio Cunha","og_description":"O m\u00eas de mar\u00e7o \u00e9 marcado pela campanha Mar\u00e7o Azul, movimento que tem como objetivo conscientizar a popula\u00e7\u00e3o sobre o c\u00e2ncer de intestino, uma doen\u00e7a silenciosa e letal que requer aten\u00e7\u00e3o aos seus sinais e fatores de risco. Segundo dados da Organiza\u00e7\u00e3o Pan-Americana da Sa\u00fade (OPAS), o c\u00e2ncer de intestino est\u00e1 entre os tr\u00eas tumores [&hellip;]","og_url":"https:\/\/www.fsfx.com.br\/hospital-marcio-cunha\/marco-azul-a-importancia-da-prevencao-do-cancer-de-intestino-uma-doenca-silenciosa-e-letal\/","og_site_name":"Hospital M\u00e1rcio Cunha","article_published_time":"2025-03-28T11:46:48+00:00","og_image":[{"width":1200,"height":1599,"url":"https:\/\/www.fsfx.com.br\/hospital-marcio-cunha\/wp-content\/uploads\/sites\/9\/2025\/03\/Dr.-Rodrigo-Lovatti-medico-do-HMC.jpeg","type":"image\/jpeg"}],"author":"C\u00e1ssio Santana","twitter_card":"summary_large_image","twitter_misc":{"Escrito por":"C\u00e1ssio Santana","Est. tempo de leitura":"4 minutos"},"schema":{"@context":"https:\/\/schema.org","@graph":[{"@type":"Article","@id":"https:\/\/www.fsfx.com.br\/hospital-marcio-cunha\/marco-azul-a-importancia-da-prevencao-do-cancer-de-intestino-uma-doenca-silenciosa-e-letal\/#article","isPartOf":{"@id":"https:\/\/www.fsfx.com.br\/hospital-marcio-cunha\/marco-azul-a-importancia-da-prevencao-do-cancer-de-intestino-uma-doenca-silenciosa-e-letal\/"},"author":{"name":"C\u00e1ssio Santana","@id":"https:\/\/www.fsfx.com.br\/hospital-marcio-cunha\/#\/schema\/person\/6bf2cced2b7a5d5d78f5610fc8f52504"},"headline":"Mar\u00e7o Azul: a import\u00e2ncia da preven\u00e7\u00e3o do c\u00e2ncer de intestino, uma doen\u00e7a silenciosa e letal","datePublished":"2025-03-28T11:46:48+00:00","mainEntityOfPage":{"@id":"https:\/\/www.fsfx.com.br\/hospital-marcio-cunha\/marco-azul-a-importancia-da-prevencao-do-cancer-de-intestino-uma-doenca-silenciosa-e-letal\/"},"wordCount":639,"publisher":{"@id":"https:\/\/www.fsfx.com.br\/hospital-marcio-cunha\/#organization"},"image":{"@id":"https:\/\/www.fsfx.com.br\/hospital-marcio-cunha\/marco-azul-a-importancia-da-prevencao-do-cancer-de-intestino-uma-doenca-silenciosa-e-letal\/#primaryimage"},"thumbnailUrl":"https:\/\/www.fsfx.com.br\/hospital-marcio-cunha\/wp-content\/uploads\/sites\/9\/2025\/03\/Dr.-Rodrigo-Lovatti-medico-do-HMC.jpeg","articleSection":["Sa\u00fade"],"inLanguage":"pt-BR"},{"@type":"WebPage","@id":"https:\/\/www.fsfx.com.br\/hospital-marcio-cunha\/marco-azul-a-importancia-da-prevencao-do-cancer-de-intestino-uma-doenca-silenciosa-e-letal\/","url":"https:\/\/www.fsfx.com.br\/hospital-marcio-cunha\/marco-azul-a-importancia-da-prevencao-do-cancer-de-intestino-uma-doenca-silenciosa-e-letal\/","name":"Mar\u00e7o Azul: a import\u00e2ncia da preven\u00e7\u00e3o do c\u00e2ncer de intestino, uma doen\u00e7a silenciosa e letal - Hospital M\u00e1rcio Cunha","isPartOf":{"@id":"https:\/\/www.fsfx.com.br\/hospital-marcio-cunha\/#website"},"primaryImageOfPage":{"@id":"https:\/\/www.fsfx.com.br\/hospital-marcio-cunha\/marco-azul-a-importancia-da-prevencao-do-cancer-de-intestino-uma-doenca-silenciosa-e-letal\/#primaryimage"},"image":{"@id":"https:\/\/www.fsfx.com.br\/hospital-marcio-cunha\/marco-azul-a-importancia-da-prevencao-do-cancer-de-intestino-uma-doenca-silenciosa-e-letal\/#primaryimage"},"thumbnailUrl":"https:\/\/www.fsfx.com.br\/hospital-marcio-cunha\/wp-content\/uploads\/sites\/9\/2025\/03\/Dr.-Rodrigo-Lovatti-medico-do-HMC.jpeg","datePublished":"2025-03-28T11:46:48+00:00","breadcrumb":{"@id":"https:\/\/www.fsfx.com.br\/hospital-marcio-cunha\/marco-azul-a-importancia-da-prevencao-do-cancer-de-intestino-uma-doenca-silenciosa-e-letal\/#breadcrumb"},"inLanguage":"pt-BR","potentialAction":[{"@type":"ReadAction","target":["https:\/\/www.fsfx.com.br\/hospital-marcio-cunha\/marco-azul-a-importancia-da-prevencao-do-cancer-de-intestino-uma-doenca-silenciosa-e-letal\/"]}]},{"@type":"ImageObject","inLanguage":"pt-BR","@id":"https:\/\/www.fsfx.com.br\/hospital-marcio-cunha\/marco-azul-a-importancia-da-prevencao-do-cancer-de-intestino-uma-doenca-silenciosa-e-letal\/#primaryimage","url":"https:\/\/www.fsfx.com.br\/hospital-marcio-cunha\/wp-content\/uploads\/sites\/9\/2025\/03\/Dr.-Rodrigo-Lovatti-medico-do-HMC.jpeg","contentUrl":"https:\/\/www.fsfx.com.br\/hospital-marcio-cunha\/wp-content\/uploads\/sites\/9\/2025\/03\/Dr.-Rodrigo-Lovatti-medico-do-HMC.jpeg","width":1200,"height":1599},{"@type":"BreadcrumbList","@id":"https:\/\/www.fsfx.com.br\/hospital-marcio-cunha\/marco-azul-a-importancia-da-prevencao-do-cancer-de-intestino-uma-doenca-silenciosa-e-letal\/#breadcrumb","itemListElement":[{"@type":"ListItem","position":1,"name":"In\u00edcio","item":"https:\/\/www.fsfx.com.br\/hospital-marcio-cunha\/"},{"@type":"ListItem","position":2,"name":"Mar\u00e7o Azul: a import\u00e2ncia da preven\u00e7\u00e3o do c\u00e2ncer de intestino, uma doen\u00e7a silenciosa e letal"}]},{"@type":"WebSite","@id":"https:\/\/www.fsfx.com.br\/hospital-marcio-cunha\/#website","url":"https:\/\/www.fsfx.com.br\/hospital-marcio-cunha\/","name":"Hospital M\u00e1rcio Cunha","description":"O Hospital M\u00e1rcio Cunha (HMC) \u00e9 um hospital geral de alta complexidade, com 558 leitos e tr\u00eas unidades, sendo uma unidade exclusiva para o tratamento oncol\u00f3gico.","publisher":{"@id":"https:\/\/www.fsfx.com.br\/hospital-marcio-cunha\/#organization"},"potentialAction":[{"@type":"SearchAction","target":{"@type":"EntryPoint","urlTemplate":"https:\/\/www.fsfx.com.br\/hospital-marcio-cunha\/?s={search_term_string}"},"query-input":{"@type":"PropertyValueSpecification","valueRequired":true,"valueName":"search_term_string"}}],"inLanguage":"pt-BR"},{"@type":"Organization","@id":"https:\/\/www.fsfx.com.br\/hospital-marcio-cunha\/#organization","name":"HMC - Hospital M\u00e1rcio Cunha","url":"https:\/\/www.fsfx.com.br\/hospital-marcio-cunha\/","logo":{"@type":"ImageObject","inLanguage":"pt-BR","@id":"https:\/\/www.fsfx.com.br\/hospital-marcio-cunha\/#\/schema\/logo\/image\/","url":"https:\/\/www.fsfx.com.br\/hospital-marcio-cunha\/wp-content\/uploads\/sites\/9\/2022\/04\/logo-hmc-color.png","contentUrl":"https:\/\/www.fsfx.com.br\/hospital-marcio-cunha\/wp-content\/uploads\/sites\/9\/2022\/04\/logo-hmc-color.png","width":264,"height":59,"caption":"HMC - Hospital M\u00e1rcio Cunha"},"image":{"@id":"https:\/\/www.fsfx.com.br\/hospital-marcio-cunha\/#\/schema\/logo\/image\/"}},{"@type":"Person","@id":"https:\/\/www.fsfx.com.br\/hospital-marcio-cunha\/#\/schema\/person\/6bf2cced2b7a5d5d78f5610fc8f52504","name":"C\u00e1ssio Santana","image":{"@type":"ImageObject","inLanguage":"pt-BR","@id":"https:\/\/www.fsfx.com.br\/hospital-marcio-cunha\/#\/schema\/person\/image\/","url":"https:\/\/secure.gravatar.com\/avatar\/ef79739de3edd2f5c2e7c4930b0808c62af99fc5520eaadc7899948f8bc6d2e1?s=96&d=mm&r=g","contentUrl":"https:\/\/secure.gravatar.com\/avatar\/ef79739de3edd2f5c2e7c4930b0808c62af99fc5520eaadc7899948f8bc6d2e1?s=96&d=mm&r=g","caption":"C\u00e1ssio Santana"},"url":"https:\/\/www.fsfx.com.br\/hospital-marcio-cunha\/author\/cassio\/"}]}},"_links":{"self":[{"href":"https:\/\/www.fsfx.com.br\/hospital-marcio-cunha\/wp-json\/wp\/v2\/posts\/12990","targetHints":{"allow":["GET"]}}],"collection":[{"href":"https:\/\/www.fsfx.com.br\/hospital-marcio-cunha\/wp-json\/wp\/v2\/posts"}],"about":[{"href":"https:\/\/www.fsfx.com.br\/hospital-marcio-cunha\/wp-json\/wp\/v2\/types\/post"}],"author":[{"embeddable":true,"href":"https:\/\/www.fsfx.com.br\/hospital-marcio-cunha\/wp-json\/wp\/v2\/users\/6"}],"replies":[{"embeddable":true,"href":"https:\/\/www.fsfx.com.br\/hospital-marcio-cunha\/wp-json\/wp\/v2\/comments?post=12990"}],"version-history":[{"count":1,"href":"https:\/\/www.fsfx.com.br\/hospital-marcio-cunha\/wp-json\/wp\/v2\/posts\/12990\/revisions"}],"predecessor-version":[{"id":12992,"href":"https:\/\/www.fsfx.com.br\/hospital-marcio-cunha\/wp-json\/wp\/v2\/posts\/12990\/revisions\/12992"}],"wp:featuredmedia":[{"embeddable":true,"href":"https:\/\/www.fsfx.com.br\/hospital-marcio-cunha\/wp-json\/wp\/v2\/media\/12991"}],"wp:attachment":[{"href":"https:\/\/www.fsfx.com.br\/hospital-marcio-cunha\/wp-json\/wp\/v2\/media?parent=12990"}],"wp:term":[{"taxonomy":"category","embeddable":true,"href":"https:\/\/www.fsfx.com.br\/hospital-marcio-cunha\/wp-json\/wp\/v2\/categories?post=12990"},{"taxonomy":"post_tag","embeddable":true,"href":"https:\/\/www.fsfx.com.br\/hospital-marcio-cunha\/wp-json\/wp\/v2\/tags?post=12990"}],"curies":[{"name":"wp","href":"https:\/\/api.w.org\/{rel}","templated":true}]}}