{"id":13050,"date":"2025-04-07T12:40:40","date_gmt":"2025-04-07T15:40:40","guid":{"rendered":"https:\/\/www.fsfx.com.br\/hospital-marcio-cunha\/?p=13050"},"modified":"2025-04-07T12:40:40","modified_gmt":"2025-04-07T15:40:40","slug":"dia-mundial-da-saude-cuidar-do-corpo-da-mente-e-do-espirito","status":"publish","type":"post","link":"https:\/\/www.fsfx.com.br\/hospital-marcio-cunha\/dia-mundial-da-saude-cuidar-do-corpo-da-mente-e-do-espirito\/","title":{"rendered":"Dia Mundial da Sa\u00fade: cuidar do corpo, da mente e do esp\u00edrito"},"content":{"rendered":"<p>No dia 7 de abril, o mundo celebra o Dia Mundial da Sa\u00fade, uma data destinada a conscientizar a popula\u00e7\u00e3o sobre a import\u00e2ncia do bem-estar e da qualidade de vida. Mas o que significa, de fato, estar saud\u00e1vel? De acordo com a Organiza\u00e7\u00e3o Mundial da Sa\u00fade (OMS), sa\u00fade \u00e9 um estado de completo bem-estar f\u00edsico, mental e social. Para esclarecer esse conceito e destacar os cuidados essenciais que devemos ter, os m\u00e9dicos Rodrigo Lovatti, gastroenterologista e hepatologista, e Jamille Salles, cardiologista e m\u00e9dica da fam\u00edlia e comunidade, ambos do Hospital M\u00e1rcio Cunha, compartilham informa\u00e7\u00f5es valiosas sobre o tema.<\/p>\n<p><img fetchpriority=\"high\" decoding=\"async\" class=\" wp-image-20152 alignleft\" src=\"https:\/\/www.fsfx.com.br\/wp-content\/uploads\/2025\/04\/Dra.-Jamille-Sales-e-Dr.-Rodrigo-Lovati-medicos-do-Hospital-Marcio-Cunha-300x225.jpeg\" alt=\"\" width=\"507\" height=\"380\" \/>Segundo o m\u00e9dico Rodrigo Lovatti, estar saud\u00e1vel vai muito al\u00e9m da simples aus\u00eancia de doen\u00e7as. \u201cUm conceito muito bem definido pela OMS \u00e9 que a sa\u00fade \u00e9 um completo bem-estar f\u00edsico, mental e social, al\u00e9m da aus\u00eancia de doen\u00e7as. A melhor forma de cuidarmos bem da nossa sa\u00fade \u00e9 dormindo bem, se alimentando bem, tendo um bom c\u00edrculo de amizades, fazendo exerc\u00edcios f\u00edsicos, tendo uma boa qualidade de vida. Sa\u00fade \u00e9 um conceito muito amplo\u201d, afirma o especialista.<\/p>\n<p>A m\u00e9dica Jamille destaca que a manuten\u00e7\u00e3o desse equil\u00edbrio requer a ado\u00e7\u00e3o de h\u00e1bitos saud\u00e1veis e em especial a atividade f\u00edsica. \u201cEu, como cardiologista, n\u00e3o posso deixar de recomendar a atividade f\u00edsica, principalmente supervisionada, ap\u00f3s a realiza\u00e7\u00e3o de exames, aliada a uma dieta saud\u00e1vel. S\u00e3o a base para qualquer pessoa ter sa\u00fade, independente da presen\u00e7a de doen\u00e7as ou n\u00e3o, importante para vivermos em harmonia e, consequentemente, ter uma vida saud\u00e1vel\u201d.<\/p>\n<p>Segundo a Organiza\u00e7\u00e3o Mundial de Sa\u00fade (OMS), praticar atividades f\u00edsicas regularmente \u00e9 fundamental para prevenir e tratar doen\u00e7as como infarto, hipertens\u00e3o,\u00a0diabetes e outras. A OMS recomenda, ainda, que adultos fa\u00e7am atividade f\u00edsica moderada de 150 a 300 minutos, ou de 75 a 150 minutos de atividade f\u00edsica intensa, por semana, quando n\u00e3o houver contraindica\u00e7\u00e3o. No entanto, para pessoas sedent\u00e1rias a orienta\u00e7\u00e3o m\u00e9dica \u00e9 incluir a atividade f\u00edsica na rotina gradualmente.<\/p>\n<p>O Dia Mundial da Sa\u00fade \u00e9 uma data importante para a reflex\u00e3o sobre a ado\u00e7\u00e3o de h\u00e1bitos e de cuidados que proporcionem sa\u00fade e qualidade de vida \u00e0 popula\u00e7\u00e3o. Manter o acompanhamento cl\u00ednico regular, fazer atividades f\u00edsicas com frequ\u00eancia, ter uma alimenta\u00e7\u00e3o equilibrada e tratar doen\u00e7as cr\u00f4nicas s\u00e3o a\u00e7\u00f5es importantes para evitar o surgimento ou mesmo o agravamento de problemas de sa\u00fade.<\/p>\n<p>Segundo a Dra. Jamille, as doen\u00e7as mais prevalentes no Brasil s\u00e3o a hipertens\u00e3o arterial, o diabetes, a dislipidemia (colesterol alto) e a s\u00edndrome metab\u00f3lica. Essas condi\u00e7\u00f5es aumentam os riscos de doen\u00e7as cardiovasculares, como infarto e AVC, que s\u00e3o respons\u00e1veis por grande parte das mortes no pa\u00eds. J\u00e1 o gastroenterologista Dr. Rodrigo Lovatti chama aten\u00e7\u00e3o para o c\u00e2ncer de intestino, que \u00e9 uma das principais causas de morte por c\u00e2ncer no Brasil. Ele tamb\u00e9m destaca a preocupa\u00e7\u00e3o com o sobrepeso e a obesidade, que afetam cerca de 66% da popula\u00e7\u00e3o brasileira e est\u00e3o diretamente relacionados a problemas cardiovasculares.<\/p>\n<p>Para finalizar, Dr Rodrigo ressalta que uma dieta saud\u00e1vel, a pr\u00e1tica de atividade f\u00edsica principalmente supervisionada, ter um bom c\u00edrculo de relacionamentos, dormir bem, ter uma vida espiritual ajustada s\u00e3o fundamentais para ter sa\u00fade. Cuidar da sa\u00fade f\u00edsica, mental e espiritual.<\/p>\n","protected":false},"excerpt":{"rendered":"<p>No dia 7 de abril, o mundo celebra o Dia Mundial da Sa\u00fade, uma data destinada a conscientizar a popula\u00e7\u00e3o sobre a import\u00e2ncia do bem-estar e da qualidade de vida. Mas o que significa, de fato, estar saud\u00e1vel? De acordo com a Organiza\u00e7\u00e3o Mundial da Sa\u00fade (OMS), sa\u00fade \u00e9 um estado de completo bem-estar f\u00edsico, [&hellip;]<\/p>\n","protected":false},"author":6,"featured_media":13051,"comment_status":"closed","ping_status":"closed","sticky":false,"template":"","format":"standard","meta":{"_acf_changed":false,"site-sidebar-layout":"default","site-content-layout":"","ast-site-content-layout":"default","site-content-style":"default","site-sidebar-style":"default","ast-global-header-display":"","ast-banner-title-visibility":"","ast-main-header-display":"","ast-hfb-above-header-display":"","ast-hfb-below-header-display":"","ast-hfb-mobile-header-display":"","site-post-title":"","ast-breadcrumbs-content":"","ast-featured-img":"","footer-sml-layout":"","theme-transparent-header-meta":"","adv-header-id-meta":"","stick-header-meta":"","header-above-stick-meta":"","header-main-stick-meta":"","header-below-stick-meta":"","astra-migrate-meta-layouts":"default","ast-page-background-enabled":"default","ast-page-background-meta":{"desktop":{"background-color":"var(--ast-global-color-4)","background-image":"","background-repeat":"repeat","background-position":"center center","background-size":"auto","background-attachment":"scroll","background-type":"","background-media":"","overlay-type":"","overlay-color":"","overlay-opacity":"","overlay-gradient":""},"tablet":{"background-color":"","background-image":"","background-repeat":"repeat","background-position":"center center","background-size":"auto","background-attachment":"scroll","background-type":"","background-media":"","overlay-type":"","overlay-color":"","overlay-opacity":"","overlay-gradient":""},"mobile":{"background-color":"","background-image":"","background-repeat":"repeat","background-position":"center center","background-size":"auto","background-attachment":"scroll","background-type":"","background-media":"","overlay-type":"","overlay-color":"","overlay-opacity":"","overlay-gradient":""}},"ast-content-background-meta":{"desktop":{"background-color":"var(--ast-global-color-5)","background-image":"","background-repeat":"repeat","background-position":"center center","background-size":"auto","background-attachment":"scroll","background-type":"","background-media":"","overlay-type":"","overlay-color":"","overlay-opacity":"","overlay-gradient":""},"tablet":{"background-color":"var(--ast-global-color-5)","background-image":"","background-repeat":"repeat","background-position":"center center","background-size":"auto","background-attachment":"scroll","background-type":"","background-media":"","overlay-type":"","overlay-color":"","overlay-opacity":"","overlay-gradient":""},"mobile":{"background-color":"var(--ast-global-color-5)","background-image":"","background-repeat":"repeat","background-position":"center center","background-size":"auto","background-attachment":"scroll","background-type":"","background-media":"","overlay-type":"","overlay-color":"","overlay-opacity":"","overlay-gradient":""}},"footnotes":""},"categories":[24],"tags":[],"class_list":["post-13050","post","type-post","status-publish","format-standard","has-post-thumbnail","hentry","category-saude"],"acf":[],"yoast_head":"<!-- This site is optimized with the Yoast SEO plugin v26.9 - https:\/\/yoast.com\/product\/yoast-seo-wordpress\/ -->\n<title>Dia Mundial da Sa\u00fade: cuidar do corpo, da mente e do esp\u00edrito - Hospital M\u00e1rcio Cunha<\/title>\n<meta name=\"robots\" content=\"index, follow, max-snippet:-1, max-image-preview:large, max-video-preview:-1\" \/>\n<link rel=\"canonical\" href=\"https:\/\/www.fsfx.com.br\/hospital-marcio-cunha\/dia-mundial-da-saude-cuidar-do-corpo-da-mente-e-do-espirito\/\" \/>\n<meta property=\"og:locale\" content=\"pt_BR\" \/>\n<meta property=\"og:type\" content=\"article\" \/>\n<meta property=\"og:title\" content=\"Dia Mundial da Sa\u00fade: cuidar do corpo, da mente e do esp\u00edrito - Hospital M\u00e1rcio Cunha\" \/>\n<meta property=\"og:description\" content=\"No dia 7 de abril, o mundo celebra o Dia Mundial da Sa\u00fade, uma data destinada a conscientizar a popula\u00e7\u00e3o sobre a import\u00e2ncia do bem-estar e da qualidade de vida. Mas o que significa, de fato, estar saud\u00e1vel? De acordo com a Organiza\u00e7\u00e3o Mundial da Sa\u00fade (OMS), sa\u00fade \u00e9 um estado de completo bem-estar f\u00edsico, [&hellip;]\" \/>\n<meta property=\"og:url\" content=\"https:\/\/www.fsfx.com.br\/hospital-marcio-cunha\/dia-mundial-da-saude-cuidar-do-corpo-da-mente-e-do-espirito\/\" \/>\n<meta property=\"og:site_name\" content=\"Hospital M\u00e1rcio Cunha\" \/>\n<meta property=\"article:published_time\" content=\"2025-04-07T15:40:40+00:00\" \/>\n<meta property=\"og:image\" content=\"https:\/\/www.fsfx.com.br\/hospital-marcio-cunha\/wp-content\/uploads\/sites\/9\/2025\/04\/Dra.-Jamille-Sales-e-Dr.-Rodrigo-Lovati-medicos-do-Hospital-Marcio-Cunha.jpeg\" \/>\n\t<meta property=\"og:image:width\" content=\"1920\" \/>\n\t<meta property=\"og:image:height\" content=\"1440\" \/>\n\t<meta property=\"og:image:type\" content=\"image\/jpeg\" \/>\n<meta name=\"author\" content=\"C\u00e1ssio Santana\" \/>\n<meta name=\"twitter:card\" content=\"summary_large_image\" \/>\n<meta name=\"twitter:label1\" content=\"Escrito por\" \/>\n\t<meta name=\"twitter:data1\" content=\"C\u00e1ssio Santana\" \/>\n\t<meta name=\"twitter:label2\" content=\"Est. tempo de leitura\" \/>\n\t<meta name=\"twitter:data2\" content=\"4 minutos\" \/>\n<script type=\"application\/ld+json\" class=\"yoast-schema-graph\">{\"@context\":\"https:\/\/schema.org\",\"@graph\":[{\"@type\":\"Article\",\"@id\":\"https:\/\/www.fsfx.com.br\/hospital-marcio-cunha\/dia-mundial-da-saude-cuidar-do-corpo-da-mente-e-do-espirito\/#article\",\"isPartOf\":{\"@id\":\"https:\/\/www.fsfx.com.br\/hospital-marcio-cunha\/dia-mundial-da-saude-cuidar-do-corpo-da-mente-e-do-espirito\/\"},\"author\":{\"name\":\"C\u00e1ssio Santana\",\"@id\":\"https:\/\/www.fsfx.com.br\/hospital-marcio-cunha\/#\/schema\/person\/6bf2cced2b7a5d5d78f5610fc8f52504\"},\"headline\":\"Dia Mundial da Sa\u00fade: cuidar do corpo, da mente e do esp\u00edrito\",\"datePublished\":\"2025-04-07T15:40:40+00:00\",\"mainEntityOfPage\":{\"@id\":\"https:\/\/www.fsfx.com.br\/hospital-marcio-cunha\/dia-mundial-da-saude-cuidar-do-corpo-da-mente-e-do-espirito\/\"},\"wordCount\":615,\"publisher\":{\"@id\":\"https:\/\/www.fsfx.com.br\/hospital-marcio-cunha\/#organization\"},\"image\":{\"@id\":\"https:\/\/www.fsfx.com.br\/hospital-marcio-cunha\/dia-mundial-da-saude-cuidar-do-corpo-da-mente-e-do-espirito\/#primaryimage\"},\"thumbnailUrl\":\"https:\/\/www.fsfx.com.br\/hospital-marcio-cunha\/wp-content\/uploads\/sites\/9\/2025\/04\/Dra.-Jamille-Sales-e-Dr.-Rodrigo-Lovati-medicos-do-Hospital-Marcio-Cunha.jpeg\",\"articleSection\":[\"Sa\u00fade\"],\"inLanguage\":\"pt-BR\"},{\"@type\":\"WebPage\",\"@id\":\"https:\/\/www.fsfx.com.br\/hospital-marcio-cunha\/dia-mundial-da-saude-cuidar-do-corpo-da-mente-e-do-espirito\/\",\"url\":\"https:\/\/www.fsfx.com.br\/hospital-marcio-cunha\/dia-mundial-da-saude-cuidar-do-corpo-da-mente-e-do-espirito\/\",\"name\":\"Dia Mundial da Sa\u00fade: cuidar do corpo, da mente e do esp\u00edrito - Hospital M\u00e1rcio Cunha\",\"isPartOf\":{\"@id\":\"https:\/\/www.fsfx.com.br\/hospital-marcio-cunha\/#website\"},\"primaryImageOfPage\":{\"@id\":\"https:\/\/www.fsfx.com.br\/hospital-marcio-cunha\/dia-mundial-da-saude-cuidar-do-corpo-da-mente-e-do-espirito\/#primaryimage\"},\"image\":{\"@id\":\"https:\/\/www.fsfx.com.br\/hospital-marcio-cunha\/dia-mundial-da-saude-cuidar-do-corpo-da-mente-e-do-espirito\/#primaryimage\"},\"thumbnailUrl\":\"https:\/\/www.fsfx.com.br\/hospital-marcio-cunha\/wp-content\/uploads\/sites\/9\/2025\/04\/Dra.-Jamille-Sales-e-Dr.-Rodrigo-Lovati-medicos-do-Hospital-Marcio-Cunha.jpeg\",\"datePublished\":\"2025-04-07T15:40:40+00:00\",\"breadcrumb\":{\"@id\":\"https:\/\/www.fsfx.com.br\/hospital-marcio-cunha\/dia-mundial-da-saude-cuidar-do-corpo-da-mente-e-do-espirito\/#breadcrumb\"},\"inLanguage\":\"pt-BR\",\"potentialAction\":[{\"@type\":\"ReadAction\",\"target\":[\"https:\/\/www.fsfx.com.br\/hospital-marcio-cunha\/dia-mundial-da-saude-cuidar-do-corpo-da-mente-e-do-espirito\/\"]}]},{\"@type\":\"ImageObject\",\"inLanguage\":\"pt-BR\",\"@id\":\"https:\/\/www.fsfx.com.br\/hospital-marcio-cunha\/dia-mundial-da-saude-cuidar-do-corpo-da-mente-e-do-espirito\/#primaryimage\",\"url\":\"https:\/\/www.fsfx.com.br\/hospital-marcio-cunha\/wp-content\/uploads\/sites\/9\/2025\/04\/Dra.-Jamille-Sales-e-Dr.-Rodrigo-Lovati-medicos-do-Hospital-Marcio-Cunha.jpeg\",\"contentUrl\":\"https:\/\/www.fsfx.com.br\/hospital-marcio-cunha\/wp-content\/uploads\/sites\/9\/2025\/04\/Dra.-Jamille-Sales-e-Dr.-Rodrigo-Lovati-medicos-do-Hospital-Marcio-Cunha.jpeg\",\"width\":1920,\"height\":1440},{\"@type\":\"BreadcrumbList\",\"@id\":\"https:\/\/www.fsfx.com.br\/hospital-marcio-cunha\/dia-mundial-da-saude-cuidar-do-corpo-da-mente-e-do-espirito\/#breadcrumb\",\"itemListElement\":[{\"@type\":\"ListItem\",\"position\":1,\"name\":\"In\u00edcio\",\"item\":\"https:\/\/www.fsfx.com.br\/hospital-marcio-cunha\/\"},{\"@type\":\"ListItem\",\"position\":2,\"name\":\"Dia Mundial da Sa\u00fade: cuidar do corpo, da mente e do esp\u00edrito\"}]},{\"@type\":\"WebSite\",\"@id\":\"https:\/\/www.fsfx.com.br\/hospital-marcio-cunha\/#website\",\"url\":\"https:\/\/www.fsfx.com.br\/hospital-marcio-cunha\/\",\"name\":\"Hospital M\u00e1rcio Cunha\",\"description\":\"O Hospital M\u00e1rcio Cunha (HMC) \u00e9 um hospital geral de alta complexidade, com 558 leitos e tr\u00eas unidades, sendo uma unidade exclusiva para o tratamento oncol\u00f3gico.\",\"publisher\":{\"@id\":\"https:\/\/www.fsfx.com.br\/hospital-marcio-cunha\/#organization\"},\"potentialAction\":[{\"@type\":\"SearchAction\",\"target\":{\"@type\":\"EntryPoint\",\"urlTemplate\":\"https:\/\/www.fsfx.com.br\/hospital-marcio-cunha\/?s={search_term_string}\"},\"query-input\":{\"@type\":\"PropertyValueSpecification\",\"valueRequired\":true,\"valueName\":\"search_term_string\"}}],\"inLanguage\":\"pt-BR\"},{\"@type\":\"Organization\",\"@id\":\"https:\/\/www.fsfx.com.br\/hospital-marcio-cunha\/#organization\",\"name\":\"HMC - Hospital M\u00e1rcio Cunha\",\"url\":\"https:\/\/www.fsfx.com.br\/hospital-marcio-cunha\/\",\"logo\":{\"@type\":\"ImageObject\",\"inLanguage\":\"pt-BR\",\"@id\":\"https:\/\/www.fsfx.com.br\/hospital-marcio-cunha\/#\/schema\/logo\/image\/\",\"url\":\"https:\/\/www.fsfx.com.br\/hospital-marcio-cunha\/wp-content\/uploads\/sites\/9\/2022\/04\/logo-hmc-color.png\",\"contentUrl\":\"https:\/\/www.fsfx.com.br\/hospital-marcio-cunha\/wp-content\/uploads\/sites\/9\/2022\/04\/logo-hmc-color.png\",\"width\":264,\"height\":59,\"caption\":\"HMC - Hospital M\u00e1rcio Cunha\"},\"image\":{\"@id\":\"https:\/\/www.fsfx.com.br\/hospital-marcio-cunha\/#\/schema\/logo\/image\/\"}},{\"@type\":\"Person\",\"@id\":\"https:\/\/www.fsfx.com.br\/hospital-marcio-cunha\/#\/schema\/person\/6bf2cced2b7a5d5d78f5610fc8f52504\",\"name\":\"C\u00e1ssio Santana\",\"image\":{\"@type\":\"ImageObject\",\"inLanguage\":\"pt-BR\",\"@id\":\"https:\/\/www.fsfx.com.br\/hospital-marcio-cunha\/#\/schema\/person\/image\/\",\"url\":\"https:\/\/secure.gravatar.com\/avatar\/ef79739de3edd2f5c2e7c4930b0808c62af99fc5520eaadc7899948f8bc6d2e1?s=96&d=mm&r=g\",\"contentUrl\":\"https:\/\/secure.gravatar.com\/avatar\/ef79739de3edd2f5c2e7c4930b0808c62af99fc5520eaadc7899948f8bc6d2e1?s=96&d=mm&r=g\",\"caption\":\"C\u00e1ssio Santana\"},\"url\":\"https:\/\/www.fsfx.com.br\/hospital-marcio-cunha\/author\/cassio\/\"}]}<\/script>\n<!-- \/ Yoast SEO plugin. -->","yoast_head_json":{"title":"Dia Mundial da Sa\u00fade: cuidar do corpo, da mente e do esp\u00edrito - Hospital M\u00e1rcio Cunha","robots":{"index":"index","follow":"follow","max-snippet":"max-snippet:-1","max-image-preview":"max-image-preview:large","max-video-preview":"max-video-preview:-1"},"canonical":"https:\/\/www.fsfx.com.br\/hospital-marcio-cunha\/dia-mundial-da-saude-cuidar-do-corpo-da-mente-e-do-espirito\/","og_locale":"pt_BR","og_type":"article","og_title":"Dia Mundial da Sa\u00fade: cuidar do corpo, da mente e do esp\u00edrito - Hospital M\u00e1rcio Cunha","og_description":"No dia 7 de abril, o mundo celebra o Dia Mundial da Sa\u00fade, uma data destinada a conscientizar a popula\u00e7\u00e3o sobre a import\u00e2ncia do bem-estar e da qualidade de vida. Mas o que significa, de fato, estar saud\u00e1vel? De acordo com a Organiza\u00e7\u00e3o Mundial da Sa\u00fade (OMS), sa\u00fade \u00e9 um estado de completo bem-estar f\u00edsico, [&hellip;]","og_url":"https:\/\/www.fsfx.com.br\/hospital-marcio-cunha\/dia-mundial-da-saude-cuidar-do-corpo-da-mente-e-do-espirito\/","og_site_name":"Hospital M\u00e1rcio Cunha","article_published_time":"2025-04-07T15:40:40+00:00","og_image":[{"width":1920,"height":1440,"url":"https:\/\/www.fsfx.com.br\/hospital-marcio-cunha\/wp-content\/uploads\/sites\/9\/2025\/04\/Dra.-Jamille-Sales-e-Dr.-Rodrigo-Lovati-medicos-do-Hospital-Marcio-Cunha.jpeg","type":"image\/jpeg"}],"author":"C\u00e1ssio Santana","twitter_card":"summary_large_image","twitter_misc":{"Escrito por":"C\u00e1ssio Santana","Est. tempo de leitura":"4 minutos"},"schema":{"@context":"https:\/\/schema.org","@graph":[{"@type":"Article","@id":"https:\/\/www.fsfx.com.br\/hospital-marcio-cunha\/dia-mundial-da-saude-cuidar-do-corpo-da-mente-e-do-espirito\/#article","isPartOf":{"@id":"https:\/\/www.fsfx.com.br\/hospital-marcio-cunha\/dia-mundial-da-saude-cuidar-do-corpo-da-mente-e-do-espirito\/"},"author":{"name":"C\u00e1ssio Santana","@id":"https:\/\/www.fsfx.com.br\/hospital-marcio-cunha\/#\/schema\/person\/6bf2cced2b7a5d5d78f5610fc8f52504"},"headline":"Dia Mundial da Sa\u00fade: cuidar do corpo, da mente e do esp\u00edrito","datePublished":"2025-04-07T15:40:40+00:00","mainEntityOfPage":{"@id":"https:\/\/www.fsfx.com.br\/hospital-marcio-cunha\/dia-mundial-da-saude-cuidar-do-corpo-da-mente-e-do-espirito\/"},"wordCount":615,"publisher":{"@id":"https:\/\/www.fsfx.com.br\/hospital-marcio-cunha\/#organization"},"image":{"@id":"https:\/\/www.fsfx.com.br\/hospital-marcio-cunha\/dia-mundial-da-saude-cuidar-do-corpo-da-mente-e-do-espirito\/#primaryimage"},"thumbnailUrl":"https:\/\/www.fsfx.com.br\/hospital-marcio-cunha\/wp-content\/uploads\/sites\/9\/2025\/04\/Dra.-Jamille-Sales-e-Dr.-Rodrigo-Lovati-medicos-do-Hospital-Marcio-Cunha.jpeg","articleSection":["Sa\u00fade"],"inLanguage":"pt-BR"},{"@type":"WebPage","@id":"https:\/\/www.fsfx.com.br\/hospital-marcio-cunha\/dia-mundial-da-saude-cuidar-do-corpo-da-mente-e-do-espirito\/","url":"https:\/\/www.fsfx.com.br\/hospital-marcio-cunha\/dia-mundial-da-saude-cuidar-do-corpo-da-mente-e-do-espirito\/","name":"Dia Mundial da Sa\u00fade: cuidar do corpo, da mente e do esp\u00edrito - Hospital M\u00e1rcio Cunha","isPartOf":{"@id":"https:\/\/www.fsfx.com.br\/hospital-marcio-cunha\/#website"},"primaryImageOfPage":{"@id":"https:\/\/www.fsfx.com.br\/hospital-marcio-cunha\/dia-mundial-da-saude-cuidar-do-corpo-da-mente-e-do-espirito\/#primaryimage"},"image":{"@id":"https:\/\/www.fsfx.com.br\/hospital-marcio-cunha\/dia-mundial-da-saude-cuidar-do-corpo-da-mente-e-do-espirito\/#primaryimage"},"thumbnailUrl":"https:\/\/www.fsfx.com.br\/hospital-marcio-cunha\/wp-content\/uploads\/sites\/9\/2025\/04\/Dra.-Jamille-Sales-e-Dr.-Rodrigo-Lovati-medicos-do-Hospital-Marcio-Cunha.jpeg","datePublished":"2025-04-07T15:40:40+00:00","breadcrumb":{"@id":"https:\/\/www.fsfx.com.br\/hospital-marcio-cunha\/dia-mundial-da-saude-cuidar-do-corpo-da-mente-e-do-espirito\/#breadcrumb"},"inLanguage":"pt-BR","potentialAction":[{"@type":"ReadAction","target":["https:\/\/www.fsfx.com.br\/hospital-marcio-cunha\/dia-mundial-da-saude-cuidar-do-corpo-da-mente-e-do-espirito\/"]}]},{"@type":"ImageObject","inLanguage":"pt-BR","@id":"https:\/\/www.fsfx.com.br\/hospital-marcio-cunha\/dia-mundial-da-saude-cuidar-do-corpo-da-mente-e-do-espirito\/#primaryimage","url":"https:\/\/www.fsfx.com.br\/hospital-marcio-cunha\/wp-content\/uploads\/sites\/9\/2025\/04\/Dra.-Jamille-Sales-e-Dr.-Rodrigo-Lovati-medicos-do-Hospital-Marcio-Cunha.jpeg","contentUrl":"https:\/\/www.fsfx.com.br\/hospital-marcio-cunha\/wp-content\/uploads\/sites\/9\/2025\/04\/Dra.-Jamille-Sales-e-Dr.-Rodrigo-Lovati-medicos-do-Hospital-Marcio-Cunha.jpeg","width":1920,"height":1440},{"@type":"BreadcrumbList","@id":"https:\/\/www.fsfx.com.br\/hospital-marcio-cunha\/dia-mundial-da-saude-cuidar-do-corpo-da-mente-e-do-espirito\/#breadcrumb","itemListElement":[{"@type":"ListItem","position":1,"name":"In\u00edcio","item":"https:\/\/www.fsfx.com.br\/hospital-marcio-cunha\/"},{"@type":"ListItem","position":2,"name":"Dia Mundial da Sa\u00fade: cuidar do corpo, da mente e do esp\u00edrito"}]},{"@type":"WebSite","@id":"https:\/\/www.fsfx.com.br\/hospital-marcio-cunha\/#website","url":"https:\/\/www.fsfx.com.br\/hospital-marcio-cunha\/","name":"Hospital M\u00e1rcio Cunha","description":"O Hospital M\u00e1rcio Cunha (HMC) \u00e9 um hospital geral de alta complexidade, com 558 leitos e tr\u00eas unidades, sendo uma unidade exclusiva para o tratamento oncol\u00f3gico.","publisher":{"@id":"https:\/\/www.fsfx.com.br\/hospital-marcio-cunha\/#organization"},"potentialAction":[{"@type":"SearchAction","target":{"@type":"EntryPoint","urlTemplate":"https:\/\/www.fsfx.com.br\/hospital-marcio-cunha\/?s={search_term_string}"},"query-input":{"@type":"PropertyValueSpecification","valueRequired":true,"valueName":"search_term_string"}}],"inLanguage":"pt-BR"},{"@type":"Organization","@id":"https:\/\/www.fsfx.com.br\/hospital-marcio-cunha\/#organization","name":"HMC - Hospital M\u00e1rcio Cunha","url":"https:\/\/www.fsfx.com.br\/hospital-marcio-cunha\/","logo":{"@type":"ImageObject","inLanguage":"pt-BR","@id":"https:\/\/www.fsfx.com.br\/hospital-marcio-cunha\/#\/schema\/logo\/image\/","url":"https:\/\/www.fsfx.com.br\/hospital-marcio-cunha\/wp-content\/uploads\/sites\/9\/2022\/04\/logo-hmc-color.png","contentUrl":"https:\/\/www.fsfx.com.br\/hospital-marcio-cunha\/wp-content\/uploads\/sites\/9\/2022\/04\/logo-hmc-color.png","width":264,"height":59,"caption":"HMC - Hospital M\u00e1rcio Cunha"},"image":{"@id":"https:\/\/www.fsfx.com.br\/hospital-marcio-cunha\/#\/schema\/logo\/image\/"}},{"@type":"Person","@id":"https:\/\/www.fsfx.com.br\/hospital-marcio-cunha\/#\/schema\/person\/6bf2cced2b7a5d5d78f5610fc8f52504","name":"C\u00e1ssio Santana","image":{"@type":"ImageObject","inLanguage":"pt-BR","@id":"https:\/\/www.fsfx.com.br\/hospital-marcio-cunha\/#\/schema\/person\/image\/","url":"https:\/\/secure.gravatar.com\/avatar\/ef79739de3edd2f5c2e7c4930b0808c62af99fc5520eaadc7899948f8bc6d2e1?s=96&d=mm&r=g","contentUrl":"https:\/\/secure.gravatar.com\/avatar\/ef79739de3edd2f5c2e7c4930b0808c62af99fc5520eaadc7899948f8bc6d2e1?s=96&d=mm&r=g","caption":"C\u00e1ssio Santana"},"url":"https:\/\/www.fsfx.com.br\/hospital-marcio-cunha\/author\/cassio\/"}]}},"_links":{"self":[{"href":"https:\/\/www.fsfx.com.br\/hospital-marcio-cunha\/wp-json\/wp\/v2\/posts\/13050","targetHints":{"allow":["GET"]}}],"collection":[{"href":"https:\/\/www.fsfx.com.br\/hospital-marcio-cunha\/wp-json\/wp\/v2\/posts"}],"about":[{"href":"https:\/\/www.fsfx.com.br\/hospital-marcio-cunha\/wp-json\/wp\/v2\/types\/post"}],"author":[{"embeddable":true,"href":"https:\/\/www.fsfx.com.br\/hospital-marcio-cunha\/wp-json\/wp\/v2\/users\/6"}],"replies":[{"embeddable":true,"href":"https:\/\/www.fsfx.com.br\/hospital-marcio-cunha\/wp-json\/wp\/v2\/comments?post=13050"}],"version-history":[{"count":1,"href":"https:\/\/www.fsfx.com.br\/hospital-marcio-cunha\/wp-json\/wp\/v2\/posts\/13050\/revisions"}],"predecessor-version":[{"id":13052,"href":"https:\/\/www.fsfx.com.br\/hospital-marcio-cunha\/wp-json\/wp\/v2\/posts\/13050\/revisions\/13052"}],"wp:featuredmedia":[{"embeddable":true,"href":"https:\/\/www.fsfx.com.br\/hospital-marcio-cunha\/wp-json\/wp\/v2\/media\/13051"}],"wp:attachment":[{"href":"https:\/\/www.fsfx.com.br\/hospital-marcio-cunha\/wp-json\/wp\/v2\/media?parent=13050"}],"wp:term":[{"taxonomy":"category","embeddable":true,"href":"https:\/\/www.fsfx.com.br\/hospital-marcio-cunha\/wp-json\/wp\/v2\/categories?post=13050"},{"taxonomy":"post_tag","embeddable":true,"href":"https:\/\/www.fsfx.com.br\/hospital-marcio-cunha\/wp-json\/wp\/v2\/tags?post=13050"}],"curies":[{"name":"wp","href":"https:\/\/api.w.org\/{rel}","templated":true}]}}