{"id":13293,"date":"2025-04-17T13:52:44","date_gmt":"2025-04-17T16:52:44","guid":{"rendered":"https:\/\/www.fsfx.com.br\/hospital-marcio-cunha\/?p=13293"},"modified":"2025-04-17T13:52:44","modified_gmt":"2025-04-17T16:52:44","slug":"vacinas-salvam-vidas-a-ciencia-por-tras-da-protecao-coletiva-em-todas-as-idades","status":"publish","type":"post","link":"https:\/\/www.fsfx.com.br\/hospital-marcio-cunha\/vacinas-salvam-vidas-a-ciencia-por-tras-da-protecao-coletiva-em-todas-as-idades\/","title":{"rendered":"Vacinas salvam vidas: a ci\u00eancia por tr\u00e1s da prote\u00e7\u00e3o coletiva em todas as idades"},"content":{"rendered":"<p>A Semana Mundial da Imuniza\u00e7\u00e3o, celebrada de 24 a 30 de abril, tem como objetivo garantir que ainda mais crian\u00e7as, adolescentes, adultos \u2013 e suas comunidades \u2013 estejam protegidos contra doen\u00e7as preven\u00edveis por vacina\u00e7\u00e3o. Para falar mais sobre o tema, o m\u00e9dico infectologista da Funda\u00e7\u00e3o S\u00e3o Francisco Xavier (FSFX), Dr. Pedro Henrique Mendes, traz orienta\u00e7\u00f5es sobre a import\u00e2ncia da imuniza\u00e7\u00e3o em todas as faixas et\u00e1rias para um bem-estar individual e coletivo.<\/p>\n<p><img fetchpriority=\"high\" decoding=\"async\" class=\"alignleft wp-image-20237 \" src=\"https:\/\/www.fsfx.com.br\/wp-content\/uploads\/2025\/04\/Dr.-Pedro-Mendes-medico-infectologista-FSFX-1024x576.jpg\" alt=\"\" width=\"706\" height=\"397\" \/>Segundo a Organiza\u00e7\u00e3o Mundial da Sa\u00fade, nos \u00faltimos 50 anos, vacinas essenciais salvaram pelo menos\u00a0154 milh\u00f5es de vidas.\u00a0S\u00e3o 6 vidas por minuto, todos os dias, durante cinco d\u00e9cadas<strong>.\u00a0\u201c<\/strong>Desde o nascimento at\u00e9 a terceira idade, a imuniza\u00e7\u00e3o \u00e9 uma das formas mais eficazes de se proteger contra doen\u00e7as que, em tempos n\u00e3o t\u00e3o distantes, dizimavam popula\u00e7\u00f5es inteiras. Ao vacinar uma crian\u00e7a, n\u00e3o est\u00e1 apenas blindando aquele pequeno corpo em desenvolvimento. Est\u00e1 estendendo esse escudo \u00e0 comunidade, evitando surtos, controlando epidemias e garantindo que doen\u00e7as perigosas n\u00e3o encontrem caminho livre para se espalhar\u201d, destaca o m\u00e9dico da FSFX.<\/p>\n<p>O infectologista da FSFX explica como as vacinas agem no corpo e o protege de agentes infecciosos. \u201cO sistema imunol\u00f3gico, ao ser exposto a uma vacina, aprende a se defender. Ele cria anticorpos, formas espec\u00edficas de prote\u00e7\u00e3o contra diversos agentes infecciosos, como os v\u00edrus e bact\u00e9rias que causam pneumonia, hepatite, meningite, entre outras. Esta \u00e9 uma forma segura e eficaz de garantir que o corpo esteja preparado para reagir quando entrar em contato com o agente real\u201d, relata.<\/p>\n<p>De acordo com Pedro Henrique Mendes, a estrat\u00e9gia de vacina\u00e7\u00e3o vai muito al\u00e9m da prote\u00e7\u00e3o individual. \u201cA vacina\u00e7\u00e3o em larga escala permite o surgimento do que chamamos de \u2018imunidade de rebanho\u2019, que \u00e9 um mecanismo coletivo em que, ao vacinar a maioria da popula\u00e7\u00e3o, interrompe-se a cadeia de transmiss\u00e3o da doen\u00e7a. Foi assim que o Brasil erradicou a var\u00edola na d\u00e9cada de 1970. E foi tamb\u00e9m com esse mesmo princ\u00edpio que conseguimos frear a pandemia da Covid-19, reduzindo expressivamente os n\u00fameros de interna\u00e7\u00f5es e mortes\u201d, explica.<\/p>\n<p>O m\u00e9dico refor\u00e7a, ainda, que todas as vacinas, antes de serem liberadas para uso, passam por rigorosos processos de desenvolvimento, testagem e controle de qualidade. E, ap\u00f3s aprovadas, continuam sendo monitoradas constantemente pelas ag\u00eancias sanit\u00e1rias do pa\u00eds. \u201cOs eventos adversos, quando ocorrem, s\u00e3o raros e, na grande maioria das vezes, leves. E todos s\u00e3o monitorados com seriedade. A vacina \u00e9, sim, segura. E \u00e9 essa seguran\u00e7a que tem permitido que pessoas vivam mais e com mais qualidade\u201d, enfatiza.<\/p>\n<p>O Brasil, inclusive, \u00e9 refer\u00eancia mundial quando se trata de vacina\u00e7\u00e3o. Desde 1973, o Programa Nacional de Imuniza\u00e7\u00f5es (PNI) organiza de forma exemplar o calend\u00e1rio vacinal do pa\u00eds, disponibilizando gratuitamente doses essenciais para todas as faixas et\u00e1rias. O sucesso do PNI \u00e9 resultado direto da confian\u00e7a da popula\u00e7\u00e3o, do trabalho incans\u00e1vel dos profissionais de sa\u00fade e da conscientiza\u00e7\u00e3o de que vacinar \u00e9 um ato de responsabilidade social.<\/p>\n<p>O m\u00e9dico refor\u00e7a que a Semana Mundial da Imuniza\u00e7\u00e3o \u00e9 um lembrete de que sa\u00fade p\u00fablica se faz com ci\u00eancia, com compromisso coletivo e com escolhas conscientes. \u201cN\u00f3s, enquanto profissionais da sa\u00fade, temos o dever de oferecer informa\u00e7\u00f5es claras e corretas. Precisamos mostrar que elas s\u00e3o, sim, uma das maiores conquistas da humanidade. A vacina \u00e9 um direito, mas, acima de tudo, \u00e9 um gesto de amor por n\u00f3s mesmos, por quem amamos e por toda a sociedade\u201d, conclui o infectologista da FSFX.<\/p>\n","protected":false},"excerpt":{"rendered":"<p>A Semana Mundial da Imuniza\u00e7\u00e3o, celebrada de 24 a 30 de abril, tem como objetivo garantir que ainda mais crian\u00e7as, adolescentes, adultos \u2013 e suas comunidades \u2013 estejam protegidos contra doen\u00e7as preven\u00edveis por vacina\u00e7\u00e3o. Para falar mais sobre o tema, o m\u00e9dico infectologista da Funda\u00e7\u00e3o S\u00e3o Francisco Xavier (FSFX), Dr. Pedro Henrique Mendes, traz orienta\u00e7\u00f5es [&hellip;]<\/p>\n","protected":false},"author":6,"featured_media":13294,"comment_status":"closed","ping_status":"closed","sticky":false,"template":"","format":"standard","meta":{"_acf_changed":false,"site-sidebar-layout":"default","site-content-layout":"","ast-site-content-layout":"default","site-content-style":"default","site-sidebar-style":"default","ast-global-header-display":"","ast-banner-title-visibility":"","ast-main-header-display":"","ast-hfb-above-header-display":"","ast-hfb-below-header-display":"","ast-hfb-mobile-header-display":"","site-post-title":"","ast-breadcrumbs-content":"","ast-featured-img":"","footer-sml-layout":"","theme-transparent-header-meta":"","adv-header-id-meta":"","stick-header-meta":"","header-above-stick-meta":"","header-main-stick-meta":"","header-below-stick-meta":"","astra-migrate-meta-layouts":"default","ast-page-background-enabled":"default","ast-page-background-meta":{"desktop":{"background-color":"var(--ast-global-color-4)","background-image":"","background-repeat":"repeat","background-position":"center center","background-size":"auto","background-attachment":"scroll","background-type":"","background-media":"","overlay-type":"","overlay-color":"","overlay-opacity":"","overlay-gradient":""},"tablet":{"background-color":"","background-image":"","background-repeat":"repeat","background-position":"center center","background-size":"auto","background-attachment":"scroll","background-type":"","background-media":"","overlay-type":"","overlay-color":"","overlay-opacity":"","overlay-gradient":""},"mobile":{"background-color":"","background-image":"","background-repeat":"repeat","background-position":"center center","background-size":"auto","background-attachment":"scroll","background-type":"","background-media":"","overlay-type":"","overlay-color":"","overlay-opacity":"","overlay-gradient":""}},"ast-content-background-meta":{"desktop":{"background-color":"var(--ast-global-color-5)","background-image":"","background-repeat":"repeat","background-position":"center center","background-size":"auto","background-attachment":"scroll","background-type":"","background-media":"","overlay-type":"","overlay-color":"","overlay-opacity":"","overlay-gradient":""},"tablet":{"background-color":"var(--ast-global-color-5)","background-image":"","background-repeat":"repeat","background-position":"center center","background-size":"auto","background-attachment":"scroll","background-type":"","background-media":"","overlay-type":"","overlay-color":"","overlay-opacity":"","overlay-gradient":""},"mobile":{"background-color":"var(--ast-global-color-5)","background-image":"","background-repeat":"repeat","background-position":"center center","background-size":"auto","background-attachment":"scroll","background-type":"","background-media":"","overlay-type":"","overlay-color":"","overlay-opacity":"","overlay-gradient":""}},"footnotes":""},"categories":[24],"tags":[],"class_list":["post-13293","post","type-post","status-publish","format-standard","has-post-thumbnail","hentry","category-saude"],"acf":[],"yoast_head":"<!-- This site is optimized with the Yoast SEO plugin v26.9 - https:\/\/yoast.com\/product\/yoast-seo-wordpress\/ -->\n<title>Vacinas salvam vidas: a ci\u00eancia por tr\u00e1s da prote\u00e7\u00e3o coletiva em todas as idades - Hospital M\u00e1rcio Cunha<\/title>\n<meta name=\"robots\" content=\"index, follow, max-snippet:-1, max-image-preview:large, max-video-preview:-1\" \/>\n<link rel=\"canonical\" href=\"https:\/\/www.fsfx.com.br\/hospital-marcio-cunha\/vacinas-salvam-vidas-a-ciencia-por-tras-da-protecao-coletiva-em-todas-as-idades\/\" \/>\n<meta property=\"og:locale\" content=\"pt_BR\" \/>\n<meta property=\"og:type\" content=\"article\" \/>\n<meta property=\"og:title\" content=\"Vacinas salvam vidas: a ci\u00eancia por tr\u00e1s da prote\u00e7\u00e3o coletiva em todas as idades - Hospital M\u00e1rcio Cunha\" \/>\n<meta property=\"og:description\" content=\"A Semana Mundial da Imuniza\u00e7\u00e3o, celebrada de 24 a 30 de abril, tem como objetivo garantir que ainda mais crian\u00e7as, adolescentes, adultos \u2013 e suas comunidades \u2013 estejam protegidos contra doen\u00e7as preven\u00edveis por vacina\u00e7\u00e3o. Para falar mais sobre o tema, o m\u00e9dico infectologista da Funda\u00e7\u00e3o S\u00e3o Francisco Xavier (FSFX), Dr. Pedro Henrique Mendes, traz orienta\u00e7\u00f5es [&hellip;]\" \/>\n<meta property=\"og:url\" content=\"https:\/\/www.fsfx.com.br\/hospital-marcio-cunha\/vacinas-salvam-vidas-a-ciencia-por-tras-da-protecao-coletiva-em-todas-as-idades\/\" \/>\n<meta property=\"og:site_name\" content=\"Hospital M\u00e1rcio Cunha\" \/>\n<meta property=\"article:published_time\" content=\"2025-04-17T16:52:44+00:00\" \/>\n<meta property=\"og:image\" content=\"https:\/\/www.fsfx.com.br\/hospital-marcio-cunha\/wp-content\/uploads\/sites\/9\/2025\/04\/Dr.-Pedro-Mendes-medico-infectologista-FSFX.jpg\" \/>\n\t<meta property=\"og:image:width\" content=\"1920\" \/>\n\t<meta property=\"og:image:height\" content=\"1080\" \/>\n\t<meta property=\"og:image:type\" content=\"image\/jpeg\" \/>\n<meta name=\"author\" content=\"C\u00e1ssio Santana\" \/>\n<meta name=\"twitter:card\" content=\"summary_large_image\" \/>\n<meta name=\"twitter:label1\" content=\"Escrito por\" \/>\n\t<meta name=\"twitter:data1\" content=\"C\u00e1ssio Santana\" \/>\n\t<meta name=\"twitter:label2\" content=\"Est. tempo de leitura\" \/>\n\t<meta name=\"twitter:data2\" content=\"4 minutos\" \/>\n<script type=\"application\/ld+json\" class=\"yoast-schema-graph\">{\"@context\":\"https:\/\/schema.org\",\"@graph\":[{\"@type\":\"Article\",\"@id\":\"https:\/\/www.fsfx.com.br\/hospital-marcio-cunha\/vacinas-salvam-vidas-a-ciencia-por-tras-da-protecao-coletiva-em-todas-as-idades\/#article\",\"isPartOf\":{\"@id\":\"https:\/\/www.fsfx.com.br\/hospital-marcio-cunha\/vacinas-salvam-vidas-a-ciencia-por-tras-da-protecao-coletiva-em-todas-as-idades\/\"},\"author\":{\"name\":\"C\u00e1ssio Santana\",\"@id\":\"https:\/\/www.fsfx.com.br\/hospital-marcio-cunha\/#\/schema\/person\/6bf2cced2b7a5d5d78f5610fc8f52504\"},\"headline\":\"Vacinas salvam vidas: a ci\u00eancia por tr\u00e1s da prote\u00e7\u00e3o coletiva em todas as idades\",\"datePublished\":\"2025-04-17T16:52:44+00:00\",\"mainEntityOfPage\":{\"@id\":\"https:\/\/www.fsfx.com.br\/hospital-marcio-cunha\/vacinas-salvam-vidas-a-ciencia-por-tras-da-protecao-coletiva-em-todas-as-idades\/\"},\"wordCount\":635,\"publisher\":{\"@id\":\"https:\/\/www.fsfx.com.br\/hospital-marcio-cunha\/#organization\"},\"image\":{\"@id\":\"https:\/\/www.fsfx.com.br\/hospital-marcio-cunha\/vacinas-salvam-vidas-a-ciencia-por-tras-da-protecao-coletiva-em-todas-as-idades\/#primaryimage\"},\"thumbnailUrl\":\"https:\/\/www.fsfx.com.br\/hospital-marcio-cunha\/wp-content\/uploads\/sites\/9\/2025\/04\/Dr.-Pedro-Mendes-medico-infectologista-FSFX.jpg\",\"articleSection\":[\"Sa\u00fade\"],\"inLanguage\":\"pt-BR\"},{\"@type\":\"WebPage\",\"@id\":\"https:\/\/www.fsfx.com.br\/hospital-marcio-cunha\/vacinas-salvam-vidas-a-ciencia-por-tras-da-protecao-coletiva-em-todas-as-idades\/\",\"url\":\"https:\/\/www.fsfx.com.br\/hospital-marcio-cunha\/vacinas-salvam-vidas-a-ciencia-por-tras-da-protecao-coletiva-em-todas-as-idades\/\",\"name\":\"Vacinas salvam vidas: a ci\u00eancia por tr\u00e1s da prote\u00e7\u00e3o coletiva em todas as idades - Hospital M\u00e1rcio Cunha\",\"isPartOf\":{\"@id\":\"https:\/\/www.fsfx.com.br\/hospital-marcio-cunha\/#website\"},\"primaryImageOfPage\":{\"@id\":\"https:\/\/www.fsfx.com.br\/hospital-marcio-cunha\/vacinas-salvam-vidas-a-ciencia-por-tras-da-protecao-coletiva-em-todas-as-idades\/#primaryimage\"},\"image\":{\"@id\":\"https:\/\/www.fsfx.com.br\/hospital-marcio-cunha\/vacinas-salvam-vidas-a-ciencia-por-tras-da-protecao-coletiva-em-todas-as-idades\/#primaryimage\"},\"thumbnailUrl\":\"https:\/\/www.fsfx.com.br\/hospital-marcio-cunha\/wp-content\/uploads\/sites\/9\/2025\/04\/Dr.-Pedro-Mendes-medico-infectologista-FSFX.jpg\",\"datePublished\":\"2025-04-17T16:52:44+00:00\",\"breadcrumb\":{\"@id\":\"https:\/\/www.fsfx.com.br\/hospital-marcio-cunha\/vacinas-salvam-vidas-a-ciencia-por-tras-da-protecao-coletiva-em-todas-as-idades\/#breadcrumb\"},\"inLanguage\":\"pt-BR\",\"potentialAction\":[{\"@type\":\"ReadAction\",\"target\":[\"https:\/\/www.fsfx.com.br\/hospital-marcio-cunha\/vacinas-salvam-vidas-a-ciencia-por-tras-da-protecao-coletiva-em-todas-as-idades\/\"]}]},{\"@type\":\"ImageObject\",\"inLanguage\":\"pt-BR\",\"@id\":\"https:\/\/www.fsfx.com.br\/hospital-marcio-cunha\/vacinas-salvam-vidas-a-ciencia-por-tras-da-protecao-coletiva-em-todas-as-idades\/#primaryimage\",\"url\":\"https:\/\/www.fsfx.com.br\/hospital-marcio-cunha\/wp-content\/uploads\/sites\/9\/2025\/04\/Dr.-Pedro-Mendes-medico-infectologista-FSFX.jpg\",\"contentUrl\":\"https:\/\/www.fsfx.com.br\/hospital-marcio-cunha\/wp-content\/uploads\/sites\/9\/2025\/04\/Dr.-Pedro-Mendes-medico-infectologista-FSFX.jpg\",\"width\":1920,\"height\":1080},{\"@type\":\"BreadcrumbList\",\"@id\":\"https:\/\/www.fsfx.com.br\/hospital-marcio-cunha\/vacinas-salvam-vidas-a-ciencia-por-tras-da-protecao-coletiva-em-todas-as-idades\/#breadcrumb\",\"itemListElement\":[{\"@type\":\"ListItem\",\"position\":1,\"name\":\"In\u00edcio\",\"item\":\"https:\/\/www.fsfx.com.br\/hospital-marcio-cunha\/\"},{\"@type\":\"ListItem\",\"position\":2,\"name\":\"Vacinas salvam vidas: a ci\u00eancia por tr\u00e1s da prote\u00e7\u00e3o coletiva em todas as idades\"}]},{\"@type\":\"WebSite\",\"@id\":\"https:\/\/www.fsfx.com.br\/hospital-marcio-cunha\/#website\",\"url\":\"https:\/\/www.fsfx.com.br\/hospital-marcio-cunha\/\",\"name\":\"Hospital M\u00e1rcio Cunha\",\"description\":\"O Hospital M\u00e1rcio Cunha (HMC) \u00e9 um hospital geral de alta complexidade, com 558 leitos e tr\u00eas unidades, sendo uma unidade exclusiva para o tratamento oncol\u00f3gico.\",\"publisher\":{\"@id\":\"https:\/\/www.fsfx.com.br\/hospital-marcio-cunha\/#organization\"},\"potentialAction\":[{\"@type\":\"SearchAction\",\"target\":{\"@type\":\"EntryPoint\",\"urlTemplate\":\"https:\/\/www.fsfx.com.br\/hospital-marcio-cunha\/?s={search_term_string}\"},\"query-input\":{\"@type\":\"PropertyValueSpecification\",\"valueRequired\":true,\"valueName\":\"search_term_string\"}}],\"inLanguage\":\"pt-BR\"},{\"@type\":\"Organization\",\"@id\":\"https:\/\/www.fsfx.com.br\/hospital-marcio-cunha\/#organization\",\"name\":\"HMC - Hospital M\u00e1rcio Cunha\",\"url\":\"https:\/\/www.fsfx.com.br\/hospital-marcio-cunha\/\",\"logo\":{\"@type\":\"ImageObject\",\"inLanguage\":\"pt-BR\",\"@id\":\"https:\/\/www.fsfx.com.br\/hospital-marcio-cunha\/#\/schema\/logo\/image\/\",\"url\":\"https:\/\/www.fsfx.com.br\/hospital-marcio-cunha\/wp-content\/uploads\/sites\/9\/2022\/04\/logo-hmc-color.png\",\"contentUrl\":\"https:\/\/www.fsfx.com.br\/hospital-marcio-cunha\/wp-content\/uploads\/sites\/9\/2022\/04\/logo-hmc-color.png\",\"width\":264,\"height\":59,\"caption\":\"HMC - Hospital M\u00e1rcio Cunha\"},\"image\":{\"@id\":\"https:\/\/www.fsfx.com.br\/hospital-marcio-cunha\/#\/schema\/logo\/image\/\"}},{\"@type\":\"Person\",\"@id\":\"https:\/\/www.fsfx.com.br\/hospital-marcio-cunha\/#\/schema\/person\/6bf2cced2b7a5d5d78f5610fc8f52504\",\"name\":\"C\u00e1ssio Santana\",\"image\":{\"@type\":\"ImageObject\",\"inLanguage\":\"pt-BR\",\"@id\":\"https:\/\/www.fsfx.com.br\/hospital-marcio-cunha\/#\/schema\/person\/image\/\",\"url\":\"https:\/\/secure.gravatar.com\/avatar\/ef79739de3edd2f5c2e7c4930b0808c62af99fc5520eaadc7899948f8bc6d2e1?s=96&d=mm&r=g\",\"contentUrl\":\"https:\/\/secure.gravatar.com\/avatar\/ef79739de3edd2f5c2e7c4930b0808c62af99fc5520eaadc7899948f8bc6d2e1?s=96&d=mm&r=g\",\"caption\":\"C\u00e1ssio Santana\"},\"url\":\"https:\/\/www.fsfx.com.br\/hospital-marcio-cunha\/author\/cassio\/\"}]}<\/script>\n<!-- \/ Yoast SEO plugin. -->","yoast_head_json":{"title":"Vacinas salvam vidas: a ci\u00eancia por tr\u00e1s da prote\u00e7\u00e3o coletiva em todas as idades - Hospital M\u00e1rcio Cunha","robots":{"index":"index","follow":"follow","max-snippet":"max-snippet:-1","max-image-preview":"max-image-preview:large","max-video-preview":"max-video-preview:-1"},"canonical":"https:\/\/www.fsfx.com.br\/hospital-marcio-cunha\/vacinas-salvam-vidas-a-ciencia-por-tras-da-protecao-coletiva-em-todas-as-idades\/","og_locale":"pt_BR","og_type":"article","og_title":"Vacinas salvam vidas: a ci\u00eancia por tr\u00e1s da prote\u00e7\u00e3o coletiva em todas as idades - Hospital M\u00e1rcio Cunha","og_description":"A Semana Mundial da Imuniza\u00e7\u00e3o, celebrada de 24 a 30 de abril, tem como objetivo garantir que ainda mais crian\u00e7as, adolescentes, adultos \u2013 e suas comunidades \u2013 estejam protegidos contra doen\u00e7as preven\u00edveis por vacina\u00e7\u00e3o. Para falar mais sobre o tema, o m\u00e9dico infectologista da Funda\u00e7\u00e3o S\u00e3o Francisco Xavier (FSFX), Dr. Pedro Henrique Mendes, traz orienta\u00e7\u00f5es [&hellip;]","og_url":"https:\/\/www.fsfx.com.br\/hospital-marcio-cunha\/vacinas-salvam-vidas-a-ciencia-por-tras-da-protecao-coletiva-em-todas-as-idades\/","og_site_name":"Hospital M\u00e1rcio Cunha","article_published_time":"2025-04-17T16:52:44+00:00","og_image":[{"width":1920,"height":1080,"url":"https:\/\/www.fsfx.com.br\/hospital-marcio-cunha\/wp-content\/uploads\/sites\/9\/2025\/04\/Dr.-Pedro-Mendes-medico-infectologista-FSFX.jpg","type":"image\/jpeg"}],"author":"C\u00e1ssio Santana","twitter_card":"summary_large_image","twitter_misc":{"Escrito por":"C\u00e1ssio Santana","Est. tempo de leitura":"4 minutos"},"schema":{"@context":"https:\/\/schema.org","@graph":[{"@type":"Article","@id":"https:\/\/www.fsfx.com.br\/hospital-marcio-cunha\/vacinas-salvam-vidas-a-ciencia-por-tras-da-protecao-coletiva-em-todas-as-idades\/#article","isPartOf":{"@id":"https:\/\/www.fsfx.com.br\/hospital-marcio-cunha\/vacinas-salvam-vidas-a-ciencia-por-tras-da-protecao-coletiva-em-todas-as-idades\/"},"author":{"name":"C\u00e1ssio Santana","@id":"https:\/\/www.fsfx.com.br\/hospital-marcio-cunha\/#\/schema\/person\/6bf2cced2b7a5d5d78f5610fc8f52504"},"headline":"Vacinas salvam vidas: a ci\u00eancia por tr\u00e1s da prote\u00e7\u00e3o coletiva em todas as idades","datePublished":"2025-04-17T16:52:44+00:00","mainEntityOfPage":{"@id":"https:\/\/www.fsfx.com.br\/hospital-marcio-cunha\/vacinas-salvam-vidas-a-ciencia-por-tras-da-protecao-coletiva-em-todas-as-idades\/"},"wordCount":635,"publisher":{"@id":"https:\/\/www.fsfx.com.br\/hospital-marcio-cunha\/#organization"},"image":{"@id":"https:\/\/www.fsfx.com.br\/hospital-marcio-cunha\/vacinas-salvam-vidas-a-ciencia-por-tras-da-protecao-coletiva-em-todas-as-idades\/#primaryimage"},"thumbnailUrl":"https:\/\/www.fsfx.com.br\/hospital-marcio-cunha\/wp-content\/uploads\/sites\/9\/2025\/04\/Dr.-Pedro-Mendes-medico-infectologista-FSFX.jpg","articleSection":["Sa\u00fade"],"inLanguage":"pt-BR"},{"@type":"WebPage","@id":"https:\/\/www.fsfx.com.br\/hospital-marcio-cunha\/vacinas-salvam-vidas-a-ciencia-por-tras-da-protecao-coletiva-em-todas-as-idades\/","url":"https:\/\/www.fsfx.com.br\/hospital-marcio-cunha\/vacinas-salvam-vidas-a-ciencia-por-tras-da-protecao-coletiva-em-todas-as-idades\/","name":"Vacinas salvam vidas: a ci\u00eancia por tr\u00e1s da prote\u00e7\u00e3o coletiva em todas as idades - Hospital M\u00e1rcio Cunha","isPartOf":{"@id":"https:\/\/www.fsfx.com.br\/hospital-marcio-cunha\/#website"},"primaryImageOfPage":{"@id":"https:\/\/www.fsfx.com.br\/hospital-marcio-cunha\/vacinas-salvam-vidas-a-ciencia-por-tras-da-protecao-coletiva-em-todas-as-idades\/#primaryimage"},"image":{"@id":"https:\/\/www.fsfx.com.br\/hospital-marcio-cunha\/vacinas-salvam-vidas-a-ciencia-por-tras-da-protecao-coletiva-em-todas-as-idades\/#primaryimage"},"thumbnailUrl":"https:\/\/www.fsfx.com.br\/hospital-marcio-cunha\/wp-content\/uploads\/sites\/9\/2025\/04\/Dr.-Pedro-Mendes-medico-infectologista-FSFX.jpg","datePublished":"2025-04-17T16:52:44+00:00","breadcrumb":{"@id":"https:\/\/www.fsfx.com.br\/hospital-marcio-cunha\/vacinas-salvam-vidas-a-ciencia-por-tras-da-protecao-coletiva-em-todas-as-idades\/#breadcrumb"},"inLanguage":"pt-BR","potentialAction":[{"@type":"ReadAction","target":["https:\/\/www.fsfx.com.br\/hospital-marcio-cunha\/vacinas-salvam-vidas-a-ciencia-por-tras-da-protecao-coletiva-em-todas-as-idades\/"]}]},{"@type":"ImageObject","inLanguage":"pt-BR","@id":"https:\/\/www.fsfx.com.br\/hospital-marcio-cunha\/vacinas-salvam-vidas-a-ciencia-por-tras-da-protecao-coletiva-em-todas-as-idades\/#primaryimage","url":"https:\/\/www.fsfx.com.br\/hospital-marcio-cunha\/wp-content\/uploads\/sites\/9\/2025\/04\/Dr.-Pedro-Mendes-medico-infectologista-FSFX.jpg","contentUrl":"https:\/\/www.fsfx.com.br\/hospital-marcio-cunha\/wp-content\/uploads\/sites\/9\/2025\/04\/Dr.-Pedro-Mendes-medico-infectologista-FSFX.jpg","width":1920,"height":1080},{"@type":"BreadcrumbList","@id":"https:\/\/www.fsfx.com.br\/hospital-marcio-cunha\/vacinas-salvam-vidas-a-ciencia-por-tras-da-protecao-coletiva-em-todas-as-idades\/#breadcrumb","itemListElement":[{"@type":"ListItem","position":1,"name":"In\u00edcio","item":"https:\/\/www.fsfx.com.br\/hospital-marcio-cunha\/"},{"@type":"ListItem","position":2,"name":"Vacinas salvam vidas: a ci\u00eancia por tr\u00e1s da prote\u00e7\u00e3o coletiva em todas as idades"}]},{"@type":"WebSite","@id":"https:\/\/www.fsfx.com.br\/hospital-marcio-cunha\/#website","url":"https:\/\/www.fsfx.com.br\/hospital-marcio-cunha\/","name":"Hospital M\u00e1rcio Cunha","description":"O Hospital M\u00e1rcio Cunha (HMC) \u00e9 um hospital geral de alta complexidade, com 558 leitos e tr\u00eas unidades, sendo uma unidade exclusiva para o tratamento oncol\u00f3gico.","publisher":{"@id":"https:\/\/www.fsfx.com.br\/hospital-marcio-cunha\/#organization"},"potentialAction":[{"@type":"SearchAction","target":{"@type":"EntryPoint","urlTemplate":"https:\/\/www.fsfx.com.br\/hospital-marcio-cunha\/?s={search_term_string}"},"query-input":{"@type":"PropertyValueSpecification","valueRequired":true,"valueName":"search_term_string"}}],"inLanguage":"pt-BR"},{"@type":"Organization","@id":"https:\/\/www.fsfx.com.br\/hospital-marcio-cunha\/#organization","name":"HMC - Hospital M\u00e1rcio Cunha","url":"https:\/\/www.fsfx.com.br\/hospital-marcio-cunha\/","logo":{"@type":"ImageObject","inLanguage":"pt-BR","@id":"https:\/\/www.fsfx.com.br\/hospital-marcio-cunha\/#\/schema\/logo\/image\/","url":"https:\/\/www.fsfx.com.br\/hospital-marcio-cunha\/wp-content\/uploads\/sites\/9\/2022\/04\/logo-hmc-color.png","contentUrl":"https:\/\/www.fsfx.com.br\/hospital-marcio-cunha\/wp-content\/uploads\/sites\/9\/2022\/04\/logo-hmc-color.png","width":264,"height":59,"caption":"HMC - Hospital M\u00e1rcio Cunha"},"image":{"@id":"https:\/\/www.fsfx.com.br\/hospital-marcio-cunha\/#\/schema\/logo\/image\/"}},{"@type":"Person","@id":"https:\/\/www.fsfx.com.br\/hospital-marcio-cunha\/#\/schema\/person\/6bf2cced2b7a5d5d78f5610fc8f52504","name":"C\u00e1ssio Santana","image":{"@type":"ImageObject","inLanguage":"pt-BR","@id":"https:\/\/www.fsfx.com.br\/hospital-marcio-cunha\/#\/schema\/person\/image\/","url":"https:\/\/secure.gravatar.com\/avatar\/ef79739de3edd2f5c2e7c4930b0808c62af99fc5520eaadc7899948f8bc6d2e1?s=96&d=mm&r=g","contentUrl":"https:\/\/secure.gravatar.com\/avatar\/ef79739de3edd2f5c2e7c4930b0808c62af99fc5520eaadc7899948f8bc6d2e1?s=96&d=mm&r=g","caption":"C\u00e1ssio Santana"},"url":"https:\/\/www.fsfx.com.br\/hospital-marcio-cunha\/author\/cassio\/"}]}},"_links":{"self":[{"href":"https:\/\/www.fsfx.com.br\/hospital-marcio-cunha\/wp-json\/wp\/v2\/posts\/13293","targetHints":{"allow":["GET"]}}],"collection":[{"href":"https:\/\/www.fsfx.com.br\/hospital-marcio-cunha\/wp-json\/wp\/v2\/posts"}],"about":[{"href":"https:\/\/www.fsfx.com.br\/hospital-marcio-cunha\/wp-json\/wp\/v2\/types\/post"}],"author":[{"embeddable":true,"href":"https:\/\/www.fsfx.com.br\/hospital-marcio-cunha\/wp-json\/wp\/v2\/users\/6"}],"replies":[{"embeddable":true,"href":"https:\/\/www.fsfx.com.br\/hospital-marcio-cunha\/wp-json\/wp\/v2\/comments?post=13293"}],"version-history":[{"count":1,"href":"https:\/\/www.fsfx.com.br\/hospital-marcio-cunha\/wp-json\/wp\/v2\/posts\/13293\/revisions"}],"predecessor-version":[{"id":13295,"href":"https:\/\/www.fsfx.com.br\/hospital-marcio-cunha\/wp-json\/wp\/v2\/posts\/13293\/revisions\/13295"}],"wp:featuredmedia":[{"embeddable":true,"href":"https:\/\/www.fsfx.com.br\/hospital-marcio-cunha\/wp-json\/wp\/v2\/media\/13294"}],"wp:attachment":[{"href":"https:\/\/www.fsfx.com.br\/hospital-marcio-cunha\/wp-json\/wp\/v2\/media?parent=13293"}],"wp:term":[{"taxonomy":"category","embeddable":true,"href":"https:\/\/www.fsfx.com.br\/hospital-marcio-cunha\/wp-json\/wp\/v2\/categories?post=13293"},{"taxonomy":"post_tag","embeddable":true,"href":"https:\/\/www.fsfx.com.br\/hospital-marcio-cunha\/wp-json\/wp\/v2\/tags?post=13293"}],"curies":[{"name":"wp","href":"https:\/\/api.w.org\/{rel}","templated":true}]}}