{"id":13359,"date":"2025-04-30T11:43:48","date_gmt":"2025-04-30T14:43:48","guid":{"rendered":"https:\/\/www.fsfx.com.br\/hospital-marcio-cunha\/?p=13359"},"modified":"2025-04-30T11:54:34","modified_gmt":"2025-04-30T14:54:34","slug":"hospital-marcio-cunha-60-anos-de-excelencia-humanizacao-e-inovacao-em-saude","status":"publish","type":"post","link":"https:\/\/www.fsfx.com.br\/hospital-marcio-cunha\/hospital-marcio-cunha-60-anos-de-excelencia-humanizacao-e-inovacao-em-saude\/","title":{"rendered":"Hospital M\u00e1rcio Cunha: 60 anos de excel\u00eancia, humaniza\u00e7\u00e3o e inova\u00e7\u00e3o em sa\u00fade"},"content":{"rendered":"<p style=\"text-align: justify\"><img fetchpriority=\"high\" decoding=\"async\" class=\"aligncenter wp-image-20286 size-full\" src=\"https:\/\/www.fsfx.com.br\/wp-content\/uploads\/2025\/04\/FOTO-PANORAMICA-HMC-I-Wellington-Silveira.jpg\" alt=\"FOTO PANOR\u00c2MICA HOSPITAL M\u00c1RCIO CUNHA I - Wellington Silveira\" width=\"1920\" height=\"696\" \/>O Hospital M\u00e1rcio Cunha (HMC), administrado pela Funda\u00e7\u00e3o S\u00e3o Francisco Xavier, completa 60 anos de hist\u00f3ria neste dia 1\u00ba de maio. Reconhecido como um dos mais importantes hospitais de Minas Gerais e do Brasil, o HMC celebra seis d\u00e9cadas de dedica\u00e7\u00e3o \u00e0 vida, marcada por excel\u00eancia no atendimento, avan\u00e7os tecnol\u00f3gicos e um olhar sempre atento \u00e0 humaniza\u00e7\u00e3o do cuidado com o paciente.<\/p>\n<p style=\"text-align: justify\">A institui\u00e7\u00e3o de sa\u00fade que contempla 70% de seus atendimentos via SUS, vem impactando a vida de milhares de pacientes em Minas Gerais com um atendimento humanizado e de excel\u00eancia. Em 2024, o HMC se destacou como o 7\u00ba hospital em n\u00famero de interna\u00e7\u00f5es e o 3\u00ba em n\u00famero de partos, via SUS no estado de Minas Gerais. Com uma trajet\u00f3ria de sucesso, a unidade hospitalar mant\u00e9m um modelo de excel\u00eancia em gest\u00e3o com foco na qualidade e seguran\u00e7a do paciente, sendo pioneira no pa\u00eds a ser acreditada em n\u00edvel de excel\u00eancia (ONA III), pela Organiza\u00e7\u00e3o Nacional de Acredita\u00e7\u00e3o (ONA). Al\u00e9m disso, o HMC est\u00e1 classificado pela revista norte-americana Newsweek entre as melhores unidades hospitalares do Brasil, sendo o 6\u00ba em Minas Gerais e 27\u00ba melhor do pa\u00eds.<\/p>\n<p style=\"text-align: justify\">Um dos diferenciais do Hospital M\u00e1rcio Cunha vai al\u00e9m da tecnologia e da infraestrutura. A humaniza\u00e7\u00e3o do atendimento \u00e9 um valor inegoci\u00e1vel. Cada paciente \u00e9 tratado com empatia, escuta e aten\u00e7\u00e3o. E, um dos pacientes que viveu uma hist\u00f3ria de supera\u00e7\u00e3o no Hospital M\u00e1rcio Cunha \u00e9 Nereu J\u00fanior, morador da cidade de Periquito. Ap\u00f3s ser diagnosticado com uma grave crise de pancreatite, ele enfrentou um dos momentos mais delicados de sua vida, passando por interna\u00e7\u00f5es, cirurgias e um longo per\u00edodo na UTI do Hospital M\u00e1rcio Cunha (HMC), em Ipatinga.<\/p>\n<p style=\"text-align: justify\"><img decoding=\"async\" class=\"size-medium wp-image-20288 alignleft\" src=\"https:\/\/www.fsfx.com.br\/wp-content\/uploads\/2025\/04\/Paciente-do-HMC-Nereu-Junior-169x300.jpeg\" alt=\"\" width=\"169\" height=\"300\" \/>Ap\u00f3s dar entrada no Pronto-Socorro do HMC com um quadro agravado, Nereu necessitou passar por v\u00e1rias cirurgias, ficando por 80 dias internado na Unidade de Terapia Intensiva (UTI). \u201cEu sou um milagre de Deus. Ele usou cada m\u00e9dico, cada profissional, para cuidar de mim. E o Hospital M\u00e1rcio Cunha me acolheu de um jeito que nunca vou esquecer\u201d, conta, emocionado. Durante o per\u00edodo de interna\u00e7\u00e3o, Nereu p\u00f4de sentir o cuidado em cada detalhe. \u201cDesde a limpeza at\u00e9 a equipe m\u00e9dica, todos me tratavam com dignidade, com carinho. N\u00e3o olhavam para a minha condi\u00e7\u00e3o de sa\u00fade, olhavam para a minha vida. N\u00e3o faziam distin\u00e7\u00e3o. Davam o melhor de si\u201d, relembra.<\/p>\n<p style=\"text-align: justify\">Para ele, o acolhimento dos profissionais foi essencial para enfrentar os dias mais dif\u00edceis. \u201cEu costumo dizer que parte da minha fam\u00edlia est\u00e1 no HMC. A equipe de fisioterapia, a nutri\u00e7\u00e3o, os psic\u00f3logos, os m\u00e9dicos, os t\u00e9cnicos e enfermeiros, a equipe de limpeza, eles n\u00e3o eram apenas profissionais, se tornaram amigos. Cuidaram de mim como se eu fosse um dos deles. Tive o privil\u00e9gio de ser tratado por m\u00e3os aben\u00e7oadas em uma unidade que tem tamb\u00e9m al\u00e9m de pessoas humanizadas, toda a estrutura necess\u00e1ria\u201d, afirma.<\/p>\n<p style=\"text-align: justify\">Cada atendimento no Hospital M\u00e1rcio Cunha reflete o compromisso das equipes que permanecem firmes na miss\u00e3o de salvar vidas com excel\u00eancia e humaniza\u00e7\u00e3o e, da diretoria em investir cada vez mais em novas tecnologias, expans\u00e3o de servi\u00e7os e fortalecimento da cultura de seguran\u00e7a do paciente.<\/p>\n<p style=\"text-align: justify\"><img decoding=\"async\" class=\"alignright wp-image-20287 size-medium\" src=\"https:\/\/www.fsfx.com.br\/wp-content\/uploads\/2025\/04\/Flaviano-Feu-Ventorim-diretor-presidente-da-FSFX-300x200.jpg\" alt=\"\" width=\"300\" height=\"200\" \/>A diretoria celebra o passado com orgulho e olha para o futuro com esperan\u00e7a e ousadia. \u201cEssa \u00e9 uma data muito especial para todos n\u00f3s. \u00c9 com imensa alegria, gratid\u00e3o e orgulho que celebramos os 60 anos do Hospital M\u00e1rcio Cunha. Seis d\u00e9cadas de hist\u00f3rias, de cuidado com a vida, de evolu\u00e7\u00e3o constante e, principalmente, de compromisso com a sa\u00fade e o bem-estar das pessoas. Desde a nossa funda\u00e7\u00e3o, l\u00e1 em 1965, at\u00e9 os dias de hoje, muita coisa mudou, mas uma coisa permanece inabal\u00e1vel: a nossa miss\u00e3o de cuidar com excel\u00eancia, humanidade e responsabilidade. Quero agradecer profundamente a cada colaborador, a cada m\u00e9dico, enfermeiro, profissional da sa\u00fade e da \u00e1rea administrativa que constr\u00f3i, todos os dias, a reputa\u00e7\u00e3o e a confian\u00e7a que conquistamos ao longo desses 60 anos. Agrade\u00e7o tamb\u00e9m \u00e0 comunidade que nos acolhe e confia em nosso trabalho. Voc\u00eas s\u00e3o parte dessa hist\u00f3ria!\u201d, destaca o diretor-presidente da Funda\u00e7\u00e3o S\u00e3o Francisco Xavier, Flaviano Feu Ventorim.<\/p>\n<h4 style=\"text-align: justify\"><strong><u>Conhe\u00e7a um pouco mais da trajet\u00f3ria de 60 anos do HMC<\/u><\/strong><\/h4>\n<p style=\"text-align: justify\"><img loading=\"lazy\" decoding=\"async\" class=\"size-medium wp-image-20289 alignleft\" src=\"https:\/\/www.fsfx.com.br\/wp-content\/uploads\/2025\/04\/1965-\u2013-INAUGURACAO-DO-HOSPITAL-MARCIO-CUNHA-263x300.jpg\" alt=\"\" width=\"263\" height=\"300\" \/>A trajet\u00f3ria do Hospital M\u00e1rcio Cunha come\u00e7ou fruto de um sonho vision\u00e1rio que uniu for\u00e7as p\u00fablicas e privadas em prol da sa\u00fade da popula\u00e7\u00e3o do Vale do A\u00e7o. A inaugura\u00e7\u00e3o, que contou com a presen\u00e7a de figuras hist\u00f3ricas, como o presidente da Rep\u00fablica daquela \u00e9poca, Marechal Humberto de Alencar Castelo Branco, o ent\u00e3o governador de Minas Gerais, Magalh\u00e3es Pinto, o General Ernesto Geisel, e o presidente da Usiminas, Amaro Lanari J\u00fanior, representou um marco no desenvolvimento da regi\u00e3o. Inicialmente com 50 leitos, o hospital foi criado para atender a demanda crescente de Ipatinga e dos munic\u00edpios vizinhos, mas logo ultrapassou as fronteiras regionais para se tornar uma refer\u00eancia em alta complexidade.<\/p>\n<p style=\"text-align: justify\">A partir da cria\u00e7\u00e3o da Funda\u00e7\u00e3o S\u00e3o Francisco Xavier, em 1969, o HMC passou a trilhar um caminho s\u00f3lido de crescimento estruturado. A verticaliza\u00e7\u00e3o da unidade na d\u00e9cada de 1970, que incluiu a constru\u00e7\u00e3o de centro cir\u00fargico, lavanderia, CME, UTIs e novos leitos, preparou o hospital para atender com mais efici\u00eancia e qualidade, com um projeto para atender 400 leitos. A d\u00e9cada de 1980 trouxe a amplia\u00e7\u00e3o da maternidade, a cria\u00e7\u00e3o da Unidade de Pediatria com 90 leitos e a implanta\u00e7\u00e3o da primeira UTI adulto, com 10 leitos, marcos que refletiam o compromisso com um atendimento cada vez mais completo.<\/p>\n<p style=\"text-align: justify\"><img loading=\"lazy\" decoding=\"async\" class=\"size-medium wp-image-20290 alignright\" src=\"https:\/\/www.fsfx.com.br\/wp-content\/uploads\/2025\/04\/FOTO-antiga-HMC-300x134.jpg\" alt=\"\" width=\"300\" height=\"134\" \/>O pioneirismo do HMC tamb\u00e9m se destacou na d\u00e9cada de 90, com a realiza\u00e7\u00e3o do primeiro transplante renal, a instala\u00e7\u00e3o dos servi\u00e7os de tomografia e o lan\u00e7amento da Usisa\u00fade, plano de sa\u00fade pr\u00f3prio e rede credenciada. Entre 1992 e 1995, houve uma amplia\u00e7\u00e3o expressiva dos servi\u00e7os como ortopedia, neurocirurgia, cirurgia vascular, registros gr\u00e1ficos, diagn\u00f3stico por imagens, patologia cl\u00ednica e materno-infantil.<\/p>\n<p style=\"text-align: justify\">A excel\u00eancia t\u00e9cnica sempre caminhou ao lado da inova\u00e7\u00e3o. Em 1999, o laborat\u00f3rio de patologia cl\u00ednica tornou-se o primeiro do interior mineiro a conquistar a Certifica\u00e7\u00e3o Internacional de Qualidade ISO 9001. Nos anos 2000, o HMC iniciou seu programa de resid\u00eancia m\u00e9dica, atraindo profissionais de diversos estados do Brasil, e inaugurou o Centro de Terapia Renal Substitutiva, e os servi\u00e7os hemodin\u00e2mica e resson\u00e2ncia magn\u00e9tica.<\/p>\n<p style=\"text-align: justify\">O HMC entrou para a hist\u00f3ria, em 2003, sendo o primeiro hospital do Brasil a receber a acredita\u00e7\u00e3o ONA n\u00edvel 3 &#8211; Acreditado com Excel\u00eancia, que se mant\u00e9m at\u00e9 os dias atuais. Em 2004, outro grande marco entrou para a hist\u00f3ria do Hospital M\u00e1rcio Cunha: a inaugura\u00e7\u00e3o da Unidade II. Com a nova unidade, o HMC ampliou a capacidade de interna\u00e7\u00e3o e diagn\u00f3stico com uma estrutura moderna e acolhedora, somando mais de 7 mil m\u00b2 de \u00e1rea constru\u00edda e 33 mil m\u00b2 de \u00e1rea externa, tendo uma grande estrutura composta por alas de interna\u00e7\u00e3o, unidade de terapia intensiva, centro cir\u00fargico, centro de diagn\u00f3stico por imagem, ambulat\u00f3rio e unidades de apoio, como farm\u00e1cia, central de materiais e esteriliza\u00e7\u00e3o, nutri\u00e7\u00e3o e manuten\u00e7\u00e3o.<\/p>\n<p style=\"text-align: justify\">Nos anos seguintes, o hospital seguiu se modernizando. Destacam-se a primeira cirurgia card\u00edaca do Vale do A\u00e7o, em 2005; a amplia\u00e7\u00e3o da UTI adulto; cria\u00e7\u00e3o de mais de 70 leitos no 7\u00ba andar; al\u00e9m do lan\u00e7amento do Plano Diretor de Obras, com investimentos de R$ 32 milh\u00f5es, com recursos pr\u00f3prios.<\/p>\n<p style=\"text-align: justify\">Em 2011 houve a incorpora\u00e7\u00e3o do COR (Centro de Oncologia e Radiois\u00f3topos), que passou a se chamar Unidade de Oncologia do Hospital M\u00e1rcio Cunha. Al\u00e9m disso, nos anos seguintes, o HMC continuou com sua expans\u00e3o e recebeu, ainda, a certifica\u00e7\u00e3o DIAS NIAHO da DNV-GL e, posteriormente, com a conquista da HIMSS \u2013 Est\u00e1gio 7, tornando o HMC o primeiro hospital filantr\u00f3pico do pa\u00eds a alcan\u00e7ar esse n\u00edvel de maturidade digital.<\/p>\n<p style=\"text-align: justify\">O compromisso com a assist\u00eancia pedi\u00e1trica tamb\u00e9m foi fortalecido com a inaugura\u00e7\u00e3o da Oncologia Pedi\u00e1trica e o servi\u00e7o de Neonatologia. Outro destaque foi quando, em tempos desafiadores como a pandemia da Covid-19, o HMC se reinventou, rapidamente, abrindo leitos exclusivos e estruturando andares inteiros para o tratamento de pacientes, demonstrando agilidade e responsabilidade social.<\/p>\n<p style=\"text-align: justify\">E, no \u00faltimo ano (2024), o Hospital M\u00e1rcio Cunha iniciou a realiza\u00e7\u00e3o de exames por meio do PET-CT (Positron Emission Tomography \u2013 PET), equipamento que permite a capta\u00e7\u00e3o de exames de imagem em alta complexidade com alto n\u00edvel de precis\u00e3o, para diagn\u00f3stico e tratamento de c\u00e2ncer e outras doen\u00e7as. Marco que refor\u00e7a a trajet\u00f3ria da unidade que \u00e9 marcada por conquistas e transforma\u00e7\u00f5es, destacando o Hospital M\u00e1rcio Cunha segue como um s\u00edmbolo de sa\u00fade de qualidade, orgulho para a popula\u00e7\u00e3o do Vale do A\u00e7o, se mantendo como refer\u00eancia entre os melhores hospitais de Minas Gerais e do Brasil.<\/p>\n<p style=\"text-align: justify\"><img loading=\"lazy\" decoding=\"async\" class=\"size-medium wp-image-20291 alignleft\" src=\"https:\/\/www.fsfx.com.br\/wp-content\/uploads\/2025\/04\/Eduardo-Blanski-Diretor-de-negocios-do-HMC-4-300x200.jpg\" alt=\"\" width=\"300\" height=\"200\" \/>\u201cA trajet\u00f3ria do HMC mostra o quanto a unidade cresceu e assumiu um importante papel dentro do sistema de sa\u00fade da regi\u00e3o do Leste de Minas, ofertando servi\u00e7os cada vez mais complexos. E tudo isso s\u00f3 \u00e9 poss\u00edvel gra\u00e7as a dedica\u00e7\u00e3o de cada um dos nossos profissionais, que fazem parte da constru\u00e7\u00e3o desta hist\u00f3ria. Que esse marco sirva de inspira\u00e7\u00e3o para todos e que continuemos a levar o que h\u00e1 de melhor na sa\u00fade para cada um de nossos pacientes, aplicando o conhecimento de forma competente e humanizada\u201d, destaca o diretor de Neg\u00f3cios do HMC, Eduardo Blanski, refor\u00e7ando a import\u00e2ncia do Hospital como refer\u00eancia na \u00e1rea da sa\u00fade da regi\u00e3o.<\/p>\n<h4 style=\"text-align: justify\"><strong>Hospital M\u00e1rcio Cunha<\/strong><\/h4>\n<p style=\"text-align: justify\">Hospital geral de alta complexidade completando 60 anos de atua\u00e7\u00e3o em 2025. Possui 558 leitos e tr\u00eas unidades, sendo uma unidade exclusiva para o tratamento oncol\u00f3gico. Atende a uma popula\u00e7\u00e3o de mais de 1,6 milh\u00e3o de habitantes de 87 munic\u00edpios de Minas Gerais e conta com cerca de 500 m\u00e9dicos em 58 especialidades, com presta\u00e7\u00e3o de servi\u00e7os nas \u00e1reas de ambulat\u00f3rio, pronto-socorro, medicina diagn\u00f3stica, ensino e pesquisa, terapia intensiva adulta, pedi\u00e1trica e neonatal, urg\u00eancia e emerg\u00eancia, terapia renal substitutiva, alta complexidade cardiovascular, oncologia adulto e infantil, entre outros. No \u00faltimo ano, foram cerca de 5.200 partos realizados no HMC, cerca de 36 mil interna\u00e7\u00f5es, mais de 18 mil cirurgias, mais de 44 mil sess\u00f5es de hemodi\u00e1lise. Na unidade de oncologia, foram mais de 18 mil sess\u00f5es de radioterapia e cerca de 33 mil sess\u00f5es de quimioterapia.<\/p>\n<p style=\"text-align: justify\">O HMC foi o primeiro hospital do pa\u00eds a ser acreditado em n\u00edvel de excel\u00eancia (ONA III), pela Organiza\u00e7\u00e3o Nacional de Acredita\u00e7\u00e3o (ONA). Al\u00e9m disso, est\u00e1 classificado pela revista norte-americana Newsweek entre as melhores unidades hospitalares do Brasil, sendo o 6\u00ba em Minas Gerais e 27\u00ba melhor do pa\u00eds.<\/p>\n<p style=\"text-align: justify\">\n","protected":false},"excerpt":{"rendered":"<p>O Hospital M\u00e1rcio Cunha (HMC), administrado pela Funda\u00e7\u00e3o S\u00e3o Francisco Xavier, completa 60 anos de hist\u00f3ria neste dia 1\u00ba de maio. Reconhecido como um dos mais importantes hospitais de Minas Gerais e do Brasil, o HMC celebra seis d\u00e9cadas de dedica\u00e7\u00e3o \u00e0 vida, marcada por excel\u00eancia no atendimento, avan\u00e7os tecnol\u00f3gicos e um olhar sempre atento [&hellip;]<\/p>\n","protected":false},"author":26,"featured_media":13360,"comment_status":"closed","ping_status":"closed","sticky":false,"template":"","format":"standard","meta":{"_acf_changed":false,"site-sidebar-layout":"default","site-content-layout":"","ast-site-content-layout":"default","site-content-style":"default","site-sidebar-style":"default","ast-global-header-display":"","ast-banner-title-visibility":"","ast-main-header-display":"","ast-hfb-above-header-display":"","ast-hfb-below-header-display":"","ast-hfb-mobile-header-display":"","site-post-title":"","ast-breadcrumbs-content":"","ast-featured-img":"","footer-sml-layout":"","theme-transparent-header-meta":"","adv-header-id-meta":"","stick-header-meta":"","header-above-stick-meta":"","header-main-stick-meta":"","header-below-stick-meta":"","astra-migrate-meta-layouts":"default","ast-page-background-enabled":"default","ast-page-background-meta":{"desktop":{"background-color":"var(--ast-global-color-4)","background-image":"","background-repeat":"repeat","background-position":"center center","background-size":"auto","background-attachment":"scroll","background-type":"","background-media":"","overlay-type":"","overlay-color":"","overlay-opacity":"","overlay-gradient":""},"tablet":{"background-color":"","background-image":"","background-repeat":"repeat","background-position":"center center","background-size":"auto","background-attachment":"scroll","background-type":"","background-media":"","overlay-type":"","overlay-color":"","overlay-opacity":"","overlay-gradient":""},"mobile":{"background-color":"","background-image":"","background-repeat":"repeat","background-position":"center center","background-size":"auto","background-attachment":"scroll","background-type":"","background-media":"","overlay-type":"","overlay-color":"","overlay-opacity":"","overlay-gradient":""}},"ast-content-background-meta":{"desktop":{"background-color":"var(--ast-global-color-5)","background-image":"","background-repeat":"repeat","background-position":"center center","background-size":"auto","background-attachment":"scroll","background-type":"","background-media":"","overlay-type":"","overlay-color":"","overlay-opacity":"","overlay-gradient":""},"tablet":{"background-color":"var(--ast-global-color-5)","background-image":"","background-repeat":"repeat","background-position":"center center","background-size":"auto","background-attachment":"scroll","background-type":"","background-media":"","overlay-type":"","overlay-color":"","overlay-opacity":"","overlay-gradient":""},"mobile":{"background-color":"var(--ast-global-color-5)","background-image":"","background-repeat":"repeat","background-position":"center center","background-size":"auto","background-attachment":"scroll","background-type":"","background-media":"","overlay-type":"","overlay-color":"","overlay-opacity":"","overlay-gradient":""}},"footnotes":""},"categories":[23],"tags":[63],"class_list":["post-13359","post","type-post","status-publish","format-standard","has-post-thumbnail","hentry","category-noticias","tag-hmc"],"acf":[],"yoast_head":"<!-- This site is optimized with the Yoast SEO plugin v26.9 - https:\/\/yoast.com\/product\/yoast-seo-wordpress\/ -->\n<title>Hospital M\u00e1rcio Cunha: 60 anos de excel\u00eancia, humaniza\u00e7\u00e3o e inova\u00e7\u00e3o em sa\u00fade - Hospital M\u00e1rcio Cunha<\/title>\n<meta name=\"description\" content=\"O Hospital M\u00e1rcio Cunha (HMC), administrado pela Funda\u00e7\u00e3o S\u00e3o Francisco Xavier, completa 60 anos de hist\u00f3ria neste dia 1\u00ba de maio.\" \/>\n<meta name=\"robots\" content=\"index, follow, max-snippet:-1, max-image-preview:large, max-video-preview:-1\" \/>\n<link rel=\"canonical\" href=\"https:\/\/www.fsfx.com.br\/hospital-marcio-cunha\/hospital-marcio-cunha-60-anos-de-excelencia-humanizacao-e-inovacao-em-saude\/\" \/>\n<meta property=\"og:locale\" content=\"pt_BR\" \/>\n<meta property=\"og:type\" content=\"article\" \/>\n<meta property=\"og:title\" content=\"Hospital M\u00e1rcio Cunha: 60 anos de excel\u00eancia, humaniza\u00e7\u00e3o e inova\u00e7\u00e3o em sa\u00fade - Hospital M\u00e1rcio Cunha\" \/>\n<meta property=\"og:description\" content=\"O Hospital M\u00e1rcio Cunha (HMC), administrado pela Funda\u00e7\u00e3o S\u00e3o Francisco Xavier, completa 60 anos de hist\u00f3ria neste dia 1\u00ba de maio.\" \/>\n<meta property=\"og:url\" content=\"https:\/\/www.fsfx.com.br\/hospital-marcio-cunha\/hospital-marcio-cunha-60-anos-de-excelencia-humanizacao-e-inovacao-em-saude\/\" \/>\n<meta property=\"og:site_name\" content=\"Hospital M\u00e1rcio Cunha\" \/>\n<meta property=\"article:published_time\" content=\"2025-04-30T14:43:48+00:00\" \/>\n<meta property=\"article:modified_time\" content=\"2025-04-30T14:54:34+00:00\" \/>\n<meta property=\"og:image\" content=\"https:\/\/www.fsfx.com.br\/hospital-marcio-cunha\/wp-content\/uploads\/sites\/9\/2025\/04\/FOTO-PANORAMICA-HMC-I-Wellington-Silveira.jpg\" \/>\n\t<meta property=\"og:image:width\" content=\"1920\" \/>\n\t<meta property=\"og:image:height\" content=\"696\" \/>\n\t<meta property=\"og:image:type\" content=\"image\/jpeg\" \/>\n<meta name=\"author\" content=\"Igor Reis\" \/>\n<meta name=\"twitter:card\" content=\"summary_large_image\" \/>\n<meta name=\"twitter:label1\" content=\"Escrito por\" \/>\n\t<meta name=\"twitter:data1\" content=\"Igor Reis\" \/>\n\t<meta name=\"twitter:label2\" content=\"Est. tempo de leitura\" \/>\n\t<meta name=\"twitter:data2\" content=\"11 minutos\" \/>\n<script type=\"application\/ld+json\" class=\"yoast-schema-graph\">{\"@context\":\"https:\/\/schema.org\",\"@graph\":[{\"@type\":\"Article\",\"@id\":\"https:\/\/www.fsfx.com.br\/hospital-marcio-cunha\/hospital-marcio-cunha-60-anos-de-excelencia-humanizacao-e-inovacao-em-saude\/#article\",\"isPartOf\":{\"@id\":\"https:\/\/www.fsfx.com.br\/hospital-marcio-cunha\/hospital-marcio-cunha-60-anos-de-excelencia-humanizacao-e-inovacao-em-saude\/\"},\"author\":{\"name\":\"Igor Reis\",\"@id\":\"https:\/\/www.fsfx.com.br\/hospital-marcio-cunha\/#\/schema\/person\/4be1f8fedd5049bdb17a749e9a09467f\"},\"headline\":\"Hospital M\u00e1rcio Cunha: 60 anos de excel\u00eancia, humaniza\u00e7\u00e3o e inova\u00e7\u00e3o em sa\u00fade\",\"datePublished\":\"2025-04-30T14:43:48+00:00\",\"dateModified\":\"2025-04-30T14:54:34+00:00\",\"mainEntityOfPage\":{\"@id\":\"https:\/\/www.fsfx.com.br\/hospital-marcio-cunha\/hospital-marcio-cunha-60-anos-de-excelencia-humanizacao-e-inovacao-em-saude\/\"},\"wordCount\":1925,\"publisher\":{\"@id\":\"https:\/\/www.fsfx.com.br\/hospital-marcio-cunha\/#organization\"},\"image\":{\"@id\":\"https:\/\/www.fsfx.com.br\/hospital-marcio-cunha\/hospital-marcio-cunha-60-anos-de-excelencia-humanizacao-e-inovacao-em-saude\/#primaryimage\"},\"thumbnailUrl\":\"https:\/\/www.fsfx.com.br\/hospital-marcio-cunha\/wp-content\/uploads\/sites\/9\/2025\/04\/FOTO-PANORAMICA-HMC-I-Wellington-Silveira.jpg\",\"keywords\":[\"HMC\"],\"articleSection\":[\"Not\u00edcias\"],\"inLanguage\":\"pt-BR\"},{\"@type\":\"WebPage\",\"@id\":\"https:\/\/www.fsfx.com.br\/hospital-marcio-cunha\/hospital-marcio-cunha-60-anos-de-excelencia-humanizacao-e-inovacao-em-saude\/\",\"url\":\"https:\/\/www.fsfx.com.br\/hospital-marcio-cunha\/hospital-marcio-cunha-60-anos-de-excelencia-humanizacao-e-inovacao-em-saude\/\",\"name\":\"Hospital M\u00e1rcio Cunha: 60 anos de excel\u00eancia, humaniza\u00e7\u00e3o e inova\u00e7\u00e3o em sa\u00fade - Hospital M\u00e1rcio Cunha\",\"isPartOf\":{\"@id\":\"https:\/\/www.fsfx.com.br\/hospital-marcio-cunha\/#website\"},\"primaryImageOfPage\":{\"@id\":\"https:\/\/www.fsfx.com.br\/hospital-marcio-cunha\/hospital-marcio-cunha-60-anos-de-excelencia-humanizacao-e-inovacao-em-saude\/#primaryimage\"},\"image\":{\"@id\":\"https:\/\/www.fsfx.com.br\/hospital-marcio-cunha\/hospital-marcio-cunha-60-anos-de-excelencia-humanizacao-e-inovacao-em-saude\/#primaryimage\"},\"thumbnailUrl\":\"https:\/\/www.fsfx.com.br\/hospital-marcio-cunha\/wp-content\/uploads\/sites\/9\/2025\/04\/FOTO-PANORAMICA-HMC-I-Wellington-Silveira.jpg\",\"datePublished\":\"2025-04-30T14:43:48+00:00\",\"dateModified\":\"2025-04-30T14:54:34+00:00\",\"description\":\"O Hospital M\u00e1rcio Cunha (HMC), administrado pela Funda\u00e7\u00e3o S\u00e3o Francisco Xavier, completa 60 anos de hist\u00f3ria neste dia 1\u00ba de maio.\",\"breadcrumb\":{\"@id\":\"https:\/\/www.fsfx.com.br\/hospital-marcio-cunha\/hospital-marcio-cunha-60-anos-de-excelencia-humanizacao-e-inovacao-em-saude\/#breadcrumb\"},\"inLanguage\":\"pt-BR\",\"potentialAction\":[{\"@type\":\"ReadAction\",\"target\":[\"https:\/\/www.fsfx.com.br\/hospital-marcio-cunha\/hospital-marcio-cunha-60-anos-de-excelencia-humanizacao-e-inovacao-em-saude\/\"]}]},{\"@type\":\"ImageObject\",\"inLanguage\":\"pt-BR\",\"@id\":\"https:\/\/www.fsfx.com.br\/hospital-marcio-cunha\/hospital-marcio-cunha-60-anos-de-excelencia-humanizacao-e-inovacao-em-saude\/#primaryimage\",\"url\":\"https:\/\/www.fsfx.com.br\/hospital-marcio-cunha\/wp-content\/uploads\/sites\/9\/2025\/04\/FOTO-PANORAMICA-HMC-I-Wellington-Silveira.jpg\",\"contentUrl\":\"https:\/\/www.fsfx.com.br\/hospital-marcio-cunha\/wp-content\/uploads\/sites\/9\/2025\/04\/FOTO-PANORAMICA-HMC-I-Wellington-Silveira.jpg\",\"width\":1920,\"height\":696,\"caption\":\"FOTO PANOR\u00c2MICA HOSPITAL M\u00c1RCIO CUNHA I - Wellington Silveira\"},{\"@type\":\"BreadcrumbList\",\"@id\":\"https:\/\/www.fsfx.com.br\/hospital-marcio-cunha\/hospital-marcio-cunha-60-anos-de-excelencia-humanizacao-e-inovacao-em-saude\/#breadcrumb\",\"itemListElement\":[{\"@type\":\"ListItem\",\"position\":1,\"name\":\"In\u00edcio\",\"item\":\"https:\/\/www.fsfx.com.br\/hospital-marcio-cunha\/\"},{\"@type\":\"ListItem\",\"position\":2,\"name\":\"Hospital M\u00e1rcio Cunha: 60 anos de excel\u00eancia, humaniza\u00e7\u00e3o e inova\u00e7\u00e3o em sa\u00fade\"}]},{\"@type\":\"WebSite\",\"@id\":\"https:\/\/www.fsfx.com.br\/hospital-marcio-cunha\/#website\",\"url\":\"https:\/\/www.fsfx.com.br\/hospital-marcio-cunha\/\",\"name\":\"Hospital M\u00e1rcio Cunha\",\"description\":\"O Hospital M\u00e1rcio Cunha (HMC) \u00e9 um hospital geral de alta complexidade, com 558 leitos e tr\u00eas unidades, sendo uma unidade exclusiva para o tratamento oncol\u00f3gico.\",\"publisher\":{\"@id\":\"https:\/\/www.fsfx.com.br\/hospital-marcio-cunha\/#organization\"},\"potentialAction\":[{\"@type\":\"SearchAction\",\"target\":{\"@type\":\"EntryPoint\",\"urlTemplate\":\"https:\/\/www.fsfx.com.br\/hospital-marcio-cunha\/?s={search_term_string}\"},\"query-input\":{\"@type\":\"PropertyValueSpecification\",\"valueRequired\":true,\"valueName\":\"search_term_string\"}}],\"inLanguage\":\"pt-BR\"},{\"@type\":\"Organization\",\"@id\":\"https:\/\/www.fsfx.com.br\/hospital-marcio-cunha\/#organization\",\"name\":\"HMC - Hospital M\u00e1rcio Cunha\",\"url\":\"https:\/\/www.fsfx.com.br\/hospital-marcio-cunha\/\",\"logo\":{\"@type\":\"ImageObject\",\"inLanguage\":\"pt-BR\",\"@id\":\"https:\/\/www.fsfx.com.br\/hospital-marcio-cunha\/#\/schema\/logo\/image\/\",\"url\":\"https:\/\/www.fsfx.com.br\/hospital-marcio-cunha\/wp-content\/uploads\/sites\/9\/2022\/04\/logo-hmc-color.png\",\"contentUrl\":\"https:\/\/www.fsfx.com.br\/hospital-marcio-cunha\/wp-content\/uploads\/sites\/9\/2022\/04\/logo-hmc-color.png\",\"width\":264,\"height\":59,\"caption\":\"HMC - Hospital M\u00e1rcio Cunha\"},\"image\":{\"@id\":\"https:\/\/www.fsfx.com.br\/hospital-marcio-cunha\/#\/schema\/logo\/image\/\"}},{\"@type\":\"Person\",\"@id\":\"https:\/\/www.fsfx.com.br\/hospital-marcio-cunha\/#\/schema\/person\/4be1f8fedd5049bdb17a749e9a09467f\",\"name\":\"Igor Reis\",\"image\":{\"@type\":\"ImageObject\",\"inLanguage\":\"pt-BR\",\"@id\":\"https:\/\/www.fsfx.com.br\/hospital-marcio-cunha\/#\/schema\/person\/image\/\",\"url\":\"https:\/\/secure.gravatar.com\/avatar\/02acd1ab450b18b191988c3a1a1e708ac3493173c24b725ccb535fa9b9c74a66?s=96&d=mm&r=g\",\"contentUrl\":\"https:\/\/secure.gravatar.com\/avatar\/02acd1ab450b18b191988c3a1a1e708ac3493173c24b725ccb535fa9b9c74a66?s=96&d=mm&r=g\",\"caption\":\"Igor Reis\"},\"url\":\"https:\/\/www.fsfx.com.br\/hospital-marcio-cunha\/author\/igorreis\/\"}]}<\/script>\n<!-- \/ Yoast SEO plugin. -->","yoast_head_json":{"title":"Hospital M\u00e1rcio Cunha: 60 anos de excel\u00eancia, humaniza\u00e7\u00e3o e inova\u00e7\u00e3o em sa\u00fade - Hospital M\u00e1rcio Cunha","description":"O Hospital M\u00e1rcio Cunha (HMC), administrado pela Funda\u00e7\u00e3o S\u00e3o Francisco Xavier, completa 60 anos de hist\u00f3ria neste dia 1\u00ba de maio.","robots":{"index":"index","follow":"follow","max-snippet":"max-snippet:-1","max-image-preview":"max-image-preview:large","max-video-preview":"max-video-preview:-1"},"canonical":"https:\/\/www.fsfx.com.br\/hospital-marcio-cunha\/hospital-marcio-cunha-60-anos-de-excelencia-humanizacao-e-inovacao-em-saude\/","og_locale":"pt_BR","og_type":"article","og_title":"Hospital M\u00e1rcio Cunha: 60 anos de excel\u00eancia, humaniza\u00e7\u00e3o e inova\u00e7\u00e3o em sa\u00fade - Hospital M\u00e1rcio Cunha","og_description":"O Hospital M\u00e1rcio Cunha (HMC), administrado pela Funda\u00e7\u00e3o S\u00e3o Francisco Xavier, completa 60 anos de hist\u00f3ria neste dia 1\u00ba de maio.","og_url":"https:\/\/www.fsfx.com.br\/hospital-marcio-cunha\/hospital-marcio-cunha-60-anos-de-excelencia-humanizacao-e-inovacao-em-saude\/","og_site_name":"Hospital M\u00e1rcio Cunha","article_published_time":"2025-04-30T14:43:48+00:00","article_modified_time":"2025-04-30T14:54:34+00:00","og_image":[{"width":1920,"height":696,"url":"https:\/\/www.fsfx.com.br\/hospital-marcio-cunha\/wp-content\/uploads\/sites\/9\/2025\/04\/FOTO-PANORAMICA-HMC-I-Wellington-Silveira.jpg","type":"image\/jpeg"}],"author":"Igor Reis","twitter_card":"summary_large_image","twitter_misc":{"Escrito por":"Igor Reis","Est. tempo de leitura":"11 minutos"},"schema":{"@context":"https:\/\/schema.org","@graph":[{"@type":"Article","@id":"https:\/\/www.fsfx.com.br\/hospital-marcio-cunha\/hospital-marcio-cunha-60-anos-de-excelencia-humanizacao-e-inovacao-em-saude\/#article","isPartOf":{"@id":"https:\/\/www.fsfx.com.br\/hospital-marcio-cunha\/hospital-marcio-cunha-60-anos-de-excelencia-humanizacao-e-inovacao-em-saude\/"},"author":{"name":"Igor Reis","@id":"https:\/\/www.fsfx.com.br\/hospital-marcio-cunha\/#\/schema\/person\/4be1f8fedd5049bdb17a749e9a09467f"},"headline":"Hospital M\u00e1rcio Cunha: 60 anos de excel\u00eancia, humaniza\u00e7\u00e3o e inova\u00e7\u00e3o em sa\u00fade","datePublished":"2025-04-30T14:43:48+00:00","dateModified":"2025-04-30T14:54:34+00:00","mainEntityOfPage":{"@id":"https:\/\/www.fsfx.com.br\/hospital-marcio-cunha\/hospital-marcio-cunha-60-anos-de-excelencia-humanizacao-e-inovacao-em-saude\/"},"wordCount":1925,"publisher":{"@id":"https:\/\/www.fsfx.com.br\/hospital-marcio-cunha\/#organization"},"image":{"@id":"https:\/\/www.fsfx.com.br\/hospital-marcio-cunha\/hospital-marcio-cunha-60-anos-de-excelencia-humanizacao-e-inovacao-em-saude\/#primaryimage"},"thumbnailUrl":"https:\/\/www.fsfx.com.br\/hospital-marcio-cunha\/wp-content\/uploads\/sites\/9\/2025\/04\/FOTO-PANORAMICA-HMC-I-Wellington-Silveira.jpg","keywords":["HMC"],"articleSection":["Not\u00edcias"],"inLanguage":"pt-BR"},{"@type":"WebPage","@id":"https:\/\/www.fsfx.com.br\/hospital-marcio-cunha\/hospital-marcio-cunha-60-anos-de-excelencia-humanizacao-e-inovacao-em-saude\/","url":"https:\/\/www.fsfx.com.br\/hospital-marcio-cunha\/hospital-marcio-cunha-60-anos-de-excelencia-humanizacao-e-inovacao-em-saude\/","name":"Hospital M\u00e1rcio Cunha: 60 anos de excel\u00eancia, humaniza\u00e7\u00e3o e inova\u00e7\u00e3o em sa\u00fade - Hospital M\u00e1rcio Cunha","isPartOf":{"@id":"https:\/\/www.fsfx.com.br\/hospital-marcio-cunha\/#website"},"primaryImageOfPage":{"@id":"https:\/\/www.fsfx.com.br\/hospital-marcio-cunha\/hospital-marcio-cunha-60-anos-de-excelencia-humanizacao-e-inovacao-em-saude\/#primaryimage"},"image":{"@id":"https:\/\/www.fsfx.com.br\/hospital-marcio-cunha\/hospital-marcio-cunha-60-anos-de-excelencia-humanizacao-e-inovacao-em-saude\/#primaryimage"},"thumbnailUrl":"https:\/\/www.fsfx.com.br\/hospital-marcio-cunha\/wp-content\/uploads\/sites\/9\/2025\/04\/FOTO-PANORAMICA-HMC-I-Wellington-Silveira.jpg","datePublished":"2025-04-30T14:43:48+00:00","dateModified":"2025-04-30T14:54:34+00:00","description":"O Hospital M\u00e1rcio Cunha (HMC), administrado pela Funda\u00e7\u00e3o S\u00e3o Francisco Xavier, completa 60 anos de hist\u00f3ria neste dia 1\u00ba de maio.","breadcrumb":{"@id":"https:\/\/www.fsfx.com.br\/hospital-marcio-cunha\/hospital-marcio-cunha-60-anos-de-excelencia-humanizacao-e-inovacao-em-saude\/#breadcrumb"},"inLanguage":"pt-BR","potentialAction":[{"@type":"ReadAction","target":["https:\/\/www.fsfx.com.br\/hospital-marcio-cunha\/hospital-marcio-cunha-60-anos-de-excelencia-humanizacao-e-inovacao-em-saude\/"]}]},{"@type":"ImageObject","inLanguage":"pt-BR","@id":"https:\/\/www.fsfx.com.br\/hospital-marcio-cunha\/hospital-marcio-cunha-60-anos-de-excelencia-humanizacao-e-inovacao-em-saude\/#primaryimage","url":"https:\/\/www.fsfx.com.br\/hospital-marcio-cunha\/wp-content\/uploads\/sites\/9\/2025\/04\/FOTO-PANORAMICA-HMC-I-Wellington-Silveira.jpg","contentUrl":"https:\/\/www.fsfx.com.br\/hospital-marcio-cunha\/wp-content\/uploads\/sites\/9\/2025\/04\/FOTO-PANORAMICA-HMC-I-Wellington-Silveira.jpg","width":1920,"height":696,"caption":"FOTO PANOR\u00c2MICA HOSPITAL M\u00c1RCIO CUNHA I - Wellington Silveira"},{"@type":"BreadcrumbList","@id":"https:\/\/www.fsfx.com.br\/hospital-marcio-cunha\/hospital-marcio-cunha-60-anos-de-excelencia-humanizacao-e-inovacao-em-saude\/#breadcrumb","itemListElement":[{"@type":"ListItem","position":1,"name":"In\u00edcio","item":"https:\/\/www.fsfx.com.br\/hospital-marcio-cunha\/"},{"@type":"ListItem","position":2,"name":"Hospital M\u00e1rcio Cunha: 60 anos de excel\u00eancia, humaniza\u00e7\u00e3o e inova\u00e7\u00e3o em sa\u00fade"}]},{"@type":"WebSite","@id":"https:\/\/www.fsfx.com.br\/hospital-marcio-cunha\/#website","url":"https:\/\/www.fsfx.com.br\/hospital-marcio-cunha\/","name":"Hospital M\u00e1rcio Cunha","description":"O Hospital M\u00e1rcio Cunha (HMC) \u00e9 um hospital geral de alta complexidade, com 558 leitos e tr\u00eas unidades, sendo uma unidade exclusiva para o tratamento oncol\u00f3gico.","publisher":{"@id":"https:\/\/www.fsfx.com.br\/hospital-marcio-cunha\/#organization"},"potentialAction":[{"@type":"SearchAction","target":{"@type":"EntryPoint","urlTemplate":"https:\/\/www.fsfx.com.br\/hospital-marcio-cunha\/?s={search_term_string}"},"query-input":{"@type":"PropertyValueSpecification","valueRequired":true,"valueName":"search_term_string"}}],"inLanguage":"pt-BR"},{"@type":"Organization","@id":"https:\/\/www.fsfx.com.br\/hospital-marcio-cunha\/#organization","name":"HMC - Hospital M\u00e1rcio Cunha","url":"https:\/\/www.fsfx.com.br\/hospital-marcio-cunha\/","logo":{"@type":"ImageObject","inLanguage":"pt-BR","@id":"https:\/\/www.fsfx.com.br\/hospital-marcio-cunha\/#\/schema\/logo\/image\/","url":"https:\/\/www.fsfx.com.br\/hospital-marcio-cunha\/wp-content\/uploads\/sites\/9\/2022\/04\/logo-hmc-color.png","contentUrl":"https:\/\/www.fsfx.com.br\/hospital-marcio-cunha\/wp-content\/uploads\/sites\/9\/2022\/04\/logo-hmc-color.png","width":264,"height":59,"caption":"HMC - Hospital M\u00e1rcio Cunha"},"image":{"@id":"https:\/\/www.fsfx.com.br\/hospital-marcio-cunha\/#\/schema\/logo\/image\/"}},{"@type":"Person","@id":"https:\/\/www.fsfx.com.br\/hospital-marcio-cunha\/#\/schema\/person\/4be1f8fedd5049bdb17a749e9a09467f","name":"Igor Reis","image":{"@type":"ImageObject","inLanguage":"pt-BR","@id":"https:\/\/www.fsfx.com.br\/hospital-marcio-cunha\/#\/schema\/person\/image\/","url":"https:\/\/secure.gravatar.com\/avatar\/02acd1ab450b18b191988c3a1a1e708ac3493173c24b725ccb535fa9b9c74a66?s=96&d=mm&r=g","contentUrl":"https:\/\/secure.gravatar.com\/avatar\/02acd1ab450b18b191988c3a1a1e708ac3493173c24b725ccb535fa9b9c74a66?s=96&d=mm&r=g","caption":"Igor Reis"},"url":"https:\/\/www.fsfx.com.br\/hospital-marcio-cunha\/author\/igorreis\/"}]}},"_links":{"self":[{"href":"https:\/\/www.fsfx.com.br\/hospital-marcio-cunha\/wp-json\/wp\/v2\/posts\/13359","targetHints":{"allow":["GET"]}}],"collection":[{"href":"https:\/\/www.fsfx.com.br\/hospital-marcio-cunha\/wp-json\/wp\/v2\/posts"}],"about":[{"href":"https:\/\/www.fsfx.com.br\/hospital-marcio-cunha\/wp-json\/wp\/v2\/types\/post"}],"author":[{"embeddable":true,"href":"https:\/\/www.fsfx.com.br\/hospital-marcio-cunha\/wp-json\/wp\/v2\/users\/26"}],"replies":[{"embeddable":true,"href":"https:\/\/www.fsfx.com.br\/hospital-marcio-cunha\/wp-json\/wp\/v2\/comments?post=13359"}],"version-history":[{"count":2,"href":"https:\/\/www.fsfx.com.br\/hospital-marcio-cunha\/wp-json\/wp\/v2\/posts\/13359\/revisions"}],"predecessor-version":[{"id":13362,"href":"https:\/\/www.fsfx.com.br\/hospital-marcio-cunha\/wp-json\/wp\/v2\/posts\/13359\/revisions\/13362"}],"wp:featuredmedia":[{"embeddable":true,"href":"https:\/\/www.fsfx.com.br\/hospital-marcio-cunha\/wp-json\/wp\/v2\/media\/13360"}],"wp:attachment":[{"href":"https:\/\/www.fsfx.com.br\/hospital-marcio-cunha\/wp-json\/wp\/v2\/media?parent=13359"}],"wp:term":[{"taxonomy":"category","embeddable":true,"href":"https:\/\/www.fsfx.com.br\/hospital-marcio-cunha\/wp-json\/wp\/v2\/categories?post=13359"},{"taxonomy":"post_tag","embeddable":true,"href":"https:\/\/www.fsfx.com.br\/hospital-marcio-cunha\/wp-json\/wp\/v2\/tags?post=13359"}],"curies":[{"name":"wp","href":"https:\/\/api.w.org\/{rel}","templated":true}]}}