{"id":14010,"date":"2025-06-09T15:11:58","date_gmt":"2025-06-09T18:11:58","guid":{"rendered":"https:\/\/www.fsfx.com.br\/hospital-marcio-cunha\/?p=14010"},"modified":"2025-06-09T15:11:58","modified_gmt":"2025-06-09T18:11:58","slug":"dia-nacional-da-imunizacao-reforca-a-importancia-das-vacinas-para-a-saude-individual-e-coletiva","status":"publish","type":"post","link":"https:\/\/www.fsfx.com.br\/hospital-marcio-cunha\/dia-nacional-da-imunizacao-reforca-a-importancia-das-vacinas-para-a-saude-individual-e-coletiva\/","title":{"rendered":"Dia Nacional da Imuniza\u00e7\u00e3o refor\u00e7a a import\u00e2ncia das vacinas para a sa\u00fade individual e coletiva"},"content":{"rendered":"<p>Comemorado em 9 de junho, o Dia Nacional da Imuniza\u00e7\u00e3o tem como principal objetivo chamar a aten\u00e7\u00e3o da popula\u00e7\u00e3o para a import\u00e2ncia de manter a vacina\u00e7\u00e3o em dia, em todas as fases da vida. Segundo o m\u00e9dico infectologista da Funda\u00e7\u00e3o S\u00e3o Francisco Xavier (FSFX), Dr. M\u00e1rcio de Castro, as vacinas s\u00e3o uma das principais ferramentas de prote\u00e7\u00e3o contra doen\u00e7as infecciosas e, al\u00e9m do benef\u00edcio individual, oferecem tamb\u00e9m uma barreira de prote\u00e7\u00e3o coletiva.<\/p>\n<p><img fetchpriority=\"high\" decoding=\"async\" class=\"size-medium wp-image-20662 alignleft\" src=\"https:\/\/www.fsfx.com.br\/wp-content\/uploads\/2025\/06\/Dr.-Marcio-de-Castro-infectologista-da-FSFX-300x225.jpeg\" alt=\"\" width=\"300\" height=\"225\" \/>\u201cO papel das vacinas \u00e9 fundamental. A imuniza\u00e7\u00e3o garante prote\u00e7\u00e3o para o indiv\u00edduo e, principalmente, para toda a sociedade. O calend\u00e1rio vacinal \u00e9 constru\u00eddo com base em vacinas que s\u00e3o comprovadamente eficazes e seguras. Estudos cient\u00edficos respaldam a utiliza\u00e7\u00e3o de cada uma delas. Vacinas n\u00e3o s\u00f3 previnem doen\u00e7as graves e evitam mortes, como s\u00e3o instrumentos de sa\u00fade p\u00fablica para impedirem a circula\u00e7\u00e3o de agentes infecciosos e evitarem surtos e epidemias\u201d, destaca o especialista.<\/p>\n<p>Dr. M\u00e1rcio lembra que doen\u00e7as como a var\u00edola, a poliomielite, o sarampo, a caxumba e a rub\u00e9ola foram controladas ou at\u00e9 erradicadas no Brasil gra\u00e7as \u00e0 vacina\u00e7\u00e3o em massa. \u201cInfelizmente, a queda nas taxas de imuniza\u00e7\u00e3o, nos \u00faltimos anos, tem trazido de volta doen\u00e7as que estavam controladas. O sarampo \u00e9 um exemplo. O Brasil havia recebido o t\u00edtulo de pa\u00eds livre do sarampo, mas a doen\u00e7a voltou a circular devido \u00e0 queda no n\u00famero ades\u00f5es a vacina contra a doen\u00e7a, muita das vezes por falta de informa\u00e7\u00e3o e por acreditarem em teorias sem qualquer respaldo cient\u00edfico\u201d, alerta.<\/p>\n<p>O m\u00e9dico refor\u00e7a que o Brasil sempre foi refer\u00eancia em vacina\u00e7\u00e3o, com um calend\u00e1rio robusto e acesso gratuito \u00e0s principais vacinas. \u201cPrecisamos retomar os altos \u00edndices de cobertura vacinal para evitar o retorno de doen\u00e7as j\u00e1 controladas\u201d, ressalta.<\/p>\n<p>A globaliza\u00e7\u00e3o e o aumento da mobilidade humana tamb\u00e9m contribuem para a dissemina\u00e7\u00e3o de v\u00edrus e bact\u00e9rias entre os pa\u00edses. \u201cNos \u00faltimos anos, tivemos surtos de H1N1, Zika v\u00edrus, febre amarela e, mais recentemente, a pandemia de Covid-19. Quanto mais as pessoas circulam, maior \u00e9 o risco de agentes infecciosos se espalharem rapidamente. \u00c9 por isso que a vacina\u00e7\u00e3o em larga escala \u00e9 uma medida coletiva eficaz: ela cria uma barreira imunol\u00f3gica na popula\u00e7\u00e3o, impedindo que o v\u00edrus encontre hospedeiros e se dissemine\u201d, explica o infectologista.<\/p>\n<p>Segundo ele, uma das principais causas de mortalidade infantil no mundo s\u00e3o doen\u00e7as infecciosas, e duas medidas t\u00eam se mostrado fundamentais na redu\u00e7\u00e3o desses \u00edndices: a vacina\u00e7\u00e3o e o saneamento b\u00e1sico. \u201cPa\u00edses tropicais e em desenvolvimento, como o Brasil, t\u00eam alcan\u00e7ado avan\u00e7os significativos na redu\u00e7\u00e3o da mortalidade infantil gra\u00e7as \u00e0 vacina\u00e7\u00e3o. Doen\u00e7as como poliomielite, difteria e sarampo deixaram de ser causas de morte frequente entre crian\u00e7as justamente por conta das vacinas\u201d, explica.<\/p>\n<p>O especialista refor\u00e7a que adultos tamb\u00e9m precisam manter o cart\u00e3o vacinal atualizado. Ele cita vacinas essenciais como a dupla adulto (contra t\u00e9tano e difteria, com refor\u00e7o a cada 10 anos), a de febre amarela (sobretudo em regi\u00f5es como o leste de Minas Gerais, onde houve surtos recentes), tr\u00edplice viral (sarampo, caxumba e rub\u00e9ola), gripe (sazonal, atualizada anualmente), hepatite B e Covid-19, especialmente para pessoas com maior risco. \u201cAl\u00e9m disso, h\u00e1 vacinas espec\u00edficas para idosos e pessoas com doen\u00e7as que afetam o sistema imunol\u00f3gico, como a de pneumonia e herpes zoster. Algumas j\u00e1 est\u00e3o dispon\u00edveis pelo SUS e outras na rede privada\u201d, orienta.<\/p>\n<p>Por fim, Dr. M\u00e1rcio alerta para a import\u00e2ncia da vacina\u00e7\u00e3o. \u201c\u00c9 preciso confiar na ci\u00eancia e lembrar quantas vidas j\u00e1 foram salvas pelas vacinas\u201d, pontua.<\/p>\n","protected":false},"excerpt":{"rendered":"<p>Comemorado em 9 de junho, o Dia Nacional da Imuniza\u00e7\u00e3o tem como principal objetivo chamar a aten\u00e7\u00e3o da popula\u00e7\u00e3o para a import\u00e2ncia de manter a vacina\u00e7\u00e3o em dia, em todas as fases da vida. Segundo o m\u00e9dico infectologista da Funda\u00e7\u00e3o S\u00e3o Francisco Xavier (FSFX), Dr. M\u00e1rcio de Castro, as vacinas s\u00e3o uma das principais ferramentas [&hellip;]<\/p>\n","protected":false},"author":6,"featured_media":14011,"comment_status":"closed","ping_status":"closed","sticky":false,"template":"","format":"standard","meta":{"_acf_changed":false,"site-sidebar-layout":"default","site-content-layout":"","ast-site-content-layout":"default","site-content-style":"default","site-sidebar-style":"default","ast-global-header-display":"","ast-banner-title-visibility":"","ast-main-header-display":"","ast-hfb-above-header-display":"","ast-hfb-below-header-display":"","ast-hfb-mobile-header-display":"","site-post-title":"","ast-breadcrumbs-content":"","ast-featured-img":"","footer-sml-layout":"","theme-transparent-header-meta":"","adv-header-id-meta":"","stick-header-meta":"","header-above-stick-meta":"","header-main-stick-meta":"","header-below-stick-meta":"","astra-migrate-meta-layouts":"default","ast-page-background-enabled":"default","ast-page-background-meta":{"desktop":{"background-color":"var(--ast-global-color-4)","background-image":"","background-repeat":"repeat","background-position":"center center","background-size":"auto","background-attachment":"scroll","background-type":"","background-media":"","overlay-type":"","overlay-color":"","overlay-opacity":"","overlay-gradient":""},"tablet":{"background-color":"","background-image":"","background-repeat":"repeat","background-position":"center center","background-size":"auto","background-attachment":"scroll","background-type":"","background-media":"","overlay-type":"","overlay-color":"","overlay-opacity":"","overlay-gradient":""},"mobile":{"background-color":"","background-image":"","background-repeat":"repeat","background-position":"center center","background-size":"auto","background-attachment":"scroll","background-type":"","background-media":"","overlay-type":"","overlay-color":"","overlay-opacity":"","overlay-gradient":""}},"ast-content-background-meta":{"desktop":{"background-color":"var(--ast-global-color-5)","background-image":"","background-repeat":"repeat","background-position":"center center","background-size":"auto","background-attachment":"scroll","background-type":"","background-media":"","overlay-type":"","overlay-color":"","overlay-opacity":"","overlay-gradient":""},"tablet":{"background-color":"var(--ast-global-color-5)","background-image":"","background-repeat":"repeat","background-position":"center center","background-size":"auto","background-attachment":"scroll","background-type":"","background-media":"","overlay-type":"","overlay-color":"","overlay-opacity":"","overlay-gradient":""},"mobile":{"background-color":"var(--ast-global-color-5)","background-image":"","background-repeat":"repeat","background-position":"center center","background-size":"auto","background-attachment":"scroll","background-type":"","background-media":"","overlay-type":"","overlay-color":"","overlay-opacity":"","overlay-gradient":""}},"footnotes":""},"categories":[24],"tags":[],"class_list":["post-14010","post","type-post","status-publish","format-standard","has-post-thumbnail","hentry","category-saude"],"acf":[],"yoast_head":"<!-- This site is optimized with the Yoast SEO plugin v26.9 - https:\/\/yoast.com\/product\/yoast-seo-wordpress\/ -->\n<title>Dia Nacional da Imuniza\u00e7\u00e3o refor\u00e7a a import\u00e2ncia das vacinas para a sa\u00fade individual e coletiva - Hospital M\u00e1rcio Cunha<\/title>\n<meta name=\"robots\" content=\"index, follow, max-snippet:-1, max-image-preview:large, max-video-preview:-1\" \/>\n<link rel=\"canonical\" href=\"https:\/\/www.fsfx.com.br\/hospital-marcio-cunha\/dia-nacional-da-imunizacao-reforca-a-importancia-das-vacinas-para-a-saude-individual-e-coletiva\/\" \/>\n<meta property=\"og:locale\" content=\"pt_BR\" \/>\n<meta property=\"og:type\" content=\"article\" \/>\n<meta property=\"og:title\" content=\"Dia Nacional da Imuniza\u00e7\u00e3o refor\u00e7a a import\u00e2ncia das vacinas para a sa\u00fade individual e coletiva - Hospital M\u00e1rcio Cunha\" \/>\n<meta property=\"og:description\" content=\"Comemorado em 9 de junho, o Dia Nacional da Imuniza\u00e7\u00e3o tem como principal objetivo chamar a aten\u00e7\u00e3o da popula\u00e7\u00e3o para a import\u00e2ncia de manter a vacina\u00e7\u00e3o em dia, em todas as fases da vida. Segundo o m\u00e9dico infectologista da Funda\u00e7\u00e3o S\u00e3o Francisco Xavier (FSFX), Dr. M\u00e1rcio de Castro, as vacinas s\u00e3o uma das principais ferramentas [&hellip;]\" \/>\n<meta property=\"og:url\" content=\"https:\/\/www.fsfx.com.br\/hospital-marcio-cunha\/dia-nacional-da-imunizacao-reforca-a-importancia-das-vacinas-para-a-saude-individual-e-coletiva\/\" \/>\n<meta property=\"og:site_name\" content=\"Hospital M\u00e1rcio Cunha\" \/>\n<meta property=\"article:published_time\" content=\"2025-06-09T18:11:58+00:00\" \/>\n<meta property=\"og:image\" content=\"https:\/\/www.fsfx.com.br\/hospital-marcio-cunha\/wp-content\/uploads\/sites\/9\/2025\/06\/Dr.-Marcio-de-Castro-infectologista-da-FSFX.jpeg\" \/>\n\t<meta property=\"og:image:width\" content=\"1920\" \/>\n\t<meta property=\"og:image:height\" content=\"1440\" \/>\n\t<meta property=\"og:image:type\" content=\"image\/jpeg\" \/>\n<meta name=\"author\" content=\"C\u00e1ssio Santana\" \/>\n<meta name=\"twitter:card\" content=\"summary_large_image\" \/>\n<meta name=\"twitter:label1\" content=\"Escrito por\" \/>\n\t<meta name=\"twitter:data1\" content=\"C\u00e1ssio Santana\" \/>\n\t<meta name=\"twitter:label2\" content=\"Est. tempo de leitura\" \/>\n\t<meta name=\"twitter:data2\" content=\"4 minutos\" \/>\n<script type=\"application\/ld+json\" class=\"yoast-schema-graph\">{\"@context\":\"https:\/\/schema.org\",\"@graph\":[{\"@type\":\"Article\",\"@id\":\"https:\/\/www.fsfx.com.br\/hospital-marcio-cunha\/dia-nacional-da-imunizacao-reforca-a-importancia-das-vacinas-para-a-saude-individual-e-coletiva\/#article\",\"isPartOf\":{\"@id\":\"https:\/\/www.fsfx.com.br\/hospital-marcio-cunha\/dia-nacional-da-imunizacao-reforca-a-importancia-das-vacinas-para-a-saude-individual-e-coletiva\/\"},\"author\":{\"name\":\"C\u00e1ssio Santana\",\"@id\":\"https:\/\/www.fsfx.com.br\/hospital-marcio-cunha\/#\/schema\/person\/6bf2cced2b7a5d5d78f5610fc8f52504\"},\"headline\":\"Dia Nacional da Imuniza\u00e7\u00e3o refor\u00e7a a import\u00e2ncia das vacinas para a sa\u00fade individual e coletiva\",\"datePublished\":\"2025-06-09T18:11:58+00:00\",\"mainEntityOfPage\":{\"@id\":\"https:\/\/www.fsfx.com.br\/hospital-marcio-cunha\/dia-nacional-da-imunizacao-reforca-a-importancia-das-vacinas-para-a-saude-individual-e-coletiva\/\"},\"wordCount\":669,\"publisher\":{\"@id\":\"https:\/\/www.fsfx.com.br\/hospital-marcio-cunha\/#organization\"},\"image\":{\"@id\":\"https:\/\/www.fsfx.com.br\/hospital-marcio-cunha\/dia-nacional-da-imunizacao-reforca-a-importancia-das-vacinas-para-a-saude-individual-e-coletiva\/#primaryimage\"},\"thumbnailUrl\":\"https:\/\/www.fsfx.com.br\/hospital-marcio-cunha\/wp-content\/uploads\/sites\/9\/2025\/06\/Dr.-Marcio-de-Castro-infectologista-da-FSFX.jpeg\",\"articleSection\":[\"Sa\u00fade\"],\"inLanguage\":\"pt-BR\"},{\"@type\":\"WebPage\",\"@id\":\"https:\/\/www.fsfx.com.br\/hospital-marcio-cunha\/dia-nacional-da-imunizacao-reforca-a-importancia-das-vacinas-para-a-saude-individual-e-coletiva\/\",\"url\":\"https:\/\/www.fsfx.com.br\/hospital-marcio-cunha\/dia-nacional-da-imunizacao-reforca-a-importancia-das-vacinas-para-a-saude-individual-e-coletiva\/\",\"name\":\"Dia Nacional da Imuniza\u00e7\u00e3o refor\u00e7a a import\u00e2ncia das vacinas para a sa\u00fade individual e coletiva - Hospital M\u00e1rcio Cunha\",\"isPartOf\":{\"@id\":\"https:\/\/www.fsfx.com.br\/hospital-marcio-cunha\/#website\"},\"primaryImageOfPage\":{\"@id\":\"https:\/\/www.fsfx.com.br\/hospital-marcio-cunha\/dia-nacional-da-imunizacao-reforca-a-importancia-das-vacinas-para-a-saude-individual-e-coletiva\/#primaryimage\"},\"image\":{\"@id\":\"https:\/\/www.fsfx.com.br\/hospital-marcio-cunha\/dia-nacional-da-imunizacao-reforca-a-importancia-das-vacinas-para-a-saude-individual-e-coletiva\/#primaryimage\"},\"thumbnailUrl\":\"https:\/\/www.fsfx.com.br\/hospital-marcio-cunha\/wp-content\/uploads\/sites\/9\/2025\/06\/Dr.-Marcio-de-Castro-infectologista-da-FSFX.jpeg\",\"datePublished\":\"2025-06-09T18:11:58+00:00\",\"breadcrumb\":{\"@id\":\"https:\/\/www.fsfx.com.br\/hospital-marcio-cunha\/dia-nacional-da-imunizacao-reforca-a-importancia-das-vacinas-para-a-saude-individual-e-coletiva\/#breadcrumb\"},\"inLanguage\":\"pt-BR\",\"potentialAction\":[{\"@type\":\"ReadAction\",\"target\":[\"https:\/\/www.fsfx.com.br\/hospital-marcio-cunha\/dia-nacional-da-imunizacao-reforca-a-importancia-das-vacinas-para-a-saude-individual-e-coletiva\/\"]}]},{\"@type\":\"ImageObject\",\"inLanguage\":\"pt-BR\",\"@id\":\"https:\/\/www.fsfx.com.br\/hospital-marcio-cunha\/dia-nacional-da-imunizacao-reforca-a-importancia-das-vacinas-para-a-saude-individual-e-coletiva\/#primaryimage\",\"url\":\"https:\/\/www.fsfx.com.br\/hospital-marcio-cunha\/wp-content\/uploads\/sites\/9\/2025\/06\/Dr.-Marcio-de-Castro-infectologista-da-FSFX.jpeg\",\"contentUrl\":\"https:\/\/www.fsfx.com.br\/hospital-marcio-cunha\/wp-content\/uploads\/sites\/9\/2025\/06\/Dr.-Marcio-de-Castro-infectologista-da-FSFX.jpeg\",\"width\":1920,\"height\":1440},{\"@type\":\"BreadcrumbList\",\"@id\":\"https:\/\/www.fsfx.com.br\/hospital-marcio-cunha\/dia-nacional-da-imunizacao-reforca-a-importancia-das-vacinas-para-a-saude-individual-e-coletiva\/#breadcrumb\",\"itemListElement\":[{\"@type\":\"ListItem\",\"position\":1,\"name\":\"In\u00edcio\",\"item\":\"https:\/\/www.fsfx.com.br\/hospital-marcio-cunha\/\"},{\"@type\":\"ListItem\",\"position\":2,\"name\":\"Dia Nacional da Imuniza\u00e7\u00e3o refor\u00e7a a import\u00e2ncia das vacinas para a sa\u00fade individual e coletiva\"}]},{\"@type\":\"WebSite\",\"@id\":\"https:\/\/www.fsfx.com.br\/hospital-marcio-cunha\/#website\",\"url\":\"https:\/\/www.fsfx.com.br\/hospital-marcio-cunha\/\",\"name\":\"Hospital M\u00e1rcio Cunha\",\"description\":\"O Hospital M\u00e1rcio Cunha (HMC) \u00e9 um hospital geral de alta complexidade, com 558 leitos e tr\u00eas unidades, sendo uma unidade exclusiva para o tratamento oncol\u00f3gico.\",\"publisher\":{\"@id\":\"https:\/\/www.fsfx.com.br\/hospital-marcio-cunha\/#organization\"},\"potentialAction\":[{\"@type\":\"SearchAction\",\"target\":{\"@type\":\"EntryPoint\",\"urlTemplate\":\"https:\/\/www.fsfx.com.br\/hospital-marcio-cunha\/?s={search_term_string}\"},\"query-input\":{\"@type\":\"PropertyValueSpecification\",\"valueRequired\":true,\"valueName\":\"search_term_string\"}}],\"inLanguage\":\"pt-BR\"},{\"@type\":\"Organization\",\"@id\":\"https:\/\/www.fsfx.com.br\/hospital-marcio-cunha\/#organization\",\"name\":\"HMC - Hospital M\u00e1rcio Cunha\",\"url\":\"https:\/\/www.fsfx.com.br\/hospital-marcio-cunha\/\",\"logo\":{\"@type\":\"ImageObject\",\"inLanguage\":\"pt-BR\",\"@id\":\"https:\/\/www.fsfx.com.br\/hospital-marcio-cunha\/#\/schema\/logo\/image\/\",\"url\":\"https:\/\/www.fsfx.com.br\/hospital-marcio-cunha\/wp-content\/uploads\/sites\/9\/2022\/04\/logo-hmc-color.png\",\"contentUrl\":\"https:\/\/www.fsfx.com.br\/hospital-marcio-cunha\/wp-content\/uploads\/sites\/9\/2022\/04\/logo-hmc-color.png\",\"width\":264,\"height\":59,\"caption\":\"HMC - Hospital M\u00e1rcio Cunha\"},\"image\":{\"@id\":\"https:\/\/www.fsfx.com.br\/hospital-marcio-cunha\/#\/schema\/logo\/image\/\"}},{\"@type\":\"Person\",\"@id\":\"https:\/\/www.fsfx.com.br\/hospital-marcio-cunha\/#\/schema\/person\/6bf2cced2b7a5d5d78f5610fc8f52504\",\"name\":\"C\u00e1ssio Santana\",\"image\":{\"@type\":\"ImageObject\",\"inLanguage\":\"pt-BR\",\"@id\":\"https:\/\/www.fsfx.com.br\/hospital-marcio-cunha\/#\/schema\/person\/image\/\",\"url\":\"https:\/\/secure.gravatar.com\/avatar\/ef79739de3edd2f5c2e7c4930b0808c62af99fc5520eaadc7899948f8bc6d2e1?s=96&d=mm&r=g\",\"contentUrl\":\"https:\/\/secure.gravatar.com\/avatar\/ef79739de3edd2f5c2e7c4930b0808c62af99fc5520eaadc7899948f8bc6d2e1?s=96&d=mm&r=g\",\"caption\":\"C\u00e1ssio Santana\"},\"url\":\"https:\/\/www.fsfx.com.br\/hospital-marcio-cunha\/author\/cassio\/\"}]}<\/script>\n<!-- \/ Yoast SEO plugin. -->","yoast_head_json":{"title":"Dia Nacional da Imuniza\u00e7\u00e3o refor\u00e7a a import\u00e2ncia das vacinas para a sa\u00fade individual e coletiva - Hospital M\u00e1rcio Cunha","robots":{"index":"index","follow":"follow","max-snippet":"max-snippet:-1","max-image-preview":"max-image-preview:large","max-video-preview":"max-video-preview:-1"},"canonical":"https:\/\/www.fsfx.com.br\/hospital-marcio-cunha\/dia-nacional-da-imunizacao-reforca-a-importancia-das-vacinas-para-a-saude-individual-e-coletiva\/","og_locale":"pt_BR","og_type":"article","og_title":"Dia Nacional da Imuniza\u00e7\u00e3o refor\u00e7a a import\u00e2ncia das vacinas para a sa\u00fade individual e coletiva - Hospital M\u00e1rcio Cunha","og_description":"Comemorado em 9 de junho, o Dia Nacional da Imuniza\u00e7\u00e3o tem como principal objetivo chamar a aten\u00e7\u00e3o da popula\u00e7\u00e3o para a import\u00e2ncia de manter a vacina\u00e7\u00e3o em dia, em todas as fases da vida. Segundo o m\u00e9dico infectologista da Funda\u00e7\u00e3o S\u00e3o Francisco Xavier (FSFX), Dr. M\u00e1rcio de Castro, as vacinas s\u00e3o uma das principais ferramentas [&hellip;]","og_url":"https:\/\/www.fsfx.com.br\/hospital-marcio-cunha\/dia-nacional-da-imunizacao-reforca-a-importancia-das-vacinas-para-a-saude-individual-e-coletiva\/","og_site_name":"Hospital M\u00e1rcio Cunha","article_published_time":"2025-06-09T18:11:58+00:00","og_image":[{"width":1920,"height":1440,"url":"https:\/\/www.fsfx.com.br\/hospital-marcio-cunha\/wp-content\/uploads\/sites\/9\/2025\/06\/Dr.-Marcio-de-Castro-infectologista-da-FSFX.jpeg","type":"image\/jpeg"}],"author":"C\u00e1ssio Santana","twitter_card":"summary_large_image","twitter_misc":{"Escrito por":"C\u00e1ssio Santana","Est. tempo de leitura":"4 minutos"},"schema":{"@context":"https:\/\/schema.org","@graph":[{"@type":"Article","@id":"https:\/\/www.fsfx.com.br\/hospital-marcio-cunha\/dia-nacional-da-imunizacao-reforca-a-importancia-das-vacinas-para-a-saude-individual-e-coletiva\/#article","isPartOf":{"@id":"https:\/\/www.fsfx.com.br\/hospital-marcio-cunha\/dia-nacional-da-imunizacao-reforca-a-importancia-das-vacinas-para-a-saude-individual-e-coletiva\/"},"author":{"name":"C\u00e1ssio Santana","@id":"https:\/\/www.fsfx.com.br\/hospital-marcio-cunha\/#\/schema\/person\/6bf2cced2b7a5d5d78f5610fc8f52504"},"headline":"Dia Nacional da Imuniza\u00e7\u00e3o refor\u00e7a a import\u00e2ncia das vacinas para a sa\u00fade individual e coletiva","datePublished":"2025-06-09T18:11:58+00:00","mainEntityOfPage":{"@id":"https:\/\/www.fsfx.com.br\/hospital-marcio-cunha\/dia-nacional-da-imunizacao-reforca-a-importancia-das-vacinas-para-a-saude-individual-e-coletiva\/"},"wordCount":669,"publisher":{"@id":"https:\/\/www.fsfx.com.br\/hospital-marcio-cunha\/#organization"},"image":{"@id":"https:\/\/www.fsfx.com.br\/hospital-marcio-cunha\/dia-nacional-da-imunizacao-reforca-a-importancia-das-vacinas-para-a-saude-individual-e-coletiva\/#primaryimage"},"thumbnailUrl":"https:\/\/www.fsfx.com.br\/hospital-marcio-cunha\/wp-content\/uploads\/sites\/9\/2025\/06\/Dr.-Marcio-de-Castro-infectologista-da-FSFX.jpeg","articleSection":["Sa\u00fade"],"inLanguage":"pt-BR"},{"@type":"WebPage","@id":"https:\/\/www.fsfx.com.br\/hospital-marcio-cunha\/dia-nacional-da-imunizacao-reforca-a-importancia-das-vacinas-para-a-saude-individual-e-coletiva\/","url":"https:\/\/www.fsfx.com.br\/hospital-marcio-cunha\/dia-nacional-da-imunizacao-reforca-a-importancia-das-vacinas-para-a-saude-individual-e-coletiva\/","name":"Dia Nacional da Imuniza\u00e7\u00e3o refor\u00e7a a import\u00e2ncia das vacinas para a sa\u00fade individual e coletiva - Hospital M\u00e1rcio Cunha","isPartOf":{"@id":"https:\/\/www.fsfx.com.br\/hospital-marcio-cunha\/#website"},"primaryImageOfPage":{"@id":"https:\/\/www.fsfx.com.br\/hospital-marcio-cunha\/dia-nacional-da-imunizacao-reforca-a-importancia-das-vacinas-para-a-saude-individual-e-coletiva\/#primaryimage"},"image":{"@id":"https:\/\/www.fsfx.com.br\/hospital-marcio-cunha\/dia-nacional-da-imunizacao-reforca-a-importancia-das-vacinas-para-a-saude-individual-e-coletiva\/#primaryimage"},"thumbnailUrl":"https:\/\/www.fsfx.com.br\/hospital-marcio-cunha\/wp-content\/uploads\/sites\/9\/2025\/06\/Dr.-Marcio-de-Castro-infectologista-da-FSFX.jpeg","datePublished":"2025-06-09T18:11:58+00:00","breadcrumb":{"@id":"https:\/\/www.fsfx.com.br\/hospital-marcio-cunha\/dia-nacional-da-imunizacao-reforca-a-importancia-das-vacinas-para-a-saude-individual-e-coletiva\/#breadcrumb"},"inLanguage":"pt-BR","potentialAction":[{"@type":"ReadAction","target":["https:\/\/www.fsfx.com.br\/hospital-marcio-cunha\/dia-nacional-da-imunizacao-reforca-a-importancia-das-vacinas-para-a-saude-individual-e-coletiva\/"]}]},{"@type":"ImageObject","inLanguage":"pt-BR","@id":"https:\/\/www.fsfx.com.br\/hospital-marcio-cunha\/dia-nacional-da-imunizacao-reforca-a-importancia-das-vacinas-para-a-saude-individual-e-coletiva\/#primaryimage","url":"https:\/\/www.fsfx.com.br\/hospital-marcio-cunha\/wp-content\/uploads\/sites\/9\/2025\/06\/Dr.-Marcio-de-Castro-infectologista-da-FSFX.jpeg","contentUrl":"https:\/\/www.fsfx.com.br\/hospital-marcio-cunha\/wp-content\/uploads\/sites\/9\/2025\/06\/Dr.-Marcio-de-Castro-infectologista-da-FSFX.jpeg","width":1920,"height":1440},{"@type":"BreadcrumbList","@id":"https:\/\/www.fsfx.com.br\/hospital-marcio-cunha\/dia-nacional-da-imunizacao-reforca-a-importancia-das-vacinas-para-a-saude-individual-e-coletiva\/#breadcrumb","itemListElement":[{"@type":"ListItem","position":1,"name":"In\u00edcio","item":"https:\/\/www.fsfx.com.br\/hospital-marcio-cunha\/"},{"@type":"ListItem","position":2,"name":"Dia Nacional da Imuniza\u00e7\u00e3o refor\u00e7a a import\u00e2ncia das vacinas para a sa\u00fade individual e coletiva"}]},{"@type":"WebSite","@id":"https:\/\/www.fsfx.com.br\/hospital-marcio-cunha\/#website","url":"https:\/\/www.fsfx.com.br\/hospital-marcio-cunha\/","name":"Hospital M\u00e1rcio Cunha","description":"O Hospital M\u00e1rcio Cunha (HMC) \u00e9 um hospital geral de alta complexidade, com 558 leitos e tr\u00eas unidades, sendo uma unidade exclusiva para o tratamento oncol\u00f3gico.","publisher":{"@id":"https:\/\/www.fsfx.com.br\/hospital-marcio-cunha\/#organization"},"potentialAction":[{"@type":"SearchAction","target":{"@type":"EntryPoint","urlTemplate":"https:\/\/www.fsfx.com.br\/hospital-marcio-cunha\/?s={search_term_string}"},"query-input":{"@type":"PropertyValueSpecification","valueRequired":true,"valueName":"search_term_string"}}],"inLanguage":"pt-BR"},{"@type":"Organization","@id":"https:\/\/www.fsfx.com.br\/hospital-marcio-cunha\/#organization","name":"HMC - Hospital M\u00e1rcio Cunha","url":"https:\/\/www.fsfx.com.br\/hospital-marcio-cunha\/","logo":{"@type":"ImageObject","inLanguage":"pt-BR","@id":"https:\/\/www.fsfx.com.br\/hospital-marcio-cunha\/#\/schema\/logo\/image\/","url":"https:\/\/www.fsfx.com.br\/hospital-marcio-cunha\/wp-content\/uploads\/sites\/9\/2022\/04\/logo-hmc-color.png","contentUrl":"https:\/\/www.fsfx.com.br\/hospital-marcio-cunha\/wp-content\/uploads\/sites\/9\/2022\/04\/logo-hmc-color.png","width":264,"height":59,"caption":"HMC - Hospital M\u00e1rcio Cunha"},"image":{"@id":"https:\/\/www.fsfx.com.br\/hospital-marcio-cunha\/#\/schema\/logo\/image\/"}},{"@type":"Person","@id":"https:\/\/www.fsfx.com.br\/hospital-marcio-cunha\/#\/schema\/person\/6bf2cced2b7a5d5d78f5610fc8f52504","name":"C\u00e1ssio Santana","image":{"@type":"ImageObject","inLanguage":"pt-BR","@id":"https:\/\/www.fsfx.com.br\/hospital-marcio-cunha\/#\/schema\/person\/image\/","url":"https:\/\/secure.gravatar.com\/avatar\/ef79739de3edd2f5c2e7c4930b0808c62af99fc5520eaadc7899948f8bc6d2e1?s=96&d=mm&r=g","contentUrl":"https:\/\/secure.gravatar.com\/avatar\/ef79739de3edd2f5c2e7c4930b0808c62af99fc5520eaadc7899948f8bc6d2e1?s=96&d=mm&r=g","caption":"C\u00e1ssio Santana"},"url":"https:\/\/www.fsfx.com.br\/hospital-marcio-cunha\/author\/cassio\/"}]}},"_links":{"self":[{"href":"https:\/\/www.fsfx.com.br\/hospital-marcio-cunha\/wp-json\/wp\/v2\/posts\/14010","targetHints":{"allow":["GET"]}}],"collection":[{"href":"https:\/\/www.fsfx.com.br\/hospital-marcio-cunha\/wp-json\/wp\/v2\/posts"}],"about":[{"href":"https:\/\/www.fsfx.com.br\/hospital-marcio-cunha\/wp-json\/wp\/v2\/types\/post"}],"author":[{"embeddable":true,"href":"https:\/\/www.fsfx.com.br\/hospital-marcio-cunha\/wp-json\/wp\/v2\/users\/6"}],"replies":[{"embeddable":true,"href":"https:\/\/www.fsfx.com.br\/hospital-marcio-cunha\/wp-json\/wp\/v2\/comments?post=14010"}],"version-history":[{"count":1,"href":"https:\/\/www.fsfx.com.br\/hospital-marcio-cunha\/wp-json\/wp\/v2\/posts\/14010\/revisions"}],"predecessor-version":[{"id":14012,"href":"https:\/\/www.fsfx.com.br\/hospital-marcio-cunha\/wp-json\/wp\/v2\/posts\/14010\/revisions\/14012"}],"wp:featuredmedia":[{"embeddable":true,"href":"https:\/\/www.fsfx.com.br\/hospital-marcio-cunha\/wp-json\/wp\/v2\/media\/14011"}],"wp:attachment":[{"href":"https:\/\/www.fsfx.com.br\/hospital-marcio-cunha\/wp-json\/wp\/v2\/media?parent=14010"}],"wp:term":[{"taxonomy":"category","embeddable":true,"href":"https:\/\/www.fsfx.com.br\/hospital-marcio-cunha\/wp-json\/wp\/v2\/categories?post=14010"},{"taxonomy":"post_tag","embeddable":true,"href":"https:\/\/www.fsfx.com.br\/hospital-marcio-cunha\/wp-json\/wp\/v2\/tags?post=14010"}],"curies":[{"name":"wp","href":"https:\/\/api.w.org\/{rel}","templated":true}]}}