{"id":14071,"date":"2025-07-08T15:35:34","date_gmt":"2025-07-08T18:35:34","guid":{"rendered":"https:\/\/www.fsfx.com.br\/hospital-marcio-cunha\/?p=14071"},"modified":"2025-07-08T15:35:34","modified_gmt":"2025-07-08T18:35:34","slug":"fundacao-sao-francisco-xavier-celebra-os-60-anos-do-hospital-marcio-cunha-com-estande-cheio-de-atracoes-na-35a-expo-usipa","status":"publish","type":"post","link":"https:\/\/www.fsfx.com.br\/hospital-marcio-cunha\/fundacao-sao-francisco-xavier-celebra-os-60-anos-do-hospital-marcio-cunha-com-estande-cheio-de-atracoes-na-35a-expo-usipa\/","title":{"rendered":"Funda\u00e7\u00e3o S\u00e3o Francisco Xavier celebra os 60 anos do Hospital M\u00e1rcio Cunha com estande cheio de atra\u00e7\u00f5es na 35\u00aa Expo Usipa"},"content":{"rendered":"<p class=\"xmsonormal\" style=\"text-align: justify;line-height: 115%\"><span style=\"font-size: 12.0pt;line-height: 115%;font-family: 'Arial',sans-serif\">A Funda\u00e7\u00e3o S\u00e3o Francisco Xavier participa da 35\u00aa edi\u00e7\u00e3o da Expo Usipa com um estande especial em comemora\u00e7\u00e3o aos 60 anos do Hospital M\u00e1rcio Cunha. O evento, considerado a maior feira de neg\u00f3cios e relacionamentos da regi\u00e3o, ser\u00e1 realizado entre os dias 9 e 11 de julho de 2025, na Usipa, em Ipatinga, das 19h \u00e0s 23h, e no s\u00e1bado, 12 de julho, das 13h \u00e0s 17h. Com entrada gratuita, os visitantes devem apenas realizar o credenciamento antecipado pelo site www.expousipa.com e s\u00e3o convidados a contribuir com a doa\u00e7\u00e3o volunt\u00e1ria de 1 kg de alimento n\u00e3o perec\u00edvel ou 1 litro de leite longa vida, que ser\u00e1 destinado a institui\u00e7\u00f5es sociais por meio da parceria com o programa Mesa Brasil.<\/span><\/p>\n<p class=\"xmsonormal\" style=\"text-align: justify;line-height: 115%\"><span style=\"font-size: 12.0pt;line-height: 115%;font-family: 'Arial',sans-serif\">No estande do Hospital M\u00e1rcio Cunha, o p\u00fablico poder\u00e1 vivenciar uma experi\u00eancia interativa e educativa, com foco na preven\u00e7\u00e3o e no cuidado com a sa\u00fade. Ser\u00e3o oferecidas aferi\u00e7\u00f5es de press\u00e3o arterial e testes de glicemia capilar, a\u00e7\u00f5es simples, mas fundamentais para o controle de doen\u00e7as cr\u00f4nicas como a hipertens\u00e3o e o diabetes. Al\u00e9m disso, os visitantes poder\u00e3o participar de um quiz interativo com perguntas sobre sa\u00fade e sobre a hist\u00f3ria do pr\u00f3prio hospital, concorrendo a brindes especiais de forma l\u00fadica e informativa.<\/span><\/p>\n<p class=\"xmsonormal\" style=\"text-align: justify;line-height: 115%\"><span style=\"font-size: 12.0pt;line-height: 115%;font-family: 'Arial',sans-serif\">Outro atrativo ser\u00e1 o espa\u00e7o instagram\u00e1vel, montado especialmente para celebrar as seis d\u00e9cadas de hist\u00f3ria do hospital. O cen\u00e1rio foi pensado para que os visitantes possam registrar sua passagem e compartilhar nas redes sociais, ajudando a espalhar a mensagem de cuidado, acolhimento e compromisso com a vida que sempre marcaram a atua\u00e7\u00e3o do HMC.<\/span><\/p>\n<p class=\"xmsonormal\" style=\"text-align: justify;line-height: 115%\"><span style=\"font-size: 12.0pt;line-height: 115%;font-family: 'Arial',sans-serif\">Durante os quatro dias da feira, o estande tamb\u00e9m ser\u00e1 uma vitrine para apresentar ao p\u00fablico os principais servi\u00e7os oferecidos pelo hospital, como os atendimentos de alta complexidade, a estrutura hospitalar, as especialidades m\u00e9dicas e o papel social que a institui\u00e7\u00e3o desempenha ao longo de sua trajet\u00f3ria. A participa\u00e7\u00e3o na Expo Usipa refor\u00e7a o compromisso da Funda\u00e7\u00e3o S\u00e3o Francisco Xavier em estar pr\u00f3ximo da comunidade, promovendo sa\u00fade com informa\u00e7\u00e3o, acolhimento e conex\u00e3o com as pessoas. <\/span><\/p>\n<p class=\"xmsonormal\" style=\"text-align: justify;line-height: 115%\"><span style=\"font-size: 12.0pt;line-height: 115%;font-family: 'Arial',sans-serif\">Visite o estande celebrativo dos 60 anos do Hospital M\u00e1rcio Cunha na Expo Usipa 2025 e fa\u00e7a parte desta hist\u00f3ria que continua sendo escrita com dedica\u00e7\u00e3o e amor \u00e0 vida.<\/span><\/p>\n<p class=\"xmsonormal\" style=\"text-align: justify;line-height: 115%\"><img fetchpriority=\"high\" decoding=\"async\" class=\"aligncenter wp-image-20869 size-large\" src=\"https:\/\/www.fsfx.com.br\/wp-content\/uploads\/2025\/07\/Estande-Hospital-Marcio-Cunha-1024x624.jpeg\" alt=\"\" width=\"1024\" height=\"624\" \/><\/p>\n","protected":false},"excerpt":{"rendered":"<p>A Funda\u00e7\u00e3o S\u00e3o Francisco Xavier participa da 35\u00aa edi\u00e7\u00e3o da Expo Usipa com um estande especial em comemora\u00e7\u00e3o aos 60 anos do Hospital M\u00e1rcio Cunha. O evento, considerado a maior feira de neg\u00f3cios e relacionamentos da regi\u00e3o, ser\u00e1 realizado entre os dias 9 e 11 de julho de 2025, na Usipa, em Ipatinga, das 19h [&hellip;]<\/p>\n","protected":false},"author":6,"featured_media":14072,"comment_status":"closed","ping_status":"closed","sticky":false,"template":"","format":"standard","meta":{"_acf_changed":false,"site-sidebar-layout":"default","site-content-layout":"","ast-site-content-layout":"default","site-content-style":"default","site-sidebar-style":"default","ast-global-header-display":"","ast-banner-title-visibility":"","ast-main-header-display":"","ast-hfb-above-header-display":"","ast-hfb-below-header-display":"","ast-hfb-mobile-header-display":"","site-post-title":"","ast-breadcrumbs-content":"","ast-featured-img":"","footer-sml-layout":"","theme-transparent-header-meta":"","adv-header-id-meta":"","stick-header-meta":"","header-above-stick-meta":"","header-main-stick-meta":"","header-below-stick-meta":"","astra-migrate-meta-layouts":"default","ast-page-background-enabled":"default","ast-page-background-meta":{"desktop":{"background-color":"var(--ast-global-color-4)","background-image":"","background-repeat":"repeat","background-position":"center center","background-size":"auto","background-attachment":"scroll","background-type":"","background-media":"","overlay-type":"","overlay-color":"","overlay-opacity":"","overlay-gradient":""},"tablet":{"background-color":"","background-image":"","background-repeat":"repeat","background-position":"center center","background-size":"auto","background-attachment":"scroll","background-type":"","background-media":"","overlay-type":"","overlay-color":"","overlay-opacity":"","overlay-gradient":""},"mobile":{"background-color":"","background-image":"","background-repeat":"repeat","background-position":"center center","background-size":"auto","background-attachment":"scroll","background-type":"","background-media":"","overlay-type":"","overlay-color":"","overlay-opacity":"","overlay-gradient":""}},"ast-content-background-meta":{"desktop":{"background-color":"var(--ast-global-color-5)","background-image":"","background-repeat":"repeat","background-position":"center center","background-size":"auto","background-attachment":"scroll","background-type":"","background-media":"","overlay-type":"","overlay-color":"","overlay-opacity":"","overlay-gradient":""},"tablet":{"background-color":"var(--ast-global-color-5)","background-image":"","background-repeat":"repeat","background-position":"center center","background-size":"auto","background-attachment":"scroll","background-type":"","background-media":"","overlay-type":"","overlay-color":"","overlay-opacity":"","overlay-gradient":""},"mobile":{"background-color":"var(--ast-global-color-5)","background-image":"","background-repeat":"repeat","background-position":"center center","background-size":"auto","background-attachment":"scroll","background-type":"","background-media":"","overlay-type":"","overlay-color":"","overlay-opacity":"","overlay-gradient":""}},"footnotes":""},"categories":[24],"tags":[],"class_list":["post-14071","post","type-post","status-publish","format-standard","has-post-thumbnail","hentry","category-saude"],"acf":[],"yoast_head":"<!-- This site is optimized with the Yoast SEO plugin v26.9 - https:\/\/yoast.com\/product\/yoast-seo-wordpress\/ -->\n<title>Funda\u00e7\u00e3o S\u00e3o Francisco Xavier celebra os 60 anos do Hospital M\u00e1rcio Cunha com estande cheio de atra\u00e7\u00f5es na 35\u00aa Expo Usipa - Hospital M\u00e1rcio Cunha<\/title>\n<meta name=\"robots\" content=\"index, follow, max-snippet:-1, max-image-preview:large, max-video-preview:-1\" \/>\n<link rel=\"canonical\" href=\"https:\/\/www.fsfx.com.br\/hospital-marcio-cunha\/fundacao-sao-francisco-xavier-celebra-os-60-anos-do-hospital-marcio-cunha-com-estande-cheio-de-atracoes-na-35a-expo-usipa\/\" \/>\n<meta property=\"og:locale\" content=\"pt_BR\" \/>\n<meta property=\"og:type\" content=\"article\" \/>\n<meta property=\"og:title\" content=\"Funda\u00e7\u00e3o S\u00e3o Francisco Xavier celebra os 60 anos do Hospital M\u00e1rcio Cunha com estande cheio de atra\u00e7\u00f5es na 35\u00aa Expo Usipa - Hospital M\u00e1rcio Cunha\" \/>\n<meta property=\"og:description\" content=\"A Funda\u00e7\u00e3o S\u00e3o Francisco Xavier participa da 35\u00aa edi\u00e7\u00e3o da Expo Usipa com um estande especial em comemora\u00e7\u00e3o aos 60 anos do Hospital M\u00e1rcio Cunha. O evento, considerado a maior feira de neg\u00f3cios e relacionamentos da regi\u00e3o, ser\u00e1 realizado entre os dias 9 e 11 de julho de 2025, na Usipa, em Ipatinga, das 19h [&hellip;]\" \/>\n<meta property=\"og:url\" content=\"https:\/\/www.fsfx.com.br\/hospital-marcio-cunha\/fundacao-sao-francisco-xavier-celebra-os-60-anos-do-hospital-marcio-cunha-com-estande-cheio-de-atracoes-na-35a-expo-usipa\/\" \/>\n<meta property=\"og:site_name\" content=\"Hospital M\u00e1rcio Cunha\" \/>\n<meta property=\"article:published_time\" content=\"2025-07-08T18:35:34+00:00\" \/>\n<meta property=\"og:image\" content=\"https:\/\/www.fsfx.com.br\/hospital-marcio-cunha\/wp-content\/uploads\/sites\/9\/2025\/07\/Estande-Hospital-Marcio-Cunha.jpeg\" \/>\n\t<meta property=\"og:image:width\" content=\"1600\" \/>\n\t<meta property=\"og:image:height\" content=\"975\" \/>\n\t<meta property=\"og:image:type\" content=\"image\/jpeg\" \/>\n<meta name=\"author\" content=\"C\u00e1ssio Santana\" \/>\n<meta name=\"twitter:card\" content=\"summary_large_image\" \/>\n<meta name=\"twitter:label1\" content=\"Escrito por\" \/>\n\t<meta name=\"twitter:data1\" content=\"C\u00e1ssio Santana\" \/>\n\t<meta name=\"twitter:label2\" content=\"Est. tempo de leitura\" \/>\n\t<meta name=\"twitter:data2\" content=\"3 minutos\" \/>\n<script type=\"application\/ld+json\" class=\"yoast-schema-graph\">{\"@context\":\"https:\/\/schema.org\",\"@graph\":[{\"@type\":\"Article\",\"@id\":\"https:\/\/www.fsfx.com.br\/hospital-marcio-cunha\/fundacao-sao-francisco-xavier-celebra-os-60-anos-do-hospital-marcio-cunha-com-estande-cheio-de-atracoes-na-35a-expo-usipa\/#article\",\"isPartOf\":{\"@id\":\"https:\/\/www.fsfx.com.br\/hospital-marcio-cunha\/fundacao-sao-francisco-xavier-celebra-os-60-anos-do-hospital-marcio-cunha-com-estande-cheio-de-atracoes-na-35a-expo-usipa\/\"},\"author\":{\"name\":\"C\u00e1ssio Santana\",\"@id\":\"https:\/\/www.fsfx.com.br\/hospital-marcio-cunha\/#\/schema\/person\/6bf2cced2b7a5d5d78f5610fc8f52504\"},\"headline\":\"Funda\u00e7\u00e3o S\u00e3o Francisco Xavier celebra os 60 anos do Hospital M\u00e1rcio Cunha com estande cheio de atra\u00e7\u00f5es na 35\u00aa Expo Usipa\",\"datePublished\":\"2025-07-08T18:35:34+00:00\",\"mainEntityOfPage\":{\"@id\":\"https:\/\/www.fsfx.com.br\/hospital-marcio-cunha\/fundacao-sao-francisco-xavier-celebra-os-60-anos-do-hospital-marcio-cunha-com-estande-cheio-de-atracoes-na-35a-expo-usipa\/\"},\"wordCount\":430,\"publisher\":{\"@id\":\"https:\/\/www.fsfx.com.br\/hospital-marcio-cunha\/#organization\"},\"image\":{\"@id\":\"https:\/\/www.fsfx.com.br\/hospital-marcio-cunha\/fundacao-sao-francisco-xavier-celebra-os-60-anos-do-hospital-marcio-cunha-com-estande-cheio-de-atracoes-na-35a-expo-usipa\/#primaryimage\"},\"thumbnailUrl\":\"https:\/\/www.fsfx.com.br\/hospital-marcio-cunha\/wp-content\/uploads\/sites\/9\/2025\/07\/Estande-Hospital-Marcio-Cunha.jpeg\",\"articleSection\":[\"Sa\u00fade\"],\"inLanguage\":\"pt-BR\"},{\"@type\":\"WebPage\",\"@id\":\"https:\/\/www.fsfx.com.br\/hospital-marcio-cunha\/fundacao-sao-francisco-xavier-celebra-os-60-anos-do-hospital-marcio-cunha-com-estande-cheio-de-atracoes-na-35a-expo-usipa\/\",\"url\":\"https:\/\/www.fsfx.com.br\/hospital-marcio-cunha\/fundacao-sao-francisco-xavier-celebra-os-60-anos-do-hospital-marcio-cunha-com-estande-cheio-de-atracoes-na-35a-expo-usipa\/\",\"name\":\"Funda\u00e7\u00e3o S\u00e3o Francisco Xavier celebra os 60 anos do Hospital M\u00e1rcio Cunha com estande cheio de atra\u00e7\u00f5es na 35\u00aa Expo Usipa - Hospital M\u00e1rcio Cunha\",\"isPartOf\":{\"@id\":\"https:\/\/www.fsfx.com.br\/hospital-marcio-cunha\/#website\"},\"primaryImageOfPage\":{\"@id\":\"https:\/\/www.fsfx.com.br\/hospital-marcio-cunha\/fundacao-sao-francisco-xavier-celebra-os-60-anos-do-hospital-marcio-cunha-com-estande-cheio-de-atracoes-na-35a-expo-usipa\/#primaryimage\"},\"image\":{\"@id\":\"https:\/\/www.fsfx.com.br\/hospital-marcio-cunha\/fundacao-sao-francisco-xavier-celebra-os-60-anos-do-hospital-marcio-cunha-com-estande-cheio-de-atracoes-na-35a-expo-usipa\/#primaryimage\"},\"thumbnailUrl\":\"https:\/\/www.fsfx.com.br\/hospital-marcio-cunha\/wp-content\/uploads\/sites\/9\/2025\/07\/Estande-Hospital-Marcio-Cunha.jpeg\",\"datePublished\":\"2025-07-08T18:35:34+00:00\",\"breadcrumb\":{\"@id\":\"https:\/\/www.fsfx.com.br\/hospital-marcio-cunha\/fundacao-sao-francisco-xavier-celebra-os-60-anos-do-hospital-marcio-cunha-com-estande-cheio-de-atracoes-na-35a-expo-usipa\/#breadcrumb\"},\"inLanguage\":\"pt-BR\",\"potentialAction\":[{\"@type\":\"ReadAction\",\"target\":[\"https:\/\/www.fsfx.com.br\/hospital-marcio-cunha\/fundacao-sao-francisco-xavier-celebra-os-60-anos-do-hospital-marcio-cunha-com-estande-cheio-de-atracoes-na-35a-expo-usipa\/\"]}]},{\"@type\":\"ImageObject\",\"inLanguage\":\"pt-BR\",\"@id\":\"https:\/\/www.fsfx.com.br\/hospital-marcio-cunha\/fundacao-sao-francisco-xavier-celebra-os-60-anos-do-hospital-marcio-cunha-com-estande-cheio-de-atracoes-na-35a-expo-usipa\/#primaryimage\",\"url\":\"https:\/\/www.fsfx.com.br\/hospital-marcio-cunha\/wp-content\/uploads\/sites\/9\/2025\/07\/Estande-Hospital-Marcio-Cunha.jpeg\",\"contentUrl\":\"https:\/\/www.fsfx.com.br\/hospital-marcio-cunha\/wp-content\/uploads\/sites\/9\/2025\/07\/Estande-Hospital-Marcio-Cunha.jpeg\",\"width\":1600,\"height\":975},{\"@type\":\"BreadcrumbList\",\"@id\":\"https:\/\/www.fsfx.com.br\/hospital-marcio-cunha\/fundacao-sao-francisco-xavier-celebra-os-60-anos-do-hospital-marcio-cunha-com-estande-cheio-de-atracoes-na-35a-expo-usipa\/#breadcrumb\",\"itemListElement\":[{\"@type\":\"ListItem\",\"position\":1,\"name\":\"In\u00edcio\",\"item\":\"https:\/\/www.fsfx.com.br\/hospital-marcio-cunha\/\"},{\"@type\":\"ListItem\",\"position\":2,\"name\":\"Funda\u00e7\u00e3o S\u00e3o Francisco Xavier celebra os 60 anos do Hospital M\u00e1rcio Cunha com estande cheio de atra\u00e7\u00f5es na 35\u00aa Expo Usipa\"}]},{\"@type\":\"WebSite\",\"@id\":\"https:\/\/www.fsfx.com.br\/hospital-marcio-cunha\/#website\",\"url\":\"https:\/\/www.fsfx.com.br\/hospital-marcio-cunha\/\",\"name\":\"Hospital M\u00e1rcio Cunha\",\"description\":\"O Hospital M\u00e1rcio Cunha (HMC) \u00e9 um hospital geral de alta complexidade, com 558 leitos e tr\u00eas unidades, sendo uma unidade exclusiva para o tratamento oncol\u00f3gico.\",\"publisher\":{\"@id\":\"https:\/\/www.fsfx.com.br\/hospital-marcio-cunha\/#organization\"},\"potentialAction\":[{\"@type\":\"SearchAction\",\"target\":{\"@type\":\"EntryPoint\",\"urlTemplate\":\"https:\/\/www.fsfx.com.br\/hospital-marcio-cunha\/?s={search_term_string}\"},\"query-input\":{\"@type\":\"PropertyValueSpecification\",\"valueRequired\":true,\"valueName\":\"search_term_string\"}}],\"inLanguage\":\"pt-BR\"},{\"@type\":\"Organization\",\"@id\":\"https:\/\/www.fsfx.com.br\/hospital-marcio-cunha\/#organization\",\"name\":\"HMC - Hospital M\u00e1rcio Cunha\",\"url\":\"https:\/\/www.fsfx.com.br\/hospital-marcio-cunha\/\",\"logo\":{\"@type\":\"ImageObject\",\"inLanguage\":\"pt-BR\",\"@id\":\"https:\/\/www.fsfx.com.br\/hospital-marcio-cunha\/#\/schema\/logo\/image\/\",\"url\":\"https:\/\/www.fsfx.com.br\/hospital-marcio-cunha\/wp-content\/uploads\/sites\/9\/2022\/04\/logo-hmc-color.png\",\"contentUrl\":\"https:\/\/www.fsfx.com.br\/hospital-marcio-cunha\/wp-content\/uploads\/sites\/9\/2022\/04\/logo-hmc-color.png\",\"width\":264,\"height\":59,\"caption\":\"HMC - Hospital M\u00e1rcio Cunha\"},\"image\":{\"@id\":\"https:\/\/www.fsfx.com.br\/hospital-marcio-cunha\/#\/schema\/logo\/image\/\"}},{\"@type\":\"Person\",\"@id\":\"https:\/\/www.fsfx.com.br\/hospital-marcio-cunha\/#\/schema\/person\/6bf2cced2b7a5d5d78f5610fc8f52504\",\"name\":\"C\u00e1ssio Santana\",\"image\":{\"@type\":\"ImageObject\",\"inLanguage\":\"pt-BR\",\"@id\":\"https:\/\/www.fsfx.com.br\/hospital-marcio-cunha\/#\/schema\/person\/image\/\",\"url\":\"https:\/\/secure.gravatar.com\/avatar\/ef79739de3edd2f5c2e7c4930b0808c62af99fc5520eaadc7899948f8bc6d2e1?s=96&d=mm&r=g\",\"contentUrl\":\"https:\/\/secure.gravatar.com\/avatar\/ef79739de3edd2f5c2e7c4930b0808c62af99fc5520eaadc7899948f8bc6d2e1?s=96&d=mm&r=g\",\"caption\":\"C\u00e1ssio Santana\"},\"url\":\"https:\/\/www.fsfx.com.br\/hospital-marcio-cunha\/author\/cassio\/\"}]}<\/script>\n<!-- \/ Yoast SEO plugin. -->","yoast_head_json":{"title":"Funda\u00e7\u00e3o S\u00e3o Francisco Xavier celebra os 60 anos do Hospital M\u00e1rcio Cunha com estande cheio de atra\u00e7\u00f5es na 35\u00aa Expo Usipa - Hospital M\u00e1rcio Cunha","robots":{"index":"index","follow":"follow","max-snippet":"max-snippet:-1","max-image-preview":"max-image-preview:large","max-video-preview":"max-video-preview:-1"},"canonical":"https:\/\/www.fsfx.com.br\/hospital-marcio-cunha\/fundacao-sao-francisco-xavier-celebra-os-60-anos-do-hospital-marcio-cunha-com-estande-cheio-de-atracoes-na-35a-expo-usipa\/","og_locale":"pt_BR","og_type":"article","og_title":"Funda\u00e7\u00e3o S\u00e3o Francisco Xavier celebra os 60 anos do Hospital M\u00e1rcio Cunha com estande cheio de atra\u00e7\u00f5es na 35\u00aa Expo Usipa - Hospital M\u00e1rcio Cunha","og_description":"A Funda\u00e7\u00e3o S\u00e3o Francisco Xavier participa da 35\u00aa edi\u00e7\u00e3o da Expo Usipa com um estande especial em comemora\u00e7\u00e3o aos 60 anos do Hospital M\u00e1rcio Cunha. O evento, considerado a maior feira de neg\u00f3cios e relacionamentos da regi\u00e3o, ser\u00e1 realizado entre os dias 9 e 11 de julho de 2025, na Usipa, em Ipatinga, das 19h [&hellip;]","og_url":"https:\/\/www.fsfx.com.br\/hospital-marcio-cunha\/fundacao-sao-francisco-xavier-celebra-os-60-anos-do-hospital-marcio-cunha-com-estande-cheio-de-atracoes-na-35a-expo-usipa\/","og_site_name":"Hospital M\u00e1rcio Cunha","article_published_time":"2025-07-08T18:35:34+00:00","og_image":[{"width":1600,"height":975,"url":"https:\/\/www.fsfx.com.br\/hospital-marcio-cunha\/wp-content\/uploads\/sites\/9\/2025\/07\/Estande-Hospital-Marcio-Cunha.jpeg","type":"image\/jpeg"}],"author":"C\u00e1ssio Santana","twitter_card":"summary_large_image","twitter_misc":{"Escrito por":"C\u00e1ssio Santana","Est. tempo de leitura":"3 minutos"},"schema":{"@context":"https:\/\/schema.org","@graph":[{"@type":"Article","@id":"https:\/\/www.fsfx.com.br\/hospital-marcio-cunha\/fundacao-sao-francisco-xavier-celebra-os-60-anos-do-hospital-marcio-cunha-com-estande-cheio-de-atracoes-na-35a-expo-usipa\/#article","isPartOf":{"@id":"https:\/\/www.fsfx.com.br\/hospital-marcio-cunha\/fundacao-sao-francisco-xavier-celebra-os-60-anos-do-hospital-marcio-cunha-com-estande-cheio-de-atracoes-na-35a-expo-usipa\/"},"author":{"name":"C\u00e1ssio Santana","@id":"https:\/\/www.fsfx.com.br\/hospital-marcio-cunha\/#\/schema\/person\/6bf2cced2b7a5d5d78f5610fc8f52504"},"headline":"Funda\u00e7\u00e3o S\u00e3o Francisco Xavier celebra os 60 anos do Hospital M\u00e1rcio Cunha com estande cheio de atra\u00e7\u00f5es na 35\u00aa Expo Usipa","datePublished":"2025-07-08T18:35:34+00:00","mainEntityOfPage":{"@id":"https:\/\/www.fsfx.com.br\/hospital-marcio-cunha\/fundacao-sao-francisco-xavier-celebra-os-60-anos-do-hospital-marcio-cunha-com-estande-cheio-de-atracoes-na-35a-expo-usipa\/"},"wordCount":430,"publisher":{"@id":"https:\/\/www.fsfx.com.br\/hospital-marcio-cunha\/#organization"},"image":{"@id":"https:\/\/www.fsfx.com.br\/hospital-marcio-cunha\/fundacao-sao-francisco-xavier-celebra-os-60-anos-do-hospital-marcio-cunha-com-estande-cheio-de-atracoes-na-35a-expo-usipa\/#primaryimage"},"thumbnailUrl":"https:\/\/www.fsfx.com.br\/hospital-marcio-cunha\/wp-content\/uploads\/sites\/9\/2025\/07\/Estande-Hospital-Marcio-Cunha.jpeg","articleSection":["Sa\u00fade"],"inLanguage":"pt-BR"},{"@type":"WebPage","@id":"https:\/\/www.fsfx.com.br\/hospital-marcio-cunha\/fundacao-sao-francisco-xavier-celebra-os-60-anos-do-hospital-marcio-cunha-com-estande-cheio-de-atracoes-na-35a-expo-usipa\/","url":"https:\/\/www.fsfx.com.br\/hospital-marcio-cunha\/fundacao-sao-francisco-xavier-celebra-os-60-anos-do-hospital-marcio-cunha-com-estande-cheio-de-atracoes-na-35a-expo-usipa\/","name":"Funda\u00e7\u00e3o S\u00e3o Francisco Xavier celebra os 60 anos do Hospital M\u00e1rcio Cunha com estande cheio de atra\u00e7\u00f5es na 35\u00aa Expo Usipa - Hospital M\u00e1rcio Cunha","isPartOf":{"@id":"https:\/\/www.fsfx.com.br\/hospital-marcio-cunha\/#website"},"primaryImageOfPage":{"@id":"https:\/\/www.fsfx.com.br\/hospital-marcio-cunha\/fundacao-sao-francisco-xavier-celebra-os-60-anos-do-hospital-marcio-cunha-com-estande-cheio-de-atracoes-na-35a-expo-usipa\/#primaryimage"},"image":{"@id":"https:\/\/www.fsfx.com.br\/hospital-marcio-cunha\/fundacao-sao-francisco-xavier-celebra-os-60-anos-do-hospital-marcio-cunha-com-estande-cheio-de-atracoes-na-35a-expo-usipa\/#primaryimage"},"thumbnailUrl":"https:\/\/www.fsfx.com.br\/hospital-marcio-cunha\/wp-content\/uploads\/sites\/9\/2025\/07\/Estande-Hospital-Marcio-Cunha.jpeg","datePublished":"2025-07-08T18:35:34+00:00","breadcrumb":{"@id":"https:\/\/www.fsfx.com.br\/hospital-marcio-cunha\/fundacao-sao-francisco-xavier-celebra-os-60-anos-do-hospital-marcio-cunha-com-estande-cheio-de-atracoes-na-35a-expo-usipa\/#breadcrumb"},"inLanguage":"pt-BR","potentialAction":[{"@type":"ReadAction","target":["https:\/\/www.fsfx.com.br\/hospital-marcio-cunha\/fundacao-sao-francisco-xavier-celebra-os-60-anos-do-hospital-marcio-cunha-com-estande-cheio-de-atracoes-na-35a-expo-usipa\/"]}]},{"@type":"ImageObject","inLanguage":"pt-BR","@id":"https:\/\/www.fsfx.com.br\/hospital-marcio-cunha\/fundacao-sao-francisco-xavier-celebra-os-60-anos-do-hospital-marcio-cunha-com-estande-cheio-de-atracoes-na-35a-expo-usipa\/#primaryimage","url":"https:\/\/www.fsfx.com.br\/hospital-marcio-cunha\/wp-content\/uploads\/sites\/9\/2025\/07\/Estande-Hospital-Marcio-Cunha.jpeg","contentUrl":"https:\/\/www.fsfx.com.br\/hospital-marcio-cunha\/wp-content\/uploads\/sites\/9\/2025\/07\/Estande-Hospital-Marcio-Cunha.jpeg","width":1600,"height":975},{"@type":"BreadcrumbList","@id":"https:\/\/www.fsfx.com.br\/hospital-marcio-cunha\/fundacao-sao-francisco-xavier-celebra-os-60-anos-do-hospital-marcio-cunha-com-estande-cheio-de-atracoes-na-35a-expo-usipa\/#breadcrumb","itemListElement":[{"@type":"ListItem","position":1,"name":"In\u00edcio","item":"https:\/\/www.fsfx.com.br\/hospital-marcio-cunha\/"},{"@type":"ListItem","position":2,"name":"Funda\u00e7\u00e3o S\u00e3o Francisco Xavier celebra os 60 anos do Hospital M\u00e1rcio Cunha com estande cheio de atra\u00e7\u00f5es na 35\u00aa Expo Usipa"}]},{"@type":"WebSite","@id":"https:\/\/www.fsfx.com.br\/hospital-marcio-cunha\/#website","url":"https:\/\/www.fsfx.com.br\/hospital-marcio-cunha\/","name":"Hospital M\u00e1rcio Cunha","description":"O Hospital M\u00e1rcio Cunha (HMC) \u00e9 um hospital geral de alta complexidade, com 558 leitos e tr\u00eas unidades, sendo uma unidade exclusiva para o tratamento oncol\u00f3gico.","publisher":{"@id":"https:\/\/www.fsfx.com.br\/hospital-marcio-cunha\/#organization"},"potentialAction":[{"@type":"SearchAction","target":{"@type":"EntryPoint","urlTemplate":"https:\/\/www.fsfx.com.br\/hospital-marcio-cunha\/?s={search_term_string}"},"query-input":{"@type":"PropertyValueSpecification","valueRequired":true,"valueName":"search_term_string"}}],"inLanguage":"pt-BR"},{"@type":"Organization","@id":"https:\/\/www.fsfx.com.br\/hospital-marcio-cunha\/#organization","name":"HMC - Hospital M\u00e1rcio Cunha","url":"https:\/\/www.fsfx.com.br\/hospital-marcio-cunha\/","logo":{"@type":"ImageObject","inLanguage":"pt-BR","@id":"https:\/\/www.fsfx.com.br\/hospital-marcio-cunha\/#\/schema\/logo\/image\/","url":"https:\/\/www.fsfx.com.br\/hospital-marcio-cunha\/wp-content\/uploads\/sites\/9\/2022\/04\/logo-hmc-color.png","contentUrl":"https:\/\/www.fsfx.com.br\/hospital-marcio-cunha\/wp-content\/uploads\/sites\/9\/2022\/04\/logo-hmc-color.png","width":264,"height":59,"caption":"HMC - Hospital M\u00e1rcio Cunha"},"image":{"@id":"https:\/\/www.fsfx.com.br\/hospital-marcio-cunha\/#\/schema\/logo\/image\/"}},{"@type":"Person","@id":"https:\/\/www.fsfx.com.br\/hospital-marcio-cunha\/#\/schema\/person\/6bf2cced2b7a5d5d78f5610fc8f52504","name":"C\u00e1ssio Santana","image":{"@type":"ImageObject","inLanguage":"pt-BR","@id":"https:\/\/www.fsfx.com.br\/hospital-marcio-cunha\/#\/schema\/person\/image\/","url":"https:\/\/secure.gravatar.com\/avatar\/ef79739de3edd2f5c2e7c4930b0808c62af99fc5520eaadc7899948f8bc6d2e1?s=96&d=mm&r=g","contentUrl":"https:\/\/secure.gravatar.com\/avatar\/ef79739de3edd2f5c2e7c4930b0808c62af99fc5520eaadc7899948f8bc6d2e1?s=96&d=mm&r=g","caption":"C\u00e1ssio Santana"},"url":"https:\/\/www.fsfx.com.br\/hospital-marcio-cunha\/author\/cassio\/"}]}},"_links":{"self":[{"href":"https:\/\/www.fsfx.com.br\/hospital-marcio-cunha\/wp-json\/wp\/v2\/posts\/14071","targetHints":{"allow":["GET"]}}],"collection":[{"href":"https:\/\/www.fsfx.com.br\/hospital-marcio-cunha\/wp-json\/wp\/v2\/posts"}],"about":[{"href":"https:\/\/www.fsfx.com.br\/hospital-marcio-cunha\/wp-json\/wp\/v2\/types\/post"}],"author":[{"embeddable":true,"href":"https:\/\/www.fsfx.com.br\/hospital-marcio-cunha\/wp-json\/wp\/v2\/users\/6"}],"replies":[{"embeddable":true,"href":"https:\/\/www.fsfx.com.br\/hospital-marcio-cunha\/wp-json\/wp\/v2\/comments?post=14071"}],"version-history":[{"count":1,"href":"https:\/\/www.fsfx.com.br\/hospital-marcio-cunha\/wp-json\/wp\/v2\/posts\/14071\/revisions"}],"predecessor-version":[{"id":14073,"href":"https:\/\/www.fsfx.com.br\/hospital-marcio-cunha\/wp-json\/wp\/v2\/posts\/14071\/revisions\/14073"}],"wp:featuredmedia":[{"embeddable":true,"href":"https:\/\/www.fsfx.com.br\/hospital-marcio-cunha\/wp-json\/wp\/v2\/media\/14072"}],"wp:attachment":[{"href":"https:\/\/www.fsfx.com.br\/hospital-marcio-cunha\/wp-json\/wp\/v2\/media?parent=14071"}],"wp:term":[{"taxonomy":"category","embeddable":true,"href":"https:\/\/www.fsfx.com.br\/hospital-marcio-cunha\/wp-json\/wp\/v2\/categories?post=14071"},{"taxonomy":"post_tag","embeddable":true,"href":"https:\/\/www.fsfx.com.br\/hospital-marcio-cunha\/wp-json\/wp\/v2\/tags?post=14071"}],"curies":[{"name":"wp","href":"https:\/\/api.w.org\/{rel}","templated":true}]}}