{"id":14081,"date":"2025-07-10T16:05:12","date_gmt":"2025-07-10T19:05:12","guid":{"rendered":"https:\/\/www.fsfx.com.br\/hospital-marcio-cunha\/?p=14081"},"modified":"2025-07-10T16:05:12","modified_gmt":"2025-07-10T19:05:12","slug":"hospital-marcio-cunha-inaugura-galeria-de-ex-diretores-tecnicos-e-celebra-legado-de-lideres-que-marcaram-sua-historia","status":"publish","type":"post","link":"https:\/\/www.fsfx.com.br\/hospital-marcio-cunha\/hospital-marcio-cunha-inaugura-galeria-de-ex-diretores-tecnicos-e-celebra-legado-de-lideres-que-marcaram-sua-historia\/","title":{"rendered":"Hospital M\u00e1rcio Cunha inaugura Galeria de Ex-diretores T\u00e9cnicos e celebra legado de l\u00edderes que marcaram sua hist\u00f3ria"},"content":{"rendered":"<p class=\"xmsonormal\" style=\"text-align: justify;line-height: 115%\"><span style=\"font-size: 12.0pt;line-height: 115%;font-family: 'Arial',sans-serif\">O Hospital M\u00e1rcio Cunha (HMC) viveu, na manh\u00e3 desta quarta-feira (09), um momento de resgate hist\u00f3rico e valoriza\u00e7\u00e3o da trajet\u00f3ria de profissionais que contribu\u00edram de forma significativa para a excel\u00eancia da Institui\u00e7\u00e3o. A unidade I do Hospital foi palco da inaugura\u00e7\u00e3o da Galeria de Ex-diretores T\u00e9cnicos, cerim\u00f4nia que reuniu membros da diretoria da Funda\u00e7\u00e3o S\u00e3o Francisco Xavier (FSFX), ex-diretores t\u00e9cnicos, seus familiares e convidados.<\/span><\/p>\n<p class=\"xmsonormal\" style=\"text-align: justify;line-height: 115%\"><span style=\"font-size: 12.0pt;line-height: 115%;font-family: 'Arial',sans-serif\">O evento foi marcado pela emo\u00e7\u00e3o e pelo reconhecimento do trabalho de l\u00edderes que, ao longo dos anos, deixaram um legado importante na gest\u00e3o da qualidade assistencial do hospital. A galeria, instalada em um espa\u00e7o nobre da Institui\u00e7\u00e3o, eterniza os nomes e rostos desses profissionais, celebrando o compromisso com a sa\u00fade, a \u00e9tica e o cuidado ao pr\u00f3ximo.<\/span><\/p>\n<p class=\"xmsonormal\" style=\"text-align: justify;line-height: 115%\"><span style=\"font-size: 12.0pt;line-height: 115%;font-family: 'Arial',sans-serif\">A ideia da cria\u00e7\u00e3o da galeria partiu de uma percep\u00e7\u00e3o do diretor-presidente da FSFX, Flaviano Feu Ventorim, ao notar a aus\u00eancia de registros vis\u00edveis dos ex-diretores t\u00e9cnicos do Hospital M\u00e1rcio Cunha. Segundo ele, preservar essa mem\u00f3ria \u00e9 fundamental para contar a hist\u00f3ria de sucesso constru\u00edda ao longo das \u00faltimas seis d\u00e9cadas. \u201cUma das primeiras coisas que me chamou a aten\u00e7\u00e3o quando cheguei aqui foi a aus\u00eancia de fotos dos ex-diretores t\u00e9cnicos. Isso me incomodou, porque contar a hist\u00f3ria do hospital \u00e9 tamb\u00e9m reconhecer quem ajudou a construi-la. Esses profissionais tomaram decis\u00f5es dif\u00edceis, em momentos desafiadores, que foram fundamentais para que o Hospital M\u00e1rcio Cunha se tornasse essa institui\u00e7\u00e3o respeitada nacionalmente. A galeria \u00e9 uma forma de agradecimento e reconhecimento. \u00c9 importante que as futuras gera\u00e7\u00f5es saibam quem abriu o caminho, quem ajudou a construir essa trajet\u00f3ria de excel\u00eancia que seguimos at\u00e9 hoje\u201d, destacou Flaviano.<\/span><\/p>\n<p class=\"xmsonormal\" style=\"text-align: justify;line-height: 115%\"><span style=\"font-size: 12.0pt;line-height: 115%;font-family: 'Arial',sans-serif\">Durante a solenidade, o atual diretor-t\u00e9cnico do HMC desde 2022, Dr. Alexandre Pinto, destacou a import\u00e2ncia de preservar e honrar esse legado. Para ele, mais do que uma homenagem, a galeria representa um compromisso com a continuidade de um trabalho pautado pela responsabilidade, conhecimento e respeito ao ser humano. \u201c\u00c9 motivo de muito orgulho podermos homenagear pessoas que fizeram a diferen\u00e7a nesses 60 anos do Hospital M\u00e1rcio Cunha. S\u00e3o profissionais que eu tenho a honra de suceder. \u00c9 fundamental preservar a mem\u00f3ria da nossa Institui\u00e7\u00e3o, entender como ela foi constru\u00edda, por quem foi constru\u00edda. Sem d\u00favida, esses ex-diretores tiveram um papel essencial em decis\u00f5es tomadas no passado que nos trouxeram at\u00e9 aqui, com os pr\u00eamios, reconhecimentos e o respeito que o Hospital M\u00e1rcio Cunha tem hoje na sociedade\u201d, afirmou Dr. Alexandre.<\/span><span style=\"font-size: 12.0pt;line-height: 115%;font-family: 'Arial',sans-serif\">\u00a0<\/span><\/p>\n<p class=\"xmsonormal\" style=\"text-align: justify;line-height: 115%\"><span style=\"font-size: 12.0pt;line-height: 115%;font-family: 'Arial',sans-serif\">O diretor de neg\u00f3cios do HMC, Eduardo Blanski, tamb\u00e9m destacou o papel simb\u00f3lico da galeria como inspira\u00e7\u00e3o para as futuras gera\u00e7\u00f5es. Segundo ele, reconhecer o trabalho de quem veio antes \u00e9 uma forma de manter viva a ess\u00eancia da miss\u00e3o do Hospital. \u201cEsse \u00e9 um momento hist\u00f3rico para o Hospital M\u00e1rcio Cunha. Ao celebrarmos os 60 anos da Institui\u00e7\u00e3o, entendemos que era essencial reconhecer os ex-diretores t\u00e9cnicos, m\u00e9dicos que tiveram um papel fundamental ao longo das d\u00e9cadas. Cada um contribuiu de forma \u00fanica para a constru\u00e7\u00e3o do hospital que temos hoje. A galeria \u00e9 uma homenagem singela, mas cheia de significado. Ver tantos deles aqui, reencontrando colegas e se vendo eternizados nesse espa\u00e7o, nos enche de alegria e gratid\u00e3o. \u00c9 uma honra celebrar esse legado com todos que fizeram e ainda fazem parte dessa hist\u00f3ria.\u201d, completou Blanksi.<\/span><\/p>\n<p class=\"xmsonormal\" style=\"text-align: justify;line-height: 115%\"><span style=\"font-size: 12.0pt;line-height: 115%;font-family: 'Arial',sans-serif\">Um dos homenageados foi o Dr. Jos\u00e9 Carlos de Carvalho Gallinari, ex-diretor t\u00e9cnico do HMC e atual assessor de Rela\u00e7\u00f5es Institucionais da FSFX, que recebeu a homenagem com emo\u00e7\u00e3o. \u201cEsse \u00e9 um momento marcante na hist\u00f3ria do Hospital M\u00e1rcio Cunha, especialmente para n\u00f3s que tivemos a responsabilidade de atuarmos como diretores t\u00e9cnicos. \u00c9 um reconhecimento que nos enche de gratid\u00e3o pelo trabalho realizado, um trabalho que, vale lembrar, nunca foi feito sozinho. Juntos, contribu\u00edmos para fortalecer e projetar ainda mais essa grande Institui\u00e7\u00e3o, que hoje \u00e9 refer\u00eancia no Brasil e presta relevantes servi\u00e7os na \u00e1rea m\u00e9dica e hospitalar em toda a sua regi\u00e3o de influ\u00eancia. \u00c9 uma honra fazer parte deste momento, que agora entra para a hist\u00f3ria e a mem\u00f3ria do hospital\u201d, declarou.<\/span><\/p>\n<p class=\"xmsonormal\" style=\"text-align: justify;line-height: 115%\"><span style=\"font-size: 12.0pt;line-height: 115%;font-family: 'Arial',sans-serif\">Quem tamb\u00e9m demonstrou sua satisfa\u00e7\u00e3o foi o ex-diretor do HMC, que atuou durante o per\u00edodo de 1983 a 1986, Dr. Jos\u00e9 Marco Ant\u00f4nio de Miranda Lanna. \u201cA hist\u00f3ria do Hospital est\u00e1 ligada diretamente a hist\u00f3ria da cidade de Ipatinga e da Usiminas. Aqui era uma pequena comunidade que ao longo dos anos foram evoluindo, atendendo a necessidade da popula\u00e7\u00e3o. Gostaria tamb\u00e9m de fazer refer\u00eancia a um fato durante minha gest\u00e3o, a inaugura\u00e7\u00e3o da pastoral de sa\u00fade do HMC, que foi idealizada pela minha esposa, Maria C\u00e9lia, trazendo apoio emocional e espiritual para os pacientes. Agrade\u00e7o a homenagem e fa\u00e7o reconhecimento ao trabalho da atual diretoria que mantem o Hospital como refer\u00eancia\u201d, pontuou.<\/span><\/p>\n<p class=\"xmsonormal\" style=\"text-align: justify;line-height: 115%\"><span style=\"font-size: 12.0pt;line-height: 115%;font-family: 'Arial',sans-serif\">A inaugura\u00e7\u00e3o da Galeria de Ex-diretores T\u00e9cnicos \u00e9 mais uma iniciativa da Funda\u00e7\u00e3o S\u00e3o Francisco Xavier em resgatar sua mem\u00f3ria institucional, refor\u00e7ando o compromisso com a valoriza\u00e7\u00e3o das pessoas que fizeram \u2014 e fazem \u2014 do Hospital M\u00e1rcio Cunha um exemplo de excel\u00eancia e cuidado.<\/span><\/p>\n<div id='gallery-1' class='gallery galleryid-14081 gallery-columns-4 gallery-size-thumbnail'><figure class='gallery-item'>\n\t\t\t<div class='gallery-icon landscape'>\n\t\t\t\t<a href='https:\/\/www.fsfx.com.br\/hospital-marcio-cunha\/hospital-marcio-cunha-inaugura-galeria-de-ex-diretores-tecnicos-e-celebra-legado-de-lideres-que-marcaram-sua-historia\/dr-alexandre-pinto-atual-diretor-tecnico-do-hmc\/'><img decoding=\"async\" width=\"150\" height=\"150\" src=\"https:\/\/www.fsfx.com.br\/hospital-marcio-cunha\/wp-content\/uploads\/sites\/9\/2025\/07\/Dr.-Alexandre-Pinto-atual-diretor-tecnico-do-HMC-150x150.jpg\" class=\"attachment-thumbnail size-thumbnail\" alt=\"\" \/><\/a>\n\t\t\t<\/div><\/figure><figure class='gallery-item'>\n\t\t\t<div class='gallery-icon landscape'>\n\t\t\t\t<a href='https:\/\/www.fsfx.com.br\/hospital-marcio-cunha\/hospital-marcio-cunha-inaugura-galeria-de-ex-diretores-tecnicos-e-celebra-legado-de-lideres-que-marcaram-sua-historia\/dr-jose-carlos-de-carvalho-gallinari\/'><img decoding=\"async\" width=\"150\" height=\"150\" src=\"https:\/\/www.fsfx.com.br\/hospital-marcio-cunha\/wp-content\/uploads\/sites\/9\/2025\/07\/Dr.-Jose-Carlos-de-Carvalho-Gallinari-150x150.jpg\" class=\"attachment-thumbnail size-thumbnail\" alt=\"\" \/><\/a>\n\t\t\t<\/div><\/figure><figure class='gallery-item'>\n\t\t\t<div class='gallery-icon landscape'>\n\t\t\t\t<a href='https:\/\/www.fsfx.com.br\/hospital-marcio-cunha\/hospital-marcio-cunha-inaugura-galeria-de-ex-diretores-tecnicos-e-celebra-legado-de-lideres-que-marcaram-sua-historia\/dr-marco-antonio-lanna-ex-diretor\/'><img decoding=\"async\" width=\"150\" height=\"150\" src=\"https:\/\/www.fsfx.com.br\/hospital-marcio-cunha\/wp-content\/uploads\/sites\/9\/2025\/07\/Dr.-MArco-Antonio-Lanna-ex-diretor-150x150.jpg\" class=\"attachment-thumbnail size-thumbnail\" alt=\"\" \/><\/a>\n\t\t\t<\/div><\/figure><figure class='gallery-item'>\n\t\t\t<div class='gallery-icon landscape'>\n\t\t\t\t<a href='https:\/\/www.fsfx.com.br\/hospital-marcio-cunha\/hospital-marcio-cunha-inaugura-galeria-de-ex-diretores-tecnicos-e-celebra-legado-de-lideres-que-marcaram-sua-historia\/eduardo-blanski-diretor-de-negocios-do-hmc\/'><img loading=\"lazy\" decoding=\"async\" width=\"150\" height=\"150\" src=\"https:\/\/www.fsfx.com.br\/hospital-marcio-cunha\/wp-content\/uploads\/sites\/9\/2025\/07\/Eduardo-Blanski-diretor-de-negocios-do-HMC-150x150.jpg\" class=\"attachment-thumbnail size-thumbnail\" alt=\"\" \/><\/a>\n\t\t\t<\/div><\/figure><figure class='gallery-item'>\n\t\t\t<div class='gallery-icon landscape'>\n\t\t\t\t<a href='https:\/\/www.fsfx.com.br\/hospital-marcio-cunha\/hospital-marcio-cunha-inaugura-galeria-de-ex-diretores-tecnicos-e-celebra-legado-de-lideres-que-marcaram-sua-historia\/ex-diretores-e-atual-diretoria\/'><img loading=\"lazy\" decoding=\"async\" width=\"150\" height=\"150\" src=\"https:\/\/www.fsfx.com.br\/hospital-marcio-cunha\/wp-content\/uploads\/sites\/9\/2025\/07\/Ex-diretores-e-atual-diretoria-150x150.jpg\" class=\"attachment-thumbnail size-thumbnail\" alt=\"\" \/><\/a>\n\t\t\t<\/div><\/figure><figure class='gallery-item'>\n\t\t\t<div class='gallery-icon landscape'>\n\t\t\t\t<a href='https:\/\/www.fsfx.com.br\/hospital-marcio-cunha\/hospital-marcio-cunha-inaugura-galeria-de-ex-diretores-tecnicos-e-celebra-legado-de-lideres-que-marcaram-sua-historia\/flaviano-feu-ventorim-diretor-presidente-da-fsfx\/'><img loading=\"lazy\" decoding=\"async\" width=\"150\" height=\"150\" src=\"https:\/\/www.fsfx.com.br\/hospital-marcio-cunha\/wp-content\/uploads\/sites\/9\/2025\/07\/Flaviano-Feu-Ventorim-diretor-presidente-da-FSFX-150x150.jpg\" class=\"attachment-thumbnail size-thumbnail\" alt=\"\" \/><\/a>\n\t\t\t<\/div><\/figure><figure class='gallery-item'>\n\t\t\t<div class='gallery-icon landscape'>\n\t\t\t\t<a href='https:\/\/www.fsfx.com.br\/hospital-marcio-cunha\/hospital-marcio-cunha-inaugura-galeria-de-ex-diretores-tecnicos-e-celebra-legado-de-lideres-que-marcaram-sua-historia\/galeria-de-ex-diretores-2\/'><img loading=\"lazy\" decoding=\"async\" width=\"150\" height=\"150\" src=\"https:\/\/www.fsfx.com.br\/hospital-marcio-cunha\/wp-content\/uploads\/sites\/9\/2025\/07\/Galeria-de-Ex-Diretores-2-150x150.jpg\" class=\"attachment-thumbnail size-thumbnail\" alt=\"\" \/><\/a>\n\t\t\t<\/div><\/figure>\n\t\t<\/div>\n\n<p>&nbsp;<\/p>\n<p class=\"xmsonormal\" style=\"text-align: justify;line-height: 115%\"><b><span style=\"font-size: 12.0pt;line-height: 115%;font-family: 'Arial',sans-serif\">Conhe\u00e7a os ex-diretores t\u00e9cnicos do Hospital M\u00e1rcio Cunha: <\/span><\/b><\/p>\n<p class=\"xmsonormal\" style=\"text-align: justify;line-height: 115%\"><b><span style=\"font-size: 12.0pt;line-height: 115%;font-family: 'Arial',sans-serif\">Derly Mendes Gomide<\/span><\/b><span style=\"font-size: 12.0pt;line-height: 115%;font-family: 'Arial',sans-serif\"> &#8211; 1965 e 1967 | <b>Maur\u00edcio Mauro Martins<\/b> (in memoriam) \u2013 1968 a 1972 | <b>Jos\u00e9 Carlos Paoliello<\/b> (in memoriam) \u2013 1972 a 1976 | <b>H\u00e9lio Moreira da Silva<\/b> \u2013 1976 a 1977 | <b>Sebasti\u00e3o Irabe do Amaral<\/b> (in memoriam) \u2013 1978 a 1983 | <b>Jos\u00e9 Marco Ant\u00f4nio de Miranda Lanna<\/b> \u2013 1983 a 1986 | <b>Joel Tib\u00farcio de Souza<\/b> (in memoriam) \u2013 1986 a 1991 | <b>Jos\u00e9 Carlos de Carvalho Gallinari <\/b>\u2013 1991 a 2012 | <b>Mauro Oscar Soares de Souza Lima<\/b> \u2013 2012 a 2019 | <b>Thatiane Oliver Ticom <\/b>&#8211; 2019 a 2020 | <b>Bruno Nunes Ribeiro<\/b> \u2013 2020 a 2022<\/span><\/p>\n","protected":false},"excerpt":{"rendered":"<p>O Hospital M\u00e1rcio Cunha (HMC) viveu, na manh\u00e3 desta quarta-feira (09), um momento de resgate hist\u00f3rico e valoriza\u00e7\u00e3o da trajet\u00f3ria de profissionais que contribu\u00edram de forma significativa para a excel\u00eancia da Institui\u00e7\u00e3o. A unidade I do Hospital foi palco da inaugura\u00e7\u00e3o da Galeria de Ex-diretores T\u00e9cnicos, cerim\u00f4nia que reuniu membros da diretoria da Funda\u00e7\u00e3o S\u00e3o [&hellip;]<\/p>\n","protected":false},"author":6,"featured_media":14088,"comment_status":"closed","ping_status":"closed","sticky":false,"template":"","format":"standard","meta":{"_acf_changed":false,"site-sidebar-layout":"default","site-content-layout":"","ast-site-content-layout":"default","site-content-style":"default","site-sidebar-style":"default","ast-global-header-display":"","ast-banner-title-visibility":"","ast-main-header-display":"","ast-hfb-above-header-display":"","ast-hfb-below-header-display":"","ast-hfb-mobile-header-display":"","site-post-title":"","ast-breadcrumbs-content":"","ast-featured-img":"","footer-sml-layout":"","theme-transparent-header-meta":"","adv-header-id-meta":"","stick-header-meta":"","header-above-stick-meta":"","header-main-stick-meta":"","header-below-stick-meta":"","astra-migrate-meta-layouts":"default","ast-page-background-enabled":"default","ast-page-background-meta":{"desktop":{"background-color":"var(--ast-global-color-4)","background-image":"","background-repeat":"repeat","background-position":"center center","background-size":"auto","background-attachment":"scroll","background-type":"","background-media":"","overlay-type":"","overlay-color":"","overlay-opacity":"","overlay-gradient":""},"tablet":{"background-color":"","background-image":"","background-repeat":"repeat","background-position":"center center","background-size":"auto","background-attachment":"scroll","background-type":"","background-media":"","overlay-type":"","overlay-color":"","overlay-opacity":"","overlay-gradient":""},"mobile":{"background-color":"","background-image":"","background-repeat":"repeat","background-position":"center center","background-size":"auto","background-attachment":"scroll","background-type":"","background-media":"","overlay-type":"","overlay-color":"","overlay-opacity":"","overlay-gradient":""}},"ast-content-background-meta":{"desktop":{"background-color":"var(--ast-global-color-5)","background-image":"","background-repeat":"repeat","background-position":"center center","background-size":"auto","background-attachment":"scroll","background-type":"","background-media":"","overlay-type":"","overlay-color":"","overlay-opacity":"","overlay-gradient":""},"tablet":{"background-color":"var(--ast-global-color-5)","background-image":"","background-repeat":"repeat","background-position":"center center","background-size":"auto","background-attachment":"scroll","background-type":"","background-media":"","overlay-type":"","overlay-color":"","overlay-opacity":"","overlay-gradient":""},"mobile":{"background-color":"var(--ast-global-color-5)","background-image":"","background-repeat":"repeat","background-position":"center center","background-size":"auto","background-attachment":"scroll","background-type":"","background-media":"","overlay-type":"","overlay-color":"","overlay-opacity":"","overlay-gradient":""}},"footnotes":""},"categories":[1],"tags":[],"class_list":["post-14081","post","type-post","status-publish","format-standard","has-post-thumbnail","hentry","category-sem-categoria"],"acf":[],"yoast_head":"<!-- This site is optimized with the Yoast SEO plugin v26.9 - https:\/\/yoast.com\/product\/yoast-seo-wordpress\/ -->\n<title>Hospital M\u00e1rcio Cunha inaugura Galeria de Ex-diretores T\u00e9cnicos e celebra legado de l\u00edderes que marcaram sua hist\u00f3ria - Hospital M\u00e1rcio Cunha<\/title>\n<meta name=\"robots\" content=\"index, follow, max-snippet:-1, max-image-preview:large, max-video-preview:-1\" \/>\n<link rel=\"canonical\" href=\"https:\/\/www.fsfx.com.br\/hospital-marcio-cunha\/hospital-marcio-cunha-inaugura-galeria-de-ex-diretores-tecnicos-e-celebra-legado-de-lideres-que-marcaram-sua-historia\/\" \/>\n<meta property=\"og:locale\" content=\"pt_BR\" \/>\n<meta property=\"og:type\" content=\"article\" \/>\n<meta property=\"og:title\" content=\"Hospital M\u00e1rcio Cunha inaugura Galeria de Ex-diretores T\u00e9cnicos e celebra legado de l\u00edderes que marcaram sua hist\u00f3ria - Hospital M\u00e1rcio Cunha\" \/>\n<meta property=\"og:description\" content=\"O Hospital M\u00e1rcio Cunha (HMC) viveu, na manh\u00e3 desta quarta-feira (09), um momento de resgate hist\u00f3rico e valoriza\u00e7\u00e3o da trajet\u00f3ria de profissionais que contribu\u00edram de forma significativa para a excel\u00eancia da Institui\u00e7\u00e3o. A unidade I do Hospital foi palco da inaugura\u00e7\u00e3o da Galeria de Ex-diretores T\u00e9cnicos, cerim\u00f4nia que reuniu membros da diretoria da Funda\u00e7\u00e3o S\u00e3o [&hellip;]\" \/>\n<meta property=\"og:url\" content=\"https:\/\/www.fsfx.com.br\/hospital-marcio-cunha\/hospital-marcio-cunha-inaugura-galeria-de-ex-diretores-tecnicos-e-celebra-legado-de-lideres-que-marcaram-sua-historia\/\" \/>\n<meta property=\"og:site_name\" content=\"Hospital M\u00e1rcio Cunha\" \/>\n<meta property=\"article:published_time\" content=\"2025-07-10T19:05:12+00:00\" \/>\n<meta property=\"og:image\" content=\"https:\/\/www.fsfx.com.br\/hospital-marcio-cunha\/wp-content\/uploads\/sites\/9\/2025\/07\/Galeria-de-Ex-Diretores-2.jpg\" \/>\n\t<meta property=\"og:image:width\" content=\"1920\" \/>\n\t<meta property=\"og:image:height\" content=\"1440\" \/>\n\t<meta property=\"og:image:type\" content=\"image\/jpeg\" \/>\n<meta name=\"author\" content=\"C\u00e1ssio Santana\" \/>\n<meta name=\"twitter:card\" content=\"summary_large_image\" \/>\n<meta name=\"twitter:label1\" content=\"Escrito por\" \/>\n\t<meta name=\"twitter:data1\" content=\"C\u00e1ssio Santana\" \/>\n\t<meta name=\"twitter:label2\" content=\"Est. tempo de leitura\" \/>\n\t<meta name=\"twitter:data2\" content=\"6 minutos\" \/>\n<script type=\"application\/ld+json\" class=\"yoast-schema-graph\">{\"@context\":\"https:\/\/schema.org\",\"@graph\":[{\"@type\":\"Article\",\"@id\":\"https:\/\/www.fsfx.com.br\/hospital-marcio-cunha\/hospital-marcio-cunha-inaugura-galeria-de-ex-diretores-tecnicos-e-celebra-legado-de-lideres-que-marcaram-sua-historia\/#article\",\"isPartOf\":{\"@id\":\"https:\/\/www.fsfx.com.br\/hospital-marcio-cunha\/hospital-marcio-cunha-inaugura-galeria-de-ex-diretores-tecnicos-e-celebra-legado-de-lideres-que-marcaram-sua-historia\/\"},\"author\":{\"name\":\"C\u00e1ssio Santana\",\"@id\":\"https:\/\/www.fsfx.com.br\/hospital-marcio-cunha\/#\/schema\/person\/6bf2cced2b7a5d5d78f5610fc8f52504\"},\"headline\":\"Hospital M\u00e1rcio Cunha inaugura Galeria de Ex-diretores T\u00e9cnicos e celebra legado de l\u00edderes que marcaram sua hist\u00f3ria\",\"datePublished\":\"2025-07-10T19:05:12+00:00\",\"mainEntityOfPage\":{\"@id\":\"https:\/\/www.fsfx.com.br\/hospital-marcio-cunha\/hospital-marcio-cunha-inaugura-galeria-de-ex-diretores-tecnicos-e-celebra-legado-de-lideres-que-marcaram-sua-historia\/\"},\"wordCount\":1012,\"publisher\":{\"@id\":\"https:\/\/www.fsfx.com.br\/hospital-marcio-cunha\/#organization\"},\"image\":{\"@id\":\"https:\/\/www.fsfx.com.br\/hospital-marcio-cunha\/hospital-marcio-cunha-inaugura-galeria-de-ex-diretores-tecnicos-e-celebra-legado-de-lideres-que-marcaram-sua-historia\/#primaryimage\"},\"thumbnailUrl\":\"https:\/\/www.fsfx.com.br\/hospital-marcio-cunha\/wp-content\/uploads\/sites\/9\/2025\/07\/Galeria-de-Ex-Diretores-2.jpg\",\"inLanguage\":\"pt-BR\"},{\"@type\":\"WebPage\",\"@id\":\"https:\/\/www.fsfx.com.br\/hospital-marcio-cunha\/hospital-marcio-cunha-inaugura-galeria-de-ex-diretores-tecnicos-e-celebra-legado-de-lideres-que-marcaram-sua-historia\/\",\"url\":\"https:\/\/www.fsfx.com.br\/hospital-marcio-cunha\/hospital-marcio-cunha-inaugura-galeria-de-ex-diretores-tecnicos-e-celebra-legado-de-lideres-que-marcaram-sua-historia\/\",\"name\":\"Hospital M\u00e1rcio Cunha inaugura Galeria de Ex-diretores T\u00e9cnicos e celebra legado de l\u00edderes que marcaram sua hist\u00f3ria - Hospital M\u00e1rcio Cunha\",\"isPartOf\":{\"@id\":\"https:\/\/www.fsfx.com.br\/hospital-marcio-cunha\/#website\"},\"primaryImageOfPage\":{\"@id\":\"https:\/\/www.fsfx.com.br\/hospital-marcio-cunha\/hospital-marcio-cunha-inaugura-galeria-de-ex-diretores-tecnicos-e-celebra-legado-de-lideres-que-marcaram-sua-historia\/#primaryimage\"},\"image\":{\"@id\":\"https:\/\/www.fsfx.com.br\/hospital-marcio-cunha\/hospital-marcio-cunha-inaugura-galeria-de-ex-diretores-tecnicos-e-celebra-legado-de-lideres-que-marcaram-sua-historia\/#primaryimage\"},\"thumbnailUrl\":\"https:\/\/www.fsfx.com.br\/hospital-marcio-cunha\/wp-content\/uploads\/sites\/9\/2025\/07\/Galeria-de-Ex-Diretores-2.jpg\",\"datePublished\":\"2025-07-10T19:05:12+00:00\",\"breadcrumb\":{\"@id\":\"https:\/\/www.fsfx.com.br\/hospital-marcio-cunha\/hospital-marcio-cunha-inaugura-galeria-de-ex-diretores-tecnicos-e-celebra-legado-de-lideres-que-marcaram-sua-historia\/#breadcrumb\"},\"inLanguage\":\"pt-BR\",\"potentialAction\":[{\"@type\":\"ReadAction\",\"target\":[\"https:\/\/www.fsfx.com.br\/hospital-marcio-cunha\/hospital-marcio-cunha-inaugura-galeria-de-ex-diretores-tecnicos-e-celebra-legado-de-lideres-que-marcaram-sua-historia\/\"]}]},{\"@type\":\"ImageObject\",\"inLanguage\":\"pt-BR\",\"@id\":\"https:\/\/www.fsfx.com.br\/hospital-marcio-cunha\/hospital-marcio-cunha-inaugura-galeria-de-ex-diretores-tecnicos-e-celebra-legado-de-lideres-que-marcaram-sua-historia\/#primaryimage\",\"url\":\"https:\/\/www.fsfx.com.br\/hospital-marcio-cunha\/wp-content\/uploads\/sites\/9\/2025\/07\/Galeria-de-Ex-Diretores-2.jpg\",\"contentUrl\":\"https:\/\/www.fsfx.com.br\/hospital-marcio-cunha\/wp-content\/uploads\/sites\/9\/2025\/07\/Galeria-de-Ex-Diretores-2.jpg\",\"width\":1920,\"height\":1440},{\"@type\":\"BreadcrumbList\",\"@id\":\"https:\/\/www.fsfx.com.br\/hospital-marcio-cunha\/hospital-marcio-cunha-inaugura-galeria-de-ex-diretores-tecnicos-e-celebra-legado-de-lideres-que-marcaram-sua-historia\/#breadcrumb\",\"itemListElement\":[{\"@type\":\"ListItem\",\"position\":1,\"name\":\"In\u00edcio\",\"item\":\"https:\/\/www.fsfx.com.br\/hospital-marcio-cunha\/\"},{\"@type\":\"ListItem\",\"position\":2,\"name\":\"Hospital M\u00e1rcio Cunha inaugura Galeria de Ex-diretores T\u00e9cnicos e celebra legado de l\u00edderes que marcaram sua hist\u00f3ria\"}]},{\"@type\":\"WebSite\",\"@id\":\"https:\/\/www.fsfx.com.br\/hospital-marcio-cunha\/#website\",\"url\":\"https:\/\/www.fsfx.com.br\/hospital-marcio-cunha\/\",\"name\":\"Hospital M\u00e1rcio Cunha\",\"description\":\"O Hospital M\u00e1rcio Cunha (HMC) \u00e9 um hospital geral de alta complexidade, com 558 leitos e tr\u00eas unidades, sendo uma unidade exclusiva para o tratamento oncol\u00f3gico.\",\"publisher\":{\"@id\":\"https:\/\/www.fsfx.com.br\/hospital-marcio-cunha\/#organization\"},\"potentialAction\":[{\"@type\":\"SearchAction\",\"target\":{\"@type\":\"EntryPoint\",\"urlTemplate\":\"https:\/\/www.fsfx.com.br\/hospital-marcio-cunha\/?s={search_term_string}\"},\"query-input\":{\"@type\":\"PropertyValueSpecification\",\"valueRequired\":true,\"valueName\":\"search_term_string\"}}],\"inLanguage\":\"pt-BR\"},{\"@type\":\"Organization\",\"@id\":\"https:\/\/www.fsfx.com.br\/hospital-marcio-cunha\/#organization\",\"name\":\"HMC - Hospital M\u00e1rcio Cunha\",\"url\":\"https:\/\/www.fsfx.com.br\/hospital-marcio-cunha\/\",\"logo\":{\"@type\":\"ImageObject\",\"inLanguage\":\"pt-BR\",\"@id\":\"https:\/\/www.fsfx.com.br\/hospital-marcio-cunha\/#\/schema\/logo\/image\/\",\"url\":\"https:\/\/www.fsfx.com.br\/hospital-marcio-cunha\/wp-content\/uploads\/sites\/9\/2022\/04\/logo-hmc-color.png\",\"contentUrl\":\"https:\/\/www.fsfx.com.br\/hospital-marcio-cunha\/wp-content\/uploads\/sites\/9\/2022\/04\/logo-hmc-color.png\",\"width\":264,\"height\":59,\"caption\":\"HMC - Hospital M\u00e1rcio Cunha\"},\"image\":{\"@id\":\"https:\/\/www.fsfx.com.br\/hospital-marcio-cunha\/#\/schema\/logo\/image\/\"}},{\"@type\":\"Person\",\"@id\":\"https:\/\/www.fsfx.com.br\/hospital-marcio-cunha\/#\/schema\/person\/6bf2cced2b7a5d5d78f5610fc8f52504\",\"name\":\"C\u00e1ssio Santana\",\"image\":{\"@type\":\"ImageObject\",\"inLanguage\":\"pt-BR\",\"@id\":\"https:\/\/www.fsfx.com.br\/hospital-marcio-cunha\/#\/schema\/person\/image\/\",\"url\":\"https:\/\/secure.gravatar.com\/avatar\/ef79739de3edd2f5c2e7c4930b0808c62af99fc5520eaadc7899948f8bc6d2e1?s=96&d=mm&r=g\",\"contentUrl\":\"https:\/\/secure.gravatar.com\/avatar\/ef79739de3edd2f5c2e7c4930b0808c62af99fc5520eaadc7899948f8bc6d2e1?s=96&d=mm&r=g\",\"caption\":\"C\u00e1ssio Santana\"},\"url\":\"https:\/\/www.fsfx.com.br\/hospital-marcio-cunha\/author\/cassio\/\"}]}<\/script>\n<!-- \/ Yoast SEO plugin. -->","yoast_head_json":{"title":"Hospital M\u00e1rcio Cunha inaugura Galeria de Ex-diretores T\u00e9cnicos e celebra legado de l\u00edderes que marcaram sua hist\u00f3ria - Hospital M\u00e1rcio Cunha","robots":{"index":"index","follow":"follow","max-snippet":"max-snippet:-1","max-image-preview":"max-image-preview:large","max-video-preview":"max-video-preview:-1"},"canonical":"https:\/\/www.fsfx.com.br\/hospital-marcio-cunha\/hospital-marcio-cunha-inaugura-galeria-de-ex-diretores-tecnicos-e-celebra-legado-de-lideres-que-marcaram-sua-historia\/","og_locale":"pt_BR","og_type":"article","og_title":"Hospital M\u00e1rcio Cunha inaugura Galeria de Ex-diretores T\u00e9cnicos e celebra legado de l\u00edderes que marcaram sua hist\u00f3ria - Hospital M\u00e1rcio Cunha","og_description":"O Hospital M\u00e1rcio Cunha (HMC) viveu, na manh\u00e3 desta quarta-feira (09), um momento de resgate hist\u00f3rico e valoriza\u00e7\u00e3o da trajet\u00f3ria de profissionais que contribu\u00edram de forma significativa para a excel\u00eancia da Institui\u00e7\u00e3o. A unidade I do Hospital foi palco da inaugura\u00e7\u00e3o da Galeria de Ex-diretores T\u00e9cnicos, cerim\u00f4nia que reuniu membros da diretoria da Funda\u00e7\u00e3o S\u00e3o [&hellip;]","og_url":"https:\/\/www.fsfx.com.br\/hospital-marcio-cunha\/hospital-marcio-cunha-inaugura-galeria-de-ex-diretores-tecnicos-e-celebra-legado-de-lideres-que-marcaram-sua-historia\/","og_site_name":"Hospital M\u00e1rcio Cunha","article_published_time":"2025-07-10T19:05:12+00:00","og_image":[{"width":1920,"height":1440,"url":"https:\/\/www.fsfx.com.br\/hospital-marcio-cunha\/wp-content\/uploads\/sites\/9\/2025\/07\/Galeria-de-Ex-Diretores-2.jpg","type":"image\/jpeg"}],"author":"C\u00e1ssio Santana","twitter_card":"summary_large_image","twitter_misc":{"Escrito por":"C\u00e1ssio Santana","Est. tempo de leitura":"6 minutos"},"schema":{"@context":"https:\/\/schema.org","@graph":[{"@type":"Article","@id":"https:\/\/www.fsfx.com.br\/hospital-marcio-cunha\/hospital-marcio-cunha-inaugura-galeria-de-ex-diretores-tecnicos-e-celebra-legado-de-lideres-que-marcaram-sua-historia\/#article","isPartOf":{"@id":"https:\/\/www.fsfx.com.br\/hospital-marcio-cunha\/hospital-marcio-cunha-inaugura-galeria-de-ex-diretores-tecnicos-e-celebra-legado-de-lideres-que-marcaram-sua-historia\/"},"author":{"name":"C\u00e1ssio Santana","@id":"https:\/\/www.fsfx.com.br\/hospital-marcio-cunha\/#\/schema\/person\/6bf2cced2b7a5d5d78f5610fc8f52504"},"headline":"Hospital M\u00e1rcio Cunha inaugura Galeria de Ex-diretores T\u00e9cnicos e celebra legado de l\u00edderes que marcaram sua hist\u00f3ria","datePublished":"2025-07-10T19:05:12+00:00","mainEntityOfPage":{"@id":"https:\/\/www.fsfx.com.br\/hospital-marcio-cunha\/hospital-marcio-cunha-inaugura-galeria-de-ex-diretores-tecnicos-e-celebra-legado-de-lideres-que-marcaram-sua-historia\/"},"wordCount":1012,"publisher":{"@id":"https:\/\/www.fsfx.com.br\/hospital-marcio-cunha\/#organization"},"image":{"@id":"https:\/\/www.fsfx.com.br\/hospital-marcio-cunha\/hospital-marcio-cunha-inaugura-galeria-de-ex-diretores-tecnicos-e-celebra-legado-de-lideres-que-marcaram-sua-historia\/#primaryimage"},"thumbnailUrl":"https:\/\/www.fsfx.com.br\/hospital-marcio-cunha\/wp-content\/uploads\/sites\/9\/2025\/07\/Galeria-de-Ex-Diretores-2.jpg","inLanguage":"pt-BR"},{"@type":"WebPage","@id":"https:\/\/www.fsfx.com.br\/hospital-marcio-cunha\/hospital-marcio-cunha-inaugura-galeria-de-ex-diretores-tecnicos-e-celebra-legado-de-lideres-que-marcaram-sua-historia\/","url":"https:\/\/www.fsfx.com.br\/hospital-marcio-cunha\/hospital-marcio-cunha-inaugura-galeria-de-ex-diretores-tecnicos-e-celebra-legado-de-lideres-que-marcaram-sua-historia\/","name":"Hospital M\u00e1rcio Cunha inaugura Galeria de Ex-diretores T\u00e9cnicos e celebra legado de l\u00edderes que marcaram sua hist\u00f3ria - Hospital M\u00e1rcio Cunha","isPartOf":{"@id":"https:\/\/www.fsfx.com.br\/hospital-marcio-cunha\/#website"},"primaryImageOfPage":{"@id":"https:\/\/www.fsfx.com.br\/hospital-marcio-cunha\/hospital-marcio-cunha-inaugura-galeria-de-ex-diretores-tecnicos-e-celebra-legado-de-lideres-que-marcaram-sua-historia\/#primaryimage"},"image":{"@id":"https:\/\/www.fsfx.com.br\/hospital-marcio-cunha\/hospital-marcio-cunha-inaugura-galeria-de-ex-diretores-tecnicos-e-celebra-legado-de-lideres-que-marcaram-sua-historia\/#primaryimage"},"thumbnailUrl":"https:\/\/www.fsfx.com.br\/hospital-marcio-cunha\/wp-content\/uploads\/sites\/9\/2025\/07\/Galeria-de-Ex-Diretores-2.jpg","datePublished":"2025-07-10T19:05:12+00:00","breadcrumb":{"@id":"https:\/\/www.fsfx.com.br\/hospital-marcio-cunha\/hospital-marcio-cunha-inaugura-galeria-de-ex-diretores-tecnicos-e-celebra-legado-de-lideres-que-marcaram-sua-historia\/#breadcrumb"},"inLanguage":"pt-BR","potentialAction":[{"@type":"ReadAction","target":["https:\/\/www.fsfx.com.br\/hospital-marcio-cunha\/hospital-marcio-cunha-inaugura-galeria-de-ex-diretores-tecnicos-e-celebra-legado-de-lideres-que-marcaram-sua-historia\/"]}]},{"@type":"ImageObject","inLanguage":"pt-BR","@id":"https:\/\/www.fsfx.com.br\/hospital-marcio-cunha\/hospital-marcio-cunha-inaugura-galeria-de-ex-diretores-tecnicos-e-celebra-legado-de-lideres-que-marcaram-sua-historia\/#primaryimage","url":"https:\/\/www.fsfx.com.br\/hospital-marcio-cunha\/wp-content\/uploads\/sites\/9\/2025\/07\/Galeria-de-Ex-Diretores-2.jpg","contentUrl":"https:\/\/www.fsfx.com.br\/hospital-marcio-cunha\/wp-content\/uploads\/sites\/9\/2025\/07\/Galeria-de-Ex-Diretores-2.jpg","width":1920,"height":1440},{"@type":"BreadcrumbList","@id":"https:\/\/www.fsfx.com.br\/hospital-marcio-cunha\/hospital-marcio-cunha-inaugura-galeria-de-ex-diretores-tecnicos-e-celebra-legado-de-lideres-que-marcaram-sua-historia\/#breadcrumb","itemListElement":[{"@type":"ListItem","position":1,"name":"In\u00edcio","item":"https:\/\/www.fsfx.com.br\/hospital-marcio-cunha\/"},{"@type":"ListItem","position":2,"name":"Hospital M\u00e1rcio Cunha inaugura Galeria de Ex-diretores T\u00e9cnicos e celebra legado de l\u00edderes que marcaram sua hist\u00f3ria"}]},{"@type":"WebSite","@id":"https:\/\/www.fsfx.com.br\/hospital-marcio-cunha\/#website","url":"https:\/\/www.fsfx.com.br\/hospital-marcio-cunha\/","name":"Hospital M\u00e1rcio Cunha","description":"O Hospital M\u00e1rcio Cunha (HMC) \u00e9 um hospital geral de alta complexidade, com 558 leitos e tr\u00eas unidades, sendo uma unidade exclusiva para o tratamento oncol\u00f3gico.","publisher":{"@id":"https:\/\/www.fsfx.com.br\/hospital-marcio-cunha\/#organization"},"potentialAction":[{"@type":"SearchAction","target":{"@type":"EntryPoint","urlTemplate":"https:\/\/www.fsfx.com.br\/hospital-marcio-cunha\/?s={search_term_string}"},"query-input":{"@type":"PropertyValueSpecification","valueRequired":true,"valueName":"search_term_string"}}],"inLanguage":"pt-BR"},{"@type":"Organization","@id":"https:\/\/www.fsfx.com.br\/hospital-marcio-cunha\/#organization","name":"HMC - Hospital M\u00e1rcio Cunha","url":"https:\/\/www.fsfx.com.br\/hospital-marcio-cunha\/","logo":{"@type":"ImageObject","inLanguage":"pt-BR","@id":"https:\/\/www.fsfx.com.br\/hospital-marcio-cunha\/#\/schema\/logo\/image\/","url":"https:\/\/www.fsfx.com.br\/hospital-marcio-cunha\/wp-content\/uploads\/sites\/9\/2022\/04\/logo-hmc-color.png","contentUrl":"https:\/\/www.fsfx.com.br\/hospital-marcio-cunha\/wp-content\/uploads\/sites\/9\/2022\/04\/logo-hmc-color.png","width":264,"height":59,"caption":"HMC - Hospital M\u00e1rcio Cunha"},"image":{"@id":"https:\/\/www.fsfx.com.br\/hospital-marcio-cunha\/#\/schema\/logo\/image\/"}},{"@type":"Person","@id":"https:\/\/www.fsfx.com.br\/hospital-marcio-cunha\/#\/schema\/person\/6bf2cced2b7a5d5d78f5610fc8f52504","name":"C\u00e1ssio Santana","image":{"@type":"ImageObject","inLanguage":"pt-BR","@id":"https:\/\/www.fsfx.com.br\/hospital-marcio-cunha\/#\/schema\/person\/image\/","url":"https:\/\/secure.gravatar.com\/avatar\/ef79739de3edd2f5c2e7c4930b0808c62af99fc5520eaadc7899948f8bc6d2e1?s=96&d=mm&r=g","contentUrl":"https:\/\/secure.gravatar.com\/avatar\/ef79739de3edd2f5c2e7c4930b0808c62af99fc5520eaadc7899948f8bc6d2e1?s=96&d=mm&r=g","caption":"C\u00e1ssio Santana"},"url":"https:\/\/www.fsfx.com.br\/hospital-marcio-cunha\/author\/cassio\/"}]}},"_links":{"self":[{"href":"https:\/\/www.fsfx.com.br\/hospital-marcio-cunha\/wp-json\/wp\/v2\/posts\/14081","targetHints":{"allow":["GET"]}}],"collection":[{"href":"https:\/\/www.fsfx.com.br\/hospital-marcio-cunha\/wp-json\/wp\/v2\/posts"}],"about":[{"href":"https:\/\/www.fsfx.com.br\/hospital-marcio-cunha\/wp-json\/wp\/v2\/types\/post"}],"author":[{"embeddable":true,"href":"https:\/\/www.fsfx.com.br\/hospital-marcio-cunha\/wp-json\/wp\/v2\/users\/6"}],"replies":[{"embeddable":true,"href":"https:\/\/www.fsfx.com.br\/hospital-marcio-cunha\/wp-json\/wp\/v2\/comments?post=14081"}],"version-history":[{"count":1,"href":"https:\/\/www.fsfx.com.br\/hospital-marcio-cunha\/wp-json\/wp\/v2\/posts\/14081\/revisions"}],"predecessor-version":[{"id":14089,"href":"https:\/\/www.fsfx.com.br\/hospital-marcio-cunha\/wp-json\/wp\/v2\/posts\/14081\/revisions\/14089"}],"wp:featuredmedia":[{"embeddable":true,"href":"https:\/\/www.fsfx.com.br\/hospital-marcio-cunha\/wp-json\/wp\/v2\/media\/14088"}],"wp:attachment":[{"href":"https:\/\/www.fsfx.com.br\/hospital-marcio-cunha\/wp-json\/wp\/v2\/media?parent=14081"}],"wp:term":[{"taxonomy":"category","embeddable":true,"href":"https:\/\/www.fsfx.com.br\/hospital-marcio-cunha\/wp-json\/wp\/v2\/categories?post=14081"},{"taxonomy":"post_tag","embeddable":true,"href":"https:\/\/www.fsfx.com.br\/hospital-marcio-cunha\/wp-json\/wp\/v2\/tags?post=14081"}],"curies":[{"name":"wp","href":"https:\/\/api.w.org\/{rel}","templated":true}]}}