{"id":14096,"date":"2025-07-15T08:43:08","date_gmt":"2025-07-15T11:43:08","guid":{"rendered":"https:\/\/www.fsfx.com.br\/hospital-marcio-cunha\/?p=14096"},"modified":"2025-07-17T08:48:53","modified_gmt":"2025-07-17T11:48:53","slug":"homem-que-e-homem-se-cuida","status":"publish","type":"post","link":"https:\/\/www.fsfx.com.br\/hospital-marcio-cunha\/homem-que-e-homem-se-cuida\/","title":{"rendered":"Homem que \u00e9 homem\u2026 se cuida"},"content":{"rendered":"<p style=\"text-align: center\"><em>Especialistas da FSFX alertam para a import\u00e2ncia da sa\u00fade preventiva masculina<\/em><\/p>\n<p>&nbsp;<\/p>\n<p>Apesar dos avan\u00e7os da medicina e da amplia\u00e7\u00e3o do acesso \u00e0 informa\u00e7\u00e3o, os homens ainda resistem em buscar cuidados com a sa\u00fade de forma preventiva. Segundo dados do Minist\u00e9rio da Sa\u00fade, eles vivem, em m\u00e9dia, sete anos a menos que as mulheres e representam 70% das mortes por doen\u00e7as evit\u00e1veis, como infarto, diabetes e c\u00e2ncer. Diante desse cen\u00e1rio, especialistas da Funda\u00e7\u00e3o S\u00e3o Francisco Xavier (FSFX) alertam para a import\u00e2ncia da mudan\u00e7a de comportamento, destacando que procurar ajuda m\u00e9dica e psicol\u00f3gica n\u00e3o \u00e9 sinal de fraqueza, mas de responsabilidade e amor-pr\u00f3prio.<\/p>\n<figure id=\"attachment_20892\" aria-describedby=\"caption-attachment-20892\" style=\"width: 153px\" class=\"wp-caption alignleft\"><img decoding=\"async\" class=\"wp-image-20892\" src=\"https:\/\/www.fsfx.com.br\/wp-content\/uploads\/2025\/07\/Dr.-Wagner-Correa-urologista-FSFX-199x300.jpeg\" alt=\"\" width=\"153\" height=\"231\" \/><figcaption id=\"caption-attachment-20892\" class=\"wp-caption-text\">Dr. Wagner Corr\u00eaa, urologista FSFX<\/figcaption><\/figure>\n<p>Para o m\u00e9dico urologista da FSFX, Dr. Wagner Corr\u00eaa, a resist\u00eancia masculina em procurar cuidados est\u00e1 diretamente relacionada a fatores culturais e ao machismo estrutural. \u201cIsso \u00e9 algo cultural e tamb\u00e9m tem um machismo envolto nisso. Muitos homens foram ensinados desde crian\u00e7as a serem fortes, a n\u00e3o reclamar. Procurar um m\u00e9dico e admitir que algo est\u00e1 errado pode ser interpretado como sinal de fraqueza e isso n\u00e3o \u00e9 verdade\u201d, explica o especialista.<\/p>\n<p>Ele ressalta ainda que o tabu em torno de temas como sexualidade, pr\u00f3stata, ere\u00e7\u00e3o e fun\u00e7\u00f5es urin\u00e1rias contribui para o afastamento dos homens dos consult\u00f3rios. \u201cAs mulheres costumam ter um contato mais frequente com os m\u00e9dicos do que os homens. Entre os homens, existe ainda o medo, a vergonha e o pr\u00f3prio tabu, que devem ser quebrados\u201d, complementa.<\/p>\n<p>Dr. Wagner refor\u00e7a que a preven\u00e7\u00e3o \u00e9 o caminho mais eficaz para evitar complica\u00e7\u00f5es de sa\u00fade ao longo da vida. \u201cExames como aferi\u00e7\u00e3o da press\u00e3o arterial, dosagem de glicemia, colesterol, fun\u00e7\u00e3o renal e hep\u00e1tica, devem ser realizados periodicamente. A partir dos 50 anos, todos os homens devem fazer anualmente o exame de toque retal e a dosagem do PSA, fundamentais para detectar precocemente o c\u00e2ncer de pr\u00f3stata. Quando h\u00e1 hist\u00f3rico familiar da doen\u00e7a, a recomenda\u00e7\u00e3o \u00e9 iniciar essa investiga\u00e7\u00e3o a partir dos 45 anos. Al\u00e9m disso, tem a import\u00e2ncia de exames complementares, como o ultrassom abdominal, fun\u00e7\u00e3o tireoidiana e colonoscopia, de acordo com a faixa et\u00e1ria e o hist\u00f3rico cl\u00ednico\u201d, refor\u00e7a.<\/p>\n<p>Do ponto de vista emocional, o cen\u00e1rio tamb\u00e9m \u00e9 preocupante. Para o psic\u00f3logo da FSFX, S\u00e9rgio Siqueira, o modelo de masculinidade imposto socialmente impede que muitos homens reconhe\u00e7am sinais de sofrimento f\u00edsico e mental. \u201cHistoricamente, os homens foram ensinados a associar for\u00e7a ao sil\u00eancio diante do sofrimento. Ent\u00e3o, cuidar da sa\u00fade, especialmente de forma preventiva, muitas vezes \u00e9 visto como vulnerabilidade ou fraqueza. Isso dificulta o reconhecimento dos sinais do corpo e da mente e acaba adiando o tratamento\u201d, analisa o profissional.<\/p>\n<figure id=\"attachment_20893\" aria-describedby=\"caption-attachment-20893\" style=\"width: 181px\" class=\"wp-caption alignright\"><img fetchpriority=\"high\" decoding=\"async\" class=\"wp-image-20893 size-medium\" src=\"https:\/\/www.fsfx.com.br\/wp-content\/uploads\/2025\/07\/Sergio-Siqueira-psicologo-FSFX-181x300.jpg\" alt=\"\" width=\"181\" height=\"300\" \/><figcaption id=\"caption-attachment-20893\" class=\"wp-caption-text\">S\u00e9rgio Siqueira, psic\u00f3logo FSFX<\/figcaption><\/figure>\n<p>Segundo S\u00e9rgio, a aus\u00eancia de uma educa\u00e7\u00e3o emocional desde a inf\u00e2ncia contribui para que os homens ignorem sintomas e evitem buscar ajuda. A consequ\u00eancia disso \u00e9 o agravamento de quadros cl\u00ednicos que poderiam ser tratados com mais leveza e efic\u00e1cia se diagnosticados precocemente. Ainda assim, ele observa que ap\u00f3s a pandemia houve uma mudan\u00e7a de comportamento. \u201cTemos muitos desafios ainda, mas j\u00e1 percebemos mais homens procurando apoio psicol\u00f3gico para lidar com quest\u00f5es como ansiedade, estresse, conflitos nos relacionamentos, depress\u00e3o, controle de raiva e dificuldade na gest\u00e3o das emo\u00e7\u00f5es\u201d, conta.<\/p>\n<p>Ambos os especialistas s\u00e3o un\u00e2nimes ao afirmar que mudar esse cen\u00e1rio exige mais do que campanhas pontuais: \u00e9 preciso promover uma transforma\u00e7\u00e3o cultural profunda. \u201cPrecisamos de uma educa\u00e7\u00e3o emocional que comece nas escolas, continue em casa e se estenda para os ambientes de trabalho e de conviv\u00eancia social. Temos que normalizar o cuidado como parte da rotina, n\u00e3o apenas como resposta \u00e0 dor\u201d, destaca o psic\u00f3logo.<\/p>\n<p>Na mesma linha, o urologista Wagner Corr\u00eaa defende que a comunica\u00e7\u00e3o com o homem seja direta, sem tabus, e que o ambiente cl\u00ednico seja acolhedor, sem julgamentos. \u201cEnvolver a fam\u00edlia tamb\u00e9m \u00e9 fundamental. Mostrar bons exemplos ajudam a estimular uma nova postura. O cuidado com a sa\u00fade n\u00e3o deve acontecer s\u00f3 na doen\u00e7a, mas deve ser encarado como parte da manuten\u00e7\u00e3o da vida. Cuidar de si n\u00e3o \u00e9 sinal de fraqueza, \u00e9 sinal de responsabilidade com quem voc\u00ea ama e com voc\u00ea mesmo\u201d, pontua o urologista da FSFX.<\/p>\n","protected":false},"excerpt":{"rendered":"<p>Especialistas da FSFX alertam para a import\u00e2ncia da sa\u00fade preventiva masculina &nbsp; Apesar dos avan\u00e7os da medicina e da amplia\u00e7\u00e3o do acesso \u00e0 informa\u00e7\u00e3o, os homens ainda resistem em buscar cuidados com a sa\u00fade de forma preventiva. Segundo dados do Minist\u00e9rio da Sa\u00fade, eles vivem, em m\u00e9dia, sete anos a menos que as mulheres e [&hellip;]<\/p>\n","protected":false},"author":6,"featured_media":14097,"comment_status":"closed","ping_status":"closed","sticky":false,"template":"","format":"standard","meta":{"_acf_changed":false,"site-sidebar-layout":"default","site-content-layout":"","ast-site-content-layout":"default","site-content-style":"default","site-sidebar-style":"default","ast-global-header-display":"","ast-banner-title-visibility":"","ast-main-header-display":"","ast-hfb-above-header-display":"","ast-hfb-below-header-display":"","ast-hfb-mobile-header-display":"","site-post-title":"","ast-breadcrumbs-content":"","ast-featured-img":"","footer-sml-layout":"","theme-transparent-header-meta":"","adv-header-id-meta":"","stick-header-meta":"","header-above-stick-meta":"","header-main-stick-meta":"","header-below-stick-meta":"","astra-migrate-meta-layouts":"default","ast-page-background-enabled":"default","ast-page-background-meta":{"desktop":{"background-color":"var(--ast-global-color-4)","background-image":"","background-repeat":"repeat","background-position":"center center","background-size":"auto","background-attachment":"scroll","background-type":"","background-media":"","overlay-type":"","overlay-color":"","overlay-opacity":"","overlay-gradient":""},"tablet":{"background-color":"","background-image":"","background-repeat":"repeat","background-position":"center center","background-size":"auto","background-attachment":"scroll","background-type":"","background-media":"","overlay-type":"","overlay-color":"","overlay-opacity":"","overlay-gradient":""},"mobile":{"background-color":"","background-image":"","background-repeat":"repeat","background-position":"center center","background-size":"auto","background-attachment":"scroll","background-type":"","background-media":"","overlay-type":"","overlay-color":"","overlay-opacity":"","overlay-gradient":""}},"ast-content-background-meta":{"desktop":{"background-color":"var(--ast-global-color-5)","background-image":"","background-repeat":"repeat","background-position":"center center","background-size":"auto","background-attachment":"scroll","background-type":"","background-media":"","overlay-type":"","overlay-color":"","overlay-opacity":"","overlay-gradient":""},"tablet":{"background-color":"var(--ast-global-color-5)","background-image":"","background-repeat":"repeat","background-position":"center center","background-size":"auto","background-attachment":"scroll","background-type":"","background-media":"","overlay-type":"","overlay-color":"","overlay-opacity":"","overlay-gradient":""},"mobile":{"background-color":"var(--ast-global-color-5)","background-image":"","background-repeat":"repeat","background-position":"center center","background-size":"auto","background-attachment":"scroll","background-type":"","background-media":"","overlay-type":"","overlay-color":"","overlay-opacity":"","overlay-gradient":""}},"footnotes":""},"categories":[24],"tags":[],"class_list":["post-14096","post","type-post","status-publish","format-standard","has-post-thumbnail","hentry","category-saude"],"acf":[],"yoast_head":"<!-- This site is optimized with the Yoast SEO plugin v26.9 - https:\/\/yoast.com\/product\/yoast-seo-wordpress\/ -->\n<title>Homem que \u00e9 homem\u2026 se cuida - Hospital M\u00e1rcio Cunha<\/title>\n<meta name=\"robots\" content=\"index, follow, max-snippet:-1, max-image-preview:large, max-video-preview:-1\" \/>\n<link rel=\"canonical\" href=\"https:\/\/www.fsfx.com.br\/hospital-marcio-cunha\/homem-que-e-homem-se-cuida\/\" \/>\n<meta property=\"og:locale\" content=\"pt_BR\" \/>\n<meta property=\"og:type\" content=\"article\" \/>\n<meta property=\"og:title\" content=\"Homem que \u00e9 homem\u2026 se cuida - Hospital M\u00e1rcio Cunha\" \/>\n<meta property=\"og:description\" content=\"Especialistas da FSFX alertam para a import\u00e2ncia da sa\u00fade preventiva masculina &nbsp; Apesar dos avan\u00e7os da medicina e da amplia\u00e7\u00e3o do acesso \u00e0 informa\u00e7\u00e3o, os homens ainda resistem em buscar cuidados com a sa\u00fade de forma preventiva. Segundo dados do Minist\u00e9rio da Sa\u00fade, eles vivem, em m\u00e9dia, sete anos a menos que as mulheres e [&hellip;]\" \/>\n<meta property=\"og:url\" content=\"https:\/\/www.fsfx.com.br\/hospital-marcio-cunha\/homem-que-e-homem-se-cuida\/\" \/>\n<meta property=\"og:site_name\" content=\"Hospital M\u00e1rcio Cunha\" \/>\n<meta property=\"article:published_time\" content=\"2025-07-15T11:43:08+00:00\" \/>\n<meta property=\"article:modified_time\" content=\"2025-07-17T11:48:53+00:00\" \/>\n<meta property=\"og:image\" content=\"https:\/\/www.fsfx.com.br\/hospital-marcio-cunha\/wp-content\/uploads\/sites\/9\/2025\/07\/Saude-Homem.jpeg\" \/>\n\t<meta property=\"og:image:width\" content=\"1920\" \/>\n\t<meta property=\"og:image:height\" content=\"1080\" \/>\n\t<meta property=\"og:image:type\" content=\"image\/jpeg\" \/>\n<meta name=\"author\" content=\"C\u00e1ssio Santana\" \/>\n<meta name=\"twitter:card\" content=\"summary_large_image\" \/>\n<meta name=\"twitter:label1\" content=\"Escrito por\" \/>\n\t<meta name=\"twitter:data1\" content=\"C\u00e1ssio Santana\" \/>\n\t<meta name=\"twitter:label2\" content=\"Est. tempo de leitura\" \/>\n\t<meta name=\"twitter:data2\" content=\"5 minutos\" \/>\n<script type=\"application\/ld+json\" class=\"yoast-schema-graph\">{\"@context\":\"https:\/\/schema.org\",\"@graph\":[{\"@type\":\"Article\",\"@id\":\"https:\/\/www.fsfx.com.br\/hospital-marcio-cunha\/homem-que-e-homem-se-cuida\/#article\",\"isPartOf\":{\"@id\":\"https:\/\/www.fsfx.com.br\/hospital-marcio-cunha\/homem-que-e-homem-se-cuida\/\"},\"author\":{\"name\":\"C\u00e1ssio Santana\",\"@id\":\"https:\/\/www.fsfx.com.br\/hospital-marcio-cunha\/#\/schema\/person\/6bf2cced2b7a5d5d78f5610fc8f52504\"},\"headline\":\"Homem que \u00e9 homem\u2026 se cuida\",\"datePublished\":\"2025-07-15T11:43:08+00:00\",\"dateModified\":\"2025-07-17T11:48:53+00:00\",\"mainEntityOfPage\":{\"@id\":\"https:\/\/www.fsfx.com.br\/hospital-marcio-cunha\/homem-que-e-homem-se-cuida\/\"},\"wordCount\":781,\"publisher\":{\"@id\":\"https:\/\/www.fsfx.com.br\/hospital-marcio-cunha\/#organization\"},\"image\":{\"@id\":\"https:\/\/www.fsfx.com.br\/hospital-marcio-cunha\/homem-que-e-homem-se-cuida\/#primaryimage\"},\"thumbnailUrl\":\"https:\/\/www.fsfx.com.br\/hospital-marcio-cunha\/wp-content\/uploads\/sites\/9\/2025\/07\/Saude-Homem.jpeg\",\"articleSection\":[\"Sa\u00fade\"],\"inLanguage\":\"pt-BR\"},{\"@type\":\"WebPage\",\"@id\":\"https:\/\/www.fsfx.com.br\/hospital-marcio-cunha\/homem-que-e-homem-se-cuida\/\",\"url\":\"https:\/\/www.fsfx.com.br\/hospital-marcio-cunha\/homem-que-e-homem-se-cuida\/\",\"name\":\"Homem que \u00e9 homem\u2026 se cuida - Hospital M\u00e1rcio Cunha\",\"isPartOf\":{\"@id\":\"https:\/\/www.fsfx.com.br\/hospital-marcio-cunha\/#website\"},\"primaryImageOfPage\":{\"@id\":\"https:\/\/www.fsfx.com.br\/hospital-marcio-cunha\/homem-que-e-homem-se-cuida\/#primaryimage\"},\"image\":{\"@id\":\"https:\/\/www.fsfx.com.br\/hospital-marcio-cunha\/homem-que-e-homem-se-cuida\/#primaryimage\"},\"thumbnailUrl\":\"https:\/\/www.fsfx.com.br\/hospital-marcio-cunha\/wp-content\/uploads\/sites\/9\/2025\/07\/Saude-Homem.jpeg\",\"datePublished\":\"2025-07-15T11:43:08+00:00\",\"dateModified\":\"2025-07-17T11:48:53+00:00\",\"breadcrumb\":{\"@id\":\"https:\/\/www.fsfx.com.br\/hospital-marcio-cunha\/homem-que-e-homem-se-cuida\/#breadcrumb\"},\"inLanguage\":\"pt-BR\",\"potentialAction\":[{\"@type\":\"ReadAction\",\"target\":[\"https:\/\/www.fsfx.com.br\/hospital-marcio-cunha\/homem-que-e-homem-se-cuida\/\"]}]},{\"@type\":\"ImageObject\",\"inLanguage\":\"pt-BR\",\"@id\":\"https:\/\/www.fsfx.com.br\/hospital-marcio-cunha\/homem-que-e-homem-se-cuida\/#primaryimage\",\"url\":\"https:\/\/www.fsfx.com.br\/hospital-marcio-cunha\/wp-content\/uploads\/sites\/9\/2025\/07\/Saude-Homem.jpeg\",\"contentUrl\":\"https:\/\/www.fsfx.com.br\/hospital-marcio-cunha\/wp-content\/uploads\/sites\/9\/2025\/07\/Saude-Homem.jpeg\",\"width\":1920,\"height\":1080},{\"@type\":\"BreadcrumbList\",\"@id\":\"https:\/\/www.fsfx.com.br\/hospital-marcio-cunha\/homem-que-e-homem-se-cuida\/#breadcrumb\",\"itemListElement\":[{\"@type\":\"ListItem\",\"position\":1,\"name\":\"In\u00edcio\",\"item\":\"https:\/\/www.fsfx.com.br\/hospital-marcio-cunha\/\"},{\"@type\":\"ListItem\",\"position\":2,\"name\":\"Homem que \u00e9 homem\u2026 se cuida\"}]},{\"@type\":\"WebSite\",\"@id\":\"https:\/\/www.fsfx.com.br\/hospital-marcio-cunha\/#website\",\"url\":\"https:\/\/www.fsfx.com.br\/hospital-marcio-cunha\/\",\"name\":\"Hospital M\u00e1rcio Cunha\",\"description\":\"O Hospital M\u00e1rcio Cunha (HMC) \u00e9 um hospital geral de alta complexidade, com 558 leitos e tr\u00eas unidades, sendo uma unidade exclusiva para o tratamento oncol\u00f3gico.\",\"publisher\":{\"@id\":\"https:\/\/www.fsfx.com.br\/hospital-marcio-cunha\/#organization\"},\"potentialAction\":[{\"@type\":\"SearchAction\",\"target\":{\"@type\":\"EntryPoint\",\"urlTemplate\":\"https:\/\/www.fsfx.com.br\/hospital-marcio-cunha\/?s={search_term_string}\"},\"query-input\":{\"@type\":\"PropertyValueSpecification\",\"valueRequired\":true,\"valueName\":\"search_term_string\"}}],\"inLanguage\":\"pt-BR\"},{\"@type\":\"Organization\",\"@id\":\"https:\/\/www.fsfx.com.br\/hospital-marcio-cunha\/#organization\",\"name\":\"HMC - Hospital M\u00e1rcio Cunha\",\"url\":\"https:\/\/www.fsfx.com.br\/hospital-marcio-cunha\/\",\"logo\":{\"@type\":\"ImageObject\",\"inLanguage\":\"pt-BR\",\"@id\":\"https:\/\/www.fsfx.com.br\/hospital-marcio-cunha\/#\/schema\/logo\/image\/\",\"url\":\"https:\/\/www.fsfx.com.br\/hospital-marcio-cunha\/wp-content\/uploads\/sites\/9\/2022\/04\/logo-hmc-color.png\",\"contentUrl\":\"https:\/\/www.fsfx.com.br\/hospital-marcio-cunha\/wp-content\/uploads\/sites\/9\/2022\/04\/logo-hmc-color.png\",\"width\":264,\"height\":59,\"caption\":\"HMC - Hospital M\u00e1rcio Cunha\"},\"image\":{\"@id\":\"https:\/\/www.fsfx.com.br\/hospital-marcio-cunha\/#\/schema\/logo\/image\/\"}},{\"@type\":\"Person\",\"@id\":\"https:\/\/www.fsfx.com.br\/hospital-marcio-cunha\/#\/schema\/person\/6bf2cced2b7a5d5d78f5610fc8f52504\",\"name\":\"C\u00e1ssio Santana\",\"image\":{\"@type\":\"ImageObject\",\"inLanguage\":\"pt-BR\",\"@id\":\"https:\/\/www.fsfx.com.br\/hospital-marcio-cunha\/#\/schema\/person\/image\/\",\"url\":\"https:\/\/secure.gravatar.com\/avatar\/ef79739de3edd2f5c2e7c4930b0808c62af99fc5520eaadc7899948f8bc6d2e1?s=96&d=mm&r=g\",\"contentUrl\":\"https:\/\/secure.gravatar.com\/avatar\/ef79739de3edd2f5c2e7c4930b0808c62af99fc5520eaadc7899948f8bc6d2e1?s=96&d=mm&r=g\",\"caption\":\"C\u00e1ssio Santana\"},\"url\":\"https:\/\/www.fsfx.com.br\/hospital-marcio-cunha\/author\/cassio\/\"}]}<\/script>\n<!-- \/ Yoast SEO plugin. -->","yoast_head_json":{"title":"Homem que \u00e9 homem\u2026 se cuida - Hospital M\u00e1rcio Cunha","robots":{"index":"index","follow":"follow","max-snippet":"max-snippet:-1","max-image-preview":"max-image-preview:large","max-video-preview":"max-video-preview:-1"},"canonical":"https:\/\/www.fsfx.com.br\/hospital-marcio-cunha\/homem-que-e-homem-se-cuida\/","og_locale":"pt_BR","og_type":"article","og_title":"Homem que \u00e9 homem\u2026 se cuida - Hospital M\u00e1rcio Cunha","og_description":"Especialistas da FSFX alertam para a import\u00e2ncia da sa\u00fade preventiva masculina &nbsp; Apesar dos avan\u00e7os da medicina e da amplia\u00e7\u00e3o do acesso \u00e0 informa\u00e7\u00e3o, os homens ainda resistem em buscar cuidados com a sa\u00fade de forma preventiva. Segundo dados do Minist\u00e9rio da Sa\u00fade, eles vivem, em m\u00e9dia, sete anos a menos que as mulheres e [&hellip;]","og_url":"https:\/\/www.fsfx.com.br\/hospital-marcio-cunha\/homem-que-e-homem-se-cuida\/","og_site_name":"Hospital M\u00e1rcio Cunha","article_published_time":"2025-07-15T11:43:08+00:00","article_modified_time":"2025-07-17T11:48:53+00:00","og_image":[{"width":1920,"height":1080,"url":"https:\/\/www.fsfx.com.br\/hospital-marcio-cunha\/wp-content\/uploads\/sites\/9\/2025\/07\/Saude-Homem.jpeg","type":"image\/jpeg"}],"author":"C\u00e1ssio Santana","twitter_card":"summary_large_image","twitter_misc":{"Escrito por":"C\u00e1ssio Santana","Est. tempo de leitura":"5 minutos"},"schema":{"@context":"https:\/\/schema.org","@graph":[{"@type":"Article","@id":"https:\/\/www.fsfx.com.br\/hospital-marcio-cunha\/homem-que-e-homem-se-cuida\/#article","isPartOf":{"@id":"https:\/\/www.fsfx.com.br\/hospital-marcio-cunha\/homem-que-e-homem-se-cuida\/"},"author":{"name":"C\u00e1ssio Santana","@id":"https:\/\/www.fsfx.com.br\/hospital-marcio-cunha\/#\/schema\/person\/6bf2cced2b7a5d5d78f5610fc8f52504"},"headline":"Homem que \u00e9 homem\u2026 se cuida","datePublished":"2025-07-15T11:43:08+00:00","dateModified":"2025-07-17T11:48:53+00:00","mainEntityOfPage":{"@id":"https:\/\/www.fsfx.com.br\/hospital-marcio-cunha\/homem-que-e-homem-se-cuida\/"},"wordCount":781,"publisher":{"@id":"https:\/\/www.fsfx.com.br\/hospital-marcio-cunha\/#organization"},"image":{"@id":"https:\/\/www.fsfx.com.br\/hospital-marcio-cunha\/homem-que-e-homem-se-cuida\/#primaryimage"},"thumbnailUrl":"https:\/\/www.fsfx.com.br\/hospital-marcio-cunha\/wp-content\/uploads\/sites\/9\/2025\/07\/Saude-Homem.jpeg","articleSection":["Sa\u00fade"],"inLanguage":"pt-BR"},{"@type":"WebPage","@id":"https:\/\/www.fsfx.com.br\/hospital-marcio-cunha\/homem-que-e-homem-se-cuida\/","url":"https:\/\/www.fsfx.com.br\/hospital-marcio-cunha\/homem-que-e-homem-se-cuida\/","name":"Homem que \u00e9 homem\u2026 se cuida - Hospital M\u00e1rcio Cunha","isPartOf":{"@id":"https:\/\/www.fsfx.com.br\/hospital-marcio-cunha\/#website"},"primaryImageOfPage":{"@id":"https:\/\/www.fsfx.com.br\/hospital-marcio-cunha\/homem-que-e-homem-se-cuida\/#primaryimage"},"image":{"@id":"https:\/\/www.fsfx.com.br\/hospital-marcio-cunha\/homem-que-e-homem-se-cuida\/#primaryimage"},"thumbnailUrl":"https:\/\/www.fsfx.com.br\/hospital-marcio-cunha\/wp-content\/uploads\/sites\/9\/2025\/07\/Saude-Homem.jpeg","datePublished":"2025-07-15T11:43:08+00:00","dateModified":"2025-07-17T11:48:53+00:00","breadcrumb":{"@id":"https:\/\/www.fsfx.com.br\/hospital-marcio-cunha\/homem-que-e-homem-se-cuida\/#breadcrumb"},"inLanguage":"pt-BR","potentialAction":[{"@type":"ReadAction","target":["https:\/\/www.fsfx.com.br\/hospital-marcio-cunha\/homem-que-e-homem-se-cuida\/"]}]},{"@type":"ImageObject","inLanguage":"pt-BR","@id":"https:\/\/www.fsfx.com.br\/hospital-marcio-cunha\/homem-que-e-homem-se-cuida\/#primaryimage","url":"https:\/\/www.fsfx.com.br\/hospital-marcio-cunha\/wp-content\/uploads\/sites\/9\/2025\/07\/Saude-Homem.jpeg","contentUrl":"https:\/\/www.fsfx.com.br\/hospital-marcio-cunha\/wp-content\/uploads\/sites\/9\/2025\/07\/Saude-Homem.jpeg","width":1920,"height":1080},{"@type":"BreadcrumbList","@id":"https:\/\/www.fsfx.com.br\/hospital-marcio-cunha\/homem-que-e-homem-se-cuida\/#breadcrumb","itemListElement":[{"@type":"ListItem","position":1,"name":"In\u00edcio","item":"https:\/\/www.fsfx.com.br\/hospital-marcio-cunha\/"},{"@type":"ListItem","position":2,"name":"Homem que \u00e9 homem\u2026 se cuida"}]},{"@type":"WebSite","@id":"https:\/\/www.fsfx.com.br\/hospital-marcio-cunha\/#website","url":"https:\/\/www.fsfx.com.br\/hospital-marcio-cunha\/","name":"Hospital M\u00e1rcio Cunha","description":"O Hospital M\u00e1rcio Cunha (HMC) \u00e9 um hospital geral de alta complexidade, com 558 leitos e tr\u00eas unidades, sendo uma unidade exclusiva para o tratamento oncol\u00f3gico.","publisher":{"@id":"https:\/\/www.fsfx.com.br\/hospital-marcio-cunha\/#organization"},"potentialAction":[{"@type":"SearchAction","target":{"@type":"EntryPoint","urlTemplate":"https:\/\/www.fsfx.com.br\/hospital-marcio-cunha\/?s={search_term_string}"},"query-input":{"@type":"PropertyValueSpecification","valueRequired":true,"valueName":"search_term_string"}}],"inLanguage":"pt-BR"},{"@type":"Organization","@id":"https:\/\/www.fsfx.com.br\/hospital-marcio-cunha\/#organization","name":"HMC - Hospital M\u00e1rcio Cunha","url":"https:\/\/www.fsfx.com.br\/hospital-marcio-cunha\/","logo":{"@type":"ImageObject","inLanguage":"pt-BR","@id":"https:\/\/www.fsfx.com.br\/hospital-marcio-cunha\/#\/schema\/logo\/image\/","url":"https:\/\/www.fsfx.com.br\/hospital-marcio-cunha\/wp-content\/uploads\/sites\/9\/2022\/04\/logo-hmc-color.png","contentUrl":"https:\/\/www.fsfx.com.br\/hospital-marcio-cunha\/wp-content\/uploads\/sites\/9\/2022\/04\/logo-hmc-color.png","width":264,"height":59,"caption":"HMC - Hospital M\u00e1rcio Cunha"},"image":{"@id":"https:\/\/www.fsfx.com.br\/hospital-marcio-cunha\/#\/schema\/logo\/image\/"}},{"@type":"Person","@id":"https:\/\/www.fsfx.com.br\/hospital-marcio-cunha\/#\/schema\/person\/6bf2cced2b7a5d5d78f5610fc8f52504","name":"C\u00e1ssio Santana","image":{"@type":"ImageObject","inLanguage":"pt-BR","@id":"https:\/\/www.fsfx.com.br\/hospital-marcio-cunha\/#\/schema\/person\/image\/","url":"https:\/\/secure.gravatar.com\/avatar\/ef79739de3edd2f5c2e7c4930b0808c62af99fc5520eaadc7899948f8bc6d2e1?s=96&d=mm&r=g","contentUrl":"https:\/\/secure.gravatar.com\/avatar\/ef79739de3edd2f5c2e7c4930b0808c62af99fc5520eaadc7899948f8bc6d2e1?s=96&d=mm&r=g","caption":"C\u00e1ssio Santana"},"url":"https:\/\/www.fsfx.com.br\/hospital-marcio-cunha\/author\/cassio\/"}]}},"_links":{"self":[{"href":"https:\/\/www.fsfx.com.br\/hospital-marcio-cunha\/wp-json\/wp\/v2\/posts\/14096","targetHints":{"allow":["GET"]}}],"collection":[{"href":"https:\/\/www.fsfx.com.br\/hospital-marcio-cunha\/wp-json\/wp\/v2\/posts"}],"about":[{"href":"https:\/\/www.fsfx.com.br\/hospital-marcio-cunha\/wp-json\/wp\/v2\/types\/post"}],"author":[{"embeddable":true,"href":"https:\/\/www.fsfx.com.br\/hospital-marcio-cunha\/wp-json\/wp\/v2\/users\/6"}],"replies":[{"embeddable":true,"href":"https:\/\/www.fsfx.com.br\/hospital-marcio-cunha\/wp-json\/wp\/v2\/comments?post=14096"}],"version-history":[{"count":1,"href":"https:\/\/www.fsfx.com.br\/hospital-marcio-cunha\/wp-json\/wp\/v2\/posts\/14096\/revisions"}],"predecessor-version":[{"id":14098,"href":"https:\/\/www.fsfx.com.br\/hospital-marcio-cunha\/wp-json\/wp\/v2\/posts\/14096\/revisions\/14098"}],"wp:featuredmedia":[{"embeddable":true,"href":"https:\/\/www.fsfx.com.br\/hospital-marcio-cunha\/wp-json\/wp\/v2\/media\/14097"}],"wp:attachment":[{"href":"https:\/\/www.fsfx.com.br\/hospital-marcio-cunha\/wp-json\/wp\/v2\/media?parent=14096"}],"wp:term":[{"taxonomy":"category","embeddable":true,"href":"https:\/\/www.fsfx.com.br\/hospital-marcio-cunha\/wp-json\/wp\/v2\/categories?post=14096"},{"taxonomy":"post_tag","embeddable":true,"href":"https:\/\/www.fsfx.com.br\/hospital-marcio-cunha\/wp-json\/wp\/v2\/tags?post=14096"}],"curies":[{"name":"wp","href":"https:\/\/api.w.org\/{rel}","templated":true}]}}