{"id":14208,"date":"2025-08-29T08:54:04","date_gmt":"2025-08-29T11:54:04","guid":{"rendered":"https:\/\/www.fsfx.com.br\/hospital-marcio-cunha\/?p=14208"},"modified":"2025-08-29T08:54:04","modified_gmt":"2025-08-29T11:54:04","slug":"hospital-marcio-cunha-amplia-tecnicas-em-transplantes-de-cornea-e-reforca-referencia-em-minas-gerais","status":"publish","type":"post","link":"https:\/\/www.fsfx.com.br\/hospital-marcio-cunha\/hospital-marcio-cunha-amplia-tecnicas-em-transplantes-de-cornea-e-reforca-referencia-em-minas-gerais\/","title":{"rendered":"Hospital M\u00e1rcio Cunha amplia t\u00e9cnicas em transplantes de c\u00f3rnea e refor\u00e7a refer\u00eancia em Minas Gerais"},"content":{"rendered":"<p>O Hospital M\u00e1rcio Cunha (HMC), em Ipatinga, alcan\u00e7ou mais um marco na medicina oftalmol\u00f3gica ao realizar com sucesso um transplante lamelar de c\u00f3rnea em um paciente de 37 anos. O procedimento, considerado de alta complexidade e modernidade, refor\u00e7a o compromisso da Funda\u00e7\u00e3o S\u00e3o Francisco Xavier (FSFX) com a excel\u00eancia em sa\u00fade e consolida sua posi\u00e7\u00e3o como refer\u00eancia regional e estadual na realiza\u00e7\u00e3o desse tipo de cirurgia.<\/p>\n<p>Tradicionalmente, os transplantes de c\u00f3rnea envolvem a substitui\u00e7\u00e3o de toda a estrutura do tecido, em uma t\u00e9cnica conhecida como transplante penetrante. O avan\u00e7o alcan\u00e7ado pelo HMC permite a realiza\u00e7\u00e3o de transplantes lamelares, substituindo apenas a camada comprometida da c\u00f3rnea e preservando o tecido saud\u00e1vel do paciente.<\/p>\n<figure id=\"attachment_21123\" aria-describedby=\"caption-attachment-21123\" style=\"width: 404px\" class=\"wp-caption alignleft\"><img fetchpriority=\"high\" decoding=\"async\" class=\" wp-image-21123\" src=\"https:\/\/www.fsfx.com.br\/wp-content\/uploads\/2025\/08\/Equipe-medica-Transplante-lamerar-300x166.jpg\" alt=\"\" width=\"404\" height=\"224\" \/><figcaption id=\"caption-attachment-21123\" class=\"wp-caption-text\">Equipe m\u00e9dica &#8211; Transplante Lamerar<\/figcaption><\/figure>\n<p>Entre os principais benef\u00edcios est\u00e3o a redu\u00e7\u00e3o no risco de complica\u00e7\u00f5es graves, como infec\u00e7\u00f5es ou rupturas, menor probabilidade de rejei\u00e7\u00e3o imunol\u00f3gica e uma recupera\u00e7\u00e3o visual significativamente mais r\u00e1pida. \u201cEsses procedimentos tornaram-se poss\u00edveis gra\u00e7as ao aprimoramento da capacita\u00e7\u00e3o m\u00e9dica e ao investimento cont\u00ednuo em treinamento e atualiza\u00e7\u00e3o profissional\u201d, explica o oftalmologista do HMC, Dr. Silas Franco. Ele destaca que a t\u00e9cnica lamelar n\u00e3o s\u00f3 aumenta a seguran\u00e7a do paciente, como tamb\u00e9m garante estabilidade visual a longo prazo, reduzindo o astigmatismo induzido e, em alguns casos, eliminando a necessidade de suturas.<\/p>\n<p>A transforma\u00e7\u00e3o que esse tipo de procedimento representa pode ser percebida na hist\u00f3ria de Felipe Jos\u00e9 de Souza, de 37 anos. Diagnosticado com ceratocone aos 17, ele perdeu a vis\u00e3o do olho esquerdo e, junto, parte da sua qualidade de vida. Nos anos seguintes, enfrentou uma rotina de tratamentos e tentativas de recupera\u00e7\u00e3o, passando por procedimentos como o implante do anel de Ferrara e um transplante de c\u00f3rnea em 2018, que infelizmente n\u00e3o teve sucesso.<\/p>\n<figure id=\"attachment_21124\" aria-describedby=\"caption-attachment-21124\" style=\"width: 225px\" class=\"wp-caption alignright\"><img decoding=\"async\" class=\"size-medium wp-image-21124\" src=\"https:\/\/www.fsfx.com.br\/wp-content\/uploads\/2025\/08\/Paciente-Felipe-Jose-de-Souza-225x300.jpeg\" alt=\"\" width=\"225\" height=\"300\" \/><figcaption id=\"caption-attachment-21124\" class=\"wp-caption-text\">Paciente &#8211; Felipe Jos\u00e9 de Souza<\/figcaption><\/figure>\n<p>Sem desistir, Felipe retornou \u00e0 fila de transplantes em 2019, mudou-se para Ipatinga e, em 2023, tornou-se paciente do Dr. Silas Machado, no Hospital M\u00e1rcio Cunha. Foi ele quem solicitou sua transfer\u00eancia para a fila da institui\u00e7\u00e3o, onde, em 1\u00ba de agosto de 2025, Felipe recebeu a not\u00edcia mais aguardada: a c\u00f3rnea finalmente havia chegado.<\/p>\n<p>A cirurgia foi realizada com sucesso e, desde ent\u00e3o, Felipe relata uma mudan\u00e7a significativa em sua vida. Vinte dias ap\u00f3s o procedimento, ele j\u00e1 percebe melhora na vis\u00e3o e se mostra confiante de que poder\u00e1, em breve, recuperar por completo um sentido perdido h\u00e1 quase duas d\u00e9cadas.<\/p>\n<p>O paciente fez quest\u00e3o de destacar a compet\u00eancia da equipe, o acolhimento e o cuidado recebidos, agradecendo especialmente ao m\u00e9dico Silas Machado Franco Junior e \u00e0 secret\u00e1ria Iasmin Abranches Bernardino Lopes pelo suporte em todas as etapas do processo. Ele tamb\u00e9m reconheceu a import\u00e2ncia da doa\u00e7\u00e3o, dedicando sua gratid\u00e3o \u00e0 fam\u00edlia do doador e a Deus, pela oportunidade de um novo recome\u00e7o.<\/p>\n<p>De acordo com o Dr. Silas Franco, al\u00e9m da inova\u00e7\u00e3o t\u00e9cnica, o impacto na vida de pacientes como Felipe \u00e9 o maior ganho. \u201cEsses procedimentos permitem preservar o tecido saud\u00e1vel, reduzir o risco de rejei\u00e7\u00e3o e oferecer uma recupera\u00e7\u00e3o visual mais r\u00e1pida e segura. Em determinadas situa\u00e7\u00f5es, a vis\u00e3o pode ser restabelecida em poucas semanas, um ganho expressivo diante da t\u00e9cnica tradicional\u201d, refor\u00e7a.<\/p>\n<p>A c\u00f3rnea utilizada foi doada, sem custos para o paciente, em conformidade com as diretrizes do Sistema Nacional de Transplantes. O acesso gratuito refor\u00e7a o car\u00e1ter social da iniciativa e garante a democratiza\u00e7\u00e3o do tratamento.<\/p>\n<p>Com mais esse avan\u00e7o, o HMC reafirma seu papel como protagonista em inova\u00e7\u00e3o na sa\u00fade em Minas Gerais, ampliando horizontes na oftalmologia e oferecendo solu\u00e7\u00f5es modernas que transformam vidas. A institui\u00e7\u00e3o segue investindo em capacita\u00e7\u00e3o profissional e tecnologia para proporcionar resultados cada vez mais seguros, r\u00e1pidos e eficientes aos seus pacientes.<\/p>\n","protected":false},"excerpt":{"rendered":"<p>O Hospital M\u00e1rcio Cunha (HMC), em Ipatinga, alcan\u00e7ou mais um marco na medicina oftalmol\u00f3gica ao realizar com sucesso um transplante lamelar de c\u00f3rnea em um paciente de 37 anos. O procedimento, considerado de alta complexidade e modernidade, refor\u00e7a o compromisso da Funda\u00e7\u00e3o S\u00e3o Francisco Xavier (FSFX) com a excel\u00eancia em sa\u00fade e consolida sua posi\u00e7\u00e3o [&hellip;]<\/p>\n","protected":false},"author":6,"featured_media":14209,"comment_status":"closed","ping_status":"closed","sticky":false,"template":"","format":"standard","meta":{"_acf_changed":false,"site-sidebar-layout":"default","site-content-layout":"","ast-site-content-layout":"default","site-content-style":"default","site-sidebar-style":"default","ast-global-header-display":"","ast-banner-title-visibility":"","ast-main-header-display":"","ast-hfb-above-header-display":"","ast-hfb-below-header-display":"","ast-hfb-mobile-header-display":"","site-post-title":"","ast-breadcrumbs-content":"","ast-featured-img":"","footer-sml-layout":"","theme-transparent-header-meta":"","adv-header-id-meta":"","stick-header-meta":"","header-above-stick-meta":"","header-main-stick-meta":"","header-below-stick-meta":"","astra-migrate-meta-layouts":"default","ast-page-background-enabled":"default","ast-page-background-meta":{"desktop":{"background-color":"var(--ast-global-color-4)","background-image":"","background-repeat":"repeat","background-position":"center center","background-size":"auto","background-attachment":"scroll","background-type":"","background-media":"","overlay-type":"","overlay-color":"","overlay-opacity":"","overlay-gradient":""},"tablet":{"background-color":"","background-image":"","background-repeat":"repeat","background-position":"center center","background-size":"auto","background-attachment":"scroll","background-type":"","background-media":"","overlay-type":"","overlay-color":"","overlay-opacity":"","overlay-gradient":""},"mobile":{"background-color":"","background-image":"","background-repeat":"repeat","background-position":"center center","background-size":"auto","background-attachment":"scroll","background-type":"","background-media":"","overlay-type":"","overlay-color":"","overlay-opacity":"","overlay-gradient":""}},"ast-content-background-meta":{"desktop":{"background-color":"var(--ast-global-color-5)","background-image":"","background-repeat":"repeat","background-position":"center center","background-size":"auto","background-attachment":"scroll","background-type":"","background-media":"","overlay-type":"","overlay-color":"","overlay-opacity":"","overlay-gradient":""},"tablet":{"background-color":"var(--ast-global-color-5)","background-image":"","background-repeat":"repeat","background-position":"center center","background-size":"auto","background-attachment":"scroll","background-type":"","background-media":"","overlay-type":"","overlay-color":"","overlay-opacity":"","overlay-gradient":""},"mobile":{"background-color":"var(--ast-global-color-5)","background-image":"","background-repeat":"repeat","background-position":"center center","background-size":"auto","background-attachment":"scroll","background-type":"","background-media":"","overlay-type":"","overlay-color":"","overlay-opacity":"","overlay-gradient":""}},"footnotes":""},"categories":[24],"tags":[],"class_list":["post-14208","post","type-post","status-publish","format-standard","has-post-thumbnail","hentry","category-saude"],"acf":[],"yoast_head":"<!-- This site is optimized with the Yoast SEO plugin v26.9 - https:\/\/yoast.com\/product\/yoast-seo-wordpress\/ -->\n<title>Hospital M\u00e1rcio Cunha amplia t\u00e9cnicas em transplantes de c\u00f3rnea e refor\u00e7a refer\u00eancia em Minas Gerais - Hospital M\u00e1rcio Cunha<\/title>\n<meta name=\"robots\" content=\"index, follow, max-snippet:-1, max-image-preview:large, max-video-preview:-1\" \/>\n<link rel=\"canonical\" href=\"https:\/\/www.fsfx.com.br\/hospital-marcio-cunha\/hospital-marcio-cunha-amplia-tecnicas-em-transplantes-de-cornea-e-reforca-referencia-em-minas-gerais\/\" \/>\n<meta property=\"og:locale\" content=\"pt_BR\" \/>\n<meta property=\"og:type\" content=\"article\" \/>\n<meta property=\"og:title\" content=\"Hospital M\u00e1rcio Cunha amplia t\u00e9cnicas em transplantes de c\u00f3rnea e refor\u00e7a refer\u00eancia em Minas Gerais - Hospital M\u00e1rcio Cunha\" \/>\n<meta property=\"og:description\" content=\"O Hospital M\u00e1rcio Cunha (HMC), em Ipatinga, alcan\u00e7ou mais um marco na medicina oftalmol\u00f3gica ao realizar com sucesso um transplante lamelar de c\u00f3rnea em um paciente de 37 anos. O procedimento, considerado de alta complexidade e modernidade, refor\u00e7a o compromisso da Funda\u00e7\u00e3o S\u00e3o Francisco Xavier (FSFX) com a excel\u00eancia em sa\u00fade e consolida sua posi\u00e7\u00e3o [&hellip;]\" \/>\n<meta property=\"og:url\" content=\"https:\/\/www.fsfx.com.br\/hospital-marcio-cunha\/hospital-marcio-cunha-amplia-tecnicas-em-transplantes-de-cornea-e-reforca-referencia-em-minas-gerais\/\" \/>\n<meta property=\"og:site_name\" content=\"Hospital M\u00e1rcio Cunha\" \/>\n<meta property=\"article:published_time\" content=\"2025-08-29T11:54:04+00:00\" \/>\n<meta property=\"og:image\" content=\"https:\/\/www.fsfx.com.br\/hospital-marcio-cunha\/wp-content\/uploads\/sites\/9\/2025\/08\/Equipe-medica-Transplante-lamerar.jpg\" \/>\n\t<meta property=\"og:image:width\" content=\"1920\" \/>\n\t<meta property=\"og:image:height\" content=\"1061\" \/>\n\t<meta property=\"og:image:type\" content=\"image\/jpeg\" \/>\n<meta name=\"author\" content=\"C\u00e1ssio Santana\" \/>\n<meta name=\"twitter:card\" content=\"summary_large_image\" \/>\n<meta name=\"twitter:label1\" content=\"Escrito por\" \/>\n\t<meta name=\"twitter:data1\" content=\"C\u00e1ssio Santana\" \/>\n\t<meta name=\"twitter:label2\" content=\"Est. tempo de leitura\" \/>\n\t<meta name=\"twitter:data2\" content=\"4 minutos\" \/>\n<script type=\"application\/ld+json\" class=\"yoast-schema-graph\">{\"@context\":\"https:\/\/schema.org\",\"@graph\":[{\"@type\":\"Article\",\"@id\":\"https:\/\/www.fsfx.com.br\/hospital-marcio-cunha\/hospital-marcio-cunha-amplia-tecnicas-em-transplantes-de-cornea-e-reforca-referencia-em-minas-gerais\/#article\",\"isPartOf\":{\"@id\":\"https:\/\/www.fsfx.com.br\/hospital-marcio-cunha\/hospital-marcio-cunha-amplia-tecnicas-em-transplantes-de-cornea-e-reforca-referencia-em-minas-gerais\/\"},\"author\":{\"name\":\"C\u00e1ssio Santana\",\"@id\":\"https:\/\/www.fsfx.com.br\/hospital-marcio-cunha\/#\/schema\/person\/6bf2cced2b7a5d5d78f5610fc8f52504\"},\"headline\":\"Hospital M\u00e1rcio Cunha amplia t\u00e9cnicas em transplantes de c\u00f3rnea e refor\u00e7a refer\u00eancia em Minas Gerais\",\"datePublished\":\"2025-08-29T11:54:04+00:00\",\"mainEntityOfPage\":{\"@id\":\"https:\/\/www.fsfx.com.br\/hospital-marcio-cunha\/hospital-marcio-cunha-amplia-tecnicas-em-transplantes-de-cornea-e-reforca-referencia-em-minas-gerais\/\"},\"wordCount\":710,\"publisher\":{\"@id\":\"https:\/\/www.fsfx.com.br\/hospital-marcio-cunha\/#organization\"},\"image\":{\"@id\":\"https:\/\/www.fsfx.com.br\/hospital-marcio-cunha\/hospital-marcio-cunha-amplia-tecnicas-em-transplantes-de-cornea-e-reforca-referencia-em-minas-gerais\/#primaryimage\"},\"thumbnailUrl\":\"https:\/\/www.fsfx.com.br\/hospital-marcio-cunha\/wp-content\/uploads\/sites\/9\/2025\/08\/Equipe-medica-Transplante-lamerar.jpg\",\"articleSection\":[\"Sa\u00fade\"],\"inLanguage\":\"pt-BR\"},{\"@type\":\"WebPage\",\"@id\":\"https:\/\/www.fsfx.com.br\/hospital-marcio-cunha\/hospital-marcio-cunha-amplia-tecnicas-em-transplantes-de-cornea-e-reforca-referencia-em-minas-gerais\/\",\"url\":\"https:\/\/www.fsfx.com.br\/hospital-marcio-cunha\/hospital-marcio-cunha-amplia-tecnicas-em-transplantes-de-cornea-e-reforca-referencia-em-minas-gerais\/\",\"name\":\"Hospital M\u00e1rcio Cunha amplia t\u00e9cnicas em transplantes de c\u00f3rnea e refor\u00e7a refer\u00eancia em Minas Gerais - Hospital M\u00e1rcio Cunha\",\"isPartOf\":{\"@id\":\"https:\/\/www.fsfx.com.br\/hospital-marcio-cunha\/#website\"},\"primaryImageOfPage\":{\"@id\":\"https:\/\/www.fsfx.com.br\/hospital-marcio-cunha\/hospital-marcio-cunha-amplia-tecnicas-em-transplantes-de-cornea-e-reforca-referencia-em-minas-gerais\/#primaryimage\"},\"image\":{\"@id\":\"https:\/\/www.fsfx.com.br\/hospital-marcio-cunha\/hospital-marcio-cunha-amplia-tecnicas-em-transplantes-de-cornea-e-reforca-referencia-em-minas-gerais\/#primaryimage\"},\"thumbnailUrl\":\"https:\/\/www.fsfx.com.br\/hospital-marcio-cunha\/wp-content\/uploads\/sites\/9\/2025\/08\/Equipe-medica-Transplante-lamerar.jpg\",\"datePublished\":\"2025-08-29T11:54:04+00:00\",\"breadcrumb\":{\"@id\":\"https:\/\/www.fsfx.com.br\/hospital-marcio-cunha\/hospital-marcio-cunha-amplia-tecnicas-em-transplantes-de-cornea-e-reforca-referencia-em-minas-gerais\/#breadcrumb\"},\"inLanguage\":\"pt-BR\",\"potentialAction\":[{\"@type\":\"ReadAction\",\"target\":[\"https:\/\/www.fsfx.com.br\/hospital-marcio-cunha\/hospital-marcio-cunha-amplia-tecnicas-em-transplantes-de-cornea-e-reforca-referencia-em-minas-gerais\/\"]}]},{\"@type\":\"ImageObject\",\"inLanguage\":\"pt-BR\",\"@id\":\"https:\/\/www.fsfx.com.br\/hospital-marcio-cunha\/hospital-marcio-cunha-amplia-tecnicas-em-transplantes-de-cornea-e-reforca-referencia-em-minas-gerais\/#primaryimage\",\"url\":\"https:\/\/www.fsfx.com.br\/hospital-marcio-cunha\/wp-content\/uploads\/sites\/9\/2025\/08\/Equipe-medica-Transplante-lamerar.jpg\",\"contentUrl\":\"https:\/\/www.fsfx.com.br\/hospital-marcio-cunha\/wp-content\/uploads\/sites\/9\/2025\/08\/Equipe-medica-Transplante-lamerar.jpg\",\"width\":1920,\"height\":1061},{\"@type\":\"BreadcrumbList\",\"@id\":\"https:\/\/www.fsfx.com.br\/hospital-marcio-cunha\/hospital-marcio-cunha-amplia-tecnicas-em-transplantes-de-cornea-e-reforca-referencia-em-minas-gerais\/#breadcrumb\",\"itemListElement\":[{\"@type\":\"ListItem\",\"position\":1,\"name\":\"In\u00edcio\",\"item\":\"https:\/\/www.fsfx.com.br\/hospital-marcio-cunha\/\"},{\"@type\":\"ListItem\",\"position\":2,\"name\":\"Hospital M\u00e1rcio Cunha amplia t\u00e9cnicas em transplantes de c\u00f3rnea e refor\u00e7a refer\u00eancia em Minas Gerais\"}]},{\"@type\":\"WebSite\",\"@id\":\"https:\/\/www.fsfx.com.br\/hospital-marcio-cunha\/#website\",\"url\":\"https:\/\/www.fsfx.com.br\/hospital-marcio-cunha\/\",\"name\":\"Hospital M\u00e1rcio Cunha\",\"description\":\"O Hospital M\u00e1rcio Cunha (HMC) \u00e9 um hospital geral de alta complexidade, com 558 leitos e tr\u00eas unidades, sendo uma unidade exclusiva para o tratamento oncol\u00f3gico.\",\"publisher\":{\"@id\":\"https:\/\/www.fsfx.com.br\/hospital-marcio-cunha\/#organization\"},\"potentialAction\":[{\"@type\":\"SearchAction\",\"target\":{\"@type\":\"EntryPoint\",\"urlTemplate\":\"https:\/\/www.fsfx.com.br\/hospital-marcio-cunha\/?s={search_term_string}\"},\"query-input\":{\"@type\":\"PropertyValueSpecification\",\"valueRequired\":true,\"valueName\":\"search_term_string\"}}],\"inLanguage\":\"pt-BR\"},{\"@type\":\"Organization\",\"@id\":\"https:\/\/www.fsfx.com.br\/hospital-marcio-cunha\/#organization\",\"name\":\"HMC - Hospital M\u00e1rcio Cunha\",\"url\":\"https:\/\/www.fsfx.com.br\/hospital-marcio-cunha\/\",\"logo\":{\"@type\":\"ImageObject\",\"inLanguage\":\"pt-BR\",\"@id\":\"https:\/\/www.fsfx.com.br\/hospital-marcio-cunha\/#\/schema\/logo\/image\/\",\"url\":\"https:\/\/www.fsfx.com.br\/hospital-marcio-cunha\/wp-content\/uploads\/sites\/9\/2022\/04\/logo-hmc-color.png\",\"contentUrl\":\"https:\/\/www.fsfx.com.br\/hospital-marcio-cunha\/wp-content\/uploads\/sites\/9\/2022\/04\/logo-hmc-color.png\",\"width\":264,\"height\":59,\"caption\":\"HMC - Hospital M\u00e1rcio Cunha\"},\"image\":{\"@id\":\"https:\/\/www.fsfx.com.br\/hospital-marcio-cunha\/#\/schema\/logo\/image\/\"}},{\"@type\":\"Person\",\"@id\":\"https:\/\/www.fsfx.com.br\/hospital-marcio-cunha\/#\/schema\/person\/6bf2cced2b7a5d5d78f5610fc8f52504\",\"name\":\"C\u00e1ssio Santana\",\"image\":{\"@type\":\"ImageObject\",\"inLanguage\":\"pt-BR\",\"@id\":\"https:\/\/www.fsfx.com.br\/hospital-marcio-cunha\/#\/schema\/person\/image\/\",\"url\":\"https:\/\/secure.gravatar.com\/avatar\/ef79739de3edd2f5c2e7c4930b0808c62af99fc5520eaadc7899948f8bc6d2e1?s=96&d=mm&r=g\",\"contentUrl\":\"https:\/\/secure.gravatar.com\/avatar\/ef79739de3edd2f5c2e7c4930b0808c62af99fc5520eaadc7899948f8bc6d2e1?s=96&d=mm&r=g\",\"caption\":\"C\u00e1ssio Santana\"},\"url\":\"https:\/\/www.fsfx.com.br\/hospital-marcio-cunha\/author\/cassio\/\"}]}<\/script>\n<!-- \/ Yoast SEO plugin. -->","yoast_head_json":{"title":"Hospital M\u00e1rcio Cunha amplia t\u00e9cnicas em transplantes de c\u00f3rnea e refor\u00e7a refer\u00eancia em Minas Gerais - Hospital M\u00e1rcio Cunha","robots":{"index":"index","follow":"follow","max-snippet":"max-snippet:-1","max-image-preview":"max-image-preview:large","max-video-preview":"max-video-preview:-1"},"canonical":"https:\/\/www.fsfx.com.br\/hospital-marcio-cunha\/hospital-marcio-cunha-amplia-tecnicas-em-transplantes-de-cornea-e-reforca-referencia-em-minas-gerais\/","og_locale":"pt_BR","og_type":"article","og_title":"Hospital M\u00e1rcio Cunha amplia t\u00e9cnicas em transplantes de c\u00f3rnea e refor\u00e7a refer\u00eancia em Minas Gerais - Hospital M\u00e1rcio Cunha","og_description":"O Hospital M\u00e1rcio Cunha (HMC), em Ipatinga, alcan\u00e7ou mais um marco na medicina oftalmol\u00f3gica ao realizar com sucesso um transplante lamelar de c\u00f3rnea em um paciente de 37 anos. O procedimento, considerado de alta complexidade e modernidade, refor\u00e7a o compromisso da Funda\u00e7\u00e3o S\u00e3o Francisco Xavier (FSFX) com a excel\u00eancia em sa\u00fade e consolida sua posi\u00e7\u00e3o [&hellip;]","og_url":"https:\/\/www.fsfx.com.br\/hospital-marcio-cunha\/hospital-marcio-cunha-amplia-tecnicas-em-transplantes-de-cornea-e-reforca-referencia-em-minas-gerais\/","og_site_name":"Hospital M\u00e1rcio Cunha","article_published_time":"2025-08-29T11:54:04+00:00","og_image":[{"width":1920,"height":1061,"url":"https:\/\/www.fsfx.com.br\/hospital-marcio-cunha\/wp-content\/uploads\/sites\/9\/2025\/08\/Equipe-medica-Transplante-lamerar.jpg","type":"image\/jpeg"}],"author":"C\u00e1ssio Santana","twitter_card":"summary_large_image","twitter_misc":{"Escrito por":"C\u00e1ssio Santana","Est. tempo de leitura":"4 minutos"},"schema":{"@context":"https:\/\/schema.org","@graph":[{"@type":"Article","@id":"https:\/\/www.fsfx.com.br\/hospital-marcio-cunha\/hospital-marcio-cunha-amplia-tecnicas-em-transplantes-de-cornea-e-reforca-referencia-em-minas-gerais\/#article","isPartOf":{"@id":"https:\/\/www.fsfx.com.br\/hospital-marcio-cunha\/hospital-marcio-cunha-amplia-tecnicas-em-transplantes-de-cornea-e-reforca-referencia-em-minas-gerais\/"},"author":{"name":"C\u00e1ssio Santana","@id":"https:\/\/www.fsfx.com.br\/hospital-marcio-cunha\/#\/schema\/person\/6bf2cced2b7a5d5d78f5610fc8f52504"},"headline":"Hospital M\u00e1rcio Cunha amplia t\u00e9cnicas em transplantes de c\u00f3rnea e refor\u00e7a refer\u00eancia em Minas Gerais","datePublished":"2025-08-29T11:54:04+00:00","mainEntityOfPage":{"@id":"https:\/\/www.fsfx.com.br\/hospital-marcio-cunha\/hospital-marcio-cunha-amplia-tecnicas-em-transplantes-de-cornea-e-reforca-referencia-em-minas-gerais\/"},"wordCount":710,"publisher":{"@id":"https:\/\/www.fsfx.com.br\/hospital-marcio-cunha\/#organization"},"image":{"@id":"https:\/\/www.fsfx.com.br\/hospital-marcio-cunha\/hospital-marcio-cunha-amplia-tecnicas-em-transplantes-de-cornea-e-reforca-referencia-em-minas-gerais\/#primaryimage"},"thumbnailUrl":"https:\/\/www.fsfx.com.br\/hospital-marcio-cunha\/wp-content\/uploads\/sites\/9\/2025\/08\/Equipe-medica-Transplante-lamerar.jpg","articleSection":["Sa\u00fade"],"inLanguage":"pt-BR"},{"@type":"WebPage","@id":"https:\/\/www.fsfx.com.br\/hospital-marcio-cunha\/hospital-marcio-cunha-amplia-tecnicas-em-transplantes-de-cornea-e-reforca-referencia-em-minas-gerais\/","url":"https:\/\/www.fsfx.com.br\/hospital-marcio-cunha\/hospital-marcio-cunha-amplia-tecnicas-em-transplantes-de-cornea-e-reforca-referencia-em-minas-gerais\/","name":"Hospital M\u00e1rcio Cunha amplia t\u00e9cnicas em transplantes de c\u00f3rnea e refor\u00e7a refer\u00eancia em Minas Gerais - Hospital M\u00e1rcio Cunha","isPartOf":{"@id":"https:\/\/www.fsfx.com.br\/hospital-marcio-cunha\/#website"},"primaryImageOfPage":{"@id":"https:\/\/www.fsfx.com.br\/hospital-marcio-cunha\/hospital-marcio-cunha-amplia-tecnicas-em-transplantes-de-cornea-e-reforca-referencia-em-minas-gerais\/#primaryimage"},"image":{"@id":"https:\/\/www.fsfx.com.br\/hospital-marcio-cunha\/hospital-marcio-cunha-amplia-tecnicas-em-transplantes-de-cornea-e-reforca-referencia-em-minas-gerais\/#primaryimage"},"thumbnailUrl":"https:\/\/www.fsfx.com.br\/hospital-marcio-cunha\/wp-content\/uploads\/sites\/9\/2025\/08\/Equipe-medica-Transplante-lamerar.jpg","datePublished":"2025-08-29T11:54:04+00:00","breadcrumb":{"@id":"https:\/\/www.fsfx.com.br\/hospital-marcio-cunha\/hospital-marcio-cunha-amplia-tecnicas-em-transplantes-de-cornea-e-reforca-referencia-em-minas-gerais\/#breadcrumb"},"inLanguage":"pt-BR","potentialAction":[{"@type":"ReadAction","target":["https:\/\/www.fsfx.com.br\/hospital-marcio-cunha\/hospital-marcio-cunha-amplia-tecnicas-em-transplantes-de-cornea-e-reforca-referencia-em-minas-gerais\/"]}]},{"@type":"ImageObject","inLanguage":"pt-BR","@id":"https:\/\/www.fsfx.com.br\/hospital-marcio-cunha\/hospital-marcio-cunha-amplia-tecnicas-em-transplantes-de-cornea-e-reforca-referencia-em-minas-gerais\/#primaryimage","url":"https:\/\/www.fsfx.com.br\/hospital-marcio-cunha\/wp-content\/uploads\/sites\/9\/2025\/08\/Equipe-medica-Transplante-lamerar.jpg","contentUrl":"https:\/\/www.fsfx.com.br\/hospital-marcio-cunha\/wp-content\/uploads\/sites\/9\/2025\/08\/Equipe-medica-Transplante-lamerar.jpg","width":1920,"height":1061},{"@type":"BreadcrumbList","@id":"https:\/\/www.fsfx.com.br\/hospital-marcio-cunha\/hospital-marcio-cunha-amplia-tecnicas-em-transplantes-de-cornea-e-reforca-referencia-em-minas-gerais\/#breadcrumb","itemListElement":[{"@type":"ListItem","position":1,"name":"In\u00edcio","item":"https:\/\/www.fsfx.com.br\/hospital-marcio-cunha\/"},{"@type":"ListItem","position":2,"name":"Hospital M\u00e1rcio Cunha amplia t\u00e9cnicas em transplantes de c\u00f3rnea e refor\u00e7a refer\u00eancia em Minas Gerais"}]},{"@type":"WebSite","@id":"https:\/\/www.fsfx.com.br\/hospital-marcio-cunha\/#website","url":"https:\/\/www.fsfx.com.br\/hospital-marcio-cunha\/","name":"Hospital M\u00e1rcio Cunha","description":"O Hospital M\u00e1rcio Cunha (HMC) \u00e9 um hospital geral de alta complexidade, com 558 leitos e tr\u00eas unidades, sendo uma unidade exclusiva para o tratamento oncol\u00f3gico.","publisher":{"@id":"https:\/\/www.fsfx.com.br\/hospital-marcio-cunha\/#organization"},"potentialAction":[{"@type":"SearchAction","target":{"@type":"EntryPoint","urlTemplate":"https:\/\/www.fsfx.com.br\/hospital-marcio-cunha\/?s={search_term_string}"},"query-input":{"@type":"PropertyValueSpecification","valueRequired":true,"valueName":"search_term_string"}}],"inLanguage":"pt-BR"},{"@type":"Organization","@id":"https:\/\/www.fsfx.com.br\/hospital-marcio-cunha\/#organization","name":"HMC - Hospital M\u00e1rcio Cunha","url":"https:\/\/www.fsfx.com.br\/hospital-marcio-cunha\/","logo":{"@type":"ImageObject","inLanguage":"pt-BR","@id":"https:\/\/www.fsfx.com.br\/hospital-marcio-cunha\/#\/schema\/logo\/image\/","url":"https:\/\/www.fsfx.com.br\/hospital-marcio-cunha\/wp-content\/uploads\/sites\/9\/2022\/04\/logo-hmc-color.png","contentUrl":"https:\/\/www.fsfx.com.br\/hospital-marcio-cunha\/wp-content\/uploads\/sites\/9\/2022\/04\/logo-hmc-color.png","width":264,"height":59,"caption":"HMC - Hospital M\u00e1rcio Cunha"},"image":{"@id":"https:\/\/www.fsfx.com.br\/hospital-marcio-cunha\/#\/schema\/logo\/image\/"}},{"@type":"Person","@id":"https:\/\/www.fsfx.com.br\/hospital-marcio-cunha\/#\/schema\/person\/6bf2cced2b7a5d5d78f5610fc8f52504","name":"C\u00e1ssio Santana","image":{"@type":"ImageObject","inLanguage":"pt-BR","@id":"https:\/\/www.fsfx.com.br\/hospital-marcio-cunha\/#\/schema\/person\/image\/","url":"https:\/\/secure.gravatar.com\/avatar\/ef79739de3edd2f5c2e7c4930b0808c62af99fc5520eaadc7899948f8bc6d2e1?s=96&d=mm&r=g","contentUrl":"https:\/\/secure.gravatar.com\/avatar\/ef79739de3edd2f5c2e7c4930b0808c62af99fc5520eaadc7899948f8bc6d2e1?s=96&d=mm&r=g","caption":"C\u00e1ssio Santana"},"url":"https:\/\/www.fsfx.com.br\/hospital-marcio-cunha\/author\/cassio\/"}]}},"_links":{"self":[{"href":"https:\/\/www.fsfx.com.br\/hospital-marcio-cunha\/wp-json\/wp\/v2\/posts\/14208","targetHints":{"allow":["GET"]}}],"collection":[{"href":"https:\/\/www.fsfx.com.br\/hospital-marcio-cunha\/wp-json\/wp\/v2\/posts"}],"about":[{"href":"https:\/\/www.fsfx.com.br\/hospital-marcio-cunha\/wp-json\/wp\/v2\/types\/post"}],"author":[{"embeddable":true,"href":"https:\/\/www.fsfx.com.br\/hospital-marcio-cunha\/wp-json\/wp\/v2\/users\/6"}],"replies":[{"embeddable":true,"href":"https:\/\/www.fsfx.com.br\/hospital-marcio-cunha\/wp-json\/wp\/v2\/comments?post=14208"}],"version-history":[{"count":1,"href":"https:\/\/www.fsfx.com.br\/hospital-marcio-cunha\/wp-json\/wp\/v2\/posts\/14208\/revisions"}],"predecessor-version":[{"id":14210,"href":"https:\/\/www.fsfx.com.br\/hospital-marcio-cunha\/wp-json\/wp\/v2\/posts\/14208\/revisions\/14210"}],"wp:featuredmedia":[{"embeddable":true,"href":"https:\/\/www.fsfx.com.br\/hospital-marcio-cunha\/wp-json\/wp\/v2\/media\/14209"}],"wp:attachment":[{"href":"https:\/\/www.fsfx.com.br\/hospital-marcio-cunha\/wp-json\/wp\/v2\/media?parent=14208"}],"wp:term":[{"taxonomy":"category","embeddable":true,"href":"https:\/\/www.fsfx.com.br\/hospital-marcio-cunha\/wp-json\/wp\/v2\/categories?post=14208"},{"taxonomy":"post_tag","embeddable":true,"href":"https:\/\/www.fsfx.com.br\/hospital-marcio-cunha\/wp-json\/wp\/v2\/tags?post=14208"}],"curies":[{"name":"wp","href":"https:\/\/api.w.org\/{rel}","templated":true}]}}