{"id":14319,"date":"2025-10-21T17:45:00","date_gmt":"2025-10-21T20:45:00","guid":{"rendered":"https:\/\/www.fsfx.com.br\/hospital-marcio-cunha\/?p=14319"},"modified":"2025-10-21T17:45:00","modified_gmt":"2025-10-21T20:45:00","slug":"hospital-marcio-cunha-inaugura-novo-bloco-cirurgico-e-reforca-sua-relevancia-na-saude-do-vale-do-aco","status":"publish","type":"post","link":"https:\/\/www.fsfx.com.br\/hospital-marcio-cunha\/hospital-marcio-cunha-inaugura-novo-bloco-cirurgico-e-reforca-sua-relevancia-na-saude-do-vale-do-aco\/","title":{"rendered":"Hospital M\u00e1rcio Cunha inaugura novo Bloco Cir\u00fargico e refor\u00e7a sua relev\u00e2ncia na sa\u00fade do Vale do A\u00e7o"},"content":{"rendered":"<p><span style=\"font-weight: 400;\">O Hospital M\u00e1rcio Cunha (HMC), administrado pela Funda\u00e7\u00e3o S\u00e3o Francisco Xavier (FSFX), vive um novo e importante cap\u00edtulo em sua hist\u00f3ria de compromisso com a vida e o desenvolvimento da sa\u00fade no Vale do A\u00e7o. Na manh\u00e3 desta ter\u00e7a-feira, 21 de outubro, foi inaugurado o novo Bloco Cir\u00fargico da Unidade II, no bairro Bom Retiro, em Ipatinga, uma entrega que representa avan\u00e7o, inova\u00e7\u00e3o e amplia\u00e7\u00e3o da capacidade assistencial da Institui\u00e7\u00e3o.<\/span><\/p>\n<p><span style=\"font-weight: 400;\">Com investimento de aproximadamente R$ 17 milh\u00f5es, a obra contemplou tanto a reforma completa das quatro salas cir\u00fargicas j\u00e1 existentes quanto a constru\u00e7\u00e3o de quatro novas salas, todas equipadas com tecnologia de ponta. O projeto foi cuidadosamente planejado para garantir a moderniza\u00e7\u00e3o total do espa\u00e7o e a seguran\u00e7a dos pacientes, al\u00e9m de prever futuras expans\u00f5es tecnol\u00f3gicas, como a possibilidade de ado\u00e7\u00e3o da cirurgia rob\u00f3tica.<\/span><\/p>\n<p><span style=\"font-weight: 400;\">Durante a cerim\u00f4nia de inaugura\u00e7\u00e3o, o diretor-presidente da Funda\u00e7\u00e3o S\u00e3o Francisco Xavier, Flaviano Feu Ventorim, destacou que a entrega marca um passo importante na hist\u00f3ria da Institui\u00e7\u00e3o. \u201cDuplicamos a capacidade cir\u00fargica da Unidade II, o que vai permitir atender ainda mais pessoas, com qualidade, conforto e seguran\u00e7a. Essa amplia\u00e7\u00e3o desafoga a Unidade I, que continuar\u00e1 concentrando as cirurgias de alta complexidade e os casos de urg\u00eancia e emerg\u00eancia. \u00c9 um investimento que refor\u00e7a nosso compromisso constante com a comunidade e com o futuro da sa\u00fade do Vale do A\u00e7o\u201d, afirmou.<\/span><\/p>\n<p><span style=\"font-weight: 400;\">O diretor de Neg\u00f3cios do Hospital M\u00e1rcio Cunha, Eduardo Blanski, ressaltou o desafio e a relev\u00e2ncia do projeto. Segundo ele, o investimento foi cuidadosamente planejado para que a obra acontecesse sem comprometer o funcionamento do Hospital. \u201cFoi um exerc\u00edcio de precis\u00e3o. Conseguimos entregar dentro do prazo e do or\u00e7amento, duplicando a capacidade do bloco cir\u00fargico, sendo um grande ganho assistencial. A meta agora \u00e9 chegar a uma m\u00e9dia de 50 cirurgias por dia nas oito salas, o que representa o dobro da capacidade anterior e um importante al\u00edvio para a demanda da regi\u00e3o\u201d, destacou.<\/span><\/p>\n<p><span style=\"font-weight: 400;\">J\u00e1 o diretor t\u00e9cnico do HMC, Alexandre Silva Pinto, enfatizou os benef\u00edcios diretos que a amplia\u00e7\u00e3o traz para pacientes e profissionais. \u201cCom o novo bloco, teremos o dobro de oferta de cirurgias eletivas, o que vai reduzir as filas de espera e proporcionar um atendimento mais r\u00e1pido e humanizado. Al\u00e9m disso, as salas modernas e equipadas garantem mais seguran\u00e7a e conforto tanto para os pacientes quanto para as equipes cir\u00fargicas\u201d, afirmou. Ele tamb\u00e9m destacou os investimentos no parque tecnol\u00f3gico do Hospital, que inclui novos monitores, aparelhos de anestesia, arcos cir\u00fargicos e sistemas de TI atualizados, elevando o padr\u00e3o de qualidade da Institui\u00e7\u00e3o e abrindo caminho para futuras inova\u00e7\u00f5es.<\/span><\/p>\n<p><span style=\"font-weight: 400;\">Com a amplia\u00e7\u00e3o, as duas unidades do Hospital M\u00e1rcio Cunha passam a contar com 18 salas cir\u00fargicas preparadas para procedimentos de pequena, m\u00e9dia e alta complexidade, consolidando ainda mais o hospital como refer\u00eancia em assist\u00eancia hospitalar no Leste de Minas Gerais e uma das institui\u00e7\u00f5es mais completas do estado.\u00a0<\/span><\/p>\n<p><span style=\"font-weight: 400;\">Dentro das melhorias, foi realizada a amplia\u00e7\u00e3o da sala de Recupera\u00e7\u00e3o P\u00f3s-Anest\u00e9sica (RPA), que passou de seis para dez leitos, al\u00e9m de melhorias nas \u00e1reas de apoio, como vesti\u00e1rios, recep\u00e7\u00e3o, sala de espera e estar m\u00e9dico. A moderniza\u00e7\u00e3o incluiu a incorpora\u00e7\u00e3o de tecnologia de ponta, al\u00e9m de adequa\u00e7\u00f5es de infraestrutura, garantindo um ambiente cada vez mais seguro e confort\u00e1vel para pacientes e profissionais.\u00a0<\/span><\/p>\n<p><span style=\"font-weight: 400;\">Essa inaugura\u00e7\u00e3o representa a for\u00e7a de uma Institui\u00e7\u00e3o que alia tecnologia, estrutura, processos, excel\u00eancia e humaniza\u00e7\u00e3o, reafirmando o compromisso da Funda\u00e7\u00e3o S\u00e3o Francisco Xavier com o cuidado de vidas e com o fortalecimento da sa\u00fade em toda a regi\u00e3o.<\/span><\/p>\n<p><b>Hospital M\u00e1rcio Cunha<\/b><\/p>\n<p><span style=\"font-weight: 400;\">Hospital geral de alta complexidade completando 60 anos de atua\u00e7\u00e3o em 2025. Possui 558 leitos e tr\u00eas unidades, sendo uma unidade exclusiva para o tratamento oncol\u00f3gico. Atende a uma popula\u00e7\u00e3o de mais de 1,6 milh\u00e3o de habitantes de 87 munic\u00edpios de Minas Gerais e conta com cerca de 500 m\u00e9dicos em 58 especialidades, com presta\u00e7\u00e3o de servi\u00e7os nas \u00e1reas de ambulat\u00f3rio, pronto-socorro, medicina diagn\u00f3stica, ensino e pesquisa, terapia intensiva adulta, pedi\u00e1trica e neonatal, urg\u00eancia e emerg\u00eancia, terapia renal substitutiva, alta complexidade cardiovascular, oncologia adulto e infantil, entre outros. No \u00faltimo ano, foram cerca de 5.200 partos realizados no HMC, cerca de 36 mil interna\u00e7\u00f5es, mais de 18 mil cirurgias, mais de 44 mil sess\u00f5es de hemodi\u00e1lise. Na unidade de oncologia, foram mais de 18 mil sess\u00f5es de radioterapia e cerca de 33 mil sess\u00f5es de quimioterapia.<\/span><\/p>\n<p><span style=\"font-weight: 400;\">O HMC foi o primeiro hospital do pa\u00eds a ser acreditado em n\u00edvel de excel\u00eancia (ONA III), pela Organiza\u00e7\u00e3o Nacional de Acredita\u00e7\u00e3o (ONA). Al\u00e9m disso, est\u00e1 classificado pela revista norte-americana Newsweek entre as melhores unidades hospitalares do Brasil, sendo o 6\u00ba em Minas Gerais e 27\u00ba melhor do pa\u00eds.\u00a0<\/span><\/p>\n<div id='gallery-1' class='gallery galleryid-14319 gallery-columns-3 gallery-size-large'><figure class='gallery-item'>\n\t\t\t<div class='gallery-icon landscape'>\n\t\t\t\t<a href='https:\/\/www.fsfx.com.br\/hospital-marcio-cunha\/wp-content\/uploads\/sites\/9\/2025\/10\/Inauguracao-Bloco-Cirurgico-HMC-2-1.jpeg'><img fetchpriority=\"high\" decoding=\"async\" width=\"1024\" height=\"682\" src=\"https:\/\/www.fsfx.com.br\/hospital-marcio-cunha\/wp-content\/uploads\/sites\/9\/2025\/10\/Inauguracao-Bloco-Cirurgico-HMC-2-1-1024x682.jpeg\" class=\"attachment-large size-large\" alt=\"\" srcset=\"https:\/\/www.fsfx.com.br\/hospital-marcio-cunha\/wp-content\/uploads\/sites\/9\/2025\/10\/Inauguracao-Bloco-Cirurgico-HMC-2-1-1024x682.jpeg 1024w, https:\/\/www.fsfx.com.br\/hospital-marcio-cunha\/wp-content\/uploads\/sites\/9\/2025\/10\/Inauguracao-Bloco-Cirurgico-HMC-2-1-300x200.jpeg 300w, https:\/\/www.fsfx.com.br\/hospital-marcio-cunha\/wp-content\/uploads\/sites\/9\/2025\/10\/Inauguracao-Bloco-Cirurgico-HMC-2-1-768x512.jpeg 768w, https:\/\/www.fsfx.com.br\/hospital-marcio-cunha\/wp-content\/uploads\/sites\/9\/2025\/10\/Inauguracao-Bloco-Cirurgico-HMC-2-1-1536x1023.jpeg 1536w, https:\/\/www.fsfx.com.br\/hospital-marcio-cunha\/wp-content\/uploads\/sites\/9\/2025\/10\/Inauguracao-Bloco-Cirurgico-HMC-2-1.jpeg 1600w\" sizes=\"(max-width: 1024px) 100vw, 1024px\" \/><\/a>\n\t\t\t<\/div><\/figure><figure class='gallery-item'>\n\t\t\t<div class='gallery-icon landscape'>\n\t\t\t\t<a href='https:\/\/www.fsfx.com.br\/hospital-marcio-cunha\/wp-content\/uploads\/sites\/9\/2025\/10\/Inauguracao-Bloco-Cirurgico-HMC-2-2.jpeg'><img decoding=\"async\" width=\"1024\" height=\"682\" src=\"https:\/\/www.fsfx.com.br\/hospital-marcio-cunha\/wp-content\/uploads\/sites\/9\/2025\/10\/Inauguracao-Bloco-Cirurgico-HMC-2-2-1024x682.jpeg\" class=\"attachment-large size-large\" alt=\"\" srcset=\"https:\/\/www.fsfx.com.br\/hospital-marcio-cunha\/wp-content\/uploads\/sites\/9\/2025\/10\/Inauguracao-Bloco-Cirurgico-HMC-2-2-1024x682.jpeg 1024w, https:\/\/www.fsfx.com.br\/hospital-marcio-cunha\/wp-content\/uploads\/sites\/9\/2025\/10\/Inauguracao-Bloco-Cirurgico-HMC-2-2-300x200.jpeg 300w, https:\/\/www.fsfx.com.br\/hospital-marcio-cunha\/wp-content\/uploads\/sites\/9\/2025\/10\/Inauguracao-Bloco-Cirurgico-HMC-2-2-768x512.jpeg 768w, https:\/\/www.fsfx.com.br\/hospital-marcio-cunha\/wp-content\/uploads\/sites\/9\/2025\/10\/Inauguracao-Bloco-Cirurgico-HMC-2-2-1536x1023.jpeg 1536w, https:\/\/www.fsfx.com.br\/hospital-marcio-cunha\/wp-content\/uploads\/sites\/9\/2025\/10\/Inauguracao-Bloco-Cirurgico-HMC-2-2.jpeg 1600w\" sizes=\"(max-width: 1024px) 100vw, 1024px\" \/><\/a>\n\t\t\t<\/div><\/figure><figure class='gallery-item'>\n\t\t\t<div class='gallery-icon landscape'>\n\t\t\t\t<a href='https:\/\/www.fsfx.com.br\/hospital-marcio-cunha\/wp-content\/uploads\/sites\/9\/2025\/10\/Inauguracao-Bloco-Cirurgico-HMC-2-3.jpeg'><img decoding=\"async\" width=\"1024\" height=\"682\" src=\"https:\/\/www.fsfx.com.br\/hospital-marcio-cunha\/wp-content\/uploads\/sites\/9\/2025\/10\/Inauguracao-Bloco-Cirurgico-HMC-2-3-1024x682.jpeg\" class=\"attachment-large size-large\" alt=\"\" srcset=\"https:\/\/www.fsfx.com.br\/hospital-marcio-cunha\/wp-content\/uploads\/sites\/9\/2025\/10\/Inauguracao-Bloco-Cirurgico-HMC-2-3-1024x682.jpeg 1024w, https:\/\/www.fsfx.com.br\/hospital-marcio-cunha\/wp-content\/uploads\/sites\/9\/2025\/10\/Inauguracao-Bloco-Cirurgico-HMC-2-3-300x200.jpeg 300w, https:\/\/www.fsfx.com.br\/hospital-marcio-cunha\/wp-content\/uploads\/sites\/9\/2025\/10\/Inauguracao-Bloco-Cirurgico-HMC-2-3-768x512.jpeg 768w, https:\/\/www.fsfx.com.br\/hospital-marcio-cunha\/wp-content\/uploads\/sites\/9\/2025\/10\/Inauguracao-Bloco-Cirurgico-HMC-2-3-1536x1023.jpeg 1536w, https:\/\/www.fsfx.com.br\/hospital-marcio-cunha\/wp-content\/uploads\/sites\/9\/2025\/10\/Inauguracao-Bloco-Cirurgico-HMC-2-3.jpeg 1600w\" sizes=\"(max-width: 1024px) 100vw, 1024px\" \/><\/a>\n\t\t\t<\/div><\/figure><figure class='gallery-item'>\n\t\t\t<div class='gallery-icon landscape'>\n\t\t\t\t<a href='https:\/\/www.fsfx.com.br\/hospital-marcio-cunha\/wp-content\/uploads\/sites\/9\/2025\/10\/Inauguracao-Bloco-Cirurgico-HMC-2-4.jpeg'><img loading=\"lazy\" decoding=\"async\" width=\"1024\" height=\"682\" src=\"https:\/\/www.fsfx.com.br\/hospital-marcio-cunha\/wp-content\/uploads\/sites\/9\/2025\/10\/Inauguracao-Bloco-Cirurgico-HMC-2-4-1024x682.jpeg\" class=\"attachment-large size-large\" alt=\"\" srcset=\"https:\/\/www.fsfx.com.br\/hospital-marcio-cunha\/wp-content\/uploads\/sites\/9\/2025\/10\/Inauguracao-Bloco-Cirurgico-HMC-2-4-1024x682.jpeg 1024w, https:\/\/www.fsfx.com.br\/hospital-marcio-cunha\/wp-content\/uploads\/sites\/9\/2025\/10\/Inauguracao-Bloco-Cirurgico-HMC-2-4-300x200.jpeg 300w, https:\/\/www.fsfx.com.br\/hospital-marcio-cunha\/wp-content\/uploads\/sites\/9\/2025\/10\/Inauguracao-Bloco-Cirurgico-HMC-2-4-768x512.jpeg 768w, https:\/\/www.fsfx.com.br\/hospital-marcio-cunha\/wp-content\/uploads\/sites\/9\/2025\/10\/Inauguracao-Bloco-Cirurgico-HMC-2-4-1536x1023.jpeg 1536w, https:\/\/www.fsfx.com.br\/hospital-marcio-cunha\/wp-content\/uploads\/sites\/9\/2025\/10\/Inauguracao-Bloco-Cirurgico-HMC-2-4.jpeg 1600w\" sizes=\"(max-width: 1024px) 100vw, 1024px\" \/><\/a>\n\t\t\t<\/div><\/figure><figure class='gallery-item'>\n\t\t\t<div class='gallery-icon landscape'>\n\t\t\t\t<a href='https:\/\/www.fsfx.com.br\/hospital-marcio-cunha\/wp-content\/uploads\/sites\/9\/2025\/10\/Inauguracao-Bloco-Cirurgico-HMC-2-5.jpeg'><img loading=\"lazy\" decoding=\"async\" width=\"1024\" height=\"682\" src=\"https:\/\/www.fsfx.com.br\/hospital-marcio-cunha\/wp-content\/uploads\/sites\/9\/2025\/10\/Inauguracao-Bloco-Cirurgico-HMC-2-5-1024x682.jpeg\" class=\"attachment-large size-large\" alt=\"\" srcset=\"https:\/\/www.fsfx.com.br\/hospital-marcio-cunha\/wp-content\/uploads\/sites\/9\/2025\/10\/Inauguracao-Bloco-Cirurgico-HMC-2-5-1024x682.jpeg 1024w, https:\/\/www.fsfx.com.br\/hospital-marcio-cunha\/wp-content\/uploads\/sites\/9\/2025\/10\/Inauguracao-Bloco-Cirurgico-HMC-2-5-300x200.jpeg 300w, https:\/\/www.fsfx.com.br\/hospital-marcio-cunha\/wp-content\/uploads\/sites\/9\/2025\/10\/Inauguracao-Bloco-Cirurgico-HMC-2-5-768x512.jpeg 768w, https:\/\/www.fsfx.com.br\/hospital-marcio-cunha\/wp-content\/uploads\/sites\/9\/2025\/10\/Inauguracao-Bloco-Cirurgico-HMC-2-5-1536x1023.jpeg 1536w, https:\/\/www.fsfx.com.br\/hospital-marcio-cunha\/wp-content\/uploads\/sites\/9\/2025\/10\/Inauguracao-Bloco-Cirurgico-HMC-2-5.jpeg 1600w\" sizes=\"(max-width: 1024px) 100vw, 1024px\" \/><\/a>\n\t\t\t<\/div><\/figure><figure class='gallery-item'>\n\t\t\t<div class='gallery-icon landscape'>\n\t\t\t\t<a href='https:\/\/www.fsfx.com.br\/hospital-marcio-cunha\/wp-content\/uploads\/sites\/9\/2025\/10\/Inauguracao-Bloco-Cirurgico-HMC-2-6.jpeg'><img loading=\"lazy\" decoding=\"async\" width=\"1024\" height=\"682\" src=\"https:\/\/www.fsfx.com.br\/hospital-marcio-cunha\/wp-content\/uploads\/sites\/9\/2025\/10\/Inauguracao-Bloco-Cirurgico-HMC-2-6-1024x682.jpeg\" class=\"attachment-large size-large\" alt=\"\" srcset=\"https:\/\/www.fsfx.com.br\/hospital-marcio-cunha\/wp-content\/uploads\/sites\/9\/2025\/10\/Inauguracao-Bloco-Cirurgico-HMC-2-6-1024x682.jpeg 1024w, https:\/\/www.fsfx.com.br\/hospital-marcio-cunha\/wp-content\/uploads\/sites\/9\/2025\/10\/Inauguracao-Bloco-Cirurgico-HMC-2-6-300x200.jpeg 300w, https:\/\/www.fsfx.com.br\/hospital-marcio-cunha\/wp-content\/uploads\/sites\/9\/2025\/10\/Inauguracao-Bloco-Cirurgico-HMC-2-6-768x512.jpeg 768w, https:\/\/www.fsfx.com.br\/hospital-marcio-cunha\/wp-content\/uploads\/sites\/9\/2025\/10\/Inauguracao-Bloco-Cirurgico-HMC-2-6-1536x1023.jpeg 1536w, https:\/\/www.fsfx.com.br\/hospital-marcio-cunha\/wp-content\/uploads\/sites\/9\/2025\/10\/Inauguracao-Bloco-Cirurgico-HMC-2-6.jpeg 1600w\" sizes=\"(max-width: 1024px) 100vw, 1024px\" \/><\/a>\n\t\t\t<\/div><\/figure><figure class='gallery-item'>\n\t\t\t<div class='gallery-icon landscape'>\n\t\t\t\t<a href='https:\/\/www.fsfx.com.br\/hospital-marcio-cunha\/wp-content\/uploads\/sites\/9\/2025\/10\/Inauguracao-Bloco-Cirurgico-HMC-2-7.jpeg'><img loading=\"lazy\" decoding=\"async\" width=\"1024\" height=\"682\" src=\"https:\/\/www.fsfx.com.br\/hospital-marcio-cunha\/wp-content\/uploads\/sites\/9\/2025\/10\/Inauguracao-Bloco-Cirurgico-HMC-2-7-1024x682.jpeg\" class=\"attachment-large size-large\" alt=\"\" srcset=\"https:\/\/www.fsfx.com.br\/hospital-marcio-cunha\/wp-content\/uploads\/sites\/9\/2025\/10\/Inauguracao-Bloco-Cirurgico-HMC-2-7-1024x682.jpeg 1024w, https:\/\/www.fsfx.com.br\/hospital-marcio-cunha\/wp-content\/uploads\/sites\/9\/2025\/10\/Inauguracao-Bloco-Cirurgico-HMC-2-7-300x200.jpeg 300w, https:\/\/www.fsfx.com.br\/hospital-marcio-cunha\/wp-content\/uploads\/sites\/9\/2025\/10\/Inauguracao-Bloco-Cirurgico-HMC-2-7-768x512.jpeg 768w, https:\/\/www.fsfx.com.br\/hospital-marcio-cunha\/wp-content\/uploads\/sites\/9\/2025\/10\/Inauguracao-Bloco-Cirurgico-HMC-2-7-1536x1023.jpeg 1536w, https:\/\/www.fsfx.com.br\/hospital-marcio-cunha\/wp-content\/uploads\/sites\/9\/2025\/10\/Inauguracao-Bloco-Cirurgico-HMC-2-7.jpeg 1600w\" sizes=\"(max-width: 1024px) 100vw, 1024px\" \/><\/a>\n\t\t\t<\/div><\/figure>\n\t\t<\/div>\n\n","protected":false},"excerpt":{"rendered":"<p>O Hospital M\u00e1rcio Cunha (HMC), administrado pela Funda\u00e7\u00e3o S\u00e3o Francisco Xavier (FSFX), vive um novo e importante cap\u00edtulo em sua hist\u00f3ria de compromisso com a vida e o desenvolvimento da sa\u00fade no Vale do A\u00e7o. Na manh\u00e3 desta ter\u00e7a-feira, 21 de outubro, foi inaugurado o novo Bloco Cir\u00fargico da Unidade II, no bairro Bom Retiro, [&hellip;]<\/p>\n","protected":false},"author":2,"featured_media":14321,"comment_status":"closed","ping_status":"closed","sticky":false,"template":"","format":"standard","meta":{"_acf_changed":false,"site-sidebar-layout":"default","site-content-layout":"","ast-site-content-layout":"default","site-content-style":"default","site-sidebar-style":"default","ast-global-header-display":"","ast-banner-title-visibility":"","ast-main-header-display":"","ast-hfb-above-header-display":"","ast-hfb-below-header-display":"","ast-hfb-mobile-header-display":"","site-post-title":"","ast-breadcrumbs-content":"","ast-featured-img":"","footer-sml-layout":"","theme-transparent-header-meta":"","adv-header-id-meta":"","stick-header-meta":"","header-above-stick-meta":"","header-main-stick-meta":"","header-below-stick-meta":"","astra-migrate-meta-layouts":"default","ast-page-background-enabled":"default","ast-page-background-meta":{"desktop":{"background-color":"var(--ast-global-color-4)","background-image":"","background-repeat":"repeat","background-position":"center center","background-size":"auto","background-attachment":"scroll","background-type":"","background-media":"","overlay-type":"","overlay-color":"","overlay-opacity":"","overlay-gradient":""},"tablet":{"background-color":"","background-image":"","background-repeat":"repeat","background-position":"center center","background-size":"auto","background-attachment":"scroll","background-type":"","background-media":"","overlay-type":"","overlay-color":"","overlay-opacity":"","overlay-gradient":""},"mobile":{"background-color":"","background-image":"","background-repeat":"repeat","background-position":"center center","background-size":"auto","background-attachment":"scroll","background-type":"","background-media":"","overlay-type":"","overlay-color":"","overlay-opacity":"","overlay-gradient":""}},"ast-content-background-meta":{"desktop":{"background-color":"var(--ast-global-color-5)","background-image":"","background-repeat":"repeat","background-position":"center center","background-size":"auto","background-attachment":"scroll","background-type":"","background-media":"","overlay-type":"","overlay-color":"","overlay-opacity":"","overlay-gradient":""},"tablet":{"background-color":"var(--ast-global-color-5)","background-image":"","background-repeat":"repeat","background-position":"center center","background-size":"auto","background-attachment":"scroll","background-type":"","background-media":"","overlay-type":"","overlay-color":"","overlay-opacity":"","overlay-gradient":""},"mobile":{"background-color":"var(--ast-global-color-5)","background-image":"","background-repeat":"repeat","background-position":"center center","background-size":"auto","background-attachment":"scroll","background-type":"","background-media":"","overlay-type":"","overlay-color":"","overlay-opacity":"","overlay-gradient":""}},"footnotes":""},"categories":[23,24],"tags":[],"class_list":["post-14319","post","type-post","status-publish","format-standard","has-post-thumbnail","hentry","category-noticias","category-saude"],"acf":[],"yoast_head":"<!-- This site is optimized with the Yoast SEO plugin v26.9 - https:\/\/yoast.com\/product\/yoast-seo-wordpress\/ -->\n<title>Hospital M\u00e1rcio Cunha inaugura novo Bloco Cir\u00fargico e refor\u00e7a sua relev\u00e2ncia na sa\u00fade do Vale do A\u00e7o - Hospital M\u00e1rcio Cunha<\/title>\n<meta name=\"robots\" content=\"index, follow, max-snippet:-1, max-image-preview:large, max-video-preview:-1\" \/>\n<link rel=\"canonical\" href=\"https:\/\/www.fsfx.com.br\/hospital-marcio-cunha\/hospital-marcio-cunha-inaugura-novo-bloco-cirurgico-e-reforca-sua-relevancia-na-saude-do-vale-do-aco\/\" \/>\n<meta property=\"og:locale\" content=\"pt_BR\" \/>\n<meta property=\"og:type\" content=\"article\" \/>\n<meta property=\"og:title\" content=\"Hospital M\u00e1rcio Cunha inaugura novo Bloco Cir\u00fargico e refor\u00e7a sua relev\u00e2ncia na sa\u00fade do Vale do A\u00e7o - Hospital M\u00e1rcio Cunha\" \/>\n<meta property=\"og:description\" content=\"O Hospital M\u00e1rcio Cunha (HMC), administrado pela Funda\u00e7\u00e3o S\u00e3o Francisco Xavier (FSFX), vive um novo e importante cap\u00edtulo em sua hist\u00f3ria de compromisso com a vida e o desenvolvimento da sa\u00fade no Vale do A\u00e7o. Na manh\u00e3 desta ter\u00e7a-feira, 21 de outubro, foi inaugurado o novo Bloco Cir\u00fargico da Unidade II, no bairro Bom Retiro, [&hellip;]\" \/>\n<meta property=\"og:url\" content=\"https:\/\/www.fsfx.com.br\/hospital-marcio-cunha\/hospital-marcio-cunha-inaugura-novo-bloco-cirurgico-e-reforca-sua-relevancia-na-saude-do-vale-do-aco\/\" \/>\n<meta property=\"og:site_name\" content=\"Hospital M\u00e1rcio Cunha\" \/>\n<meta property=\"article:published_time\" content=\"2025-10-21T20:45:00+00:00\" \/>\n<meta property=\"og:image\" content=\"https:\/\/www.fsfx.com.br\/hospital-marcio-cunha\/wp-content\/uploads\/sites\/9\/2025\/10\/Inauguracao-Bloco-Cirurgico-HMC-2-2.jpeg\" \/>\n\t<meta property=\"og:image:width\" content=\"1600\" \/>\n\t<meta property=\"og:image:height\" content=\"1066\" \/>\n\t<meta property=\"og:image:type\" content=\"image\/jpeg\" \/>\n<meta name=\"author\" content=\"claudio\" \/>\n<meta name=\"twitter:card\" content=\"summary_large_image\" \/>\n<meta name=\"twitter:label1\" content=\"Escrito por\" \/>\n\t<meta name=\"twitter:data1\" content=\"claudio\" \/>\n\t<meta name=\"twitter:label2\" content=\"Est. tempo de leitura\" \/>\n\t<meta name=\"twitter:data2\" content=\"5 minutos\" \/>\n<script type=\"application\/ld+json\" class=\"yoast-schema-graph\">{\"@context\":\"https:\/\/schema.org\",\"@graph\":[{\"@type\":\"Article\",\"@id\":\"https:\/\/www.fsfx.com.br\/hospital-marcio-cunha\/hospital-marcio-cunha-inaugura-novo-bloco-cirurgico-e-reforca-sua-relevancia-na-saude-do-vale-do-aco\/#article\",\"isPartOf\":{\"@id\":\"https:\/\/www.fsfx.com.br\/hospital-marcio-cunha\/hospital-marcio-cunha-inaugura-novo-bloco-cirurgico-e-reforca-sua-relevancia-na-saude-do-vale-do-aco\/\"},\"author\":{\"name\":\"claudio\",\"@id\":\"https:\/\/www.fsfx.com.br\/hospital-marcio-cunha\/#\/schema\/person\/7d2372fe1973398ab20a060bbb9a87d8\"},\"headline\":\"Hospital M\u00e1rcio Cunha inaugura novo Bloco Cir\u00fargico e refor\u00e7a sua relev\u00e2ncia na sa\u00fade do Vale do A\u00e7o\",\"datePublished\":\"2025-10-21T20:45:00+00:00\",\"mainEntityOfPage\":{\"@id\":\"https:\/\/www.fsfx.com.br\/hospital-marcio-cunha\/hospital-marcio-cunha-inaugura-novo-bloco-cirurgico-e-reforca-sua-relevancia-na-saude-do-vale-do-aco\/\"},\"wordCount\":890,\"publisher\":{\"@id\":\"https:\/\/www.fsfx.com.br\/hospital-marcio-cunha\/#organization\"},\"image\":{\"@id\":\"https:\/\/www.fsfx.com.br\/hospital-marcio-cunha\/hospital-marcio-cunha-inaugura-novo-bloco-cirurgico-e-reforca-sua-relevancia-na-saude-do-vale-do-aco\/#primaryimage\"},\"thumbnailUrl\":\"https:\/\/www.fsfx.com.br\/hospital-marcio-cunha\/wp-content\/uploads\/sites\/9\/2025\/10\/Inauguracao-Bloco-Cirurgico-HMC-2-2.jpeg\",\"articleSection\":[\"Not\u00edcias\",\"Sa\u00fade\"],\"inLanguage\":\"pt-BR\"},{\"@type\":\"WebPage\",\"@id\":\"https:\/\/www.fsfx.com.br\/hospital-marcio-cunha\/hospital-marcio-cunha-inaugura-novo-bloco-cirurgico-e-reforca-sua-relevancia-na-saude-do-vale-do-aco\/\",\"url\":\"https:\/\/www.fsfx.com.br\/hospital-marcio-cunha\/hospital-marcio-cunha-inaugura-novo-bloco-cirurgico-e-reforca-sua-relevancia-na-saude-do-vale-do-aco\/\",\"name\":\"Hospital M\u00e1rcio Cunha inaugura novo Bloco Cir\u00fargico e refor\u00e7a sua relev\u00e2ncia na sa\u00fade do Vale do A\u00e7o - Hospital M\u00e1rcio Cunha\",\"isPartOf\":{\"@id\":\"https:\/\/www.fsfx.com.br\/hospital-marcio-cunha\/#website\"},\"primaryImageOfPage\":{\"@id\":\"https:\/\/www.fsfx.com.br\/hospital-marcio-cunha\/hospital-marcio-cunha-inaugura-novo-bloco-cirurgico-e-reforca-sua-relevancia-na-saude-do-vale-do-aco\/#primaryimage\"},\"image\":{\"@id\":\"https:\/\/www.fsfx.com.br\/hospital-marcio-cunha\/hospital-marcio-cunha-inaugura-novo-bloco-cirurgico-e-reforca-sua-relevancia-na-saude-do-vale-do-aco\/#primaryimage\"},\"thumbnailUrl\":\"https:\/\/www.fsfx.com.br\/hospital-marcio-cunha\/wp-content\/uploads\/sites\/9\/2025\/10\/Inauguracao-Bloco-Cirurgico-HMC-2-2.jpeg\",\"datePublished\":\"2025-10-21T20:45:00+00:00\",\"breadcrumb\":{\"@id\":\"https:\/\/www.fsfx.com.br\/hospital-marcio-cunha\/hospital-marcio-cunha-inaugura-novo-bloco-cirurgico-e-reforca-sua-relevancia-na-saude-do-vale-do-aco\/#breadcrumb\"},\"inLanguage\":\"pt-BR\",\"potentialAction\":[{\"@type\":\"ReadAction\",\"target\":[\"https:\/\/www.fsfx.com.br\/hospital-marcio-cunha\/hospital-marcio-cunha-inaugura-novo-bloco-cirurgico-e-reforca-sua-relevancia-na-saude-do-vale-do-aco\/\"]}]},{\"@type\":\"ImageObject\",\"inLanguage\":\"pt-BR\",\"@id\":\"https:\/\/www.fsfx.com.br\/hospital-marcio-cunha\/hospital-marcio-cunha-inaugura-novo-bloco-cirurgico-e-reforca-sua-relevancia-na-saude-do-vale-do-aco\/#primaryimage\",\"url\":\"https:\/\/www.fsfx.com.br\/hospital-marcio-cunha\/wp-content\/uploads\/sites\/9\/2025\/10\/Inauguracao-Bloco-Cirurgico-HMC-2-2.jpeg\",\"contentUrl\":\"https:\/\/www.fsfx.com.br\/hospital-marcio-cunha\/wp-content\/uploads\/sites\/9\/2025\/10\/Inauguracao-Bloco-Cirurgico-HMC-2-2.jpeg\",\"width\":1600,\"height\":1066},{\"@type\":\"BreadcrumbList\",\"@id\":\"https:\/\/www.fsfx.com.br\/hospital-marcio-cunha\/hospital-marcio-cunha-inaugura-novo-bloco-cirurgico-e-reforca-sua-relevancia-na-saude-do-vale-do-aco\/#breadcrumb\",\"itemListElement\":[{\"@type\":\"ListItem\",\"position\":1,\"name\":\"In\u00edcio\",\"item\":\"https:\/\/www.fsfx.com.br\/hospital-marcio-cunha\/\"},{\"@type\":\"ListItem\",\"position\":2,\"name\":\"Hospital M\u00e1rcio Cunha inaugura novo Bloco Cir\u00fargico e refor\u00e7a sua relev\u00e2ncia na sa\u00fade do Vale do A\u00e7o\"}]},{\"@type\":\"WebSite\",\"@id\":\"https:\/\/www.fsfx.com.br\/hospital-marcio-cunha\/#website\",\"url\":\"https:\/\/www.fsfx.com.br\/hospital-marcio-cunha\/\",\"name\":\"Hospital M\u00e1rcio Cunha\",\"description\":\"O Hospital M\u00e1rcio Cunha (HMC) \u00e9 um hospital geral de alta complexidade, com 558 leitos e tr\u00eas unidades, sendo uma unidade exclusiva para o tratamento oncol\u00f3gico.\",\"publisher\":{\"@id\":\"https:\/\/www.fsfx.com.br\/hospital-marcio-cunha\/#organization\"},\"potentialAction\":[{\"@type\":\"SearchAction\",\"target\":{\"@type\":\"EntryPoint\",\"urlTemplate\":\"https:\/\/www.fsfx.com.br\/hospital-marcio-cunha\/?s={search_term_string}\"},\"query-input\":{\"@type\":\"PropertyValueSpecification\",\"valueRequired\":true,\"valueName\":\"search_term_string\"}}],\"inLanguage\":\"pt-BR\"},{\"@type\":\"Organization\",\"@id\":\"https:\/\/www.fsfx.com.br\/hospital-marcio-cunha\/#organization\",\"name\":\"HMC - Hospital M\u00e1rcio Cunha\",\"url\":\"https:\/\/www.fsfx.com.br\/hospital-marcio-cunha\/\",\"logo\":{\"@type\":\"ImageObject\",\"inLanguage\":\"pt-BR\",\"@id\":\"https:\/\/www.fsfx.com.br\/hospital-marcio-cunha\/#\/schema\/logo\/image\/\",\"url\":\"https:\/\/www.fsfx.com.br\/hospital-marcio-cunha\/wp-content\/uploads\/sites\/9\/2022\/04\/logo-hmc-color.png\",\"contentUrl\":\"https:\/\/www.fsfx.com.br\/hospital-marcio-cunha\/wp-content\/uploads\/sites\/9\/2022\/04\/logo-hmc-color.png\",\"width\":264,\"height\":59,\"caption\":\"HMC - Hospital M\u00e1rcio Cunha\"},\"image\":{\"@id\":\"https:\/\/www.fsfx.com.br\/hospital-marcio-cunha\/#\/schema\/logo\/image\/\"}},{\"@type\":\"Person\",\"@id\":\"https:\/\/www.fsfx.com.br\/hospital-marcio-cunha\/#\/schema\/person\/7d2372fe1973398ab20a060bbb9a87d8\",\"name\":\"claudio\",\"image\":{\"@type\":\"ImageObject\",\"inLanguage\":\"pt-BR\",\"@id\":\"https:\/\/www.fsfx.com.br\/hospital-marcio-cunha\/#\/schema\/person\/image\/\",\"url\":\"https:\/\/secure.gravatar.com\/avatar\/724caacf0f2f073275cb3689c577e73e87e40150b1ffd648a67445e75aa7ff03?s=96&d=mm&r=g\",\"contentUrl\":\"https:\/\/secure.gravatar.com\/avatar\/724caacf0f2f073275cb3689c577e73e87e40150b1ffd648a67445e75aa7ff03?s=96&d=mm&r=g\",\"caption\":\"claudio\"},\"url\":\"https:\/\/www.fsfx.com.br\/hospital-marcio-cunha\/author\/claudio\/\"}]}<\/script>\n<!-- \/ Yoast SEO plugin. -->","yoast_head_json":{"title":"Hospital M\u00e1rcio Cunha inaugura novo Bloco Cir\u00fargico e refor\u00e7a sua relev\u00e2ncia na sa\u00fade do Vale do A\u00e7o - Hospital M\u00e1rcio Cunha","robots":{"index":"index","follow":"follow","max-snippet":"max-snippet:-1","max-image-preview":"max-image-preview:large","max-video-preview":"max-video-preview:-1"},"canonical":"https:\/\/www.fsfx.com.br\/hospital-marcio-cunha\/hospital-marcio-cunha-inaugura-novo-bloco-cirurgico-e-reforca-sua-relevancia-na-saude-do-vale-do-aco\/","og_locale":"pt_BR","og_type":"article","og_title":"Hospital M\u00e1rcio Cunha inaugura novo Bloco Cir\u00fargico e refor\u00e7a sua relev\u00e2ncia na sa\u00fade do Vale do A\u00e7o - Hospital M\u00e1rcio Cunha","og_description":"O Hospital M\u00e1rcio Cunha (HMC), administrado pela Funda\u00e7\u00e3o S\u00e3o Francisco Xavier (FSFX), vive um novo e importante cap\u00edtulo em sua hist\u00f3ria de compromisso com a vida e o desenvolvimento da sa\u00fade no Vale do A\u00e7o. Na manh\u00e3 desta ter\u00e7a-feira, 21 de outubro, foi inaugurado o novo Bloco Cir\u00fargico da Unidade II, no bairro Bom Retiro, [&hellip;]","og_url":"https:\/\/www.fsfx.com.br\/hospital-marcio-cunha\/hospital-marcio-cunha-inaugura-novo-bloco-cirurgico-e-reforca-sua-relevancia-na-saude-do-vale-do-aco\/","og_site_name":"Hospital M\u00e1rcio Cunha","article_published_time":"2025-10-21T20:45:00+00:00","og_image":[{"width":1600,"height":1066,"url":"https:\/\/www.fsfx.com.br\/hospital-marcio-cunha\/wp-content\/uploads\/sites\/9\/2025\/10\/Inauguracao-Bloco-Cirurgico-HMC-2-2.jpeg","type":"image\/jpeg"}],"author":"claudio","twitter_card":"summary_large_image","twitter_misc":{"Escrito por":"claudio","Est. tempo de leitura":"5 minutos"},"schema":{"@context":"https:\/\/schema.org","@graph":[{"@type":"Article","@id":"https:\/\/www.fsfx.com.br\/hospital-marcio-cunha\/hospital-marcio-cunha-inaugura-novo-bloco-cirurgico-e-reforca-sua-relevancia-na-saude-do-vale-do-aco\/#article","isPartOf":{"@id":"https:\/\/www.fsfx.com.br\/hospital-marcio-cunha\/hospital-marcio-cunha-inaugura-novo-bloco-cirurgico-e-reforca-sua-relevancia-na-saude-do-vale-do-aco\/"},"author":{"name":"claudio","@id":"https:\/\/www.fsfx.com.br\/hospital-marcio-cunha\/#\/schema\/person\/7d2372fe1973398ab20a060bbb9a87d8"},"headline":"Hospital M\u00e1rcio Cunha inaugura novo Bloco Cir\u00fargico e refor\u00e7a sua relev\u00e2ncia na sa\u00fade do Vale do A\u00e7o","datePublished":"2025-10-21T20:45:00+00:00","mainEntityOfPage":{"@id":"https:\/\/www.fsfx.com.br\/hospital-marcio-cunha\/hospital-marcio-cunha-inaugura-novo-bloco-cirurgico-e-reforca-sua-relevancia-na-saude-do-vale-do-aco\/"},"wordCount":890,"publisher":{"@id":"https:\/\/www.fsfx.com.br\/hospital-marcio-cunha\/#organization"},"image":{"@id":"https:\/\/www.fsfx.com.br\/hospital-marcio-cunha\/hospital-marcio-cunha-inaugura-novo-bloco-cirurgico-e-reforca-sua-relevancia-na-saude-do-vale-do-aco\/#primaryimage"},"thumbnailUrl":"https:\/\/www.fsfx.com.br\/hospital-marcio-cunha\/wp-content\/uploads\/sites\/9\/2025\/10\/Inauguracao-Bloco-Cirurgico-HMC-2-2.jpeg","articleSection":["Not\u00edcias","Sa\u00fade"],"inLanguage":"pt-BR"},{"@type":"WebPage","@id":"https:\/\/www.fsfx.com.br\/hospital-marcio-cunha\/hospital-marcio-cunha-inaugura-novo-bloco-cirurgico-e-reforca-sua-relevancia-na-saude-do-vale-do-aco\/","url":"https:\/\/www.fsfx.com.br\/hospital-marcio-cunha\/hospital-marcio-cunha-inaugura-novo-bloco-cirurgico-e-reforca-sua-relevancia-na-saude-do-vale-do-aco\/","name":"Hospital M\u00e1rcio Cunha inaugura novo Bloco Cir\u00fargico e refor\u00e7a sua relev\u00e2ncia na sa\u00fade do Vale do A\u00e7o - Hospital M\u00e1rcio Cunha","isPartOf":{"@id":"https:\/\/www.fsfx.com.br\/hospital-marcio-cunha\/#website"},"primaryImageOfPage":{"@id":"https:\/\/www.fsfx.com.br\/hospital-marcio-cunha\/hospital-marcio-cunha-inaugura-novo-bloco-cirurgico-e-reforca-sua-relevancia-na-saude-do-vale-do-aco\/#primaryimage"},"image":{"@id":"https:\/\/www.fsfx.com.br\/hospital-marcio-cunha\/hospital-marcio-cunha-inaugura-novo-bloco-cirurgico-e-reforca-sua-relevancia-na-saude-do-vale-do-aco\/#primaryimage"},"thumbnailUrl":"https:\/\/www.fsfx.com.br\/hospital-marcio-cunha\/wp-content\/uploads\/sites\/9\/2025\/10\/Inauguracao-Bloco-Cirurgico-HMC-2-2.jpeg","datePublished":"2025-10-21T20:45:00+00:00","breadcrumb":{"@id":"https:\/\/www.fsfx.com.br\/hospital-marcio-cunha\/hospital-marcio-cunha-inaugura-novo-bloco-cirurgico-e-reforca-sua-relevancia-na-saude-do-vale-do-aco\/#breadcrumb"},"inLanguage":"pt-BR","potentialAction":[{"@type":"ReadAction","target":["https:\/\/www.fsfx.com.br\/hospital-marcio-cunha\/hospital-marcio-cunha-inaugura-novo-bloco-cirurgico-e-reforca-sua-relevancia-na-saude-do-vale-do-aco\/"]}]},{"@type":"ImageObject","inLanguage":"pt-BR","@id":"https:\/\/www.fsfx.com.br\/hospital-marcio-cunha\/hospital-marcio-cunha-inaugura-novo-bloco-cirurgico-e-reforca-sua-relevancia-na-saude-do-vale-do-aco\/#primaryimage","url":"https:\/\/www.fsfx.com.br\/hospital-marcio-cunha\/wp-content\/uploads\/sites\/9\/2025\/10\/Inauguracao-Bloco-Cirurgico-HMC-2-2.jpeg","contentUrl":"https:\/\/www.fsfx.com.br\/hospital-marcio-cunha\/wp-content\/uploads\/sites\/9\/2025\/10\/Inauguracao-Bloco-Cirurgico-HMC-2-2.jpeg","width":1600,"height":1066},{"@type":"BreadcrumbList","@id":"https:\/\/www.fsfx.com.br\/hospital-marcio-cunha\/hospital-marcio-cunha-inaugura-novo-bloco-cirurgico-e-reforca-sua-relevancia-na-saude-do-vale-do-aco\/#breadcrumb","itemListElement":[{"@type":"ListItem","position":1,"name":"In\u00edcio","item":"https:\/\/www.fsfx.com.br\/hospital-marcio-cunha\/"},{"@type":"ListItem","position":2,"name":"Hospital M\u00e1rcio Cunha inaugura novo Bloco Cir\u00fargico e refor\u00e7a sua relev\u00e2ncia na sa\u00fade do Vale do A\u00e7o"}]},{"@type":"WebSite","@id":"https:\/\/www.fsfx.com.br\/hospital-marcio-cunha\/#website","url":"https:\/\/www.fsfx.com.br\/hospital-marcio-cunha\/","name":"Hospital M\u00e1rcio Cunha","description":"O Hospital M\u00e1rcio Cunha (HMC) \u00e9 um hospital geral de alta complexidade, com 558 leitos e tr\u00eas unidades, sendo uma unidade exclusiva para o tratamento oncol\u00f3gico.","publisher":{"@id":"https:\/\/www.fsfx.com.br\/hospital-marcio-cunha\/#organization"},"potentialAction":[{"@type":"SearchAction","target":{"@type":"EntryPoint","urlTemplate":"https:\/\/www.fsfx.com.br\/hospital-marcio-cunha\/?s={search_term_string}"},"query-input":{"@type":"PropertyValueSpecification","valueRequired":true,"valueName":"search_term_string"}}],"inLanguage":"pt-BR"},{"@type":"Organization","@id":"https:\/\/www.fsfx.com.br\/hospital-marcio-cunha\/#organization","name":"HMC - Hospital M\u00e1rcio Cunha","url":"https:\/\/www.fsfx.com.br\/hospital-marcio-cunha\/","logo":{"@type":"ImageObject","inLanguage":"pt-BR","@id":"https:\/\/www.fsfx.com.br\/hospital-marcio-cunha\/#\/schema\/logo\/image\/","url":"https:\/\/www.fsfx.com.br\/hospital-marcio-cunha\/wp-content\/uploads\/sites\/9\/2022\/04\/logo-hmc-color.png","contentUrl":"https:\/\/www.fsfx.com.br\/hospital-marcio-cunha\/wp-content\/uploads\/sites\/9\/2022\/04\/logo-hmc-color.png","width":264,"height":59,"caption":"HMC - Hospital M\u00e1rcio Cunha"},"image":{"@id":"https:\/\/www.fsfx.com.br\/hospital-marcio-cunha\/#\/schema\/logo\/image\/"}},{"@type":"Person","@id":"https:\/\/www.fsfx.com.br\/hospital-marcio-cunha\/#\/schema\/person\/7d2372fe1973398ab20a060bbb9a87d8","name":"claudio","image":{"@type":"ImageObject","inLanguage":"pt-BR","@id":"https:\/\/www.fsfx.com.br\/hospital-marcio-cunha\/#\/schema\/person\/image\/","url":"https:\/\/secure.gravatar.com\/avatar\/724caacf0f2f073275cb3689c577e73e87e40150b1ffd648a67445e75aa7ff03?s=96&d=mm&r=g","contentUrl":"https:\/\/secure.gravatar.com\/avatar\/724caacf0f2f073275cb3689c577e73e87e40150b1ffd648a67445e75aa7ff03?s=96&d=mm&r=g","caption":"claudio"},"url":"https:\/\/www.fsfx.com.br\/hospital-marcio-cunha\/author\/claudio\/"}]}},"_links":{"self":[{"href":"https:\/\/www.fsfx.com.br\/hospital-marcio-cunha\/wp-json\/wp\/v2\/posts\/14319","targetHints":{"allow":["GET"]}}],"collection":[{"href":"https:\/\/www.fsfx.com.br\/hospital-marcio-cunha\/wp-json\/wp\/v2\/posts"}],"about":[{"href":"https:\/\/www.fsfx.com.br\/hospital-marcio-cunha\/wp-json\/wp\/v2\/types\/post"}],"author":[{"embeddable":true,"href":"https:\/\/www.fsfx.com.br\/hospital-marcio-cunha\/wp-json\/wp\/v2\/users\/2"}],"replies":[{"embeddable":true,"href":"https:\/\/www.fsfx.com.br\/hospital-marcio-cunha\/wp-json\/wp\/v2\/comments?post=14319"}],"version-history":[{"count":1,"href":"https:\/\/www.fsfx.com.br\/hospital-marcio-cunha\/wp-json\/wp\/v2\/posts\/14319\/revisions"}],"predecessor-version":[{"id":14327,"href":"https:\/\/www.fsfx.com.br\/hospital-marcio-cunha\/wp-json\/wp\/v2\/posts\/14319\/revisions\/14327"}],"wp:featuredmedia":[{"embeddable":true,"href":"https:\/\/www.fsfx.com.br\/hospital-marcio-cunha\/wp-json\/wp\/v2\/media\/14321"}],"wp:attachment":[{"href":"https:\/\/www.fsfx.com.br\/hospital-marcio-cunha\/wp-json\/wp\/v2\/media?parent=14319"}],"wp:term":[{"taxonomy":"category","embeddable":true,"href":"https:\/\/www.fsfx.com.br\/hospital-marcio-cunha\/wp-json\/wp\/v2\/categories?post=14319"},{"taxonomy":"post_tag","embeddable":true,"href":"https:\/\/www.fsfx.com.br\/hospital-marcio-cunha\/wp-json\/wp\/v2\/tags?post=14319"}],"curies":[{"name":"wp","href":"https:\/\/api.w.org\/{rel}","templated":true}]}}