{"id":19208,"date":"2026-04-27T16:55:45","date_gmt":"2026-04-27T19:55:45","guid":{"rendered":"https:\/\/www.fsfx.com.br\/hospital-marcio-cunha\/?p=19208"},"modified":"2026-04-27T16:57:13","modified_gmt":"2026-04-27T19:57:13","slug":"1o-simposio-de-cuidados-paliativos-do-hospital-marcio-cunha-reune-mais-de-200-profissionais-da-saude","status":"publish","type":"post","link":"https:\/\/www.fsfx.com.br\/hospital-marcio-cunha\/1o-simposio-de-cuidados-paliativos-do-hospital-marcio-cunha-reune-mais-de-200-profissionais-da-saude\/","title":{"rendered":"1\u00ba Simp\u00f3sio de Cuidados Paliativos do Hospital M\u00e1rcio Cunha re\u00fane mais de 200 profissionais da sa\u00fade"},"content":{"rendered":"<p>Mais de 200 profissionais da \u00e1rea da sa\u00fade participaram, no \u00faltimo s\u00e1bado (25), do 1\u00ba Simp\u00f3sio de Cuidados Paliativos do Hospital M\u00e1rcio Cunha (HMC), realizado no Teatro Z\u00e9lia Olguin, em Ipatinga. O evento foi promovido pelo Hospital M\u00e1rcio Cunha, institui\u00e7\u00e3o administrada pela Funda\u00e7\u00e3o S\u00e3o Francisco Xavier, e reuniu m\u00e9dicos, enfermeiros, t\u00e9cnicos de enfermagem, psic\u00f3logos, fisioterapeutas, nutricionistas, fonoaudi\u00f3logos, outros profissionais da \u00e1rea da sa\u00fade e estudantes interessados em ampliarem os conhecimentos e fortalecerem pr\u00e1ticas voltadas ao cuidado integral de pacientes com doen\u00e7as graves ou em fase avan\u00e7ada.<\/p>\n<p><img fetchpriority=\"high\" decoding=\"async\" class=\"alignleft wp-image-99809 size-medium\" src=\"https:\/\/intranet.fsfx.org.br\/wp-content\/uploads\/2026\/04\/1o-Simposio-de-Cuidados-Paliativos-HMC-Igor-Reis-1-169x300.jpeg\" sizes=\"(max-width: 169px) 100vw, 169px\" srcset=\"https:\/\/intranet.fsfx.org.br\/wp-content\/uploads\/2026\/04\/1o-Simposio-de-Cuidados-Paliativos-HMC-Igor-Reis-1-169x300.jpeg 169w, https:\/\/intranet.fsfx.org.br\/wp-content\/uploads\/2026\/04\/1o-Simposio-de-Cuidados-Paliativos-HMC-Igor-Reis-1-576x1024.jpeg 576w, https:\/\/intranet.fsfx.org.br\/wp-content\/uploads\/2026\/04\/1o-Simposio-de-Cuidados-Paliativos-HMC-Igor-Reis-1-768x1366.jpeg 768w, https:\/\/intranet.fsfx.org.br\/wp-content\/uploads\/2026\/04\/1o-Simposio-de-Cuidados-Paliativos-HMC-Igor-Reis-1-864x1536.jpeg 864w, https:\/\/intranet.fsfx.org.br\/wp-content\/uploads\/2026\/04\/1o-Simposio-de-Cuidados-Paliativos-HMC-Igor-Reis-1-1152x2048.jpeg 1152w, https:\/\/intranet.fsfx.org.br\/wp-content\/uploads\/2026\/04\/1o-Simposio-de-Cuidados-Paliativos-HMC-Igor-Reis-1-scaled.jpeg 1440w\" alt=\"\" width=\"169\" height=\"300\" \/><\/p>\n<p>Ao longo de todo o dia, os participantes acompanharam uma programa\u00e7\u00e3o cient\u00edfica que abordou diferentes dimens\u00f5es dos cuidados paliativos, desde o acompanhamento precoce do paciente at\u00e9 os aspectos \u00e9ticos, jur\u00eddicos e humanos envolvidos nas decis\u00f5es de fim de vida. A iniciativa teve como objetivo capacitar e sensibilizar os profissionais para uma assist\u00eancia mais qualificada, centrada na dignidade, no conforto e na qualidade de vida dos pacientes e de seus familiares.<\/p>\n<p>Durante o simp\u00f3sio, especialistas discutiram temas como a continuidade do cuidado do hospital para o domic\u00edlio, a autonomia do paciente nas decis\u00f5es terap\u00eauticas, os limites das interven\u00e7\u00f5es m\u00e9dicas e a atua\u00e7\u00e3o dos cuidados paliativos em unidades de terapia intensiva. Tamb\u00e9m foram abordadas quest\u00f5es relacionadas ao apoio emocional, \u00e0 espiritualidade no processo de finitude e \u00e0 import\u00e2ncia de cuidar de quem cuida, destacando o papel das equipes multiprofissionais no acolhimento de pacientes e familiares.<\/p>\n<p><img decoding=\"async\" class=\"size-medium wp-image-99810 alignright\" src=\"https:\/\/intranet.fsfx.org.br\/wp-content\/uploads\/2026\/04\/1o-Simposio-de-Cuidados-Paliativos-HMC-Igor-Reis-2-169x300.jpeg\" sizes=\"(max-width: 169px) 100vw, 169px\" srcset=\"https:\/\/intranet.fsfx.org.br\/wp-content\/uploads\/2026\/04\/1o-Simposio-de-Cuidados-Paliativos-HMC-Igor-Reis-2-169x300.jpeg 169w, https:\/\/intranet.fsfx.org.br\/wp-content\/uploads\/2026\/04\/1o-Simposio-de-Cuidados-Paliativos-HMC-Igor-Reis-2-576x1024.jpeg 576w, https:\/\/intranet.fsfx.org.br\/wp-content\/uploads\/2026\/04\/1o-Simposio-de-Cuidados-Paliativos-HMC-Igor-Reis-2-768x1365.jpeg 768w, https:\/\/intranet.fsfx.org.br\/wp-content\/uploads\/2026\/04\/1o-Simposio-de-Cuidados-Paliativos-HMC-Igor-Reis-2-864x1536.jpeg 864w, https:\/\/intranet.fsfx.org.br\/wp-content\/uploads\/2026\/04\/1o-Simposio-de-Cuidados-Paliativos-HMC-Igor-Reis-2-1152x2048.jpeg 1152w, https:\/\/intranet.fsfx.org.br\/wp-content\/uploads\/2026\/04\/1o-Simposio-de-Cuidados-Paliativos-HMC-Igor-Reis-2-scaled.jpeg 1440w\" alt=\"\" width=\"169\" height=\"300\" \/><\/p>\n<p>A programa\u00e7\u00e3o foi dividida em mesas tem\u00e1ticas conduzidas por especialistas convidados, proporcionando momentos de troca de experi\u00eancias e debates sobre situa\u00e7\u00f5es reais vivenciadas no cotidiano dos servi\u00e7os de sa\u00fade. Para os organizadores, encontros como esse s\u00e3o fundamentais para fortalecer a cultura dos cuidados paliativos e ampliar o entendimento de que esse tipo de assist\u00eancia deve estar presente em todas as fases do tratamento de doen\u00e7as graves, e n\u00e3o apenas nos momentos finais da vida.<\/p>\n<p>Para quem vive a rotina do cuidado dentro do hospital, o simp\u00f3sio tamb\u00e9m representou um importante momento de aprendizado e reflex\u00e3o. A t\u00e9cnica de enfermagem do Hospital M\u00e1rcio Cunha, W\u00e1lbia Gon\u00e7alves, destacou a relev\u00e2ncia da iniciativa para as equipes que lidam diariamente com pacientes em situa\u00e7\u00e3o de maior vulnerabilidade. \u201c\u00c9 um evento muito bonito e importante para n\u00f3s que trabalhamos no dia a dia com pacientes paliativos e oncol\u00f3gicos. \u00c9 um grande aprendizado para toda a equipe multidisciplinar, n\u00e3o s\u00f3 para m\u00e9dicos, mas tamb\u00e9m enfermeiros, fisioterapeutas, fonoaudi\u00f3logos. O cuidado paliativo ainda \u00e9 algo relativamente novo no Brasil e eventos como esse ajudam a gente a entender com clareza e a melhorar a qualidade da assist\u00eancia oferecida aos pacientes\u201d, afirmou.<\/p>\n<p><img decoding=\"async\" class=\"alignleft wp-image-99812 size-full\" src=\"https:\/\/intranet.fsfx.org.br\/wp-content\/uploads\/2026\/04\/1o-Simposio-de-Cuidados-Paliativos-HMC-Igor-Reis-5.jpg\" sizes=\"(max-width: 2400px) 100vw, 2400px\" srcset=\"https:\/\/intranet.fsfx.org.br\/wp-content\/uploads\/2026\/04\/1o-Simposio-de-Cuidados-Paliativos-HMC-Igor-Reis-5.jpg 2400w, https:\/\/intranet.fsfx.org.br\/wp-content\/uploads\/2026\/04\/1o-Simposio-de-Cuidados-Paliativos-HMC-Igor-Reis-5-300x225.jpg 300w, https:\/\/intranet.fsfx.org.br\/wp-content\/uploads\/2026\/04\/1o-Simposio-de-Cuidados-Paliativos-HMC-Igor-Reis-5-1024x768.jpg 1024w, https:\/\/intranet.fsfx.org.br\/wp-content\/uploads\/2026\/04\/1o-Simposio-de-Cuidados-Paliativos-HMC-Igor-Reis-5-768x576.jpg 768w, https:\/\/intranet.fsfx.org.br\/wp-content\/uploads\/2026\/04\/1o-Simposio-de-Cuidados-Paliativos-HMC-Igor-Reis-5-1536x1152.jpg 1536w, https:\/\/intranet.fsfx.org.br\/wp-content\/uploads\/2026\/04\/1o-Simposio-de-Cuidados-Paliativos-HMC-Igor-Reis-5-2048x1536.jpg 2048w\" alt=\"\" width=\"2400\" height=\"1800\" \/>Uma das idealizadoras do simp\u00f3sio, a m\u00e9dica hospitalista e paliativista do Hospital M\u00e1rcio Cunha, Dra. Laura Fernandes, ressaltou a import\u00e2ncia do encontro para fortalecer o cuidado centrado na pessoa. \u201c\u00c9 uma alegria reunir tantos profissionais da sa\u00fade com um objetivo comum: aprender mais sobre o cuidado centrado na pessoa e sobre a dignidade dos pacientes que enfrentam doen\u00e7as graves que amea\u00e7am suas vidas. Este \u00e9 um evento muito especial, de muito aprendizado, e estamos muito felizes em compartilhar e construir conhecimento sobre uma assist\u00eancia que \u00e9 indispens\u00e1vel\u201d, destacou.<\/p>\n<p><img loading=\"lazy\" decoding=\"async\" class=\"alignleft wp-image-99814 size-full\" src=\"https:\/\/intranet.fsfx.org.br\/wp-content\/uploads\/2026\/04\/1o-Simposio-de-Cuidados-Paliativos-HMC-Igor-Reis-7.jpg\" sizes=\"(max-width: 2400px) 100vw, 2400px\" srcset=\"https:\/\/intranet.fsfx.org.br\/wp-content\/uploads\/2026\/04\/1o-Simposio-de-Cuidados-Paliativos-HMC-Igor-Reis-7.jpg 2400w, https:\/\/intranet.fsfx.org.br\/wp-content\/uploads\/2026\/04\/1o-Simposio-de-Cuidados-Paliativos-HMC-Igor-Reis-7-300x200.jpg 300w, https:\/\/intranet.fsfx.org.br\/wp-content\/uploads\/2026\/04\/1o-Simposio-de-Cuidados-Paliativos-HMC-Igor-Reis-7-1024x683.jpg 1024w, https:\/\/intranet.fsfx.org.br\/wp-content\/uploads\/2026\/04\/1o-Simposio-de-Cuidados-Paliativos-HMC-Igor-Reis-7-768x512.jpg 768w, https:\/\/intranet.fsfx.org.br\/wp-content\/uploads\/2026\/04\/1o-Simposio-de-Cuidados-Paliativos-HMC-Igor-Reis-7-1536x1024.jpg 1536w, https:\/\/intranet.fsfx.org.br\/wp-content\/uploads\/2026\/04\/1o-Simposio-de-Cuidados-Paliativos-HMC-Igor-Reis-7-2048x1365.jpg 2048w\" alt=\"\" width=\"2400\" height=\"1600\" \/>Para a cardiologista e assessora de governan\u00e7a cl\u00ednica do Hospital M\u00e1rcio Cunha, Alessandra Martins, o simp\u00f3sio abre espa\u00e7o para ampliar o debate sobre um tema cada vez mais presente na pr\u00e1tica m\u00e9dica. \u201cEste primeiro simp\u00f3sio \u00e9 uma oportunidade de discutir um tema extremamente relevante e atual. Para o Hospital M\u00e1rcio Cunha \u00e9 essencial promover essa discuss\u00e3o, j\u00e1 que os cuidados paliativos est\u00e3o relacionados a todas as doen\u00e7as que amea\u00e7am a vida. \u00c9 muito importante contar com o apoio da diretoria para a realiza\u00e7\u00e3o de eventos como este, que contribuem para ampliar o conhecimento entre os profissionais de sa\u00fade e para aproximar esse tema da comunidade\u201d, pontuou.<\/p>\n<p>Al\u00e9m do conte\u00fado cient\u00edfico, o simp\u00f3sio tamb\u00e9m contou com um momento especial de sensibiliza\u00e7\u00e3o com a participa\u00e7\u00e3o da Comunidade Cordeiro de Deus, que apresentou um relato de experi\u00eancia seguido de uma apresenta\u00e7\u00e3o musical, refor\u00e7ando a dimens\u00e3o humana e espiritual que envolve o cuidado paliativo.<\/p>\n<p><img loading=\"lazy\" decoding=\"async\" class=\"wp-image-99813 size-large aligncenter\" src=\"https:\/\/intranet.fsfx.org.br\/wp-content\/uploads\/2026\/04\/1o-Simposio-de-Cuidados-Paliativos-HMC-Igor-Reis-6-1024x683.jpg\" sizes=\"(max-width: 1024px) 100vw, 1024px\" srcset=\"https:\/\/intranet.fsfx.org.br\/wp-content\/uploads\/2026\/04\/1o-Simposio-de-Cuidados-Paliativos-HMC-Igor-Reis-6-1024x683.jpg 1024w, https:\/\/intranet.fsfx.org.br\/wp-content\/uploads\/2026\/04\/1o-Simposio-de-Cuidados-Paliativos-HMC-Igor-Reis-6-300x200.jpg 300w, https:\/\/intranet.fsfx.org.br\/wp-content\/uploads\/2026\/04\/1o-Simposio-de-Cuidados-Paliativos-HMC-Igor-Reis-6-768x512.jpg 768w, https:\/\/intranet.fsfx.org.br\/wp-content\/uploads\/2026\/04\/1o-Simposio-de-Cuidados-Paliativos-HMC-Igor-Reis-6-1536x1024.jpg 1536w, https:\/\/intranet.fsfx.org.br\/wp-content\/uploads\/2026\/04\/1o-Simposio-de-Cuidados-Paliativos-HMC-Igor-Reis-6-2048x1365.jpg 2048w\" alt=\"\" width=\"1024\" height=\"683\" \/><\/p>\n<p>A realiza\u00e7\u00e3o do evento contou ainda com o apoio da Univ\u00e9rtix, do Centro de Estudos do HMC, do NEFI (e da AECP-MG (Academia Estadual de Cuidados Paliativos de Minas Gerais), fortalecendo a integra\u00e7\u00e3o entre institui\u00e7\u00f5es de ensino, entidades cient\u00edficas e servi\u00e7os de sa\u00fade. A expectativa dos organizadores \u00e9 que o simp\u00f3sio se torne um espa\u00e7o permanente de atualiza\u00e7\u00e3o e di\u00e1logo, contribuindo para que cada vez mais profissionais estejam preparados para oferecer um cuidado sens\u00edvel, \u00e9tico e humanizado aos pacientes que enfrentam doen\u00e7as graves.<\/p>\n","protected":false},"excerpt":{"rendered":"<p>Mais de 200 profissionais da \u00e1rea da sa\u00fade participaram, no \u00faltimo s\u00e1bado (25), do 1\u00ba Simp\u00f3sio de Cuidados Paliativos do Hospital M\u00e1rcio Cunha (HMC), realizado no Teatro Z\u00e9lia Olguin, em Ipatinga. O evento foi promovido pelo Hospital M\u00e1rcio Cunha, institui\u00e7\u00e3o administrada pela Funda\u00e7\u00e3o S\u00e3o Francisco Xavier, e reuniu m\u00e9dicos, enfermeiros, t\u00e9cnicos de enfermagem, psic\u00f3logos, fisioterapeutas, [&hellip;]<\/p>\n","protected":false},"author":14,"featured_media":19210,"comment_status":"closed","ping_status":"closed","sticky":false,"template":"","format":"standard","meta":{"_acf_changed":false,"site-sidebar-layout":"default","site-content-layout":"","ast-site-content-layout":"default","site-content-style":"default","site-sidebar-style":"default","ast-global-header-display":"","ast-banner-title-visibility":"","ast-main-header-display":"","ast-hfb-above-header-display":"","ast-hfb-below-header-display":"","ast-hfb-mobile-header-display":"","site-post-title":"","ast-breadcrumbs-content":"","ast-featured-img":"","footer-sml-layout":"","theme-transparent-header-meta":"","adv-header-id-meta":"","stick-header-meta":"","header-above-stick-meta":"","header-main-stick-meta":"","header-below-stick-meta":"","astra-migrate-meta-layouts":"default","ast-page-background-enabled":"default","ast-page-background-meta":{"desktop":{"background-color":"var(--ast-global-color-4)","background-image":"","background-repeat":"repeat","background-position":"center center","background-size":"auto","background-attachment":"scroll","background-type":"","background-media":"","overlay-type":"","overlay-color":"","overlay-opacity":"","overlay-gradient":""},"tablet":{"background-color":"","background-image":"","background-repeat":"repeat","background-position":"center center","background-size":"auto","background-attachment":"scroll","background-type":"","background-media":"","overlay-type":"","overlay-color":"","overlay-opacity":"","overlay-gradient":""},"mobile":{"background-color":"","background-image":"","background-repeat":"repeat","background-position":"center center","background-size":"auto","background-attachment":"scroll","background-type":"","background-media":"","overlay-type":"","overlay-color":"","overlay-opacity":"","overlay-gradient":""}},"ast-content-background-meta":{"desktop":{"background-color":"var(--ast-global-color-5)","background-image":"","background-repeat":"repeat","background-position":"center center","background-size":"auto","background-attachment":"scroll","background-type":"","background-media":"","overlay-type":"","overlay-color":"","overlay-opacity":"","overlay-gradient":""},"tablet":{"background-color":"var(--ast-global-color-5)","background-image":"","background-repeat":"repeat","background-position":"center center","background-size":"auto","background-attachment":"scroll","background-type":"","background-media":"","overlay-type":"","overlay-color":"","overlay-opacity":"","overlay-gradient":""},"mobile":{"background-color":"var(--ast-global-color-5)","background-image":"","background-repeat":"repeat","background-position":"center center","background-size":"auto","background-attachment":"scroll","background-type":"","background-media":"","overlay-type":"","overlay-color":"","overlay-opacity":"","overlay-gradient":""}},"footnotes":""},"categories":[114,116,111,24],"tags":[],"class_list":["post-19208","post","type-post","status-publish","format-standard","has-post-thumbnail","hentry","category-humanizacao","category-inovacao","category-pesquisa-e-educacao","category-saude"],"acf":[],"yoast_head":"<!-- This site is optimized with the Yoast SEO plugin v26.9 - https:\/\/yoast.com\/product\/yoast-seo-wordpress\/ -->\n<title>1\u00ba Simp\u00f3sio de Cuidados Paliativos do Hospital M\u00e1rcio Cunha re\u00fane mais de 200 profissionais da sa\u00fade - Hospital M\u00e1rcio Cunha<\/title>\n<meta name=\"robots\" content=\"index, follow, max-snippet:-1, max-image-preview:large, max-video-preview:-1\" \/>\n<link rel=\"canonical\" href=\"https:\/\/www.fsfx.com.br\/hospital-marcio-cunha\/1o-simposio-de-cuidados-paliativos-do-hospital-marcio-cunha-reune-mais-de-200-profissionais-da-saude\/\" \/>\n<meta property=\"og:locale\" content=\"pt_BR\" \/>\n<meta property=\"og:type\" content=\"article\" \/>\n<meta property=\"og:title\" content=\"1\u00ba Simp\u00f3sio de Cuidados Paliativos do Hospital M\u00e1rcio Cunha re\u00fane mais de 200 profissionais da sa\u00fade - Hospital M\u00e1rcio Cunha\" \/>\n<meta property=\"og:description\" content=\"Mais de 200 profissionais da \u00e1rea da sa\u00fade participaram, no \u00faltimo s\u00e1bado (25), do 1\u00ba Simp\u00f3sio de Cuidados Paliativos do Hospital M\u00e1rcio Cunha (HMC), realizado no Teatro Z\u00e9lia Olguin, em Ipatinga. O evento foi promovido pelo Hospital M\u00e1rcio Cunha, institui\u00e7\u00e3o administrada pela Funda\u00e7\u00e3o S\u00e3o Francisco Xavier, e reuniu m\u00e9dicos, enfermeiros, t\u00e9cnicos de enfermagem, psic\u00f3logos, fisioterapeutas, [&hellip;]\" \/>\n<meta property=\"og:url\" content=\"https:\/\/www.fsfx.com.br\/hospital-marcio-cunha\/1o-simposio-de-cuidados-paliativos-do-hospital-marcio-cunha-reune-mais-de-200-profissionais-da-saude\/\" \/>\n<meta property=\"og:site_name\" content=\"Hospital M\u00e1rcio Cunha\" \/>\n<meta property=\"article:published_time\" content=\"2026-04-27T19:55:45+00:00\" \/>\n<meta property=\"article:modified_time\" content=\"2026-04-27T19:57:13+00:00\" \/>\n<meta property=\"og:image\" content=\"https:\/\/www.fsfx.com.br\/hospital-marcio-cunha\/wp-content\/uploads\/sites\/9\/2026\/04\/1o-Simposio-de-Cuidados-Paliativos-HMC-Igor-Reis-4.jpg\" \/>\n\t<meta property=\"og:image:width\" content=\"1920\" \/>\n\t<meta property=\"og:image:height\" content=\"1254\" \/>\n\t<meta property=\"og:image:type\" content=\"image\/jpeg\" \/>\n<meta name=\"author\" content=\"jenniferdanielle\" \/>\n<meta name=\"twitter:card\" content=\"summary_large_image\" \/>\n<meta name=\"twitter:label1\" content=\"Escrito por\" \/>\n\t<meta name=\"twitter:data1\" content=\"jenniferdanielle\" \/>\n\t<meta name=\"twitter:label2\" content=\"Est. tempo de leitura\" \/>\n\t<meta name=\"twitter:data2\" content=\"6 minutos\" \/>\n<script type=\"application\/ld+json\" class=\"yoast-schema-graph\">{\"@context\":\"https:\/\/schema.org\",\"@graph\":[{\"@type\":\"Article\",\"@id\":\"https:\/\/www.fsfx.com.br\/hospital-marcio-cunha\/1o-simposio-de-cuidados-paliativos-do-hospital-marcio-cunha-reune-mais-de-200-profissionais-da-saude\/#article\",\"isPartOf\":{\"@id\":\"https:\/\/www.fsfx.com.br\/hospital-marcio-cunha\/1o-simposio-de-cuidados-paliativos-do-hospital-marcio-cunha-reune-mais-de-200-profissionais-da-saude\/\"},\"author\":{\"name\":\"jenniferdanielle\",\"@id\":\"https:\/\/www.fsfx.com.br\/hospital-marcio-cunha\/#\/schema\/person\/b974c3b7fe85bfe827f545fdd231c872\"},\"headline\":\"1\u00ba Simp\u00f3sio de Cuidados Paliativos do Hospital M\u00e1rcio Cunha re\u00fane mais de 200 profissionais da sa\u00fade\",\"datePublished\":\"2026-04-27T19:55:45+00:00\",\"dateModified\":\"2026-04-27T19:57:13+00:00\",\"mainEntityOfPage\":{\"@id\":\"https:\/\/www.fsfx.com.br\/hospital-marcio-cunha\/1o-simposio-de-cuidados-paliativos-do-hospital-marcio-cunha-reune-mais-de-200-profissionais-da-saude\/\"},\"wordCount\":853,\"publisher\":{\"@id\":\"https:\/\/www.fsfx.com.br\/hospital-marcio-cunha\/#organization\"},\"image\":{\"@id\":\"https:\/\/www.fsfx.com.br\/hospital-marcio-cunha\/1o-simposio-de-cuidados-paliativos-do-hospital-marcio-cunha-reune-mais-de-200-profissionais-da-saude\/#primaryimage\"},\"thumbnailUrl\":\"https:\/\/www.fsfx.com.br\/hospital-marcio-cunha\/wp-content\/uploads\/sites\/9\/2026\/04\/1o-Simposio-de-Cuidados-Paliativos-HMC-Igor-Reis-4.jpg\",\"articleSection\":[\"Humaniza\u00e7\u00e3o\",\"Inova\u00e7\u00e3o\",\"Pesquisa &amp; Educa\u00e7\u00e3o\",\"Sa\u00fade\"],\"inLanguage\":\"pt-BR\"},{\"@type\":\"WebPage\",\"@id\":\"https:\/\/www.fsfx.com.br\/hospital-marcio-cunha\/1o-simposio-de-cuidados-paliativos-do-hospital-marcio-cunha-reune-mais-de-200-profissionais-da-saude\/\",\"url\":\"https:\/\/www.fsfx.com.br\/hospital-marcio-cunha\/1o-simposio-de-cuidados-paliativos-do-hospital-marcio-cunha-reune-mais-de-200-profissionais-da-saude\/\",\"name\":\"1\u00ba Simp\u00f3sio de Cuidados Paliativos do Hospital M\u00e1rcio Cunha re\u00fane mais de 200 profissionais da sa\u00fade - Hospital M\u00e1rcio Cunha\",\"isPartOf\":{\"@id\":\"https:\/\/www.fsfx.com.br\/hospital-marcio-cunha\/#website\"},\"primaryImageOfPage\":{\"@id\":\"https:\/\/www.fsfx.com.br\/hospital-marcio-cunha\/1o-simposio-de-cuidados-paliativos-do-hospital-marcio-cunha-reune-mais-de-200-profissionais-da-saude\/#primaryimage\"},\"image\":{\"@id\":\"https:\/\/www.fsfx.com.br\/hospital-marcio-cunha\/1o-simposio-de-cuidados-paliativos-do-hospital-marcio-cunha-reune-mais-de-200-profissionais-da-saude\/#primaryimage\"},\"thumbnailUrl\":\"https:\/\/www.fsfx.com.br\/hospital-marcio-cunha\/wp-content\/uploads\/sites\/9\/2026\/04\/1o-Simposio-de-Cuidados-Paliativos-HMC-Igor-Reis-4.jpg\",\"datePublished\":\"2026-04-27T19:55:45+00:00\",\"dateModified\":\"2026-04-27T19:57:13+00:00\",\"breadcrumb\":{\"@id\":\"https:\/\/www.fsfx.com.br\/hospital-marcio-cunha\/1o-simposio-de-cuidados-paliativos-do-hospital-marcio-cunha-reune-mais-de-200-profissionais-da-saude\/#breadcrumb\"},\"inLanguage\":\"pt-BR\",\"potentialAction\":[{\"@type\":\"ReadAction\",\"target\":[\"https:\/\/www.fsfx.com.br\/hospital-marcio-cunha\/1o-simposio-de-cuidados-paliativos-do-hospital-marcio-cunha-reune-mais-de-200-profissionais-da-saude\/\"]}]},{\"@type\":\"ImageObject\",\"inLanguage\":\"pt-BR\",\"@id\":\"https:\/\/www.fsfx.com.br\/hospital-marcio-cunha\/1o-simposio-de-cuidados-paliativos-do-hospital-marcio-cunha-reune-mais-de-200-profissionais-da-saude\/#primaryimage\",\"url\":\"https:\/\/www.fsfx.com.br\/hospital-marcio-cunha\/wp-content\/uploads\/sites\/9\/2026\/04\/1o-Simposio-de-Cuidados-Paliativos-HMC-Igor-Reis-4.jpg\",\"contentUrl\":\"https:\/\/www.fsfx.com.br\/hospital-marcio-cunha\/wp-content\/uploads\/sites\/9\/2026\/04\/1o-Simposio-de-Cuidados-Paliativos-HMC-Igor-Reis-4.jpg\",\"width\":1920,\"height\":1254},{\"@type\":\"BreadcrumbList\",\"@id\":\"https:\/\/www.fsfx.com.br\/hospital-marcio-cunha\/1o-simposio-de-cuidados-paliativos-do-hospital-marcio-cunha-reune-mais-de-200-profissionais-da-saude\/#breadcrumb\",\"itemListElement\":[{\"@type\":\"ListItem\",\"position\":1,\"name\":\"In\u00edcio\",\"item\":\"https:\/\/www.fsfx.com.br\/hospital-marcio-cunha\/\"},{\"@type\":\"ListItem\",\"position\":2,\"name\":\"1\u00ba Simp\u00f3sio de Cuidados Paliativos do Hospital M\u00e1rcio Cunha re\u00fane mais de 200 profissionais da sa\u00fade\"}]},{\"@type\":\"WebSite\",\"@id\":\"https:\/\/www.fsfx.com.br\/hospital-marcio-cunha\/#website\",\"url\":\"https:\/\/www.fsfx.com.br\/hospital-marcio-cunha\/\",\"name\":\"Hospital M\u00e1rcio Cunha\",\"description\":\"O Hospital M\u00e1rcio Cunha (HMC) \u00e9 um hospital geral de alta complexidade, com 558 leitos e tr\u00eas unidades, sendo uma unidade exclusiva para o tratamento oncol\u00f3gico.\",\"publisher\":{\"@id\":\"https:\/\/www.fsfx.com.br\/hospital-marcio-cunha\/#organization\"},\"potentialAction\":[{\"@type\":\"SearchAction\",\"target\":{\"@type\":\"EntryPoint\",\"urlTemplate\":\"https:\/\/www.fsfx.com.br\/hospital-marcio-cunha\/?s={search_term_string}\"},\"query-input\":{\"@type\":\"PropertyValueSpecification\",\"valueRequired\":true,\"valueName\":\"search_term_string\"}}],\"inLanguage\":\"pt-BR\"},{\"@type\":\"Organization\",\"@id\":\"https:\/\/www.fsfx.com.br\/hospital-marcio-cunha\/#organization\",\"name\":\"HMC - Hospital M\u00e1rcio Cunha\",\"url\":\"https:\/\/www.fsfx.com.br\/hospital-marcio-cunha\/\",\"logo\":{\"@type\":\"ImageObject\",\"inLanguage\":\"pt-BR\",\"@id\":\"https:\/\/www.fsfx.com.br\/hospital-marcio-cunha\/#\/schema\/logo\/image\/\",\"url\":\"https:\/\/www.fsfx.com.br\/hospital-marcio-cunha\/wp-content\/uploads\/sites\/9\/2022\/04\/logo-hmc-color.png\",\"contentUrl\":\"https:\/\/www.fsfx.com.br\/hospital-marcio-cunha\/wp-content\/uploads\/sites\/9\/2022\/04\/logo-hmc-color.png\",\"width\":264,\"height\":59,\"caption\":\"HMC - Hospital M\u00e1rcio Cunha\"},\"image\":{\"@id\":\"https:\/\/www.fsfx.com.br\/hospital-marcio-cunha\/#\/schema\/logo\/image\/\"}},{\"@type\":\"Person\",\"@id\":\"https:\/\/www.fsfx.com.br\/hospital-marcio-cunha\/#\/schema\/person\/b974c3b7fe85bfe827f545fdd231c872\",\"name\":\"jenniferdanielle\",\"image\":{\"@type\":\"ImageObject\",\"inLanguage\":\"pt-BR\",\"@id\":\"https:\/\/www.fsfx.com.br\/hospital-marcio-cunha\/#\/schema\/person\/image\/\",\"url\":\"https:\/\/secure.gravatar.com\/avatar\/abf1c3f7bd86388806d07d5636be1e05dcecaab19fd81f5a54e15738a332b208?s=96&d=mm&r=g\",\"contentUrl\":\"https:\/\/secure.gravatar.com\/avatar\/abf1c3f7bd86388806d07d5636be1e05dcecaab19fd81f5a54e15738a332b208?s=96&d=mm&r=g\",\"caption\":\"jenniferdanielle\"},\"url\":\"https:\/\/www.fsfx.com.br\/hospital-marcio-cunha\/author\/jenniferdanielle\/\"}]}<\/script>\n<!-- \/ Yoast SEO plugin. -->","yoast_head_json":{"title":"1\u00ba Simp\u00f3sio de Cuidados Paliativos do Hospital M\u00e1rcio Cunha re\u00fane mais de 200 profissionais da sa\u00fade - Hospital M\u00e1rcio Cunha","robots":{"index":"index","follow":"follow","max-snippet":"max-snippet:-1","max-image-preview":"max-image-preview:large","max-video-preview":"max-video-preview:-1"},"canonical":"https:\/\/www.fsfx.com.br\/hospital-marcio-cunha\/1o-simposio-de-cuidados-paliativos-do-hospital-marcio-cunha-reune-mais-de-200-profissionais-da-saude\/","og_locale":"pt_BR","og_type":"article","og_title":"1\u00ba Simp\u00f3sio de Cuidados Paliativos do Hospital M\u00e1rcio Cunha re\u00fane mais de 200 profissionais da sa\u00fade - Hospital M\u00e1rcio Cunha","og_description":"Mais de 200 profissionais da \u00e1rea da sa\u00fade participaram, no \u00faltimo s\u00e1bado (25), do 1\u00ba Simp\u00f3sio de Cuidados Paliativos do Hospital M\u00e1rcio Cunha (HMC), realizado no Teatro Z\u00e9lia Olguin, em Ipatinga. O evento foi promovido pelo Hospital M\u00e1rcio Cunha, institui\u00e7\u00e3o administrada pela Funda\u00e7\u00e3o S\u00e3o Francisco Xavier, e reuniu m\u00e9dicos, enfermeiros, t\u00e9cnicos de enfermagem, psic\u00f3logos, fisioterapeutas, [&hellip;]","og_url":"https:\/\/www.fsfx.com.br\/hospital-marcio-cunha\/1o-simposio-de-cuidados-paliativos-do-hospital-marcio-cunha-reune-mais-de-200-profissionais-da-saude\/","og_site_name":"Hospital M\u00e1rcio Cunha","article_published_time":"2026-04-27T19:55:45+00:00","article_modified_time":"2026-04-27T19:57:13+00:00","og_image":[{"width":1920,"height":1254,"url":"https:\/\/www.fsfx.com.br\/hospital-marcio-cunha\/wp-content\/uploads\/sites\/9\/2026\/04\/1o-Simposio-de-Cuidados-Paliativos-HMC-Igor-Reis-4.jpg","type":"image\/jpeg"}],"author":"jenniferdanielle","twitter_card":"summary_large_image","twitter_misc":{"Escrito por":"jenniferdanielle","Est. tempo de leitura":"6 minutos"},"schema":{"@context":"https:\/\/schema.org","@graph":[{"@type":"Article","@id":"https:\/\/www.fsfx.com.br\/hospital-marcio-cunha\/1o-simposio-de-cuidados-paliativos-do-hospital-marcio-cunha-reune-mais-de-200-profissionais-da-saude\/#article","isPartOf":{"@id":"https:\/\/www.fsfx.com.br\/hospital-marcio-cunha\/1o-simposio-de-cuidados-paliativos-do-hospital-marcio-cunha-reune-mais-de-200-profissionais-da-saude\/"},"author":{"name":"jenniferdanielle","@id":"https:\/\/www.fsfx.com.br\/hospital-marcio-cunha\/#\/schema\/person\/b974c3b7fe85bfe827f545fdd231c872"},"headline":"1\u00ba Simp\u00f3sio de Cuidados Paliativos do Hospital M\u00e1rcio Cunha re\u00fane mais de 200 profissionais da sa\u00fade","datePublished":"2026-04-27T19:55:45+00:00","dateModified":"2026-04-27T19:57:13+00:00","mainEntityOfPage":{"@id":"https:\/\/www.fsfx.com.br\/hospital-marcio-cunha\/1o-simposio-de-cuidados-paliativos-do-hospital-marcio-cunha-reune-mais-de-200-profissionais-da-saude\/"},"wordCount":853,"publisher":{"@id":"https:\/\/www.fsfx.com.br\/hospital-marcio-cunha\/#organization"},"image":{"@id":"https:\/\/www.fsfx.com.br\/hospital-marcio-cunha\/1o-simposio-de-cuidados-paliativos-do-hospital-marcio-cunha-reune-mais-de-200-profissionais-da-saude\/#primaryimage"},"thumbnailUrl":"https:\/\/www.fsfx.com.br\/hospital-marcio-cunha\/wp-content\/uploads\/sites\/9\/2026\/04\/1o-Simposio-de-Cuidados-Paliativos-HMC-Igor-Reis-4.jpg","articleSection":["Humaniza\u00e7\u00e3o","Inova\u00e7\u00e3o","Pesquisa &amp; Educa\u00e7\u00e3o","Sa\u00fade"],"inLanguage":"pt-BR"},{"@type":"WebPage","@id":"https:\/\/www.fsfx.com.br\/hospital-marcio-cunha\/1o-simposio-de-cuidados-paliativos-do-hospital-marcio-cunha-reune-mais-de-200-profissionais-da-saude\/","url":"https:\/\/www.fsfx.com.br\/hospital-marcio-cunha\/1o-simposio-de-cuidados-paliativos-do-hospital-marcio-cunha-reune-mais-de-200-profissionais-da-saude\/","name":"1\u00ba Simp\u00f3sio de Cuidados Paliativos do Hospital M\u00e1rcio Cunha re\u00fane mais de 200 profissionais da sa\u00fade - Hospital M\u00e1rcio Cunha","isPartOf":{"@id":"https:\/\/www.fsfx.com.br\/hospital-marcio-cunha\/#website"},"primaryImageOfPage":{"@id":"https:\/\/www.fsfx.com.br\/hospital-marcio-cunha\/1o-simposio-de-cuidados-paliativos-do-hospital-marcio-cunha-reune-mais-de-200-profissionais-da-saude\/#primaryimage"},"image":{"@id":"https:\/\/www.fsfx.com.br\/hospital-marcio-cunha\/1o-simposio-de-cuidados-paliativos-do-hospital-marcio-cunha-reune-mais-de-200-profissionais-da-saude\/#primaryimage"},"thumbnailUrl":"https:\/\/www.fsfx.com.br\/hospital-marcio-cunha\/wp-content\/uploads\/sites\/9\/2026\/04\/1o-Simposio-de-Cuidados-Paliativos-HMC-Igor-Reis-4.jpg","datePublished":"2026-04-27T19:55:45+00:00","dateModified":"2026-04-27T19:57:13+00:00","breadcrumb":{"@id":"https:\/\/www.fsfx.com.br\/hospital-marcio-cunha\/1o-simposio-de-cuidados-paliativos-do-hospital-marcio-cunha-reune-mais-de-200-profissionais-da-saude\/#breadcrumb"},"inLanguage":"pt-BR","potentialAction":[{"@type":"ReadAction","target":["https:\/\/www.fsfx.com.br\/hospital-marcio-cunha\/1o-simposio-de-cuidados-paliativos-do-hospital-marcio-cunha-reune-mais-de-200-profissionais-da-saude\/"]}]},{"@type":"ImageObject","inLanguage":"pt-BR","@id":"https:\/\/www.fsfx.com.br\/hospital-marcio-cunha\/1o-simposio-de-cuidados-paliativos-do-hospital-marcio-cunha-reune-mais-de-200-profissionais-da-saude\/#primaryimage","url":"https:\/\/www.fsfx.com.br\/hospital-marcio-cunha\/wp-content\/uploads\/sites\/9\/2026\/04\/1o-Simposio-de-Cuidados-Paliativos-HMC-Igor-Reis-4.jpg","contentUrl":"https:\/\/www.fsfx.com.br\/hospital-marcio-cunha\/wp-content\/uploads\/sites\/9\/2026\/04\/1o-Simposio-de-Cuidados-Paliativos-HMC-Igor-Reis-4.jpg","width":1920,"height":1254},{"@type":"BreadcrumbList","@id":"https:\/\/www.fsfx.com.br\/hospital-marcio-cunha\/1o-simposio-de-cuidados-paliativos-do-hospital-marcio-cunha-reune-mais-de-200-profissionais-da-saude\/#breadcrumb","itemListElement":[{"@type":"ListItem","position":1,"name":"In\u00edcio","item":"https:\/\/www.fsfx.com.br\/hospital-marcio-cunha\/"},{"@type":"ListItem","position":2,"name":"1\u00ba Simp\u00f3sio de Cuidados Paliativos do Hospital M\u00e1rcio Cunha re\u00fane mais de 200 profissionais da sa\u00fade"}]},{"@type":"WebSite","@id":"https:\/\/www.fsfx.com.br\/hospital-marcio-cunha\/#website","url":"https:\/\/www.fsfx.com.br\/hospital-marcio-cunha\/","name":"Hospital M\u00e1rcio Cunha","description":"O Hospital M\u00e1rcio Cunha (HMC) \u00e9 um hospital geral de alta complexidade, com 558 leitos e tr\u00eas unidades, sendo uma unidade exclusiva para o tratamento oncol\u00f3gico.","publisher":{"@id":"https:\/\/www.fsfx.com.br\/hospital-marcio-cunha\/#organization"},"potentialAction":[{"@type":"SearchAction","target":{"@type":"EntryPoint","urlTemplate":"https:\/\/www.fsfx.com.br\/hospital-marcio-cunha\/?s={search_term_string}"},"query-input":{"@type":"PropertyValueSpecification","valueRequired":true,"valueName":"search_term_string"}}],"inLanguage":"pt-BR"},{"@type":"Organization","@id":"https:\/\/www.fsfx.com.br\/hospital-marcio-cunha\/#organization","name":"HMC - Hospital M\u00e1rcio Cunha","url":"https:\/\/www.fsfx.com.br\/hospital-marcio-cunha\/","logo":{"@type":"ImageObject","inLanguage":"pt-BR","@id":"https:\/\/www.fsfx.com.br\/hospital-marcio-cunha\/#\/schema\/logo\/image\/","url":"https:\/\/www.fsfx.com.br\/hospital-marcio-cunha\/wp-content\/uploads\/sites\/9\/2022\/04\/logo-hmc-color.png","contentUrl":"https:\/\/www.fsfx.com.br\/hospital-marcio-cunha\/wp-content\/uploads\/sites\/9\/2022\/04\/logo-hmc-color.png","width":264,"height":59,"caption":"HMC - Hospital M\u00e1rcio Cunha"},"image":{"@id":"https:\/\/www.fsfx.com.br\/hospital-marcio-cunha\/#\/schema\/logo\/image\/"}},{"@type":"Person","@id":"https:\/\/www.fsfx.com.br\/hospital-marcio-cunha\/#\/schema\/person\/b974c3b7fe85bfe827f545fdd231c872","name":"jenniferdanielle","image":{"@type":"ImageObject","inLanguage":"pt-BR","@id":"https:\/\/www.fsfx.com.br\/hospital-marcio-cunha\/#\/schema\/person\/image\/","url":"https:\/\/secure.gravatar.com\/avatar\/abf1c3f7bd86388806d07d5636be1e05dcecaab19fd81f5a54e15738a332b208?s=96&d=mm&r=g","contentUrl":"https:\/\/secure.gravatar.com\/avatar\/abf1c3f7bd86388806d07d5636be1e05dcecaab19fd81f5a54e15738a332b208?s=96&d=mm&r=g","caption":"jenniferdanielle"},"url":"https:\/\/www.fsfx.com.br\/hospital-marcio-cunha\/author\/jenniferdanielle\/"}]}},"_links":{"self":[{"href":"https:\/\/www.fsfx.com.br\/hospital-marcio-cunha\/wp-json\/wp\/v2\/posts\/19208","targetHints":{"allow":["GET"]}}],"collection":[{"href":"https:\/\/www.fsfx.com.br\/hospital-marcio-cunha\/wp-json\/wp\/v2\/posts"}],"about":[{"href":"https:\/\/www.fsfx.com.br\/hospital-marcio-cunha\/wp-json\/wp\/v2\/types\/post"}],"author":[{"embeddable":true,"href":"https:\/\/www.fsfx.com.br\/hospital-marcio-cunha\/wp-json\/wp\/v2\/users\/14"}],"replies":[{"embeddable":true,"href":"https:\/\/www.fsfx.com.br\/hospital-marcio-cunha\/wp-json\/wp\/v2\/comments?post=19208"}],"version-history":[{"count":1,"href":"https:\/\/www.fsfx.com.br\/hospital-marcio-cunha\/wp-json\/wp\/v2\/posts\/19208\/revisions"}],"predecessor-version":[{"id":19209,"href":"https:\/\/www.fsfx.com.br\/hospital-marcio-cunha\/wp-json\/wp\/v2\/posts\/19208\/revisions\/19209"}],"wp:featuredmedia":[{"embeddable":true,"href":"https:\/\/www.fsfx.com.br\/hospital-marcio-cunha\/wp-json\/wp\/v2\/media\/19210"}],"wp:attachment":[{"href":"https:\/\/www.fsfx.com.br\/hospital-marcio-cunha\/wp-json\/wp\/v2\/media?parent=19208"}],"wp:term":[{"taxonomy":"category","embeddable":true,"href":"https:\/\/www.fsfx.com.br\/hospital-marcio-cunha\/wp-json\/wp\/v2\/categories?post=19208"},{"taxonomy":"post_tag","embeddable":true,"href":"https:\/\/www.fsfx.com.br\/hospital-marcio-cunha\/wp-json\/wp\/v2\/tags?post=19208"}],"curies":[{"name":"wp","href":"https:\/\/api.w.org\/{rel}","templated":true}]}}