{"id":19214,"date":"2026-04-28T12:12:31","date_gmt":"2026-04-28T15:12:31","guid":{"rendered":"https:\/\/www.fsfx.com.br\/hospital-marcio-cunha\/?p=19214"},"modified":"2026-04-28T12:12:31","modified_gmt":"2026-04-28T15:12:31","slug":"fsfx-participa-das-comemoracoes-pelos-62-anos-de-ipatinga-e-reforca-compromisso-com-a-saude-da-populacao","status":"publish","type":"post","link":"https:\/\/www.fsfx.com.br\/hospital-marcio-cunha\/fsfx-participa-das-comemoracoes-pelos-62-anos-de-ipatinga-e-reforca-compromisso-com-a-saude-da-populacao\/","title":{"rendered":"FSFX participa das comemora\u00e7\u00f5es pelos 62 anos de Ipatinga e refor\u00e7a compromisso com a sa\u00fade da popula\u00e7\u00e3o"},"content":{"rendered":"<p style=\"text-align: justify\">A Funda\u00e7\u00e3o S\u00e3o Francisco Xavier (FSFX) estar\u00e1 presente no mutir\u00e3o da cidadania, parte das comemora\u00e7\u00f5es pelos 62 anos de Ipatinga promovidas pela Prefeitura de Ipatinga. A programa\u00e7\u00e3o ser\u00e1 realizada na pr\u00f3xima quarta-feira, 29 de abril, das 8h \u00e0s 12h, no Parque Ipanema, reunindo institui\u00e7\u00f5es e servi\u00e7os voltados ao bem-estar da comunidade.<\/p>\n<p style=\"text-align: justify\"><img fetchpriority=\"high\" decoding=\"async\" class=\"size-medium wp-image-19215 alignleft\" src=\"https:\/\/www.fsfx.com.br\/hospital-marcio-cunha\/wp-content\/uploads\/sites\/9\/2026\/04\/Parque-Ipanema-Creditos-Igor-Reis-300x200.jpg\" alt=\"\" width=\"300\" height=\"200\" srcset=\"https:\/\/www.fsfx.com.br\/hospital-marcio-cunha\/wp-content\/uploads\/sites\/9\/2026\/04\/Parque-Ipanema-Creditos-Igor-Reis-300x200.jpg 300w, https:\/\/www.fsfx.com.br\/hospital-marcio-cunha\/wp-content\/uploads\/sites\/9\/2026\/04\/Parque-Ipanema-Creditos-Igor-Reis-1024x683.jpg 1024w, https:\/\/www.fsfx.com.br\/hospital-marcio-cunha\/wp-content\/uploads\/sites\/9\/2026\/04\/Parque-Ipanema-Creditos-Igor-Reis-768x512.jpg 768w, https:\/\/www.fsfx.com.br\/hospital-marcio-cunha\/wp-content\/uploads\/sites\/9\/2026\/04\/Parque-Ipanema-Creditos-Igor-Reis.jpg 1536w\" sizes=\"(max-width: 300px) 100vw, 300px\" \/>Durante o evento, a FSFX levar\u00e1 \u00e0 popula\u00e7\u00e3o a\u00e7\u00f5es de promo\u00e7\u00e3o e cuidado com a sa\u00fade, refor\u00e7ando o compromisso hist\u00f3rico da Institui\u00e7\u00e3o com o desenvolvimento e a qualidade de vida da cidade. Profissionais da equipe de Aten\u00e7\u00e3o Prim\u00e1ria \u00e0 Sa\u00fade da Usisa\u00fade estar\u00e3o no local realizando aferi\u00e7\u00e3o de press\u00e3o arterial e avalia\u00e7\u00e3o do \u00cdndice de Massa Corporal (IMC), al\u00e9m de orienta\u00e7\u00f5es voltadas \u00e0 preven\u00e7\u00e3o de doen\u00e7as e incentivo a h\u00e1bitos de vida mais saud\u00e1veis por meio do programa +Atitude.<\/p>\n<p style=\"text-align: justify\">A participa\u00e7\u00e3o da Funda\u00e7\u00e3o simboliza a rela\u00e7\u00e3o constru\u00edda ao longo das d\u00e9cadas com a comunidade de Ipatinga, marcada pela oferta de servi\u00e7os de sa\u00fade de qualidade e por a\u00e7\u00f5es que contribuem para o cuidado cont\u00ednuo da popula\u00e7\u00e3o. Ao integrar a programa\u00e7\u00e3o do anivers\u00e1rio da cidade, a Institui\u00e7\u00e3o reafirma seu papel como parceira do desenvolvimento social e da promo\u00e7\u00e3o da sa\u00fade em Ipatinga.<\/p>\n","protected":false},"excerpt":{"rendered":"<p>A Funda\u00e7\u00e3o S\u00e3o Francisco Xavier (FSFX) estar\u00e1 presente no mutir\u00e3o da cidadania, parte das comemora\u00e7\u00f5es pelos 62 anos de Ipatinga promovidas pela Prefeitura de Ipatinga. A programa\u00e7\u00e3o ser\u00e1 realizada na pr\u00f3xima quarta-feira, 29 de abril, das 8h \u00e0s 12h, no Parque Ipanema, reunindo institui\u00e7\u00f5es e servi\u00e7os voltados ao bem-estar da comunidade. Durante o evento, a [&hellip;]<\/p>\n","protected":false},"author":26,"featured_media":19215,"comment_status":"closed","ping_status":"closed","sticky":false,"template":"","format":"standard","meta":{"_acf_changed":false,"site-sidebar-layout":"default","site-content-layout":"","ast-site-content-layout":"default","site-content-style":"default","site-sidebar-style":"default","ast-global-header-display":"","ast-banner-title-visibility":"","ast-main-header-display":"","ast-hfb-above-header-display":"","ast-hfb-below-header-display":"","ast-hfb-mobile-header-display":"","site-post-title":"","ast-breadcrumbs-content":"","ast-featured-img":"","footer-sml-layout":"","theme-transparent-header-meta":"","adv-header-id-meta":"","stick-header-meta":"","header-above-stick-meta":"","header-main-stick-meta":"","header-below-stick-meta":"","astra-migrate-meta-layouts":"default","ast-page-background-enabled":"default","ast-page-background-meta":{"desktop":{"background-color":"var(--ast-global-color-4)","background-image":"","background-repeat":"repeat","background-position":"center center","background-size":"auto","background-attachment":"scroll","background-type":"","background-media":"","overlay-type":"","overlay-color":"","overlay-opacity":"","overlay-gradient":""},"tablet":{"background-color":"","background-image":"","background-repeat":"repeat","background-position":"center center","background-size":"auto","background-attachment":"scroll","background-type":"","background-media":"","overlay-type":"","overlay-color":"","overlay-opacity":"","overlay-gradient":""},"mobile":{"background-color":"","background-image":"","background-repeat":"repeat","background-position":"center center","background-size":"auto","background-attachment":"scroll","background-type":"","background-media":"","overlay-type":"","overlay-color":"","overlay-opacity":"","overlay-gradient":""}},"ast-content-background-meta":{"desktop":{"background-color":"var(--ast-global-color-5)","background-image":"","background-repeat":"repeat","background-position":"center center","background-size":"auto","background-attachment":"scroll","background-type":"","background-media":"","overlay-type":"","overlay-color":"","overlay-opacity":"","overlay-gradient":""},"tablet":{"background-color":"var(--ast-global-color-5)","background-image":"","background-repeat":"repeat","background-position":"center center","background-size":"auto","background-attachment":"scroll","background-type":"","background-media":"","overlay-type":"","overlay-color":"","overlay-opacity":"","overlay-gradient":""},"mobile":{"background-color":"var(--ast-global-color-5)","background-image":"","background-repeat":"repeat","background-position":"center center","background-size":"auto","background-attachment":"scroll","background-type":"","background-media":"","overlay-type":"","overlay-color":"","overlay-opacity":"","overlay-gradient":""}},"footnotes":""},"categories":[23],"tags":[],"class_list":["post-19214","post","type-post","status-publish","format-standard","has-post-thumbnail","hentry","category-noticias"],"acf":[],"yoast_head":"<!-- This site is optimized with the Yoast SEO plugin v26.9 - https:\/\/yoast.com\/product\/yoast-seo-wordpress\/ -->\n<title>FSFX participa das comemora\u00e7\u00f5es pelos 62 anos de Ipatinga e refor\u00e7a compromisso com a sa\u00fade da popula\u00e7\u00e3o - Hospital M\u00e1rcio Cunha<\/title>\n<meta name=\"robots\" content=\"index, follow, max-snippet:-1, max-image-preview:large, max-video-preview:-1\" \/>\n<link rel=\"canonical\" href=\"https:\/\/www.fsfx.com.br\/hospital-marcio-cunha\/fsfx-participa-das-comemoracoes-pelos-62-anos-de-ipatinga-e-reforca-compromisso-com-a-saude-da-populacao\/\" \/>\n<meta property=\"og:locale\" content=\"pt_BR\" \/>\n<meta property=\"og:type\" content=\"article\" \/>\n<meta property=\"og:title\" content=\"FSFX participa das comemora\u00e7\u00f5es pelos 62 anos de Ipatinga e refor\u00e7a compromisso com a sa\u00fade da popula\u00e7\u00e3o - Hospital M\u00e1rcio Cunha\" \/>\n<meta property=\"og:description\" content=\"A Funda\u00e7\u00e3o S\u00e3o Francisco Xavier (FSFX) estar\u00e1 presente no mutir\u00e3o da cidadania, parte das comemora\u00e7\u00f5es pelos 62 anos de Ipatinga promovidas pela Prefeitura de Ipatinga. A programa\u00e7\u00e3o ser\u00e1 realizada na pr\u00f3xima quarta-feira, 29 de abril, das 8h \u00e0s 12h, no Parque Ipanema, reunindo institui\u00e7\u00f5es e servi\u00e7os voltados ao bem-estar da comunidade. Durante o evento, a [&hellip;]\" \/>\n<meta property=\"og:url\" content=\"https:\/\/www.fsfx.com.br\/hospital-marcio-cunha\/fsfx-participa-das-comemoracoes-pelos-62-anos-de-ipatinga-e-reforca-compromisso-com-a-saude-da-populacao\/\" \/>\n<meta property=\"og:site_name\" content=\"Hospital M\u00e1rcio Cunha\" \/>\n<meta property=\"article:published_time\" content=\"2026-04-28T15:12:31+00:00\" \/>\n<meta property=\"og:image\" content=\"https:\/\/www.fsfx.com.br\/hospital-marcio-cunha\/wp-content\/uploads\/sites\/9\/2026\/04\/Parque-Ipanema-Creditos-Igor-Reis.jpg\" \/>\n\t<meta property=\"og:image:width\" content=\"1536\" \/>\n\t<meta property=\"og:image:height\" content=\"1024\" \/>\n\t<meta property=\"og:image:type\" content=\"image\/jpeg\" \/>\n<meta name=\"author\" content=\"Igor Reis\" \/>\n<meta name=\"twitter:card\" content=\"summary_large_image\" \/>\n<meta name=\"twitter:label1\" content=\"Escrito por\" \/>\n\t<meta name=\"twitter:data1\" content=\"Igor Reis\" \/>\n\t<meta name=\"twitter:label2\" content=\"Est. tempo de leitura\" \/>\n\t<meta name=\"twitter:data2\" content=\"2 minutos\" \/>\n<script type=\"application\/ld+json\" class=\"yoast-schema-graph\">{\"@context\":\"https:\/\/schema.org\",\"@graph\":[{\"@type\":\"Article\",\"@id\":\"https:\/\/www.fsfx.com.br\/hospital-marcio-cunha\/fsfx-participa-das-comemoracoes-pelos-62-anos-de-ipatinga-e-reforca-compromisso-com-a-saude-da-populacao\/#article\",\"isPartOf\":{\"@id\":\"https:\/\/www.fsfx.com.br\/hospital-marcio-cunha\/fsfx-participa-das-comemoracoes-pelos-62-anos-de-ipatinga-e-reforca-compromisso-com-a-saude-da-populacao\/\"},\"author\":{\"name\":\"Igor Reis\",\"@id\":\"https:\/\/www.fsfx.com.br\/hospital-marcio-cunha\/#\/schema\/person\/4be1f8fedd5049bdb17a749e9a09467f\"},\"headline\":\"FSFX participa das comemora\u00e7\u00f5es pelos 62 anos de Ipatinga e refor\u00e7a compromisso com a sa\u00fade da popula\u00e7\u00e3o\",\"datePublished\":\"2026-04-28T15:12:31+00:00\",\"mainEntityOfPage\":{\"@id\":\"https:\/\/www.fsfx.com.br\/hospital-marcio-cunha\/fsfx-participa-das-comemoracoes-pelos-62-anos-de-ipatinga-e-reforca-compromisso-com-a-saude-da-populacao\/\"},\"wordCount\":251,\"publisher\":{\"@id\":\"https:\/\/www.fsfx.com.br\/hospital-marcio-cunha\/#organization\"},\"image\":{\"@id\":\"https:\/\/www.fsfx.com.br\/hospital-marcio-cunha\/fsfx-participa-das-comemoracoes-pelos-62-anos-de-ipatinga-e-reforca-compromisso-com-a-saude-da-populacao\/#primaryimage\"},\"thumbnailUrl\":\"https:\/\/www.fsfx.com.br\/hospital-marcio-cunha\/wp-content\/uploads\/sites\/9\/2026\/04\/Parque-Ipanema-Creditos-Igor-Reis.jpg\",\"articleSection\":[\"Not\u00edcias\"],\"inLanguage\":\"pt-BR\"},{\"@type\":\"WebPage\",\"@id\":\"https:\/\/www.fsfx.com.br\/hospital-marcio-cunha\/fsfx-participa-das-comemoracoes-pelos-62-anos-de-ipatinga-e-reforca-compromisso-com-a-saude-da-populacao\/\",\"url\":\"https:\/\/www.fsfx.com.br\/hospital-marcio-cunha\/fsfx-participa-das-comemoracoes-pelos-62-anos-de-ipatinga-e-reforca-compromisso-com-a-saude-da-populacao\/\",\"name\":\"FSFX participa das comemora\u00e7\u00f5es pelos 62 anos de Ipatinga e refor\u00e7a compromisso com a sa\u00fade da popula\u00e7\u00e3o - Hospital M\u00e1rcio Cunha\",\"isPartOf\":{\"@id\":\"https:\/\/www.fsfx.com.br\/hospital-marcio-cunha\/#website\"},\"primaryImageOfPage\":{\"@id\":\"https:\/\/www.fsfx.com.br\/hospital-marcio-cunha\/fsfx-participa-das-comemoracoes-pelos-62-anos-de-ipatinga-e-reforca-compromisso-com-a-saude-da-populacao\/#primaryimage\"},\"image\":{\"@id\":\"https:\/\/www.fsfx.com.br\/hospital-marcio-cunha\/fsfx-participa-das-comemoracoes-pelos-62-anos-de-ipatinga-e-reforca-compromisso-com-a-saude-da-populacao\/#primaryimage\"},\"thumbnailUrl\":\"https:\/\/www.fsfx.com.br\/hospital-marcio-cunha\/wp-content\/uploads\/sites\/9\/2026\/04\/Parque-Ipanema-Creditos-Igor-Reis.jpg\",\"datePublished\":\"2026-04-28T15:12:31+00:00\",\"breadcrumb\":{\"@id\":\"https:\/\/www.fsfx.com.br\/hospital-marcio-cunha\/fsfx-participa-das-comemoracoes-pelos-62-anos-de-ipatinga-e-reforca-compromisso-com-a-saude-da-populacao\/#breadcrumb\"},\"inLanguage\":\"pt-BR\",\"potentialAction\":[{\"@type\":\"ReadAction\",\"target\":[\"https:\/\/www.fsfx.com.br\/hospital-marcio-cunha\/fsfx-participa-das-comemoracoes-pelos-62-anos-de-ipatinga-e-reforca-compromisso-com-a-saude-da-populacao\/\"]}]},{\"@type\":\"ImageObject\",\"inLanguage\":\"pt-BR\",\"@id\":\"https:\/\/www.fsfx.com.br\/hospital-marcio-cunha\/fsfx-participa-das-comemoracoes-pelos-62-anos-de-ipatinga-e-reforca-compromisso-com-a-saude-da-populacao\/#primaryimage\",\"url\":\"https:\/\/www.fsfx.com.br\/hospital-marcio-cunha\/wp-content\/uploads\/sites\/9\/2026\/04\/Parque-Ipanema-Creditos-Igor-Reis.jpg\",\"contentUrl\":\"https:\/\/www.fsfx.com.br\/hospital-marcio-cunha\/wp-content\/uploads\/sites\/9\/2026\/04\/Parque-Ipanema-Creditos-Igor-Reis.jpg\",\"width\":1536,\"height\":1024},{\"@type\":\"BreadcrumbList\",\"@id\":\"https:\/\/www.fsfx.com.br\/hospital-marcio-cunha\/fsfx-participa-das-comemoracoes-pelos-62-anos-de-ipatinga-e-reforca-compromisso-com-a-saude-da-populacao\/#breadcrumb\",\"itemListElement\":[{\"@type\":\"ListItem\",\"position\":1,\"name\":\"In\u00edcio\",\"item\":\"https:\/\/www.fsfx.com.br\/hospital-marcio-cunha\/\"},{\"@type\":\"ListItem\",\"position\":2,\"name\":\"FSFX participa das comemora\u00e7\u00f5es pelos 62 anos de Ipatinga e refor\u00e7a compromisso com a sa\u00fade da popula\u00e7\u00e3o\"}]},{\"@type\":\"WebSite\",\"@id\":\"https:\/\/www.fsfx.com.br\/hospital-marcio-cunha\/#website\",\"url\":\"https:\/\/www.fsfx.com.br\/hospital-marcio-cunha\/\",\"name\":\"Hospital M\u00e1rcio Cunha\",\"description\":\"O Hospital M\u00e1rcio Cunha (HMC) \u00e9 um hospital geral de alta complexidade, com 558 leitos e tr\u00eas unidades, sendo uma unidade exclusiva para o tratamento oncol\u00f3gico.\",\"publisher\":{\"@id\":\"https:\/\/www.fsfx.com.br\/hospital-marcio-cunha\/#organization\"},\"potentialAction\":[{\"@type\":\"SearchAction\",\"target\":{\"@type\":\"EntryPoint\",\"urlTemplate\":\"https:\/\/www.fsfx.com.br\/hospital-marcio-cunha\/?s={search_term_string}\"},\"query-input\":{\"@type\":\"PropertyValueSpecification\",\"valueRequired\":true,\"valueName\":\"search_term_string\"}}],\"inLanguage\":\"pt-BR\"},{\"@type\":\"Organization\",\"@id\":\"https:\/\/www.fsfx.com.br\/hospital-marcio-cunha\/#organization\",\"name\":\"HMC - Hospital M\u00e1rcio Cunha\",\"url\":\"https:\/\/www.fsfx.com.br\/hospital-marcio-cunha\/\",\"logo\":{\"@type\":\"ImageObject\",\"inLanguage\":\"pt-BR\",\"@id\":\"https:\/\/www.fsfx.com.br\/hospital-marcio-cunha\/#\/schema\/logo\/image\/\",\"url\":\"https:\/\/www.fsfx.com.br\/hospital-marcio-cunha\/wp-content\/uploads\/sites\/9\/2022\/04\/logo-hmc-color.png\",\"contentUrl\":\"https:\/\/www.fsfx.com.br\/hospital-marcio-cunha\/wp-content\/uploads\/sites\/9\/2022\/04\/logo-hmc-color.png\",\"width\":264,\"height\":59,\"caption\":\"HMC - Hospital M\u00e1rcio Cunha\"},\"image\":{\"@id\":\"https:\/\/www.fsfx.com.br\/hospital-marcio-cunha\/#\/schema\/logo\/image\/\"}},{\"@type\":\"Person\",\"@id\":\"https:\/\/www.fsfx.com.br\/hospital-marcio-cunha\/#\/schema\/person\/4be1f8fedd5049bdb17a749e9a09467f\",\"name\":\"Igor Reis\",\"image\":{\"@type\":\"ImageObject\",\"inLanguage\":\"pt-BR\",\"@id\":\"https:\/\/www.fsfx.com.br\/hospital-marcio-cunha\/#\/schema\/person\/image\/\",\"url\":\"https:\/\/secure.gravatar.com\/avatar\/02acd1ab450b18b191988c3a1a1e708ac3493173c24b725ccb535fa9b9c74a66?s=96&d=mm&r=g\",\"contentUrl\":\"https:\/\/secure.gravatar.com\/avatar\/02acd1ab450b18b191988c3a1a1e708ac3493173c24b725ccb535fa9b9c74a66?s=96&d=mm&r=g\",\"caption\":\"Igor Reis\"},\"url\":\"https:\/\/www.fsfx.com.br\/hospital-marcio-cunha\/author\/igorreis\/\"}]}<\/script>\n<!-- \/ Yoast SEO plugin. -->","yoast_head_json":{"title":"FSFX participa das comemora\u00e7\u00f5es pelos 62 anos de Ipatinga e refor\u00e7a compromisso com a sa\u00fade da popula\u00e7\u00e3o - Hospital M\u00e1rcio Cunha","robots":{"index":"index","follow":"follow","max-snippet":"max-snippet:-1","max-image-preview":"max-image-preview:large","max-video-preview":"max-video-preview:-1"},"canonical":"https:\/\/www.fsfx.com.br\/hospital-marcio-cunha\/fsfx-participa-das-comemoracoes-pelos-62-anos-de-ipatinga-e-reforca-compromisso-com-a-saude-da-populacao\/","og_locale":"pt_BR","og_type":"article","og_title":"FSFX participa das comemora\u00e7\u00f5es pelos 62 anos de Ipatinga e refor\u00e7a compromisso com a sa\u00fade da popula\u00e7\u00e3o - Hospital M\u00e1rcio Cunha","og_description":"A Funda\u00e7\u00e3o S\u00e3o Francisco Xavier (FSFX) estar\u00e1 presente no mutir\u00e3o da cidadania, parte das comemora\u00e7\u00f5es pelos 62 anos de Ipatinga promovidas pela Prefeitura de Ipatinga. A programa\u00e7\u00e3o ser\u00e1 realizada na pr\u00f3xima quarta-feira, 29 de abril, das 8h \u00e0s 12h, no Parque Ipanema, reunindo institui\u00e7\u00f5es e servi\u00e7os voltados ao bem-estar da comunidade. Durante o evento, a [&hellip;]","og_url":"https:\/\/www.fsfx.com.br\/hospital-marcio-cunha\/fsfx-participa-das-comemoracoes-pelos-62-anos-de-ipatinga-e-reforca-compromisso-com-a-saude-da-populacao\/","og_site_name":"Hospital M\u00e1rcio Cunha","article_published_time":"2026-04-28T15:12:31+00:00","og_image":[{"width":1536,"height":1024,"url":"https:\/\/www.fsfx.com.br\/hospital-marcio-cunha\/wp-content\/uploads\/sites\/9\/2026\/04\/Parque-Ipanema-Creditos-Igor-Reis.jpg","type":"image\/jpeg"}],"author":"Igor Reis","twitter_card":"summary_large_image","twitter_misc":{"Escrito por":"Igor Reis","Est. tempo de leitura":"2 minutos"},"schema":{"@context":"https:\/\/schema.org","@graph":[{"@type":"Article","@id":"https:\/\/www.fsfx.com.br\/hospital-marcio-cunha\/fsfx-participa-das-comemoracoes-pelos-62-anos-de-ipatinga-e-reforca-compromisso-com-a-saude-da-populacao\/#article","isPartOf":{"@id":"https:\/\/www.fsfx.com.br\/hospital-marcio-cunha\/fsfx-participa-das-comemoracoes-pelos-62-anos-de-ipatinga-e-reforca-compromisso-com-a-saude-da-populacao\/"},"author":{"name":"Igor Reis","@id":"https:\/\/www.fsfx.com.br\/hospital-marcio-cunha\/#\/schema\/person\/4be1f8fedd5049bdb17a749e9a09467f"},"headline":"FSFX participa das comemora\u00e7\u00f5es pelos 62 anos de Ipatinga e refor\u00e7a compromisso com a sa\u00fade da popula\u00e7\u00e3o","datePublished":"2026-04-28T15:12:31+00:00","mainEntityOfPage":{"@id":"https:\/\/www.fsfx.com.br\/hospital-marcio-cunha\/fsfx-participa-das-comemoracoes-pelos-62-anos-de-ipatinga-e-reforca-compromisso-com-a-saude-da-populacao\/"},"wordCount":251,"publisher":{"@id":"https:\/\/www.fsfx.com.br\/hospital-marcio-cunha\/#organization"},"image":{"@id":"https:\/\/www.fsfx.com.br\/hospital-marcio-cunha\/fsfx-participa-das-comemoracoes-pelos-62-anos-de-ipatinga-e-reforca-compromisso-com-a-saude-da-populacao\/#primaryimage"},"thumbnailUrl":"https:\/\/www.fsfx.com.br\/hospital-marcio-cunha\/wp-content\/uploads\/sites\/9\/2026\/04\/Parque-Ipanema-Creditos-Igor-Reis.jpg","articleSection":["Not\u00edcias"],"inLanguage":"pt-BR"},{"@type":"WebPage","@id":"https:\/\/www.fsfx.com.br\/hospital-marcio-cunha\/fsfx-participa-das-comemoracoes-pelos-62-anos-de-ipatinga-e-reforca-compromisso-com-a-saude-da-populacao\/","url":"https:\/\/www.fsfx.com.br\/hospital-marcio-cunha\/fsfx-participa-das-comemoracoes-pelos-62-anos-de-ipatinga-e-reforca-compromisso-com-a-saude-da-populacao\/","name":"FSFX participa das comemora\u00e7\u00f5es pelos 62 anos de Ipatinga e refor\u00e7a compromisso com a sa\u00fade da popula\u00e7\u00e3o - Hospital M\u00e1rcio Cunha","isPartOf":{"@id":"https:\/\/www.fsfx.com.br\/hospital-marcio-cunha\/#website"},"primaryImageOfPage":{"@id":"https:\/\/www.fsfx.com.br\/hospital-marcio-cunha\/fsfx-participa-das-comemoracoes-pelos-62-anos-de-ipatinga-e-reforca-compromisso-com-a-saude-da-populacao\/#primaryimage"},"image":{"@id":"https:\/\/www.fsfx.com.br\/hospital-marcio-cunha\/fsfx-participa-das-comemoracoes-pelos-62-anos-de-ipatinga-e-reforca-compromisso-com-a-saude-da-populacao\/#primaryimage"},"thumbnailUrl":"https:\/\/www.fsfx.com.br\/hospital-marcio-cunha\/wp-content\/uploads\/sites\/9\/2026\/04\/Parque-Ipanema-Creditos-Igor-Reis.jpg","datePublished":"2026-04-28T15:12:31+00:00","breadcrumb":{"@id":"https:\/\/www.fsfx.com.br\/hospital-marcio-cunha\/fsfx-participa-das-comemoracoes-pelos-62-anos-de-ipatinga-e-reforca-compromisso-com-a-saude-da-populacao\/#breadcrumb"},"inLanguage":"pt-BR","potentialAction":[{"@type":"ReadAction","target":["https:\/\/www.fsfx.com.br\/hospital-marcio-cunha\/fsfx-participa-das-comemoracoes-pelos-62-anos-de-ipatinga-e-reforca-compromisso-com-a-saude-da-populacao\/"]}]},{"@type":"ImageObject","inLanguage":"pt-BR","@id":"https:\/\/www.fsfx.com.br\/hospital-marcio-cunha\/fsfx-participa-das-comemoracoes-pelos-62-anos-de-ipatinga-e-reforca-compromisso-com-a-saude-da-populacao\/#primaryimage","url":"https:\/\/www.fsfx.com.br\/hospital-marcio-cunha\/wp-content\/uploads\/sites\/9\/2026\/04\/Parque-Ipanema-Creditos-Igor-Reis.jpg","contentUrl":"https:\/\/www.fsfx.com.br\/hospital-marcio-cunha\/wp-content\/uploads\/sites\/9\/2026\/04\/Parque-Ipanema-Creditos-Igor-Reis.jpg","width":1536,"height":1024},{"@type":"BreadcrumbList","@id":"https:\/\/www.fsfx.com.br\/hospital-marcio-cunha\/fsfx-participa-das-comemoracoes-pelos-62-anos-de-ipatinga-e-reforca-compromisso-com-a-saude-da-populacao\/#breadcrumb","itemListElement":[{"@type":"ListItem","position":1,"name":"In\u00edcio","item":"https:\/\/www.fsfx.com.br\/hospital-marcio-cunha\/"},{"@type":"ListItem","position":2,"name":"FSFX participa das comemora\u00e7\u00f5es pelos 62 anos de Ipatinga e refor\u00e7a compromisso com a sa\u00fade da popula\u00e7\u00e3o"}]},{"@type":"WebSite","@id":"https:\/\/www.fsfx.com.br\/hospital-marcio-cunha\/#website","url":"https:\/\/www.fsfx.com.br\/hospital-marcio-cunha\/","name":"Hospital M\u00e1rcio Cunha","description":"O Hospital M\u00e1rcio Cunha (HMC) \u00e9 um hospital geral de alta complexidade, com 558 leitos e tr\u00eas unidades, sendo uma unidade exclusiva para o tratamento oncol\u00f3gico.","publisher":{"@id":"https:\/\/www.fsfx.com.br\/hospital-marcio-cunha\/#organization"},"potentialAction":[{"@type":"SearchAction","target":{"@type":"EntryPoint","urlTemplate":"https:\/\/www.fsfx.com.br\/hospital-marcio-cunha\/?s={search_term_string}"},"query-input":{"@type":"PropertyValueSpecification","valueRequired":true,"valueName":"search_term_string"}}],"inLanguage":"pt-BR"},{"@type":"Organization","@id":"https:\/\/www.fsfx.com.br\/hospital-marcio-cunha\/#organization","name":"HMC - Hospital M\u00e1rcio Cunha","url":"https:\/\/www.fsfx.com.br\/hospital-marcio-cunha\/","logo":{"@type":"ImageObject","inLanguage":"pt-BR","@id":"https:\/\/www.fsfx.com.br\/hospital-marcio-cunha\/#\/schema\/logo\/image\/","url":"https:\/\/www.fsfx.com.br\/hospital-marcio-cunha\/wp-content\/uploads\/sites\/9\/2022\/04\/logo-hmc-color.png","contentUrl":"https:\/\/www.fsfx.com.br\/hospital-marcio-cunha\/wp-content\/uploads\/sites\/9\/2022\/04\/logo-hmc-color.png","width":264,"height":59,"caption":"HMC - Hospital M\u00e1rcio Cunha"},"image":{"@id":"https:\/\/www.fsfx.com.br\/hospital-marcio-cunha\/#\/schema\/logo\/image\/"}},{"@type":"Person","@id":"https:\/\/www.fsfx.com.br\/hospital-marcio-cunha\/#\/schema\/person\/4be1f8fedd5049bdb17a749e9a09467f","name":"Igor Reis","image":{"@type":"ImageObject","inLanguage":"pt-BR","@id":"https:\/\/www.fsfx.com.br\/hospital-marcio-cunha\/#\/schema\/person\/image\/","url":"https:\/\/secure.gravatar.com\/avatar\/02acd1ab450b18b191988c3a1a1e708ac3493173c24b725ccb535fa9b9c74a66?s=96&d=mm&r=g","contentUrl":"https:\/\/secure.gravatar.com\/avatar\/02acd1ab450b18b191988c3a1a1e708ac3493173c24b725ccb535fa9b9c74a66?s=96&d=mm&r=g","caption":"Igor Reis"},"url":"https:\/\/www.fsfx.com.br\/hospital-marcio-cunha\/author\/igorreis\/"}]}},"_links":{"self":[{"href":"https:\/\/www.fsfx.com.br\/hospital-marcio-cunha\/wp-json\/wp\/v2\/posts\/19214","targetHints":{"allow":["GET"]}}],"collection":[{"href":"https:\/\/www.fsfx.com.br\/hospital-marcio-cunha\/wp-json\/wp\/v2\/posts"}],"about":[{"href":"https:\/\/www.fsfx.com.br\/hospital-marcio-cunha\/wp-json\/wp\/v2\/types\/post"}],"author":[{"embeddable":true,"href":"https:\/\/www.fsfx.com.br\/hospital-marcio-cunha\/wp-json\/wp\/v2\/users\/26"}],"replies":[{"embeddable":true,"href":"https:\/\/www.fsfx.com.br\/hospital-marcio-cunha\/wp-json\/wp\/v2\/comments?post=19214"}],"version-history":[{"count":1,"href":"https:\/\/www.fsfx.com.br\/hospital-marcio-cunha\/wp-json\/wp\/v2\/posts\/19214\/revisions"}],"predecessor-version":[{"id":19216,"href":"https:\/\/www.fsfx.com.br\/hospital-marcio-cunha\/wp-json\/wp\/v2\/posts\/19214\/revisions\/19216"}],"wp:featuredmedia":[{"embeddable":true,"href":"https:\/\/www.fsfx.com.br\/hospital-marcio-cunha\/wp-json\/wp\/v2\/media\/19215"}],"wp:attachment":[{"href":"https:\/\/www.fsfx.com.br\/hospital-marcio-cunha\/wp-json\/wp\/v2\/media?parent=19214"}],"wp:term":[{"taxonomy":"category","embeddable":true,"href":"https:\/\/www.fsfx.com.br\/hospital-marcio-cunha\/wp-json\/wp\/v2\/categories?post=19214"},{"taxonomy":"post_tag","embeddable":true,"href":"https:\/\/www.fsfx.com.br\/hospital-marcio-cunha\/wp-json\/wp\/v2\/tags?post=19214"}],"curies":[{"name":"wp","href":"https:\/\/api.w.org\/{rel}","templated":true}]}}