{"id":19222,"date":"2026-04-30T17:12:57","date_gmt":"2026-04-30T20:12:57","guid":{"rendered":"https:\/\/www.fsfx.com.br\/hospital-marcio-cunha\/?p=19222"},"modified":"2026-04-30T17:12:57","modified_gmt":"2026-04-30T20:12:57","slug":"a-evolucao-de-um-hospital-que-cresceu-mantendo-o-foco-no-cuidado","status":"publish","type":"post","link":"https:\/\/www.fsfx.com.br\/hospital-marcio-cunha\/a-evolucao-de-um-hospital-que-cresceu-mantendo-o-foco-no-cuidado\/","title":{"rendered":"A evolu\u00e7\u00e3o de um hospital que cresceu mantendo o foco no cuidado"},"content":{"rendered":"<p style=\"text-align: center\"><strong><em>Hospital M\u00e1rcio Cunha, refer\u00eancia em sa\u00fade, celebra mais de seis d\u00e9cadas de cuidado com a vida<\/em><\/strong><\/p>\n<p style=\"text-align: justify\">No dia 1\u00ba de maio, o Hospital M\u00e1rcio Cunha (HMC) celebra 61 anos de hist\u00f3ria. Mais do que n\u00fameros ou estruturas f\u00edsicas, a trajet\u00f3ria da Institui\u00e7\u00e3o \u00e9 feita de pessoas, de vidas transformadas e de um compromisso cont\u00ednuo com a qualidade da assist\u00eancia. Ao longo de mais de seis d\u00e9cadas, o Hospital acompanhou o crescimento do Vale do A\u00e7o e ajudou a moldar a pr\u00f3pria hist\u00f3ria da sa\u00fade na regi\u00e3o, tornando-se refer\u00eancia em atendimento, tecnologia e humaniza\u00e7\u00e3o.<\/p>\n<p style=\"text-align: justify\"><img fetchpriority=\"high\" decoding=\"async\" class=\"wp-image-24919 size-full aligncenter\" src=\"https:\/\/www.fsfx.com.br\/wp-content\/uploads\/2026\/04\/HMC-I-Wellington-Silveira-1.jpg\" alt=\"\" width=\"1920\" height=\"1080\" \/>Inaugurado em 1965, o Hospital M\u00e1rcio Cunha nasceu em um momento decisivo para o desenvolvimento regional. A implanta\u00e7\u00e3o da sider\u00fargica da Usiminas atra\u00eda trabalhadores de v\u00e1rias partes do pa\u00eds e exigia uma estrutura capaz de garantir assist\u00eancia m\u00e9dica \u00e0 popula\u00e7\u00e3o que come\u00e7ava a se formar na regi\u00e3o.<\/p>\n<p style=\"text-align: justify\">A inaugura\u00e7\u00e3o contou com a presen\u00e7a do ent\u00e3o presidente da Rep\u00fablica, Humberto de Alencar Castelo Branco, simbolizando a relev\u00e2ncia daquele projeto para o pa\u00eds. Na \u00e9poca, o Hospital oferecia servi\u00e7os de m\u00e9dia complexidade, com cl\u00ednicas b\u00e1sicas como cl\u00ednica m\u00e9dica, cir\u00fargica, pediatria, obstetr\u00edcia e ortopedia.<\/p>\n<p style=\"text-align: justify\">Quem acompanhou de perto grande parte dessa transforma\u00e7\u00e3o foi o m\u00e9dico Dr. Jos\u00e9 Carlos de Carvalho Gallinari, que chegou \u00e0 Institui\u00e7\u00e3o em 1977, atuando tamb\u00e9m como diretor do Hospital M\u00e1rcio Cunha. Para ele, a evolu\u00e7\u00e3o do Hospital \u00e9 resultado de planejamento, investimento e de uma cultura institucional voltada para o cuidado. \u201cQuando iniciei minha trajet\u00f3ria no Hospital, muitos casos precisavam ser transferidos para a capital mineira, pois a Institui\u00e7\u00e3o ainda n\u00e3o possu\u00eda estrutura para determinados procedimentos de alta complexidade. Com o passar dos anos, no entanto, o Hospital ampliou sua estrutura f\u00edsica, incorporou novas especialidades e passou a investir fortemente em qualifica\u00e7\u00e3o profissional e tecnologia\u201d, relembra Gallinari.<\/p>\n<p style=\"text-align: justify\">Segundo o m\u00e9dico, a expans\u00e3o da estrutura hospitalar representou um divisor de \u00e1guas na capacidade de atendimento da Institui\u00e7\u00e3o. A amplia\u00e7\u00e3o de leitos, a cria\u00e7\u00e3o de novos servi\u00e7os e a chegada de equipamentos modernos permitiram que o hospital se tornasse refer\u00eancia regional, oferecendo tratamentos cada vez mais avan\u00e7ados para a popula\u00e7\u00e3o. \u201cO crescimento da Institui\u00e7\u00e3o nunca se limitou apenas \u00e0 infraestrutura. O grande diferencial do Hospital M\u00e1rcio Cunha sempre esteve na qualidade das equipes e no compromisso com o paciente. Fico muito feliz em ver que Hospital conseguiu crescer, se modernizar e ampliar sua capacidade assistencial sem perder o foco no cuidado humanizado\u201d, Celebra.<\/p>\n<p style=\"text-align: justify\">D\u00e9cadas depois, a realidade \u00e9 completamente diferente. O Hospital M\u00e1rcio Cunha se consolidou como um dos principais complexos hospitalares de Minas Gerais, com atendimento de alta complexidade e uma rede de servi\u00e7os que impacta milhares de pessoas todos os anos.<\/p>\n<p style=\"text-align: justify\">Para o diretor-presidente da FSFX, Flaviano Ventorim, o Hospital M\u00e1rcio Cunha se tornou um s\u00edmbolo de cuidado para toda a regi\u00e3o. Ele afirma que o impacto da Institui\u00e7\u00e3o ultrapassa os limites das cidades do Vale do A\u00e7o e alcan\u00e7a dezenas de munic\u00edpios do leste mineiro. \u201cO Hospital representa um marco no acesso \u00e0 sa\u00fade de qualidade no interior de Minas Gerais. Ao longo das d\u00e9cadas, a Institui\u00e7\u00e3o evoluiu de um hospital regional para um centro de refer\u00eancia em diversas especialidades, oferecendo procedimentos complexos que antes s\u00f3 eram realizados em grandes capitais. Hoje, com mais de seis d\u00e9cadas, o nosso grande desafio para o futuro \u00e9 continuar ampliando o acesso \u00e0 medicina de alta qualidade, investir em inova\u00e7\u00e3o e manter o compromisso com o cuidado humanizado que sempre marcou a hist\u00f3ria do hospital\u201d, destaca Ventorim.<\/p>\n<p style=\"text-align: justify\">Na avalia\u00e7\u00e3o do diretor t\u00e9cnico do HMC, Dr. Alexandre Silva Pinto, a trajet\u00f3ria do Hospital \u00e9 marcada por uma evolu\u00e7\u00e3o constante. \u201cAo longo das d\u00e9cadas, a Institui\u00e7\u00e3o ampliou servi\u00e7os, incorporou novas tecnologias e fortaleceu equipes multiprofissionais altamente qualificadas. O Hospital M\u00e1rcio Cunha passou de um atendimento focado em especialidades b\u00e1sicas para uma estrutura que hoje oferece recursos avan\u00e7ados, com tecnologia de ponta e profissionais preparados para lidarem com casos cada vez mais complexos, sem nunca perder de vista a dimens\u00e3o humana da assist\u00eancia. Pois, aqui a tecnologia e a humaniza\u00e7\u00e3o caminham juntas e s\u00e3o fundamentais para garantirem um atendimento seguro e acolhedor\u201d, ressalta Dr. Alexandre.<\/p>\n<p style=\"text-align: justify\">O diretor de neg\u00f3cios do Hospital M\u00e1rcio Cunha, Eduardo Blanski, destaca que alguns marcos foram decisivos para essa evolu\u00e7\u00e3o. Entre eles est\u00e3o a amplia\u00e7\u00e3o da estrutura hospitalar, a cria\u00e7\u00e3o de novos servi\u00e7os especializados e a constante busca por qualidade e inova\u00e7\u00e3o. \u201cHoje todas as nossas decis\u00f5es s\u00e3o tomadas com um prop\u00f3sito claro que \u00e9 garantir que a popula\u00e7\u00e3o tenha acesso a tratamentos cada vez mais avan\u00e7ados sem precisar sair da regi\u00e3o. O maior legado do Hospital nesses mais de 60 anos est\u00e1 nas hist\u00f3rias de vida que se cruzam diariamente dentro da Institui\u00e7\u00e3o, seja no nascimento de uma crian\u00e7a, na recupera\u00e7\u00e3o de um paciente ou no acolhimento em momentos dif\u00edceis\u201d, exalta Blanski.<\/p>\n<p style=\"text-align: justify\">Parte dessa hist\u00f3ria tamb\u00e9m \u00e9 contada por quem acompanhou a transforma\u00e7\u00e3o do Hospital ao longo de d\u00e9cadas de trabalho. A t\u00e9cnica de enfermagem, Aderli Alves Nepomuceno, atua h\u00e1 29 anos na Institui\u00e7\u00e3o e testemunhou de perto as mudan\u00e7as na assist\u00eancia. \u201cPacientes precisavam ser transferidos para Belo Horizonte para realizarem exames como o cateterismo. Hoje, o Hospital disp\u00f5e de recursos tecnol\u00f3gicos avan\u00e7ados e realiza procedimentos complexos, como cirurgias card\u00edacas de grande porte\u201d, relembra.<\/p>\n<p style=\"text-align: justify\">Aderli afirma que o avan\u00e7o tecnol\u00f3gico veio acompanhado de uma mudan\u00e7a importante na cultura de seguran\u00e7a e qualidade do atendimento. \u201cProgramas de educa\u00e7\u00e3o continuada, treinamentos frequentes e a integra\u00e7\u00e3o entre profissionais de diferentes \u00e1reas fortaleceram o cuidado prestado aos pacientes. Cada investimento realizado no hospital retorna diretamente para quem mais precisa, que \u00e9 o paciente\u201d, conta Aderli.<\/p>\n<p style=\"text-align: justify\"><strong>Hospital M\u00e1rcio Cunha sin\u00f4nimo de esperan\u00e7a<\/strong><\/p>\n<p style=\"text-align: justify\">Se para os profissionais o Hospital representa um lugar de trabalho e miss\u00e3o, para muitos pacientes ele se tornou sin\u00f4nimo de esperan\u00e7a. \u00c9 o caso de Elaine Cleia Veiga da Costa, moradora de Ipatinga, de 58 anos, que utiliza os servi\u00e7os do hospital h\u00e1 mais de tr\u00eas d\u00e9cadas.<\/p>\n<p style=\"text-align: justify\"><img decoding=\"async\" class=\"size-medium wp-image-24920 alignleft\" src=\"https:\/\/www.fsfx.com.br\/wp-content\/uploads\/2026\/04\/Paciente-Elaine-Cleia-300x200.jpeg\" alt=\"\" width=\"300\" height=\"200\" \/>Elaine enfrentou um dos momentos mais delicados de sua vida ao passar por um procedimento de dissec\u00e7\u00e3o da aorta. Desde ent\u00e3o, j\u00e1 viveu diferentes experi\u00eancias dentro da Institui\u00e7\u00e3o, passando por pronto-socorro, interna\u00e7\u00e3o, UTI, ambulat\u00f3rios e exames diagn\u00f3sticos. Ela costuma dizer: \u201cEu sou um milagre de Deus\u201d.<\/p>\n<p style=\"text-align: justify\">Ela conta que o cuidado que recebeu no Hospital e \u00e0 dedica\u00e7\u00e3o dos profissionais que a acompanham fizeram toda a diferen\u00e7a. \u201cSe estou aqui hoje, devo muito ao cuidado que recebi e aos profissionais que nunca desistiram de mim\u201d, afirma. Para Elaine, o que mais marca sua experi\u00eancia \u00e9 a sensa\u00e7\u00e3o de ser tratada como algu\u00e9m \u00fanico. \u201cEm nenhum momento me senti apenas mais uma paciente. Sempre senti que cada pessoa ali realmente se importava comigo\u201d, relata.<\/p>\n<p style=\"text-align: justify\">Ela lembra com emo\u00e7\u00e3o de uma situa\u00e7\u00e3o vivida na UTI, quando uma profissional a reconheceu anos depois de sua primeira interna\u00e7\u00e3o. \u201cMesmo com tanta gente passando por ali todos os dias, ela lembrou de mim. Aquilo me marcou muito, porque mostra que cada paciente \u00e9 visto de verdade\u201d, conta a paciente.<\/p>\n<p style=\"text-align: justify\">A experi\u00eancia da fam\u00edlia tamb\u00e9m refor\u00e7ou essa percep\u00e7\u00e3o. Elaine lembra do momento em que seu pai precisou ser internado com um quadro grave de leptospirose. Mesmo sem plano de sa\u00fade, ele foi acolhido pelo Hospital por meio do atendimento do SUS. \u201cAquilo mostrou para a gente que ainda existem lugares onde o cuidado com as pessoas vem em primeiro lugar\u201d, destaca.<\/p>\n<p style=\"text-align: justify\">Hist\u00f3rias como a dela ajudam a explicar por que o Hospital M\u00e1rcio Cunha se tornou um patrim\u00f4nio afetivo da regi\u00e3o. Ao longo de 61 anos, mais do que acompanhar a evolu\u00e7\u00e3o da medicina, o HMC tamb\u00e9m ajudou a transformar a forma como a assist\u00eancia em sa\u00fade \u00e9 oferecida no interior do pa\u00eds. Hoje, procedimentos complexos, tratamentos especializados e tecnologias avan\u00e7adas fazem parte da rotina de uma Institui\u00e7\u00e3o.<\/p>\n<p style=\"text-align: justify\">Sessenta e um anos depois de sua inaugura\u00e7\u00e3o, o Hospital M\u00e1rcio Cunha continua crescendo, incorporando novas tecnologias e ampliando sua capacidade de atendimento. Mas permanece fiel ao princ\u00edpio que marcou sua origem: cuidar de cada vida com respeito, dignidade e humaniza\u00e7\u00e3o.<\/p>\n<p style=\"text-align: justify\">\n","protected":false},"excerpt":{"rendered":"<p>Hospital M\u00e1rcio Cunha, refer\u00eancia em sa\u00fade, celebra mais de seis d\u00e9cadas de cuidado com a vida No dia 1\u00ba de maio, o Hospital M\u00e1rcio Cunha (HMC) celebra 61 anos de hist\u00f3ria. Mais do que n\u00fameros ou estruturas f\u00edsicas, a trajet\u00f3ria da Institui\u00e7\u00e3o \u00e9 feita de pessoas, de vidas transformadas e de um compromisso cont\u00ednuo com [&hellip;]<\/p>\n","protected":false},"author":26,"featured_media":19223,"comment_status":"closed","ping_status":"closed","sticky":false,"template":"","format":"standard","meta":{"_acf_changed":false,"site-sidebar-layout":"default","site-content-layout":"","ast-site-content-layout":"default","site-content-style":"default","site-sidebar-style":"default","ast-global-header-display":"","ast-banner-title-visibility":"","ast-main-header-display":"","ast-hfb-above-header-display":"","ast-hfb-below-header-display":"","ast-hfb-mobile-header-display":"","site-post-title":"","ast-breadcrumbs-content":"","ast-featured-img":"","footer-sml-layout":"","theme-transparent-header-meta":"","adv-header-id-meta":"","stick-header-meta":"","header-above-stick-meta":"","header-main-stick-meta":"","header-below-stick-meta":"","astra-migrate-meta-layouts":"default","ast-page-background-enabled":"default","ast-page-background-meta":{"desktop":{"background-color":"var(--ast-global-color-4)","background-image":"","background-repeat":"repeat","background-position":"center center","background-size":"auto","background-attachment":"scroll","background-type":"","background-media":"","overlay-type":"","overlay-color":"","overlay-opacity":"","overlay-gradient":""},"tablet":{"background-color":"","background-image":"","background-repeat":"repeat","background-position":"center center","background-size":"auto","background-attachment":"scroll","background-type":"","background-media":"","overlay-type":"","overlay-color":"","overlay-opacity":"","overlay-gradient":""},"mobile":{"background-color":"","background-image":"","background-repeat":"repeat","background-position":"center center","background-size":"auto","background-attachment":"scroll","background-type":"","background-media":"","overlay-type":"","overlay-color":"","overlay-opacity":"","overlay-gradient":""}},"ast-content-background-meta":{"desktop":{"background-color":"var(--ast-global-color-5)","background-image":"","background-repeat":"repeat","background-position":"center center","background-size":"auto","background-attachment":"scroll","background-type":"","background-media":"","overlay-type":"","overlay-color":"","overlay-opacity":"","overlay-gradient":""},"tablet":{"background-color":"var(--ast-global-color-5)","background-image":"","background-repeat":"repeat","background-position":"center center","background-size":"auto","background-attachment":"scroll","background-type":"","background-media":"","overlay-type":"","overlay-color":"","overlay-opacity":"","overlay-gradient":""},"mobile":{"background-color":"var(--ast-global-color-5)","background-image":"","background-repeat":"repeat","background-position":"center center","background-size":"auto","background-attachment":"scroll","background-type":"","background-media":"","overlay-type":"","overlay-color":"","overlay-opacity":"","overlay-gradient":""}},"footnotes":""},"categories":[23],"tags":[],"class_list":["post-19222","post","type-post","status-publish","format-standard","has-post-thumbnail","hentry","category-noticias"],"acf":[],"yoast_head":"<!-- This site is optimized with the Yoast SEO plugin v26.9 - https:\/\/yoast.com\/product\/yoast-seo-wordpress\/ -->\n<title>A evolu\u00e7\u00e3o de um hospital que cresceu mantendo o foco no cuidado - Hospital M\u00e1rcio Cunha<\/title>\n<meta name=\"robots\" content=\"index, follow, max-snippet:-1, max-image-preview:large, max-video-preview:-1\" \/>\n<link rel=\"canonical\" href=\"https:\/\/www.fsfx.com.br\/hospital-marcio-cunha\/a-evolucao-de-um-hospital-que-cresceu-mantendo-o-foco-no-cuidado\/\" \/>\n<meta property=\"og:locale\" content=\"pt_BR\" \/>\n<meta property=\"og:type\" content=\"article\" \/>\n<meta property=\"og:title\" content=\"A evolu\u00e7\u00e3o de um hospital que cresceu mantendo o foco no cuidado - Hospital M\u00e1rcio Cunha\" \/>\n<meta property=\"og:description\" content=\"Hospital M\u00e1rcio Cunha, refer\u00eancia em sa\u00fade, celebra mais de seis d\u00e9cadas de cuidado com a vida No dia 1\u00ba de maio, o Hospital M\u00e1rcio Cunha (HMC) celebra 61 anos de hist\u00f3ria. Mais do que n\u00fameros ou estruturas f\u00edsicas, a trajet\u00f3ria da Institui\u00e7\u00e3o \u00e9 feita de pessoas, de vidas transformadas e de um compromisso cont\u00ednuo com [&hellip;]\" \/>\n<meta property=\"og:url\" content=\"https:\/\/www.fsfx.com.br\/hospital-marcio-cunha\/a-evolucao-de-um-hospital-que-cresceu-mantendo-o-foco-no-cuidado\/\" \/>\n<meta property=\"og:site_name\" content=\"Hospital M\u00e1rcio Cunha\" \/>\n<meta property=\"article:published_time\" content=\"2026-04-30T20:12:57+00:00\" \/>\n<meta property=\"og:image\" content=\"https:\/\/www.fsfx.com.br\/hospital-marcio-cunha\/wp-content\/uploads\/sites\/9\/2026\/04\/HMC-I-Wellington-Silveira-1.jpg\" \/>\n\t<meta property=\"og:image:width\" content=\"1920\" \/>\n\t<meta property=\"og:image:height\" content=\"1080\" \/>\n\t<meta property=\"og:image:type\" content=\"image\/jpeg\" \/>\n<meta name=\"author\" content=\"Igor Reis\" \/>\n<meta name=\"twitter:card\" content=\"summary_large_image\" \/>\n<meta name=\"twitter:label1\" content=\"Escrito por\" \/>\n\t<meta name=\"twitter:data1\" content=\"Igor Reis\" \/>\n\t<meta name=\"twitter:label2\" content=\"Est. tempo de leitura\" \/>\n\t<meta name=\"twitter:data2\" content=\"8 minutos\" \/>\n<script type=\"application\/ld+json\" class=\"yoast-schema-graph\">{\"@context\":\"https:\/\/schema.org\",\"@graph\":[{\"@type\":\"Article\",\"@id\":\"https:\/\/www.fsfx.com.br\/hospital-marcio-cunha\/a-evolucao-de-um-hospital-que-cresceu-mantendo-o-foco-no-cuidado\/#article\",\"isPartOf\":{\"@id\":\"https:\/\/www.fsfx.com.br\/hospital-marcio-cunha\/a-evolucao-de-um-hospital-que-cresceu-mantendo-o-foco-no-cuidado\/\"},\"author\":{\"name\":\"Igor Reis\",\"@id\":\"https:\/\/www.fsfx.com.br\/hospital-marcio-cunha\/#\/schema\/person\/4be1f8fedd5049bdb17a749e9a09467f\"},\"headline\":\"A evolu\u00e7\u00e3o de um hospital que cresceu mantendo o foco no cuidado\",\"datePublished\":\"2026-04-30T20:12:57+00:00\",\"mainEntityOfPage\":{\"@id\":\"https:\/\/www.fsfx.com.br\/hospital-marcio-cunha\/a-evolucao-de-um-hospital-que-cresceu-mantendo-o-foco-no-cuidado\/\"},\"wordCount\":1480,\"publisher\":{\"@id\":\"https:\/\/www.fsfx.com.br\/hospital-marcio-cunha\/#organization\"},\"image\":{\"@id\":\"https:\/\/www.fsfx.com.br\/hospital-marcio-cunha\/a-evolucao-de-um-hospital-que-cresceu-mantendo-o-foco-no-cuidado\/#primaryimage\"},\"thumbnailUrl\":\"https:\/\/www.fsfx.com.br\/hospital-marcio-cunha\/wp-content\/uploads\/sites\/9\/2026\/04\/HMC-I-Wellington-Silveira-1.jpg\",\"articleSection\":[\"Not\u00edcias\"],\"inLanguage\":\"pt-BR\"},{\"@type\":\"WebPage\",\"@id\":\"https:\/\/www.fsfx.com.br\/hospital-marcio-cunha\/a-evolucao-de-um-hospital-que-cresceu-mantendo-o-foco-no-cuidado\/\",\"url\":\"https:\/\/www.fsfx.com.br\/hospital-marcio-cunha\/a-evolucao-de-um-hospital-que-cresceu-mantendo-o-foco-no-cuidado\/\",\"name\":\"A evolu\u00e7\u00e3o de um hospital que cresceu mantendo o foco no cuidado - Hospital M\u00e1rcio Cunha\",\"isPartOf\":{\"@id\":\"https:\/\/www.fsfx.com.br\/hospital-marcio-cunha\/#website\"},\"primaryImageOfPage\":{\"@id\":\"https:\/\/www.fsfx.com.br\/hospital-marcio-cunha\/a-evolucao-de-um-hospital-que-cresceu-mantendo-o-foco-no-cuidado\/#primaryimage\"},\"image\":{\"@id\":\"https:\/\/www.fsfx.com.br\/hospital-marcio-cunha\/a-evolucao-de-um-hospital-que-cresceu-mantendo-o-foco-no-cuidado\/#primaryimage\"},\"thumbnailUrl\":\"https:\/\/www.fsfx.com.br\/hospital-marcio-cunha\/wp-content\/uploads\/sites\/9\/2026\/04\/HMC-I-Wellington-Silveira-1.jpg\",\"datePublished\":\"2026-04-30T20:12:57+00:00\",\"breadcrumb\":{\"@id\":\"https:\/\/www.fsfx.com.br\/hospital-marcio-cunha\/a-evolucao-de-um-hospital-que-cresceu-mantendo-o-foco-no-cuidado\/#breadcrumb\"},\"inLanguage\":\"pt-BR\",\"potentialAction\":[{\"@type\":\"ReadAction\",\"target\":[\"https:\/\/www.fsfx.com.br\/hospital-marcio-cunha\/a-evolucao-de-um-hospital-que-cresceu-mantendo-o-foco-no-cuidado\/\"]}]},{\"@type\":\"ImageObject\",\"inLanguage\":\"pt-BR\",\"@id\":\"https:\/\/www.fsfx.com.br\/hospital-marcio-cunha\/a-evolucao-de-um-hospital-que-cresceu-mantendo-o-foco-no-cuidado\/#primaryimage\",\"url\":\"https:\/\/www.fsfx.com.br\/hospital-marcio-cunha\/wp-content\/uploads\/sites\/9\/2026\/04\/HMC-I-Wellington-Silveira-1.jpg\",\"contentUrl\":\"https:\/\/www.fsfx.com.br\/hospital-marcio-cunha\/wp-content\/uploads\/sites\/9\/2026\/04\/HMC-I-Wellington-Silveira-1.jpg\",\"width\":1920,\"height\":1080},{\"@type\":\"BreadcrumbList\",\"@id\":\"https:\/\/www.fsfx.com.br\/hospital-marcio-cunha\/a-evolucao-de-um-hospital-que-cresceu-mantendo-o-foco-no-cuidado\/#breadcrumb\",\"itemListElement\":[{\"@type\":\"ListItem\",\"position\":1,\"name\":\"In\u00edcio\",\"item\":\"https:\/\/www.fsfx.com.br\/hospital-marcio-cunha\/\"},{\"@type\":\"ListItem\",\"position\":2,\"name\":\"A evolu\u00e7\u00e3o de um hospital que cresceu mantendo o foco no cuidado\"}]},{\"@type\":\"WebSite\",\"@id\":\"https:\/\/www.fsfx.com.br\/hospital-marcio-cunha\/#website\",\"url\":\"https:\/\/www.fsfx.com.br\/hospital-marcio-cunha\/\",\"name\":\"Hospital M\u00e1rcio Cunha\",\"description\":\"O Hospital M\u00e1rcio Cunha (HMC) \u00e9 um hospital geral de alta complexidade, com 558 leitos e tr\u00eas unidades, sendo uma unidade exclusiva para o tratamento oncol\u00f3gico.\",\"publisher\":{\"@id\":\"https:\/\/www.fsfx.com.br\/hospital-marcio-cunha\/#organization\"},\"potentialAction\":[{\"@type\":\"SearchAction\",\"target\":{\"@type\":\"EntryPoint\",\"urlTemplate\":\"https:\/\/www.fsfx.com.br\/hospital-marcio-cunha\/?s={search_term_string}\"},\"query-input\":{\"@type\":\"PropertyValueSpecification\",\"valueRequired\":true,\"valueName\":\"search_term_string\"}}],\"inLanguage\":\"pt-BR\"},{\"@type\":\"Organization\",\"@id\":\"https:\/\/www.fsfx.com.br\/hospital-marcio-cunha\/#organization\",\"name\":\"HMC - Hospital M\u00e1rcio Cunha\",\"url\":\"https:\/\/www.fsfx.com.br\/hospital-marcio-cunha\/\",\"logo\":{\"@type\":\"ImageObject\",\"inLanguage\":\"pt-BR\",\"@id\":\"https:\/\/www.fsfx.com.br\/hospital-marcio-cunha\/#\/schema\/logo\/image\/\",\"url\":\"https:\/\/www.fsfx.com.br\/hospital-marcio-cunha\/wp-content\/uploads\/sites\/9\/2022\/04\/logo-hmc-color.png\",\"contentUrl\":\"https:\/\/www.fsfx.com.br\/hospital-marcio-cunha\/wp-content\/uploads\/sites\/9\/2022\/04\/logo-hmc-color.png\",\"width\":264,\"height\":59,\"caption\":\"HMC - Hospital M\u00e1rcio Cunha\"},\"image\":{\"@id\":\"https:\/\/www.fsfx.com.br\/hospital-marcio-cunha\/#\/schema\/logo\/image\/\"}},{\"@type\":\"Person\",\"@id\":\"https:\/\/www.fsfx.com.br\/hospital-marcio-cunha\/#\/schema\/person\/4be1f8fedd5049bdb17a749e9a09467f\",\"name\":\"Igor Reis\",\"image\":{\"@type\":\"ImageObject\",\"inLanguage\":\"pt-BR\",\"@id\":\"https:\/\/www.fsfx.com.br\/hospital-marcio-cunha\/#\/schema\/person\/image\/\",\"url\":\"https:\/\/secure.gravatar.com\/avatar\/02acd1ab450b18b191988c3a1a1e708ac3493173c24b725ccb535fa9b9c74a66?s=96&d=mm&r=g\",\"contentUrl\":\"https:\/\/secure.gravatar.com\/avatar\/02acd1ab450b18b191988c3a1a1e708ac3493173c24b725ccb535fa9b9c74a66?s=96&d=mm&r=g\",\"caption\":\"Igor Reis\"},\"url\":\"https:\/\/www.fsfx.com.br\/hospital-marcio-cunha\/author\/igorreis\/\"}]}<\/script>\n<!-- \/ Yoast SEO plugin. -->","yoast_head_json":{"title":"A evolu\u00e7\u00e3o de um hospital que cresceu mantendo o foco no cuidado - Hospital M\u00e1rcio Cunha","robots":{"index":"index","follow":"follow","max-snippet":"max-snippet:-1","max-image-preview":"max-image-preview:large","max-video-preview":"max-video-preview:-1"},"canonical":"https:\/\/www.fsfx.com.br\/hospital-marcio-cunha\/a-evolucao-de-um-hospital-que-cresceu-mantendo-o-foco-no-cuidado\/","og_locale":"pt_BR","og_type":"article","og_title":"A evolu\u00e7\u00e3o de um hospital que cresceu mantendo o foco no cuidado - Hospital M\u00e1rcio Cunha","og_description":"Hospital M\u00e1rcio Cunha, refer\u00eancia em sa\u00fade, celebra mais de seis d\u00e9cadas de cuidado com a vida No dia 1\u00ba de maio, o Hospital M\u00e1rcio Cunha (HMC) celebra 61 anos de hist\u00f3ria. Mais do que n\u00fameros ou estruturas f\u00edsicas, a trajet\u00f3ria da Institui\u00e7\u00e3o \u00e9 feita de pessoas, de vidas transformadas e de um compromisso cont\u00ednuo com [&hellip;]","og_url":"https:\/\/www.fsfx.com.br\/hospital-marcio-cunha\/a-evolucao-de-um-hospital-que-cresceu-mantendo-o-foco-no-cuidado\/","og_site_name":"Hospital M\u00e1rcio Cunha","article_published_time":"2026-04-30T20:12:57+00:00","og_image":[{"width":1920,"height":1080,"url":"https:\/\/www.fsfx.com.br\/hospital-marcio-cunha\/wp-content\/uploads\/sites\/9\/2026\/04\/HMC-I-Wellington-Silveira-1.jpg","type":"image\/jpeg"}],"author":"Igor Reis","twitter_card":"summary_large_image","twitter_misc":{"Escrito por":"Igor Reis","Est. tempo de leitura":"8 minutos"},"schema":{"@context":"https:\/\/schema.org","@graph":[{"@type":"Article","@id":"https:\/\/www.fsfx.com.br\/hospital-marcio-cunha\/a-evolucao-de-um-hospital-que-cresceu-mantendo-o-foco-no-cuidado\/#article","isPartOf":{"@id":"https:\/\/www.fsfx.com.br\/hospital-marcio-cunha\/a-evolucao-de-um-hospital-que-cresceu-mantendo-o-foco-no-cuidado\/"},"author":{"name":"Igor Reis","@id":"https:\/\/www.fsfx.com.br\/hospital-marcio-cunha\/#\/schema\/person\/4be1f8fedd5049bdb17a749e9a09467f"},"headline":"A evolu\u00e7\u00e3o de um hospital que cresceu mantendo o foco no cuidado","datePublished":"2026-04-30T20:12:57+00:00","mainEntityOfPage":{"@id":"https:\/\/www.fsfx.com.br\/hospital-marcio-cunha\/a-evolucao-de-um-hospital-que-cresceu-mantendo-o-foco-no-cuidado\/"},"wordCount":1480,"publisher":{"@id":"https:\/\/www.fsfx.com.br\/hospital-marcio-cunha\/#organization"},"image":{"@id":"https:\/\/www.fsfx.com.br\/hospital-marcio-cunha\/a-evolucao-de-um-hospital-que-cresceu-mantendo-o-foco-no-cuidado\/#primaryimage"},"thumbnailUrl":"https:\/\/www.fsfx.com.br\/hospital-marcio-cunha\/wp-content\/uploads\/sites\/9\/2026\/04\/HMC-I-Wellington-Silveira-1.jpg","articleSection":["Not\u00edcias"],"inLanguage":"pt-BR"},{"@type":"WebPage","@id":"https:\/\/www.fsfx.com.br\/hospital-marcio-cunha\/a-evolucao-de-um-hospital-que-cresceu-mantendo-o-foco-no-cuidado\/","url":"https:\/\/www.fsfx.com.br\/hospital-marcio-cunha\/a-evolucao-de-um-hospital-que-cresceu-mantendo-o-foco-no-cuidado\/","name":"A evolu\u00e7\u00e3o de um hospital que cresceu mantendo o foco no cuidado - Hospital M\u00e1rcio Cunha","isPartOf":{"@id":"https:\/\/www.fsfx.com.br\/hospital-marcio-cunha\/#website"},"primaryImageOfPage":{"@id":"https:\/\/www.fsfx.com.br\/hospital-marcio-cunha\/a-evolucao-de-um-hospital-que-cresceu-mantendo-o-foco-no-cuidado\/#primaryimage"},"image":{"@id":"https:\/\/www.fsfx.com.br\/hospital-marcio-cunha\/a-evolucao-de-um-hospital-que-cresceu-mantendo-o-foco-no-cuidado\/#primaryimage"},"thumbnailUrl":"https:\/\/www.fsfx.com.br\/hospital-marcio-cunha\/wp-content\/uploads\/sites\/9\/2026\/04\/HMC-I-Wellington-Silveira-1.jpg","datePublished":"2026-04-30T20:12:57+00:00","breadcrumb":{"@id":"https:\/\/www.fsfx.com.br\/hospital-marcio-cunha\/a-evolucao-de-um-hospital-que-cresceu-mantendo-o-foco-no-cuidado\/#breadcrumb"},"inLanguage":"pt-BR","potentialAction":[{"@type":"ReadAction","target":["https:\/\/www.fsfx.com.br\/hospital-marcio-cunha\/a-evolucao-de-um-hospital-que-cresceu-mantendo-o-foco-no-cuidado\/"]}]},{"@type":"ImageObject","inLanguage":"pt-BR","@id":"https:\/\/www.fsfx.com.br\/hospital-marcio-cunha\/a-evolucao-de-um-hospital-que-cresceu-mantendo-o-foco-no-cuidado\/#primaryimage","url":"https:\/\/www.fsfx.com.br\/hospital-marcio-cunha\/wp-content\/uploads\/sites\/9\/2026\/04\/HMC-I-Wellington-Silveira-1.jpg","contentUrl":"https:\/\/www.fsfx.com.br\/hospital-marcio-cunha\/wp-content\/uploads\/sites\/9\/2026\/04\/HMC-I-Wellington-Silveira-1.jpg","width":1920,"height":1080},{"@type":"BreadcrumbList","@id":"https:\/\/www.fsfx.com.br\/hospital-marcio-cunha\/a-evolucao-de-um-hospital-que-cresceu-mantendo-o-foco-no-cuidado\/#breadcrumb","itemListElement":[{"@type":"ListItem","position":1,"name":"In\u00edcio","item":"https:\/\/www.fsfx.com.br\/hospital-marcio-cunha\/"},{"@type":"ListItem","position":2,"name":"A evolu\u00e7\u00e3o de um hospital que cresceu mantendo o foco no cuidado"}]},{"@type":"WebSite","@id":"https:\/\/www.fsfx.com.br\/hospital-marcio-cunha\/#website","url":"https:\/\/www.fsfx.com.br\/hospital-marcio-cunha\/","name":"Hospital M\u00e1rcio Cunha","description":"O Hospital M\u00e1rcio Cunha (HMC) \u00e9 um hospital geral de alta complexidade, com 558 leitos e tr\u00eas unidades, sendo uma unidade exclusiva para o tratamento oncol\u00f3gico.","publisher":{"@id":"https:\/\/www.fsfx.com.br\/hospital-marcio-cunha\/#organization"},"potentialAction":[{"@type":"SearchAction","target":{"@type":"EntryPoint","urlTemplate":"https:\/\/www.fsfx.com.br\/hospital-marcio-cunha\/?s={search_term_string}"},"query-input":{"@type":"PropertyValueSpecification","valueRequired":true,"valueName":"search_term_string"}}],"inLanguage":"pt-BR"},{"@type":"Organization","@id":"https:\/\/www.fsfx.com.br\/hospital-marcio-cunha\/#organization","name":"HMC - Hospital M\u00e1rcio Cunha","url":"https:\/\/www.fsfx.com.br\/hospital-marcio-cunha\/","logo":{"@type":"ImageObject","inLanguage":"pt-BR","@id":"https:\/\/www.fsfx.com.br\/hospital-marcio-cunha\/#\/schema\/logo\/image\/","url":"https:\/\/www.fsfx.com.br\/hospital-marcio-cunha\/wp-content\/uploads\/sites\/9\/2022\/04\/logo-hmc-color.png","contentUrl":"https:\/\/www.fsfx.com.br\/hospital-marcio-cunha\/wp-content\/uploads\/sites\/9\/2022\/04\/logo-hmc-color.png","width":264,"height":59,"caption":"HMC - Hospital M\u00e1rcio Cunha"},"image":{"@id":"https:\/\/www.fsfx.com.br\/hospital-marcio-cunha\/#\/schema\/logo\/image\/"}},{"@type":"Person","@id":"https:\/\/www.fsfx.com.br\/hospital-marcio-cunha\/#\/schema\/person\/4be1f8fedd5049bdb17a749e9a09467f","name":"Igor Reis","image":{"@type":"ImageObject","inLanguage":"pt-BR","@id":"https:\/\/www.fsfx.com.br\/hospital-marcio-cunha\/#\/schema\/person\/image\/","url":"https:\/\/secure.gravatar.com\/avatar\/02acd1ab450b18b191988c3a1a1e708ac3493173c24b725ccb535fa9b9c74a66?s=96&d=mm&r=g","contentUrl":"https:\/\/secure.gravatar.com\/avatar\/02acd1ab450b18b191988c3a1a1e708ac3493173c24b725ccb535fa9b9c74a66?s=96&d=mm&r=g","caption":"Igor Reis"},"url":"https:\/\/www.fsfx.com.br\/hospital-marcio-cunha\/author\/igorreis\/"}]}},"_links":{"self":[{"href":"https:\/\/www.fsfx.com.br\/hospital-marcio-cunha\/wp-json\/wp\/v2\/posts\/19222","targetHints":{"allow":["GET"]}}],"collection":[{"href":"https:\/\/www.fsfx.com.br\/hospital-marcio-cunha\/wp-json\/wp\/v2\/posts"}],"about":[{"href":"https:\/\/www.fsfx.com.br\/hospital-marcio-cunha\/wp-json\/wp\/v2\/types\/post"}],"author":[{"embeddable":true,"href":"https:\/\/www.fsfx.com.br\/hospital-marcio-cunha\/wp-json\/wp\/v2\/users\/26"}],"replies":[{"embeddable":true,"href":"https:\/\/www.fsfx.com.br\/hospital-marcio-cunha\/wp-json\/wp\/v2\/comments?post=19222"}],"version-history":[{"count":2,"href":"https:\/\/www.fsfx.com.br\/hospital-marcio-cunha\/wp-json\/wp\/v2\/posts\/19222\/revisions"}],"predecessor-version":[{"id":19225,"href":"https:\/\/www.fsfx.com.br\/hospital-marcio-cunha\/wp-json\/wp\/v2\/posts\/19222\/revisions\/19225"}],"wp:featuredmedia":[{"embeddable":true,"href":"https:\/\/www.fsfx.com.br\/hospital-marcio-cunha\/wp-json\/wp\/v2\/media\/19223"}],"wp:attachment":[{"href":"https:\/\/www.fsfx.com.br\/hospital-marcio-cunha\/wp-json\/wp\/v2\/media?parent=19222"}],"wp:term":[{"taxonomy":"category","embeddable":true,"href":"https:\/\/www.fsfx.com.br\/hospital-marcio-cunha\/wp-json\/wp\/v2\/categories?post=19222"},{"taxonomy":"post_tag","embeddable":true,"href":"https:\/\/www.fsfx.com.br\/hospital-marcio-cunha\/wp-json\/wp\/v2\/tags?post=19222"}],"curies":[{"name":"wp","href":"https:\/\/api.w.org\/{rel}","templated":true}]}}