{"id":631,"date":"2021-02-04T15:13:07","date_gmt":"2021-02-04T18:13:07","guid":{"rendered":"https:\/\/www.fsfx.com.br\/hospital-marcio-cunha\/?p=631"},"modified":"2021-02-04T15:13:07","modified_gmt":"2021-02-04T18:13:07","slug":"fundacao-sao-francisco-xavier-abre-inscricoes-para-vagas-complementares-de-residencia-medica-2021","status":"publish","type":"post","link":"https:\/\/www.fsfx.com.br\/hospital-marcio-cunha\/fundacao-sao-francisco-xavier-abre-inscricoes-para-vagas-complementares-de-residencia-medica-2021\/","title":{"rendered":"FUNDA\u00c7\u00c3O S\u00c3O FRANCISCO XAVIER ABRE INSCRI\u00c7\u00d5ES PARA VAGAS COMPLEMENTARES DE RESID\u00caNCIA M\u00c9DICA 2021"},"content":{"rendered":"\n<p><em>Cadastro para as vagas complementares pode ser feito de 5 a 9 de fevereiro<\/em><\/p>\n\n\n<p>A Funda\u00e7\u00e3o S\u00e3o Francisco Xavier (FSFX) informa que receber\u00e1 inscri\u00e7\u00f5es para as vagas complementares da Resid\u00eancia M\u00e9dica 2021, do Hospital M\u00e1rcio Cunha (HMC) em Ipatinga (MG), no per\u00edodo de 5&nbsp;a 9 de fevereiro. S\u00e3o cinco especialidades para resid\u00eancia nas \u00e1reas da cardiologia, medicina intensiva, Medicina da Fam\u00edlia e Comunidade, Neonatologia e radioterapia, totalizando 7 (sete)&nbsp;vagas.<\/p>\n\n\n<p>O Programa de Resid\u00eancia M\u00e9dica est\u00e1 alinhado aos objetivos estrat\u00e9gicos da FSFX e do HMC, que \u00e9 o de incentivar o ensino e a pesquisa e o aperfei\u00e7oamento progressivo do padr\u00e3o profissional e cient\u00edfico do m\u00e9dico, proporcionando uma melhoria da assist\u00eancia \u00e0 comunidade, por meio de profissionais capacitados para atender nas mais diversas \u00e1reas da medicina.<\/p>\n\n\n<p>\u201cO processo seletivo unificado complementar \u00e9 uma nova oportunidade para que os m\u00e9dicos concorram a vagas de resid\u00eancia do Hospital M\u00e1rcio Cunha. O hospital \u00e9 refer\u00eancia pela estrutura e excel\u00eancia dos servi\u00e7os prestados. Exemplo disso foi o recente destaque recebido pela Federa\u00e7\u00e3o Internacional de Hospitais, por seu plano de resposta \u00e0 pandemia pelo Covid-19. Esse reconhecimento ocorreu em meio um grupo composto por de mais de 100 hospitais, em 28 pa\u00edses.\u201d, afirma Milton Henriques&nbsp;Guimar\u00e3es Junior, Coordenador do Ensino e Pesquisa da FSFX.<\/p>\n\n\n<p>Com dura\u00e7\u00e3o de dois a quatro anos, o programa \u00e9 credenciado pela Comiss\u00e3o Nacional de Resid\u00eancia M\u00e9dica do Minist\u00e9rio da Educa\u00e7\u00e3o (CNRM\/MEC). Realizada pela Associa\u00e7\u00e3o de Apoio a Resid\u00eancia M\u00e9dica de Minas Gerais (Aremg). As inscri\u00e7\u00f5es para a sele\u00e7\u00e3o podem ser feitas entre os dias 5 e 9\/02\/2021, pelo site&nbsp;<a href=\"http:\/\/www.aremg.org.br\/\" target=\"_blank\" rel=\"noreferrer noopener\">www.aremg.org.br<\/a>.<\/p>\n\n\n<div class=\"wp-block-buttons is-layout-flex wp-block-buttons-is-layout-flex\">\n<div class=\"wp-block-button\"><a class=\"wp-block-button__link has-white-color has-vivid-cyan-blue-background-color has-text-color has-background\" href=\"http:\/\/bit.ly\/edital_21_RM_complementar\" target=\"_blank\" rel=\"noreferrer noopener\"><strong>Clique aqui e acesse o edital completo.<\/strong><\/a><\/div>\n<\/div>\n\n\n<figure class=\"wp-block-table is-style-stripes\"><table><tbody><tr><td><strong>Especialidades<\/strong><\/td><td class=\"has-text-align-center\" data-align=\"center\"><strong>Vagas dispon\u00edveis<\/strong><\/td><\/tr><tr><td>Cardiologia<\/td><td class=\"has-text-align-center\" data-align=\"center\">1<\/td><\/tr><tr><td>Medicina Intensiva<\/td><td class=\"has-text-align-center\" data-align=\"center\">3<\/td><\/tr><tr><td>Medicina da Fam\u00edlia e Comunidade<\/td><td class=\"has-text-align-center\" data-align=\"center\">1<\/td><\/tr><tr><td>Neonatologia<\/td><td class=\"has-text-align-center\" data-align=\"center\">1<\/td><\/tr><tr><td>Radioterapia<\/td><td class=\"has-text-align-center\" data-align=\"center\">1<\/td><\/tr><tr><td><strong>Total<\/strong><\/td><td class=\"has-text-align-center\" data-align=\"center\"><strong>7<\/strong><\/td><\/tr><\/tbody><\/table><\/figure>\n","protected":false},"excerpt":{"rendered":"<p>Cadastro para as vagas complementares pode ser feito de 5 a 9 de fevereiro A Funda\u00e7\u00e3o S\u00e3o Francisco Xavier (FSFX) informa que receber\u00e1 inscri\u00e7\u00f5es para as vagas complementares da Resid\u00eancia M\u00e9dica 2021, do Hospital M\u00e1rcio Cunha (HMC) em Ipatinga (MG), no per\u00edodo de 5&nbsp;a 9 de fevereiro. S\u00e3o cinco especialidades para resid\u00eancia nas \u00e1reas da [&hellip;]<\/p>\n","protected":false},"author":2,"featured_media":0,"comment_status":"open","ping_status":"open","sticky":false,"template":"","format":"standard","meta":{"_acf_changed":false,"site-sidebar-layout":"default","site-content-layout":"","ast-site-content-layout":"default","site-content-style":"default","site-sidebar-style":"default","ast-global-header-display":"","ast-banner-title-visibility":"","ast-main-header-display":"","ast-hfb-above-header-display":"","ast-hfb-below-header-display":"","ast-hfb-mobile-header-display":"","site-post-title":"","ast-breadcrumbs-content":"","ast-featured-img":"","footer-sml-layout":"","theme-transparent-header-meta":"","adv-header-id-meta":"","stick-header-meta":"","header-above-stick-meta":"","header-main-stick-meta":"","header-below-stick-meta":"","astra-migrate-meta-layouts":"default","ast-page-background-enabled":"default","ast-page-background-meta":{"desktop":{"background-color":"var(--ast-global-color-4)","background-image":"","background-repeat":"repeat","background-position":"center center","background-size":"auto","background-attachment":"scroll","background-type":"","background-media":"","overlay-type":"","overlay-color":"","overlay-opacity":"","overlay-gradient":""},"tablet":{"background-color":"","background-image":"","background-repeat":"repeat","background-position":"center center","background-size":"auto","background-attachment":"scroll","background-type":"","background-media":"","overlay-type":"","overlay-color":"","overlay-opacity":"","overlay-gradient":""},"mobile":{"background-color":"","background-image":"","background-repeat":"repeat","background-position":"center center","background-size":"auto","background-attachment":"scroll","background-type":"","background-media":"","overlay-type":"","overlay-color":"","overlay-opacity":"","overlay-gradient":""}},"ast-content-background-meta":{"desktop":{"background-color":"var(--ast-global-color-5)","background-image":"","background-repeat":"repeat","background-position":"center center","background-size":"auto","background-attachment":"scroll","background-type":"","background-media":"","overlay-type":"","overlay-color":"","overlay-opacity":"","overlay-gradient":""},"tablet":{"background-color":"var(--ast-global-color-5)","background-image":"","background-repeat":"repeat","background-position":"center center","background-size":"auto","background-attachment":"scroll","background-type":"","background-media":"","overlay-type":"","overlay-color":"","overlay-opacity":"","overlay-gradient":""},"mobile":{"background-color":"var(--ast-global-color-5)","background-image":"","background-repeat":"repeat","background-position":"center center","background-size":"auto","background-attachment":"scroll","background-type":"","background-media":"","overlay-type":"","overlay-color":"","overlay-opacity":"","overlay-gradient":""}},"footnotes":""},"categories":[1],"tags":[],"class_list":["post-631","post","type-post","status-publish","format-standard","hentry","category-sem-categoria"],"acf":[],"yoast_head":"<!-- This site is optimized with the Yoast SEO plugin v26.9 - https:\/\/yoast.com\/product\/yoast-seo-wordpress\/ -->\n<title>FUNDA\u00c7\u00c3O S\u00c3O FRANCISCO XAVIER ABRE INSCRI\u00c7\u00d5ES PARA VAGAS COMPLEMENTARES DE RESID\u00caNCIA M\u00c9DICA 2021 - Hospital M\u00e1rcio Cunha<\/title>\n<meta name=\"robots\" content=\"index, follow, max-snippet:-1, max-image-preview:large, max-video-preview:-1\" \/>\n<link rel=\"canonical\" href=\"https:\/\/www.fsfx.com.br\/hospital-marcio-cunha\/fundacao-sao-francisco-xavier-abre-inscricoes-para-vagas-complementares-de-residencia-medica-2021\/\" \/>\n<meta property=\"og:locale\" content=\"pt_BR\" \/>\n<meta property=\"og:type\" content=\"article\" \/>\n<meta property=\"og:title\" content=\"FUNDA\u00c7\u00c3O S\u00c3O FRANCISCO XAVIER ABRE INSCRI\u00c7\u00d5ES PARA VAGAS COMPLEMENTARES DE RESID\u00caNCIA M\u00c9DICA 2021 - Hospital M\u00e1rcio Cunha\" \/>\n<meta property=\"og:description\" content=\"Cadastro para as vagas complementares pode ser feito de 5 a 9 de fevereiro A Funda\u00e7\u00e3o S\u00e3o Francisco Xavier (FSFX) informa que receber\u00e1 inscri\u00e7\u00f5es para as vagas complementares da Resid\u00eancia M\u00e9dica 2021, do Hospital M\u00e1rcio Cunha (HMC) em Ipatinga (MG), no per\u00edodo de 5&nbsp;a 9 de fevereiro. S\u00e3o cinco especialidades para resid\u00eancia nas \u00e1reas da [&hellip;]\" \/>\n<meta property=\"og:url\" content=\"https:\/\/www.fsfx.com.br\/hospital-marcio-cunha\/fundacao-sao-francisco-xavier-abre-inscricoes-para-vagas-complementares-de-residencia-medica-2021\/\" \/>\n<meta property=\"og:site_name\" content=\"Hospital M\u00e1rcio Cunha\" \/>\n<meta property=\"article:published_time\" content=\"2021-02-04T18:13:07+00:00\" \/>\n<meta name=\"author\" content=\"claudio\" \/>\n<meta name=\"twitter:card\" content=\"summary_large_image\" \/>\n<meta name=\"twitter:label1\" content=\"Escrito por\" \/>\n\t<meta name=\"twitter:data1\" content=\"claudio\" \/>\n\t<meta name=\"twitter:label2\" content=\"Est. tempo de leitura\" \/>\n\t<meta name=\"twitter:data2\" content=\"2 minutos\" \/>\n<script type=\"application\/ld+json\" class=\"yoast-schema-graph\">{\"@context\":\"https:\/\/schema.org\",\"@graph\":[{\"@type\":\"Article\",\"@id\":\"https:\/\/www.fsfx.com.br\/hospital-marcio-cunha\/fundacao-sao-francisco-xavier-abre-inscricoes-para-vagas-complementares-de-residencia-medica-2021\/#article\",\"isPartOf\":{\"@id\":\"https:\/\/www.fsfx.com.br\/hospital-marcio-cunha\/fundacao-sao-francisco-xavier-abre-inscricoes-para-vagas-complementares-de-residencia-medica-2021\/\"},\"author\":{\"name\":\"claudio\",\"@id\":\"https:\/\/www.fsfx.com.br\/hospital-marcio-cunha\/#\/schema\/person\/7d2372fe1973398ab20a060bbb9a87d8\"},\"headline\":\"FUNDA\u00c7\u00c3O S\u00c3O FRANCISCO XAVIER ABRE INSCRI\u00c7\u00d5ES PARA VAGAS COMPLEMENTARES DE RESID\u00caNCIA M\u00c9DICA 2021\",\"datePublished\":\"2021-02-04T18:13:07+00:00\",\"mainEntityOfPage\":{\"@id\":\"https:\/\/www.fsfx.com.br\/hospital-marcio-cunha\/fundacao-sao-francisco-xavier-abre-inscricoes-para-vagas-complementares-de-residencia-medica-2021\/\"},\"wordCount\":331,\"commentCount\":0,\"publisher\":{\"@id\":\"https:\/\/www.fsfx.com.br\/hospital-marcio-cunha\/#organization\"},\"inLanguage\":\"pt-BR\",\"potentialAction\":[{\"@type\":\"CommentAction\",\"name\":\"Comment\",\"target\":[\"https:\/\/www.fsfx.com.br\/hospital-marcio-cunha\/fundacao-sao-francisco-xavier-abre-inscricoes-para-vagas-complementares-de-residencia-medica-2021\/#respond\"]}]},{\"@type\":\"WebPage\",\"@id\":\"https:\/\/www.fsfx.com.br\/hospital-marcio-cunha\/fundacao-sao-francisco-xavier-abre-inscricoes-para-vagas-complementares-de-residencia-medica-2021\/\",\"url\":\"https:\/\/www.fsfx.com.br\/hospital-marcio-cunha\/fundacao-sao-francisco-xavier-abre-inscricoes-para-vagas-complementares-de-residencia-medica-2021\/\",\"name\":\"FUNDA\u00c7\u00c3O S\u00c3O FRANCISCO XAVIER ABRE INSCRI\u00c7\u00d5ES PARA VAGAS COMPLEMENTARES DE RESID\u00caNCIA M\u00c9DICA 2021 - Hospital M\u00e1rcio Cunha\",\"isPartOf\":{\"@id\":\"https:\/\/www.fsfx.com.br\/hospital-marcio-cunha\/#website\"},\"datePublished\":\"2021-02-04T18:13:07+00:00\",\"breadcrumb\":{\"@id\":\"https:\/\/www.fsfx.com.br\/hospital-marcio-cunha\/fundacao-sao-francisco-xavier-abre-inscricoes-para-vagas-complementares-de-residencia-medica-2021\/#breadcrumb\"},\"inLanguage\":\"pt-BR\",\"potentialAction\":[{\"@type\":\"ReadAction\",\"target\":[\"https:\/\/www.fsfx.com.br\/hospital-marcio-cunha\/fundacao-sao-francisco-xavier-abre-inscricoes-para-vagas-complementares-de-residencia-medica-2021\/\"]}]},{\"@type\":\"BreadcrumbList\",\"@id\":\"https:\/\/www.fsfx.com.br\/hospital-marcio-cunha\/fundacao-sao-francisco-xavier-abre-inscricoes-para-vagas-complementares-de-residencia-medica-2021\/#breadcrumb\",\"itemListElement\":[{\"@type\":\"ListItem\",\"position\":1,\"name\":\"In\u00edcio\",\"item\":\"https:\/\/www.fsfx.com.br\/hospital-marcio-cunha\/\"},{\"@type\":\"ListItem\",\"position\":2,\"name\":\"FUNDA\u00c7\u00c3O S\u00c3O FRANCISCO XAVIER ABRE INSCRI\u00c7\u00d5ES PARA VAGAS COMPLEMENTARES DE RESID\u00caNCIA M\u00c9DICA 2021\"}]},{\"@type\":\"WebSite\",\"@id\":\"https:\/\/www.fsfx.com.br\/hospital-marcio-cunha\/#website\",\"url\":\"https:\/\/www.fsfx.com.br\/hospital-marcio-cunha\/\",\"name\":\"Hospital M\u00e1rcio Cunha\",\"description\":\"O Hospital M\u00e1rcio Cunha (HMC) \u00e9 um hospital geral de alta complexidade, com 558 leitos e tr\u00eas unidades, sendo uma unidade exclusiva para o tratamento oncol\u00f3gico.\",\"publisher\":{\"@id\":\"https:\/\/www.fsfx.com.br\/hospital-marcio-cunha\/#organization\"},\"potentialAction\":[{\"@type\":\"SearchAction\",\"target\":{\"@type\":\"EntryPoint\",\"urlTemplate\":\"https:\/\/www.fsfx.com.br\/hospital-marcio-cunha\/?s={search_term_string}\"},\"query-input\":{\"@type\":\"PropertyValueSpecification\",\"valueRequired\":true,\"valueName\":\"search_term_string\"}}],\"inLanguage\":\"pt-BR\"},{\"@type\":\"Organization\",\"@id\":\"https:\/\/www.fsfx.com.br\/hospital-marcio-cunha\/#organization\",\"name\":\"HMC - Hospital M\u00e1rcio Cunha\",\"url\":\"https:\/\/www.fsfx.com.br\/hospital-marcio-cunha\/\",\"logo\":{\"@type\":\"ImageObject\",\"inLanguage\":\"pt-BR\",\"@id\":\"https:\/\/www.fsfx.com.br\/hospital-marcio-cunha\/#\/schema\/logo\/image\/\",\"url\":\"https:\/\/www.fsfx.com.br\/hospital-marcio-cunha\/wp-content\/uploads\/sites\/9\/2022\/04\/logo-hmc-color.png\",\"contentUrl\":\"https:\/\/www.fsfx.com.br\/hospital-marcio-cunha\/wp-content\/uploads\/sites\/9\/2022\/04\/logo-hmc-color.png\",\"width\":264,\"height\":59,\"caption\":\"HMC - Hospital M\u00e1rcio Cunha\"},\"image\":{\"@id\":\"https:\/\/www.fsfx.com.br\/hospital-marcio-cunha\/#\/schema\/logo\/image\/\"}},{\"@type\":\"Person\",\"@id\":\"https:\/\/www.fsfx.com.br\/hospital-marcio-cunha\/#\/schema\/person\/7d2372fe1973398ab20a060bbb9a87d8\",\"name\":\"claudio\",\"image\":{\"@type\":\"ImageObject\",\"inLanguage\":\"pt-BR\",\"@id\":\"https:\/\/www.fsfx.com.br\/hospital-marcio-cunha\/#\/schema\/person\/image\/\",\"url\":\"https:\/\/secure.gravatar.com\/avatar\/724caacf0f2f073275cb3689c577e73e87e40150b1ffd648a67445e75aa7ff03?s=96&d=mm&r=g\",\"contentUrl\":\"https:\/\/secure.gravatar.com\/avatar\/724caacf0f2f073275cb3689c577e73e87e40150b1ffd648a67445e75aa7ff03?s=96&d=mm&r=g\",\"caption\":\"claudio\"},\"url\":\"https:\/\/www.fsfx.com.br\/hospital-marcio-cunha\/author\/claudio\/\"}]}<\/script>\n<!-- \/ Yoast SEO plugin. -->","yoast_head_json":{"title":"FUNDA\u00c7\u00c3O S\u00c3O FRANCISCO XAVIER ABRE INSCRI\u00c7\u00d5ES PARA VAGAS COMPLEMENTARES DE RESID\u00caNCIA M\u00c9DICA 2021 - Hospital M\u00e1rcio Cunha","robots":{"index":"index","follow":"follow","max-snippet":"max-snippet:-1","max-image-preview":"max-image-preview:large","max-video-preview":"max-video-preview:-1"},"canonical":"https:\/\/www.fsfx.com.br\/hospital-marcio-cunha\/fundacao-sao-francisco-xavier-abre-inscricoes-para-vagas-complementares-de-residencia-medica-2021\/","og_locale":"pt_BR","og_type":"article","og_title":"FUNDA\u00c7\u00c3O S\u00c3O FRANCISCO XAVIER ABRE INSCRI\u00c7\u00d5ES PARA VAGAS COMPLEMENTARES DE RESID\u00caNCIA M\u00c9DICA 2021 - Hospital M\u00e1rcio Cunha","og_description":"Cadastro para as vagas complementares pode ser feito de 5 a 9 de fevereiro A Funda\u00e7\u00e3o S\u00e3o Francisco Xavier (FSFX) informa que receber\u00e1 inscri\u00e7\u00f5es para as vagas complementares da Resid\u00eancia M\u00e9dica 2021, do Hospital M\u00e1rcio Cunha (HMC) em Ipatinga (MG), no per\u00edodo de 5&nbsp;a 9 de fevereiro. S\u00e3o cinco especialidades para resid\u00eancia nas \u00e1reas da [&hellip;]","og_url":"https:\/\/www.fsfx.com.br\/hospital-marcio-cunha\/fundacao-sao-francisco-xavier-abre-inscricoes-para-vagas-complementares-de-residencia-medica-2021\/","og_site_name":"Hospital M\u00e1rcio Cunha","article_published_time":"2021-02-04T18:13:07+00:00","author":"claudio","twitter_card":"summary_large_image","twitter_misc":{"Escrito por":"claudio","Est. tempo de leitura":"2 minutos"},"schema":{"@context":"https:\/\/schema.org","@graph":[{"@type":"Article","@id":"https:\/\/www.fsfx.com.br\/hospital-marcio-cunha\/fundacao-sao-francisco-xavier-abre-inscricoes-para-vagas-complementares-de-residencia-medica-2021\/#article","isPartOf":{"@id":"https:\/\/www.fsfx.com.br\/hospital-marcio-cunha\/fundacao-sao-francisco-xavier-abre-inscricoes-para-vagas-complementares-de-residencia-medica-2021\/"},"author":{"name":"claudio","@id":"https:\/\/www.fsfx.com.br\/hospital-marcio-cunha\/#\/schema\/person\/7d2372fe1973398ab20a060bbb9a87d8"},"headline":"FUNDA\u00c7\u00c3O S\u00c3O FRANCISCO XAVIER ABRE INSCRI\u00c7\u00d5ES PARA VAGAS COMPLEMENTARES DE RESID\u00caNCIA M\u00c9DICA 2021","datePublished":"2021-02-04T18:13:07+00:00","mainEntityOfPage":{"@id":"https:\/\/www.fsfx.com.br\/hospital-marcio-cunha\/fundacao-sao-francisco-xavier-abre-inscricoes-para-vagas-complementares-de-residencia-medica-2021\/"},"wordCount":331,"commentCount":0,"publisher":{"@id":"https:\/\/www.fsfx.com.br\/hospital-marcio-cunha\/#organization"},"inLanguage":"pt-BR","potentialAction":[{"@type":"CommentAction","name":"Comment","target":["https:\/\/www.fsfx.com.br\/hospital-marcio-cunha\/fundacao-sao-francisco-xavier-abre-inscricoes-para-vagas-complementares-de-residencia-medica-2021\/#respond"]}]},{"@type":"WebPage","@id":"https:\/\/www.fsfx.com.br\/hospital-marcio-cunha\/fundacao-sao-francisco-xavier-abre-inscricoes-para-vagas-complementares-de-residencia-medica-2021\/","url":"https:\/\/www.fsfx.com.br\/hospital-marcio-cunha\/fundacao-sao-francisco-xavier-abre-inscricoes-para-vagas-complementares-de-residencia-medica-2021\/","name":"FUNDA\u00c7\u00c3O S\u00c3O FRANCISCO XAVIER ABRE INSCRI\u00c7\u00d5ES PARA VAGAS COMPLEMENTARES DE RESID\u00caNCIA M\u00c9DICA 2021 - Hospital M\u00e1rcio Cunha","isPartOf":{"@id":"https:\/\/www.fsfx.com.br\/hospital-marcio-cunha\/#website"},"datePublished":"2021-02-04T18:13:07+00:00","breadcrumb":{"@id":"https:\/\/www.fsfx.com.br\/hospital-marcio-cunha\/fundacao-sao-francisco-xavier-abre-inscricoes-para-vagas-complementares-de-residencia-medica-2021\/#breadcrumb"},"inLanguage":"pt-BR","potentialAction":[{"@type":"ReadAction","target":["https:\/\/www.fsfx.com.br\/hospital-marcio-cunha\/fundacao-sao-francisco-xavier-abre-inscricoes-para-vagas-complementares-de-residencia-medica-2021\/"]}]},{"@type":"BreadcrumbList","@id":"https:\/\/www.fsfx.com.br\/hospital-marcio-cunha\/fundacao-sao-francisco-xavier-abre-inscricoes-para-vagas-complementares-de-residencia-medica-2021\/#breadcrumb","itemListElement":[{"@type":"ListItem","position":1,"name":"In\u00edcio","item":"https:\/\/www.fsfx.com.br\/hospital-marcio-cunha\/"},{"@type":"ListItem","position":2,"name":"FUNDA\u00c7\u00c3O S\u00c3O FRANCISCO XAVIER ABRE INSCRI\u00c7\u00d5ES PARA VAGAS COMPLEMENTARES DE RESID\u00caNCIA M\u00c9DICA 2021"}]},{"@type":"WebSite","@id":"https:\/\/www.fsfx.com.br\/hospital-marcio-cunha\/#website","url":"https:\/\/www.fsfx.com.br\/hospital-marcio-cunha\/","name":"Hospital M\u00e1rcio Cunha","description":"O Hospital M\u00e1rcio Cunha (HMC) \u00e9 um hospital geral de alta complexidade, com 558 leitos e tr\u00eas unidades, sendo uma unidade exclusiva para o tratamento oncol\u00f3gico.","publisher":{"@id":"https:\/\/www.fsfx.com.br\/hospital-marcio-cunha\/#organization"},"potentialAction":[{"@type":"SearchAction","target":{"@type":"EntryPoint","urlTemplate":"https:\/\/www.fsfx.com.br\/hospital-marcio-cunha\/?s={search_term_string}"},"query-input":{"@type":"PropertyValueSpecification","valueRequired":true,"valueName":"search_term_string"}}],"inLanguage":"pt-BR"},{"@type":"Organization","@id":"https:\/\/www.fsfx.com.br\/hospital-marcio-cunha\/#organization","name":"HMC - Hospital M\u00e1rcio Cunha","url":"https:\/\/www.fsfx.com.br\/hospital-marcio-cunha\/","logo":{"@type":"ImageObject","inLanguage":"pt-BR","@id":"https:\/\/www.fsfx.com.br\/hospital-marcio-cunha\/#\/schema\/logo\/image\/","url":"https:\/\/www.fsfx.com.br\/hospital-marcio-cunha\/wp-content\/uploads\/sites\/9\/2022\/04\/logo-hmc-color.png","contentUrl":"https:\/\/www.fsfx.com.br\/hospital-marcio-cunha\/wp-content\/uploads\/sites\/9\/2022\/04\/logo-hmc-color.png","width":264,"height":59,"caption":"HMC - Hospital M\u00e1rcio Cunha"},"image":{"@id":"https:\/\/www.fsfx.com.br\/hospital-marcio-cunha\/#\/schema\/logo\/image\/"}},{"@type":"Person","@id":"https:\/\/www.fsfx.com.br\/hospital-marcio-cunha\/#\/schema\/person\/7d2372fe1973398ab20a060bbb9a87d8","name":"claudio","image":{"@type":"ImageObject","inLanguage":"pt-BR","@id":"https:\/\/www.fsfx.com.br\/hospital-marcio-cunha\/#\/schema\/person\/image\/","url":"https:\/\/secure.gravatar.com\/avatar\/724caacf0f2f073275cb3689c577e73e87e40150b1ffd648a67445e75aa7ff03?s=96&d=mm&r=g","contentUrl":"https:\/\/secure.gravatar.com\/avatar\/724caacf0f2f073275cb3689c577e73e87e40150b1ffd648a67445e75aa7ff03?s=96&d=mm&r=g","caption":"claudio"},"url":"https:\/\/www.fsfx.com.br\/hospital-marcio-cunha\/author\/claudio\/"}]}},"_links":{"self":[{"href":"https:\/\/www.fsfx.com.br\/hospital-marcio-cunha\/wp-json\/wp\/v2\/posts\/631","targetHints":{"allow":["GET"]}}],"collection":[{"href":"https:\/\/www.fsfx.com.br\/hospital-marcio-cunha\/wp-json\/wp\/v2\/posts"}],"about":[{"href":"https:\/\/www.fsfx.com.br\/hospital-marcio-cunha\/wp-json\/wp\/v2\/types\/post"}],"author":[{"embeddable":true,"href":"https:\/\/www.fsfx.com.br\/hospital-marcio-cunha\/wp-json\/wp\/v2\/users\/2"}],"replies":[{"embeddable":true,"href":"https:\/\/www.fsfx.com.br\/hospital-marcio-cunha\/wp-json\/wp\/v2\/comments?post=631"}],"version-history":[{"count":0,"href":"https:\/\/www.fsfx.com.br\/hospital-marcio-cunha\/wp-json\/wp\/v2\/posts\/631\/revisions"}],"wp:attachment":[{"href":"https:\/\/www.fsfx.com.br\/hospital-marcio-cunha\/wp-json\/wp\/v2\/media?parent=631"}],"wp:term":[{"taxonomy":"category","embeddable":true,"href":"https:\/\/www.fsfx.com.br\/hospital-marcio-cunha\/wp-json\/wp\/v2\/categories?post=631"},{"taxonomy":"post_tag","embeddable":true,"href":"https:\/\/www.fsfx.com.br\/hospital-marcio-cunha\/wp-json\/wp\/v2\/tags?post=631"}],"curies":[{"name":"wp","href":"https:\/\/api.w.org\/{rel}","templated":true}]}}