{"id":7125,"date":"2020-05-06T14:43:40","date_gmt":"2020-05-06T17:43:40","guid":{"rendered":"http:\/\/fsfx.com.br\/\/hmc\/2020\/05\/06\/hmc-realiza-captacao-de-coracao-inedita-no-vale-do-aco\/"},"modified":"2020-05-06T14:43:40","modified_gmt":"2020-05-06T17:43:40","slug":"hmc-realiza-captacao-de-coracao-inedita-no-vale-do-aco","status":"publish","type":"post","link":"https:\/\/www.fsfx.com.br\/hospital-marcio-cunha\/hmc-realiza-captacao-de-coracao-inedita-no-vale-do-aco\/","title":{"rendered":"HMC realiza capta\u00e7\u00e3o de cora\u00e7\u00e3o in\u00e9dita no Vale do A\u00e7o"},"content":{"rendered":"<p>O Hospital M\u00e1rcio Cunha, em Ipatinga (MG), realizou pela primeira vez na regi\u00e3o do Vale do A\u00e7o uma capta\u00e7\u00e3o de cora\u00e7\u00e3o de um doador falecido para ser transplantado em outro paciente. O trabalho in\u00e9dito foi realizado na \u00faltima semana por profissionais que integram a Comiss\u00e3o Intra-hospitalar de Doa\u00e7\u00e3o de \u00d3rg\u00e3os e Tecidos para Transplantes (CIHDOTT) do pr\u00f3prio HMC em conjunto com a equipe do Hospital Fel\u00edcio Rocho, de Belo Horizonte. Al\u00e9m do cora\u00e7\u00e3o, levado para capital mineira, transplantado no mesmo dia e dando vida nova a um homem de 28 anos que sofria de Doen\u00e7a de Chagas, os profissionais captaram ainda f\u00edgado, rins e c\u00f3rneas, que ajudar\u00e3o a outras pessoas.<br \/>\n\u0093Isso ratifica n\u00e3o apenas a assertividade das campanhas de conscientiza\u00e7\u00e3o que a Funda\u00e7\u00e3o promove para doa\u00e7\u00e3o de \u00f3rg\u00e3os junto \u00e0 comunidade, mas, principalmente, as condi\u00e7\u00f5es cl\u00ednicas, t\u00e9cnicas e tecnol\u00f3gicas que o Hospital M\u00e1rcio Cunha possui hoje para dar o diagn\u00f3stico de morte encef\u00e1lica e possibilitar tais atendimentos de alta complexidade, integrando-o \u00e0 rede do MG Transplantes\u0094, ressalta Andr\u00e9 Fonseca, urologista e m\u00e9dico da equipe de capta\u00e7\u00e3o e transplantes do HMC.<br \/>\n<img fetchpriority=\"high\" decoding=\"async\" class=\"alignright wp-image-827 size-medium\" src=\"http:\/\/www.fsfx.com.br\/hospital-marcio-cunha\/wp-content\/uploads\/sites\/6\/2015\/06\/Captacao_noticia-300x180.jpg\" alt=\"Captacao_noticia\" width=\"300\" height=\"180\" \/>Hoje, o M\u00e1rcio Cunha, que atende a clientes da Usisa\u00fade, conv\u00eanios e do Sistema \u00danico de Sa\u00fade (SUS), mant\u00e9m a disposi\u00e7\u00e3o de suas equipes m\u00e9todos como arteriografia cerebral e eletroencefalograma para confirmar este diagn\u00f3stico, que auxiliam a avalia\u00e7\u00e3o do m\u00e9dico neurologista. A corrida pela vida com a doa\u00e7\u00e3o de \u00f3rg\u00e3os ganhou ainda aliados importantes nos \u00faltimos anos no hospital. Destaques para a cria\u00e7\u00e3o do Leito de Apoio \u00e0 Vida \u0096 exclusivo para pacientes com morte encef\u00e1lica; para a maior capacita\u00e7\u00e3o da equipe da CIHDOTT, que hoje conta com m\u00e9dicos, enfermeiros, fisioterapeutas e psic\u00f3logos; e para a inaugura\u00e7\u00e3o do Heliponto, que agiliza n\u00e3o apenas a capta\u00e7\u00e3o e o envio de \u00f3rg\u00e3os para outros hospitais por meio de helic\u00f3pteros, mas tamb\u00e9m, serve para o acolhimento de urg\u00eancia a pacientes e profissionais trazidos de outros hospitais e at\u00e9 diretamente de acidentes nas rodovias.<br \/>\n\u0093Vemos isso como uma parceria. D\u00e1 para contar, tanto em Belo Horizonte quanto nas demais regi\u00f5es do estado, as poucas equipes capacitadas e preparadas para esse tipo de procedimentos como esta. O M\u00e1rcio Cunha \u00e9 um hospital estruturado, organizado e o trabalho foi excelente\u0094, elogia Ricardo Perell\u00f3, cirurgi\u00e3o cardiovascular do Hospital Fel\u00edcio Rocho que participou da capta\u00e7\u00e3o in\u00e9dita de cora\u00e7\u00e3o no HMC.<\/p>\n<h3><strong>Gesto que salva vidas<\/strong><\/h3>\n<p>Para pacientes de Belo Horizonte receberem \u0091novos\u0092 cora\u00e7\u00e3o, rins, f\u00edgado e c\u00f3rneas captados a 250 km de dist\u00e2ncia e vislumbrarem vida nova daqui em diante, foi preciso, antes de tudo, o gesto nobre de uma fam\u00edlia em Ipatinga: autorizar a doa\u00e7\u00e3o de \u00f3rg\u00e3os de um parente que acabara de falecer. V\u00edtima de traumatismo cr\u00e2nio-encef\u00e1lico ap\u00f3s um acidente de tr\u00e2nsito, o paciente recebeu toda a assist\u00eancia necess\u00e1ria para a melhora das condi\u00e7\u00f5es de sa\u00fade. Apesar dos esfor\u00e7os terap\u00eauticos de toda equipe, n\u00e3o resistiu e teve confirmado o diagn\u00f3stico de morte encef\u00e1lica (parada completa e irrevers\u00edvel de todas as fun\u00e7\u00f5es do c\u00e9rebro).<br \/>\n\u00c9 a\u00ed que entra em cena o importante trabalho de conscientiza\u00e7\u00e3o da CIHDOTT, principalmente, em casos como este. \u0093O processo de acolhimento familiar \u00e9 de extrema relev\u00e2ncia para doa\u00e7\u00e3o, j\u00e1 que muitas vezes, quando o paciente d\u00e1 entrada no hospital, a fam\u00edlia nem sempre compreende o que est\u00e1 acontecendo com seu ente, muito menos, quando \u00e9 declarada a morte encef\u00e1lica. Esse \u00e9 o objetivo da psicologia, o de realizar esse processo de acolhimento familiar e o de auxiliar no processo de racionaliza\u00e7\u00e3o do luto, de morte. Por isso, nosso papel n\u00e3o \u00e9 a priori ofertar a possibilidade de doa\u00e7\u00e3o, mas acolher e humanizar o processo de doa\u00e7\u00e3o de \u00f3rg\u00e3os\u0094, explica S\u00e9rgio Santos Siqueira, psic\u00f3logo e membro da CIHDOTT do HMC.<br \/>\nSe voc\u00ea quer ser um doador, avise a sua fam\u00edlia. O passo principal para se tornar um doador de \u00f3rg\u00e3os \u00e9 conversar com a sua fam\u00edlia e deixar bem claro o seu desejo. N\u00e3o \u00e9 necess\u00e1rio deixar nada por escrito. A doa\u00e7\u00e3o de \u00f3rg\u00e3os \u00e9 uma manifesta\u00e7\u00e3o de solidariedade mesmo ap\u00f3s a vida, ajudando a salvar e melhorar a vida de muitas outras pessoas.<br \/>\n&nbsp;<\/p>\n","protected":false},"excerpt":{"rendered":"<p>O Hospital M\u00e1rcio Cunha, em Ipatinga (MG), realizou pela primeira vez na regi\u00e3o do Vale do A\u00e7o uma capta\u00e7\u00e3o de cora\u00e7\u00e3o de um doador falecido para ser transplantado em outro paciente. O trabalho in\u00e9dito foi realizado na \u00faltima semana por profissionais que integram a Comiss\u00e3o Intra-hospitalar de Doa\u00e7\u00e3o de \u00d3rg\u00e3os e Tecidos para Transplantes (CIHDOTT) [&hellip;]<\/p>\n","protected":false},"author":2,"featured_media":0,"comment_status":"open","ping_status":"open","sticky":false,"template":"","format":"standard","meta":{"_acf_changed":false,"site-sidebar-layout":"default","site-content-layout":"","ast-site-content-layout":"default","site-content-style":"default","site-sidebar-style":"default","ast-global-header-display":"","ast-banner-title-visibility":"","ast-main-header-display":"","ast-hfb-above-header-display":"","ast-hfb-below-header-display":"","ast-hfb-mobile-header-display":"","site-post-title":"","ast-breadcrumbs-content":"","ast-featured-img":"","footer-sml-layout":"","theme-transparent-header-meta":"","adv-header-id-meta":"","stick-header-meta":"","header-above-stick-meta":"","header-main-stick-meta":"","header-below-stick-meta":"","astra-migrate-meta-layouts":"default","ast-page-background-enabled":"default","ast-page-background-meta":{"desktop":{"background-color":"var(--ast-global-color-4)","background-image":"","background-repeat":"repeat","background-position":"center center","background-size":"auto","background-attachment":"scroll","background-type":"","background-media":"","overlay-type":"","overlay-color":"","overlay-opacity":"","overlay-gradient":""},"tablet":{"background-color":"","background-image":"","background-repeat":"repeat","background-position":"center center","background-size":"auto","background-attachment":"scroll","background-type":"","background-media":"","overlay-type":"","overlay-color":"","overlay-opacity":"","overlay-gradient":""},"mobile":{"background-color":"","background-image":"","background-repeat":"repeat","background-position":"center center","background-size":"auto","background-attachment":"scroll","background-type":"","background-media":"","overlay-type":"","overlay-color":"","overlay-opacity":"","overlay-gradient":""}},"ast-content-background-meta":{"desktop":{"background-color":"var(--ast-global-color-5)","background-image":"","background-repeat":"repeat","background-position":"center center","background-size":"auto","background-attachment":"scroll","background-type":"","background-media":"","overlay-type":"","overlay-color":"","overlay-opacity":"","overlay-gradient":""},"tablet":{"background-color":"var(--ast-global-color-5)","background-image":"","background-repeat":"repeat","background-position":"center center","background-size":"auto","background-attachment":"scroll","background-type":"","background-media":"","overlay-type":"","overlay-color":"","overlay-opacity":"","overlay-gradient":""},"mobile":{"background-color":"var(--ast-global-color-5)","background-image":"","background-repeat":"repeat","background-position":"center center","background-size":"auto","background-attachment":"scroll","background-type":"","background-media":"","overlay-type":"","overlay-color":"","overlay-opacity":"","overlay-gradient":""}},"footnotes":""},"categories":[1],"tags":[],"class_list":["post-7125","post","type-post","status-publish","format-standard","hentry","category-sem-categoria"],"acf":[],"yoast_head":"<!-- This site is optimized with the Yoast SEO plugin v26.9 - https:\/\/yoast.com\/product\/yoast-seo-wordpress\/ -->\n<title>HMC realiza capta\u00e7\u00e3o de cora\u00e7\u00e3o in\u00e9dita no Vale do A\u00e7o - Hospital M\u00e1rcio Cunha<\/title>\n<meta name=\"robots\" content=\"index, follow, max-snippet:-1, max-image-preview:large, max-video-preview:-1\" \/>\n<link rel=\"canonical\" href=\"https:\/\/www.fsfx.com.br\/hospital-marcio-cunha\/hmc-realiza-captacao-de-coracao-inedita-no-vale-do-aco\/\" \/>\n<meta property=\"og:locale\" content=\"pt_BR\" \/>\n<meta property=\"og:type\" content=\"article\" \/>\n<meta property=\"og:title\" content=\"HMC realiza capta\u00e7\u00e3o de cora\u00e7\u00e3o in\u00e9dita no Vale do A\u00e7o - Hospital M\u00e1rcio Cunha\" \/>\n<meta property=\"og:description\" content=\"O Hospital M\u00e1rcio Cunha, em Ipatinga (MG), realizou pela primeira vez na regi\u00e3o do Vale do A\u00e7o uma capta\u00e7\u00e3o de cora\u00e7\u00e3o de um doador falecido para ser transplantado em outro paciente. O trabalho in\u00e9dito foi realizado na \u00faltima semana por profissionais que integram a Comiss\u00e3o Intra-hospitalar de Doa\u00e7\u00e3o de \u00d3rg\u00e3os e Tecidos para Transplantes (CIHDOTT) [&hellip;]\" \/>\n<meta property=\"og:url\" content=\"https:\/\/www.fsfx.com.br\/hospital-marcio-cunha\/hmc-realiza-captacao-de-coracao-inedita-no-vale-do-aco\/\" \/>\n<meta property=\"og:site_name\" content=\"Hospital M\u00e1rcio Cunha\" \/>\n<meta property=\"article:published_time\" content=\"2020-05-06T17:43:40+00:00\" \/>\n<meta property=\"og:image\" content=\"http:\/\/www.fsfx.com.br\/hospital-marcio-cunha\/wp-content\/uploads\/sites\/6\/2015\/06\/Captacao_noticia-300x180.jpg\" \/>\n<meta name=\"author\" content=\"claudio\" \/>\n<meta name=\"twitter:card\" content=\"summary_large_image\" \/>\n<meta name=\"twitter:label1\" content=\"Escrito por\" \/>\n\t<meta name=\"twitter:data1\" content=\"claudio\" \/>\n\t<meta name=\"twitter:label2\" content=\"Est. tempo de leitura\" \/>\n\t<meta name=\"twitter:data2\" content=\"4 minutos\" \/>\n<script type=\"application\/ld+json\" class=\"yoast-schema-graph\">{\"@context\":\"https:\/\/schema.org\",\"@graph\":[{\"@type\":\"Article\",\"@id\":\"https:\/\/www.fsfx.com.br\/hospital-marcio-cunha\/hmc-realiza-captacao-de-coracao-inedita-no-vale-do-aco\/#article\",\"isPartOf\":{\"@id\":\"https:\/\/www.fsfx.com.br\/hospital-marcio-cunha\/hmc-realiza-captacao-de-coracao-inedita-no-vale-do-aco\/\"},\"author\":{\"name\":\"claudio\",\"@id\":\"https:\/\/www.fsfx.com.br\/hospital-marcio-cunha\/#\/schema\/person\/7d2372fe1973398ab20a060bbb9a87d8\"},\"headline\":\"HMC realiza capta\u00e7\u00e3o de cora\u00e7\u00e3o in\u00e9dita no Vale do A\u00e7o\",\"datePublished\":\"2020-05-06T17:43:40+00:00\",\"mainEntityOfPage\":{\"@id\":\"https:\/\/www.fsfx.com.br\/hospital-marcio-cunha\/hmc-realiza-captacao-de-coracao-inedita-no-vale-do-aco\/\"},\"wordCount\":777,\"commentCount\":0,\"publisher\":{\"@id\":\"https:\/\/www.fsfx.com.br\/hospital-marcio-cunha\/#organization\"},\"image\":{\"@id\":\"https:\/\/www.fsfx.com.br\/hospital-marcio-cunha\/hmc-realiza-captacao-de-coracao-inedita-no-vale-do-aco\/#primaryimage\"},\"thumbnailUrl\":\"http:\/\/www.fsfx.com.br\/hospital-marcio-cunha\/wp-content\/uploads\/sites\/6\/2015\/06\/Captacao_noticia-300x180.jpg\",\"inLanguage\":\"pt-BR\",\"potentialAction\":[{\"@type\":\"CommentAction\",\"name\":\"Comment\",\"target\":[\"https:\/\/www.fsfx.com.br\/hospital-marcio-cunha\/hmc-realiza-captacao-de-coracao-inedita-no-vale-do-aco\/#respond\"]}]},{\"@type\":\"WebPage\",\"@id\":\"https:\/\/www.fsfx.com.br\/hospital-marcio-cunha\/hmc-realiza-captacao-de-coracao-inedita-no-vale-do-aco\/\",\"url\":\"https:\/\/www.fsfx.com.br\/hospital-marcio-cunha\/hmc-realiza-captacao-de-coracao-inedita-no-vale-do-aco\/\",\"name\":\"HMC realiza capta\u00e7\u00e3o de cora\u00e7\u00e3o in\u00e9dita no Vale do A\u00e7o - Hospital M\u00e1rcio Cunha\",\"isPartOf\":{\"@id\":\"https:\/\/www.fsfx.com.br\/hospital-marcio-cunha\/#website\"},\"primaryImageOfPage\":{\"@id\":\"https:\/\/www.fsfx.com.br\/hospital-marcio-cunha\/hmc-realiza-captacao-de-coracao-inedita-no-vale-do-aco\/#primaryimage\"},\"image\":{\"@id\":\"https:\/\/www.fsfx.com.br\/hospital-marcio-cunha\/hmc-realiza-captacao-de-coracao-inedita-no-vale-do-aco\/#primaryimage\"},\"thumbnailUrl\":\"http:\/\/www.fsfx.com.br\/hospital-marcio-cunha\/wp-content\/uploads\/sites\/6\/2015\/06\/Captacao_noticia-300x180.jpg\",\"datePublished\":\"2020-05-06T17:43:40+00:00\",\"breadcrumb\":{\"@id\":\"https:\/\/www.fsfx.com.br\/hospital-marcio-cunha\/hmc-realiza-captacao-de-coracao-inedita-no-vale-do-aco\/#breadcrumb\"},\"inLanguage\":\"pt-BR\",\"potentialAction\":[{\"@type\":\"ReadAction\",\"target\":[\"https:\/\/www.fsfx.com.br\/hospital-marcio-cunha\/hmc-realiza-captacao-de-coracao-inedita-no-vale-do-aco\/\"]}]},{\"@type\":\"ImageObject\",\"inLanguage\":\"pt-BR\",\"@id\":\"https:\/\/www.fsfx.com.br\/hospital-marcio-cunha\/hmc-realiza-captacao-de-coracao-inedita-no-vale-do-aco\/#primaryimage\",\"url\":\"http:\/\/www.fsfx.com.br\/hospital-marcio-cunha\/wp-content\/uploads\/sites\/6\/2015\/06\/Captacao_noticia-300x180.jpg\",\"contentUrl\":\"http:\/\/www.fsfx.com.br\/hospital-marcio-cunha\/wp-content\/uploads\/sites\/6\/2015\/06\/Captacao_noticia-300x180.jpg\"},{\"@type\":\"BreadcrumbList\",\"@id\":\"https:\/\/www.fsfx.com.br\/hospital-marcio-cunha\/hmc-realiza-captacao-de-coracao-inedita-no-vale-do-aco\/#breadcrumb\",\"itemListElement\":[{\"@type\":\"ListItem\",\"position\":1,\"name\":\"In\u00edcio\",\"item\":\"https:\/\/www.fsfx.com.br\/hospital-marcio-cunha\/\"},{\"@type\":\"ListItem\",\"position\":2,\"name\":\"HMC realiza capta\u00e7\u00e3o de cora\u00e7\u00e3o in\u00e9dita no Vale do A\u00e7o\"}]},{\"@type\":\"WebSite\",\"@id\":\"https:\/\/www.fsfx.com.br\/hospital-marcio-cunha\/#website\",\"url\":\"https:\/\/www.fsfx.com.br\/hospital-marcio-cunha\/\",\"name\":\"Hospital M\u00e1rcio Cunha\",\"description\":\"O Hospital M\u00e1rcio Cunha (HMC) \u00e9 um hospital geral de alta complexidade, com 558 leitos e tr\u00eas unidades, sendo uma unidade exclusiva para o tratamento oncol\u00f3gico.\",\"publisher\":{\"@id\":\"https:\/\/www.fsfx.com.br\/hospital-marcio-cunha\/#organization\"},\"potentialAction\":[{\"@type\":\"SearchAction\",\"target\":{\"@type\":\"EntryPoint\",\"urlTemplate\":\"https:\/\/www.fsfx.com.br\/hospital-marcio-cunha\/?s={search_term_string}\"},\"query-input\":{\"@type\":\"PropertyValueSpecification\",\"valueRequired\":true,\"valueName\":\"search_term_string\"}}],\"inLanguage\":\"pt-BR\"},{\"@type\":\"Organization\",\"@id\":\"https:\/\/www.fsfx.com.br\/hospital-marcio-cunha\/#organization\",\"name\":\"HMC - Hospital M\u00e1rcio Cunha\",\"url\":\"https:\/\/www.fsfx.com.br\/hospital-marcio-cunha\/\",\"logo\":{\"@type\":\"ImageObject\",\"inLanguage\":\"pt-BR\",\"@id\":\"https:\/\/www.fsfx.com.br\/hospital-marcio-cunha\/#\/schema\/logo\/image\/\",\"url\":\"https:\/\/www.fsfx.com.br\/hospital-marcio-cunha\/wp-content\/uploads\/sites\/9\/2022\/04\/logo-hmc-color.png\",\"contentUrl\":\"https:\/\/www.fsfx.com.br\/hospital-marcio-cunha\/wp-content\/uploads\/sites\/9\/2022\/04\/logo-hmc-color.png\",\"width\":264,\"height\":59,\"caption\":\"HMC - Hospital M\u00e1rcio Cunha\"},\"image\":{\"@id\":\"https:\/\/www.fsfx.com.br\/hospital-marcio-cunha\/#\/schema\/logo\/image\/\"}},{\"@type\":\"Person\",\"@id\":\"https:\/\/www.fsfx.com.br\/hospital-marcio-cunha\/#\/schema\/person\/7d2372fe1973398ab20a060bbb9a87d8\",\"name\":\"claudio\",\"image\":{\"@type\":\"ImageObject\",\"inLanguage\":\"pt-BR\",\"@id\":\"https:\/\/www.fsfx.com.br\/hospital-marcio-cunha\/#\/schema\/person\/image\/\",\"url\":\"https:\/\/secure.gravatar.com\/avatar\/724caacf0f2f073275cb3689c577e73e87e40150b1ffd648a67445e75aa7ff03?s=96&d=mm&r=g\",\"contentUrl\":\"https:\/\/secure.gravatar.com\/avatar\/724caacf0f2f073275cb3689c577e73e87e40150b1ffd648a67445e75aa7ff03?s=96&d=mm&r=g\",\"caption\":\"claudio\"},\"url\":\"https:\/\/www.fsfx.com.br\/hospital-marcio-cunha\/author\/claudio\/\"}]}<\/script>\n<!-- \/ Yoast SEO plugin. -->","yoast_head_json":{"title":"HMC realiza capta\u00e7\u00e3o de cora\u00e7\u00e3o in\u00e9dita no Vale do A\u00e7o - Hospital M\u00e1rcio Cunha","robots":{"index":"index","follow":"follow","max-snippet":"max-snippet:-1","max-image-preview":"max-image-preview:large","max-video-preview":"max-video-preview:-1"},"canonical":"https:\/\/www.fsfx.com.br\/hospital-marcio-cunha\/hmc-realiza-captacao-de-coracao-inedita-no-vale-do-aco\/","og_locale":"pt_BR","og_type":"article","og_title":"HMC realiza capta\u00e7\u00e3o de cora\u00e7\u00e3o in\u00e9dita no Vale do A\u00e7o - Hospital M\u00e1rcio Cunha","og_description":"O Hospital M\u00e1rcio Cunha, em Ipatinga (MG), realizou pela primeira vez na regi\u00e3o do Vale do A\u00e7o uma capta\u00e7\u00e3o de cora\u00e7\u00e3o de um doador falecido para ser transplantado em outro paciente. O trabalho in\u00e9dito foi realizado na \u00faltima semana por profissionais que integram a Comiss\u00e3o Intra-hospitalar de Doa\u00e7\u00e3o de \u00d3rg\u00e3os e Tecidos para Transplantes (CIHDOTT) [&hellip;]","og_url":"https:\/\/www.fsfx.com.br\/hospital-marcio-cunha\/hmc-realiza-captacao-de-coracao-inedita-no-vale-do-aco\/","og_site_name":"Hospital M\u00e1rcio Cunha","article_published_time":"2020-05-06T17:43:40+00:00","og_image":[{"url":"http:\/\/www.fsfx.com.br\/hospital-marcio-cunha\/wp-content\/uploads\/sites\/6\/2015\/06\/Captacao_noticia-300x180.jpg","type":"","width":"","height":""}],"author":"claudio","twitter_card":"summary_large_image","twitter_misc":{"Escrito por":"claudio","Est. tempo de leitura":"4 minutos"},"schema":{"@context":"https:\/\/schema.org","@graph":[{"@type":"Article","@id":"https:\/\/www.fsfx.com.br\/hospital-marcio-cunha\/hmc-realiza-captacao-de-coracao-inedita-no-vale-do-aco\/#article","isPartOf":{"@id":"https:\/\/www.fsfx.com.br\/hospital-marcio-cunha\/hmc-realiza-captacao-de-coracao-inedita-no-vale-do-aco\/"},"author":{"name":"claudio","@id":"https:\/\/www.fsfx.com.br\/hospital-marcio-cunha\/#\/schema\/person\/7d2372fe1973398ab20a060bbb9a87d8"},"headline":"HMC realiza capta\u00e7\u00e3o de cora\u00e7\u00e3o in\u00e9dita no Vale do A\u00e7o","datePublished":"2020-05-06T17:43:40+00:00","mainEntityOfPage":{"@id":"https:\/\/www.fsfx.com.br\/hospital-marcio-cunha\/hmc-realiza-captacao-de-coracao-inedita-no-vale-do-aco\/"},"wordCount":777,"commentCount":0,"publisher":{"@id":"https:\/\/www.fsfx.com.br\/hospital-marcio-cunha\/#organization"},"image":{"@id":"https:\/\/www.fsfx.com.br\/hospital-marcio-cunha\/hmc-realiza-captacao-de-coracao-inedita-no-vale-do-aco\/#primaryimage"},"thumbnailUrl":"http:\/\/www.fsfx.com.br\/hospital-marcio-cunha\/wp-content\/uploads\/sites\/6\/2015\/06\/Captacao_noticia-300x180.jpg","inLanguage":"pt-BR","potentialAction":[{"@type":"CommentAction","name":"Comment","target":["https:\/\/www.fsfx.com.br\/hospital-marcio-cunha\/hmc-realiza-captacao-de-coracao-inedita-no-vale-do-aco\/#respond"]}]},{"@type":"WebPage","@id":"https:\/\/www.fsfx.com.br\/hospital-marcio-cunha\/hmc-realiza-captacao-de-coracao-inedita-no-vale-do-aco\/","url":"https:\/\/www.fsfx.com.br\/hospital-marcio-cunha\/hmc-realiza-captacao-de-coracao-inedita-no-vale-do-aco\/","name":"HMC realiza capta\u00e7\u00e3o de cora\u00e7\u00e3o in\u00e9dita no Vale do A\u00e7o - Hospital M\u00e1rcio Cunha","isPartOf":{"@id":"https:\/\/www.fsfx.com.br\/hospital-marcio-cunha\/#website"},"primaryImageOfPage":{"@id":"https:\/\/www.fsfx.com.br\/hospital-marcio-cunha\/hmc-realiza-captacao-de-coracao-inedita-no-vale-do-aco\/#primaryimage"},"image":{"@id":"https:\/\/www.fsfx.com.br\/hospital-marcio-cunha\/hmc-realiza-captacao-de-coracao-inedita-no-vale-do-aco\/#primaryimage"},"thumbnailUrl":"http:\/\/www.fsfx.com.br\/hospital-marcio-cunha\/wp-content\/uploads\/sites\/6\/2015\/06\/Captacao_noticia-300x180.jpg","datePublished":"2020-05-06T17:43:40+00:00","breadcrumb":{"@id":"https:\/\/www.fsfx.com.br\/hospital-marcio-cunha\/hmc-realiza-captacao-de-coracao-inedita-no-vale-do-aco\/#breadcrumb"},"inLanguage":"pt-BR","potentialAction":[{"@type":"ReadAction","target":["https:\/\/www.fsfx.com.br\/hospital-marcio-cunha\/hmc-realiza-captacao-de-coracao-inedita-no-vale-do-aco\/"]}]},{"@type":"ImageObject","inLanguage":"pt-BR","@id":"https:\/\/www.fsfx.com.br\/hospital-marcio-cunha\/hmc-realiza-captacao-de-coracao-inedita-no-vale-do-aco\/#primaryimage","url":"http:\/\/www.fsfx.com.br\/hospital-marcio-cunha\/wp-content\/uploads\/sites\/6\/2015\/06\/Captacao_noticia-300x180.jpg","contentUrl":"http:\/\/www.fsfx.com.br\/hospital-marcio-cunha\/wp-content\/uploads\/sites\/6\/2015\/06\/Captacao_noticia-300x180.jpg"},{"@type":"BreadcrumbList","@id":"https:\/\/www.fsfx.com.br\/hospital-marcio-cunha\/hmc-realiza-captacao-de-coracao-inedita-no-vale-do-aco\/#breadcrumb","itemListElement":[{"@type":"ListItem","position":1,"name":"In\u00edcio","item":"https:\/\/www.fsfx.com.br\/hospital-marcio-cunha\/"},{"@type":"ListItem","position":2,"name":"HMC realiza capta\u00e7\u00e3o de cora\u00e7\u00e3o in\u00e9dita no Vale do A\u00e7o"}]},{"@type":"WebSite","@id":"https:\/\/www.fsfx.com.br\/hospital-marcio-cunha\/#website","url":"https:\/\/www.fsfx.com.br\/hospital-marcio-cunha\/","name":"Hospital M\u00e1rcio Cunha","description":"O Hospital M\u00e1rcio Cunha (HMC) \u00e9 um hospital geral de alta complexidade, com 558 leitos e tr\u00eas unidades, sendo uma unidade exclusiva para o tratamento oncol\u00f3gico.","publisher":{"@id":"https:\/\/www.fsfx.com.br\/hospital-marcio-cunha\/#organization"},"potentialAction":[{"@type":"SearchAction","target":{"@type":"EntryPoint","urlTemplate":"https:\/\/www.fsfx.com.br\/hospital-marcio-cunha\/?s={search_term_string}"},"query-input":{"@type":"PropertyValueSpecification","valueRequired":true,"valueName":"search_term_string"}}],"inLanguage":"pt-BR"},{"@type":"Organization","@id":"https:\/\/www.fsfx.com.br\/hospital-marcio-cunha\/#organization","name":"HMC - Hospital M\u00e1rcio Cunha","url":"https:\/\/www.fsfx.com.br\/hospital-marcio-cunha\/","logo":{"@type":"ImageObject","inLanguage":"pt-BR","@id":"https:\/\/www.fsfx.com.br\/hospital-marcio-cunha\/#\/schema\/logo\/image\/","url":"https:\/\/www.fsfx.com.br\/hospital-marcio-cunha\/wp-content\/uploads\/sites\/9\/2022\/04\/logo-hmc-color.png","contentUrl":"https:\/\/www.fsfx.com.br\/hospital-marcio-cunha\/wp-content\/uploads\/sites\/9\/2022\/04\/logo-hmc-color.png","width":264,"height":59,"caption":"HMC - Hospital M\u00e1rcio Cunha"},"image":{"@id":"https:\/\/www.fsfx.com.br\/hospital-marcio-cunha\/#\/schema\/logo\/image\/"}},{"@type":"Person","@id":"https:\/\/www.fsfx.com.br\/hospital-marcio-cunha\/#\/schema\/person\/7d2372fe1973398ab20a060bbb9a87d8","name":"claudio","image":{"@type":"ImageObject","inLanguage":"pt-BR","@id":"https:\/\/www.fsfx.com.br\/hospital-marcio-cunha\/#\/schema\/person\/image\/","url":"https:\/\/secure.gravatar.com\/avatar\/724caacf0f2f073275cb3689c577e73e87e40150b1ffd648a67445e75aa7ff03?s=96&d=mm&r=g","contentUrl":"https:\/\/secure.gravatar.com\/avatar\/724caacf0f2f073275cb3689c577e73e87e40150b1ffd648a67445e75aa7ff03?s=96&d=mm&r=g","caption":"claudio"},"url":"https:\/\/www.fsfx.com.br\/hospital-marcio-cunha\/author\/claudio\/"}]}},"_links":{"self":[{"href":"https:\/\/www.fsfx.com.br\/hospital-marcio-cunha\/wp-json\/wp\/v2\/posts\/7125","targetHints":{"allow":["GET"]}}],"collection":[{"href":"https:\/\/www.fsfx.com.br\/hospital-marcio-cunha\/wp-json\/wp\/v2\/posts"}],"about":[{"href":"https:\/\/www.fsfx.com.br\/hospital-marcio-cunha\/wp-json\/wp\/v2\/types\/post"}],"author":[{"embeddable":true,"href":"https:\/\/www.fsfx.com.br\/hospital-marcio-cunha\/wp-json\/wp\/v2\/users\/2"}],"replies":[{"embeddable":true,"href":"https:\/\/www.fsfx.com.br\/hospital-marcio-cunha\/wp-json\/wp\/v2\/comments?post=7125"}],"version-history":[{"count":0,"href":"https:\/\/www.fsfx.com.br\/hospital-marcio-cunha\/wp-json\/wp\/v2\/posts\/7125\/revisions"}],"wp:attachment":[{"href":"https:\/\/www.fsfx.com.br\/hospital-marcio-cunha\/wp-json\/wp\/v2\/media?parent=7125"}],"wp:term":[{"taxonomy":"category","embeddable":true,"href":"https:\/\/www.fsfx.com.br\/hospital-marcio-cunha\/wp-json\/wp\/v2\/categories?post=7125"},{"taxonomy":"post_tag","embeddable":true,"href":"https:\/\/www.fsfx.com.br\/hospital-marcio-cunha\/wp-json\/wp\/v2\/tags?post=7125"}],"curies":[{"name":"wp","href":"https:\/\/api.w.org\/{rel}","templated":true}]}}