{"id":7134,"date":"2020-05-06T14:43:52","date_gmt":"2020-05-06T17:43:52","guid":{"rendered":"http:\/\/fsfx.com.br\/\/hmc\/2020\/05\/06\/fsfx-lanca-unidade-modelo-em-atencao-primaria-no-vale-do-aco\/"},"modified":"2020-05-06T14:43:52","modified_gmt":"2020-05-06T17:43:52","slug":"fsfx-lanca-unidade-modelo-em-atencao-primaria-no-vale-do-aco","status":"publish","type":"post","link":"https:\/\/www.fsfx.com.br\/hospital-marcio-cunha\/fsfx-lanca-unidade-modelo-em-atencao-primaria-no-vale-do-aco\/","title":{"rendered":"FSFX lan\u00e7a unidade modelo em Aten\u00e7\u00e3o Prim\u00e1ria no Vale do A\u00e7o"},"content":{"rendered":"<p>A Funda\u00e7\u00e3o S\u00e3o Francisco Xavier (FSFX) apresentou um modelo de atendimento diferenciado para benefici\u00e1rios de sua operadora de planos Usisa\u00fade que vivem no Vale do A\u00e7o, com a cria\u00e7\u00e3o da Unidade de Aten\u00e7\u00e3o Prim\u00e1ria \u0096 Dr. Rob Janett. O nome \u00e9 uma homenagem ao professor da Harvard Medical School, que passou esta<a href=\"http:\/\/www.fsfx.com.br\/usisaude\/wp-content\/uploads\/sites\/3\/2014\/10\/workshop_2.jpg\"><img fetchpriority=\"high\" decoding=\"async\" class=\"alignright wp-image-1150 size-full\" src=\"http:\/\/www.fsfx.com.br\/usisaude\/wp-content\/uploads\/sites\/3\/2014\/10\/workshop_2.jpg\" alt=\"workshop_2\" width=\"300\" height=\"200\" \/><\/a> \u00faltima semana em Ipatinga como convidado do Workshop em Aten\u00e7\u00e3o Prim\u00e1ria da FSFX. No evento, que reuniu mais de 200 profissionais de diversas institui\u00e7\u00f5es, o norte-americano mostrou sua experi\u00eancia e os grandes resultados alcan\u00e7ados pelas equipes que lidera\u00a0 na cidade de Boston, nos Estados Unidos.<\/p>\n<p>\u0093Sempre falo que nesse modelo de sa\u00fade \u00e9 necess\u00e1rio ter como meta a preven\u00e7\u00e3o. Para isso, \u00e9 preciso garantir consultas e exames preventivos a toda uma popula\u00e7\u00e3o registrada em um \u00fanico sistema, uma boa gest\u00e3o da doen\u00e7a cr\u00f4nica e ter ainda a coordena\u00e7\u00e3o dos atendimentos do paciente, com uma equipe capacitada para acolher sua hist\u00f3ria e trabalhar para promover a melhoria da sua sa\u00fade. A Funda\u00e7\u00e3o S\u00e3o Francisco Xavier e a Usisa\u00fade mostram que, al\u00e9m de forte lideran\u00e7a administrativa, t\u00eam uma estrat\u00e9gia para melhorar a qualidade dos servi\u00e7os, unindo aspectos sociais, psicol\u00f3gicos, da sa\u00fade do paciente de forma mais ampla \u00e0 assist\u00eancia do Hospital M\u00e1rcio Cunha. Ver que esse trabalho que defendo tem o meu nome, me d\u00e1 um orgulho muito grande\u0094, agradece Rob Janett.<\/p>\n<p>Com inaugura\u00e7\u00e3o prevista para novembro, a nova Unidade de Aten\u00e7\u00e3o Prim\u00e1ria funcionar\u00e1 na Unidade II do Hospital M\u00e1rcio Cunha (bairro Bom Retiro), com consult\u00f3rios exclusivos e acesso f\u00e1cil para realiza\u00e7\u00e3o de exames, e atender\u00e1 a benefici\u00e1rios Usisa\u00fade e familiares em situa\u00e7\u00e3o de maior vulnerabilidade. Para isso, uma equipe multidisciplinar atuar\u00e1 com foco na promo\u00e7\u00e3o de sa\u00fade e na preven\u00e7\u00e3o de doen\u00e7as, al\u00e9m de gerenciar as doen\u00e7as cr\u00f4nicas.<\/p>\n<p>\u0093Vamos, em um primeiro momento, priorizar os pacientes com mais de 60 anos e seus familiares, abrangendo um p\u00fablico de 15 mil vidas. Estamos propondo um modelo revolucion\u00e1rio de cuidado integral, baseado no trabalho integrado de uma equipe multidisciplinar de sa\u00fade, capaz de fortalecer o v\u00ednculo e a satisfa\u00e7\u00e3o do cliente. Queremos um modelo alternativo ao atual, que \u00e9 totalmente centrado em especialistas, com excessiva gera\u00e7\u00e3o de exames e de alt\u00edssimo custo. Estamos n\u00e3o s\u00f3 resgatando o conceito do m\u00e9dico da fam\u00edlia, mas ampliando para uma abordagem pela equipe de sa\u00fade da fam\u00edlia\u0094, refor\u00e7a Lu\u00eds M\u00e1rcio Ramos, diretor executivo da FSFX.<\/p>\n<p><strong>Forma\u00e7\u00e3o diferenciada<\/strong><br \/>\n<br \/>\n<strong><img decoding=\"async\" class=\"alignright size-medium wp-image-1149\" src=\"http:\/\/www.fsfx.com.br\/usisaude\/wp-content\/uploads\/sites\/3\/2014\/10\/workshop_1-1-300x200.jpg\" alt=\"workshop_1 (1)\" width=\"300\" height=\"200\" \/><\/strong><\/p>\n<p>A Unidade de Aten\u00e7\u00e3o Prim\u00e1ria contar\u00e1 com profissionais selecionados e capacitados a partir de um rigoroso processo de sele\u00e7\u00e3o. \u0093O novo modelo nos exigiu buscar, para a maioria dos cargos, profissionais do mercado com perfil diferente daqueles que j\u00e1 atuam nas demais unidades assistenciais do hospital, e com comprometimento integral e exclusivo para os novos servi\u00e7os oferecidos\u0094, explica Cl\u00e1udia Denize Batista, gerente de Recursos Humanos. Para isso, diversos candidatos foram pr\u00e9-selecionados por meio do banco de curr\u00edculos da Funda\u00e7\u00e3o. Eles ainda precisam encarar, como pr\u00e9-requisito, o Programa Internacional de Forma\u00e7\u00e3o em Aten\u00e7\u00e3o Prim\u00e1ria da FSFX, iniciado com o Workshop e que seguir\u00e1 at\u00e9 novembro.<\/p>\n<p>O curso de aperfei\u00e7oamento \u00e9 composto por nove m\u00f3dulos presenciais e educa\u00e7\u00e3o \u00e0 dist\u00e2ncia. Na \u00faltima semana, as primeiras 32 horas do programa foram ministradas pelo Dr. Rob Janett, especialista em aten\u00e7\u00e3o prim\u00e1ria, chefe de uma das 12 unidades de aten\u00e7\u00e3o prim\u00e1ria do Cambridge Health Alliance (CHA) e diretor da Mount Auburn Cambridge Independent Practice Association (MACIPA), em Boston; e pelo Dr. Paulo Borem, integrante do corpo docente do Institute for Healthcare Improvement (IHI) de Boston.<\/p>\n","protected":false},"excerpt":{"rendered":"<p>A Funda\u00e7\u00e3o S\u00e3o Francisco Xavier (FSFX) apresentou um modelo de atendimento diferenciado para benefici\u00e1rios de sua operadora de planos Usisa\u00fade que vivem no Vale do A\u00e7o, com a cria\u00e7\u00e3o da Unidade de Aten\u00e7\u00e3o Prim\u00e1ria \u0096 Dr. Rob Janett. O nome \u00e9 uma homenagem ao professor da Harvard Medical School, que passou esta \u00faltima semana em [&hellip;]<\/p>\n","protected":false},"author":2,"featured_media":0,"comment_status":"open","ping_status":"open","sticky":false,"template":"","format":"standard","meta":{"_acf_changed":false,"site-sidebar-layout":"default","site-content-layout":"","ast-site-content-layout":"default","site-content-style":"default","site-sidebar-style":"default","ast-global-header-display":"","ast-banner-title-visibility":"","ast-main-header-display":"","ast-hfb-above-header-display":"","ast-hfb-below-header-display":"","ast-hfb-mobile-header-display":"","site-post-title":"","ast-breadcrumbs-content":"","ast-featured-img":"","footer-sml-layout":"","theme-transparent-header-meta":"","adv-header-id-meta":"","stick-header-meta":"","header-above-stick-meta":"","header-main-stick-meta":"","header-below-stick-meta":"","astra-migrate-meta-layouts":"default","ast-page-background-enabled":"default","ast-page-background-meta":{"desktop":{"background-color":"var(--ast-global-color-4)","background-image":"","background-repeat":"repeat","background-position":"center center","background-size":"auto","background-attachment":"scroll","background-type":"","background-media":"","overlay-type":"","overlay-color":"","overlay-opacity":"","overlay-gradient":""},"tablet":{"background-color":"","background-image":"","background-repeat":"repeat","background-position":"center center","background-size":"auto","background-attachment":"scroll","background-type":"","background-media":"","overlay-type":"","overlay-color":"","overlay-opacity":"","overlay-gradient":""},"mobile":{"background-color":"","background-image":"","background-repeat":"repeat","background-position":"center center","background-size":"auto","background-attachment":"scroll","background-type":"","background-media":"","overlay-type":"","overlay-color":"","overlay-opacity":"","overlay-gradient":""}},"ast-content-background-meta":{"desktop":{"background-color":"var(--ast-global-color-5)","background-image":"","background-repeat":"repeat","background-position":"center center","background-size":"auto","background-attachment":"scroll","background-type":"","background-media":"","overlay-type":"","overlay-color":"","overlay-opacity":"","overlay-gradient":""},"tablet":{"background-color":"var(--ast-global-color-5)","background-image":"","background-repeat":"repeat","background-position":"center center","background-size":"auto","background-attachment":"scroll","background-type":"","background-media":"","overlay-type":"","overlay-color":"","overlay-opacity":"","overlay-gradient":""},"mobile":{"background-color":"var(--ast-global-color-5)","background-image":"","background-repeat":"repeat","background-position":"center center","background-size":"auto","background-attachment":"scroll","background-type":"","background-media":"","overlay-type":"","overlay-color":"","overlay-opacity":"","overlay-gradient":""}},"footnotes":""},"categories":[1],"tags":[],"class_list":["post-7134","post","type-post","status-publish","format-standard","hentry","category-sem-categoria"],"acf":[],"yoast_head":"<!-- This site is optimized with the Yoast SEO plugin v26.9 - https:\/\/yoast.com\/product\/yoast-seo-wordpress\/ -->\n<title>FSFX lan\u00e7a unidade modelo em Aten\u00e7\u00e3o Prim\u00e1ria no Vale do A\u00e7o - Hospital M\u00e1rcio Cunha<\/title>\n<meta name=\"robots\" content=\"index, follow, max-snippet:-1, max-image-preview:large, max-video-preview:-1\" \/>\n<link rel=\"canonical\" href=\"https:\/\/www.fsfx.com.br\/hospital-marcio-cunha\/fsfx-lanca-unidade-modelo-em-atencao-primaria-no-vale-do-aco\/\" \/>\n<meta property=\"og:locale\" content=\"pt_BR\" \/>\n<meta property=\"og:type\" content=\"article\" \/>\n<meta property=\"og:title\" content=\"FSFX lan\u00e7a unidade modelo em Aten\u00e7\u00e3o Prim\u00e1ria no Vale do A\u00e7o - Hospital M\u00e1rcio Cunha\" \/>\n<meta property=\"og:description\" content=\"A Funda\u00e7\u00e3o S\u00e3o Francisco Xavier (FSFX) apresentou um modelo de atendimento diferenciado para benefici\u00e1rios de sua operadora de planos Usisa\u00fade que vivem no Vale do A\u00e7o, com a cria\u00e7\u00e3o da Unidade de Aten\u00e7\u00e3o Prim\u00e1ria \u0096 Dr. Rob Janett. O nome \u00e9 uma homenagem ao professor da Harvard Medical School, que passou esta \u00faltima semana em [&hellip;]\" \/>\n<meta property=\"og:url\" content=\"https:\/\/www.fsfx.com.br\/hospital-marcio-cunha\/fsfx-lanca-unidade-modelo-em-atencao-primaria-no-vale-do-aco\/\" \/>\n<meta property=\"og:site_name\" content=\"Hospital M\u00e1rcio Cunha\" \/>\n<meta property=\"article:published_time\" content=\"2020-05-06T17:43:52+00:00\" \/>\n<meta property=\"og:image\" content=\"http:\/\/www.fsfx.com.br\/usisaude\/wp-content\/uploads\/sites\/3\/2014\/10\/workshop_2.jpg\" \/>\n<meta name=\"author\" content=\"claudio\" \/>\n<meta name=\"twitter:card\" content=\"summary_large_image\" \/>\n<meta name=\"twitter:label1\" content=\"Escrito por\" \/>\n\t<meta name=\"twitter:data1\" content=\"claudio\" \/>\n\t<meta name=\"twitter:label2\" content=\"Est. tempo de leitura\" \/>\n\t<meta name=\"twitter:data2\" content=\"3 minutos\" \/>\n<script type=\"application\/ld+json\" class=\"yoast-schema-graph\">{\"@context\":\"https:\/\/schema.org\",\"@graph\":[{\"@type\":\"Article\",\"@id\":\"https:\/\/www.fsfx.com.br\/hospital-marcio-cunha\/fsfx-lanca-unidade-modelo-em-atencao-primaria-no-vale-do-aco\/#article\",\"isPartOf\":{\"@id\":\"https:\/\/www.fsfx.com.br\/hospital-marcio-cunha\/fsfx-lanca-unidade-modelo-em-atencao-primaria-no-vale-do-aco\/\"},\"author\":{\"name\":\"claudio\",\"@id\":\"https:\/\/www.fsfx.com.br\/hospital-marcio-cunha\/#\/schema\/person\/7d2372fe1973398ab20a060bbb9a87d8\"},\"headline\":\"FSFX lan\u00e7a unidade modelo em Aten\u00e7\u00e3o Prim\u00e1ria no Vale do A\u00e7o\",\"datePublished\":\"2020-05-06T17:43:52+00:00\",\"mainEntityOfPage\":{\"@id\":\"https:\/\/www.fsfx.com.br\/hospital-marcio-cunha\/fsfx-lanca-unidade-modelo-em-atencao-primaria-no-vale-do-aco\/\"},\"wordCount\":662,\"commentCount\":0,\"publisher\":{\"@id\":\"https:\/\/www.fsfx.com.br\/hospital-marcio-cunha\/#organization\"},\"image\":{\"@id\":\"https:\/\/www.fsfx.com.br\/hospital-marcio-cunha\/fsfx-lanca-unidade-modelo-em-atencao-primaria-no-vale-do-aco\/#primaryimage\"},\"thumbnailUrl\":\"http:\/\/www.fsfx.com.br\/usisaude\/wp-content\/uploads\/sites\/3\/2014\/10\/workshop_2.jpg\",\"inLanguage\":\"pt-BR\",\"potentialAction\":[{\"@type\":\"CommentAction\",\"name\":\"Comment\",\"target\":[\"https:\/\/www.fsfx.com.br\/hospital-marcio-cunha\/fsfx-lanca-unidade-modelo-em-atencao-primaria-no-vale-do-aco\/#respond\"]}]},{\"@type\":\"WebPage\",\"@id\":\"https:\/\/www.fsfx.com.br\/hospital-marcio-cunha\/fsfx-lanca-unidade-modelo-em-atencao-primaria-no-vale-do-aco\/\",\"url\":\"https:\/\/www.fsfx.com.br\/hospital-marcio-cunha\/fsfx-lanca-unidade-modelo-em-atencao-primaria-no-vale-do-aco\/\",\"name\":\"FSFX lan\u00e7a unidade modelo em Aten\u00e7\u00e3o Prim\u00e1ria no Vale do A\u00e7o - Hospital M\u00e1rcio Cunha\",\"isPartOf\":{\"@id\":\"https:\/\/www.fsfx.com.br\/hospital-marcio-cunha\/#website\"},\"primaryImageOfPage\":{\"@id\":\"https:\/\/www.fsfx.com.br\/hospital-marcio-cunha\/fsfx-lanca-unidade-modelo-em-atencao-primaria-no-vale-do-aco\/#primaryimage\"},\"image\":{\"@id\":\"https:\/\/www.fsfx.com.br\/hospital-marcio-cunha\/fsfx-lanca-unidade-modelo-em-atencao-primaria-no-vale-do-aco\/#primaryimage\"},\"thumbnailUrl\":\"http:\/\/www.fsfx.com.br\/usisaude\/wp-content\/uploads\/sites\/3\/2014\/10\/workshop_2.jpg\",\"datePublished\":\"2020-05-06T17:43:52+00:00\",\"breadcrumb\":{\"@id\":\"https:\/\/www.fsfx.com.br\/hospital-marcio-cunha\/fsfx-lanca-unidade-modelo-em-atencao-primaria-no-vale-do-aco\/#breadcrumb\"},\"inLanguage\":\"pt-BR\",\"potentialAction\":[{\"@type\":\"ReadAction\",\"target\":[\"https:\/\/www.fsfx.com.br\/hospital-marcio-cunha\/fsfx-lanca-unidade-modelo-em-atencao-primaria-no-vale-do-aco\/\"]}]},{\"@type\":\"ImageObject\",\"inLanguage\":\"pt-BR\",\"@id\":\"https:\/\/www.fsfx.com.br\/hospital-marcio-cunha\/fsfx-lanca-unidade-modelo-em-atencao-primaria-no-vale-do-aco\/#primaryimage\",\"url\":\"http:\/\/www.fsfx.com.br\/usisaude\/wp-content\/uploads\/sites\/3\/2014\/10\/workshop_2.jpg\",\"contentUrl\":\"http:\/\/www.fsfx.com.br\/usisaude\/wp-content\/uploads\/sites\/3\/2014\/10\/workshop_2.jpg\"},{\"@type\":\"BreadcrumbList\",\"@id\":\"https:\/\/www.fsfx.com.br\/hospital-marcio-cunha\/fsfx-lanca-unidade-modelo-em-atencao-primaria-no-vale-do-aco\/#breadcrumb\",\"itemListElement\":[{\"@type\":\"ListItem\",\"position\":1,\"name\":\"In\u00edcio\",\"item\":\"https:\/\/www.fsfx.com.br\/hospital-marcio-cunha\/\"},{\"@type\":\"ListItem\",\"position\":2,\"name\":\"FSFX lan\u00e7a unidade modelo em Aten\u00e7\u00e3o Prim\u00e1ria no Vale do A\u00e7o\"}]},{\"@type\":\"WebSite\",\"@id\":\"https:\/\/www.fsfx.com.br\/hospital-marcio-cunha\/#website\",\"url\":\"https:\/\/www.fsfx.com.br\/hospital-marcio-cunha\/\",\"name\":\"Hospital M\u00e1rcio Cunha\",\"description\":\"O Hospital M\u00e1rcio Cunha (HMC) \u00e9 um hospital geral de alta complexidade, com 558 leitos e tr\u00eas unidades, sendo uma unidade exclusiva para o tratamento oncol\u00f3gico.\",\"publisher\":{\"@id\":\"https:\/\/www.fsfx.com.br\/hospital-marcio-cunha\/#organization\"},\"potentialAction\":[{\"@type\":\"SearchAction\",\"target\":{\"@type\":\"EntryPoint\",\"urlTemplate\":\"https:\/\/www.fsfx.com.br\/hospital-marcio-cunha\/?s={search_term_string}\"},\"query-input\":{\"@type\":\"PropertyValueSpecification\",\"valueRequired\":true,\"valueName\":\"search_term_string\"}}],\"inLanguage\":\"pt-BR\"},{\"@type\":\"Organization\",\"@id\":\"https:\/\/www.fsfx.com.br\/hospital-marcio-cunha\/#organization\",\"name\":\"HMC - Hospital M\u00e1rcio Cunha\",\"url\":\"https:\/\/www.fsfx.com.br\/hospital-marcio-cunha\/\",\"logo\":{\"@type\":\"ImageObject\",\"inLanguage\":\"pt-BR\",\"@id\":\"https:\/\/www.fsfx.com.br\/hospital-marcio-cunha\/#\/schema\/logo\/image\/\",\"url\":\"https:\/\/www.fsfx.com.br\/hospital-marcio-cunha\/wp-content\/uploads\/sites\/9\/2022\/04\/logo-hmc-color.png\",\"contentUrl\":\"https:\/\/www.fsfx.com.br\/hospital-marcio-cunha\/wp-content\/uploads\/sites\/9\/2022\/04\/logo-hmc-color.png\",\"width\":264,\"height\":59,\"caption\":\"HMC - Hospital M\u00e1rcio Cunha\"},\"image\":{\"@id\":\"https:\/\/www.fsfx.com.br\/hospital-marcio-cunha\/#\/schema\/logo\/image\/\"}},{\"@type\":\"Person\",\"@id\":\"https:\/\/www.fsfx.com.br\/hospital-marcio-cunha\/#\/schema\/person\/7d2372fe1973398ab20a060bbb9a87d8\",\"name\":\"claudio\",\"image\":{\"@type\":\"ImageObject\",\"inLanguage\":\"pt-BR\",\"@id\":\"https:\/\/www.fsfx.com.br\/hospital-marcio-cunha\/#\/schema\/person\/image\/\",\"url\":\"https:\/\/secure.gravatar.com\/avatar\/724caacf0f2f073275cb3689c577e73e87e40150b1ffd648a67445e75aa7ff03?s=96&d=mm&r=g\",\"contentUrl\":\"https:\/\/secure.gravatar.com\/avatar\/724caacf0f2f073275cb3689c577e73e87e40150b1ffd648a67445e75aa7ff03?s=96&d=mm&r=g\",\"caption\":\"claudio\"},\"url\":\"https:\/\/www.fsfx.com.br\/hospital-marcio-cunha\/author\/claudio\/\"}]}<\/script>\n<!-- \/ Yoast SEO plugin. -->","yoast_head_json":{"title":"FSFX lan\u00e7a unidade modelo em Aten\u00e7\u00e3o Prim\u00e1ria no Vale do A\u00e7o - Hospital M\u00e1rcio Cunha","robots":{"index":"index","follow":"follow","max-snippet":"max-snippet:-1","max-image-preview":"max-image-preview:large","max-video-preview":"max-video-preview:-1"},"canonical":"https:\/\/www.fsfx.com.br\/hospital-marcio-cunha\/fsfx-lanca-unidade-modelo-em-atencao-primaria-no-vale-do-aco\/","og_locale":"pt_BR","og_type":"article","og_title":"FSFX lan\u00e7a unidade modelo em Aten\u00e7\u00e3o Prim\u00e1ria no Vale do A\u00e7o - Hospital M\u00e1rcio Cunha","og_description":"A Funda\u00e7\u00e3o S\u00e3o Francisco Xavier (FSFX) apresentou um modelo de atendimento diferenciado para benefici\u00e1rios de sua operadora de planos Usisa\u00fade que vivem no Vale do A\u00e7o, com a cria\u00e7\u00e3o da Unidade de Aten\u00e7\u00e3o Prim\u00e1ria \u0096 Dr. Rob Janett. O nome \u00e9 uma homenagem ao professor da Harvard Medical School, que passou esta \u00faltima semana em [&hellip;]","og_url":"https:\/\/www.fsfx.com.br\/hospital-marcio-cunha\/fsfx-lanca-unidade-modelo-em-atencao-primaria-no-vale-do-aco\/","og_site_name":"Hospital M\u00e1rcio Cunha","article_published_time":"2020-05-06T17:43:52+00:00","og_image":[{"url":"http:\/\/www.fsfx.com.br\/usisaude\/wp-content\/uploads\/sites\/3\/2014\/10\/workshop_2.jpg","type":"","width":"","height":""}],"author":"claudio","twitter_card":"summary_large_image","twitter_misc":{"Escrito por":"claudio","Est. tempo de leitura":"3 minutos"},"schema":{"@context":"https:\/\/schema.org","@graph":[{"@type":"Article","@id":"https:\/\/www.fsfx.com.br\/hospital-marcio-cunha\/fsfx-lanca-unidade-modelo-em-atencao-primaria-no-vale-do-aco\/#article","isPartOf":{"@id":"https:\/\/www.fsfx.com.br\/hospital-marcio-cunha\/fsfx-lanca-unidade-modelo-em-atencao-primaria-no-vale-do-aco\/"},"author":{"name":"claudio","@id":"https:\/\/www.fsfx.com.br\/hospital-marcio-cunha\/#\/schema\/person\/7d2372fe1973398ab20a060bbb9a87d8"},"headline":"FSFX lan\u00e7a unidade modelo em Aten\u00e7\u00e3o Prim\u00e1ria no Vale do A\u00e7o","datePublished":"2020-05-06T17:43:52+00:00","mainEntityOfPage":{"@id":"https:\/\/www.fsfx.com.br\/hospital-marcio-cunha\/fsfx-lanca-unidade-modelo-em-atencao-primaria-no-vale-do-aco\/"},"wordCount":662,"commentCount":0,"publisher":{"@id":"https:\/\/www.fsfx.com.br\/hospital-marcio-cunha\/#organization"},"image":{"@id":"https:\/\/www.fsfx.com.br\/hospital-marcio-cunha\/fsfx-lanca-unidade-modelo-em-atencao-primaria-no-vale-do-aco\/#primaryimage"},"thumbnailUrl":"http:\/\/www.fsfx.com.br\/usisaude\/wp-content\/uploads\/sites\/3\/2014\/10\/workshop_2.jpg","inLanguage":"pt-BR","potentialAction":[{"@type":"CommentAction","name":"Comment","target":["https:\/\/www.fsfx.com.br\/hospital-marcio-cunha\/fsfx-lanca-unidade-modelo-em-atencao-primaria-no-vale-do-aco\/#respond"]}]},{"@type":"WebPage","@id":"https:\/\/www.fsfx.com.br\/hospital-marcio-cunha\/fsfx-lanca-unidade-modelo-em-atencao-primaria-no-vale-do-aco\/","url":"https:\/\/www.fsfx.com.br\/hospital-marcio-cunha\/fsfx-lanca-unidade-modelo-em-atencao-primaria-no-vale-do-aco\/","name":"FSFX lan\u00e7a unidade modelo em Aten\u00e7\u00e3o Prim\u00e1ria no Vale do A\u00e7o - Hospital M\u00e1rcio Cunha","isPartOf":{"@id":"https:\/\/www.fsfx.com.br\/hospital-marcio-cunha\/#website"},"primaryImageOfPage":{"@id":"https:\/\/www.fsfx.com.br\/hospital-marcio-cunha\/fsfx-lanca-unidade-modelo-em-atencao-primaria-no-vale-do-aco\/#primaryimage"},"image":{"@id":"https:\/\/www.fsfx.com.br\/hospital-marcio-cunha\/fsfx-lanca-unidade-modelo-em-atencao-primaria-no-vale-do-aco\/#primaryimage"},"thumbnailUrl":"http:\/\/www.fsfx.com.br\/usisaude\/wp-content\/uploads\/sites\/3\/2014\/10\/workshop_2.jpg","datePublished":"2020-05-06T17:43:52+00:00","breadcrumb":{"@id":"https:\/\/www.fsfx.com.br\/hospital-marcio-cunha\/fsfx-lanca-unidade-modelo-em-atencao-primaria-no-vale-do-aco\/#breadcrumb"},"inLanguage":"pt-BR","potentialAction":[{"@type":"ReadAction","target":["https:\/\/www.fsfx.com.br\/hospital-marcio-cunha\/fsfx-lanca-unidade-modelo-em-atencao-primaria-no-vale-do-aco\/"]}]},{"@type":"ImageObject","inLanguage":"pt-BR","@id":"https:\/\/www.fsfx.com.br\/hospital-marcio-cunha\/fsfx-lanca-unidade-modelo-em-atencao-primaria-no-vale-do-aco\/#primaryimage","url":"http:\/\/www.fsfx.com.br\/usisaude\/wp-content\/uploads\/sites\/3\/2014\/10\/workshop_2.jpg","contentUrl":"http:\/\/www.fsfx.com.br\/usisaude\/wp-content\/uploads\/sites\/3\/2014\/10\/workshop_2.jpg"},{"@type":"BreadcrumbList","@id":"https:\/\/www.fsfx.com.br\/hospital-marcio-cunha\/fsfx-lanca-unidade-modelo-em-atencao-primaria-no-vale-do-aco\/#breadcrumb","itemListElement":[{"@type":"ListItem","position":1,"name":"In\u00edcio","item":"https:\/\/www.fsfx.com.br\/hospital-marcio-cunha\/"},{"@type":"ListItem","position":2,"name":"FSFX lan\u00e7a unidade modelo em Aten\u00e7\u00e3o Prim\u00e1ria no Vale do A\u00e7o"}]},{"@type":"WebSite","@id":"https:\/\/www.fsfx.com.br\/hospital-marcio-cunha\/#website","url":"https:\/\/www.fsfx.com.br\/hospital-marcio-cunha\/","name":"Hospital M\u00e1rcio Cunha","description":"O Hospital M\u00e1rcio Cunha (HMC) \u00e9 um hospital geral de alta complexidade, com 558 leitos e tr\u00eas unidades, sendo uma unidade exclusiva para o tratamento oncol\u00f3gico.","publisher":{"@id":"https:\/\/www.fsfx.com.br\/hospital-marcio-cunha\/#organization"},"potentialAction":[{"@type":"SearchAction","target":{"@type":"EntryPoint","urlTemplate":"https:\/\/www.fsfx.com.br\/hospital-marcio-cunha\/?s={search_term_string}"},"query-input":{"@type":"PropertyValueSpecification","valueRequired":true,"valueName":"search_term_string"}}],"inLanguage":"pt-BR"},{"@type":"Organization","@id":"https:\/\/www.fsfx.com.br\/hospital-marcio-cunha\/#organization","name":"HMC - Hospital M\u00e1rcio Cunha","url":"https:\/\/www.fsfx.com.br\/hospital-marcio-cunha\/","logo":{"@type":"ImageObject","inLanguage":"pt-BR","@id":"https:\/\/www.fsfx.com.br\/hospital-marcio-cunha\/#\/schema\/logo\/image\/","url":"https:\/\/www.fsfx.com.br\/hospital-marcio-cunha\/wp-content\/uploads\/sites\/9\/2022\/04\/logo-hmc-color.png","contentUrl":"https:\/\/www.fsfx.com.br\/hospital-marcio-cunha\/wp-content\/uploads\/sites\/9\/2022\/04\/logo-hmc-color.png","width":264,"height":59,"caption":"HMC - Hospital M\u00e1rcio Cunha"},"image":{"@id":"https:\/\/www.fsfx.com.br\/hospital-marcio-cunha\/#\/schema\/logo\/image\/"}},{"@type":"Person","@id":"https:\/\/www.fsfx.com.br\/hospital-marcio-cunha\/#\/schema\/person\/7d2372fe1973398ab20a060bbb9a87d8","name":"claudio","image":{"@type":"ImageObject","inLanguage":"pt-BR","@id":"https:\/\/www.fsfx.com.br\/hospital-marcio-cunha\/#\/schema\/person\/image\/","url":"https:\/\/secure.gravatar.com\/avatar\/724caacf0f2f073275cb3689c577e73e87e40150b1ffd648a67445e75aa7ff03?s=96&d=mm&r=g","contentUrl":"https:\/\/secure.gravatar.com\/avatar\/724caacf0f2f073275cb3689c577e73e87e40150b1ffd648a67445e75aa7ff03?s=96&d=mm&r=g","caption":"claudio"},"url":"https:\/\/www.fsfx.com.br\/hospital-marcio-cunha\/author\/claudio\/"}]}},"_links":{"self":[{"href":"https:\/\/www.fsfx.com.br\/hospital-marcio-cunha\/wp-json\/wp\/v2\/posts\/7134","targetHints":{"allow":["GET"]}}],"collection":[{"href":"https:\/\/www.fsfx.com.br\/hospital-marcio-cunha\/wp-json\/wp\/v2\/posts"}],"about":[{"href":"https:\/\/www.fsfx.com.br\/hospital-marcio-cunha\/wp-json\/wp\/v2\/types\/post"}],"author":[{"embeddable":true,"href":"https:\/\/www.fsfx.com.br\/hospital-marcio-cunha\/wp-json\/wp\/v2\/users\/2"}],"replies":[{"embeddable":true,"href":"https:\/\/www.fsfx.com.br\/hospital-marcio-cunha\/wp-json\/wp\/v2\/comments?post=7134"}],"version-history":[{"count":0,"href":"https:\/\/www.fsfx.com.br\/hospital-marcio-cunha\/wp-json\/wp\/v2\/posts\/7134\/revisions"}],"wp:attachment":[{"href":"https:\/\/www.fsfx.com.br\/hospital-marcio-cunha\/wp-json\/wp\/v2\/media?parent=7134"}],"wp:term":[{"taxonomy":"category","embeddable":true,"href":"https:\/\/www.fsfx.com.br\/hospital-marcio-cunha\/wp-json\/wp\/v2\/categories?post=7134"},{"taxonomy":"post_tag","embeddable":true,"href":"https:\/\/www.fsfx.com.br\/hospital-marcio-cunha\/wp-json\/wp\/v2\/tags?post=7134"}],"curies":[{"name":"wp","href":"https:\/\/api.w.org\/{rel}","templated":true}]}}