{"id":7139,"date":"2020-05-06T15:20:46","date_gmt":"2020-05-06T18:20:46","guid":{"rendered":"http:\/\/fsfx.com.br\/\/hmc\/2020\/05\/06\/alteracao-dos-servicos-da-usisaude-e-vita-em-razao-do-coronavirus-2\/"},"modified":"2020-05-06T15:20:46","modified_gmt":"2020-05-06T18:20:46","slug":"alteracao-dos-servicos-da-usisaude-e-vita-em-razao-do-coronavirus-2","status":"publish","type":"post","link":"https:\/\/www.fsfx.com.br\/hospital-marcio-cunha\/alteracao-dos-servicos-da-usisaude-e-vita-em-razao-do-coronavirus-2\/","title":{"rendered":"Altera\u00e7\u00e3o dos servi\u00e7os  da Usisa\u00fade e Vita em raz\u00e3o do Coronav\u00edrus."},"content":{"rendered":"<p><strong>USISA\u00daDE<\/strong><\/p>\n<p><strong>Atendimento Unidades do Usifam\u00edlia em todas as regi\u00f5es:<\/strong><\/p>\n<p>\u0096O funcionamento das unidades continua normal com prioridade para os casos agudos e sintom\u00e1ticos de COVID-19.<\/p>\n<p>\u0096Estamos recomendando o cancelamento de consultas de rotina aos benefici\u00e1rios para evitar exposi\u00e7\u00e3o e aglomera\u00e7\u00f5es.<\/p>\n<p>\u0096Canal de contato para informa\u00e7\u00f5es sobre o Coronav\u00edrus, com o atendimento feito por profissionais da sa\u00fade:<\/p>\n<p>\u00a7Para clientes das empresas Usiminas e FSFX: 31 98283-0603 (WhatsApp)<\/p>\n<p>\u00a7Para clientes de outros planos Usisa\u00fade: 0800 772 8999 (Liga\u00e7\u00e3o gratuita)<\/p>\n<p>\u0096Os pacientes sintom\u00e1ticos receber\u00e3o contato telef\u00f4nico da equipe a cada dois dias para avalia\u00e7\u00e3o dos sintomas e conforme crit\u00e9rios m\u00e9dicos poder\u00e3o receber visita domiciliar.<\/p>\n<p><strong>Hor\u00e1rios de funcionamento:<\/strong><\/p>\n<p><strong>&gt;&gt; Santos\/SP<\/strong><br \/><strong>Unidade Campo Grande&nbsp;<\/strong><br \/>Segunda a Sexta, de 8h as 17h<\/p>\n<p><strong>Unidade Ana Costa<\/strong><br \/>Quarta de 8h as 20h&nbsp; \/\/&nbsp; Segunda, ter\u00e7a, quinta e sexta, de 8h as 17h<br \/>S\u00e1bado, dia 25\/04, com atendimento de 8h as 12h<\/p>\n<p><strong>Usifamilia Cubat\u00e3o\/SP<\/strong><br \/>Os atendimentos foram remanejados para as unidades de Santos<\/p>\n<p><strong>&gt;&gt; Minas Gerais<\/strong><br \/><strong>Unidade de Belo Horizonte<\/strong><br \/>Segunda a Sexta, de 8h as 18h<\/p>\n<p><strong>Unidade Bom Retiro &#8211; Ipatinga&nbsp;<\/strong><br \/>Segunda a sexta de 7h30 as 22h e s\u00e1bado de 9 as 18h<\/p>\n<p><strong>Unidades Usifam\u00edlia do bairro Cana\u00e3 em Ipatinga, Coronel Fabriciano e Tim\u00f3teo<\/strong><br \/>Segunda a sexta de 7h30 as 20h&nbsp; \/\/&nbsp; S\u00e1bado de 7h30 as 12h<\/p>\n<p>&nbsp;<\/p>\n<p><strong>Funcionamento das Lojas e Centros de Atendimento ao Cliente Usisa\u00fade:<\/strong><\/p>\n<p>\u0096Loja Usisa\u00fade Ipatinga (bairro Centro), Tim\u00f3teo (bairro Funcion\u00e1rios ), Ita\u00fana&nbsp; e Jo\u00e3o Monlevade encontram-se fechadas;<\/p>\n<p>As Lojas e Centros de Atendimento ao Cliente localizados em: Ipatinga (Hospital M\u00e1rcio Cunha), Itabira, Belo Horizonte e Santos continuam funcionando normalmente.<\/p>\n<p><strong>Refor\u00e7amos que os servi\u00e7os de atendimento ao cliente e vendas de planos de sa\u00fade podem ser solicitados pelo 0800 283 0040.<\/strong><\/p>\n<p>&nbsp;<\/p>\n<p><strong>VITA OCUPACIONAL<\/strong><\/p>\n<p><strong>UNIDADE BOM RETIRO<\/strong><\/p>\n<p>\u0096A equipe administrativa estar\u00e1 reduzida e em escala de revezamento para atendimento, caso necess\u00e1rio urg\u00eancia, entrar em contato pelos n\u00fameros:<\/p>\n<p>(31) 98422-7611 (Demais contratos)<\/p>\n<p>(31) 98425-5012 (Contrato Usiminas)<\/p>\n<p>(31) 98431-0462 (Assist\u00eancia ao cliente)<\/p>\n<p>\u0096O hor\u00e1rio de funcionamento da unidade ser\u00e1 das 7h \u00e0s 17h.<\/p>\n<p>\u0096As agendas estar\u00e3o com atendimentos reduzidos para exames admissionais, demissionais e retorno ao trabalho. Os peri\u00f3dicos, mudan\u00e7a de fun\u00e7\u00e3o e atendimentos com especialistas das empresas de contrato Usiminas est\u00e3o suspensos. Os demais permanecer\u00e3o conforme disponibilidade de agenda.<\/p>\n<p>\u0096Os atestados m\u00e9dicos ser\u00e3o apenas recolhidos na recep\u00e7\u00e3o da unidade, n\u00e3o havendo necessidade de senha.<\/p>\n<p>&nbsp;<\/p>\n<p><strong>UNIDADE TIM\u00d3TEO<\/strong><\/p>\n<p>\u0096A equipe administrativa estar\u00e1 em atendimento, caso necess\u00e1rio urg\u00eancia, entrar em contato pelo n\u00famero:&nbsp;(31) 98414-9308 e (31) 98431-0462 (Assist\u00eancia ao cliente).<\/p>\n<p>\u0096O hor\u00e1rio de funcionamento da unidade ser\u00e1 das 7h \u00e0s 17h.<\/p>\n<p>\u0096As agendas estar\u00e3o com atendimentos reduzidos para exames admissionais, demissionais e retorno ao trabalho. Os peri\u00f3dicos, mudan\u00e7a de fun\u00e7\u00e3o e atendimentos com especialistas das empresas de contrato Usiminas est\u00e3o suspensos. Os demais permanecer\u00e3o conforme disponibilidade de agenda.<\/p>\n<p>\u0096Os atestados m\u00e9dicos ser\u00e3o apenas recolhidos pela equipe de sa\u00fade ocupacional da unidade, n\u00e3o havendo necessidade de senha.<\/p>\n","protected":false},"excerpt":{"rendered":"<p>USISA\u00daDE Atendimento Unidades do Usifam\u00edlia em todas as regi\u00f5es: \u0096O funcionamento das unidades continua normal com prioridade para os casos agudos e sintom\u00e1ticos de COVID-19. \u0096Estamos recomendando o cancelamento de consultas de rotina aos benefici\u00e1rios para evitar exposi\u00e7\u00e3o e aglomera\u00e7\u00f5es. \u0096Canal de contato para informa\u00e7\u00f5es sobre o Coronav\u00edrus, com o atendimento feito por profissionais da [&hellip;]<\/p>\n","protected":false},"author":2,"featured_media":0,"comment_status":"open","ping_status":"open","sticky":false,"template":"","format":"standard","meta":{"_acf_changed":false,"site-sidebar-layout":"default","site-content-layout":"","ast-site-content-layout":"default","site-content-style":"default","site-sidebar-style":"default","ast-global-header-display":"","ast-banner-title-visibility":"","ast-main-header-display":"","ast-hfb-above-header-display":"","ast-hfb-below-header-display":"","ast-hfb-mobile-header-display":"","site-post-title":"","ast-breadcrumbs-content":"","ast-featured-img":"","footer-sml-layout":"","theme-transparent-header-meta":"","adv-header-id-meta":"","stick-header-meta":"","header-above-stick-meta":"","header-main-stick-meta":"","header-below-stick-meta":"","astra-migrate-meta-layouts":"default","ast-page-background-enabled":"default","ast-page-background-meta":{"desktop":{"background-color":"var(--ast-global-color-4)","background-image":"","background-repeat":"repeat","background-position":"center center","background-size":"auto","background-attachment":"scroll","background-type":"","background-media":"","overlay-type":"","overlay-color":"","overlay-opacity":"","overlay-gradient":""},"tablet":{"background-color":"","background-image":"","background-repeat":"repeat","background-position":"center center","background-size":"auto","background-attachment":"scroll","background-type":"","background-media":"","overlay-type":"","overlay-color":"","overlay-opacity":"","overlay-gradient":""},"mobile":{"background-color":"","background-image":"","background-repeat":"repeat","background-position":"center center","background-size":"auto","background-attachment":"scroll","background-type":"","background-media":"","overlay-type":"","overlay-color":"","overlay-opacity":"","overlay-gradient":""}},"ast-content-background-meta":{"desktop":{"background-color":"var(--ast-global-color-5)","background-image":"","background-repeat":"repeat","background-position":"center center","background-size":"auto","background-attachment":"scroll","background-type":"","background-media":"","overlay-type":"","overlay-color":"","overlay-opacity":"","overlay-gradient":""},"tablet":{"background-color":"var(--ast-global-color-5)","background-image":"","background-repeat":"repeat","background-position":"center center","background-size":"auto","background-attachment":"scroll","background-type":"","background-media":"","overlay-type":"","overlay-color":"","overlay-opacity":"","overlay-gradient":""},"mobile":{"background-color":"var(--ast-global-color-5)","background-image":"","background-repeat":"repeat","background-position":"center center","background-size":"auto","background-attachment":"scroll","background-type":"","background-media":"","overlay-type":"","overlay-color":"","overlay-opacity":"","overlay-gradient":""}},"footnotes":""},"categories":[1],"tags":[],"class_list":["post-7139","post","type-post","status-publish","format-standard","hentry","category-sem-categoria"],"acf":[],"yoast_head":"<!-- This site is optimized with the Yoast SEO plugin v26.9 - https:\/\/yoast.com\/product\/yoast-seo-wordpress\/ -->\n<title>Altera\u00e7\u00e3o dos servi\u00e7os da Usisa\u00fade e Vita em raz\u00e3o do Coronav\u00edrus. - Hospital M\u00e1rcio Cunha<\/title>\n<meta name=\"robots\" content=\"index, follow, max-snippet:-1, max-image-preview:large, max-video-preview:-1\" \/>\n<link rel=\"canonical\" href=\"https:\/\/www.fsfx.com.br\/hospital-marcio-cunha\/alteracao-dos-servicos-da-usisaude-e-vita-em-razao-do-coronavirus-2\/\" \/>\n<meta property=\"og:locale\" content=\"pt_BR\" \/>\n<meta property=\"og:type\" content=\"article\" \/>\n<meta property=\"og:title\" content=\"Altera\u00e7\u00e3o dos servi\u00e7os da Usisa\u00fade e Vita em raz\u00e3o do Coronav\u00edrus. - Hospital M\u00e1rcio Cunha\" \/>\n<meta property=\"og:description\" content=\"USISA\u00daDE Atendimento Unidades do Usifam\u00edlia em todas as regi\u00f5es: \u0096O funcionamento das unidades continua normal com prioridade para os casos agudos e sintom\u00e1ticos de COVID-19. \u0096Estamos recomendando o cancelamento de consultas de rotina aos benefici\u00e1rios para evitar exposi\u00e7\u00e3o e aglomera\u00e7\u00f5es. \u0096Canal de contato para informa\u00e7\u00f5es sobre o Coronav\u00edrus, com o atendimento feito por profissionais da [&hellip;]\" \/>\n<meta property=\"og:url\" content=\"https:\/\/www.fsfx.com.br\/hospital-marcio-cunha\/alteracao-dos-servicos-da-usisaude-e-vita-em-razao-do-coronavirus-2\/\" \/>\n<meta property=\"og:site_name\" content=\"Hospital M\u00e1rcio Cunha\" \/>\n<meta property=\"article:published_time\" content=\"2020-05-06T18:20:46+00:00\" \/>\n<meta name=\"author\" content=\"claudio\" \/>\n<meta name=\"twitter:card\" content=\"summary_large_image\" \/>\n<meta name=\"twitter:label1\" content=\"Escrito por\" \/>\n\t<meta name=\"twitter:data1\" content=\"claudio\" \/>\n\t<meta name=\"twitter:label2\" content=\"Est. tempo de leitura\" \/>\n\t<meta name=\"twitter:data2\" content=\"3 minutos\" \/>\n<script type=\"application\/ld+json\" class=\"yoast-schema-graph\">{\"@context\":\"https:\/\/schema.org\",\"@graph\":[{\"@type\":\"Article\",\"@id\":\"https:\/\/www.fsfx.com.br\/hospital-marcio-cunha\/alteracao-dos-servicos-da-usisaude-e-vita-em-razao-do-coronavirus-2\/#article\",\"isPartOf\":{\"@id\":\"https:\/\/www.fsfx.com.br\/hospital-marcio-cunha\/alteracao-dos-servicos-da-usisaude-e-vita-em-razao-do-coronavirus-2\/\"},\"author\":{\"name\":\"claudio\",\"@id\":\"https:\/\/www.fsfx.com.br\/hospital-marcio-cunha\/#\/schema\/person\/7d2372fe1973398ab20a060bbb9a87d8\"},\"headline\":\"Altera\u00e7\u00e3o dos servi\u00e7os da Usisa\u00fade e Vita em raz\u00e3o do Coronav\u00edrus.\",\"datePublished\":\"2020-05-06T18:20:46+00:00\",\"mainEntityOfPage\":{\"@id\":\"https:\/\/www.fsfx.com.br\/hospital-marcio-cunha\/alteracao-dos-servicos-da-usisaude-e-vita-em-razao-do-coronavirus-2\/\"},\"wordCount\":550,\"commentCount\":0,\"publisher\":{\"@id\":\"https:\/\/www.fsfx.com.br\/hospital-marcio-cunha\/#organization\"},\"inLanguage\":\"pt-BR\",\"potentialAction\":[{\"@type\":\"CommentAction\",\"name\":\"Comment\",\"target\":[\"https:\/\/www.fsfx.com.br\/hospital-marcio-cunha\/alteracao-dos-servicos-da-usisaude-e-vita-em-razao-do-coronavirus-2\/#respond\"]}]},{\"@type\":\"WebPage\",\"@id\":\"https:\/\/www.fsfx.com.br\/hospital-marcio-cunha\/alteracao-dos-servicos-da-usisaude-e-vita-em-razao-do-coronavirus-2\/\",\"url\":\"https:\/\/www.fsfx.com.br\/hospital-marcio-cunha\/alteracao-dos-servicos-da-usisaude-e-vita-em-razao-do-coronavirus-2\/\",\"name\":\"Altera\u00e7\u00e3o dos servi\u00e7os da Usisa\u00fade e Vita em raz\u00e3o do Coronav\u00edrus. - Hospital M\u00e1rcio Cunha\",\"isPartOf\":{\"@id\":\"https:\/\/www.fsfx.com.br\/hospital-marcio-cunha\/#website\"},\"datePublished\":\"2020-05-06T18:20:46+00:00\",\"breadcrumb\":{\"@id\":\"https:\/\/www.fsfx.com.br\/hospital-marcio-cunha\/alteracao-dos-servicos-da-usisaude-e-vita-em-razao-do-coronavirus-2\/#breadcrumb\"},\"inLanguage\":\"pt-BR\",\"potentialAction\":[{\"@type\":\"ReadAction\",\"target\":[\"https:\/\/www.fsfx.com.br\/hospital-marcio-cunha\/alteracao-dos-servicos-da-usisaude-e-vita-em-razao-do-coronavirus-2\/\"]}]},{\"@type\":\"BreadcrumbList\",\"@id\":\"https:\/\/www.fsfx.com.br\/hospital-marcio-cunha\/alteracao-dos-servicos-da-usisaude-e-vita-em-razao-do-coronavirus-2\/#breadcrumb\",\"itemListElement\":[{\"@type\":\"ListItem\",\"position\":1,\"name\":\"In\u00edcio\",\"item\":\"https:\/\/www.fsfx.com.br\/hospital-marcio-cunha\/\"},{\"@type\":\"ListItem\",\"position\":2,\"name\":\"Altera\u00e7\u00e3o dos servi\u00e7os da Usisa\u00fade e Vita em raz\u00e3o do Coronav\u00edrus.\"}]},{\"@type\":\"WebSite\",\"@id\":\"https:\/\/www.fsfx.com.br\/hospital-marcio-cunha\/#website\",\"url\":\"https:\/\/www.fsfx.com.br\/hospital-marcio-cunha\/\",\"name\":\"Hospital M\u00e1rcio Cunha\",\"description\":\"O Hospital M\u00e1rcio Cunha (HMC) \u00e9 um hospital geral de alta complexidade, com 558 leitos e tr\u00eas unidades, sendo uma unidade exclusiva para o tratamento oncol\u00f3gico.\",\"publisher\":{\"@id\":\"https:\/\/www.fsfx.com.br\/hospital-marcio-cunha\/#organization\"},\"potentialAction\":[{\"@type\":\"SearchAction\",\"target\":{\"@type\":\"EntryPoint\",\"urlTemplate\":\"https:\/\/www.fsfx.com.br\/hospital-marcio-cunha\/?s={search_term_string}\"},\"query-input\":{\"@type\":\"PropertyValueSpecification\",\"valueRequired\":true,\"valueName\":\"search_term_string\"}}],\"inLanguage\":\"pt-BR\"},{\"@type\":\"Organization\",\"@id\":\"https:\/\/www.fsfx.com.br\/hospital-marcio-cunha\/#organization\",\"name\":\"HMC - Hospital M\u00e1rcio Cunha\",\"url\":\"https:\/\/www.fsfx.com.br\/hospital-marcio-cunha\/\",\"logo\":{\"@type\":\"ImageObject\",\"inLanguage\":\"pt-BR\",\"@id\":\"https:\/\/www.fsfx.com.br\/hospital-marcio-cunha\/#\/schema\/logo\/image\/\",\"url\":\"https:\/\/www.fsfx.com.br\/hospital-marcio-cunha\/wp-content\/uploads\/sites\/9\/2022\/04\/logo-hmc-color.png\",\"contentUrl\":\"https:\/\/www.fsfx.com.br\/hospital-marcio-cunha\/wp-content\/uploads\/sites\/9\/2022\/04\/logo-hmc-color.png\",\"width\":264,\"height\":59,\"caption\":\"HMC - Hospital M\u00e1rcio Cunha\"},\"image\":{\"@id\":\"https:\/\/www.fsfx.com.br\/hospital-marcio-cunha\/#\/schema\/logo\/image\/\"}},{\"@type\":\"Person\",\"@id\":\"https:\/\/www.fsfx.com.br\/hospital-marcio-cunha\/#\/schema\/person\/7d2372fe1973398ab20a060bbb9a87d8\",\"name\":\"claudio\",\"image\":{\"@type\":\"ImageObject\",\"inLanguage\":\"pt-BR\",\"@id\":\"https:\/\/www.fsfx.com.br\/hospital-marcio-cunha\/#\/schema\/person\/image\/\",\"url\":\"https:\/\/secure.gravatar.com\/avatar\/724caacf0f2f073275cb3689c577e73e87e40150b1ffd648a67445e75aa7ff03?s=96&d=mm&r=g\",\"contentUrl\":\"https:\/\/secure.gravatar.com\/avatar\/724caacf0f2f073275cb3689c577e73e87e40150b1ffd648a67445e75aa7ff03?s=96&d=mm&r=g\",\"caption\":\"claudio\"},\"url\":\"https:\/\/www.fsfx.com.br\/hospital-marcio-cunha\/author\/claudio\/\"}]}<\/script>\n<!-- \/ Yoast SEO plugin. -->","yoast_head_json":{"title":"Altera\u00e7\u00e3o dos servi\u00e7os da Usisa\u00fade e Vita em raz\u00e3o do Coronav\u00edrus. - Hospital M\u00e1rcio Cunha","robots":{"index":"index","follow":"follow","max-snippet":"max-snippet:-1","max-image-preview":"max-image-preview:large","max-video-preview":"max-video-preview:-1"},"canonical":"https:\/\/www.fsfx.com.br\/hospital-marcio-cunha\/alteracao-dos-servicos-da-usisaude-e-vita-em-razao-do-coronavirus-2\/","og_locale":"pt_BR","og_type":"article","og_title":"Altera\u00e7\u00e3o dos servi\u00e7os da Usisa\u00fade e Vita em raz\u00e3o do Coronav\u00edrus. - Hospital M\u00e1rcio Cunha","og_description":"USISA\u00daDE Atendimento Unidades do Usifam\u00edlia em todas as regi\u00f5es: \u0096O funcionamento das unidades continua normal com prioridade para os casos agudos e sintom\u00e1ticos de COVID-19. \u0096Estamos recomendando o cancelamento de consultas de rotina aos benefici\u00e1rios para evitar exposi\u00e7\u00e3o e aglomera\u00e7\u00f5es. \u0096Canal de contato para informa\u00e7\u00f5es sobre o Coronav\u00edrus, com o atendimento feito por profissionais da [&hellip;]","og_url":"https:\/\/www.fsfx.com.br\/hospital-marcio-cunha\/alteracao-dos-servicos-da-usisaude-e-vita-em-razao-do-coronavirus-2\/","og_site_name":"Hospital M\u00e1rcio Cunha","article_published_time":"2020-05-06T18:20:46+00:00","author":"claudio","twitter_card":"summary_large_image","twitter_misc":{"Escrito por":"claudio","Est. tempo de leitura":"3 minutos"},"schema":{"@context":"https:\/\/schema.org","@graph":[{"@type":"Article","@id":"https:\/\/www.fsfx.com.br\/hospital-marcio-cunha\/alteracao-dos-servicos-da-usisaude-e-vita-em-razao-do-coronavirus-2\/#article","isPartOf":{"@id":"https:\/\/www.fsfx.com.br\/hospital-marcio-cunha\/alteracao-dos-servicos-da-usisaude-e-vita-em-razao-do-coronavirus-2\/"},"author":{"name":"claudio","@id":"https:\/\/www.fsfx.com.br\/hospital-marcio-cunha\/#\/schema\/person\/7d2372fe1973398ab20a060bbb9a87d8"},"headline":"Altera\u00e7\u00e3o dos servi\u00e7os da Usisa\u00fade e Vita em raz\u00e3o do Coronav\u00edrus.","datePublished":"2020-05-06T18:20:46+00:00","mainEntityOfPage":{"@id":"https:\/\/www.fsfx.com.br\/hospital-marcio-cunha\/alteracao-dos-servicos-da-usisaude-e-vita-em-razao-do-coronavirus-2\/"},"wordCount":550,"commentCount":0,"publisher":{"@id":"https:\/\/www.fsfx.com.br\/hospital-marcio-cunha\/#organization"},"inLanguage":"pt-BR","potentialAction":[{"@type":"CommentAction","name":"Comment","target":["https:\/\/www.fsfx.com.br\/hospital-marcio-cunha\/alteracao-dos-servicos-da-usisaude-e-vita-em-razao-do-coronavirus-2\/#respond"]}]},{"@type":"WebPage","@id":"https:\/\/www.fsfx.com.br\/hospital-marcio-cunha\/alteracao-dos-servicos-da-usisaude-e-vita-em-razao-do-coronavirus-2\/","url":"https:\/\/www.fsfx.com.br\/hospital-marcio-cunha\/alteracao-dos-servicos-da-usisaude-e-vita-em-razao-do-coronavirus-2\/","name":"Altera\u00e7\u00e3o dos servi\u00e7os da Usisa\u00fade e Vita em raz\u00e3o do Coronav\u00edrus. - Hospital M\u00e1rcio Cunha","isPartOf":{"@id":"https:\/\/www.fsfx.com.br\/hospital-marcio-cunha\/#website"},"datePublished":"2020-05-06T18:20:46+00:00","breadcrumb":{"@id":"https:\/\/www.fsfx.com.br\/hospital-marcio-cunha\/alteracao-dos-servicos-da-usisaude-e-vita-em-razao-do-coronavirus-2\/#breadcrumb"},"inLanguage":"pt-BR","potentialAction":[{"@type":"ReadAction","target":["https:\/\/www.fsfx.com.br\/hospital-marcio-cunha\/alteracao-dos-servicos-da-usisaude-e-vita-em-razao-do-coronavirus-2\/"]}]},{"@type":"BreadcrumbList","@id":"https:\/\/www.fsfx.com.br\/hospital-marcio-cunha\/alteracao-dos-servicos-da-usisaude-e-vita-em-razao-do-coronavirus-2\/#breadcrumb","itemListElement":[{"@type":"ListItem","position":1,"name":"In\u00edcio","item":"https:\/\/www.fsfx.com.br\/hospital-marcio-cunha\/"},{"@type":"ListItem","position":2,"name":"Altera\u00e7\u00e3o dos servi\u00e7os da Usisa\u00fade e Vita em raz\u00e3o do Coronav\u00edrus."}]},{"@type":"WebSite","@id":"https:\/\/www.fsfx.com.br\/hospital-marcio-cunha\/#website","url":"https:\/\/www.fsfx.com.br\/hospital-marcio-cunha\/","name":"Hospital M\u00e1rcio Cunha","description":"O Hospital M\u00e1rcio Cunha (HMC) \u00e9 um hospital geral de alta complexidade, com 558 leitos e tr\u00eas unidades, sendo uma unidade exclusiva para o tratamento oncol\u00f3gico.","publisher":{"@id":"https:\/\/www.fsfx.com.br\/hospital-marcio-cunha\/#organization"},"potentialAction":[{"@type":"SearchAction","target":{"@type":"EntryPoint","urlTemplate":"https:\/\/www.fsfx.com.br\/hospital-marcio-cunha\/?s={search_term_string}"},"query-input":{"@type":"PropertyValueSpecification","valueRequired":true,"valueName":"search_term_string"}}],"inLanguage":"pt-BR"},{"@type":"Organization","@id":"https:\/\/www.fsfx.com.br\/hospital-marcio-cunha\/#organization","name":"HMC - Hospital M\u00e1rcio Cunha","url":"https:\/\/www.fsfx.com.br\/hospital-marcio-cunha\/","logo":{"@type":"ImageObject","inLanguage":"pt-BR","@id":"https:\/\/www.fsfx.com.br\/hospital-marcio-cunha\/#\/schema\/logo\/image\/","url":"https:\/\/www.fsfx.com.br\/hospital-marcio-cunha\/wp-content\/uploads\/sites\/9\/2022\/04\/logo-hmc-color.png","contentUrl":"https:\/\/www.fsfx.com.br\/hospital-marcio-cunha\/wp-content\/uploads\/sites\/9\/2022\/04\/logo-hmc-color.png","width":264,"height":59,"caption":"HMC - Hospital M\u00e1rcio Cunha"},"image":{"@id":"https:\/\/www.fsfx.com.br\/hospital-marcio-cunha\/#\/schema\/logo\/image\/"}},{"@type":"Person","@id":"https:\/\/www.fsfx.com.br\/hospital-marcio-cunha\/#\/schema\/person\/7d2372fe1973398ab20a060bbb9a87d8","name":"claudio","image":{"@type":"ImageObject","inLanguage":"pt-BR","@id":"https:\/\/www.fsfx.com.br\/hospital-marcio-cunha\/#\/schema\/person\/image\/","url":"https:\/\/secure.gravatar.com\/avatar\/724caacf0f2f073275cb3689c577e73e87e40150b1ffd648a67445e75aa7ff03?s=96&d=mm&r=g","contentUrl":"https:\/\/secure.gravatar.com\/avatar\/724caacf0f2f073275cb3689c577e73e87e40150b1ffd648a67445e75aa7ff03?s=96&d=mm&r=g","caption":"claudio"},"url":"https:\/\/www.fsfx.com.br\/hospital-marcio-cunha\/author\/claudio\/"}]}},"_links":{"self":[{"href":"https:\/\/www.fsfx.com.br\/hospital-marcio-cunha\/wp-json\/wp\/v2\/posts\/7139","targetHints":{"allow":["GET"]}}],"collection":[{"href":"https:\/\/www.fsfx.com.br\/hospital-marcio-cunha\/wp-json\/wp\/v2\/posts"}],"about":[{"href":"https:\/\/www.fsfx.com.br\/hospital-marcio-cunha\/wp-json\/wp\/v2\/types\/post"}],"author":[{"embeddable":true,"href":"https:\/\/www.fsfx.com.br\/hospital-marcio-cunha\/wp-json\/wp\/v2\/users\/2"}],"replies":[{"embeddable":true,"href":"https:\/\/www.fsfx.com.br\/hospital-marcio-cunha\/wp-json\/wp\/v2\/comments?post=7139"}],"version-history":[{"count":0,"href":"https:\/\/www.fsfx.com.br\/hospital-marcio-cunha\/wp-json\/wp\/v2\/posts\/7139\/revisions"}],"wp:attachment":[{"href":"https:\/\/www.fsfx.com.br\/hospital-marcio-cunha\/wp-json\/wp\/v2\/media?parent=7139"}],"wp:term":[{"taxonomy":"category","embeddable":true,"href":"https:\/\/www.fsfx.com.br\/hospital-marcio-cunha\/wp-json\/wp\/v2\/categories?post=7139"},{"taxonomy":"post_tag","embeddable":true,"href":"https:\/\/www.fsfx.com.br\/hospital-marcio-cunha\/wp-json\/wp\/v2\/tags?post=7139"}],"curies":[{"name":"wp","href":"https:\/\/api.w.org\/{rel}","templated":true}]}}