{"id":7141,"date":"2020-05-06T15:20:49","date_gmt":"2020-05-06T18:20:49","guid":{"rendered":"http:\/\/fsfx.com.br\/\/hmc\/2020\/05\/06\/usisaude-apresenta-resultados-expressivos-em-atencao-primaria-2\/"},"modified":"2020-05-06T15:20:49","modified_gmt":"2020-05-06T18:20:49","slug":"usisaude-apresenta-resultados-expressivos-em-atencao-primaria-2","status":"publish","type":"post","link":"https:\/\/www.fsfx.com.br\/hospital-marcio-cunha\/usisaude-apresenta-resultados-expressivos-em-atencao-primaria-2\/","title":{"rendered":"Usisa\u00fade apresenta resultados  expressivos em Aten\u00e7\u00e3o Prim\u00e1ria"},"content":{"rendered":"<p>No ano em que completa cinco anos de implanta\u00e7\u00e3o do Usifam\u00edlia, programa com uma&nbsp;proposta de cuidado com a sa\u00fade baseada no modelo conhecido, internacionalmente, como Aten\u00e7\u00e3o Prim\u00e1ria, a&nbsp;Usisa\u00fade, operadora de planos de sa\u00fade da Funda\u00e7\u00e3o S\u00e3o Francisco Xavier (FSFX), promoveu um workshop para apresentar os resultados alcan\u00e7ados. Os dados confirmam a assertividade do caminho tra\u00e7ado e das conquistas alcan\u00e7adas ao longo dos anos.<\/p>\n<p>&nbsp;<\/p>\n<p>Durante o workshop, os colaboradores atuantes no Usifam\u00edlia, como equipe m\u00e9dica, administrativa e multidisciplinar acompanharam a evolu\u00e7\u00e3o do programa desde a sua implanta\u00e7\u00e3o e conheceram os indicadores de qualidade do plano que, faz a diferen\u00e7a n\u00e3o apenas para a FSFX e a Usisa\u00fade, mas, principalmente, para a sa\u00fade e para o bolso dos usu\u00e1rios. O Usifam\u00edlia&nbsp;permite que um profissional qualificado e sua equipe se aprofundem no diagn\u00f3stico e no conhecimento das condi\u00e7\u00f5es de vida e sa\u00fade do paciente e sua fam\u00edlia, com uma melhor gest\u00e3o das doen\u00e7as cr\u00f4nicas. Os atendimentos s\u00e3o realizados em um mesmo lugar, sempre com foco na preven\u00e7\u00e3o.<\/p>\n<p>&nbsp;<\/p>\n<p>O programa resgata o conceito de m\u00e9dico da fam\u00edlia, a partir do atendimento regionalizado e descentralizado, que promove a vincula\u00e7\u00e3o do paciente e de sua fam\u00edlia a uma mesma equipe de sa\u00fade. Nesse modelo de assist\u00eancia, h\u00e1 ganhos em proximidade, concentra\u00e7\u00e3o das informa\u00e7\u00f5es do hist\u00f3rico do paciente, est\u00edmulo ao v\u00ednculo entre profissionais e pacientes, tornando o atendimento mais pessoal, o diagn\u00f3stico mais completo e preciso, impactando positivamente na gest\u00e3o da sa\u00fade da fam\u00edlia.<\/p>\n<p>&nbsp;<\/p>\n<p><i>Resultados<\/i><\/p>\n<p>&nbsp;<\/p>\n<p>Em 2014, a primeira unidade do Usifam\u00edlia, implantada na Unidade II do Hospital M\u00e1rcio Cunha, contava com nove equipes e tinha capacidade para at\u00e9 15 mil vidas. Atualmente, a Usisa\u00fade possui 10 unidades de atendimento ao plano de Aten\u00e7\u00e3o Prim\u00e1ria, espalhadas pelas regi\u00f5es do Vale do A\u00e7o, do M\u00e9dio Piracicaba, de Belo Horizonte e da Baixada Santista. Os locais possuem capacidade para mais de 110 mil vidas, o que demonstra uma grande evolu\u00e7\u00e3o.<\/p>\n<p>&nbsp;<\/p>\n<p>O avan\u00e7o tamb\u00e9m pode ser observado nas equipes, que h\u00e1 cinco anos contavam com apenas 24 profissionais e agora tem 113, o que representa quase cinco vezes mais. O n\u00famero de consultas m\u00e9dicas ofertadas no m\u00eas em 2014 era 2.400 e agora esse n\u00famero chega a 11.300. \u0093A Funda\u00e7\u00e3o busca sempre oferecer aos benefici\u00e1rios, um cuidado em sa\u00fade de melhor qualidade. O Usifam\u00edlia consegue garantir uma linha de cuidado coordenada, integrada e focada na preven\u00e7\u00e3o de doen\u00e7as do paciente, envolvendo a fam\u00edlia no consult\u00f3rio, otimizando custos e cativando os nossos&nbsp;<\/p>\n<figure class=\"image image-style-side\"><img decoding=\"async\" src=\"Usersux22687AppDataLocalTempmsohtmlclip11clip_image001.png\" alt=\"Caixa de texto: Resultados expressivos\nConfira os principais indicadores de qualidade do Usifam\u00edlia:\n\u0095 Atende a mais de 50.000 benefici\u00e1rios\n\u0095 Redu\u00e7\u00e3o de 32,4% da frequ\u00eancia geral de interna\u00e7\u00e3o dos participantes do programa\n\u0095 Redu\u00e7\u00e3o de 49,5% do custo total com interna\u00e7\u00f5es\n\u0095 Redu\u00e7\u00e3o de 25,3% do custo m\u00e9dio com interna\u00e7\u00f5es\n\u0095 Redu\u00e7\u00e3o de 29,2% do custo assistencial p\u00f3s ingresso do paciente\n\u0095 Redu\u00e7\u00e3o de 9,6% do n\u00famero de consultas em Pronto Atendimento\n\u0095 Taxa de satisfa\u00e7\u00e3o na zona de excel\u00eancia\n\"><\/figure>\n<p>clientes\u0094, afirma o diretor executivo da FSFX, Lu\u00eds M\u00e1rcio Ara\u00fajo Ramos.<\/p>\n<p>&nbsp;<\/p>\n<p>O modelo do Usifam\u00edlia permite uma integra\u00e7\u00e3o entre a\u00e7\u00f5es preventivas e curativas no atendimento aos pacientes. \u0093O programa consegue responder, de forma cont\u00ednua e sistematizada, \u00e0 maior parte das necessidades dos benefici\u00e1rios. Uma das vantagens do Usifam\u00edlia \u00e9 permitir que profissionais qualificados se aprofundem no diagn\u00f3stico e no conhecimento das condi\u00e7\u00f5es de vida do paciente e sua fam\u00edlia, realizando uma melhor gest\u00e3o da sa\u00fade\u0094, conclui Marcelo Gouvea Teixeira, superintendente de Solu\u00e7\u00f5es Integradas em Sa\u00fade da FSFX.&nbsp;<\/p>\n<p>&nbsp;<\/p>\n<p>As pessoas interessadas em adquirir o plano Usifam\u00edlia podem entrar em contato pelo 0800 283 0040 ou comparecer nos postos de atendimento da Usisa\u00fade. Se o cliente j\u00e1 for benefici\u00e1rio Usisa\u00fade e desejar migrar para o programa de Aten\u00e7\u00e3o Prim\u00e1ria, basta ir pessoalmente a um dos postos de atendimento da operadora.<\/p>\n<p>&nbsp;<\/p>\n","protected":false},"excerpt":{"rendered":"<p>No ano em que completa cinco anos de implanta\u00e7\u00e3o do Usifam\u00edlia, programa com uma&nbsp;proposta de cuidado com a sa\u00fade baseada no modelo conhecido, internacionalmente, como Aten\u00e7\u00e3o Prim\u00e1ria, a&nbsp;Usisa\u00fade, operadora de planos de sa\u00fade da Funda\u00e7\u00e3o S\u00e3o Francisco Xavier (FSFX), promoveu um workshop para apresentar os resultados alcan\u00e7ados. Os dados confirmam a assertividade do caminho tra\u00e7ado [&hellip;]<\/p>\n","protected":false},"author":2,"featured_media":0,"comment_status":"open","ping_status":"open","sticky":false,"template":"","format":"standard","meta":{"_acf_changed":false,"site-sidebar-layout":"default","site-content-layout":"","ast-site-content-layout":"default","site-content-style":"default","site-sidebar-style":"default","ast-global-header-display":"","ast-banner-title-visibility":"","ast-main-header-display":"","ast-hfb-above-header-display":"","ast-hfb-below-header-display":"","ast-hfb-mobile-header-display":"","site-post-title":"","ast-breadcrumbs-content":"","ast-featured-img":"","footer-sml-layout":"","theme-transparent-header-meta":"","adv-header-id-meta":"","stick-header-meta":"","header-above-stick-meta":"","header-main-stick-meta":"","header-below-stick-meta":"","astra-migrate-meta-layouts":"default","ast-page-background-enabled":"default","ast-page-background-meta":{"desktop":{"background-color":"var(--ast-global-color-4)","background-image":"","background-repeat":"repeat","background-position":"center center","background-size":"auto","background-attachment":"scroll","background-type":"","background-media":"","overlay-type":"","overlay-color":"","overlay-opacity":"","overlay-gradient":""},"tablet":{"background-color":"","background-image":"","background-repeat":"repeat","background-position":"center center","background-size":"auto","background-attachment":"scroll","background-type":"","background-media":"","overlay-type":"","overlay-color":"","overlay-opacity":"","overlay-gradient":""},"mobile":{"background-color":"","background-image":"","background-repeat":"repeat","background-position":"center center","background-size":"auto","background-attachment":"scroll","background-type":"","background-media":"","overlay-type":"","overlay-color":"","overlay-opacity":"","overlay-gradient":""}},"ast-content-background-meta":{"desktop":{"background-color":"var(--ast-global-color-5)","background-image":"","background-repeat":"repeat","background-position":"center center","background-size":"auto","background-attachment":"scroll","background-type":"","background-media":"","overlay-type":"","overlay-color":"","overlay-opacity":"","overlay-gradient":""},"tablet":{"background-color":"var(--ast-global-color-5)","background-image":"","background-repeat":"repeat","background-position":"center center","background-size":"auto","background-attachment":"scroll","background-type":"","background-media":"","overlay-type":"","overlay-color":"","overlay-opacity":"","overlay-gradient":""},"mobile":{"background-color":"var(--ast-global-color-5)","background-image":"","background-repeat":"repeat","background-position":"center center","background-size":"auto","background-attachment":"scroll","background-type":"","background-media":"","overlay-type":"","overlay-color":"","overlay-opacity":"","overlay-gradient":""}},"footnotes":""},"categories":[1],"tags":[],"class_list":["post-7141","post","type-post","status-publish","format-standard","hentry","category-sem-categoria"],"acf":[],"yoast_head":"<!-- This site is optimized with the Yoast SEO plugin v26.9 - https:\/\/yoast.com\/product\/yoast-seo-wordpress\/ -->\n<title>Usisa\u00fade apresenta resultados expressivos em Aten\u00e7\u00e3o Prim\u00e1ria - Hospital M\u00e1rcio Cunha<\/title>\n<meta name=\"robots\" content=\"index, follow, max-snippet:-1, max-image-preview:large, max-video-preview:-1\" \/>\n<link rel=\"canonical\" href=\"https:\/\/www.fsfx.com.br\/hospital-marcio-cunha\/usisaude-apresenta-resultados-expressivos-em-atencao-primaria-2\/\" \/>\n<meta property=\"og:locale\" content=\"pt_BR\" \/>\n<meta property=\"og:type\" content=\"article\" \/>\n<meta property=\"og:title\" content=\"Usisa\u00fade apresenta resultados expressivos em Aten\u00e7\u00e3o Prim\u00e1ria - Hospital M\u00e1rcio Cunha\" \/>\n<meta property=\"og:description\" content=\"No ano em que completa cinco anos de implanta\u00e7\u00e3o do Usifam\u00edlia, programa com uma&nbsp;proposta de cuidado com a sa\u00fade baseada no modelo conhecido, internacionalmente, como Aten\u00e7\u00e3o Prim\u00e1ria, a&nbsp;Usisa\u00fade, operadora de planos de sa\u00fade da Funda\u00e7\u00e3o S\u00e3o Francisco Xavier (FSFX), promoveu um workshop para apresentar os resultados alcan\u00e7ados. Os dados confirmam a assertividade do caminho tra\u00e7ado [&hellip;]\" \/>\n<meta property=\"og:url\" content=\"https:\/\/www.fsfx.com.br\/hospital-marcio-cunha\/usisaude-apresenta-resultados-expressivos-em-atencao-primaria-2\/\" \/>\n<meta property=\"og:site_name\" content=\"Hospital M\u00e1rcio Cunha\" \/>\n<meta property=\"article:published_time\" content=\"2020-05-06T18:20:49+00:00\" \/>\n<meta name=\"author\" content=\"claudio\" \/>\n<meta name=\"twitter:card\" content=\"summary_large_image\" \/>\n<meta name=\"twitter:label1\" content=\"Escrito por\" \/>\n\t<meta name=\"twitter:data1\" content=\"claudio\" \/>\n\t<meta name=\"twitter:label2\" content=\"Est. tempo de leitura\" \/>\n\t<meta name=\"twitter:data2\" content=\"3 minutos\" \/>\n<script type=\"application\/ld+json\" class=\"yoast-schema-graph\">{\"@context\":\"https:\/\/schema.org\",\"@graph\":[{\"@type\":\"Article\",\"@id\":\"https:\/\/www.fsfx.com.br\/hospital-marcio-cunha\/usisaude-apresenta-resultados-expressivos-em-atencao-primaria-2\/#article\",\"isPartOf\":{\"@id\":\"https:\/\/www.fsfx.com.br\/hospital-marcio-cunha\/usisaude-apresenta-resultados-expressivos-em-atencao-primaria-2\/\"},\"author\":{\"name\":\"claudio\",\"@id\":\"https:\/\/www.fsfx.com.br\/hospital-marcio-cunha\/#\/schema\/person\/7d2372fe1973398ab20a060bbb9a87d8\"},\"headline\":\"Usisa\u00fade apresenta resultados expressivos em Aten\u00e7\u00e3o Prim\u00e1ria\",\"datePublished\":\"2020-05-06T18:20:49+00:00\",\"mainEntityOfPage\":{\"@id\":\"https:\/\/www.fsfx.com.br\/hospital-marcio-cunha\/usisaude-apresenta-resultados-expressivos-em-atencao-primaria-2\/\"},\"wordCount\":642,\"commentCount\":0,\"publisher\":{\"@id\":\"https:\/\/www.fsfx.com.br\/hospital-marcio-cunha\/#organization\"},\"inLanguage\":\"pt-BR\",\"potentialAction\":[{\"@type\":\"CommentAction\",\"name\":\"Comment\",\"target\":[\"https:\/\/www.fsfx.com.br\/hospital-marcio-cunha\/usisaude-apresenta-resultados-expressivos-em-atencao-primaria-2\/#respond\"]}]},{\"@type\":\"WebPage\",\"@id\":\"https:\/\/www.fsfx.com.br\/hospital-marcio-cunha\/usisaude-apresenta-resultados-expressivos-em-atencao-primaria-2\/\",\"url\":\"https:\/\/www.fsfx.com.br\/hospital-marcio-cunha\/usisaude-apresenta-resultados-expressivos-em-atencao-primaria-2\/\",\"name\":\"Usisa\u00fade apresenta resultados expressivos em Aten\u00e7\u00e3o Prim\u00e1ria - Hospital M\u00e1rcio Cunha\",\"isPartOf\":{\"@id\":\"https:\/\/www.fsfx.com.br\/hospital-marcio-cunha\/#website\"},\"datePublished\":\"2020-05-06T18:20:49+00:00\",\"breadcrumb\":{\"@id\":\"https:\/\/www.fsfx.com.br\/hospital-marcio-cunha\/usisaude-apresenta-resultados-expressivos-em-atencao-primaria-2\/#breadcrumb\"},\"inLanguage\":\"pt-BR\",\"potentialAction\":[{\"@type\":\"ReadAction\",\"target\":[\"https:\/\/www.fsfx.com.br\/hospital-marcio-cunha\/usisaude-apresenta-resultados-expressivos-em-atencao-primaria-2\/\"]}]},{\"@type\":\"BreadcrumbList\",\"@id\":\"https:\/\/www.fsfx.com.br\/hospital-marcio-cunha\/usisaude-apresenta-resultados-expressivos-em-atencao-primaria-2\/#breadcrumb\",\"itemListElement\":[{\"@type\":\"ListItem\",\"position\":1,\"name\":\"In\u00edcio\",\"item\":\"https:\/\/www.fsfx.com.br\/hospital-marcio-cunha\/\"},{\"@type\":\"ListItem\",\"position\":2,\"name\":\"Usisa\u00fade apresenta resultados expressivos em Aten\u00e7\u00e3o Prim\u00e1ria\"}]},{\"@type\":\"WebSite\",\"@id\":\"https:\/\/www.fsfx.com.br\/hospital-marcio-cunha\/#website\",\"url\":\"https:\/\/www.fsfx.com.br\/hospital-marcio-cunha\/\",\"name\":\"Hospital M\u00e1rcio Cunha\",\"description\":\"O Hospital M\u00e1rcio Cunha (HMC) \u00e9 um hospital geral de alta complexidade, com 558 leitos e tr\u00eas unidades, sendo uma unidade exclusiva para o tratamento oncol\u00f3gico.\",\"publisher\":{\"@id\":\"https:\/\/www.fsfx.com.br\/hospital-marcio-cunha\/#organization\"},\"potentialAction\":[{\"@type\":\"SearchAction\",\"target\":{\"@type\":\"EntryPoint\",\"urlTemplate\":\"https:\/\/www.fsfx.com.br\/hospital-marcio-cunha\/?s={search_term_string}\"},\"query-input\":{\"@type\":\"PropertyValueSpecification\",\"valueRequired\":true,\"valueName\":\"search_term_string\"}}],\"inLanguage\":\"pt-BR\"},{\"@type\":\"Organization\",\"@id\":\"https:\/\/www.fsfx.com.br\/hospital-marcio-cunha\/#organization\",\"name\":\"HMC - Hospital M\u00e1rcio Cunha\",\"url\":\"https:\/\/www.fsfx.com.br\/hospital-marcio-cunha\/\",\"logo\":{\"@type\":\"ImageObject\",\"inLanguage\":\"pt-BR\",\"@id\":\"https:\/\/www.fsfx.com.br\/hospital-marcio-cunha\/#\/schema\/logo\/image\/\",\"url\":\"https:\/\/www.fsfx.com.br\/hospital-marcio-cunha\/wp-content\/uploads\/sites\/9\/2022\/04\/logo-hmc-color.png\",\"contentUrl\":\"https:\/\/www.fsfx.com.br\/hospital-marcio-cunha\/wp-content\/uploads\/sites\/9\/2022\/04\/logo-hmc-color.png\",\"width\":264,\"height\":59,\"caption\":\"HMC - Hospital M\u00e1rcio Cunha\"},\"image\":{\"@id\":\"https:\/\/www.fsfx.com.br\/hospital-marcio-cunha\/#\/schema\/logo\/image\/\"}},{\"@type\":\"Person\",\"@id\":\"https:\/\/www.fsfx.com.br\/hospital-marcio-cunha\/#\/schema\/person\/7d2372fe1973398ab20a060bbb9a87d8\",\"name\":\"claudio\",\"image\":{\"@type\":\"ImageObject\",\"inLanguage\":\"pt-BR\",\"@id\":\"https:\/\/www.fsfx.com.br\/hospital-marcio-cunha\/#\/schema\/person\/image\/\",\"url\":\"https:\/\/secure.gravatar.com\/avatar\/724caacf0f2f073275cb3689c577e73e87e40150b1ffd648a67445e75aa7ff03?s=96&d=mm&r=g\",\"contentUrl\":\"https:\/\/secure.gravatar.com\/avatar\/724caacf0f2f073275cb3689c577e73e87e40150b1ffd648a67445e75aa7ff03?s=96&d=mm&r=g\",\"caption\":\"claudio\"},\"url\":\"https:\/\/www.fsfx.com.br\/hospital-marcio-cunha\/author\/claudio\/\"}]}<\/script>\n<!-- \/ Yoast SEO plugin. -->","yoast_head_json":{"title":"Usisa\u00fade apresenta resultados expressivos em Aten\u00e7\u00e3o Prim\u00e1ria - Hospital M\u00e1rcio Cunha","robots":{"index":"index","follow":"follow","max-snippet":"max-snippet:-1","max-image-preview":"max-image-preview:large","max-video-preview":"max-video-preview:-1"},"canonical":"https:\/\/www.fsfx.com.br\/hospital-marcio-cunha\/usisaude-apresenta-resultados-expressivos-em-atencao-primaria-2\/","og_locale":"pt_BR","og_type":"article","og_title":"Usisa\u00fade apresenta resultados expressivos em Aten\u00e7\u00e3o Prim\u00e1ria - Hospital M\u00e1rcio Cunha","og_description":"No ano em que completa cinco anos de implanta\u00e7\u00e3o do Usifam\u00edlia, programa com uma&nbsp;proposta de cuidado com a sa\u00fade baseada no modelo conhecido, internacionalmente, como Aten\u00e7\u00e3o Prim\u00e1ria, a&nbsp;Usisa\u00fade, operadora de planos de sa\u00fade da Funda\u00e7\u00e3o S\u00e3o Francisco Xavier (FSFX), promoveu um workshop para apresentar os resultados alcan\u00e7ados. Os dados confirmam a assertividade do caminho tra\u00e7ado [&hellip;]","og_url":"https:\/\/www.fsfx.com.br\/hospital-marcio-cunha\/usisaude-apresenta-resultados-expressivos-em-atencao-primaria-2\/","og_site_name":"Hospital M\u00e1rcio Cunha","article_published_time":"2020-05-06T18:20:49+00:00","author":"claudio","twitter_card":"summary_large_image","twitter_misc":{"Escrito por":"claudio","Est. tempo de leitura":"3 minutos"},"schema":{"@context":"https:\/\/schema.org","@graph":[{"@type":"Article","@id":"https:\/\/www.fsfx.com.br\/hospital-marcio-cunha\/usisaude-apresenta-resultados-expressivos-em-atencao-primaria-2\/#article","isPartOf":{"@id":"https:\/\/www.fsfx.com.br\/hospital-marcio-cunha\/usisaude-apresenta-resultados-expressivos-em-atencao-primaria-2\/"},"author":{"name":"claudio","@id":"https:\/\/www.fsfx.com.br\/hospital-marcio-cunha\/#\/schema\/person\/7d2372fe1973398ab20a060bbb9a87d8"},"headline":"Usisa\u00fade apresenta resultados expressivos em Aten\u00e7\u00e3o Prim\u00e1ria","datePublished":"2020-05-06T18:20:49+00:00","mainEntityOfPage":{"@id":"https:\/\/www.fsfx.com.br\/hospital-marcio-cunha\/usisaude-apresenta-resultados-expressivos-em-atencao-primaria-2\/"},"wordCount":642,"commentCount":0,"publisher":{"@id":"https:\/\/www.fsfx.com.br\/hospital-marcio-cunha\/#organization"},"inLanguage":"pt-BR","potentialAction":[{"@type":"CommentAction","name":"Comment","target":["https:\/\/www.fsfx.com.br\/hospital-marcio-cunha\/usisaude-apresenta-resultados-expressivos-em-atencao-primaria-2\/#respond"]}]},{"@type":"WebPage","@id":"https:\/\/www.fsfx.com.br\/hospital-marcio-cunha\/usisaude-apresenta-resultados-expressivos-em-atencao-primaria-2\/","url":"https:\/\/www.fsfx.com.br\/hospital-marcio-cunha\/usisaude-apresenta-resultados-expressivos-em-atencao-primaria-2\/","name":"Usisa\u00fade apresenta resultados expressivos em Aten\u00e7\u00e3o Prim\u00e1ria - Hospital M\u00e1rcio Cunha","isPartOf":{"@id":"https:\/\/www.fsfx.com.br\/hospital-marcio-cunha\/#website"},"datePublished":"2020-05-06T18:20:49+00:00","breadcrumb":{"@id":"https:\/\/www.fsfx.com.br\/hospital-marcio-cunha\/usisaude-apresenta-resultados-expressivos-em-atencao-primaria-2\/#breadcrumb"},"inLanguage":"pt-BR","potentialAction":[{"@type":"ReadAction","target":["https:\/\/www.fsfx.com.br\/hospital-marcio-cunha\/usisaude-apresenta-resultados-expressivos-em-atencao-primaria-2\/"]}]},{"@type":"BreadcrumbList","@id":"https:\/\/www.fsfx.com.br\/hospital-marcio-cunha\/usisaude-apresenta-resultados-expressivos-em-atencao-primaria-2\/#breadcrumb","itemListElement":[{"@type":"ListItem","position":1,"name":"In\u00edcio","item":"https:\/\/www.fsfx.com.br\/hospital-marcio-cunha\/"},{"@type":"ListItem","position":2,"name":"Usisa\u00fade apresenta resultados expressivos em Aten\u00e7\u00e3o Prim\u00e1ria"}]},{"@type":"WebSite","@id":"https:\/\/www.fsfx.com.br\/hospital-marcio-cunha\/#website","url":"https:\/\/www.fsfx.com.br\/hospital-marcio-cunha\/","name":"Hospital M\u00e1rcio Cunha","description":"O Hospital M\u00e1rcio Cunha (HMC) \u00e9 um hospital geral de alta complexidade, com 558 leitos e tr\u00eas unidades, sendo uma unidade exclusiva para o tratamento oncol\u00f3gico.","publisher":{"@id":"https:\/\/www.fsfx.com.br\/hospital-marcio-cunha\/#organization"},"potentialAction":[{"@type":"SearchAction","target":{"@type":"EntryPoint","urlTemplate":"https:\/\/www.fsfx.com.br\/hospital-marcio-cunha\/?s={search_term_string}"},"query-input":{"@type":"PropertyValueSpecification","valueRequired":true,"valueName":"search_term_string"}}],"inLanguage":"pt-BR"},{"@type":"Organization","@id":"https:\/\/www.fsfx.com.br\/hospital-marcio-cunha\/#organization","name":"HMC - Hospital M\u00e1rcio Cunha","url":"https:\/\/www.fsfx.com.br\/hospital-marcio-cunha\/","logo":{"@type":"ImageObject","inLanguage":"pt-BR","@id":"https:\/\/www.fsfx.com.br\/hospital-marcio-cunha\/#\/schema\/logo\/image\/","url":"https:\/\/www.fsfx.com.br\/hospital-marcio-cunha\/wp-content\/uploads\/sites\/9\/2022\/04\/logo-hmc-color.png","contentUrl":"https:\/\/www.fsfx.com.br\/hospital-marcio-cunha\/wp-content\/uploads\/sites\/9\/2022\/04\/logo-hmc-color.png","width":264,"height":59,"caption":"HMC - Hospital M\u00e1rcio Cunha"},"image":{"@id":"https:\/\/www.fsfx.com.br\/hospital-marcio-cunha\/#\/schema\/logo\/image\/"}},{"@type":"Person","@id":"https:\/\/www.fsfx.com.br\/hospital-marcio-cunha\/#\/schema\/person\/7d2372fe1973398ab20a060bbb9a87d8","name":"claudio","image":{"@type":"ImageObject","inLanguage":"pt-BR","@id":"https:\/\/www.fsfx.com.br\/hospital-marcio-cunha\/#\/schema\/person\/image\/","url":"https:\/\/secure.gravatar.com\/avatar\/724caacf0f2f073275cb3689c577e73e87e40150b1ffd648a67445e75aa7ff03?s=96&d=mm&r=g","contentUrl":"https:\/\/secure.gravatar.com\/avatar\/724caacf0f2f073275cb3689c577e73e87e40150b1ffd648a67445e75aa7ff03?s=96&d=mm&r=g","caption":"claudio"},"url":"https:\/\/www.fsfx.com.br\/hospital-marcio-cunha\/author\/claudio\/"}]}},"_links":{"self":[{"href":"https:\/\/www.fsfx.com.br\/hospital-marcio-cunha\/wp-json\/wp\/v2\/posts\/7141","targetHints":{"allow":["GET"]}}],"collection":[{"href":"https:\/\/www.fsfx.com.br\/hospital-marcio-cunha\/wp-json\/wp\/v2\/posts"}],"about":[{"href":"https:\/\/www.fsfx.com.br\/hospital-marcio-cunha\/wp-json\/wp\/v2\/types\/post"}],"author":[{"embeddable":true,"href":"https:\/\/www.fsfx.com.br\/hospital-marcio-cunha\/wp-json\/wp\/v2\/users\/2"}],"replies":[{"embeddable":true,"href":"https:\/\/www.fsfx.com.br\/hospital-marcio-cunha\/wp-json\/wp\/v2\/comments?post=7141"}],"version-history":[{"count":0,"href":"https:\/\/www.fsfx.com.br\/hospital-marcio-cunha\/wp-json\/wp\/v2\/posts\/7141\/revisions"}],"wp:attachment":[{"href":"https:\/\/www.fsfx.com.br\/hospital-marcio-cunha\/wp-json\/wp\/v2\/media?parent=7141"}],"wp:term":[{"taxonomy":"category","embeddable":true,"href":"https:\/\/www.fsfx.com.br\/hospital-marcio-cunha\/wp-json\/wp\/v2\/categories?post=7141"},{"taxonomy":"post_tag","embeddable":true,"href":"https:\/\/www.fsfx.com.br\/hospital-marcio-cunha\/wp-json\/wp\/v2\/tags?post=7141"}],"curies":[{"name":"wp","href":"https:\/\/api.w.org\/{rel}","templated":true}]}}