{"id":7162,"date":"2020-05-06T15:21:13","date_gmt":"2020-05-06T18:21:13","guid":{"rendered":"http:\/\/fsfx.com.br\/\/hmc\/2020\/05\/06\/usisaude-e-a-primeira-no-vale-do-aco-e-a-segunda-em-minas-com-menor-indice-de-reclamacoes-2\/"},"modified":"2020-05-06T15:21:13","modified_gmt":"2020-05-06T18:21:13","slug":"usisaude-e-a-primeira-no-vale-do-aco-e-a-segunda-em-minas-com-menor-indice-de-reclamacoes-2","status":"publish","type":"post","link":"https:\/\/www.fsfx.com.br\/hospital-marcio-cunha\/usisaude-e-a-primeira-no-vale-do-aco-e-a-segunda-em-minas-com-menor-indice-de-reclamacoes-2\/","title":{"rendered":"Usisa\u00fade \u00e9 a primeira no Vale do A\u00e7o e a segunda em Minas com menor \u00edndice de reclama\u00e7\u00f5es"},"content":{"rendered":"<p>A Usisa\u00fade, administrada pela Funda\u00e7\u00e3o S\u00e3o Francisco Xavier, foi classificada pela Ag\u00eancia Nacional de Sa\u00fade Suplementar (ANS) como a operadora de planos de sa\u00fade de grande porte com o menor \u00edndice de reclama\u00e7\u00f5es no Vale do A\u00e7o e o segundo menor em Minas Gerais. A nota alcan\u00e7ada (0,92) referente ao m\u00eas de setembro, divulgada na \u00faltima semana, ficou ainda melhor que o resultado obtido em agosto (1,26) e bem abaixo da m\u00e9dia das operadoras de grande porte do pa\u00eds, que foi de 3,37, numa escala que varia entre 0 e 5.<br \/>\n<img fetchpriority=\"high\" decoding=\"async\" class=\"alignright size-medium wp-image-933\" src=\"http:\/\/www.fsfx.com.br\/wp-content\/uploads\/2015\/12\/DSC_2967-300x200.jpg\" alt=\"DSC_2967\" width=\"300\" height=\"200\" \/>A\u00a0 Usisa\u00fade\/Funda\u00e7\u00e3o S\u00e3o Francisco Xavier est\u00e1 entre as 11 melhores do pa\u00eds (de um total de 82 operadoras) no ranking do \u00cdndice Geral de Reclama\u00e7\u00f5es divulgado pela ANS. A ag\u00eancia divulgou tamb\u00e9m os resultados mensurados em outros dois indicadores complementares: o Percentual de Finaliza\u00e7\u00e3o Assistencial e o \u00cdndice de Abertura de Processo Administrativo, criados recentemente para darem mais transpar\u00eancia e visibilidade aos benefici\u00e1rios sobre o grau de resolutividade das a\u00e7\u00f5es.<br \/>\nNo primeiro, que mede a capacidade do plano em solucionar conflitos de forma consensual, o percentual da Usisa\u00fade ficou em 100%, enquanto no segundo, manteve o \u00edndice zerado, sem nenhum registro de abertura de processos administrativos contra a operadora.<br \/>\nClassificada pela ag\u00eancia no grupo das operadoras de grande porte \u0096 aquelas com n\u00famero igual ou superior a 100 mil clientes, a Usisa\u00fade conta com mais 150 mil benefici\u00e1rios em cinco estados, ofertando assist\u00eancia m\u00e9dico-hospitalar e odontol\u00f3gica de alta qualidade, com uma rede de atendimento ampla e qualificada.<br \/>\n\u0093Receber novamente o reconhecimento da ANS sobre nossas atividades refor\u00e7a n\u00e3o apenas a qualidade dos nossos produtos, mas a confian\u00e7a dos milhares de benefici\u00e1rios da Usisa\u00fade em diversos estados. Isso \u00e9 resultado do investimento constante da Funda\u00e7\u00e3o S\u00e3o Francisco Xavier na Usisa\u00fade para a aquisi\u00e7\u00e3o de tecnologias que otimizem processos assistenciais e administrativos, na expans\u00e3o de nossa rede credenciada e nas estrat\u00e9gias de preven\u00e7\u00e3o de doen\u00e7as e promo\u00e7\u00e3o da sa\u00fade\u0094, destaca Lu\u00eds M\u00e1rcio Ara\u00fajo Ramos, diretor executivo da Funda\u00e7\u00e3o S\u00e3o Francisco Xavier.<br \/>\n&nbsp;<\/p>\n","protected":false},"excerpt":{"rendered":"<p>A Usisa\u00fade, administrada pela Funda\u00e7\u00e3o S\u00e3o Francisco Xavier, foi classificada pela Ag\u00eancia Nacional de Sa\u00fade Suplementar (ANS) como a operadora de planos de sa\u00fade de grande porte com o menor \u00edndice de reclama\u00e7\u00f5es no Vale do A\u00e7o e o segundo menor em Minas Gerais. A nota alcan\u00e7ada (0,92) referente ao m\u00eas de setembro, divulgada na [&hellip;]<\/p>\n","protected":false},"author":2,"featured_media":0,"comment_status":"open","ping_status":"open","sticky":false,"template":"","format":"standard","meta":{"_acf_changed":false,"site-sidebar-layout":"default","site-content-layout":"","ast-site-content-layout":"default","site-content-style":"default","site-sidebar-style":"default","ast-global-header-display":"","ast-banner-title-visibility":"","ast-main-header-display":"","ast-hfb-above-header-display":"","ast-hfb-below-header-display":"","ast-hfb-mobile-header-display":"","site-post-title":"","ast-breadcrumbs-content":"","ast-featured-img":"","footer-sml-layout":"","theme-transparent-header-meta":"","adv-header-id-meta":"","stick-header-meta":"","header-above-stick-meta":"","header-main-stick-meta":"","header-below-stick-meta":"","astra-migrate-meta-layouts":"default","ast-page-background-enabled":"default","ast-page-background-meta":{"desktop":{"background-color":"var(--ast-global-color-4)","background-image":"","background-repeat":"repeat","background-position":"center center","background-size":"auto","background-attachment":"scroll","background-type":"","background-media":"","overlay-type":"","overlay-color":"","overlay-opacity":"","overlay-gradient":""},"tablet":{"background-color":"","background-image":"","background-repeat":"repeat","background-position":"center center","background-size":"auto","background-attachment":"scroll","background-type":"","background-media":"","overlay-type":"","overlay-color":"","overlay-opacity":"","overlay-gradient":""},"mobile":{"background-color":"","background-image":"","background-repeat":"repeat","background-position":"center center","background-size":"auto","background-attachment":"scroll","background-type":"","background-media":"","overlay-type":"","overlay-color":"","overlay-opacity":"","overlay-gradient":""}},"ast-content-background-meta":{"desktop":{"background-color":"var(--ast-global-color-5)","background-image":"","background-repeat":"repeat","background-position":"center center","background-size":"auto","background-attachment":"scroll","background-type":"","background-media":"","overlay-type":"","overlay-color":"","overlay-opacity":"","overlay-gradient":""},"tablet":{"background-color":"var(--ast-global-color-5)","background-image":"","background-repeat":"repeat","background-position":"center center","background-size":"auto","background-attachment":"scroll","background-type":"","background-media":"","overlay-type":"","overlay-color":"","overlay-opacity":"","overlay-gradient":""},"mobile":{"background-color":"var(--ast-global-color-5)","background-image":"","background-repeat":"repeat","background-position":"center center","background-size":"auto","background-attachment":"scroll","background-type":"","background-media":"","overlay-type":"","overlay-color":"","overlay-opacity":"","overlay-gradient":""}},"footnotes":""},"categories":[1],"tags":[],"class_list":["post-7162","post","type-post","status-publish","format-standard","hentry","category-sem-categoria"],"acf":[],"yoast_head":"<!-- This site is optimized with the Yoast SEO plugin v26.9 - https:\/\/yoast.com\/product\/yoast-seo-wordpress\/ -->\n<title>Usisa\u00fade \u00e9 a primeira no Vale do A\u00e7o e a segunda em Minas com menor \u00edndice de reclama\u00e7\u00f5es - Hospital M\u00e1rcio Cunha<\/title>\n<meta name=\"robots\" content=\"index, follow, max-snippet:-1, max-image-preview:large, max-video-preview:-1\" \/>\n<link rel=\"canonical\" href=\"https:\/\/www.fsfx.com.br\/hospital-marcio-cunha\/usisaude-e-a-primeira-no-vale-do-aco-e-a-segunda-em-minas-com-menor-indice-de-reclamacoes-2\/\" \/>\n<meta property=\"og:locale\" content=\"pt_BR\" \/>\n<meta property=\"og:type\" content=\"article\" \/>\n<meta property=\"og:title\" content=\"Usisa\u00fade \u00e9 a primeira no Vale do A\u00e7o e a segunda em Minas com menor \u00edndice de reclama\u00e7\u00f5es - Hospital M\u00e1rcio Cunha\" \/>\n<meta property=\"og:description\" content=\"A Usisa\u00fade, administrada pela Funda\u00e7\u00e3o S\u00e3o Francisco Xavier, foi classificada pela Ag\u00eancia Nacional de Sa\u00fade Suplementar (ANS) como a operadora de planos de sa\u00fade de grande porte com o menor \u00edndice de reclama\u00e7\u00f5es no Vale do A\u00e7o e o segundo menor em Minas Gerais. A nota alcan\u00e7ada (0,92) referente ao m\u00eas de setembro, divulgada na [&hellip;]\" \/>\n<meta property=\"og:url\" content=\"https:\/\/www.fsfx.com.br\/hospital-marcio-cunha\/usisaude-e-a-primeira-no-vale-do-aco-e-a-segunda-em-minas-com-menor-indice-de-reclamacoes-2\/\" \/>\n<meta property=\"og:site_name\" content=\"Hospital M\u00e1rcio Cunha\" \/>\n<meta property=\"article:published_time\" content=\"2020-05-06T18:21:13+00:00\" \/>\n<meta property=\"og:image\" content=\"http:\/\/www.fsfx.com.br\/wp-content\/uploads\/2015\/12\/DSC_2967-300x200.jpg\" \/>\n<meta name=\"author\" content=\"claudio\" \/>\n<meta name=\"twitter:card\" content=\"summary_large_image\" \/>\n<meta name=\"twitter:label1\" content=\"Escrito por\" \/>\n\t<meta name=\"twitter:data1\" content=\"claudio\" \/>\n\t<meta name=\"twitter:label2\" content=\"Est. tempo de leitura\" \/>\n\t<meta name=\"twitter:data2\" content=\"2 minutos\" \/>\n<script type=\"application\/ld+json\" class=\"yoast-schema-graph\">{\"@context\":\"https:\/\/schema.org\",\"@graph\":[{\"@type\":\"Article\",\"@id\":\"https:\/\/www.fsfx.com.br\/hospital-marcio-cunha\/usisaude-e-a-primeira-no-vale-do-aco-e-a-segunda-em-minas-com-menor-indice-de-reclamacoes-2\/#article\",\"isPartOf\":{\"@id\":\"https:\/\/www.fsfx.com.br\/hospital-marcio-cunha\/usisaude-e-a-primeira-no-vale-do-aco-e-a-segunda-em-minas-com-menor-indice-de-reclamacoes-2\/\"},\"author\":{\"name\":\"claudio\",\"@id\":\"https:\/\/www.fsfx.com.br\/hospital-marcio-cunha\/#\/schema\/person\/7d2372fe1973398ab20a060bbb9a87d8\"},\"headline\":\"Usisa\u00fade \u00e9 a primeira no Vale do A\u00e7o e a segunda em Minas com menor \u00edndice de reclama\u00e7\u00f5es\",\"datePublished\":\"2020-05-06T18:21:13+00:00\",\"mainEntityOfPage\":{\"@id\":\"https:\/\/www.fsfx.com.br\/hospital-marcio-cunha\/usisaude-e-a-primeira-no-vale-do-aco-e-a-segunda-em-minas-com-menor-indice-de-reclamacoes-2\/\"},\"wordCount\":391,\"commentCount\":0,\"publisher\":{\"@id\":\"https:\/\/www.fsfx.com.br\/hospital-marcio-cunha\/#organization\"},\"image\":{\"@id\":\"https:\/\/www.fsfx.com.br\/hospital-marcio-cunha\/usisaude-e-a-primeira-no-vale-do-aco-e-a-segunda-em-minas-com-menor-indice-de-reclamacoes-2\/#primaryimage\"},\"thumbnailUrl\":\"http:\/\/www.fsfx.com.br\/wp-content\/uploads\/2015\/12\/DSC_2967-300x200.jpg\",\"inLanguage\":\"pt-BR\",\"potentialAction\":[{\"@type\":\"CommentAction\",\"name\":\"Comment\",\"target\":[\"https:\/\/www.fsfx.com.br\/hospital-marcio-cunha\/usisaude-e-a-primeira-no-vale-do-aco-e-a-segunda-em-minas-com-menor-indice-de-reclamacoes-2\/#respond\"]}]},{\"@type\":\"WebPage\",\"@id\":\"https:\/\/www.fsfx.com.br\/hospital-marcio-cunha\/usisaude-e-a-primeira-no-vale-do-aco-e-a-segunda-em-minas-com-menor-indice-de-reclamacoes-2\/\",\"url\":\"https:\/\/www.fsfx.com.br\/hospital-marcio-cunha\/usisaude-e-a-primeira-no-vale-do-aco-e-a-segunda-em-minas-com-menor-indice-de-reclamacoes-2\/\",\"name\":\"Usisa\u00fade \u00e9 a primeira no Vale do A\u00e7o e a segunda em Minas com menor \u00edndice de reclama\u00e7\u00f5es - Hospital M\u00e1rcio Cunha\",\"isPartOf\":{\"@id\":\"https:\/\/www.fsfx.com.br\/hospital-marcio-cunha\/#website\"},\"primaryImageOfPage\":{\"@id\":\"https:\/\/www.fsfx.com.br\/hospital-marcio-cunha\/usisaude-e-a-primeira-no-vale-do-aco-e-a-segunda-em-minas-com-menor-indice-de-reclamacoes-2\/#primaryimage\"},\"image\":{\"@id\":\"https:\/\/www.fsfx.com.br\/hospital-marcio-cunha\/usisaude-e-a-primeira-no-vale-do-aco-e-a-segunda-em-minas-com-menor-indice-de-reclamacoes-2\/#primaryimage\"},\"thumbnailUrl\":\"http:\/\/www.fsfx.com.br\/wp-content\/uploads\/2015\/12\/DSC_2967-300x200.jpg\",\"datePublished\":\"2020-05-06T18:21:13+00:00\",\"breadcrumb\":{\"@id\":\"https:\/\/www.fsfx.com.br\/hospital-marcio-cunha\/usisaude-e-a-primeira-no-vale-do-aco-e-a-segunda-em-minas-com-menor-indice-de-reclamacoes-2\/#breadcrumb\"},\"inLanguage\":\"pt-BR\",\"potentialAction\":[{\"@type\":\"ReadAction\",\"target\":[\"https:\/\/www.fsfx.com.br\/hospital-marcio-cunha\/usisaude-e-a-primeira-no-vale-do-aco-e-a-segunda-em-minas-com-menor-indice-de-reclamacoes-2\/\"]}]},{\"@type\":\"ImageObject\",\"inLanguage\":\"pt-BR\",\"@id\":\"https:\/\/www.fsfx.com.br\/hospital-marcio-cunha\/usisaude-e-a-primeira-no-vale-do-aco-e-a-segunda-em-minas-com-menor-indice-de-reclamacoes-2\/#primaryimage\",\"url\":\"http:\/\/www.fsfx.com.br\/wp-content\/uploads\/2015\/12\/DSC_2967-300x200.jpg\",\"contentUrl\":\"http:\/\/www.fsfx.com.br\/wp-content\/uploads\/2015\/12\/DSC_2967-300x200.jpg\"},{\"@type\":\"BreadcrumbList\",\"@id\":\"https:\/\/www.fsfx.com.br\/hospital-marcio-cunha\/usisaude-e-a-primeira-no-vale-do-aco-e-a-segunda-em-minas-com-menor-indice-de-reclamacoes-2\/#breadcrumb\",\"itemListElement\":[{\"@type\":\"ListItem\",\"position\":1,\"name\":\"In\u00edcio\",\"item\":\"https:\/\/www.fsfx.com.br\/hospital-marcio-cunha\/\"},{\"@type\":\"ListItem\",\"position\":2,\"name\":\"Usisa\u00fade \u00e9 a primeira no Vale do A\u00e7o e a segunda em Minas com menor \u00edndice de reclama\u00e7\u00f5es\"}]},{\"@type\":\"WebSite\",\"@id\":\"https:\/\/www.fsfx.com.br\/hospital-marcio-cunha\/#website\",\"url\":\"https:\/\/www.fsfx.com.br\/hospital-marcio-cunha\/\",\"name\":\"Hospital M\u00e1rcio Cunha\",\"description\":\"O Hospital M\u00e1rcio Cunha (HMC) \u00e9 um hospital geral de alta complexidade, com 558 leitos e tr\u00eas unidades, sendo uma unidade exclusiva para o tratamento oncol\u00f3gico.\",\"publisher\":{\"@id\":\"https:\/\/www.fsfx.com.br\/hospital-marcio-cunha\/#organization\"},\"potentialAction\":[{\"@type\":\"SearchAction\",\"target\":{\"@type\":\"EntryPoint\",\"urlTemplate\":\"https:\/\/www.fsfx.com.br\/hospital-marcio-cunha\/?s={search_term_string}\"},\"query-input\":{\"@type\":\"PropertyValueSpecification\",\"valueRequired\":true,\"valueName\":\"search_term_string\"}}],\"inLanguage\":\"pt-BR\"},{\"@type\":\"Organization\",\"@id\":\"https:\/\/www.fsfx.com.br\/hospital-marcio-cunha\/#organization\",\"name\":\"HMC - Hospital M\u00e1rcio Cunha\",\"url\":\"https:\/\/www.fsfx.com.br\/hospital-marcio-cunha\/\",\"logo\":{\"@type\":\"ImageObject\",\"inLanguage\":\"pt-BR\",\"@id\":\"https:\/\/www.fsfx.com.br\/hospital-marcio-cunha\/#\/schema\/logo\/image\/\",\"url\":\"https:\/\/www.fsfx.com.br\/hospital-marcio-cunha\/wp-content\/uploads\/sites\/9\/2022\/04\/logo-hmc-color.png\",\"contentUrl\":\"https:\/\/www.fsfx.com.br\/hospital-marcio-cunha\/wp-content\/uploads\/sites\/9\/2022\/04\/logo-hmc-color.png\",\"width\":264,\"height\":59,\"caption\":\"HMC - Hospital M\u00e1rcio Cunha\"},\"image\":{\"@id\":\"https:\/\/www.fsfx.com.br\/hospital-marcio-cunha\/#\/schema\/logo\/image\/\"}},{\"@type\":\"Person\",\"@id\":\"https:\/\/www.fsfx.com.br\/hospital-marcio-cunha\/#\/schema\/person\/7d2372fe1973398ab20a060bbb9a87d8\",\"name\":\"claudio\",\"image\":{\"@type\":\"ImageObject\",\"inLanguage\":\"pt-BR\",\"@id\":\"https:\/\/www.fsfx.com.br\/hospital-marcio-cunha\/#\/schema\/person\/image\/\",\"url\":\"https:\/\/secure.gravatar.com\/avatar\/724caacf0f2f073275cb3689c577e73e87e40150b1ffd648a67445e75aa7ff03?s=96&d=mm&r=g\",\"contentUrl\":\"https:\/\/secure.gravatar.com\/avatar\/724caacf0f2f073275cb3689c577e73e87e40150b1ffd648a67445e75aa7ff03?s=96&d=mm&r=g\",\"caption\":\"claudio\"},\"url\":\"https:\/\/www.fsfx.com.br\/hospital-marcio-cunha\/author\/claudio\/\"}]}<\/script>\n<!-- \/ Yoast SEO plugin. -->","yoast_head_json":{"title":"Usisa\u00fade \u00e9 a primeira no Vale do A\u00e7o e a segunda em Minas com menor \u00edndice de reclama\u00e7\u00f5es - Hospital M\u00e1rcio Cunha","robots":{"index":"index","follow":"follow","max-snippet":"max-snippet:-1","max-image-preview":"max-image-preview:large","max-video-preview":"max-video-preview:-1"},"canonical":"https:\/\/www.fsfx.com.br\/hospital-marcio-cunha\/usisaude-e-a-primeira-no-vale-do-aco-e-a-segunda-em-minas-com-menor-indice-de-reclamacoes-2\/","og_locale":"pt_BR","og_type":"article","og_title":"Usisa\u00fade \u00e9 a primeira no Vale do A\u00e7o e a segunda em Minas com menor \u00edndice de reclama\u00e7\u00f5es - Hospital M\u00e1rcio Cunha","og_description":"A Usisa\u00fade, administrada pela Funda\u00e7\u00e3o S\u00e3o Francisco Xavier, foi classificada pela Ag\u00eancia Nacional de Sa\u00fade Suplementar (ANS) como a operadora de planos de sa\u00fade de grande porte com o menor \u00edndice de reclama\u00e7\u00f5es no Vale do A\u00e7o e o segundo menor em Minas Gerais. A nota alcan\u00e7ada (0,92) referente ao m\u00eas de setembro, divulgada na [&hellip;]","og_url":"https:\/\/www.fsfx.com.br\/hospital-marcio-cunha\/usisaude-e-a-primeira-no-vale-do-aco-e-a-segunda-em-minas-com-menor-indice-de-reclamacoes-2\/","og_site_name":"Hospital M\u00e1rcio Cunha","article_published_time":"2020-05-06T18:21:13+00:00","og_image":[{"url":"http:\/\/www.fsfx.com.br\/wp-content\/uploads\/2015\/12\/DSC_2967-300x200.jpg","type":"","width":"","height":""}],"author":"claudio","twitter_card":"summary_large_image","twitter_misc":{"Escrito por":"claudio","Est. tempo de leitura":"2 minutos"},"schema":{"@context":"https:\/\/schema.org","@graph":[{"@type":"Article","@id":"https:\/\/www.fsfx.com.br\/hospital-marcio-cunha\/usisaude-e-a-primeira-no-vale-do-aco-e-a-segunda-em-minas-com-menor-indice-de-reclamacoes-2\/#article","isPartOf":{"@id":"https:\/\/www.fsfx.com.br\/hospital-marcio-cunha\/usisaude-e-a-primeira-no-vale-do-aco-e-a-segunda-em-minas-com-menor-indice-de-reclamacoes-2\/"},"author":{"name":"claudio","@id":"https:\/\/www.fsfx.com.br\/hospital-marcio-cunha\/#\/schema\/person\/7d2372fe1973398ab20a060bbb9a87d8"},"headline":"Usisa\u00fade \u00e9 a primeira no Vale do A\u00e7o e a segunda em Minas com menor \u00edndice de reclama\u00e7\u00f5es","datePublished":"2020-05-06T18:21:13+00:00","mainEntityOfPage":{"@id":"https:\/\/www.fsfx.com.br\/hospital-marcio-cunha\/usisaude-e-a-primeira-no-vale-do-aco-e-a-segunda-em-minas-com-menor-indice-de-reclamacoes-2\/"},"wordCount":391,"commentCount":0,"publisher":{"@id":"https:\/\/www.fsfx.com.br\/hospital-marcio-cunha\/#organization"},"image":{"@id":"https:\/\/www.fsfx.com.br\/hospital-marcio-cunha\/usisaude-e-a-primeira-no-vale-do-aco-e-a-segunda-em-minas-com-menor-indice-de-reclamacoes-2\/#primaryimage"},"thumbnailUrl":"http:\/\/www.fsfx.com.br\/wp-content\/uploads\/2015\/12\/DSC_2967-300x200.jpg","inLanguage":"pt-BR","potentialAction":[{"@type":"CommentAction","name":"Comment","target":["https:\/\/www.fsfx.com.br\/hospital-marcio-cunha\/usisaude-e-a-primeira-no-vale-do-aco-e-a-segunda-em-minas-com-menor-indice-de-reclamacoes-2\/#respond"]}]},{"@type":"WebPage","@id":"https:\/\/www.fsfx.com.br\/hospital-marcio-cunha\/usisaude-e-a-primeira-no-vale-do-aco-e-a-segunda-em-minas-com-menor-indice-de-reclamacoes-2\/","url":"https:\/\/www.fsfx.com.br\/hospital-marcio-cunha\/usisaude-e-a-primeira-no-vale-do-aco-e-a-segunda-em-minas-com-menor-indice-de-reclamacoes-2\/","name":"Usisa\u00fade \u00e9 a primeira no Vale do A\u00e7o e a segunda em Minas com menor \u00edndice de reclama\u00e7\u00f5es - Hospital M\u00e1rcio Cunha","isPartOf":{"@id":"https:\/\/www.fsfx.com.br\/hospital-marcio-cunha\/#website"},"primaryImageOfPage":{"@id":"https:\/\/www.fsfx.com.br\/hospital-marcio-cunha\/usisaude-e-a-primeira-no-vale-do-aco-e-a-segunda-em-minas-com-menor-indice-de-reclamacoes-2\/#primaryimage"},"image":{"@id":"https:\/\/www.fsfx.com.br\/hospital-marcio-cunha\/usisaude-e-a-primeira-no-vale-do-aco-e-a-segunda-em-minas-com-menor-indice-de-reclamacoes-2\/#primaryimage"},"thumbnailUrl":"http:\/\/www.fsfx.com.br\/wp-content\/uploads\/2015\/12\/DSC_2967-300x200.jpg","datePublished":"2020-05-06T18:21:13+00:00","breadcrumb":{"@id":"https:\/\/www.fsfx.com.br\/hospital-marcio-cunha\/usisaude-e-a-primeira-no-vale-do-aco-e-a-segunda-em-minas-com-menor-indice-de-reclamacoes-2\/#breadcrumb"},"inLanguage":"pt-BR","potentialAction":[{"@type":"ReadAction","target":["https:\/\/www.fsfx.com.br\/hospital-marcio-cunha\/usisaude-e-a-primeira-no-vale-do-aco-e-a-segunda-em-minas-com-menor-indice-de-reclamacoes-2\/"]}]},{"@type":"ImageObject","inLanguage":"pt-BR","@id":"https:\/\/www.fsfx.com.br\/hospital-marcio-cunha\/usisaude-e-a-primeira-no-vale-do-aco-e-a-segunda-em-minas-com-menor-indice-de-reclamacoes-2\/#primaryimage","url":"http:\/\/www.fsfx.com.br\/wp-content\/uploads\/2015\/12\/DSC_2967-300x200.jpg","contentUrl":"http:\/\/www.fsfx.com.br\/wp-content\/uploads\/2015\/12\/DSC_2967-300x200.jpg"},{"@type":"BreadcrumbList","@id":"https:\/\/www.fsfx.com.br\/hospital-marcio-cunha\/usisaude-e-a-primeira-no-vale-do-aco-e-a-segunda-em-minas-com-menor-indice-de-reclamacoes-2\/#breadcrumb","itemListElement":[{"@type":"ListItem","position":1,"name":"In\u00edcio","item":"https:\/\/www.fsfx.com.br\/hospital-marcio-cunha\/"},{"@type":"ListItem","position":2,"name":"Usisa\u00fade \u00e9 a primeira no Vale do A\u00e7o e a segunda em Minas com menor \u00edndice de reclama\u00e7\u00f5es"}]},{"@type":"WebSite","@id":"https:\/\/www.fsfx.com.br\/hospital-marcio-cunha\/#website","url":"https:\/\/www.fsfx.com.br\/hospital-marcio-cunha\/","name":"Hospital M\u00e1rcio Cunha","description":"O Hospital M\u00e1rcio Cunha (HMC) \u00e9 um hospital geral de alta complexidade, com 558 leitos e tr\u00eas unidades, sendo uma unidade exclusiva para o tratamento oncol\u00f3gico.","publisher":{"@id":"https:\/\/www.fsfx.com.br\/hospital-marcio-cunha\/#organization"},"potentialAction":[{"@type":"SearchAction","target":{"@type":"EntryPoint","urlTemplate":"https:\/\/www.fsfx.com.br\/hospital-marcio-cunha\/?s={search_term_string}"},"query-input":{"@type":"PropertyValueSpecification","valueRequired":true,"valueName":"search_term_string"}}],"inLanguage":"pt-BR"},{"@type":"Organization","@id":"https:\/\/www.fsfx.com.br\/hospital-marcio-cunha\/#organization","name":"HMC - Hospital M\u00e1rcio Cunha","url":"https:\/\/www.fsfx.com.br\/hospital-marcio-cunha\/","logo":{"@type":"ImageObject","inLanguage":"pt-BR","@id":"https:\/\/www.fsfx.com.br\/hospital-marcio-cunha\/#\/schema\/logo\/image\/","url":"https:\/\/www.fsfx.com.br\/hospital-marcio-cunha\/wp-content\/uploads\/sites\/9\/2022\/04\/logo-hmc-color.png","contentUrl":"https:\/\/www.fsfx.com.br\/hospital-marcio-cunha\/wp-content\/uploads\/sites\/9\/2022\/04\/logo-hmc-color.png","width":264,"height":59,"caption":"HMC - Hospital M\u00e1rcio Cunha"},"image":{"@id":"https:\/\/www.fsfx.com.br\/hospital-marcio-cunha\/#\/schema\/logo\/image\/"}},{"@type":"Person","@id":"https:\/\/www.fsfx.com.br\/hospital-marcio-cunha\/#\/schema\/person\/7d2372fe1973398ab20a060bbb9a87d8","name":"claudio","image":{"@type":"ImageObject","inLanguage":"pt-BR","@id":"https:\/\/www.fsfx.com.br\/hospital-marcio-cunha\/#\/schema\/person\/image\/","url":"https:\/\/secure.gravatar.com\/avatar\/724caacf0f2f073275cb3689c577e73e87e40150b1ffd648a67445e75aa7ff03?s=96&d=mm&r=g","contentUrl":"https:\/\/secure.gravatar.com\/avatar\/724caacf0f2f073275cb3689c577e73e87e40150b1ffd648a67445e75aa7ff03?s=96&d=mm&r=g","caption":"claudio"},"url":"https:\/\/www.fsfx.com.br\/hospital-marcio-cunha\/author\/claudio\/"}]}},"_links":{"self":[{"href":"https:\/\/www.fsfx.com.br\/hospital-marcio-cunha\/wp-json\/wp\/v2\/posts\/7162","targetHints":{"allow":["GET"]}}],"collection":[{"href":"https:\/\/www.fsfx.com.br\/hospital-marcio-cunha\/wp-json\/wp\/v2\/posts"}],"about":[{"href":"https:\/\/www.fsfx.com.br\/hospital-marcio-cunha\/wp-json\/wp\/v2\/types\/post"}],"author":[{"embeddable":true,"href":"https:\/\/www.fsfx.com.br\/hospital-marcio-cunha\/wp-json\/wp\/v2\/users\/2"}],"replies":[{"embeddable":true,"href":"https:\/\/www.fsfx.com.br\/hospital-marcio-cunha\/wp-json\/wp\/v2\/comments?post=7162"}],"version-history":[{"count":0,"href":"https:\/\/www.fsfx.com.br\/hospital-marcio-cunha\/wp-json\/wp\/v2\/posts\/7162\/revisions"}],"wp:attachment":[{"href":"https:\/\/www.fsfx.com.br\/hospital-marcio-cunha\/wp-json\/wp\/v2\/media?parent=7162"}],"wp:term":[{"taxonomy":"category","embeddable":true,"href":"https:\/\/www.fsfx.com.br\/hospital-marcio-cunha\/wp-json\/wp\/v2\/categories?post=7162"},{"taxonomy":"post_tag","embeddable":true,"href":"https:\/\/www.fsfx.com.br\/hospital-marcio-cunha\/wp-json\/wp\/v2\/tags?post=7162"}],"curies":[{"name":"wp","href":"https:\/\/api.w.org\/{rel}","templated":true}]}}