{"id":7165,"date":"2020-05-06T15:21:17","date_gmt":"2020-05-06T18:21:17","guid":{"rendered":"http:\/\/fsfx.com.br\/\/hmc\/2020\/05\/06\/usisaude-no-outubro-rosa-2\/"},"modified":"2020-05-06T15:21:17","modified_gmt":"2020-05-06T18:21:17","slug":"usisaude-no-outubro-rosa-2","status":"publish","type":"post","link":"https:\/\/www.fsfx.com.br\/hospital-marcio-cunha\/usisaude-no-outubro-rosa-2\/","title":{"rendered":"Usisa\u00fade no Outubro Rosa"},"content":{"rendered":"<p>No m\u00eas do \u0093Outubro Rosa\u0094, o Hospital M\u00e1rcio Cunha realiza mais que uma ilumina\u00e7\u00e3o especial nas fachadas do Pronto-Socorro e das Unidades II, de Oncologia e de Medicina Diagn\u00f3stica, com a cor s\u00edmbolo da campanha mundial para a preven\u00e7\u00e3o contra o c\u00e2ncer de mama. Al\u00e9m contemplar clientes do\u00a0Sistema \u00danico de Sa\u00fade (SUS), a campanha Outubro Rosa do Hospital M\u00e1rcio Cunha oferecer\u00e1 exames de mamografias\u00a0tamb\u00e9m \u00e0s benefici\u00e1rias da operadora de planos Usisa\u00fade, com idade entre 40 e 69 anos.<br \/>\nAs participantes ter\u00e3o isen\u00e7\u00e3o de coparticipa\u00e7\u00e3o para realiza\u00e7\u00e3o do exame de mamografia e por um per\u00edodo ainda maior, de outubro a dezembro. O agendamento do exame pode ser feito pelo telefone 0800 283 0040, no Hospital M\u00e1rcio Cunha ou em uma das cl\u00ednicas da rede credenciada da Usisa\u00fade. No dia do exame, n\u00e3o \u00e9 necess\u00e1rio levar o pedido m\u00e9dico e, de acordo com o resultado, a cl\u00ednica ir\u00e1 orientar a paciente sobre a necessidade de agendar uma consulta com o ginecologista.<br \/>\nA iniciativa Outubro Rosa \u00e9 uma forma de chamar a aten\u00e7\u00e3o das mulheres e tamb\u00e9m de seus companheiros, amigos e familiares para a preven\u00e7\u00e3o e a import\u00e2ncia do diagn\u00f3stico precoce, estimulando as mulheres a fazerem o exame da mamografia. Segundo o m\u00e9dico especialista em Radiologia e Diagn\u00f3stico por Imagem, Marcelo de Assis Hudson, quanto mais precoce a an\u00e1lise do c\u00e2ncer de mama, mais simples e resolutivo ser\u00e1 o tratamento, aumentando as chances de cura e eliminando a necessidade de procedimentos mais invasivos ou complicados. \u0093O Outubro Rosa \u00e9 imprescind\u00edvel para a conscientiza\u00e7\u00e3o da popula\u00e7\u00e3o sobre a importante ferramenta que temos hoje, o diagn\u00f3stico precoce\u0094, ressalta Marcelo Hudson.<br \/>\n<strong>Entenda o c\u00e2ncer de mama<\/strong><br \/>\nSegundo tipo da doen\u00e7a mais frequente no mundo, o c\u00e2ncer de mama \u00e9 o mais comum entre as mulheres e est\u00e1 mais presente na popula\u00e7\u00e3o do que se imagina. Para se ter uma compara\u00e7\u00e3o, a chance de uma pessoa ganhar na loteria \u00e9 de uma em 50 milh\u00f5es, enquanto que a probabilidade para se desenvolver o c\u00e2ncer de mama \u00e9 de uma em cada doze mulheres. Para o Instituto Nacional do C\u00e2ncer (Inca), atualmente ele responde por 25% dos casos novos de c\u00e2ncer no pa\u00eds a cada ano.<br \/>\nDa\u00ed o grande destaque para a mamografia, considerada hoje o principal m\u00e9todo utilizado para prevenir ou identificar o c\u00e2ncer de mama. Esse exame de rastreamento deve ser realizado anualmente em toda paciente acima de 40 anos. Pacientes que apresentam maior risco, como incid\u00eancia de c\u00e2ncer de mama na fam\u00edlia ou altera\u00e7\u00f5es gen\u00e9ticas, podem ainda iniciar o rastreamento a partir dos 30 anos de idade.<\/p>\n","protected":false},"excerpt":{"rendered":"<p>No m\u00eas do \u0093Outubro Rosa\u0094, o Hospital M\u00e1rcio Cunha realiza mais que uma ilumina\u00e7\u00e3o especial nas fachadas do Pronto-Socorro e das Unidades II, de Oncologia e de Medicina Diagn\u00f3stica, com a cor s\u00edmbolo da campanha mundial para a preven\u00e7\u00e3o contra o c\u00e2ncer de mama. Al\u00e9m contemplar clientes do\u00a0Sistema \u00danico de Sa\u00fade (SUS), a campanha Outubro [&hellip;]<\/p>\n","protected":false},"author":2,"featured_media":0,"comment_status":"open","ping_status":"open","sticky":false,"template":"","format":"standard","meta":{"_acf_changed":false,"site-sidebar-layout":"default","site-content-layout":"","ast-site-content-layout":"default","site-content-style":"default","site-sidebar-style":"default","ast-global-header-display":"","ast-banner-title-visibility":"","ast-main-header-display":"","ast-hfb-above-header-display":"","ast-hfb-below-header-display":"","ast-hfb-mobile-header-display":"","site-post-title":"","ast-breadcrumbs-content":"","ast-featured-img":"","footer-sml-layout":"","theme-transparent-header-meta":"","adv-header-id-meta":"","stick-header-meta":"","header-above-stick-meta":"","header-main-stick-meta":"","header-below-stick-meta":"","astra-migrate-meta-layouts":"default","ast-page-background-enabled":"default","ast-page-background-meta":{"desktop":{"background-color":"var(--ast-global-color-4)","background-image":"","background-repeat":"repeat","background-position":"center center","background-size":"auto","background-attachment":"scroll","background-type":"","background-media":"","overlay-type":"","overlay-color":"","overlay-opacity":"","overlay-gradient":""},"tablet":{"background-color":"","background-image":"","background-repeat":"repeat","background-position":"center center","background-size":"auto","background-attachment":"scroll","background-type":"","background-media":"","overlay-type":"","overlay-color":"","overlay-opacity":"","overlay-gradient":""},"mobile":{"background-color":"","background-image":"","background-repeat":"repeat","background-position":"center center","background-size":"auto","background-attachment":"scroll","background-type":"","background-media":"","overlay-type":"","overlay-color":"","overlay-opacity":"","overlay-gradient":""}},"ast-content-background-meta":{"desktop":{"background-color":"var(--ast-global-color-5)","background-image":"","background-repeat":"repeat","background-position":"center center","background-size":"auto","background-attachment":"scroll","background-type":"","background-media":"","overlay-type":"","overlay-color":"","overlay-opacity":"","overlay-gradient":""},"tablet":{"background-color":"var(--ast-global-color-5)","background-image":"","background-repeat":"repeat","background-position":"center center","background-size":"auto","background-attachment":"scroll","background-type":"","background-media":"","overlay-type":"","overlay-color":"","overlay-opacity":"","overlay-gradient":""},"mobile":{"background-color":"var(--ast-global-color-5)","background-image":"","background-repeat":"repeat","background-position":"center center","background-size":"auto","background-attachment":"scroll","background-type":"","background-media":"","overlay-type":"","overlay-color":"","overlay-opacity":"","overlay-gradient":""}},"footnotes":""},"categories":[1],"tags":[],"class_list":["post-7165","post","type-post","status-publish","format-standard","hentry","category-sem-categoria"],"acf":[],"yoast_head":"<!-- This site is optimized with the Yoast SEO plugin v26.9 - https:\/\/yoast.com\/product\/yoast-seo-wordpress\/ -->\n<title>Usisa\u00fade no Outubro Rosa - Hospital M\u00e1rcio Cunha<\/title>\n<meta name=\"robots\" content=\"index, follow, max-snippet:-1, max-image-preview:large, max-video-preview:-1\" \/>\n<link rel=\"canonical\" href=\"https:\/\/www.fsfx.com.br\/hospital-marcio-cunha\/usisaude-no-outubro-rosa-2\/\" \/>\n<meta property=\"og:locale\" content=\"pt_BR\" \/>\n<meta property=\"og:type\" content=\"article\" \/>\n<meta property=\"og:title\" content=\"Usisa\u00fade no Outubro Rosa - Hospital M\u00e1rcio Cunha\" \/>\n<meta property=\"og:description\" content=\"No m\u00eas do \u0093Outubro Rosa\u0094, o Hospital M\u00e1rcio Cunha realiza mais que uma ilumina\u00e7\u00e3o especial nas fachadas do Pronto-Socorro e das Unidades II, de Oncologia e de Medicina Diagn\u00f3stica, com a cor s\u00edmbolo da campanha mundial para a preven\u00e7\u00e3o contra o c\u00e2ncer de mama. Al\u00e9m contemplar clientes do\u00a0Sistema \u00danico de Sa\u00fade (SUS), a campanha Outubro [&hellip;]\" \/>\n<meta property=\"og:url\" content=\"https:\/\/www.fsfx.com.br\/hospital-marcio-cunha\/usisaude-no-outubro-rosa-2\/\" \/>\n<meta property=\"og:site_name\" content=\"Hospital M\u00e1rcio Cunha\" \/>\n<meta property=\"article:published_time\" content=\"2020-05-06T18:21:17+00:00\" \/>\n<meta name=\"author\" content=\"claudio\" \/>\n<meta name=\"twitter:card\" content=\"summary_large_image\" \/>\n<meta name=\"twitter:label1\" content=\"Escrito por\" \/>\n\t<meta name=\"twitter:data1\" content=\"claudio\" \/>\n\t<meta name=\"twitter:label2\" content=\"Est. tempo de leitura\" \/>\n\t<meta name=\"twitter:data2\" content=\"2 minutos\" \/>\n<script type=\"application\/ld+json\" class=\"yoast-schema-graph\">{\"@context\":\"https:\/\/schema.org\",\"@graph\":[{\"@type\":\"Article\",\"@id\":\"https:\/\/www.fsfx.com.br\/hospital-marcio-cunha\/usisaude-no-outubro-rosa-2\/#article\",\"isPartOf\":{\"@id\":\"https:\/\/www.fsfx.com.br\/hospital-marcio-cunha\/usisaude-no-outubro-rosa-2\/\"},\"author\":{\"name\":\"claudio\",\"@id\":\"https:\/\/www.fsfx.com.br\/hospital-marcio-cunha\/#\/schema\/person\/7d2372fe1973398ab20a060bbb9a87d8\"},\"headline\":\"Usisa\u00fade no Outubro Rosa\",\"datePublished\":\"2020-05-06T18:21:17+00:00\",\"mainEntityOfPage\":{\"@id\":\"https:\/\/www.fsfx.com.br\/hospital-marcio-cunha\/usisaude-no-outubro-rosa-2\/\"},\"wordCount\":470,\"commentCount\":0,\"publisher\":{\"@id\":\"https:\/\/www.fsfx.com.br\/hospital-marcio-cunha\/#organization\"},\"inLanguage\":\"pt-BR\",\"potentialAction\":[{\"@type\":\"CommentAction\",\"name\":\"Comment\",\"target\":[\"https:\/\/www.fsfx.com.br\/hospital-marcio-cunha\/usisaude-no-outubro-rosa-2\/#respond\"]}]},{\"@type\":\"WebPage\",\"@id\":\"https:\/\/www.fsfx.com.br\/hospital-marcio-cunha\/usisaude-no-outubro-rosa-2\/\",\"url\":\"https:\/\/www.fsfx.com.br\/hospital-marcio-cunha\/usisaude-no-outubro-rosa-2\/\",\"name\":\"Usisa\u00fade no Outubro Rosa - Hospital M\u00e1rcio Cunha\",\"isPartOf\":{\"@id\":\"https:\/\/www.fsfx.com.br\/hospital-marcio-cunha\/#website\"},\"datePublished\":\"2020-05-06T18:21:17+00:00\",\"breadcrumb\":{\"@id\":\"https:\/\/www.fsfx.com.br\/hospital-marcio-cunha\/usisaude-no-outubro-rosa-2\/#breadcrumb\"},\"inLanguage\":\"pt-BR\",\"potentialAction\":[{\"@type\":\"ReadAction\",\"target\":[\"https:\/\/www.fsfx.com.br\/hospital-marcio-cunha\/usisaude-no-outubro-rosa-2\/\"]}]},{\"@type\":\"BreadcrumbList\",\"@id\":\"https:\/\/www.fsfx.com.br\/hospital-marcio-cunha\/usisaude-no-outubro-rosa-2\/#breadcrumb\",\"itemListElement\":[{\"@type\":\"ListItem\",\"position\":1,\"name\":\"In\u00edcio\",\"item\":\"https:\/\/www.fsfx.com.br\/hospital-marcio-cunha\/\"},{\"@type\":\"ListItem\",\"position\":2,\"name\":\"Usisa\u00fade no Outubro Rosa\"}]},{\"@type\":\"WebSite\",\"@id\":\"https:\/\/www.fsfx.com.br\/hospital-marcio-cunha\/#website\",\"url\":\"https:\/\/www.fsfx.com.br\/hospital-marcio-cunha\/\",\"name\":\"Hospital M\u00e1rcio Cunha\",\"description\":\"O Hospital M\u00e1rcio Cunha (HMC) \u00e9 um hospital geral de alta complexidade, com 558 leitos e tr\u00eas unidades, sendo uma unidade exclusiva para o tratamento oncol\u00f3gico.\",\"publisher\":{\"@id\":\"https:\/\/www.fsfx.com.br\/hospital-marcio-cunha\/#organization\"},\"potentialAction\":[{\"@type\":\"SearchAction\",\"target\":{\"@type\":\"EntryPoint\",\"urlTemplate\":\"https:\/\/www.fsfx.com.br\/hospital-marcio-cunha\/?s={search_term_string}\"},\"query-input\":{\"@type\":\"PropertyValueSpecification\",\"valueRequired\":true,\"valueName\":\"search_term_string\"}}],\"inLanguage\":\"pt-BR\"},{\"@type\":\"Organization\",\"@id\":\"https:\/\/www.fsfx.com.br\/hospital-marcio-cunha\/#organization\",\"name\":\"HMC - Hospital M\u00e1rcio Cunha\",\"url\":\"https:\/\/www.fsfx.com.br\/hospital-marcio-cunha\/\",\"logo\":{\"@type\":\"ImageObject\",\"inLanguage\":\"pt-BR\",\"@id\":\"https:\/\/www.fsfx.com.br\/hospital-marcio-cunha\/#\/schema\/logo\/image\/\",\"url\":\"https:\/\/www.fsfx.com.br\/hospital-marcio-cunha\/wp-content\/uploads\/sites\/9\/2022\/04\/logo-hmc-color.png\",\"contentUrl\":\"https:\/\/www.fsfx.com.br\/hospital-marcio-cunha\/wp-content\/uploads\/sites\/9\/2022\/04\/logo-hmc-color.png\",\"width\":264,\"height\":59,\"caption\":\"HMC - Hospital M\u00e1rcio Cunha\"},\"image\":{\"@id\":\"https:\/\/www.fsfx.com.br\/hospital-marcio-cunha\/#\/schema\/logo\/image\/\"}},{\"@type\":\"Person\",\"@id\":\"https:\/\/www.fsfx.com.br\/hospital-marcio-cunha\/#\/schema\/person\/7d2372fe1973398ab20a060bbb9a87d8\",\"name\":\"claudio\",\"image\":{\"@type\":\"ImageObject\",\"inLanguage\":\"pt-BR\",\"@id\":\"https:\/\/www.fsfx.com.br\/hospital-marcio-cunha\/#\/schema\/person\/image\/\",\"url\":\"https:\/\/secure.gravatar.com\/avatar\/724caacf0f2f073275cb3689c577e73e87e40150b1ffd648a67445e75aa7ff03?s=96&d=mm&r=g\",\"contentUrl\":\"https:\/\/secure.gravatar.com\/avatar\/724caacf0f2f073275cb3689c577e73e87e40150b1ffd648a67445e75aa7ff03?s=96&d=mm&r=g\",\"caption\":\"claudio\"},\"url\":\"https:\/\/www.fsfx.com.br\/hospital-marcio-cunha\/author\/claudio\/\"}]}<\/script>\n<!-- \/ Yoast SEO plugin. -->","yoast_head_json":{"title":"Usisa\u00fade no Outubro Rosa - Hospital M\u00e1rcio Cunha","robots":{"index":"index","follow":"follow","max-snippet":"max-snippet:-1","max-image-preview":"max-image-preview:large","max-video-preview":"max-video-preview:-1"},"canonical":"https:\/\/www.fsfx.com.br\/hospital-marcio-cunha\/usisaude-no-outubro-rosa-2\/","og_locale":"pt_BR","og_type":"article","og_title":"Usisa\u00fade no Outubro Rosa - Hospital M\u00e1rcio Cunha","og_description":"No m\u00eas do \u0093Outubro Rosa\u0094, o Hospital M\u00e1rcio Cunha realiza mais que uma ilumina\u00e7\u00e3o especial nas fachadas do Pronto-Socorro e das Unidades II, de Oncologia e de Medicina Diagn\u00f3stica, com a cor s\u00edmbolo da campanha mundial para a preven\u00e7\u00e3o contra o c\u00e2ncer de mama. Al\u00e9m contemplar clientes do\u00a0Sistema \u00danico de Sa\u00fade (SUS), a campanha Outubro [&hellip;]","og_url":"https:\/\/www.fsfx.com.br\/hospital-marcio-cunha\/usisaude-no-outubro-rosa-2\/","og_site_name":"Hospital M\u00e1rcio Cunha","article_published_time":"2020-05-06T18:21:17+00:00","author":"claudio","twitter_card":"summary_large_image","twitter_misc":{"Escrito por":"claudio","Est. tempo de leitura":"2 minutos"},"schema":{"@context":"https:\/\/schema.org","@graph":[{"@type":"Article","@id":"https:\/\/www.fsfx.com.br\/hospital-marcio-cunha\/usisaude-no-outubro-rosa-2\/#article","isPartOf":{"@id":"https:\/\/www.fsfx.com.br\/hospital-marcio-cunha\/usisaude-no-outubro-rosa-2\/"},"author":{"name":"claudio","@id":"https:\/\/www.fsfx.com.br\/hospital-marcio-cunha\/#\/schema\/person\/7d2372fe1973398ab20a060bbb9a87d8"},"headline":"Usisa\u00fade no Outubro Rosa","datePublished":"2020-05-06T18:21:17+00:00","mainEntityOfPage":{"@id":"https:\/\/www.fsfx.com.br\/hospital-marcio-cunha\/usisaude-no-outubro-rosa-2\/"},"wordCount":470,"commentCount":0,"publisher":{"@id":"https:\/\/www.fsfx.com.br\/hospital-marcio-cunha\/#organization"},"inLanguage":"pt-BR","potentialAction":[{"@type":"CommentAction","name":"Comment","target":["https:\/\/www.fsfx.com.br\/hospital-marcio-cunha\/usisaude-no-outubro-rosa-2\/#respond"]}]},{"@type":"WebPage","@id":"https:\/\/www.fsfx.com.br\/hospital-marcio-cunha\/usisaude-no-outubro-rosa-2\/","url":"https:\/\/www.fsfx.com.br\/hospital-marcio-cunha\/usisaude-no-outubro-rosa-2\/","name":"Usisa\u00fade no Outubro Rosa - Hospital M\u00e1rcio Cunha","isPartOf":{"@id":"https:\/\/www.fsfx.com.br\/hospital-marcio-cunha\/#website"},"datePublished":"2020-05-06T18:21:17+00:00","breadcrumb":{"@id":"https:\/\/www.fsfx.com.br\/hospital-marcio-cunha\/usisaude-no-outubro-rosa-2\/#breadcrumb"},"inLanguage":"pt-BR","potentialAction":[{"@type":"ReadAction","target":["https:\/\/www.fsfx.com.br\/hospital-marcio-cunha\/usisaude-no-outubro-rosa-2\/"]}]},{"@type":"BreadcrumbList","@id":"https:\/\/www.fsfx.com.br\/hospital-marcio-cunha\/usisaude-no-outubro-rosa-2\/#breadcrumb","itemListElement":[{"@type":"ListItem","position":1,"name":"In\u00edcio","item":"https:\/\/www.fsfx.com.br\/hospital-marcio-cunha\/"},{"@type":"ListItem","position":2,"name":"Usisa\u00fade no Outubro Rosa"}]},{"@type":"WebSite","@id":"https:\/\/www.fsfx.com.br\/hospital-marcio-cunha\/#website","url":"https:\/\/www.fsfx.com.br\/hospital-marcio-cunha\/","name":"Hospital M\u00e1rcio Cunha","description":"O Hospital M\u00e1rcio Cunha (HMC) \u00e9 um hospital geral de alta complexidade, com 558 leitos e tr\u00eas unidades, sendo uma unidade exclusiva para o tratamento oncol\u00f3gico.","publisher":{"@id":"https:\/\/www.fsfx.com.br\/hospital-marcio-cunha\/#organization"},"potentialAction":[{"@type":"SearchAction","target":{"@type":"EntryPoint","urlTemplate":"https:\/\/www.fsfx.com.br\/hospital-marcio-cunha\/?s={search_term_string}"},"query-input":{"@type":"PropertyValueSpecification","valueRequired":true,"valueName":"search_term_string"}}],"inLanguage":"pt-BR"},{"@type":"Organization","@id":"https:\/\/www.fsfx.com.br\/hospital-marcio-cunha\/#organization","name":"HMC - Hospital M\u00e1rcio Cunha","url":"https:\/\/www.fsfx.com.br\/hospital-marcio-cunha\/","logo":{"@type":"ImageObject","inLanguage":"pt-BR","@id":"https:\/\/www.fsfx.com.br\/hospital-marcio-cunha\/#\/schema\/logo\/image\/","url":"https:\/\/www.fsfx.com.br\/hospital-marcio-cunha\/wp-content\/uploads\/sites\/9\/2022\/04\/logo-hmc-color.png","contentUrl":"https:\/\/www.fsfx.com.br\/hospital-marcio-cunha\/wp-content\/uploads\/sites\/9\/2022\/04\/logo-hmc-color.png","width":264,"height":59,"caption":"HMC - Hospital M\u00e1rcio Cunha"},"image":{"@id":"https:\/\/www.fsfx.com.br\/hospital-marcio-cunha\/#\/schema\/logo\/image\/"}},{"@type":"Person","@id":"https:\/\/www.fsfx.com.br\/hospital-marcio-cunha\/#\/schema\/person\/7d2372fe1973398ab20a060bbb9a87d8","name":"claudio","image":{"@type":"ImageObject","inLanguage":"pt-BR","@id":"https:\/\/www.fsfx.com.br\/hospital-marcio-cunha\/#\/schema\/person\/image\/","url":"https:\/\/secure.gravatar.com\/avatar\/724caacf0f2f073275cb3689c577e73e87e40150b1ffd648a67445e75aa7ff03?s=96&d=mm&r=g","contentUrl":"https:\/\/secure.gravatar.com\/avatar\/724caacf0f2f073275cb3689c577e73e87e40150b1ffd648a67445e75aa7ff03?s=96&d=mm&r=g","caption":"claudio"},"url":"https:\/\/www.fsfx.com.br\/hospital-marcio-cunha\/author\/claudio\/"}]}},"_links":{"self":[{"href":"https:\/\/www.fsfx.com.br\/hospital-marcio-cunha\/wp-json\/wp\/v2\/posts\/7165","targetHints":{"allow":["GET"]}}],"collection":[{"href":"https:\/\/www.fsfx.com.br\/hospital-marcio-cunha\/wp-json\/wp\/v2\/posts"}],"about":[{"href":"https:\/\/www.fsfx.com.br\/hospital-marcio-cunha\/wp-json\/wp\/v2\/types\/post"}],"author":[{"embeddable":true,"href":"https:\/\/www.fsfx.com.br\/hospital-marcio-cunha\/wp-json\/wp\/v2\/users\/2"}],"replies":[{"embeddable":true,"href":"https:\/\/www.fsfx.com.br\/hospital-marcio-cunha\/wp-json\/wp\/v2\/comments?post=7165"}],"version-history":[{"count":0,"href":"https:\/\/www.fsfx.com.br\/hospital-marcio-cunha\/wp-json\/wp\/v2\/posts\/7165\/revisions"}],"wp:attachment":[{"href":"https:\/\/www.fsfx.com.br\/hospital-marcio-cunha\/wp-json\/wp\/v2\/media?parent=7165"}],"wp:term":[{"taxonomy":"category","embeddable":true,"href":"https:\/\/www.fsfx.com.br\/hospital-marcio-cunha\/wp-json\/wp\/v2\/categories?post=7165"},{"taxonomy":"post_tag","embeddable":true,"href":"https:\/\/www.fsfx.com.br\/hospital-marcio-cunha\/wp-json\/wp\/v2\/tags?post=7165"}],"curies":[{"name":"wp","href":"https:\/\/api.w.org\/{rel}","templated":true}]}}