{"id":7183,"date":"2020-07-08T13:07:43","date_gmt":"2020-07-08T16:07:43","guid":{"rendered":"https:\/\/www.fsfx.com.br\/hmc\/?p=359"},"modified":"2020-07-08T13:07:43","modified_gmt":"2020-07-08T16:07:43","slug":"automedicacao-pode-levar-ao-agravamento-do-quadro-de-saude-3","status":"publish","type":"post","link":"https:\/\/www.fsfx.com.br\/hospital-marcio-cunha\/automedicacao-pode-levar-ao-agravamento-do-quadro-de-saude-3\/","title":{"rendered":"Automedica\u00e7\u00e3o pode levar ao  agravamento do quadro de sa\u00fade"},"content":{"rendered":"\n<p style=\"color:#888888\" class=\"has-text-color has-medium-font-size\"><em><strong>O uso de rem\u00e9dios de maneira incorreta pode resultar em diversas consequ\u00eancias que v\u00e3o desde rea\u00e7\u00f5es al\u00e9rgicas a riscos \u00e0 sa\u00fade<\/strong><\/em><\/p>\n\n\n<div style=\"height:49px\" aria-hidden=\"true\" class=\"wp-block-spacer\"><\/div>\n\n\n<p>A pr\u00e1tica da automedica\u00e7\u00e3o, muitas vezes \u00e9 vista como uma solu\u00e7\u00e3o para o al\u00edvio imediato de alguns sintomas, mas n\u00e3o \u00e9 correta e pode trazer consequ\u00eancias mais graves do que se imagina. Em situa\u00e7\u00f5es como a da pandemia do novo Coronav\u00edrus, os cuidados ao ingerir medicamentos devem ser redobrados.<\/p>\n\n\n<p>O uso de rem\u00e9dios de forma incorreta pode acarretar o agravamento de uma doen\u00e7a, pois a utiliza\u00e7\u00e3o errada pode esconder determinados sintomas. A automedica\u00e7\u00e3o pode causar ainda uma combina\u00e7\u00e3o inadequada com outro medicamento de uso recomendado, o que pode fazer com que um rem\u00e9dio anule ou potencialize o efeito do outro.<\/p>\n\n\n<p>A utiliza\u00e7\u00e3o de medicamentos sem prescri\u00e7\u00e3o pode trazer, ainda, consequ\u00eancias como: rea\u00e7\u00f5es al\u00e9rgicas, depend\u00eancia e at\u00e9 a morte. Com a pandemia do Covid-19 em todo o mundo, \u00e9 importante evidenciar ainda mais os riscos que podem ser causados pela automedica\u00e7\u00e3o. \u201cO uso abusivo de medicamentos sem prescri\u00e7\u00e3o pode facilitar o aumento da resist\u00eancia do organismo do paciente e comprometer a efic\u00e1cia dos tratamentos. Cabe ao m\u00e9dico diagnosticar doen\u00e7as, identificar sintomas e indicar qual o melhor medicamento e a dosagem correta para tratamento. A receita m\u00e9dica \u00e9 a garantia de que houve uma avalia\u00e7\u00e3o profissional para recomendar a utiliza\u00e7\u00e3o do medicamento ao paciente\u201d, ressalta Dra. Ana Rosa dos Santos, superintendente do Hospital de Cubat\u00e3o, administrado pela Funda\u00e7\u00e3o S\u00e3o Francisco Xavier.<\/p>\n\n\n<p>O novo Coronav\u00edrus pode ser confundido com uma gripe, as pessoas podem se sentir confort\u00e1veis para ingerir medicamentos considerados inofensivos. Alguns medicamentos n\u00e3o necessitam de prescri\u00e7\u00e3o m\u00e9dica para a venda, mas os riscos com a ingest\u00e3o incorreta desses rem\u00e9dios tamb\u00e9m devem ser avaliados. A automedica\u00e7\u00e3o n\u00e3o \u00e9 recomendada em nenhum caso, nem para aqueles quadros que as pessoas podem considerar mais simples. O uso de qualquer medica\u00e7\u00e3o deve ser levado a s\u00e9rio e ser feito apenas em situa\u00e7\u00f5es extremamente necess\u00e1rias, principalmente no caso de pacientes idosos.<\/p>\n\n\n<p><strong><em>Atendimento<\/em><\/strong><strong><em><\/em><\/strong><\/p>\n\n\n<p>\u00c9 importante seguir todas as orienta\u00e7\u00f5es profissionais quanto \u00e0 identifica\u00e7\u00e3o dos sintomas do Covid-19 e procurar atendimento m\u00e9dico apenas em situa\u00e7\u00f5es mais graves. \u201dUm m\u00ednimo sintoma respirat\u00f3rio n\u00e3o \u00e9 indicativo de que um paciente deve procurar um pronto-socorro (servi\u00e7o de urg\u00eancia). A orienta\u00e7\u00e3o \u00e9 que a pessoa fique em casa de repouso e procure de prefer\u00eancia os atendimentos eletr\u00f4nicos (telefones) disponibilizados pelos munic\u00edpios e servi\u00e7os de sa\u00fade, para o devido direcionamento do seu caso. A informa\u00e7\u00e3o correta \u00e9 o melhor caminho para que todos mantenham a calma nesse momento e respeitem as orienta\u00e7\u00f5es m\u00e9dicas\u201d, conclui Dr. Abner.<\/p>\n","protected":false},"excerpt":{"rendered":"<p>O uso de rem\u00e9dios de maneira incorreta pode resultar em diversas consequ\u00eancias que v\u00e3o desde rea\u00e7\u00f5es al\u00e9rgicas a riscos \u00e0 sa\u00fade A pr\u00e1tica da automedica\u00e7\u00e3o, muitas vezes \u00e9 vista como uma solu\u00e7\u00e3o para o al\u00edvio imediato de alguns sintomas, mas n\u00e3o \u00e9 correta e pode trazer consequ\u00eancias mais graves do que se imagina. Em situa\u00e7\u00f5es [&hellip;]<\/p>\n","protected":false},"author":2,"featured_media":0,"comment_status":"open","ping_status":"open","sticky":false,"template":"","format":"standard","meta":{"_acf_changed":false,"site-sidebar-layout":"default","site-content-layout":"","ast-site-content-layout":"default","site-content-style":"default","site-sidebar-style":"default","ast-global-header-display":"","ast-banner-title-visibility":"","ast-main-header-display":"","ast-hfb-above-header-display":"","ast-hfb-below-header-display":"","ast-hfb-mobile-header-display":"","site-post-title":"","ast-breadcrumbs-content":"","ast-featured-img":"","footer-sml-layout":"","theme-transparent-header-meta":"","adv-header-id-meta":"","stick-header-meta":"","header-above-stick-meta":"","header-main-stick-meta":"","header-below-stick-meta":"","astra-migrate-meta-layouts":"default","ast-page-background-enabled":"default","ast-page-background-meta":{"desktop":{"background-color":"var(--ast-global-color-4)","background-image":"","background-repeat":"repeat","background-position":"center center","background-size":"auto","background-attachment":"scroll","background-type":"","background-media":"","overlay-type":"","overlay-color":"","overlay-opacity":"","overlay-gradient":""},"tablet":{"background-color":"","background-image":"","background-repeat":"repeat","background-position":"center center","background-size":"auto","background-attachment":"scroll","background-type":"","background-media":"","overlay-type":"","overlay-color":"","overlay-opacity":"","overlay-gradient":""},"mobile":{"background-color":"","background-image":"","background-repeat":"repeat","background-position":"center center","background-size":"auto","background-attachment":"scroll","background-type":"","background-media":"","overlay-type":"","overlay-color":"","overlay-opacity":"","overlay-gradient":""}},"ast-content-background-meta":{"desktop":{"background-color":"var(--ast-global-color-5)","background-image":"","background-repeat":"repeat","background-position":"center center","background-size":"auto","background-attachment":"scroll","background-type":"","background-media":"","overlay-type":"","overlay-color":"","overlay-opacity":"","overlay-gradient":""},"tablet":{"background-color":"var(--ast-global-color-5)","background-image":"","background-repeat":"repeat","background-position":"center center","background-size":"auto","background-attachment":"scroll","background-type":"","background-media":"","overlay-type":"","overlay-color":"","overlay-opacity":"","overlay-gradient":""},"mobile":{"background-color":"var(--ast-global-color-5)","background-image":"","background-repeat":"repeat","background-position":"center center","background-size":"auto","background-attachment":"scroll","background-type":"","background-media":"","overlay-type":"","overlay-color":"","overlay-opacity":"","overlay-gradient":""}},"footnotes":""},"categories":[1],"tags":[],"class_list":["post-7183","post","type-post","status-publish","format-standard","hentry","category-sem-categoria"],"acf":[],"yoast_head":"<!-- This site is optimized with the Yoast SEO plugin v26.9 - https:\/\/yoast.com\/product\/yoast-seo-wordpress\/ -->\n<title>Automedica\u00e7\u00e3o pode levar ao agravamento do quadro de sa\u00fade - Hospital M\u00e1rcio Cunha<\/title>\n<meta name=\"robots\" content=\"index, follow, max-snippet:-1, max-image-preview:large, max-video-preview:-1\" \/>\n<link rel=\"canonical\" href=\"https:\/\/www.fsfx.com.br\/hospital-marcio-cunha\/automedicacao-pode-levar-ao-agravamento-do-quadro-de-saude-3\/\" \/>\n<meta property=\"og:locale\" content=\"pt_BR\" \/>\n<meta property=\"og:type\" content=\"article\" \/>\n<meta property=\"og:title\" content=\"Automedica\u00e7\u00e3o pode levar ao agravamento do quadro de sa\u00fade - Hospital M\u00e1rcio Cunha\" \/>\n<meta property=\"og:description\" content=\"O uso de rem\u00e9dios de maneira incorreta pode resultar em diversas consequ\u00eancias que v\u00e3o desde rea\u00e7\u00f5es al\u00e9rgicas a riscos \u00e0 sa\u00fade A pr\u00e1tica da automedica\u00e7\u00e3o, muitas vezes \u00e9 vista como uma solu\u00e7\u00e3o para o al\u00edvio imediato de alguns sintomas, mas n\u00e3o \u00e9 correta e pode trazer consequ\u00eancias mais graves do que se imagina. Em situa\u00e7\u00f5es [&hellip;]\" \/>\n<meta property=\"og:url\" content=\"https:\/\/www.fsfx.com.br\/hospital-marcio-cunha\/automedicacao-pode-levar-ao-agravamento-do-quadro-de-saude-3\/\" \/>\n<meta property=\"og:site_name\" content=\"Hospital M\u00e1rcio Cunha\" \/>\n<meta property=\"article:published_time\" content=\"2020-07-08T16:07:43+00:00\" \/>\n<meta name=\"author\" content=\"claudio\" \/>\n<meta name=\"twitter:card\" content=\"summary_large_image\" \/>\n<meta name=\"twitter:label1\" content=\"Escrito por\" \/>\n\t<meta name=\"twitter:data1\" content=\"claudio\" \/>\n\t<meta name=\"twitter:label2\" content=\"Est. tempo de leitura\" \/>\n\t<meta name=\"twitter:data2\" content=\"2 minutos\" \/>\n<script type=\"application\/ld+json\" class=\"yoast-schema-graph\">{\"@context\":\"https:\/\/schema.org\",\"@graph\":[{\"@type\":\"Article\",\"@id\":\"https:\/\/www.fsfx.com.br\/hospital-marcio-cunha\/automedicacao-pode-levar-ao-agravamento-do-quadro-de-saude-3\/#article\",\"isPartOf\":{\"@id\":\"https:\/\/www.fsfx.com.br\/hospital-marcio-cunha\/automedicacao-pode-levar-ao-agravamento-do-quadro-de-saude-3\/\"},\"author\":{\"name\":\"claudio\",\"@id\":\"https:\/\/www.fsfx.com.br\/hospital-marcio-cunha\/#\/schema\/person\/7d2372fe1973398ab20a060bbb9a87d8\"},\"headline\":\"Automedica\u00e7\u00e3o pode levar ao agravamento do quadro de sa\u00fade\",\"datePublished\":\"2020-07-08T16:07:43+00:00\",\"mainEntityOfPage\":{\"@id\":\"https:\/\/www.fsfx.com.br\/hospital-marcio-cunha\/automedicacao-pode-levar-ao-agravamento-do-quadro-de-saude-3\/\"},\"wordCount\":494,\"commentCount\":0,\"publisher\":{\"@id\":\"https:\/\/www.fsfx.com.br\/hospital-marcio-cunha\/#organization\"},\"inLanguage\":\"pt-BR\",\"potentialAction\":[{\"@type\":\"CommentAction\",\"name\":\"Comment\",\"target\":[\"https:\/\/www.fsfx.com.br\/hospital-marcio-cunha\/automedicacao-pode-levar-ao-agravamento-do-quadro-de-saude-3\/#respond\"]}]},{\"@type\":\"WebPage\",\"@id\":\"https:\/\/www.fsfx.com.br\/hospital-marcio-cunha\/automedicacao-pode-levar-ao-agravamento-do-quadro-de-saude-3\/\",\"url\":\"https:\/\/www.fsfx.com.br\/hospital-marcio-cunha\/automedicacao-pode-levar-ao-agravamento-do-quadro-de-saude-3\/\",\"name\":\"Automedica\u00e7\u00e3o pode levar ao agravamento do quadro de sa\u00fade - Hospital M\u00e1rcio Cunha\",\"isPartOf\":{\"@id\":\"https:\/\/www.fsfx.com.br\/hospital-marcio-cunha\/#website\"},\"datePublished\":\"2020-07-08T16:07:43+00:00\",\"breadcrumb\":{\"@id\":\"https:\/\/www.fsfx.com.br\/hospital-marcio-cunha\/automedicacao-pode-levar-ao-agravamento-do-quadro-de-saude-3\/#breadcrumb\"},\"inLanguage\":\"pt-BR\",\"potentialAction\":[{\"@type\":\"ReadAction\",\"target\":[\"https:\/\/www.fsfx.com.br\/hospital-marcio-cunha\/automedicacao-pode-levar-ao-agravamento-do-quadro-de-saude-3\/\"]}]},{\"@type\":\"BreadcrumbList\",\"@id\":\"https:\/\/www.fsfx.com.br\/hospital-marcio-cunha\/automedicacao-pode-levar-ao-agravamento-do-quadro-de-saude-3\/#breadcrumb\",\"itemListElement\":[{\"@type\":\"ListItem\",\"position\":1,\"name\":\"In\u00edcio\",\"item\":\"https:\/\/www.fsfx.com.br\/hospital-marcio-cunha\/\"},{\"@type\":\"ListItem\",\"position\":2,\"name\":\"Automedica\u00e7\u00e3o pode levar ao agravamento do quadro de sa\u00fade\"}]},{\"@type\":\"WebSite\",\"@id\":\"https:\/\/www.fsfx.com.br\/hospital-marcio-cunha\/#website\",\"url\":\"https:\/\/www.fsfx.com.br\/hospital-marcio-cunha\/\",\"name\":\"Hospital M\u00e1rcio Cunha\",\"description\":\"O Hospital M\u00e1rcio Cunha (HMC) \u00e9 um hospital geral de alta complexidade, com 558 leitos e tr\u00eas unidades, sendo uma unidade exclusiva para o tratamento oncol\u00f3gico.\",\"publisher\":{\"@id\":\"https:\/\/www.fsfx.com.br\/hospital-marcio-cunha\/#organization\"},\"potentialAction\":[{\"@type\":\"SearchAction\",\"target\":{\"@type\":\"EntryPoint\",\"urlTemplate\":\"https:\/\/www.fsfx.com.br\/hospital-marcio-cunha\/?s={search_term_string}\"},\"query-input\":{\"@type\":\"PropertyValueSpecification\",\"valueRequired\":true,\"valueName\":\"search_term_string\"}}],\"inLanguage\":\"pt-BR\"},{\"@type\":\"Organization\",\"@id\":\"https:\/\/www.fsfx.com.br\/hospital-marcio-cunha\/#organization\",\"name\":\"HMC - Hospital M\u00e1rcio Cunha\",\"url\":\"https:\/\/www.fsfx.com.br\/hospital-marcio-cunha\/\",\"logo\":{\"@type\":\"ImageObject\",\"inLanguage\":\"pt-BR\",\"@id\":\"https:\/\/www.fsfx.com.br\/hospital-marcio-cunha\/#\/schema\/logo\/image\/\",\"url\":\"https:\/\/www.fsfx.com.br\/hospital-marcio-cunha\/wp-content\/uploads\/sites\/9\/2022\/04\/logo-hmc-color.png\",\"contentUrl\":\"https:\/\/www.fsfx.com.br\/hospital-marcio-cunha\/wp-content\/uploads\/sites\/9\/2022\/04\/logo-hmc-color.png\",\"width\":264,\"height\":59,\"caption\":\"HMC - Hospital M\u00e1rcio Cunha\"},\"image\":{\"@id\":\"https:\/\/www.fsfx.com.br\/hospital-marcio-cunha\/#\/schema\/logo\/image\/\"}},{\"@type\":\"Person\",\"@id\":\"https:\/\/www.fsfx.com.br\/hospital-marcio-cunha\/#\/schema\/person\/7d2372fe1973398ab20a060bbb9a87d8\",\"name\":\"claudio\",\"image\":{\"@type\":\"ImageObject\",\"inLanguage\":\"pt-BR\",\"@id\":\"https:\/\/www.fsfx.com.br\/hospital-marcio-cunha\/#\/schema\/person\/image\/\",\"url\":\"https:\/\/secure.gravatar.com\/avatar\/724caacf0f2f073275cb3689c577e73e87e40150b1ffd648a67445e75aa7ff03?s=96&d=mm&r=g\",\"contentUrl\":\"https:\/\/secure.gravatar.com\/avatar\/724caacf0f2f073275cb3689c577e73e87e40150b1ffd648a67445e75aa7ff03?s=96&d=mm&r=g\",\"caption\":\"claudio\"},\"url\":\"https:\/\/www.fsfx.com.br\/hospital-marcio-cunha\/author\/claudio\/\"}]}<\/script>\n<!-- \/ Yoast SEO plugin. -->","yoast_head_json":{"title":"Automedica\u00e7\u00e3o pode levar ao agravamento do quadro de sa\u00fade - Hospital M\u00e1rcio Cunha","robots":{"index":"index","follow":"follow","max-snippet":"max-snippet:-1","max-image-preview":"max-image-preview:large","max-video-preview":"max-video-preview:-1"},"canonical":"https:\/\/www.fsfx.com.br\/hospital-marcio-cunha\/automedicacao-pode-levar-ao-agravamento-do-quadro-de-saude-3\/","og_locale":"pt_BR","og_type":"article","og_title":"Automedica\u00e7\u00e3o pode levar ao agravamento do quadro de sa\u00fade - Hospital M\u00e1rcio Cunha","og_description":"O uso de rem\u00e9dios de maneira incorreta pode resultar em diversas consequ\u00eancias que v\u00e3o desde rea\u00e7\u00f5es al\u00e9rgicas a riscos \u00e0 sa\u00fade A pr\u00e1tica da automedica\u00e7\u00e3o, muitas vezes \u00e9 vista como uma solu\u00e7\u00e3o para o al\u00edvio imediato de alguns sintomas, mas n\u00e3o \u00e9 correta e pode trazer consequ\u00eancias mais graves do que se imagina. Em situa\u00e7\u00f5es [&hellip;]","og_url":"https:\/\/www.fsfx.com.br\/hospital-marcio-cunha\/automedicacao-pode-levar-ao-agravamento-do-quadro-de-saude-3\/","og_site_name":"Hospital M\u00e1rcio Cunha","article_published_time":"2020-07-08T16:07:43+00:00","author":"claudio","twitter_card":"summary_large_image","twitter_misc":{"Escrito por":"claudio","Est. tempo de leitura":"2 minutos"},"schema":{"@context":"https:\/\/schema.org","@graph":[{"@type":"Article","@id":"https:\/\/www.fsfx.com.br\/hospital-marcio-cunha\/automedicacao-pode-levar-ao-agravamento-do-quadro-de-saude-3\/#article","isPartOf":{"@id":"https:\/\/www.fsfx.com.br\/hospital-marcio-cunha\/automedicacao-pode-levar-ao-agravamento-do-quadro-de-saude-3\/"},"author":{"name":"claudio","@id":"https:\/\/www.fsfx.com.br\/hospital-marcio-cunha\/#\/schema\/person\/7d2372fe1973398ab20a060bbb9a87d8"},"headline":"Automedica\u00e7\u00e3o pode levar ao agravamento do quadro de sa\u00fade","datePublished":"2020-07-08T16:07:43+00:00","mainEntityOfPage":{"@id":"https:\/\/www.fsfx.com.br\/hospital-marcio-cunha\/automedicacao-pode-levar-ao-agravamento-do-quadro-de-saude-3\/"},"wordCount":494,"commentCount":0,"publisher":{"@id":"https:\/\/www.fsfx.com.br\/hospital-marcio-cunha\/#organization"},"inLanguage":"pt-BR","potentialAction":[{"@type":"CommentAction","name":"Comment","target":["https:\/\/www.fsfx.com.br\/hospital-marcio-cunha\/automedicacao-pode-levar-ao-agravamento-do-quadro-de-saude-3\/#respond"]}]},{"@type":"WebPage","@id":"https:\/\/www.fsfx.com.br\/hospital-marcio-cunha\/automedicacao-pode-levar-ao-agravamento-do-quadro-de-saude-3\/","url":"https:\/\/www.fsfx.com.br\/hospital-marcio-cunha\/automedicacao-pode-levar-ao-agravamento-do-quadro-de-saude-3\/","name":"Automedica\u00e7\u00e3o pode levar ao agravamento do quadro de sa\u00fade - Hospital M\u00e1rcio Cunha","isPartOf":{"@id":"https:\/\/www.fsfx.com.br\/hospital-marcio-cunha\/#website"},"datePublished":"2020-07-08T16:07:43+00:00","breadcrumb":{"@id":"https:\/\/www.fsfx.com.br\/hospital-marcio-cunha\/automedicacao-pode-levar-ao-agravamento-do-quadro-de-saude-3\/#breadcrumb"},"inLanguage":"pt-BR","potentialAction":[{"@type":"ReadAction","target":["https:\/\/www.fsfx.com.br\/hospital-marcio-cunha\/automedicacao-pode-levar-ao-agravamento-do-quadro-de-saude-3\/"]}]},{"@type":"BreadcrumbList","@id":"https:\/\/www.fsfx.com.br\/hospital-marcio-cunha\/automedicacao-pode-levar-ao-agravamento-do-quadro-de-saude-3\/#breadcrumb","itemListElement":[{"@type":"ListItem","position":1,"name":"In\u00edcio","item":"https:\/\/www.fsfx.com.br\/hospital-marcio-cunha\/"},{"@type":"ListItem","position":2,"name":"Automedica\u00e7\u00e3o pode levar ao agravamento do quadro de sa\u00fade"}]},{"@type":"WebSite","@id":"https:\/\/www.fsfx.com.br\/hospital-marcio-cunha\/#website","url":"https:\/\/www.fsfx.com.br\/hospital-marcio-cunha\/","name":"Hospital M\u00e1rcio Cunha","description":"O Hospital M\u00e1rcio Cunha (HMC) \u00e9 um hospital geral de alta complexidade, com 558 leitos e tr\u00eas unidades, sendo uma unidade exclusiva para o tratamento oncol\u00f3gico.","publisher":{"@id":"https:\/\/www.fsfx.com.br\/hospital-marcio-cunha\/#organization"},"potentialAction":[{"@type":"SearchAction","target":{"@type":"EntryPoint","urlTemplate":"https:\/\/www.fsfx.com.br\/hospital-marcio-cunha\/?s={search_term_string}"},"query-input":{"@type":"PropertyValueSpecification","valueRequired":true,"valueName":"search_term_string"}}],"inLanguage":"pt-BR"},{"@type":"Organization","@id":"https:\/\/www.fsfx.com.br\/hospital-marcio-cunha\/#organization","name":"HMC - Hospital M\u00e1rcio Cunha","url":"https:\/\/www.fsfx.com.br\/hospital-marcio-cunha\/","logo":{"@type":"ImageObject","inLanguage":"pt-BR","@id":"https:\/\/www.fsfx.com.br\/hospital-marcio-cunha\/#\/schema\/logo\/image\/","url":"https:\/\/www.fsfx.com.br\/hospital-marcio-cunha\/wp-content\/uploads\/sites\/9\/2022\/04\/logo-hmc-color.png","contentUrl":"https:\/\/www.fsfx.com.br\/hospital-marcio-cunha\/wp-content\/uploads\/sites\/9\/2022\/04\/logo-hmc-color.png","width":264,"height":59,"caption":"HMC - Hospital M\u00e1rcio Cunha"},"image":{"@id":"https:\/\/www.fsfx.com.br\/hospital-marcio-cunha\/#\/schema\/logo\/image\/"}},{"@type":"Person","@id":"https:\/\/www.fsfx.com.br\/hospital-marcio-cunha\/#\/schema\/person\/7d2372fe1973398ab20a060bbb9a87d8","name":"claudio","image":{"@type":"ImageObject","inLanguage":"pt-BR","@id":"https:\/\/www.fsfx.com.br\/hospital-marcio-cunha\/#\/schema\/person\/image\/","url":"https:\/\/secure.gravatar.com\/avatar\/724caacf0f2f073275cb3689c577e73e87e40150b1ffd648a67445e75aa7ff03?s=96&d=mm&r=g","contentUrl":"https:\/\/secure.gravatar.com\/avatar\/724caacf0f2f073275cb3689c577e73e87e40150b1ffd648a67445e75aa7ff03?s=96&d=mm&r=g","caption":"claudio"},"url":"https:\/\/www.fsfx.com.br\/hospital-marcio-cunha\/author\/claudio\/"}]}},"_links":{"self":[{"href":"https:\/\/www.fsfx.com.br\/hospital-marcio-cunha\/wp-json\/wp\/v2\/posts\/7183","targetHints":{"allow":["GET"]}}],"collection":[{"href":"https:\/\/www.fsfx.com.br\/hospital-marcio-cunha\/wp-json\/wp\/v2\/posts"}],"about":[{"href":"https:\/\/www.fsfx.com.br\/hospital-marcio-cunha\/wp-json\/wp\/v2\/types\/post"}],"author":[{"embeddable":true,"href":"https:\/\/www.fsfx.com.br\/hospital-marcio-cunha\/wp-json\/wp\/v2\/users\/2"}],"replies":[{"embeddable":true,"href":"https:\/\/www.fsfx.com.br\/hospital-marcio-cunha\/wp-json\/wp\/v2\/comments?post=7183"}],"version-history":[{"count":0,"href":"https:\/\/www.fsfx.com.br\/hospital-marcio-cunha\/wp-json\/wp\/v2\/posts\/7183\/revisions"}],"wp:attachment":[{"href":"https:\/\/www.fsfx.com.br\/hospital-marcio-cunha\/wp-json\/wp\/v2\/media?parent=7183"}],"wp:term":[{"taxonomy":"category","embeddable":true,"href":"https:\/\/www.fsfx.com.br\/hospital-marcio-cunha\/wp-json\/wp\/v2\/categories?post=7183"},{"taxonomy":"post_tag","embeddable":true,"href":"https:\/\/www.fsfx.com.br\/hospital-marcio-cunha\/wp-json\/wp\/v2\/tags?post=7183"}],"curies":[{"name":"wp","href":"https:\/\/api.w.org\/{rel}","templated":true}]}}