{"id":7204,"date":"2021-04-30T09:25:15","date_gmt":"2021-04-30T12:25:15","guid":{"rendered":"https:\/\/www.fsfx.com.br\/hospital-marcio-cunha\/?p=697"},"modified":"2021-04-30T09:25:15","modified_gmt":"2021-04-30T12:25:15","slug":"fundacao-sao-francisco-xavier-comemora-56-anos-do-hospital-marcio-cunha","status":"publish","type":"post","link":"https:\/\/www.fsfx.com.br\/hospital-marcio-cunha\/fundacao-sao-francisco-xavier-comemora-56-anos-do-hospital-marcio-cunha\/","title":{"rendered":"Funda\u00e7\u00e3o S\u00e3o Francisco Xavier comemora 56 anos do Hospital M\u00e1rcio Cunha"},"content":{"rendered":"\n<p>Refer\u00eancia para 840 mil habitantes de 35 munic\u00edpios do leste de Minas Gerais, o Hospital M\u00e1rcio Cunha, em Ipatinga, administrado pela Funda\u00e7\u00e3o S\u00e3o Francisco Xavier, bra\u00e7o social da Usiminas, comemora no dia 1\u00ba de maio, 56 anos de hist\u00f3ria. A excel\u00eancia na assist\u00eancia humanizada tem sido um marco na trajet\u00f3ria do hospital filantr\u00f3pico que realiza 70% dos atendimentos a pacientes do Sistema \u00danico de Sa\u00fade.<\/p>\n\n\n<p>Segundo o Diretor-Presidente da Funda\u00e7\u00e3o S\u00e3o Francisco Xavier &#8211; FSFX, Salvador Prado J\u00fanior, a administra\u00e7\u00e3o do Hospital M\u00e1rcio \u00e9 realizada por equipes capacitadas e acolhedoras. \u201cTemos como prop\u00f3sito ofertar uma assist\u00eancia de qualidade, com seguran\u00e7a, humaniza\u00e7\u00e3o e acolhimento em todos os n\u00edveis. Buscamos contribuir com a comunidade onde estamos inseridos, e por isso, n\u00e3o medimos esfor\u00e7os para oferecer um excelente atendimento, com estrutura adequada e equipe altamente preparada, garantindo a satisfa\u00e7\u00e3o do principal motivo que nos move: as pessoas\u201d, afirma.<\/p>\n\n\n<p>\u201cO Hospital M\u00e1rcio Cunha \u00e9 refer\u00eancia para Ipatinga e regi\u00e3o. Temos investido em inova\u00e7\u00f5es e melhorias dos processos, buscando oferecer \u00e0 comunidade um atendimento de qualidade e uma entrega de valor percebida por todos. Nossa busca incessante \u00e9 fazer cada vez mais, fazer melhor, fazer bem feito, sermos eficientes e assertivos na assist\u00eancia prestada contribuindo para transformar a vida das pessoas\u201d, comenta o diretor de hospitais da Funda\u00e7\u00e3o S\u00e3o Francisco Xavier, Dr. Mauro Oscar Soares de Souza Lima.&nbsp;<\/p>\n\n\n<p><strong>Reconhecimento<\/strong><\/p>\n\n\n<p>O Hospital M\u00e1rcio Cunha foi o primeiro hospital brasileiro a receber, da Organiza\u00e7\u00e3o Nacional de Acredita\u00e7\u00e3o (ONA), o certificado de Acredita\u00e7\u00e3o em Excel\u00eancia. Est\u00e1 ainda entre os seis do pa\u00eds a possuir a certifica\u00e7\u00e3o internacional <em>Det Norske International Accreditation Standard<\/em> (DIAS\/NIAHO).<\/p>\n\n\n<p>Recentemente, o Hospital M\u00e1rcio Cunha foi apontado pela revista norte-americana Newsweek entre as melhores unidades hospitalares do Brasil. O resultado apresenta o HMC entre os tr\u00eas melhores hospitais do estado de Minas Gerais, e o d\u00e9cimo s\u00e9timo do Brasil. O Hospital tamb\u00e9m foi reconhecido pela Federa\u00e7\u00e3o Internacional dos Hospitais com o certificado Beyond The Call of Duty for Covid-19 (Al\u00e9m do Dever para Covid-19), premia\u00e7\u00e3o concedida a 103 institui\u00e7\u00f5es de 28 pa\u00edses por suas a\u00e7\u00f5es de combate \u00e0 Covid, sendo somente tr\u00eas hospitais no Brasil.&nbsp;<\/p>\n","protected":false},"excerpt":{"rendered":"<p>Refer\u00eancia para 840 mil habitantes de 35 munic\u00edpios do leste de Minas Gerais, o Hospital M\u00e1rcio Cunha, em Ipatinga, administrado pela Funda\u00e7\u00e3o S\u00e3o Francisco Xavier, bra\u00e7o social da Usiminas, comemora no dia 1\u00ba de maio, 56 anos de hist\u00f3ria. A excel\u00eancia na assist\u00eancia humanizada tem sido um marco na trajet\u00f3ria do hospital filantr\u00f3pico que realiza [&hellip;]<\/p>\n","protected":false},"author":2,"featured_media":0,"comment_status":"open","ping_status":"open","sticky":false,"template":"","format":"standard","meta":{"_acf_changed":false,"site-sidebar-layout":"default","site-content-layout":"","ast-site-content-layout":"default","site-content-style":"default","site-sidebar-style":"default","ast-global-header-display":"","ast-banner-title-visibility":"","ast-main-header-display":"","ast-hfb-above-header-display":"","ast-hfb-below-header-display":"","ast-hfb-mobile-header-display":"","site-post-title":"","ast-breadcrumbs-content":"","ast-featured-img":"","footer-sml-layout":"","theme-transparent-header-meta":"","adv-header-id-meta":"","stick-header-meta":"","header-above-stick-meta":"","header-main-stick-meta":"","header-below-stick-meta":"","astra-migrate-meta-layouts":"default","ast-page-background-enabled":"default","ast-page-background-meta":{"desktop":{"background-color":"var(--ast-global-color-4)","background-image":"","background-repeat":"repeat","background-position":"center center","background-size":"auto","background-attachment":"scroll","background-type":"","background-media":"","overlay-type":"","overlay-color":"","overlay-opacity":"","overlay-gradient":""},"tablet":{"background-color":"","background-image":"","background-repeat":"repeat","background-position":"center center","background-size":"auto","background-attachment":"scroll","background-type":"","background-media":"","overlay-type":"","overlay-color":"","overlay-opacity":"","overlay-gradient":""},"mobile":{"background-color":"","background-image":"","background-repeat":"repeat","background-position":"center center","background-size":"auto","background-attachment":"scroll","background-type":"","background-media":"","overlay-type":"","overlay-color":"","overlay-opacity":"","overlay-gradient":""}},"ast-content-background-meta":{"desktop":{"background-color":"var(--ast-global-color-5)","background-image":"","background-repeat":"repeat","background-position":"center center","background-size":"auto","background-attachment":"scroll","background-type":"","background-media":"","overlay-type":"","overlay-color":"","overlay-opacity":"","overlay-gradient":""},"tablet":{"background-color":"var(--ast-global-color-5)","background-image":"","background-repeat":"repeat","background-position":"center center","background-size":"auto","background-attachment":"scroll","background-type":"","background-media":"","overlay-type":"","overlay-color":"","overlay-opacity":"","overlay-gradient":""},"mobile":{"background-color":"var(--ast-global-color-5)","background-image":"","background-repeat":"repeat","background-position":"center center","background-size":"auto","background-attachment":"scroll","background-type":"","background-media":"","overlay-type":"","overlay-color":"","overlay-opacity":"","overlay-gradient":""}},"footnotes":""},"categories":[1],"tags":[],"class_list":["post-7204","post","type-post","status-publish","format-standard","hentry","category-sem-categoria"],"acf":[],"yoast_head":"<!-- This site is optimized with the Yoast SEO plugin v26.9 - https:\/\/yoast.com\/product\/yoast-seo-wordpress\/ -->\n<title>Funda\u00e7\u00e3o S\u00e3o Francisco Xavier comemora 56 anos do Hospital M\u00e1rcio Cunha - Hospital M\u00e1rcio Cunha<\/title>\n<meta name=\"robots\" content=\"index, follow, max-snippet:-1, max-image-preview:large, max-video-preview:-1\" \/>\n<link rel=\"canonical\" href=\"https:\/\/www.fsfx.com.br\/hospital-marcio-cunha\/fundacao-sao-francisco-xavier-comemora-56-anos-do-hospital-marcio-cunha\/\" \/>\n<meta property=\"og:locale\" content=\"pt_BR\" \/>\n<meta property=\"og:type\" content=\"article\" \/>\n<meta property=\"og:title\" content=\"Funda\u00e7\u00e3o S\u00e3o Francisco Xavier comemora 56 anos do Hospital M\u00e1rcio Cunha - Hospital M\u00e1rcio Cunha\" \/>\n<meta property=\"og:description\" content=\"Refer\u00eancia para 840 mil habitantes de 35 munic\u00edpios do leste de Minas Gerais, o Hospital M\u00e1rcio Cunha, em Ipatinga, administrado pela Funda\u00e7\u00e3o S\u00e3o Francisco Xavier, bra\u00e7o social da Usiminas, comemora no dia 1\u00ba de maio, 56 anos de hist\u00f3ria. A excel\u00eancia na assist\u00eancia humanizada tem sido um marco na trajet\u00f3ria do hospital filantr\u00f3pico que realiza [&hellip;]\" \/>\n<meta property=\"og:url\" content=\"https:\/\/www.fsfx.com.br\/hospital-marcio-cunha\/fundacao-sao-francisco-xavier-comemora-56-anos-do-hospital-marcio-cunha\/\" \/>\n<meta property=\"og:site_name\" content=\"Hospital M\u00e1rcio Cunha\" \/>\n<meta property=\"article:published_time\" content=\"2021-04-30T12:25:15+00:00\" \/>\n<meta name=\"author\" content=\"claudio\" \/>\n<meta name=\"twitter:card\" content=\"summary_large_image\" \/>\n<meta name=\"twitter:label1\" content=\"Escrito por\" \/>\n\t<meta name=\"twitter:data1\" content=\"claudio\" \/>\n\t<meta name=\"twitter:label2\" content=\"Est. tempo de leitura\" \/>\n\t<meta name=\"twitter:data2\" content=\"2 minutos\" \/>\n<script type=\"application\/ld+json\" class=\"yoast-schema-graph\">{\"@context\":\"https:\/\/schema.org\",\"@graph\":[{\"@type\":\"Article\",\"@id\":\"https:\/\/www.fsfx.com.br\/hospital-marcio-cunha\/fundacao-sao-francisco-xavier-comemora-56-anos-do-hospital-marcio-cunha\/#article\",\"isPartOf\":{\"@id\":\"https:\/\/www.fsfx.com.br\/hospital-marcio-cunha\/fundacao-sao-francisco-xavier-comemora-56-anos-do-hospital-marcio-cunha\/\"},\"author\":{\"name\":\"claudio\",\"@id\":\"https:\/\/www.fsfx.com.br\/hospital-marcio-cunha\/#\/schema\/person\/7d2372fe1973398ab20a060bbb9a87d8\"},\"headline\":\"Funda\u00e7\u00e3o S\u00e3o Francisco Xavier comemora 56 anos do Hospital M\u00e1rcio Cunha\",\"datePublished\":\"2021-04-30T12:25:15+00:00\",\"mainEntityOfPage\":{\"@id\":\"https:\/\/www.fsfx.com.br\/hospital-marcio-cunha\/fundacao-sao-francisco-xavier-comemora-56-anos-do-hospital-marcio-cunha\/\"},\"wordCount\":405,\"commentCount\":0,\"publisher\":{\"@id\":\"https:\/\/www.fsfx.com.br\/hospital-marcio-cunha\/#organization\"},\"inLanguage\":\"pt-BR\",\"potentialAction\":[{\"@type\":\"CommentAction\",\"name\":\"Comment\",\"target\":[\"https:\/\/www.fsfx.com.br\/hospital-marcio-cunha\/fundacao-sao-francisco-xavier-comemora-56-anos-do-hospital-marcio-cunha\/#respond\"]}]},{\"@type\":\"WebPage\",\"@id\":\"https:\/\/www.fsfx.com.br\/hospital-marcio-cunha\/fundacao-sao-francisco-xavier-comemora-56-anos-do-hospital-marcio-cunha\/\",\"url\":\"https:\/\/www.fsfx.com.br\/hospital-marcio-cunha\/fundacao-sao-francisco-xavier-comemora-56-anos-do-hospital-marcio-cunha\/\",\"name\":\"Funda\u00e7\u00e3o S\u00e3o Francisco Xavier comemora 56 anos do Hospital M\u00e1rcio Cunha - Hospital M\u00e1rcio Cunha\",\"isPartOf\":{\"@id\":\"https:\/\/www.fsfx.com.br\/hospital-marcio-cunha\/#website\"},\"datePublished\":\"2021-04-30T12:25:15+00:00\",\"breadcrumb\":{\"@id\":\"https:\/\/www.fsfx.com.br\/hospital-marcio-cunha\/fundacao-sao-francisco-xavier-comemora-56-anos-do-hospital-marcio-cunha\/#breadcrumb\"},\"inLanguage\":\"pt-BR\",\"potentialAction\":[{\"@type\":\"ReadAction\",\"target\":[\"https:\/\/www.fsfx.com.br\/hospital-marcio-cunha\/fundacao-sao-francisco-xavier-comemora-56-anos-do-hospital-marcio-cunha\/\"]}]},{\"@type\":\"BreadcrumbList\",\"@id\":\"https:\/\/www.fsfx.com.br\/hospital-marcio-cunha\/fundacao-sao-francisco-xavier-comemora-56-anos-do-hospital-marcio-cunha\/#breadcrumb\",\"itemListElement\":[{\"@type\":\"ListItem\",\"position\":1,\"name\":\"In\u00edcio\",\"item\":\"https:\/\/www.fsfx.com.br\/hospital-marcio-cunha\/\"},{\"@type\":\"ListItem\",\"position\":2,\"name\":\"Funda\u00e7\u00e3o S\u00e3o Francisco Xavier comemora 56 anos do Hospital M\u00e1rcio Cunha\"}]},{\"@type\":\"WebSite\",\"@id\":\"https:\/\/www.fsfx.com.br\/hospital-marcio-cunha\/#website\",\"url\":\"https:\/\/www.fsfx.com.br\/hospital-marcio-cunha\/\",\"name\":\"Hospital M\u00e1rcio Cunha\",\"description\":\"O Hospital M\u00e1rcio Cunha (HMC) \u00e9 um hospital geral de alta complexidade, com 558 leitos e tr\u00eas unidades, sendo uma unidade exclusiva para o tratamento oncol\u00f3gico.\",\"publisher\":{\"@id\":\"https:\/\/www.fsfx.com.br\/hospital-marcio-cunha\/#organization\"},\"potentialAction\":[{\"@type\":\"SearchAction\",\"target\":{\"@type\":\"EntryPoint\",\"urlTemplate\":\"https:\/\/www.fsfx.com.br\/hospital-marcio-cunha\/?s={search_term_string}\"},\"query-input\":{\"@type\":\"PropertyValueSpecification\",\"valueRequired\":true,\"valueName\":\"search_term_string\"}}],\"inLanguage\":\"pt-BR\"},{\"@type\":\"Organization\",\"@id\":\"https:\/\/www.fsfx.com.br\/hospital-marcio-cunha\/#organization\",\"name\":\"HMC - Hospital M\u00e1rcio Cunha\",\"url\":\"https:\/\/www.fsfx.com.br\/hospital-marcio-cunha\/\",\"logo\":{\"@type\":\"ImageObject\",\"inLanguage\":\"pt-BR\",\"@id\":\"https:\/\/www.fsfx.com.br\/hospital-marcio-cunha\/#\/schema\/logo\/image\/\",\"url\":\"https:\/\/www.fsfx.com.br\/hospital-marcio-cunha\/wp-content\/uploads\/sites\/9\/2022\/04\/logo-hmc-color.png\",\"contentUrl\":\"https:\/\/www.fsfx.com.br\/hospital-marcio-cunha\/wp-content\/uploads\/sites\/9\/2022\/04\/logo-hmc-color.png\",\"width\":264,\"height\":59,\"caption\":\"HMC - Hospital M\u00e1rcio Cunha\"},\"image\":{\"@id\":\"https:\/\/www.fsfx.com.br\/hospital-marcio-cunha\/#\/schema\/logo\/image\/\"}},{\"@type\":\"Person\",\"@id\":\"https:\/\/www.fsfx.com.br\/hospital-marcio-cunha\/#\/schema\/person\/7d2372fe1973398ab20a060bbb9a87d8\",\"name\":\"claudio\",\"image\":{\"@type\":\"ImageObject\",\"inLanguage\":\"pt-BR\",\"@id\":\"https:\/\/www.fsfx.com.br\/hospital-marcio-cunha\/#\/schema\/person\/image\/\",\"url\":\"https:\/\/secure.gravatar.com\/avatar\/724caacf0f2f073275cb3689c577e73e87e40150b1ffd648a67445e75aa7ff03?s=96&d=mm&r=g\",\"contentUrl\":\"https:\/\/secure.gravatar.com\/avatar\/724caacf0f2f073275cb3689c577e73e87e40150b1ffd648a67445e75aa7ff03?s=96&d=mm&r=g\",\"caption\":\"claudio\"},\"url\":\"https:\/\/www.fsfx.com.br\/hospital-marcio-cunha\/author\/claudio\/\"}]}<\/script>\n<!-- \/ Yoast SEO plugin. -->","yoast_head_json":{"title":"Funda\u00e7\u00e3o S\u00e3o Francisco Xavier comemora 56 anos do Hospital M\u00e1rcio Cunha - Hospital M\u00e1rcio Cunha","robots":{"index":"index","follow":"follow","max-snippet":"max-snippet:-1","max-image-preview":"max-image-preview:large","max-video-preview":"max-video-preview:-1"},"canonical":"https:\/\/www.fsfx.com.br\/hospital-marcio-cunha\/fundacao-sao-francisco-xavier-comemora-56-anos-do-hospital-marcio-cunha\/","og_locale":"pt_BR","og_type":"article","og_title":"Funda\u00e7\u00e3o S\u00e3o Francisco Xavier comemora 56 anos do Hospital M\u00e1rcio Cunha - Hospital M\u00e1rcio Cunha","og_description":"Refer\u00eancia para 840 mil habitantes de 35 munic\u00edpios do leste de Minas Gerais, o Hospital M\u00e1rcio Cunha, em Ipatinga, administrado pela Funda\u00e7\u00e3o S\u00e3o Francisco Xavier, bra\u00e7o social da Usiminas, comemora no dia 1\u00ba de maio, 56 anos de hist\u00f3ria. A excel\u00eancia na assist\u00eancia humanizada tem sido um marco na trajet\u00f3ria do hospital filantr\u00f3pico que realiza [&hellip;]","og_url":"https:\/\/www.fsfx.com.br\/hospital-marcio-cunha\/fundacao-sao-francisco-xavier-comemora-56-anos-do-hospital-marcio-cunha\/","og_site_name":"Hospital M\u00e1rcio Cunha","article_published_time":"2021-04-30T12:25:15+00:00","author":"claudio","twitter_card":"summary_large_image","twitter_misc":{"Escrito por":"claudio","Est. tempo de leitura":"2 minutos"},"schema":{"@context":"https:\/\/schema.org","@graph":[{"@type":"Article","@id":"https:\/\/www.fsfx.com.br\/hospital-marcio-cunha\/fundacao-sao-francisco-xavier-comemora-56-anos-do-hospital-marcio-cunha\/#article","isPartOf":{"@id":"https:\/\/www.fsfx.com.br\/hospital-marcio-cunha\/fundacao-sao-francisco-xavier-comemora-56-anos-do-hospital-marcio-cunha\/"},"author":{"name":"claudio","@id":"https:\/\/www.fsfx.com.br\/hospital-marcio-cunha\/#\/schema\/person\/7d2372fe1973398ab20a060bbb9a87d8"},"headline":"Funda\u00e7\u00e3o S\u00e3o Francisco Xavier comemora 56 anos do Hospital M\u00e1rcio Cunha","datePublished":"2021-04-30T12:25:15+00:00","mainEntityOfPage":{"@id":"https:\/\/www.fsfx.com.br\/hospital-marcio-cunha\/fundacao-sao-francisco-xavier-comemora-56-anos-do-hospital-marcio-cunha\/"},"wordCount":405,"commentCount":0,"publisher":{"@id":"https:\/\/www.fsfx.com.br\/hospital-marcio-cunha\/#organization"},"inLanguage":"pt-BR","potentialAction":[{"@type":"CommentAction","name":"Comment","target":["https:\/\/www.fsfx.com.br\/hospital-marcio-cunha\/fundacao-sao-francisco-xavier-comemora-56-anos-do-hospital-marcio-cunha\/#respond"]}]},{"@type":"WebPage","@id":"https:\/\/www.fsfx.com.br\/hospital-marcio-cunha\/fundacao-sao-francisco-xavier-comemora-56-anos-do-hospital-marcio-cunha\/","url":"https:\/\/www.fsfx.com.br\/hospital-marcio-cunha\/fundacao-sao-francisco-xavier-comemora-56-anos-do-hospital-marcio-cunha\/","name":"Funda\u00e7\u00e3o S\u00e3o Francisco Xavier comemora 56 anos do Hospital M\u00e1rcio Cunha - Hospital M\u00e1rcio Cunha","isPartOf":{"@id":"https:\/\/www.fsfx.com.br\/hospital-marcio-cunha\/#website"},"datePublished":"2021-04-30T12:25:15+00:00","breadcrumb":{"@id":"https:\/\/www.fsfx.com.br\/hospital-marcio-cunha\/fundacao-sao-francisco-xavier-comemora-56-anos-do-hospital-marcio-cunha\/#breadcrumb"},"inLanguage":"pt-BR","potentialAction":[{"@type":"ReadAction","target":["https:\/\/www.fsfx.com.br\/hospital-marcio-cunha\/fundacao-sao-francisco-xavier-comemora-56-anos-do-hospital-marcio-cunha\/"]}]},{"@type":"BreadcrumbList","@id":"https:\/\/www.fsfx.com.br\/hospital-marcio-cunha\/fundacao-sao-francisco-xavier-comemora-56-anos-do-hospital-marcio-cunha\/#breadcrumb","itemListElement":[{"@type":"ListItem","position":1,"name":"In\u00edcio","item":"https:\/\/www.fsfx.com.br\/hospital-marcio-cunha\/"},{"@type":"ListItem","position":2,"name":"Funda\u00e7\u00e3o S\u00e3o Francisco Xavier comemora 56 anos do Hospital M\u00e1rcio Cunha"}]},{"@type":"WebSite","@id":"https:\/\/www.fsfx.com.br\/hospital-marcio-cunha\/#website","url":"https:\/\/www.fsfx.com.br\/hospital-marcio-cunha\/","name":"Hospital M\u00e1rcio Cunha","description":"O Hospital M\u00e1rcio Cunha (HMC) \u00e9 um hospital geral de alta complexidade, com 558 leitos e tr\u00eas unidades, sendo uma unidade exclusiva para o tratamento oncol\u00f3gico.","publisher":{"@id":"https:\/\/www.fsfx.com.br\/hospital-marcio-cunha\/#organization"},"potentialAction":[{"@type":"SearchAction","target":{"@type":"EntryPoint","urlTemplate":"https:\/\/www.fsfx.com.br\/hospital-marcio-cunha\/?s={search_term_string}"},"query-input":{"@type":"PropertyValueSpecification","valueRequired":true,"valueName":"search_term_string"}}],"inLanguage":"pt-BR"},{"@type":"Organization","@id":"https:\/\/www.fsfx.com.br\/hospital-marcio-cunha\/#organization","name":"HMC - Hospital M\u00e1rcio Cunha","url":"https:\/\/www.fsfx.com.br\/hospital-marcio-cunha\/","logo":{"@type":"ImageObject","inLanguage":"pt-BR","@id":"https:\/\/www.fsfx.com.br\/hospital-marcio-cunha\/#\/schema\/logo\/image\/","url":"https:\/\/www.fsfx.com.br\/hospital-marcio-cunha\/wp-content\/uploads\/sites\/9\/2022\/04\/logo-hmc-color.png","contentUrl":"https:\/\/www.fsfx.com.br\/hospital-marcio-cunha\/wp-content\/uploads\/sites\/9\/2022\/04\/logo-hmc-color.png","width":264,"height":59,"caption":"HMC - Hospital M\u00e1rcio Cunha"},"image":{"@id":"https:\/\/www.fsfx.com.br\/hospital-marcio-cunha\/#\/schema\/logo\/image\/"}},{"@type":"Person","@id":"https:\/\/www.fsfx.com.br\/hospital-marcio-cunha\/#\/schema\/person\/7d2372fe1973398ab20a060bbb9a87d8","name":"claudio","image":{"@type":"ImageObject","inLanguage":"pt-BR","@id":"https:\/\/www.fsfx.com.br\/hospital-marcio-cunha\/#\/schema\/person\/image\/","url":"https:\/\/secure.gravatar.com\/avatar\/724caacf0f2f073275cb3689c577e73e87e40150b1ffd648a67445e75aa7ff03?s=96&d=mm&r=g","contentUrl":"https:\/\/secure.gravatar.com\/avatar\/724caacf0f2f073275cb3689c577e73e87e40150b1ffd648a67445e75aa7ff03?s=96&d=mm&r=g","caption":"claudio"},"url":"https:\/\/www.fsfx.com.br\/hospital-marcio-cunha\/author\/claudio\/"}]}},"_links":{"self":[{"href":"https:\/\/www.fsfx.com.br\/hospital-marcio-cunha\/wp-json\/wp\/v2\/posts\/7204","targetHints":{"allow":["GET"]}}],"collection":[{"href":"https:\/\/www.fsfx.com.br\/hospital-marcio-cunha\/wp-json\/wp\/v2\/posts"}],"about":[{"href":"https:\/\/www.fsfx.com.br\/hospital-marcio-cunha\/wp-json\/wp\/v2\/types\/post"}],"author":[{"embeddable":true,"href":"https:\/\/www.fsfx.com.br\/hospital-marcio-cunha\/wp-json\/wp\/v2\/users\/2"}],"replies":[{"embeddable":true,"href":"https:\/\/www.fsfx.com.br\/hospital-marcio-cunha\/wp-json\/wp\/v2\/comments?post=7204"}],"version-history":[{"count":0,"href":"https:\/\/www.fsfx.com.br\/hospital-marcio-cunha\/wp-json\/wp\/v2\/posts\/7204\/revisions"}],"wp:attachment":[{"href":"https:\/\/www.fsfx.com.br\/hospital-marcio-cunha\/wp-json\/wp\/v2\/media?parent=7204"}],"wp:term":[{"taxonomy":"category","embeddable":true,"href":"https:\/\/www.fsfx.com.br\/hospital-marcio-cunha\/wp-json\/wp\/v2\/categories?post=7204"},{"taxonomy":"post_tag","embeddable":true,"href":"https:\/\/www.fsfx.com.br\/hospital-marcio-cunha\/wp-json\/wp\/v2\/tags?post=7204"}],"curies":[{"name":"wp","href":"https:\/\/api.w.org\/{rel}","templated":true}]}}