{"id":7209,"date":"2021-05-21T16:17:50","date_gmt":"2021-05-21T19:17:50","guid":{"rendered":"https:\/\/www.fsfx.com.br\/hospital-marcio-cunha\/?p=715"},"modified":"2021-05-21T16:17:50","modified_gmt":"2021-05-21T19:17:50","slug":"fundacao-sao-francisco-xavier-e-usiminas-alertam-em-live-sobre-cenario-e-vacinacao-contra-covid-19","status":"publish","type":"post","link":"https:\/\/www.fsfx.com.br\/hospital-marcio-cunha\/fundacao-sao-francisco-xavier-e-usiminas-alertam-em-live-sobre-cenario-e-vacinacao-contra-covid-19\/","title":{"rendered":"Funda\u00e7\u00e3o S\u00e3o Francisco Xavier e Usiminas alertam em Live sobre cen\u00e1rio e vacina\u00e7\u00e3o contra Covid-19"},"content":{"rendered":"\n<p><br \/><\/p>\n\n\n<p>Com o Brasil ainda enfrentando uma crise sanit\u00e1ria por causa da pandemia, a vacina\u00e7\u00e3o ganha destaque como principal alternativa para conter a Covid-19. No entanto, o debate sobre a imuniza\u00e7\u00e3o ainda desperta d\u00favidas em muitas pessoas. Hoje (21), pela manh\u00e3, o Diretor de Hospitais da&nbsp;Funda\u00e7\u00e3o S\u00e3o Francisco Xavier,&nbsp;Dr. Mauro Oscar de Souza Lima, o Diretor corporativo de&nbsp;Gest\u00e3o de Pessoas e Inova\u00e7\u00e3o da&nbsp;Usiminas, Cesar Bueno, juntamente com a m\u00e9dica&nbsp;infectologista da Funda\u00e7\u00e3o S\u00e3o Francisco Xavier, Dra. Mariana Vasconcelos&nbsp;se reuniram em uma Live para esclarecer d\u00favidas, refor\u00e7ar a import\u00e2ncia e desvendar mitos relacionados \u00e0 vacina contra a Covid-19.<\/p>\n\n\n<p>Durante o evento on-line, foi refor\u00e7ado que embora desenvolvidas em tempo recorde, as vacinas foram submetidas a in\u00fameros e rigorosos testes de seguran\u00e7a at\u00e9 chegar \u00e0s popula\u00e7\u00f5es. Somente ap\u00f3s todo o rigor cient\u00edfico foram aprovadas para uso. &nbsp;&nbsp;\u201cA vacina \u00e9 o nosso bem maior neste momento. Como n\u00e3o existe nenhum medicamento dispon\u00edvel com comprova\u00e7\u00e3o cient\u00edfica para o tratamento da Covid-19, a \u00fanica maneira de conter a doen\u00e7a \u00e9 a vacina e as medidas de preven\u00e7\u00e3o\u201d, comenta Dra. Mariana.<\/p>\n\n\n<p>Segundo a m\u00e9dica, \u201ccom o aumento dos grupos protegidos, o n\u00famero de infectados pela doen\u00e7a cai progressivamente reduzindo a circula\u00e7\u00e3o viral entre as pessoas, por isso a vacina \u00e9 a maneira mais eficaz e segura de conter essa pandemia\u201d, disse.<\/p>\n\n\n<p>De acordo com o Diretor de Hospitais da FSFX, Dr. Mauro Oscar de Souza Lima, muitas pessoas ainda t\u00eam se comportado como se estivesse acabado a pandemia. Ele alerta que esse momento de crise que estamos vivendo deixa um legado. Temos que pensar no legado que a pandemia deixa em duas \u00e1reas: a da sa\u00fade e da educa\u00e7\u00e3o. A sa\u00fade passou por uma evolu\u00e7\u00e3o, no sentido de trazer tecnologias que j\u00e1 estavam prontas, mas ainda n\u00e3o tinham sido implantadas. Na \u00e1rea da educa\u00e7\u00e3o, o ensino a dist\u00e2ncia agora faz parte da nossa vida. S\u00e3o eventos e reuni\u00f5es virtuais que encurtaram caminhos. O trabalho se adaptou. Tudo ser\u00e1 um aprendizado. Temos que entender que as rela\u00e7\u00f5es j\u00e1 mudaram e v\u00e3o mudar ainda mais. \u00c9 a transforma\u00e7\u00e3o digital em todas as rela\u00e7\u00f5es\u201d, comenta.<\/p>\n\n\n<p><br \/><strong><span class=\"has-inline-color has-vivid-cyan-blue-color\">Uso de m\u00e1scara ap\u00f3s a vacina\u00e7\u00e3o<\/span><\/strong><\/p>\n\n\n<p>Muito tem-se perguntado se os vacinados contra a covid-19 precisam manter o uso de m\u00e1scara. A resposta, de acordo com a Dra. Mariana \u00e9: sim!&nbsp; \u201cA continua\u00e7\u00e3o das medidas de prote\u00e7\u00e3o \u00e9 importante, por alguns motivos como os dados de efic\u00e1cia global de algumas vacinas, o fato doen\u00e7a ser nova e poder evoluir com muta\u00e7\u00f5es que n\u00e3o respondam \u00e0s atuais vacinas e, principalmente, por ser necess\u00e1ria a vacina\u00e7\u00e3o de uma grande parcela da popula\u00e7\u00e3o para todos serem considerados protegidos, e como se trata de pandemia at\u00e9 essa meta ser alcan\u00e7ada pode demorar algum tempo. Ent\u00e3o, ainda ap\u00f3s a vacina\u00e7\u00e3o as medidas de prote\u00e7\u00e3o individual e coletiva devem permanecer\u201d, conclui.<\/p>\n\n\n<p>O Diretor corporativo de&nbsp;Gest\u00e3o de Pessoas e Inova\u00e7\u00e3o da&nbsp;Usiminas, Cesar Bueno&nbsp;finalizou a live com uma mensagem de otimismo. \u201cPara n\u00f3s, o que importa \u00e9 a vida. O nosso maior desafio, da Funda\u00e7\u00e3o S\u00e3o Francisco Xavier e da Usiminas \u00e9 cuidar de gente! E tivemos muitas pessoas que foram tratadas pela FSFX.O comportamento de cada um de n\u00f3s \u00e9 que vai decidir o resultado em nossa sociedade. Acreditamos que isso vai passar, mas as medidas de preven\u00e7\u00e3o devem ser obedecidas. S\u00f3 assim chegaremos ao final com sa\u00fade, reflex\u00e3o e aprendizado\u201d, destacou.<\/p>\n","protected":false},"excerpt":{"rendered":"<p>Com o Brasil ainda enfrentando uma crise sanit\u00e1ria por causa da pandemia, a vacina\u00e7\u00e3o ganha destaque como principal alternativa para conter a Covid-19. No entanto, o debate sobre a imuniza\u00e7\u00e3o ainda desperta d\u00favidas em muitas pessoas. Hoje (21), pela manh\u00e3, o Diretor de Hospitais da&nbsp;Funda\u00e7\u00e3o S\u00e3o Francisco Xavier,&nbsp;Dr. Mauro Oscar de Souza Lima, o Diretor [&hellip;]<\/p>\n","protected":false},"author":2,"featured_media":0,"comment_status":"open","ping_status":"open","sticky":false,"template":"","format":"standard","meta":{"_acf_changed":false,"site-sidebar-layout":"default","site-content-layout":"","ast-site-content-layout":"default","site-content-style":"default","site-sidebar-style":"default","ast-global-header-display":"","ast-banner-title-visibility":"","ast-main-header-display":"","ast-hfb-above-header-display":"","ast-hfb-below-header-display":"","ast-hfb-mobile-header-display":"","site-post-title":"","ast-breadcrumbs-content":"","ast-featured-img":"","footer-sml-layout":"","theme-transparent-header-meta":"","adv-header-id-meta":"","stick-header-meta":"","header-above-stick-meta":"","header-main-stick-meta":"","header-below-stick-meta":"","astra-migrate-meta-layouts":"default","ast-page-background-enabled":"default","ast-page-background-meta":{"desktop":{"background-color":"var(--ast-global-color-4)","background-image":"","background-repeat":"repeat","background-position":"center center","background-size":"auto","background-attachment":"scroll","background-type":"","background-media":"","overlay-type":"","overlay-color":"","overlay-opacity":"","overlay-gradient":""},"tablet":{"background-color":"","background-image":"","background-repeat":"repeat","background-position":"center center","background-size":"auto","background-attachment":"scroll","background-type":"","background-media":"","overlay-type":"","overlay-color":"","overlay-opacity":"","overlay-gradient":""},"mobile":{"background-color":"","background-image":"","background-repeat":"repeat","background-position":"center center","background-size":"auto","background-attachment":"scroll","background-type":"","background-media":"","overlay-type":"","overlay-color":"","overlay-opacity":"","overlay-gradient":""}},"ast-content-background-meta":{"desktop":{"background-color":"var(--ast-global-color-5)","background-image":"","background-repeat":"repeat","background-position":"center center","background-size":"auto","background-attachment":"scroll","background-type":"","background-media":"","overlay-type":"","overlay-color":"","overlay-opacity":"","overlay-gradient":""},"tablet":{"background-color":"var(--ast-global-color-5)","background-image":"","background-repeat":"repeat","background-position":"center center","background-size":"auto","background-attachment":"scroll","background-type":"","background-media":"","overlay-type":"","overlay-color":"","overlay-opacity":"","overlay-gradient":""},"mobile":{"background-color":"var(--ast-global-color-5)","background-image":"","background-repeat":"repeat","background-position":"center center","background-size":"auto","background-attachment":"scroll","background-type":"","background-media":"","overlay-type":"","overlay-color":"","overlay-opacity":"","overlay-gradient":""}},"footnotes":""},"categories":[1],"tags":[],"class_list":["post-7209","post","type-post","status-publish","format-standard","hentry","category-sem-categoria"],"acf":[],"yoast_head":"<!-- This site is optimized with the Yoast SEO plugin v26.9 - https:\/\/yoast.com\/product\/yoast-seo-wordpress\/ -->\n<title>Funda\u00e7\u00e3o S\u00e3o Francisco Xavier e Usiminas alertam em Live sobre cen\u00e1rio e vacina\u00e7\u00e3o contra Covid-19 - Hospital M\u00e1rcio Cunha<\/title>\n<meta name=\"robots\" content=\"index, follow, max-snippet:-1, max-image-preview:large, max-video-preview:-1\" \/>\n<link rel=\"canonical\" href=\"https:\/\/www.fsfx.com.br\/hospital-marcio-cunha\/fundacao-sao-francisco-xavier-e-usiminas-alertam-em-live-sobre-cenario-e-vacinacao-contra-covid-19\/\" \/>\n<meta property=\"og:locale\" content=\"pt_BR\" \/>\n<meta property=\"og:type\" content=\"article\" \/>\n<meta property=\"og:title\" content=\"Funda\u00e7\u00e3o S\u00e3o Francisco Xavier e Usiminas alertam em Live sobre cen\u00e1rio e vacina\u00e7\u00e3o contra Covid-19 - Hospital M\u00e1rcio Cunha\" \/>\n<meta property=\"og:description\" content=\"Com o Brasil ainda enfrentando uma crise sanit\u00e1ria por causa da pandemia, a vacina\u00e7\u00e3o ganha destaque como principal alternativa para conter a Covid-19. No entanto, o debate sobre a imuniza\u00e7\u00e3o ainda desperta d\u00favidas em muitas pessoas. Hoje (21), pela manh\u00e3, o Diretor de Hospitais da&nbsp;Funda\u00e7\u00e3o S\u00e3o Francisco Xavier,&nbsp;Dr. Mauro Oscar de Souza Lima, o Diretor [&hellip;]\" \/>\n<meta property=\"og:url\" content=\"https:\/\/www.fsfx.com.br\/hospital-marcio-cunha\/fundacao-sao-francisco-xavier-e-usiminas-alertam-em-live-sobre-cenario-e-vacinacao-contra-covid-19\/\" \/>\n<meta property=\"og:site_name\" content=\"Hospital M\u00e1rcio Cunha\" \/>\n<meta property=\"article:published_time\" content=\"2021-05-21T19:17:50+00:00\" \/>\n<meta name=\"author\" content=\"claudio\" \/>\n<meta name=\"twitter:card\" content=\"summary_large_image\" \/>\n<meta name=\"twitter:label1\" content=\"Escrito por\" \/>\n\t<meta name=\"twitter:data1\" content=\"claudio\" \/>\n\t<meta name=\"twitter:label2\" content=\"Est. tempo de leitura\" \/>\n\t<meta name=\"twitter:data2\" content=\"3 minutos\" \/>\n<script type=\"application\/ld+json\" class=\"yoast-schema-graph\">{\"@context\":\"https:\/\/schema.org\",\"@graph\":[{\"@type\":\"Article\",\"@id\":\"https:\/\/www.fsfx.com.br\/hospital-marcio-cunha\/fundacao-sao-francisco-xavier-e-usiminas-alertam-em-live-sobre-cenario-e-vacinacao-contra-covid-19\/#article\",\"isPartOf\":{\"@id\":\"https:\/\/www.fsfx.com.br\/hospital-marcio-cunha\/fundacao-sao-francisco-xavier-e-usiminas-alertam-em-live-sobre-cenario-e-vacinacao-contra-covid-19\/\"},\"author\":{\"name\":\"claudio\",\"@id\":\"https:\/\/www.fsfx.com.br\/hospital-marcio-cunha\/#\/schema\/person\/7d2372fe1973398ab20a060bbb9a87d8\"},\"headline\":\"Funda\u00e7\u00e3o S\u00e3o Francisco Xavier e Usiminas alertam em Live sobre cen\u00e1rio e vacina\u00e7\u00e3o contra Covid-19\",\"datePublished\":\"2021-05-21T19:17:50+00:00\",\"mainEntityOfPage\":{\"@id\":\"https:\/\/www.fsfx.com.br\/hospital-marcio-cunha\/fundacao-sao-francisco-xavier-e-usiminas-alertam-em-live-sobre-cenario-e-vacinacao-contra-covid-19\/\"},\"wordCount\":650,\"commentCount\":0,\"publisher\":{\"@id\":\"https:\/\/www.fsfx.com.br\/hospital-marcio-cunha\/#organization\"},\"inLanguage\":\"pt-BR\",\"potentialAction\":[{\"@type\":\"CommentAction\",\"name\":\"Comment\",\"target\":[\"https:\/\/www.fsfx.com.br\/hospital-marcio-cunha\/fundacao-sao-francisco-xavier-e-usiminas-alertam-em-live-sobre-cenario-e-vacinacao-contra-covid-19\/#respond\"]}]},{\"@type\":\"WebPage\",\"@id\":\"https:\/\/www.fsfx.com.br\/hospital-marcio-cunha\/fundacao-sao-francisco-xavier-e-usiminas-alertam-em-live-sobre-cenario-e-vacinacao-contra-covid-19\/\",\"url\":\"https:\/\/www.fsfx.com.br\/hospital-marcio-cunha\/fundacao-sao-francisco-xavier-e-usiminas-alertam-em-live-sobre-cenario-e-vacinacao-contra-covid-19\/\",\"name\":\"Funda\u00e7\u00e3o S\u00e3o Francisco Xavier e Usiminas alertam em Live sobre cen\u00e1rio e vacina\u00e7\u00e3o contra Covid-19 - Hospital M\u00e1rcio Cunha\",\"isPartOf\":{\"@id\":\"https:\/\/www.fsfx.com.br\/hospital-marcio-cunha\/#website\"},\"datePublished\":\"2021-05-21T19:17:50+00:00\",\"breadcrumb\":{\"@id\":\"https:\/\/www.fsfx.com.br\/hospital-marcio-cunha\/fundacao-sao-francisco-xavier-e-usiminas-alertam-em-live-sobre-cenario-e-vacinacao-contra-covid-19\/#breadcrumb\"},\"inLanguage\":\"pt-BR\",\"potentialAction\":[{\"@type\":\"ReadAction\",\"target\":[\"https:\/\/www.fsfx.com.br\/hospital-marcio-cunha\/fundacao-sao-francisco-xavier-e-usiminas-alertam-em-live-sobre-cenario-e-vacinacao-contra-covid-19\/\"]}]},{\"@type\":\"BreadcrumbList\",\"@id\":\"https:\/\/www.fsfx.com.br\/hospital-marcio-cunha\/fundacao-sao-francisco-xavier-e-usiminas-alertam-em-live-sobre-cenario-e-vacinacao-contra-covid-19\/#breadcrumb\",\"itemListElement\":[{\"@type\":\"ListItem\",\"position\":1,\"name\":\"In\u00edcio\",\"item\":\"https:\/\/www.fsfx.com.br\/hospital-marcio-cunha\/\"},{\"@type\":\"ListItem\",\"position\":2,\"name\":\"Funda\u00e7\u00e3o S\u00e3o Francisco Xavier e Usiminas alertam em Live sobre cen\u00e1rio e vacina\u00e7\u00e3o contra Covid-19\"}]},{\"@type\":\"WebSite\",\"@id\":\"https:\/\/www.fsfx.com.br\/hospital-marcio-cunha\/#website\",\"url\":\"https:\/\/www.fsfx.com.br\/hospital-marcio-cunha\/\",\"name\":\"Hospital M\u00e1rcio Cunha\",\"description\":\"O Hospital M\u00e1rcio Cunha (HMC) \u00e9 um hospital geral de alta complexidade, com 558 leitos e tr\u00eas unidades, sendo uma unidade exclusiva para o tratamento oncol\u00f3gico.\",\"publisher\":{\"@id\":\"https:\/\/www.fsfx.com.br\/hospital-marcio-cunha\/#organization\"},\"potentialAction\":[{\"@type\":\"SearchAction\",\"target\":{\"@type\":\"EntryPoint\",\"urlTemplate\":\"https:\/\/www.fsfx.com.br\/hospital-marcio-cunha\/?s={search_term_string}\"},\"query-input\":{\"@type\":\"PropertyValueSpecification\",\"valueRequired\":true,\"valueName\":\"search_term_string\"}}],\"inLanguage\":\"pt-BR\"},{\"@type\":\"Organization\",\"@id\":\"https:\/\/www.fsfx.com.br\/hospital-marcio-cunha\/#organization\",\"name\":\"HMC - Hospital M\u00e1rcio Cunha\",\"url\":\"https:\/\/www.fsfx.com.br\/hospital-marcio-cunha\/\",\"logo\":{\"@type\":\"ImageObject\",\"inLanguage\":\"pt-BR\",\"@id\":\"https:\/\/www.fsfx.com.br\/hospital-marcio-cunha\/#\/schema\/logo\/image\/\",\"url\":\"https:\/\/www.fsfx.com.br\/hospital-marcio-cunha\/wp-content\/uploads\/sites\/9\/2022\/04\/logo-hmc-color.png\",\"contentUrl\":\"https:\/\/www.fsfx.com.br\/hospital-marcio-cunha\/wp-content\/uploads\/sites\/9\/2022\/04\/logo-hmc-color.png\",\"width\":264,\"height\":59,\"caption\":\"HMC - Hospital M\u00e1rcio Cunha\"},\"image\":{\"@id\":\"https:\/\/www.fsfx.com.br\/hospital-marcio-cunha\/#\/schema\/logo\/image\/\"}},{\"@type\":\"Person\",\"@id\":\"https:\/\/www.fsfx.com.br\/hospital-marcio-cunha\/#\/schema\/person\/7d2372fe1973398ab20a060bbb9a87d8\",\"name\":\"claudio\",\"image\":{\"@type\":\"ImageObject\",\"inLanguage\":\"pt-BR\",\"@id\":\"https:\/\/www.fsfx.com.br\/hospital-marcio-cunha\/#\/schema\/person\/image\/\",\"url\":\"https:\/\/secure.gravatar.com\/avatar\/724caacf0f2f073275cb3689c577e73e87e40150b1ffd648a67445e75aa7ff03?s=96&d=mm&r=g\",\"contentUrl\":\"https:\/\/secure.gravatar.com\/avatar\/724caacf0f2f073275cb3689c577e73e87e40150b1ffd648a67445e75aa7ff03?s=96&d=mm&r=g\",\"caption\":\"claudio\"},\"url\":\"https:\/\/www.fsfx.com.br\/hospital-marcio-cunha\/author\/claudio\/\"}]}<\/script>\n<!-- \/ Yoast SEO plugin. -->","yoast_head_json":{"title":"Funda\u00e7\u00e3o S\u00e3o Francisco Xavier e Usiminas alertam em Live sobre cen\u00e1rio e vacina\u00e7\u00e3o contra Covid-19 - Hospital M\u00e1rcio Cunha","robots":{"index":"index","follow":"follow","max-snippet":"max-snippet:-1","max-image-preview":"max-image-preview:large","max-video-preview":"max-video-preview:-1"},"canonical":"https:\/\/www.fsfx.com.br\/hospital-marcio-cunha\/fundacao-sao-francisco-xavier-e-usiminas-alertam-em-live-sobre-cenario-e-vacinacao-contra-covid-19\/","og_locale":"pt_BR","og_type":"article","og_title":"Funda\u00e7\u00e3o S\u00e3o Francisco Xavier e Usiminas alertam em Live sobre cen\u00e1rio e vacina\u00e7\u00e3o contra Covid-19 - Hospital M\u00e1rcio Cunha","og_description":"Com o Brasil ainda enfrentando uma crise sanit\u00e1ria por causa da pandemia, a vacina\u00e7\u00e3o ganha destaque como principal alternativa para conter a Covid-19. No entanto, o debate sobre a imuniza\u00e7\u00e3o ainda desperta d\u00favidas em muitas pessoas. Hoje (21), pela manh\u00e3, o Diretor de Hospitais da&nbsp;Funda\u00e7\u00e3o S\u00e3o Francisco Xavier,&nbsp;Dr. Mauro Oscar de Souza Lima, o Diretor [&hellip;]","og_url":"https:\/\/www.fsfx.com.br\/hospital-marcio-cunha\/fundacao-sao-francisco-xavier-e-usiminas-alertam-em-live-sobre-cenario-e-vacinacao-contra-covid-19\/","og_site_name":"Hospital M\u00e1rcio Cunha","article_published_time":"2021-05-21T19:17:50+00:00","author":"claudio","twitter_card":"summary_large_image","twitter_misc":{"Escrito por":"claudio","Est. tempo de leitura":"3 minutos"},"schema":{"@context":"https:\/\/schema.org","@graph":[{"@type":"Article","@id":"https:\/\/www.fsfx.com.br\/hospital-marcio-cunha\/fundacao-sao-francisco-xavier-e-usiminas-alertam-em-live-sobre-cenario-e-vacinacao-contra-covid-19\/#article","isPartOf":{"@id":"https:\/\/www.fsfx.com.br\/hospital-marcio-cunha\/fundacao-sao-francisco-xavier-e-usiminas-alertam-em-live-sobre-cenario-e-vacinacao-contra-covid-19\/"},"author":{"name":"claudio","@id":"https:\/\/www.fsfx.com.br\/hospital-marcio-cunha\/#\/schema\/person\/7d2372fe1973398ab20a060bbb9a87d8"},"headline":"Funda\u00e7\u00e3o S\u00e3o Francisco Xavier e Usiminas alertam em Live sobre cen\u00e1rio e vacina\u00e7\u00e3o contra Covid-19","datePublished":"2021-05-21T19:17:50+00:00","mainEntityOfPage":{"@id":"https:\/\/www.fsfx.com.br\/hospital-marcio-cunha\/fundacao-sao-francisco-xavier-e-usiminas-alertam-em-live-sobre-cenario-e-vacinacao-contra-covid-19\/"},"wordCount":650,"commentCount":0,"publisher":{"@id":"https:\/\/www.fsfx.com.br\/hospital-marcio-cunha\/#organization"},"inLanguage":"pt-BR","potentialAction":[{"@type":"CommentAction","name":"Comment","target":["https:\/\/www.fsfx.com.br\/hospital-marcio-cunha\/fundacao-sao-francisco-xavier-e-usiminas-alertam-em-live-sobre-cenario-e-vacinacao-contra-covid-19\/#respond"]}]},{"@type":"WebPage","@id":"https:\/\/www.fsfx.com.br\/hospital-marcio-cunha\/fundacao-sao-francisco-xavier-e-usiminas-alertam-em-live-sobre-cenario-e-vacinacao-contra-covid-19\/","url":"https:\/\/www.fsfx.com.br\/hospital-marcio-cunha\/fundacao-sao-francisco-xavier-e-usiminas-alertam-em-live-sobre-cenario-e-vacinacao-contra-covid-19\/","name":"Funda\u00e7\u00e3o S\u00e3o Francisco Xavier e Usiminas alertam em Live sobre cen\u00e1rio e vacina\u00e7\u00e3o contra Covid-19 - Hospital M\u00e1rcio Cunha","isPartOf":{"@id":"https:\/\/www.fsfx.com.br\/hospital-marcio-cunha\/#website"},"datePublished":"2021-05-21T19:17:50+00:00","breadcrumb":{"@id":"https:\/\/www.fsfx.com.br\/hospital-marcio-cunha\/fundacao-sao-francisco-xavier-e-usiminas-alertam-em-live-sobre-cenario-e-vacinacao-contra-covid-19\/#breadcrumb"},"inLanguage":"pt-BR","potentialAction":[{"@type":"ReadAction","target":["https:\/\/www.fsfx.com.br\/hospital-marcio-cunha\/fundacao-sao-francisco-xavier-e-usiminas-alertam-em-live-sobre-cenario-e-vacinacao-contra-covid-19\/"]}]},{"@type":"BreadcrumbList","@id":"https:\/\/www.fsfx.com.br\/hospital-marcio-cunha\/fundacao-sao-francisco-xavier-e-usiminas-alertam-em-live-sobre-cenario-e-vacinacao-contra-covid-19\/#breadcrumb","itemListElement":[{"@type":"ListItem","position":1,"name":"In\u00edcio","item":"https:\/\/www.fsfx.com.br\/hospital-marcio-cunha\/"},{"@type":"ListItem","position":2,"name":"Funda\u00e7\u00e3o S\u00e3o Francisco Xavier e Usiminas alertam em Live sobre cen\u00e1rio e vacina\u00e7\u00e3o contra Covid-19"}]},{"@type":"WebSite","@id":"https:\/\/www.fsfx.com.br\/hospital-marcio-cunha\/#website","url":"https:\/\/www.fsfx.com.br\/hospital-marcio-cunha\/","name":"Hospital M\u00e1rcio Cunha","description":"O Hospital M\u00e1rcio Cunha (HMC) \u00e9 um hospital geral de alta complexidade, com 558 leitos e tr\u00eas unidades, sendo uma unidade exclusiva para o tratamento oncol\u00f3gico.","publisher":{"@id":"https:\/\/www.fsfx.com.br\/hospital-marcio-cunha\/#organization"},"potentialAction":[{"@type":"SearchAction","target":{"@type":"EntryPoint","urlTemplate":"https:\/\/www.fsfx.com.br\/hospital-marcio-cunha\/?s={search_term_string}"},"query-input":{"@type":"PropertyValueSpecification","valueRequired":true,"valueName":"search_term_string"}}],"inLanguage":"pt-BR"},{"@type":"Organization","@id":"https:\/\/www.fsfx.com.br\/hospital-marcio-cunha\/#organization","name":"HMC - Hospital M\u00e1rcio Cunha","url":"https:\/\/www.fsfx.com.br\/hospital-marcio-cunha\/","logo":{"@type":"ImageObject","inLanguage":"pt-BR","@id":"https:\/\/www.fsfx.com.br\/hospital-marcio-cunha\/#\/schema\/logo\/image\/","url":"https:\/\/www.fsfx.com.br\/hospital-marcio-cunha\/wp-content\/uploads\/sites\/9\/2022\/04\/logo-hmc-color.png","contentUrl":"https:\/\/www.fsfx.com.br\/hospital-marcio-cunha\/wp-content\/uploads\/sites\/9\/2022\/04\/logo-hmc-color.png","width":264,"height":59,"caption":"HMC - Hospital M\u00e1rcio Cunha"},"image":{"@id":"https:\/\/www.fsfx.com.br\/hospital-marcio-cunha\/#\/schema\/logo\/image\/"}},{"@type":"Person","@id":"https:\/\/www.fsfx.com.br\/hospital-marcio-cunha\/#\/schema\/person\/7d2372fe1973398ab20a060bbb9a87d8","name":"claudio","image":{"@type":"ImageObject","inLanguage":"pt-BR","@id":"https:\/\/www.fsfx.com.br\/hospital-marcio-cunha\/#\/schema\/person\/image\/","url":"https:\/\/secure.gravatar.com\/avatar\/724caacf0f2f073275cb3689c577e73e87e40150b1ffd648a67445e75aa7ff03?s=96&d=mm&r=g","contentUrl":"https:\/\/secure.gravatar.com\/avatar\/724caacf0f2f073275cb3689c577e73e87e40150b1ffd648a67445e75aa7ff03?s=96&d=mm&r=g","caption":"claudio"},"url":"https:\/\/www.fsfx.com.br\/hospital-marcio-cunha\/author\/claudio\/"}]}},"_links":{"self":[{"href":"https:\/\/www.fsfx.com.br\/hospital-marcio-cunha\/wp-json\/wp\/v2\/posts\/7209","targetHints":{"allow":["GET"]}}],"collection":[{"href":"https:\/\/www.fsfx.com.br\/hospital-marcio-cunha\/wp-json\/wp\/v2\/posts"}],"about":[{"href":"https:\/\/www.fsfx.com.br\/hospital-marcio-cunha\/wp-json\/wp\/v2\/types\/post"}],"author":[{"embeddable":true,"href":"https:\/\/www.fsfx.com.br\/hospital-marcio-cunha\/wp-json\/wp\/v2\/users\/2"}],"replies":[{"embeddable":true,"href":"https:\/\/www.fsfx.com.br\/hospital-marcio-cunha\/wp-json\/wp\/v2\/comments?post=7209"}],"version-history":[{"count":0,"href":"https:\/\/www.fsfx.com.br\/hospital-marcio-cunha\/wp-json\/wp\/v2\/posts\/7209\/revisions"}],"wp:attachment":[{"href":"https:\/\/www.fsfx.com.br\/hospital-marcio-cunha\/wp-json\/wp\/v2\/media?parent=7209"}],"wp:term":[{"taxonomy":"category","embeddable":true,"href":"https:\/\/www.fsfx.com.br\/hospital-marcio-cunha\/wp-json\/wp\/v2\/categories?post=7209"},{"taxonomy":"post_tag","embeddable":true,"href":"https:\/\/www.fsfx.com.br\/hospital-marcio-cunha\/wp-json\/wp\/v2\/tags?post=7209"}],"curies":[{"name":"wp","href":"https:\/\/api.w.org\/{rel}","templated":true}]}}