{"id":7221,"date":"2021-08-27T12:46:57","date_gmt":"2021-08-27T15:46:57","guid":{"rendered":"https:\/\/www.fsfx.com.br\/hospital-marcio-cunha\/?p=883"},"modified":"2021-08-27T12:46:57","modified_gmt":"2021-08-27T15:46:57","slug":"especialista-da-fsfx-alerta-para-os-riscos-do-consumo-de-cigarro-e-aumento-do-tabagismo-na-pandemia","status":"publish","type":"post","link":"https:\/\/www.fsfx.com.br\/hospital-marcio-cunha\/especialista-da-fsfx-alerta-para-os-riscos-do-consumo-de-cigarro-e-aumento-do-tabagismo-na-pandemia\/","title":{"rendered":"Especialista da FSFX alerta para os riscos do consumo de cigarro e aumento do tabagismo na pandemia."},"content":{"rendered":"\n<p><em>Um ter\u00e7o dos fumantes aumentou a carga di\u00e1ria de cigarros durante a quarentena<\/em><br \/><\/p>\n\n\n<p>O consumo do tabaco est\u00e1 entre os principais fatores de risco para in\u00fameras doen\u00e7as e o principal potencializador de enfermidades.&nbsp; Considerada uma droga l\u00edcita, o tabagismo \u00e9 hoje uma quest\u00e3o de sa\u00fade p\u00fablica e ainda \u00e9 a principal causa de morte evit\u00e1vel em todo o planeta. De acordo com a OMS, o tabagismo mata mais de 8 milh\u00f5es de pessoas por ano no mundo. No Brasil, esse n\u00famero chega a mais de 200 mil pessoas. Neste pr\u00f3ximo domingo, dia 29 de agosto, \u00e9 celebrado o Dia Nacional de Combate ao Fumo. \u201cNeste ano a data assume propor\u00e7\u00f5es ainda mais relevantes. O isolamento social fez muita gente aumentar o consumo di\u00e1rio de cigarros. O que torna a situa\u00e7\u00e3o dos tabagistas ainda mais preocupante\u201d, explica o pneumologista da Funda\u00e7\u00e3o S\u00e3o Francisco Xavier, Dr. Roberto Tagliaferro, que atua no Hospital de Cubat\u00e3o.<\/p>\n\n\n<p>Segundo um estudo da Funda\u00e7\u00e3o Oswaldo Cruz (Fiocruz) em que foram ouvidas 45 mil pessoas, do total de entrevistados 12% eram consumidores de tabaco e 34% passaram a consumir mais cigarros por dia em isolamento social. O estudo tamb\u00e9m considera que esse aumento do tabagismo est\u00e1 associado \u00e0 piora da qualidade do sono, ao isolamento dos familiares, \u00e0 ansiedade e \u00e0 depress\u00e3o.<\/p>\n\n\n<p>\u201cO tabaco causa diferentes tipos de inflama\u00e7\u00e3o no organismo, prejudicando os mecanismos de defesa e aumentando o risco de infec\u00e7\u00f5es por v\u00edrus, fungos e bact\u00e9rias. E o pulm\u00e3o \u00e9 um dos \u00f3rg\u00e3os mais afetados, por isso, os fumantes fazem parte do grupo de risco\u201d, explica o pneumologista.<\/p>\n\n\n<p>O m\u00e9dico explica que o cigarro age como uma droga e vai sendo prejudicial ao longo da vida do tabagista. Com mais de 4700 subst\u00e2ncias t\u00f3xicas, a nicotina atua no sistema nervoso central como a coca\u00edna, hero\u00edna, \u00e1lcool, mas com uma grande diferen\u00e7a: chega ao c\u00e9rebro em apenas 7 a 19 segundos. Quando inalado, o mon\u00f3xido de carbono atinge os pulm\u00f5es e dali segue para o sangue, reduzindo a capacidade de carregar oxig\u00eanio.<\/p>\n\n\n<p>Al\u00e9m de ser respons\u00e1vel por mais de 90% dos casos de c\u00e2ncer de pulm\u00e3o, o cigarro tamb\u00e9m est\u00e1 associado a cerca de 30% de outros tipos de c\u00e2ncer, entre eles de boca, faringe, laringe, es\u00f4fago, al\u00e9m de listar entre os principais fatores de risco para doen\u00e7as coronarianas e vasculares. \u201cTemos cerca de 50 doen\u00e7as associadas ao tabagismo. Por isso \u00e9 t\u00e3o importante deixar o v\u00edcio para ter uma vida saud\u00e1vel. Abandonar o cigarro n\u00e3o \u00e9 tarefa f\u00e1cil. Na maioria dos casos, \u00e9 preciso o acompanhamento de profissionais e o apoio da fam\u00edlia e de amigos. Mas \u00e9 um esfor\u00e7o que vale a pena. Nunca \u00e9 tarde para se autocuidar e prevenir de doen\u00e7as. Quem larga o cigarro, n\u00e3o est\u00e1 fazendo bem s\u00f3 a si mesmo, mas a todos que est\u00e3o em volta\u201d, ressalta o especialista.<\/p>\n","protected":false},"excerpt":{"rendered":"<p>Um ter\u00e7o dos fumantes aumentou a carga di\u00e1ria de cigarros durante a quarentena O consumo do tabaco est\u00e1 entre os principais fatores de risco para in\u00fameras doen\u00e7as e o principal potencializador de enfermidades.&nbsp; Considerada uma droga l\u00edcita, o tabagismo \u00e9 hoje uma quest\u00e3o de sa\u00fade p\u00fablica e ainda \u00e9 a principal causa de morte evit\u00e1vel [&hellip;]<\/p>\n","protected":false},"author":2,"featured_media":0,"comment_status":"open","ping_status":"open","sticky":false,"template":"","format":"standard","meta":{"_acf_changed":false,"site-sidebar-layout":"default","site-content-layout":"","ast-site-content-layout":"default","site-content-style":"default","site-sidebar-style":"default","ast-global-header-display":"","ast-banner-title-visibility":"","ast-main-header-display":"","ast-hfb-above-header-display":"","ast-hfb-below-header-display":"","ast-hfb-mobile-header-display":"","site-post-title":"","ast-breadcrumbs-content":"","ast-featured-img":"","footer-sml-layout":"","theme-transparent-header-meta":"","adv-header-id-meta":"","stick-header-meta":"","header-above-stick-meta":"","header-main-stick-meta":"","header-below-stick-meta":"","astra-migrate-meta-layouts":"default","ast-page-background-enabled":"default","ast-page-background-meta":{"desktop":{"background-color":"var(--ast-global-color-4)","background-image":"","background-repeat":"repeat","background-position":"center center","background-size":"auto","background-attachment":"scroll","background-type":"","background-media":"","overlay-type":"","overlay-color":"","overlay-opacity":"","overlay-gradient":""},"tablet":{"background-color":"","background-image":"","background-repeat":"repeat","background-position":"center center","background-size":"auto","background-attachment":"scroll","background-type":"","background-media":"","overlay-type":"","overlay-color":"","overlay-opacity":"","overlay-gradient":""},"mobile":{"background-color":"","background-image":"","background-repeat":"repeat","background-position":"center center","background-size":"auto","background-attachment":"scroll","background-type":"","background-media":"","overlay-type":"","overlay-color":"","overlay-opacity":"","overlay-gradient":""}},"ast-content-background-meta":{"desktop":{"background-color":"var(--ast-global-color-5)","background-image":"","background-repeat":"repeat","background-position":"center center","background-size":"auto","background-attachment":"scroll","background-type":"","background-media":"","overlay-type":"","overlay-color":"","overlay-opacity":"","overlay-gradient":""},"tablet":{"background-color":"var(--ast-global-color-5)","background-image":"","background-repeat":"repeat","background-position":"center center","background-size":"auto","background-attachment":"scroll","background-type":"","background-media":"","overlay-type":"","overlay-color":"","overlay-opacity":"","overlay-gradient":""},"mobile":{"background-color":"var(--ast-global-color-5)","background-image":"","background-repeat":"repeat","background-position":"center center","background-size":"auto","background-attachment":"scroll","background-type":"","background-media":"","overlay-type":"","overlay-color":"","overlay-opacity":"","overlay-gradient":""}},"footnotes":""},"categories":[1],"tags":[],"class_list":["post-7221","post","type-post","status-publish","format-standard","hentry","category-sem-categoria"],"acf":[],"yoast_head":"<!-- This site is optimized with the Yoast SEO plugin v26.9 - https:\/\/yoast.com\/product\/yoast-seo-wordpress\/ -->\n<title>Especialista da FSFX alerta para os riscos do consumo de cigarro e aumento do tabagismo na pandemia. - Hospital M\u00e1rcio Cunha<\/title>\n<meta name=\"robots\" content=\"index, follow, max-snippet:-1, max-image-preview:large, max-video-preview:-1\" \/>\n<link rel=\"canonical\" href=\"https:\/\/www.fsfx.com.br\/hospital-marcio-cunha\/especialista-da-fsfx-alerta-para-os-riscos-do-consumo-de-cigarro-e-aumento-do-tabagismo-na-pandemia\/\" \/>\n<meta property=\"og:locale\" content=\"pt_BR\" \/>\n<meta property=\"og:type\" content=\"article\" \/>\n<meta property=\"og:title\" content=\"Especialista da FSFX alerta para os riscos do consumo de cigarro e aumento do tabagismo na pandemia. - Hospital M\u00e1rcio Cunha\" \/>\n<meta property=\"og:description\" content=\"Um ter\u00e7o dos fumantes aumentou a carga di\u00e1ria de cigarros durante a quarentena O consumo do tabaco est\u00e1 entre os principais fatores de risco para in\u00fameras doen\u00e7as e o principal potencializador de enfermidades.&nbsp; Considerada uma droga l\u00edcita, o tabagismo \u00e9 hoje uma quest\u00e3o de sa\u00fade p\u00fablica e ainda \u00e9 a principal causa de morte evit\u00e1vel [&hellip;]\" \/>\n<meta property=\"og:url\" content=\"https:\/\/www.fsfx.com.br\/hospital-marcio-cunha\/especialista-da-fsfx-alerta-para-os-riscos-do-consumo-de-cigarro-e-aumento-do-tabagismo-na-pandemia\/\" \/>\n<meta property=\"og:site_name\" content=\"Hospital M\u00e1rcio Cunha\" \/>\n<meta property=\"article:published_time\" content=\"2021-08-27T15:46:57+00:00\" \/>\n<meta name=\"author\" content=\"claudio\" \/>\n<meta name=\"twitter:card\" content=\"summary_large_image\" \/>\n<meta name=\"twitter:label1\" content=\"Escrito por\" \/>\n\t<meta name=\"twitter:data1\" content=\"claudio\" \/>\n\t<meta name=\"twitter:label2\" content=\"Est. tempo de leitura\" \/>\n\t<meta name=\"twitter:data2\" content=\"3 minutos\" \/>\n<script type=\"application\/ld+json\" class=\"yoast-schema-graph\">{\"@context\":\"https:\/\/schema.org\",\"@graph\":[{\"@type\":\"Article\",\"@id\":\"https:\/\/www.fsfx.com.br\/hospital-marcio-cunha\/especialista-da-fsfx-alerta-para-os-riscos-do-consumo-de-cigarro-e-aumento-do-tabagismo-na-pandemia\/#article\",\"isPartOf\":{\"@id\":\"https:\/\/www.fsfx.com.br\/hospital-marcio-cunha\/especialista-da-fsfx-alerta-para-os-riscos-do-consumo-de-cigarro-e-aumento-do-tabagismo-na-pandemia\/\"},\"author\":{\"name\":\"claudio\",\"@id\":\"https:\/\/www.fsfx.com.br\/hospital-marcio-cunha\/#\/schema\/person\/7d2372fe1973398ab20a060bbb9a87d8\"},\"headline\":\"Especialista da FSFX alerta para os riscos do consumo de cigarro e aumento do tabagismo na pandemia.\",\"datePublished\":\"2021-08-27T15:46:57+00:00\",\"mainEntityOfPage\":{\"@id\":\"https:\/\/www.fsfx.com.br\/hospital-marcio-cunha\/especialista-da-fsfx-alerta-para-os-riscos-do-consumo-de-cigarro-e-aumento-do-tabagismo-na-pandemia\/\"},\"wordCount\":520,\"commentCount\":0,\"publisher\":{\"@id\":\"https:\/\/www.fsfx.com.br\/hospital-marcio-cunha\/#organization\"},\"inLanguage\":\"pt-BR\",\"potentialAction\":[{\"@type\":\"CommentAction\",\"name\":\"Comment\",\"target\":[\"https:\/\/www.fsfx.com.br\/hospital-marcio-cunha\/especialista-da-fsfx-alerta-para-os-riscos-do-consumo-de-cigarro-e-aumento-do-tabagismo-na-pandemia\/#respond\"]}]},{\"@type\":\"WebPage\",\"@id\":\"https:\/\/www.fsfx.com.br\/hospital-marcio-cunha\/especialista-da-fsfx-alerta-para-os-riscos-do-consumo-de-cigarro-e-aumento-do-tabagismo-na-pandemia\/\",\"url\":\"https:\/\/www.fsfx.com.br\/hospital-marcio-cunha\/especialista-da-fsfx-alerta-para-os-riscos-do-consumo-de-cigarro-e-aumento-do-tabagismo-na-pandemia\/\",\"name\":\"Especialista da FSFX alerta para os riscos do consumo de cigarro e aumento do tabagismo na pandemia. - Hospital M\u00e1rcio Cunha\",\"isPartOf\":{\"@id\":\"https:\/\/www.fsfx.com.br\/hospital-marcio-cunha\/#website\"},\"datePublished\":\"2021-08-27T15:46:57+00:00\",\"breadcrumb\":{\"@id\":\"https:\/\/www.fsfx.com.br\/hospital-marcio-cunha\/especialista-da-fsfx-alerta-para-os-riscos-do-consumo-de-cigarro-e-aumento-do-tabagismo-na-pandemia\/#breadcrumb\"},\"inLanguage\":\"pt-BR\",\"potentialAction\":[{\"@type\":\"ReadAction\",\"target\":[\"https:\/\/www.fsfx.com.br\/hospital-marcio-cunha\/especialista-da-fsfx-alerta-para-os-riscos-do-consumo-de-cigarro-e-aumento-do-tabagismo-na-pandemia\/\"]}]},{\"@type\":\"BreadcrumbList\",\"@id\":\"https:\/\/www.fsfx.com.br\/hospital-marcio-cunha\/especialista-da-fsfx-alerta-para-os-riscos-do-consumo-de-cigarro-e-aumento-do-tabagismo-na-pandemia\/#breadcrumb\",\"itemListElement\":[{\"@type\":\"ListItem\",\"position\":1,\"name\":\"In\u00edcio\",\"item\":\"https:\/\/www.fsfx.com.br\/hospital-marcio-cunha\/\"},{\"@type\":\"ListItem\",\"position\":2,\"name\":\"Especialista da FSFX alerta para os riscos do consumo de cigarro e aumento do tabagismo na pandemia.\"}]},{\"@type\":\"WebSite\",\"@id\":\"https:\/\/www.fsfx.com.br\/hospital-marcio-cunha\/#website\",\"url\":\"https:\/\/www.fsfx.com.br\/hospital-marcio-cunha\/\",\"name\":\"Hospital M\u00e1rcio Cunha\",\"description\":\"O Hospital M\u00e1rcio Cunha (HMC) \u00e9 um hospital geral de alta complexidade, com 558 leitos e tr\u00eas unidades, sendo uma unidade exclusiva para o tratamento oncol\u00f3gico.\",\"publisher\":{\"@id\":\"https:\/\/www.fsfx.com.br\/hospital-marcio-cunha\/#organization\"},\"potentialAction\":[{\"@type\":\"SearchAction\",\"target\":{\"@type\":\"EntryPoint\",\"urlTemplate\":\"https:\/\/www.fsfx.com.br\/hospital-marcio-cunha\/?s={search_term_string}\"},\"query-input\":{\"@type\":\"PropertyValueSpecification\",\"valueRequired\":true,\"valueName\":\"search_term_string\"}}],\"inLanguage\":\"pt-BR\"},{\"@type\":\"Organization\",\"@id\":\"https:\/\/www.fsfx.com.br\/hospital-marcio-cunha\/#organization\",\"name\":\"HMC - Hospital M\u00e1rcio Cunha\",\"url\":\"https:\/\/www.fsfx.com.br\/hospital-marcio-cunha\/\",\"logo\":{\"@type\":\"ImageObject\",\"inLanguage\":\"pt-BR\",\"@id\":\"https:\/\/www.fsfx.com.br\/hospital-marcio-cunha\/#\/schema\/logo\/image\/\",\"url\":\"https:\/\/www.fsfx.com.br\/hospital-marcio-cunha\/wp-content\/uploads\/sites\/9\/2022\/04\/logo-hmc-color.png\",\"contentUrl\":\"https:\/\/www.fsfx.com.br\/hospital-marcio-cunha\/wp-content\/uploads\/sites\/9\/2022\/04\/logo-hmc-color.png\",\"width\":264,\"height\":59,\"caption\":\"HMC - Hospital M\u00e1rcio Cunha\"},\"image\":{\"@id\":\"https:\/\/www.fsfx.com.br\/hospital-marcio-cunha\/#\/schema\/logo\/image\/\"}},{\"@type\":\"Person\",\"@id\":\"https:\/\/www.fsfx.com.br\/hospital-marcio-cunha\/#\/schema\/person\/7d2372fe1973398ab20a060bbb9a87d8\",\"name\":\"claudio\",\"image\":{\"@type\":\"ImageObject\",\"inLanguage\":\"pt-BR\",\"@id\":\"https:\/\/www.fsfx.com.br\/hospital-marcio-cunha\/#\/schema\/person\/image\/\",\"url\":\"https:\/\/secure.gravatar.com\/avatar\/724caacf0f2f073275cb3689c577e73e87e40150b1ffd648a67445e75aa7ff03?s=96&d=mm&r=g\",\"contentUrl\":\"https:\/\/secure.gravatar.com\/avatar\/724caacf0f2f073275cb3689c577e73e87e40150b1ffd648a67445e75aa7ff03?s=96&d=mm&r=g\",\"caption\":\"claudio\"},\"url\":\"https:\/\/www.fsfx.com.br\/hospital-marcio-cunha\/author\/claudio\/\"}]}<\/script>\n<!-- \/ Yoast SEO plugin. -->","yoast_head_json":{"title":"Especialista da FSFX alerta para os riscos do consumo de cigarro e aumento do tabagismo na pandemia. - Hospital M\u00e1rcio Cunha","robots":{"index":"index","follow":"follow","max-snippet":"max-snippet:-1","max-image-preview":"max-image-preview:large","max-video-preview":"max-video-preview:-1"},"canonical":"https:\/\/www.fsfx.com.br\/hospital-marcio-cunha\/especialista-da-fsfx-alerta-para-os-riscos-do-consumo-de-cigarro-e-aumento-do-tabagismo-na-pandemia\/","og_locale":"pt_BR","og_type":"article","og_title":"Especialista da FSFX alerta para os riscos do consumo de cigarro e aumento do tabagismo na pandemia. - Hospital M\u00e1rcio Cunha","og_description":"Um ter\u00e7o dos fumantes aumentou a carga di\u00e1ria de cigarros durante a quarentena O consumo do tabaco est\u00e1 entre os principais fatores de risco para in\u00fameras doen\u00e7as e o principal potencializador de enfermidades.&nbsp; Considerada uma droga l\u00edcita, o tabagismo \u00e9 hoje uma quest\u00e3o de sa\u00fade p\u00fablica e ainda \u00e9 a principal causa de morte evit\u00e1vel [&hellip;]","og_url":"https:\/\/www.fsfx.com.br\/hospital-marcio-cunha\/especialista-da-fsfx-alerta-para-os-riscos-do-consumo-de-cigarro-e-aumento-do-tabagismo-na-pandemia\/","og_site_name":"Hospital M\u00e1rcio Cunha","article_published_time":"2021-08-27T15:46:57+00:00","author":"claudio","twitter_card":"summary_large_image","twitter_misc":{"Escrito por":"claudio","Est. tempo de leitura":"3 minutos"},"schema":{"@context":"https:\/\/schema.org","@graph":[{"@type":"Article","@id":"https:\/\/www.fsfx.com.br\/hospital-marcio-cunha\/especialista-da-fsfx-alerta-para-os-riscos-do-consumo-de-cigarro-e-aumento-do-tabagismo-na-pandemia\/#article","isPartOf":{"@id":"https:\/\/www.fsfx.com.br\/hospital-marcio-cunha\/especialista-da-fsfx-alerta-para-os-riscos-do-consumo-de-cigarro-e-aumento-do-tabagismo-na-pandemia\/"},"author":{"name":"claudio","@id":"https:\/\/www.fsfx.com.br\/hospital-marcio-cunha\/#\/schema\/person\/7d2372fe1973398ab20a060bbb9a87d8"},"headline":"Especialista da FSFX alerta para os riscos do consumo de cigarro e aumento do tabagismo na pandemia.","datePublished":"2021-08-27T15:46:57+00:00","mainEntityOfPage":{"@id":"https:\/\/www.fsfx.com.br\/hospital-marcio-cunha\/especialista-da-fsfx-alerta-para-os-riscos-do-consumo-de-cigarro-e-aumento-do-tabagismo-na-pandemia\/"},"wordCount":520,"commentCount":0,"publisher":{"@id":"https:\/\/www.fsfx.com.br\/hospital-marcio-cunha\/#organization"},"inLanguage":"pt-BR","potentialAction":[{"@type":"CommentAction","name":"Comment","target":["https:\/\/www.fsfx.com.br\/hospital-marcio-cunha\/especialista-da-fsfx-alerta-para-os-riscos-do-consumo-de-cigarro-e-aumento-do-tabagismo-na-pandemia\/#respond"]}]},{"@type":"WebPage","@id":"https:\/\/www.fsfx.com.br\/hospital-marcio-cunha\/especialista-da-fsfx-alerta-para-os-riscos-do-consumo-de-cigarro-e-aumento-do-tabagismo-na-pandemia\/","url":"https:\/\/www.fsfx.com.br\/hospital-marcio-cunha\/especialista-da-fsfx-alerta-para-os-riscos-do-consumo-de-cigarro-e-aumento-do-tabagismo-na-pandemia\/","name":"Especialista da FSFX alerta para os riscos do consumo de cigarro e aumento do tabagismo na pandemia. - Hospital M\u00e1rcio Cunha","isPartOf":{"@id":"https:\/\/www.fsfx.com.br\/hospital-marcio-cunha\/#website"},"datePublished":"2021-08-27T15:46:57+00:00","breadcrumb":{"@id":"https:\/\/www.fsfx.com.br\/hospital-marcio-cunha\/especialista-da-fsfx-alerta-para-os-riscos-do-consumo-de-cigarro-e-aumento-do-tabagismo-na-pandemia\/#breadcrumb"},"inLanguage":"pt-BR","potentialAction":[{"@type":"ReadAction","target":["https:\/\/www.fsfx.com.br\/hospital-marcio-cunha\/especialista-da-fsfx-alerta-para-os-riscos-do-consumo-de-cigarro-e-aumento-do-tabagismo-na-pandemia\/"]}]},{"@type":"BreadcrumbList","@id":"https:\/\/www.fsfx.com.br\/hospital-marcio-cunha\/especialista-da-fsfx-alerta-para-os-riscos-do-consumo-de-cigarro-e-aumento-do-tabagismo-na-pandemia\/#breadcrumb","itemListElement":[{"@type":"ListItem","position":1,"name":"In\u00edcio","item":"https:\/\/www.fsfx.com.br\/hospital-marcio-cunha\/"},{"@type":"ListItem","position":2,"name":"Especialista da FSFX alerta para os riscos do consumo de cigarro e aumento do tabagismo na pandemia."}]},{"@type":"WebSite","@id":"https:\/\/www.fsfx.com.br\/hospital-marcio-cunha\/#website","url":"https:\/\/www.fsfx.com.br\/hospital-marcio-cunha\/","name":"Hospital M\u00e1rcio Cunha","description":"O Hospital M\u00e1rcio Cunha (HMC) \u00e9 um hospital geral de alta complexidade, com 558 leitos e tr\u00eas unidades, sendo uma unidade exclusiva para o tratamento oncol\u00f3gico.","publisher":{"@id":"https:\/\/www.fsfx.com.br\/hospital-marcio-cunha\/#organization"},"potentialAction":[{"@type":"SearchAction","target":{"@type":"EntryPoint","urlTemplate":"https:\/\/www.fsfx.com.br\/hospital-marcio-cunha\/?s={search_term_string}"},"query-input":{"@type":"PropertyValueSpecification","valueRequired":true,"valueName":"search_term_string"}}],"inLanguage":"pt-BR"},{"@type":"Organization","@id":"https:\/\/www.fsfx.com.br\/hospital-marcio-cunha\/#organization","name":"HMC - Hospital M\u00e1rcio Cunha","url":"https:\/\/www.fsfx.com.br\/hospital-marcio-cunha\/","logo":{"@type":"ImageObject","inLanguage":"pt-BR","@id":"https:\/\/www.fsfx.com.br\/hospital-marcio-cunha\/#\/schema\/logo\/image\/","url":"https:\/\/www.fsfx.com.br\/hospital-marcio-cunha\/wp-content\/uploads\/sites\/9\/2022\/04\/logo-hmc-color.png","contentUrl":"https:\/\/www.fsfx.com.br\/hospital-marcio-cunha\/wp-content\/uploads\/sites\/9\/2022\/04\/logo-hmc-color.png","width":264,"height":59,"caption":"HMC - Hospital M\u00e1rcio Cunha"},"image":{"@id":"https:\/\/www.fsfx.com.br\/hospital-marcio-cunha\/#\/schema\/logo\/image\/"}},{"@type":"Person","@id":"https:\/\/www.fsfx.com.br\/hospital-marcio-cunha\/#\/schema\/person\/7d2372fe1973398ab20a060bbb9a87d8","name":"claudio","image":{"@type":"ImageObject","inLanguage":"pt-BR","@id":"https:\/\/www.fsfx.com.br\/hospital-marcio-cunha\/#\/schema\/person\/image\/","url":"https:\/\/secure.gravatar.com\/avatar\/724caacf0f2f073275cb3689c577e73e87e40150b1ffd648a67445e75aa7ff03?s=96&d=mm&r=g","contentUrl":"https:\/\/secure.gravatar.com\/avatar\/724caacf0f2f073275cb3689c577e73e87e40150b1ffd648a67445e75aa7ff03?s=96&d=mm&r=g","caption":"claudio"},"url":"https:\/\/www.fsfx.com.br\/hospital-marcio-cunha\/author\/claudio\/"}]}},"_links":{"self":[{"href":"https:\/\/www.fsfx.com.br\/hospital-marcio-cunha\/wp-json\/wp\/v2\/posts\/7221","targetHints":{"allow":["GET"]}}],"collection":[{"href":"https:\/\/www.fsfx.com.br\/hospital-marcio-cunha\/wp-json\/wp\/v2\/posts"}],"about":[{"href":"https:\/\/www.fsfx.com.br\/hospital-marcio-cunha\/wp-json\/wp\/v2\/types\/post"}],"author":[{"embeddable":true,"href":"https:\/\/www.fsfx.com.br\/hospital-marcio-cunha\/wp-json\/wp\/v2\/users\/2"}],"replies":[{"embeddable":true,"href":"https:\/\/www.fsfx.com.br\/hospital-marcio-cunha\/wp-json\/wp\/v2\/comments?post=7221"}],"version-history":[{"count":0,"href":"https:\/\/www.fsfx.com.br\/hospital-marcio-cunha\/wp-json\/wp\/v2\/posts\/7221\/revisions"}],"wp:attachment":[{"href":"https:\/\/www.fsfx.com.br\/hospital-marcio-cunha\/wp-json\/wp\/v2\/media?parent=7221"}],"wp:term":[{"taxonomy":"category","embeddable":true,"href":"https:\/\/www.fsfx.com.br\/hospital-marcio-cunha\/wp-json\/wp\/v2\/categories?post=7221"},{"taxonomy":"post_tag","embeddable":true,"href":"https:\/\/www.fsfx.com.br\/hospital-marcio-cunha\/wp-json\/wp\/v2\/tags?post=7221"}],"curies":[{"name":"wp","href":"https:\/\/api.w.org\/{rel}","templated":true}]}}