{"id":7223,"date":"2021-10-06T16:25:16","date_gmt":"2021-10-06T19:25:16","guid":{"rendered":"https:\/\/www.fsfx.com.br\/hospital-marcio-cunha\/?p=904"},"modified":"2021-10-06T16:25:16","modified_gmt":"2021-10-06T19:25:16","slug":"fundacao-sao-francisco-xavier-promove-acoes-em-apoio-ao-outubro-rosa","status":"publish","type":"post","link":"https:\/\/www.fsfx.com.br\/hospital-marcio-cunha\/fundacao-sao-francisco-xavier-promove-acoes-em-apoio-ao-outubro-rosa\/","title":{"rendered":"Funda\u00e7\u00e3o S\u00e3o Francisco Xavier promove a\u00e7\u00f5es em apoio ao Outubro Rosa"},"content":{"rendered":"\n<h3 class=\"wp-block-heading\"><em>O objetivo \u00e9 conscientizar sobre a import\u00e2ncia da preven\u00e7\u00e3o e detec\u00e7\u00e3o precoce do c\u00e2ncer de mama, que se diagnosticado em est\u00e1gios iniciais tem grandes chances de cura<\/em><\/h3>\n\n\n<p>Outubro chegou e com ele uma das mais importantes campanhas de conscientiza\u00e7\u00e3o e preven\u00e7\u00e3o ao c\u00e2ncer de mama. Em ades\u00e3o ao Outubro Rosa, a Funda\u00e7\u00e3o S\u00e3o Francisco Xavier &#8211; FSFX, bra\u00e7o social da Usiminas nas \u00e1reas de sa\u00fade e educa\u00e7\u00e3o, vai realizar diversas a\u00e7\u00f5es para alertar sobre a doen\u00e7a, que \u00e9 o segundo tipo de tumor mais comum entre as mulheres. La\u00e7os rosas j\u00e1 foram distribu\u00eddos aos colaboradores e as fachadas das unidades est\u00e3o iluminadas na cor s\u00edmbolo da campanha. Nas redes sociais da entidade, o movimento Outubro Rosa ganhou for\u00e7a com a mudan\u00e7a do avatar e sites.<\/p>\n\n\n<p>No Hospital Municipal Carlos Chagas &#8211; HMCC, em Itabira-MG, administrado pela FSFX, em parceria com a Prefeitura da cidade ser\u00e3o realizadas mamografias gratuitas \u00e0 popula\u00e7\u00e3o. Durante o m\u00eas de outubro, ser\u00e3o oferecidas cerca de 300 exames de mamografia. A a\u00e7\u00e3o, no entanto, acontece at\u00e9 o m\u00eas de dezembro, com disponibilidade de oferta de mais exames, chegando a 900 mamografias at\u00e9 o final do ano. As mamografias devem ser agendadas pela Secretaria Municipal de Sa\u00fade do munic\u00edpio.<\/p>\n\n\n<p>Na unidade de Oncologia do Hospital M\u00e1rcio Cunha, em Ipatinga-MG est\u00e3o sendo promovidas atividades relacionadas \u00e0 autoestima da mulher e workshops sobre o tema.<\/p>\n\n\n<p>No Hospital de Cubat\u00e3o, na Baixada Santista, est\u00e3o sendo feitos agendamentos de exames de mamografias sob livre demanda. J\u00e1 em Tim\u00f3teo, no leste de Minas Gerais, o Hospital e Maternidade Vital Brazil est\u00e1 com distribui\u00e7\u00e3o de materiais informativos e a\u00e7\u00f5es internas.<\/p>\n\n\n<p><strong>C\u00e2ncer de Mama<\/strong><\/p>\n\n\n<p>O c\u00e2ncer de mama \u00e9 o segundo tipo mais comum na popula\u00e7\u00e3o feminina, atr\u00e1s apenas do c\u00e2ncer de pele n\u00e3o-melanoma. De acordo com dados do Instituto Nacional do C\u00e2ncer (Inca), s\u00e3o esperados para esse ano mais de 66 mil casos de c\u00e2ncer de mama no Brasil.<\/p>\n\n\n<p>Apesar de muito comum e frequente no pa\u00eds e no mundo, o c\u00e2ncer de mama, quando diagnosticado em est\u00e1gio inicial, pode ter chance de cura superior a 90%. Entre as principais formas de preven\u00e7\u00e3o e diagn\u00f3stico precoce est\u00e3o o autocuidado com o toque da mama para identificar caro\u00e7os e a realiza\u00e7\u00e3o da mamografia. &nbsp;<\/p>\n\n\n<p>A detec\u00e7\u00e3o e o tratamento tardios fazem com que as chances de cura se restrinjam a menos de 30%. No Brasil cerca de 1\/3 das mulheres descobrem que est\u00e3o com a doen\u00e7a em est\u00e1gio avan\u00e7ado.<\/p>\n\n\n<figure class=\"wp-block-gallery columns-3 is-cropped wp-block-gallery-1 is-layout-flex wp-block-gallery-is-layout-flex\"><ul class=\"blocks-gallery-grid\"><li class=\"blocks-gallery-item\"><figure><img decoding=\"async\" src=\"https:\/\/www.fsfx.com.br\/hospital-marcio-cunha\/wp-content\/uploads\/sites\/5\/2021\/10\/HMC-1024x576.jpg\" alt=\"\" data-id=\"908\" data-full-url=\"https:\/\/www.fsfx.com.br\/hospital-marcio-cunha\/wp-content\/uploads\/sites\/5\/2021\/10\/HMC.jpg\" data-link=\"https:\/\/www.fsfx.com.br\/hospital-marcio-cunha\/?attachment_id=908\" class=\"wp-image-908\" \/><\/figure><\/li><li class=\"blocks-gallery-item\"><figure><img decoding=\"async\" src=\"https:\/\/www.fsfx.com.br\/hospital-marcio-cunha\/wp-content\/uploads\/sites\/5\/2021\/10\/onco-1024x576.jpg\" alt=\"\" data-id=\"911\" data-full-url=\"https:\/\/www.fsfx.com.br\/hospital-marcio-cunha\/wp-content\/uploads\/sites\/5\/2021\/10\/onco.jpg\" data-link=\"https:\/\/www.fsfx.com.br\/hospital-marcio-cunha\/?attachment_id=911\" class=\"wp-image-911\" \/><\/figure><\/li><li class=\"blocks-gallery-item\"><figure><img decoding=\"async\" src=\"https:\/\/www.fsfx.com.br\/hospital-marcio-cunha\/wp-content\/uploads\/sites\/5\/2021\/10\/colegio-1024x768.jpg\" alt=\"\" data-id=\"906\" data-full-url=\"https:\/\/www.fsfx.com.br\/hospital-marcio-cunha\/wp-content\/uploads\/sites\/5\/2021\/10\/colegio.jpg\" data-link=\"https:\/\/www.fsfx.com.br\/hospital-marcio-cunha\/?attachment_id=906\" class=\"wp-image-906\" \/><\/figure><\/li><li class=\"blocks-gallery-item\"><figure><img decoding=\"async\" src=\"https:\/\/www.fsfx.com.br\/hospital-marcio-cunha\/wp-content\/uploads\/sites\/5\/2021\/10\/HMVB-1024x768.jpg\" alt=\"\" data-id=\"910\" data-full-url=\"https:\/\/www.fsfx.com.br\/hospital-marcio-cunha\/wp-content\/uploads\/sites\/5\/2021\/10\/HMVB.jpg\" data-link=\"https:\/\/www.fsfx.com.br\/hospital-marcio-cunha\/?attachment_id=910\" class=\"wp-image-910\" \/><\/figure><\/li><li class=\"blocks-gallery-item\"><figure><img decoding=\"async\" src=\"https:\/\/www.fsfx.com.br\/hospital-marcio-cunha\/wp-content\/uploads\/sites\/5\/2021\/10\/coi-1024x576.jpg\" alt=\"\" data-id=\"905\" data-full-url=\"https:\/\/www.fsfx.com.br\/hospital-marcio-cunha\/wp-content\/uploads\/sites\/5\/2021\/10\/coi.jpg\" data-link=\"https:\/\/www.fsfx.com.br\/hospital-marcio-cunha\/?attachment_id=905\" class=\"wp-image-905\" \/><\/figure><\/li><li class=\"blocks-gallery-item\"><figure><img decoding=\"async\" src=\"https:\/\/www.fsfx.com.br\/hospital-marcio-cunha\/wp-content\/uploads\/sites\/5\/2021\/10\/HMCC-768x1024.jpg\" alt=\"\" data-id=\"909\" data-full-url=\"https:\/\/www.fsfx.com.br\/hospital-marcio-cunha\/wp-content\/uploads\/sites\/5\/2021\/10\/HMCC.jpg\" data-link=\"https:\/\/www.fsfx.com.br\/hospital-marcio-cunha\/?attachment_id=909\" class=\"wp-image-909\" \/><\/figure><\/li><li class=\"blocks-gallery-item\"><figure><img decoding=\"async\" src=\"https:\/\/www.fsfx.com.br\/hospital-marcio-cunha\/wp-content\/uploads\/sites\/5\/2021\/10\/HL-1024x768.jpg\" alt=\"\" data-id=\"907\" data-full-url=\"https:\/\/www.fsfx.com.br\/hospital-marcio-cunha\/wp-content\/uploads\/sites\/5\/2021\/10\/HL.jpg\" data-link=\"https:\/\/www.fsfx.com.br\/hospital-marcio-cunha\/?attachment_id=907\" class=\"wp-image-907\" \/><\/figure><\/li><\/ul><\/figure>\n","protected":false},"excerpt":{"rendered":"<p>O objetivo \u00e9 conscientizar sobre a import\u00e2ncia da preven\u00e7\u00e3o e detec\u00e7\u00e3o precoce do c\u00e2ncer de mama, que se diagnosticado em est\u00e1gios iniciais tem grandes chances de cura Outubro chegou e com ele uma das mais importantes campanhas de conscientiza\u00e7\u00e3o e preven\u00e7\u00e3o ao c\u00e2ncer de mama. Em ades\u00e3o ao Outubro Rosa, a Funda\u00e7\u00e3o S\u00e3o Francisco Xavier [&hellip;]<\/p>\n","protected":false},"author":2,"featured_media":0,"comment_status":"open","ping_status":"open","sticky":false,"template":"","format":"standard","meta":{"_acf_changed":false,"site-sidebar-layout":"default","site-content-layout":"","ast-site-content-layout":"default","site-content-style":"default","site-sidebar-style":"default","ast-global-header-display":"","ast-banner-title-visibility":"","ast-main-header-display":"","ast-hfb-above-header-display":"","ast-hfb-below-header-display":"","ast-hfb-mobile-header-display":"","site-post-title":"","ast-breadcrumbs-content":"","ast-featured-img":"","footer-sml-layout":"","theme-transparent-header-meta":"","adv-header-id-meta":"","stick-header-meta":"","header-above-stick-meta":"","header-main-stick-meta":"","header-below-stick-meta":"","astra-migrate-meta-layouts":"default","ast-page-background-enabled":"default","ast-page-background-meta":{"desktop":{"background-color":"var(--ast-global-color-4)","background-image":"","background-repeat":"repeat","background-position":"center center","background-size":"auto","background-attachment":"scroll","background-type":"","background-media":"","overlay-type":"","overlay-color":"","overlay-opacity":"","overlay-gradient":""},"tablet":{"background-color":"","background-image":"","background-repeat":"repeat","background-position":"center center","background-size":"auto","background-attachment":"scroll","background-type":"","background-media":"","overlay-type":"","overlay-color":"","overlay-opacity":"","overlay-gradient":""},"mobile":{"background-color":"","background-image":"","background-repeat":"repeat","background-position":"center center","background-size":"auto","background-attachment":"scroll","background-type":"","background-media":"","overlay-type":"","overlay-color":"","overlay-opacity":"","overlay-gradient":""}},"ast-content-background-meta":{"desktop":{"background-color":"var(--ast-global-color-5)","background-image":"","background-repeat":"repeat","background-position":"center center","background-size":"auto","background-attachment":"scroll","background-type":"","background-media":"","overlay-type":"","overlay-color":"","overlay-opacity":"","overlay-gradient":""},"tablet":{"background-color":"var(--ast-global-color-5)","background-image":"","background-repeat":"repeat","background-position":"center center","background-size":"auto","background-attachment":"scroll","background-type":"","background-media":"","overlay-type":"","overlay-color":"","overlay-opacity":"","overlay-gradient":""},"mobile":{"background-color":"var(--ast-global-color-5)","background-image":"","background-repeat":"repeat","background-position":"center center","background-size":"auto","background-attachment":"scroll","background-type":"","background-media":"","overlay-type":"","overlay-color":"","overlay-opacity":"","overlay-gradient":""}},"footnotes":""},"categories":[1],"tags":[],"class_list":["post-7223","post","type-post","status-publish","format-standard","hentry","category-sem-categoria"],"acf":[],"yoast_head":"<!-- This site is optimized with the Yoast SEO plugin v26.9 - https:\/\/yoast.com\/product\/yoast-seo-wordpress\/ -->\n<title>Funda\u00e7\u00e3o S\u00e3o Francisco Xavier promove a\u00e7\u00f5es em apoio ao Outubro Rosa - Hospital M\u00e1rcio Cunha<\/title>\n<meta name=\"robots\" content=\"index, follow, max-snippet:-1, max-image-preview:large, max-video-preview:-1\" \/>\n<link rel=\"canonical\" href=\"https:\/\/www.fsfx.com.br\/hospital-marcio-cunha\/fundacao-sao-francisco-xavier-promove-acoes-em-apoio-ao-outubro-rosa\/\" \/>\n<meta property=\"og:locale\" content=\"pt_BR\" \/>\n<meta property=\"og:type\" content=\"article\" \/>\n<meta property=\"og:title\" content=\"Funda\u00e7\u00e3o S\u00e3o Francisco Xavier promove a\u00e7\u00f5es em apoio ao Outubro Rosa - Hospital M\u00e1rcio Cunha\" \/>\n<meta property=\"og:description\" content=\"O objetivo \u00e9 conscientizar sobre a import\u00e2ncia da preven\u00e7\u00e3o e detec\u00e7\u00e3o precoce do c\u00e2ncer de mama, que se diagnosticado em est\u00e1gios iniciais tem grandes chances de cura Outubro chegou e com ele uma das mais importantes campanhas de conscientiza\u00e7\u00e3o e preven\u00e7\u00e3o ao c\u00e2ncer de mama. Em ades\u00e3o ao Outubro Rosa, a Funda\u00e7\u00e3o S\u00e3o Francisco Xavier [&hellip;]\" \/>\n<meta property=\"og:url\" content=\"https:\/\/www.fsfx.com.br\/hospital-marcio-cunha\/fundacao-sao-francisco-xavier-promove-acoes-em-apoio-ao-outubro-rosa\/\" \/>\n<meta property=\"og:site_name\" content=\"Hospital M\u00e1rcio Cunha\" \/>\n<meta property=\"article:published_time\" content=\"2021-10-06T19:25:16+00:00\" \/>\n<meta property=\"og:image\" content=\"https:\/\/www.fsfx.com.br\/hospital-marcio-cunha\/wp-content\/uploads\/sites\/5\/2021\/10\/HMC-1024x576.jpg\" \/>\n<meta name=\"author\" content=\"claudio\" \/>\n<meta name=\"twitter:card\" content=\"summary_large_image\" \/>\n<meta name=\"twitter:label1\" content=\"Escrito por\" \/>\n\t<meta name=\"twitter:data1\" content=\"claudio\" \/>\n\t<meta name=\"twitter:label2\" content=\"Est. tempo de leitura\" \/>\n\t<meta name=\"twitter:data2\" content=\"4 minutos\" \/>\n<script type=\"application\/ld+json\" class=\"yoast-schema-graph\">{\"@context\":\"https:\/\/schema.org\",\"@graph\":[{\"@type\":\"Article\",\"@id\":\"https:\/\/www.fsfx.com.br\/hospital-marcio-cunha\/fundacao-sao-francisco-xavier-promove-acoes-em-apoio-ao-outubro-rosa\/#article\",\"isPartOf\":{\"@id\":\"https:\/\/www.fsfx.com.br\/hospital-marcio-cunha\/fundacao-sao-francisco-xavier-promove-acoes-em-apoio-ao-outubro-rosa\/\"},\"author\":{\"name\":\"claudio\",\"@id\":\"https:\/\/www.fsfx.com.br\/hospital-marcio-cunha\/#\/schema\/person\/7d2372fe1973398ab20a060bbb9a87d8\"},\"headline\":\"Funda\u00e7\u00e3o S\u00e3o Francisco Xavier promove a\u00e7\u00f5es em apoio ao Outubro Rosa\",\"datePublished\":\"2021-10-06T19:25:16+00:00\",\"mainEntityOfPage\":{\"@id\":\"https:\/\/www.fsfx.com.br\/hospital-marcio-cunha\/fundacao-sao-francisco-xavier-promove-acoes-em-apoio-ao-outubro-rosa\/\"},\"wordCount\":466,\"commentCount\":0,\"publisher\":{\"@id\":\"https:\/\/www.fsfx.com.br\/hospital-marcio-cunha\/#organization\"},\"image\":{\"@id\":\"https:\/\/www.fsfx.com.br\/hospital-marcio-cunha\/fundacao-sao-francisco-xavier-promove-acoes-em-apoio-ao-outubro-rosa\/#primaryimage\"},\"thumbnailUrl\":\"https:\/\/www.fsfx.com.br\/hospital-marcio-cunha\/wp-content\/uploads\/sites\/5\/2021\/10\/HMC-1024x576.jpg\",\"inLanguage\":\"pt-BR\",\"potentialAction\":[{\"@type\":\"CommentAction\",\"name\":\"Comment\",\"target\":[\"https:\/\/www.fsfx.com.br\/hospital-marcio-cunha\/fundacao-sao-francisco-xavier-promove-acoes-em-apoio-ao-outubro-rosa\/#respond\"]}]},{\"@type\":\"WebPage\",\"@id\":\"https:\/\/www.fsfx.com.br\/hospital-marcio-cunha\/fundacao-sao-francisco-xavier-promove-acoes-em-apoio-ao-outubro-rosa\/\",\"url\":\"https:\/\/www.fsfx.com.br\/hospital-marcio-cunha\/fundacao-sao-francisco-xavier-promove-acoes-em-apoio-ao-outubro-rosa\/\",\"name\":\"Funda\u00e7\u00e3o S\u00e3o Francisco Xavier promove a\u00e7\u00f5es em apoio ao Outubro Rosa - Hospital M\u00e1rcio Cunha\",\"isPartOf\":{\"@id\":\"https:\/\/www.fsfx.com.br\/hospital-marcio-cunha\/#website\"},\"primaryImageOfPage\":{\"@id\":\"https:\/\/www.fsfx.com.br\/hospital-marcio-cunha\/fundacao-sao-francisco-xavier-promove-acoes-em-apoio-ao-outubro-rosa\/#primaryimage\"},\"image\":{\"@id\":\"https:\/\/www.fsfx.com.br\/hospital-marcio-cunha\/fundacao-sao-francisco-xavier-promove-acoes-em-apoio-ao-outubro-rosa\/#primaryimage\"},\"thumbnailUrl\":\"https:\/\/www.fsfx.com.br\/hospital-marcio-cunha\/wp-content\/uploads\/sites\/5\/2021\/10\/HMC-1024x576.jpg\",\"datePublished\":\"2021-10-06T19:25:16+00:00\",\"breadcrumb\":{\"@id\":\"https:\/\/www.fsfx.com.br\/hospital-marcio-cunha\/fundacao-sao-francisco-xavier-promove-acoes-em-apoio-ao-outubro-rosa\/#breadcrumb\"},\"inLanguage\":\"pt-BR\",\"potentialAction\":[{\"@type\":\"ReadAction\",\"target\":[\"https:\/\/www.fsfx.com.br\/hospital-marcio-cunha\/fundacao-sao-francisco-xavier-promove-acoes-em-apoio-ao-outubro-rosa\/\"]}]},{\"@type\":\"ImageObject\",\"inLanguage\":\"pt-BR\",\"@id\":\"https:\/\/www.fsfx.com.br\/hospital-marcio-cunha\/fundacao-sao-francisco-xavier-promove-acoes-em-apoio-ao-outubro-rosa\/#primaryimage\",\"url\":\"https:\/\/www.fsfx.com.br\/hospital-marcio-cunha\/wp-content\/uploads\/sites\/5\/2021\/10\/HMC-1024x576.jpg\",\"contentUrl\":\"https:\/\/www.fsfx.com.br\/hospital-marcio-cunha\/wp-content\/uploads\/sites\/5\/2021\/10\/HMC-1024x576.jpg\"},{\"@type\":\"BreadcrumbList\",\"@id\":\"https:\/\/www.fsfx.com.br\/hospital-marcio-cunha\/fundacao-sao-francisco-xavier-promove-acoes-em-apoio-ao-outubro-rosa\/#breadcrumb\",\"itemListElement\":[{\"@type\":\"ListItem\",\"position\":1,\"name\":\"In\u00edcio\",\"item\":\"https:\/\/www.fsfx.com.br\/hospital-marcio-cunha\/\"},{\"@type\":\"ListItem\",\"position\":2,\"name\":\"Funda\u00e7\u00e3o S\u00e3o Francisco Xavier promove a\u00e7\u00f5es em apoio ao Outubro Rosa\"}]},{\"@type\":\"WebSite\",\"@id\":\"https:\/\/www.fsfx.com.br\/hospital-marcio-cunha\/#website\",\"url\":\"https:\/\/www.fsfx.com.br\/hospital-marcio-cunha\/\",\"name\":\"Hospital M\u00e1rcio Cunha\",\"description\":\"O Hospital M\u00e1rcio Cunha (HMC) \u00e9 um hospital geral de alta complexidade, com 558 leitos e tr\u00eas unidades, sendo uma unidade exclusiva para o tratamento oncol\u00f3gico.\",\"publisher\":{\"@id\":\"https:\/\/www.fsfx.com.br\/hospital-marcio-cunha\/#organization\"},\"potentialAction\":[{\"@type\":\"SearchAction\",\"target\":{\"@type\":\"EntryPoint\",\"urlTemplate\":\"https:\/\/www.fsfx.com.br\/hospital-marcio-cunha\/?s={search_term_string}\"},\"query-input\":{\"@type\":\"PropertyValueSpecification\",\"valueRequired\":true,\"valueName\":\"search_term_string\"}}],\"inLanguage\":\"pt-BR\"},{\"@type\":\"Organization\",\"@id\":\"https:\/\/www.fsfx.com.br\/hospital-marcio-cunha\/#organization\",\"name\":\"HMC - Hospital M\u00e1rcio Cunha\",\"url\":\"https:\/\/www.fsfx.com.br\/hospital-marcio-cunha\/\",\"logo\":{\"@type\":\"ImageObject\",\"inLanguage\":\"pt-BR\",\"@id\":\"https:\/\/www.fsfx.com.br\/hospital-marcio-cunha\/#\/schema\/logo\/image\/\",\"url\":\"https:\/\/www.fsfx.com.br\/hospital-marcio-cunha\/wp-content\/uploads\/sites\/9\/2022\/04\/logo-hmc-color.png\",\"contentUrl\":\"https:\/\/www.fsfx.com.br\/hospital-marcio-cunha\/wp-content\/uploads\/sites\/9\/2022\/04\/logo-hmc-color.png\",\"width\":264,\"height\":59,\"caption\":\"HMC - Hospital M\u00e1rcio Cunha\"},\"image\":{\"@id\":\"https:\/\/www.fsfx.com.br\/hospital-marcio-cunha\/#\/schema\/logo\/image\/\"}},{\"@type\":\"Person\",\"@id\":\"https:\/\/www.fsfx.com.br\/hospital-marcio-cunha\/#\/schema\/person\/7d2372fe1973398ab20a060bbb9a87d8\",\"name\":\"claudio\",\"image\":{\"@type\":\"ImageObject\",\"inLanguage\":\"pt-BR\",\"@id\":\"https:\/\/www.fsfx.com.br\/hospital-marcio-cunha\/#\/schema\/person\/image\/\",\"url\":\"https:\/\/secure.gravatar.com\/avatar\/724caacf0f2f073275cb3689c577e73e87e40150b1ffd648a67445e75aa7ff03?s=96&d=mm&r=g\",\"contentUrl\":\"https:\/\/secure.gravatar.com\/avatar\/724caacf0f2f073275cb3689c577e73e87e40150b1ffd648a67445e75aa7ff03?s=96&d=mm&r=g\",\"caption\":\"claudio\"},\"url\":\"https:\/\/www.fsfx.com.br\/hospital-marcio-cunha\/author\/claudio\/\"}]}<\/script>\n<!-- \/ Yoast SEO plugin. -->","yoast_head_json":{"title":"Funda\u00e7\u00e3o S\u00e3o Francisco Xavier promove a\u00e7\u00f5es em apoio ao Outubro Rosa - Hospital M\u00e1rcio Cunha","robots":{"index":"index","follow":"follow","max-snippet":"max-snippet:-1","max-image-preview":"max-image-preview:large","max-video-preview":"max-video-preview:-1"},"canonical":"https:\/\/www.fsfx.com.br\/hospital-marcio-cunha\/fundacao-sao-francisco-xavier-promove-acoes-em-apoio-ao-outubro-rosa\/","og_locale":"pt_BR","og_type":"article","og_title":"Funda\u00e7\u00e3o S\u00e3o Francisco Xavier promove a\u00e7\u00f5es em apoio ao Outubro Rosa - Hospital M\u00e1rcio Cunha","og_description":"O objetivo \u00e9 conscientizar sobre a import\u00e2ncia da preven\u00e7\u00e3o e detec\u00e7\u00e3o precoce do c\u00e2ncer de mama, que se diagnosticado em est\u00e1gios iniciais tem grandes chances de cura Outubro chegou e com ele uma das mais importantes campanhas de conscientiza\u00e7\u00e3o e preven\u00e7\u00e3o ao c\u00e2ncer de mama. Em ades\u00e3o ao Outubro Rosa, a Funda\u00e7\u00e3o S\u00e3o Francisco Xavier [&hellip;]","og_url":"https:\/\/www.fsfx.com.br\/hospital-marcio-cunha\/fundacao-sao-francisco-xavier-promove-acoes-em-apoio-ao-outubro-rosa\/","og_site_name":"Hospital M\u00e1rcio Cunha","article_published_time":"2021-10-06T19:25:16+00:00","og_image":[{"url":"https:\/\/www.fsfx.com.br\/hospital-marcio-cunha\/wp-content\/uploads\/sites\/5\/2021\/10\/HMC-1024x576.jpg","type":"","width":"","height":""}],"author":"claudio","twitter_card":"summary_large_image","twitter_misc":{"Escrito por":"claudio","Est. tempo de leitura":"4 minutos"},"schema":{"@context":"https:\/\/schema.org","@graph":[{"@type":"Article","@id":"https:\/\/www.fsfx.com.br\/hospital-marcio-cunha\/fundacao-sao-francisco-xavier-promove-acoes-em-apoio-ao-outubro-rosa\/#article","isPartOf":{"@id":"https:\/\/www.fsfx.com.br\/hospital-marcio-cunha\/fundacao-sao-francisco-xavier-promove-acoes-em-apoio-ao-outubro-rosa\/"},"author":{"name":"claudio","@id":"https:\/\/www.fsfx.com.br\/hospital-marcio-cunha\/#\/schema\/person\/7d2372fe1973398ab20a060bbb9a87d8"},"headline":"Funda\u00e7\u00e3o S\u00e3o Francisco Xavier promove a\u00e7\u00f5es em apoio ao Outubro Rosa","datePublished":"2021-10-06T19:25:16+00:00","mainEntityOfPage":{"@id":"https:\/\/www.fsfx.com.br\/hospital-marcio-cunha\/fundacao-sao-francisco-xavier-promove-acoes-em-apoio-ao-outubro-rosa\/"},"wordCount":466,"commentCount":0,"publisher":{"@id":"https:\/\/www.fsfx.com.br\/hospital-marcio-cunha\/#organization"},"image":{"@id":"https:\/\/www.fsfx.com.br\/hospital-marcio-cunha\/fundacao-sao-francisco-xavier-promove-acoes-em-apoio-ao-outubro-rosa\/#primaryimage"},"thumbnailUrl":"https:\/\/www.fsfx.com.br\/hospital-marcio-cunha\/wp-content\/uploads\/sites\/5\/2021\/10\/HMC-1024x576.jpg","inLanguage":"pt-BR","potentialAction":[{"@type":"CommentAction","name":"Comment","target":["https:\/\/www.fsfx.com.br\/hospital-marcio-cunha\/fundacao-sao-francisco-xavier-promove-acoes-em-apoio-ao-outubro-rosa\/#respond"]}]},{"@type":"WebPage","@id":"https:\/\/www.fsfx.com.br\/hospital-marcio-cunha\/fundacao-sao-francisco-xavier-promove-acoes-em-apoio-ao-outubro-rosa\/","url":"https:\/\/www.fsfx.com.br\/hospital-marcio-cunha\/fundacao-sao-francisco-xavier-promove-acoes-em-apoio-ao-outubro-rosa\/","name":"Funda\u00e7\u00e3o S\u00e3o Francisco Xavier promove a\u00e7\u00f5es em apoio ao Outubro Rosa - Hospital M\u00e1rcio Cunha","isPartOf":{"@id":"https:\/\/www.fsfx.com.br\/hospital-marcio-cunha\/#website"},"primaryImageOfPage":{"@id":"https:\/\/www.fsfx.com.br\/hospital-marcio-cunha\/fundacao-sao-francisco-xavier-promove-acoes-em-apoio-ao-outubro-rosa\/#primaryimage"},"image":{"@id":"https:\/\/www.fsfx.com.br\/hospital-marcio-cunha\/fundacao-sao-francisco-xavier-promove-acoes-em-apoio-ao-outubro-rosa\/#primaryimage"},"thumbnailUrl":"https:\/\/www.fsfx.com.br\/hospital-marcio-cunha\/wp-content\/uploads\/sites\/5\/2021\/10\/HMC-1024x576.jpg","datePublished":"2021-10-06T19:25:16+00:00","breadcrumb":{"@id":"https:\/\/www.fsfx.com.br\/hospital-marcio-cunha\/fundacao-sao-francisco-xavier-promove-acoes-em-apoio-ao-outubro-rosa\/#breadcrumb"},"inLanguage":"pt-BR","potentialAction":[{"@type":"ReadAction","target":["https:\/\/www.fsfx.com.br\/hospital-marcio-cunha\/fundacao-sao-francisco-xavier-promove-acoes-em-apoio-ao-outubro-rosa\/"]}]},{"@type":"ImageObject","inLanguage":"pt-BR","@id":"https:\/\/www.fsfx.com.br\/hospital-marcio-cunha\/fundacao-sao-francisco-xavier-promove-acoes-em-apoio-ao-outubro-rosa\/#primaryimage","url":"https:\/\/www.fsfx.com.br\/hospital-marcio-cunha\/wp-content\/uploads\/sites\/5\/2021\/10\/HMC-1024x576.jpg","contentUrl":"https:\/\/www.fsfx.com.br\/hospital-marcio-cunha\/wp-content\/uploads\/sites\/5\/2021\/10\/HMC-1024x576.jpg"},{"@type":"BreadcrumbList","@id":"https:\/\/www.fsfx.com.br\/hospital-marcio-cunha\/fundacao-sao-francisco-xavier-promove-acoes-em-apoio-ao-outubro-rosa\/#breadcrumb","itemListElement":[{"@type":"ListItem","position":1,"name":"In\u00edcio","item":"https:\/\/www.fsfx.com.br\/hospital-marcio-cunha\/"},{"@type":"ListItem","position":2,"name":"Funda\u00e7\u00e3o S\u00e3o Francisco Xavier promove a\u00e7\u00f5es em apoio ao Outubro Rosa"}]},{"@type":"WebSite","@id":"https:\/\/www.fsfx.com.br\/hospital-marcio-cunha\/#website","url":"https:\/\/www.fsfx.com.br\/hospital-marcio-cunha\/","name":"Hospital M\u00e1rcio Cunha","description":"O Hospital M\u00e1rcio Cunha (HMC) \u00e9 um hospital geral de alta complexidade, com 558 leitos e tr\u00eas unidades, sendo uma unidade exclusiva para o tratamento oncol\u00f3gico.","publisher":{"@id":"https:\/\/www.fsfx.com.br\/hospital-marcio-cunha\/#organization"},"potentialAction":[{"@type":"SearchAction","target":{"@type":"EntryPoint","urlTemplate":"https:\/\/www.fsfx.com.br\/hospital-marcio-cunha\/?s={search_term_string}"},"query-input":{"@type":"PropertyValueSpecification","valueRequired":true,"valueName":"search_term_string"}}],"inLanguage":"pt-BR"},{"@type":"Organization","@id":"https:\/\/www.fsfx.com.br\/hospital-marcio-cunha\/#organization","name":"HMC - Hospital M\u00e1rcio Cunha","url":"https:\/\/www.fsfx.com.br\/hospital-marcio-cunha\/","logo":{"@type":"ImageObject","inLanguage":"pt-BR","@id":"https:\/\/www.fsfx.com.br\/hospital-marcio-cunha\/#\/schema\/logo\/image\/","url":"https:\/\/www.fsfx.com.br\/hospital-marcio-cunha\/wp-content\/uploads\/sites\/9\/2022\/04\/logo-hmc-color.png","contentUrl":"https:\/\/www.fsfx.com.br\/hospital-marcio-cunha\/wp-content\/uploads\/sites\/9\/2022\/04\/logo-hmc-color.png","width":264,"height":59,"caption":"HMC - Hospital M\u00e1rcio Cunha"},"image":{"@id":"https:\/\/www.fsfx.com.br\/hospital-marcio-cunha\/#\/schema\/logo\/image\/"}},{"@type":"Person","@id":"https:\/\/www.fsfx.com.br\/hospital-marcio-cunha\/#\/schema\/person\/7d2372fe1973398ab20a060bbb9a87d8","name":"claudio","image":{"@type":"ImageObject","inLanguage":"pt-BR","@id":"https:\/\/www.fsfx.com.br\/hospital-marcio-cunha\/#\/schema\/person\/image\/","url":"https:\/\/secure.gravatar.com\/avatar\/724caacf0f2f073275cb3689c577e73e87e40150b1ffd648a67445e75aa7ff03?s=96&d=mm&r=g","contentUrl":"https:\/\/secure.gravatar.com\/avatar\/724caacf0f2f073275cb3689c577e73e87e40150b1ffd648a67445e75aa7ff03?s=96&d=mm&r=g","caption":"claudio"},"url":"https:\/\/www.fsfx.com.br\/hospital-marcio-cunha\/author\/claudio\/"}]}},"_links":{"self":[{"href":"https:\/\/www.fsfx.com.br\/hospital-marcio-cunha\/wp-json\/wp\/v2\/posts\/7223","targetHints":{"allow":["GET"]}}],"collection":[{"href":"https:\/\/www.fsfx.com.br\/hospital-marcio-cunha\/wp-json\/wp\/v2\/posts"}],"about":[{"href":"https:\/\/www.fsfx.com.br\/hospital-marcio-cunha\/wp-json\/wp\/v2\/types\/post"}],"author":[{"embeddable":true,"href":"https:\/\/www.fsfx.com.br\/hospital-marcio-cunha\/wp-json\/wp\/v2\/users\/2"}],"replies":[{"embeddable":true,"href":"https:\/\/www.fsfx.com.br\/hospital-marcio-cunha\/wp-json\/wp\/v2\/comments?post=7223"}],"version-history":[{"count":0,"href":"https:\/\/www.fsfx.com.br\/hospital-marcio-cunha\/wp-json\/wp\/v2\/posts\/7223\/revisions"}],"wp:attachment":[{"href":"https:\/\/www.fsfx.com.br\/hospital-marcio-cunha\/wp-json\/wp\/v2\/media?parent=7223"}],"wp:term":[{"taxonomy":"category","embeddable":true,"href":"https:\/\/www.fsfx.com.br\/hospital-marcio-cunha\/wp-json\/wp\/v2\/categories?post=7223"},{"taxonomy":"post_tag","embeddable":true,"href":"https:\/\/www.fsfx.com.br\/hospital-marcio-cunha\/wp-json\/wp\/v2\/tags?post=7223"}],"curies":[{"name":"wp","href":"https:\/\/api.w.org\/{rel}","templated":true}]}}