{"id":7235,"date":"2022-02-02T10:18:52","date_gmt":"2022-02-02T13:18:52","guid":{"rendered":"https:\/\/www.fsfx.com.br\/hospital-marcio-cunha\/?p=1016"},"modified":"2022-06-27T13:50:18","modified_gmt":"2022-06-27T16:50:18","slug":"terceira-dose-da-vacina-de-covid-saiba-por-que-ela-e-tao-importante","status":"publish","type":"post","link":"https:\/\/www.fsfx.com.br\/hospital-marcio-cunha\/terceira-dose-da-vacina-de-covid-saiba-por-que-ela-e-tao-importante\/","title":{"rendered":"Terceira dose da vacina de covid \u2013 Saiba por que ela \u00e9 t\u00e3o importante"},"content":{"rendered":"\r\n<p class=\"has-text-align-center\"><em>Especialista da FSFX refor\u00e7a a necessidade da dose de refor\u00e7o da vacina para a popula\u00e7\u00e3o. Minas Gerais tem mais de 2,5 milh\u00e3o de pessoas que ainda n\u00e3o foram \u00e0s unidades de sa\u00fade para a aplica\u00e7\u00e3o desta dose.<\/em><\/p>\r\n<p class=\"has-text-align-center\">A cobertura vacinal contra a covid-19 tem se mostrado eficiente para reduzir o n\u00famero de interna\u00e7\u00f5es e mortes por covid-19 no mundo inteiro. Com o avan\u00e7o da variante \u00f4micron, a aplica\u00e7\u00e3o da terceira dose ou dose de refor\u00e7o ganha ainda mais relev\u00e2ncia de acordo com especialistas. No entanto, somente em Minas Gerais, mais de 2,5 milh\u00f5es de pessoas j\u00e1 convocadas ainda n\u00e3o tomaram o refor\u00e7o contra a covid.<\/p>\r\n\r\n\r\n\r\n\r\n\r\n<p>\u00a0\u201cHoje no Brasil, quase 80% dos casos de covid-19 s\u00e3o provocados pela \u00f4micron e \u00e9 muito clara a rela\u00e7\u00e3o de pessoas que precisam de interna\u00e7\u00f5es em UTI ou casos de mortes com o fato de n\u00e3o estarem com a cobertura vacinal completa. A \u00f4micron \u00e9 altamente transmiss\u00edvel. A terceira dose aumenta a resposta imune das pessoas, ampliando a prote\u00e7\u00e3o delas\u201d, comenta a infectologista da Funda\u00e7\u00e3o S\u00e3o Francisco Xavier e Superintendente interina do Hospital M\u00e1rcio Cunha, Andrea Maria de Assis Cabral.<\/p>\r\n\r\n\r\n\r\n<p>Se a prote\u00e7\u00e3o com duas doses ou dose \u00fanica tem trazido excelentes resultados, com a grande transmissibilidade da \u00f4micron, a dose de refor\u00e7o traz ainda mais garantias. Segundo a Ag\u00eancia de Seguran\u00e7a da Sa\u00fade do Reino Unido (UKHSA), as vacinas de refor\u00e7o da Pfizer ou Moderna contra a covid-19 aumentam para 95% a prote\u00e7\u00e3o contra morte causada pela variante \u00f4micron em pessoas com 50 anos ou mais.<\/p>\r\n\r\n\r\n\r\n<p>Um outro estudo de pesquisadores do Francis Crick Institute, publicado na revista <em>The Lancet<\/em>, avaliou a capacidade de neutraliza\u00e7\u00e3o dos anticorpos tanto da vacina Pfizer quanto da Astrazeneca ap\u00f3s a dose de refor\u00e7o. A pesquisa revelou que os anticorpos gerados por pessoas que receberam apenas duas doses da vacina da Astrazeneca ou da Pfizer eram menos capazes de neutralizar a \u00f4micron em compara\u00e7\u00e3o com as variantes alpha e delta.<\/p>\r\n\r\n\r\n\r\n<p>\u201cA luta de todos n\u00f3s profissionais da sa\u00fade \u00e9 incentivar ao m\u00e1ximo a aplica\u00e7\u00e3o da terceira dose e alertar para a sua relev\u00e2ncia. Se voc\u00ea tem acima de 18 anos e j\u00e1 completou quatro meses do esquema vacinal de duas doses ou dose \u00fanica, procure uma unidade de sa\u00fade e vacine-se. Estamos em um momento delicado da \u00f4micron, e, cada um deve fazer a sua parte para controlar essa pandemia\u201d, ressalta a infectologista.<\/p>\r\n\r\n\r\n\r\n<p><br \/><strong>A a\u00e7\u00e3o da dose de refor\u00e7o<\/strong><\/p>\r\n\r\n\r\n\r\n<p>De uma maneira geral, com o passar do tempo, a prote\u00e7\u00e3o inicial de uma vacina costuma ser reduzida. A aplica\u00e7\u00e3o de uma nova dose \u00e9 essencial para manter essa prote\u00e7\u00e3o, principalmente para aqueles que tomaram a vacina logo no in\u00edcio, como os idosos e pessoas com comorbidades. Mas essa rela\u00e7\u00e3o \u00e9 v\u00e1lida tamb\u00e9m para outros grupos. Para evitar maiores riscos, o Minist\u00e9rio da Sa\u00fade reduziu de cinco para quatro meses, a aplica\u00e7\u00e3o da dose de refor\u00e7o para todas as pessoas acima de 18 anos.<\/p>\r\n\r\n\r\n\r\n<p>Outra evid\u00eancia da import\u00e2ncia da terceira dose \u00e9 de que alguns estudos observaram uma queda de n\u00edvel de anticorpos alguns meses ap\u00f3s a aplica\u00e7\u00e3o das duas doses ou dose \u00fanica. Essa terceira dose proporciona um aumento na quantidade de anticorpos circulantes no organismo.<\/p>\r\n","protected":false},"excerpt":{"rendered":"<p>Especialista da FSFX refor\u00e7a a necessidade da dose de refor\u00e7o da vacina para a popula\u00e7\u00e3o. Minas Gerais tem mais de 2,5 milh\u00e3o de pessoas que ainda n\u00e3o foram \u00e0s unidades de sa\u00fade para a aplica\u00e7\u00e3o desta dose. A cobertura vacinal contra a covid-19 tem se mostrado eficiente para reduzir o n\u00famero de interna\u00e7\u00f5es e mortes [&hellip;]<\/p>\n","protected":false},"author":2,"featured_media":7432,"comment_status":"open","ping_status":"open","sticky":false,"template":"","format":"standard","meta":{"_acf_changed":false,"site-sidebar-layout":"default","site-content-layout":"","ast-site-content-layout":"default","site-content-style":"default","site-sidebar-style":"default","ast-global-header-display":"","ast-banner-title-visibility":"","ast-main-header-display":"","ast-hfb-above-header-display":"","ast-hfb-below-header-display":"","ast-hfb-mobile-header-display":"","site-post-title":"","ast-breadcrumbs-content":"","ast-featured-img":"","footer-sml-layout":"","theme-transparent-header-meta":"","adv-header-id-meta":"","stick-header-meta":"","header-above-stick-meta":"","header-main-stick-meta":"","header-below-stick-meta":"","astra-migrate-meta-layouts":"default","ast-page-background-enabled":"default","ast-page-background-meta":{"desktop":{"background-color":"var(--ast-global-color-4)","background-image":"","background-repeat":"repeat","background-position":"center center","background-size":"auto","background-attachment":"scroll","background-type":"","background-media":"","overlay-type":"","overlay-color":"","overlay-opacity":"","overlay-gradient":""},"tablet":{"background-color":"","background-image":"","background-repeat":"repeat","background-position":"center center","background-size":"auto","background-attachment":"scroll","background-type":"","background-media":"","overlay-type":"","overlay-color":"","overlay-opacity":"","overlay-gradient":""},"mobile":{"background-color":"","background-image":"","background-repeat":"repeat","background-position":"center center","background-size":"auto","background-attachment":"scroll","background-type":"","background-media":"","overlay-type":"","overlay-color":"","overlay-opacity":"","overlay-gradient":""}},"ast-content-background-meta":{"desktop":{"background-color":"var(--ast-global-color-5)","background-image":"","background-repeat":"repeat","background-position":"center center","background-size":"auto","background-attachment":"scroll","background-type":"","background-media":"","overlay-type":"","overlay-color":"","overlay-opacity":"","overlay-gradient":""},"tablet":{"background-color":"var(--ast-global-color-5)","background-image":"","background-repeat":"repeat","background-position":"center center","background-size":"auto","background-attachment":"scroll","background-type":"","background-media":"","overlay-type":"","overlay-color":"","overlay-opacity":"","overlay-gradient":""},"mobile":{"background-color":"var(--ast-global-color-5)","background-image":"","background-repeat":"repeat","background-position":"center center","background-size":"auto","background-attachment":"scroll","background-type":"","background-media":"","overlay-type":"","overlay-color":"","overlay-opacity":"","overlay-gradient":""}},"footnotes":""},"categories":[1],"tags":[],"class_list":["post-7235","post","type-post","status-publish","format-standard","has-post-thumbnail","hentry","category-sem-categoria"],"acf":[],"yoast_head":"<!-- This site is optimized with the Yoast SEO plugin v26.9 - https:\/\/yoast.com\/product\/yoast-seo-wordpress\/ -->\n<title>Terceira dose da vacina de covid \u2013 Saiba por que ela \u00e9 t\u00e3o importante - Hospital M\u00e1rcio Cunha<\/title>\n<meta name=\"robots\" content=\"index, follow, max-snippet:-1, max-image-preview:large, max-video-preview:-1\" \/>\n<link rel=\"canonical\" href=\"https:\/\/www.fsfx.com.br\/hospital-marcio-cunha\/terceira-dose-da-vacina-de-covid-saiba-por-que-ela-e-tao-importante\/\" \/>\n<meta property=\"og:locale\" content=\"pt_BR\" \/>\n<meta property=\"og:type\" content=\"article\" \/>\n<meta property=\"og:title\" content=\"Terceira dose da vacina de covid \u2013 Saiba por que ela \u00e9 t\u00e3o importante - Hospital M\u00e1rcio Cunha\" \/>\n<meta property=\"og:description\" content=\"Especialista da FSFX refor\u00e7a a necessidade da dose de refor\u00e7o da vacina para a popula\u00e7\u00e3o. Minas Gerais tem mais de 2,5 milh\u00e3o de pessoas que ainda n\u00e3o foram \u00e0s unidades de sa\u00fade para a aplica\u00e7\u00e3o desta dose. A cobertura vacinal contra a covid-19 tem se mostrado eficiente para reduzir o n\u00famero de interna\u00e7\u00f5es e mortes [&hellip;]\" \/>\n<meta property=\"og:url\" content=\"https:\/\/www.fsfx.com.br\/hospital-marcio-cunha\/terceira-dose-da-vacina-de-covid-saiba-por-que-ela-e-tao-importante\/\" \/>\n<meta property=\"og:site_name\" content=\"Hospital M\u00e1rcio Cunha\" \/>\n<meta property=\"article:published_time\" content=\"2022-02-02T13:18:52+00:00\" \/>\n<meta property=\"article:modified_time\" content=\"2022-06-27T16:50:18+00:00\" \/>\n<meta property=\"og:image\" content=\"https:\/\/www.fsfx.com.br\/hospital-marcio-cunha\/wp-content\/uploads\/sites\/9\/2022\/06\/vacinacao-covid-19.jpg\" \/>\n\t<meta property=\"og:image:width\" content=\"1146\" \/>\n\t<meta property=\"og:image:height\" content=\"593\" \/>\n\t<meta property=\"og:image:type\" content=\"image\/jpeg\" \/>\n<meta name=\"author\" content=\"claudio\" \/>\n<meta name=\"twitter:card\" content=\"summary_large_image\" \/>\n<meta name=\"twitter:label1\" content=\"Escrito por\" \/>\n\t<meta name=\"twitter:data1\" content=\"claudio\" \/>\n\t<meta name=\"twitter:label2\" content=\"Est. tempo de leitura\" \/>\n\t<meta name=\"twitter:data2\" content=\"3 minutos\" \/>\n<script type=\"application\/ld+json\" class=\"yoast-schema-graph\">{\"@context\":\"https:\/\/schema.org\",\"@graph\":[{\"@type\":\"Article\",\"@id\":\"https:\/\/www.fsfx.com.br\/hospital-marcio-cunha\/terceira-dose-da-vacina-de-covid-saiba-por-que-ela-e-tao-importante\/#article\",\"isPartOf\":{\"@id\":\"https:\/\/www.fsfx.com.br\/hospital-marcio-cunha\/terceira-dose-da-vacina-de-covid-saiba-por-que-ela-e-tao-importante\/\"},\"author\":{\"name\":\"claudio\",\"@id\":\"https:\/\/www.fsfx.com.br\/hospital-marcio-cunha\/#\/schema\/person\/7d2372fe1973398ab20a060bbb9a87d8\"},\"headline\":\"Terceira dose da vacina de covid \u2013 Saiba por que ela \u00e9 t\u00e3o importante\",\"datePublished\":\"2022-02-02T13:18:52+00:00\",\"dateModified\":\"2022-06-27T16:50:18+00:00\",\"mainEntityOfPage\":{\"@id\":\"https:\/\/www.fsfx.com.br\/hospital-marcio-cunha\/terceira-dose-da-vacina-de-covid-saiba-por-que-ela-e-tao-importante\/\"},\"wordCount\":587,\"commentCount\":0,\"publisher\":{\"@id\":\"https:\/\/www.fsfx.com.br\/hospital-marcio-cunha\/#organization\"},\"image\":{\"@id\":\"https:\/\/www.fsfx.com.br\/hospital-marcio-cunha\/terceira-dose-da-vacina-de-covid-saiba-por-que-ela-e-tao-importante\/#primaryimage\"},\"thumbnailUrl\":\"https:\/\/www.fsfx.com.br\/hospital-marcio-cunha\/wp-content\/uploads\/sites\/9\/2022\/06\/vacinacao-covid-19.jpg\",\"inLanguage\":\"pt-BR\",\"potentialAction\":[{\"@type\":\"CommentAction\",\"name\":\"Comment\",\"target\":[\"https:\/\/www.fsfx.com.br\/hospital-marcio-cunha\/terceira-dose-da-vacina-de-covid-saiba-por-que-ela-e-tao-importante\/#respond\"]}]},{\"@type\":\"WebPage\",\"@id\":\"https:\/\/www.fsfx.com.br\/hospital-marcio-cunha\/terceira-dose-da-vacina-de-covid-saiba-por-que-ela-e-tao-importante\/\",\"url\":\"https:\/\/www.fsfx.com.br\/hospital-marcio-cunha\/terceira-dose-da-vacina-de-covid-saiba-por-que-ela-e-tao-importante\/\",\"name\":\"Terceira dose da vacina de covid \u2013 Saiba por que ela \u00e9 t\u00e3o importante - Hospital M\u00e1rcio Cunha\",\"isPartOf\":{\"@id\":\"https:\/\/www.fsfx.com.br\/hospital-marcio-cunha\/#website\"},\"primaryImageOfPage\":{\"@id\":\"https:\/\/www.fsfx.com.br\/hospital-marcio-cunha\/terceira-dose-da-vacina-de-covid-saiba-por-que-ela-e-tao-importante\/#primaryimage\"},\"image\":{\"@id\":\"https:\/\/www.fsfx.com.br\/hospital-marcio-cunha\/terceira-dose-da-vacina-de-covid-saiba-por-que-ela-e-tao-importante\/#primaryimage\"},\"thumbnailUrl\":\"https:\/\/www.fsfx.com.br\/hospital-marcio-cunha\/wp-content\/uploads\/sites\/9\/2022\/06\/vacinacao-covid-19.jpg\",\"datePublished\":\"2022-02-02T13:18:52+00:00\",\"dateModified\":\"2022-06-27T16:50:18+00:00\",\"breadcrumb\":{\"@id\":\"https:\/\/www.fsfx.com.br\/hospital-marcio-cunha\/terceira-dose-da-vacina-de-covid-saiba-por-que-ela-e-tao-importante\/#breadcrumb\"},\"inLanguage\":\"pt-BR\",\"potentialAction\":[{\"@type\":\"ReadAction\",\"target\":[\"https:\/\/www.fsfx.com.br\/hospital-marcio-cunha\/terceira-dose-da-vacina-de-covid-saiba-por-que-ela-e-tao-importante\/\"]}]},{\"@type\":\"ImageObject\",\"inLanguage\":\"pt-BR\",\"@id\":\"https:\/\/www.fsfx.com.br\/hospital-marcio-cunha\/terceira-dose-da-vacina-de-covid-saiba-por-que-ela-e-tao-importante\/#primaryimage\",\"url\":\"https:\/\/www.fsfx.com.br\/hospital-marcio-cunha\/wp-content\/uploads\/sites\/9\/2022\/06\/vacinacao-covid-19.jpg\",\"contentUrl\":\"https:\/\/www.fsfx.com.br\/hospital-marcio-cunha\/wp-content\/uploads\/sites\/9\/2022\/06\/vacinacao-covid-19.jpg\",\"width\":1146,\"height\":593},{\"@type\":\"BreadcrumbList\",\"@id\":\"https:\/\/www.fsfx.com.br\/hospital-marcio-cunha\/terceira-dose-da-vacina-de-covid-saiba-por-que-ela-e-tao-importante\/#breadcrumb\",\"itemListElement\":[{\"@type\":\"ListItem\",\"position\":1,\"name\":\"In\u00edcio\",\"item\":\"https:\/\/www.fsfx.com.br\/hospital-marcio-cunha\/\"},{\"@type\":\"ListItem\",\"position\":2,\"name\":\"Terceira dose da vacina de covid \u2013 Saiba por que ela \u00e9 t\u00e3o importante\"}]},{\"@type\":\"WebSite\",\"@id\":\"https:\/\/www.fsfx.com.br\/hospital-marcio-cunha\/#website\",\"url\":\"https:\/\/www.fsfx.com.br\/hospital-marcio-cunha\/\",\"name\":\"Hospital M\u00e1rcio Cunha\",\"description\":\"O Hospital M\u00e1rcio Cunha (HMC) \u00e9 um hospital geral de alta complexidade, com 558 leitos e tr\u00eas unidades, sendo uma unidade exclusiva para o tratamento oncol\u00f3gico.\",\"publisher\":{\"@id\":\"https:\/\/www.fsfx.com.br\/hospital-marcio-cunha\/#organization\"},\"potentialAction\":[{\"@type\":\"SearchAction\",\"target\":{\"@type\":\"EntryPoint\",\"urlTemplate\":\"https:\/\/www.fsfx.com.br\/hospital-marcio-cunha\/?s={search_term_string}\"},\"query-input\":{\"@type\":\"PropertyValueSpecification\",\"valueRequired\":true,\"valueName\":\"search_term_string\"}}],\"inLanguage\":\"pt-BR\"},{\"@type\":\"Organization\",\"@id\":\"https:\/\/www.fsfx.com.br\/hospital-marcio-cunha\/#organization\",\"name\":\"HMC - Hospital M\u00e1rcio Cunha\",\"url\":\"https:\/\/www.fsfx.com.br\/hospital-marcio-cunha\/\",\"logo\":{\"@type\":\"ImageObject\",\"inLanguage\":\"pt-BR\",\"@id\":\"https:\/\/www.fsfx.com.br\/hospital-marcio-cunha\/#\/schema\/logo\/image\/\",\"url\":\"https:\/\/www.fsfx.com.br\/hospital-marcio-cunha\/wp-content\/uploads\/sites\/9\/2022\/04\/logo-hmc-color.png\",\"contentUrl\":\"https:\/\/www.fsfx.com.br\/hospital-marcio-cunha\/wp-content\/uploads\/sites\/9\/2022\/04\/logo-hmc-color.png\",\"width\":264,\"height\":59,\"caption\":\"HMC - Hospital M\u00e1rcio Cunha\"},\"image\":{\"@id\":\"https:\/\/www.fsfx.com.br\/hospital-marcio-cunha\/#\/schema\/logo\/image\/\"}},{\"@type\":\"Person\",\"@id\":\"https:\/\/www.fsfx.com.br\/hospital-marcio-cunha\/#\/schema\/person\/7d2372fe1973398ab20a060bbb9a87d8\",\"name\":\"claudio\",\"image\":{\"@type\":\"ImageObject\",\"inLanguage\":\"pt-BR\",\"@id\":\"https:\/\/www.fsfx.com.br\/hospital-marcio-cunha\/#\/schema\/person\/image\/\",\"url\":\"https:\/\/secure.gravatar.com\/avatar\/724caacf0f2f073275cb3689c577e73e87e40150b1ffd648a67445e75aa7ff03?s=96&d=mm&r=g\",\"contentUrl\":\"https:\/\/secure.gravatar.com\/avatar\/724caacf0f2f073275cb3689c577e73e87e40150b1ffd648a67445e75aa7ff03?s=96&d=mm&r=g\",\"caption\":\"claudio\"},\"url\":\"https:\/\/www.fsfx.com.br\/hospital-marcio-cunha\/author\/claudio\/\"}]}<\/script>\n<!-- \/ Yoast SEO plugin. -->","yoast_head_json":{"title":"Terceira dose da vacina de covid \u2013 Saiba por que ela \u00e9 t\u00e3o importante - Hospital M\u00e1rcio Cunha","robots":{"index":"index","follow":"follow","max-snippet":"max-snippet:-1","max-image-preview":"max-image-preview:large","max-video-preview":"max-video-preview:-1"},"canonical":"https:\/\/www.fsfx.com.br\/hospital-marcio-cunha\/terceira-dose-da-vacina-de-covid-saiba-por-que-ela-e-tao-importante\/","og_locale":"pt_BR","og_type":"article","og_title":"Terceira dose da vacina de covid \u2013 Saiba por que ela \u00e9 t\u00e3o importante - Hospital M\u00e1rcio Cunha","og_description":"Especialista da FSFX refor\u00e7a a necessidade da dose de refor\u00e7o da vacina para a popula\u00e7\u00e3o. Minas Gerais tem mais de 2,5 milh\u00e3o de pessoas que ainda n\u00e3o foram \u00e0s unidades de sa\u00fade para a aplica\u00e7\u00e3o desta dose. A cobertura vacinal contra a covid-19 tem se mostrado eficiente para reduzir o n\u00famero de interna\u00e7\u00f5es e mortes [&hellip;]","og_url":"https:\/\/www.fsfx.com.br\/hospital-marcio-cunha\/terceira-dose-da-vacina-de-covid-saiba-por-que-ela-e-tao-importante\/","og_site_name":"Hospital M\u00e1rcio Cunha","article_published_time":"2022-02-02T13:18:52+00:00","article_modified_time":"2022-06-27T16:50:18+00:00","og_image":[{"width":1146,"height":593,"url":"https:\/\/www.fsfx.com.br\/hospital-marcio-cunha\/wp-content\/uploads\/sites\/9\/2022\/06\/vacinacao-covid-19.jpg","type":"image\/jpeg"}],"author":"claudio","twitter_card":"summary_large_image","twitter_misc":{"Escrito por":"claudio","Est. tempo de leitura":"3 minutos"},"schema":{"@context":"https:\/\/schema.org","@graph":[{"@type":"Article","@id":"https:\/\/www.fsfx.com.br\/hospital-marcio-cunha\/terceira-dose-da-vacina-de-covid-saiba-por-que-ela-e-tao-importante\/#article","isPartOf":{"@id":"https:\/\/www.fsfx.com.br\/hospital-marcio-cunha\/terceira-dose-da-vacina-de-covid-saiba-por-que-ela-e-tao-importante\/"},"author":{"name":"claudio","@id":"https:\/\/www.fsfx.com.br\/hospital-marcio-cunha\/#\/schema\/person\/7d2372fe1973398ab20a060bbb9a87d8"},"headline":"Terceira dose da vacina de covid \u2013 Saiba por que ela \u00e9 t\u00e3o importante","datePublished":"2022-02-02T13:18:52+00:00","dateModified":"2022-06-27T16:50:18+00:00","mainEntityOfPage":{"@id":"https:\/\/www.fsfx.com.br\/hospital-marcio-cunha\/terceira-dose-da-vacina-de-covid-saiba-por-que-ela-e-tao-importante\/"},"wordCount":587,"commentCount":0,"publisher":{"@id":"https:\/\/www.fsfx.com.br\/hospital-marcio-cunha\/#organization"},"image":{"@id":"https:\/\/www.fsfx.com.br\/hospital-marcio-cunha\/terceira-dose-da-vacina-de-covid-saiba-por-que-ela-e-tao-importante\/#primaryimage"},"thumbnailUrl":"https:\/\/www.fsfx.com.br\/hospital-marcio-cunha\/wp-content\/uploads\/sites\/9\/2022\/06\/vacinacao-covid-19.jpg","inLanguage":"pt-BR","potentialAction":[{"@type":"CommentAction","name":"Comment","target":["https:\/\/www.fsfx.com.br\/hospital-marcio-cunha\/terceira-dose-da-vacina-de-covid-saiba-por-que-ela-e-tao-importante\/#respond"]}]},{"@type":"WebPage","@id":"https:\/\/www.fsfx.com.br\/hospital-marcio-cunha\/terceira-dose-da-vacina-de-covid-saiba-por-que-ela-e-tao-importante\/","url":"https:\/\/www.fsfx.com.br\/hospital-marcio-cunha\/terceira-dose-da-vacina-de-covid-saiba-por-que-ela-e-tao-importante\/","name":"Terceira dose da vacina de covid \u2013 Saiba por que ela \u00e9 t\u00e3o importante - Hospital M\u00e1rcio Cunha","isPartOf":{"@id":"https:\/\/www.fsfx.com.br\/hospital-marcio-cunha\/#website"},"primaryImageOfPage":{"@id":"https:\/\/www.fsfx.com.br\/hospital-marcio-cunha\/terceira-dose-da-vacina-de-covid-saiba-por-que-ela-e-tao-importante\/#primaryimage"},"image":{"@id":"https:\/\/www.fsfx.com.br\/hospital-marcio-cunha\/terceira-dose-da-vacina-de-covid-saiba-por-que-ela-e-tao-importante\/#primaryimage"},"thumbnailUrl":"https:\/\/www.fsfx.com.br\/hospital-marcio-cunha\/wp-content\/uploads\/sites\/9\/2022\/06\/vacinacao-covid-19.jpg","datePublished":"2022-02-02T13:18:52+00:00","dateModified":"2022-06-27T16:50:18+00:00","breadcrumb":{"@id":"https:\/\/www.fsfx.com.br\/hospital-marcio-cunha\/terceira-dose-da-vacina-de-covid-saiba-por-que-ela-e-tao-importante\/#breadcrumb"},"inLanguage":"pt-BR","potentialAction":[{"@type":"ReadAction","target":["https:\/\/www.fsfx.com.br\/hospital-marcio-cunha\/terceira-dose-da-vacina-de-covid-saiba-por-que-ela-e-tao-importante\/"]}]},{"@type":"ImageObject","inLanguage":"pt-BR","@id":"https:\/\/www.fsfx.com.br\/hospital-marcio-cunha\/terceira-dose-da-vacina-de-covid-saiba-por-que-ela-e-tao-importante\/#primaryimage","url":"https:\/\/www.fsfx.com.br\/hospital-marcio-cunha\/wp-content\/uploads\/sites\/9\/2022\/06\/vacinacao-covid-19.jpg","contentUrl":"https:\/\/www.fsfx.com.br\/hospital-marcio-cunha\/wp-content\/uploads\/sites\/9\/2022\/06\/vacinacao-covid-19.jpg","width":1146,"height":593},{"@type":"BreadcrumbList","@id":"https:\/\/www.fsfx.com.br\/hospital-marcio-cunha\/terceira-dose-da-vacina-de-covid-saiba-por-que-ela-e-tao-importante\/#breadcrumb","itemListElement":[{"@type":"ListItem","position":1,"name":"In\u00edcio","item":"https:\/\/www.fsfx.com.br\/hospital-marcio-cunha\/"},{"@type":"ListItem","position":2,"name":"Terceira dose da vacina de covid \u2013 Saiba por que ela \u00e9 t\u00e3o importante"}]},{"@type":"WebSite","@id":"https:\/\/www.fsfx.com.br\/hospital-marcio-cunha\/#website","url":"https:\/\/www.fsfx.com.br\/hospital-marcio-cunha\/","name":"Hospital M\u00e1rcio Cunha","description":"O Hospital M\u00e1rcio Cunha (HMC) \u00e9 um hospital geral de alta complexidade, com 558 leitos e tr\u00eas unidades, sendo uma unidade exclusiva para o tratamento oncol\u00f3gico.","publisher":{"@id":"https:\/\/www.fsfx.com.br\/hospital-marcio-cunha\/#organization"},"potentialAction":[{"@type":"SearchAction","target":{"@type":"EntryPoint","urlTemplate":"https:\/\/www.fsfx.com.br\/hospital-marcio-cunha\/?s={search_term_string}"},"query-input":{"@type":"PropertyValueSpecification","valueRequired":true,"valueName":"search_term_string"}}],"inLanguage":"pt-BR"},{"@type":"Organization","@id":"https:\/\/www.fsfx.com.br\/hospital-marcio-cunha\/#organization","name":"HMC - Hospital M\u00e1rcio Cunha","url":"https:\/\/www.fsfx.com.br\/hospital-marcio-cunha\/","logo":{"@type":"ImageObject","inLanguage":"pt-BR","@id":"https:\/\/www.fsfx.com.br\/hospital-marcio-cunha\/#\/schema\/logo\/image\/","url":"https:\/\/www.fsfx.com.br\/hospital-marcio-cunha\/wp-content\/uploads\/sites\/9\/2022\/04\/logo-hmc-color.png","contentUrl":"https:\/\/www.fsfx.com.br\/hospital-marcio-cunha\/wp-content\/uploads\/sites\/9\/2022\/04\/logo-hmc-color.png","width":264,"height":59,"caption":"HMC - Hospital M\u00e1rcio Cunha"},"image":{"@id":"https:\/\/www.fsfx.com.br\/hospital-marcio-cunha\/#\/schema\/logo\/image\/"}},{"@type":"Person","@id":"https:\/\/www.fsfx.com.br\/hospital-marcio-cunha\/#\/schema\/person\/7d2372fe1973398ab20a060bbb9a87d8","name":"claudio","image":{"@type":"ImageObject","inLanguage":"pt-BR","@id":"https:\/\/www.fsfx.com.br\/hospital-marcio-cunha\/#\/schema\/person\/image\/","url":"https:\/\/secure.gravatar.com\/avatar\/724caacf0f2f073275cb3689c577e73e87e40150b1ffd648a67445e75aa7ff03?s=96&d=mm&r=g","contentUrl":"https:\/\/secure.gravatar.com\/avatar\/724caacf0f2f073275cb3689c577e73e87e40150b1ffd648a67445e75aa7ff03?s=96&d=mm&r=g","caption":"claudio"},"url":"https:\/\/www.fsfx.com.br\/hospital-marcio-cunha\/author\/claudio\/"}]}},"_links":{"self":[{"href":"https:\/\/www.fsfx.com.br\/hospital-marcio-cunha\/wp-json\/wp\/v2\/posts\/7235","targetHints":{"allow":["GET"]}}],"collection":[{"href":"https:\/\/www.fsfx.com.br\/hospital-marcio-cunha\/wp-json\/wp\/v2\/posts"}],"about":[{"href":"https:\/\/www.fsfx.com.br\/hospital-marcio-cunha\/wp-json\/wp\/v2\/types\/post"}],"author":[{"embeddable":true,"href":"https:\/\/www.fsfx.com.br\/hospital-marcio-cunha\/wp-json\/wp\/v2\/users\/2"}],"replies":[{"embeddable":true,"href":"https:\/\/www.fsfx.com.br\/hospital-marcio-cunha\/wp-json\/wp\/v2\/comments?post=7235"}],"version-history":[{"count":0,"href":"https:\/\/www.fsfx.com.br\/hospital-marcio-cunha\/wp-json\/wp\/v2\/posts\/7235\/revisions"}],"wp:featuredmedia":[{"embeddable":true,"href":"https:\/\/www.fsfx.com.br\/hospital-marcio-cunha\/wp-json\/wp\/v2\/media\/7432"}],"wp:attachment":[{"href":"https:\/\/www.fsfx.com.br\/hospital-marcio-cunha\/wp-json\/wp\/v2\/media?parent=7235"}],"wp:term":[{"taxonomy":"category","embeddable":true,"href":"https:\/\/www.fsfx.com.br\/hospital-marcio-cunha\/wp-json\/wp\/v2\/categories?post=7235"},{"taxonomy":"post_tag","embeddable":true,"href":"https:\/\/www.fsfx.com.br\/hospital-marcio-cunha\/wp-json\/wp\/v2\/tags?post=7235"}],"curies":[{"name":"wp","href":"https:\/\/api.w.org\/{rel}","templated":true}]}}