{"id":928,"date":"2021-11-01T08:21:24","date_gmt":"2021-11-01T11:21:24","guid":{"rendered":"https:\/\/www.fsfx.com.br\/hospital-marcio-cunha\/?p=928"},"modified":"2021-11-01T08:21:24","modified_gmt":"2021-11-01T11:21:24","slug":"novembro-azul-fsfx-adere-a-campanha-e-alerta-para-a-importancia-da-realizacao-de-exames-preventivos-do-cancer-de-prostata","status":"publish","type":"post","link":"https:\/\/www.fsfx.com.br\/hospital-marcio-cunha\/novembro-azul-fsfx-adere-a-campanha-e-alerta-para-a-importancia-da-realizacao-de-exames-preventivos-do-cancer-de-prostata\/","title":{"rendered":"Novembro Azul: FSFX adere \u00e0 campanha e alerta para a import\u00e2ncia da realiza\u00e7\u00e3o de exames preventivos do c\u00e2ncer de pr\u00f3stata"},"content":{"rendered":"\n<p>Pandemia reduziu em 26% os diagn\u00f3sticos de c\u00e2ncer de pr\u00f3stata, bexiga e rim no ano passado. Dados preocupam especialistas j\u00e1 que a doen\u00e7a tem maiores chances de cura quando descoberta em est\u00e1gios iniciais.\u00a0\u00a0<br \/><\/p>\n\n\n<p>Novembro chegou trazendo \u00e0 tona uma das maiores campanhas de conscientiza\u00e7\u00e3o quanto \u00e0 sa\u00fade masculina e o c\u00e2ncer de pr\u00f3stata, tipo mais comum de c\u00e2ncer entre os homens e segundo em mortalidade. O Novembro Azul ressalta a import\u00e2ncia da preven\u00e7\u00e3o e do diagn\u00f3stico precoce do c\u00e2ncer de pr\u00f3stata e tamb\u00e9m acende um debate fundamental sobre o comportamento masculino em rela\u00e7\u00e3o \u00e0 sa\u00fade. Somente em 2021, segundo dados do Instituto Nacional do C\u00e2ncer (Inca), estima-se que mais de 65 mil homens sejam diagnosticados com a doen\u00e7a no Brasil. No pa\u00eds, um homem morre a cada 38 minutos devido ao c\u00e2ncer de pr\u00f3stata.<\/p>\n\n\n<p>&nbsp;\u201cNeste ano, a sociedade m\u00e9dica, deve refor\u00e7ar o alerta para a realiza\u00e7\u00e3o de consultas e de exames. Apesar da vacina\u00e7\u00e3o contra a covid-19 estar avan\u00e7ada, \u00e9 imprescind\u00edvel refor\u00e7ar a necessidade do diagn\u00f3stico precoce e de manter o tratamento\u201d, comenta Fernando Roberto Bicalho Fonseca, urologista da FSFX.<\/p>\n\n\n<p>A grande preocupa\u00e7\u00e3o \u00e9 com a detec\u00e7\u00e3o precoce do c\u00e2ncer de pr\u00f3stata. No ano passado, de acordo com dados da Sociedade Brasileira de Urologia (SBU), os diagn\u00f3sticos de c\u00e2ncer de pr\u00f3stata, rim e bexiga ca\u00edram mais de 26%. O exame de PSA (dosagem de ant\u00edgeno prost\u00e1tico espec\u00edfico) usado na identifica\u00e7\u00e3o do c\u00e2ncer de pr\u00f3stata apresentou um decl\u00ednio de 30%. A diminui\u00e7\u00e3o de exames de rastreamento de c\u00e2ncer de pr\u00f3stata, usando o teste de ant\u00edgeno espec\u00edfico da pr\u00f3stata (PSA), resultou em aumentos recentes no diagn\u00f3stico de doen\u00e7a metast\u00e1tica, de acordo com um estudo que foi apresentado no Simp\u00f3sio de C\u00e2ncer Genitourin\u00e1rio da ASCO.<\/p>\n\n\n<p>\u201cN\u00e3o realizar o exame ou temer a consulta por conta da pandemia \u00e9 um grande risco. O c\u00e2ncer de pr\u00f3stata \u00e9 um tumor silencioso, n\u00e3o apresenta sinais no in\u00edcio e quando \u00e9 descoberto, em v\u00e1rios casos, o est\u00e1gio j\u00e1 est\u00e1 avan\u00e7ado, quando as chances de cura s\u00e3o bem menores. Da\u00ed a import\u00e2ncia da detec\u00e7\u00e3o precoce\u201d, explica o urologista.<\/p>\n\n\n<p>Segundo Dr. Fernando, o c\u00e2ncer de pr\u00f3stata \u00e9 uma das doen\u00e7as mais impactantes para o homem. \u201cA Sociedade Brasileira de Urologia orienta que homens com fatores de risco como hist\u00f3rico de c\u00e2ncer de pr\u00f3stata ou de mama na fam\u00edlia, ra\u00e7a negra e obesidade devem realizar os exames de sangue PSA e de toque a partir dos 45 anos e os demais a partir dos 50 anos\u201d.<\/p>\n\n\n<p>O c\u00e2ncer de pr\u00f3stata tem maior incid\u00eancia em homens idosos. Seis em cada dez casos s\u00e3o diagnosticados em homens com mais de 65 anos, mas isso n\u00e3o indica que aqueles com menos idade estejam livres da doen\u00e7a. No entanto, com a popula\u00e7\u00e3o cada vez com maior expectativa de vida, as chances de um homem adulto desenvolver o c\u00e2ncer de pr\u00f3stata s\u00e3o muito grandes. Um em cada nove homens ser\u00e1 diagnosticado com esse tipo de tumor durante a vida, de acordo com o Inca.<\/p>\n\n\n<p><br \/><strong>Novembro Azul<\/strong><\/p>\n\n\n<p>Criado em 1993 na Austr\u00e1lia, o movimento Novembro Azul pegou carona no Dia Mundial de Combate ao C\u00e2ncer de Pr\u00f3stata, celebrado em 17 de novembro. Os s\u00edmbolos da campanha s\u00e3o a cor azul e o bigode ao estilo do personagem M\u00e1rio Bros.<\/p>\n\n\n<p>No Brasil, a campanha teve in\u00edcio em 2008, sendo organizada pela Sociedade Brasileira de Urologia e pelo Instituto Lado a Lado pela Vida. No pa\u00eds, o movimento ganhou contornos ainda maiores, sendo que al\u00e9m de promover a conscientiza\u00e7\u00e3o pela preven\u00e7\u00e3o do c\u00e2ncer de pr\u00f3stata e a detec\u00e7\u00e3o precoce, incentiva os homens a cuidarem da sua pr\u00f3pria sa\u00fade.<\/p>\n\n\n<p>\u201cA inten\u00e7\u00e3o \u00e9 de que os homens sejam mais disciplinados com a sua sa\u00fade. O comportamento masculino nestes casos, \u00e9 bem diferente das mulheres, que s\u00e3o mais adeptas aos consult\u00f3rios m\u00e9dicos e \u00e0 realiza\u00e7\u00e3o de exames. \u00c9 not\u00f3rio que precisamos incentivar cada vez mais uma conscientiza\u00e7\u00e3o sobre esse cuidado\u201d, explica o urologista.<\/p>\n\n\n<p><br \/><strong>FSFX<\/strong><\/p>\n\n\n<p>A Funda\u00e7\u00e3o S\u00e3o Francisco Xavier aderiu \u00e0 Campanha Novembro Azul. Durante todo o m\u00eas, o Col\u00e9gio S\u00e3o Francisco Xavier, o Centro de Odontologia Integrada e todos os cinco hospitais administrados pela entidade est\u00e3o com as fachadas iluminadas de azul para promover o alerta da doen\u00e7a.<\/p>\n\n\n<p>Todos os colaboradores da Funda\u00e7\u00e3o receberam adesivos de um dos s\u00edmbolos da campanha, o bigode ao estilo M\u00e1rio Bros. Nas redes sociais da entidade, o avatar faz alus\u00e3o \u00e0 Campanha e v\u00e1rios v\u00eddeos informativos sobre o tema ser\u00e3o disponibilizados.<\/p>\n","protected":false},"excerpt":{"rendered":"<p>Pandemia reduziu em 26% os diagn\u00f3sticos de c\u00e2ncer de pr\u00f3stata, bexiga e rim no ano passado. Dados preocupam especialistas j\u00e1 que a doen\u00e7a tem maiores chances de cura quando descoberta em est\u00e1gios iniciais.\u00a0\u00a0 Novembro chegou trazendo \u00e0 tona uma das maiores campanhas de conscientiza\u00e7\u00e3o quanto \u00e0 sa\u00fade masculina e o c\u00e2ncer de pr\u00f3stata, tipo mais [&hellip;]<\/p>\n","protected":false},"author":2,"featured_media":0,"comment_status":"open","ping_status":"open","sticky":false,"template":"","format":"standard","meta":{"_acf_changed":false,"site-sidebar-layout":"default","site-content-layout":"","ast-site-content-layout":"default","site-content-style":"default","site-sidebar-style":"default","ast-global-header-display":"","ast-banner-title-visibility":"","ast-main-header-display":"","ast-hfb-above-header-display":"","ast-hfb-below-header-display":"","ast-hfb-mobile-header-display":"","site-post-title":"","ast-breadcrumbs-content":"","ast-featured-img":"","footer-sml-layout":"","theme-transparent-header-meta":"","adv-header-id-meta":"","stick-header-meta":"","header-above-stick-meta":"","header-main-stick-meta":"","header-below-stick-meta":"","astra-migrate-meta-layouts":"default","ast-page-background-enabled":"default","ast-page-background-meta":{"desktop":{"background-color":"var(--ast-global-color-4)","background-image":"","background-repeat":"repeat","background-position":"center center","background-size":"auto","background-attachment":"scroll","background-type":"","background-media":"","overlay-type":"","overlay-color":"","overlay-opacity":"","overlay-gradient":""},"tablet":{"background-color":"","background-image":"","background-repeat":"repeat","background-position":"center center","background-size":"auto","background-attachment":"scroll","background-type":"","background-media":"","overlay-type":"","overlay-color":"","overlay-opacity":"","overlay-gradient":""},"mobile":{"background-color":"","background-image":"","background-repeat":"repeat","background-position":"center center","background-size":"auto","background-attachment":"scroll","background-type":"","background-media":"","overlay-type":"","overlay-color":"","overlay-opacity":"","overlay-gradient":""}},"ast-content-background-meta":{"desktop":{"background-color":"var(--ast-global-color-5)","background-image":"","background-repeat":"repeat","background-position":"center center","background-size":"auto","background-attachment":"scroll","background-type":"","background-media":"","overlay-type":"","overlay-color":"","overlay-opacity":"","overlay-gradient":""},"tablet":{"background-color":"var(--ast-global-color-5)","background-image":"","background-repeat":"repeat","background-position":"center center","background-size":"auto","background-attachment":"scroll","background-type":"","background-media":"","overlay-type":"","overlay-color":"","overlay-opacity":"","overlay-gradient":""},"mobile":{"background-color":"var(--ast-global-color-5)","background-image":"","background-repeat":"repeat","background-position":"center center","background-size":"auto","background-attachment":"scroll","background-type":"","background-media":"","overlay-type":"","overlay-color":"","overlay-opacity":"","overlay-gradient":""}},"footnotes":""},"categories":[1],"tags":[],"class_list":["post-928","post","type-post","status-publish","format-standard","hentry","category-sem-categoria"],"acf":[],"yoast_head":"<!-- This site is optimized with the Yoast SEO plugin v26.9 - https:\/\/yoast.com\/product\/yoast-seo-wordpress\/ -->\n<title>Novembro Azul: FSFX adere \u00e0 campanha e alerta para a import\u00e2ncia da realiza\u00e7\u00e3o de exames preventivos do c\u00e2ncer de pr\u00f3stata - Hospital M\u00e1rcio Cunha<\/title>\n<meta name=\"robots\" content=\"index, follow, max-snippet:-1, max-image-preview:large, max-video-preview:-1\" \/>\n<link rel=\"canonical\" href=\"https:\/\/www.fsfx.com.br\/hospital-marcio-cunha\/novembro-azul-fsfx-adere-a-campanha-e-alerta-para-a-importancia-da-realizacao-de-exames-preventivos-do-cancer-de-prostata\/\" \/>\n<meta property=\"og:locale\" content=\"pt_BR\" \/>\n<meta property=\"og:type\" content=\"article\" \/>\n<meta property=\"og:title\" content=\"Novembro Azul: FSFX adere \u00e0 campanha e alerta para a import\u00e2ncia da realiza\u00e7\u00e3o de exames preventivos do c\u00e2ncer de pr\u00f3stata - Hospital M\u00e1rcio Cunha\" \/>\n<meta property=\"og:description\" content=\"Pandemia reduziu em 26% os diagn\u00f3sticos de c\u00e2ncer de pr\u00f3stata, bexiga e rim no ano passado. Dados preocupam especialistas j\u00e1 que a doen\u00e7a tem maiores chances de cura quando descoberta em est\u00e1gios iniciais.\u00a0\u00a0 Novembro chegou trazendo \u00e0 tona uma das maiores campanhas de conscientiza\u00e7\u00e3o quanto \u00e0 sa\u00fade masculina e o c\u00e2ncer de pr\u00f3stata, tipo mais [&hellip;]\" \/>\n<meta property=\"og:url\" content=\"https:\/\/www.fsfx.com.br\/hospital-marcio-cunha\/novembro-azul-fsfx-adere-a-campanha-e-alerta-para-a-importancia-da-realizacao-de-exames-preventivos-do-cancer-de-prostata\/\" \/>\n<meta property=\"og:site_name\" content=\"Hospital M\u00e1rcio Cunha\" \/>\n<meta property=\"article:published_time\" content=\"2021-11-01T11:21:24+00:00\" \/>\n<meta name=\"author\" content=\"claudio\" \/>\n<meta name=\"twitter:card\" content=\"summary_large_image\" \/>\n<meta name=\"twitter:label1\" content=\"Escrito por\" \/>\n\t<meta name=\"twitter:data1\" content=\"claudio\" \/>\n\t<meta name=\"twitter:label2\" content=\"Est. tempo de leitura\" \/>\n\t<meta name=\"twitter:data2\" content=\"4 minutos\" \/>\n<script type=\"application\/ld+json\" class=\"yoast-schema-graph\">{\"@context\":\"https:\/\/schema.org\",\"@graph\":[{\"@type\":\"Article\",\"@id\":\"https:\/\/www.fsfx.com.br\/hospital-marcio-cunha\/novembro-azul-fsfx-adere-a-campanha-e-alerta-para-a-importancia-da-realizacao-de-exames-preventivos-do-cancer-de-prostata\/#article\",\"isPartOf\":{\"@id\":\"https:\/\/www.fsfx.com.br\/hospital-marcio-cunha\/novembro-azul-fsfx-adere-a-campanha-e-alerta-para-a-importancia-da-realizacao-de-exames-preventivos-do-cancer-de-prostata\/\"},\"author\":{\"name\":\"claudio\",\"@id\":\"https:\/\/www.fsfx.com.br\/hospital-marcio-cunha\/#\/schema\/person\/7d2372fe1973398ab20a060bbb9a87d8\"},\"headline\":\"Novembro Azul: FSFX adere \u00e0 campanha e alerta para a import\u00e2ncia da realiza\u00e7\u00e3o de exames preventivos do c\u00e2ncer de pr\u00f3stata\",\"datePublished\":\"2021-11-01T11:21:24+00:00\",\"mainEntityOfPage\":{\"@id\":\"https:\/\/www.fsfx.com.br\/hospital-marcio-cunha\/novembro-azul-fsfx-adere-a-campanha-e-alerta-para-a-importancia-da-realizacao-de-exames-preventivos-do-cancer-de-prostata\/\"},\"wordCount\":849,\"commentCount\":0,\"publisher\":{\"@id\":\"https:\/\/www.fsfx.com.br\/hospital-marcio-cunha\/#organization\"},\"inLanguage\":\"pt-BR\",\"potentialAction\":[{\"@type\":\"CommentAction\",\"name\":\"Comment\",\"target\":[\"https:\/\/www.fsfx.com.br\/hospital-marcio-cunha\/novembro-azul-fsfx-adere-a-campanha-e-alerta-para-a-importancia-da-realizacao-de-exames-preventivos-do-cancer-de-prostata\/#respond\"]}]},{\"@type\":\"WebPage\",\"@id\":\"https:\/\/www.fsfx.com.br\/hospital-marcio-cunha\/novembro-azul-fsfx-adere-a-campanha-e-alerta-para-a-importancia-da-realizacao-de-exames-preventivos-do-cancer-de-prostata\/\",\"url\":\"https:\/\/www.fsfx.com.br\/hospital-marcio-cunha\/novembro-azul-fsfx-adere-a-campanha-e-alerta-para-a-importancia-da-realizacao-de-exames-preventivos-do-cancer-de-prostata\/\",\"name\":\"Novembro Azul: FSFX adere \u00e0 campanha e alerta para a import\u00e2ncia da realiza\u00e7\u00e3o de exames preventivos do c\u00e2ncer de pr\u00f3stata - Hospital M\u00e1rcio Cunha\",\"isPartOf\":{\"@id\":\"https:\/\/www.fsfx.com.br\/hospital-marcio-cunha\/#website\"},\"datePublished\":\"2021-11-01T11:21:24+00:00\",\"breadcrumb\":{\"@id\":\"https:\/\/www.fsfx.com.br\/hospital-marcio-cunha\/novembro-azul-fsfx-adere-a-campanha-e-alerta-para-a-importancia-da-realizacao-de-exames-preventivos-do-cancer-de-prostata\/#breadcrumb\"},\"inLanguage\":\"pt-BR\",\"potentialAction\":[{\"@type\":\"ReadAction\",\"target\":[\"https:\/\/www.fsfx.com.br\/hospital-marcio-cunha\/novembro-azul-fsfx-adere-a-campanha-e-alerta-para-a-importancia-da-realizacao-de-exames-preventivos-do-cancer-de-prostata\/\"]}]},{\"@type\":\"BreadcrumbList\",\"@id\":\"https:\/\/www.fsfx.com.br\/hospital-marcio-cunha\/novembro-azul-fsfx-adere-a-campanha-e-alerta-para-a-importancia-da-realizacao-de-exames-preventivos-do-cancer-de-prostata\/#breadcrumb\",\"itemListElement\":[{\"@type\":\"ListItem\",\"position\":1,\"name\":\"In\u00edcio\",\"item\":\"https:\/\/www.fsfx.com.br\/hospital-marcio-cunha\/\"},{\"@type\":\"ListItem\",\"position\":2,\"name\":\"Novembro Azul: FSFX adere \u00e0 campanha e alerta para a import\u00e2ncia da realiza\u00e7\u00e3o de exames preventivos do c\u00e2ncer de pr\u00f3stata\"}]},{\"@type\":\"WebSite\",\"@id\":\"https:\/\/www.fsfx.com.br\/hospital-marcio-cunha\/#website\",\"url\":\"https:\/\/www.fsfx.com.br\/hospital-marcio-cunha\/\",\"name\":\"Hospital M\u00e1rcio Cunha\",\"description\":\"O Hospital M\u00e1rcio Cunha (HMC) \u00e9 um hospital geral de alta complexidade, com 558 leitos e tr\u00eas unidades, sendo uma unidade exclusiva para o tratamento oncol\u00f3gico.\",\"publisher\":{\"@id\":\"https:\/\/www.fsfx.com.br\/hospital-marcio-cunha\/#organization\"},\"potentialAction\":[{\"@type\":\"SearchAction\",\"target\":{\"@type\":\"EntryPoint\",\"urlTemplate\":\"https:\/\/www.fsfx.com.br\/hospital-marcio-cunha\/?s={search_term_string}\"},\"query-input\":{\"@type\":\"PropertyValueSpecification\",\"valueRequired\":true,\"valueName\":\"search_term_string\"}}],\"inLanguage\":\"pt-BR\"},{\"@type\":\"Organization\",\"@id\":\"https:\/\/www.fsfx.com.br\/hospital-marcio-cunha\/#organization\",\"name\":\"HMC - Hospital M\u00e1rcio Cunha\",\"url\":\"https:\/\/www.fsfx.com.br\/hospital-marcio-cunha\/\",\"logo\":{\"@type\":\"ImageObject\",\"inLanguage\":\"pt-BR\",\"@id\":\"https:\/\/www.fsfx.com.br\/hospital-marcio-cunha\/#\/schema\/logo\/image\/\",\"url\":\"https:\/\/www.fsfx.com.br\/hospital-marcio-cunha\/wp-content\/uploads\/sites\/9\/2022\/04\/logo-hmc-color.png\",\"contentUrl\":\"https:\/\/www.fsfx.com.br\/hospital-marcio-cunha\/wp-content\/uploads\/sites\/9\/2022\/04\/logo-hmc-color.png\",\"width\":264,\"height\":59,\"caption\":\"HMC - Hospital M\u00e1rcio Cunha\"},\"image\":{\"@id\":\"https:\/\/www.fsfx.com.br\/hospital-marcio-cunha\/#\/schema\/logo\/image\/\"}},{\"@type\":\"Person\",\"@id\":\"https:\/\/www.fsfx.com.br\/hospital-marcio-cunha\/#\/schema\/person\/7d2372fe1973398ab20a060bbb9a87d8\",\"name\":\"claudio\",\"image\":{\"@type\":\"ImageObject\",\"inLanguage\":\"pt-BR\",\"@id\":\"https:\/\/www.fsfx.com.br\/hospital-marcio-cunha\/#\/schema\/person\/image\/\",\"url\":\"https:\/\/secure.gravatar.com\/avatar\/724caacf0f2f073275cb3689c577e73e87e40150b1ffd648a67445e75aa7ff03?s=96&d=mm&r=g\",\"contentUrl\":\"https:\/\/secure.gravatar.com\/avatar\/724caacf0f2f073275cb3689c577e73e87e40150b1ffd648a67445e75aa7ff03?s=96&d=mm&r=g\",\"caption\":\"claudio\"},\"url\":\"https:\/\/www.fsfx.com.br\/hospital-marcio-cunha\/author\/claudio\/\"}]}<\/script>\n<!-- \/ Yoast SEO plugin. -->","yoast_head_json":{"title":"Novembro Azul: FSFX adere \u00e0 campanha e alerta para a import\u00e2ncia da realiza\u00e7\u00e3o de exames preventivos do c\u00e2ncer de pr\u00f3stata - Hospital M\u00e1rcio Cunha","robots":{"index":"index","follow":"follow","max-snippet":"max-snippet:-1","max-image-preview":"max-image-preview:large","max-video-preview":"max-video-preview:-1"},"canonical":"https:\/\/www.fsfx.com.br\/hospital-marcio-cunha\/novembro-azul-fsfx-adere-a-campanha-e-alerta-para-a-importancia-da-realizacao-de-exames-preventivos-do-cancer-de-prostata\/","og_locale":"pt_BR","og_type":"article","og_title":"Novembro Azul: FSFX adere \u00e0 campanha e alerta para a import\u00e2ncia da realiza\u00e7\u00e3o de exames preventivos do c\u00e2ncer de pr\u00f3stata - Hospital M\u00e1rcio Cunha","og_description":"Pandemia reduziu em 26% os diagn\u00f3sticos de c\u00e2ncer de pr\u00f3stata, bexiga e rim no ano passado. Dados preocupam especialistas j\u00e1 que a doen\u00e7a tem maiores chances de cura quando descoberta em est\u00e1gios iniciais.\u00a0\u00a0 Novembro chegou trazendo \u00e0 tona uma das maiores campanhas de conscientiza\u00e7\u00e3o quanto \u00e0 sa\u00fade masculina e o c\u00e2ncer de pr\u00f3stata, tipo mais [&hellip;]","og_url":"https:\/\/www.fsfx.com.br\/hospital-marcio-cunha\/novembro-azul-fsfx-adere-a-campanha-e-alerta-para-a-importancia-da-realizacao-de-exames-preventivos-do-cancer-de-prostata\/","og_site_name":"Hospital M\u00e1rcio Cunha","article_published_time":"2021-11-01T11:21:24+00:00","author":"claudio","twitter_card":"summary_large_image","twitter_misc":{"Escrito por":"claudio","Est. tempo de leitura":"4 minutos"},"schema":{"@context":"https:\/\/schema.org","@graph":[{"@type":"Article","@id":"https:\/\/www.fsfx.com.br\/hospital-marcio-cunha\/novembro-azul-fsfx-adere-a-campanha-e-alerta-para-a-importancia-da-realizacao-de-exames-preventivos-do-cancer-de-prostata\/#article","isPartOf":{"@id":"https:\/\/www.fsfx.com.br\/hospital-marcio-cunha\/novembro-azul-fsfx-adere-a-campanha-e-alerta-para-a-importancia-da-realizacao-de-exames-preventivos-do-cancer-de-prostata\/"},"author":{"name":"claudio","@id":"https:\/\/www.fsfx.com.br\/hospital-marcio-cunha\/#\/schema\/person\/7d2372fe1973398ab20a060bbb9a87d8"},"headline":"Novembro Azul: FSFX adere \u00e0 campanha e alerta para a import\u00e2ncia da realiza\u00e7\u00e3o de exames preventivos do c\u00e2ncer de pr\u00f3stata","datePublished":"2021-11-01T11:21:24+00:00","mainEntityOfPage":{"@id":"https:\/\/www.fsfx.com.br\/hospital-marcio-cunha\/novembro-azul-fsfx-adere-a-campanha-e-alerta-para-a-importancia-da-realizacao-de-exames-preventivos-do-cancer-de-prostata\/"},"wordCount":849,"commentCount":0,"publisher":{"@id":"https:\/\/www.fsfx.com.br\/hospital-marcio-cunha\/#organization"},"inLanguage":"pt-BR","potentialAction":[{"@type":"CommentAction","name":"Comment","target":["https:\/\/www.fsfx.com.br\/hospital-marcio-cunha\/novembro-azul-fsfx-adere-a-campanha-e-alerta-para-a-importancia-da-realizacao-de-exames-preventivos-do-cancer-de-prostata\/#respond"]}]},{"@type":"WebPage","@id":"https:\/\/www.fsfx.com.br\/hospital-marcio-cunha\/novembro-azul-fsfx-adere-a-campanha-e-alerta-para-a-importancia-da-realizacao-de-exames-preventivos-do-cancer-de-prostata\/","url":"https:\/\/www.fsfx.com.br\/hospital-marcio-cunha\/novembro-azul-fsfx-adere-a-campanha-e-alerta-para-a-importancia-da-realizacao-de-exames-preventivos-do-cancer-de-prostata\/","name":"Novembro Azul: FSFX adere \u00e0 campanha e alerta para a import\u00e2ncia da realiza\u00e7\u00e3o de exames preventivos do c\u00e2ncer de pr\u00f3stata - Hospital M\u00e1rcio Cunha","isPartOf":{"@id":"https:\/\/www.fsfx.com.br\/hospital-marcio-cunha\/#website"},"datePublished":"2021-11-01T11:21:24+00:00","breadcrumb":{"@id":"https:\/\/www.fsfx.com.br\/hospital-marcio-cunha\/novembro-azul-fsfx-adere-a-campanha-e-alerta-para-a-importancia-da-realizacao-de-exames-preventivos-do-cancer-de-prostata\/#breadcrumb"},"inLanguage":"pt-BR","potentialAction":[{"@type":"ReadAction","target":["https:\/\/www.fsfx.com.br\/hospital-marcio-cunha\/novembro-azul-fsfx-adere-a-campanha-e-alerta-para-a-importancia-da-realizacao-de-exames-preventivos-do-cancer-de-prostata\/"]}]},{"@type":"BreadcrumbList","@id":"https:\/\/www.fsfx.com.br\/hospital-marcio-cunha\/novembro-azul-fsfx-adere-a-campanha-e-alerta-para-a-importancia-da-realizacao-de-exames-preventivos-do-cancer-de-prostata\/#breadcrumb","itemListElement":[{"@type":"ListItem","position":1,"name":"In\u00edcio","item":"https:\/\/www.fsfx.com.br\/hospital-marcio-cunha\/"},{"@type":"ListItem","position":2,"name":"Novembro Azul: FSFX adere \u00e0 campanha e alerta para a import\u00e2ncia da realiza\u00e7\u00e3o de exames preventivos do c\u00e2ncer de pr\u00f3stata"}]},{"@type":"WebSite","@id":"https:\/\/www.fsfx.com.br\/hospital-marcio-cunha\/#website","url":"https:\/\/www.fsfx.com.br\/hospital-marcio-cunha\/","name":"Hospital M\u00e1rcio Cunha","description":"O Hospital M\u00e1rcio Cunha (HMC) \u00e9 um hospital geral de alta complexidade, com 558 leitos e tr\u00eas unidades, sendo uma unidade exclusiva para o tratamento oncol\u00f3gico.","publisher":{"@id":"https:\/\/www.fsfx.com.br\/hospital-marcio-cunha\/#organization"},"potentialAction":[{"@type":"SearchAction","target":{"@type":"EntryPoint","urlTemplate":"https:\/\/www.fsfx.com.br\/hospital-marcio-cunha\/?s={search_term_string}"},"query-input":{"@type":"PropertyValueSpecification","valueRequired":true,"valueName":"search_term_string"}}],"inLanguage":"pt-BR"},{"@type":"Organization","@id":"https:\/\/www.fsfx.com.br\/hospital-marcio-cunha\/#organization","name":"HMC - Hospital M\u00e1rcio Cunha","url":"https:\/\/www.fsfx.com.br\/hospital-marcio-cunha\/","logo":{"@type":"ImageObject","inLanguage":"pt-BR","@id":"https:\/\/www.fsfx.com.br\/hospital-marcio-cunha\/#\/schema\/logo\/image\/","url":"https:\/\/www.fsfx.com.br\/hospital-marcio-cunha\/wp-content\/uploads\/sites\/9\/2022\/04\/logo-hmc-color.png","contentUrl":"https:\/\/www.fsfx.com.br\/hospital-marcio-cunha\/wp-content\/uploads\/sites\/9\/2022\/04\/logo-hmc-color.png","width":264,"height":59,"caption":"HMC - Hospital M\u00e1rcio Cunha"},"image":{"@id":"https:\/\/www.fsfx.com.br\/hospital-marcio-cunha\/#\/schema\/logo\/image\/"}},{"@type":"Person","@id":"https:\/\/www.fsfx.com.br\/hospital-marcio-cunha\/#\/schema\/person\/7d2372fe1973398ab20a060bbb9a87d8","name":"claudio","image":{"@type":"ImageObject","inLanguage":"pt-BR","@id":"https:\/\/www.fsfx.com.br\/hospital-marcio-cunha\/#\/schema\/person\/image\/","url":"https:\/\/secure.gravatar.com\/avatar\/724caacf0f2f073275cb3689c577e73e87e40150b1ffd648a67445e75aa7ff03?s=96&d=mm&r=g","contentUrl":"https:\/\/secure.gravatar.com\/avatar\/724caacf0f2f073275cb3689c577e73e87e40150b1ffd648a67445e75aa7ff03?s=96&d=mm&r=g","caption":"claudio"},"url":"https:\/\/www.fsfx.com.br\/hospital-marcio-cunha\/author\/claudio\/"}]}},"_links":{"self":[{"href":"https:\/\/www.fsfx.com.br\/hospital-marcio-cunha\/wp-json\/wp\/v2\/posts\/928","targetHints":{"allow":["GET"]}}],"collection":[{"href":"https:\/\/www.fsfx.com.br\/hospital-marcio-cunha\/wp-json\/wp\/v2\/posts"}],"about":[{"href":"https:\/\/www.fsfx.com.br\/hospital-marcio-cunha\/wp-json\/wp\/v2\/types\/post"}],"author":[{"embeddable":true,"href":"https:\/\/www.fsfx.com.br\/hospital-marcio-cunha\/wp-json\/wp\/v2\/users\/2"}],"replies":[{"embeddable":true,"href":"https:\/\/www.fsfx.com.br\/hospital-marcio-cunha\/wp-json\/wp\/v2\/comments?post=928"}],"version-history":[{"count":0,"href":"https:\/\/www.fsfx.com.br\/hospital-marcio-cunha\/wp-json\/wp\/v2\/posts\/928\/revisions"}],"wp:attachment":[{"href":"https:\/\/www.fsfx.com.br\/hospital-marcio-cunha\/wp-json\/wp\/v2\/media?parent=928"}],"wp:term":[{"taxonomy":"category","embeddable":true,"href":"https:\/\/www.fsfx.com.br\/hospital-marcio-cunha\/wp-json\/wp\/v2\/categories?post=928"},{"taxonomy":"post_tag","embeddable":true,"href":"https:\/\/www.fsfx.com.br\/hospital-marcio-cunha\/wp-json\/wp\/v2\/tags?post=928"}],"curies":[{"name":"wp","href":"https:\/\/api.w.org\/{rel}","templated":true}]}}