{"id":2415,"date":"2023-01-20T08:43:08","date_gmt":"2023-01-20T11:43:08","guid":{"rendered":"https:\/\/www.fsfx.com.br\/ocupacional\/?p=2415"},"modified":"2023-01-20T08:43:08","modified_gmt":"2023-01-20T11:43:08","slug":"usisaude-recebe-nota-maxima-no-indice-de-desempenho-da-saude-suplementar","status":"publish","type":"post","link":"https:\/\/www.fsfx.com.br\/ocupacional\/usisaude-recebe-nota-maxima-no-indice-de-desempenho-da-saude-suplementar\/","title":{"rendered":"Usisa\u00fade recebe nota m\u00e1xima no \u00cdndice de Desempenho da Sa\u00fade Suplementar"},"content":{"rendered":"<h5 style=\"text-align: center\"><em>Esta \u00e9 a 5\u00aa vez que a Operadora \u00e9 bem avaliada<\/em><\/h5>\n<p>&nbsp;<\/p>\n<p>A Usisa\u00fade \u2013 Operadora de Planos de Sa\u00fade da Funda\u00e7\u00e3o s\u00e3o Francisco Xavier, recebeu, pelo quinto ano consecutivo,\u00a0a nota m\u00e1xima no \u00cdndice de Desempenho da Sa\u00fade Suplementar, IDSS \u2013 \u00cdndice de Desempenho da Sa\u00fade Suplementar, principal avalia\u00e7\u00e3o das operadoras de planos de sa\u00fade feita pela Ag\u00eancia Nacional de Sa\u00fade Suplementar &#8211; ANS.<\/p>\n<p>O \u00edndice faz parte do\u00a0Programa de Qualifica\u00e7\u00e3o das Operadoras,\u00a0e tem dentre os objetivos\u00a0estimular a qualidade da presta\u00e7\u00e3o de servi\u00e7o das operadoras, avaliando-as em quatro dimens\u00f5es: Qualidade em Aten\u00e7\u00e3o \u00e0 Sa\u00fade: avalia\u00e7\u00e3o do conjunto de a\u00e7\u00f5es em sa\u00fade que contribuem para o atendimento das necessidades de sa\u00fade dos benefici\u00e1rios, com \u00eanfase nas a\u00e7\u00f5es de promo\u00e7\u00e3o, preven\u00e7\u00e3o e assist\u00eancia \u00e0 sa\u00fade prestada; Garantia de Acesso: condi\u00e7\u00f5es relacionadas \u00e0 rede assistencial que possibilitam a garantia de acesso, abrangendo a oferta de rede de prestadores; Sustentabilidade no Mercado: monitoramento da sustentabilidade da operadora, considerando o equil\u00edbrio econ\u00f4mico-financeiro, passando pela satisfa\u00e7\u00e3o do benefici\u00e1rio e compromissos com prestadores; Gest\u00e3o de Processos e Regula\u00e7\u00e3o: diz respeito ao cumprimento das obriga\u00e7\u00f5es t\u00e9cnicas e cadastrais das operadoras junto \u00e0 ANS.<\/p>\n<p>Os resultados s\u00e3o importantes par\u00e2metros de avalia\u00e7\u00e3o para os benefici\u00e1rios de planos de sa\u00fade, pois, facilita a capacidade do consumidor de fazer suas escolhas no momento da contrata\u00e7\u00e3o ou troca de um plano de sa\u00fade.<\/p>\n<p>Para o Diretor de Solu\u00e7\u00f5es Em Sa\u00fade e Mercado da Funda\u00e7\u00e3o S\u00e3o Francisco Xavier, Fernando C\u00e9sar Vicente de Paula, a experi\u00eancia da Usisa\u00fade e o constante aprimoramento dos nos servi\u00e7os prestados s\u00e3o o que norteiam e direcionam o dia a dia da operadora, que busca, cada vez mais, atuar focada no seu maior prop\u00f3sito: o cliente. \u201cEsse resultado \u00e9 de toda a equipe e nos deixa muito satisfeito. O desempenho da Usisa\u00fade no IDSS \u00e9 reflexo da excel\u00eancia e qualidade ofertada aos benefici\u00e1rios. Isso refor\u00e7a nossa maturidade, preocupa\u00e7\u00e3o e esfor\u00e7o constante na qualidade, seguran\u00e7a e garantia de acesso aos nossos benefici\u00e1rios.\u201d, afirma.<\/p>\n","protected":false},"excerpt":{"rendered":"<p>Esta \u00e9 a 5\u00aa vez que a Operadora \u00e9 bem avaliada &nbsp; A Usisa\u00fade \u2013 Operadora de Planos de Sa\u00fade da Funda\u00e7\u00e3o s\u00e3o Francisco Xavier, recebeu, pelo quinto ano consecutivo,\u00a0a nota m\u00e1xima no \u00cdndice de Desempenho da Sa\u00fade Suplementar, IDSS \u2013 \u00cdndice de Desempenho da Sa\u00fade Suplementar, principal avalia\u00e7\u00e3o das operadoras de planos de sa\u00fade [&hellip;]<\/p>\n","protected":false},"author":6,"featured_media":2416,"comment_status":"open","ping_status":"open","sticky":false,"template":"","format":"standard","meta":{"_acf_changed":false,"site-sidebar-layout":"default","site-content-layout":"","ast-site-content-layout":"default","site-content-style":"default","site-sidebar-style":"default","ast-global-header-display":"","ast-banner-title-visibility":"","ast-main-header-display":"","ast-hfb-above-header-display":"","ast-hfb-below-header-display":"","ast-hfb-mobile-header-display":"","site-post-title":"","ast-breadcrumbs-content":"","ast-featured-img":"","footer-sml-layout":"","theme-transparent-header-meta":"","adv-header-id-meta":"","stick-header-meta":"","header-above-stick-meta":"","header-main-stick-meta":"","header-below-stick-meta":"","astra-migrate-meta-layouts":"default","ast-page-background-enabled":"default","ast-page-background-meta":{"desktop":{"background-color":"var(--ast-global-color-4)","background-image":"","background-repeat":"repeat","background-position":"center center","background-size":"auto","background-attachment":"scroll","background-type":"","background-media":"","overlay-type":"","overlay-color":"","overlay-opacity":"","overlay-gradient":""},"tablet":{"background-color":"","background-image":"","background-repeat":"repeat","background-position":"center center","background-size":"auto","background-attachment":"scroll","background-type":"","background-media":"","overlay-type":"","overlay-color":"","overlay-opacity":"","overlay-gradient":""},"mobile":{"background-color":"","background-image":"","background-repeat":"repeat","background-position":"center center","background-size":"auto","background-attachment":"scroll","background-type":"","background-media":"","overlay-type":"","overlay-color":"","overlay-opacity":"","overlay-gradient":""}},"ast-content-background-meta":{"desktop":{"background-color":"var(--ast-global-color-5)","background-image":"","background-repeat":"repeat","background-position":"center center","background-size":"auto","background-attachment":"scroll","background-type":"","background-media":"","overlay-type":"","overlay-color":"","overlay-opacity":"","overlay-gradient":""},"tablet":{"background-color":"var(--ast-global-color-5)","background-image":"","background-repeat":"repeat","background-position":"center center","background-size":"auto","background-attachment":"scroll","background-type":"","background-media":"","overlay-type":"","overlay-color":"","overlay-opacity":"","overlay-gradient":""},"mobile":{"background-color":"var(--ast-global-color-5)","background-image":"","background-repeat":"repeat","background-position":"center center","background-size":"auto","background-attachment":"scroll","background-type":"","background-media":"","overlay-type":"","overlay-color":"","overlay-opacity":"","overlay-gradient":""}},"footnotes":""},"categories":[1],"tags":[],"class_list":["post-2415","post","type-post","status-publish","format-standard","has-post-thumbnail","hentry","category-sem-categoria"],"acf":[],"yoast_head":"<!-- This site is optimized with the Yoast SEO plugin v26.9 - https:\/\/yoast.com\/product\/yoast-seo-wordpress\/ -->\n<title>Usisa\u00fade recebe nota m\u00e1xima no \u00cdndice de Desempenho da Sa\u00fade Suplementar - Vita - Sa\u00fade Ocupacional<\/title>\n<meta name=\"robots\" content=\"index, follow, max-snippet:-1, max-image-preview:large, max-video-preview:-1\" \/>\n<link rel=\"canonical\" href=\"https:\/\/www.fsfx.com.br\/ocupacional\/usisaude-recebe-nota-maxima-no-indice-de-desempenho-da-saude-suplementar\/\" \/>\n<meta property=\"og:locale\" content=\"pt_BR\" \/>\n<meta property=\"og:type\" content=\"article\" \/>\n<meta property=\"og:title\" content=\"Usisa\u00fade recebe nota m\u00e1xima no \u00cdndice de Desempenho da Sa\u00fade Suplementar - Vita - Sa\u00fade Ocupacional\" \/>\n<meta property=\"og:description\" content=\"Esta \u00e9 a 5\u00aa vez que a Operadora \u00e9 bem avaliada &nbsp; A Usisa\u00fade \u2013 Operadora de Planos de Sa\u00fade da Funda\u00e7\u00e3o s\u00e3o Francisco Xavier, recebeu, pelo quinto ano consecutivo,\u00a0a nota m\u00e1xima no \u00cdndice de Desempenho da Sa\u00fade Suplementar, IDSS \u2013 \u00cdndice de Desempenho da Sa\u00fade Suplementar, principal avalia\u00e7\u00e3o das operadoras de planos de sa\u00fade [&hellip;]\" \/>\n<meta property=\"og:url\" content=\"https:\/\/www.fsfx.com.br\/ocupacional\/usisaude-recebe-nota-maxima-no-indice-de-desempenho-da-saude-suplementar\/\" \/>\n<meta property=\"og:site_name\" content=\"Vita - Sa\u00fade Ocupacional\" \/>\n<meta property=\"article:published_time\" content=\"2023-01-20T11:43:08+00:00\" \/>\n<meta property=\"og:image\" content=\"https:\/\/www.fsfx.com.br\/ocupacional\/wp-content\/uploads\/sites\/3\/2023\/01\/foto.jpg\" \/>\n\t<meta property=\"og:image:width\" content=\"1600\" \/>\n\t<meta property=\"og:image:height\" content=\"1200\" \/>\n\t<meta property=\"og:image:type\" content=\"image\/jpeg\" \/>\n<meta name=\"author\" content=\"C\u00e1ssio Santana\" \/>\n<meta name=\"twitter:card\" content=\"summary_large_image\" \/>\n<meta name=\"twitter:label1\" content=\"Escrito por\" \/>\n\t<meta name=\"twitter:data1\" content=\"C\u00e1ssio Santana\" \/>\n\t<meta name=\"twitter:label2\" content=\"Est. tempo de leitura\" \/>\n\t<meta name=\"twitter:data2\" content=\"2 minutos\" \/>\n<script type=\"application\/ld+json\" class=\"yoast-schema-graph\">{\"@context\":\"https:\/\/schema.org\",\"@graph\":[{\"@type\":\"Article\",\"@id\":\"https:\/\/www.fsfx.com.br\/ocupacional\/usisaude-recebe-nota-maxima-no-indice-de-desempenho-da-saude-suplementar\/#article\",\"isPartOf\":{\"@id\":\"https:\/\/www.fsfx.com.br\/ocupacional\/usisaude-recebe-nota-maxima-no-indice-de-desempenho-da-saude-suplementar\/\"},\"author\":{\"name\":\"C\u00e1ssio Santana\",\"@id\":\"https:\/\/www.fsfx.com.br\/ocupacional\/#\/schema\/person\/6bf2cced2b7a5d5d78f5610fc8f52504\"},\"headline\":\"Usisa\u00fade recebe nota m\u00e1xima no \u00cdndice de Desempenho da Sa\u00fade Suplementar\",\"datePublished\":\"2023-01-20T11:43:08+00:00\",\"mainEntityOfPage\":{\"@id\":\"https:\/\/www.fsfx.com.br\/ocupacional\/usisaude-recebe-nota-maxima-no-indice-de-desempenho-da-saude-suplementar\/\"},\"wordCount\":390,\"commentCount\":0,\"publisher\":{\"@id\":\"https:\/\/www.fsfx.com.br\/ocupacional\/#organization\"},\"image\":{\"@id\":\"https:\/\/www.fsfx.com.br\/ocupacional\/usisaude-recebe-nota-maxima-no-indice-de-desempenho-da-saude-suplementar\/#primaryimage\"},\"thumbnailUrl\":\"https:\/\/www.fsfx.com.br\/ocupacional\/wp-content\/uploads\/sites\/3\/2023\/01\/foto.jpg\",\"inLanguage\":\"pt-BR\",\"potentialAction\":[{\"@type\":\"CommentAction\",\"name\":\"Comment\",\"target\":[\"https:\/\/www.fsfx.com.br\/ocupacional\/usisaude-recebe-nota-maxima-no-indice-de-desempenho-da-saude-suplementar\/#respond\"]}]},{\"@type\":\"WebPage\",\"@id\":\"https:\/\/www.fsfx.com.br\/ocupacional\/usisaude-recebe-nota-maxima-no-indice-de-desempenho-da-saude-suplementar\/\",\"url\":\"https:\/\/www.fsfx.com.br\/ocupacional\/usisaude-recebe-nota-maxima-no-indice-de-desempenho-da-saude-suplementar\/\",\"name\":\"Usisa\u00fade recebe nota m\u00e1xima no \u00cdndice de Desempenho da Sa\u00fade Suplementar - Vita - Sa\u00fade Ocupacional\",\"isPartOf\":{\"@id\":\"https:\/\/www.fsfx.com.br\/ocupacional\/#website\"},\"primaryImageOfPage\":{\"@id\":\"https:\/\/www.fsfx.com.br\/ocupacional\/usisaude-recebe-nota-maxima-no-indice-de-desempenho-da-saude-suplementar\/#primaryimage\"},\"image\":{\"@id\":\"https:\/\/www.fsfx.com.br\/ocupacional\/usisaude-recebe-nota-maxima-no-indice-de-desempenho-da-saude-suplementar\/#primaryimage\"},\"thumbnailUrl\":\"https:\/\/www.fsfx.com.br\/ocupacional\/wp-content\/uploads\/sites\/3\/2023\/01\/foto.jpg\",\"datePublished\":\"2023-01-20T11:43:08+00:00\",\"breadcrumb\":{\"@id\":\"https:\/\/www.fsfx.com.br\/ocupacional\/usisaude-recebe-nota-maxima-no-indice-de-desempenho-da-saude-suplementar\/#breadcrumb\"},\"inLanguage\":\"pt-BR\",\"potentialAction\":[{\"@type\":\"ReadAction\",\"target\":[\"https:\/\/www.fsfx.com.br\/ocupacional\/usisaude-recebe-nota-maxima-no-indice-de-desempenho-da-saude-suplementar\/\"]}]},{\"@type\":\"ImageObject\",\"inLanguage\":\"pt-BR\",\"@id\":\"https:\/\/www.fsfx.com.br\/ocupacional\/usisaude-recebe-nota-maxima-no-indice-de-desempenho-da-saude-suplementar\/#primaryimage\",\"url\":\"https:\/\/www.fsfx.com.br\/ocupacional\/wp-content\/uploads\/sites\/3\/2023\/01\/foto.jpg\",\"contentUrl\":\"https:\/\/www.fsfx.com.br\/ocupacional\/wp-content\/uploads\/sites\/3\/2023\/01\/foto.jpg\",\"width\":1600,\"height\":1200},{\"@type\":\"BreadcrumbList\",\"@id\":\"https:\/\/www.fsfx.com.br\/ocupacional\/usisaude-recebe-nota-maxima-no-indice-de-desempenho-da-saude-suplementar\/#breadcrumb\",\"itemListElement\":[{\"@type\":\"ListItem\",\"position\":1,\"name\":\"In\u00edcio\",\"item\":\"https:\/\/www.fsfx.com.br\/ocupacional\/\"},{\"@type\":\"ListItem\",\"position\":2,\"name\":\"Usisa\u00fade recebe nota m\u00e1xima no \u00cdndice de Desempenho da Sa\u00fade Suplementar\"}]},{\"@type\":\"WebSite\",\"@id\":\"https:\/\/www.fsfx.com.br\/ocupacional\/#website\",\"url\":\"https:\/\/www.fsfx.com.br\/ocupacional\/\",\"name\":\"Vita - Sa\u00fade Ocupacional\",\"description\":\"A Vita, realiza, desde 2006, presta\u00e7\u00e3o de servi\u00e7os especializados em sa\u00fade, seguran\u00e7a do Trabalho e Higiene Ocupacional.\",\"publisher\":{\"@id\":\"https:\/\/www.fsfx.com.br\/ocupacional\/#organization\"},\"potentialAction\":[{\"@type\":\"SearchAction\",\"target\":{\"@type\":\"EntryPoint\",\"urlTemplate\":\"https:\/\/www.fsfx.com.br\/ocupacional\/?s={search_term_string}\"},\"query-input\":{\"@type\":\"PropertyValueSpecification\",\"valueRequired\":true,\"valueName\":\"search_term_string\"}}],\"inLanguage\":\"pt-BR\"},{\"@type\":\"Organization\",\"@id\":\"https:\/\/www.fsfx.com.br\/ocupacional\/#organization\",\"name\":\"Vita - Solu\u00e7\u00f5es em Sa\u00fade Ocupacional\",\"url\":\"https:\/\/www.fsfx.com.br\/ocupacional\/\",\"logo\":{\"@type\":\"ImageObject\",\"inLanguage\":\"pt-BR\",\"@id\":\"https:\/\/www.fsfx.com.br\/ocupacional\/#\/schema\/logo\/image\/\",\"url\":\"https:\/\/www.fsfx.com.br\/ocupacional\/wp-content\/uploads\/sites\/3\/2022\/03\/logo-azul.png\",\"contentUrl\":\"https:\/\/www.fsfx.com.br\/ocupacional\/wp-content\/uploads\/sites\/3\/2022\/03\/logo-azul.png\",\"width\":547,\"height\":178,\"caption\":\"Vita - Solu\u00e7\u00f5es em Sa\u00fade Ocupacional\"},\"image\":{\"@id\":\"https:\/\/www.fsfx.com.br\/ocupacional\/#\/schema\/logo\/image\/\"}},{\"@type\":\"Person\",\"@id\":\"https:\/\/www.fsfx.com.br\/ocupacional\/#\/schema\/person\/6bf2cced2b7a5d5d78f5610fc8f52504\",\"name\":\"C\u00e1ssio Santana\",\"image\":{\"@type\":\"ImageObject\",\"inLanguage\":\"pt-BR\",\"@id\":\"https:\/\/www.fsfx.com.br\/ocupacional\/#\/schema\/person\/image\/\",\"url\":\"https:\/\/secure.gravatar.com\/avatar\/ef79739de3edd2f5c2e7c4930b0808c62af99fc5520eaadc7899948f8bc6d2e1?s=96&d=mm&r=g\",\"contentUrl\":\"https:\/\/secure.gravatar.com\/avatar\/ef79739de3edd2f5c2e7c4930b0808c62af99fc5520eaadc7899948f8bc6d2e1?s=96&d=mm&r=g\",\"caption\":\"C\u00e1ssio Santana\"},\"url\":\"https:\/\/www.fsfx.com.br\/ocupacional\/author\/cassio\/\"}]}<\/script>\n<!-- \/ Yoast SEO plugin. -->","yoast_head_json":{"title":"Usisa\u00fade recebe nota m\u00e1xima no \u00cdndice de Desempenho da Sa\u00fade Suplementar - Vita - Sa\u00fade Ocupacional","robots":{"index":"index","follow":"follow","max-snippet":"max-snippet:-1","max-image-preview":"max-image-preview:large","max-video-preview":"max-video-preview:-1"},"canonical":"https:\/\/www.fsfx.com.br\/ocupacional\/usisaude-recebe-nota-maxima-no-indice-de-desempenho-da-saude-suplementar\/","og_locale":"pt_BR","og_type":"article","og_title":"Usisa\u00fade recebe nota m\u00e1xima no \u00cdndice de Desempenho da Sa\u00fade Suplementar - Vita - Sa\u00fade Ocupacional","og_description":"Esta \u00e9 a 5\u00aa vez que a Operadora \u00e9 bem avaliada &nbsp; A Usisa\u00fade \u2013 Operadora de Planos de Sa\u00fade da Funda\u00e7\u00e3o s\u00e3o Francisco Xavier, recebeu, pelo quinto ano consecutivo,\u00a0a nota m\u00e1xima no \u00cdndice de Desempenho da Sa\u00fade Suplementar, IDSS \u2013 \u00cdndice de Desempenho da Sa\u00fade Suplementar, principal avalia\u00e7\u00e3o das operadoras de planos de sa\u00fade [&hellip;]","og_url":"https:\/\/www.fsfx.com.br\/ocupacional\/usisaude-recebe-nota-maxima-no-indice-de-desempenho-da-saude-suplementar\/","og_site_name":"Vita - Sa\u00fade Ocupacional","article_published_time":"2023-01-20T11:43:08+00:00","og_image":[{"width":1600,"height":1200,"url":"https:\/\/www.fsfx.com.br\/ocupacional\/wp-content\/uploads\/sites\/3\/2023\/01\/foto.jpg","type":"image\/jpeg"}],"author":"C\u00e1ssio Santana","twitter_card":"summary_large_image","twitter_misc":{"Escrito por":"C\u00e1ssio Santana","Est. tempo de leitura":"2 minutos"},"schema":{"@context":"https:\/\/schema.org","@graph":[{"@type":"Article","@id":"https:\/\/www.fsfx.com.br\/ocupacional\/usisaude-recebe-nota-maxima-no-indice-de-desempenho-da-saude-suplementar\/#article","isPartOf":{"@id":"https:\/\/www.fsfx.com.br\/ocupacional\/usisaude-recebe-nota-maxima-no-indice-de-desempenho-da-saude-suplementar\/"},"author":{"name":"C\u00e1ssio Santana","@id":"https:\/\/www.fsfx.com.br\/ocupacional\/#\/schema\/person\/6bf2cced2b7a5d5d78f5610fc8f52504"},"headline":"Usisa\u00fade recebe nota m\u00e1xima no \u00cdndice de Desempenho da Sa\u00fade Suplementar","datePublished":"2023-01-20T11:43:08+00:00","mainEntityOfPage":{"@id":"https:\/\/www.fsfx.com.br\/ocupacional\/usisaude-recebe-nota-maxima-no-indice-de-desempenho-da-saude-suplementar\/"},"wordCount":390,"commentCount":0,"publisher":{"@id":"https:\/\/www.fsfx.com.br\/ocupacional\/#organization"},"image":{"@id":"https:\/\/www.fsfx.com.br\/ocupacional\/usisaude-recebe-nota-maxima-no-indice-de-desempenho-da-saude-suplementar\/#primaryimage"},"thumbnailUrl":"https:\/\/www.fsfx.com.br\/ocupacional\/wp-content\/uploads\/sites\/3\/2023\/01\/foto.jpg","inLanguage":"pt-BR","potentialAction":[{"@type":"CommentAction","name":"Comment","target":["https:\/\/www.fsfx.com.br\/ocupacional\/usisaude-recebe-nota-maxima-no-indice-de-desempenho-da-saude-suplementar\/#respond"]}]},{"@type":"WebPage","@id":"https:\/\/www.fsfx.com.br\/ocupacional\/usisaude-recebe-nota-maxima-no-indice-de-desempenho-da-saude-suplementar\/","url":"https:\/\/www.fsfx.com.br\/ocupacional\/usisaude-recebe-nota-maxima-no-indice-de-desempenho-da-saude-suplementar\/","name":"Usisa\u00fade recebe nota m\u00e1xima no \u00cdndice de Desempenho da Sa\u00fade Suplementar - Vita - Sa\u00fade Ocupacional","isPartOf":{"@id":"https:\/\/www.fsfx.com.br\/ocupacional\/#website"},"primaryImageOfPage":{"@id":"https:\/\/www.fsfx.com.br\/ocupacional\/usisaude-recebe-nota-maxima-no-indice-de-desempenho-da-saude-suplementar\/#primaryimage"},"image":{"@id":"https:\/\/www.fsfx.com.br\/ocupacional\/usisaude-recebe-nota-maxima-no-indice-de-desempenho-da-saude-suplementar\/#primaryimage"},"thumbnailUrl":"https:\/\/www.fsfx.com.br\/ocupacional\/wp-content\/uploads\/sites\/3\/2023\/01\/foto.jpg","datePublished":"2023-01-20T11:43:08+00:00","breadcrumb":{"@id":"https:\/\/www.fsfx.com.br\/ocupacional\/usisaude-recebe-nota-maxima-no-indice-de-desempenho-da-saude-suplementar\/#breadcrumb"},"inLanguage":"pt-BR","potentialAction":[{"@type":"ReadAction","target":["https:\/\/www.fsfx.com.br\/ocupacional\/usisaude-recebe-nota-maxima-no-indice-de-desempenho-da-saude-suplementar\/"]}]},{"@type":"ImageObject","inLanguage":"pt-BR","@id":"https:\/\/www.fsfx.com.br\/ocupacional\/usisaude-recebe-nota-maxima-no-indice-de-desempenho-da-saude-suplementar\/#primaryimage","url":"https:\/\/www.fsfx.com.br\/ocupacional\/wp-content\/uploads\/sites\/3\/2023\/01\/foto.jpg","contentUrl":"https:\/\/www.fsfx.com.br\/ocupacional\/wp-content\/uploads\/sites\/3\/2023\/01\/foto.jpg","width":1600,"height":1200},{"@type":"BreadcrumbList","@id":"https:\/\/www.fsfx.com.br\/ocupacional\/usisaude-recebe-nota-maxima-no-indice-de-desempenho-da-saude-suplementar\/#breadcrumb","itemListElement":[{"@type":"ListItem","position":1,"name":"In\u00edcio","item":"https:\/\/www.fsfx.com.br\/ocupacional\/"},{"@type":"ListItem","position":2,"name":"Usisa\u00fade recebe nota m\u00e1xima no \u00cdndice de Desempenho da Sa\u00fade Suplementar"}]},{"@type":"WebSite","@id":"https:\/\/www.fsfx.com.br\/ocupacional\/#website","url":"https:\/\/www.fsfx.com.br\/ocupacional\/","name":"Vita - Sa\u00fade Ocupacional","description":"A Vita, realiza, desde 2006, presta\u00e7\u00e3o de servi\u00e7os especializados em sa\u00fade, seguran\u00e7a do Trabalho e Higiene Ocupacional.","publisher":{"@id":"https:\/\/www.fsfx.com.br\/ocupacional\/#organization"},"potentialAction":[{"@type":"SearchAction","target":{"@type":"EntryPoint","urlTemplate":"https:\/\/www.fsfx.com.br\/ocupacional\/?s={search_term_string}"},"query-input":{"@type":"PropertyValueSpecification","valueRequired":true,"valueName":"search_term_string"}}],"inLanguage":"pt-BR"},{"@type":"Organization","@id":"https:\/\/www.fsfx.com.br\/ocupacional\/#organization","name":"Vita - Solu\u00e7\u00f5es em Sa\u00fade Ocupacional","url":"https:\/\/www.fsfx.com.br\/ocupacional\/","logo":{"@type":"ImageObject","inLanguage":"pt-BR","@id":"https:\/\/www.fsfx.com.br\/ocupacional\/#\/schema\/logo\/image\/","url":"https:\/\/www.fsfx.com.br\/ocupacional\/wp-content\/uploads\/sites\/3\/2022\/03\/logo-azul.png","contentUrl":"https:\/\/www.fsfx.com.br\/ocupacional\/wp-content\/uploads\/sites\/3\/2022\/03\/logo-azul.png","width":547,"height":178,"caption":"Vita - Solu\u00e7\u00f5es em Sa\u00fade Ocupacional"},"image":{"@id":"https:\/\/www.fsfx.com.br\/ocupacional\/#\/schema\/logo\/image\/"}},{"@type":"Person","@id":"https:\/\/www.fsfx.com.br\/ocupacional\/#\/schema\/person\/6bf2cced2b7a5d5d78f5610fc8f52504","name":"C\u00e1ssio Santana","image":{"@type":"ImageObject","inLanguage":"pt-BR","@id":"https:\/\/www.fsfx.com.br\/ocupacional\/#\/schema\/person\/image\/","url":"https:\/\/secure.gravatar.com\/avatar\/ef79739de3edd2f5c2e7c4930b0808c62af99fc5520eaadc7899948f8bc6d2e1?s=96&d=mm&r=g","contentUrl":"https:\/\/secure.gravatar.com\/avatar\/ef79739de3edd2f5c2e7c4930b0808c62af99fc5520eaadc7899948f8bc6d2e1?s=96&d=mm&r=g","caption":"C\u00e1ssio Santana"},"url":"https:\/\/www.fsfx.com.br\/ocupacional\/author\/cassio\/"}]}},"_links":{"self":[{"href":"https:\/\/www.fsfx.com.br\/ocupacional\/wp-json\/wp\/v2\/posts\/2415","targetHints":{"allow":["GET"]}}],"collection":[{"href":"https:\/\/www.fsfx.com.br\/ocupacional\/wp-json\/wp\/v2\/posts"}],"about":[{"href":"https:\/\/www.fsfx.com.br\/ocupacional\/wp-json\/wp\/v2\/types\/post"}],"author":[{"embeddable":true,"href":"https:\/\/www.fsfx.com.br\/ocupacional\/wp-json\/wp\/v2\/users\/6"}],"replies":[{"embeddable":true,"href":"https:\/\/www.fsfx.com.br\/ocupacional\/wp-json\/wp\/v2\/comments?post=2415"}],"version-history":[{"count":0,"href":"https:\/\/www.fsfx.com.br\/ocupacional\/wp-json\/wp\/v2\/posts\/2415\/revisions"}],"wp:featuredmedia":[{"embeddable":true,"href":"https:\/\/www.fsfx.com.br\/ocupacional\/wp-json\/wp\/v2\/media\/2416"}],"wp:attachment":[{"href":"https:\/\/www.fsfx.com.br\/ocupacional\/wp-json\/wp\/v2\/media?parent=2415"}],"wp:term":[{"taxonomy":"category","embeddable":true,"href":"https:\/\/www.fsfx.com.br\/ocupacional\/wp-json\/wp\/v2\/categories?post=2415"},{"taxonomy":"post_tag","embeddable":true,"href":"https:\/\/www.fsfx.com.br\/ocupacional\/wp-json\/wp\/v2\/tags?post=2415"}],"curies":[{"name":"wp","href":"https:\/\/api.w.org\/{rel}","templated":true}]}}