{"id":2625,"date":"2023-03-20T10:38:51","date_gmt":"2023-03-20T13:38:51","guid":{"rendered":"https:\/\/www.fsfx.com.br\/ocupacional\/?p=2625"},"modified":"2023-03-20T10:38:51","modified_gmt":"2023-03-20T13:38:51","slug":"chegada-do-outono-aumenta-riscos-para-a-populacao-com-alergia-respiratoria-que-e-de-quase-30-no-brasil","status":"publish","type":"post","link":"https:\/\/www.fsfx.com.br\/ocupacional\/chegada-do-outono-aumenta-riscos-para-a-populacao-com-alergia-respiratoria-que-e-de-quase-30-no-brasil\/","title":{"rendered":"Chegada do outono aumenta riscos para a popula\u00e7\u00e3o com alergia respirat\u00f3ria, que \u00e9 de quase 30% no Brasil"},"content":{"rendered":"<p style=\"text-align: center\"><strong><em>In\u00edcio do tempo frio e seco afeta crian\u00e7as, idosos e pessoas com doen\u00e7as respirat\u00f3rias, como asma e rinite. Entenda as causas e saiba como se prevenir<\/em><\/strong><\/p>\n<p>A chegada do outono \u00e9 um momento de alerta para a sa\u00fade de muitos brasileiros. Crian\u00e7as, idosos e pessoas com doen\u00e7as respirat\u00f3rias tendem a sofrer de quadros al\u00e9rgicos com mais frequ\u00eancia durante o per\u00edodo mais seco do ano. Segundo a Associa\u00e7\u00e3o Brasileira de Alergia e Imunologia (ASBAI), cerca de 30% dos brasileiros t\u00eam alguma alergia respirat\u00f3ria. Essa condi\u00e7\u00e3o prejudica a qualidade de vida das pessoas com sintomas desconfort\u00e1veis, como coriza, congest\u00e3o nasal, tosse seca, chiado, falta de ar, entre outros.<\/p>\n<p>O cuidado com a sa\u00fade nessa \u00e9poca do ano deve ser redobrado para os portadores de doen\u00e7as respirat\u00f3rias. De acordo com a Organiza\u00e7\u00e3o Mundial da Sa\u00fade (OMS), a rinite afeta de 30% a 40% da popula\u00e7\u00e3o global. A entidade ainda classifica a asma como um grande problema de sa\u00fade no mundo. Segundo levantamento do Minist\u00e9rio da Sa\u00fade, mais de 20 milh\u00f5es de brasileiros s\u00e3o asm\u00e1ticos.<\/p>\n<figure id=\"attachment_12657\" aria-describedby=\"caption-attachment-12657\" style=\"width: 187px\" class=\"wp-caption alignleft\"><img fetchpriority=\"high\" decoding=\"async\" class=\" wp-image-12657\" src=\"https:\/\/www.fsfx.com.br\/wp-content\/uploads\/2023\/03\/Dr-Soraia-169x300.jpg\" alt=\"\" width=\"187\" height=\"332\" \/><figcaption id=\"caption-attachment-12657\" class=\"wp-caption-text\">Dra. Soraya Alves<\/figcaption><\/figure>\n<p>Diante desse cen\u00e1rio, a otorrinolaringologista da Usisa\u00fade, Soraya Alves, alerta para a import\u00e2ncia de prevenir as alergias respirat\u00f3rias. \u201cQuando o ambiente fica mais seco, os agentes al\u00e9rgenos e os fatores irritativos suspensos no ar se tornam mais evidentes\u201d, explica. A m\u00e9dica aponta que a umidade mais alta consegue retirar essas part\u00edculas do ambiente, mas que o tempo seco faz com que eles se difundam com mais facilidade. \u201cPor isso s\u00e3o comuns os quadros al\u00e9rgicos nessa \u00e9poca mais seca e fria do ano\u201d, completa.<\/p>\n<p><strong>Tratamento<\/strong><\/p>\n<p>Para tratar as alergias respirat\u00f3rias de forma adequada, \u00e9 preciso que um profissional de sa\u00fade estude a causa e indique a melhor forma de tratamento. As op\u00e7\u00f5es geralmente incluem procedimentos medicamentosos ou imunoter\u00e1picos, com vacinas de agentes al\u00e9rgenos.<\/p>\n<p>O engenheiro Fernando Marcos, de 42 anos, morador de Ipatinga, relata que faz uso di\u00e1rio de medica\u00e7\u00e3o protetora h\u00e1 mais de 15 anos. \u201cComo a minha alergia \u00e9 muito forte, minha otorrino intensifica a medica\u00e7\u00e3o de maio a setembro, que s\u00e3o os meses mais dif\u00edceis para mim\u201d, explica. O paciente conta que esse cuidado mudou bastante sua qualidade de vida. \u201cEu espirrava o dia todo nessa \u00e9poca do ano. Hoje estou muito bem controlado, tendo pouqu\u00edssimas crises, mesmo em ambientes mais irritativos\u201d, afirma.<\/p>\n<p><strong>Preven\u00e7\u00e3o no dia a dia<\/strong><\/p>\n<p>A higiene ambiental \u00e9 o principal cuidado preventivo contra as alergias respirat\u00f3rias. Manter a casa limpa e arejada, e evitar locais e objetos que acumulam muito res\u00edduo, como sof\u00e1s peludos, cortinas e tapetes, \u00e9 essencial. Outra boa op\u00e7\u00e3o \u00e9 umidificar o ambiente, com uso de umidificadores ou mantendo uma vasilha de \u00e1gua nos quartos e c\u00f4modos. Tudo isso diminui a chance dos agentes irritativos se dispersarem com mais facilidade\u201d, ensina Soraya.<\/p>\n<p>A lavagem nasal regular, com uso de solu\u00e7\u00f5es salinas, tamb\u00e9m \u00e9 \u00fatil para evitar quadros al\u00e9rgicos e reduzir os sintomas durante as crises, aprimorando a qualidade de vida do paciente. E para quem sofre de crises al\u00e9rgicas frequentes e prolongadas no outono e no inverno, tamb\u00e9m vale uma consulta com um especialista. \u201cDessa forma, \u00e9 poss\u00edvel chegar a um diagn\u00f3stico preciso e, quando necess\u00e1rio, fazer o tratamento profil\u00e1tico, com o intuito de proteger o paciente de novas crises\u201d, conclui Soraya Alves.<\/p>\n<p><strong>Alergias X Gripes<\/strong><\/p>\n<p>Com alguns sintomas parecidos, alergias, gripes e resfriados s\u00e3o, muitas vezes, confundidas pela popula\u00e7\u00e3o. \u201cEm geral, as alergias n\u00e3o v\u00eam acompanhadas de febre e dores no corpo\u201d, pontua a Dra. Soraya Alves. \u201cNo entanto, em caso de d\u00favida, vale buscar\u00a0orienta\u00e7\u00e3o m\u00e9dica\u201d, orienta.<\/p>\n<p>\u00c9 importante ficar atento \u00e0 dura\u00e7\u00e3o dos sintomas para distinguir um quadro do outro. As gripes tendem a durar entre cinco e sete dias, enquanto as alergias podem continuar, caso a exposi\u00e7\u00e3o aos agentes irritativos n\u00e3o for solucionada. De toda forma, o importante \u00e9 manter os cuidados b\u00e1sicos do dia a dia e, se houver crises mais intensas, buscar o atendimento m\u00e9dico para definir o tratamento mais indicado.<\/p>\n<p><strong>Sobre a Usisa<\/strong><strong>\u00fade<\/strong><\/p>\n<p>A Usisa\u00fade \u00e9 uma operadora de planos de sa\u00fade da Funda\u00e7\u00e3o S\u00e3o Francisco Xavier, que atua no segmento de sa\u00fade suplementar, ofertando planos de assist\u00eancia m\u00e9dica, odontol\u00f3gica, sa\u00fade ocupacional e transporte aerom\u00e9dico em v\u00e1rios estados brasileiros. Com 30 anos de mercado, \u00e9 a maior operadora filantr\u00f3pica do pa\u00eds e a mais renomada no Vale do A\u00e7o, com 60% de participa\u00e7\u00e3o de mercado na regi\u00e3o. Por cinco anos consecutivos, a Usisa\u00fade recebe a nota m\u00e1xima do IDSS (\u00cdndice de Desempenho da Sa\u00fade Suplementar), principal avalia\u00e7\u00e3o das operadoras de planos de sa\u00fade, feita pela Ag\u00eancia Nacional de Sa\u00fade Suplementar (ANS).<\/p>\n<p>\u00c9 pioneira no estado a alcan\u00e7ar a certifica\u00e7\u00e3o norma ISO 9001, e em 2022, foi certificada na RN 507 &#8211; N\u00edvel II (prata), norma da Ag\u00eancia Nacional de Sa\u00fade\u00a0Suplementar \u2013 ANS, que \u00e9 uma certifica\u00e7\u00e3o de boas pr\u00e1ticas para gest\u00e3o organizacional e gest\u00e3o em sa\u00fade cujo objetivo \u00e9 a qualifica\u00e7\u00e3o dos servi\u00e7os prestados pelas operadoras de planos de sa\u00fade.<\/p>\n","protected":false},"excerpt":{"rendered":"<p>In\u00edcio do tempo frio e seco afeta crian\u00e7as, idosos e pessoas com doen\u00e7as respirat\u00f3rias, como asma e rinite. Entenda as causas e saiba como se prevenir A chegada do outono \u00e9 um momento de alerta para a sa\u00fade de muitos brasileiros. Crian\u00e7as, idosos e pessoas com doen\u00e7as respirat\u00f3rias tendem a sofrer de quadros al\u00e9rgicos com [&hellip;]<\/p>\n","protected":false},"author":6,"featured_media":0,"comment_status":"open","ping_status":"open","sticky":false,"template":"","format":"standard","meta":{"_acf_changed":false,"site-sidebar-layout":"default","site-content-layout":"","ast-site-content-layout":"default","site-content-style":"default","site-sidebar-style":"default","ast-global-header-display":"","ast-banner-title-visibility":"","ast-main-header-display":"","ast-hfb-above-header-display":"","ast-hfb-below-header-display":"","ast-hfb-mobile-header-display":"","site-post-title":"","ast-breadcrumbs-content":"","ast-featured-img":"","footer-sml-layout":"","theme-transparent-header-meta":"","adv-header-id-meta":"","stick-header-meta":"","header-above-stick-meta":"","header-main-stick-meta":"","header-below-stick-meta":"","astra-migrate-meta-layouts":"default","ast-page-background-enabled":"default","ast-page-background-meta":{"desktop":{"background-color":"var(--ast-global-color-4)","background-image":"","background-repeat":"repeat","background-position":"center center","background-size":"auto","background-attachment":"scroll","background-type":"","background-media":"","overlay-type":"","overlay-color":"","overlay-opacity":"","overlay-gradient":""},"tablet":{"background-color":"","background-image":"","background-repeat":"repeat","background-position":"center center","background-size":"auto","background-attachment":"scroll","background-type":"","background-media":"","overlay-type":"","overlay-color":"","overlay-opacity":"","overlay-gradient":""},"mobile":{"background-color":"","background-image":"","background-repeat":"repeat","background-position":"center center","background-size":"auto","background-attachment":"scroll","background-type":"","background-media":"","overlay-type":"","overlay-color":"","overlay-opacity":"","overlay-gradient":""}},"ast-content-background-meta":{"desktop":{"background-color":"var(--ast-global-color-5)","background-image":"","background-repeat":"repeat","background-position":"center center","background-size":"auto","background-attachment":"scroll","background-type":"","background-media":"","overlay-type":"","overlay-color":"","overlay-opacity":"","overlay-gradient":""},"tablet":{"background-color":"var(--ast-global-color-5)","background-image":"","background-repeat":"repeat","background-position":"center center","background-size":"auto","background-attachment":"scroll","background-type":"","background-media":"","overlay-type":"","overlay-color":"","overlay-opacity":"","overlay-gradient":""},"mobile":{"background-color":"var(--ast-global-color-5)","background-image":"","background-repeat":"repeat","background-position":"center center","background-size":"auto","background-attachment":"scroll","background-type":"","background-media":"","overlay-type":"","overlay-color":"","overlay-opacity":"","overlay-gradient":""}},"footnotes":""},"categories":[1],"tags":[],"class_list":["post-2625","post","type-post","status-publish","format-standard","hentry","category-sem-categoria"],"acf":[],"yoast_head":"<!-- This site is optimized with the Yoast SEO plugin v26.9 - https:\/\/yoast.com\/product\/yoast-seo-wordpress\/ -->\n<title>Chegada do outono aumenta riscos para a popula\u00e7\u00e3o com alergia respirat\u00f3ria, que \u00e9 de quase 30% no Brasil - Vita - Sa\u00fade Ocupacional<\/title>\n<meta name=\"robots\" content=\"index, follow, max-snippet:-1, max-image-preview:large, max-video-preview:-1\" \/>\n<link rel=\"canonical\" href=\"https:\/\/www.fsfx.com.br\/ocupacional\/chegada-do-outono-aumenta-riscos-para-a-populacao-com-alergia-respiratoria-que-e-de-quase-30-no-brasil\/\" \/>\n<meta property=\"og:locale\" content=\"pt_BR\" \/>\n<meta property=\"og:type\" content=\"article\" \/>\n<meta property=\"og:title\" content=\"Chegada do outono aumenta riscos para a popula\u00e7\u00e3o com alergia respirat\u00f3ria, que \u00e9 de quase 30% no Brasil - Vita - Sa\u00fade Ocupacional\" \/>\n<meta property=\"og:description\" content=\"In\u00edcio do tempo frio e seco afeta crian\u00e7as, idosos e pessoas com doen\u00e7as respirat\u00f3rias, como asma e rinite. Entenda as causas e saiba como se prevenir A chegada do outono \u00e9 um momento de alerta para a sa\u00fade de muitos brasileiros. Crian\u00e7as, idosos e pessoas com doen\u00e7as respirat\u00f3rias tendem a sofrer de quadros al\u00e9rgicos com [&hellip;]\" \/>\n<meta property=\"og:url\" content=\"https:\/\/www.fsfx.com.br\/ocupacional\/chegada-do-outono-aumenta-riscos-para-a-populacao-com-alergia-respiratoria-que-e-de-quase-30-no-brasil\/\" \/>\n<meta property=\"og:site_name\" content=\"Vita - Sa\u00fade Ocupacional\" \/>\n<meta property=\"article:published_time\" content=\"2023-03-20T13:38:51+00:00\" \/>\n<meta property=\"og:image\" content=\"https:\/\/www.fsfx.com.br\/wp-content\/uploads\/2023\/03\/Dr-Soraia-169x300.jpg\" \/>\n<meta name=\"author\" content=\"C\u00e1ssio Santana\" \/>\n<meta name=\"twitter:card\" content=\"summary_large_image\" \/>\n<meta name=\"twitter:label1\" content=\"Escrito por\" \/>\n\t<meta name=\"twitter:data1\" content=\"C\u00e1ssio Santana\" \/>\n\t<meta name=\"twitter:label2\" content=\"Est. tempo de leitura\" \/>\n\t<meta name=\"twitter:data2\" content=\"5 minutos\" \/>\n<script type=\"application\/ld+json\" class=\"yoast-schema-graph\">{\"@context\":\"https:\/\/schema.org\",\"@graph\":[{\"@type\":\"Article\",\"@id\":\"https:\/\/www.fsfx.com.br\/ocupacional\/chegada-do-outono-aumenta-riscos-para-a-populacao-com-alergia-respiratoria-que-e-de-quase-30-no-brasil\/#article\",\"isPartOf\":{\"@id\":\"https:\/\/www.fsfx.com.br\/ocupacional\/chegada-do-outono-aumenta-riscos-para-a-populacao-com-alergia-respiratoria-que-e-de-quase-30-no-brasil\/\"},\"author\":{\"name\":\"C\u00e1ssio Santana\",\"@id\":\"https:\/\/www.fsfx.com.br\/ocupacional\/#\/schema\/person\/6bf2cced2b7a5d5d78f5610fc8f52504\"},\"headline\":\"Chegada do outono aumenta riscos para a popula\u00e7\u00e3o com alergia respirat\u00f3ria, que \u00e9 de quase 30% no Brasil\",\"datePublished\":\"2023-03-20T13:38:51+00:00\",\"mainEntityOfPage\":{\"@id\":\"https:\/\/www.fsfx.com.br\/ocupacional\/chegada-do-outono-aumenta-riscos-para-a-populacao-com-alergia-respiratoria-que-e-de-quase-30-no-brasil\/\"},\"wordCount\":921,\"commentCount\":0,\"publisher\":{\"@id\":\"https:\/\/www.fsfx.com.br\/ocupacional\/#organization\"},\"image\":{\"@id\":\"https:\/\/www.fsfx.com.br\/ocupacional\/chegada-do-outono-aumenta-riscos-para-a-populacao-com-alergia-respiratoria-que-e-de-quase-30-no-brasil\/#primaryimage\"},\"thumbnailUrl\":\"https:\/\/www.fsfx.com.br\/wp-content\/uploads\/2023\/03\/Dr-Soraia-169x300.jpg\",\"inLanguage\":\"pt-BR\",\"potentialAction\":[{\"@type\":\"CommentAction\",\"name\":\"Comment\",\"target\":[\"https:\/\/www.fsfx.com.br\/ocupacional\/chegada-do-outono-aumenta-riscos-para-a-populacao-com-alergia-respiratoria-que-e-de-quase-30-no-brasil\/#respond\"]}]},{\"@type\":\"WebPage\",\"@id\":\"https:\/\/www.fsfx.com.br\/ocupacional\/chegada-do-outono-aumenta-riscos-para-a-populacao-com-alergia-respiratoria-que-e-de-quase-30-no-brasil\/\",\"url\":\"https:\/\/www.fsfx.com.br\/ocupacional\/chegada-do-outono-aumenta-riscos-para-a-populacao-com-alergia-respiratoria-que-e-de-quase-30-no-brasil\/\",\"name\":\"Chegada do outono aumenta riscos para a popula\u00e7\u00e3o com alergia respirat\u00f3ria, que \u00e9 de quase 30% no Brasil - Vita - Sa\u00fade Ocupacional\",\"isPartOf\":{\"@id\":\"https:\/\/www.fsfx.com.br\/ocupacional\/#website\"},\"primaryImageOfPage\":{\"@id\":\"https:\/\/www.fsfx.com.br\/ocupacional\/chegada-do-outono-aumenta-riscos-para-a-populacao-com-alergia-respiratoria-que-e-de-quase-30-no-brasil\/#primaryimage\"},\"image\":{\"@id\":\"https:\/\/www.fsfx.com.br\/ocupacional\/chegada-do-outono-aumenta-riscos-para-a-populacao-com-alergia-respiratoria-que-e-de-quase-30-no-brasil\/#primaryimage\"},\"thumbnailUrl\":\"https:\/\/www.fsfx.com.br\/wp-content\/uploads\/2023\/03\/Dr-Soraia-169x300.jpg\",\"datePublished\":\"2023-03-20T13:38:51+00:00\",\"breadcrumb\":{\"@id\":\"https:\/\/www.fsfx.com.br\/ocupacional\/chegada-do-outono-aumenta-riscos-para-a-populacao-com-alergia-respiratoria-que-e-de-quase-30-no-brasil\/#breadcrumb\"},\"inLanguage\":\"pt-BR\",\"potentialAction\":[{\"@type\":\"ReadAction\",\"target\":[\"https:\/\/www.fsfx.com.br\/ocupacional\/chegada-do-outono-aumenta-riscos-para-a-populacao-com-alergia-respiratoria-que-e-de-quase-30-no-brasil\/\"]}]},{\"@type\":\"ImageObject\",\"inLanguage\":\"pt-BR\",\"@id\":\"https:\/\/www.fsfx.com.br\/ocupacional\/chegada-do-outono-aumenta-riscos-para-a-populacao-com-alergia-respiratoria-que-e-de-quase-30-no-brasil\/#primaryimage\",\"url\":\"https:\/\/www.fsfx.com.br\/wp-content\/uploads\/2023\/03\/Dr-Soraia-169x300.jpg\",\"contentUrl\":\"https:\/\/www.fsfx.com.br\/wp-content\/uploads\/2023\/03\/Dr-Soraia-169x300.jpg\"},{\"@type\":\"BreadcrumbList\",\"@id\":\"https:\/\/www.fsfx.com.br\/ocupacional\/chegada-do-outono-aumenta-riscos-para-a-populacao-com-alergia-respiratoria-que-e-de-quase-30-no-brasil\/#breadcrumb\",\"itemListElement\":[{\"@type\":\"ListItem\",\"position\":1,\"name\":\"In\u00edcio\",\"item\":\"https:\/\/www.fsfx.com.br\/ocupacional\/\"},{\"@type\":\"ListItem\",\"position\":2,\"name\":\"Chegada do outono aumenta riscos para a popula\u00e7\u00e3o com alergia respirat\u00f3ria, que \u00e9 de quase 30% no Brasil\"}]},{\"@type\":\"WebSite\",\"@id\":\"https:\/\/www.fsfx.com.br\/ocupacional\/#website\",\"url\":\"https:\/\/www.fsfx.com.br\/ocupacional\/\",\"name\":\"Vita - Sa\u00fade Ocupacional\",\"description\":\"A Vita, realiza, desde 2006, presta\u00e7\u00e3o de servi\u00e7os especializados em sa\u00fade, seguran\u00e7a do Trabalho e Higiene Ocupacional.\",\"publisher\":{\"@id\":\"https:\/\/www.fsfx.com.br\/ocupacional\/#organization\"},\"potentialAction\":[{\"@type\":\"SearchAction\",\"target\":{\"@type\":\"EntryPoint\",\"urlTemplate\":\"https:\/\/www.fsfx.com.br\/ocupacional\/?s={search_term_string}\"},\"query-input\":{\"@type\":\"PropertyValueSpecification\",\"valueRequired\":true,\"valueName\":\"search_term_string\"}}],\"inLanguage\":\"pt-BR\"},{\"@type\":\"Organization\",\"@id\":\"https:\/\/www.fsfx.com.br\/ocupacional\/#organization\",\"name\":\"Vita - Solu\u00e7\u00f5es em Sa\u00fade Ocupacional\",\"url\":\"https:\/\/www.fsfx.com.br\/ocupacional\/\",\"logo\":{\"@type\":\"ImageObject\",\"inLanguage\":\"pt-BR\",\"@id\":\"https:\/\/www.fsfx.com.br\/ocupacional\/#\/schema\/logo\/image\/\",\"url\":\"https:\/\/www.fsfx.com.br\/ocupacional\/wp-content\/uploads\/sites\/3\/2022\/03\/logo-azul.png\",\"contentUrl\":\"https:\/\/www.fsfx.com.br\/ocupacional\/wp-content\/uploads\/sites\/3\/2022\/03\/logo-azul.png\",\"width\":547,\"height\":178,\"caption\":\"Vita - Solu\u00e7\u00f5es em Sa\u00fade Ocupacional\"},\"image\":{\"@id\":\"https:\/\/www.fsfx.com.br\/ocupacional\/#\/schema\/logo\/image\/\"}},{\"@type\":\"Person\",\"@id\":\"https:\/\/www.fsfx.com.br\/ocupacional\/#\/schema\/person\/6bf2cced2b7a5d5d78f5610fc8f52504\",\"name\":\"C\u00e1ssio Santana\",\"image\":{\"@type\":\"ImageObject\",\"inLanguage\":\"pt-BR\",\"@id\":\"https:\/\/www.fsfx.com.br\/ocupacional\/#\/schema\/person\/image\/\",\"url\":\"https:\/\/secure.gravatar.com\/avatar\/ef79739de3edd2f5c2e7c4930b0808c62af99fc5520eaadc7899948f8bc6d2e1?s=96&d=mm&r=g\",\"contentUrl\":\"https:\/\/secure.gravatar.com\/avatar\/ef79739de3edd2f5c2e7c4930b0808c62af99fc5520eaadc7899948f8bc6d2e1?s=96&d=mm&r=g\",\"caption\":\"C\u00e1ssio Santana\"},\"url\":\"https:\/\/www.fsfx.com.br\/ocupacional\/author\/cassio\/\"}]}<\/script>\n<!-- \/ Yoast SEO plugin. -->","yoast_head_json":{"title":"Chegada do outono aumenta riscos para a popula\u00e7\u00e3o com alergia respirat\u00f3ria, que \u00e9 de quase 30% no Brasil - Vita - Sa\u00fade Ocupacional","robots":{"index":"index","follow":"follow","max-snippet":"max-snippet:-1","max-image-preview":"max-image-preview:large","max-video-preview":"max-video-preview:-1"},"canonical":"https:\/\/www.fsfx.com.br\/ocupacional\/chegada-do-outono-aumenta-riscos-para-a-populacao-com-alergia-respiratoria-que-e-de-quase-30-no-brasil\/","og_locale":"pt_BR","og_type":"article","og_title":"Chegada do outono aumenta riscos para a popula\u00e7\u00e3o com alergia respirat\u00f3ria, que \u00e9 de quase 30% no Brasil - Vita - Sa\u00fade Ocupacional","og_description":"In\u00edcio do tempo frio e seco afeta crian\u00e7as, idosos e pessoas com doen\u00e7as respirat\u00f3rias, como asma e rinite. Entenda as causas e saiba como se prevenir A chegada do outono \u00e9 um momento de alerta para a sa\u00fade de muitos brasileiros. Crian\u00e7as, idosos e pessoas com doen\u00e7as respirat\u00f3rias tendem a sofrer de quadros al\u00e9rgicos com [&hellip;]","og_url":"https:\/\/www.fsfx.com.br\/ocupacional\/chegada-do-outono-aumenta-riscos-para-a-populacao-com-alergia-respiratoria-que-e-de-quase-30-no-brasil\/","og_site_name":"Vita - Sa\u00fade Ocupacional","article_published_time":"2023-03-20T13:38:51+00:00","og_image":[{"url":"https:\/\/www.fsfx.com.br\/wp-content\/uploads\/2023\/03\/Dr-Soraia-169x300.jpg","type":"","width":"","height":""}],"author":"C\u00e1ssio Santana","twitter_card":"summary_large_image","twitter_misc":{"Escrito por":"C\u00e1ssio Santana","Est. tempo de leitura":"5 minutos"},"schema":{"@context":"https:\/\/schema.org","@graph":[{"@type":"Article","@id":"https:\/\/www.fsfx.com.br\/ocupacional\/chegada-do-outono-aumenta-riscos-para-a-populacao-com-alergia-respiratoria-que-e-de-quase-30-no-brasil\/#article","isPartOf":{"@id":"https:\/\/www.fsfx.com.br\/ocupacional\/chegada-do-outono-aumenta-riscos-para-a-populacao-com-alergia-respiratoria-que-e-de-quase-30-no-brasil\/"},"author":{"name":"C\u00e1ssio Santana","@id":"https:\/\/www.fsfx.com.br\/ocupacional\/#\/schema\/person\/6bf2cced2b7a5d5d78f5610fc8f52504"},"headline":"Chegada do outono aumenta riscos para a popula\u00e7\u00e3o com alergia respirat\u00f3ria, que \u00e9 de quase 30% no Brasil","datePublished":"2023-03-20T13:38:51+00:00","mainEntityOfPage":{"@id":"https:\/\/www.fsfx.com.br\/ocupacional\/chegada-do-outono-aumenta-riscos-para-a-populacao-com-alergia-respiratoria-que-e-de-quase-30-no-brasil\/"},"wordCount":921,"commentCount":0,"publisher":{"@id":"https:\/\/www.fsfx.com.br\/ocupacional\/#organization"},"image":{"@id":"https:\/\/www.fsfx.com.br\/ocupacional\/chegada-do-outono-aumenta-riscos-para-a-populacao-com-alergia-respiratoria-que-e-de-quase-30-no-brasil\/#primaryimage"},"thumbnailUrl":"https:\/\/www.fsfx.com.br\/wp-content\/uploads\/2023\/03\/Dr-Soraia-169x300.jpg","inLanguage":"pt-BR","potentialAction":[{"@type":"CommentAction","name":"Comment","target":["https:\/\/www.fsfx.com.br\/ocupacional\/chegada-do-outono-aumenta-riscos-para-a-populacao-com-alergia-respiratoria-que-e-de-quase-30-no-brasil\/#respond"]}]},{"@type":"WebPage","@id":"https:\/\/www.fsfx.com.br\/ocupacional\/chegada-do-outono-aumenta-riscos-para-a-populacao-com-alergia-respiratoria-que-e-de-quase-30-no-brasil\/","url":"https:\/\/www.fsfx.com.br\/ocupacional\/chegada-do-outono-aumenta-riscos-para-a-populacao-com-alergia-respiratoria-que-e-de-quase-30-no-brasil\/","name":"Chegada do outono aumenta riscos para a popula\u00e7\u00e3o com alergia respirat\u00f3ria, que \u00e9 de quase 30% no Brasil - Vita - Sa\u00fade Ocupacional","isPartOf":{"@id":"https:\/\/www.fsfx.com.br\/ocupacional\/#website"},"primaryImageOfPage":{"@id":"https:\/\/www.fsfx.com.br\/ocupacional\/chegada-do-outono-aumenta-riscos-para-a-populacao-com-alergia-respiratoria-que-e-de-quase-30-no-brasil\/#primaryimage"},"image":{"@id":"https:\/\/www.fsfx.com.br\/ocupacional\/chegada-do-outono-aumenta-riscos-para-a-populacao-com-alergia-respiratoria-que-e-de-quase-30-no-brasil\/#primaryimage"},"thumbnailUrl":"https:\/\/www.fsfx.com.br\/wp-content\/uploads\/2023\/03\/Dr-Soraia-169x300.jpg","datePublished":"2023-03-20T13:38:51+00:00","breadcrumb":{"@id":"https:\/\/www.fsfx.com.br\/ocupacional\/chegada-do-outono-aumenta-riscos-para-a-populacao-com-alergia-respiratoria-que-e-de-quase-30-no-brasil\/#breadcrumb"},"inLanguage":"pt-BR","potentialAction":[{"@type":"ReadAction","target":["https:\/\/www.fsfx.com.br\/ocupacional\/chegada-do-outono-aumenta-riscos-para-a-populacao-com-alergia-respiratoria-que-e-de-quase-30-no-brasil\/"]}]},{"@type":"ImageObject","inLanguage":"pt-BR","@id":"https:\/\/www.fsfx.com.br\/ocupacional\/chegada-do-outono-aumenta-riscos-para-a-populacao-com-alergia-respiratoria-que-e-de-quase-30-no-brasil\/#primaryimage","url":"https:\/\/www.fsfx.com.br\/wp-content\/uploads\/2023\/03\/Dr-Soraia-169x300.jpg","contentUrl":"https:\/\/www.fsfx.com.br\/wp-content\/uploads\/2023\/03\/Dr-Soraia-169x300.jpg"},{"@type":"BreadcrumbList","@id":"https:\/\/www.fsfx.com.br\/ocupacional\/chegada-do-outono-aumenta-riscos-para-a-populacao-com-alergia-respiratoria-que-e-de-quase-30-no-brasil\/#breadcrumb","itemListElement":[{"@type":"ListItem","position":1,"name":"In\u00edcio","item":"https:\/\/www.fsfx.com.br\/ocupacional\/"},{"@type":"ListItem","position":2,"name":"Chegada do outono aumenta riscos para a popula\u00e7\u00e3o com alergia respirat\u00f3ria, que \u00e9 de quase 30% no Brasil"}]},{"@type":"WebSite","@id":"https:\/\/www.fsfx.com.br\/ocupacional\/#website","url":"https:\/\/www.fsfx.com.br\/ocupacional\/","name":"Vita - Sa\u00fade Ocupacional","description":"A Vita, realiza, desde 2006, presta\u00e7\u00e3o de servi\u00e7os especializados em sa\u00fade, seguran\u00e7a do Trabalho e Higiene Ocupacional.","publisher":{"@id":"https:\/\/www.fsfx.com.br\/ocupacional\/#organization"},"potentialAction":[{"@type":"SearchAction","target":{"@type":"EntryPoint","urlTemplate":"https:\/\/www.fsfx.com.br\/ocupacional\/?s={search_term_string}"},"query-input":{"@type":"PropertyValueSpecification","valueRequired":true,"valueName":"search_term_string"}}],"inLanguage":"pt-BR"},{"@type":"Organization","@id":"https:\/\/www.fsfx.com.br\/ocupacional\/#organization","name":"Vita - Solu\u00e7\u00f5es em Sa\u00fade Ocupacional","url":"https:\/\/www.fsfx.com.br\/ocupacional\/","logo":{"@type":"ImageObject","inLanguage":"pt-BR","@id":"https:\/\/www.fsfx.com.br\/ocupacional\/#\/schema\/logo\/image\/","url":"https:\/\/www.fsfx.com.br\/ocupacional\/wp-content\/uploads\/sites\/3\/2022\/03\/logo-azul.png","contentUrl":"https:\/\/www.fsfx.com.br\/ocupacional\/wp-content\/uploads\/sites\/3\/2022\/03\/logo-azul.png","width":547,"height":178,"caption":"Vita - Solu\u00e7\u00f5es em Sa\u00fade Ocupacional"},"image":{"@id":"https:\/\/www.fsfx.com.br\/ocupacional\/#\/schema\/logo\/image\/"}},{"@type":"Person","@id":"https:\/\/www.fsfx.com.br\/ocupacional\/#\/schema\/person\/6bf2cced2b7a5d5d78f5610fc8f52504","name":"C\u00e1ssio Santana","image":{"@type":"ImageObject","inLanguage":"pt-BR","@id":"https:\/\/www.fsfx.com.br\/ocupacional\/#\/schema\/person\/image\/","url":"https:\/\/secure.gravatar.com\/avatar\/ef79739de3edd2f5c2e7c4930b0808c62af99fc5520eaadc7899948f8bc6d2e1?s=96&d=mm&r=g","contentUrl":"https:\/\/secure.gravatar.com\/avatar\/ef79739de3edd2f5c2e7c4930b0808c62af99fc5520eaadc7899948f8bc6d2e1?s=96&d=mm&r=g","caption":"C\u00e1ssio Santana"},"url":"https:\/\/www.fsfx.com.br\/ocupacional\/author\/cassio\/"}]}},"_links":{"self":[{"href":"https:\/\/www.fsfx.com.br\/ocupacional\/wp-json\/wp\/v2\/posts\/2625","targetHints":{"allow":["GET"]}}],"collection":[{"href":"https:\/\/www.fsfx.com.br\/ocupacional\/wp-json\/wp\/v2\/posts"}],"about":[{"href":"https:\/\/www.fsfx.com.br\/ocupacional\/wp-json\/wp\/v2\/types\/post"}],"author":[{"embeddable":true,"href":"https:\/\/www.fsfx.com.br\/ocupacional\/wp-json\/wp\/v2\/users\/6"}],"replies":[{"embeddable":true,"href":"https:\/\/www.fsfx.com.br\/ocupacional\/wp-json\/wp\/v2\/comments?post=2625"}],"version-history":[{"count":1,"href":"https:\/\/www.fsfx.com.br\/ocupacional\/wp-json\/wp\/v2\/posts\/2625\/revisions"}],"predecessor-version":[{"id":2627,"href":"https:\/\/www.fsfx.com.br\/ocupacional\/wp-json\/wp\/v2\/posts\/2625\/revisions\/2627"}],"wp:attachment":[{"href":"https:\/\/www.fsfx.com.br\/ocupacional\/wp-json\/wp\/v2\/media?parent=2625"}],"wp:term":[{"taxonomy":"category","embeddable":true,"href":"https:\/\/www.fsfx.com.br\/ocupacional\/wp-json\/wp\/v2\/categories?post=2625"},{"taxonomy":"post_tag","embeddable":true,"href":"https:\/\/www.fsfx.com.br\/ocupacional\/wp-json\/wp\/v2\/tags?post=2625"}],"curies":[{"name":"wp","href":"https:\/\/api.w.org\/{rel}","templated":true}]}}