{"id":2631,"date":"2023-07-05T09:54:15","date_gmt":"2023-07-05T12:54:15","guid":{"rendered":"https:\/\/www.fsfx.com.br\/ocupacional\/?p=2631"},"modified":"2023-07-05T09:54:15","modified_gmt":"2023-07-05T12:54:15","slug":"fundacao-sao-francisco-xavier-divulga-relatorio-de-sustentabilidade-2022","status":"publish","type":"post","link":"https:\/\/www.fsfx.com.br\/ocupacional\/fundacao-sao-francisco-xavier-divulga-relatorio-de-sustentabilidade-2022\/","title":{"rendered":"Funda\u00e7\u00e3o S\u00e3o Francisco Xavier divulga Relat\u00f3rio de Sustentabilidade 2022"},"content":{"rendered":"<p>Como forma de evidenciar as a\u00e7\u00f5es desenvolvidas e os resultados alcan\u00e7ados ao longo do \u00faltimo ano, a Funda\u00e7\u00e3o S\u00e3o Francisco Xavier &#8211; FSFX, entidade beneficente de assist\u00eancia social, apresenta o Relat\u00f3rio de Sustentabilidade 2022. A publica\u00e7\u00e3o traz indicadores socioambientais, econ\u00f4micos e as principais informa\u00e7\u00f5es sobre o desempenho e pr\u00e1ticas de gest\u00e3o realizadas pela Institui\u00e7\u00e3o. Em resumo, no ano de 2022, a Institui\u00e7\u00e3o manteve investimentos em tecnologia, em novos postos de atendimento, na implementa\u00e7\u00e3o de normas e processos e no desenvolvimento de pessoas, buscando um progresso cont\u00ednuo na excel\u00eancia dos servi\u00e7os prestados. O documento foi produzido com base nas normas do GRI \u2013 (Global Reporting Initiative) e est\u00e1 dispon\u00edvel no <a href=\"https:\/\/www.fsfx.com.br\/relatorio-de-sustentabilidade\/\">site<\/a> da FSFX, onde pode ser consultado em sua vers\u00e3o digital.<\/p>\n<p><strong>Expans\u00e3o da assist\u00eancia<\/strong><\/p>\n<p>Em termos de expans\u00e3o e manuten\u00e7\u00e3o da assist\u00eancia, em 2022, a Funda\u00e7\u00e3o iniciou as atividades no Centro M\u00e9dico da Usisa\u00fade, na Baixada Santista (SP), e inaugurou o Centro de Terapia Renal Substitutiva da FSFX, em Tim\u00f3teo (MG), que representa um progresso no tratamento de doen\u00e7as renais cr\u00f4nicas a pacientes da regi\u00e3o, com aporte de R$ 10 milh\u00f5es. A implanta\u00e7\u00e3o pioneira do software \u201cDr. Marvin\u201d, que recorre a t\u00e9cnicas de intelig\u00eancia artificial para a an\u00e1lise de contas e auditoria m\u00e9dica, tamb\u00e9m foi destaque entre as a\u00e7\u00f5es desenvolvidas no leste de Minas.<\/p>\n<p><strong>Inova\u00e7\u00e3o<\/strong><\/p>\n<p>Em 2022, a incorpora\u00e7\u00e3o tecnol\u00f3gica seguiu como estrat\u00e9gia recorrente no processo de evolu\u00e7\u00e3o da Funda\u00e7\u00e3o, com impactos positivos na experi\u00eancia do cliente. A pr\u00e1tica de parcerias com startups refor\u00e7a um espa\u00e7o aberto \u00e0 inova\u00e7\u00e3o consolidado dentro da Institui\u00e7\u00e3o. Somente em 2022, a Funda\u00e7\u00e3o iniciou projetos em frentes distintas, viabilizando a constru\u00e7\u00e3o de BI gerenciais e operacionais, assim como a gamifica\u00e7\u00e3o para a promo\u00e7\u00e3o da sa\u00fade, a automatiza\u00e7\u00e3o dos processos relacionados \u00e0 linha de cuidado do paciente, al\u00e9m da evolu\u00e7\u00e3o da gest\u00e3o de pesquisa de satisfa\u00e7\u00e3o dos clientes. Nas unidades de servi\u00e7o, a implanta\u00e7\u00e3o do Portal Digital do Cliente, de totens de autosservi\u00e7o; de evolu\u00e7\u00f5es no Portal do Fornecedor, de atualiza\u00e7\u00e3o nos sistemas de diagn\u00f3stico por imagem, tamb\u00e9m foram estabelecidas.<\/p>\n<p><strong>Qualidade<\/strong><\/p>\n<p>O ano tamb\u00e9m foi de avan\u00e7o na Ger\u00eancia de Qualidade, que passou por uma reestrutura\u00e7\u00e3o com a incorpora\u00e7\u00e3o do N\u00facleo de Seguran\u00e7a do Paciente e do Servi\u00e7o de Controle de Infec\u00e7\u00e3o Hospitalar. Assim, a \u00e1rea passou a denominar Ger\u00eancia de Qualidade e Excel\u00eancia em Sa\u00fade, o que permitiu maior alinhamento com as pr\u00e1ticas institu\u00eddas no HMC, al\u00e9m de proporcionar maior integra\u00e7\u00e3o entre as equipes, fortalecendo a seguran\u00e7a e a qualidade assistencial.<\/p>\n<p>Em 2022, houve, ainda, a manuten\u00e7\u00e3o da certifica\u00e7\u00e3o ISO9001 &#8211; 2015 no CSFX, na Usisa\u00fade e no Vita, al\u00e9m de ONA &#8211; n\u00edvel 3 &#8211; excel\u00eancia e DIAS NIAHO no HMC. A Usisa\u00fade conquistou a certifica\u00e7\u00e3o RN 507 da ANS, &#8211; n\u00edvel 2 &#8211; prata, mantendo-se entre as melhores operadoras de planos de sa\u00fade do Brasil.<strong>\u00a0<\/strong><\/p>\n<p><strong>Educa\u00e7\u00e3o<\/strong><\/p>\n<p>No \u00e2mbito da educa\u00e7\u00e3o, sob a gest\u00e3o da Funda\u00e7\u00e3o Educacional S\u00e3o Francisco Xavier (FESFX), a Institui\u00e7\u00e3o optou pela implementa\u00e7\u00e3o de novas e arrojadas estrat\u00e9gias que redirecionaram os vetores do desempenho institucional. A parceria entre o poder p\u00fablico e iniciativa privada tamb\u00e9m tem sido constru\u00edda com sucesso pela FESFX. A ades\u00e3o do Col\u00e9gio ao programa Trilhas do Futuro, do Governo de Minas, que proporciona a forma\u00e7\u00e3o gratuita a alunos do ensino m\u00e9dio da rede estadual e de outras redes de ensino, refor\u00e7a a voca\u00e7\u00e3o filantr\u00f3pica da Institui\u00e7\u00e3o, assim como o volume de exames dedicados \u00e0 candidatura das bolsas sociais, que ratifica o compromisso social.<\/p>\n<p>Acesse o link abaixo e confira na \u00edntegra o Relat\u00f3rio de Sustentabilidade 2022 da Funda\u00e7\u00e3o S\u00e3o Francisco Xavier:<\/p>\n<p><strong><a href=\"https:\/\/www.fsfx.com.br\/relatorio-de-sustentabilidade\/\">https:\/\/www.fsfx.com.br\/relatorio-de-sustentabilidade\/<\/a>.<\/strong><\/p>\n","protected":false},"excerpt":{"rendered":"<p>Como forma de evidenciar as a\u00e7\u00f5es desenvolvidas e os resultados alcan\u00e7ados ao longo do \u00faltimo ano, a Funda\u00e7\u00e3o S\u00e3o Francisco Xavier &#8211; FSFX, entidade beneficente de assist\u00eancia social, apresenta o Relat\u00f3rio de Sustentabilidade 2022. A publica\u00e7\u00e3o traz indicadores socioambientais, econ\u00f4micos e as principais informa\u00e7\u00f5es sobre o desempenho e pr\u00e1ticas de gest\u00e3o realizadas pela Institui\u00e7\u00e3o. Em [&hellip;]<\/p>\n","protected":false},"author":6,"featured_media":2632,"comment_status":"open","ping_status":"open","sticky":false,"template":"","format":"standard","meta":{"_acf_changed":false,"site-sidebar-layout":"default","site-content-layout":"","ast-site-content-layout":"default","site-content-style":"default","site-sidebar-style":"default","ast-global-header-display":"","ast-banner-title-visibility":"","ast-main-header-display":"","ast-hfb-above-header-display":"","ast-hfb-below-header-display":"","ast-hfb-mobile-header-display":"","site-post-title":"","ast-breadcrumbs-content":"","ast-featured-img":"","footer-sml-layout":"","theme-transparent-header-meta":"","adv-header-id-meta":"","stick-header-meta":"","header-above-stick-meta":"","header-main-stick-meta":"","header-below-stick-meta":"","astra-migrate-meta-layouts":"default","ast-page-background-enabled":"default","ast-page-background-meta":{"desktop":{"background-color":"var(--ast-global-color-4)","background-image":"","background-repeat":"repeat","background-position":"center center","background-size":"auto","background-attachment":"scroll","background-type":"","background-media":"","overlay-type":"","overlay-color":"","overlay-opacity":"","overlay-gradient":""},"tablet":{"background-color":"","background-image":"","background-repeat":"repeat","background-position":"center center","background-size":"auto","background-attachment":"scroll","background-type":"","background-media":"","overlay-type":"","overlay-color":"","overlay-opacity":"","overlay-gradient":""},"mobile":{"background-color":"","background-image":"","background-repeat":"repeat","background-position":"center center","background-size":"auto","background-attachment":"scroll","background-type":"","background-media":"","overlay-type":"","overlay-color":"","overlay-opacity":"","overlay-gradient":""}},"ast-content-background-meta":{"desktop":{"background-color":"var(--ast-global-color-5)","background-image":"","background-repeat":"repeat","background-position":"center center","background-size":"auto","background-attachment":"scroll","background-type":"","background-media":"","overlay-type":"","overlay-color":"","overlay-opacity":"","overlay-gradient":""},"tablet":{"background-color":"var(--ast-global-color-5)","background-image":"","background-repeat":"repeat","background-position":"center center","background-size":"auto","background-attachment":"scroll","background-type":"","background-media":"","overlay-type":"","overlay-color":"","overlay-opacity":"","overlay-gradient":""},"mobile":{"background-color":"var(--ast-global-color-5)","background-image":"","background-repeat":"repeat","background-position":"center center","background-size":"auto","background-attachment":"scroll","background-type":"","background-media":"","overlay-type":"","overlay-color":"","overlay-opacity":"","overlay-gradient":""}},"footnotes":""},"categories":[1],"tags":[],"class_list":["post-2631","post","type-post","status-publish","format-standard","has-post-thumbnail","hentry","category-sem-categoria"],"acf":[],"yoast_head":"<!-- This site is optimized with the Yoast SEO plugin v26.9 - https:\/\/yoast.com\/product\/yoast-seo-wordpress\/ -->\n<title>Funda\u00e7\u00e3o S\u00e3o Francisco Xavier divulga Relat\u00f3rio de Sustentabilidade 2022 - Vita - Sa\u00fade Ocupacional<\/title>\n<meta name=\"robots\" content=\"index, follow, max-snippet:-1, max-image-preview:large, max-video-preview:-1\" \/>\n<link rel=\"canonical\" href=\"https:\/\/www.fsfx.com.br\/ocupacional\/fundacao-sao-francisco-xavier-divulga-relatorio-de-sustentabilidade-2022\/\" \/>\n<meta property=\"og:locale\" content=\"pt_BR\" \/>\n<meta property=\"og:type\" content=\"article\" \/>\n<meta property=\"og:title\" content=\"Funda\u00e7\u00e3o S\u00e3o Francisco Xavier divulga Relat\u00f3rio de Sustentabilidade 2022 - Vita - Sa\u00fade Ocupacional\" \/>\n<meta property=\"og:description\" content=\"Como forma de evidenciar as a\u00e7\u00f5es desenvolvidas e os resultados alcan\u00e7ados ao longo do \u00faltimo ano, a Funda\u00e7\u00e3o S\u00e3o Francisco Xavier &#8211; FSFX, entidade beneficente de assist\u00eancia social, apresenta o Relat\u00f3rio de Sustentabilidade 2022. A publica\u00e7\u00e3o traz indicadores socioambientais, econ\u00f4micos e as principais informa\u00e7\u00f5es sobre o desempenho e pr\u00e1ticas de gest\u00e3o realizadas pela Institui\u00e7\u00e3o. Em [&hellip;]\" \/>\n<meta property=\"og:url\" content=\"https:\/\/www.fsfx.com.br\/ocupacional\/fundacao-sao-francisco-xavier-divulga-relatorio-de-sustentabilidade-2022\/\" \/>\n<meta property=\"og:site_name\" content=\"Vita - Sa\u00fade Ocupacional\" \/>\n<meta property=\"article:published_time\" content=\"2023-07-05T12:54:15+00:00\" \/>\n<meta property=\"og:image\" content=\"https:\/\/www.fsfx.com.br\/ocupacional\/wp-content\/uploads\/sites\/3\/2023\/07\/Relatorio-Sustentabilidade.jpg\" \/>\n\t<meta property=\"og:image:width\" content=\"758\" \/>\n\t<meta property=\"og:image:height\" content=\"423\" \/>\n\t<meta property=\"og:image:type\" content=\"image\/jpeg\" \/>\n<meta name=\"author\" content=\"C\u00e1ssio Santana\" \/>\n<meta name=\"twitter:card\" content=\"summary_large_image\" \/>\n<meta name=\"twitter:label1\" content=\"Escrito por\" \/>\n\t<meta name=\"twitter:data1\" content=\"C\u00e1ssio Santana\" \/>\n\t<meta name=\"twitter:label2\" content=\"Est. tempo de leitura\" \/>\n\t<meta name=\"twitter:data2\" content=\"4 minutos\" \/>\n<script type=\"application\/ld+json\" class=\"yoast-schema-graph\">{\"@context\":\"https:\/\/schema.org\",\"@graph\":[{\"@type\":\"Article\",\"@id\":\"https:\/\/www.fsfx.com.br\/ocupacional\/fundacao-sao-francisco-xavier-divulga-relatorio-de-sustentabilidade-2022\/#article\",\"isPartOf\":{\"@id\":\"https:\/\/www.fsfx.com.br\/ocupacional\/fundacao-sao-francisco-xavier-divulga-relatorio-de-sustentabilidade-2022\/\"},\"author\":{\"name\":\"C\u00e1ssio Santana\",\"@id\":\"https:\/\/www.fsfx.com.br\/ocupacional\/#\/schema\/person\/6bf2cced2b7a5d5d78f5610fc8f52504\"},\"headline\":\"Funda\u00e7\u00e3o S\u00e3o Francisco Xavier divulga Relat\u00f3rio de Sustentabilidade 2022\",\"datePublished\":\"2023-07-05T12:54:15+00:00\",\"mainEntityOfPage\":{\"@id\":\"https:\/\/www.fsfx.com.br\/ocupacional\/fundacao-sao-francisco-xavier-divulga-relatorio-de-sustentabilidade-2022\/\"},\"wordCount\":701,\"commentCount\":0,\"publisher\":{\"@id\":\"https:\/\/www.fsfx.com.br\/ocupacional\/#organization\"},\"image\":{\"@id\":\"https:\/\/www.fsfx.com.br\/ocupacional\/fundacao-sao-francisco-xavier-divulga-relatorio-de-sustentabilidade-2022\/#primaryimage\"},\"thumbnailUrl\":\"https:\/\/www.fsfx.com.br\/ocupacional\/wp-content\/uploads\/sites\/3\/2023\/07\/Relatorio-Sustentabilidade.jpg\",\"inLanguage\":\"pt-BR\",\"potentialAction\":[{\"@type\":\"CommentAction\",\"name\":\"Comment\",\"target\":[\"https:\/\/www.fsfx.com.br\/ocupacional\/fundacao-sao-francisco-xavier-divulga-relatorio-de-sustentabilidade-2022\/#respond\"]}]},{\"@type\":\"WebPage\",\"@id\":\"https:\/\/www.fsfx.com.br\/ocupacional\/fundacao-sao-francisco-xavier-divulga-relatorio-de-sustentabilidade-2022\/\",\"url\":\"https:\/\/www.fsfx.com.br\/ocupacional\/fundacao-sao-francisco-xavier-divulga-relatorio-de-sustentabilidade-2022\/\",\"name\":\"Funda\u00e7\u00e3o S\u00e3o Francisco Xavier divulga Relat\u00f3rio de Sustentabilidade 2022 - Vita - Sa\u00fade Ocupacional\",\"isPartOf\":{\"@id\":\"https:\/\/www.fsfx.com.br\/ocupacional\/#website\"},\"primaryImageOfPage\":{\"@id\":\"https:\/\/www.fsfx.com.br\/ocupacional\/fundacao-sao-francisco-xavier-divulga-relatorio-de-sustentabilidade-2022\/#primaryimage\"},\"image\":{\"@id\":\"https:\/\/www.fsfx.com.br\/ocupacional\/fundacao-sao-francisco-xavier-divulga-relatorio-de-sustentabilidade-2022\/#primaryimage\"},\"thumbnailUrl\":\"https:\/\/www.fsfx.com.br\/ocupacional\/wp-content\/uploads\/sites\/3\/2023\/07\/Relatorio-Sustentabilidade.jpg\",\"datePublished\":\"2023-07-05T12:54:15+00:00\",\"breadcrumb\":{\"@id\":\"https:\/\/www.fsfx.com.br\/ocupacional\/fundacao-sao-francisco-xavier-divulga-relatorio-de-sustentabilidade-2022\/#breadcrumb\"},\"inLanguage\":\"pt-BR\",\"potentialAction\":[{\"@type\":\"ReadAction\",\"target\":[\"https:\/\/www.fsfx.com.br\/ocupacional\/fundacao-sao-francisco-xavier-divulga-relatorio-de-sustentabilidade-2022\/\"]}]},{\"@type\":\"ImageObject\",\"inLanguage\":\"pt-BR\",\"@id\":\"https:\/\/www.fsfx.com.br\/ocupacional\/fundacao-sao-francisco-xavier-divulga-relatorio-de-sustentabilidade-2022\/#primaryimage\",\"url\":\"https:\/\/www.fsfx.com.br\/ocupacional\/wp-content\/uploads\/sites\/3\/2023\/07\/Relatorio-Sustentabilidade.jpg\",\"contentUrl\":\"https:\/\/www.fsfx.com.br\/ocupacional\/wp-content\/uploads\/sites\/3\/2023\/07\/Relatorio-Sustentabilidade.jpg\",\"width\":758,\"height\":423},{\"@type\":\"BreadcrumbList\",\"@id\":\"https:\/\/www.fsfx.com.br\/ocupacional\/fundacao-sao-francisco-xavier-divulga-relatorio-de-sustentabilidade-2022\/#breadcrumb\",\"itemListElement\":[{\"@type\":\"ListItem\",\"position\":1,\"name\":\"In\u00edcio\",\"item\":\"https:\/\/www.fsfx.com.br\/ocupacional\/\"},{\"@type\":\"ListItem\",\"position\":2,\"name\":\"Funda\u00e7\u00e3o S\u00e3o Francisco Xavier divulga Relat\u00f3rio de Sustentabilidade 2022\"}]},{\"@type\":\"WebSite\",\"@id\":\"https:\/\/www.fsfx.com.br\/ocupacional\/#website\",\"url\":\"https:\/\/www.fsfx.com.br\/ocupacional\/\",\"name\":\"Vita - Sa\u00fade Ocupacional\",\"description\":\"A Vita, realiza, desde 2006, presta\u00e7\u00e3o de servi\u00e7os especializados em sa\u00fade, seguran\u00e7a do Trabalho e Higiene Ocupacional.\",\"publisher\":{\"@id\":\"https:\/\/www.fsfx.com.br\/ocupacional\/#organization\"},\"potentialAction\":[{\"@type\":\"SearchAction\",\"target\":{\"@type\":\"EntryPoint\",\"urlTemplate\":\"https:\/\/www.fsfx.com.br\/ocupacional\/?s={search_term_string}\"},\"query-input\":{\"@type\":\"PropertyValueSpecification\",\"valueRequired\":true,\"valueName\":\"search_term_string\"}}],\"inLanguage\":\"pt-BR\"},{\"@type\":\"Organization\",\"@id\":\"https:\/\/www.fsfx.com.br\/ocupacional\/#organization\",\"name\":\"Vita - Solu\u00e7\u00f5es em Sa\u00fade Ocupacional\",\"url\":\"https:\/\/www.fsfx.com.br\/ocupacional\/\",\"logo\":{\"@type\":\"ImageObject\",\"inLanguage\":\"pt-BR\",\"@id\":\"https:\/\/www.fsfx.com.br\/ocupacional\/#\/schema\/logo\/image\/\",\"url\":\"https:\/\/www.fsfx.com.br\/ocupacional\/wp-content\/uploads\/sites\/3\/2022\/03\/logo-azul.png\",\"contentUrl\":\"https:\/\/www.fsfx.com.br\/ocupacional\/wp-content\/uploads\/sites\/3\/2022\/03\/logo-azul.png\",\"width\":547,\"height\":178,\"caption\":\"Vita - Solu\u00e7\u00f5es em Sa\u00fade Ocupacional\"},\"image\":{\"@id\":\"https:\/\/www.fsfx.com.br\/ocupacional\/#\/schema\/logo\/image\/\"}},{\"@type\":\"Person\",\"@id\":\"https:\/\/www.fsfx.com.br\/ocupacional\/#\/schema\/person\/6bf2cced2b7a5d5d78f5610fc8f52504\",\"name\":\"C\u00e1ssio Santana\",\"image\":{\"@type\":\"ImageObject\",\"inLanguage\":\"pt-BR\",\"@id\":\"https:\/\/www.fsfx.com.br\/ocupacional\/#\/schema\/person\/image\/\",\"url\":\"https:\/\/secure.gravatar.com\/avatar\/ef79739de3edd2f5c2e7c4930b0808c62af99fc5520eaadc7899948f8bc6d2e1?s=96&d=mm&r=g\",\"contentUrl\":\"https:\/\/secure.gravatar.com\/avatar\/ef79739de3edd2f5c2e7c4930b0808c62af99fc5520eaadc7899948f8bc6d2e1?s=96&d=mm&r=g\",\"caption\":\"C\u00e1ssio Santana\"},\"url\":\"https:\/\/www.fsfx.com.br\/ocupacional\/author\/cassio\/\"}]}<\/script>\n<!-- \/ Yoast SEO plugin. -->","yoast_head_json":{"title":"Funda\u00e7\u00e3o S\u00e3o Francisco Xavier divulga Relat\u00f3rio de Sustentabilidade 2022 - Vita - Sa\u00fade Ocupacional","robots":{"index":"index","follow":"follow","max-snippet":"max-snippet:-1","max-image-preview":"max-image-preview:large","max-video-preview":"max-video-preview:-1"},"canonical":"https:\/\/www.fsfx.com.br\/ocupacional\/fundacao-sao-francisco-xavier-divulga-relatorio-de-sustentabilidade-2022\/","og_locale":"pt_BR","og_type":"article","og_title":"Funda\u00e7\u00e3o S\u00e3o Francisco Xavier divulga Relat\u00f3rio de Sustentabilidade 2022 - Vita - Sa\u00fade Ocupacional","og_description":"Como forma de evidenciar as a\u00e7\u00f5es desenvolvidas e os resultados alcan\u00e7ados ao longo do \u00faltimo ano, a Funda\u00e7\u00e3o S\u00e3o Francisco Xavier &#8211; FSFX, entidade beneficente de assist\u00eancia social, apresenta o Relat\u00f3rio de Sustentabilidade 2022. A publica\u00e7\u00e3o traz indicadores socioambientais, econ\u00f4micos e as principais informa\u00e7\u00f5es sobre o desempenho e pr\u00e1ticas de gest\u00e3o realizadas pela Institui\u00e7\u00e3o. Em [&hellip;]","og_url":"https:\/\/www.fsfx.com.br\/ocupacional\/fundacao-sao-francisco-xavier-divulga-relatorio-de-sustentabilidade-2022\/","og_site_name":"Vita - Sa\u00fade Ocupacional","article_published_time":"2023-07-05T12:54:15+00:00","og_image":[{"width":758,"height":423,"url":"https:\/\/www.fsfx.com.br\/ocupacional\/wp-content\/uploads\/sites\/3\/2023\/07\/Relatorio-Sustentabilidade.jpg","type":"image\/jpeg"}],"author":"C\u00e1ssio Santana","twitter_card":"summary_large_image","twitter_misc":{"Escrito por":"C\u00e1ssio Santana","Est. tempo de leitura":"4 minutos"},"schema":{"@context":"https:\/\/schema.org","@graph":[{"@type":"Article","@id":"https:\/\/www.fsfx.com.br\/ocupacional\/fundacao-sao-francisco-xavier-divulga-relatorio-de-sustentabilidade-2022\/#article","isPartOf":{"@id":"https:\/\/www.fsfx.com.br\/ocupacional\/fundacao-sao-francisco-xavier-divulga-relatorio-de-sustentabilidade-2022\/"},"author":{"name":"C\u00e1ssio Santana","@id":"https:\/\/www.fsfx.com.br\/ocupacional\/#\/schema\/person\/6bf2cced2b7a5d5d78f5610fc8f52504"},"headline":"Funda\u00e7\u00e3o S\u00e3o Francisco Xavier divulga Relat\u00f3rio de Sustentabilidade 2022","datePublished":"2023-07-05T12:54:15+00:00","mainEntityOfPage":{"@id":"https:\/\/www.fsfx.com.br\/ocupacional\/fundacao-sao-francisco-xavier-divulga-relatorio-de-sustentabilidade-2022\/"},"wordCount":701,"commentCount":0,"publisher":{"@id":"https:\/\/www.fsfx.com.br\/ocupacional\/#organization"},"image":{"@id":"https:\/\/www.fsfx.com.br\/ocupacional\/fundacao-sao-francisco-xavier-divulga-relatorio-de-sustentabilidade-2022\/#primaryimage"},"thumbnailUrl":"https:\/\/www.fsfx.com.br\/ocupacional\/wp-content\/uploads\/sites\/3\/2023\/07\/Relatorio-Sustentabilidade.jpg","inLanguage":"pt-BR","potentialAction":[{"@type":"CommentAction","name":"Comment","target":["https:\/\/www.fsfx.com.br\/ocupacional\/fundacao-sao-francisco-xavier-divulga-relatorio-de-sustentabilidade-2022\/#respond"]}]},{"@type":"WebPage","@id":"https:\/\/www.fsfx.com.br\/ocupacional\/fundacao-sao-francisco-xavier-divulga-relatorio-de-sustentabilidade-2022\/","url":"https:\/\/www.fsfx.com.br\/ocupacional\/fundacao-sao-francisco-xavier-divulga-relatorio-de-sustentabilidade-2022\/","name":"Funda\u00e7\u00e3o S\u00e3o Francisco Xavier divulga Relat\u00f3rio de Sustentabilidade 2022 - Vita - Sa\u00fade Ocupacional","isPartOf":{"@id":"https:\/\/www.fsfx.com.br\/ocupacional\/#website"},"primaryImageOfPage":{"@id":"https:\/\/www.fsfx.com.br\/ocupacional\/fundacao-sao-francisco-xavier-divulga-relatorio-de-sustentabilidade-2022\/#primaryimage"},"image":{"@id":"https:\/\/www.fsfx.com.br\/ocupacional\/fundacao-sao-francisco-xavier-divulga-relatorio-de-sustentabilidade-2022\/#primaryimage"},"thumbnailUrl":"https:\/\/www.fsfx.com.br\/ocupacional\/wp-content\/uploads\/sites\/3\/2023\/07\/Relatorio-Sustentabilidade.jpg","datePublished":"2023-07-05T12:54:15+00:00","breadcrumb":{"@id":"https:\/\/www.fsfx.com.br\/ocupacional\/fundacao-sao-francisco-xavier-divulga-relatorio-de-sustentabilidade-2022\/#breadcrumb"},"inLanguage":"pt-BR","potentialAction":[{"@type":"ReadAction","target":["https:\/\/www.fsfx.com.br\/ocupacional\/fundacao-sao-francisco-xavier-divulga-relatorio-de-sustentabilidade-2022\/"]}]},{"@type":"ImageObject","inLanguage":"pt-BR","@id":"https:\/\/www.fsfx.com.br\/ocupacional\/fundacao-sao-francisco-xavier-divulga-relatorio-de-sustentabilidade-2022\/#primaryimage","url":"https:\/\/www.fsfx.com.br\/ocupacional\/wp-content\/uploads\/sites\/3\/2023\/07\/Relatorio-Sustentabilidade.jpg","contentUrl":"https:\/\/www.fsfx.com.br\/ocupacional\/wp-content\/uploads\/sites\/3\/2023\/07\/Relatorio-Sustentabilidade.jpg","width":758,"height":423},{"@type":"BreadcrumbList","@id":"https:\/\/www.fsfx.com.br\/ocupacional\/fundacao-sao-francisco-xavier-divulga-relatorio-de-sustentabilidade-2022\/#breadcrumb","itemListElement":[{"@type":"ListItem","position":1,"name":"In\u00edcio","item":"https:\/\/www.fsfx.com.br\/ocupacional\/"},{"@type":"ListItem","position":2,"name":"Funda\u00e7\u00e3o S\u00e3o Francisco Xavier divulga Relat\u00f3rio de Sustentabilidade 2022"}]},{"@type":"WebSite","@id":"https:\/\/www.fsfx.com.br\/ocupacional\/#website","url":"https:\/\/www.fsfx.com.br\/ocupacional\/","name":"Vita - Sa\u00fade Ocupacional","description":"A Vita, realiza, desde 2006, presta\u00e7\u00e3o de servi\u00e7os especializados em sa\u00fade, seguran\u00e7a do Trabalho e Higiene Ocupacional.","publisher":{"@id":"https:\/\/www.fsfx.com.br\/ocupacional\/#organization"},"potentialAction":[{"@type":"SearchAction","target":{"@type":"EntryPoint","urlTemplate":"https:\/\/www.fsfx.com.br\/ocupacional\/?s={search_term_string}"},"query-input":{"@type":"PropertyValueSpecification","valueRequired":true,"valueName":"search_term_string"}}],"inLanguage":"pt-BR"},{"@type":"Organization","@id":"https:\/\/www.fsfx.com.br\/ocupacional\/#organization","name":"Vita - Solu\u00e7\u00f5es em Sa\u00fade Ocupacional","url":"https:\/\/www.fsfx.com.br\/ocupacional\/","logo":{"@type":"ImageObject","inLanguage":"pt-BR","@id":"https:\/\/www.fsfx.com.br\/ocupacional\/#\/schema\/logo\/image\/","url":"https:\/\/www.fsfx.com.br\/ocupacional\/wp-content\/uploads\/sites\/3\/2022\/03\/logo-azul.png","contentUrl":"https:\/\/www.fsfx.com.br\/ocupacional\/wp-content\/uploads\/sites\/3\/2022\/03\/logo-azul.png","width":547,"height":178,"caption":"Vita - Solu\u00e7\u00f5es em Sa\u00fade Ocupacional"},"image":{"@id":"https:\/\/www.fsfx.com.br\/ocupacional\/#\/schema\/logo\/image\/"}},{"@type":"Person","@id":"https:\/\/www.fsfx.com.br\/ocupacional\/#\/schema\/person\/6bf2cced2b7a5d5d78f5610fc8f52504","name":"C\u00e1ssio Santana","image":{"@type":"ImageObject","inLanguage":"pt-BR","@id":"https:\/\/www.fsfx.com.br\/ocupacional\/#\/schema\/person\/image\/","url":"https:\/\/secure.gravatar.com\/avatar\/ef79739de3edd2f5c2e7c4930b0808c62af99fc5520eaadc7899948f8bc6d2e1?s=96&d=mm&r=g","contentUrl":"https:\/\/secure.gravatar.com\/avatar\/ef79739de3edd2f5c2e7c4930b0808c62af99fc5520eaadc7899948f8bc6d2e1?s=96&d=mm&r=g","caption":"C\u00e1ssio Santana"},"url":"https:\/\/www.fsfx.com.br\/ocupacional\/author\/cassio\/"}]}},"_links":{"self":[{"href":"https:\/\/www.fsfx.com.br\/ocupacional\/wp-json\/wp\/v2\/posts\/2631","targetHints":{"allow":["GET"]}}],"collection":[{"href":"https:\/\/www.fsfx.com.br\/ocupacional\/wp-json\/wp\/v2\/posts"}],"about":[{"href":"https:\/\/www.fsfx.com.br\/ocupacional\/wp-json\/wp\/v2\/types\/post"}],"author":[{"embeddable":true,"href":"https:\/\/www.fsfx.com.br\/ocupacional\/wp-json\/wp\/v2\/users\/6"}],"replies":[{"embeddable":true,"href":"https:\/\/www.fsfx.com.br\/ocupacional\/wp-json\/wp\/v2\/comments?post=2631"}],"version-history":[{"count":1,"href":"https:\/\/www.fsfx.com.br\/ocupacional\/wp-json\/wp\/v2\/posts\/2631\/revisions"}],"predecessor-version":[{"id":2633,"href":"https:\/\/www.fsfx.com.br\/ocupacional\/wp-json\/wp\/v2\/posts\/2631\/revisions\/2633"}],"wp:featuredmedia":[{"embeddable":true,"href":"https:\/\/www.fsfx.com.br\/ocupacional\/wp-json\/wp\/v2\/media\/2632"}],"wp:attachment":[{"href":"https:\/\/www.fsfx.com.br\/ocupacional\/wp-json\/wp\/v2\/media?parent=2631"}],"wp:term":[{"taxonomy":"category","embeddable":true,"href":"https:\/\/www.fsfx.com.br\/ocupacional\/wp-json\/wp\/v2\/categories?post=2631"},{"taxonomy":"post_tag","embeddable":true,"href":"https:\/\/www.fsfx.com.br\/ocupacional\/wp-json\/wp\/v2\/tags?post=2631"}],"curies":[{"name":"wp","href":"https:\/\/api.w.org\/{rel}","templated":true}]}}