{"id":2856,"date":"2024-07-16T13:52:43","date_gmt":"2024-07-16T16:52:43","guid":{"rendered":"https:\/\/www.fsfx.com.br\/ocupacional\/?p=2856"},"modified":"2024-07-16T13:52:43","modified_gmt":"2024-07-16T16:52:43","slug":"fsfx-participa-de-mais-uma-edicao-da-expo-usipa","status":"publish","type":"post","link":"https:\/\/www.fsfx.com.br\/ocupacional\/fsfx-participa-de-mais-uma-edicao-da-expo-usipa\/","title":{"rendered":"FSFX participa de mais uma edi\u00e7\u00e3o da Expo Usipa"},"content":{"rendered":"<p>A Funda\u00e7\u00e3o S\u00e3o Francisco Xavier estar\u00e1 presente em mais uma edi\u00e7\u00e3o da tradicional feira de neg\u00f3cios do Vale do A\u00e7o, a Expo Usipa, que ser\u00e1 realizada entre os dias 17 e 20 de julho, na Usipa, em Ipatinga, das 19h \u00e0s 23h, de quarta a sexta-feira e no s\u00e1bado (20) das 13h \u00e0s 17h.<\/p>\n<p><img fetchpriority=\"high\" decoding=\"async\" class=\" wp-image-17817 alignleft\" src=\"https:\/\/www.fsfx.com.br\/wp-content\/uploads\/2024\/07\/Participacao-da-FSFX-na-ultima-Expo-Usipa-Foto-Arquivo-FSFX-300x225.jpg\" alt=\"\" width=\"478\" height=\"358\" \/>Na ocasi\u00e3o, a Institui\u00e7\u00e3o ter\u00e1 em seu estande os seus neg\u00f3cios em solu\u00e7\u00f5es de sa\u00fade, como a Usisa\u00fade, o Centro de Odontologia Integrada (COI) e a Vita Sa\u00fade Ocupacional, onde os visitantes ter\u00e3o a oportunidade de conhecer mais a fundo os trabalhos desenvolvidos pelas unidades.<\/p>\n<p>Durante o per\u00edodo de exposi\u00e7\u00e3o, o visitante poder\u00e1 participar de v\u00e1rias a\u00e7\u00f5es interativas. A Usisa\u00fade apresentar\u00e1 o programa de promo\u00e7\u00e3o da sa\u00fade, o +Atitude, por meio de desafios que ao participar, os visitantes poder\u00e3o ganhar recompensas em forma de pr\u00eamios e experi\u00eancias. Al\u00e9m disso, a equipe da Usisa\u00fade estar\u00e1 pronta para atender as demandas de aquisi\u00e7\u00e3o de planos de sa\u00fade, incluindo condi\u00e7\u00f5es especiais e esclarecimento de d\u00favidas e aux\u00edlio aos benefici\u00e1rios em diversas quest\u00f5es.<\/p>\n<p>No mesmo espa\u00e7o, o Centro de Odontologia Integrada (COI) oferecer\u00e1 ao p\u00fablico diversas dicas com orienta\u00e7\u00f5es de sa\u00fade bucal, al\u00e9m de apresentar os procedimentos est\u00e9ticos e odontol\u00f3gicos realizados pela unidade. Paralelamente, a Vita Sa\u00fade Ocupacional exibir\u00e1 seu portf\u00f3lio de servi\u00e7os de excel\u00eancia na \u00e1rea de seguran\u00e7a do trabalho e sa\u00fade ocupacional, atendendo a empresas de pequeno a grande porte.<\/p>\n<p>Para o diretor-presidente da Funda\u00e7\u00e3o S\u00e3o Francisco Xavier, Flaviano Feu Ventorim, a participa\u00e7\u00e3o na Expo Usipa \u00e9 uma grande oportunidade de apresentar alguns dos servi\u00e7os das unidades de neg\u00f3cio da \u00a0FSFX a diversos p\u00fablicos. \u201cDurante a exposi\u00e7\u00e3o, apresentaremos tr\u00eas dos nossos neg\u00f3cios: Usisa\u00fade, Centro de Odontologia Integrada e Vita Sa\u00fade Ocupacional. Nesta oportunidade, os visitantes e expositores poder\u00e3o conhecer mais a fundo os servi\u00e7os que oferecemos, esclarecer d\u00favidas e at\u00e9 contratar nossos planos e servi\u00e7os\u201d, ressaltou Ventorim.<\/p>\n<p>A 34\u00aa Expo Usipa ser\u00e1 realizada de 17 a 20 de julho e contar\u00e1 com diversas atra\u00e7\u00f5es para os visitantes, incluindo exposi\u00e7\u00f5es nas \u00e1reas de ind\u00fastria, com\u00e9rcio e presta\u00e7\u00e3o de servi\u00e7os, al\u00e9m de um espa\u00e7o gastron\u00f4mico com shows regionais di\u00e1rios. Interessados em visitar a feira e o estande da FSFX podem obter gratuitamente seu convite no site da organiza\u00e7\u00e3o do evento: <a href=\"https:\/\/clicktime.symantec.com\/15tSteKhiBmjGQhzLhU4f?h=KKCXxdBWI8Tsmrhk-xxQoyjoqybzvfOdg4ofE1roS1Y=&amp;u=http:\/\/www.expousipa.com\">www.expousipa.com<\/a>.<\/p>\n<p><strong>Funda\u00e7\u00e3o S\u00e3o Francisco Xavier<\/strong><\/p>\n<p>A Funda\u00e7\u00e3o S\u00e3o Francisco Xavier \u00e9 uma entidade filantr\u00f3pica que atua desde 1969 e conta com cerca de 6.000 colaboradores. Atualmente, administra duas unidades hospitalares, sendo o Hospital M\u00e1rcio Cunha com cerca de 70% dos atendimentos pelo SUS, em Ipatinga, e o Hospital Municipal Carlos Chagas com 100% dos atendimentos pelo SUS, em Itabira (MG). As unidades hospitalares t\u00eam uma gest\u00e3o marcada pela responsabilidade, pela oferta de atendimentos de excel\u00eancia e pelas melhores pr\u00e1ticas de seguran\u00e7a. Al\u00e9m das unidades hospitalares, a Funda\u00e7\u00e3o \u00e9 respons\u00e1vel por administrar a operadora de Planos de Sa\u00fade Usisa\u00fade, que possui mais de 200 mil vidas, o Centro de Odontologia Integrada, que mant\u00e9m os melhores indicadores de sa\u00fade bucal j\u00e1 divulgados no Brasil, e o Servi\u00e7o de Seguran\u00e7a do Trabalho, Sa\u00fade Ocupacional e Meio Ambiente \u2013 Vita, que soma mais de 160 mil vidas sob sua gest\u00e3o. Na \u00e1rea de educacional, o Col\u00e9gio S\u00e3o Francisco Xavier, unidade precursora localizada em Ipatinga, \u00e9 refer\u00eancia em Educa\u00e7\u00e3o na regi\u00e3o, com cerca de 3 mil alunos, da educa\u00e7\u00e3o infantil \u00e0 forma\u00e7\u00e3o t\u00e9cnica.<\/p>\n","protected":false},"excerpt":{"rendered":"<p>A Funda\u00e7\u00e3o S\u00e3o Francisco Xavier estar\u00e1 presente em mais uma edi\u00e7\u00e3o da tradicional feira de neg\u00f3cios do Vale do A\u00e7o, a Expo Usipa, que ser\u00e1 realizada entre os dias 17 e 20 de julho, na Usipa, em Ipatinga, das 19h \u00e0s 23h, de quarta a sexta-feira e no s\u00e1bado (20) das 13h \u00e0s 17h. Na [&hellip;]<\/p>\n","protected":false},"author":6,"featured_media":2857,"comment_status":"closed","ping_status":"closed","sticky":false,"template":"","format":"standard","meta":{"_acf_changed":false,"site-sidebar-layout":"default","site-content-layout":"","ast-site-content-layout":"default","site-content-style":"default","site-sidebar-style":"default","ast-global-header-display":"","ast-banner-title-visibility":"","ast-main-header-display":"","ast-hfb-above-header-display":"","ast-hfb-below-header-display":"","ast-hfb-mobile-header-display":"","site-post-title":"","ast-breadcrumbs-content":"","ast-featured-img":"","footer-sml-layout":"","theme-transparent-header-meta":"","adv-header-id-meta":"","stick-header-meta":"","header-above-stick-meta":"","header-main-stick-meta":"","header-below-stick-meta":"","astra-migrate-meta-layouts":"default","ast-page-background-enabled":"default","ast-page-background-meta":{"desktop":{"background-color":"var(--ast-global-color-4)","background-image":"","background-repeat":"repeat","background-position":"center center","background-size":"auto","background-attachment":"scroll","background-type":"","background-media":"","overlay-type":"","overlay-color":"","overlay-opacity":"","overlay-gradient":""},"tablet":{"background-color":"","background-image":"","background-repeat":"repeat","background-position":"center center","background-size":"auto","background-attachment":"scroll","background-type":"","background-media":"","overlay-type":"","overlay-color":"","overlay-opacity":"","overlay-gradient":""},"mobile":{"background-color":"","background-image":"","background-repeat":"repeat","background-position":"center center","background-size":"auto","background-attachment":"scroll","background-type":"","background-media":"","overlay-type":"","overlay-color":"","overlay-opacity":"","overlay-gradient":""}},"ast-content-background-meta":{"desktop":{"background-color":"var(--ast-global-color-5)","background-image":"","background-repeat":"repeat","background-position":"center center","background-size":"auto","background-attachment":"scroll","background-type":"","background-media":"","overlay-type":"","overlay-color":"","overlay-opacity":"","overlay-gradient":""},"tablet":{"background-color":"var(--ast-global-color-5)","background-image":"","background-repeat":"repeat","background-position":"center center","background-size":"auto","background-attachment":"scroll","background-type":"","background-media":"","overlay-type":"","overlay-color":"","overlay-opacity":"","overlay-gradient":""},"mobile":{"background-color":"var(--ast-global-color-5)","background-image":"","background-repeat":"repeat","background-position":"center center","background-size":"auto","background-attachment":"scroll","background-type":"","background-media":"","overlay-type":"","overlay-color":"","overlay-opacity":"","overlay-gradient":""}},"footnotes":""},"categories":[1],"tags":[],"class_list":["post-2856","post","type-post","status-publish","format-standard","has-post-thumbnail","hentry","category-sem-categoria"],"acf":[],"yoast_head":"<!-- This site is optimized with the Yoast SEO plugin v26.9 - https:\/\/yoast.com\/product\/yoast-seo-wordpress\/ -->\n<title>FSFX participa de mais uma edi\u00e7\u00e3o da Expo Usipa - Vita - Sa\u00fade Ocupacional<\/title>\n<meta name=\"robots\" content=\"index, follow, max-snippet:-1, max-image-preview:large, max-video-preview:-1\" \/>\n<link rel=\"canonical\" href=\"https:\/\/www.fsfx.com.br\/ocupacional\/fsfx-participa-de-mais-uma-edicao-da-expo-usipa\/\" \/>\n<meta property=\"og:locale\" content=\"pt_BR\" \/>\n<meta property=\"og:type\" content=\"article\" \/>\n<meta property=\"og:title\" content=\"FSFX participa de mais uma edi\u00e7\u00e3o da Expo Usipa - Vita - Sa\u00fade Ocupacional\" \/>\n<meta property=\"og:description\" content=\"A Funda\u00e7\u00e3o S\u00e3o Francisco Xavier estar\u00e1 presente em mais uma edi\u00e7\u00e3o da tradicional feira de neg\u00f3cios do Vale do A\u00e7o, a Expo Usipa, que ser\u00e1 realizada entre os dias 17 e 20 de julho, na Usipa, em Ipatinga, das 19h \u00e0s 23h, de quarta a sexta-feira e no s\u00e1bado (20) das 13h \u00e0s 17h. Na [&hellip;]\" \/>\n<meta property=\"og:url\" content=\"https:\/\/www.fsfx.com.br\/ocupacional\/fsfx-participa-de-mais-uma-edicao-da-expo-usipa\/\" \/>\n<meta property=\"og:site_name\" content=\"Vita - Sa\u00fade Ocupacional\" \/>\n<meta property=\"article:published_time\" content=\"2024-07-16T16:52:43+00:00\" \/>\n<meta property=\"og:image\" content=\"https:\/\/www.fsfx.com.br\/ocupacional\/wp-content\/uploads\/sites\/3\/2024\/07\/Participacao-da-FSFX-na-ultima-Expo-Usipa-Foto-Arquivo-FSFX.jpg\" \/>\n\t<meta property=\"og:image:width\" content=\"1920\" \/>\n\t<meta property=\"og:image:height\" content=\"1440\" \/>\n\t<meta property=\"og:image:type\" content=\"image\/jpeg\" \/>\n<meta name=\"author\" content=\"C\u00e1ssio Santana\" \/>\n<meta name=\"twitter:card\" content=\"summary_large_image\" \/>\n<meta name=\"twitter:label1\" content=\"Escrito por\" \/>\n\t<meta name=\"twitter:data1\" content=\"C\u00e1ssio Santana\" \/>\n\t<meta name=\"twitter:label2\" content=\"Est. tempo de leitura\" \/>\n\t<meta name=\"twitter:data2\" content=\"4 minutos\" \/>\n<script type=\"application\/ld+json\" class=\"yoast-schema-graph\">{\"@context\":\"https:\/\/schema.org\",\"@graph\":[{\"@type\":\"Article\",\"@id\":\"https:\/\/www.fsfx.com.br\/ocupacional\/fsfx-participa-de-mais-uma-edicao-da-expo-usipa\/#article\",\"isPartOf\":{\"@id\":\"https:\/\/www.fsfx.com.br\/ocupacional\/fsfx-participa-de-mais-uma-edicao-da-expo-usipa\/\"},\"author\":{\"name\":\"C\u00e1ssio Santana\",\"@id\":\"https:\/\/www.fsfx.com.br\/ocupacional\/#\/schema\/person\/6bf2cced2b7a5d5d78f5610fc8f52504\"},\"headline\":\"FSFX participa de mais uma edi\u00e7\u00e3o da Expo Usipa\",\"datePublished\":\"2024-07-16T16:52:43+00:00\",\"mainEntityOfPage\":{\"@id\":\"https:\/\/www.fsfx.com.br\/ocupacional\/fsfx-participa-de-mais-uma-edicao-da-expo-usipa\/\"},\"wordCount\":643,\"publisher\":{\"@id\":\"https:\/\/www.fsfx.com.br\/ocupacional\/#organization\"},\"image\":{\"@id\":\"https:\/\/www.fsfx.com.br\/ocupacional\/fsfx-participa-de-mais-uma-edicao-da-expo-usipa\/#primaryimage\"},\"thumbnailUrl\":\"https:\/\/www.fsfx.com.br\/ocupacional\/wp-content\/uploads\/sites\/3\/2024\/07\/Participacao-da-FSFX-na-ultima-Expo-Usipa-Foto-Arquivo-FSFX.jpg\",\"inLanguage\":\"pt-BR\"},{\"@type\":\"WebPage\",\"@id\":\"https:\/\/www.fsfx.com.br\/ocupacional\/fsfx-participa-de-mais-uma-edicao-da-expo-usipa\/\",\"url\":\"https:\/\/www.fsfx.com.br\/ocupacional\/fsfx-participa-de-mais-uma-edicao-da-expo-usipa\/\",\"name\":\"FSFX participa de mais uma edi\u00e7\u00e3o da Expo Usipa - Vita - Sa\u00fade Ocupacional\",\"isPartOf\":{\"@id\":\"https:\/\/www.fsfx.com.br\/ocupacional\/#website\"},\"primaryImageOfPage\":{\"@id\":\"https:\/\/www.fsfx.com.br\/ocupacional\/fsfx-participa-de-mais-uma-edicao-da-expo-usipa\/#primaryimage\"},\"image\":{\"@id\":\"https:\/\/www.fsfx.com.br\/ocupacional\/fsfx-participa-de-mais-uma-edicao-da-expo-usipa\/#primaryimage\"},\"thumbnailUrl\":\"https:\/\/www.fsfx.com.br\/ocupacional\/wp-content\/uploads\/sites\/3\/2024\/07\/Participacao-da-FSFX-na-ultima-Expo-Usipa-Foto-Arquivo-FSFX.jpg\",\"datePublished\":\"2024-07-16T16:52:43+00:00\",\"breadcrumb\":{\"@id\":\"https:\/\/www.fsfx.com.br\/ocupacional\/fsfx-participa-de-mais-uma-edicao-da-expo-usipa\/#breadcrumb\"},\"inLanguage\":\"pt-BR\",\"potentialAction\":[{\"@type\":\"ReadAction\",\"target\":[\"https:\/\/www.fsfx.com.br\/ocupacional\/fsfx-participa-de-mais-uma-edicao-da-expo-usipa\/\"]}]},{\"@type\":\"ImageObject\",\"inLanguage\":\"pt-BR\",\"@id\":\"https:\/\/www.fsfx.com.br\/ocupacional\/fsfx-participa-de-mais-uma-edicao-da-expo-usipa\/#primaryimage\",\"url\":\"https:\/\/www.fsfx.com.br\/ocupacional\/wp-content\/uploads\/sites\/3\/2024\/07\/Participacao-da-FSFX-na-ultima-Expo-Usipa-Foto-Arquivo-FSFX.jpg\",\"contentUrl\":\"https:\/\/www.fsfx.com.br\/ocupacional\/wp-content\/uploads\/sites\/3\/2024\/07\/Participacao-da-FSFX-na-ultima-Expo-Usipa-Foto-Arquivo-FSFX.jpg\",\"width\":1920,\"height\":1440},{\"@type\":\"BreadcrumbList\",\"@id\":\"https:\/\/www.fsfx.com.br\/ocupacional\/fsfx-participa-de-mais-uma-edicao-da-expo-usipa\/#breadcrumb\",\"itemListElement\":[{\"@type\":\"ListItem\",\"position\":1,\"name\":\"In\u00edcio\",\"item\":\"https:\/\/www.fsfx.com.br\/ocupacional\/\"},{\"@type\":\"ListItem\",\"position\":2,\"name\":\"FSFX participa de mais uma edi\u00e7\u00e3o da Expo Usipa\"}]},{\"@type\":\"WebSite\",\"@id\":\"https:\/\/www.fsfx.com.br\/ocupacional\/#website\",\"url\":\"https:\/\/www.fsfx.com.br\/ocupacional\/\",\"name\":\"Vita - Sa\u00fade Ocupacional\",\"description\":\"A Vita, realiza, desde 2006, presta\u00e7\u00e3o de servi\u00e7os especializados em sa\u00fade, seguran\u00e7a do Trabalho e Higiene Ocupacional.\",\"publisher\":{\"@id\":\"https:\/\/www.fsfx.com.br\/ocupacional\/#organization\"},\"potentialAction\":[{\"@type\":\"SearchAction\",\"target\":{\"@type\":\"EntryPoint\",\"urlTemplate\":\"https:\/\/www.fsfx.com.br\/ocupacional\/?s={search_term_string}\"},\"query-input\":{\"@type\":\"PropertyValueSpecification\",\"valueRequired\":true,\"valueName\":\"search_term_string\"}}],\"inLanguage\":\"pt-BR\"},{\"@type\":\"Organization\",\"@id\":\"https:\/\/www.fsfx.com.br\/ocupacional\/#organization\",\"name\":\"Vita - Solu\u00e7\u00f5es em Sa\u00fade Ocupacional\",\"url\":\"https:\/\/www.fsfx.com.br\/ocupacional\/\",\"logo\":{\"@type\":\"ImageObject\",\"inLanguage\":\"pt-BR\",\"@id\":\"https:\/\/www.fsfx.com.br\/ocupacional\/#\/schema\/logo\/image\/\",\"url\":\"https:\/\/www.fsfx.com.br\/ocupacional\/wp-content\/uploads\/sites\/3\/2022\/03\/logo-azul.png\",\"contentUrl\":\"https:\/\/www.fsfx.com.br\/ocupacional\/wp-content\/uploads\/sites\/3\/2022\/03\/logo-azul.png\",\"width\":547,\"height\":178,\"caption\":\"Vita - Solu\u00e7\u00f5es em Sa\u00fade Ocupacional\"},\"image\":{\"@id\":\"https:\/\/www.fsfx.com.br\/ocupacional\/#\/schema\/logo\/image\/\"}},{\"@type\":\"Person\",\"@id\":\"https:\/\/www.fsfx.com.br\/ocupacional\/#\/schema\/person\/6bf2cced2b7a5d5d78f5610fc8f52504\",\"name\":\"C\u00e1ssio Santana\",\"image\":{\"@type\":\"ImageObject\",\"inLanguage\":\"pt-BR\",\"@id\":\"https:\/\/www.fsfx.com.br\/ocupacional\/#\/schema\/person\/image\/\",\"url\":\"https:\/\/secure.gravatar.com\/avatar\/ef79739de3edd2f5c2e7c4930b0808c62af99fc5520eaadc7899948f8bc6d2e1?s=96&d=mm&r=g\",\"contentUrl\":\"https:\/\/secure.gravatar.com\/avatar\/ef79739de3edd2f5c2e7c4930b0808c62af99fc5520eaadc7899948f8bc6d2e1?s=96&d=mm&r=g\",\"caption\":\"C\u00e1ssio Santana\"},\"url\":\"https:\/\/www.fsfx.com.br\/ocupacional\/author\/cassio\/\"}]}<\/script>\n<!-- \/ Yoast SEO plugin. -->","yoast_head_json":{"title":"FSFX participa de mais uma edi\u00e7\u00e3o da Expo Usipa - Vita - Sa\u00fade Ocupacional","robots":{"index":"index","follow":"follow","max-snippet":"max-snippet:-1","max-image-preview":"max-image-preview:large","max-video-preview":"max-video-preview:-1"},"canonical":"https:\/\/www.fsfx.com.br\/ocupacional\/fsfx-participa-de-mais-uma-edicao-da-expo-usipa\/","og_locale":"pt_BR","og_type":"article","og_title":"FSFX participa de mais uma edi\u00e7\u00e3o da Expo Usipa - Vita - Sa\u00fade Ocupacional","og_description":"A Funda\u00e7\u00e3o S\u00e3o Francisco Xavier estar\u00e1 presente em mais uma edi\u00e7\u00e3o da tradicional feira de neg\u00f3cios do Vale do A\u00e7o, a Expo Usipa, que ser\u00e1 realizada entre os dias 17 e 20 de julho, na Usipa, em Ipatinga, das 19h \u00e0s 23h, de quarta a sexta-feira e no s\u00e1bado (20) das 13h \u00e0s 17h. Na [&hellip;]","og_url":"https:\/\/www.fsfx.com.br\/ocupacional\/fsfx-participa-de-mais-uma-edicao-da-expo-usipa\/","og_site_name":"Vita - Sa\u00fade Ocupacional","article_published_time":"2024-07-16T16:52:43+00:00","og_image":[{"width":1920,"height":1440,"url":"https:\/\/www.fsfx.com.br\/ocupacional\/wp-content\/uploads\/sites\/3\/2024\/07\/Participacao-da-FSFX-na-ultima-Expo-Usipa-Foto-Arquivo-FSFX.jpg","type":"image\/jpeg"}],"author":"C\u00e1ssio Santana","twitter_card":"summary_large_image","twitter_misc":{"Escrito por":"C\u00e1ssio Santana","Est. tempo de leitura":"4 minutos"},"schema":{"@context":"https:\/\/schema.org","@graph":[{"@type":"Article","@id":"https:\/\/www.fsfx.com.br\/ocupacional\/fsfx-participa-de-mais-uma-edicao-da-expo-usipa\/#article","isPartOf":{"@id":"https:\/\/www.fsfx.com.br\/ocupacional\/fsfx-participa-de-mais-uma-edicao-da-expo-usipa\/"},"author":{"name":"C\u00e1ssio Santana","@id":"https:\/\/www.fsfx.com.br\/ocupacional\/#\/schema\/person\/6bf2cced2b7a5d5d78f5610fc8f52504"},"headline":"FSFX participa de mais uma edi\u00e7\u00e3o da Expo Usipa","datePublished":"2024-07-16T16:52:43+00:00","mainEntityOfPage":{"@id":"https:\/\/www.fsfx.com.br\/ocupacional\/fsfx-participa-de-mais-uma-edicao-da-expo-usipa\/"},"wordCount":643,"publisher":{"@id":"https:\/\/www.fsfx.com.br\/ocupacional\/#organization"},"image":{"@id":"https:\/\/www.fsfx.com.br\/ocupacional\/fsfx-participa-de-mais-uma-edicao-da-expo-usipa\/#primaryimage"},"thumbnailUrl":"https:\/\/www.fsfx.com.br\/ocupacional\/wp-content\/uploads\/sites\/3\/2024\/07\/Participacao-da-FSFX-na-ultima-Expo-Usipa-Foto-Arquivo-FSFX.jpg","inLanguage":"pt-BR"},{"@type":"WebPage","@id":"https:\/\/www.fsfx.com.br\/ocupacional\/fsfx-participa-de-mais-uma-edicao-da-expo-usipa\/","url":"https:\/\/www.fsfx.com.br\/ocupacional\/fsfx-participa-de-mais-uma-edicao-da-expo-usipa\/","name":"FSFX participa de mais uma edi\u00e7\u00e3o da Expo Usipa - Vita - Sa\u00fade Ocupacional","isPartOf":{"@id":"https:\/\/www.fsfx.com.br\/ocupacional\/#website"},"primaryImageOfPage":{"@id":"https:\/\/www.fsfx.com.br\/ocupacional\/fsfx-participa-de-mais-uma-edicao-da-expo-usipa\/#primaryimage"},"image":{"@id":"https:\/\/www.fsfx.com.br\/ocupacional\/fsfx-participa-de-mais-uma-edicao-da-expo-usipa\/#primaryimage"},"thumbnailUrl":"https:\/\/www.fsfx.com.br\/ocupacional\/wp-content\/uploads\/sites\/3\/2024\/07\/Participacao-da-FSFX-na-ultima-Expo-Usipa-Foto-Arquivo-FSFX.jpg","datePublished":"2024-07-16T16:52:43+00:00","breadcrumb":{"@id":"https:\/\/www.fsfx.com.br\/ocupacional\/fsfx-participa-de-mais-uma-edicao-da-expo-usipa\/#breadcrumb"},"inLanguage":"pt-BR","potentialAction":[{"@type":"ReadAction","target":["https:\/\/www.fsfx.com.br\/ocupacional\/fsfx-participa-de-mais-uma-edicao-da-expo-usipa\/"]}]},{"@type":"ImageObject","inLanguage":"pt-BR","@id":"https:\/\/www.fsfx.com.br\/ocupacional\/fsfx-participa-de-mais-uma-edicao-da-expo-usipa\/#primaryimage","url":"https:\/\/www.fsfx.com.br\/ocupacional\/wp-content\/uploads\/sites\/3\/2024\/07\/Participacao-da-FSFX-na-ultima-Expo-Usipa-Foto-Arquivo-FSFX.jpg","contentUrl":"https:\/\/www.fsfx.com.br\/ocupacional\/wp-content\/uploads\/sites\/3\/2024\/07\/Participacao-da-FSFX-na-ultima-Expo-Usipa-Foto-Arquivo-FSFX.jpg","width":1920,"height":1440},{"@type":"BreadcrumbList","@id":"https:\/\/www.fsfx.com.br\/ocupacional\/fsfx-participa-de-mais-uma-edicao-da-expo-usipa\/#breadcrumb","itemListElement":[{"@type":"ListItem","position":1,"name":"In\u00edcio","item":"https:\/\/www.fsfx.com.br\/ocupacional\/"},{"@type":"ListItem","position":2,"name":"FSFX participa de mais uma edi\u00e7\u00e3o da Expo Usipa"}]},{"@type":"WebSite","@id":"https:\/\/www.fsfx.com.br\/ocupacional\/#website","url":"https:\/\/www.fsfx.com.br\/ocupacional\/","name":"Vita - Sa\u00fade Ocupacional","description":"A Vita, realiza, desde 2006, presta\u00e7\u00e3o de servi\u00e7os especializados em sa\u00fade, seguran\u00e7a do Trabalho e Higiene Ocupacional.","publisher":{"@id":"https:\/\/www.fsfx.com.br\/ocupacional\/#organization"},"potentialAction":[{"@type":"SearchAction","target":{"@type":"EntryPoint","urlTemplate":"https:\/\/www.fsfx.com.br\/ocupacional\/?s={search_term_string}"},"query-input":{"@type":"PropertyValueSpecification","valueRequired":true,"valueName":"search_term_string"}}],"inLanguage":"pt-BR"},{"@type":"Organization","@id":"https:\/\/www.fsfx.com.br\/ocupacional\/#organization","name":"Vita - Solu\u00e7\u00f5es em Sa\u00fade Ocupacional","url":"https:\/\/www.fsfx.com.br\/ocupacional\/","logo":{"@type":"ImageObject","inLanguage":"pt-BR","@id":"https:\/\/www.fsfx.com.br\/ocupacional\/#\/schema\/logo\/image\/","url":"https:\/\/www.fsfx.com.br\/ocupacional\/wp-content\/uploads\/sites\/3\/2022\/03\/logo-azul.png","contentUrl":"https:\/\/www.fsfx.com.br\/ocupacional\/wp-content\/uploads\/sites\/3\/2022\/03\/logo-azul.png","width":547,"height":178,"caption":"Vita - Solu\u00e7\u00f5es em Sa\u00fade Ocupacional"},"image":{"@id":"https:\/\/www.fsfx.com.br\/ocupacional\/#\/schema\/logo\/image\/"}},{"@type":"Person","@id":"https:\/\/www.fsfx.com.br\/ocupacional\/#\/schema\/person\/6bf2cced2b7a5d5d78f5610fc8f52504","name":"C\u00e1ssio Santana","image":{"@type":"ImageObject","inLanguage":"pt-BR","@id":"https:\/\/www.fsfx.com.br\/ocupacional\/#\/schema\/person\/image\/","url":"https:\/\/secure.gravatar.com\/avatar\/ef79739de3edd2f5c2e7c4930b0808c62af99fc5520eaadc7899948f8bc6d2e1?s=96&d=mm&r=g","contentUrl":"https:\/\/secure.gravatar.com\/avatar\/ef79739de3edd2f5c2e7c4930b0808c62af99fc5520eaadc7899948f8bc6d2e1?s=96&d=mm&r=g","caption":"C\u00e1ssio Santana"},"url":"https:\/\/www.fsfx.com.br\/ocupacional\/author\/cassio\/"}]}},"_links":{"self":[{"href":"https:\/\/www.fsfx.com.br\/ocupacional\/wp-json\/wp\/v2\/posts\/2856","targetHints":{"allow":["GET"]}}],"collection":[{"href":"https:\/\/www.fsfx.com.br\/ocupacional\/wp-json\/wp\/v2\/posts"}],"about":[{"href":"https:\/\/www.fsfx.com.br\/ocupacional\/wp-json\/wp\/v2\/types\/post"}],"author":[{"embeddable":true,"href":"https:\/\/www.fsfx.com.br\/ocupacional\/wp-json\/wp\/v2\/users\/6"}],"replies":[{"embeddable":true,"href":"https:\/\/www.fsfx.com.br\/ocupacional\/wp-json\/wp\/v2\/comments?post=2856"}],"version-history":[{"count":1,"href":"https:\/\/www.fsfx.com.br\/ocupacional\/wp-json\/wp\/v2\/posts\/2856\/revisions"}],"predecessor-version":[{"id":2858,"href":"https:\/\/www.fsfx.com.br\/ocupacional\/wp-json\/wp\/v2\/posts\/2856\/revisions\/2858"}],"wp:featuredmedia":[{"embeddable":true,"href":"https:\/\/www.fsfx.com.br\/ocupacional\/wp-json\/wp\/v2\/media\/2857"}],"wp:attachment":[{"href":"https:\/\/www.fsfx.com.br\/ocupacional\/wp-json\/wp\/v2\/media?parent=2856"}],"wp:term":[{"taxonomy":"category","embeddable":true,"href":"https:\/\/www.fsfx.com.br\/ocupacional\/wp-json\/wp\/v2\/categories?post=2856"},{"taxonomy":"post_tag","embeddable":true,"href":"https:\/\/www.fsfx.com.br\/ocupacional\/wp-json\/wp\/v2\/tags?post=2856"}],"curies":[{"name":"wp","href":"https:\/\/api.w.org\/{rel}","templated":true}]}}