{"id":2984,"date":"2024-10-04T08:49:25","date_gmt":"2024-10-04T11:49:25","guid":{"rendered":"https:\/\/www.fsfx.com.br\/ocupacional\/?p=2984"},"modified":"2024-10-10T08:49:37","modified_gmt":"2024-10-10T11:49:37","slug":"medicina-do-trabalho-um-pilar-de-saude-e-produtividade","status":"publish","type":"post","link":"https:\/\/www.fsfx.com.br\/ocupacional\/medicina-do-trabalho-um-pilar-de-saude-e-produtividade\/","title":{"rendered":"Medicina do trabalho: um pilar de sa\u00fade e produtividade"},"content":{"rendered":"<p style=\"text-align: center\"><em>Profissional da Vita Solu\u00e7\u00f5es em Sa\u00fade Ocupacional explica que investir em sa\u00fade e seguran\u00e7a do trabalho reduz doen\u00e7as, absente\u00edsmo, presente\u00edsmo e turnover <\/em><\/p>\n<p>Nesta sexta-feira, 4 de outubro, celebra-se o Dia da Medicina do Trabalho, uma data que ressalta a relev\u00e2ncia dessa \u00e1rea para as empresas e seus colaboradores. A medicina do trabalho tem como objetivo principal a preven\u00e7\u00e3o de doen\u00e7as ocupacionais e acidentes de trabalho, promovendo um ambiente seguro e saud\u00e1vel.<\/p>\n<p>Segundo dados do Minist\u00e9rio da Previd\u00eancia, somente no tri\u00eanio entre 2020 e 2022, quase 1,5 milh\u00f5es de acidentes foram registrados no Brasil, com CAT (Comunica\u00e7\u00e3o de Acidente do Trabalho). No mesmo per\u00edodo, Minas Gerais registrou 154.282 acidentes de trabalho, sendo que destes, quase 9 mil foram por doen\u00e7as do trabalho.<\/p>\n<p><img fetchpriority=\"high\" decoding=\"async\" class=\"size-medium wp-image-19227 alignleft\" src=\"https:\/\/www.fsfx.com.br\/wp-content\/uploads\/2024\/10\/medico-do-trabalho-da-Vita-Solucoes-em-Saude-Ocupacional-Dr.-Guilherme-Hauck-2-300x169.jpeg\" alt=\"\" width=\"300\" height=\"169\" \/>O m\u00e9dico do trabalho da Vita Solu\u00e7\u00f5es em Sa\u00fade Ocupacional, Dr. Guilherme Hauck, ressalta que essa especialidade \u00e9 fundamental para a sa\u00fade e o bem-estar dos trabalhadores, o que consequentemente, impacta positivamente tamb\u00e9m nos resultados das empresas. \u201cA principal atua\u00e7\u00e3o da medicina do trabalho \u00e9 a preven\u00e7\u00e3o de doen\u00e7as de origem ocupacional. Realizamos exames cl\u00ednicos e f\u00edsicos, al\u00e9m de complementares, sempre relacionados aos riscos do ambiente de trabalho&#8221;, afirma o Dr. Guilherme.<\/p>\n<p>Essa abordagem preventiva envolve n\u00e3o apenas a detec\u00e7\u00e3o precoce de problemas de sa\u00fade, mas tamb\u00e9m uma atua\u00e7\u00e3o conjunta com a seguran\u00e7a do trabalho para mitigar e controlar os riscos no local de trabalho. Essa parceria \u00e9 essencial para prevenir doen\u00e7as e acidentes que, al\u00e9m de prejudicarem os colaboradores, podem comprometer o funcionamento e a produtividade das empresas.<\/p>\n<p>De acordo com o profissional da Vita, empresas que investem na sa\u00fade de seus colaboradores tendem a perceber uma redu\u00e7\u00e3o no absente\u00edsmo e no presente\u00edsmo, situa\u00e7\u00f5es que, de acordo com o m\u00e9dico, afetam diretamente no desempenho dos trabalhadores. \u201cTer um colaborador saud\u00e1vel reflete em maior produtividade, o que aumenta os resultados da empresa. A preven\u00e7\u00e3o e a promo\u00e7\u00e3o da sa\u00fade s\u00e3o a\u00e7\u00f5es que trazem benef\u00edcios tanto para os funcion\u00e1rios quanto para as organiza\u00e7\u00f5es\u201d, explica o Dr. Guilherme.<\/p>\n<p>A Vita Solu\u00e7\u00f5es em Sa\u00fade Ocupacional, unidade da Funda\u00e7\u00e3o S\u00e3o Francisco Xavier onde o Dr. Guilherme atua, \u00e9 um exemplo de como os servi\u00e7os de medicina do trabalho podem ser oferecidos de forma abrangente e eficaz. &#8220;Na Vita contamos com uma equipe capacitada para realizar todos os exames ocupacionais, como os peri\u00f3dicos, admissionais e de retorno ao trabalho. Tamb\u00e9m realizamos a per\u00edcia de atestados m\u00e9dicos para diminuir o absente\u00edsmo, al\u00e9m de convocar os colaboradores para os exames peri\u00f3dicos, garantindo que as empresas cumpram os prazos exigidos pelo Minist\u00e9rio do Trabalho e Emprego&#8221;, destaca o m\u00e9dico.<\/p>\n<p>Outro ponto importante ressaltado pelo m\u00e9dico \u00e9 a necessidade de uma an\u00e1lise criteriosa dos exames ocupacionais para detectar poss\u00edveis doen\u00e7as relacionadas ao trabalho, como problemas osteomusculares (CID-M) e psicol\u00f3gicos (CID-F), que est\u00e3o em alta. &#8220;Precisamos empoderar os colaboradores, incentivando-os a participarem dos exames e a adotarem pr\u00e1ticas saud\u00e1veis, como a mudan\u00e7a de estilo de vida, a pr\u00e1tica de exerc\u00edcios f\u00edsicos e o controle de peso&#8221;, aconselha.<\/p>\n<p>O maior desafio, segundo o Dr. Guilherme, \u00e9 alinhar a atua\u00e7\u00e3o da medicina do trabalho com a alta dire\u00e7\u00e3o das empresas. \u201cA empresa precisa entender a import\u00e2ncia de investir em sa\u00fade e seguran\u00e7a do trabalho. Isso se traduz em uma redu\u00e7\u00e3o de doen\u00e7as, absente\u00edsmo, presente\u00edsmo e turnover, e resulta em aumento da produtividade\u201d, relata.<\/p>\n<p>A preven\u00e7\u00e3o \u00e9 um dos pilares fundamentais da medicina do trabalho. O Programa de Controle M\u00e9dico de Sa\u00fade Ocupacional (PCMSO), por exemplo, estabelece campanhas de sa\u00fade voltadas para os trabalhadores, promovendo atividades como controle da press\u00e3o arterial, diabetes, programas de combate ao tabagismo e campanhas de sa\u00fade mental.<\/p>\n<p>Al\u00e9m disso, a inova\u00e7\u00e3o tem ganhado espa\u00e7o nessa \u00e1rea. &#8220;Estamos avan\u00e7ando em dire\u00e7\u00e3o \u00e0 ind\u00fastria 4.0 e 5.0, com ambientes de trabalho mais limpos e o uso de tecnologias como intelig\u00eancia artificial e telemedicina. Por\u00e9m, apesar das inova\u00e7\u00f5es, \u00e9 crucial manter o foco no exame cl\u00ednico detalhado, preservando o contato humano entre o m\u00e9dico e o paciente\u201d, refor\u00e7a.<\/p>\n<p>O profissional da Vita Solu\u00e7\u00f5es em Sa\u00fade Ocupacional refor\u00e7a a import\u00e2ncia da medicina do trabalho para as empresas e para os colaboradores. \u201cA medicina do trabalho vai al\u00e9m de cumprir exig\u00eancias legais e normativas. Ela promove a sa\u00fade, a seguran\u00e7a e o bem-estar no ambiente laboral, resultando em uma for\u00e7a de trabalho mais saud\u00e1vel e produtiva, e no sucesso cont\u00ednuo das empresas\u201d, pontua<\/p>\n","protected":false},"excerpt":{"rendered":"<p>Profissional da Vita Solu\u00e7\u00f5es em Sa\u00fade Ocupacional explica que investir em sa\u00fade e seguran\u00e7a do trabalho reduz doen\u00e7as, absente\u00edsmo, presente\u00edsmo e turnover Nesta sexta-feira, 4 de outubro, celebra-se o Dia da Medicina do Trabalho, uma data que ressalta a relev\u00e2ncia dessa \u00e1rea para as empresas e seus colaboradores. A medicina do trabalho tem como objetivo [&hellip;]<\/p>\n","protected":false},"author":6,"featured_media":2985,"comment_status":"closed","ping_status":"closed","sticky":false,"template":"","format":"standard","meta":{"_acf_changed":false,"site-sidebar-layout":"default","site-content-layout":"","ast-site-content-layout":"default","site-content-style":"default","site-sidebar-style":"default","ast-global-header-display":"","ast-banner-title-visibility":"","ast-main-header-display":"","ast-hfb-above-header-display":"","ast-hfb-below-header-display":"","ast-hfb-mobile-header-display":"","site-post-title":"","ast-breadcrumbs-content":"","ast-featured-img":"","footer-sml-layout":"","theme-transparent-header-meta":"","adv-header-id-meta":"","stick-header-meta":"","header-above-stick-meta":"","header-main-stick-meta":"","header-below-stick-meta":"","astra-migrate-meta-layouts":"default","ast-page-background-enabled":"default","ast-page-background-meta":{"desktop":{"background-color":"var(--ast-global-color-4)","background-image":"","background-repeat":"repeat","background-position":"center center","background-size":"auto","background-attachment":"scroll","background-type":"","background-media":"","overlay-type":"","overlay-color":"","overlay-opacity":"","overlay-gradient":""},"tablet":{"background-color":"","background-image":"","background-repeat":"repeat","background-position":"center center","background-size":"auto","background-attachment":"scroll","background-type":"","background-media":"","overlay-type":"","overlay-color":"","overlay-opacity":"","overlay-gradient":""},"mobile":{"background-color":"","background-image":"","background-repeat":"repeat","background-position":"center center","background-size":"auto","background-attachment":"scroll","background-type":"","background-media":"","overlay-type":"","overlay-color":"","overlay-opacity":"","overlay-gradient":""}},"ast-content-background-meta":{"desktop":{"background-color":"var(--ast-global-color-5)","background-image":"","background-repeat":"repeat","background-position":"center center","background-size":"auto","background-attachment":"scroll","background-type":"","background-media":"","overlay-type":"","overlay-color":"","overlay-opacity":"","overlay-gradient":""},"tablet":{"background-color":"var(--ast-global-color-5)","background-image":"","background-repeat":"repeat","background-position":"center center","background-size":"auto","background-attachment":"scroll","background-type":"","background-media":"","overlay-type":"","overlay-color":"","overlay-opacity":"","overlay-gradient":""},"mobile":{"background-color":"var(--ast-global-color-5)","background-image":"","background-repeat":"repeat","background-position":"center center","background-size":"auto","background-attachment":"scroll","background-type":"","background-media":"","overlay-type":"","overlay-color":"","overlay-opacity":"","overlay-gradient":""}},"footnotes":""},"categories":[1],"tags":[],"class_list":["post-2984","post","type-post","status-publish","format-standard","has-post-thumbnail","hentry","category-sem-categoria"],"acf":[],"yoast_head":"<!-- This site is optimized with the Yoast SEO plugin v26.9 - https:\/\/yoast.com\/product\/yoast-seo-wordpress\/ -->\n<title>Medicina do trabalho: um pilar de sa\u00fade e produtividade - Vita - Sa\u00fade Ocupacional<\/title>\n<meta name=\"robots\" content=\"index, follow, max-snippet:-1, max-image-preview:large, max-video-preview:-1\" \/>\n<link rel=\"canonical\" href=\"https:\/\/www.fsfx.com.br\/ocupacional\/medicina-do-trabalho-um-pilar-de-saude-e-produtividade\/\" \/>\n<meta property=\"og:locale\" content=\"pt_BR\" \/>\n<meta property=\"og:type\" content=\"article\" \/>\n<meta property=\"og:title\" content=\"Medicina do trabalho: um pilar de sa\u00fade e produtividade - Vita - Sa\u00fade Ocupacional\" \/>\n<meta property=\"og:description\" content=\"Profissional da Vita Solu\u00e7\u00f5es em Sa\u00fade Ocupacional explica que investir em sa\u00fade e seguran\u00e7a do trabalho reduz doen\u00e7as, absente\u00edsmo, presente\u00edsmo e turnover Nesta sexta-feira, 4 de outubro, celebra-se o Dia da Medicina do Trabalho, uma data que ressalta a relev\u00e2ncia dessa \u00e1rea para as empresas e seus colaboradores. A medicina do trabalho tem como objetivo [&hellip;]\" \/>\n<meta property=\"og:url\" content=\"https:\/\/www.fsfx.com.br\/ocupacional\/medicina-do-trabalho-um-pilar-de-saude-e-produtividade\/\" \/>\n<meta property=\"og:site_name\" content=\"Vita - Sa\u00fade Ocupacional\" \/>\n<meta property=\"article:published_time\" content=\"2024-10-04T11:49:25+00:00\" \/>\n<meta property=\"article:modified_time\" content=\"2024-10-10T11:49:37+00:00\" \/>\n<meta property=\"og:image\" content=\"https:\/\/www.fsfx.com.br\/ocupacional\/wp-content\/uploads\/sites\/3\/2024\/10\/medico-do-trabalho-da-Vita-Solucoes-em-Saude-Ocupacional-Dr.-Guilherme-Hauck-2.jpeg\" \/>\n\t<meta property=\"og:image:width\" content=\"1600\" \/>\n\t<meta property=\"og:image:height\" content=\"900\" \/>\n\t<meta property=\"og:image:type\" content=\"image\/jpeg\" \/>\n<meta name=\"author\" content=\"C\u00e1ssio Santana\" \/>\n<meta name=\"twitter:card\" content=\"summary_large_image\" \/>\n<meta name=\"twitter:label1\" content=\"Escrito por\" \/>\n\t<meta name=\"twitter:data1\" content=\"C\u00e1ssio Santana\" \/>\n\t<meta name=\"twitter:label2\" content=\"Est. tempo de leitura\" \/>\n\t<meta name=\"twitter:data2\" content=\"5 minutos\" \/>\n<script type=\"application\/ld+json\" class=\"yoast-schema-graph\">{\"@context\":\"https:\/\/schema.org\",\"@graph\":[{\"@type\":\"Article\",\"@id\":\"https:\/\/www.fsfx.com.br\/ocupacional\/medicina-do-trabalho-um-pilar-de-saude-e-produtividade\/#article\",\"isPartOf\":{\"@id\":\"https:\/\/www.fsfx.com.br\/ocupacional\/medicina-do-trabalho-um-pilar-de-saude-e-produtividade\/\"},\"author\":{\"name\":\"C\u00e1ssio Santana\",\"@id\":\"https:\/\/www.fsfx.com.br\/ocupacional\/#\/schema\/person\/6bf2cced2b7a5d5d78f5610fc8f52504\"},\"headline\":\"Medicina do trabalho: um pilar de sa\u00fade e produtividade\",\"datePublished\":\"2024-10-04T11:49:25+00:00\",\"dateModified\":\"2024-10-10T11:49:37+00:00\",\"mainEntityOfPage\":{\"@id\":\"https:\/\/www.fsfx.com.br\/ocupacional\/medicina-do-trabalho-um-pilar-de-saude-e-produtividade\/\"},\"wordCount\":820,\"publisher\":{\"@id\":\"https:\/\/www.fsfx.com.br\/ocupacional\/#organization\"},\"image\":{\"@id\":\"https:\/\/www.fsfx.com.br\/ocupacional\/medicina-do-trabalho-um-pilar-de-saude-e-produtividade\/#primaryimage\"},\"thumbnailUrl\":\"https:\/\/www.fsfx.com.br\/ocupacional\/wp-content\/uploads\/sites\/3\/2024\/10\/medico-do-trabalho-da-Vita-Solucoes-em-Saude-Ocupacional-Dr.-Guilherme-Hauck-2.jpeg\",\"inLanguage\":\"pt-BR\"},{\"@type\":\"WebPage\",\"@id\":\"https:\/\/www.fsfx.com.br\/ocupacional\/medicina-do-trabalho-um-pilar-de-saude-e-produtividade\/\",\"url\":\"https:\/\/www.fsfx.com.br\/ocupacional\/medicina-do-trabalho-um-pilar-de-saude-e-produtividade\/\",\"name\":\"Medicina do trabalho: um pilar de sa\u00fade e produtividade - Vita - Sa\u00fade Ocupacional\",\"isPartOf\":{\"@id\":\"https:\/\/www.fsfx.com.br\/ocupacional\/#website\"},\"primaryImageOfPage\":{\"@id\":\"https:\/\/www.fsfx.com.br\/ocupacional\/medicina-do-trabalho-um-pilar-de-saude-e-produtividade\/#primaryimage\"},\"image\":{\"@id\":\"https:\/\/www.fsfx.com.br\/ocupacional\/medicina-do-trabalho-um-pilar-de-saude-e-produtividade\/#primaryimage\"},\"thumbnailUrl\":\"https:\/\/www.fsfx.com.br\/ocupacional\/wp-content\/uploads\/sites\/3\/2024\/10\/medico-do-trabalho-da-Vita-Solucoes-em-Saude-Ocupacional-Dr.-Guilherme-Hauck-2.jpeg\",\"datePublished\":\"2024-10-04T11:49:25+00:00\",\"dateModified\":\"2024-10-10T11:49:37+00:00\",\"breadcrumb\":{\"@id\":\"https:\/\/www.fsfx.com.br\/ocupacional\/medicina-do-trabalho-um-pilar-de-saude-e-produtividade\/#breadcrumb\"},\"inLanguage\":\"pt-BR\",\"potentialAction\":[{\"@type\":\"ReadAction\",\"target\":[\"https:\/\/www.fsfx.com.br\/ocupacional\/medicina-do-trabalho-um-pilar-de-saude-e-produtividade\/\"]}]},{\"@type\":\"ImageObject\",\"inLanguage\":\"pt-BR\",\"@id\":\"https:\/\/www.fsfx.com.br\/ocupacional\/medicina-do-trabalho-um-pilar-de-saude-e-produtividade\/#primaryimage\",\"url\":\"https:\/\/www.fsfx.com.br\/ocupacional\/wp-content\/uploads\/sites\/3\/2024\/10\/medico-do-trabalho-da-Vita-Solucoes-em-Saude-Ocupacional-Dr.-Guilherme-Hauck-2.jpeg\",\"contentUrl\":\"https:\/\/www.fsfx.com.br\/ocupacional\/wp-content\/uploads\/sites\/3\/2024\/10\/medico-do-trabalho-da-Vita-Solucoes-em-Saude-Ocupacional-Dr.-Guilherme-Hauck-2.jpeg\",\"width\":1600,\"height\":900},{\"@type\":\"BreadcrumbList\",\"@id\":\"https:\/\/www.fsfx.com.br\/ocupacional\/medicina-do-trabalho-um-pilar-de-saude-e-produtividade\/#breadcrumb\",\"itemListElement\":[{\"@type\":\"ListItem\",\"position\":1,\"name\":\"In\u00edcio\",\"item\":\"https:\/\/www.fsfx.com.br\/ocupacional\/\"},{\"@type\":\"ListItem\",\"position\":2,\"name\":\"Medicina do trabalho: um pilar de sa\u00fade e produtividade\"}]},{\"@type\":\"WebSite\",\"@id\":\"https:\/\/www.fsfx.com.br\/ocupacional\/#website\",\"url\":\"https:\/\/www.fsfx.com.br\/ocupacional\/\",\"name\":\"Vita - Sa\u00fade Ocupacional\",\"description\":\"A Vita, realiza, desde 2006, presta\u00e7\u00e3o de servi\u00e7os especializados em sa\u00fade, seguran\u00e7a do Trabalho e Higiene Ocupacional.\",\"publisher\":{\"@id\":\"https:\/\/www.fsfx.com.br\/ocupacional\/#organization\"},\"potentialAction\":[{\"@type\":\"SearchAction\",\"target\":{\"@type\":\"EntryPoint\",\"urlTemplate\":\"https:\/\/www.fsfx.com.br\/ocupacional\/?s={search_term_string}\"},\"query-input\":{\"@type\":\"PropertyValueSpecification\",\"valueRequired\":true,\"valueName\":\"search_term_string\"}}],\"inLanguage\":\"pt-BR\"},{\"@type\":\"Organization\",\"@id\":\"https:\/\/www.fsfx.com.br\/ocupacional\/#organization\",\"name\":\"Vita - Solu\u00e7\u00f5es em Sa\u00fade Ocupacional\",\"url\":\"https:\/\/www.fsfx.com.br\/ocupacional\/\",\"logo\":{\"@type\":\"ImageObject\",\"inLanguage\":\"pt-BR\",\"@id\":\"https:\/\/www.fsfx.com.br\/ocupacional\/#\/schema\/logo\/image\/\",\"url\":\"https:\/\/www.fsfx.com.br\/ocupacional\/wp-content\/uploads\/sites\/3\/2022\/03\/logo-azul.png\",\"contentUrl\":\"https:\/\/www.fsfx.com.br\/ocupacional\/wp-content\/uploads\/sites\/3\/2022\/03\/logo-azul.png\",\"width\":547,\"height\":178,\"caption\":\"Vita - Solu\u00e7\u00f5es em Sa\u00fade Ocupacional\"},\"image\":{\"@id\":\"https:\/\/www.fsfx.com.br\/ocupacional\/#\/schema\/logo\/image\/\"}},{\"@type\":\"Person\",\"@id\":\"https:\/\/www.fsfx.com.br\/ocupacional\/#\/schema\/person\/6bf2cced2b7a5d5d78f5610fc8f52504\",\"name\":\"C\u00e1ssio Santana\",\"image\":{\"@type\":\"ImageObject\",\"inLanguage\":\"pt-BR\",\"@id\":\"https:\/\/www.fsfx.com.br\/ocupacional\/#\/schema\/person\/image\/\",\"url\":\"https:\/\/secure.gravatar.com\/avatar\/ef79739de3edd2f5c2e7c4930b0808c62af99fc5520eaadc7899948f8bc6d2e1?s=96&d=mm&r=g\",\"contentUrl\":\"https:\/\/secure.gravatar.com\/avatar\/ef79739de3edd2f5c2e7c4930b0808c62af99fc5520eaadc7899948f8bc6d2e1?s=96&d=mm&r=g\",\"caption\":\"C\u00e1ssio Santana\"},\"url\":\"https:\/\/www.fsfx.com.br\/ocupacional\/author\/cassio\/\"}]}<\/script>\n<!-- \/ Yoast SEO plugin. -->","yoast_head_json":{"title":"Medicina do trabalho: um pilar de sa\u00fade e produtividade - Vita - Sa\u00fade Ocupacional","robots":{"index":"index","follow":"follow","max-snippet":"max-snippet:-1","max-image-preview":"max-image-preview:large","max-video-preview":"max-video-preview:-1"},"canonical":"https:\/\/www.fsfx.com.br\/ocupacional\/medicina-do-trabalho-um-pilar-de-saude-e-produtividade\/","og_locale":"pt_BR","og_type":"article","og_title":"Medicina do trabalho: um pilar de sa\u00fade e produtividade - Vita - Sa\u00fade Ocupacional","og_description":"Profissional da Vita Solu\u00e7\u00f5es em Sa\u00fade Ocupacional explica que investir em sa\u00fade e seguran\u00e7a do trabalho reduz doen\u00e7as, absente\u00edsmo, presente\u00edsmo e turnover Nesta sexta-feira, 4 de outubro, celebra-se o Dia da Medicina do Trabalho, uma data que ressalta a relev\u00e2ncia dessa \u00e1rea para as empresas e seus colaboradores. A medicina do trabalho tem como objetivo [&hellip;]","og_url":"https:\/\/www.fsfx.com.br\/ocupacional\/medicina-do-trabalho-um-pilar-de-saude-e-produtividade\/","og_site_name":"Vita - Sa\u00fade Ocupacional","article_published_time":"2024-10-04T11:49:25+00:00","article_modified_time":"2024-10-10T11:49:37+00:00","og_image":[{"width":1600,"height":900,"url":"https:\/\/www.fsfx.com.br\/ocupacional\/wp-content\/uploads\/sites\/3\/2024\/10\/medico-do-trabalho-da-Vita-Solucoes-em-Saude-Ocupacional-Dr.-Guilherme-Hauck-2.jpeg","type":"image\/jpeg"}],"author":"C\u00e1ssio Santana","twitter_card":"summary_large_image","twitter_misc":{"Escrito por":"C\u00e1ssio Santana","Est. tempo de leitura":"5 minutos"},"schema":{"@context":"https:\/\/schema.org","@graph":[{"@type":"Article","@id":"https:\/\/www.fsfx.com.br\/ocupacional\/medicina-do-trabalho-um-pilar-de-saude-e-produtividade\/#article","isPartOf":{"@id":"https:\/\/www.fsfx.com.br\/ocupacional\/medicina-do-trabalho-um-pilar-de-saude-e-produtividade\/"},"author":{"name":"C\u00e1ssio Santana","@id":"https:\/\/www.fsfx.com.br\/ocupacional\/#\/schema\/person\/6bf2cced2b7a5d5d78f5610fc8f52504"},"headline":"Medicina do trabalho: um pilar de sa\u00fade e produtividade","datePublished":"2024-10-04T11:49:25+00:00","dateModified":"2024-10-10T11:49:37+00:00","mainEntityOfPage":{"@id":"https:\/\/www.fsfx.com.br\/ocupacional\/medicina-do-trabalho-um-pilar-de-saude-e-produtividade\/"},"wordCount":820,"publisher":{"@id":"https:\/\/www.fsfx.com.br\/ocupacional\/#organization"},"image":{"@id":"https:\/\/www.fsfx.com.br\/ocupacional\/medicina-do-trabalho-um-pilar-de-saude-e-produtividade\/#primaryimage"},"thumbnailUrl":"https:\/\/www.fsfx.com.br\/ocupacional\/wp-content\/uploads\/sites\/3\/2024\/10\/medico-do-trabalho-da-Vita-Solucoes-em-Saude-Ocupacional-Dr.-Guilherme-Hauck-2.jpeg","inLanguage":"pt-BR"},{"@type":"WebPage","@id":"https:\/\/www.fsfx.com.br\/ocupacional\/medicina-do-trabalho-um-pilar-de-saude-e-produtividade\/","url":"https:\/\/www.fsfx.com.br\/ocupacional\/medicina-do-trabalho-um-pilar-de-saude-e-produtividade\/","name":"Medicina do trabalho: um pilar de sa\u00fade e produtividade - Vita - Sa\u00fade Ocupacional","isPartOf":{"@id":"https:\/\/www.fsfx.com.br\/ocupacional\/#website"},"primaryImageOfPage":{"@id":"https:\/\/www.fsfx.com.br\/ocupacional\/medicina-do-trabalho-um-pilar-de-saude-e-produtividade\/#primaryimage"},"image":{"@id":"https:\/\/www.fsfx.com.br\/ocupacional\/medicina-do-trabalho-um-pilar-de-saude-e-produtividade\/#primaryimage"},"thumbnailUrl":"https:\/\/www.fsfx.com.br\/ocupacional\/wp-content\/uploads\/sites\/3\/2024\/10\/medico-do-trabalho-da-Vita-Solucoes-em-Saude-Ocupacional-Dr.-Guilherme-Hauck-2.jpeg","datePublished":"2024-10-04T11:49:25+00:00","dateModified":"2024-10-10T11:49:37+00:00","breadcrumb":{"@id":"https:\/\/www.fsfx.com.br\/ocupacional\/medicina-do-trabalho-um-pilar-de-saude-e-produtividade\/#breadcrumb"},"inLanguage":"pt-BR","potentialAction":[{"@type":"ReadAction","target":["https:\/\/www.fsfx.com.br\/ocupacional\/medicina-do-trabalho-um-pilar-de-saude-e-produtividade\/"]}]},{"@type":"ImageObject","inLanguage":"pt-BR","@id":"https:\/\/www.fsfx.com.br\/ocupacional\/medicina-do-trabalho-um-pilar-de-saude-e-produtividade\/#primaryimage","url":"https:\/\/www.fsfx.com.br\/ocupacional\/wp-content\/uploads\/sites\/3\/2024\/10\/medico-do-trabalho-da-Vita-Solucoes-em-Saude-Ocupacional-Dr.-Guilherme-Hauck-2.jpeg","contentUrl":"https:\/\/www.fsfx.com.br\/ocupacional\/wp-content\/uploads\/sites\/3\/2024\/10\/medico-do-trabalho-da-Vita-Solucoes-em-Saude-Ocupacional-Dr.-Guilherme-Hauck-2.jpeg","width":1600,"height":900},{"@type":"BreadcrumbList","@id":"https:\/\/www.fsfx.com.br\/ocupacional\/medicina-do-trabalho-um-pilar-de-saude-e-produtividade\/#breadcrumb","itemListElement":[{"@type":"ListItem","position":1,"name":"In\u00edcio","item":"https:\/\/www.fsfx.com.br\/ocupacional\/"},{"@type":"ListItem","position":2,"name":"Medicina do trabalho: um pilar de sa\u00fade e produtividade"}]},{"@type":"WebSite","@id":"https:\/\/www.fsfx.com.br\/ocupacional\/#website","url":"https:\/\/www.fsfx.com.br\/ocupacional\/","name":"Vita - Sa\u00fade Ocupacional","description":"A Vita, realiza, desde 2006, presta\u00e7\u00e3o de servi\u00e7os especializados em sa\u00fade, seguran\u00e7a do Trabalho e Higiene Ocupacional.","publisher":{"@id":"https:\/\/www.fsfx.com.br\/ocupacional\/#organization"},"potentialAction":[{"@type":"SearchAction","target":{"@type":"EntryPoint","urlTemplate":"https:\/\/www.fsfx.com.br\/ocupacional\/?s={search_term_string}"},"query-input":{"@type":"PropertyValueSpecification","valueRequired":true,"valueName":"search_term_string"}}],"inLanguage":"pt-BR"},{"@type":"Organization","@id":"https:\/\/www.fsfx.com.br\/ocupacional\/#organization","name":"Vita - Solu\u00e7\u00f5es em Sa\u00fade Ocupacional","url":"https:\/\/www.fsfx.com.br\/ocupacional\/","logo":{"@type":"ImageObject","inLanguage":"pt-BR","@id":"https:\/\/www.fsfx.com.br\/ocupacional\/#\/schema\/logo\/image\/","url":"https:\/\/www.fsfx.com.br\/ocupacional\/wp-content\/uploads\/sites\/3\/2022\/03\/logo-azul.png","contentUrl":"https:\/\/www.fsfx.com.br\/ocupacional\/wp-content\/uploads\/sites\/3\/2022\/03\/logo-azul.png","width":547,"height":178,"caption":"Vita - Solu\u00e7\u00f5es em Sa\u00fade Ocupacional"},"image":{"@id":"https:\/\/www.fsfx.com.br\/ocupacional\/#\/schema\/logo\/image\/"}},{"@type":"Person","@id":"https:\/\/www.fsfx.com.br\/ocupacional\/#\/schema\/person\/6bf2cced2b7a5d5d78f5610fc8f52504","name":"C\u00e1ssio Santana","image":{"@type":"ImageObject","inLanguage":"pt-BR","@id":"https:\/\/www.fsfx.com.br\/ocupacional\/#\/schema\/person\/image\/","url":"https:\/\/secure.gravatar.com\/avatar\/ef79739de3edd2f5c2e7c4930b0808c62af99fc5520eaadc7899948f8bc6d2e1?s=96&d=mm&r=g","contentUrl":"https:\/\/secure.gravatar.com\/avatar\/ef79739de3edd2f5c2e7c4930b0808c62af99fc5520eaadc7899948f8bc6d2e1?s=96&d=mm&r=g","caption":"C\u00e1ssio Santana"},"url":"https:\/\/www.fsfx.com.br\/ocupacional\/author\/cassio\/"}]}},"_links":{"self":[{"href":"https:\/\/www.fsfx.com.br\/ocupacional\/wp-json\/wp\/v2\/posts\/2984","targetHints":{"allow":["GET"]}}],"collection":[{"href":"https:\/\/www.fsfx.com.br\/ocupacional\/wp-json\/wp\/v2\/posts"}],"about":[{"href":"https:\/\/www.fsfx.com.br\/ocupacional\/wp-json\/wp\/v2\/types\/post"}],"author":[{"embeddable":true,"href":"https:\/\/www.fsfx.com.br\/ocupacional\/wp-json\/wp\/v2\/users\/6"}],"replies":[{"embeddable":true,"href":"https:\/\/www.fsfx.com.br\/ocupacional\/wp-json\/wp\/v2\/comments?post=2984"}],"version-history":[{"count":1,"href":"https:\/\/www.fsfx.com.br\/ocupacional\/wp-json\/wp\/v2\/posts\/2984\/revisions"}],"predecessor-version":[{"id":2986,"href":"https:\/\/www.fsfx.com.br\/ocupacional\/wp-json\/wp\/v2\/posts\/2984\/revisions\/2986"}],"wp:featuredmedia":[{"embeddable":true,"href":"https:\/\/www.fsfx.com.br\/ocupacional\/wp-json\/wp\/v2\/media\/2985"}],"wp:attachment":[{"href":"https:\/\/www.fsfx.com.br\/ocupacional\/wp-json\/wp\/v2\/media?parent=2984"}],"wp:term":[{"taxonomy":"category","embeddable":true,"href":"https:\/\/www.fsfx.com.br\/ocupacional\/wp-json\/wp\/v2\/categories?post=2984"},{"taxonomy":"post_tag","embeddable":true,"href":"https:\/\/www.fsfx.com.br\/ocupacional\/wp-json\/wp\/v2\/tags?post=2984"}],"curies":[{"name":"wp","href":"https:\/\/api.w.org\/{rel}","templated":true}]}}