{"id":2987,"date":"2024-10-18T08:36:06","date_gmt":"2024-10-18T11:36:06","guid":{"rendered":"https:\/\/www.fsfx.com.br\/ocupacional\/?p=2987"},"modified":"2024-10-18T08:36:06","modified_gmt":"2024-10-18T11:36:06","slug":"dedicacao-e-excelencia-no-dia-do-medico-fsfx-reforca-o-valor-de-seus-profissionais","status":"publish","type":"post","link":"https:\/\/www.fsfx.com.br\/ocupacional\/dedicacao-e-excelencia-no-dia-do-medico-fsfx-reforca-o-valor-de-seus-profissionais\/","title":{"rendered":"Dedica\u00e7\u00e3o e excel\u00eancia: no Dia do M\u00e9dico FSFX refor\u00e7a o valor de seus profissionais"},"content":{"rendered":"<p style=\"text-align: center\"><em>Institui\u00e7\u00e3o conta com mais de 750 m\u00e9dicos atuando no Hospital M\u00e1rcio Cunha, no Hospital Municipal Carlos Chagas, na Usisa\u00fade e na Vita Solu\u00e7\u00f5es em Sa\u00fade Ocupacional<\/em><\/p>\n<p>Nesta sexta-feira, 18 de outubro, o Brasil celebra o Dia do M\u00e9dico, uma data dedicada a homenagear os profissionais que, com compromisso e humaniza\u00e7\u00e3o, dedicam suas vidas ao cuidado da sa\u00fade da popula\u00e7\u00e3o. Na Funda\u00e7\u00e3o S\u00e3o Francisco Xavier (FSFX), esses m\u00e9dicos s\u00e3o respons\u00e1veis por diagn\u00f3sticos, tratamentos e pelo acompanhamento de pacientes em todas as fases da vida, desde o nascimento at\u00e9 o envelhecimento, sempre com a miss\u00e3o de promover a sa\u00fade, o bem-estar e salvar vidas.<\/p>\n<p>Entre as muitas hist\u00f3rias de supera\u00e7\u00e3o que envolvem a atua\u00e7\u00e3o desses profissionais, destaca-se a de Raimunda Carvalho, uma senhora de 74 anos que enfrentou in\u00fameros desafios de sa\u00fade e sobreviveu gra\u00e7as \u00e0 interven\u00e7\u00e3o dos m\u00e9dicos do Hospital M\u00e1rcio Cunha. Cardiopata e portadora de DPOC (Doen\u00e7a Pulmonar Obstrutiva Cr\u00f4nica), dona Raimunda passou por duas interna\u00e7\u00f5es no HMC, onde realizou uma cirurgia de emerg\u00eancia, interna\u00e7\u00e3o na UTI em estado cr\u00edtico, procedimentos de hemodin\u00e2mica e, finalmente, sua interna\u00e7\u00e3o para recupera\u00e7\u00e3o. Durante toda a jornada recebeu o atendimento de diversos profissionais e especialidades m\u00e9dicas, que garantiram seu bem-estar.<\/p>\n<p>Eduarda Carvalho, neta de dona Raimunda e estudante de medicina, relembra a ang\u00fastia que viveu ao ver a av\u00f3 em uma situa\u00e7\u00e3o delicada. \u201cEla estava em um estado muito grave. Os m\u00e9dicos me disseram que fariam o poss\u00edvel, mas que o caso dela era muito cr\u00edtico. No entanto, eles nunca desistiram. A equipe m\u00e9dica fez de tudo, e foi um verdadeiro milagre. Somos eternamente gratas a Deus e aos m\u00e9dicos que cuidaram dela com tanto zelo\u201d, conta Eduarda, emocionada.<\/p>\n<p>Dona Raimunda, que enfrentou m\u00faltiplas complica\u00e7\u00f5es durante a interna\u00e7\u00e3o, como insufici\u00eancia respirat\u00f3ria e pneumonia, reconhece o papel fundamental dos m\u00e9dicos e de toda a equipe do hospital em sua recupera\u00e7\u00e3o. &#8220;Entreguei minha vida nas m\u00e3os de Deus e dos profissionais do hospital. Foram eles que me salvaram. N\u00e3o tenho palavras para expressar minha gratid\u00e3o. Os profissionais do HMC nos tratam com muita aten\u00e7\u00e3o. J\u00e1 estive em v\u00e1rios hospitais, e o Hospital M\u00e1rcio Cunha \u00e9 muito bom, muito humano. Essa humaniza\u00e7\u00e3o faz toda a diferen\u00e7a e nos d\u00e1 for\u00e7a para superar as adversidades&#8221;, afirma.<\/p>\n<p>Essa hist\u00f3ria reflete o esfor\u00e7o incans\u00e1vel dos m\u00e9dicos que, diariamente, enfrentam os mais diversos desafios para salvar vidas. Neste dia, a FSFX celebra o Dia do M\u00e9dico e reconhece o impacto positivo que esses profissionais t\u00eam na vida de seus pacientes e suas fam\u00edlias, como no caso de dona Raimunda. A gratid\u00e3o \u00e9 a maior homenagem que se pode prestar a quem dedica sua vida a cuidar da sa\u00fade e do bem-estar da sociedade.<\/p>\n<p>Nesta data especial, a Funda\u00e7\u00e3o S\u00e3o Francisco Xavier se orgulha de contar com m\u00e9dicos experientes, qualificados e que demonstram um compromisso inabal\u00e1vel com a sa\u00fade e o bem-estar de todos. Para se ter uma ideia da dimens\u00e3o desse comprometimento, entre as unidades da FSFX, destaca-se o Hospital M\u00e1rcio Cunha, refer\u00eancia para uma popula\u00e7\u00e3o aproximada de 1,6 milh\u00e3o de habitantes, abrangendo 87 munic\u00edpios de Minas Gerais. O HMC conta com uma equipe de 577 m\u00e9dicos em seu corpo cl\u00ednico, distribu\u00eddos em mais de 56 especialidades.<\/p>\n<p>Na regi\u00e3o do Vale do A\u00e7o e em Belo Horizonte, em Minas Gerais, e na Baixada Santista, em S\u00e3o Paulo, a operadora da FSFX, Usisa\u00fade, disp\u00f5e de uma equipe com 31 m\u00e9dicos que atendem nas unidades Usifam\u00edlia. No Hospital Municipal Carlos Chagas, em Itabira, a equipe m\u00e9dica \u00e9 composta por 127 profissionais. Al\u00e9m disso, a FSFX conta com 22 m\u00e9dicos atuando na Vita Solu\u00e7\u00f5es em Sa\u00fade Ocupacional.<\/p>\n<p>O presidente da FSFX, Flaviano Feu Ventorim, destaca o empenho desses profissionais que fazem a diferen\u00e7a diariamente. &#8220;Neste Dia do M\u00e9dico, quero parabenizar todos os profissionais que dedicam suas vidas \u00e0 nobre miss\u00e3o de cuidar da sa\u00fade e do bem-estar da nossa sociedade. O papel de cada m\u00e9dico \u00e9 fundamental, n\u00e3o apenas na cura de doen\u00e7as, mas tamb\u00e9m na preven\u00e7\u00e3o, orienta\u00e7\u00e3o e no acolhimento humanizado aos pacientes e suas fam\u00edlias. Na Funda\u00e7\u00e3o S\u00e3o Francisco Xavier, temos o privil\u00e9gio de contar com profissionais excepcionais, comprometidos com a excel\u00eancia e com a vida. Agradecemos imensamente pela dedica\u00e7\u00e3o, compet\u00eancia e por serem pilares essenciais na nossa miss\u00e3o de transformar vidas atrav\u00e9s da sa\u00fade&#8221;, ressalta Flaviano.<\/p>\n","protected":false},"excerpt":{"rendered":"<p>Institui\u00e7\u00e3o conta com mais de 750 m\u00e9dicos atuando no Hospital M\u00e1rcio Cunha, no Hospital Municipal Carlos Chagas, na Usisa\u00fade e na Vita Solu\u00e7\u00f5es em Sa\u00fade Ocupacional Nesta sexta-feira, 18 de outubro, o Brasil celebra o Dia do M\u00e9dico, uma data dedicada a homenagear os profissionais que, com compromisso e humaniza\u00e7\u00e3o, dedicam suas vidas ao cuidado [&hellip;]<\/p>\n","protected":false},"author":6,"featured_media":2990,"comment_status":"closed","ping_status":"closed","sticky":false,"template":"","format":"standard","meta":{"_acf_changed":false,"site-sidebar-layout":"default","site-content-layout":"","ast-site-content-layout":"default","site-content-style":"default","site-sidebar-style":"default","ast-global-header-display":"","ast-banner-title-visibility":"","ast-main-header-display":"","ast-hfb-above-header-display":"","ast-hfb-below-header-display":"","ast-hfb-mobile-header-display":"","site-post-title":"","ast-breadcrumbs-content":"","ast-featured-img":"","footer-sml-layout":"","theme-transparent-header-meta":"","adv-header-id-meta":"","stick-header-meta":"","header-above-stick-meta":"","header-main-stick-meta":"","header-below-stick-meta":"","astra-migrate-meta-layouts":"default","ast-page-background-enabled":"default","ast-page-background-meta":{"desktop":{"background-color":"var(--ast-global-color-4)","background-image":"","background-repeat":"repeat","background-position":"center center","background-size":"auto","background-attachment":"scroll","background-type":"","background-media":"","overlay-type":"","overlay-color":"","overlay-opacity":"","overlay-gradient":""},"tablet":{"background-color":"","background-image":"","background-repeat":"repeat","background-position":"center center","background-size":"auto","background-attachment":"scroll","background-type":"","background-media":"","overlay-type":"","overlay-color":"","overlay-opacity":"","overlay-gradient":""},"mobile":{"background-color":"","background-image":"","background-repeat":"repeat","background-position":"center center","background-size":"auto","background-attachment":"scroll","background-type":"","background-media":"","overlay-type":"","overlay-color":"","overlay-opacity":"","overlay-gradient":""}},"ast-content-background-meta":{"desktop":{"background-color":"var(--ast-global-color-5)","background-image":"","background-repeat":"repeat","background-position":"center center","background-size":"auto","background-attachment":"scroll","background-type":"","background-media":"","overlay-type":"","overlay-color":"","overlay-opacity":"","overlay-gradient":""},"tablet":{"background-color":"var(--ast-global-color-5)","background-image":"","background-repeat":"repeat","background-position":"center center","background-size":"auto","background-attachment":"scroll","background-type":"","background-media":"","overlay-type":"","overlay-color":"","overlay-opacity":"","overlay-gradient":""},"mobile":{"background-color":"var(--ast-global-color-5)","background-image":"","background-repeat":"repeat","background-position":"center center","background-size":"auto","background-attachment":"scroll","background-type":"","background-media":"","overlay-type":"","overlay-color":"","overlay-opacity":"","overlay-gradient":""}},"footnotes":""},"categories":[1],"tags":[],"class_list":["post-2987","post","type-post","status-publish","format-standard","has-post-thumbnail","hentry","category-sem-categoria"],"acf":[],"yoast_head":"<!-- This site is optimized with the Yoast SEO plugin v26.9 - https:\/\/yoast.com\/product\/yoast-seo-wordpress\/ -->\n<title>Dedica\u00e7\u00e3o e excel\u00eancia: no Dia do M\u00e9dico FSFX refor\u00e7a o valor de seus profissionais - Vita - Sa\u00fade Ocupacional<\/title>\n<meta name=\"robots\" content=\"index, follow, max-snippet:-1, max-image-preview:large, max-video-preview:-1\" \/>\n<link rel=\"canonical\" href=\"https:\/\/www.fsfx.com.br\/ocupacional\/dedicacao-e-excelencia-no-dia-do-medico-fsfx-reforca-o-valor-de-seus-profissionais\/\" \/>\n<meta property=\"og:locale\" content=\"pt_BR\" \/>\n<meta property=\"og:type\" content=\"article\" \/>\n<meta property=\"og:title\" content=\"Dedica\u00e7\u00e3o e excel\u00eancia: no Dia do M\u00e9dico FSFX refor\u00e7a o valor de seus profissionais - Vita - Sa\u00fade Ocupacional\" \/>\n<meta property=\"og:description\" content=\"Institui\u00e7\u00e3o conta com mais de 750 m\u00e9dicos atuando no Hospital M\u00e1rcio Cunha, no Hospital Municipal Carlos Chagas, na Usisa\u00fade e na Vita Solu\u00e7\u00f5es em Sa\u00fade Ocupacional Nesta sexta-feira, 18 de outubro, o Brasil celebra o Dia do M\u00e9dico, uma data dedicada a homenagear os profissionais que, com compromisso e humaniza\u00e7\u00e3o, dedicam suas vidas ao cuidado [&hellip;]\" \/>\n<meta property=\"og:url\" content=\"https:\/\/www.fsfx.com.br\/ocupacional\/dedicacao-e-excelencia-no-dia-do-medico-fsfx-reforca-o-valor-de-seus-profissionais\/\" \/>\n<meta property=\"og:site_name\" content=\"Vita - Sa\u00fade Ocupacional\" \/>\n<meta property=\"article:published_time\" content=\"2024-10-18T11:36:06+00:00\" \/>\n<meta property=\"og:image\" content=\"https:\/\/www.fsfx.com.br\/ocupacional\/wp-content\/uploads\/sites\/3\/2024\/10\/Medicos-FSFX.jpg\" \/>\n\t<meta property=\"og:image:width\" content=\"1024\" \/>\n\t<meta property=\"og:image:height\" content=\"683\" \/>\n\t<meta property=\"og:image:type\" content=\"image\/jpeg\" \/>\n<meta name=\"author\" content=\"C\u00e1ssio Santana\" \/>\n<meta name=\"twitter:card\" content=\"summary_large_image\" \/>\n<meta name=\"twitter:label1\" content=\"Escrito por\" \/>\n\t<meta name=\"twitter:data1\" content=\"C\u00e1ssio Santana\" \/>\n\t<meta name=\"twitter:label2\" content=\"Est. tempo de leitura\" \/>\n\t<meta name=\"twitter:data2\" content=\"5 minutos\" \/>\n<script type=\"application\/ld+json\" class=\"yoast-schema-graph\">{\"@context\":\"https:\/\/schema.org\",\"@graph\":[{\"@type\":\"Article\",\"@id\":\"https:\/\/www.fsfx.com.br\/ocupacional\/dedicacao-e-excelencia-no-dia-do-medico-fsfx-reforca-o-valor-de-seus-profissionais\/#article\",\"isPartOf\":{\"@id\":\"https:\/\/www.fsfx.com.br\/ocupacional\/dedicacao-e-excelencia-no-dia-do-medico-fsfx-reforca-o-valor-de-seus-profissionais\/\"},\"author\":{\"name\":\"C\u00e1ssio Santana\",\"@id\":\"https:\/\/www.fsfx.com.br\/ocupacional\/#\/schema\/person\/6bf2cced2b7a5d5d78f5610fc8f52504\"},\"headline\":\"Dedica\u00e7\u00e3o e excel\u00eancia: no Dia do M\u00e9dico FSFX refor\u00e7a o valor de seus profissionais\",\"datePublished\":\"2024-10-18T11:36:06+00:00\",\"mainEntityOfPage\":{\"@id\":\"https:\/\/www.fsfx.com.br\/ocupacional\/dedicacao-e-excelencia-no-dia-do-medico-fsfx-reforca-o-valor-de-seus-profissionais\/\"},\"wordCount\":822,\"publisher\":{\"@id\":\"https:\/\/www.fsfx.com.br\/ocupacional\/#organization\"},\"image\":{\"@id\":\"https:\/\/www.fsfx.com.br\/ocupacional\/dedicacao-e-excelencia-no-dia-do-medico-fsfx-reforca-o-valor-de-seus-profissionais\/#primaryimage\"},\"thumbnailUrl\":\"https:\/\/www.fsfx.com.br\/ocupacional\/wp-content\/uploads\/sites\/3\/2024\/10\/Medicos-FSFX.jpg\",\"inLanguage\":\"pt-BR\"},{\"@type\":\"WebPage\",\"@id\":\"https:\/\/www.fsfx.com.br\/ocupacional\/dedicacao-e-excelencia-no-dia-do-medico-fsfx-reforca-o-valor-de-seus-profissionais\/\",\"url\":\"https:\/\/www.fsfx.com.br\/ocupacional\/dedicacao-e-excelencia-no-dia-do-medico-fsfx-reforca-o-valor-de-seus-profissionais\/\",\"name\":\"Dedica\u00e7\u00e3o e excel\u00eancia: no Dia do M\u00e9dico FSFX refor\u00e7a o valor de seus profissionais - Vita - Sa\u00fade Ocupacional\",\"isPartOf\":{\"@id\":\"https:\/\/www.fsfx.com.br\/ocupacional\/#website\"},\"primaryImageOfPage\":{\"@id\":\"https:\/\/www.fsfx.com.br\/ocupacional\/dedicacao-e-excelencia-no-dia-do-medico-fsfx-reforca-o-valor-de-seus-profissionais\/#primaryimage\"},\"image\":{\"@id\":\"https:\/\/www.fsfx.com.br\/ocupacional\/dedicacao-e-excelencia-no-dia-do-medico-fsfx-reforca-o-valor-de-seus-profissionais\/#primaryimage\"},\"thumbnailUrl\":\"https:\/\/www.fsfx.com.br\/ocupacional\/wp-content\/uploads\/sites\/3\/2024\/10\/Medicos-FSFX.jpg\",\"datePublished\":\"2024-10-18T11:36:06+00:00\",\"breadcrumb\":{\"@id\":\"https:\/\/www.fsfx.com.br\/ocupacional\/dedicacao-e-excelencia-no-dia-do-medico-fsfx-reforca-o-valor-de-seus-profissionais\/#breadcrumb\"},\"inLanguage\":\"pt-BR\",\"potentialAction\":[{\"@type\":\"ReadAction\",\"target\":[\"https:\/\/www.fsfx.com.br\/ocupacional\/dedicacao-e-excelencia-no-dia-do-medico-fsfx-reforca-o-valor-de-seus-profissionais\/\"]}]},{\"@type\":\"ImageObject\",\"inLanguage\":\"pt-BR\",\"@id\":\"https:\/\/www.fsfx.com.br\/ocupacional\/dedicacao-e-excelencia-no-dia-do-medico-fsfx-reforca-o-valor-de-seus-profissionais\/#primaryimage\",\"url\":\"https:\/\/www.fsfx.com.br\/ocupacional\/wp-content\/uploads\/sites\/3\/2024\/10\/Medicos-FSFX.jpg\",\"contentUrl\":\"https:\/\/www.fsfx.com.br\/ocupacional\/wp-content\/uploads\/sites\/3\/2024\/10\/Medicos-FSFX.jpg\",\"width\":1024,\"height\":683},{\"@type\":\"BreadcrumbList\",\"@id\":\"https:\/\/www.fsfx.com.br\/ocupacional\/dedicacao-e-excelencia-no-dia-do-medico-fsfx-reforca-o-valor-de-seus-profissionais\/#breadcrumb\",\"itemListElement\":[{\"@type\":\"ListItem\",\"position\":1,\"name\":\"In\u00edcio\",\"item\":\"https:\/\/www.fsfx.com.br\/ocupacional\/\"},{\"@type\":\"ListItem\",\"position\":2,\"name\":\"Dedica\u00e7\u00e3o e excel\u00eancia: no Dia do M\u00e9dico FSFX refor\u00e7a o valor de seus profissionais\"}]},{\"@type\":\"WebSite\",\"@id\":\"https:\/\/www.fsfx.com.br\/ocupacional\/#website\",\"url\":\"https:\/\/www.fsfx.com.br\/ocupacional\/\",\"name\":\"Vita - Sa\u00fade Ocupacional\",\"description\":\"A Vita, realiza, desde 2006, presta\u00e7\u00e3o de servi\u00e7os especializados em sa\u00fade, seguran\u00e7a do Trabalho e Higiene Ocupacional.\",\"publisher\":{\"@id\":\"https:\/\/www.fsfx.com.br\/ocupacional\/#organization\"},\"potentialAction\":[{\"@type\":\"SearchAction\",\"target\":{\"@type\":\"EntryPoint\",\"urlTemplate\":\"https:\/\/www.fsfx.com.br\/ocupacional\/?s={search_term_string}\"},\"query-input\":{\"@type\":\"PropertyValueSpecification\",\"valueRequired\":true,\"valueName\":\"search_term_string\"}}],\"inLanguage\":\"pt-BR\"},{\"@type\":\"Organization\",\"@id\":\"https:\/\/www.fsfx.com.br\/ocupacional\/#organization\",\"name\":\"Vita - Solu\u00e7\u00f5es em Sa\u00fade Ocupacional\",\"url\":\"https:\/\/www.fsfx.com.br\/ocupacional\/\",\"logo\":{\"@type\":\"ImageObject\",\"inLanguage\":\"pt-BR\",\"@id\":\"https:\/\/www.fsfx.com.br\/ocupacional\/#\/schema\/logo\/image\/\",\"url\":\"https:\/\/www.fsfx.com.br\/ocupacional\/wp-content\/uploads\/sites\/3\/2022\/03\/logo-azul.png\",\"contentUrl\":\"https:\/\/www.fsfx.com.br\/ocupacional\/wp-content\/uploads\/sites\/3\/2022\/03\/logo-azul.png\",\"width\":547,\"height\":178,\"caption\":\"Vita - Solu\u00e7\u00f5es em Sa\u00fade Ocupacional\"},\"image\":{\"@id\":\"https:\/\/www.fsfx.com.br\/ocupacional\/#\/schema\/logo\/image\/\"}},{\"@type\":\"Person\",\"@id\":\"https:\/\/www.fsfx.com.br\/ocupacional\/#\/schema\/person\/6bf2cced2b7a5d5d78f5610fc8f52504\",\"name\":\"C\u00e1ssio Santana\",\"image\":{\"@type\":\"ImageObject\",\"inLanguage\":\"pt-BR\",\"@id\":\"https:\/\/www.fsfx.com.br\/ocupacional\/#\/schema\/person\/image\/\",\"url\":\"https:\/\/secure.gravatar.com\/avatar\/ef79739de3edd2f5c2e7c4930b0808c62af99fc5520eaadc7899948f8bc6d2e1?s=96&d=mm&r=g\",\"contentUrl\":\"https:\/\/secure.gravatar.com\/avatar\/ef79739de3edd2f5c2e7c4930b0808c62af99fc5520eaadc7899948f8bc6d2e1?s=96&d=mm&r=g\",\"caption\":\"C\u00e1ssio Santana\"},\"url\":\"https:\/\/www.fsfx.com.br\/ocupacional\/author\/cassio\/\"}]}<\/script>\n<!-- \/ Yoast SEO plugin. -->","yoast_head_json":{"title":"Dedica\u00e7\u00e3o e excel\u00eancia: no Dia do M\u00e9dico FSFX refor\u00e7a o valor de seus profissionais - Vita - Sa\u00fade Ocupacional","robots":{"index":"index","follow":"follow","max-snippet":"max-snippet:-1","max-image-preview":"max-image-preview:large","max-video-preview":"max-video-preview:-1"},"canonical":"https:\/\/www.fsfx.com.br\/ocupacional\/dedicacao-e-excelencia-no-dia-do-medico-fsfx-reforca-o-valor-de-seus-profissionais\/","og_locale":"pt_BR","og_type":"article","og_title":"Dedica\u00e7\u00e3o e excel\u00eancia: no Dia do M\u00e9dico FSFX refor\u00e7a o valor de seus profissionais - Vita - Sa\u00fade Ocupacional","og_description":"Institui\u00e7\u00e3o conta com mais de 750 m\u00e9dicos atuando no Hospital M\u00e1rcio Cunha, no Hospital Municipal Carlos Chagas, na Usisa\u00fade e na Vita Solu\u00e7\u00f5es em Sa\u00fade Ocupacional Nesta sexta-feira, 18 de outubro, o Brasil celebra o Dia do M\u00e9dico, uma data dedicada a homenagear os profissionais que, com compromisso e humaniza\u00e7\u00e3o, dedicam suas vidas ao cuidado [&hellip;]","og_url":"https:\/\/www.fsfx.com.br\/ocupacional\/dedicacao-e-excelencia-no-dia-do-medico-fsfx-reforca-o-valor-de-seus-profissionais\/","og_site_name":"Vita - Sa\u00fade Ocupacional","article_published_time":"2024-10-18T11:36:06+00:00","og_image":[{"width":1024,"height":683,"url":"https:\/\/www.fsfx.com.br\/ocupacional\/wp-content\/uploads\/sites\/3\/2024\/10\/Medicos-FSFX.jpg","type":"image\/jpeg"}],"author":"C\u00e1ssio Santana","twitter_card":"summary_large_image","twitter_misc":{"Escrito por":"C\u00e1ssio Santana","Est. tempo de leitura":"5 minutos"},"schema":{"@context":"https:\/\/schema.org","@graph":[{"@type":"Article","@id":"https:\/\/www.fsfx.com.br\/ocupacional\/dedicacao-e-excelencia-no-dia-do-medico-fsfx-reforca-o-valor-de-seus-profissionais\/#article","isPartOf":{"@id":"https:\/\/www.fsfx.com.br\/ocupacional\/dedicacao-e-excelencia-no-dia-do-medico-fsfx-reforca-o-valor-de-seus-profissionais\/"},"author":{"name":"C\u00e1ssio Santana","@id":"https:\/\/www.fsfx.com.br\/ocupacional\/#\/schema\/person\/6bf2cced2b7a5d5d78f5610fc8f52504"},"headline":"Dedica\u00e7\u00e3o e excel\u00eancia: no Dia do M\u00e9dico FSFX refor\u00e7a o valor de seus profissionais","datePublished":"2024-10-18T11:36:06+00:00","mainEntityOfPage":{"@id":"https:\/\/www.fsfx.com.br\/ocupacional\/dedicacao-e-excelencia-no-dia-do-medico-fsfx-reforca-o-valor-de-seus-profissionais\/"},"wordCount":822,"publisher":{"@id":"https:\/\/www.fsfx.com.br\/ocupacional\/#organization"},"image":{"@id":"https:\/\/www.fsfx.com.br\/ocupacional\/dedicacao-e-excelencia-no-dia-do-medico-fsfx-reforca-o-valor-de-seus-profissionais\/#primaryimage"},"thumbnailUrl":"https:\/\/www.fsfx.com.br\/ocupacional\/wp-content\/uploads\/sites\/3\/2024\/10\/Medicos-FSFX.jpg","inLanguage":"pt-BR"},{"@type":"WebPage","@id":"https:\/\/www.fsfx.com.br\/ocupacional\/dedicacao-e-excelencia-no-dia-do-medico-fsfx-reforca-o-valor-de-seus-profissionais\/","url":"https:\/\/www.fsfx.com.br\/ocupacional\/dedicacao-e-excelencia-no-dia-do-medico-fsfx-reforca-o-valor-de-seus-profissionais\/","name":"Dedica\u00e7\u00e3o e excel\u00eancia: no Dia do M\u00e9dico FSFX refor\u00e7a o valor de seus profissionais - Vita - Sa\u00fade Ocupacional","isPartOf":{"@id":"https:\/\/www.fsfx.com.br\/ocupacional\/#website"},"primaryImageOfPage":{"@id":"https:\/\/www.fsfx.com.br\/ocupacional\/dedicacao-e-excelencia-no-dia-do-medico-fsfx-reforca-o-valor-de-seus-profissionais\/#primaryimage"},"image":{"@id":"https:\/\/www.fsfx.com.br\/ocupacional\/dedicacao-e-excelencia-no-dia-do-medico-fsfx-reforca-o-valor-de-seus-profissionais\/#primaryimage"},"thumbnailUrl":"https:\/\/www.fsfx.com.br\/ocupacional\/wp-content\/uploads\/sites\/3\/2024\/10\/Medicos-FSFX.jpg","datePublished":"2024-10-18T11:36:06+00:00","breadcrumb":{"@id":"https:\/\/www.fsfx.com.br\/ocupacional\/dedicacao-e-excelencia-no-dia-do-medico-fsfx-reforca-o-valor-de-seus-profissionais\/#breadcrumb"},"inLanguage":"pt-BR","potentialAction":[{"@type":"ReadAction","target":["https:\/\/www.fsfx.com.br\/ocupacional\/dedicacao-e-excelencia-no-dia-do-medico-fsfx-reforca-o-valor-de-seus-profissionais\/"]}]},{"@type":"ImageObject","inLanguage":"pt-BR","@id":"https:\/\/www.fsfx.com.br\/ocupacional\/dedicacao-e-excelencia-no-dia-do-medico-fsfx-reforca-o-valor-de-seus-profissionais\/#primaryimage","url":"https:\/\/www.fsfx.com.br\/ocupacional\/wp-content\/uploads\/sites\/3\/2024\/10\/Medicos-FSFX.jpg","contentUrl":"https:\/\/www.fsfx.com.br\/ocupacional\/wp-content\/uploads\/sites\/3\/2024\/10\/Medicos-FSFX.jpg","width":1024,"height":683},{"@type":"BreadcrumbList","@id":"https:\/\/www.fsfx.com.br\/ocupacional\/dedicacao-e-excelencia-no-dia-do-medico-fsfx-reforca-o-valor-de-seus-profissionais\/#breadcrumb","itemListElement":[{"@type":"ListItem","position":1,"name":"In\u00edcio","item":"https:\/\/www.fsfx.com.br\/ocupacional\/"},{"@type":"ListItem","position":2,"name":"Dedica\u00e7\u00e3o e excel\u00eancia: no Dia do M\u00e9dico FSFX refor\u00e7a o valor de seus profissionais"}]},{"@type":"WebSite","@id":"https:\/\/www.fsfx.com.br\/ocupacional\/#website","url":"https:\/\/www.fsfx.com.br\/ocupacional\/","name":"Vita - Sa\u00fade Ocupacional","description":"A Vita, realiza, desde 2006, presta\u00e7\u00e3o de servi\u00e7os especializados em sa\u00fade, seguran\u00e7a do Trabalho e Higiene Ocupacional.","publisher":{"@id":"https:\/\/www.fsfx.com.br\/ocupacional\/#organization"},"potentialAction":[{"@type":"SearchAction","target":{"@type":"EntryPoint","urlTemplate":"https:\/\/www.fsfx.com.br\/ocupacional\/?s={search_term_string}"},"query-input":{"@type":"PropertyValueSpecification","valueRequired":true,"valueName":"search_term_string"}}],"inLanguage":"pt-BR"},{"@type":"Organization","@id":"https:\/\/www.fsfx.com.br\/ocupacional\/#organization","name":"Vita - Solu\u00e7\u00f5es em Sa\u00fade Ocupacional","url":"https:\/\/www.fsfx.com.br\/ocupacional\/","logo":{"@type":"ImageObject","inLanguage":"pt-BR","@id":"https:\/\/www.fsfx.com.br\/ocupacional\/#\/schema\/logo\/image\/","url":"https:\/\/www.fsfx.com.br\/ocupacional\/wp-content\/uploads\/sites\/3\/2022\/03\/logo-azul.png","contentUrl":"https:\/\/www.fsfx.com.br\/ocupacional\/wp-content\/uploads\/sites\/3\/2022\/03\/logo-azul.png","width":547,"height":178,"caption":"Vita - Solu\u00e7\u00f5es em Sa\u00fade Ocupacional"},"image":{"@id":"https:\/\/www.fsfx.com.br\/ocupacional\/#\/schema\/logo\/image\/"}},{"@type":"Person","@id":"https:\/\/www.fsfx.com.br\/ocupacional\/#\/schema\/person\/6bf2cced2b7a5d5d78f5610fc8f52504","name":"C\u00e1ssio Santana","image":{"@type":"ImageObject","inLanguage":"pt-BR","@id":"https:\/\/www.fsfx.com.br\/ocupacional\/#\/schema\/person\/image\/","url":"https:\/\/secure.gravatar.com\/avatar\/ef79739de3edd2f5c2e7c4930b0808c62af99fc5520eaadc7899948f8bc6d2e1?s=96&d=mm&r=g","contentUrl":"https:\/\/secure.gravatar.com\/avatar\/ef79739de3edd2f5c2e7c4930b0808c62af99fc5520eaadc7899948f8bc6d2e1?s=96&d=mm&r=g","caption":"C\u00e1ssio Santana"},"url":"https:\/\/www.fsfx.com.br\/ocupacional\/author\/cassio\/"}]}},"_links":{"self":[{"href":"https:\/\/www.fsfx.com.br\/ocupacional\/wp-json\/wp\/v2\/posts\/2987","targetHints":{"allow":["GET"]}}],"collection":[{"href":"https:\/\/www.fsfx.com.br\/ocupacional\/wp-json\/wp\/v2\/posts"}],"about":[{"href":"https:\/\/www.fsfx.com.br\/ocupacional\/wp-json\/wp\/v2\/types\/post"}],"author":[{"embeddable":true,"href":"https:\/\/www.fsfx.com.br\/ocupacional\/wp-json\/wp\/v2\/users\/6"}],"replies":[{"embeddable":true,"href":"https:\/\/www.fsfx.com.br\/ocupacional\/wp-json\/wp\/v2\/comments?post=2987"}],"version-history":[{"count":1,"href":"https:\/\/www.fsfx.com.br\/ocupacional\/wp-json\/wp\/v2\/posts\/2987\/revisions"}],"predecessor-version":[{"id":2991,"href":"https:\/\/www.fsfx.com.br\/ocupacional\/wp-json\/wp\/v2\/posts\/2987\/revisions\/2991"}],"wp:featuredmedia":[{"embeddable":true,"href":"https:\/\/www.fsfx.com.br\/ocupacional\/wp-json\/wp\/v2\/media\/2990"}],"wp:attachment":[{"href":"https:\/\/www.fsfx.com.br\/ocupacional\/wp-json\/wp\/v2\/media?parent=2987"}],"wp:term":[{"taxonomy":"category","embeddable":true,"href":"https:\/\/www.fsfx.com.br\/ocupacional\/wp-json\/wp\/v2\/categories?post=2987"},{"taxonomy":"post_tag","embeddable":true,"href":"https:\/\/www.fsfx.com.br\/ocupacional\/wp-json\/wp\/v2\/tags?post=2987"}],"curies":[{"name":"wp","href":"https:\/\/api.w.org\/{rel}","templated":true}]}}