{"id":3080,"date":"2025-01-02T16:56:31","date_gmt":"2025-01-02T19:56:31","guid":{"rendered":"https:\/\/www.fsfx.com.br\/ocupacional\/?p=3080"},"modified":"2025-01-02T16:56:31","modified_gmt":"2025-01-02T19:56:31","slug":"vita-solucoes-em-saude-ocupacional-celebra-19-anos-de-excelencia-e-inovacao","status":"publish","type":"post","link":"https:\/\/www.fsfx.com.br\/ocupacional\/vita-solucoes-em-saude-ocupacional-celebra-19-anos-de-excelencia-e-inovacao\/","title":{"rendered":"Vita Solu\u00e7\u00f5es em Sa\u00fade Ocupacional celebra 19 anos de excel\u00eancia e inova\u00e7\u00e3o"},"content":{"rendered":"<p>Nesta quinta-feira, 2 de janeiro, a Vita Solu\u00e7\u00f5es em Sa\u00fade Ocupacional comemora 19 anos de hist\u00f3ria. Desde sua funda\u00e7\u00e3o, em 2006, como uma unidade de neg\u00f3cio da Funda\u00e7\u00e3o S\u00e3o Francisco Xavier, a Vita se destacou pela excel\u00eancia nos servi\u00e7os de sa\u00fade e seguran\u00e7a ocupacional, consolidando-se como refer\u00eancia no setor.<\/p>\n<p>A trajet\u00f3ria da Vita come\u00e7ou dentro da planta da Usiminas Ipatinga, com a implanta\u00e7\u00e3o do SESMT coletivo, atendendo empresas terceirizadas com foco em qualidade e seguran\u00e7a. Com o passar dos anos, expandiu sua atua\u00e7\u00e3o para al\u00e9m do Vale do A\u00e7o, alcan\u00e7ando outras regi\u00f5es do Brasil. Atualmente, a Vita cuida de cerca de 150 mil vidas em estados como Minas Gerais, Pernambuco, Esp\u00edrito Santo, S\u00e3o Paulo e Rio Grande do Sul.<\/p>\n<p>Ao longo dos anos, a Vita alcan\u00e7ou importantes conquistas. Em 2012, inaugurou sua unidade pr\u00f3pria, a Vita Bom Retiro, oferecendo servi\u00e7os completos de sa\u00fade ocupacional e treinamentos. Essa estrutura foi ampliada, garantindo atendimento de excel\u00eancia aos clientes.<\/p>\n<p>Outro marco significativo foi a obten\u00e7\u00e3o da certifica\u00e7\u00e3o ISO 9001, em 2018, pela unidade da Vita Bom Retiro. Esse reconhecimento reafirmou o compromisso com a melhoria cont\u00ednua e a qualidade dos servi\u00e7os.<\/p>\n<p>Al\u00e9m disso, em 2022, a Vita foi pioneira ao lan\u00e7ar o Programa de Resid\u00eancia em Medicina do Trabalho, aprovado pelo Minist\u00e9rio da Educa\u00e7\u00e3o (MEC). O programa capacita m\u00e9dicos especialistas para promover a sa\u00fade integral dos trabalhadores.<\/p>\n<p>Recentemente, a Vita firmou contratos estrat\u00e9gicos com grandes empresas, como Usiminas, Vallourec, Gerdau e Petrobras. Esses acordos ampliam a visibilidade e reafirmam o compromisso da Vita em construir ambientes de trabalho seguros, sempre em conformidade com os requisitos legais.<\/p>\n<p>Para Gustavo Pontes, gerente de neg\u00f3cios da Vita Solu\u00e7\u00f5es em Sa\u00fade, essas parcerias refor\u00e7am a miss\u00e3o de oferecer solu\u00e7\u00f5es personalizadas e de alta qualidade. \u201cNosso foco \u00e9 atender \u00e0s necessidades espec\u00edficas de cada cliente, garantindo bem-estar aos colaboradores e efici\u00eancia organizacional\u201d, destacou.<\/p>\n<p><strong>Planos para o futuro<\/strong><\/p>\n<p>Com quase duas d\u00e9cadas de experi\u00eancia, a Vita mant\u00e9m o foco no crescimento sustent\u00e1vel. Segundo Gustavo Pontes, a meta \u00e9 expandir a atua\u00e7\u00e3o no mercado, fidelizando clientes e garantindo a qualidade dos servi\u00e7os. \u201cNosso planejamento estrat\u00e9gico \u00e9 fundamentado na melhoria cont\u00ednua, com investimentos em estrutura e processos que assegurem a satisfa\u00e7\u00e3o de nossos clientes\u201d, conclui.<\/p>\n<p>A Vita Solu\u00e7\u00f5es em Sa\u00fade Ocupacional celebra este anivers\u00e1rio como um exemplo de excel\u00eancia e inova\u00e7\u00e3o no setor, reafirmando seu compromisso com a sa\u00fade e seguran\u00e7a dos trabalhadores e com o futuro das organiza\u00e7\u00f5es que atende.<\/p>\n","protected":false},"excerpt":{"rendered":"<p>Nesta quinta-feira, 2 de janeiro, a Vita Solu\u00e7\u00f5es em Sa\u00fade Ocupacional comemora 19 anos de hist\u00f3ria. Desde sua funda\u00e7\u00e3o, em 2006, como uma unidade de neg\u00f3cio da Funda\u00e7\u00e3o S\u00e3o Francisco Xavier, a Vita se destacou pela excel\u00eancia nos servi\u00e7os de sa\u00fade e seguran\u00e7a ocupacional, consolidando-se como refer\u00eancia no setor. A trajet\u00f3ria da Vita come\u00e7ou dentro [&hellip;]<\/p>\n","protected":false},"author":6,"featured_media":3081,"comment_status":"closed","ping_status":"closed","sticky":false,"template":"","format":"standard","meta":{"_acf_changed":false,"site-sidebar-layout":"default","site-content-layout":"","ast-site-content-layout":"default","site-content-style":"default","site-sidebar-style":"default","ast-global-header-display":"","ast-banner-title-visibility":"","ast-main-header-display":"","ast-hfb-above-header-display":"","ast-hfb-below-header-display":"","ast-hfb-mobile-header-display":"","site-post-title":"","ast-breadcrumbs-content":"","ast-featured-img":"","footer-sml-layout":"","theme-transparent-header-meta":"","adv-header-id-meta":"","stick-header-meta":"","header-above-stick-meta":"","header-main-stick-meta":"","header-below-stick-meta":"","astra-migrate-meta-layouts":"default","ast-page-background-enabled":"default","ast-page-background-meta":{"desktop":{"background-color":"var(--ast-global-color-4)","background-image":"","background-repeat":"repeat","background-position":"center center","background-size":"auto","background-attachment":"scroll","background-type":"","background-media":"","overlay-type":"","overlay-color":"","overlay-opacity":"","overlay-gradient":""},"tablet":{"background-color":"","background-image":"","background-repeat":"repeat","background-position":"center center","background-size":"auto","background-attachment":"scroll","background-type":"","background-media":"","overlay-type":"","overlay-color":"","overlay-opacity":"","overlay-gradient":""},"mobile":{"background-color":"","background-image":"","background-repeat":"repeat","background-position":"center center","background-size":"auto","background-attachment":"scroll","background-type":"","background-media":"","overlay-type":"","overlay-color":"","overlay-opacity":"","overlay-gradient":""}},"ast-content-background-meta":{"desktop":{"background-color":"var(--ast-global-color-5)","background-image":"","background-repeat":"repeat","background-position":"center center","background-size":"auto","background-attachment":"scroll","background-type":"","background-media":"","overlay-type":"","overlay-color":"","overlay-opacity":"","overlay-gradient":""},"tablet":{"background-color":"var(--ast-global-color-5)","background-image":"","background-repeat":"repeat","background-position":"center center","background-size":"auto","background-attachment":"scroll","background-type":"","background-media":"","overlay-type":"","overlay-color":"","overlay-opacity":"","overlay-gradient":""},"mobile":{"background-color":"var(--ast-global-color-5)","background-image":"","background-repeat":"repeat","background-position":"center center","background-size":"auto","background-attachment":"scroll","background-type":"","background-media":"","overlay-type":"","overlay-color":"","overlay-opacity":"","overlay-gradient":""}},"footnotes":""},"categories":[1],"tags":[],"class_list":["post-3080","post","type-post","status-publish","format-standard","has-post-thumbnail","hentry","category-sem-categoria"],"acf":[],"yoast_head":"<!-- This site is optimized with the Yoast SEO plugin v26.9 - https:\/\/yoast.com\/product\/yoast-seo-wordpress\/ -->\n<title>Vita Solu\u00e7\u00f5es em Sa\u00fade Ocupacional celebra 19 anos de excel\u00eancia e inova\u00e7\u00e3o - Vita - Sa\u00fade Ocupacional<\/title>\n<meta name=\"robots\" content=\"index, follow, max-snippet:-1, max-image-preview:large, max-video-preview:-1\" \/>\n<link rel=\"canonical\" href=\"https:\/\/www.fsfx.com.br\/ocupacional\/vita-solucoes-em-saude-ocupacional-celebra-19-anos-de-excelencia-e-inovacao\/\" \/>\n<meta property=\"og:locale\" content=\"pt_BR\" \/>\n<meta property=\"og:type\" content=\"article\" \/>\n<meta property=\"og:title\" content=\"Vita Solu\u00e7\u00f5es em Sa\u00fade Ocupacional celebra 19 anos de excel\u00eancia e inova\u00e7\u00e3o - Vita - Sa\u00fade Ocupacional\" \/>\n<meta property=\"og:description\" content=\"Nesta quinta-feira, 2 de janeiro, a Vita Solu\u00e7\u00f5es em Sa\u00fade Ocupacional comemora 19 anos de hist\u00f3ria. Desde sua funda\u00e7\u00e3o, em 2006, como uma unidade de neg\u00f3cio da Funda\u00e7\u00e3o S\u00e3o Francisco Xavier, a Vita se destacou pela excel\u00eancia nos servi\u00e7os de sa\u00fade e seguran\u00e7a ocupacional, consolidando-se como refer\u00eancia no setor. A trajet\u00f3ria da Vita come\u00e7ou dentro [&hellip;]\" \/>\n<meta property=\"og:url\" content=\"https:\/\/www.fsfx.com.br\/ocupacional\/vita-solucoes-em-saude-ocupacional-celebra-19-anos-de-excelencia-e-inovacao\/\" \/>\n<meta property=\"og:site_name\" content=\"Vita - Sa\u00fade Ocupacional\" \/>\n<meta property=\"article:published_time\" content=\"2025-01-02T19:56:31+00:00\" \/>\n<meta property=\"og:image\" content=\"https:\/\/www.fsfx.com.br\/ocupacional\/wp-content\/uploads\/sites\/3\/2025\/01\/Vita-Solucoes-em-Saude-Ocupacional.jpg\" \/>\n\t<meta property=\"og:image:width\" content=\"613\" \/>\n\t<meta property=\"og:image:height\" content=\"421\" \/>\n\t<meta property=\"og:image:type\" content=\"image\/jpeg\" \/>\n<meta name=\"author\" content=\"C\u00e1ssio Santana\" \/>\n<meta name=\"twitter:card\" content=\"summary_large_image\" \/>\n<meta name=\"twitter:label1\" content=\"Escrito por\" \/>\n\t<meta name=\"twitter:data1\" content=\"C\u00e1ssio Santana\" \/>\n\t<meta name=\"twitter:label2\" content=\"Est. tempo de leitura\" \/>\n\t<meta name=\"twitter:data2\" content=\"3 minutos\" \/>\n<script type=\"application\/ld+json\" class=\"yoast-schema-graph\">{\"@context\":\"https:\/\/schema.org\",\"@graph\":[{\"@type\":\"Article\",\"@id\":\"https:\/\/www.fsfx.com.br\/ocupacional\/vita-solucoes-em-saude-ocupacional-celebra-19-anos-de-excelencia-e-inovacao\/#article\",\"isPartOf\":{\"@id\":\"https:\/\/www.fsfx.com.br\/ocupacional\/vita-solucoes-em-saude-ocupacional-celebra-19-anos-de-excelencia-e-inovacao\/\"},\"author\":{\"name\":\"C\u00e1ssio Santana\",\"@id\":\"https:\/\/www.fsfx.com.br\/ocupacional\/#\/schema\/person\/6bf2cced2b7a5d5d78f5610fc8f52504\"},\"headline\":\"Vita Solu\u00e7\u00f5es em Sa\u00fade Ocupacional celebra 19 anos de excel\u00eancia e inova\u00e7\u00e3o\",\"datePublished\":\"2025-01-02T19:56:31+00:00\",\"mainEntityOfPage\":{\"@id\":\"https:\/\/www.fsfx.com.br\/ocupacional\/vita-solucoes-em-saude-ocupacional-celebra-19-anos-de-excelencia-e-inovacao\/\"},\"wordCount\":469,\"publisher\":{\"@id\":\"https:\/\/www.fsfx.com.br\/ocupacional\/#organization\"},\"image\":{\"@id\":\"https:\/\/www.fsfx.com.br\/ocupacional\/vita-solucoes-em-saude-ocupacional-celebra-19-anos-de-excelencia-e-inovacao\/#primaryimage\"},\"thumbnailUrl\":\"https:\/\/www.fsfx.com.br\/ocupacional\/wp-content\/uploads\/sites\/3\/2025\/01\/Vita-Solucoes-em-Saude-Ocupacional.jpg\",\"inLanguage\":\"pt-BR\"},{\"@type\":\"WebPage\",\"@id\":\"https:\/\/www.fsfx.com.br\/ocupacional\/vita-solucoes-em-saude-ocupacional-celebra-19-anos-de-excelencia-e-inovacao\/\",\"url\":\"https:\/\/www.fsfx.com.br\/ocupacional\/vita-solucoes-em-saude-ocupacional-celebra-19-anos-de-excelencia-e-inovacao\/\",\"name\":\"Vita Solu\u00e7\u00f5es em Sa\u00fade Ocupacional celebra 19 anos de excel\u00eancia e inova\u00e7\u00e3o - Vita - Sa\u00fade Ocupacional\",\"isPartOf\":{\"@id\":\"https:\/\/www.fsfx.com.br\/ocupacional\/#website\"},\"primaryImageOfPage\":{\"@id\":\"https:\/\/www.fsfx.com.br\/ocupacional\/vita-solucoes-em-saude-ocupacional-celebra-19-anos-de-excelencia-e-inovacao\/#primaryimage\"},\"image\":{\"@id\":\"https:\/\/www.fsfx.com.br\/ocupacional\/vita-solucoes-em-saude-ocupacional-celebra-19-anos-de-excelencia-e-inovacao\/#primaryimage\"},\"thumbnailUrl\":\"https:\/\/www.fsfx.com.br\/ocupacional\/wp-content\/uploads\/sites\/3\/2025\/01\/Vita-Solucoes-em-Saude-Ocupacional.jpg\",\"datePublished\":\"2025-01-02T19:56:31+00:00\",\"breadcrumb\":{\"@id\":\"https:\/\/www.fsfx.com.br\/ocupacional\/vita-solucoes-em-saude-ocupacional-celebra-19-anos-de-excelencia-e-inovacao\/#breadcrumb\"},\"inLanguage\":\"pt-BR\",\"potentialAction\":[{\"@type\":\"ReadAction\",\"target\":[\"https:\/\/www.fsfx.com.br\/ocupacional\/vita-solucoes-em-saude-ocupacional-celebra-19-anos-de-excelencia-e-inovacao\/\"]}]},{\"@type\":\"ImageObject\",\"inLanguage\":\"pt-BR\",\"@id\":\"https:\/\/www.fsfx.com.br\/ocupacional\/vita-solucoes-em-saude-ocupacional-celebra-19-anos-de-excelencia-e-inovacao\/#primaryimage\",\"url\":\"https:\/\/www.fsfx.com.br\/ocupacional\/wp-content\/uploads\/sites\/3\/2025\/01\/Vita-Solucoes-em-Saude-Ocupacional.jpg\",\"contentUrl\":\"https:\/\/www.fsfx.com.br\/ocupacional\/wp-content\/uploads\/sites\/3\/2025\/01\/Vita-Solucoes-em-Saude-Ocupacional.jpg\",\"width\":613,\"height\":421},{\"@type\":\"BreadcrumbList\",\"@id\":\"https:\/\/www.fsfx.com.br\/ocupacional\/vita-solucoes-em-saude-ocupacional-celebra-19-anos-de-excelencia-e-inovacao\/#breadcrumb\",\"itemListElement\":[{\"@type\":\"ListItem\",\"position\":1,\"name\":\"In\u00edcio\",\"item\":\"https:\/\/www.fsfx.com.br\/ocupacional\/\"},{\"@type\":\"ListItem\",\"position\":2,\"name\":\"Vita Solu\u00e7\u00f5es em Sa\u00fade Ocupacional celebra 19 anos de excel\u00eancia e inova\u00e7\u00e3o\"}]},{\"@type\":\"WebSite\",\"@id\":\"https:\/\/www.fsfx.com.br\/ocupacional\/#website\",\"url\":\"https:\/\/www.fsfx.com.br\/ocupacional\/\",\"name\":\"Vita - Sa\u00fade Ocupacional\",\"description\":\"A Vita, realiza, desde 2006, presta\u00e7\u00e3o de servi\u00e7os especializados em sa\u00fade, seguran\u00e7a do Trabalho e Higiene Ocupacional.\",\"publisher\":{\"@id\":\"https:\/\/www.fsfx.com.br\/ocupacional\/#organization\"},\"potentialAction\":[{\"@type\":\"SearchAction\",\"target\":{\"@type\":\"EntryPoint\",\"urlTemplate\":\"https:\/\/www.fsfx.com.br\/ocupacional\/?s={search_term_string}\"},\"query-input\":{\"@type\":\"PropertyValueSpecification\",\"valueRequired\":true,\"valueName\":\"search_term_string\"}}],\"inLanguage\":\"pt-BR\"},{\"@type\":\"Organization\",\"@id\":\"https:\/\/www.fsfx.com.br\/ocupacional\/#organization\",\"name\":\"Vita - Solu\u00e7\u00f5es em Sa\u00fade Ocupacional\",\"url\":\"https:\/\/www.fsfx.com.br\/ocupacional\/\",\"logo\":{\"@type\":\"ImageObject\",\"inLanguage\":\"pt-BR\",\"@id\":\"https:\/\/www.fsfx.com.br\/ocupacional\/#\/schema\/logo\/image\/\",\"url\":\"https:\/\/www.fsfx.com.br\/ocupacional\/wp-content\/uploads\/sites\/3\/2022\/03\/logo-azul.png\",\"contentUrl\":\"https:\/\/www.fsfx.com.br\/ocupacional\/wp-content\/uploads\/sites\/3\/2022\/03\/logo-azul.png\",\"width\":547,\"height\":178,\"caption\":\"Vita - Solu\u00e7\u00f5es em Sa\u00fade Ocupacional\"},\"image\":{\"@id\":\"https:\/\/www.fsfx.com.br\/ocupacional\/#\/schema\/logo\/image\/\"}},{\"@type\":\"Person\",\"@id\":\"https:\/\/www.fsfx.com.br\/ocupacional\/#\/schema\/person\/6bf2cced2b7a5d5d78f5610fc8f52504\",\"name\":\"C\u00e1ssio Santana\",\"image\":{\"@type\":\"ImageObject\",\"inLanguage\":\"pt-BR\",\"@id\":\"https:\/\/www.fsfx.com.br\/ocupacional\/#\/schema\/person\/image\/\",\"url\":\"https:\/\/secure.gravatar.com\/avatar\/ef79739de3edd2f5c2e7c4930b0808c62af99fc5520eaadc7899948f8bc6d2e1?s=96&d=mm&r=g\",\"contentUrl\":\"https:\/\/secure.gravatar.com\/avatar\/ef79739de3edd2f5c2e7c4930b0808c62af99fc5520eaadc7899948f8bc6d2e1?s=96&d=mm&r=g\",\"caption\":\"C\u00e1ssio Santana\"},\"url\":\"https:\/\/www.fsfx.com.br\/ocupacional\/author\/cassio\/\"}]}<\/script>\n<!-- \/ Yoast SEO plugin. -->","yoast_head_json":{"title":"Vita Solu\u00e7\u00f5es em Sa\u00fade Ocupacional celebra 19 anos de excel\u00eancia e inova\u00e7\u00e3o - Vita - Sa\u00fade Ocupacional","robots":{"index":"index","follow":"follow","max-snippet":"max-snippet:-1","max-image-preview":"max-image-preview:large","max-video-preview":"max-video-preview:-1"},"canonical":"https:\/\/www.fsfx.com.br\/ocupacional\/vita-solucoes-em-saude-ocupacional-celebra-19-anos-de-excelencia-e-inovacao\/","og_locale":"pt_BR","og_type":"article","og_title":"Vita Solu\u00e7\u00f5es em Sa\u00fade Ocupacional celebra 19 anos de excel\u00eancia e inova\u00e7\u00e3o - Vita - Sa\u00fade Ocupacional","og_description":"Nesta quinta-feira, 2 de janeiro, a Vita Solu\u00e7\u00f5es em Sa\u00fade Ocupacional comemora 19 anos de hist\u00f3ria. Desde sua funda\u00e7\u00e3o, em 2006, como uma unidade de neg\u00f3cio da Funda\u00e7\u00e3o S\u00e3o Francisco Xavier, a Vita se destacou pela excel\u00eancia nos servi\u00e7os de sa\u00fade e seguran\u00e7a ocupacional, consolidando-se como refer\u00eancia no setor. A trajet\u00f3ria da Vita come\u00e7ou dentro [&hellip;]","og_url":"https:\/\/www.fsfx.com.br\/ocupacional\/vita-solucoes-em-saude-ocupacional-celebra-19-anos-de-excelencia-e-inovacao\/","og_site_name":"Vita - Sa\u00fade Ocupacional","article_published_time":"2025-01-02T19:56:31+00:00","og_image":[{"width":613,"height":421,"url":"https:\/\/www.fsfx.com.br\/ocupacional\/wp-content\/uploads\/sites\/3\/2025\/01\/Vita-Solucoes-em-Saude-Ocupacional.jpg","type":"image\/jpeg"}],"author":"C\u00e1ssio Santana","twitter_card":"summary_large_image","twitter_misc":{"Escrito por":"C\u00e1ssio Santana","Est. tempo de leitura":"3 minutos"},"schema":{"@context":"https:\/\/schema.org","@graph":[{"@type":"Article","@id":"https:\/\/www.fsfx.com.br\/ocupacional\/vita-solucoes-em-saude-ocupacional-celebra-19-anos-de-excelencia-e-inovacao\/#article","isPartOf":{"@id":"https:\/\/www.fsfx.com.br\/ocupacional\/vita-solucoes-em-saude-ocupacional-celebra-19-anos-de-excelencia-e-inovacao\/"},"author":{"name":"C\u00e1ssio Santana","@id":"https:\/\/www.fsfx.com.br\/ocupacional\/#\/schema\/person\/6bf2cced2b7a5d5d78f5610fc8f52504"},"headline":"Vita Solu\u00e7\u00f5es em Sa\u00fade Ocupacional celebra 19 anos de excel\u00eancia e inova\u00e7\u00e3o","datePublished":"2025-01-02T19:56:31+00:00","mainEntityOfPage":{"@id":"https:\/\/www.fsfx.com.br\/ocupacional\/vita-solucoes-em-saude-ocupacional-celebra-19-anos-de-excelencia-e-inovacao\/"},"wordCount":469,"publisher":{"@id":"https:\/\/www.fsfx.com.br\/ocupacional\/#organization"},"image":{"@id":"https:\/\/www.fsfx.com.br\/ocupacional\/vita-solucoes-em-saude-ocupacional-celebra-19-anos-de-excelencia-e-inovacao\/#primaryimage"},"thumbnailUrl":"https:\/\/www.fsfx.com.br\/ocupacional\/wp-content\/uploads\/sites\/3\/2025\/01\/Vita-Solucoes-em-Saude-Ocupacional.jpg","inLanguage":"pt-BR"},{"@type":"WebPage","@id":"https:\/\/www.fsfx.com.br\/ocupacional\/vita-solucoes-em-saude-ocupacional-celebra-19-anos-de-excelencia-e-inovacao\/","url":"https:\/\/www.fsfx.com.br\/ocupacional\/vita-solucoes-em-saude-ocupacional-celebra-19-anos-de-excelencia-e-inovacao\/","name":"Vita Solu\u00e7\u00f5es em Sa\u00fade Ocupacional celebra 19 anos de excel\u00eancia e inova\u00e7\u00e3o - Vita - Sa\u00fade Ocupacional","isPartOf":{"@id":"https:\/\/www.fsfx.com.br\/ocupacional\/#website"},"primaryImageOfPage":{"@id":"https:\/\/www.fsfx.com.br\/ocupacional\/vita-solucoes-em-saude-ocupacional-celebra-19-anos-de-excelencia-e-inovacao\/#primaryimage"},"image":{"@id":"https:\/\/www.fsfx.com.br\/ocupacional\/vita-solucoes-em-saude-ocupacional-celebra-19-anos-de-excelencia-e-inovacao\/#primaryimage"},"thumbnailUrl":"https:\/\/www.fsfx.com.br\/ocupacional\/wp-content\/uploads\/sites\/3\/2025\/01\/Vita-Solucoes-em-Saude-Ocupacional.jpg","datePublished":"2025-01-02T19:56:31+00:00","breadcrumb":{"@id":"https:\/\/www.fsfx.com.br\/ocupacional\/vita-solucoes-em-saude-ocupacional-celebra-19-anos-de-excelencia-e-inovacao\/#breadcrumb"},"inLanguage":"pt-BR","potentialAction":[{"@type":"ReadAction","target":["https:\/\/www.fsfx.com.br\/ocupacional\/vita-solucoes-em-saude-ocupacional-celebra-19-anos-de-excelencia-e-inovacao\/"]}]},{"@type":"ImageObject","inLanguage":"pt-BR","@id":"https:\/\/www.fsfx.com.br\/ocupacional\/vita-solucoes-em-saude-ocupacional-celebra-19-anos-de-excelencia-e-inovacao\/#primaryimage","url":"https:\/\/www.fsfx.com.br\/ocupacional\/wp-content\/uploads\/sites\/3\/2025\/01\/Vita-Solucoes-em-Saude-Ocupacional.jpg","contentUrl":"https:\/\/www.fsfx.com.br\/ocupacional\/wp-content\/uploads\/sites\/3\/2025\/01\/Vita-Solucoes-em-Saude-Ocupacional.jpg","width":613,"height":421},{"@type":"BreadcrumbList","@id":"https:\/\/www.fsfx.com.br\/ocupacional\/vita-solucoes-em-saude-ocupacional-celebra-19-anos-de-excelencia-e-inovacao\/#breadcrumb","itemListElement":[{"@type":"ListItem","position":1,"name":"In\u00edcio","item":"https:\/\/www.fsfx.com.br\/ocupacional\/"},{"@type":"ListItem","position":2,"name":"Vita Solu\u00e7\u00f5es em Sa\u00fade Ocupacional celebra 19 anos de excel\u00eancia e inova\u00e7\u00e3o"}]},{"@type":"WebSite","@id":"https:\/\/www.fsfx.com.br\/ocupacional\/#website","url":"https:\/\/www.fsfx.com.br\/ocupacional\/","name":"Vita - Sa\u00fade Ocupacional","description":"A Vita, realiza, desde 2006, presta\u00e7\u00e3o de servi\u00e7os especializados em sa\u00fade, seguran\u00e7a do Trabalho e Higiene Ocupacional.","publisher":{"@id":"https:\/\/www.fsfx.com.br\/ocupacional\/#organization"},"potentialAction":[{"@type":"SearchAction","target":{"@type":"EntryPoint","urlTemplate":"https:\/\/www.fsfx.com.br\/ocupacional\/?s={search_term_string}"},"query-input":{"@type":"PropertyValueSpecification","valueRequired":true,"valueName":"search_term_string"}}],"inLanguage":"pt-BR"},{"@type":"Organization","@id":"https:\/\/www.fsfx.com.br\/ocupacional\/#organization","name":"Vita - Solu\u00e7\u00f5es em Sa\u00fade Ocupacional","url":"https:\/\/www.fsfx.com.br\/ocupacional\/","logo":{"@type":"ImageObject","inLanguage":"pt-BR","@id":"https:\/\/www.fsfx.com.br\/ocupacional\/#\/schema\/logo\/image\/","url":"https:\/\/www.fsfx.com.br\/ocupacional\/wp-content\/uploads\/sites\/3\/2022\/03\/logo-azul.png","contentUrl":"https:\/\/www.fsfx.com.br\/ocupacional\/wp-content\/uploads\/sites\/3\/2022\/03\/logo-azul.png","width":547,"height":178,"caption":"Vita - Solu\u00e7\u00f5es em Sa\u00fade Ocupacional"},"image":{"@id":"https:\/\/www.fsfx.com.br\/ocupacional\/#\/schema\/logo\/image\/"}},{"@type":"Person","@id":"https:\/\/www.fsfx.com.br\/ocupacional\/#\/schema\/person\/6bf2cced2b7a5d5d78f5610fc8f52504","name":"C\u00e1ssio Santana","image":{"@type":"ImageObject","inLanguage":"pt-BR","@id":"https:\/\/www.fsfx.com.br\/ocupacional\/#\/schema\/person\/image\/","url":"https:\/\/secure.gravatar.com\/avatar\/ef79739de3edd2f5c2e7c4930b0808c62af99fc5520eaadc7899948f8bc6d2e1?s=96&d=mm&r=g","contentUrl":"https:\/\/secure.gravatar.com\/avatar\/ef79739de3edd2f5c2e7c4930b0808c62af99fc5520eaadc7899948f8bc6d2e1?s=96&d=mm&r=g","caption":"C\u00e1ssio Santana"},"url":"https:\/\/www.fsfx.com.br\/ocupacional\/author\/cassio\/"}]}},"_links":{"self":[{"href":"https:\/\/www.fsfx.com.br\/ocupacional\/wp-json\/wp\/v2\/posts\/3080","targetHints":{"allow":["GET"]}}],"collection":[{"href":"https:\/\/www.fsfx.com.br\/ocupacional\/wp-json\/wp\/v2\/posts"}],"about":[{"href":"https:\/\/www.fsfx.com.br\/ocupacional\/wp-json\/wp\/v2\/types\/post"}],"author":[{"embeddable":true,"href":"https:\/\/www.fsfx.com.br\/ocupacional\/wp-json\/wp\/v2\/users\/6"}],"replies":[{"embeddable":true,"href":"https:\/\/www.fsfx.com.br\/ocupacional\/wp-json\/wp\/v2\/comments?post=3080"}],"version-history":[{"count":1,"href":"https:\/\/www.fsfx.com.br\/ocupacional\/wp-json\/wp\/v2\/posts\/3080\/revisions"}],"predecessor-version":[{"id":3082,"href":"https:\/\/www.fsfx.com.br\/ocupacional\/wp-json\/wp\/v2\/posts\/3080\/revisions\/3082"}],"wp:featuredmedia":[{"embeddable":true,"href":"https:\/\/www.fsfx.com.br\/ocupacional\/wp-json\/wp\/v2\/media\/3081"}],"wp:attachment":[{"href":"https:\/\/www.fsfx.com.br\/ocupacional\/wp-json\/wp\/v2\/media?parent=3080"}],"wp:term":[{"taxonomy":"category","embeddable":true,"href":"https:\/\/www.fsfx.com.br\/ocupacional\/wp-json\/wp\/v2\/categories?post=3080"},{"taxonomy":"post_tag","embeddable":true,"href":"https:\/\/www.fsfx.com.br\/ocupacional\/wp-json\/wp\/v2\/tags?post=3080"}],"curies":[{"name":"wp","href":"https:\/\/api.w.org\/{rel}","templated":true}]}}