{"id":3169,"date":"2025-10-17T09:24:09","date_gmt":"2025-10-17T12:24:09","guid":{"rendered":"https:\/\/www.fsfx.com.br\/ocupacional\/?p=3169"},"modified":"2025-10-17T09:24:09","modified_gmt":"2025-10-17T12:24:09","slug":"dia-do-medico-fundacao-sao-francisco-xavier-celebra-compromisso-e-dedicacao-de-seus-profissionais","status":"publish","type":"post","link":"https:\/\/www.fsfx.com.br\/ocupacional\/dia-do-medico-fundacao-sao-francisco-xavier-celebra-compromisso-e-dedicacao-de-seus-profissionais\/","title":{"rendered":"Dia do M\u00e9dico: Funda\u00e7\u00e3o S\u00e3o Francisco Xavier celebra compromisso e dedica\u00e7\u00e3o de seus profissionais"},"content":{"rendered":"<p><span style=\"font-weight: 400;\">Neste s\u00e1bado, 18 de outubro, \u00e9 celebrado o Dia do M\u00e9dico. Nesta data, a Funda\u00e7\u00e3o S\u00e3o Francisco Xavier (FSFX) presta uma homenagem especial a todos os profissionais que dedicam suas vidas ao cuidado com o outro. A institui\u00e7\u00e3o, refer\u00eancia em sa\u00fade, conta com mais de 750 m\u00e9dicos atuando em suas unidades: o Hospital M\u00e1rcio Cunha (HMC), o Hospital Municipal Carlos Chagas (HMCC), a Usisa\u00fade e a Vita Solu\u00e7\u00f5es em Sa\u00fade Ocupacional.<\/span><\/p>\n<p><span style=\"font-weight: 400;\">Com uma trajet\u00f3ria marcada pela excel\u00eancia e pelo compromisso com a vida, a FSFX se orgulha de reunir m\u00e9dicos experientes, qualificados e comprometidos com o bem-estar das pessoas. No Hospital M\u00e1rcio Cunha, em Ipatinga, s\u00e3o cerca de 500 m\u00e9dicos em 58 especialidades, atendendo a uma popula\u00e7\u00e3o estimada em 1,6 milh\u00e3o de habitantes, distribu\u00edda por 87 munic\u00edpios mineiros. J\u00e1 o Hospital Municipal Carlos Chagas, em Itabira, conta com 142 profissionais, referenciando 13 munic\u00edpios; a Usisa\u00fade, com presen\u00e7a no Vale do A\u00e7o, em Belo Horizonte, em Ita\u00fana e na Baixada Santista, mant\u00e9m uma equipe de 73 m\u00e9dicos; e a VITA, especializada em sa\u00fade ocupacional, conta com 26 profissionais.<\/span><\/p>\n<p><span style=\"font-weight: 400;\">Representando todo esse corpo cl\u00ednico, o m\u00e9dico hospitalista do Hospital M\u00e1rcio Cunha, Dr. Leonardo Stopa, destaca o valor do atendimento humanizado como um pilar essencial da pr\u00e1tica m\u00e9dica. \u201cEu acredito que o paciente passa a valorizar mais o profissional de sa\u00fade quando a gente oferece o atendimento que ele merece, com aten\u00e7\u00e3o, paci\u00eancia e empatia. \u00c9 ouvir a fam\u00edlia, explicar cada etapa do tratamento, os medicamentos utilizados, a expectativa de melhora. Quando o paciente entende o que est\u00e1 acontecendo, ele reconhece o esfor\u00e7o e o cuidado de quem o atende\u201d, afirma.<\/span><\/p>\n<p><span style=\"font-weight: 400;\">Com duas d\u00e9cadas de atua\u00e7\u00e3o no Hospital M\u00e1rcio Cunha, Dr. Leonardo fala com orgulho da Institui\u00e7\u00e3o e do ambiente de trabalho que a FSFX constr\u00f3i diariamente. \u201cTrabalho aqui h\u00e1 20 anos e j\u00e1 passei por v\u00e1rias gest\u00f5es. Todas contribu\u00edram para o crescimento do hospital, mas vejo na gest\u00e3o atual uma valoriza\u00e7\u00e3o muito grande dos profissionais. \u00c9 uma dire\u00e7\u00e3o pr\u00f3xima, que ouve, acolhe e reconhece quem faz a diferen\u00e7a. Saber que o hospital se preocupa com seus colaboradores \u00e9 algo que nos motiva ainda mais a cuidar de quem precisa\u201d, comenta.<\/span><\/p>\n<p><span style=\"font-weight: 400;\">Para ele, o aprendizado constante \u00e9 um dos maiores presentes que a profiss\u00e3o oferece. \u201cO Hospital M\u00e1rcio Cunha \u00e9 mais que uma universidade. Aqui a gente aprende todos os dias com colegas de diferentes especialidades, e isso nos faz crescer como m\u00e9dicos e como seres humanos. Trabalhar em um hospital que alia tecnologia de ponta, estrutura moderna e um olhar humano \u00e9 motivo de muito orgulho\u201d, completa.<\/span><\/p>\n<p><span style=\"font-weight: 400;\">Ao celebrar a data, o diretor-presidente da Funda\u00e7\u00e3o S\u00e3o Francisco Xavier, Flaviano Ventorim, refor\u00e7a o reconhecimento da Institui\u00e7\u00e3o a todos os profissionais que fazem da medicina uma miss\u00e3o de vida. \u201cSer m\u00e9dico \u00e9 um ato de entrega, empatia e compromisso com o outro. Na Funda\u00e7\u00e3o S\u00e3o Francisco Xavier, temos o privil\u00e9gio de contar com uma equipe que representa o que h\u00e1 de melhor na medicina: compet\u00eancia t\u00e9cnica, sensibilidade e amor pelo cuidado. Cada profissional, seja nos hospitais, na Usisa\u00fade ou na VITA, \u00e9 parte essencial da nossa miss\u00e3o de cuidar, com compromisso e excel\u00eancia. Neste Dia do M\u00e9dico, expressamos nossa gratid\u00e3o e reconhecimento a todos que, com dedica\u00e7\u00e3o e humaniza\u00e7\u00e3o, escrevem diariamente a hist\u00f3ria da FSFX\u201d, declarou Ventorim.<\/span><\/p>\n<p><span style=\"font-weight: 400;\">Mais do que celebrar uma data, a homenagem da Funda\u00e7\u00e3o S\u00e3o Francisco Xavier \u00e9 um reconhecimento \u00e0queles que fazem da medicina um gesto cont\u00ednuo de amor e responsabilidade. M\u00e9dicos que olham nos olhos, escutam com aten\u00e7\u00e3o e, com cada diagn\u00f3stico e tratamento, reafirmam o compromisso de cuidar de pessoas com ci\u00eancia, baseada em evid\u00eancia, com t\u00e9cnica e, acima de tudo, com cora\u00e7\u00e3o.<\/span><\/p>\n<p><b>Funda\u00e7\u00e3o S\u00e3o Francisco Xavier<\/b><\/p>\n<p><span style=\"font-weight: 400;\">A Funda\u00e7\u00e3o S\u00e3o Francisco Xavier \u00e9 uma entidade filantr\u00f3pica que atua desde 1969 e conta com cerca de 6.200 colaboradores. Atualmente, administra duas unidades hospitalares, sendo o Hospital M\u00e1rcio Cunha com cerca de 70% dos atendimentos pelo SUS, em Ipatinga, e o Hospital Municipal Carlos Chagas com 100% dos atendimentos pelo SUS, em Itabira (MG).\u00a0<\/span><\/p>\n<p><span style=\"font-weight: 400;\">As unidades hospitalares t\u00eam uma gest\u00e3o marcada pela responsabilidade, pela oferta de atendimentos de excel\u00eancia e pelas melhores pr\u00e1ticas de seguran\u00e7a. Al\u00e9m das unidades hospitalares, a Funda\u00e7\u00e3o \u00e9 respons\u00e1vel por administrar a operadora de Planos de Sa\u00fade Usisa\u00fade, que possui mais de 200 mil vidas, o Centro de Odontologia Integrada, que mant\u00e9m os melhores indicadores de sa\u00fade bucal j\u00e1 divulgados no Brasil, e o Servi\u00e7o de Seguran\u00e7a do Trabalho, Sa\u00fade Ocupacional e Meio Ambiente \u2013 Vita, que soma mais de 160 mil vidas sob sua gest\u00e3o.\u00a0<\/span><\/p>\n<p><span style=\"font-weight: 400;\">Na \u00e1rea educacional, o Col\u00e9gio S\u00e3o Francisco Xavier, unidade precursora localizada em Ipatinga, \u00e9 refer\u00eancia em Educa\u00e7\u00e3o na regi\u00e3o, com cerca de 2 mil alunos, da educa\u00e7\u00e3o infantil \u00e0 forma\u00e7\u00e3o t\u00e9cnica.<\/span><\/p>\n","protected":false},"excerpt":{"rendered":"<p>Neste s\u00e1bado, 18 de outubro, \u00e9 celebrado o Dia do M\u00e9dico. Nesta data, a Funda\u00e7\u00e3o S\u00e3o Francisco Xavier (FSFX) presta uma homenagem especial a todos os profissionais que dedicam suas vidas ao cuidado com o outro. A institui\u00e7\u00e3o, refer\u00eancia em sa\u00fade, conta com mais de 750 m\u00e9dicos atuando em suas unidades: o Hospital M\u00e1rcio Cunha [&hellip;]<\/p>\n","protected":false},"author":2,"featured_media":3170,"comment_status":"closed","ping_status":"closed","sticky":false,"template":"","format":"standard","meta":{"_acf_changed":false,"site-sidebar-layout":"default","site-content-layout":"","ast-site-content-layout":"default","site-content-style":"default","site-sidebar-style":"default","ast-global-header-display":"","ast-banner-title-visibility":"","ast-main-header-display":"","ast-hfb-above-header-display":"","ast-hfb-below-header-display":"","ast-hfb-mobile-header-display":"","site-post-title":"","ast-breadcrumbs-content":"","ast-featured-img":"","footer-sml-layout":"","theme-transparent-header-meta":"","adv-header-id-meta":"","stick-header-meta":"","header-above-stick-meta":"","header-main-stick-meta":"","header-below-stick-meta":"","astra-migrate-meta-layouts":"default","ast-page-background-enabled":"default","ast-page-background-meta":{"desktop":{"background-color":"var(--ast-global-color-4)","background-image":"","background-repeat":"repeat","background-position":"center center","background-size":"auto","background-attachment":"scroll","background-type":"","background-media":"","overlay-type":"","overlay-color":"","overlay-opacity":"","overlay-gradient":""},"tablet":{"background-color":"","background-image":"","background-repeat":"repeat","background-position":"center center","background-size":"auto","background-attachment":"scroll","background-type":"","background-media":"","overlay-type":"","overlay-color":"","overlay-opacity":"","overlay-gradient":""},"mobile":{"background-color":"","background-image":"","background-repeat":"repeat","background-position":"center center","background-size":"auto","background-attachment":"scroll","background-type":"","background-media":"","overlay-type":"","overlay-color":"","overlay-opacity":"","overlay-gradient":""}},"ast-content-background-meta":{"desktop":{"background-color":"var(--ast-global-color-5)","background-image":"","background-repeat":"repeat","background-position":"center center","background-size":"auto","background-attachment":"scroll","background-type":"","background-media":"","overlay-type":"","overlay-color":"","overlay-opacity":"","overlay-gradient":""},"tablet":{"background-color":"var(--ast-global-color-5)","background-image":"","background-repeat":"repeat","background-position":"center center","background-size":"auto","background-attachment":"scroll","background-type":"","background-media":"","overlay-type":"","overlay-color":"","overlay-opacity":"","overlay-gradient":""},"mobile":{"background-color":"var(--ast-global-color-5)","background-image":"","background-repeat":"repeat","background-position":"center center","background-size":"auto","background-attachment":"scroll","background-type":"","background-media":"","overlay-type":"","overlay-color":"","overlay-opacity":"","overlay-gradient":""}},"footnotes":""},"categories":[1],"tags":[],"class_list":["post-3169","post","type-post","status-publish","format-standard","has-post-thumbnail","hentry","category-sem-categoria"],"acf":[],"yoast_head":"<!-- This site is optimized with the Yoast SEO plugin v26.9 - https:\/\/yoast.com\/product\/yoast-seo-wordpress\/ -->\n<title>Dia do M\u00e9dico: Funda\u00e7\u00e3o S\u00e3o Francisco Xavier celebra compromisso e dedica\u00e7\u00e3o de seus profissionais - Vita - Sa\u00fade Ocupacional<\/title>\n<meta name=\"robots\" content=\"index, follow, max-snippet:-1, max-image-preview:large, max-video-preview:-1\" \/>\n<link rel=\"canonical\" href=\"https:\/\/www.fsfx.com.br\/ocupacional\/dia-do-medico-fundacao-sao-francisco-xavier-celebra-compromisso-e-dedicacao-de-seus-profissionais\/\" \/>\n<meta property=\"og:locale\" content=\"pt_BR\" \/>\n<meta property=\"og:type\" content=\"article\" \/>\n<meta property=\"og:title\" content=\"Dia do M\u00e9dico: Funda\u00e7\u00e3o S\u00e3o Francisco Xavier celebra compromisso e dedica\u00e7\u00e3o de seus profissionais - Vita - Sa\u00fade Ocupacional\" \/>\n<meta property=\"og:description\" content=\"Neste s\u00e1bado, 18 de outubro, \u00e9 celebrado o Dia do M\u00e9dico. Nesta data, a Funda\u00e7\u00e3o S\u00e3o Francisco Xavier (FSFX) presta uma homenagem especial a todos os profissionais que dedicam suas vidas ao cuidado com o outro. A institui\u00e7\u00e3o, refer\u00eancia em sa\u00fade, conta com mais de 750 m\u00e9dicos atuando em suas unidades: o Hospital M\u00e1rcio Cunha [&hellip;]\" \/>\n<meta property=\"og:url\" content=\"https:\/\/www.fsfx.com.br\/ocupacional\/dia-do-medico-fundacao-sao-francisco-xavier-celebra-compromisso-e-dedicacao-de-seus-profissionais\/\" \/>\n<meta property=\"og:site_name\" content=\"Vita - Sa\u00fade Ocupacional\" \/>\n<meta property=\"article:published_time\" content=\"2025-10-17T12:24:09+00:00\" \/>\n<meta property=\"og:image\" content=\"https:\/\/www.fsfx.com.br\/ocupacional\/wp-content\/uploads\/sites\/3\/2025\/10\/medico.jpg\" \/>\n\t<meta property=\"og:image:width\" content=\"1200\" \/>\n\t<meta property=\"og:image:height\" content=\"650\" \/>\n\t<meta property=\"og:image:type\" content=\"image\/jpeg\" \/>\n<meta name=\"author\" content=\"claudio\" \/>\n<meta name=\"twitter:card\" content=\"summary_large_image\" \/>\n<meta name=\"twitter:label1\" content=\"Escrito por\" \/>\n\t<meta name=\"twitter:data1\" content=\"claudio\" \/>\n\t<meta name=\"twitter:label2\" content=\"Est. tempo de leitura\" \/>\n\t<meta name=\"twitter:data2\" content=\"5 minutos\" \/>\n<script type=\"application\/ld+json\" class=\"yoast-schema-graph\">{\"@context\":\"https:\/\/schema.org\",\"@graph\":[{\"@type\":\"Article\",\"@id\":\"https:\/\/www.fsfx.com.br\/ocupacional\/dia-do-medico-fundacao-sao-francisco-xavier-celebra-compromisso-e-dedicacao-de-seus-profissionais\/#article\",\"isPartOf\":{\"@id\":\"https:\/\/www.fsfx.com.br\/ocupacional\/dia-do-medico-fundacao-sao-francisco-xavier-celebra-compromisso-e-dedicacao-de-seus-profissionais\/\"},\"author\":{\"name\":\"claudio\",\"@id\":\"https:\/\/www.fsfx.com.br\/ocupacional\/#\/schema\/person\/7d2372fe1973398ab20a060bbb9a87d8\"},\"headline\":\"Dia do M\u00e9dico: Funda\u00e7\u00e3o S\u00e3o Francisco Xavier celebra compromisso e dedica\u00e7\u00e3o de seus profissionais\",\"datePublished\":\"2025-10-17T12:24:09+00:00\",\"mainEntityOfPage\":{\"@id\":\"https:\/\/www.fsfx.com.br\/ocupacional\/dia-do-medico-fundacao-sao-francisco-xavier-celebra-compromisso-e-dedicacao-de-seus-profissionais\/\"},\"wordCount\":881,\"publisher\":{\"@id\":\"https:\/\/www.fsfx.com.br\/ocupacional\/#organization\"},\"image\":{\"@id\":\"https:\/\/www.fsfx.com.br\/ocupacional\/dia-do-medico-fundacao-sao-francisco-xavier-celebra-compromisso-e-dedicacao-de-seus-profissionais\/#primaryimage\"},\"thumbnailUrl\":\"https:\/\/www.fsfx.com.br\/ocupacional\/wp-content\/uploads\/sites\/3\/2025\/10\/medico.jpg\",\"inLanguage\":\"pt-BR\"},{\"@type\":\"WebPage\",\"@id\":\"https:\/\/www.fsfx.com.br\/ocupacional\/dia-do-medico-fundacao-sao-francisco-xavier-celebra-compromisso-e-dedicacao-de-seus-profissionais\/\",\"url\":\"https:\/\/www.fsfx.com.br\/ocupacional\/dia-do-medico-fundacao-sao-francisco-xavier-celebra-compromisso-e-dedicacao-de-seus-profissionais\/\",\"name\":\"Dia do M\u00e9dico: Funda\u00e7\u00e3o S\u00e3o Francisco Xavier celebra compromisso e dedica\u00e7\u00e3o de seus profissionais - Vita - Sa\u00fade Ocupacional\",\"isPartOf\":{\"@id\":\"https:\/\/www.fsfx.com.br\/ocupacional\/#website\"},\"primaryImageOfPage\":{\"@id\":\"https:\/\/www.fsfx.com.br\/ocupacional\/dia-do-medico-fundacao-sao-francisco-xavier-celebra-compromisso-e-dedicacao-de-seus-profissionais\/#primaryimage\"},\"image\":{\"@id\":\"https:\/\/www.fsfx.com.br\/ocupacional\/dia-do-medico-fundacao-sao-francisco-xavier-celebra-compromisso-e-dedicacao-de-seus-profissionais\/#primaryimage\"},\"thumbnailUrl\":\"https:\/\/www.fsfx.com.br\/ocupacional\/wp-content\/uploads\/sites\/3\/2025\/10\/medico.jpg\",\"datePublished\":\"2025-10-17T12:24:09+00:00\",\"breadcrumb\":{\"@id\":\"https:\/\/www.fsfx.com.br\/ocupacional\/dia-do-medico-fundacao-sao-francisco-xavier-celebra-compromisso-e-dedicacao-de-seus-profissionais\/#breadcrumb\"},\"inLanguage\":\"pt-BR\",\"potentialAction\":[{\"@type\":\"ReadAction\",\"target\":[\"https:\/\/www.fsfx.com.br\/ocupacional\/dia-do-medico-fundacao-sao-francisco-xavier-celebra-compromisso-e-dedicacao-de-seus-profissionais\/\"]}]},{\"@type\":\"ImageObject\",\"inLanguage\":\"pt-BR\",\"@id\":\"https:\/\/www.fsfx.com.br\/ocupacional\/dia-do-medico-fundacao-sao-francisco-xavier-celebra-compromisso-e-dedicacao-de-seus-profissionais\/#primaryimage\",\"url\":\"https:\/\/www.fsfx.com.br\/ocupacional\/wp-content\/uploads\/sites\/3\/2025\/10\/medico.jpg\",\"contentUrl\":\"https:\/\/www.fsfx.com.br\/ocupacional\/wp-content\/uploads\/sites\/3\/2025\/10\/medico.jpg\",\"width\":1200,\"height\":650},{\"@type\":\"BreadcrumbList\",\"@id\":\"https:\/\/www.fsfx.com.br\/ocupacional\/dia-do-medico-fundacao-sao-francisco-xavier-celebra-compromisso-e-dedicacao-de-seus-profissionais\/#breadcrumb\",\"itemListElement\":[{\"@type\":\"ListItem\",\"position\":1,\"name\":\"In\u00edcio\",\"item\":\"https:\/\/www.fsfx.com.br\/ocupacional\/\"},{\"@type\":\"ListItem\",\"position\":2,\"name\":\"Dia do M\u00e9dico: Funda\u00e7\u00e3o S\u00e3o Francisco Xavier celebra compromisso e dedica\u00e7\u00e3o de seus profissionais\"}]},{\"@type\":\"WebSite\",\"@id\":\"https:\/\/www.fsfx.com.br\/ocupacional\/#website\",\"url\":\"https:\/\/www.fsfx.com.br\/ocupacional\/\",\"name\":\"Vita - Sa\u00fade Ocupacional\",\"description\":\"A Vita, realiza, desde 2006, presta\u00e7\u00e3o de servi\u00e7os especializados em sa\u00fade, seguran\u00e7a do Trabalho e Higiene Ocupacional.\",\"publisher\":{\"@id\":\"https:\/\/www.fsfx.com.br\/ocupacional\/#organization\"},\"potentialAction\":[{\"@type\":\"SearchAction\",\"target\":{\"@type\":\"EntryPoint\",\"urlTemplate\":\"https:\/\/www.fsfx.com.br\/ocupacional\/?s={search_term_string}\"},\"query-input\":{\"@type\":\"PropertyValueSpecification\",\"valueRequired\":true,\"valueName\":\"search_term_string\"}}],\"inLanguage\":\"pt-BR\"},{\"@type\":\"Organization\",\"@id\":\"https:\/\/www.fsfx.com.br\/ocupacional\/#organization\",\"name\":\"Vita - Solu\u00e7\u00f5es em Sa\u00fade Ocupacional\",\"url\":\"https:\/\/www.fsfx.com.br\/ocupacional\/\",\"logo\":{\"@type\":\"ImageObject\",\"inLanguage\":\"pt-BR\",\"@id\":\"https:\/\/www.fsfx.com.br\/ocupacional\/#\/schema\/logo\/image\/\",\"url\":\"https:\/\/www.fsfx.com.br\/ocupacional\/wp-content\/uploads\/sites\/3\/2022\/03\/logo-azul.png\",\"contentUrl\":\"https:\/\/www.fsfx.com.br\/ocupacional\/wp-content\/uploads\/sites\/3\/2022\/03\/logo-azul.png\",\"width\":547,\"height\":178,\"caption\":\"Vita - Solu\u00e7\u00f5es em Sa\u00fade Ocupacional\"},\"image\":{\"@id\":\"https:\/\/www.fsfx.com.br\/ocupacional\/#\/schema\/logo\/image\/\"}},{\"@type\":\"Person\",\"@id\":\"https:\/\/www.fsfx.com.br\/ocupacional\/#\/schema\/person\/7d2372fe1973398ab20a060bbb9a87d8\",\"name\":\"claudio\",\"image\":{\"@type\":\"ImageObject\",\"inLanguage\":\"pt-BR\",\"@id\":\"https:\/\/www.fsfx.com.br\/ocupacional\/#\/schema\/person\/image\/\",\"url\":\"https:\/\/secure.gravatar.com\/avatar\/724caacf0f2f073275cb3689c577e73e87e40150b1ffd648a67445e75aa7ff03?s=96&d=mm&r=g\",\"contentUrl\":\"https:\/\/secure.gravatar.com\/avatar\/724caacf0f2f073275cb3689c577e73e87e40150b1ffd648a67445e75aa7ff03?s=96&d=mm&r=g\",\"caption\":\"claudio\"},\"url\":\"https:\/\/www.fsfx.com.br\/ocupacional\/author\/claudio\/\"}]}<\/script>\n<!-- \/ Yoast SEO plugin. -->","yoast_head_json":{"title":"Dia do M\u00e9dico: Funda\u00e7\u00e3o S\u00e3o Francisco Xavier celebra compromisso e dedica\u00e7\u00e3o de seus profissionais - Vita - Sa\u00fade Ocupacional","robots":{"index":"index","follow":"follow","max-snippet":"max-snippet:-1","max-image-preview":"max-image-preview:large","max-video-preview":"max-video-preview:-1"},"canonical":"https:\/\/www.fsfx.com.br\/ocupacional\/dia-do-medico-fundacao-sao-francisco-xavier-celebra-compromisso-e-dedicacao-de-seus-profissionais\/","og_locale":"pt_BR","og_type":"article","og_title":"Dia do M\u00e9dico: Funda\u00e7\u00e3o S\u00e3o Francisco Xavier celebra compromisso e dedica\u00e7\u00e3o de seus profissionais - Vita - Sa\u00fade Ocupacional","og_description":"Neste s\u00e1bado, 18 de outubro, \u00e9 celebrado o Dia do M\u00e9dico. Nesta data, a Funda\u00e7\u00e3o S\u00e3o Francisco Xavier (FSFX) presta uma homenagem especial a todos os profissionais que dedicam suas vidas ao cuidado com o outro. A institui\u00e7\u00e3o, refer\u00eancia em sa\u00fade, conta com mais de 750 m\u00e9dicos atuando em suas unidades: o Hospital M\u00e1rcio Cunha [&hellip;]","og_url":"https:\/\/www.fsfx.com.br\/ocupacional\/dia-do-medico-fundacao-sao-francisco-xavier-celebra-compromisso-e-dedicacao-de-seus-profissionais\/","og_site_name":"Vita - Sa\u00fade Ocupacional","article_published_time":"2025-10-17T12:24:09+00:00","og_image":[{"width":1200,"height":650,"url":"https:\/\/www.fsfx.com.br\/ocupacional\/wp-content\/uploads\/sites\/3\/2025\/10\/medico.jpg","type":"image\/jpeg"}],"author":"claudio","twitter_card":"summary_large_image","twitter_misc":{"Escrito por":"claudio","Est. tempo de leitura":"5 minutos"},"schema":{"@context":"https:\/\/schema.org","@graph":[{"@type":"Article","@id":"https:\/\/www.fsfx.com.br\/ocupacional\/dia-do-medico-fundacao-sao-francisco-xavier-celebra-compromisso-e-dedicacao-de-seus-profissionais\/#article","isPartOf":{"@id":"https:\/\/www.fsfx.com.br\/ocupacional\/dia-do-medico-fundacao-sao-francisco-xavier-celebra-compromisso-e-dedicacao-de-seus-profissionais\/"},"author":{"name":"claudio","@id":"https:\/\/www.fsfx.com.br\/ocupacional\/#\/schema\/person\/7d2372fe1973398ab20a060bbb9a87d8"},"headline":"Dia do M\u00e9dico: Funda\u00e7\u00e3o S\u00e3o Francisco Xavier celebra compromisso e dedica\u00e7\u00e3o de seus profissionais","datePublished":"2025-10-17T12:24:09+00:00","mainEntityOfPage":{"@id":"https:\/\/www.fsfx.com.br\/ocupacional\/dia-do-medico-fundacao-sao-francisco-xavier-celebra-compromisso-e-dedicacao-de-seus-profissionais\/"},"wordCount":881,"publisher":{"@id":"https:\/\/www.fsfx.com.br\/ocupacional\/#organization"},"image":{"@id":"https:\/\/www.fsfx.com.br\/ocupacional\/dia-do-medico-fundacao-sao-francisco-xavier-celebra-compromisso-e-dedicacao-de-seus-profissionais\/#primaryimage"},"thumbnailUrl":"https:\/\/www.fsfx.com.br\/ocupacional\/wp-content\/uploads\/sites\/3\/2025\/10\/medico.jpg","inLanguage":"pt-BR"},{"@type":"WebPage","@id":"https:\/\/www.fsfx.com.br\/ocupacional\/dia-do-medico-fundacao-sao-francisco-xavier-celebra-compromisso-e-dedicacao-de-seus-profissionais\/","url":"https:\/\/www.fsfx.com.br\/ocupacional\/dia-do-medico-fundacao-sao-francisco-xavier-celebra-compromisso-e-dedicacao-de-seus-profissionais\/","name":"Dia do M\u00e9dico: Funda\u00e7\u00e3o S\u00e3o Francisco Xavier celebra compromisso e dedica\u00e7\u00e3o de seus profissionais - Vita - Sa\u00fade Ocupacional","isPartOf":{"@id":"https:\/\/www.fsfx.com.br\/ocupacional\/#website"},"primaryImageOfPage":{"@id":"https:\/\/www.fsfx.com.br\/ocupacional\/dia-do-medico-fundacao-sao-francisco-xavier-celebra-compromisso-e-dedicacao-de-seus-profissionais\/#primaryimage"},"image":{"@id":"https:\/\/www.fsfx.com.br\/ocupacional\/dia-do-medico-fundacao-sao-francisco-xavier-celebra-compromisso-e-dedicacao-de-seus-profissionais\/#primaryimage"},"thumbnailUrl":"https:\/\/www.fsfx.com.br\/ocupacional\/wp-content\/uploads\/sites\/3\/2025\/10\/medico.jpg","datePublished":"2025-10-17T12:24:09+00:00","breadcrumb":{"@id":"https:\/\/www.fsfx.com.br\/ocupacional\/dia-do-medico-fundacao-sao-francisco-xavier-celebra-compromisso-e-dedicacao-de-seus-profissionais\/#breadcrumb"},"inLanguage":"pt-BR","potentialAction":[{"@type":"ReadAction","target":["https:\/\/www.fsfx.com.br\/ocupacional\/dia-do-medico-fundacao-sao-francisco-xavier-celebra-compromisso-e-dedicacao-de-seus-profissionais\/"]}]},{"@type":"ImageObject","inLanguage":"pt-BR","@id":"https:\/\/www.fsfx.com.br\/ocupacional\/dia-do-medico-fundacao-sao-francisco-xavier-celebra-compromisso-e-dedicacao-de-seus-profissionais\/#primaryimage","url":"https:\/\/www.fsfx.com.br\/ocupacional\/wp-content\/uploads\/sites\/3\/2025\/10\/medico.jpg","contentUrl":"https:\/\/www.fsfx.com.br\/ocupacional\/wp-content\/uploads\/sites\/3\/2025\/10\/medico.jpg","width":1200,"height":650},{"@type":"BreadcrumbList","@id":"https:\/\/www.fsfx.com.br\/ocupacional\/dia-do-medico-fundacao-sao-francisco-xavier-celebra-compromisso-e-dedicacao-de-seus-profissionais\/#breadcrumb","itemListElement":[{"@type":"ListItem","position":1,"name":"In\u00edcio","item":"https:\/\/www.fsfx.com.br\/ocupacional\/"},{"@type":"ListItem","position":2,"name":"Dia do M\u00e9dico: Funda\u00e7\u00e3o S\u00e3o Francisco Xavier celebra compromisso e dedica\u00e7\u00e3o de seus profissionais"}]},{"@type":"WebSite","@id":"https:\/\/www.fsfx.com.br\/ocupacional\/#website","url":"https:\/\/www.fsfx.com.br\/ocupacional\/","name":"Vita - Sa\u00fade Ocupacional","description":"A Vita, realiza, desde 2006, presta\u00e7\u00e3o de servi\u00e7os especializados em sa\u00fade, seguran\u00e7a do Trabalho e Higiene Ocupacional.","publisher":{"@id":"https:\/\/www.fsfx.com.br\/ocupacional\/#organization"},"potentialAction":[{"@type":"SearchAction","target":{"@type":"EntryPoint","urlTemplate":"https:\/\/www.fsfx.com.br\/ocupacional\/?s={search_term_string}"},"query-input":{"@type":"PropertyValueSpecification","valueRequired":true,"valueName":"search_term_string"}}],"inLanguage":"pt-BR"},{"@type":"Organization","@id":"https:\/\/www.fsfx.com.br\/ocupacional\/#organization","name":"Vita - Solu\u00e7\u00f5es em Sa\u00fade Ocupacional","url":"https:\/\/www.fsfx.com.br\/ocupacional\/","logo":{"@type":"ImageObject","inLanguage":"pt-BR","@id":"https:\/\/www.fsfx.com.br\/ocupacional\/#\/schema\/logo\/image\/","url":"https:\/\/www.fsfx.com.br\/ocupacional\/wp-content\/uploads\/sites\/3\/2022\/03\/logo-azul.png","contentUrl":"https:\/\/www.fsfx.com.br\/ocupacional\/wp-content\/uploads\/sites\/3\/2022\/03\/logo-azul.png","width":547,"height":178,"caption":"Vita - Solu\u00e7\u00f5es em Sa\u00fade Ocupacional"},"image":{"@id":"https:\/\/www.fsfx.com.br\/ocupacional\/#\/schema\/logo\/image\/"}},{"@type":"Person","@id":"https:\/\/www.fsfx.com.br\/ocupacional\/#\/schema\/person\/7d2372fe1973398ab20a060bbb9a87d8","name":"claudio","image":{"@type":"ImageObject","inLanguage":"pt-BR","@id":"https:\/\/www.fsfx.com.br\/ocupacional\/#\/schema\/person\/image\/","url":"https:\/\/secure.gravatar.com\/avatar\/724caacf0f2f073275cb3689c577e73e87e40150b1ffd648a67445e75aa7ff03?s=96&d=mm&r=g","contentUrl":"https:\/\/secure.gravatar.com\/avatar\/724caacf0f2f073275cb3689c577e73e87e40150b1ffd648a67445e75aa7ff03?s=96&d=mm&r=g","caption":"claudio"},"url":"https:\/\/www.fsfx.com.br\/ocupacional\/author\/claudio\/"}]}},"_links":{"self":[{"href":"https:\/\/www.fsfx.com.br\/ocupacional\/wp-json\/wp\/v2\/posts\/3169","targetHints":{"allow":["GET"]}}],"collection":[{"href":"https:\/\/www.fsfx.com.br\/ocupacional\/wp-json\/wp\/v2\/posts"}],"about":[{"href":"https:\/\/www.fsfx.com.br\/ocupacional\/wp-json\/wp\/v2\/types\/post"}],"author":[{"embeddable":true,"href":"https:\/\/www.fsfx.com.br\/ocupacional\/wp-json\/wp\/v2\/users\/2"}],"replies":[{"embeddable":true,"href":"https:\/\/www.fsfx.com.br\/ocupacional\/wp-json\/wp\/v2\/comments?post=3169"}],"version-history":[{"count":1,"href":"https:\/\/www.fsfx.com.br\/ocupacional\/wp-json\/wp\/v2\/posts\/3169\/revisions"}],"predecessor-version":[{"id":3171,"href":"https:\/\/www.fsfx.com.br\/ocupacional\/wp-json\/wp\/v2\/posts\/3169\/revisions\/3171"}],"wp:featuredmedia":[{"embeddable":true,"href":"https:\/\/www.fsfx.com.br\/ocupacional\/wp-json\/wp\/v2\/media\/3170"}],"wp:attachment":[{"href":"https:\/\/www.fsfx.com.br\/ocupacional\/wp-json\/wp\/v2\/media?parent=3169"}],"wp:term":[{"taxonomy":"category","embeddable":true,"href":"https:\/\/www.fsfx.com.br\/ocupacional\/wp-json\/wp\/v2\/categories?post=3169"},{"taxonomy":"post_tag","embeddable":true,"href":"https:\/\/www.fsfx.com.br\/ocupacional\/wp-json\/wp\/v2\/tags?post=3169"}],"curies":[{"name":"wp","href":"https:\/\/api.w.org\/{rel}","templated":true}]}}