{"id":10125,"date":"2024-04-02T13:14:18","date_gmt":"2024-04-02T16:14:18","guid":{"rendered":"https:\/\/www.fsfx.com.br\/usisaude\/?p=10125"},"modified":"2024-04-02T13:14:18","modified_gmt":"2024-04-02T16:14:18","slug":"chegada-do-outono-aumenta-as-chances-de-infeccoes-e-crises-respiratorias-2","status":"publish","type":"post","link":"https:\/\/www.fsfx.com.br\/usisaude\/chegada-do-outono-aumenta-as-chances-de-infeccoes-e-crises-respiratorias-2\/","title":{"rendered":"CHEGADA DO OUTONO AUMENTA AS CHANCES DE INFEC\u00c7\u00d5ES E CRISES RESPIRAT\u00d3RIAS"},"content":{"rendered":"<p>A chegada do outono \u00e9 um momento de alerta para a sa\u00fade, em especial para crian\u00e7as, pois a altera\u00e7\u00e3o de temperatura e do clima as deixa mais suscet\u00edveis \u00e0 infec\u00e7\u00f5es ou crises respirat\u00f3rias.<\/p>\n<p>Alguns v\u00edrus s\u00e3o mais frequentes nessa \u00e9poca do ano, porque eles circulam por mais tempo no ar e se propagam com mais facilidade. De uma forma geral, o comportamento das pessoas no outono e no inverno tamb\u00e9m s\u00e3o um agravante j\u00e1 que as portas e janelas costumam ficar fechadas, os ambientes menos arejados, justamente por conta do clima frio, o que predisp\u00f5e a maior troca de v\u00edrus.<\/p>\n<p>No in\u00edcio do outono, \u00e9 muito comum o aumento da circula\u00e7\u00e3o dos v\u00edrus, \u00a0que podem causar bronquiolite, resfriados, \u00a0gripes, entre outros. Aten\u00e7\u00e3o especial \u00e0s crian\u00e7as menores de 2 anos e beb\u00eas pequenos \u00e9 muito importante para evitar agravos.<\/p>\n<p>Segundo a recomenda\u00e7\u00e3o da Sociedade Brasileira de Pediatria, uma das principais formas de preven\u00e7\u00e3o \u00e9 a vacina\u00e7\u00e3o das crian\u00e7as. \u00c9 muito importante manter o cart\u00e3o de vacina\u00e7\u00e3o atualizado. \u00a0Vale, ainda, uma aten\u00e7\u00e3o especial a covid-19. A partir de seis meses de idade, as crian\u00e7as j\u00e1 podem ser vacinadas, essa \u00e9 uma forma de preven\u00e7\u00e3o importante, pois diminuiu o risco de e, caso da crian\u00e7a venha a adoecer e evoluir para caso mais grave, mais s\u00e9rio e intenso.<\/p>\n<p>Outras dicas importantes para a preven\u00e7\u00e3o s\u00e3o: evitar aglomera\u00e7\u00e3o, principalmente locais fechados e cuidar das vias respirat\u00f3rias. Como n\u00e3o existe nenhum rem\u00e9dio espec\u00edfico para os sintomas gripais e respirat\u00f3rios, os pais ou respons\u00e1veis devem lavar o nariz com soro fisiol\u00f3gico sempre que necess\u00e1rio (obstru\u00e7\u00e3o nasal ou secre\u00e7\u00e3o nasal). Para as crian\u00e7as maiores de um ano, em casos de tosse, de gripes e resfriados, \u00e9 recomendado o uso do mel, como forma de al\u00edvio da tosse, al\u00e9m de hidratar bastante.<\/p>\n<p><strong>PROGRAMA +ATITUDE<\/strong><\/p>\n<p>Voltado para oferecer apoio aos benefici\u00e1rios Usisa\u00fade, o + Atitude \u00e9 um benef\u00edcio do plano, atuando na promo\u00e7\u00e3o da sa\u00fade e preven\u00e7\u00e3o de doen\u00e7as. O programa conta com uma plataforma que permite aos participantes acesso \u00e0 diversos conte\u00fados, desafios tem\u00e1ticos e recompensas em forma de pr\u00eamios e experi\u00eancias.<\/p>\n<p><strong>PROJETO GERAR &#8211; Sa\u00fade da mam\u00e3e e do beb\u00ea <\/strong><\/p>\n<p>Com foco na gesta\u00e7\u00e3o saud\u00e1vel, o Projeto Gerar acompanha desde o per\u00edodo de prepara\u00e7\u00e3o para a gravidez at\u00e9 o nascimento do beb\u00ea, al\u00e9m de oferecer uma jornada dedicada aos futuros\u00a0papais abordando diversos aspectos da sa\u00fade f\u00edsica e emocional.<\/p>\n<p>Acesse: <a href=\"http:\/\/www.maisatitude.com.br\">www.maisatitude.com.br<\/a><\/p>\n","protected":false},"excerpt":{"rendered":"<p>A chegada do outono \u00e9 um momento de alerta para a sa\u00fade, em especial para crian\u00e7as, pois a altera\u00e7\u00e3o de temperatura e do clima as deixa mais suscet\u00edveis \u00e0 infec\u00e7\u00f5es ou crises respirat\u00f3rias. Alguns v\u00edrus s\u00e3o mais frequentes nessa \u00e9poca do ano, porque eles circulam por mais tempo no ar e se propagam com mais [&hellip;]<\/p>\n","protected":false},"author":23,"featured_media":10129,"comment_status":"open","ping_status":"open","sticky":false,"template":"","format":"standard","meta":{"_acf_changed":false,"site-sidebar-layout":"default","site-content-layout":"","ast-site-content-layout":"default","site-content-style":"default","site-sidebar-style":"default","ast-global-header-display":"","ast-banner-title-visibility":"","ast-main-header-display":"","ast-hfb-above-header-display":"","ast-hfb-below-header-display":"","ast-hfb-mobile-header-display":"","site-post-title":"","ast-breadcrumbs-content":"","ast-featured-img":"","footer-sml-layout":"","theme-transparent-header-meta":"","adv-header-id-meta":"","stick-header-meta":"","header-above-stick-meta":"","header-main-stick-meta":"","header-below-stick-meta":"","astra-migrate-meta-layouts":"default","ast-page-background-enabled":"default","ast-page-background-meta":{"desktop":{"background-color":"var(--ast-global-color-4)","background-image":"","background-repeat":"repeat","background-position":"center center","background-size":"auto","background-attachment":"scroll","background-type":"","background-media":"","overlay-type":"","overlay-color":"","overlay-opacity":"","overlay-gradient":""},"tablet":{"background-color":"","background-image":"","background-repeat":"repeat","background-position":"center center","background-size":"auto","background-attachment":"scroll","background-type":"","background-media":"","overlay-type":"","overlay-color":"","overlay-opacity":"","overlay-gradient":""},"mobile":{"background-color":"","background-image":"","background-repeat":"repeat","background-position":"center center","background-size":"auto","background-attachment":"scroll","background-type":"","background-media":"","overlay-type":"","overlay-color":"","overlay-opacity":"","overlay-gradient":""}},"ast-content-background-meta":{"desktop":{"background-color":"var(--ast-global-color-5)","background-image":"","background-repeat":"repeat","background-position":"center center","background-size":"auto","background-attachment":"scroll","background-type":"","background-media":"","overlay-type":"","overlay-color":"","overlay-opacity":"","overlay-gradient":""},"tablet":{"background-color":"var(--ast-global-color-5)","background-image":"","background-repeat":"repeat","background-position":"center center","background-size":"auto","background-attachment":"scroll","background-type":"","background-media":"","overlay-type":"","overlay-color":"","overlay-opacity":"","overlay-gradient":""},"mobile":{"background-color":"var(--ast-global-color-5)","background-image":"","background-repeat":"repeat","background-position":"center center","background-size":"auto","background-attachment":"scroll","background-type":"","background-media":"","overlay-type":"","overlay-color":"","overlay-opacity":"","overlay-gradient":""}},"footnotes":""},"categories":[289],"tags":[],"class_list":["post-10125","post","type-post","status-publish","format-standard","has-post-thumbnail","hentry","category-bem-estar"],"acf":[],"yoast_head":"<!-- This site is optimized with the Yoast SEO plugin v26.9 - https:\/\/yoast.com\/product\/yoast-seo-wordpress\/ -->\n<title>CHEGADA DO OUTONO AUMENTA AS CHANCES DE INFEC\u00c7\u00d5ES E CRISES RESPIRAT\u00d3RIAS - Usisa\u00fade<\/title>\n<meta name=\"robots\" content=\"index, follow, max-snippet:-1, max-image-preview:large, max-video-preview:-1\" \/>\n<link rel=\"canonical\" href=\"https:\/\/www.fsfx.com.br\/usisaude\/chegada-do-outono-aumenta-as-chances-de-infeccoes-e-crises-respiratorias-2\/\" \/>\n<meta property=\"og:locale\" content=\"pt_BR\" \/>\n<meta property=\"og:type\" content=\"article\" \/>\n<meta property=\"og:title\" content=\"CHEGADA DO OUTONO AUMENTA AS CHANCES DE INFEC\u00c7\u00d5ES E CRISES RESPIRAT\u00d3RIAS - Usisa\u00fade\" \/>\n<meta property=\"og:description\" content=\"A chegada do outono \u00e9 um momento de alerta para a sa\u00fade, em especial para crian\u00e7as, pois a altera\u00e7\u00e3o de temperatura e do clima as deixa mais suscet\u00edveis \u00e0 infec\u00e7\u00f5es ou crises respirat\u00f3rias. Alguns v\u00edrus s\u00e3o mais frequentes nessa \u00e9poca do ano, porque eles circulam por mais tempo no ar e se propagam com mais [&hellip;]\" \/>\n<meta property=\"og:url\" content=\"https:\/\/www.fsfx.com.br\/usisaude\/chegada-do-outono-aumenta-as-chances-de-infeccoes-e-crises-respiratorias-2\/\" \/>\n<meta property=\"og:site_name\" content=\"Usisa\u00fade\" \/>\n<meta property=\"article:published_time\" content=\"2024-04-02T16:14:18+00:00\" \/>\n<meta property=\"og:image\" content=\"https:\/\/www.fsfx.com.br\/usisaude\/wp-content\/uploads\/sites\/6\/2024\/04\/man-suffering-from-allergies-full-shot.jpg\" \/>\n\t<meta property=\"og:image:width\" content=\"1920\" \/>\n\t<meta property=\"og:image:height\" content=\"1280\" \/>\n\t<meta property=\"og:image:type\" content=\"image\/jpeg\" \/>\n<meta name=\"author\" content=\"icarofernandes\" \/>\n<meta name=\"twitter:card\" content=\"summary_large_image\" \/>\n<meta name=\"twitter:label1\" content=\"Escrito por\" \/>\n\t<meta name=\"twitter:data1\" content=\"icarofernandes\" \/>\n\t<meta name=\"twitter:label2\" content=\"Est. tempo de leitura\" \/>\n\t<meta name=\"twitter:data2\" content=\"3 minutos\" \/>\n<script type=\"application\/ld+json\" class=\"yoast-schema-graph\">{\"@context\":\"https:\/\/schema.org\",\"@graph\":[{\"@type\":\"Article\",\"@id\":\"https:\/\/www.fsfx.com.br\/usisaude\/chegada-do-outono-aumenta-as-chances-de-infeccoes-e-crises-respiratorias-2\/#article\",\"isPartOf\":{\"@id\":\"https:\/\/www.fsfx.com.br\/usisaude\/chegada-do-outono-aumenta-as-chances-de-infeccoes-e-crises-respiratorias-2\/\"},\"author\":{\"name\":\"icarofernandes\",\"@id\":\"https:\/\/www.fsfx.com.br\/usisaude\/#\/schema\/person\/d46cee395ff1ef2247744b6e060266ba\"},\"headline\":\"CHEGADA DO OUTONO AUMENTA AS CHANCES DE INFEC\u00c7\u00d5ES E CRISES RESPIRAT\u00d3RIAS\",\"datePublished\":\"2024-04-02T16:14:18+00:00\",\"mainEntityOfPage\":{\"@id\":\"https:\/\/www.fsfx.com.br\/usisaude\/chegada-do-outono-aumenta-as-chances-de-infeccoes-e-crises-respiratorias-2\/\"},\"wordCount\":463,\"commentCount\":0,\"publisher\":{\"@id\":\"https:\/\/www.fsfx.com.br\/usisaude\/#organization\"},\"image\":{\"@id\":\"https:\/\/www.fsfx.com.br\/usisaude\/chegada-do-outono-aumenta-as-chances-de-infeccoes-e-crises-respiratorias-2\/#primaryimage\"},\"thumbnailUrl\":\"https:\/\/www.fsfx.com.br\/usisaude\/wp-content\/uploads\/sites\/6\/2024\/04\/man-suffering-from-allergies-full-shot.jpg\",\"articleSection\":[\"Bem-Estar\"],\"inLanguage\":\"pt-BR\",\"potentialAction\":[{\"@type\":\"CommentAction\",\"name\":\"Comment\",\"target\":[\"https:\/\/www.fsfx.com.br\/usisaude\/chegada-do-outono-aumenta-as-chances-de-infeccoes-e-crises-respiratorias-2\/#respond\"]}]},{\"@type\":\"WebPage\",\"@id\":\"https:\/\/www.fsfx.com.br\/usisaude\/chegada-do-outono-aumenta-as-chances-de-infeccoes-e-crises-respiratorias-2\/\",\"url\":\"https:\/\/www.fsfx.com.br\/usisaude\/chegada-do-outono-aumenta-as-chances-de-infeccoes-e-crises-respiratorias-2\/\",\"name\":\"CHEGADA DO OUTONO AUMENTA AS CHANCES DE INFEC\u00c7\u00d5ES E CRISES RESPIRAT\u00d3RIAS - Usisa\u00fade\",\"isPartOf\":{\"@id\":\"https:\/\/www.fsfx.com.br\/usisaude\/#website\"},\"primaryImageOfPage\":{\"@id\":\"https:\/\/www.fsfx.com.br\/usisaude\/chegada-do-outono-aumenta-as-chances-de-infeccoes-e-crises-respiratorias-2\/#primaryimage\"},\"image\":{\"@id\":\"https:\/\/www.fsfx.com.br\/usisaude\/chegada-do-outono-aumenta-as-chances-de-infeccoes-e-crises-respiratorias-2\/#primaryimage\"},\"thumbnailUrl\":\"https:\/\/www.fsfx.com.br\/usisaude\/wp-content\/uploads\/sites\/6\/2024\/04\/man-suffering-from-allergies-full-shot.jpg\",\"datePublished\":\"2024-04-02T16:14:18+00:00\",\"breadcrumb\":{\"@id\":\"https:\/\/www.fsfx.com.br\/usisaude\/chegada-do-outono-aumenta-as-chances-de-infeccoes-e-crises-respiratorias-2\/#breadcrumb\"},\"inLanguage\":\"pt-BR\",\"potentialAction\":[{\"@type\":\"ReadAction\",\"target\":[\"https:\/\/www.fsfx.com.br\/usisaude\/chegada-do-outono-aumenta-as-chances-de-infeccoes-e-crises-respiratorias-2\/\"]}]},{\"@type\":\"ImageObject\",\"inLanguage\":\"pt-BR\",\"@id\":\"https:\/\/www.fsfx.com.br\/usisaude\/chegada-do-outono-aumenta-as-chances-de-infeccoes-e-crises-respiratorias-2\/#primaryimage\",\"url\":\"https:\/\/www.fsfx.com.br\/usisaude\/wp-content\/uploads\/sites\/6\/2024\/04\/man-suffering-from-allergies-full-shot.jpg\",\"contentUrl\":\"https:\/\/www.fsfx.com.br\/usisaude\/wp-content\/uploads\/sites\/6\/2024\/04\/man-suffering-from-allergies-full-shot.jpg\",\"width\":1920,\"height\":1280},{\"@type\":\"BreadcrumbList\",\"@id\":\"https:\/\/www.fsfx.com.br\/usisaude\/chegada-do-outono-aumenta-as-chances-de-infeccoes-e-crises-respiratorias-2\/#breadcrumb\",\"itemListElement\":[{\"@type\":\"ListItem\",\"position\":1,\"name\":\"In\u00edcio\",\"item\":\"https:\/\/www.fsfx.com.br\/usisaude\/\"},{\"@type\":\"ListItem\",\"position\":2,\"name\":\"CHEGADA DO OUTONO AUMENTA AS CHANCES DE INFEC\u00c7\u00d5ES E CRISES RESPIRAT\u00d3RIAS\"}]},{\"@type\":\"WebSite\",\"@id\":\"https:\/\/www.fsfx.com.br\/usisaude\/#website\",\"url\":\"https:\/\/www.fsfx.com.br\/usisaude\/\",\"name\":\"Usisa\u00fade\",\"description\":\"Somos a Usisa\u00fade, uma operadora de planos de sa\u00fade da Funda\u00e7\u00e3o S\u00e3o Francisco Xavier (FSFX), a maior em modalidade filantr\u00f3pica do pa\u00eds.\",\"publisher\":{\"@id\":\"https:\/\/www.fsfx.com.br\/usisaude\/#organization\"},\"potentialAction\":[{\"@type\":\"SearchAction\",\"target\":{\"@type\":\"EntryPoint\",\"urlTemplate\":\"https:\/\/www.fsfx.com.br\/usisaude\/?s={search_term_string}\"},\"query-input\":{\"@type\":\"PropertyValueSpecification\",\"valueRequired\":true,\"valueName\":\"search_term_string\"}}],\"inLanguage\":\"pt-BR\"},{\"@type\":\"Organization\",\"@id\":\"https:\/\/www.fsfx.com.br\/usisaude\/#organization\",\"name\":\"Usisa\u00fade\",\"url\":\"https:\/\/www.fsfx.com.br\/usisaude\/\",\"logo\":{\"@type\":\"ImageObject\",\"inLanguage\":\"pt-BR\",\"@id\":\"https:\/\/www.fsfx.com.br\/usisaude\/#\/schema\/logo\/image\/\",\"url\":\"https:\/\/www.fsfx.com.br\/usisaude\/wp-content\/uploads\/sites\/6\/2022\/03\/logo-ususaude-1.svg\",\"contentUrl\":\"https:\/\/www.fsfx.com.br\/usisaude\/wp-content\/uploads\/sites\/6\/2022\/03\/logo-ususaude-1.svg\",\"width\":445,\"height\":196,\"caption\":\"Usisa\u00fade\"},\"image\":{\"@id\":\"https:\/\/www.fsfx.com.br\/usisaude\/#\/schema\/logo\/image\/\"}},{\"@type\":\"Person\",\"@id\":\"https:\/\/www.fsfx.com.br\/usisaude\/#\/schema\/person\/d46cee395ff1ef2247744b6e060266ba\",\"name\":\"icarofernandes\",\"image\":{\"@type\":\"ImageObject\",\"inLanguage\":\"pt-BR\",\"@id\":\"https:\/\/www.fsfx.com.br\/usisaude\/#\/schema\/person\/image\/\",\"url\":\"https:\/\/secure.gravatar.com\/avatar\/aa556fedd7e8260612007891571e286302be220dc0edb2a002b65dbe876644e2?s=96&d=mm&r=g\",\"contentUrl\":\"https:\/\/secure.gravatar.com\/avatar\/aa556fedd7e8260612007891571e286302be220dc0edb2a002b65dbe876644e2?s=96&d=mm&r=g\",\"caption\":\"icarofernandes\"},\"url\":\"https:\/\/www.fsfx.com.br\/usisaude\/author\/icarofernandes\/\"}]}<\/script>\n<!-- \/ Yoast SEO plugin. -->","yoast_head_json":{"title":"CHEGADA DO OUTONO AUMENTA AS CHANCES DE INFEC\u00c7\u00d5ES E CRISES RESPIRAT\u00d3RIAS - Usisa\u00fade","robots":{"index":"index","follow":"follow","max-snippet":"max-snippet:-1","max-image-preview":"max-image-preview:large","max-video-preview":"max-video-preview:-1"},"canonical":"https:\/\/www.fsfx.com.br\/usisaude\/chegada-do-outono-aumenta-as-chances-de-infeccoes-e-crises-respiratorias-2\/","og_locale":"pt_BR","og_type":"article","og_title":"CHEGADA DO OUTONO AUMENTA AS CHANCES DE INFEC\u00c7\u00d5ES E CRISES RESPIRAT\u00d3RIAS - Usisa\u00fade","og_description":"A chegada do outono \u00e9 um momento de alerta para a sa\u00fade, em especial para crian\u00e7as, pois a altera\u00e7\u00e3o de temperatura e do clima as deixa mais suscet\u00edveis \u00e0 infec\u00e7\u00f5es ou crises respirat\u00f3rias. Alguns v\u00edrus s\u00e3o mais frequentes nessa \u00e9poca do ano, porque eles circulam por mais tempo no ar e se propagam com mais [&hellip;]","og_url":"https:\/\/www.fsfx.com.br\/usisaude\/chegada-do-outono-aumenta-as-chances-de-infeccoes-e-crises-respiratorias-2\/","og_site_name":"Usisa\u00fade","article_published_time":"2024-04-02T16:14:18+00:00","og_image":[{"width":1920,"height":1280,"url":"https:\/\/www.fsfx.com.br\/usisaude\/wp-content\/uploads\/sites\/6\/2024\/04\/man-suffering-from-allergies-full-shot.jpg","type":"image\/jpeg"}],"author":"icarofernandes","twitter_card":"summary_large_image","twitter_misc":{"Escrito por":"icarofernandes","Est. tempo de leitura":"3 minutos"},"schema":{"@context":"https:\/\/schema.org","@graph":[{"@type":"Article","@id":"https:\/\/www.fsfx.com.br\/usisaude\/chegada-do-outono-aumenta-as-chances-de-infeccoes-e-crises-respiratorias-2\/#article","isPartOf":{"@id":"https:\/\/www.fsfx.com.br\/usisaude\/chegada-do-outono-aumenta-as-chances-de-infeccoes-e-crises-respiratorias-2\/"},"author":{"name":"icarofernandes","@id":"https:\/\/www.fsfx.com.br\/usisaude\/#\/schema\/person\/d46cee395ff1ef2247744b6e060266ba"},"headline":"CHEGADA DO OUTONO AUMENTA AS CHANCES DE INFEC\u00c7\u00d5ES E CRISES RESPIRAT\u00d3RIAS","datePublished":"2024-04-02T16:14:18+00:00","mainEntityOfPage":{"@id":"https:\/\/www.fsfx.com.br\/usisaude\/chegada-do-outono-aumenta-as-chances-de-infeccoes-e-crises-respiratorias-2\/"},"wordCount":463,"commentCount":0,"publisher":{"@id":"https:\/\/www.fsfx.com.br\/usisaude\/#organization"},"image":{"@id":"https:\/\/www.fsfx.com.br\/usisaude\/chegada-do-outono-aumenta-as-chances-de-infeccoes-e-crises-respiratorias-2\/#primaryimage"},"thumbnailUrl":"https:\/\/www.fsfx.com.br\/usisaude\/wp-content\/uploads\/sites\/6\/2024\/04\/man-suffering-from-allergies-full-shot.jpg","articleSection":["Bem-Estar"],"inLanguage":"pt-BR","potentialAction":[{"@type":"CommentAction","name":"Comment","target":["https:\/\/www.fsfx.com.br\/usisaude\/chegada-do-outono-aumenta-as-chances-de-infeccoes-e-crises-respiratorias-2\/#respond"]}]},{"@type":"WebPage","@id":"https:\/\/www.fsfx.com.br\/usisaude\/chegada-do-outono-aumenta-as-chances-de-infeccoes-e-crises-respiratorias-2\/","url":"https:\/\/www.fsfx.com.br\/usisaude\/chegada-do-outono-aumenta-as-chances-de-infeccoes-e-crises-respiratorias-2\/","name":"CHEGADA DO OUTONO AUMENTA AS CHANCES DE INFEC\u00c7\u00d5ES E CRISES RESPIRAT\u00d3RIAS - Usisa\u00fade","isPartOf":{"@id":"https:\/\/www.fsfx.com.br\/usisaude\/#website"},"primaryImageOfPage":{"@id":"https:\/\/www.fsfx.com.br\/usisaude\/chegada-do-outono-aumenta-as-chances-de-infeccoes-e-crises-respiratorias-2\/#primaryimage"},"image":{"@id":"https:\/\/www.fsfx.com.br\/usisaude\/chegada-do-outono-aumenta-as-chances-de-infeccoes-e-crises-respiratorias-2\/#primaryimage"},"thumbnailUrl":"https:\/\/www.fsfx.com.br\/usisaude\/wp-content\/uploads\/sites\/6\/2024\/04\/man-suffering-from-allergies-full-shot.jpg","datePublished":"2024-04-02T16:14:18+00:00","breadcrumb":{"@id":"https:\/\/www.fsfx.com.br\/usisaude\/chegada-do-outono-aumenta-as-chances-de-infeccoes-e-crises-respiratorias-2\/#breadcrumb"},"inLanguage":"pt-BR","potentialAction":[{"@type":"ReadAction","target":["https:\/\/www.fsfx.com.br\/usisaude\/chegada-do-outono-aumenta-as-chances-de-infeccoes-e-crises-respiratorias-2\/"]}]},{"@type":"ImageObject","inLanguage":"pt-BR","@id":"https:\/\/www.fsfx.com.br\/usisaude\/chegada-do-outono-aumenta-as-chances-de-infeccoes-e-crises-respiratorias-2\/#primaryimage","url":"https:\/\/www.fsfx.com.br\/usisaude\/wp-content\/uploads\/sites\/6\/2024\/04\/man-suffering-from-allergies-full-shot.jpg","contentUrl":"https:\/\/www.fsfx.com.br\/usisaude\/wp-content\/uploads\/sites\/6\/2024\/04\/man-suffering-from-allergies-full-shot.jpg","width":1920,"height":1280},{"@type":"BreadcrumbList","@id":"https:\/\/www.fsfx.com.br\/usisaude\/chegada-do-outono-aumenta-as-chances-de-infeccoes-e-crises-respiratorias-2\/#breadcrumb","itemListElement":[{"@type":"ListItem","position":1,"name":"In\u00edcio","item":"https:\/\/www.fsfx.com.br\/usisaude\/"},{"@type":"ListItem","position":2,"name":"CHEGADA DO OUTONO AUMENTA AS CHANCES DE INFEC\u00c7\u00d5ES E CRISES RESPIRAT\u00d3RIAS"}]},{"@type":"WebSite","@id":"https:\/\/www.fsfx.com.br\/usisaude\/#website","url":"https:\/\/www.fsfx.com.br\/usisaude\/","name":"Usisa\u00fade","description":"Somos a Usisa\u00fade, uma operadora de planos de sa\u00fade da Funda\u00e7\u00e3o S\u00e3o Francisco Xavier (FSFX), a maior em modalidade filantr\u00f3pica do pa\u00eds.","publisher":{"@id":"https:\/\/www.fsfx.com.br\/usisaude\/#organization"},"potentialAction":[{"@type":"SearchAction","target":{"@type":"EntryPoint","urlTemplate":"https:\/\/www.fsfx.com.br\/usisaude\/?s={search_term_string}"},"query-input":{"@type":"PropertyValueSpecification","valueRequired":true,"valueName":"search_term_string"}}],"inLanguage":"pt-BR"},{"@type":"Organization","@id":"https:\/\/www.fsfx.com.br\/usisaude\/#organization","name":"Usisa\u00fade","url":"https:\/\/www.fsfx.com.br\/usisaude\/","logo":{"@type":"ImageObject","inLanguage":"pt-BR","@id":"https:\/\/www.fsfx.com.br\/usisaude\/#\/schema\/logo\/image\/","url":"https:\/\/www.fsfx.com.br\/usisaude\/wp-content\/uploads\/sites\/6\/2022\/03\/logo-ususaude-1.svg","contentUrl":"https:\/\/www.fsfx.com.br\/usisaude\/wp-content\/uploads\/sites\/6\/2022\/03\/logo-ususaude-1.svg","width":445,"height":196,"caption":"Usisa\u00fade"},"image":{"@id":"https:\/\/www.fsfx.com.br\/usisaude\/#\/schema\/logo\/image\/"}},{"@type":"Person","@id":"https:\/\/www.fsfx.com.br\/usisaude\/#\/schema\/person\/d46cee395ff1ef2247744b6e060266ba","name":"icarofernandes","image":{"@type":"ImageObject","inLanguage":"pt-BR","@id":"https:\/\/www.fsfx.com.br\/usisaude\/#\/schema\/person\/image\/","url":"https:\/\/secure.gravatar.com\/avatar\/aa556fedd7e8260612007891571e286302be220dc0edb2a002b65dbe876644e2?s=96&d=mm&r=g","contentUrl":"https:\/\/secure.gravatar.com\/avatar\/aa556fedd7e8260612007891571e286302be220dc0edb2a002b65dbe876644e2?s=96&d=mm&r=g","caption":"icarofernandes"},"url":"https:\/\/www.fsfx.com.br\/usisaude\/author\/icarofernandes\/"}]}},"_links":{"self":[{"href":"https:\/\/www.fsfx.com.br\/usisaude\/wp-json\/wp\/v2\/posts\/10125","targetHints":{"allow":["GET"]}}],"collection":[{"href":"https:\/\/www.fsfx.com.br\/usisaude\/wp-json\/wp\/v2\/posts"}],"about":[{"href":"https:\/\/www.fsfx.com.br\/usisaude\/wp-json\/wp\/v2\/types\/post"}],"author":[{"embeddable":true,"href":"https:\/\/www.fsfx.com.br\/usisaude\/wp-json\/wp\/v2\/users\/23"}],"replies":[{"embeddable":true,"href":"https:\/\/www.fsfx.com.br\/usisaude\/wp-json\/wp\/v2\/comments?post=10125"}],"version-history":[{"count":1,"href":"https:\/\/www.fsfx.com.br\/usisaude\/wp-json\/wp\/v2\/posts\/10125\/revisions"}],"predecessor-version":[{"id":10130,"href":"https:\/\/www.fsfx.com.br\/usisaude\/wp-json\/wp\/v2\/posts\/10125\/revisions\/10130"}],"wp:featuredmedia":[{"embeddable":true,"href":"https:\/\/www.fsfx.com.br\/usisaude\/wp-json\/wp\/v2\/media\/10129"}],"wp:attachment":[{"href":"https:\/\/www.fsfx.com.br\/usisaude\/wp-json\/wp\/v2\/media?parent=10125"}],"wp:term":[{"taxonomy":"category","embeddable":true,"href":"https:\/\/www.fsfx.com.br\/usisaude\/wp-json\/wp\/v2\/categories?post=10125"},{"taxonomy":"post_tag","embeddable":true,"href":"https:\/\/www.fsfx.com.br\/usisaude\/wp-json\/wp\/v2\/tags?post=10125"}],"curies":[{"name":"wp","href":"https:\/\/api.w.org\/{rel}","templated":true}]}}