{"id":10265,"date":"2024-05-27T08:16:18","date_gmt":"2024-05-27T11:16:18","guid":{"rendered":"https:\/\/www.fsfx.com.br\/usisaude\/?p=10265"},"modified":"2024-05-27T08:16:53","modified_gmt":"2024-05-27T11:16:53","slug":"dia-nacional-do-combate-ao-glaucoma-doenca-que-afeta-25-milhoes-de-brasileiros-pode-causar-perda-de-visao-irreversivel","status":"publish","type":"post","link":"https:\/\/www.fsfx.com.br\/usisaude\/dia-nacional-do-combate-ao-glaucoma-doenca-que-afeta-25-milhoes-de-brasileiros-pode-causar-perda-de-visao-irreversivel\/","title":{"rendered":"Dia Nacional do Combate ao Glaucoma: doen\u00e7a que afeta 2,5 milh\u00f5es de brasileiros pode causar perda de vis\u00e3o irrevers\u00edvel"},"content":{"rendered":"<p style=\"text-align: center\"><em>Especialista da FSFX refor\u00e7a a import\u00e2ncia de exames regulares para diagnosticar doen\u00e7a silenciosa<\/em><\/p>\n<p>Celebrado no dia 26 de maio, o Dia Nacional de Combate ao Glaucoma visa destacar a import\u00e2ncia da conscientiza\u00e7\u00e3o e preven\u00e7\u00e3o dessa doen\u00e7a ocular que afeta cerca de 2,5 milh\u00f5es de pessoas no Brasil, segundo dados da Sociedade Brasileira de Glaucoma (SBG).<\/p>\n<p>Caracterizado por danos progressivos no nervo \u00f3ptico, o glaucoma \u00e9 uma condi\u00e7\u00e3o que, se n\u00e3o tratada adequadamente, pode levar \u00e0 perda irrevers\u00edvel da vis\u00e3o. De acordo com a Organiza\u00e7\u00e3o Mundial da Sa\u00fade (OMS), o glaucoma \u00e9 a segunda maior causa de cegueira no mundo, ficando atr\u00e1s apenas da catarata.<\/p>\n<p>Dentre os pacientes com maior fator de risco para desenvolver o glaucoma, est\u00e3o as pessoas acima de 40 anos de idade, com hist\u00f3rico familiar de glaucoma, aumento da press\u00e3o intraocular, pessoas com miopia acima de 6 graus e com hist\u00f3rico de trauma ocular.<\/p>\n<p><img fetchpriority=\"high\" decoding=\"async\" class=\"size-medium wp-image-17538 alignleft\" src=\"https:\/\/www.fsfx.com.br\/wp-content\/uploads\/2024\/05\/Ibrahim-Latif-Oftalmologista-224x300.jpeg\" alt=\"\" width=\"224\" height=\"300\" \/>Ibrahim Latif, m\u00e9dico oftalmologista da Funda\u00e7\u00e3o S\u00e3o Francisco Xavier, destaca que na maior parte dos casos, o glaucoma \u00e9 assintom\u00e1tico e n\u00e3o causa qualquer inc\u00f4modo. O paciente s\u00f3 come\u00e7a a perceber a doen\u00e7a quando sente dificuldade de enxergar. &#8220;O grande desafio do glaucoma \u00e9 que, na maioria dos casos, ele \u00e9 assintom\u00e1tico at\u00e9 atingir est\u00e1gios avan\u00e7ados. Por isso, \u00e9 crucial realizar exames oftalmol\u00f3gicos regulares, especialmente para pessoas com fatores de risco conhecidos&#8221;, afirma o m\u00e9dico.<\/p>\n<p>O diagn\u00f3stico da condi\u00e7\u00e3o envolve uma s\u00e9rie de exames oftalmol\u00f3gicos que avaliam o risco da doen\u00e7a. N\u00e3o h\u00e1 um \u00fanico teste capaz de determinar com certeza se o paciente possui glaucoma. \u00c9 uma condi\u00e7\u00e3o complexa que requer an\u00e1lise cuidadosa dos fatores envolvidos no dano ao nervo \u00f3ptico.<\/p>\n<p>No entanto, uma vez diagnosticado, o glaucoma tem tratamento, que geralmente \u00e9 iniciado com o uso de col\u00edrios para reduzir a press\u00e3o intraocular. Contudo, \u00e9 importante ressaltar que alguns pacientes n\u00e3o alcan\u00e7am um controle total da press\u00e3o apenas com col\u00edrios, podendo ser necess\u00e1rias terapias adicionais, como implantes de dispositivos ou cirurgias como a trabeculectomia para casos mais graves.<\/p>\n<p>Dr. Ibrahim ressalta que a preven\u00e7\u00e3o sempre \u00e9 a melhor alternativa. &#8220;\u00c9 fundamental que as pessoas busquem medidas preventivas para reduzir o risco de desenvolver o glaucoma, como realizar consultas regulares com um oftalmologista para um check-up abrangente, incluindo avalia\u00e7\u00e3o da press\u00e3o intraocular e do nervo \u00f3ptico. Al\u00e9m disso, \u00e9 importante estar ciente de que certos medicamentos podem aumentar o risco de desenvolver glaucoma&#8221;, explica.<\/p>\n<p><strong>Sobre a Funda\u00e7\u00e3o S\u00e3o Francisco Xavier <\/strong><\/p>\n<p>Criada h\u00e1 54 anos, a Funda\u00e7\u00e3o S\u00e3o Francisco Xavier \u00e9 uma entidade beneficente de assist\u00eancia social, reconhecida pelo Minist\u00e9rio da Sa\u00fade. Presente em cinco estados brasileiros e com mais de 5.500 colaboradores, a FSFX administra duas unidades hospitalares, o Hospital M\u00e1rcio Cunha (HMC) em Ipatinga (MG), e o Hospital Municipal Carlos Chagas (HMCC) Itabira (MG). Com uma gest\u00e3o marcada pela responsabilidade, pela oferta de atendimentos de excel\u00eancia e pelas melhores pr\u00e1ticas de seguran\u00e7a, as unidades hospitalares contabilizam mais de 70% de seus atendimentos feitos a pacientes do Sistema \u00danico de Sa\u00fade (SUS).<\/p>\n","protected":false},"excerpt":{"rendered":"<p>Especialista da FSFX refor\u00e7a a import\u00e2ncia de exames regulares para diagnosticar doen\u00e7a silenciosa Celebrado no dia 26 de maio, o Dia Nacional de Combate ao Glaucoma visa destacar a import\u00e2ncia da conscientiza\u00e7\u00e3o e preven\u00e7\u00e3o dessa doen\u00e7a ocular que afeta cerca de 2,5 milh\u00f5es de pessoas no Brasil, segundo dados da Sociedade Brasileira de Glaucoma (SBG). [&hellip;]<\/p>\n","protected":false},"author":6,"featured_media":10266,"comment_status":"closed","ping_status":"closed","sticky":false,"template":"","format":"standard","meta":{"_acf_changed":false,"site-sidebar-layout":"default","site-content-layout":"","ast-site-content-layout":"default","site-content-style":"default","site-sidebar-style":"default","ast-global-header-display":"","ast-banner-title-visibility":"","ast-main-header-display":"","ast-hfb-above-header-display":"","ast-hfb-below-header-display":"","ast-hfb-mobile-header-display":"","site-post-title":"","ast-breadcrumbs-content":"","ast-featured-img":"","footer-sml-layout":"","theme-transparent-header-meta":"","adv-header-id-meta":"","stick-header-meta":"","header-above-stick-meta":"","header-main-stick-meta":"","header-below-stick-meta":"","astra-migrate-meta-layouts":"default","ast-page-background-enabled":"default","ast-page-background-meta":{"desktop":{"background-color":"var(--ast-global-color-4)","background-image":"","background-repeat":"repeat","background-position":"center center","background-size":"auto","background-attachment":"scroll","background-type":"","background-media":"","overlay-type":"","overlay-color":"","overlay-opacity":"","overlay-gradient":""},"tablet":{"background-color":"","background-image":"","background-repeat":"repeat","background-position":"center center","background-size":"auto","background-attachment":"scroll","background-type":"","background-media":"","overlay-type":"","overlay-color":"","overlay-opacity":"","overlay-gradient":""},"mobile":{"background-color":"","background-image":"","background-repeat":"repeat","background-position":"center center","background-size":"auto","background-attachment":"scroll","background-type":"","background-media":"","overlay-type":"","overlay-color":"","overlay-opacity":"","overlay-gradient":""}},"ast-content-background-meta":{"desktop":{"background-color":"var(--ast-global-color-5)","background-image":"","background-repeat":"repeat","background-position":"center center","background-size":"auto","background-attachment":"scroll","background-type":"","background-media":"","overlay-type":"","overlay-color":"","overlay-opacity":"","overlay-gradient":""},"tablet":{"background-color":"var(--ast-global-color-5)","background-image":"","background-repeat":"repeat","background-position":"center center","background-size":"auto","background-attachment":"scroll","background-type":"","background-media":"","overlay-type":"","overlay-color":"","overlay-opacity":"","overlay-gradient":""},"mobile":{"background-color":"var(--ast-global-color-5)","background-image":"","background-repeat":"repeat","background-position":"center center","background-size":"auto","background-attachment":"scroll","background-type":"","background-media":"","overlay-type":"","overlay-color":"","overlay-opacity":"","overlay-gradient":""}},"footnotes":""},"categories":[1],"tags":[],"class_list":["post-10265","post","type-post","status-publish","format-standard","has-post-thumbnail","hentry","category-noticias"],"acf":[],"yoast_head":"<!-- This site is optimized with the Yoast SEO plugin v26.9 - https:\/\/yoast.com\/product\/yoast-seo-wordpress\/ -->\n<title>Dia Nacional do Combate ao Glaucoma: doen\u00e7a que afeta 2,5 milh\u00f5es de brasileiros pode causar perda de vis\u00e3o irrevers\u00edvel - Usisa\u00fade<\/title>\n<meta name=\"robots\" content=\"index, follow, max-snippet:-1, max-image-preview:large, max-video-preview:-1\" \/>\n<link rel=\"canonical\" href=\"https:\/\/www.fsfx.com.br\/usisaude\/dia-nacional-do-combate-ao-glaucoma-doenca-que-afeta-25-milhoes-de-brasileiros-pode-causar-perda-de-visao-irreversivel\/\" \/>\n<meta property=\"og:locale\" content=\"pt_BR\" \/>\n<meta property=\"og:type\" content=\"article\" \/>\n<meta property=\"og:title\" content=\"Dia Nacional do Combate ao Glaucoma: doen\u00e7a que afeta 2,5 milh\u00f5es de brasileiros pode causar perda de vis\u00e3o irrevers\u00edvel - Usisa\u00fade\" \/>\n<meta property=\"og:description\" content=\"Especialista da FSFX refor\u00e7a a import\u00e2ncia de exames regulares para diagnosticar doen\u00e7a silenciosa Celebrado no dia 26 de maio, o Dia Nacional de Combate ao Glaucoma visa destacar a import\u00e2ncia da conscientiza\u00e7\u00e3o e preven\u00e7\u00e3o dessa doen\u00e7a ocular que afeta cerca de 2,5 milh\u00f5es de pessoas no Brasil, segundo dados da Sociedade Brasileira de Glaucoma (SBG). [&hellip;]\" \/>\n<meta property=\"og:url\" content=\"https:\/\/www.fsfx.com.br\/usisaude\/dia-nacional-do-combate-ao-glaucoma-doenca-que-afeta-25-milhoes-de-brasileiros-pode-causar-perda-de-visao-irreversivel\/\" \/>\n<meta property=\"og:site_name\" content=\"Usisa\u00fade\" \/>\n<meta property=\"article:published_time\" content=\"2024-05-27T11:16:18+00:00\" \/>\n<meta property=\"article:modified_time\" content=\"2024-05-27T11:16:53+00:00\" \/>\n<meta property=\"og:image\" content=\"https:\/\/www.fsfx.com.br\/usisaude\/wp-content\/uploads\/sites\/6\/2024\/05\/glaucoma_iStock.jpg\" \/>\n\t<meta property=\"og:image:width\" content=\"1920\" \/>\n\t<meta property=\"og:image:height\" content=\"1280\" \/>\n\t<meta property=\"og:image:type\" content=\"image\/jpeg\" \/>\n<meta name=\"author\" content=\"C\u00e1ssio Santana\" \/>\n<meta name=\"twitter:card\" content=\"summary_large_image\" \/>\n<meta name=\"twitter:label1\" content=\"Escrito por\" \/>\n\t<meta name=\"twitter:data1\" content=\"C\u00e1ssio Santana\" \/>\n\t<meta name=\"twitter:label2\" content=\"Est. tempo de leitura\" \/>\n\t<meta name=\"twitter:data2\" content=\"4 minutos\" \/>\n<script type=\"application\/ld+json\" class=\"yoast-schema-graph\">{\"@context\":\"https:\/\/schema.org\",\"@graph\":[{\"@type\":\"Article\",\"@id\":\"https:\/\/www.fsfx.com.br\/usisaude\/dia-nacional-do-combate-ao-glaucoma-doenca-que-afeta-25-milhoes-de-brasileiros-pode-causar-perda-de-visao-irreversivel\/#article\",\"isPartOf\":{\"@id\":\"https:\/\/www.fsfx.com.br\/usisaude\/dia-nacional-do-combate-ao-glaucoma-doenca-que-afeta-25-milhoes-de-brasileiros-pode-causar-perda-de-visao-irreversivel\/\"},\"author\":{\"name\":\"C\u00e1ssio Santana\",\"@id\":\"https:\/\/www.fsfx.com.br\/usisaude\/#\/schema\/person\/6bf2cced2b7a5d5d78f5610fc8f52504\"},\"headline\":\"Dia Nacional do Combate ao Glaucoma: doen\u00e7a que afeta 2,5 milh\u00f5es de brasileiros pode causar perda de vis\u00e3o irrevers\u00edvel\",\"datePublished\":\"2024-05-27T11:16:18+00:00\",\"dateModified\":\"2024-05-27T11:16:53+00:00\",\"mainEntityOfPage\":{\"@id\":\"https:\/\/www.fsfx.com.br\/usisaude\/dia-nacional-do-combate-ao-glaucoma-doenca-que-afeta-25-milhoes-de-brasileiros-pode-causar-perda-de-visao-irreversivel\/\"},\"wordCount\":555,\"publisher\":{\"@id\":\"https:\/\/www.fsfx.com.br\/usisaude\/#organization\"},\"image\":{\"@id\":\"https:\/\/www.fsfx.com.br\/usisaude\/dia-nacional-do-combate-ao-glaucoma-doenca-que-afeta-25-milhoes-de-brasileiros-pode-causar-perda-de-visao-irreversivel\/#primaryimage\"},\"thumbnailUrl\":\"https:\/\/www.fsfx.com.br\/usisaude\/wp-content\/uploads\/sites\/6\/2024\/05\/glaucoma_iStock.jpg\",\"articleSection\":[\"Not\u00edcias\"],\"inLanguage\":\"pt-BR\"},{\"@type\":\"WebPage\",\"@id\":\"https:\/\/www.fsfx.com.br\/usisaude\/dia-nacional-do-combate-ao-glaucoma-doenca-que-afeta-25-milhoes-de-brasileiros-pode-causar-perda-de-visao-irreversivel\/\",\"url\":\"https:\/\/www.fsfx.com.br\/usisaude\/dia-nacional-do-combate-ao-glaucoma-doenca-que-afeta-25-milhoes-de-brasileiros-pode-causar-perda-de-visao-irreversivel\/\",\"name\":\"Dia Nacional do Combate ao Glaucoma: doen\u00e7a que afeta 2,5 milh\u00f5es de brasileiros pode causar perda de vis\u00e3o irrevers\u00edvel - Usisa\u00fade\",\"isPartOf\":{\"@id\":\"https:\/\/www.fsfx.com.br\/usisaude\/#website\"},\"primaryImageOfPage\":{\"@id\":\"https:\/\/www.fsfx.com.br\/usisaude\/dia-nacional-do-combate-ao-glaucoma-doenca-que-afeta-25-milhoes-de-brasileiros-pode-causar-perda-de-visao-irreversivel\/#primaryimage\"},\"image\":{\"@id\":\"https:\/\/www.fsfx.com.br\/usisaude\/dia-nacional-do-combate-ao-glaucoma-doenca-que-afeta-25-milhoes-de-brasileiros-pode-causar-perda-de-visao-irreversivel\/#primaryimage\"},\"thumbnailUrl\":\"https:\/\/www.fsfx.com.br\/usisaude\/wp-content\/uploads\/sites\/6\/2024\/05\/glaucoma_iStock.jpg\",\"datePublished\":\"2024-05-27T11:16:18+00:00\",\"dateModified\":\"2024-05-27T11:16:53+00:00\",\"breadcrumb\":{\"@id\":\"https:\/\/www.fsfx.com.br\/usisaude\/dia-nacional-do-combate-ao-glaucoma-doenca-que-afeta-25-milhoes-de-brasileiros-pode-causar-perda-de-visao-irreversivel\/#breadcrumb\"},\"inLanguage\":\"pt-BR\",\"potentialAction\":[{\"@type\":\"ReadAction\",\"target\":[\"https:\/\/www.fsfx.com.br\/usisaude\/dia-nacional-do-combate-ao-glaucoma-doenca-que-afeta-25-milhoes-de-brasileiros-pode-causar-perda-de-visao-irreversivel\/\"]}]},{\"@type\":\"ImageObject\",\"inLanguage\":\"pt-BR\",\"@id\":\"https:\/\/www.fsfx.com.br\/usisaude\/dia-nacional-do-combate-ao-glaucoma-doenca-que-afeta-25-milhoes-de-brasileiros-pode-causar-perda-de-visao-irreversivel\/#primaryimage\",\"url\":\"https:\/\/www.fsfx.com.br\/usisaude\/wp-content\/uploads\/sites\/6\/2024\/05\/glaucoma_iStock.jpg\",\"contentUrl\":\"https:\/\/www.fsfx.com.br\/usisaude\/wp-content\/uploads\/sites\/6\/2024\/05\/glaucoma_iStock.jpg\",\"width\":1920,\"height\":1280},{\"@type\":\"BreadcrumbList\",\"@id\":\"https:\/\/www.fsfx.com.br\/usisaude\/dia-nacional-do-combate-ao-glaucoma-doenca-que-afeta-25-milhoes-de-brasileiros-pode-causar-perda-de-visao-irreversivel\/#breadcrumb\",\"itemListElement\":[{\"@type\":\"ListItem\",\"position\":1,\"name\":\"In\u00edcio\",\"item\":\"https:\/\/www.fsfx.com.br\/usisaude\/\"},{\"@type\":\"ListItem\",\"position\":2,\"name\":\"Dia Nacional do Combate ao Glaucoma: doen\u00e7a que afeta 2,5 milh\u00f5es de brasileiros pode causar perda de vis\u00e3o irrevers\u00edvel\"}]},{\"@type\":\"WebSite\",\"@id\":\"https:\/\/www.fsfx.com.br\/usisaude\/#website\",\"url\":\"https:\/\/www.fsfx.com.br\/usisaude\/\",\"name\":\"Usisa\u00fade\",\"description\":\"Somos a Usisa\u00fade, uma operadora de planos de sa\u00fade da Funda\u00e7\u00e3o S\u00e3o Francisco Xavier (FSFX), a maior em modalidade filantr\u00f3pica do pa\u00eds.\",\"publisher\":{\"@id\":\"https:\/\/www.fsfx.com.br\/usisaude\/#organization\"},\"potentialAction\":[{\"@type\":\"SearchAction\",\"target\":{\"@type\":\"EntryPoint\",\"urlTemplate\":\"https:\/\/www.fsfx.com.br\/usisaude\/?s={search_term_string}\"},\"query-input\":{\"@type\":\"PropertyValueSpecification\",\"valueRequired\":true,\"valueName\":\"search_term_string\"}}],\"inLanguage\":\"pt-BR\"},{\"@type\":\"Organization\",\"@id\":\"https:\/\/www.fsfx.com.br\/usisaude\/#organization\",\"name\":\"Usisa\u00fade\",\"url\":\"https:\/\/www.fsfx.com.br\/usisaude\/\",\"logo\":{\"@type\":\"ImageObject\",\"inLanguage\":\"pt-BR\",\"@id\":\"https:\/\/www.fsfx.com.br\/usisaude\/#\/schema\/logo\/image\/\",\"url\":\"https:\/\/www.fsfx.com.br\/usisaude\/wp-content\/uploads\/sites\/6\/2022\/03\/logo-ususaude-1.svg\",\"contentUrl\":\"https:\/\/www.fsfx.com.br\/usisaude\/wp-content\/uploads\/sites\/6\/2022\/03\/logo-ususaude-1.svg\",\"width\":445,\"height\":196,\"caption\":\"Usisa\u00fade\"},\"image\":{\"@id\":\"https:\/\/www.fsfx.com.br\/usisaude\/#\/schema\/logo\/image\/\"}},{\"@type\":\"Person\",\"@id\":\"https:\/\/www.fsfx.com.br\/usisaude\/#\/schema\/person\/6bf2cced2b7a5d5d78f5610fc8f52504\",\"name\":\"C\u00e1ssio Santana\",\"image\":{\"@type\":\"ImageObject\",\"inLanguage\":\"pt-BR\",\"@id\":\"https:\/\/www.fsfx.com.br\/usisaude\/#\/schema\/person\/image\/\",\"url\":\"https:\/\/secure.gravatar.com\/avatar\/ef79739de3edd2f5c2e7c4930b0808c62af99fc5520eaadc7899948f8bc6d2e1?s=96&d=mm&r=g\",\"contentUrl\":\"https:\/\/secure.gravatar.com\/avatar\/ef79739de3edd2f5c2e7c4930b0808c62af99fc5520eaadc7899948f8bc6d2e1?s=96&d=mm&r=g\",\"caption\":\"C\u00e1ssio Santana\"},\"url\":\"https:\/\/www.fsfx.com.br\/usisaude\/author\/cassio\/\"}]}<\/script>\n<!-- \/ Yoast SEO plugin. -->","yoast_head_json":{"title":"Dia Nacional do Combate ao Glaucoma: doen\u00e7a que afeta 2,5 milh\u00f5es de brasileiros pode causar perda de vis\u00e3o irrevers\u00edvel - Usisa\u00fade","robots":{"index":"index","follow":"follow","max-snippet":"max-snippet:-1","max-image-preview":"max-image-preview:large","max-video-preview":"max-video-preview:-1"},"canonical":"https:\/\/www.fsfx.com.br\/usisaude\/dia-nacional-do-combate-ao-glaucoma-doenca-que-afeta-25-milhoes-de-brasileiros-pode-causar-perda-de-visao-irreversivel\/","og_locale":"pt_BR","og_type":"article","og_title":"Dia Nacional do Combate ao Glaucoma: doen\u00e7a que afeta 2,5 milh\u00f5es de brasileiros pode causar perda de vis\u00e3o irrevers\u00edvel - Usisa\u00fade","og_description":"Especialista da FSFX refor\u00e7a a import\u00e2ncia de exames regulares para diagnosticar doen\u00e7a silenciosa Celebrado no dia 26 de maio, o Dia Nacional de Combate ao Glaucoma visa destacar a import\u00e2ncia da conscientiza\u00e7\u00e3o e preven\u00e7\u00e3o dessa doen\u00e7a ocular que afeta cerca de 2,5 milh\u00f5es de pessoas no Brasil, segundo dados da Sociedade Brasileira de Glaucoma (SBG). [&hellip;]","og_url":"https:\/\/www.fsfx.com.br\/usisaude\/dia-nacional-do-combate-ao-glaucoma-doenca-que-afeta-25-milhoes-de-brasileiros-pode-causar-perda-de-visao-irreversivel\/","og_site_name":"Usisa\u00fade","article_published_time":"2024-05-27T11:16:18+00:00","article_modified_time":"2024-05-27T11:16:53+00:00","og_image":[{"width":1920,"height":1280,"url":"https:\/\/www.fsfx.com.br\/usisaude\/wp-content\/uploads\/sites\/6\/2024\/05\/glaucoma_iStock.jpg","type":"image\/jpeg"}],"author":"C\u00e1ssio Santana","twitter_card":"summary_large_image","twitter_misc":{"Escrito por":"C\u00e1ssio Santana","Est. tempo de leitura":"4 minutos"},"schema":{"@context":"https:\/\/schema.org","@graph":[{"@type":"Article","@id":"https:\/\/www.fsfx.com.br\/usisaude\/dia-nacional-do-combate-ao-glaucoma-doenca-que-afeta-25-milhoes-de-brasileiros-pode-causar-perda-de-visao-irreversivel\/#article","isPartOf":{"@id":"https:\/\/www.fsfx.com.br\/usisaude\/dia-nacional-do-combate-ao-glaucoma-doenca-que-afeta-25-milhoes-de-brasileiros-pode-causar-perda-de-visao-irreversivel\/"},"author":{"name":"C\u00e1ssio Santana","@id":"https:\/\/www.fsfx.com.br\/usisaude\/#\/schema\/person\/6bf2cced2b7a5d5d78f5610fc8f52504"},"headline":"Dia Nacional do Combate ao Glaucoma: doen\u00e7a que afeta 2,5 milh\u00f5es de brasileiros pode causar perda de vis\u00e3o irrevers\u00edvel","datePublished":"2024-05-27T11:16:18+00:00","dateModified":"2024-05-27T11:16:53+00:00","mainEntityOfPage":{"@id":"https:\/\/www.fsfx.com.br\/usisaude\/dia-nacional-do-combate-ao-glaucoma-doenca-que-afeta-25-milhoes-de-brasileiros-pode-causar-perda-de-visao-irreversivel\/"},"wordCount":555,"publisher":{"@id":"https:\/\/www.fsfx.com.br\/usisaude\/#organization"},"image":{"@id":"https:\/\/www.fsfx.com.br\/usisaude\/dia-nacional-do-combate-ao-glaucoma-doenca-que-afeta-25-milhoes-de-brasileiros-pode-causar-perda-de-visao-irreversivel\/#primaryimage"},"thumbnailUrl":"https:\/\/www.fsfx.com.br\/usisaude\/wp-content\/uploads\/sites\/6\/2024\/05\/glaucoma_iStock.jpg","articleSection":["Not\u00edcias"],"inLanguage":"pt-BR"},{"@type":"WebPage","@id":"https:\/\/www.fsfx.com.br\/usisaude\/dia-nacional-do-combate-ao-glaucoma-doenca-que-afeta-25-milhoes-de-brasileiros-pode-causar-perda-de-visao-irreversivel\/","url":"https:\/\/www.fsfx.com.br\/usisaude\/dia-nacional-do-combate-ao-glaucoma-doenca-que-afeta-25-milhoes-de-brasileiros-pode-causar-perda-de-visao-irreversivel\/","name":"Dia Nacional do Combate ao Glaucoma: doen\u00e7a que afeta 2,5 milh\u00f5es de brasileiros pode causar perda de vis\u00e3o irrevers\u00edvel - Usisa\u00fade","isPartOf":{"@id":"https:\/\/www.fsfx.com.br\/usisaude\/#website"},"primaryImageOfPage":{"@id":"https:\/\/www.fsfx.com.br\/usisaude\/dia-nacional-do-combate-ao-glaucoma-doenca-que-afeta-25-milhoes-de-brasileiros-pode-causar-perda-de-visao-irreversivel\/#primaryimage"},"image":{"@id":"https:\/\/www.fsfx.com.br\/usisaude\/dia-nacional-do-combate-ao-glaucoma-doenca-que-afeta-25-milhoes-de-brasileiros-pode-causar-perda-de-visao-irreversivel\/#primaryimage"},"thumbnailUrl":"https:\/\/www.fsfx.com.br\/usisaude\/wp-content\/uploads\/sites\/6\/2024\/05\/glaucoma_iStock.jpg","datePublished":"2024-05-27T11:16:18+00:00","dateModified":"2024-05-27T11:16:53+00:00","breadcrumb":{"@id":"https:\/\/www.fsfx.com.br\/usisaude\/dia-nacional-do-combate-ao-glaucoma-doenca-que-afeta-25-milhoes-de-brasileiros-pode-causar-perda-de-visao-irreversivel\/#breadcrumb"},"inLanguage":"pt-BR","potentialAction":[{"@type":"ReadAction","target":["https:\/\/www.fsfx.com.br\/usisaude\/dia-nacional-do-combate-ao-glaucoma-doenca-que-afeta-25-milhoes-de-brasileiros-pode-causar-perda-de-visao-irreversivel\/"]}]},{"@type":"ImageObject","inLanguage":"pt-BR","@id":"https:\/\/www.fsfx.com.br\/usisaude\/dia-nacional-do-combate-ao-glaucoma-doenca-que-afeta-25-milhoes-de-brasileiros-pode-causar-perda-de-visao-irreversivel\/#primaryimage","url":"https:\/\/www.fsfx.com.br\/usisaude\/wp-content\/uploads\/sites\/6\/2024\/05\/glaucoma_iStock.jpg","contentUrl":"https:\/\/www.fsfx.com.br\/usisaude\/wp-content\/uploads\/sites\/6\/2024\/05\/glaucoma_iStock.jpg","width":1920,"height":1280},{"@type":"BreadcrumbList","@id":"https:\/\/www.fsfx.com.br\/usisaude\/dia-nacional-do-combate-ao-glaucoma-doenca-que-afeta-25-milhoes-de-brasileiros-pode-causar-perda-de-visao-irreversivel\/#breadcrumb","itemListElement":[{"@type":"ListItem","position":1,"name":"In\u00edcio","item":"https:\/\/www.fsfx.com.br\/usisaude\/"},{"@type":"ListItem","position":2,"name":"Dia Nacional do Combate ao Glaucoma: doen\u00e7a que afeta 2,5 milh\u00f5es de brasileiros pode causar perda de vis\u00e3o irrevers\u00edvel"}]},{"@type":"WebSite","@id":"https:\/\/www.fsfx.com.br\/usisaude\/#website","url":"https:\/\/www.fsfx.com.br\/usisaude\/","name":"Usisa\u00fade","description":"Somos a Usisa\u00fade, uma operadora de planos de sa\u00fade da Funda\u00e7\u00e3o S\u00e3o Francisco Xavier (FSFX), a maior em modalidade filantr\u00f3pica do pa\u00eds.","publisher":{"@id":"https:\/\/www.fsfx.com.br\/usisaude\/#organization"},"potentialAction":[{"@type":"SearchAction","target":{"@type":"EntryPoint","urlTemplate":"https:\/\/www.fsfx.com.br\/usisaude\/?s={search_term_string}"},"query-input":{"@type":"PropertyValueSpecification","valueRequired":true,"valueName":"search_term_string"}}],"inLanguage":"pt-BR"},{"@type":"Organization","@id":"https:\/\/www.fsfx.com.br\/usisaude\/#organization","name":"Usisa\u00fade","url":"https:\/\/www.fsfx.com.br\/usisaude\/","logo":{"@type":"ImageObject","inLanguage":"pt-BR","@id":"https:\/\/www.fsfx.com.br\/usisaude\/#\/schema\/logo\/image\/","url":"https:\/\/www.fsfx.com.br\/usisaude\/wp-content\/uploads\/sites\/6\/2022\/03\/logo-ususaude-1.svg","contentUrl":"https:\/\/www.fsfx.com.br\/usisaude\/wp-content\/uploads\/sites\/6\/2022\/03\/logo-ususaude-1.svg","width":445,"height":196,"caption":"Usisa\u00fade"},"image":{"@id":"https:\/\/www.fsfx.com.br\/usisaude\/#\/schema\/logo\/image\/"}},{"@type":"Person","@id":"https:\/\/www.fsfx.com.br\/usisaude\/#\/schema\/person\/6bf2cced2b7a5d5d78f5610fc8f52504","name":"C\u00e1ssio Santana","image":{"@type":"ImageObject","inLanguage":"pt-BR","@id":"https:\/\/www.fsfx.com.br\/usisaude\/#\/schema\/person\/image\/","url":"https:\/\/secure.gravatar.com\/avatar\/ef79739de3edd2f5c2e7c4930b0808c62af99fc5520eaadc7899948f8bc6d2e1?s=96&d=mm&r=g","contentUrl":"https:\/\/secure.gravatar.com\/avatar\/ef79739de3edd2f5c2e7c4930b0808c62af99fc5520eaadc7899948f8bc6d2e1?s=96&d=mm&r=g","caption":"C\u00e1ssio Santana"},"url":"https:\/\/www.fsfx.com.br\/usisaude\/author\/cassio\/"}]}},"_links":{"self":[{"href":"https:\/\/www.fsfx.com.br\/usisaude\/wp-json\/wp\/v2\/posts\/10265","targetHints":{"allow":["GET"]}}],"collection":[{"href":"https:\/\/www.fsfx.com.br\/usisaude\/wp-json\/wp\/v2\/posts"}],"about":[{"href":"https:\/\/www.fsfx.com.br\/usisaude\/wp-json\/wp\/v2\/types\/post"}],"author":[{"embeddable":true,"href":"https:\/\/www.fsfx.com.br\/usisaude\/wp-json\/wp\/v2\/users\/6"}],"replies":[{"embeddable":true,"href":"https:\/\/www.fsfx.com.br\/usisaude\/wp-json\/wp\/v2\/comments?post=10265"}],"version-history":[{"count":2,"href":"https:\/\/www.fsfx.com.br\/usisaude\/wp-json\/wp\/v2\/posts\/10265\/revisions"}],"predecessor-version":[{"id":10268,"href":"https:\/\/www.fsfx.com.br\/usisaude\/wp-json\/wp\/v2\/posts\/10265\/revisions\/10268"}],"wp:featuredmedia":[{"embeddable":true,"href":"https:\/\/www.fsfx.com.br\/usisaude\/wp-json\/wp\/v2\/media\/10266"}],"wp:attachment":[{"href":"https:\/\/www.fsfx.com.br\/usisaude\/wp-json\/wp\/v2\/media?parent=10265"}],"wp:term":[{"taxonomy":"category","embeddable":true,"href":"https:\/\/www.fsfx.com.br\/usisaude\/wp-json\/wp\/v2\/categories?post=10265"},{"taxonomy":"post_tag","embeddable":true,"href":"https:\/\/www.fsfx.com.br\/usisaude\/wp-json\/wp\/v2\/tags?post=10265"}],"curies":[{"name":"wp","href":"https:\/\/api.w.org\/{rel}","templated":true}]}}