{"id":10420,"date":"2024-07-10T10:56:33","date_gmt":"2024-07-10T13:56:33","guid":{"rendered":"https:\/\/www.fsfx.com.br\/usisaude\/?p=10420"},"modified":"2024-09-12T15:06:56","modified_gmt":"2024-09-12T18:06:56","slug":"a-importancia-da-atencao-primaria-a-saude-para-a-qualidade-de-vida","status":"publish","type":"post","link":"https:\/\/www.fsfx.com.br\/usisaude\/a-importancia-da-atencao-primaria-a-saude-para-a-qualidade-de-vida\/","title":{"rendered":"A IMPORT\u00c2NCIA DA ATEN\u00c7\u00c3O PRIM\u00c1RIA \u00c0 SA\u00daDE PARA A QUALIDADE DE VIDA"},"content":{"rendered":"<p style=\"text-align: center\"><em>Entenda como a aten\u00e7\u00e3o prim\u00e1ria \u00e0 sa\u00fade \u00e9 fundamental para promover o<br \/>\nbem-estar <\/em><em>e prevenir doen\u00e7as<\/em><\/p>\n<p>Manter h\u00e1bitos saud\u00e1veis e realizar um acompanhamento regular com um profissional da sa\u00fade s\u00e3o essenciais para a qualidade de vida. A Aten\u00e7\u00e3o Prim\u00e1ria \u00e0 Sa\u00fade (APS) desempenha um papel crucial nesse contexto.<\/p>\n<p>A APS \u00e9 o primeiro n\u00edvel de aten\u00e7\u00e3o em sa\u00fade e se caracteriza por um conjunto de a\u00e7\u00f5es, no \u00e2mbito individual e coletivo, que abrange a promo\u00e7\u00e3o, preven\u00e7\u00e3o, diagn\u00f3stico, tratamento, reabilita\u00e7\u00e3o, redu\u00e7\u00e3o de danos e a manuten\u00e7\u00e3o da sa\u00fade com o objetivo de desenvolver uma aten\u00e7\u00e3o integral que impacte positivamente na situa\u00e7\u00e3o de sa\u00fade das coletividades.<\/p>\n<p>A APS \u00e9 fundamental para a sustentabilidade do sistema de sa\u00fade por v\u00e1rias raz\u00f5es, como:<\/p>\n<ul>\n<li>Redu\u00e7\u00e3o de Custos: Ao prevenir doen\u00e7as e gerenciar condi\u00e7\u00f5es cr\u00f4nicas de maneira eficiente, a APS reduz a necessidade de interven\u00e7\u00f5es mais caras em n\u00edveis secund\u00e1rios e terci\u00e1rios.<\/li>\n<li>Melhoria da Qualidade de Vida: A APS contribui para a detec\u00e7\u00e3o precoce de doen\u00e7as e a promo\u00e7\u00e3o de estilos de vida saud\u00e1veis, melhorando a sa\u00fade geral da popula\u00e7\u00e3o.<\/li>\n<li>Acessibilidade: A APS torna os servi\u00e7os de sa\u00fade mais acess\u00edveis, especialmente para popula\u00e7\u00f5es vulner\u00e1veis e de \u00e1reas remotas.<\/li>\n<li>Continuidade do Cuidado: Proporciona um cuidado cont\u00ednuo e coordenado, garantindo que os pacientes recebam atendimento adequado em todas as etapas de suas vidas.<\/li>\n<\/ul>\n<p>A Aten\u00e7\u00e3o Prim\u00e1ria \u00e0 Sa\u00fade \u00e9 um pilar fundamental para um sistema de sa\u00fade eficaz e sustent\u00e1vel. Melhora da qualidade de vida da popula\u00e7\u00e3o e contribui para a equidade e acessibilidade dos servi\u00e7os de sa\u00fade.<\/p>\n<p><strong>Voc\u00ea j\u00e1 conhece o +Atitude?<\/strong><\/p>\n<p>Voltado para oferecer apoio aos benefici\u00e1rios Usisa\u00fade, o\u00a0+ Atitude\u00a0\u00e9 um benef\u00edcio do plano, atuando na promo\u00e7\u00e3o da sa\u00fade e preven\u00e7\u00e3o de doen\u00e7as. O programa conta com uma plataforma que permite aos participantes acesso \u00e0 diversos conte\u00fados, desafios tem\u00e1ticos e recompensas em forma de pr\u00eamios e experi\u00eancias.<\/p>\n<p>Acesse agora mesmo e junte-se a essa comunidade cheia de sa\u00fade e atitude!<\/p>\n<p><a href=\"http:\/\/www.maisatitude.com.br\">www.maisatitude.com.br<\/a><\/p>\n","protected":false},"excerpt":{"rendered":"<p>Entenda como a aten\u00e7\u00e3o prim\u00e1ria \u00e0 sa\u00fade \u00e9 fundamental para promover o bem-estar e prevenir doen\u00e7as Manter h\u00e1bitos saud\u00e1veis e realizar um acompanhamento regular com um profissional da sa\u00fade s\u00e3o essenciais para a qualidade de vida. A Aten\u00e7\u00e3o Prim\u00e1ria \u00e0 Sa\u00fade (APS) desempenha um papel crucial nesse contexto. A APS \u00e9 o primeiro n\u00edvel de [&hellip;]<\/p>\n","protected":false},"author":23,"featured_media":10421,"comment_status":"closed","ping_status":"closed","sticky":false,"template":"","format":"standard","meta":{"_acf_changed":false,"site-sidebar-layout":"default","site-content-layout":"","ast-site-content-layout":"default","site-content-style":"default","site-sidebar-style":"default","ast-global-header-display":"","ast-banner-title-visibility":"","ast-main-header-display":"","ast-hfb-above-header-display":"","ast-hfb-below-header-display":"","ast-hfb-mobile-header-display":"","site-post-title":"","ast-breadcrumbs-content":"","ast-featured-img":"","footer-sml-layout":"","theme-transparent-header-meta":"","adv-header-id-meta":"","stick-header-meta":"","header-above-stick-meta":"","header-main-stick-meta":"","header-below-stick-meta":"","astra-migrate-meta-layouts":"default","ast-page-background-enabled":"default","ast-page-background-meta":{"desktop":{"background-color":"var(--ast-global-color-4)","background-image":"","background-repeat":"repeat","background-position":"center center","background-size":"auto","background-attachment":"scroll","background-type":"","background-media":"","overlay-type":"","overlay-color":"","overlay-opacity":"","overlay-gradient":""},"tablet":{"background-color":"","background-image":"","background-repeat":"repeat","background-position":"center center","background-size":"auto","background-attachment":"scroll","background-type":"","background-media":"","overlay-type":"","overlay-color":"","overlay-opacity":"","overlay-gradient":""},"mobile":{"background-color":"","background-image":"","background-repeat":"repeat","background-position":"center center","background-size":"auto","background-attachment":"scroll","background-type":"","background-media":"","overlay-type":"","overlay-color":"","overlay-opacity":"","overlay-gradient":""}},"ast-content-background-meta":{"desktop":{"background-color":"var(--ast-global-color-5)","background-image":"","background-repeat":"repeat","background-position":"center center","background-size":"auto","background-attachment":"scroll","background-type":"","background-media":"","overlay-type":"","overlay-color":"","overlay-opacity":"","overlay-gradient":""},"tablet":{"background-color":"var(--ast-global-color-5)","background-image":"","background-repeat":"repeat","background-position":"center center","background-size":"auto","background-attachment":"scroll","background-type":"","background-media":"","overlay-type":"","overlay-color":"","overlay-opacity":"","overlay-gradient":""},"mobile":{"background-color":"var(--ast-global-color-5)","background-image":"","background-repeat":"repeat","background-position":"center center","background-size":"auto","background-attachment":"scroll","background-type":"","background-media":"","overlay-type":"","overlay-color":"","overlay-opacity":"","overlay-gradient":""}},"footnotes":""},"categories":[1],"tags":[],"class_list":["post-10420","post","type-post","status-publish","format-standard","has-post-thumbnail","hentry","category-noticias"],"acf":[],"yoast_head":"<!-- This site is optimized with the Yoast SEO plugin v26.9 - https:\/\/yoast.com\/product\/yoast-seo-wordpress\/ -->\n<title>A IMPORT\u00c2NCIA DA ATEN\u00c7\u00c3O PRIM\u00c1RIA \u00c0 SA\u00daDE PARA A QUALIDADE DE VIDA - Usisa\u00fade<\/title>\n<meta name=\"robots\" content=\"index, follow, max-snippet:-1, max-image-preview:large, max-video-preview:-1\" \/>\n<link rel=\"canonical\" href=\"https:\/\/www.fsfx.com.br\/usisaude\/a-importancia-da-atencao-primaria-a-saude-para-a-qualidade-de-vida\/\" \/>\n<meta property=\"og:locale\" content=\"pt_BR\" \/>\n<meta property=\"og:type\" content=\"article\" \/>\n<meta property=\"og:title\" content=\"A IMPORT\u00c2NCIA DA ATEN\u00c7\u00c3O PRIM\u00c1RIA \u00c0 SA\u00daDE PARA A QUALIDADE DE VIDA - Usisa\u00fade\" \/>\n<meta property=\"og:description\" content=\"Entenda como a aten\u00e7\u00e3o prim\u00e1ria \u00e0 sa\u00fade \u00e9 fundamental para promover o bem-estar e prevenir doen\u00e7as Manter h\u00e1bitos saud\u00e1veis e realizar um acompanhamento regular com um profissional da sa\u00fade s\u00e3o essenciais para a qualidade de vida. A Aten\u00e7\u00e3o Prim\u00e1ria \u00e0 Sa\u00fade (APS) desempenha um papel crucial nesse contexto. A APS \u00e9 o primeiro n\u00edvel de [&hellip;]\" \/>\n<meta property=\"og:url\" content=\"https:\/\/www.fsfx.com.br\/usisaude\/a-importancia-da-atencao-primaria-a-saude-para-a-qualidade-de-vida\/\" \/>\n<meta property=\"og:site_name\" content=\"Usisa\u00fade\" \/>\n<meta property=\"article:published_time\" content=\"2024-07-10T13:56:33+00:00\" \/>\n<meta property=\"article:modified_time\" content=\"2024-09-12T18:06:56+00:00\" \/>\n<meta property=\"og:image\" content=\"https:\/\/www.fsfx.com.br\/usisaude\/wp-content\/uploads\/sites\/6\/2024\/07\/patient-doctor-with-masks-medium-shot-e1720619750193.jpg\" \/>\n\t<meta property=\"og:image:width\" content=\"1283\" \/>\n\t<meta property=\"og:image:height\" content=\"870\" \/>\n\t<meta property=\"og:image:type\" content=\"image\/jpeg\" \/>\n<meta name=\"author\" content=\"icarofernandes\" \/>\n<meta name=\"twitter:card\" content=\"summary_large_image\" \/>\n<meta name=\"twitter:label1\" content=\"Escrito por\" \/>\n\t<meta name=\"twitter:data1\" content=\"icarofernandes\" \/>\n\t<meta name=\"twitter:label2\" content=\"Est. tempo de leitura\" \/>\n\t<meta name=\"twitter:data2\" content=\"2 minutos\" \/>\n<script type=\"application\/ld+json\" class=\"yoast-schema-graph\">{\"@context\":\"https:\/\/schema.org\",\"@graph\":[{\"@type\":\"Article\",\"@id\":\"https:\/\/www.fsfx.com.br\/usisaude\/a-importancia-da-atencao-primaria-a-saude-para-a-qualidade-de-vida\/#article\",\"isPartOf\":{\"@id\":\"https:\/\/www.fsfx.com.br\/usisaude\/a-importancia-da-atencao-primaria-a-saude-para-a-qualidade-de-vida\/\"},\"author\":{\"name\":\"icarofernandes\",\"@id\":\"https:\/\/www.fsfx.com.br\/usisaude\/#\/schema\/person\/d46cee395ff1ef2247744b6e060266ba\"},\"headline\":\"A IMPORT\u00c2NCIA DA ATEN\u00c7\u00c3O PRIM\u00c1RIA \u00c0 SA\u00daDE PARA A QUALIDADE DE VIDA\",\"datePublished\":\"2024-07-10T13:56:33+00:00\",\"dateModified\":\"2024-09-12T18:06:56+00:00\",\"mainEntityOfPage\":{\"@id\":\"https:\/\/www.fsfx.com.br\/usisaude\/a-importancia-da-atencao-primaria-a-saude-para-a-qualidade-de-vida\/\"},\"wordCount\":393,\"publisher\":{\"@id\":\"https:\/\/www.fsfx.com.br\/usisaude\/#organization\"},\"image\":{\"@id\":\"https:\/\/www.fsfx.com.br\/usisaude\/a-importancia-da-atencao-primaria-a-saude-para-a-qualidade-de-vida\/#primaryimage\"},\"thumbnailUrl\":\"https:\/\/www.fsfx.com.br\/usisaude\/wp-content\/uploads\/sites\/6\/2024\/07\/patient-doctor-with-masks-medium-shot-e1720619750193.jpg\",\"articleSection\":[\"Not\u00edcias\"],\"inLanguage\":\"pt-BR\"},{\"@type\":\"WebPage\",\"@id\":\"https:\/\/www.fsfx.com.br\/usisaude\/a-importancia-da-atencao-primaria-a-saude-para-a-qualidade-de-vida\/\",\"url\":\"https:\/\/www.fsfx.com.br\/usisaude\/a-importancia-da-atencao-primaria-a-saude-para-a-qualidade-de-vida\/\",\"name\":\"A IMPORT\u00c2NCIA DA ATEN\u00c7\u00c3O PRIM\u00c1RIA \u00c0 SA\u00daDE PARA A QUALIDADE DE VIDA - Usisa\u00fade\",\"isPartOf\":{\"@id\":\"https:\/\/www.fsfx.com.br\/usisaude\/#website\"},\"primaryImageOfPage\":{\"@id\":\"https:\/\/www.fsfx.com.br\/usisaude\/a-importancia-da-atencao-primaria-a-saude-para-a-qualidade-de-vida\/#primaryimage\"},\"image\":{\"@id\":\"https:\/\/www.fsfx.com.br\/usisaude\/a-importancia-da-atencao-primaria-a-saude-para-a-qualidade-de-vida\/#primaryimage\"},\"thumbnailUrl\":\"https:\/\/www.fsfx.com.br\/usisaude\/wp-content\/uploads\/sites\/6\/2024\/07\/patient-doctor-with-masks-medium-shot-e1720619750193.jpg\",\"datePublished\":\"2024-07-10T13:56:33+00:00\",\"dateModified\":\"2024-09-12T18:06:56+00:00\",\"breadcrumb\":{\"@id\":\"https:\/\/www.fsfx.com.br\/usisaude\/a-importancia-da-atencao-primaria-a-saude-para-a-qualidade-de-vida\/#breadcrumb\"},\"inLanguage\":\"pt-BR\",\"potentialAction\":[{\"@type\":\"ReadAction\",\"target\":[\"https:\/\/www.fsfx.com.br\/usisaude\/a-importancia-da-atencao-primaria-a-saude-para-a-qualidade-de-vida\/\"]}]},{\"@type\":\"ImageObject\",\"inLanguage\":\"pt-BR\",\"@id\":\"https:\/\/www.fsfx.com.br\/usisaude\/a-importancia-da-atencao-primaria-a-saude-para-a-qualidade-de-vida\/#primaryimage\",\"url\":\"https:\/\/www.fsfx.com.br\/usisaude\/wp-content\/uploads\/sites\/6\/2024\/07\/patient-doctor-with-masks-medium-shot-e1720619750193.jpg\",\"contentUrl\":\"https:\/\/www.fsfx.com.br\/usisaude\/wp-content\/uploads\/sites\/6\/2024\/07\/patient-doctor-with-masks-medium-shot-e1720619750193.jpg\",\"width\":1283,\"height\":870},{\"@type\":\"BreadcrumbList\",\"@id\":\"https:\/\/www.fsfx.com.br\/usisaude\/a-importancia-da-atencao-primaria-a-saude-para-a-qualidade-de-vida\/#breadcrumb\",\"itemListElement\":[{\"@type\":\"ListItem\",\"position\":1,\"name\":\"In\u00edcio\",\"item\":\"https:\/\/www.fsfx.com.br\/usisaude\/\"},{\"@type\":\"ListItem\",\"position\":2,\"name\":\"A IMPORT\u00c2NCIA DA ATEN\u00c7\u00c3O PRIM\u00c1RIA \u00c0 SA\u00daDE PARA A QUALIDADE DE VIDA\"}]},{\"@type\":\"WebSite\",\"@id\":\"https:\/\/www.fsfx.com.br\/usisaude\/#website\",\"url\":\"https:\/\/www.fsfx.com.br\/usisaude\/\",\"name\":\"Usisa\u00fade\",\"description\":\"Somos a Usisa\u00fade, uma operadora de planos de sa\u00fade da Funda\u00e7\u00e3o S\u00e3o Francisco Xavier (FSFX), a maior em modalidade filantr\u00f3pica do pa\u00eds.\",\"publisher\":{\"@id\":\"https:\/\/www.fsfx.com.br\/usisaude\/#organization\"},\"potentialAction\":[{\"@type\":\"SearchAction\",\"target\":{\"@type\":\"EntryPoint\",\"urlTemplate\":\"https:\/\/www.fsfx.com.br\/usisaude\/?s={search_term_string}\"},\"query-input\":{\"@type\":\"PropertyValueSpecification\",\"valueRequired\":true,\"valueName\":\"search_term_string\"}}],\"inLanguage\":\"pt-BR\"},{\"@type\":\"Organization\",\"@id\":\"https:\/\/www.fsfx.com.br\/usisaude\/#organization\",\"name\":\"Usisa\u00fade\",\"url\":\"https:\/\/www.fsfx.com.br\/usisaude\/\",\"logo\":{\"@type\":\"ImageObject\",\"inLanguage\":\"pt-BR\",\"@id\":\"https:\/\/www.fsfx.com.br\/usisaude\/#\/schema\/logo\/image\/\",\"url\":\"https:\/\/www.fsfx.com.br\/usisaude\/wp-content\/uploads\/sites\/6\/2022\/03\/logo-ususaude-1.svg\",\"contentUrl\":\"https:\/\/www.fsfx.com.br\/usisaude\/wp-content\/uploads\/sites\/6\/2022\/03\/logo-ususaude-1.svg\",\"width\":445,\"height\":196,\"caption\":\"Usisa\u00fade\"},\"image\":{\"@id\":\"https:\/\/www.fsfx.com.br\/usisaude\/#\/schema\/logo\/image\/\"}},{\"@type\":\"Person\",\"@id\":\"https:\/\/www.fsfx.com.br\/usisaude\/#\/schema\/person\/d46cee395ff1ef2247744b6e060266ba\",\"name\":\"icarofernandes\",\"image\":{\"@type\":\"ImageObject\",\"inLanguage\":\"pt-BR\",\"@id\":\"https:\/\/www.fsfx.com.br\/usisaude\/#\/schema\/person\/image\/\",\"url\":\"https:\/\/secure.gravatar.com\/avatar\/aa556fedd7e8260612007891571e286302be220dc0edb2a002b65dbe876644e2?s=96&d=mm&r=g\",\"contentUrl\":\"https:\/\/secure.gravatar.com\/avatar\/aa556fedd7e8260612007891571e286302be220dc0edb2a002b65dbe876644e2?s=96&d=mm&r=g\",\"caption\":\"icarofernandes\"},\"url\":\"https:\/\/www.fsfx.com.br\/usisaude\/author\/icarofernandes\/\"}]}<\/script>\n<!-- \/ Yoast SEO plugin. -->","yoast_head_json":{"title":"A IMPORT\u00c2NCIA DA ATEN\u00c7\u00c3O PRIM\u00c1RIA \u00c0 SA\u00daDE PARA A QUALIDADE DE VIDA - Usisa\u00fade","robots":{"index":"index","follow":"follow","max-snippet":"max-snippet:-1","max-image-preview":"max-image-preview:large","max-video-preview":"max-video-preview:-1"},"canonical":"https:\/\/www.fsfx.com.br\/usisaude\/a-importancia-da-atencao-primaria-a-saude-para-a-qualidade-de-vida\/","og_locale":"pt_BR","og_type":"article","og_title":"A IMPORT\u00c2NCIA DA ATEN\u00c7\u00c3O PRIM\u00c1RIA \u00c0 SA\u00daDE PARA A QUALIDADE DE VIDA - Usisa\u00fade","og_description":"Entenda como a aten\u00e7\u00e3o prim\u00e1ria \u00e0 sa\u00fade \u00e9 fundamental para promover o bem-estar e prevenir doen\u00e7as Manter h\u00e1bitos saud\u00e1veis e realizar um acompanhamento regular com um profissional da sa\u00fade s\u00e3o essenciais para a qualidade de vida. A Aten\u00e7\u00e3o Prim\u00e1ria \u00e0 Sa\u00fade (APS) desempenha um papel crucial nesse contexto. A APS \u00e9 o primeiro n\u00edvel de [&hellip;]","og_url":"https:\/\/www.fsfx.com.br\/usisaude\/a-importancia-da-atencao-primaria-a-saude-para-a-qualidade-de-vida\/","og_site_name":"Usisa\u00fade","article_published_time":"2024-07-10T13:56:33+00:00","article_modified_time":"2024-09-12T18:06:56+00:00","og_image":[{"width":1283,"height":870,"url":"https:\/\/www.fsfx.com.br\/usisaude\/wp-content\/uploads\/sites\/6\/2024\/07\/patient-doctor-with-masks-medium-shot-e1720619750193.jpg","type":"image\/jpeg"}],"author":"icarofernandes","twitter_card":"summary_large_image","twitter_misc":{"Escrito por":"icarofernandes","Est. tempo de leitura":"2 minutos"},"schema":{"@context":"https:\/\/schema.org","@graph":[{"@type":"Article","@id":"https:\/\/www.fsfx.com.br\/usisaude\/a-importancia-da-atencao-primaria-a-saude-para-a-qualidade-de-vida\/#article","isPartOf":{"@id":"https:\/\/www.fsfx.com.br\/usisaude\/a-importancia-da-atencao-primaria-a-saude-para-a-qualidade-de-vida\/"},"author":{"name":"icarofernandes","@id":"https:\/\/www.fsfx.com.br\/usisaude\/#\/schema\/person\/d46cee395ff1ef2247744b6e060266ba"},"headline":"A IMPORT\u00c2NCIA DA ATEN\u00c7\u00c3O PRIM\u00c1RIA \u00c0 SA\u00daDE PARA A QUALIDADE DE VIDA","datePublished":"2024-07-10T13:56:33+00:00","dateModified":"2024-09-12T18:06:56+00:00","mainEntityOfPage":{"@id":"https:\/\/www.fsfx.com.br\/usisaude\/a-importancia-da-atencao-primaria-a-saude-para-a-qualidade-de-vida\/"},"wordCount":393,"publisher":{"@id":"https:\/\/www.fsfx.com.br\/usisaude\/#organization"},"image":{"@id":"https:\/\/www.fsfx.com.br\/usisaude\/a-importancia-da-atencao-primaria-a-saude-para-a-qualidade-de-vida\/#primaryimage"},"thumbnailUrl":"https:\/\/www.fsfx.com.br\/usisaude\/wp-content\/uploads\/sites\/6\/2024\/07\/patient-doctor-with-masks-medium-shot-e1720619750193.jpg","articleSection":["Not\u00edcias"],"inLanguage":"pt-BR"},{"@type":"WebPage","@id":"https:\/\/www.fsfx.com.br\/usisaude\/a-importancia-da-atencao-primaria-a-saude-para-a-qualidade-de-vida\/","url":"https:\/\/www.fsfx.com.br\/usisaude\/a-importancia-da-atencao-primaria-a-saude-para-a-qualidade-de-vida\/","name":"A IMPORT\u00c2NCIA DA ATEN\u00c7\u00c3O PRIM\u00c1RIA \u00c0 SA\u00daDE PARA A QUALIDADE DE VIDA - Usisa\u00fade","isPartOf":{"@id":"https:\/\/www.fsfx.com.br\/usisaude\/#website"},"primaryImageOfPage":{"@id":"https:\/\/www.fsfx.com.br\/usisaude\/a-importancia-da-atencao-primaria-a-saude-para-a-qualidade-de-vida\/#primaryimage"},"image":{"@id":"https:\/\/www.fsfx.com.br\/usisaude\/a-importancia-da-atencao-primaria-a-saude-para-a-qualidade-de-vida\/#primaryimage"},"thumbnailUrl":"https:\/\/www.fsfx.com.br\/usisaude\/wp-content\/uploads\/sites\/6\/2024\/07\/patient-doctor-with-masks-medium-shot-e1720619750193.jpg","datePublished":"2024-07-10T13:56:33+00:00","dateModified":"2024-09-12T18:06:56+00:00","breadcrumb":{"@id":"https:\/\/www.fsfx.com.br\/usisaude\/a-importancia-da-atencao-primaria-a-saude-para-a-qualidade-de-vida\/#breadcrumb"},"inLanguage":"pt-BR","potentialAction":[{"@type":"ReadAction","target":["https:\/\/www.fsfx.com.br\/usisaude\/a-importancia-da-atencao-primaria-a-saude-para-a-qualidade-de-vida\/"]}]},{"@type":"ImageObject","inLanguage":"pt-BR","@id":"https:\/\/www.fsfx.com.br\/usisaude\/a-importancia-da-atencao-primaria-a-saude-para-a-qualidade-de-vida\/#primaryimage","url":"https:\/\/www.fsfx.com.br\/usisaude\/wp-content\/uploads\/sites\/6\/2024\/07\/patient-doctor-with-masks-medium-shot-e1720619750193.jpg","contentUrl":"https:\/\/www.fsfx.com.br\/usisaude\/wp-content\/uploads\/sites\/6\/2024\/07\/patient-doctor-with-masks-medium-shot-e1720619750193.jpg","width":1283,"height":870},{"@type":"BreadcrumbList","@id":"https:\/\/www.fsfx.com.br\/usisaude\/a-importancia-da-atencao-primaria-a-saude-para-a-qualidade-de-vida\/#breadcrumb","itemListElement":[{"@type":"ListItem","position":1,"name":"In\u00edcio","item":"https:\/\/www.fsfx.com.br\/usisaude\/"},{"@type":"ListItem","position":2,"name":"A IMPORT\u00c2NCIA DA ATEN\u00c7\u00c3O PRIM\u00c1RIA \u00c0 SA\u00daDE PARA A QUALIDADE DE VIDA"}]},{"@type":"WebSite","@id":"https:\/\/www.fsfx.com.br\/usisaude\/#website","url":"https:\/\/www.fsfx.com.br\/usisaude\/","name":"Usisa\u00fade","description":"Somos a Usisa\u00fade, uma operadora de planos de sa\u00fade da Funda\u00e7\u00e3o S\u00e3o Francisco Xavier (FSFX), a maior em modalidade filantr\u00f3pica do pa\u00eds.","publisher":{"@id":"https:\/\/www.fsfx.com.br\/usisaude\/#organization"},"potentialAction":[{"@type":"SearchAction","target":{"@type":"EntryPoint","urlTemplate":"https:\/\/www.fsfx.com.br\/usisaude\/?s={search_term_string}"},"query-input":{"@type":"PropertyValueSpecification","valueRequired":true,"valueName":"search_term_string"}}],"inLanguage":"pt-BR"},{"@type":"Organization","@id":"https:\/\/www.fsfx.com.br\/usisaude\/#organization","name":"Usisa\u00fade","url":"https:\/\/www.fsfx.com.br\/usisaude\/","logo":{"@type":"ImageObject","inLanguage":"pt-BR","@id":"https:\/\/www.fsfx.com.br\/usisaude\/#\/schema\/logo\/image\/","url":"https:\/\/www.fsfx.com.br\/usisaude\/wp-content\/uploads\/sites\/6\/2022\/03\/logo-ususaude-1.svg","contentUrl":"https:\/\/www.fsfx.com.br\/usisaude\/wp-content\/uploads\/sites\/6\/2022\/03\/logo-ususaude-1.svg","width":445,"height":196,"caption":"Usisa\u00fade"},"image":{"@id":"https:\/\/www.fsfx.com.br\/usisaude\/#\/schema\/logo\/image\/"}},{"@type":"Person","@id":"https:\/\/www.fsfx.com.br\/usisaude\/#\/schema\/person\/d46cee395ff1ef2247744b6e060266ba","name":"icarofernandes","image":{"@type":"ImageObject","inLanguage":"pt-BR","@id":"https:\/\/www.fsfx.com.br\/usisaude\/#\/schema\/person\/image\/","url":"https:\/\/secure.gravatar.com\/avatar\/aa556fedd7e8260612007891571e286302be220dc0edb2a002b65dbe876644e2?s=96&d=mm&r=g","contentUrl":"https:\/\/secure.gravatar.com\/avatar\/aa556fedd7e8260612007891571e286302be220dc0edb2a002b65dbe876644e2?s=96&d=mm&r=g","caption":"icarofernandes"},"url":"https:\/\/www.fsfx.com.br\/usisaude\/author\/icarofernandes\/"}]}},"_links":{"self":[{"href":"https:\/\/www.fsfx.com.br\/usisaude\/wp-json\/wp\/v2\/posts\/10420","targetHints":{"allow":["GET"]}}],"collection":[{"href":"https:\/\/www.fsfx.com.br\/usisaude\/wp-json\/wp\/v2\/posts"}],"about":[{"href":"https:\/\/www.fsfx.com.br\/usisaude\/wp-json\/wp\/v2\/types\/post"}],"author":[{"embeddable":true,"href":"https:\/\/www.fsfx.com.br\/usisaude\/wp-json\/wp\/v2\/users\/23"}],"replies":[{"embeddable":true,"href":"https:\/\/www.fsfx.com.br\/usisaude\/wp-json\/wp\/v2\/comments?post=10420"}],"version-history":[{"count":1,"href":"https:\/\/www.fsfx.com.br\/usisaude\/wp-json\/wp\/v2\/posts\/10420\/revisions"}],"predecessor-version":[{"id":10422,"href":"https:\/\/www.fsfx.com.br\/usisaude\/wp-json\/wp\/v2\/posts\/10420\/revisions\/10422"}],"wp:featuredmedia":[{"embeddable":true,"href":"https:\/\/www.fsfx.com.br\/usisaude\/wp-json\/wp\/v2\/media\/10421"}],"wp:attachment":[{"href":"https:\/\/www.fsfx.com.br\/usisaude\/wp-json\/wp\/v2\/media?parent=10420"}],"wp:term":[{"taxonomy":"category","embeddable":true,"href":"https:\/\/www.fsfx.com.br\/usisaude\/wp-json\/wp\/v2\/categories?post=10420"},{"taxonomy":"post_tag","embeddable":true,"href":"https:\/\/www.fsfx.com.br\/usisaude\/wp-json\/wp\/v2\/tags?post=10420"}],"curies":[{"name":"wp","href":"https:\/\/api.w.org\/{rel}","templated":true}]}}