{"id":10689,"date":"2024-09-10T08:36:21","date_gmt":"2024-09-10T11:36:21","guid":{"rendered":"https:\/\/www.fsfx.com.br\/usisaude\/?p=10689"},"modified":"2024-09-10T08:36:21","modified_gmt":"2024-09-10T11:36:21","slug":"setembro-amarelo-especialistas-dao-dicas-de-como-manter-o-bem-estar-emocional","status":"publish","type":"post","link":"https:\/\/www.fsfx.com.br\/usisaude\/setembro-amarelo-especialistas-dao-dicas-de-como-manter-o-bem-estar-emocional\/","title":{"rendered":"Setembro amarelo: especialistas d\u00e3o dicas de como manter o bem-estar emocional"},"content":{"rendered":"<p>O Setembro Amarelo \u00e9 um momento crucial para promover a conscientiza\u00e7\u00e3o sobre a import\u00e2ncia dos cuidados com a sa\u00fade mental. A campanha oferece \u00e0 sociedade a oportunidade de discutir, com mais abertura, quest\u00f5es relacionadas ao bem-estar emocional e psicol\u00f3gico.<\/p>\n<p>Mesmo com a mudan\u00e7a entre gera\u00e7\u00f5es, o psiquiatra da Funda\u00e7\u00e3o S\u00e3o Francisco Xavier (FSFX), Dr. Arthur Guilherme Lobato de Castro, explica que, muitas vezes, falar sobre essas quest\u00f5es pode parecer dif\u00edcil, mas a campanha do Setembro Amarelo \u00e9 um convite para refletir sobre como prevenir o adoecimento mental e incentivar a busca por ajuda antes que as complica\u00e7\u00f5es tornem-se mais graves. \u201cEssa \u00e9 uma a\u00e7\u00e3o que precisa ser cont\u00ednua, n\u00e3o apenas durante o m\u00eas de setembro, mas ao longo de todo o ano, para que possamos promover mais sa\u00fade e qualidade de vida para a popula\u00e7\u00e3o\u201d, afirma o psiquiatra.<\/p>\n<figure id=\"attachment_18837\" aria-describedby=\"caption-attachment-18837\" style=\"width: 600px\" class=\"wp-caption alignleft\"><img fetchpriority=\"high\" decoding=\"async\" class=\"wp-image-18837\" src=\"https:\/\/www.fsfx.com.br\/wp-content\/uploads\/2024\/09\/Sergio-e-Arthur-Foto-Igor-Reis-300x225.jpg\" alt=\"\" width=\"600\" height=\"450\" \/><figcaption id=\"caption-attachment-18837\" class=\"wp-caption-text\">S\u00e9rgio e Arthur &#8211; Foto Igor Reis<\/figcaption><\/figure>\n<p>De acordo com o psic\u00f3logo da equipe multiprofissional do Hospital M\u00e1rcio Cunha, S\u00e9rgio Siqueira, acredita-se que o adoecimento mental est\u00e1 diretamente associado \u00e0 tristeza profunda, mas os sintomas podem ser variados. &#8220;A pessoa pode apresentar irritabilidade, falta de prazer em atividades antes apreciadas, cansa\u00e7o extremo, dificuldade de concentra\u00e7\u00e3o, mudan\u00e7as bruscas de comportamento, isolamento social e dificuldades nas intera\u00e7\u00f5es cotidianas. Nesses momentos, o apoio de amigos e familiares \u00e9 essencial, assim como a busca por orienta\u00e7\u00e3o profissional. Mostrar empatia, estar presente e encorajar a pessoa a procurar ajuda s\u00e3o atitudes simples, mas que fazem toda a diferen\u00e7a&#8221;, comenta S\u00e9rgio.<\/p>\n<p>Al\u00e9m disso, o psiquiatra Dr. Arthur Castro refor\u00e7a a import\u00e2ncia da rede de apoio para quem est\u00e1 enfrentando desafios relacionados \u00e0 sa\u00fade mental. \u201cMuitas vezes, a ajuda profissional combinada ao suporte emocional oferecido pela fam\u00edlia e amigos \u00e9 fundamental para que o paciente recupere o equil\u00edbrio e a qualidade de vida. A sa\u00fade mental deve ser vista como parte integrante da sa\u00fade geral, e \u00e9 necess\u00e1rio cuidar dela com a mesma aten\u00e7\u00e3o que se dedica ao bem-estar f\u00edsico\u201d, refor\u00e7a o psiquiatra.<\/p>\n<p>\u00c9 importante, segundo S\u00e9rgio, que a sociedade compreenda que as complica\u00e7\u00f5es de risco e o adoecimento mental n\u00e3o se restringem a um \u00fanico sintoma ou estado emocional, e que \u00e9 importante a conscientiza\u00e7\u00e3o quanto a conversa sobre o assunto e a busca da ajuda profissional quando sentirem sobrecarregados.<\/p>\n<p>Outras dicas deixadas pelos especialistas s\u00e3o a pr\u00e1tica regular de atividades f\u00edsicas, as t\u00e9cnicas de relaxamento e o cultivo de rela\u00e7\u00f5es sociais saud\u00e1veis que, segundo eles, tamb\u00e9m s\u00e3o estrat\u00e9gias essenciais para manter uma boa sa\u00fade mental e prevenir o adoecimento.<\/p>\n<p><strong>Entenda o papel do psiquiatra e do psic\u00f3logo<\/strong><\/p>\n<p>O cuidado com a sa\u00fade mental envolve uma aten\u00e7\u00e3o especial tanto aos aspectos biol\u00f3gicos quanto emocionais. O m\u00e9dico Dr. Arthur Castro destaca a import\u00e2ncia do acompanhamento profissional para identificar e tratar eventuais transtornos que possam prejudicar o bem-estar do indiv\u00edduo. \u201cO psiquiatra atua na regula\u00e7\u00e3o dos processos biol\u00f3gicos, como o controle de impulsos e o equil\u00edbrio do humor, atrav\u00e9s de interven\u00e7\u00f5es terap\u00eauticas e medicamentosas, quando necess\u00e1rio. J\u00e1 o psic\u00f3logo, por sua vez, trabalha para identificar os fatores emocionais e comportamentais que afetam a pessoa, ajudando-a a desenvolver formas saud\u00e1veis de lidar com suas emo\u00e7\u00f5es e desafios do cotidiano\u201d, explica Arthur.<\/p>\n<p>De acordo com o psic\u00f3logo S\u00e9rgio Siqueira, a psicoterapia \u00e9 um espa\u00e7o seguro para que o paciente possa ampliar seu repert\u00f3rio emocional e desenvolver habilidades como autoestima, resili\u00eancia e bem-estar. \u201cNosso objetivo, enquanto psic\u00f3logos, \u00e9 auxiliar o paciente a encontrar o equil\u00edbrio emocional e a viver de forma mais plena, promovendo o desenvolvimento de recursos internos que o ajudem a enfrentar as dificuldades com mais leveza\u201d, conta.<\/p>\n<p>O trabalho em conjunto entre psiquiatras e psic\u00f3logos \u00e9 uma das chaves para o sucesso no cuidado com a sa\u00fade mental. Segundo S\u00e9rgio, essa parceria proporciona um tratamento mais completo e eficaz, garantindo que o paciente tenha o suporte necess\u00e1rio tanto no campo biol\u00f3gico quanto no emocional. &#8220;Ao caminhar de m\u00e3os dadas, psic\u00f3logos e psiquiatras conseguem oferecer um tratamento mais ativo e sistematizado, que visa recuperar a autonomia e o bem-estar do paciente&#8221;, ressalta.<\/p>\n<p>O Setembro Amarelo \u00e9, portanto, uma oportunidade para nos conscientizarmos sobre a import\u00e2ncia de cuidar da mente e das emo\u00e7\u00f5es. Mais do que nunca, \u00e9 preciso cultivar h\u00e1bitos saud\u00e1veis, buscar equil\u00edbrio em todas as esferas da vida e, acima de tudo, lembrar que buscar ajuda \u00e9 um ato de coragem e de amor-pr\u00f3prio. Ao promover o cuidado com a sa\u00fade mental, estamos fortalecendo a capacidade de enfrentar os desafios do dia a dia com mais leveza e garantindo uma vida mais plena e saud\u00e1vel.<\/p>\n","protected":false},"excerpt":{"rendered":"<p>O Setembro Amarelo \u00e9 um momento crucial para promover a conscientiza\u00e7\u00e3o sobre a import\u00e2ncia dos cuidados com a sa\u00fade mental. A campanha oferece \u00e0 sociedade a oportunidade de discutir, com mais abertura, quest\u00f5es relacionadas ao bem-estar emocional e psicol\u00f3gico. Mesmo com a mudan\u00e7a entre gera\u00e7\u00f5es, o psiquiatra da Funda\u00e7\u00e3o S\u00e3o Francisco Xavier (FSFX), Dr. Arthur [&hellip;]<\/p>\n","protected":false},"author":6,"featured_media":10690,"comment_status":"closed","ping_status":"closed","sticky":false,"template":"","format":"standard","meta":{"_acf_changed":false,"site-sidebar-layout":"default","site-content-layout":"","ast-site-content-layout":"default","site-content-style":"default","site-sidebar-style":"default","ast-global-header-display":"","ast-banner-title-visibility":"","ast-main-header-display":"","ast-hfb-above-header-display":"","ast-hfb-below-header-display":"","ast-hfb-mobile-header-display":"","site-post-title":"","ast-breadcrumbs-content":"","ast-featured-img":"","footer-sml-layout":"","theme-transparent-header-meta":"","adv-header-id-meta":"","stick-header-meta":"","header-above-stick-meta":"","header-main-stick-meta":"","header-below-stick-meta":"","astra-migrate-meta-layouts":"default","ast-page-background-enabled":"default","ast-page-background-meta":{"desktop":{"background-color":"var(--ast-global-color-4)","background-image":"","background-repeat":"repeat","background-position":"center center","background-size":"auto","background-attachment":"scroll","background-type":"","background-media":"","overlay-type":"","overlay-color":"","overlay-opacity":"","overlay-gradient":""},"tablet":{"background-color":"","background-image":"","background-repeat":"repeat","background-position":"center center","background-size":"auto","background-attachment":"scroll","background-type":"","background-media":"","overlay-type":"","overlay-color":"","overlay-opacity":"","overlay-gradient":""},"mobile":{"background-color":"","background-image":"","background-repeat":"repeat","background-position":"center center","background-size":"auto","background-attachment":"scroll","background-type":"","background-media":"","overlay-type":"","overlay-color":"","overlay-opacity":"","overlay-gradient":""}},"ast-content-background-meta":{"desktop":{"background-color":"var(--ast-global-color-5)","background-image":"","background-repeat":"repeat","background-position":"center center","background-size":"auto","background-attachment":"scroll","background-type":"","background-media":"","overlay-type":"","overlay-color":"","overlay-opacity":"","overlay-gradient":""},"tablet":{"background-color":"var(--ast-global-color-5)","background-image":"","background-repeat":"repeat","background-position":"center center","background-size":"auto","background-attachment":"scroll","background-type":"","background-media":"","overlay-type":"","overlay-color":"","overlay-opacity":"","overlay-gradient":""},"mobile":{"background-color":"var(--ast-global-color-5)","background-image":"","background-repeat":"repeat","background-position":"center center","background-size":"auto","background-attachment":"scroll","background-type":"","background-media":"","overlay-type":"","overlay-color":"","overlay-opacity":"","overlay-gradient":""}},"footnotes":""},"categories":[1],"tags":[],"class_list":["post-10689","post","type-post","status-publish","format-standard","has-post-thumbnail","hentry","category-noticias"],"acf":[],"yoast_head":"<!-- This site is optimized with the Yoast SEO plugin v26.9 - https:\/\/yoast.com\/product\/yoast-seo-wordpress\/ -->\n<title>Setembro amarelo: especialistas d\u00e3o dicas de como manter o bem-estar emocional - Usisa\u00fade<\/title>\n<meta name=\"robots\" content=\"index, follow, max-snippet:-1, max-image-preview:large, max-video-preview:-1\" \/>\n<link rel=\"canonical\" href=\"https:\/\/www.fsfx.com.br\/usisaude\/setembro-amarelo-especialistas-dao-dicas-de-como-manter-o-bem-estar-emocional\/\" \/>\n<meta property=\"og:locale\" content=\"pt_BR\" \/>\n<meta property=\"og:type\" content=\"article\" \/>\n<meta property=\"og:title\" content=\"Setembro amarelo: especialistas d\u00e3o dicas de como manter o bem-estar emocional - Usisa\u00fade\" \/>\n<meta property=\"og:description\" content=\"O Setembro Amarelo \u00e9 um momento crucial para promover a conscientiza\u00e7\u00e3o sobre a import\u00e2ncia dos cuidados com a sa\u00fade mental. A campanha oferece \u00e0 sociedade a oportunidade de discutir, com mais abertura, quest\u00f5es relacionadas ao bem-estar emocional e psicol\u00f3gico. Mesmo com a mudan\u00e7a entre gera\u00e7\u00f5es, o psiquiatra da Funda\u00e7\u00e3o S\u00e3o Francisco Xavier (FSFX), Dr. Arthur [&hellip;]\" \/>\n<meta property=\"og:url\" content=\"https:\/\/www.fsfx.com.br\/usisaude\/setembro-amarelo-especialistas-dao-dicas-de-como-manter-o-bem-estar-emocional\/\" \/>\n<meta property=\"og:site_name\" content=\"Usisa\u00fade\" \/>\n<meta property=\"article:published_time\" content=\"2024-09-10T11:36:21+00:00\" \/>\n<meta property=\"og:image\" content=\"https:\/\/www.fsfx.com.br\/usisaude\/wp-content\/uploads\/sites\/6\/2024\/09\/Sergio-e-Arthur-Foto-Igor-Reis.jpg\" \/>\n\t<meta property=\"og:image:width\" content=\"1920\" \/>\n\t<meta property=\"og:image:height\" content=\"1440\" \/>\n\t<meta property=\"og:image:type\" content=\"image\/jpeg\" \/>\n<meta name=\"author\" content=\"C\u00e1ssio Santana\" \/>\n<meta name=\"twitter:card\" content=\"summary_large_image\" \/>\n<meta name=\"twitter:label1\" content=\"Escrito por\" \/>\n\t<meta name=\"twitter:data1\" content=\"C\u00e1ssio Santana\" \/>\n\t<meta name=\"twitter:label2\" content=\"Est. tempo de leitura\" \/>\n\t<meta name=\"twitter:data2\" content=\"5 minutos\" \/>\n<script type=\"application\/ld+json\" class=\"yoast-schema-graph\">{\"@context\":\"https:\/\/schema.org\",\"@graph\":[{\"@type\":\"Article\",\"@id\":\"https:\/\/www.fsfx.com.br\/usisaude\/setembro-amarelo-especialistas-dao-dicas-de-como-manter-o-bem-estar-emocional\/#article\",\"isPartOf\":{\"@id\":\"https:\/\/www.fsfx.com.br\/usisaude\/setembro-amarelo-especialistas-dao-dicas-de-como-manter-o-bem-estar-emocional\/\"},\"author\":{\"name\":\"C\u00e1ssio Santana\",\"@id\":\"https:\/\/www.fsfx.com.br\/usisaude\/#\/schema\/person\/6bf2cced2b7a5d5d78f5610fc8f52504\"},\"headline\":\"Setembro amarelo: especialistas d\u00e3o dicas de como manter o bem-estar emocional\",\"datePublished\":\"2024-09-10T11:36:21+00:00\",\"mainEntityOfPage\":{\"@id\":\"https:\/\/www.fsfx.com.br\/usisaude\/setembro-amarelo-especialistas-dao-dicas-de-como-manter-o-bem-estar-emocional\/\"},\"wordCount\":842,\"publisher\":{\"@id\":\"https:\/\/www.fsfx.com.br\/usisaude\/#organization\"},\"image\":{\"@id\":\"https:\/\/www.fsfx.com.br\/usisaude\/setembro-amarelo-especialistas-dao-dicas-de-como-manter-o-bem-estar-emocional\/#primaryimage\"},\"thumbnailUrl\":\"https:\/\/www.fsfx.com.br\/usisaude\/wp-content\/uploads\/sites\/6\/2024\/09\/Sergio-e-Arthur-Foto-Igor-Reis.jpg\",\"articleSection\":[\"Not\u00edcias\"],\"inLanguage\":\"pt-BR\"},{\"@type\":\"WebPage\",\"@id\":\"https:\/\/www.fsfx.com.br\/usisaude\/setembro-amarelo-especialistas-dao-dicas-de-como-manter-o-bem-estar-emocional\/\",\"url\":\"https:\/\/www.fsfx.com.br\/usisaude\/setembro-amarelo-especialistas-dao-dicas-de-como-manter-o-bem-estar-emocional\/\",\"name\":\"Setembro amarelo: especialistas d\u00e3o dicas de como manter o bem-estar emocional - Usisa\u00fade\",\"isPartOf\":{\"@id\":\"https:\/\/www.fsfx.com.br\/usisaude\/#website\"},\"primaryImageOfPage\":{\"@id\":\"https:\/\/www.fsfx.com.br\/usisaude\/setembro-amarelo-especialistas-dao-dicas-de-como-manter-o-bem-estar-emocional\/#primaryimage\"},\"image\":{\"@id\":\"https:\/\/www.fsfx.com.br\/usisaude\/setembro-amarelo-especialistas-dao-dicas-de-como-manter-o-bem-estar-emocional\/#primaryimage\"},\"thumbnailUrl\":\"https:\/\/www.fsfx.com.br\/usisaude\/wp-content\/uploads\/sites\/6\/2024\/09\/Sergio-e-Arthur-Foto-Igor-Reis.jpg\",\"datePublished\":\"2024-09-10T11:36:21+00:00\",\"breadcrumb\":{\"@id\":\"https:\/\/www.fsfx.com.br\/usisaude\/setembro-amarelo-especialistas-dao-dicas-de-como-manter-o-bem-estar-emocional\/#breadcrumb\"},\"inLanguage\":\"pt-BR\",\"potentialAction\":[{\"@type\":\"ReadAction\",\"target\":[\"https:\/\/www.fsfx.com.br\/usisaude\/setembro-amarelo-especialistas-dao-dicas-de-como-manter-o-bem-estar-emocional\/\"]}]},{\"@type\":\"ImageObject\",\"inLanguage\":\"pt-BR\",\"@id\":\"https:\/\/www.fsfx.com.br\/usisaude\/setembro-amarelo-especialistas-dao-dicas-de-como-manter-o-bem-estar-emocional\/#primaryimage\",\"url\":\"https:\/\/www.fsfx.com.br\/usisaude\/wp-content\/uploads\/sites\/6\/2024\/09\/Sergio-e-Arthur-Foto-Igor-Reis.jpg\",\"contentUrl\":\"https:\/\/www.fsfx.com.br\/usisaude\/wp-content\/uploads\/sites\/6\/2024\/09\/Sergio-e-Arthur-Foto-Igor-Reis.jpg\",\"width\":1920,\"height\":1440},{\"@type\":\"BreadcrumbList\",\"@id\":\"https:\/\/www.fsfx.com.br\/usisaude\/setembro-amarelo-especialistas-dao-dicas-de-como-manter-o-bem-estar-emocional\/#breadcrumb\",\"itemListElement\":[{\"@type\":\"ListItem\",\"position\":1,\"name\":\"In\u00edcio\",\"item\":\"https:\/\/www.fsfx.com.br\/usisaude\/\"},{\"@type\":\"ListItem\",\"position\":2,\"name\":\"Setembro amarelo: especialistas d\u00e3o dicas de como manter o bem-estar emocional\"}]},{\"@type\":\"WebSite\",\"@id\":\"https:\/\/www.fsfx.com.br\/usisaude\/#website\",\"url\":\"https:\/\/www.fsfx.com.br\/usisaude\/\",\"name\":\"Usisa\u00fade\",\"description\":\"Somos a Usisa\u00fade, uma operadora de planos de sa\u00fade da Funda\u00e7\u00e3o S\u00e3o Francisco Xavier (FSFX), a maior em modalidade filantr\u00f3pica do pa\u00eds.\",\"publisher\":{\"@id\":\"https:\/\/www.fsfx.com.br\/usisaude\/#organization\"},\"potentialAction\":[{\"@type\":\"SearchAction\",\"target\":{\"@type\":\"EntryPoint\",\"urlTemplate\":\"https:\/\/www.fsfx.com.br\/usisaude\/?s={search_term_string}\"},\"query-input\":{\"@type\":\"PropertyValueSpecification\",\"valueRequired\":true,\"valueName\":\"search_term_string\"}}],\"inLanguage\":\"pt-BR\"},{\"@type\":\"Organization\",\"@id\":\"https:\/\/www.fsfx.com.br\/usisaude\/#organization\",\"name\":\"Usisa\u00fade\",\"url\":\"https:\/\/www.fsfx.com.br\/usisaude\/\",\"logo\":{\"@type\":\"ImageObject\",\"inLanguage\":\"pt-BR\",\"@id\":\"https:\/\/www.fsfx.com.br\/usisaude\/#\/schema\/logo\/image\/\",\"url\":\"https:\/\/www.fsfx.com.br\/usisaude\/wp-content\/uploads\/sites\/6\/2022\/03\/logo-ususaude-1.svg\",\"contentUrl\":\"https:\/\/www.fsfx.com.br\/usisaude\/wp-content\/uploads\/sites\/6\/2022\/03\/logo-ususaude-1.svg\",\"width\":445,\"height\":196,\"caption\":\"Usisa\u00fade\"},\"image\":{\"@id\":\"https:\/\/www.fsfx.com.br\/usisaude\/#\/schema\/logo\/image\/\"}},{\"@type\":\"Person\",\"@id\":\"https:\/\/www.fsfx.com.br\/usisaude\/#\/schema\/person\/6bf2cced2b7a5d5d78f5610fc8f52504\",\"name\":\"C\u00e1ssio Santana\",\"image\":{\"@type\":\"ImageObject\",\"inLanguage\":\"pt-BR\",\"@id\":\"https:\/\/www.fsfx.com.br\/usisaude\/#\/schema\/person\/image\/\",\"url\":\"https:\/\/secure.gravatar.com\/avatar\/ef79739de3edd2f5c2e7c4930b0808c62af99fc5520eaadc7899948f8bc6d2e1?s=96&d=mm&r=g\",\"contentUrl\":\"https:\/\/secure.gravatar.com\/avatar\/ef79739de3edd2f5c2e7c4930b0808c62af99fc5520eaadc7899948f8bc6d2e1?s=96&d=mm&r=g\",\"caption\":\"C\u00e1ssio Santana\"},\"url\":\"https:\/\/www.fsfx.com.br\/usisaude\/author\/cassio\/\"}]}<\/script>\n<!-- \/ Yoast SEO plugin. -->","yoast_head_json":{"title":"Setembro amarelo: especialistas d\u00e3o dicas de como manter o bem-estar emocional - Usisa\u00fade","robots":{"index":"index","follow":"follow","max-snippet":"max-snippet:-1","max-image-preview":"max-image-preview:large","max-video-preview":"max-video-preview:-1"},"canonical":"https:\/\/www.fsfx.com.br\/usisaude\/setembro-amarelo-especialistas-dao-dicas-de-como-manter-o-bem-estar-emocional\/","og_locale":"pt_BR","og_type":"article","og_title":"Setembro amarelo: especialistas d\u00e3o dicas de como manter o bem-estar emocional - Usisa\u00fade","og_description":"O Setembro Amarelo \u00e9 um momento crucial para promover a conscientiza\u00e7\u00e3o sobre a import\u00e2ncia dos cuidados com a sa\u00fade mental. A campanha oferece \u00e0 sociedade a oportunidade de discutir, com mais abertura, quest\u00f5es relacionadas ao bem-estar emocional e psicol\u00f3gico. Mesmo com a mudan\u00e7a entre gera\u00e7\u00f5es, o psiquiatra da Funda\u00e7\u00e3o S\u00e3o Francisco Xavier (FSFX), Dr. Arthur [&hellip;]","og_url":"https:\/\/www.fsfx.com.br\/usisaude\/setembro-amarelo-especialistas-dao-dicas-de-como-manter-o-bem-estar-emocional\/","og_site_name":"Usisa\u00fade","article_published_time":"2024-09-10T11:36:21+00:00","og_image":[{"width":1920,"height":1440,"url":"https:\/\/www.fsfx.com.br\/usisaude\/wp-content\/uploads\/sites\/6\/2024\/09\/Sergio-e-Arthur-Foto-Igor-Reis.jpg","type":"image\/jpeg"}],"author":"C\u00e1ssio Santana","twitter_card":"summary_large_image","twitter_misc":{"Escrito por":"C\u00e1ssio Santana","Est. tempo de leitura":"5 minutos"},"schema":{"@context":"https:\/\/schema.org","@graph":[{"@type":"Article","@id":"https:\/\/www.fsfx.com.br\/usisaude\/setembro-amarelo-especialistas-dao-dicas-de-como-manter-o-bem-estar-emocional\/#article","isPartOf":{"@id":"https:\/\/www.fsfx.com.br\/usisaude\/setembro-amarelo-especialistas-dao-dicas-de-como-manter-o-bem-estar-emocional\/"},"author":{"name":"C\u00e1ssio Santana","@id":"https:\/\/www.fsfx.com.br\/usisaude\/#\/schema\/person\/6bf2cced2b7a5d5d78f5610fc8f52504"},"headline":"Setembro amarelo: especialistas d\u00e3o dicas de como manter o bem-estar emocional","datePublished":"2024-09-10T11:36:21+00:00","mainEntityOfPage":{"@id":"https:\/\/www.fsfx.com.br\/usisaude\/setembro-amarelo-especialistas-dao-dicas-de-como-manter-o-bem-estar-emocional\/"},"wordCount":842,"publisher":{"@id":"https:\/\/www.fsfx.com.br\/usisaude\/#organization"},"image":{"@id":"https:\/\/www.fsfx.com.br\/usisaude\/setembro-amarelo-especialistas-dao-dicas-de-como-manter-o-bem-estar-emocional\/#primaryimage"},"thumbnailUrl":"https:\/\/www.fsfx.com.br\/usisaude\/wp-content\/uploads\/sites\/6\/2024\/09\/Sergio-e-Arthur-Foto-Igor-Reis.jpg","articleSection":["Not\u00edcias"],"inLanguage":"pt-BR"},{"@type":"WebPage","@id":"https:\/\/www.fsfx.com.br\/usisaude\/setembro-amarelo-especialistas-dao-dicas-de-como-manter-o-bem-estar-emocional\/","url":"https:\/\/www.fsfx.com.br\/usisaude\/setembro-amarelo-especialistas-dao-dicas-de-como-manter-o-bem-estar-emocional\/","name":"Setembro amarelo: especialistas d\u00e3o dicas de como manter o bem-estar emocional - Usisa\u00fade","isPartOf":{"@id":"https:\/\/www.fsfx.com.br\/usisaude\/#website"},"primaryImageOfPage":{"@id":"https:\/\/www.fsfx.com.br\/usisaude\/setembro-amarelo-especialistas-dao-dicas-de-como-manter-o-bem-estar-emocional\/#primaryimage"},"image":{"@id":"https:\/\/www.fsfx.com.br\/usisaude\/setembro-amarelo-especialistas-dao-dicas-de-como-manter-o-bem-estar-emocional\/#primaryimage"},"thumbnailUrl":"https:\/\/www.fsfx.com.br\/usisaude\/wp-content\/uploads\/sites\/6\/2024\/09\/Sergio-e-Arthur-Foto-Igor-Reis.jpg","datePublished":"2024-09-10T11:36:21+00:00","breadcrumb":{"@id":"https:\/\/www.fsfx.com.br\/usisaude\/setembro-amarelo-especialistas-dao-dicas-de-como-manter-o-bem-estar-emocional\/#breadcrumb"},"inLanguage":"pt-BR","potentialAction":[{"@type":"ReadAction","target":["https:\/\/www.fsfx.com.br\/usisaude\/setembro-amarelo-especialistas-dao-dicas-de-como-manter-o-bem-estar-emocional\/"]}]},{"@type":"ImageObject","inLanguage":"pt-BR","@id":"https:\/\/www.fsfx.com.br\/usisaude\/setembro-amarelo-especialistas-dao-dicas-de-como-manter-o-bem-estar-emocional\/#primaryimage","url":"https:\/\/www.fsfx.com.br\/usisaude\/wp-content\/uploads\/sites\/6\/2024\/09\/Sergio-e-Arthur-Foto-Igor-Reis.jpg","contentUrl":"https:\/\/www.fsfx.com.br\/usisaude\/wp-content\/uploads\/sites\/6\/2024\/09\/Sergio-e-Arthur-Foto-Igor-Reis.jpg","width":1920,"height":1440},{"@type":"BreadcrumbList","@id":"https:\/\/www.fsfx.com.br\/usisaude\/setembro-amarelo-especialistas-dao-dicas-de-como-manter-o-bem-estar-emocional\/#breadcrumb","itemListElement":[{"@type":"ListItem","position":1,"name":"In\u00edcio","item":"https:\/\/www.fsfx.com.br\/usisaude\/"},{"@type":"ListItem","position":2,"name":"Setembro amarelo: especialistas d\u00e3o dicas de como manter o bem-estar emocional"}]},{"@type":"WebSite","@id":"https:\/\/www.fsfx.com.br\/usisaude\/#website","url":"https:\/\/www.fsfx.com.br\/usisaude\/","name":"Usisa\u00fade","description":"Somos a Usisa\u00fade, uma operadora de planos de sa\u00fade da Funda\u00e7\u00e3o S\u00e3o Francisco Xavier (FSFX), a maior em modalidade filantr\u00f3pica do pa\u00eds.","publisher":{"@id":"https:\/\/www.fsfx.com.br\/usisaude\/#organization"},"potentialAction":[{"@type":"SearchAction","target":{"@type":"EntryPoint","urlTemplate":"https:\/\/www.fsfx.com.br\/usisaude\/?s={search_term_string}"},"query-input":{"@type":"PropertyValueSpecification","valueRequired":true,"valueName":"search_term_string"}}],"inLanguage":"pt-BR"},{"@type":"Organization","@id":"https:\/\/www.fsfx.com.br\/usisaude\/#organization","name":"Usisa\u00fade","url":"https:\/\/www.fsfx.com.br\/usisaude\/","logo":{"@type":"ImageObject","inLanguage":"pt-BR","@id":"https:\/\/www.fsfx.com.br\/usisaude\/#\/schema\/logo\/image\/","url":"https:\/\/www.fsfx.com.br\/usisaude\/wp-content\/uploads\/sites\/6\/2022\/03\/logo-ususaude-1.svg","contentUrl":"https:\/\/www.fsfx.com.br\/usisaude\/wp-content\/uploads\/sites\/6\/2022\/03\/logo-ususaude-1.svg","width":445,"height":196,"caption":"Usisa\u00fade"},"image":{"@id":"https:\/\/www.fsfx.com.br\/usisaude\/#\/schema\/logo\/image\/"}},{"@type":"Person","@id":"https:\/\/www.fsfx.com.br\/usisaude\/#\/schema\/person\/6bf2cced2b7a5d5d78f5610fc8f52504","name":"C\u00e1ssio Santana","image":{"@type":"ImageObject","inLanguage":"pt-BR","@id":"https:\/\/www.fsfx.com.br\/usisaude\/#\/schema\/person\/image\/","url":"https:\/\/secure.gravatar.com\/avatar\/ef79739de3edd2f5c2e7c4930b0808c62af99fc5520eaadc7899948f8bc6d2e1?s=96&d=mm&r=g","contentUrl":"https:\/\/secure.gravatar.com\/avatar\/ef79739de3edd2f5c2e7c4930b0808c62af99fc5520eaadc7899948f8bc6d2e1?s=96&d=mm&r=g","caption":"C\u00e1ssio Santana"},"url":"https:\/\/www.fsfx.com.br\/usisaude\/author\/cassio\/"}]}},"_links":{"self":[{"href":"https:\/\/www.fsfx.com.br\/usisaude\/wp-json\/wp\/v2\/posts\/10689","targetHints":{"allow":["GET"]}}],"collection":[{"href":"https:\/\/www.fsfx.com.br\/usisaude\/wp-json\/wp\/v2\/posts"}],"about":[{"href":"https:\/\/www.fsfx.com.br\/usisaude\/wp-json\/wp\/v2\/types\/post"}],"author":[{"embeddable":true,"href":"https:\/\/www.fsfx.com.br\/usisaude\/wp-json\/wp\/v2\/users\/6"}],"replies":[{"embeddable":true,"href":"https:\/\/www.fsfx.com.br\/usisaude\/wp-json\/wp\/v2\/comments?post=10689"}],"version-history":[{"count":1,"href":"https:\/\/www.fsfx.com.br\/usisaude\/wp-json\/wp\/v2\/posts\/10689\/revisions"}],"predecessor-version":[{"id":10691,"href":"https:\/\/www.fsfx.com.br\/usisaude\/wp-json\/wp\/v2\/posts\/10689\/revisions\/10691"}],"wp:featuredmedia":[{"embeddable":true,"href":"https:\/\/www.fsfx.com.br\/usisaude\/wp-json\/wp\/v2\/media\/10690"}],"wp:attachment":[{"href":"https:\/\/www.fsfx.com.br\/usisaude\/wp-json\/wp\/v2\/media?parent=10689"}],"wp:term":[{"taxonomy":"category","embeddable":true,"href":"https:\/\/www.fsfx.com.br\/usisaude\/wp-json\/wp\/v2\/categories?post=10689"},{"taxonomy":"post_tag","embeddable":true,"href":"https:\/\/www.fsfx.com.br\/usisaude\/wp-json\/wp\/v2\/tags?post=10689"}],"curies":[{"name":"wp","href":"https:\/\/api.w.org\/{rel}","templated":true}]}}